{"id":15451,"date":"2024-11-11T09:15:42","date_gmt":"2024-11-11T08:15:42","guid":{"rendered":"https:\/\/www.backwinkel.de\/blog\/?p=15451"},"modified":"2026-04-27T08:14:37","modified_gmt":"2026-04-27T06:14:37","slug":"vom-reimwort-zum-gedicht","status":"publish","type":"post","link":"https:\/\/www.backwinkel.de\/blog\/vom-reimwort-zum-gedicht\/","title":{"rendered":"Vom Reimwort zum Gedicht"},"content":{"rendered":"\n<style type=\"text\/css\" data-created_by=\"avia_inline_auto\" id=\"style-css-av-8vdv8-f7e0dae999cc49bc529a70f67b346526\">\n.flex_column.av-8vdv8-f7e0dae999cc49bc529a70f67b346526{\nborder-radius:0px 0px 0px 0px;\npadding:0px 0px 0px 0px;\n}\n<\/style>\n<div  class='flex_column av-8vdv8-f7e0dae999cc49bc529a70f67b346526 av_one_full  avia-builder-el-0  el_before_av_three_fifth  avia-builder-el-first  first flex_column_div av-zero-column-padding  '     ><p>\n<style type=\"text\/css\" data-created_by=\"avia_inline_auto\" id=\"style-css-av-jl6mo8rj-605eccf9df0dce9c3ffb6a57636da99d\">\n#top .hr.hr-invisible.av-jl6mo8rj-605eccf9df0dce9c3ffb6a57636da99d{\nmargin-top:0px;\nheight:1px;\n}\n<\/style>\n<div  class='hr av-jl6mo8rj-605eccf9df0dce9c3ffb6a57636da99d hr-invisible  avia-builder-el-1  el_before_av_heading  avia-builder-el-first '><span class='hr-inner '><span class=\"hr-inner-style\"><\/span><\/span><\/div><br \/>\n\n<style type=\"text\/css\" data-created_by=\"avia_inline_auto\" id=\"style-css-av-27gdg7-e1f3dd532bfe97e57937fda2f4290341\">\n#top .av-special-heading.av-27gdg7-e1f3dd532bfe97e57937fda2f4290341{\npadding-bottom:10px;\n}\nbody .av-special-heading.av-27gdg7-e1f3dd532bfe97e57937fda2f4290341 .av-special-heading-tag .heading-char{\nfont-size:25px;\n}\n.av-special-heading.av-27gdg7-e1f3dd532bfe97e57937fda2f4290341 .av-subheading{\nfont-size:15px;\n}\n<\/style>\n<div  class='av-special-heading av-27gdg7-e1f3dd532bfe97e57937fda2f4290341 av-special-heading-h1 blockquote modern-quote  avia-builder-el-2  el_after_av_hr  el_before_av_post_metadata  av-linked-heading'><h1 class='av-special-heading-tag '  >Vom Reimwort zum Gedicht. So entdecken Sie mit Kindern die Poesie hinter W\u00f6rtern <\/h1><div class='av-subheading av-subheading_below'><p class=\"autorenname\">Elisa Morel<\/p>\n<\/div><div class=\"special-heading-border\"><div class=\"special-heading-inner-border\"><\/div><\/div><\/div><br \/>\n\n<style type=\"text\/css\" data-created_by=\"avia_inline_auto\" id=\"style-css-av-1sszdvf-2efc51921b88c28b03ddc5a3aaaf9732\">\n#top .av-post-metadata-container.av-1sszdvf-2efc51921b88c28b03ddc5a3aaaf9732{\nfont-size:12px;\n}\n#top .av-post-metadata-container.av-1sszdvf-2efc51921b88c28b03ddc5a3aaaf9732 .av-post-metadata-container-inner{\nfont-size:12px;\n}\n<\/style>\n<div  class='av-post-metadata-container av-1sszdvf-2efc51921b88c28b03ddc5a3aaaf9732 av-metadata-container-align-left  avia-builder-el-3  el_after_av_heading  el_before_av_textblock  av-metadata-container-1'><div class='av-post-metadata-container-inner'><span class=\"av-post-metadata-content av-post-metadata-meta-content\"><span class=\"av-post-metadata-content av-post-metadata-modified\"><span class=\"av-metadata-before av-metadata-before-modified\">Aktualisiert:<\/span><span class=\"av-post-metadata-modified-date\" >27. April 2026<\/span><\/span><span class=\"av-post-metadata-content av-post-metadata-separator\">\/<\/span><span class=\"av-post-metadata-content av-post-metadata-modified\"><span class=\"av-metadata-before av-metadata-before-modified\">Zuletzt aktualisiert:<\/span><span class=\"av-post-metadata-modified-date\" >27. April 2026<\/span><\/span><\/span><\/div><\/div><br \/>\n\n<style type=\"text\/css\" data-created_by=\"avia_inline_auto\" id=\"style-css-av-jkuubohz-bbd292769511b836e32d8da8e9450d9c\">\n#top .av_textblock_section.av-jkuubohz-bbd292769511b836e32d8da8e9450d9c .avia_textblock{\nfont-size:20px;\n}\n<\/style>\n<section  class='av_textblock_section av-jkuubohz-bbd292769511b836e32d8da8e9450d9c '  ><div class='avia_textblock' ><p>Kinder lieben Reime und kennen oft schon in jungen Jahren mehr Verse auswendig als so mancher Erwachsene. Gereimtes gew\u00e4hrt einen spielerischen Zugang zu Sprache mit all ihren M\u00f6glichkeiten. Daher ist es sinnvoll, Kinder fr\u00fch zum Entdecken und Experimentieren mit Sprache einzuladen.<\/p>\n<\/div><\/section><br \/>\n\n<style type=\"text\/css\" data-created_by=\"avia_inline_auto\" id=\"style-css-av-jkuuo5h6-7c5473abbb3ebe820022daafc57e6945\">\n.avia-image-container.av-jkuuo5h6-7c5473abbb3ebe820022daafc57e6945 img.avia_image{\nbox-shadow:none;\n}\n.avia-image-container.av-jkuuo5h6-7c5473abbb3ebe820022daafc57e6945 .av-image-caption-overlay-center{\ncolor:#ffffff;\n}\n<\/style>\n<div  class='avia-image-container av-jkuuo5h6-7c5473abbb3ebe820022daafc57e6945 av-styling- avia-align-center  avia-builder-el-5  el_after_av_textblock  el_before_av_hr '  ><div class=\"avia-image-container-inner\"><div class=\"avia-image-overlay-wrap\"><img decoding=\"async\" fetchpriority=\"high\" class='wp-image-15504 avia-img-lazy-loading-not-15504 avia_image ' src=\"https:\/\/www.backwinkel.de\/blog\/wp-content\/uploads\/2024\/11\/Reimen_poesie-heroimage.jpg\" alt='' title='Reimen_poesie-heroimage'  height=\"628\" width=\"1200\"  \/><\/div><\/div><\/div><br \/>\n\n<style type=\"text\/css\" data-created_by=\"avia_inline_auto\" id=\"style-css-av-jl6mo8rj-22-7487f0754a981739ab003e89aabaa170\">\n#top .hr.hr-invisible.av-jl6mo8rj-22-7487f0754a981739ab003e89aabaa170{\nheight:5px;\n}\n<\/style>\n<div  class='hr av-jl6mo8rj-22-7487f0754a981739ab003e89aabaa170 hr-invisible  avia-builder-el-6  el_after_av_image  el_before_av_textblock '><span class='hr-inner '><span class=\"hr-inner-style\"><\/span><\/span><\/div><br \/>\n\n<style type=\"text\/css\" data-created_by=\"avia_inline_auto\" id=\"style-css-av-jl7ql86y-0004168ca5c1e8188cabe38926610bb2\">\n#top .av_textblock_section.av-jl7ql86y-0004168ca5c1e8188cabe38926610bb2 .avia_textblock{\nfont-size:10px;\n}\n<\/style>\n<section  class='av_textblock_section av-jl7ql86y-0004168ca5c1e8188cabe38926610bb2 '  ><div class='avia_textblock' ><p class=\"bildnennung-beitrag\" style=\"text-align: left;\">\u00a9 ADOBE Stock<\/p>\n<\/div><\/section><br \/>\n\n<style type=\"text\/css\" data-created_by=\"avia_inline_auto\" id=\"style-css-av-jl6mo8rj-20-0a5ac640218ac986cc09276001136948\">\n#top .hr.hr-invisible.av-jl6mo8rj-20-0a5ac640218ac986cc09276001136948{\nheight:20px;\n}\n<\/style>\n<div  class='hr av-jl6mo8rj-20-0a5ac640218ac986cc09276001136948 hr-invisible  avia-builder-el-8  el_after_av_textblock  el_before_av_textblock '><span class='hr-inner '><span class=\"hr-inner-style\"><\/span><\/span><\/div><br \/>\n<section  class='av_textblock_section av-jkuubohz-21-75c91343a207bf8690976a030a515e24 '  ><div class='avia_textblock' ><p>In diesem Beitrag erfahren Sie, was Kinder durchs Reimen lernen und wie das Dichten mit einfachen Tricks schon im Kindergarten gelingt \u2013 nicht nur, aber auch zu Weihnachten.<\/p>\n<\/div><\/section><\/p><\/div>\n<style type=\"text\/css\" data-created_by=\"avia_inline_auto\" id=\"style-css-av-swqf9-6bb490ea0cbb171c9d159bb967226129\">\n.flex_column.av-swqf9-6bb490ea0cbb171c9d159bb967226129{\nborder-radius:0px 0px 0px 0px;\npadding:20px 20px 20px 20px;\nbackground-color:#f2f2f2;\n}\n<\/style>\n<div  class='flex_column av-swqf9-6bb490ea0cbb171c9d159bb967226129 av_three_fifth  avia-builder-el-10  el_after_av_one_full  el_before_av_two_fifth  first flex_column_div  column-top-margin'     ><style type=\"text\/css\" data-created_by=\"avia_inline_auto\" id=\"style-css-av-jkuua5r2-f1beb4b164a3aefc9a751750d41d5b8e\">\n#top .av_textblock_section.av-jkuua5r2-f1beb4b164a3aefc9a751750d41d5b8e .avia_textblock{\nfont-size:14px;\n}\n<\/style>\n<section  class='av_textblock_section av-jkuua5r2-f1beb4b164a3aefc9a751750d41d5b8e '  ><div class='avia_textblock' ><p><strong>Inhalt<\/strong><\/p>\n<p><strong><a href=\"#1\">1. Der Mensch und die Dichtkunst <\/a><\/strong><\/p>\n<p><strong><a href=\"#2\">2. Reime f\u00fcr die Kleinsten <\/a><br \/>\n<\/strong>2.1. Was lernen Kinder durch Reimen?<br \/>\n2.2. Abz\u00e4hlreime und Lieder<\/p>\n<p><strong><a href=\"#3\">3. 5 Tipps f\u00fcr das gemeinsame Reimen im Kindergarten <\/a><br \/>\n<\/strong>3.1. Bekannte Verse und Reime erg\u00e4nzen und variieren<br \/>\n3.2. Ein Reime-Memory gestalten<br \/>\n3.3. Weihnachtsreime und -gedichte<\/p>\n<\/div><\/section><\/div><\/p>\n\n<style type=\"text\/css\" data-created_by=\"avia_inline_auto\" id=\"style-css-av-2532d-6e1ea05e25305745634c0a02c87dc827\">\n.flex_column.av-2532d-6e1ea05e25305745634c0a02c87dc827{\nborder-radius:0px 0px 0px 0px;\npadding:0 0 0 0;\n}\n<\/style>\n<div  class='flex_column av-2532d-6e1ea05e25305745634c0a02c87dc827 av_two_fifth  avia-builder-el-12  el_after_av_three_fifth  el_before_av_sidebar  flex_column_div av-zero-column-padding  column-top-margin'     ><\/div>\n<div  class='avia-builder-widget-area clearfix  avia-builder-el-13  el_after_av_two_fifth  el_before_av_one_full '><div id=\"text-33\" class=\"widget clearfix widget_text\">\t\t\t<div class=\"textwidget\"><p><a href=\"https:\/\/www.backwinkel.de\/nachhaltig-denken\/\" target=\"\\_blank\" rel=\"noopener\"><br \/>\n<img decoding=\"async\" class=\"werbung-desktop alignnone wp-image-4186 size-full\" src=\"https:\/\/www.backwinkel.de\/blog\/wp-content\/uploads\/2026\/04\/Backwinkel-blog-werbebanner-shop-kita-schule_desktop.jpg\" alt=\"\" width=\"1251\" height=\"201\" \/><br \/>\n<\/a><br \/>\n<a href=\"https:\/\/www.backwinkel.de\/nachhaltig-denken\/\" target=\"\\_blank\" rel=\"noopener\"><br \/>\n<img decoding=\"async\" class=\"werbung-mobile alignnone wp-image-4187 size-full\" src=\"https:\/\/www.backwinkel.de\/blog\/wp-content\/uploads\/2026\/04\/Backwinkel-blog-werbebanner-shop-kiga-schule_mobile.jpg\" alt=\"\" width=\"550\" height=\"500\" \/><br \/>\n<\/a><\/p>\n<\/div>\n\t\t<\/div><\/div>\n\n<style type=\"text\/css\" data-created_by=\"avia_inline_auto\" id=\"style-css-av-hh5al-9c53459d093ff912fcc98cf97e19d753\">\n.flex_column.av-hh5al-9c53459d093ff912fcc98cf97e19d753{\nborder-radius:0px 0px 0px 0px;\npadding:0px 0px 0px 0px;\n}\n<\/style>\n<div  class='flex_column av-hh5al-9c53459d093ff912fcc98cf97e19d753 av_one_full  avia-builder-el-14  el_after_av_sidebar  el_before_av_hr  first flex_column_div av-zero-column-padding  '     ><section  class='av_textblock_section av-jkuul0eg-c8007ced910eec869d85a4d2f40b896b '  ><div class='avia_textblock' >\n<style type=\"text\/css\" data-created_by=\"avia_inline_auto\" id=\"style-css-av-7c7r8-1ad3209b7b9ea9c60cc97e362d76ea5e\">\n#top .hr.hr-invisible.av-7c7r8-1ad3209b7b9ea9c60cc97e362d76ea5e{\nheight:20px;\n}\n<\/style>\n<div  class='hr av-7c7r8-1ad3209b7b9ea9c60cc97e362d76ea5e hr-invisible  avia-builder-el-16  avia-builder-el-no-sibling '><span class='hr-inner '><span class=\"hr-inner-style\"><\/span><\/span><\/div>\n<h2 id=\"1\" class=\"position\"><strong>Der Mensch und die Dichtkunst <\/strong><\/h2>\n<p>Schon \u00fcber 1.000 Jahre vor Christus dichteten die Menschen. Und so sehr, wie sich die Zeiten seitdem ge\u00e4ndert haben, wandelte sich auch die <strong>Lyrik<\/strong>. Doch heute wie damals erf\u00fcllen gedichtete Verse dieselben recht unterschiedlichen Zwecke: Sie vermitteln <strong>religi\u00f6se Lehren<\/strong>, dienen als <strong>Spott- oder Lobges\u00e4nge<\/strong>, erz\u00e4hlen <strong>Sagen<\/strong>, <strong>Zeitgen\u00f6ssisches<\/strong>, <strong>Historisches<\/strong> oder auch <strong>Autobiografisches<\/strong>, wollen unterhalten und bilden, schmeicheln, kritisieren oder erobern. Eben all das, was Menschen immer mit Sprache tun.<\/p>\n<p>Doch Reime haben einen besonderen Zauber. Wer nicht selbst dichtet, kann Lyrik passiv genie\u00dfen und entdeckt so <strong>Wortspiele<\/strong>, die Magie von <strong>Stilmitteln<\/strong> und die <strong>Sch\u00f6nheit von Sprache<\/strong> noch einmal auf einer anderen Ebene. Durch <strong>Metrum<\/strong> und <strong>Reimschema<\/strong> entsteht ein <strong>Rhythmus<\/strong>. Was sich reimt, ist eing\u00e4ngig. Daher finden wir Reime \u00fcberall in unserem Alltag, vom griffigen Werbeslogan bis hin zu unserer Lieblingsmusik. Denn was w\u00e4ren Helene Fischer, die Beatles, Metallica und Taylor Swift ohne ihre Reime?<\/p>\n<p>Wir alle kommen schon in fr\u00fchen Jahren mit Poesie in verschiedenen Formen in Kontakt und k\u00f6nnen ihr unser ganzes Leben nicht entgehen. Und das ist auch gut so. Denn Reimen macht Spa\u00df und schlau.<\/p>\n<\/div><\/section><\/div>\n\n<style type=\"text\/css\" data-created_by=\"avia_inline_auto\" id=\"style-css-av-jl6mo8rj-19-c6b99c38e88c4356afd3dd2078e94308\">\n#top .hr.hr-invisible.av-jl6mo8rj-19-c6b99c38e88c4356afd3dd2078e94308{\nheight:60px;\n}\n<\/style>\n<div  class='hr av-jl6mo8rj-19-c6b99c38e88c4356afd3dd2078e94308 hr-invisible  avia-builder-el-17  el_after_av_one_full  el_before_av_one_full '><span class='hr-inner '><span class=\"hr-inner-style\"><\/span><\/span><\/div>\n\n<style type=\"text\/css\" data-created_by=\"avia_inline_auto\" id=\"style-css-av-5vgein6-110eca1722cb2d5ee508fc6852af404a\">\n.flex_column.av-5vgein6-110eca1722cb2d5ee508fc6852af404a{\nborder-radius:0px 0px 0px 0px;\npadding:0px 0px 0px 0px;\n}\n<\/style>\n<div  class='flex_column av-5vgein6-110eca1722cb2d5ee508fc6852af404a av_one_full  avia-builder-el-18  el_after_av_hr  el_before_av_one_full  first flex_column_div av-zero-column-padding  '     ><section  class='av_textblock_section av-ly73056a-3b6a6b8255253c9bce52b0f4964228be '  ><div class='avia_textblock' >\n<style type=\"text\/css\" data-created_by=\"avia_inline_auto\" id=\"style-css-av-irxq5e-919e4ce30dbe918866e0082c260aa414\">\n#top .hr.hr-invisible.av-irxq5e-919e4ce30dbe918866e0082c260aa414{\nheight:20px;\n}\n<\/style>\n<div  class='hr av-irxq5e-919e4ce30dbe918866e0082c260aa414 hr-invisible  avia-builder-el-20  avia-builder-el-no-sibling '><span class='hr-inner '><span class=\"hr-inner-style\"><\/span><\/span><\/div>\n<h2 id=\"2\" class=\"position\"><strong>Reime f\u00fcr die Kleinsten <\/strong><\/h2>\n<p>Ob beim Backen, Waschen, Einschlafen oder Wickeln \u2013 bereits Babys kommen in vielen Alltagssituationen immer wieder in Kontakt mit Reimen, die ihre Eltern oder Bezugspersonen ihnen vorsprechen und -singen. Reime f\u00fcr Kinder, vor allem f\u00fcr die Kleinsten, erf\u00fcllen unterschiedliche Zwecke. Sie helfen beim <strong>Erlernen von Routinen<\/strong> wie dem Z\u00e4hneputzen, begleiten <strong>bekannte Abl\u00e4ufe<\/strong> wie das Wickeln, beruhigen und <strong>tr\u00f6sten<\/strong>, z. B. bei einer Verletzung, lenken ab oder bringen die Kinder zum Lachen oder <strong>Einschlafen<\/strong>.<\/p>\n<p>Sprachliche Mittel spielen f\u00fcr die Kleinsten bewusst kaum eine Rolle. Wichtig sind <strong>Reim<\/strong> und <strong>Rhythmus<\/strong>, beliebt auch erfundene witzige W\u00f6rter (also <strong>Lautmalerei<\/strong> und <strong>Wortneusch\u00f6pfungen<\/strong>) wie \u201edideldideld\u00e4nzchen\u201c oder einfache Spielereien mit W\u00f6rtern (\u201eMeine Mi, meine Ma, meine Mutter schickt mich her\u201c). Der Sinn der Reime ist dabei zweitrangig (\u201eHeile, heile, Mausespeck\u201c). Hauptsache, sie machen Freude.<\/p>\n<p>Der Fundus aus dem <strong>Volksmund<\/strong> ist riesig, und auch moderne Reime findet man online in rauen Mengen. Dementsprechend kann man f\u00fcr jeden Anlass auf eine gro\u00dfe bekannte Auswahl zur\u00fcckgreifen und muss nicht unbedingt selbst zum Dichter werden.<\/p>\n<p><strong>Was lernen Kinder durch Reimen? <\/strong><\/p>\n<p>Durch Reimen und Dichten lernen Kinder eine ganze Menge, z. B.:<\/p>\n<ul>\n<li>Kreativit\u00e4t und Fantasie<\/li>\n<li>neue W\u00f6rter<\/li>\n<li>Rhythmus<\/li>\n<li>sprachliches Ausdrucksverm\u00f6gen<\/li>\n<li>Merkf\u00e4higkeit<\/li>\n<li>phonologisches Bewusstsein<\/li>\n<\/ul>\n<p>Gerade der letzte Punkt ist wichtig: Wer <strong>phonologisches Bewusstsein<\/strong> besitzt, hat es i. d. R. auch leichter, fehlerfrei zu sprechen und zu schreiben. Anlaute und Reimw\u00f6rter zu erkennen, f\u00e4llt beispielsweise Kindern mit <strong>Legasthenie<\/strong> schwer. Somit ist es eine gute \u00dcbung, sich schon fr\u00fch mit Reimw\u00f6rtern zu befassen, um die <strong>Wahrnehmung<\/strong> zu schulen.<\/p>\n<p>Und vielleicht das Beste am Reimen ist, dass es Spa\u00df macht \u2013 wie immer eine tolle Voraussetzung, um sich gern mit einer Sache zu besch\u00e4ftigen.<\/p>\n<p><strong>Abz\u00e4hlreime und Lieder <\/strong><\/p>\n<p>Sie selbst kennen wahrscheinlich hunderte Abz\u00e4hlreime sowie Lieder und wissen, wie sehr Kinder Gereimtes und Gesungenes lieben. Daher sind Reime und Lieder <strong>fester Bestandteil des Kita-Alltags<\/strong>, und die Kinder kennen oft schon viele Reime (teilweise) auswendig.<\/p>\n<p>Viele Abz\u00e4hlreime und Lieder erleichtern das <strong>Auswendiglernen<\/strong> zudem durch bestimmte <strong>Gesten<\/strong>, die den Inhalt unterstreichen. Das sind tolle <strong>Eselsbr\u00fccken<\/strong>, und auch die Reimw\u00f6rter am Versende bleiben gut im Ged\u00e4chtnis.<\/p>\n<p>Das Klatschen im Takt ist eine gute M\u00f6glichkeit, ein Gef\u00fchl f\u00fcr Rhythmus und Metrum zu entwickeln. Entdecken Sie dazu in unserem Onlineshop auch die <a href=\"https:\/\/www.backwinkel.de\/prod\/musik-kiste-fuer-den-kindergarten.html\" target=\"_blank\" rel=\"noopener\">Musik-Kiste f\u00fcr den Kindergarten<\/a>, mit Instrumenten sowie einer CD samt Textbuch mit 200 beliebten Kinderliedern.<\/p>\n<p>Nat\u00fcrlich gibt es allgemein viele Lieder, Gedichte und Verse, in denen das Metrum ein wenig holpert, aber eben auch genug, bei denen es harmonisch ist; ein stimmiges Metrum unterst\u00fctzt besser beim Finden de Reime, Aufsagen und Merken.<\/p>\n<\/div><\/section><\/div>\n\n<style type=\"text\/css\" data-created_by=\"avia_inline_auto\" id=\"style-css-av-j3d9o9-f5933900d4e4cdf6123959d8f43991aa\">\n.flex_column.av-j3d9o9-f5933900d4e4cdf6123959d8f43991aa{\nborder-radius:0px 0px 0px 0px;\npadding:0px 0px 0px 0px;\n}\n<\/style>\n<div  class='flex_column av-j3d9o9-f5933900d4e4cdf6123959d8f43991aa av_one_full  avia-builder-el-21  el_after_av_one_full  el_before_av_one_full  first flex_column_div av-zero-column-padding  column-top-margin'     ><section  class='av_textblock_section av-m23b3naj-abbc6fd0c3a6b1a559c36f364d460b1c '  ><div class='avia_textblock infoboxGreen' ><p><strong>METRUM<\/strong><\/p>\n<p>Das Metrum ist eine Bezeichnung f\u00fcr die Abfolge betonter und unbetonter Silben in Gedichten. Die folgenden vier Metren sind die h\u00e4ufigsten, doch die meisten Gedichte weisen den Jambus oder Troch\u00e4us auf.<\/p>\n<p><strong>Jambus<\/strong>: unbetont, BETONT<\/p>\n<p>Beispiel: Ich GEH im URwald F\u00dcR mich HIN \u2013 \/ wie SCH\u00d6N, dass ICH im URwald BIN.<\/p>\n<p>(aus \u201eUrlaub im Urwald\u201c von Heinz Erhardt)<\/p>\n<p><strong>Troch\u00e4us<\/strong>: BETONT, unbetont<\/p>\n<p>Beispiel: BUB und SPINne, BUB und SPINne \/ GINgen IN den WALD<\/p>\n<p>(aus \u201eBub und Spinne gingen in den Wald\u201c, Volkslied von einem unbekannten Verfasser)<\/p>\n<p><strong>Daktylus<\/strong>: BETONT, unbetont, unbetont<\/p>\n<p>Beispiel: FREUe dich, CHRISTkind kommt bald<\/p>\n<p>(aus \u201eWintergru\u00df\u201c von Eduard Ebel; heute besser bekannt als \u201eLeise rieselt der Schnee\u201c)<\/p>\n<p><strong>Anap\u00e4st<\/strong>: unbetont, unbetont, BETONT<\/p>\n<p>Beispiel: Und voll MISStrauen GEgen den EIgenen SOHN<\/p>\n<p>(aus \u201eHerr von Ribbeck auf Ribbeck im Havelland\u201c von Theodor Fontane)<\/p>\n<p>Innerhalb einzelner Lieder oder Gedichte ist nicht immer durchg\u00e4ngig dasselbe Metrum vorhanden. Trotzdem wirken sie i. d. R. harmonisch. Wirklich holprige Reime finden sich vor allem aus der Feder von Hobbydichtern, z. B. als gereimte Gl\u00fcckw\u00fcnsche (\u201eZu deinem Wiegenfeste \/ w\u00fcnschen wir dir nur das Allerbeste\u201c). F\u00fcr den Rhythmus ist schon viel gewonnen, wenn die Silbenanzahl der gereimten Verse halbwegs \u00fcbereinstimmt.<\/p>\n<\/div><\/section><\/div>\n\n<style type=\"text\/css\" data-created_by=\"avia_inline_auto\" id=\"style-css-av-148m31e-1274cef20952ee0b23cfd50ff66f210a\">\n.flex_column.av-148m31e-1274cef20952ee0b23cfd50ff66f210a{\nborder-radius:0px 0px 0px 0px;\npadding:0px 0px 0px 0px;\n}\n<\/style>\n<div  class='flex_column av-148m31e-1274cef20952ee0b23cfd50ff66f210a av_one_full  avia-builder-el-23  el_after_av_one_full  el_before_av_one_full  first flex_column_div av-zero-column-padding  column-top-margin'     ><section  class='av_textblock_section av-ly736p6n-394894099a12f8bcc00c513e4927157c '  ><div class='avia_textblock' >\n<style type=\"text\/css\" data-created_by=\"avia_inline_auto\" id=\"style-css-av-l65ajm-c6c683dd9580f57f7df7b21d2089f8aa\">\n#top .hr.hr-invisible.av-l65ajm-c6c683dd9580f57f7df7b21d2089f8aa{\nheight:20px;\n}\n<\/style>\n<div  class='hr av-l65ajm-c6c683dd9580f57f7df7b21d2089f8aa hr-invisible  avia-builder-el-25  avia-builder-el-no-sibling '><span class='hr-inner '><span class=\"hr-inner-style\"><\/span><\/span><\/div>\n<h2 id=\"3\" class=\"position\"><strong>5 Tipps f\u00fcr das gemeinsame Reimen im Kindergarten <\/strong><\/h2>\n<p>Wie immer: Vor allem soll es Spa\u00df machen. Mit ein paar Tipps wird es noch einfacher, Ihre Kinder in die Welt des Reimens einzuladen.<\/p>\n<ol>\n<li><strong> Halten Sie es einfach <\/strong><\/li>\n<\/ol>\n<p>Je einfacher die <strong>Wortwahl<\/strong>, umso mehr k\u00f6nnen Sie <strong>variieren<\/strong>, um ein stimmiges Metrum zu erhalten. <strong>K\u00fcrzere W\u00f6rter<\/strong> sind geeigneter als W\u00f6rter mit drei und mehr Silben, aber auch da gibt es Ausnahmen. \u201eIch freu\u2019 mich auf den Nikolaus \/ und hoff\u2019, er kommt zu mir nach Haus\u2019\u201c funktioniert beispielsweise super.<\/p>\n<p>Auch <strong>Abk\u00fcrzungen von W\u00f6rtern<\/strong> sind okay, z. B. \u201emuntre Kinder\u201c statt \u201emuntere Kinder\u201c. So bleiben Sie am einfachsten in einem simplen, rhythmischen Metrum.<\/p>\n<p>Und oft hilft auch das gemeinsame <strong>Suchen nach Synonymen<\/strong>, um einen simpleren Vers zu finden, der dennoch dieselbe Aussage transportiert. \u201eWir hoffen, dass es an Weihnachten Schnee gibt\u201c kann man beliebig variieren:<\/p>\n<ul>\n<li>Ob es wohl am Festtag schneit?<\/li>\n<li>Weihnachten im Schnee w\u00e4r\u2019 sch\u00f6n \/ toll \/ fein.<\/li>\n<li>Ich w\u00fcnsch\u2019 mir Schnee zum Weihnachtsfest.<\/li>\n<li>Wei\u00dfe Weihnacht\u2019 w\u00fcnsch ich mir.<\/li>\n<\/ul>\n<ol start=\"2\">\n<li><strong> Verlassen Sie sich auf Jambus und Troch\u00e4us <\/strong><\/li>\n<\/ol>\n<p>Es hat einen Grund, warum die meisten Gedichte und Lieder in einem dieser beiden Metren verfasst sind. Beispiele f\u00fcr andere Metren finden sich schwieriger und oft auch nur in einigen Versen statt in ganzen Gedichten.<\/p>\n<p>Unsere Alltagssprache ist gepr\u00e4gt von Jambus und Troch\u00e4us:<\/p>\n<ul>\n<li>HAST du MORgen Zeit?<\/li>\n<li>Wir M\u00dcSsen NOCH zu ALdi.<\/li>\n<li>Wann F\u00c4NGT der FILM denn an?<\/li>\n<\/ul>\n<p>Somit sind wir alle von klein auf daran gew\u00f6hnt. Vielleicht kommt auch daher unsere Vorliebe f\u00fcr Abk\u00fcrzungen wie \u201e<strong>GEHN<\/strong> wir AUF den SPIELplatz\u201c, bei denen wir einfach die Silbe streichen, die den Satzrhythmus st\u00f6rt. Ein bisschen ist es wie mit der Frage nach Huhn oder Ei: Vielleicht benutzen wir auch so viele Jamben und Troch\u00e4en, weil wir den Rhythmus m\u00f6gen?<\/p>\n<p>Au\u00dferdem kann man Jambus und Troch\u00e4us auch super durch <strong>Klatschen<\/strong> und <strong>Instrumente<\/strong> begleiten. Probieren Sie es aus. Mit ein bisschen \u00dcbung kommen die Kinder und Sie so vielleicht sogar in einen \u201eFlow\u201c, sodass Ihnen die Reime nur so zufliegen.<\/p>\n<p>(Wenn ich eine halbe Stunde lang dichte, formuliere ich meine S\u00e4tze danach auch im Alltag vermehrt in Reimen und Metrum. Das ist bei mir ein \u00e4hnlicher Automatismus wie bei Sprachen: Wenn mich jemand auf Franz\u00f6sisch anspricht, antworte ich auf Franz\u00f6sisch \u2013 auch wenn man mich mitten in der Nacht weckt.)<\/p>\n<ol start=\"3\">\n<li><strong> Nutzen Sie F\u00fcllw\u00f6rter <\/strong><\/li>\n<\/ol>\n<p>Wenn wir uns noch einmal die Beispiele aus dem letzten Punkt ansehen, stellen wir fest, dass \u201eWir m\u00fcssen zu Aldi\u201c und \u201eWann f\u00e4ngt der Film an?\u201c inhaltlich auch ohne <strong>F\u00fcllw\u00f6rter<\/strong> funktionieren \u2013 nur ist dann das Metrum gebrochen.<\/p>\n<p>Mit kleinen Erg\u00e4nzungen bekommt man also fast jeden (simplen, kindgerechten) Satz in einen metrischen Rhythmus. Und auch, wenn F\u00fcllw\u00f6rter in vielen anderen Bereichen von Sprache und Kommunikation <strong>verp\u00f6nt<\/strong> sind: Beim Dichten im Kindergarten sind sie ein <strong>Joker<\/strong>, der Ihren Kleinen dabei hilft, Metren zu erkennen und Rhythmus zu entwickeln.<\/p>\n<ol start=\"4\">\n<li><strong> Behalten Sie die typische Satzstellung bei <\/strong><\/li>\n<\/ol>\n<p>Vertrauen Sie auf Ihr <strong>Gesp\u00fcr f\u00fcr Sprache<\/strong>. Es gibt auch Gereimtes, das den Satzbau unangenehm verdreht, um auf den Reim zu kommen oder dem Metrum zu entsprechen, wie z. B. \u201eIn mir die Freude ist erwacht \/ wir feiern bald die heil\u2019ge Nacht\u201c.<\/p>\n<p>Ob das sch\u00f6n ist, sei dahingestellt. Sicher ist, dass sich eine solche Vorgehensweise nicht f\u00fcr Kleinkinder eignet, die gerade erst damit beginnen, die typische bzw. korrekte Satzstellung zu lernen. Oft reicht es, den Satz <strong>behutsam<\/strong> umzustellen, um Reim und Metrum gerecht zu werden. \u201eVor unsrem Haus steht ein Schneemann\u201c klappt auch als \u201eEin Schneemann steht vor unsrem Haus\u201c. Auf \u201eVor unsrem Haus ein Schneemann steht\u201c k\u00f6nnen Sie also getrost verzichten.<\/p>\n<ol start=\"5\">\n<li><strong> Stellen Sie W\u00f6rter, auf die gut gereimt werden kann, ans Versende <\/strong><\/li>\n<\/ol>\n<p>Es ist sinnvoll, die W\u00f6rter, auf die sich nicht gut Reime finden lassen, an den <strong>Versanfang<\/strong> zu stellen. Denn es ist deutlich leichter, einen Reim auf den Vers \u201eWeihnachten ist nicht mehr weit\u201c zu finden, als \u201eJetzt ist fast schon Weihnachten\u201c harmonisch zu erg\u00e4nzen (allein dadurch, dass \u201eWEIHnachten\u201c ein Daktylus ist).<\/p>\n<p><strong>Bekannte Verse und Reime erg\u00e4nzen und variieren <\/strong><\/p>\n<p>Ihre Kinder kennen nat\u00fcrlich schon eine Vielzahl an Reimen, kleinen Gedichten und gereimten Liedern, und wahrscheinlich lieben sie es, sie immer wieder zu h\u00f6ren, <strong>pantomimisch<\/strong> zu begleiten oder gemeinsam <strong>aufzusagen<\/strong> oder zu <strong>singen<\/strong>. Das sind beste Voraussetzungen f\u00fcr die weitere Besch\u00e4ftigung mit Reimen.<\/p>\n<p>Es muss nicht gleich ein eigenes Gedicht sein. Einfacher ist es, Bekanntes zu variieren, indem man einzelne (Reim-)W\u00f6rter ersetzt. Die neuen Reime m\u00fcssen nicht unbedingt Sinn ergeben. Wichtig ist, ein Gesp\u00fcr f\u00fcr Reime zu entwickeln und gemeinsam <strong>Spa\u00df am Spiel mit Sprache<\/strong> zu entwickeln \u2013 so, wie es auch viele bekannte Dichter getan haben. Man denke nur an das \u00e4sthetische Wiesel von <strong>Christian Morgenstern<\/strong>, <strong>Heinz Erhardts<\/strong> Na\u00df- und Trockenhorn, \u201eottos mops\u201c von <strong>Ernst Jandl<\/strong> oder <strong>Paul Maars<\/strong> Jaguar und Neinguar.<\/p>\n<p><strong>Ein Reime-Memory gestalten <\/strong><\/p>\n<p>Wenn Ihre Kleinen schon ein wenig Erfahrung mit Reimw\u00f6rtern gesammelt haben, spielen sie mit Sicherheit auch gern <strong>Reime-Memory<\/strong>. F\u00fcr die Erstellung eignen sich vor allem Nomen, da sich eine Maus bildlich nun mal besser darstellen l\u00e4sst als das Wort \u201eraus\u201c.<\/p>\n<p>Sie finden am Ende des Beitrags Links zu bestehenden Vorlagen, und wir haben Ihnen im Download-Material ein paar <strong>kindgerechte Reimw\u00f6rter<\/strong> zusammengestellt. Die beiden gelb markierten Begriffe je K\u00e4stchen eignen sich jeweils super f\u00fcr ein <strong>Bildp\u00e4rchen<\/strong> beim Memory. Nat\u00fcrlich k\u00f6nnen Sie auch gern unser <a href=\"https:\/\/www.backwinkel.de\/prod\/bildkarten-paket-sprachfoerderung.html\" target=\"_blank\" rel=\"noopener\">Bildkarten-Paket: Sprachf\u00f6rderung<\/a> nutzen oder auf die Erz\u00e4hlschiene zur\u00fcckgreifen. In unserem Onlineshop finden Sie die Bild- und Wortkarten <a href=\"https:\/\/www.backwinkel.de\/prod\/laute-und-reime.html\" target=\"_blank\" rel=\"noopener\">Laute und Reime entdecken mit der Erz\u00e4hlschiene<\/a>.<\/p>\n<\/div><\/section><\/div>\n\n<style type=\"text\/css\" data-created_by=\"avia_inline_auto\" id=\"style-css-av-p3wkyi-f0d4e08c671c142b004e5f807ce5c1be\">\n.flex_column.av-p3wkyi-f0d4e08c671c142b004e5f807ce5c1be{\nborder-radius:0px 0px 0px 0px;\npadding:0 0 0 0;\n}\n<\/style>\n<div  class='flex_column av-p3wkyi-f0d4e08c671c142b004e5f807ce5c1be av_one_full  avia-builder-el-26  el_after_av_one_full  el_before_av_one_full  first flex_column_div av-zero-column-padding  column-top-margin'     ><style type=\"text\/css\" data-created_by=\"avia_inline_auto\" id=\"style-css-av-ltmuo20b-765ad62b9a6d0812cc625643bc1e5130\">\n#top .avia-gallery.av-ltmuo20b-765ad62b9a6d0812cc625643bc1e5130 .avia-gallery-thumb a{\nwidth:20%;\n}\n<\/style>\n<div  class='avia-gallery av-ltmuo20b-765ad62b9a6d0812cc625643bc1e5130 avia_animate_when_visible  avia-builder-el-27  avia-builder-el-no-sibling  avia_lazyload avia-gallery-animate avia-gallery-1' ><meta itemprop=\"contentURL\" content=\"https:\/\/www.backwinkel.de\/blog\/vom-reimwort-zum-gedicht\/\"><div class='avia-gallery-thumb'><a href=\"https:\/\/www.backwinkel.de\/blog\/wp-content\/uploads\/2024\/11\/Reimwoerter2-scaled.jpg\" data-srcset=\"https:\/\/www.backwinkel.de\/blog\/wp-content\/uploads\/2024\/11\/Reimwoerter2-scaled.jpg 1810w, https:\/\/www.backwinkel.de\/blog\/wp-content\/uploads\/2024\/11\/Reimwoerter2-1086x1536.jpg 1086w\" data-sizes=\"(max-width: 728px) 100vw, 728px\" data-rel='gallery-1' data-prev-img='https:\/\/www.backwinkel.de\/blog\/wp-content\/uploads\/2024\/11\/Reimwoerter2-scaled.jpg' class='first_thumb lightbox ' data-onclick='1' title='Reimwoerter2'  ><img decoding=\"async\" fetchpriority=\"high\" class=\"wp-image-15586 avia-img-lazy-loading-not-15586\"   src=\"https:\/\/www.backwinkel.de\/blog\/wp-content\/uploads\/2024\/11\/Reimwoerter2-scaled.jpg\" width=\"283\" height=\"400\"  title='Reimwoerter2' alt='' srcset=\"https:\/\/www.backwinkel.de\/blog\/wp-content\/uploads\/2024\/11\/Reimwoerter2-scaled.jpg 1810w, https:\/\/www.backwinkel.de\/blog\/wp-content\/uploads\/2024\/11\/Reimwoerter2-1086x1536.jpg 1086w\" sizes=\"(max-width: 283px) 100vw, 283px\" \/><div class='big-prev-fake'><img decoding=\"async\" loading=\"lazy\" class=\"wp-image-15586 avia-img-lazy-loading-15586\"  width=\"283\" height=\"400\" src=\"https:\/\/www.backwinkel.de\/blog\/wp-content\/uploads\/2024\/11\/Reimwoerter2-scaled.jpg\" title='Reimwoerter2' alt='' srcset=\"https:\/\/www.backwinkel.de\/blog\/wp-content\/uploads\/2024\/11\/Reimwoerter2-scaled.jpg 1810w, https:\/\/www.backwinkel.de\/blog\/wp-content\/uploads\/2024\/11\/Reimwoerter2-1086x1536.jpg 1086w\" sizes=\"auto, (max-width: 283px) 100vw, 283px\" \/><\/div><\/a><\/div><\/div><\/div>\n\n<style type=\"text\/css\" data-created_by=\"avia_inline_auto\" id=\"style-css-av-3rueuqh-c554dfa5c768c976e9f951b031f8680b\">\n.flex_column.av-3rueuqh-c554dfa5c768c976e9f951b031f8680b{\nborder-radius:0px 0px 0px 0px;\npadding:0px 0px 0px 0px;\n}\n<\/style>\n<div  class='flex_column av-3rueuqh-c554dfa5c768c976e9f951b031f8680b av_one_full  avia-builder-el-28  el_after_av_one_full  el_before_av_one_full  first flex_column_div av-zero-column-padding  column-top-margin'     ><section  class='av_textblock_section av-m23b99yj-854364b0eedd36f870f915cb52f4413a '  ><div class='avia_textblock' ><p><strong>Weihnachtsreime und -gedichte <\/strong><\/p>\n<p>Viele (angeblich) heute noch bei Kindern beliebte Weihnachtsgedichte sind aus der Zeit gefallen. Ein pr\u00fcgelnder Knecht Ruprecht ist nicht sehr feierlich, und auch der religi\u00f6se Kontext steht f\u00fcr die meisten Kinder heutzutage nicht mehr im Vordergrund \u2013 sei es, weil sie und ihre Familien nicht praktizieren oder nicht dem Christentum angeh\u00f6ren.<\/p>\n<p>Weihnachten bedeutet f\u00fcr viele Kinder in erster Linie <strong>Geschenke<\/strong>, <strong>Besuch<\/strong>, leckeres <strong>Essen<\/strong>, <strong>gemeinsame Zeit<\/strong> und <strong>gem\u00fctliches Beisammensein<\/strong> mit der Familie, <strong>Pl\u00e4tzchenbacken<\/strong>, <strong>Basteln<\/strong>, <strong>Weihnachtslieder<\/strong> und <strong>Weihnachtsbaum<\/strong>. Greifen Sie also gern diese Motive auf, damit die Kleinen sich besser mit dem Inhalt identifizieren k\u00f6nnen.<\/p>\n<\/div><\/section><\/div>\n\n<style type=\"text\/css\" data-created_by=\"avia_inline_auto\" id=\"style-css-av-4czjehl-0f67ec373a78a57b2a106aca2669721b\">\n.flex_column.av-4czjehl-0f67ec373a78a57b2a106aca2669721b{\nborder-radius:0px 0px 0px 0px;\npadding:0px 0px 0px 0px;\n}\n<\/style>\n<div  class='flex_column av-4czjehl-0f67ec373a78a57b2a106aca2669721b av_one_full  avia-builder-el-30  el_after_av_one_full  el_before_av_one_full  first flex_column_div av-zero-column-padding  column-top-margin'     ><section  class='av_textblock_section av-m23b8h90-6a14c37c7e2fced0ab643d7dc36216a3 '  ><div class='avia_textblock infoboxBlue' ><p><strong>Tipp:<\/strong> Eine super Alternative zu traditionellen Weihnachtsliedern sind <strong>moderne Weihnachtslieder f\u00fcr Kinder<\/strong>. Ich selbst hatte als Kind Dutzende von Kassetten mit Geschichten, Gedichten und Liedern rund um weihnachtliche Themen, deren Texte ich noch immer auswendig kann, aber im Internet leider nicht mehr finde (und sie somit hier aufgrund mangelnder Quellenangaben nicht auff\u00fchren kann).<\/p>\n<\/div><\/section><\/div>\n\n<style type=\"text\/css\" data-created_by=\"avia_inline_auto\" id=\"style-css-av-2ymswxl-46db1c9b36b700210d1816495bb3599f\">\n.flex_column.av-2ymswxl-46db1c9b36b700210d1816495bb3599f{\nborder-radius:0px 0px 0px 0px;\npadding:0px 0px 0px 0px;\n}\n<\/style>\n<div  class='flex_column av-2ymswxl-46db1c9b36b700210d1816495bb3599f av_one_full  avia-builder-el-32  el_after_av_one_full  el_before_av_one_full  first flex_column_div av-zero-column-padding  column-top-margin'     ><section  class='av_textblock_section av-m23bd7gq-ee34d1390dbb948d62fc336fd0af97fa '  ><div class='avia_textblock' ><p>Die Vorteile der modernen Texte sind ein gr\u00f6\u00dferer Bezug zur <strong>Lebensrealit\u00e4t der Kinder<\/strong>, simpleres Vokabular, fr\u00f6hlichere Themen und ein geringerer Bibelbezug. Begeben Sie sich also gern auf die Suche, z. B. bei YouTube und Deezer, oder suchen Sie nach CDs und Textb\u00fcchern mit modernen Weihnachtsliedern f\u00fcr Kinder.<\/p>\n<p>Des Weiteren sind internationale Weihnachtslieder eine tolle Gelegenheit, Ihren Kindern andere Sprachen n\u00e4herzubringen, dem Klang zu lauschen und vielleicht sogar Reime zu entdecken. (Ich selbst habe in der 4. Klasse \u201eOh Tannenbaum\u201c auf T\u00fcrkisch gelernt und gesungen.) Am Ende des Beitrags finden Sie Links zu <strong>Weihnachtsliedern aus aller Welt<\/strong> sowie zu <strong>\u00dcbersetzungen<\/strong> bekannter deutscher Weihnachtslieder in andere Sprachen. Hier schon einmal unsere drei Favoriten:<\/p>\n<ul>\n<li>Deck the halls (Englisch)<\/li>\n<li>Mi burrito sabanero (Spanisch)<\/li>\n<li>Mon beau sapin (die franz\u00f6sische Version von \u201eO Tannenbaum\u201c)<\/li>\n<\/ul>\n<p>Viele Weihnachtslieder sind nicht nur christlich gepr\u00e4gt, sondern auch mehrere Jahrhunderte oder zumindest Jahrzehnte alt. Das ist v\u00f6llig in Ordnung. Behalten Sie im Hinterkopf, dass Ihre Kinder dadurch vielleicht einige Passagen nicht verstehen, und nehmen Sie das als <strong>Gespr\u00e4chsanlass<\/strong>.<\/p>\n<p>Dass ein Schneefl\u00f6ckchen Blumen und Bl\u00e4tter malt, versteht beispielsweise nur jemand, der kalte Winter erlebt hat, was in unseren Breitengraden immer seltener der Fall ist. Und auch Worte wie \u201evers\u00f6hnen\u201c, \u201eChristenheit\u201c, \u201eerlaben\u201c, \u201efromm\u201c oder auch \u201eB\u00fcbchen\u201c und \u201eSt\u00fcbchen\u201c werden nicht unbedingt zum <strong>Wortschatz<\/strong> Ihrer Kinder geh\u00f6ren.<\/p>\n<p>Wenn Sie sich also daf\u00fcr entscheiden, ein bekanntes Weihnachtsgedicht oder -lied interaktiv als L\u00fcckentext zu erg\u00e4nzen, eignen sich zumindest am Ende des Verses simplere, den Kindern bekannte Worte. Au\u00dferdem hilft es, wenn sich das Reimwort durch den <strong>Satzzusammenhang<\/strong> erschlie\u00dfen l\u00e4sst. Ein paar Beispiele finden Sie in unserem kostenlosen Download-Material.<\/p>\n<\/div><\/section><\/div>\n\n<style type=\"text\/css\" data-created_by=\"avia_inline_auto\" id=\"style-css-av-1k8ef17-9ae884dadc2ecbb3a0a54bc667967046\">\n.flex_column.av-1k8ef17-9ae884dadc2ecbb3a0a54bc667967046{\nborder-radius:0px 0px 0px 0px;\npadding:0 0 0 0;\n}\n<\/style>\n<div  class='flex_column av-1k8ef17-9ae884dadc2ecbb3a0a54bc667967046 av_one_full  avia-builder-el-34  el_after_av_one_full  el_before_av_one_full  first flex_column_div av-zero-column-padding  column-top-margin'     ><style type=\"text\/css\" data-created_by=\"avia_inline_auto\" id=\"style-css-av-115mwqj-5f1ec054bd5f5e9c78afa1ba3ede6b4b\">\n#top .avia-gallery.av-115mwqj-5f1ec054bd5f5e9c78afa1ba3ede6b4b .avia-gallery-thumb a{\nwidth:20%;\n}\n<\/style>\n<div  class='avia-gallery av-115mwqj-5f1ec054bd5f5e9c78afa1ba3ede6b4b avia_animate_when_visible  avia-builder-el-35  avia-builder-el-no-sibling  avia_lazyload avia-gallery-animate avia-gallery-2' ><meta itemprop=\"contentURL\" content=\"https:\/\/www.backwinkel.de\/blog\/vom-reimwort-zum-gedicht\/\"><div class='avia-gallery-thumb'><a href=\"https:\/\/www.backwinkel.de\/blog\/wp-content\/uploads\/2024\/11\/Gedichte_Lueckentext_S1-scaled.jpg\" data-srcset=\"https:\/\/www.backwinkel.de\/blog\/wp-content\/uploads\/2024\/11\/Gedichte_Lueckentext_S1-scaled.jpg 1810w, https:\/\/www.backwinkel.de\/blog\/wp-content\/uploads\/2024\/11\/Gedichte_Lueckentext_S1-1086x1536.jpg 1086w\" data-sizes=\"(max-width: 728px) 100vw, 728px\" data-rel='gallery-2' data-prev-img='https:\/\/www.backwinkel.de\/blog\/wp-content\/uploads\/2024\/11\/Gedichte_Lueckentext_S1-scaled.jpg' class='first_thumb lightbox ' data-onclick='1' title='Gedichte_Lueckentext_S1'  ><img decoding=\"async\" fetchpriority=\"high\" class=\"wp-image-15580 avia-img-lazy-loading-not-15580\"   src=\"https:\/\/www.backwinkel.de\/blog\/wp-content\/uploads\/2024\/11\/Gedichte_Lueckentext_S1-scaled.jpg\" width=\"283\" height=\"400\"  title='Gedichte_Lueckentext_S1' alt='' srcset=\"https:\/\/www.backwinkel.de\/blog\/wp-content\/uploads\/2024\/11\/Gedichte_Lueckentext_S1-scaled.jpg 1810w, https:\/\/www.backwinkel.de\/blog\/wp-content\/uploads\/2024\/11\/Gedichte_Lueckentext_S1-1086x1536.jpg 1086w\" sizes=\"(max-width: 283px) 100vw, 283px\" \/><div class='big-prev-fake'><img decoding=\"async\" loading=\"lazy\" class=\"wp-image-15580 avia-img-lazy-loading-15580\"  width=\"283\" height=\"400\" src=\"https:\/\/www.backwinkel.de\/blog\/wp-content\/uploads\/2024\/11\/Gedichte_Lueckentext_S1-scaled.jpg\" title='Gedichte_Lueckentext_S1' alt='' srcset=\"https:\/\/www.backwinkel.de\/blog\/wp-content\/uploads\/2024\/11\/Gedichte_Lueckentext_S1-scaled.jpg 1810w, https:\/\/www.backwinkel.de\/blog\/wp-content\/uploads\/2024\/11\/Gedichte_Lueckentext_S1-1086x1536.jpg 1086w\" sizes=\"auto, (max-width: 283px) 100vw, 283px\" \/><\/div><\/a><a href=\"https:\/\/www.backwinkel.de\/blog\/wp-content\/uploads\/2024\/11\/Gedichte_Lueckentext_S2-scaled.jpg\" data-srcset=\"https:\/\/www.backwinkel.de\/blog\/wp-content\/uploads\/2024\/11\/Gedichte_Lueckentext_S2-scaled.jpg 1810w, https:\/\/www.backwinkel.de\/blog\/wp-content\/uploads\/2024\/11\/Gedichte_Lueckentext_S2-1086x1536.jpg 1086w\" data-sizes=\"(max-width: 728px) 100vw, 728px\" data-rel='gallery-2' data-prev-img='https:\/\/www.backwinkel.de\/blog\/wp-content\/uploads\/2024\/11\/Gedichte_Lueckentext_S2-scaled.jpg' class='lightbox ' data-onclick='2' title='Gedichte_Lueckentext_S2'  ><img decoding=\"async\" fetchpriority=\"high\" class=\"wp-image-15581 avia-img-lazy-loading-not-15581\"   src=\"https:\/\/www.backwinkel.de\/blog\/wp-content\/uploads\/2024\/11\/Gedichte_Lueckentext_S2-scaled.jpg\" width=\"283\" height=\"400\"  title='Gedichte_Lueckentext_S2' alt='' srcset=\"https:\/\/www.backwinkel.de\/blog\/wp-content\/uploads\/2024\/11\/Gedichte_Lueckentext_S2-scaled.jpg 1810w, https:\/\/www.backwinkel.de\/blog\/wp-content\/uploads\/2024\/11\/Gedichte_Lueckentext_S2-1086x1536.jpg 1086w\" sizes=\"(max-width: 283px) 100vw, 283px\" \/><div class='big-prev-fake'><img decoding=\"async\" loading=\"lazy\" class=\"wp-image-15581 avia-img-lazy-loading-15581\"  width=\"283\" height=\"400\" src=\"https:\/\/www.backwinkel.de\/blog\/wp-content\/uploads\/2024\/11\/Gedichte_Lueckentext_S2-scaled.jpg\" title='Gedichte_Lueckentext_S2' alt='' srcset=\"https:\/\/www.backwinkel.de\/blog\/wp-content\/uploads\/2024\/11\/Gedichte_Lueckentext_S2-scaled.jpg 1810w, https:\/\/www.backwinkel.de\/blog\/wp-content\/uploads\/2024\/11\/Gedichte_Lueckentext_S2-1086x1536.jpg 1086w\" sizes=\"auto, (max-width: 283px) 100vw, 283px\" \/><\/div><\/a><\/div><\/div><\/div>\n\n<style type=\"text\/css\" data-created_by=\"avia_inline_auto\" id=\"style-css-av-tm0ykb-b288173cf256ac7f8d2f8549ae0f2c98\">\n.flex_column.av-tm0ykb-b288173cf256ac7f8d2f8549ae0f2c98{\nborder-radius:0px 0px 0px 0px;\npadding:0px 0px 0px 0px;\n}\n<\/style>\n<div  class='flex_column av-tm0ykb-b288173cf256ac7f8d2f8549ae0f2c98 av_one_full  avia-builder-el-36  el_after_av_one_full  el_before_av_one_third  first flex_column_div av-zero-column-padding  column-top-margin'     ><section  class='av_textblock_section av-m35xbc0y-c575c6eab64794cec126edcf8a16b224 '  ><div class='avia_textblock infoboxGreen' ><p><strong>INFO<\/strong><\/p>\n<p><strong>Unterst\u00fctzung durch K\u00fcnstliche Intelligenz beim Reimen <\/strong><\/p>\n<p>Versuchen Sie es gerne. Bei meinen Versuchen mit TalkAI (\u201eSchreibe mir ein fr\u00f6hliches Weihnachtsgedicht mit einfachen Paarreimen f\u00fcr den Kindergarten\u201c, \u201eSchreibe mir ein lustiges Gedicht mit Paarreimen \u00fcber das Schm\u00fccken eines Weihnachtsbaums\u201c, \u201eSchreibe ein einfaches Gedicht \u00fcber Weihnachtsgeschenke\u201c) waren die Ergebnisse leider nicht zufriedenstellend bis hin zu sinnfrei. Mein Favorit aus surrealistischer Sicht war \u201eEin gr\u00fcnes Monster, das immer wieder f\u00e4hrt \/ ist unser Hund, der das Lametta lehrt.\u201c<\/p>\n<p>Wenn Ihnen Dichten so gar nicht liegt, Sie aber trotzdem selbst kreativ werden wollen, liefern die Programme immerhin Vorlagen, auf denen man aufbauen kann. Bestimmt gibt es auch eine KI, die besser reimen kann als eine kostenlose Variante von TalkAI.<\/p>\n<p>Wenn Sie bereits l\u00e4nger ein KI-Programm nutzen, stehen die Chancen gut, dass es mittlerweile von Ihnen gelernt hat und pr\u00e4zisere Ergebnisse liefert.<\/p>\n<\/div><\/section><\/div>\n<div class='flex_column_table av-5y2ngex-d0341f81642f6b309cf066096edd27f8 sc-av_one_third av-equal-height-column-flextable'>\n<style type=\"text\/css\" data-created_by=\"avia_inline_auto\" id=\"style-css-av-5y2ngex-d0341f81642f6b309cf066096edd27f8\">\n.flex_column.av-5y2ngex-d0341f81642f6b309cf066096edd27f8{\nborder-width:1px;\nborder-color:#ebebeb;\nborder-style:solid;\nborder-radius:0px 0px 0px 0px;\npadding:10px 10px 10px 10px;\n}\n<\/style>\n<div  class='flex_column av-5y2ngex-d0341f81642f6b309cf066096edd27f8 av_one_third  avia-builder-el-38  el_after_av_one_full  el_before_av_one_third  first flex_column_table_cell av-equal-height-column av-align-top  column-top-margin'     ><p><section  class='av_textblock_section av-5ickift-70e621be4250888676d031f074b516aa '  ><div class='avia_textblock' ><p><img decoding=\"async\" class=\"alignnone wp-image-15500 size-full\" src=\"https:\/\/blog.backwinkel.de\/wp-content\/uploads\/2024\/11\/23536_erzaehlkiesel-alphabet.jpg\" alt=\"\" width=\"700\" height=\"700\" srcset=\"https:\/\/www.backwinkel.de\/blog\/wp-content\/uploads\/2024\/11\/23536_erzaehlkiesel-alphabet.jpg 700w, https:\/\/www.backwinkel.de\/blog\/wp-content\/uploads\/2024\/11\/23536_erzaehlkiesel-alphabet-36x36.jpg 36w, https:\/\/www.backwinkel.de\/blog\/wp-content\/uploads\/2024\/11\/23536_erzaehlkiesel-alphabet-180x180.jpg 180w\" sizes=\"(max-width: 700px) 100vw, 700px\" \/><\/p>\n<p style=\"font-size: 20px; font-family: urw_grotesk_extra_narrowrg; text-align: left;\">Erz\u00e4hlkiesel Analutbilder<\/p>\n<p style=\"text-align: left;\"><div  class='avia-button-wrap av-4yzx7i1-462c46b72a947bbb96668a7d29d54e29-wrap avia-button-center  avia-builder-el-40  avia-builder-el-no-sibling '><a href='https:\/\/www.backwinkel.de\/prod\/erzaehlkiesel-anlautbilder.html'  class='avia-button av-4yzx7i1-462c46b72a947bbb96668a7d29d54e29 av-link-btn avia-icon_select-no avia-size-medium avia-position-center avia-color-theme-color'  target=\"_blank\"  rel=\"noopener noreferrer\"  aria-label=\"zum Produkt\"><span class='avia_iconbox_title' >zum Produkt<\/span><\/a><\/div><\/p>\n<\/div><\/section><br \/>\n\n<style type=\"text\/css\" data-created_by=\"avia_inline_auto\" id=\"style-css-av-4bmwad5-11ecd43ae203ecd805014afc57231ad4\">\n#top .hr.hr-invisible.av-4bmwad5-11ecd43ae203ecd805014afc57231ad4{\nheight:20px;\n}\n<\/style>\n<div  class='hr av-4bmwad5-11ecd43ae203ecd805014afc57231ad4 hr-invisible  avia-builder-el-41  el_after_av_textblock  avia-builder-el-last '><span class='hr-inner '><span class=\"hr-inner-style\"><\/span><\/span><\/div><\/p><\/div>\n<div class='av-flex-placeholder'><\/div>\n<style type=\"text\/css\" data-created_by=\"avia_inline_auto\" id=\"style-css-av-3zbthyx-718f49474b2e98e5e0f0f30cf6d0d53e\">\n.flex_column.av-3zbthyx-718f49474b2e98e5e0f0f30cf6d0d53e{\nborder-width:1px;\nborder-color:#ebebeb;\nborder-style:solid;\nborder-radius:0px 0px 0px 0px;\npadding:10px 10px 10px 10px;\n}\n<\/style>\n<div  class='flex_column av-3zbthyx-718f49474b2e98e5e0f0f30cf6d0d53e av_one_third  avia-builder-el-42  el_after_av_one_third  el_before_av_one_third  flex_column_table_cell av-equal-height-column av-align-top  column-top-margin'     ><p><section  class='av_textblock_section av-3dmbxbt-daa3b94ccf68bfc1f05f66c7f1021650 '  ><div class='avia_textblock' ><p><img decoding=\"async\" class=\"alignnone wp-image-15501 \" src=\"https:\/\/blog.backwinkel.de\/wp-content\/uploads\/2024\/11\/46162-rhythmikkiste-1.jpg\" alt=\"\" width=\"565\" height=\"565\" srcset=\"https:\/\/www.backwinkel.de\/blog\/wp-content\/uploads\/2024\/11\/46162-rhythmikkiste-1.jpg 2048w, https:\/\/www.backwinkel.de\/blog\/wp-content\/uploads\/2024\/11\/46162-rhythmikkiste-1-1536x1536.jpg 1536w, https:\/\/www.backwinkel.de\/blog\/wp-content\/uploads\/2024\/11\/46162-rhythmikkiste-1-36x36.jpg 36w, https:\/\/www.backwinkel.de\/blog\/wp-content\/uploads\/2024\/11\/46162-rhythmikkiste-1-180x180.jpg 180w\" sizes=\"(max-width: 565px) 100vw, 565px\" \/><\/p>\n<p style=\"font-size: 20px; font-family: urw_grotesk_extra_narrowrg; text-align: left;\">Rhythmik-Box<\/p>\n<p style=\"text-align: left;\"><div  class='avia-button-wrap av-2xap395-7c9f2f8a3959ec0ed3449f6cdd2f6d29-wrap avia-button-center  avia-builder-el-44  avia-builder-el-no-sibling '><a href='https:\/\/www.backwinkel.de\/prod\/rhythmik-box.html'  class='avia-button av-2xap395-7c9f2f8a3959ec0ed3449f6cdd2f6d29 av-link-btn avia-icon_select-no avia-size-medium avia-position-center avia-color-theme-color'  target=\"_blank\"  rel=\"noopener noreferrer\"  aria-label=\"zum Produkt\"><span class='avia_iconbox_title' >zum Produkt<\/span><\/a><\/div><\/p>\n<\/div><\/section><br \/>\n\n<style type=\"text\/css\" data-created_by=\"avia_inline_auto\" id=\"style-css-av-2ftdwu1-3bb7645ddf0eb29851d51c67577e1c3b\">\n#top .hr.hr-invisible.av-2ftdwu1-3bb7645ddf0eb29851d51c67577e1c3b{\nheight:20px;\n}\n<\/style>\n<div  class='hr av-2ftdwu1-3bb7645ddf0eb29851d51c67577e1c3b hr-invisible  avia-builder-el-45  el_after_av_textblock  avia-builder-el-last '><span class='hr-inner '><span class=\"hr-inner-style\"><\/span><\/span><\/div><\/p><\/div>\n<div class='av-flex-placeholder'><\/div>\n<style type=\"text\/css\" data-created_by=\"avia_inline_auto\" id=\"style-css-av-1yi5cs9-71f7bc470849ae713758413999b65ee3\">\n.flex_column.av-1yi5cs9-71f7bc470849ae713758413999b65ee3{\nborder-width:1px;\nborder-color:#ebebeb;\nborder-style:solid;\nborder-radius:0px 0px 0px 0px;\npadding:10px 10px 10px 10px;\n}\n<\/style>\n<div  class='flex_column av-1yi5cs9-71f7bc470849ae713758413999b65ee3 av_one_third  avia-builder-el-46  el_after_av_one_third  el_before_av_one_full  flex_column_table_cell av-equal-height-column av-align-top  column-top-margin'     ><p><section  class='av_textblock_section av-1nfyneh-4a551755f881094e6143b2ebf3e08a48 '  ><div class='avia_textblock' ><p><img decoding=\"async\" class=\"alignnone wp-image-15502 \" src=\"https:\/\/blog.backwinkel.de\/wp-content\/uploads\/2024\/11\/43209_zoom.jpg\" alt=\"\" width=\"673\" height=\"673\" srcset=\"https:\/\/www.backwinkel.de\/blog\/wp-content\/uploads\/2024\/11\/43209_zoom.jpg 2048w, https:\/\/www.backwinkel.de\/blog\/wp-content\/uploads\/2024\/11\/43209_zoom-1536x1536.jpg 1536w, https:\/\/www.backwinkel.de\/blog\/wp-content\/uploads\/2024\/11\/43209_zoom-36x36.jpg 36w, https:\/\/www.backwinkel.de\/blog\/wp-content\/uploads\/2024\/11\/43209_zoom-180x180.jpg 180w\" sizes=\"(max-width: 673px) 100vw, 673px\" \/><\/p>\n<p style=\"font-size: 20px; font-family: urw_grotesk_extra_narrowrg; text-align: left;\">Bildkarten-Paket: Sprachf\u00f6rderung<\/p>\n<p style=\"text-align: left;\"><div  class='avia-button-wrap av-yvpnqx-5b99288d68d909f812649b1f7ba32a59-wrap avia-button-center  avia-builder-el-48  avia-builder-el-no-sibling '><a href='https:\/\/www.backwinkel.de\/prod\/bildkarten-paket-sprachfoerderung.html'  class='avia-button av-yvpnqx-5b99288d68d909f812649b1f7ba32a59 av-link-btn avia-icon_select-no avia-size-medium avia-position-center avia-color-theme-color'  target=\"_blank\"  rel=\"noopener noreferrer\"  aria-label=\"zum Produkt\"><span class='avia_iconbox_title' >zum Produkt<\/span><\/a><\/div><\/p>\n<\/div><\/section><br \/>\n\n<style type=\"text\/css\" data-created_by=\"avia_inline_auto\" id=\"style-css-av-l71gnt-04b107c4d76e5a9b15fffc4ccd5ed3dd\">\n#top .hr.hr-invisible.av-l71gnt-04b107c4d76e5a9b15fffc4ccd5ed3dd{\nheight:20px;\n}\n<\/style>\n<div  class='hr av-l71gnt-04b107c4d76e5a9b15fffc4ccd5ed3dd hr-invisible  avia-builder-el-49  el_after_av_textblock  avia-builder-el-last '><span class='hr-inner '><span class=\"hr-inner-style\"><\/span><\/span><\/div><\/p><\/div><\/div><!--close column table wrapper. Autoclose: 1 -->\n\n<style type=\"text\/css\" data-created_by=\"avia_inline_auto\" id=\"style-css-av-jley1l06-be8863a15e87d33f314fbd4b76b14014\">\n.flex_column.av-jley1l06-be8863a15e87d33f314fbd4b76b14014{\nborder-radius:0px 0px 0px 0px;\npadding:10px 10px 10px 10px;\nbackground-color:#f2f2f2;\n}\n<\/style>\n<div  class='flex_column av-jley1l06-be8863a15e87d33f314fbd4b76b14014 av_one_full  avia-builder-el-50  el_after_av_one_third  el_before_av_one_full  first flex_column_div  column-top-margin'     ><section  class='av_textblock_section av-jkuvcso3-5-5c6860626657f0ec318095798effdcc6 '  ><div class='avia_textblock' ><p class=\"fussnoten-quellen\"><strong>Lesestoff: <\/strong><\/p>\n<p>Borcherding, Marit: Sprachf\u00f6rderung mit Reimen: Schluss mit Schweigen \u2013 Reden ist Gold, 08.05.2014:<br \/>\n<a href=\"https:\/\/www.herder.de\/kizz\/kinderentwicklung-erziehung\/kinder-foerdern\/sprachfoerderung-schluss-mit-schweigen-reden-ist-gold\/\" target=\"_blank\" rel=\"noopener\">https:\/\/www.herder.de\/kizz\/kinderentwicklung-erziehung\/kinder-foerdern\/sprachfoerderung-schluss-mit-schweigen-reden-ist-gold\/<\/a><\/p>\n<p>Daub, Carmen Elisabeth: Phonologische Bewusstheit \u2013 was ist das und warum trainieren?, 29.07.2019 (inkl. Reim- und Bildkarten zum kostenlosen Download):<br \/>\n<a href=\"https:\/\/grundschul-blog.de\/phonologische-bewusstheit-ueben-teil-1-reime\/\" target=\"_blank\" rel=\"noopener\">https:\/\/grundschul-blog.de\/phonologische-bewusstheit-ueben-teil-1-reime\/<\/a><\/p>\n<p>Miriam Dovermann: Kinderreime: Nutzen und Spa\u00df in Kindergarten und Kita, 2024:<br \/>\n<a href=\"https:\/\/www.prokita-portal.de\/bildungsbereiche-entwicklungsziele-kita\/kinderreime\/\" target=\"_blank\" rel=\"noopener\">https:\/\/www.prokita-portal.de\/bildungsbereiche-entwicklungsziele-kita\/kinderreime\/<\/a><\/p>\n<p>Sammlung von Reimen und Texten:<br \/>\n<a href=\"https:\/\/www.kleinkind-online.de\/reime.html\" target=\"_blank\" rel=\"noopener\">https:\/\/www.kleinkind-online.de\/reime.html<\/a><\/p>\n<p>Text mit zahlreichen Spielen und Anregungen rund ums Reimen:<br \/>\n<a href=\"https:\/\/schnitzeljagd-kinder.de\/blogs\/spiele-zum-kindergeburtstag\/reimen-mit-kindern-1\" target=\"_blank\" rel=\"noopener\">https:\/\/schnitzeljagd-kinder.de\/blogs\/spiele-zum-kindergeburtstag\/reimen-mit-kindern-1<\/a><\/p>\n<p>eine kleine Sammlung bekannter Kinderreime:<br \/>\n<a href=\"https:\/\/wortwuchs.net\/kinderreime\/\" target=\"_blank\" rel=\"noopener\">https:\/\/wortwuchs.net\/kinderreime\/<\/a><\/p>\n<p>Interview mit der psychologischen Lerntherapeutin Nicole Dorner: \u00dcbungen bei einer LRS \u2013 so geht\u2019s, 03.11.2019 (mit ansprechenden \u00dcbungen auch zum Reimen):<br \/>\n<a href=\"https:\/\/www.lerntherapie-vs.de\/legasthenie\/tipps-bei-einer-lrs\/\" target=\"_blank\" rel=\"noopener\">https:\/\/www.lerntherapie-vs.de\/legasthenie\/tipps-bei-einer-lrs\/<\/a><\/p>\n<p><strong>Internationale Weihnachtslieder<\/strong>:<\/p>\n<p>Fuentes Kids: Mi Burrito Sabanero (Burrito de Bel\u00e9n) \/ [Villancico] \u2013 Fuentes Kids (Video Oficial), 2020 (mit Text und niedlichem Videoclip):<br \/>\n<a href=\"https:\/\/www.youtube.com\/watch?v=GyMsuQQQepk&amp;t=34s\" target=\"_blank\" rel=\"noopener\">https:\/\/www.youtube.com\/watch?v=GyMsuQQQepk&amp;t=34s<\/a><\/p>\n<p>Koperti TV (ein YouTube-Kanal mit griechischen Kinderliedern, auch zu Weihnachten):<br \/>\n<a href=\"https:\/\/www.youtube.com\/@KopertiTV\" target=\"_blank\" rel=\"noopener\">https:\/\/www.youtube.com\/@KopertiTV<\/a><\/p>\n<p>Nolte, Markus: Die 32-Weihnachtslieder-Video-Show \/ Teil 2: Entdeckungen \u2013 Die 11 sch\u00f6nsten Weihnachtslieder Europas, 28.12.2022:<br \/>\n<a href=\"https:\/\/www.kirche-und-leben.de\/artikel\/entdeckungen-die-11-schoensten-weihnachtslieder-europas\/\" target=\"_blank\" rel=\"noopener\">https:\/\/www.kirche-und-leben.de\/artikel\/entdeckungen-die-11-schoensten-weihnachtslieder-europas\/<\/a><\/p>\n<p>Studio Musicians \u2013 Thema: Deck the Halls, 2014:<br \/>\n<a href=\"https:\/\/www.youtube.com\/watch?v=QZXDAJ6LIFw\" target=\"_blank\" rel=\"noopener\">https:\/\/www.youtube.com\/watch?v=QZXDAJ6LIFw<\/a><\/p>\n<p>The Best Christmas Songs: Mon beau sapin roi des for\u00eat (chanson de No\u00ebl pour petits avec paroles), 2014 (mit Text und niedlichem Videoclip):<br \/>\n<a href=\"https:\/\/www.youtube.com\/watch?v=N5jDlspik18\" target=\"_blank\" rel=\"noopener\">https:\/\/www.youtube.com\/watch?v=N5jDlspik18<\/a><\/p>\n<p><a href=\"https:\/\/de.wikipedia.org\/wiki\/Liste_fremdsprachiger_Weihnachtslieder\" target=\"_blank\" rel=\"noopener\">https:\/\/de.wikipedia.org\/wiki\/Liste_fremdsprachiger_Weihnachtslieder<\/a><\/p>\n<\/div><\/section><\/div>\n\n<style type=\"text\/css\" data-created_by=\"avia_inline_auto\" id=\"style-css-av-4a8f13-8282735e1a69d4252a8ab107757df204\">\n.flex_column.av-4a8f13-8282735e1a69d4252a8ab107757df204{\nborder-radius:0px 0px 0px 0px;\npadding:10px 10px 10px 10px;\n}\n<\/style>\n<div  class='flex_column av-4a8f13-8282735e1a69d4252a8ab107757df204 av_one_full  avia-builder-el-52  el_after_av_one_full  el_before_av_one_full  first flex_column_div  column-top-margin'     ><section  class='av_textblock_section av-2ibyo7-105f90c883c0b4406936f8076e5ba294 '  ><div class='avia_textblock' ><p class=\"copyright\"><strong>\u00a9 Copyright \u2013 Urheberrechtshinweis<\/strong><br \/>\nAlle Inhalte auf www.backwinkel.de sowie www.backwinkel.de\/blog, insbesondere Texte, Fotografien und Grafiken, sind urheberrechtlich gesch\u00fctzt.<br \/>\nDas Urheberrecht liegt, soweit nicht ausdr\u00fccklich anders gekennzeichnet, bei der BACKWINKEL GmbH. Bitte fragen Sie uns, falls Sie die Inhalte dieses Internetangebotes verwenden m\u00f6chten.<br \/>\nWer gegen das Urheberrecht verst\u00f6\u00dft (z. B. Bilder oder Texte unerlaubt kopiert), macht sich gem. \u00a7\u00a7 106 ff UrhG strafbar, wird zudem kostenpflichtig abgemahnt und muss Schadensersatz leisten (\u00a7 97 UrhG).<\/p>\n<\/div><\/section><\/div>\n\n<style type=\"text\/css\" data-created_by=\"avia_inline_auto\" id=\"style-css-av-1p82t-b0e9719fe6c67aa5c6d1abf813961e55\">\n.flex_column.av-1p82t-b0e9719fe6c67aa5c6d1abf813961e55{\nborder-radius:0px 0px 0px 0px;\npadding:0px 0px 0px 0px;\n}\n<\/style>\n<div  class='flex_column av-1p82t-b0e9719fe6c67aa5c6d1abf813961e55 av_one_full  avia-builder-el-54  el_after_av_one_full  avia-builder-el-last  first flex_column_div av-zero-column-padding  column-top-margin'     ><p><section  class='av_textblock_section av-jlp4hxqo-91baaad30cd61f89630d15f8561d1750 '  ><div class='avia_textblock' ><div class=\"shariff shariff-align-left shariff-widget-align-left\"><ul class=\"shariff-buttons theme-color orientation-horizontal buttonsize-medium\"><li class=\"shariff-button whatsapp shariff-nocustomcolor\" style=\"background-color:#5cbe4a\"><a href=\"https:\/\/api.whatsapp.com\/send?text=https%3A%2F%2Fwww.backwinkel.de%2Fblog%2Fvom-reimwort-zum-gedicht%2F%20Vom%20Reimwort%20zum%20Gedicht\" title=\"Bei Whatsapp teilen\" aria-label=\"Bei Whatsapp teilen\" role=\"button\" rel=\"noopener nofollow\" class=\"shariff-link\" style=\"; background-color:#34af23; color:#fff\" target=\"_blank\"><span class=\"shariff-icon\" style=\"\"><svg width=\"32px\" height=\"20px\" xmlns=\"http:\/\/www.w3.org\/2000\/svg\" viewBox=\"0 0 32 32\"><path fill=\"#34af23\" d=\"M17.6 17.4q0.2 0 1.7 0.8t1.6 0.9q0 0.1 0 0.3 0 0.6-0.3 1.4-0.3 0.7-1.3 1.2t-1.8 0.5q-1 0-3.4-1.1-1.7-0.8-3-2.1t-2.6-3.3q-1.3-1.9-1.3-3.5v-0.1q0.1-1.6 1.3-2.8 0.4-0.4 0.9-0.4 0.1 0 0.3 0t0.3 0q0.3 0 0.5 0.1t0.3 0.5q0.1 0.4 0.6 1.6t0.4 1.3q0 0.4-0.6 1t-0.6 0.8q0 0.1 0.1 0.3 0.6 1.3 1.8 2.4 1 0.9 2.7 1.8 0.2 0.1 0.4 0.1 0.3 0 1-0.9t0.9-0.9zM14 26.9q2.3 0 4.3-0.9t3.6-2.4 2.4-3.6 0.9-4.3-0.9-4.3-2.4-3.6-3.6-2.4-4.3-0.9-4.3 0.9-3.6 2.4-2.4 3.6-0.9 4.3q0 3.6 2.1 6.6l-1.4 4.2 4.3-1.4q2.8 1.9 6.2 1.9zM14 2.2q2.7 0 5.2 1.1t4.3 2.9 2.9 4.3 1.1 5.2-1.1 5.2-2.9 4.3-4.3 2.9-5.2 1.1q-3.5 0-6.5-1.7l-7.4 2.4 2.4-7.2q-1.9-3.2-1.9-6.9 0-2.7 1.1-5.2t2.9-4.3 4.3-2.9 5.2-1.1z\"\/><\/svg><\/span><span class=\"shariff-text\">teilen<\/span>&nbsp;<\/a><\/li><li class=\"shariff-button facebook shariff-nocustomcolor\" style=\"background-color:#4273c8\"><a href=\"https:\/\/www.facebook.com\/sharer\/sharer.php?u=https%3A%2F%2Fwww.backwinkel.de%2Fblog%2Fvom-reimwort-zum-gedicht%2F\" title=\"Bei Facebook teilen\" aria-label=\"Bei Facebook teilen\" role=\"button\" rel=\"nofollow\" class=\"shariff-link\" style=\"; background-color:#3b5998; color:#fff\" target=\"_blank\"><span class=\"shariff-icon\" style=\"\"><svg width=\"32px\" height=\"20px\" xmlns=\"http:\/\/www.w3.org\/2000\/svg\" viewBox=\"0 0 18 32\"><path fill=\"#3b5998\" d=\"M17.1 0.2v4.7h-2.8q-1.5 0-2.1 0.6t-0.5 1.9v3.4h5.2l-0.7 5.3h-4.5v13.6h-5.5v-13.6h-4.5v-5.3h4.5v-3.9q0-3.3 1.9-5.2t5-1.8q2.6 0 4.1 0.2z\"\/><\/svg><\/span><span class=\"shariff-text\">teilen<\/span>&nbsp;<\/a><\/li><li class=\"shariff-button twitter shariff-nocustomcolor\" style=\"background-color:#595959\"><a href=\"https:\/\/twitter.com\/share?url=https%3A%2F%2Fwww.backwinkel.de%2Fblog%2Fvom-reimwort-zum-gedicht%2F&text=Vom%20Reimwort%20zum%20Gedicht\" title=\"Bei X teilen\" aria-label=\"Bei X teilen\" role=\"button\" rel=\"noopener nofollow\" class=\"shariff-link\" style=\"; background-color:#000; color:#fff\" target=\"_blank\"><span class=\"shariff-icon\" style=\"\"><svg width=\"32px\" height=\"20px\" xmlns=\"http:\/\/www.w3.org\/2000\/svg\" viewBox=\"0 0 24 24\"><path fill=\"#000\" d=\"M14.258 10.152L23.176 0h-2.113l-7.747 8.813L7.133 0H0l9.352 13.328L0 23.973h2.113l8.176-9.309 6.531 9.309h7.133zm-2.895 3.293l-.949-1.328L2.875 1.56h3.246l6.086 8.523.945 1.328 7.91 11.078h-3.246zm0 0\"\/><\/svg><\/span><span class=\"shariff-text\">teilen<\/span>&nbsp;<\/a><\/li><li class=\"shariff-button pinterest shariff-nocustomcolor\" style=\"background-color:#e70f18\"><a href=\"https:\/\/www.pinterest.com\/pin\/create\/link\/?url=https%3A%2F%2Fwww.backwinkel.de%2Fblog%2Fvom-reimwort-zum-gedicht%2F&media=https%3A%2F%2Fwww.backwinkel.de%2Fblog%2Fwp-content%2Fuploads%2F2024%2F11%2FReimen_poesie-heroimage.jpg&description=Vom%20Reimwort%20zum%20Gedicht\" title=\"Bei Pinterest pinnen\" aria-label=\"Bei Pinterest pinnen\" role=\"button\" rel=\"noopener nofollow\" class=\"shariff-link\" style=\"; background-color:#cb2027; color:#fff\" target=\"_blank\"><span class=\"shariff-icon\" style=\"\"><svg width=\"32px\" height=\"20px\" xmlns=\"http:\/\/www.w3.org\/2000\/svg\" viewBox=\"0 0 27 32\"><path fill=\"#cb2027\" d=\"M27.4 16q0 3.7-1.8 6.9t-5 5-6.9 1.9q-2 0-3.9-0.6 1.1-1.7 1.4-2.9 0.2-0.6 1-3.8 0.4 0.7 1.3 1.2t2 0.5q2.1 0 3.8-1.2t2.7-3.4 0.9-4.8q0-2-1.1-3.8t-3.1-2.9-4.5-1.2q-1.9 0-3.5 0.5t-2.8 1.4-2 2-1.2 2.3-0.4 2.4q0 1.9 0.7 3.3t2.1 2q0.5 0.2 0.7-0.4 0-0.1 0.1-0.5t0.2-0.5q0.1-0.4-0.2-0.8-0.9-1.1-0.9-2.7 0-2.7 1.9-4.6t4.9-2q2.7 0 4.2 1.5t1.5 3.8q0 3-1.2 5.2t-3.1 2.1q-1.1 0-1.7-0.8t-0.4-1.9q0.1-0.6 0.5-1.7t0.5-1.8 0.2-1.4q0-0.9-0.5-1.5t-1.4-0.6q-1.1 0-1.9 1t-0.8 2.6q0 1.3 0.4 2.2l-1.8 7.5q-0.3 1.2-0.2 3.2-3.7-1.6-6-5t-2.3-7.6q0-3.7 1.9-6.9t5-5 6.9-1.9 6.9 1.9 5 5 1.8 6.9z\"\/><\/svg><\/span><span class=\"shariff-text\">merken<\/span>&nbsp;<\/a><\/li><li class=\"shariff-button mailto shariff-nocustomcolor\" style=\"background-color:#a8a8a8\"><a href=\"mailto:?body=https%3A%2F%2Fwww.backwinkel.de%2Fblog%2Fvom-reimwort-zum-gedicht%2F&subject=Vom%20Reimwort%20zum%20Gedicht\" title=\"Per E-Mail versenden\" aria-label=\"Per E-Mail versenden\" role=\"button\" rel=\"noopener nofollow\" class=\"shariff-link\" style=\"; background-color:#999; color:#fff\"><span class=\"shariff-icon\" style=\"\"><svg width=\"32px\" height=\"20px\" xmlns=\"http:\/\/www.w3.org\/2000\/svg\" viewBox=\"0 0 32 32\"><path fill=\"#999\" d=\"M32 12.7v14.2q0 1.2-0.8 2t-2 0.9h-26.3q-1.2 0-2-0.9t-0.8-2v-14.2q0.8 0.9 1.8 1.6 6.5 4.4 8.9 6.1 1 0.8 1.6 1.2t1.7 0.9 2 0.4h0.1q0.9 0 2-0.4t1.7-0.9 1.6-1.2q3-2.2 8.9-6.1 1-0.7 1.8-1.6zM32 7.4q0 1.4-0.9 2.7t-2.2 2.2q-6.7 4.7-8.4 5.8-0.2 0.1-0.7 0.5t-1 0.7-0.9 0.6-1.1 0.5-0.9 0.2h-0.1q-0.4 0-0.9-0.2t-1.1-0.5-0.9-0.6-1-0.7-0.7-0.5q-1.6-1.1-4.7-3.2t-3.6-2.6q-1.1-0.7-2.1-2t-1-2.5q0-1.4 0.7-2.3t2.1-0.9h26.3q1.2 0 2 0.8t0.9 2z\"\/><\/svg><\/span><span class=\"shariff-text\">E-Mail<\/span>&nbsp;<\/a><\/li><\/ul><\/div>\n<\/div><\/section><br \/>\n<div  class='tabcontainer av-jlq8shhr-81242121e684ca07ed7e4b689c7d9116 top_tab  avia-builder-el-56  el_after_av_textblock  el_before_av_hr '>\n<section class='av_tab_section av_tab_section av-4w8jsn-bbdf9e923dedb1db49ad7c5dc47ef632' ><div id='tab-id-1-tab' class='tab active_tab' role='tab' aria-selected=\"true\" tabindex=\"0\" data-fake-id='#tab-id-1' aria-controls='tab-id-1-content' >Das BACKWINKEL-Blog-Team:<\/div><div id='tab-id-1-content' class='tab_content active_tab_content' role='tabpanel' aria-labelledby='tab-id-1-tab' aria-hidden=\"false\"><div class='tab_inner_content invers-color' ><p>Gibts auch ein Gesicht hinter dem BACKWINKEL-Blog? Nat\u00fcrlich. Sogar f\u00fcnf \ud83d\ude0a. Wir \u2013 Lukas, Marvin und Tatjana \u2013 bespielen unseren Blog im LACHEN LEBEN LERNEN-Firmensitz in Hattingen.<br \/>\nLukas kennt Onlinemarketing wie seine Westentasche, w\u00e4hrend Marvin unseren Beitr\u00e4gen den passenden gestalterischen Rahmen gibt und Tatjana mit dem gr\u00fcnen Korrekturstift alles pr\u00fcfend be\u00e4ugt, was unsere Freelancerautorinnen Elisa und Christine (und gern auch Gastautoren) aus der Ferne f\u00fcr den BACKWINKEL-Blog nach ordentlicher Recherche schreiben.<br \/>\nGemeinsam suchen wir st\u00e4ndig nach neuen, aufregenden Themen rund um das Thema Bildung im Kiga, der Schule und zu Hause. Und weil Sie da an der Quelle sitzen, freuen wir uns auf Ihre konstruktiven R\u00fcckmeldungen und Anregungen an blog[@]backwinkel.de<br \/>\nViel Spa\u00df beim LACHEN LESEN LERNEN!<\/p>\n<\/div><\/div><\/section>\n<\/div><br \/>\n\n<style type=\"text\/css\" data-created_by=\"avia_inline_auto\" id=\"style-css-av-jkuvdh82-b6ea5d9aca5d02d0d62bf300de93e492\">\n#top .hr.av-jkuvdh82-b6ea5d9aca5d02d0d62bf300de93e492{\nmargin-top:10px;\nmargin-bottom:10px;\n}\n.hr.av-jkuvdh82-b6ea5d9aca5d02d0d62bf300de93e492 .hr-inner{\nwidth:500;\n}\n<\/style>\n<div  class='hr av-jkuvdh82-b6ea5d9aca5d02d0d62bf300de93e492 hr-custom  avia-builder-el-57  el_after_av_tab_container  el_before_av_heading  hr-left hr-icon-no'><span class='hr-inner inner-border-av-border-thin'><span class=\"hr-inner-style\"><\/span><\/span><\/div><br \/>\n\n<style type=\"text\/css\" data-created_by=\"avia_inline_auto\" id=\"style-css-av-2rgq8p-eea5960d1a3bca7958b11dcc59b35b67\">\n#top .av-special-heading.av-2rgq8p-eea5960d1a3bca7958b11dcc59b35b67{\npadding-bottom:10px;\n}\nbody .av-special-heading.av-2rgq8p-eea5960d1a3bca7958b11dcc59b35b67 .av-special-heading-tag .heading-char{\nfont-size:25px;\n}\n.av-special-heading.av-2rgq8p-eea5960d1a3bca7958b11dcc59b35b67 .av-subheading{\nfont-size:15px;\n}\n<\/style>\n<div  class='av-special-heading av-2rgq8p-eea5960d1a3bca7958b11dcc59b35b67 av-special-heading-h3 blockquote modern-quote  avia-builder-el-58  el_after_av_hr  el_before_av_blog '><h3 class='av-special-heading-tag '  >PASSENDE BEITR\u00c4GE<\/h3><div class=\"special-heading-border\"><div class=\"special-heading-inner-border\"><\/div><\/div><\/div><br \/>\n<div  data-slideshow-options=\"{&quot;animation&quot;:&quot;fade&quot;,&quot;autoplay&quot;:false,&quot;loop_autoplay&quot;:&quot;once&quot;,&quot;interval&quot;:5,&quot;loop_manual&quot;:&quot;manual-endless&quot;,&quot;autoplay_stopper&quot;:false,&quot;noNavigation&quot;:false,&quot;show_slide_delay&quot;:90}\" class='avia-content-slider avia-content-grid-active avia-content-slider1 avia-content-slider-odd  avia-builder-el-59  el_after_av_heading  avia-builder-el-last  av-slideshow-ui av-control-default   av-no-slider-navigation av-slideshow-manual av-loop-once av-loop-manual-endless ' ><div class=\"avia-content-slider-inner\"><div class=\"slide-entry-wrap\"><article class='slide-entry flex_column  post-entry post-entry-18633 slide-entry-overview slide-loop-1 slide-parity-odd  av_one_third first real-thumbnail posttype-post post-format-standard' ><a href='https:\/\/www.backwinkel.de\/blog\/plastik-recyceln\/' data-rel='slide-1' class='slide-image' title='Plastik recyceln'><img decoding=\"async\" fetchpriority=\"high\" width=\"1200\" height=\"628\" src=\"https:\/\/www.backwinkel.de\/blog\/wp-content\/uploads\/2026\/04\/04_Kiga_Plastik_nachhaltig_nutzen.jpg\" class=\"wp-image-18713 avia-img-lazy-loading-not-18713 attachment-no scaling size-no scaling wp-post-image\" alt=\"\" \/><\/a><div class=\"slide-content\"><header class=\"entry-content-header\" aria-label=\"Slide: Plastik recyceln\"><h3 class='slide-entry-title entry-title ' ><a href='https:\/\/www.backwinkel.de\/blog\/plastik-recyceln\/' title='Plastik recyceln'>Plastik recyceln<\/a><\/h3><span class=\"blog-categories minor-meta\"><a href=\"https:\/\/www.backwinkel.de\/blog\/category\/kindergarten-kita\/\" rel=\"tag\">Kindergarten<\/a> <\/span><span class=\"av-vertical-delimiter\"><\/span><\/header><div class='slide-entry-excerpt entry-content' >Biokunststoff f\u00fcr St\u00fchle, Materialboxen, Spielzeug und Rucks\u00e4cke<\/div><\/div><footer class=\"entry-footer\"><div class=\"slide-meta\"><time class='slide-meta-time updated' >14. April 2026<\/time><\/div><\/footer><\/article><article class='slide-entry flex_column  post-entry post-entry-18716 slide-entry-overview slide-loop-2 slide-parity-even  av_one_third  real-thumbnail posttype-post post-format-standard' ><a href='https:\/\/www.backwinkel.de\/blog\/rechnen-im-anfangsunterricht\/' data-rel='slide-1' class='slide-image' title='Rechnen im Anfangsunterricht'><img decoding=\"async\" fetchpriority=\"high\" width=\"1200\" height=\"628\" src=\"https:\/\/www.backwinkel.de\/blog\/wp-content\/uploads\/2026\/04\/04_Schule_Rechnen_anfangsunterricht.jpg\" class=\"wp-image-18748 avia-img-lazy-loading-not-18748 attachment-no scaling size-no scaling wp-post-image\" alt=\"\" \/><\/a><div class=\"slide-content\"><header class=\"entry-content-header\" aria-label=\"Slide: Rechnen im Anfangsunterricht\"><h3 class='slide-entry-title entry-title ' ><a href='https:\/\/www.backwinkel.de\/blog\/rechnen-im-anfangsunterricht\/' title='Rechnen im Anfangsunterricht'>Rechnen im Anfangsunterricht<\/a><\/h3><span class=\"blog-categories minor-meta\"><a href=\"https:\/\/www.backwinkel.de\/blog\/category\/schule-grundschule\/\" rel=\"tag\">Schule<\/a> <\/span><span class=\"av-vertical-delimiter\"><\/span><\/header><div class='slide-entry-excerpt entry-content' >Das Klassenzimmer als Lernlandschaft<\/div><\/div><footer class=\"entry-footer\"><div class=\"slide-meta\"><time class='slide-meta-time updated' >14. April 2026<\/time><\/div><\/footer><\/article><article class='slide-entry flex_column  post-entry post-entry-18372 slide-entry-overview slide-loop-3 slide-parity-odd  post-entry-last  av_one_third  real-thumbnail posttype-post post-format-standard' ><a href='https:\/\/www.backwinkel.de\/blog\/kranke-kinder-im-kindergarten\/' data-rel='slide-1' class='slide-image' title='Kranke Kinder im Kindergarten'><img decoding=\"async\" fetchpriority=\"high\" width=\"1200\" height=\"628\" src=\"https:\/\/www.backwinkel.de\/blog\/wp-content\/uploads\/2026\/03\/03_Kiga_Kranke_Kinder.jpg\" class=\"wp-image-18451 avia-img-lazy-loading-not-18451 attachment-no scaling size-no scaling wp-post-image\" alt=\"Thema: Kranke Kinder. Auf dem Bild ist ein krankes kleines M\u00e4dchen zu sehen. Eine Frau mit einem Fieberthermometer in der Hand sitzt neben ihr und hat die Hand auf der Stirn des M\u00e4dchens.\" \/><\/a><div class=\"slide-content\"><header class=\"entry-content-header\" aria-label=\"Slide: Kranke Kinder im Kindergarten\"><h3 class='slide-entry-title entry-title ' ><a href='https:\/\/www.backwinkel.de\/blog\/kranke-kinder-im-kindergarten\/' title='Kranke Kinder im Kindergarten'>Kranke Kinder im Kindergarten<\/a><\/h3><span class=\"blog-categories minor-meta\"><a href=\"https:\/\/www.backwinkel.de\/blog\/category\/kindergarten-kita\/\" rel=\"tag\">Kindergarten<\/a> <\/span><span class=\"av-vertical-delimiter\"><\/span><\/header><div class='slide-entry-excerpt entry-content' >Auswirkungen f\u00fcr Kinder, Eltern und Fachkr\u00e4fte<\/div><\/div><footer class=\"entry-footer\"><div class=\"slide-meta\"><time class='slide-meta-time updated' >9. M\u00e4rz 2026<\/time><\/div><\/footer><\/article><\/div><\/div><\/div><\/p><\/div>\n","protected":false},"excerpt":{"rendered":"<p>So entdecken Sie mit Kindern die Poesie hinter W\u00f6rtern <\/p>\n","protected":false},"author":1,"featured_media":15504,"comment_status":"closed","ping_status":"closed","sticky":false,"template":"","format":"standard","meta":{"inline_featured_image":false,"footnotes":""},"categories":[5],"tags":[],"class_list":["post-15451","post","type-post","status-publish","format-standard","has-post-thumbnail","hentry","category-kindergarten-kita"],"yoast_head":"<!-- This site is optimized with the Yoast SEO plugin v27.4 - https:\/\/yoast.com\/product\/yoast-seo-wordpress\/ -->\n<title>Reimen mit Kindergartenkindern | BACKWINKEL Blog<\/title>\n<meta name=\"description\" content=\"Dichten in der Kita: Reimw\u00f6rter finden, bekannte Reime neu gestalten, eigene Gedichte erfinden, Bonusmaterial inklusive \u00bb Jetzt lesen\" \/>\n<meta name=\"robots\" content=\"index, follow, max-snippet:-1, max-image-preview:large, max-video-preview:-1\" \/>\n<link rel=\"canonical\" href=\"https:\/\/www.backwinkel.de\/blog\/vom-reimwort-zum-gedicht\/\" \/>\n<meta property=\"og:locale\" content=\"de_DE\" \/>\n<meta property=\"og:type\" content=\"article\" \/>\n<meta property=\"og:title\" content=\"Reimen mit Kindergartenkindern | BACKWINKEL Blog\" \/>\n<meta property=\"og:description\" content=\"Dichten in der Kita: Reimw\u00f6rter finden, bekannte Reime neu gestalten, eigene Gedichte erfinden, Bonusmaterial inklusive \u00bb Jetzt lesen\" \/>\n<meta property=\"og:url\" content=\"https:\/\/www.backwinkel.de\/blog\/vom-reimwort-zum-gedicht\/\" \/>\n<meta property=\"og:site_name\" content=\"BACKWINKEL Blog\" \/>\n<meta property=\"article:published_time\" content=\"2024-11-11T08:15:42+00:00\" \/>\n<meta property=\"article:modified_time\" content=\"2026-04-27T06:14:37+00:00\" \/>\n<meta property=\"og:image\" content=\"https:\/\/www.backwinkel.de\/blog\/wp-content\/uploads\/2024\/11\/Reimen_poesie-heroimage.jpg\" \/>\n\t<meta property=\"og:image:width\" content=\"1200\" \/>\n\t<meta property=\"og:image:height\" content=\"628\" \/>\n\t<meta property=\"og:image:type\" content=\"image\/jpeg\" \/>\n<meta name=\"author\" content=\"admin_backwinkel\" \/>\n<meta name=\"twitter:card\" content=\"summary_large_image\" \/>\n<meta name=\"twitter:label1\" content=\"Verfasst von\" \/>\n\t<meta name=\"twitter:data1\" content=\"admin_backwinkel\" \/>\n\t<meta name=\"twitter:label2\" content=\"Gesch\u00e4tzte Lesezeit\" \/>\n\t<meta name=\"twitter:data2\" content=\"19\u00a0Minuten\" \/>\n<script type=\"application\/ld+json\" class=\"yoast-schema-graph\">{\"@context\":\"https:\\\/\\\/schema.org\",\"@graph\":[{\"@type\":\"Article\",\"@id\":\"https:\\\/\\\/www.backwinkel.de\\\/blog\\\/vom-reimwort-zum-gedicht\\\/#article\",\"isPartOf\":{\"@id\":\"https:\\\/\\\/www.backwinkel.de\\\/blog\\\/vom-reimwort-zum-gedicht\\\/\"},\"author\":{\"name\":\"admin_backwinkel\",\"@id\":\"https:\\\/\\\/www.backwinkel.de\\\/blog\\\/#\\\/schema\\\/person\\\/88b842297c0e471020a66f4476633cf2\"},\"headline\":\"Vom Reimwort zum Gedicht\",\"datePublished\":\"2024-11-11T08:15:42+00:00\",\"dateModified\":\"2026-04-27T06:14:37+00:00\",\"mainEntityOfPage\":{\"@id\":\"https:\\\/\\\/www.backwinkel.de\\\/blog\\\/vom-reimwort-zum-gedicht\\\/\"},\"wordCount\":7098,\"image\":{\"@id\":\"https:\\\/\\\/www.backwinkel.de\\\/blog\\\/vom-reimwort-zum-gedicht\\\/#primaryimage\"},\"thumbnailUrl\":\"https:\\\/\\\/www.backwinkel.de\\\/blog\\\/wp-content\\\/uploads\\\/2024\\\/11\\\/Reimen_poesie-heroimage.jpg\",\"articleSection\":[\"Kindergarten\"],\"inLanguage\":\"de\"},{\"@type\":\"WebPage\",\"@id\":\"https:\\\/\\\/www.backwinkel.de\\\/blog\\\/vom-reimwort-zum-gedicht\\\/\",\"url\":\"https:\\\/\\\/www.backwinkel.de\\\/blog\\\/vom-reimwort-zum-gedicht\\\/\",\"name\":\"Reimen mit Kindergartenkindern | BACKWINKEL Blog\",\"isPartOf\":{\"@id\":\"https:\\\/\\\/www.backwinkel.de\\\/blog\\\/#website\"},\"primaryImageOfPage\":{\"@id\":\"https:\\\/\\\/www.backwinkel.de\\\/blog\\\/vom-reimwort-zum-gedicht\\\/#primaryimage\"},\"image\":{\"@id\":\"https:\\\/\\\/www.backwinkel.de\\\/blog\\\/vom-reimwort-zum-gedicht\\\/#primaryimage\"},\"thumbnailUrl\":\"https:\\\/\\\/www.backwinkel.de\\\/blog\\\/wp-content\\\/uploads\\\/2024\\\/11\\\/Reimen_poesie-heroimage.jpg\",\"datePublished\":\"2024-11-11T08:15:42+00:00\",\"dateModified\":\"2026-04-27T06:14:37+00:00\",\"author\":{\"@id\":\"https:\\\/\\\/www.backwinkel.de\\\/blog\\\/#\\\/schema\\\/person\\\/88b842297c0e471020a66f4476633cf2\"},\"description\":\"Dichten in der Kita: Reimw\u00f6rter finden, bekannte Reime neu gestalten, eigene Gedichte erfinden, Bonusmaterial inklusive \u00bb Jetzt lesen\",\"breadcrumb\":{\"@id\":\"https:\\\/\\\/www.backwinkel.de\\\/blog\\\/vom-reimwort-zum-gedicht\\\/#breadcrumb\"},\"inLanguage\":\"de\",\"potentialAction\":[{\"@type\":\"ReadAction\",\"target\":[\"https:\\\/\\\/www.backwinkel.de\\\/blog\\\/vom-reimwort-zum-gedicht\\\/\"]}]},{\"@type\":\"ImageObject\",\"inLanguage\":\"de\",\"@id\":\"https:\\\/\\\/www.backwinkel.de\\\/blog\\\/vom-reimwort-zum-gedicht\\\/#primaryimage\",\"url\":\"https:\\\/\\\/www.backwinkel.de\\\/blog\\\/wp-content\\\/uploads\\\/2024\\\/11\\\/Reimen_poesie-heroimage.jpg\",\"contentUrl\":\"https:\\\/\\\/www.backwinkel.de\\\/blog\\\/wp-content\\\/uploads\\\/2024\\\/11\\\/Reimen_poesie-heroimage.jpg\",\"width\":1200,\"height\":628},{\"@type\":\"BreadcrumbList\",\"@id\":\"https:\\\/\\\/www.backwinkel.de\\\/blog\\\/vom-reimwort-zum-gedicht\\\/#breadcrumb\",\"itemListElement\":[{\"@type\":\"ListItem\",\"position\":1,\"name\":\"Startseite\",\"item\":\"https:\\\/\\\/blog.backwinkel.de\\\/aktuelles\\\/\"},{\"@type\":\"ListItem\",\"position\":2,\"name\":\"Vom Reimwort zum Gedicht\"}]},{\"@type\":\"WebSite\",\"@id\":\"https:\\\/\\\/www.backwinkel.de\\\/blog\\\/#website\",\"url\":\"https:\\\/\\\/www.backwinkel.de\\\/blog\\\/\",\"name\":\"BACKWINKEL Blog\",\"description\":\"f\u00fcr Lehrer, Erzieher und Eltern\",\"potentialAction\":[{\"@type\":\"SearchAction\",\"target\":{\"@type\":\"EntryPoint\",\"urlTemplate\":\"https:\\\/\\\/www.backwinkel.de\\\/blog\\\/?s={search_term_string}\"},\"query-input\":{\"@type\":\"PropertyValueSpecification\",\"valueRequired\":true,\"valueName\":\"search_term_string\"}}],\"inLanguage\":\"de\"},{\"@type\":\"Person\",\"@id\":\"https:\\\/\\\/www.backwinkel.de\\\/blog\\\/#\\\/schema\\\/person\\\/88b842297c0e471020a66f4476633cf2\",\"name\":\"admin_backwinkel\",\"url\":\"https:\\\/\\\/www.backwinkel.de\\\/blog\\\/author\\\/admin_backwinkel\\\/\"}]}<\/script>\n<!-- \/ Yoast SEO plugin. -->","yoast_head_json":{"title":"Reimen mit Kindergartenkindern | BACKWINKEL Blog","description":"Dichten in der Kita: Reimw\u00f6rter finden, bekannte Reime neu gestalten, eigene Gedichte erfinden, Bonusmaterial inklusive \u00bb Jetzt lesen","robots":{"index":"index","follow":"follow","max-snippet":"max-snippet:-1","max-image-preview":"max-image-preview:large","max-video-preview":"max-video-preview:-1"},"canonical":"https:\/\/www.backwinkel.de\/blog\/vom-reimwort-zum-gedicht\/","og_locale":"de_DE","og_type":"article","og_title":"Reimen mit Kindergartenkindern | BACKWINKEL Blog","og_description":"Dichten in der Kita: Reimw\u00f6rter finden, bekannte Reime neu gestalten, eigene Gedichte erfinden, Bonusmaterial inklusive \u00bb Jetzt lesen","og_url":"https:\/\/www.backwinkel.de\/blog\/vom-reimwort-zum-gedicht\/","og_site_name":"BACKWINKEL Blog","article_published_time":"2024-11-11T08:15:42+00:00","article_modified_time":"2026-04-27T06:14:37+00:00","og_image":[{"width":1200,"height":628,"url":"https:\/\/www.backwinkel.de\/blog\/wp-content\/uploads\/2024\/11\/Reimen_poesie-heroimage.jpg","type":"image\/jpeg"}],"author":"admin_backwinkel","twitter_card":"summary_large_image","twitter_misc":{"Verfasst von":"admin_backwinkel","Gesch\u00e4tzte Lesezeit":"19\u00a0Minuten"},"schema":{"@context":"https:\/\/schema.org","@graph":[{"@type":"Article","@id":"https:\/\/www.backwinkel.de\/blog\/vom-reimwort-zum-gedicht\/#article","isPartOf":{"@id":"https:\/\/www.backwinkel.de\/blog\/vom-reimwort-zum-gedicht\/"},"author":{"name":"admin_backwinkel","@id":"https:\/\/www.backwinkel.de\/blog\/#\/schema\/person\/88b842297c0e471020a66f4476633cf2"},"headline":"Vom Reimwort zum Gedicht","datePublished":"2024-11-11T08:15:42+00:00","dateModified":"2026-04-27T06:14:37+00:00","mainEntityOfPage":{"@id":"https:\/\/www.backwinkel.de\/blog\/vom-reimwort-zum-gedicht\/"},"wordCount":7098,"image":{"@id":"https:\/\/www.backwinkel.de\/blog\/vom-reimwort-zum-gedicht\/#primaryimage"},"thumbnailUrl":"https:\/\/www.backwinkel.de\/blog\/wp-content\/uploads\/2024\/11\/Reimen_poesie-heroimage.jpg","articleSection":["Kindergarten"],"inLanguage":"de"},{"@type":"WebPage","@id":"https:\/\/www.backwinkel.de\/blog\/vom-reimwort-zum-gedicht\/","url":"https:\/\/www.backwinkel.de\/blog\/vom-reimwort-zum-gedicht\/","name":"Reimen mit Kindergartenkindern | BACKWINKEL Blog","isPartOf":{"@id":"https:\/\/www.backwinkel.de\/blog\/#website"},"primaryImageOfPage":{"@id":"https:\/\/www.backwinkel.de\/blog\/vom-reimwort-zum-gedicht\/#primaryimage"},"image":{"@id":"https:\/\/www.backwinkel.de\/blog\/vom-reimwort-zum-gedicht\/#primaryimage"},"thumbnailUrl":"https:\/\/www.backwinkel.de\/blog\/wp-content\/uploads\/2024\/11\/Reimen_poesie-heroimage.jpg","datePublished":"2024-11-11T08:15:42+00:00","dateModified":"2026-04-27T06:14:37+00:00","author":{"@id":"https:\/\/www.backwinkel.de\/blog\/#\/schema\/person\/88b842297c0e471020a66f4476633cf2"},"description":"Dichten in der Kita: Reimw\u00f6rter finden, bekannte Reime neu gestalten, eigene Gedichte erfinden, Bonusmaterial inklusive \u00bb Jetzt lesen","breadcrumb":{"@id":"https:\/\/www.backwinkel.de\/blog\/vom-reimwort-zum-gedicht\/#breadcrumb"},"inLanguage":"de","potentialAction":[{"@type":"ReadAction","target":["https:\/\/www.backwinkel.de\/blog\/vom-reimwort-zum-gedicht\/"]}]},{"@type":"ImageObject","inLanguage":"de","@id":"https:\/\/www.backwinkel.de\/blog\/vom-reimwort-zum-gedicht\/#primaryimage","url":"https:\/\/www.backwinkel.de\/blog\/wp-content\/uploads\/2024\/11\/Reimen_poesie-heroimage.jpg","contentUrl":"https:\/\/www.backwinkel.de\/blog\/wp-content\/uploads\/2024\/11\/Reimen_poesie-heroimage.jpg","width":1200,"height":628},{"@type":"BreadcrumbList","@id":"https:\/\/www.backwinkel.de\/blog\/vom-reimwort-zum-gedicht\/#breadcrumb","itemListElement":[{"@type":"ListItem","position":1,"name":"Startseite","item":"https:\/\/blog.backwinkel.de\/aktuelles\/"},{"@type":"ListItem","position":2,"name":"Vom Reimwort zum Gedicht"}]},{"@type":"WebSite","@id":"https:\/\/www.backwinkel.de\/blog\/#website","url":"https:\/\/www.backwinkel.de\/blog\/","name":"BACKWINKEL Blog","description":"f\u00fcr Lehrer, Erzieher und Eltern","potentialAction":[{"@type":"SearchAction","target":{"@type":"EntryPoint","urlTemplate":"https:\/\/www.backwinkel.de\/blog\/?s={search_term_string}"},"query-input":{"@type":"PropertyValueSpecification","valueRequired":true,"valueName":"search_term_string"}}],"inLanguage":"de"},{"@type":"Person","@id":"https:\/\/www.backwinkel.de\/blog\/#\/schema\/person\/88b842297c0e471020a66f4476633cf2","name":"admin_backwinkel","url":"https:\/\/www.backwinkel.de\/blog\/author\/admin_backwinkel\/"}]}},"_links":{"self":[{"href":"https:\/\/www.backwinkel.de\/blog\/wp-json\/wp\/v2\/posts\/15451","targetHints":{"allow":["GET"]}}],"collection":[{"href":"https:\/\/www.backwinkel.de\/blog\/wp-json\/wp\/v2\/posts"}],"about":[{"href":"https:\/\/www.backwinkel.de\/blog\/wp-json\/wp\/v2\/types\/post"}],"author":[{"embeddable":true,"href":"https:\/\/www.backwinkel.de\/blog\/wp-json\/wp\/v2\/users\/1"}],"replies":[{"embeddable":true,"href":"https:\/\/www.backwinkel.de\/blog\/wp-json\/wp\/v2\/comments?post=15451"}],"version-history":[{"count":3,"href":"https:\/\/www.backwinkel.de\/blog\/wp-json\/wp\/v2\/posts\/15451\/revisions"}],"predecessor-version":[{"id":19006,"href":"https:\/\/www.backwinkel.de\/blog\/wp-json\/wp\/v2\/posts\/15451\/revisions\/19006"}],"wp:featuredmedia":[{"embeddable":true,"href":"https:\/\/www.backwinkel.de\/blog\/wp-json\/wp\/v2\/media\/15504"}],"wp:attachment":[{"href":"https:\/\/www.backwinkel.de\/blog\/wp-json\/wp\/v2\/media?parent=15451"}],"wp:term":[{"taxonomy":"category","embeddable":true,"href":"https:\/\/www.backwinkel.de\/blog\/wp-json\/wp\/v2\/categories?post=15451"},{"taxonomy":"post_tag","embeddable":true,"href":"https:\/\/www.backwinkel.de\/blog\/wp-json\/wp\/v2\/tags?post=15451"}],"curies":[{"name":"wp","href":"https:\/\/api.w.org\/{rel}","templated":true}]}}