{"id":15257,"date":"2024-10-14T16:15:42","date_gmt":"2024-10-14T14:15:42","guid":{"rendered":"https:\/\/www.backwinkel.de\/blog\/?p=15257"},"modified":"2026-04-27T08:17:52","modified_gmt":"2026-04-27T06:17:52","slug":"brandschutz-im-kindergarten","status":"publish","type":"post","link":"https:\/\/www.backwinkel.de\/blog\/brandschutz-im-kindergarten\/","title":{"rendered":"Brandschutz im Kindergarten"},"content":{"rendered":"\n<style type=\"text\/css\" data-created_by=\"avia_inline_auto\" id=\"style-css-av-8vdv8-f7e0dae999cc49bc529a70f67b346526\">\n.flex_column.av-8vdv8-f7e0dae999cc49bc529a70f67b346526{\nborder-radius:0px 0px 0px 0px;\npadding:0px 0px 0px 0px;\n}\n<\/style>\n<div  class='flex_column av-8vdv8-f7e0dae999cc49bc529a70f67b346526 av_one_full  avia-builder-el-0  el_before_av_three_fifth  avia-builder-el-first  first flex_column_div av-zero-column-padding  '     ><p>\n<style type=\"text\/css\" data-created_by=\"avia_inline_auto\" id=\"style-css-av-jl6mo8rj-605eccf9df0dce9c3ffb6a57636da99d\">\n#top .hr.hr-invisible.av-jl6mo8rj-605eccf9df0dce9c3ffb6a57636da99d{\nmargin-top:0px;\nheight:1px;\n}\n<\/style>\n<div  class='hr av-jl6mo8rj-605eccf9df0dce9c3ffb6a57636da99d hr-invisible  avia-builder-el-1  el_before_av_heading  avia-builder-el-first '><span class='hr-inner '><span class=\"hr-inner-style\"><\/span><\/span><\/div><br \/>\n\n<style type=\"text\/css\" data-created_by=\"avia_inline_auto\" id=\"style-css-av-27gdg7-4cea7cc12685849a2c6c8c1a5d8583f6\">\n#top .av-special-heading.av-27gdg7-4cea7cc12685849a2c6c8c1a5d8583f6{\npadding-bottom:10px;\n}\nbody .av-special-heading.av-27gdg7-4cea7cc12685849a2c6c8c1a5d8583f6 .av-special-heading-tag .heading-char{\nfont-size:25px;\n}\n.av-special-heading.av-27gdg7-4cea7cc12685849a2c6c8c1a5d8583f6 .av-subheading{\nfont-size:15px;\n}\n<\/style>\n<div  class='av-special-heading av-27gdg7-4cea7cc12685849a2c6c8c1a5d8583f6 av-special-heading-h1 blockquote modern-quote  avia-builder-el-2  el_after_av_hr  el_before_av_post_metadata  av-linked-heading'><h1 class='av-special-heading-tag '  >Brandschutz im Kindergarten \u2013 so behalten Sie einen k\u00fchlen Kopf <\/h1><div class='av-subheading av-subheading_below'><p class=\"autorenname\">Elisa Morel<\/p>\n<\/div><div class=\"special-heading-border\"><div class=\"special-heading-inner-border\"><\/div><\/div><\/div><br \/>\n\n<style type=\"text\/css\" data-created_by=\"avia_inline_auto\" id=\"style-css-av-1gi55yx-5179a0503282a78e6b77c459a84943e3\">\n#top .av-post-metadata-container.av-1gi55yx-5179a0503282a78e6b77c459a84943e3{\nfont-size:12px;\n}\n#top .av-post-metadata-container.av-1gi55yx-5179a0503282a78e6b77c459a84943e3 .av-post-metadata-container-inner{\nfont-size:12px;\n}\n<\/style>\n<div  class='av-post-metadata-container av-1gi55yx-5179a0503282a78e6b77c459a84943e3 av-metadata-container-align-left  avia-builder-el-3  el_after_av_heading  el_before_av_textblock  av-metadata-container-1'><div class='av-post-metadata-container-inner'><span class=\"av-post-metadata-content av-post-metadata-meta-content\"><span class=\"av-post-metadata-content av-post-metadata-modified\"><span class=\"av-metadata-before av-metadata-before-modified\">Aktualisiert:<\/span><span class=\"av-post-metadata-modified-date\" >27. April 2026<\/span><\/span><span class=\"av-post-metadata-content av-post-metadata-separator\">\/<\/span><span class=\"av-post-metadata-content av-post-metadata-modified\"><span class=\"av-metadata-before av-metadata-before-modified\">Zuletzt aktualisiert:<\/span><span class=\"av-post-metadata-modified-date\" >27. April 2026<\/span><\/span><\/span><\/div><\/div><br \/>\n\n<style type=\"text\/css\" data-created_by=\"avia_inline_auto\" id=\"style-css-av-jkuubohz-bbd292769511b836e32d8da8e9450d9c\">\n#top .av_textblock_section.av-jkuubohz-bbd292769511b836e32d8da8e9450d9c .avia_textblock{\nfont-size:20px;\n}\n<\/style>\n<section  class='av_textblock_section av-jkuubohz-bbd292769511b836e32d8da8e9450d9c '  ><div class='avia_textblock' ><p>Ein ausgewachsener Brand im Kindergarten ist ein Super-GAU f\u00fcr alle Beteiligten und kommt gl\u00fccklicherweise selten vor. Ausgeschlossen werden kann ein Feuer allerdings nicht. Damit m\u00f6glichst niemand zu Schaden kommt, sind Brandschutzkonzepte und Brandschutzerziehung essenziell.<\/p>\n<\/div><\/section><br \/>\n\n<style type=\"text\/css\" data-created_by=\"avia_inline_auto\" id=\"style-css-av-jkuuo5h6-9427aeec70daddb21ece42ceae1aaa10\">\n.avia-image-container.av-jkuuo5h6-9427aeec70daddb21ece42ceae1aaa10 img.avia_image{\nbox-shadow:none;\n}\n.avia-image-container.av-jkuuo5h6-9427aeec70daddb21ece42ceae1aaa10 .av-image-caption-overlay-center{\ncolor:#ffffff;\n}\n<\/style>\n<div  class='avia-image-container av-jkuuo5h6-9427aeec70daddb21ece42ceae1aaa10 av-styling- avia-align-center  avia-builder-el-5  el_after_av_textblock  el_before_av_hr '  ><div class=\"avia-image-container-inner\"><div class=\"avia-image-overlay-wrap\"><img decoding=\"async\" fetchpriority=\"high\" class='wp-image-15311 avia-img-lazy-loading-not-15311 avia_image ' src=\"https:\/\/www.backwinkel.de\/blog\/wp-content\/uploads\/2024\/10\/Brandschutz-heroimage.jpg\" alt='' title='Brandschutz-heroimage'  height=\"628\" width=\"1200\"  \/><\/div><\/div><\/div><br \/>\n\n<style type=\"text\/css\" data-created_by=\"avia_inline_auto\" id=\"style-css-av-jl6mo8rj-22-7487f0754a981739ab003e89aabaa170\">\n#top .hr.hr-invisible.av-jl6mo8rj-22-7487f0754a981739ab003e89aabaa170{\nheight:5px;\n}\n<\/style>\n<div  class='hr av-jl6mo8rj-22-7487f0754a981739ab003e89aabaa170 hr-invisible  avia-builder-el-6  el_after_av_image  el_before_av_textblock '><span class='hr-inner '><span class=\"hr-inner-style\"><\/span><\/span><\/div><br \/>\n\n<style type=\"text\/css\" data-created_by=\"avia_inline_auto\" id=\"style-css-av-jl7ql86y-0004168ca5c1e8188cabe38926610bb2\">\n#top .av_textblock_section.av-jl7ql86y-0004168ca5c1e8188cabe38926610bb2 .avia_textblock{\nfont-size:10px;\n}\n<\/style>\n<section  class='av_textblock_section av-jl7ql86y-0004168ca5c1e8188cabe38926610bb2 '  ><div class='avia_textblock' ><p class=\"bildnennung-beitrag\" style=\"text-align: left;\">\u00a9 ADOBE Stock<\/p>\n<\/div><\/section><br \/>\n\n<style type=\"text\/css\" data-created_by=\"avia_inline_auto\" id=\"style-css-av-jl6mo8rj-20-0a5ac640218ac986cc09276001136948\">\n#top .hr.hr-invisible.av-jl6mo8rj-20-0a5ac640218ac986cc09276001136948{\nheight:20px;\n}\n<\/style>\n<div  class='hr av-jl6mo8rj-20-0a5ac640218ac986cc09276001136948 hr-invisible  avia-builder-el-8  el_after_av_textblock  el_before_av_textblock '><span class='hr-inner '><span class=\"hr-inner-style\"><\/span><\/span><\/div><br \/>\n<section  class='av_textblock_section av-jkuubohz-21-75c91343a207bf8690976a030a515e24 '  ><div class='avia_textblock' ><p>In diesem Beitrag erfahren Sie, was ein gutes Brandschutzkonzept beinhaltet, wie Sie und Ihre Kinder sich im Brandfall korrekt verhalten, wie Sie Gefahrenquellen minimieren und eine umfassende Brandschutzerziehung f\u00fcr die Kleinen sicherstellen. Checkliste inklusive.<\/p>\n<\/div><\/section><\/p><\/div>\n<style type=\"text\/css\" data-created_by=\"avia_inline_auto\" id=\"style-css-av-swqf9-6bb490ea0cbb171c9d159bb967226129\">\n.flex_column.av-swqf9-6bb490ea0cbb171c9d159bb967226129{\nborder-radius:0px 0px 0px 0px;\npadding:20px 20px 20px 20px;\nbackground-color:#f2f2f2;\n}\n<\/style>\n<div  class='flex_column av-swqf9-6bb490ea0cbb171c9d159bb967226129 av_three_fifth  avia-builder-el-10  el_after_av_one_full  el_before_av_two_fifth  first flex_column_div  column-top-margin'     ><style type=\"text\/css\" data-created_by=\"avia_inline_auto\" id=\"style-css-av-jkuua5r2-f1beb4b164a3aefc9a751750d41d5b8e\">\n#top .av_textblock_section.av-jkuua5r2-f1beb4b164a3aefc9a751750d41d5b8e .avia_textblock{\nfont-size:14px;\n}\n<\/style>\n<section  class='av_textblock_section av-jkuua5r2-f1beb4b164a3aefc9a751750d41d5b8e '  ><div class='avia_textblock' ><p><strong>Inhalt<\/strong><\/p>\n<p><strong><a href=\"#1\">1. Brandschutz im Kindergarten<\/a><br \/>\n<\/strong>1.1. Brandschutzkonzepte f\u00fcr die Kita<br \/>\n1.2. Brandschutzhelfende im Kindergarten<\/p>\n<p><strong><a href=\"#2\">2. Gefahrenquellen f\u00fcr ein Feuer im Kindergarten <\/a><br \/>\n<\/strong>2.1. Gefahrenquelle Feuer<br \/>\n2.2. Gefahrenquelle Rauch<\/p>\n<p><strong><a href=\"#3\">3. Brandschutzerziehung f\u00fcr die Kleinsten<\/a><br \/>\n<\/strong>3.1. Kinderb\u00fccher zum Thema \u201eEs brennt!\u201c<br \/>\n3.2. Das Element Feuer kennenlernen<br \/>\n3.3. Einen Notruf bei der Feuerwehr machen<br \/>\n3.4. Ein Besuch bei der Feuerwehr<\/p>\n<p><strong><a href=\"#4\">4. Brandschutz\u00fcbung im Kindergarten<\/a><\/strong><\/p>\n<\/div><\/section><\/div><\/p>\n\n<style type=\"text\/css\" data-created_by=\"avia_inline_auto\" id=\"style-css-av-2532d-6e1ea05e25305745634c0a02c87dc827\">\n.flex_column.av-2532d-6e1ea05e25305745634c0a02c87dc827{\nborder-radius:0px 0px 0px 0px;\npadding:0 0 0 0;\n}\n<\/style>\n<div  class='flex_column av-2532d-6e1ea05e25305745634c0a02c87dc827 av_two_fifth  avia-builder-el-12  el_after_av_three_fifth  el_before_av_sidebar  flex_column_div av-zero-column-padding  column-top-margin'     ><\/div>\n<div  class='avia-builder-widget-area clearfix  avia-builder-el-13  el_after_av_two_fifth  el_before_av_one_full '><div id=\"text-33\" class=\"widget clearfix widget_text\">\t\t\t<div class=\"textwidget\"><p><a href=\"https:\/\/www.backwinkel.de\/nachhaltig-denken\/\" target=\"\\_blank\" rel=\"noopener\"><br \/>\n<img decoding=\"async\" class=\"werbung-desktop alignnone wp-image-4186 size-full\" src=\"https:\/\/www.backwinkel.de\/blog\/wp-content\/uploads\/2026\/04\/Backwinkel-blog-werbebanner-shop-kita-schule_desktop.jpg\" alt=\"\" width=\"1251\" height=\"201\" \/><br \/>\n<\/a><br \/>\n<a href=\"https:\/\/www.backwinkel.de\/nachhaltig-denken\/\" target=\"\\_blank\" rel=\"noopener\"><br \/>\n<img decoding=\"async\" class=\"werbung-mobile alignnone wp-image-4187 size-full\" src=\"https:\/\/www.backwinkel.de\/blog\/wp-content\/uploads\/2026\/04\/Backwinkel-blog-werbebanner-shop-kiga-schule_mobile.jpg\" alt=\"\" width=\"550\" height=\"500\" \/><br \/>\n<\/a><\/p>\n<\/div>\n\t\t<\/div><\/div>\n\n<style type=\"text\/css\" data-created_by=\"avia_inline_auto\" id=\"style-css-av-hh5al-9c53459d093ff912fcc98cf97e19d753\">\n.flex_column.av-hh5al-9c53459d093ff912fcc98cf97e19d753{\nborder-radius:0px 0px 0px 0px;\npadding:0px 0px 0px 0px;\n}\n<\/style>\n<div  class='flex_column av-hh5al-9c53459d093ff912fcc98cf97e19d753 av_one_full  avia-builder-el-14  el_after_av_sidebar  el_before_av_one_full  first flex_column_div av-zero-column-padding  '     ><section  class='av_textblock_section av-jkuul0eg-c8007ced910eec869d85a4d2f40b896b '  ><div class='avia_textblock' >\n<style type=\"text\/css\" data-created_by=\"avia_inline_auto\" id=\"style-css-av-7c7r8-1ad3209b7b9ea9c60cc97e362d76ea5e\">\n#top .hr.hr-invisible.av-7c7r8-1ad3209b7b9ea9c60cc97e362d76ea5e{\nheight:20px;\n}\n<\/style>\n<div  class='hr av-7c7r8-1ad3209b7b9ea9c60cc97e362d76ea5e hr-invisible  avia-builder-el-16  avia-builder-el-no-sibling '><span class='hr-inner '><span class=\"hr-inner-style\"><\/span><\/span><\/div>\n<h2 id=\"1\" class=\"position\"><strong>Brandschutz im Kindergarten <\/strong><\/h2>\n<p>Nat\u00fcrlich hofft jeder, dass der Ernstfall niemals eintritt. Trotzdem kann ein Feuer im Kindergarten jederzeit ausbrechen, denn Gefahrenquellen lassen sich vor allem im Kita-Alltag niemals zu 100 % ausschlie\u00dfen. Daher ist es unerl\u00e4sslich, dass Sie und Ihre Kinder darauf <strong>vorbereitet<\/strong> sind, damit jeder wei\u00df, was er tun muss. So minimieren Sie die Risiken und sorgen daf\u00fcr, dass im besten Fall nur Sachsch\u00e4den entstehen.<\/p>\n<p><strong>Schon gewusst?<\/strong> Jeder dritte Brand wird durch ein Kind verursacht.<\/p>\n<p><strong>Das Verhalten von Kindern im Brandfall <\/strong><\/p>\n<p>Kinder verhalten sich oft nicht so (rational) wie Erwachsene \u2013 und erst recht nicht in einer Gefahrensituation. Umso wichtiger ist es, dass Sie gemeinsam das richtige Verhalten \u00fcben, damit es Ihren Kleinen in Fleisch und Blut \u00fcbergeht.<\/p>\n<p>Daf\u00fcr ist es hilfreich, wenn die Kinder <strong>verstehen<\/strong>, welches Verhalten richtig ist, welches nicht, und warum, denn aus <strong>kindlicher Perspektive<\/strong> z\u00e4hlen vielleicht andere Dinge wie die <strong>Rettung eines Kuscheltiers<\/strong>. Oder aber die Kinder denken, wenn sie sich <strong>verstecken<\/strong>, \u201efindet\u201c das Feuer sie nicht.<\/p>\n<p>Das sind nat\u00fcrlich gef\u00e4hrliche Trugschl\u00fcsse, die Sie aufl\u00f6sen m\u00fcssen. (Wert-)Gegenst\u00e4nde sind verzichtbar, und bei einem Feuer hilft eine schnelle, aber besonnene Flucht am besten. Auch alle Erwachsenen, die in der Kita arbeiten, m\u00fcssen wissen, wie sie sich im Brandfall verhalten. Dazu geh\u00f6ren z. B.:<\/p>\n<ul>\n<li>das Kennen des Brandschutzkonzepts<\/li>\n<li>das Vorhandensein eines Brandschutzbeauftragten<\/li>\n<li>das Wissen um Fluchtwege und Sammelpunkte<\/li>\n<li>Kenntnis \u00fcber Position und richtige Handhabung der Feuerl\u00f6scher<\/li>\n<\/ul>\n<p><strong>Brandschutzkonzepte f\u00fcr die Kita <\/strong><\/p>\n<p>Ein Brandschutzkonzept fasst alle <strong>Ma\u00dfnahmen zur Brandpr\u00e4vention<\/strong> sowie f\u00fcr das <strong>Verhalten im Brandfall<\/strong> zusammen. Grundlage f\u00fcr ein solches Konzept ist die <strong>Gef\u00e4hrdungsbeurteilung<\/strong>, die von Brandschutzbeauftragten oder der Feuerwehr vorgenommen wird.<\/p>\n<p>Wahrscheinlich verf\u00fcgen Sie bereits \u00fcber ein Brandschutzkonzept, das Sie trotzdem regelm\u00e4\u00dfig <strong>\u00fcberpr\u00fcfen<\/strong> und ggf. <strong>aktualisieren<\/strong>. Sollte kein Konzept bestehen, wenden Sie sich an Ihren Tr\u00e4ger. F\u00fcr die Erstellung eines Brandschutzkonzepts ist es empfehlenswert, sich <strong>professionelle Unterst\u00fctzung<\/strong> an Bord zu holen, z. B. durch die Feuerwehr, die Baubeh\u00f6rde oder ein Brandschutz-Unternehmen. Auch Fachkr\u00e4fte f\u00fcr Arbeitssicherheit k\u00f6nnen Sie beraten, und auch Fachh\u00e4ndler helfen Ihnen weiter, beispielsweise bei Fragen wund um die Ausstattung mit Rauchwarnmeldern und Feuerl\u00f6schern.<\/p>\n<\/div><\/section><\/div>\n\n<style type=\"text\/css\" data-created_by=\"avia_inline_auto\" id=\"style-css-av-4yvmv8i-e3114a44d106d7a216524243362fbd04\">\n.flex_column.av-4yvmv8i-e3114a44d106d7a216524243362fbd04{\nborder-radius:0px 0px 0px 0px;\npadding:0px 0px 0px 0px;\n}\n<\/style>\n<div  class='flex_column av-4yvmv8i-e3114a44d106d7a216524243362fbd04 av_one_full  avia-builder-el-17  el_after_av_one_full  el_before_av_hr  first flex_column_div av-zero-column-padding  column-top-margin'     ><section  class='av_textblock_section av-ly730tix-9a0d4174c8178a7cf971c760e30f8c39 '  ><div class='avia_textblock infoboxGreen' ><p><strong>Tipp<\/strong>: Gerade f\u00fcr Detailfragen, die Ihnen selbst vielleicht aufgrund mangelnder Routine gar nicht einfallen, ist die Beratung durch Fachkr\u00e4fte ideal. Das betrifft z. B. die Art und Anbringung von Feuerl\u00f6schern oder Rauchwarnsystemen f\u00fcr verschiedene Bereiche.<\/p>\n<\/div><\/section><\/div>\n\n<style type=\"text\/css\" data-created_by=\"avia_inline_auto\" id=\"style-css-av-jl6mo8rj-19-c6b99c38e88c4356afd3dd2078e94308\">\n#top .hr.hr-invisible.av-jl6mo8rj-19-c6b99c38e88c4356afd3dd2078e94308{\nheight:60px;\n}\n<\/style>\n<div  class='hr av-jl6mo8rj-19-c6b99c38e88c4356afd3dd2078e94308 hr-invisible  avia-builder-el-19  el_after_av_one_full  el_before_av_one_full '><span class='hr-inner '><span class=\"hr-inner-style\"><\/span><\/span><\/div>\n\n<style type=\"text\/css\" data-created_by=\"avia_inline_auto\" id=\"style-css-av-hh5al-14-9ab62d48bef4dad42629995e86fc9a6b\">\n.flex_column.av-hh5al-14-9ab62d48bef4dad42629995e86fc9a6b{\nborder-radius:0px 0px 0px 0px;\npadding:0px 0px 0px 0px;\n}\n<\/style>\n<div  class='flex_column av-hh5al-14-9ab62d48bef4dad42629995e86fc9a6b av_one_full  avia-builder-el-20  el_after_av_hr  el_before_av_one_full  first flex_column_div av-zero-column-padding  '     ><section  class='av_textblock_section av-jkuul0eg-16-71f5293a050d80b78605f2b2b765c8c4 '  ><div class='avia_textblock' ><p>Ein umfassendes Brandschutzkonzept ber\u00fccksichtigt eine Vielzahl von Punkten, z. B. die folgenden:<\/p>\n<ul>\n<li>Sicherheitsvorkehrungen f\u00fcr elektrische Ger\u00e4te<\/li>\n<li>schwer entflammbare und\/oder schwer entz\u00fcndbare Baumaterialien und (Polster-)M\u00f6bel<\/li>\n<li>geeignete Zufahrten f\u00fcr die Feuerwehr<\/li>\n<li>Flucht- und Rettungspl\u00e4ne und -wege<\/li>\n<li>Bestimmungen f\u00fcr Rauchmelder und Feuerl\u00f6scher<\/li>\n<\/ul>\n<p>Obwohl bei einem so wichtigen Thema <strong>nichts<\/strong> den Rat von Experten ersetzen kann, haben wir eine kleine kostenlose Checkliste zum Download f\u00fcr Sie, auf deren Basis Sie vorab eine Bestandsaufnahme machen k\u00f6nnen.<\/p>\n<\/div><\/section><\/div>\n\n<style type=\"text\/css\" data-created_by=\"avia_inline_auto\" id=\"style-css-av-p3wkyi-f0d4e08c671c142b004e5f807ce5c1be\">\n.flex_column.av-p3wkyi-f0d4e08c671c142b004e5f807ce5c1be{\nborder-radius:0px 0px 0px 0px;\npadding:0 0 0 0;\n}\n<\/style>\n<div  class='flex_column av-p3wkyi-f0d4e08c671c142b004e5f807ce5c1be av_one_full  avia-builder-el-22  el_after_av_one_full  el_before_av_one_full  first flex_column_div av-zero-column-padding  column-top-margin'     ><style type=\"text\/css\" data-created_by=\"avia_inline_auto\" id=\"style-css-av-ltmuo20b-3e9e60feba9644263443b8b2000391d6\">\n#top .avia-gallery.av-ltmuo20b-3e9e60feba9644263443b8b2000391d6 .avia-gallery-thumb a{\nwidth:20%;\n}\n<\/style>\n<div  class='avia-gallery av-ltmuo20b-3e9e60feba9644263443b8b2000391d6 avia_animate_when_visible  avia-builder-el-23  avia-builder-el-no-sibling  avia_lazyload avia-gallery-animate avia-gallery-1' ><meta itemprop=\"contentURL\" content=\"https:\/\/www.backwinkel.de\/blog\/brandschutz-im-kindergarten\/\"><div class='avia-gallery-thumb'><a href=\"https:\/\/www.backwinkel.de\/blog\/wp-content\/uploads\/2024\/10\/Brandschutz2-scaled.jpg\" data-srcset=\"https:\/\/www.backwinkel.de\/blog\/wp-content\/uploads\/2024\/10\/Brandschutz2-scaled.jpg 1810w, https:\/\/www.backwinkel.de\/blog\/wp-content\/uploads\/2024\/10\/Brandschutz2-1086x1536.jpg 1086w\" data-sizes=\"(max-width: 728px) 100vw, 728px\" data-rel='gallery-1' data-prev-img='https:\/\/www.backwinkel.de\/blog\/wp-content\/uploads\/2024\/10\/Brandschutz2-scaled.jpg' class='first_thumb lightbox ' data-onclick='1' title='Brandschutz2'  ><img decoding=\"async\" fetchpriority=\"high\" class=\"wp-image-15425 avia-img-lazy-loading-not-15425\"   src=\"https:\/\/www.backwinkel.de\/blog\/wp-content\/uploads\/2024\/10\/Brandschutz2-scaled.jpg\" width=\"283\" height=\"400\"  title='Brandschutz2' alt='' srcset=\"https:\/\/www.backwinkel.de\/blog\/wp-content\/uploads\/2024\/10\/Brandschutz2-scaled.jpg 1810w, https:\/\/www.backwinkel.de\/blog\/wp-content\/uploads\/2024\/10\/Brandschutz2-1086x1536.jpg 1086w\" sizes=\"(max-width: 283px) 100vw, 283px\" \/><div class='big-prev-fake'><img decoding=\"async\" loading=\"lazy\" class=\"wp-image-15425 avia-img-lazy-loading-15425\"  width=\"283\" height=\"400\" src=\"https:\/\/www.backwinkel.de\/blog\/wp-content\/uploads\/2024\/10\/Brandschutz2-scaled.jpg\" title='Brandschutz2' alt='' srcset=\"https:\/\/www.backwinkel.de\/blog\/wp-content\/uploads\/2024\/10\/Brandschutz2-scaled.jpg 1810w, https:\/\/www.backwinkel.de\/blog\/wp-content\/uploads\/2024\/10\/Brandschutz2-1086x1536.jpg 1086w\" sizes=\"auto, (max-width: 283px) 100vw, 283px\" \/><\/div><\/a><\/div><\/div><\/div>\n\n<style type=\"text\/css\" data-created_by=\"avia_inline_auto\" id=\"style-css-av-tqo482-563cab55e730537b64b079cc25aab685\">\n.flex_column.av-tqo482-563cab55e730537b64b079cc25aab685{\nborder-radius:0px 0px 0px 0px;\npadding:0px 0px 0px 0px;\n}\n<\/style>\n<div  class='flex_column av-tqo482-563cab55e730537b64b079cc25aab685 av_one_full  avia-builder-el-24  el_after_av_one_full  el_before_av_one_full  first flex_column_div av-zero-column-padding  column-top-margin'     ><section  class='av_textblock_section av-lycnzcak-1d2c2188642e41e5445658f02072c2b3 '  ><div class='avia_textblock infoboxBlu' ><p><strong>Der Alarmplan<\/strong><\/p>\n<p>Teil des Brandschutzkonzepts ist der Notfallplan. Er gliedert sich in drei Teile (A, B und C) und greift nicht nur im Brandfall, sondern auch bei Bombendrohungen, Amokl\u00e4ufen, Geiselnahmen usw.<\/p>\n<p>Teil A richtet sich an <strong>alle Personen<\/strong>, die sich (kurzzeitig) in Ihrer Einrichtung aufhalten, also auch an alle <strong>Eltern<\/strong>. Daf\u00fcr gen\u00fcgt ein f\u00fcr alle Leute sichtbarer <strong>Aushang<\/strong> zum Verhalten im Brandfall. \u00dcberlegen Sie trotzdem, ob Sie die Erziehungsberechtigten f\u00fcr die Brandschutzschulungen mit ins Boot holen wollen, damit alle Beteiligten verstehen, worauf es im Ernstfall ankommt, und auch ihre Kinder dahingehend unterst\u00fctzen.<\/p>\n<p>Teil B betrifft alle <strong>Kinder und Mitarbeitenden<\/strong> und erg\u00e4nzt Teil A. Er beinhaltet somit zus\u00e4tzliche Informationen: die Lage von Flucht- und Rettungswegen sowie Sammelpunkten, das korrekte Absetzen eines Notrufs an die Feuerwehr, Ma\u00dfnahmen zur Brandverh\u00fctung und -ausbreitung usw. Alle Kinder und Mitarbeiter m\u00fcssen auf dieser Basis regelm\u00e4\u00dfig <strong>unterwiesen<\/strong> werden, damit sie im Brandfall schnell und richtig reagieren.<\/p>\n<p>Teil C bietet weiterf\u00fchrende Informationen f\u00fcr <strong>Brandschutzhelfende<\/strong>, die den konkreten Ablauf bei einer <strong>Evakuierung<\/strong> betreffen: Wer ist Ansprechperson f\u00fcr die Feuerwehr vor Ort, wer stellt (wie) sicher, dass hilfsbed\u00fcrftige Personen das Geb\u00e4ude verlassen, und \u00fcberpr\u00fcft deren Anwesenheit am Sammlungspunkt.<\/p>\n<p><strong>Brandschutzhelfende im Kindergarten<\/strong><\/p>\n<p>In der Regel wird es in Ihrer Einrichtung keinen Brandschutzbeauftragten geben, doch Brandschutzhelfer m\u00fcssen Sie haben. Diese stellen einen reibungslosen Ablauf w\u00e4hrend der Evakuierung sicher und weisen die Feuerwehr ein.<\/p>\n<p>Die Ausbildung zum Brandschutzhelfer umfasst ein bis zwei Tage und besteht aus einem theoretischen und einem praktischen Teil.<\/p>\n<p><strong>Wichtig<\/strong>: 5 % der Besch\u00e4ftigten m\u00fcssen Brandschutzhelfer sein. Somit ist normalerweise ein Brandschutzhelfer in der Kita ausreichend \u2013 doch er kann durch Termine, Urlaub oder Krankheit verhindert sein. Denken Sie also \u00fcber eine Vertretung nach. Es gibt auch die Empfehlung, dass ein Brandschutzhelfer pro Gruppe vorhanden sein sollte. Sie handeln also richtig, wenn Sie mehrere Brandschutzhelfer haben.<\/p>\n<\/div><\/section><\/div>\n\n<style type=\"text\/css\" data-created_by=\"avia_inline_auto\" id=\"style-css-av-yuvni1-74eb5b7a0fe395f1bd08e4d10a10f87a\">\n.flex_column.av-yuvni1-74eb5b7a0fe395f1bd08e4d10a10f87a{\nborder-radius:0px 0px 0px 0px;\npadding:0px 0px 0px 0px;\n}\n<\/style>\n<div  class='flex_column av-yuvni1-74eb5b7a0fe395f1bd08e4d10a10f87a av_one_full  avia-builder-el-26  el_after_av_one_full  el_before_av_one_full  first flex_column_div av-zero-column-padding  column-top-margin'     ><section  class='av_textblock_section av-nf24d5-e0f66afda1acd8eb9cbc1659a05e3c2a '  ><div class='avia_textblock infoboxBlue' ><p><strong>Brandschutzbeauftragte <\/strong><\/p>\n<p>Im Gegensatz zum Brandschutzhelfer hat der Brandschutzbeauftragte deutlich <strong>mehr Pflichten<\/strong> und ist z. B. auch f\u00fcr die <strong>Brandpr\u00e4vention<\/strong> und den <strong>technischen Brandschutz<\/strong> verantwortlich.<\/p>\n<p>Die Ausbildung zum Brandschutzbeauftragten umfasst <strong>64 Unterrichtseinheiten<\/strong> in Theorie und Praxis. Am Ende werden eine m\u00fcndliche und eine schriftliche Pr\u00fcfung abgelegt.<\/p>\n<p>Einen Brandschutzbeauftragten brauchen Betriebe nur, wenn eine <strong>erh\u00f6hte Brandgefahr<\/strong> besteht, z. B. in Industriebauten oder Hochh\u00e4usern.<\/p>\n<p>Die Notwendigkeit eines Brandschutzbeauftragten geht folglich, wie alle anderen Ma\u00dfnahmen zum Brandschutz, aus der <strong>Gef\u00e4hrdungsbeurteilung<\/strong> hervor.<\/p>\n<\/div><\/section><\/div>\n\n<style type=\"text\/css\" data-created_by=\"avia_inline_auto\" id=\"style-css-av-5vgein6-110eca1722cb2d5ee508fc6852af404a\">\n.flex_column.av-5vgein6-110eca1722cb2d5ee508fc6852af404a{\nborder-radius:0px 0px 0px 0px;\npadding:0px 0px 0px 0px;\n}\n<\/style>\n<div  class='flex_column av-5vgein6-110eca1722cb2d5ee508fc6852af404a av_one_full  avia-builder-el-28  el_after_av_one_full  el_before_av_one_full  first flex_column_div av-zero-column-padding  column-top-margin'     ><section  class='av_textblock_section av-ly73056a-b420d5c8b5c8e2e643f606465d67df7c '  ><div class='avia_textblock' >\n<style type=\"text\/css\" data-created_by=\"avia_inline_auto\" id=\"style-css-av-irxq5e-919e4ce30dbe918866e0082c260aa414\">\n#top .hr.hr-invisible.av-irxq5e-919e4ce30dbe918866e0082c260aa414{\nheight:20px;\n}\n<\/style>\n<div  class='hr av-irxq5e-919e4ce30dbe918866e0082c260aa414 hr-invisible  avia-builder-el-30  avia-builder-el-no-sibling '><span class='hr-inner '><span class=\"hr-inner-style\"><\/span><\/span><\/div>\n<h2 id=\"2\" class=\"position\"><strong>Gefahrenquellen f\u00fcr ein Feuer im Kindergarten <\/strong><\/h2>\n<p>In jeder Kita gibt es eine Vielzahl von Gegenst\u00e4nden, die ein <strong>potenzielles Feuerrisiko<\/strong> bergen. Dazu geh\u00f6ren u. a.:<\/p>\n<ul>\n<li>M\u00f6bel wie Schr\u00e4nke, Tische, St\u00fchle und Sofas<\/li>\n<li>Bastelmaterial wie Pappe, Wolle, Stoff, Gummi und Holz<\/li>\n<li>konkrete Feuerquellen wie elektrische Ger\u00e4te oder auch das Experimentieren mit Feuer<\/li>\n<\/ul>\n<p>Ein Kindergarten ohne M\u00f6bel, Bastelmaterial oder Elektronik ist nat\u00fcrlich undenkbar. Trotzdem k\u00f6nnen Sie das <strong>Risiko minimieren<\/strong>, wenn Sie einige Grundregeln beachten.<\/p>\n<p><strong>(Polster-)M\u00f6bel mit Brandschutzeffekt<\/strong><\/p>\n<p>Bei der Einrichtung kommt es vor allem auf das richtige Material von (Polster-)M\u00f6beln an. Am besten sind diese schwer entflammbar und\/oder schwer entz\u00fcndbar.<\/p>\n<p>M\u00f6bel aus nicht brennbaren Materialien wie Glas oder Stahl eignen sich z. B. f\u00fcr die sichere Verstauung brennbarer Bastelmaterialien. Entdecken Sie beispielsweise die <a href=\"https:\/\/www.backwinkel.de\/prod\/standvitrine-v-link-4000.html\" target=\"_blank\" rel=\"noopener\">Standvitrine V-Link 4000<\/a> oder den <a href=\"https:\/\/www.backwinkel.de\/prod\/stahlschrank-a.html\" target=\"_blank\" rel=\"noopener\">Stahlschrank A<\/a>.<\/p>\n<p>Es gibt auch Polsterm\u00f6bel, die mit schwer entflammbaren und\/oder schwer entz\u00fcndbaren Stoffen bezogen sind. Das <a href=\"https:\/\/www.backwinkel.de\/prod\/fifties-sitzecken-set.html\" target=\"_blank\" rel=\"noopener\">Sitzecken-Set Fifties<\/a> ist ein Beispiel oder auch die Serie NEO. So sind z. B. die <a href=\"https:\/\/www.backwinkel.de\/prod\/relax-kissen-neo.html\" target=\"_blank\" rel=\"noopener\">NEO Relax-Kissen<\/a> eine gute Kombination aus kuscheliger Gem\u00fctlichkeit mit Brandschutzeffekt. Entdecken Sie diese und viele weitere L\u00f6sungen in unserem <a href=\"https:\/\/www.backwinkel.de\/cat\/kindergartenmoebel\/\" target=\"_blank\" rel=\"noopener\">Onlineshop<\/a>.<\/p>\n<\/div><\/section><\/div>\n\n<style type=\"text\/css\" data-created_by=\"avia_inline_auto\" id=\"style-css-av-j3d9o9-f5933900d4e4cdf6123959d8f43991aa\">\n.flex_column.av-j3d9o9-f5933900d4e4cdf6123959d8f43991aa{\nborder-radius:0px 0px 0px 0px;\npadding:0px 0px 0px 0px;\n}\n<\/style>\n<div  class='flex_column av-j3d9o9-f5933900d4e4cdf6123959d8f43991aa av_one_full  avia-builder-el-31  el_after_av_one_full  el_before_av_one_full  first flex_column_div av-zero-column-padding  column-top-margin'     ><section  class='av_textblock_section av-m23b3naj-4349e1360c2b531a6466b9a90d8f4b08 '  ><div class='avia_textblock infoboxGreen' ><p><strong>Tipp<\/strong>: In unserem Onlineshop finden Sie unter der Rubrik \u00bb<a href=\"https:\/\/www.backwinkel.de\/wissenswertes\/\" target=\"_blank\" rel=\"noopener\">Wissenswertes<\/a>\u00ab im Beitrag rund um den <a href=\"https:\/\/www.backwinkel.de\/brandschutz-in-schule-und-kindergarten\/\" target=\"_blank\" rel=\"noopener\">Brandschutz in Kindergarten und Schule<\/a> einen \u00dcberblick \u00fcber die Wichtigkeit von M\u00f6beln und Materialien mit Brandschutzeffekt sowie die entsprechenden <strong>DIN- und EN-Normen<\/strong>.<\/p>\n<\/div><\/section><\/div>\n\n<style type=\"text\/css\" data-created_by=\"avia_inline_auto\" id=\"style-css-av-2dcfqci-3961392a7a9b134b49dac2290d258901\">\n.flex_column.av-2dcfqci-3961392a7a9b134b49dac2290d258901{\nborder-radius:0px 0px 0px 0px;\npadding:0px 0px 0px 0px;\n}\n<\/style>\n<div  class='flex_column av-2dcfqci-3961392a7a9b134b49dac2290d258901 av_one_full  avia-builder-el-33  el_after_av_one_full  el_before_av_one_full  first flex_column_div av-zero-column-padding  column-top-margin'     ><section  class='av_textblock_section av-ly7355f4-0d00ceafb7b018f5470efae4b7973b49 '  ><div class='avia_textblock' ><p><strong>Offenes Feuer in der Kita <\/strong><\/p>\n<p>Experimentieren oder arbeiten Sie beispielsweise mit einer offenen Flamme, sollten <strong>Kinder<\/strong> sich immer vom Feuer <strong>fernhalten<\/strong>. Die Kinder m\u00fcssen auch verinnerlichen, dass sie niemals eigenst\u00e4ndig, ohne das <strong>Beisein von Erwachsenen<\/strong> mit dem Feuer interagieren!<\/p>\n<p>Des Weiteren empfiehlt es sich, ein <strong>mit Wasser gef\u00fclltes<\/strong>, ausreichend gro\u00dfes <strong>Gef\u00e4\u00df<\/strong> in unmittelbarer N\u00e4he zu positionieren. So sind Lagerfeuer oder Kerze im Zweifelsfall schnell ohne die Hilfe der Feuerwehr gel\u00f6scht.<\/p>\n<\/div><\/section><\/div>\n\n<style type=\"text\/css\" data-created_by=\"avia_inline_auto\" id=\"style-css-av-mhh94y-332ed39547d7145064cff5ca9971edd8\">\n.flex_column.av-mhh94y-332ed39547d7145064cff5ca9971edd8{\nborder-radius:0px 0px 0px 0px;\npadding:0px 0px 0px 0px;\n}\n<\/style>\n<div  class='flex_column av-mhh94y-332ed39547d7145064cff5ca9971edd8 av_one_full  avia-builder-el-35  el_after_av_one_full  el_before_av_one_full  first flex_column_div av-zero-column-padding  column-top-margin'     ><section  class='av_textblock_section av-lyco752g-be2521ba24be9105f2bc6672d8dfb5a2 '  ><div class='avia_textblock infoboxGreen' ><p><strong>Achtung<\/strong>: Fettbr\u00e4nde d\u00fcrfen NIEMALS mit Wasser gel\u00f6scht werden, da das Wasser schlagartig verdampft und das brennende Fett gro\u00dfr\u00e4umig verteilt. Bedecken Sie durch Fett brennende Gef\u00e4\u00dfe luftdicht mit einem Deckel und schalten Sie den Herd aus. Oder nutzen Sie den daf\u00fcr vorgesehenen Fettbrandfeuerl\u00f6scher.<\/p>\n<\/div><\/section><\/div>\n\n<style type=\"text\/css\" data-created_by=\"avia_inline_auto\" id=\"style-css-av-291glky-f63b9ea8091be5e5f7b1898b2582be81\">\n.flex_column.av-291glky-f63b9ea8091be5e5f7b1898b2582be81{\nborder-radius:0px 0px 0px 0px;\npadding:0px 0px 0px 0px;\n}\n<\/style>\n<div  class='flex_column av-291glky-f63b9ea8091be5e5f7b1898b2582be81 av_one_full  avia-builder-el-37  el_after_av_one_full  el_before_av_one_full  first flex_column_div av-zero-column-padding  column-top-margin'     ><section  class='av_textblock_section av-ly7365h8-cb551c159b28031d07f5254deb4da45a '  ><div class='avia_textblock' ><p>Denn auf der wirklich sicheren Seite sind Sie nur, wenn Sie auf die vorhandenen <strong>Feuerl\u00f6scher<\/strong> zur\u00fcckgreifen. In Deutschland wird die Verwendung einer <strong>Feuerl\u00f6schdecke<\/strong> im gewerblichen Umfeld \u00fcbrigens <strong>nicht mehr empfohlen<\/strong>.<\/p>\n<p><strong>Gefahrenquelle Feuer <\/strong><\/p>\n<p>Feuer kann sich rasend schnell ausbreiten und wird zudem auch sehr hei\u00df. Nach einigen Minuten k\u00f6nnen die Temperaturen in einem geschlossenen Raum <strong>800 \u2013 1.000 \u00b0C<\/strong> betragen. Doch auch abgesehen von der Hitze ist Feuer be\u00e4ngstigend, denn es ist eine <strong>Naturgewalt<\/strong>, die man oft untersch\u00e4tzt \u2013 und mit der man gl\u00fccklicherweise auch meistens nur kontrolliert und gefahrlos in Kontakt kommt.<\/p>\n<p>Daher ist eine der wichtigsten Regeln: <strong>Ruhe bewahren<\/strong>, auch wenn es schwerf\u00e4llt. Wenn alle durcheinanderrennen und schreien, ist es recht unwahrscheinlich, dass die Flucht <strong>schnell<\/strong>, <strong>\u00fcbersichtlich<\/strong> und <strong>geordnet<\/strong> vonstattengeht. Um im Falle eines Feuers einen <strong>k\u00fchlen Kopf<\/strong> zu bewahren, ist <strong>\u00dcbung unverzichtbar<\/strong>.<\/p>\n<p><strong>Gefahrenquelle Rauch <\/strong><\/p>\n<p><strong>Verrauchte Bereiche<\/strong> sollten <strong>geb\u00fcckt<\/strong> oder <strong>kriechend<\/strong>, aber trotzdem schnell verlassen werden, da der Rauch nach oben steigt und in Bodenn\u00e4he weniger Gefahr besteht, eine <strong>Rauchgasvergiftung<\/strong> zu erleiden und so <strong>ohnm\u00e4chtig<\/strong> zu werden oder schlimmstenfalls zu <strong>sterben<\/strong>.<\/p>\n<p>Au\u00dferdem kann sich das Rauchgas jederzeit entz\u00fcnden, was in einer Stichflamme in Deckenh\u00f6he resultiert (Rollover). Anschlie\u00dfend ist der Bereich extrem verraucht, was nicht nur die Orientierung erschwert, sondern auch ein weiteres Risiko f\u00fcr gesundheitliche Sch\u00e4den birgt.<\/p>\n<p><strong>Ein Kilogramm Kunststoff<\/strong> kann im Brandfall bis zu <strong>3.000 m<sup>3<\/sup> Rauch<\/strong> freisetzen. Daher dauert es oft nur <strong>wenige Minuten<\/strong>, bis das komplette Geb\u00e4ude mit Rauch angef\u00fcllt ist. Bereits nach wenigen Atemz\u00fcgen kann es zu einer <strong>Rauchgasvergiftung<\/strong> kommen, die f\u00fcr <strong>80 % aller Verletzten und Toten bei Br\u00e4nden <\/strong>verantwortlich ist. Somit z\u00e4hlt im Notfall jede Sekunde, und daf\u00fcr ist es unerl\u00e4sslich, dass jeder genau wei\u00df, was zu tun ist.<\/p>\n<p>Bis die <strong>Feuerwehr<\/strong> vor Ort ist, kann es <strong>5 \u2013 10 Minuten<\/strong> dauern. Bis zum Eintreffen der Rettungskr\u00e4fte sollten somit unbedingt alle die brennenden <strong>R\u00e4umlichkeiten verlassen <\/strong>haben. <strong>Schlie\u00dfen<\/strong> Sie beim Verlassen <strong>alle T\u00fcren<\/strong> hinter sich, um die Ausbreitung des Feuers und vor allem des Rauchs einzud\u00e4mmen.<\/p>\n<\/div><\/section><\/div>\n\n<style type=\"text\/css\" data-created_by=\"avia_inline_auto\" id=\"style-css-av-m8uh0c-de31d11ca620331a4c4ed7d38ef0c440\">\n.flex_column.av-m8uh0c-de31d11ca620331a4c4ed7d38ef0c440{\nborder-radius:0px 0px 0px 0px;\npadding:0px 0px 0px 0px;\n}\n<\/style>\n<div  class='flex_column av-m8uh0c-de31d11ca620331a4c4ed7d38ef0c440 av_one_full  avia-builder-el-39  el_after_av_one_full  el_before_av_one_full  first flex_column_div av-zero-column-padding  column-top-margin'     ><section  class='av_textblock_section av-lzcizkz9-fb6e49f88a0b562dc115c90964cf0f07 '  ><div class='avia_textblock infoboxGreen' ><p><strong>Tipp<\/strong>: Das geb\u00fcckte Laufen oder das Kriechen k\u00f6nnen Sie mit Ihren Kindern im Rahmen von Spielen \u00fcben. Vielleicht klingt dieser Ansatz makaber, aber je mehr die Kinder diese F\u00e4higkeiten entwickeln, wenn sie sich in der Turnstunde wie eine Schlange am Boden winden oder auf allen Vieren krabbeln, umso sicherer sind sie im Ernstfall. Und ihre motorischen F\u00e4higkeiten profitieren ebenfalls.<\/p>\n<\/div><\/section><\/div>\n\n<style type=\"text\/css\" data-created_by=\"avia_inline_auto\" id=\"style-css-av-4w1cm7t-398f15d2070a0437de2b9b4d138d27b1\">\n.flex_column.av-4w1cm7t-398f15d2070a0437de2b9b4d138d27b1{\nborder-radius:0px 0px 0px 0px;\npadding:0px 0px 0px 0px;\n}\n<\/style>\n<div  class='flex_column av-4w1cm7t-398f15d2070a0437de2b9b4d138d27b1 av_one_full  avia-builder-el-41  el_after_av_one_full  el_before_av_one_full  first flex_column_div av-zero-column-padding  column-top-margin'     ><section  class='av_textblock_section av-m23b7mu8-61ab4141180cc74f71b4ce65fdf55f31 '  ><div class='avia_textblock infoboxBlue' ><p><strong>Durchz\u00fcndung: Flashover, Rollover und Backdraft <\/strong><\/p>\n<p>Bei einem Brand entstehen <strong>Rauchgase<\/strong>, w\u00e4hrend <strong>Sauerstoff<\/strong> verbraucht wird. Dadurch heizt sich der Raum auf und es kann zu den drei Ph\u00e4nomenen <strong>Flashover<\/strong>, <strong>Rollover<\/strong> und <strong>Backdraft<\/strong> kommen. Sie unterscheiden sich teilweise nur im Detail. Alle drei sind<strong> lebensgef\u00e4hrlich <\/strong>und<strong> f\u00fcr Laien nicht vorhersehbar<\/strong>.<\/p>\n<p><strong>Flashover<\/strong><\/p>\n<p>Flashover beschreibt die <strong>Entz\u00fcndung weiterer Gegenst\u00e4nde<\/strong> im Raum, obwohl diese einige Meter von den offenen Flammen <strong>entfernt<\/strong> sind. Sie fangen durch die Erhitzung des Raumes Feuer; es handelt sich also um eine <strong>thermische Ausbreitung<\/strong>.<\/p>\n<p>Konkret bedeutet das, dass man in einem brennenden Raum an keinem Ort sicher ist, auch wenn die direkte Umgebung noch weit von den Flammen entfernt ist.<\/p>\n<p><strong>Rollover<\/strong><\/p>\n<p>W\u00e4hrend sich die Brandgase unter der Decke sammeln, befindet sich der Sauerstoff in Bodenn\u00e4he. So entstehen <strong>zwei Schichten<\/strong>. Die Brandgase k\u00f6nnen sich so auch in anderen R\u00e4umen verteilen, in denen es noch nicht brennt. Treffen dann die beiden Schichten aus Rauchgas und Sauerstoff aufeinander, entz\u00fcndet sich das komplette Rauchgas auf einen Schlag.<\/p>\n<p>Die entstehende <strong>Feuerwalze<\/strong> wird bis zu 1000 \u00b0C hei\u00df, bewegt sich mit bis zu 50 km\/h und ist manchmal aufgrund des umgebenden Rauchs nicht sichtbar, was sie umso t\u00fcckischer macht.<\/p>\n<p><strong>Backdraft<\/strong><\/p>\n<p>Bei einer Feuerentwicklung im <strong>fest verschlossenen Raum<\/strong> ist irgendwann der Sauerstoff komplett verbraucht und das <strong>Feuer erlischt<\/strong>. Trotzdem sind alle im Raum befindlichen Gegenst\u00e4nde noch extrem hei\u00df. \u00d6ffnet man dann ein Fenster oder eine T\u00fcr, in der Annahme, die Gefahr sei gebannt, dringt frischer Sauerstoff in den Raum. Das sorgt f\u00fcr eine <strong>explosionsartige erneute Entz\u00fcndung<\/strong> des gesamten Raums.<\/p>\n<p><span style=\"font-size: 12pt;\">Quelle: <a href=\"https:\/\/feuerwissen.jimdofree.com\/element\/feuerph\u00e4nomene\/durchz\u00fcndung\/\" target=\"_blank\" rel=\"noopener\">https:\/\/feuerwissen.jimdofree.com\/element\/feuerph\u00e4nomene\/durchz\u00fcndung\/<\/a><\/span><\/p>\n<\/div><\/section><\/div>\n\n<style type=\"text\/css\" data-created_by=\"avia_inline_auto\" id=\"style-css-av-148m31e-1274cef20952ee0b23cfd50ff66f210a\">\n.flex_column.av-148m31e-1274cef20952ee0b23cfd50ff66f210a{\nborder-radius:0px 0px 0px 0px;\npadding:0px 0px 0px 0px;\n}\n<\/style>\n<div  class='flex_column av-148m31e-1274cef20952ee0b23cfd50ff66f210a av_one_full  avia-builder-el-43  el_after_av_one_full  el_before_av_one_full  first flex_column_div av-zero-column-padding  column-top-margin'     ><section  class='av_textblock_section av-ly736p6n-394894099a12f8bcc00c513e4927157c '  ><div class='avia_textblock' >\n<style type=\"text\/css\" data-created_by=\"avia_inline_auto\" id=\"style-css-av-l65ajm-c6c683dd9580f57f7df7b21d2089f8aa\">\n#top .hr.hr-invisible.av-l65ajm-c6c683dd9580f57f7df7b21d2089f8aa{\nheight:20px;\n}\n<\/style>\n<div  class='hr av-l65ajm-c6c683dd9580f57f7df7b21d2089f8aa hr-invisible  avia-builder-el-45  avia-builder-el-no-sibling '><span class='hr-inner '><span class=\"hr-inner-style\"><\/span><\/span><\/div>\n<h2 id=\"3\" class=\"position\"><strong>Brandschutzerziehung f\u00fcr die Kleinsten <\/strong><\/h2>\n<p>Brandschutzerziehung geh\u00f6rt auch f\u00fcr Kita-Kinder dazu. Der Ausbruch eines Feuers sowie das Element Feuer an sich ist f\u00fcr die meisten Kinder abstrakt, da sie es nur in ungef\u00e4hrlicher Form kennen. Doch ein Windlicht hat nichts mit einer Feuersbrunst zu tun, die Geb\u00e4ude oder W\u00e4lder innerhalb weniger Minuten restlos zerst\u00f6rt.<\/p>\n<p>Au\u00dferdem kommen bei einem Brand verschiedene Faktoren wie Wind oder die Entwicklung und Entz\u00fcndung von Rauchgas hinzu. Im Kleinen lassen sich diese Ph\u00e4nomene z. B. gut bei einem Lagerfeuer in der gesicherten Feuerstelle beobachten, aber nat\u00fcrlich gibt es auch viele Wege, sich dem Thema erst einmal theoretisch zu n\u00e4hern.<\/p>\n<\/div><\/section><\/div>\n\n<style type=\"text\/css\" data-created_by=\"avia_inline_auto\" id=\"style-css-av-4czjehl-0f67ec373a78a57b2a106aca2669721b\">\n.flex_column.av-4czjehl-0f67ec373a78a57b2a106aca2669721b{\nborder-radius:0px 0px 0px 0px;\npadding:0px 0px 0px 0px;\n}\n<\/style>\n<div  class='flex_column av-4czjehl-0f67ec373a78a57b2a106aca2669721b av_one_full  avia-builder-el-46  el_after_av_one_full  el_before_av_one_full  first flex_column_div av-zero-column-padding  column-top-margin'     ><section  class='av_textblock_section av-m23b8h90-7603aa463a2abdb6467235bf1794cc4e '  ><div class='avia_textblock infoboxGreen' ><p><strong>Tipp<\/strong>: Fragen Sie gern auch bei der \u00f6rtlichen Feuerwehr oder Unfallkasse nach geeignetem Anschauungsmaterial f\u00fcr die Brandschutzerziehung im Kindergarten.<\/p>\n<\/div><\/section><\/div>\n\n<style type=\"text\/css\" data-created_by=\"avia_inline_auto\" id=\"style-css-av-3rueuqh-c554dfa5c768c976e9f951b031f8680b\">\n.flex_column.av-3rueuqh-c554dfa5c768c976e9f951b031f8680b{\nborder-radius:0px 0px 0px 0px;\npadding:0px 0px 0px 0px;\n}\n<\/style>\n<div  class='flex_column av-3rueuqh-c554dfa5c768c976e9f951b031f8680b av_one_full  avia-builder-el-48  el_after_av_one_full  el_before_av_one_full  first flex_column_div av-zero-column-padding  column-top-margin'     ><section  class='av_textblock_section av-m23b99yj-854364b0eedd36f870f915cb52f4413a '  ><div class='avia_textblock' ><p><strong>Kinderb\u00fccher zum Thema \u201eEs brennt!\u201c <\/strong><\/p>\n<p>Wie zu beinahe jedem relevanten Thema gibt es auch Kinderb\u00fccher \u00fcber das <strong>richtige Verhalten im Brandfall <\/strong>und die<strong> Arbeit der Feuerwehr<\/strong>. Wie immer ist ein Buch ein prima Einstieg in ein neues Thema: Es gibt einen detaillierten \u00dcberblick, veranschaulicht die Situation, bietet Gespr\u00e4chsimpulse, beantwortet Fragen, wirft neue auf und regt zum Nachdenken an.<\/p>\n<p>Geeignete <strong>B\u00fccher<\/strong> sind z. B. \u201eSchritt f\u00fcr Schritt erkl\u00e4rt: Was passiert, wenn es brennt?\u201c von Andrea Erne oder \u201eWer rennt, wenn\u2019s brennt? Willi wills wissen, Bd. 13\u201c von Uwe Kauss. Genauso toll sind <strong>kurze Reportagen<\/strong> f\u00fcr Kinder, die Sie auch auf YouTube finden. Einige Beispiele finden Sie am Ende des Beitrags.<\/p>\n<p><strong>Das Element Feuer kennenlernen <\/strong><\/p>\n<p>Ihre Kinder kennen Feuer wahrscheinlich bereits aus harmlosen Situationen wie dem <strong>Anz\u00fcnden einer Kerze<\/strong> oder dem <strong>Grillen am Lagerfeuer<\/strong>. Da steht die Gem\u00fctlichkeit oder auch der Genuss im Vordergrund und man entwickelt selten Gef\u00fchl f\u00fcr die Gefahr eines offenen Feuers. Das ist auch okay so, denn Ihre Kleinen sollen nat\u00fcrlich beim Gedanken an einen Adventskranz oder eine Grillwurst nicht in Panik verfallen.<\/p>\n<p>Im Bereich <strong>MINT<\/strong> ist Feuer ein spannendes Thema: Was ist Feuer, wie entsteht es, welche Materialien brennen, wo findet man Feuer in der Natur, wo nutzen wir Feuer im Alltag? Vielleicht haben Sie also Lust, Ihren Kindern dieses Element umfassend n\u00e4herzubringen, z. B. mit kleinen <strong>Experimenten<\/strong> oder sogar einer <strong>Projektwoche<\/strong>.<\/p>\n<p>Au\u00dferdem ist es sinnvoll, den Kindern anschaulich zu vermitteln, wie Feuer sich <strong>verh\u00e4lt<\/strong>, wenn man es nicht begrenzt bzw. es sich <strong>ungehindert ausbreiten<\/strong> kann \u2013 und wie schwierig, gef\u00e4hrlich und langwierig es dann unter Umst\u00e4nden ist, den <strong>Brand einzud\u00e4mmen<\/strong> oder <strong>vollst\u00e4ndig zu l\u00f6schen<\/strong>, z. B. bei einem Fabrik- oder Waldbrand.<\/p>\n<p>Gleichzeitig schadet es nicht, <strong>verschiedene Arten von Br\u00e4nden<\/strong> kennenzulernen \u2013 und f\u00fcr Erwachsene damit verbunden auch M\u00f6glichkeiten, kleinere Br\u00e4nde selbst zu l\u00f6schen.<\/p>\n<p>F\u00fcr <strong>Kinder<\/strong> gilt nat\u00fcrlich immer: <strong>Weglaufen! <\/strong><\/p>\n<p><strong>Einen Notruf bei der Feuerwehr machen <\/strong><\/p>\n<p>Auch hier hoffen wir nat\u00fcrlich, dass immer ein Erwachsener zur Stelle ist, um einen Brand zu melden. Doch zu wissen, wie man einen <strong>korrekten Notruf<\/strong> absetzt, ist auch f\u00fcr jedes Kind wichtig, denn auch zu Hause oder im sp\u00e4teren Leben kann immer etwas passieren.<\/p>\n<p>Zuallererst m\u00fcssen die Kinder daf\u00fcr die Nummer kennen, die sie im Brandfall w\u00e4hlen m\u00fcssen. Bringen Sie auch gern eine Notiz mit einer Flamme und der <strong>Nummer 112<\/strong> in der N\u00e4he der Telefone oder gut sichtbar im Gruppenraum oder auf dem Flur an und wiederholen Sie die Nummer regelm\u00e4\u00dfig mit Ihren Kindern.<\/p>\n<p>Der <strong>Notruf<\/strong> besteht aus <strong>vier Informationen<\/strong>:<\/p>\n<ol>\n<li><strong> Wer<\/strong> ruft an?<\/li>\n<li><strong> Was<\/strong> ist passiert?<\/li>\n<li><strong> Wo<\/strong> brennt es?<\/li>\n<li><strong> Wie<\/strong> ist die Lage?<\/li>\n<\/ol>\n<p>Wenn man diese Fragen priorisieren m\u00f6chte, ist die <strong>Frage nach dem Ort<\/strong> des Brandes am wichtigsten. Die Kinder sollten daher so fr\u00fch wie m\u00f6glich den <strong>Namen und\/oder die Adresse ihrer Einrichtung <\/strong>kennen. Mit der Information, dass die Kita Sonnenblume brennt, kann die Zentrale wahrscheinlich mehr anfangen als mit \u201eHier!\u201c oder \u201eDie Kuschelecke!\u201c<\/p>\n<p>Und auch, wenn die drei anderen Fragen ohne Zweifel wichtig sind: Ob Luca oder Merve anruft, d\u00fcrfte in diesem Moment eher egal sein, schafft aber nat\u00fcrlich im weiteren Gespr\u00e4ch <strong>Vertrauen<\/strong>. Ob eine Kerze umgefallen ist oder es einen Kurzschluss gab (wenn man die <strong>Brandursache<\/strong> \u00fcberhaupt kennt), mag ebenfalls zweitrangig sein. Und inwiefern Kinder kognitiv und sprachlich imstande sind, in ihrer Panik die Lage zu beschreiben, sei ebenfalls dahingestellt.<\/p>\n<p>Abh\u00e4ngig von Alter und Entwicklungsstand der Kinder k\u00f6nnen Sie den Anruf mehr oder weniger detailliert im <strong>Rollenspiel<\/strong> \u00fcben. Zus\u00e4tzlich zum Namen der Einrichtung oder der Adresse lernen Ihre \u00e4lteren Kinder vielleicht, einzusch\u00e4tzen, wie gro\u00df der Brand ist, wo er sich befindet, was genau brennt oder ob jemand verletzt ist.<\/p>\n<\/div><\/section><\/div>\n\n<style type=\"text\/css\" data-created_by=\"avia_inline_auto\" id=\"style-css-av-d42xbt-0d9dfb217f1f3dd13708c074489fc2cf\">\n.flex_column.av-d42xbt-0d9dfb217f1f3dd13708c074489fc2cf{\nborder-radius:0px 0px 0px 0px;\npadding:0px 0px 0px 0px;\n}\n<\/style>\n<div  class='flex_column av-d42xbt-0d9dfb217f1f3dd13708c074489fc2cf av_one_full  avia-builder-el-50  el_after_av_one_full  el_before_av_one_full  first flex_column_div av-zero-column-padding  column-top-margin'     ><section  class='av_textblock_section av-m23bcgxb-cacb81bc5fce3c3310d853809c403255 '  ><div class='avia_textblock infoboxGreen' ><p><strong>Tipp:<\/strong> Wenn Ihre Kinder bereits einiges zum Thema Brandschutz wissen, k\u00f6nnen Sie Aktionsk\u00e4rtchen entwerfen, die verschiedene Situationen abbilden, die die Kinder dann im Rollenspiel beschreiben.<\/p>\n<\/div><\/section><\/div>\n\n<style type=\"text\/css\" data-created_by=\"avia_inline_auto\" id=\"style-css-av-2ymswxl-46db1c9b36b700210d1816495bb3599f\">\n.flex_column.av-2ymswxl-46db1c9b36b700210d1816495bb3599f{\nborder-radius:0px 0px 0px 0px;\npadding:0px 0px 0px 0px;\n}\n<\/style>\n<div  class='flex_column av-2ymswxl-46db1c9b36b700210d1816495bb3599f av_one_full  avia-builder-el-52  el_after_av_one_full  el_before_av_one_full  first flex_column_div av-zero-column-padding  column-top-margin'     ><section  class='av_textblock_section av-m23bd7gq-ee34d1390dbb948d62fc336fd0af97fa '  ><div class='avia_textblock' ><p><strong>Ein Besuch bei der Feuerwehr <\/strong><\/p>\n<p>Am nachhaltigsten und nat\u00fcrlich auch aufregendsten ist ein <strong>Besuch bei der (Freiwilligen) Feuerwehr<\/strong>. Erkundigen Sie sich also gern, inwiefern <strong>Kooperationsangebote<\/strong> bestehen. Viele Feuerwehren besuchen die Kita oder bieten Einrichtungen einen Besuch vor Ort an. Ansonsten eignet sich auch ein <strong>Tag der offenen T\u00fcr<\/strong>.<\/p>\n<p>Abgesehen von vielen Infos rund ums Thema Feuer aus der Hand von <strong>Profis<\/strong> hat die Zusammenarbeit mit der Feuerwehr auch einen weiteren Vorteil: Sie nimmt den Kindern die <strong>Angst<\/strong> vor einem <strong>Feuerwehrmann<\/strong> in voller Montur. Kennen sie die <strong>Ausr\u00fcstung<\/strong> nicht und verstehen sie auch ihren Zweck nicht, haben sie im Ernstfall vielleicht Angst vor den Menschen mit <strong>Atemschutzmasken<\/strong> und verstecken sich vor ihnen, anstatt sich retten zu lassen.<\/p>\n<\/div><\/section><\/div>\n\n<style type=\"text\/css\" data-created_by=\"avia_inline_auto\" id=\"style-css-av-2cyomzd-e049f2dec7dac0e22affed73ef1f7303\">\n.flex_column.av-2cyomzd-e049f2dec7dac0e22affed73ef1f7303{\nborder-radius:0px 0px 0px 0px;\npadding:0px 0px 0px 0px;\n}\n<\/style>\n<div  class='flex_column av-2cyomzd-e049f2dec7dac0e22affed73ef1f7303 av_one_full  avia-builder-el-54  el_after_av_one_full  el_before_av_one_full  first flex_column_div av-zero-column-padding  column-top-margin'     ><section  class='av_textblock_section av-m23bdocr-6405a755911d66d0f1fcce244c3e673e '  ><div class='avia_textblock' ><h2 id=\"4\" class=\"position\"><strong>Brandschutz\u00fcbung im Kindergarten<\/strong><\/h2>\n<p>Routinen sind wichtig, um im Notfall richtig und besonnen handeln zu k\u00f6nnen. Daher ist es unerl\u00e4sslich, dass Sie mit Ihren Kindern den richtigen Ablauf im Rahmen von einer Brandschutz\u00fcbung trainieren \u2013 am besten <strong>zweimal j\u00e4hrlich<\/strong> und auch regelm\u00e4\u00dfig unterst\u00fctzt durch die <strong>Feuerwehr<\/strong>.<\/p>\n<p>Bei einem Feueralarm lernen Ihre Kinder so auch schon die <strong>akustischen Signale<\/strong> kennen, auf die sie achten m\u00fcssen, und bekommen Gelegenheit, sich das richtige Verhalten sowie die <strong>Fluchtwege<\/strong> zum <strong>Sammlungspunkt<\/strong> besser einzupr\u00e4gen.<\/p>\n<\/div><\/section><\/div>\n\n<style type=\"text\/css\" data-created_by=\"avia_inline_auto\" id=\"style-css-av-1x0dwux-5fb410e343741f50818164d17aa785f5\">\n.flex_column.av-1x0dwux-5fb410e343741f50818164d17aa785f5{\nborder-radius:0px 0px 0px 0px;\npadding:0px 0px 0px 0px;\n}\n<\/style>\n<div  class='flex_column av-1x0dwux-5fb410e343741f50818164d17aa785f5 av_one_full  avia-builder-el-56  el_after_av_one_full  el_before_av_one_full  first flex_column_div av-zero-column-padding  column-top-margin'     ><section  class='av_textblock_section av-m23be7fy-ba2824aae3637f8a5218cb87ec76e826 '  ><div class='avia_textblock infoboxBlue' ><p><strong>Verhalten am Sammelpunkt <\/strong><\/p>\n<ol>\n<li>Bleiben Sie am Sammelpunkt, bewahren Sie Ruhe und sorgen daf\u00fcr, dass keins der Kinder den Ort verl\u00e4sst.<\/li>\n<li>Z\u00e4hlen Sie alle Personen durch: Sind alle vollst\u00e4ndig?<\/li>\n<li>Melden Sie den Einsatzkr\u00e4ften, wenn jemand fehlt. Wenn Sie eine Vermutung haben, wo sich diese Person wahrscheinlich aufh\u00e4lt, teilen Sie diese ebenfalls den Rettungskr\u00e4ften mit.<\/li>\n<\/ol>\n<p><strong>Notfall: Sie k\u00f6nnen das Geb\u00e4ude nicht verlassen<\/strong><\/p>\n<p>Sollten Sie sich nicht im Erdgeschoss befinden und Ihr Gruppenraum somit auch nicht \u00fcber einen Ausgang aufs Au\u00dfengel\u00e4nde verf\u00fcgen, befolgen Sie diese Regeln:<\/p>\n<ol>\n<li>Bewahren Sie Ruhe.<\/li>\n<li>Schlie\u00dfen Sie die T\u00fcr und legen Sie nasse T\u00fccher davor, damit m\u00f6glichst wenig Rauch eindringt.<\/li>\n<li>\u00d6ffnen Sie die Fenster und rufen Sie um Hilfe.<\/li>\n<li>Warten Sie auf Rettung.<\/li>\n<\/ol>\n<\/div><\/section><\/div>\n\n<style type=\"text\/css\" data-created_by=\"avia_inline_auto\" id=\"style-css-av-1l328jd-4392b77c178d2059d5715cd33403a0e7\">\n.flex_column.av-1l328jd-4392b77c178d2059d5715cd33403a0e7{\nborder-radius:0px 0px 0px 0px;\npadding:0px 0px 0px 0px;\n}\n<\/style>\n<div  class='flex_column av-1l328jd-4392b77c178d2059d5715cd33403a0e7 av_one_full  avia-builder-el-58  el_after_av_one_full  el_before_av_one_full  first flex_column_div av-zero-column-padding  column-top-margin'     ><section  class='av_textblock_section av-m23bf4v4-a0670503924a15bd7ba7eda33f0ec983 '  ><div class='avia_textblock' ><p><strong>Dokumentieren<\/strong> Sie Ihre <strong>Ergebnisse<\/strong>, um Schwachstellen zu identifizieren und, falls n\u00f6tig, <strong>nachzujustieren<\/strong>: Was hat gut geklappt, was weniger? Wie lang hat die Evakuierung gedauert? Gab es Missverst\u00e4ndnisse, gibt es Fragen? Kam es zu Chaos oder Engp\u00e4ssen? Hatten alle Mitarbeiter einen guten \u00dcberblick? Und, am allerwichtigsten: Haben alle die R\u00e4umlichkeiten verlassen (k\u00f6nnen)?<\/p>\n<\/div><\/section><\/div>\n\n<style type=\"text\/css\" data-created_by=\"avia_inline_auto\" id=\"style-css-av-1dgaoux-43ea238eccdd0ffc47a70999fdb3882d\">\n.flex_column.av-1dgaoux-43ea238eccdd0ffc47a70999fdb3882d{\nborder-radius:0px 0px 0px 0px;\npadding:0px 0px 0px 0px;\n}\n<\/style>\n<div  class='flex_column av-1dgaoux-43ea238eccdd0ffc47a70999fdb3882d av_one_full  avia-builder-el-60  el_after_av_one_full  el_before_av_one_full  first flex_column_div av-zero-column-padding  column-top-margin'     ><section  class='av_textblock_section av-m23bfrsb-1cbcc9159b93826f82a4bde78443ab7a '  ><div class='avia_textblock infoboxGreen' ><p><strong>Achtung:<\/strong> Es gibt keine gesetzliche Verpflichtung, mit U3-Kindern Brandschutz\u00fcbungen durchzuf\u00fchren. Sie sind jedoch verpflichtet, gem\u00e4\u00df Ihres Brandschutzkonzepts Vorkehrungen f\u00fcr das Verhalten im Brandfall zu treffen und diese am besten schriftlich zu fixieren.<\/p>\n<\/div><\/section><\/div>\n\n<style type=\"text\/css\" data-created_by=\"avia_inline_auto\" id=\"style-css-av-pibb89-d44564a156804293ecf9f7ddda5ed90f\">\n.flex_column.av-pibb89-d44564a156804293ecf9f7ddda5ed90f{\nborder-radius:0px 0px 0px 0px;\npadding:0px 0px 0px 0px;\n}\n<\/style>\n<div  class='flex_column av-pibb89-d44564a156804293ecf9f7ddda5ed90f av_one_full  avia-builder-el-62  el_after_av_one_full  el_before_av_one_third  first flex_column_div av-zero-column-padding  column-top-margin'     ><section  class='av_textblock_section av-m23bg3ip-ae6e148331ef6597519dd3e662996b4a '  ><div class='avia_textblock' ><p>Denken Sie also z. B. dar\u00fcber nach, wie viele Erwachsene Sie brauchen, um alle Kinder, die noch nicht laufen k\u00f6nnen, schnellstm\u00f6glich in Sicherheit bringen zu k\u00f6nnen, ohne dass sie mehrmals wieder ins brennende Geb\u00e4ude zur\u00fccklaufen m\u00fcssen, oder wie Sie im Winter sicherstellen, dass die Kleinsten drau\u00dfen nicht frieren, sollte der Alarm w\u00e4hrend der Schlafenszeit ausgel\u00f6st werden.<\/p>\n<p>Denn auch, wenn Sie nicht zu einer Brandschutz\u00fcbung verpflichtet sind, haben Sie die Verantwortung f\u00fcr all Ihre Kinder und m\u00fcssen im Notfall alles Erdenkliche tun, um jedes einzelne zu sch\u00fctzen.<\/p>\n<\/div><\/section><\/div>\n<div class='flex_column_table av-5y2ngex-d0341f81642f6b309cf066096edd27f8 sc-av_one_third av-equal-height-column-flextable'>\n<style type=\"text\/css\" data-created_by=\"avia_inline_auto\" id=\"style-css-av-5y2ngex-d0341f81642f6b309cf066096edd27f8\">\n.flex_column.av-5y2ngex-d0341f81642f6b309cf066096edd27f8{\nborder-width:1px;\nborder-color:#ebebeb;\nborder-style:solid;\nborder-radius:0px 0px 0px 0px;\npadding:10px 10px 10px 10px;\n}\n<\/style>\n<div  class='flex_column av-5y2ngex-d0341f81642f6b309cf066096edd27f8 av_one_third  avia-builder-el-64  el_after_av_one_full  el_before_av_one_third  first flex_column_table_cell av-equal-height-column av-align-top  column-top-margin'     ><p><section  class='av_textblock_section av-5ickift-70e621be4250888676d031f074b516aa '  ><div class='avia_textblock' ><p><img decoding=\"async\" class=\"alignnone wp-image-15305 \" src=\"https:\/\/blog.backwinkel.de\/wp-content\/uploads\/2024\/10\/70012_fantasia-sofa.jpg\" alt=\"\" width=\"564\" height=\"564\" srcset=\"https:\/\/www.backwinkel.de\/blog\/wp-content\/uploads\/2024\/10\/70012_fantasia-sofa.jpg 700w, https:\/\/www.backwinkel.de\/blog\/wp-content\/uploads\/2024\/10\/70012_fantasia-sofa-36x36.jpg 36w, https:\/\/www.backwinkel.de\/blog\/wp-content\/uploads\/2024\/10\/70012_fantasia-sofa-180x180.jpg 180w\" sizes=\"(max-width: 564px) 100vw, 564px\" \/><\/p>\n<p style=\"font-size: 20px; font-family: urw_grotesk_extra_narrowrg; text-align: left;\">Kindersofa Fantasie<\/p>\n<p style=\"text-align: left;\"><div  class='avia-button-wrap av-4yzx7i1-22b7285c242d7673c03fc3040dd2105a-wrap avia-button-center  avia-builder-el-66  avia-builder-el-no-sibling '><a href='https:\/\/www.backwinkel.de\/prod\/kindersofa-fantasia.html'  class='avia-button av-4yzx7i1-22b7285c242d7673c03fc3040dd2105a av-link-btn avia-icon_select-no avia-size-medium avia-position-center avia-color-theme-color'  target=\"_blank\"  rel=\"noopener noreferrer\"  aria-label=\"zum Produkt\"><span class='avia_iconbox_title' >zum Produkt<\/span><\/a><\/div><\/p>\n<\/div><\/section><br \/>\n\n<style type=\"text\/css\" data-created_by=\"avia_inline_auto\" id=\"style-css-av-4bmwad5-11ecd43ae203ecd805014afc57231ad4\">\n#top .hr.hr-invisible.av-4bmwad5-11ecd43ae203ecd805014afc57231ad4{\nheight:20px;\n}\n<\/style>\n<div  class='hr av-4bmwad5-11ecd43ae203ecd805014afc57231ad4 hr-invisible  avia-builder-el-67  el_after_av_textblock  avia-builder-el-last '><span class='hr-inner '><span class=\"hr-inner-style\"><\/span><\/span><\/div><\/p><\/div>\n<div class='av-flex-placeholder'><\/div>\n<style type=\"text\/css\" data-created_by=\"avia_inline_auto\" id=\"style-css-av-3zbthyx-718f49474b2e98e5e0f0f30cf6d0d53e\">\n.flex_column.av-3zbthyx-718f49474b2e98e5e0f0f30cf6d0d53e{\nborder-width:1px;\nborder-color:#ebebeb;\nborder-style:solid;\nborder-radius:0px 0px 0px 0px;\npadding:10px 10px 10px 10px;\n}\n<\/style>\n<div  class='flex_column av-3zbthyx-718f49474b2e98e5e0f0f30cf6d0d53e av_one_third  avia-builder-el-68  el_after_av_one_third  el_before_av_one_third  flex_column_table_cell av-equal-height-column av-align-top  column-top-margin'     ><p><section  class='av_textblock_section av-3dmbxbt-daa3b94ccf68bfc1f05f66c7f1021650 '  ><div class='avia_textblock' ><p><img decoding=\"async\" class=\"alignnone wp-image-15306 size-full\" src=\"https:\/\/blog.backwinkel.de\/wp-content\/uploads\/2024\/10\/75519-feuerwehrwache-mit-zubehoer-vorne.jpg\" alt=\"\" width=\"700\" height=\"700\" srcset=\"https:\/\/www.backwinkel.de\/blog\/wp-content\/uploads\/2024\/10\/75519-feuerwehrwache-mit-zubehoer-vorne.jpg 700w, https:\/\/www.backwinkel.de\/blog\/wp-content\/uploads\/2024\/10\/75519-feuerwehrwache-mit-zubehoer-vorne-36x36.jpg 36w, https:\/\/www.backwinkel.de\/blog\/wp-content\/uploads\/2024\/10\/75519-feuerwehrwache-mit-zubehoer-vorne-180x180.jpg 180w\" sizes=\"(max-width: 700px) 100vw, 700px\" \/><\/p>\n<p style=\"font-size: 20px; font-family: urw_grotesk_extra_narrowrg; text-align: left;\">Feuerwache<\/p>\n<p style=\"text-align: left;\"><div  class='avia-button-wrap av-2xap395-f03ce10d63b075a19c7b30f6704290ee-wrap avia-button-center  avia-builder-el-70  avia-builder-el-no-sibling '><a href='https:\/\/www.backwinkel.de\/prod\/feuerwache.html'  class='avia-button av-2xap395-f03ce10d63b075a19c7b30f6704290ee av-link-btn avia-icon_select-no avia-size-medium avia-position-center avia-color-theme-color'  target=\"_blank\"  rel=\"noopener noreferrer\"  aria-label=\"zum Produkt\"><span class='avia_iconbox_title' >zum Produkt<\/span><\/a><\/div><\/p>\n<\/div><\/section><br \/>\n\n<style type=\"text\/css\" data-created_by=\"avia_inline_auto\" id=\"style-css-av-2ftdwu1-3bb7645ddf0eb29851d51c67577e1c3b\">\n#top .hr.hr-invisible.av-2ftdwu1-3bb7645ddf0eb29851d51c67577e1c3b{\nheight:20px;\n}\n<\/style>\n<div  class='hr av-2ftdwu1-3bb7645ddf0eb29851d51c67577e1c3b hr-invisible  avia-builder-el-71  el_after_av_textblock  avia-builder-el-last '><span class='hr-inner '><span class=\"hr-inner-style\"><\/span><\/span><\/div><\/p><\/div>\n<div class='av-flex-placeholder'><\/div>\n<style type=\"text\/css\" data-created_by=\"avia_inline_auto\" id=\"style-css-av-1yi5cs9-71f7bc470849ae713758413999b65ee3\">\n.flex_column.av-1yi5cs9-71f7bc470849ae713758413999b65ee3{\nborder-width:1px;\nborder-color:#ebebeb;\nborder-style:solid;\nborder-radius:0px 0px 0px 0px;\npadding:10px 10px 10px 10px;\n}\n<\/style>\n<div  class='flex_column av-1yi5cs9-71f7bc470849ae713758413999b65ee3 av_one_third  avia-builder-el-72  el_after_av_one_third  el_before_av_one_full  flex_column_table_cell av-equal-height-column av-align-top  column-top-margin'     ><p><section  class='av_textblock_section av-1nfyneh-4a551755f881094e6143b2ebf3e08a48 '  ><div class='avia_textblock' ><p><img decoding=\"async\" class=\"alignnone wp-image-15307 \" src=\"https:\/\/blog.backwinkel.de\/wp-content\/uploads\/2024\/10\/30866_zoom_1.jpg\" alt=\"\" width=\"595\" height=\"595\" srcset=\"https:\/\/www.backwinkel.de\/blog\/wp-content\/uploads\/2024\/10\/30866_zoom_1.jpg 2048w, https:\/\/www.backwinkel.de\/blog\/wp-content\/uploads\/2024\/10\/30866_zoom_1-1536x1536.jpg 1536w, https:\/\/www.backwinkel.de\/blog\/wp-content\/uploads\/2024\/10\/30866_zoom_1-36x36.jpg 36w, https:\/\/www.backwinkel.de\/blog\/wp-content\/uploads\/2024\/10\/30866_zoom_1-180x180.jpg 180w\" sizes=\"(max-width: 595px) 100vw, 595px\" \/><\/p>\n<p style=\"font-size: 20px; font-family: urw_grotesk_extra_narrowrg; text-align: left;\">NEO Sitzecken-Set<\/p>\n<p style=\"text-align: left;\"><div  class='avia-button-wrap av-yvpnqx-b092d8a87a10bf8ea8c87a170045f59e-wrap avia-button-center  avia-builder-el-74  avia-builder-el-no-sibling '><a href='https:\/\/www.backwinkel.de\/prod\/neo-sitzecken-set-oxid-1.html'  class='avia-button av-yvpnqx-b092d8a87a10bf8ea8c87a170045f59e av-link-btn avia-icon_select-no avia-size-medium avia-position-center avia-color-theme-color'  target=\"_blank\"  rel=\"noopener noreferrer\"  aria-label=\"zum Produkt\"><span class='avia_iconbox_title' >zum Produkt<\/span><\/a><\/div><\/p>\n<\/div><\/section><br \/>\n\n<style type=\"text\/css\" data-created_by=\"avia_inline_auto\" id=\"style-css-av-l71gnt-04b107c4d76e5a9b15fffc4ccd5ed3dd\">\n#top .hr.hr-invisible.av-l71gnt-04b107c4d76e5a9b15fffc4ccd5ed3dd{\nheight:20px;\n}\n<\/style>\n<div  class='hr av-l71gnt-04b107c4d76e5a9b15fffc4ccd5ed3dd hr-invisible  avia-builder-el-75  el_after_av_textblock  avia-builder-el-last '><span class='hr-inner '><span class=\"hr-inner-style\"><\/span><\/span><\/div><\/p><\/div><\/div><!--close column table wrapper. Autoclose: 1 -->\n\n<style type=\"text\/css\" data-created_by=\"avia_inline_auto\" id=\"style-css-av-jley1l06-be8863a15e87d33f314fbd4b76b14014\">\n.flex_column.av-jley1l06-be8863a15e87d33f314fbd4b76b14014{\nborder-radius:0px 0px 0px 0px;\npadding:10px 10px 10px 10px;\nbackground-color:#f2f2f2;\n}\n<\/style>\n<div  class='flex_column av-jley1l06-be8863a15e87d33f314fbd4b76b14014 av_one_full  avia-builder-el-76  el_after_av_one_third  el_before_av_one_full  first flex_column_div  column-top-margin'     ><section  class='av_textblock_section av-jkuvcso3-5-5c6860626657f0ec318095798effdcc6 '  ><div class='avia_textblock' ><p class=\"fussnoten-quellen\"><strong>Lesestoff: <\/strong><\/p>\n<p>Brandschutz in Schule und Kindergarten:<br \/>\n<a href=\"https:\/\/www.backwinkel.de\/brandschutz-in-schule-und-kindergarten\/\" target=\"_blank\" rel=\"noopener\">https:\/\/www.backwinkel.de\/brandschutz-in-schule-und-kindergarten\/<\/a><\/p>\n<p>BGW Bildungseinrichtungen und Kinderbetreuung: Sichere Seiten: Brandschutz, Januar 2022:<br \/>\n<a href=\"https:\/\/www.bgw-online.de\/resource\/blob\/8826\/69f863b14dbb1055dcbd77b8402dd5d5\/SichereSeiten_Bildung-Kita_Brandschutz_01-2022_bf.pdf\" target=\"_blank\" rel=\"noopener\">https:\/\/www.bgw-online.de\/resource\/blob\/8826\/69f863b14dbb1055dcbd77b8402dd5d5\/SichereSeiten_Bildung-Kita_Brandschutz_01-2022_bf.pdf<\/a><\/p>\n<p>Brandschutz in der Kita, 09.11.2021:<br \/>\n<a href=\"https:\/\/brandschutz-zentrale.de\/brandschutz\/brandschutz-in-der-kita\/\" target=\"_blank\" rel=\"noopener\">https:\/\/brandschutz-zentrale.de\/brandschutz\/brandschutz-in-der-kita\/<\/a><\/p>\n<p>Was unterscheidet Brandschutzhelfer von Brandschutzbeauftragten?, 04.05.2023:<br \/>\n<a href=\"https:\/\/brandschutz-zentrale.de\/brandschutzhelfer\/was-unterscheidet-brandschutzhelfer-von-brandschutzbeauftragten\/\" target=\"_blank\" rel=\"noopener\">https:\/\/brandschutz-zentrale.de\/brandschutzhelfer\/was-unterscheidet-brandschutzhelfer-von-brandschutzbeauftragten\/<\/a><\/p>\n<p>Hochbruck, Wolfgang, Hilbert, Michael: Brandschutzerziehung im Kindergarten: Leitfaden f\u00fcr eine Unterrichtseinheit, 2019 (anschaulich und informativ, leider mit einigen nicht mehr aktuellen Links):<br \/>\n<a href=\"https:\/\/www.fwvbw.de\/fileadmin\/Downloads\/Aktuelles\/Fachgebiete\/BeBa_Leitfaden_KiGa.pdf\" target=\"_blank\" rel=\"noopener\">https:\/\/www.fwvbw.de\/fileadmin\/Downloads\/Aktuelles\/Fachgebiete\/BeBa_Leitfaden_KiGa.pdf<\/a><\/p>\n<p>Kitarechtler: Kitarecht Folge 270 \u2013 Mit Krippenkindern auch Brandschutz \u00fcben?, 15.02.2018:<br \/>\n<a href=\"https:\/\/www.youtube.com\/watch?v=r0sTIkKtUEk\" target=\"_blank\" rel=\"noopener\">https:\/\/www.youtube.com\/watch?v=r0sTIkKtUEk<\/a><\/p>\n<p>Landesfeuerwehrverband Brandenburg e. V.: Leitfaden \u2013 Brandschutz in Tageseinrichtungen f\u00fcr Kinder, 01.06.2018:<br \/>\n<a href=\"https:\/\/www.lfv-bb.de\/s\/wp-content\/uploads\/2018\/07\/Brandschutz_Tageseinrichtungen.pdf\" target=\"_blank\" rel=\"noopener\">https:\/\/www.lfv-bb.de\/s\/wp-content\/uploads\/2018\/07\/Brandschutz_Tageseinrichtungen.pdf<\/a><\/p>\n<p><strong>Videos zum Thema Brandschutzerziehung f\u00fcr Kinder und p\u00e4dagogische Fachkr\u00e4fte: <\/strong><\/p>\n<p>CHECKER WELT: Der Feuerwehr-Check | Reportage f\u00fcr Kinder | Checkerin Marina, 06.11.2023:<br \/>\n<a href=\"https:\/\/www.youtube.com\/watch?v=4keS4prD-kA\" target=\"_blank\" rel=\"noopener\">https:\/\/www.youtube.com\/watch?v=4keS4prD-kA<\/a><\/p>\n<p>Landesfeuerwehrverband Baden-W\u00fcrttemberg: Animationsclip \u2013 Verhalten im Brandfall, 16.10.2020:<br \/>\n<a href=\"https:\/\/www.youtube.com\/watch?v=mNo_KCtK3to\" target=\"_blank\" rel=\"noopener\">https:\/\/www.youtube.com\/watch?v=mNo_KCtK3to<\/a><\/p>\n<p>StadtLudwigshafen: Nochmaaal \u2013 Bei der Feuerwehr \u2013 Brandschutzerziehung aus Ludwigshafen, 24.08.2021:<br \/>\n<a href=\"https:\/\/www.youtube.com\/watch?v=7NMnZRloV-Y\" target=\"_blank\" rel=\"noopener\">https:\/\/www.youtube.com\/watch?v=7NMnZRloV-Y<\/a><\/p>\n<\/div><\/section><\/div>\n\n<style type=\"text\/css\" data-created_by=\"avia_inline_auto\" id=\"style-css-av-4a8f13-8282735e1a69d4252a8ab107757df204\">\n.flex_column.av-4a8f13-8282735e1a69d4252a8ab107757df204{\nborder-radius:0px 0px 0px 0px;\npadding:10px 10px 10px 10px;\n}\n<\/style>\n<div  class='flex_column av-4a8f13-8282735e1a69d4252a8ab107757df204 av_one_full  avia-builder-el-78  el_after_av_one_full  el_before_av_one_full  first flex_column_div  column-top-margin'     ><section  class='av_textblock_section av-2ibyo7-105f90c883c0b4406936f8076e5ba294 '  ><div class='avia_textblock' ><p class=\"copyright\"><strong>\u00a9 Copyright \u2013 Urheberrechtshinweis<\/strong><br \/>\nAlle Inhalte auf www.backwinkel.de sowie www.backwinkel.de\/blog, insbesondere Texte, Fotografien und Grafiken, sind urheberrechtlich gesch\u00fctzt.<br \/>\nDas Urheberrecht liegt, soweit nicht ausdr\u00fccklich anders gekennzeichnet, bei der BACKWINKEL GmbH. Bitte fragen Sie uns, falls Sie die Inhalte dieses Internetangebotes verwenden m\u00f6chten.<br \/>\nWer gegen das Urheberrecht verst\u00f6\u00dft (z. B. Bilder oder Texte unerlaubt kopiert), macht sich gem. \u00a7\u00a7 106 ff UrhG strafbar, wird zudem kostenpflichtig abgemahnt und muss Schadensersatz leisten (\u00a7 97 UrhG).<\/p>\n<\/div><\/section><\/div>\n\n<style type=\"text\/css\" data-created_by=\"avia_inline_auto\" id=\"style-css-av-1p82t-b0e9719fe6c67aa5c6d1abf813961e55\">\n.flex_column.av-1p82t-b0e9719fe6c67aa5c6d1abf813961e55{\nborder-radius:0px 0px 0px 0px;\npadding:0px 0px 0px 0px;\n}\n<\/style>\n<div  class='flex_column av-1p82t-b0e9719fe6c67aa5c6d1abf813961e55 av_one_full  avia-builder-el-80  el_after_av_one_full  avia-builder-el-last  first flex_column_div av-zero-column-padding  column-top-margin'     ><p><section  class='av_textblock_section av-jlp4hxqo-91baaad30cd61f89630d15f8561d1750 '  ><div class='avia_textblock' ><div class=\"shariff shariff-align-left shariff-widget-align-left\"><ul class=\"shariff-buttons theme-color orientation-horizontal buttonsize-medium\"><li class=\"shariff-button whatsapp shariff-nocustomcolor\" style=\"background-color:#5cbe4a\"><a href=\"https:\/\/api.whatsapp.com\/send?text=https%3A%2F%2Fwww.backwinkel.de%2Fblog%2Fbrandschutz-im-kindergarten%2F%20Brandschutz%20im%20Kindergarten\" title=\"Bei Whatsapp teilen\" aria-label=\"Bei Whatsapp teilen\" role=\"button\" rel=\"noopener nofollow\" class=\"shariff-link\" style=\"; background-color:#34af23; color:#fff\" target=\"_blank\"><span class=\"shariff-icon\" style=\"\"><svg width=\"32px\" height=\"20px\" xmlns=\"http:\/\/www.w3.org\/2000\/svg\" viewBox=\"0 0 32 32\"><path fill=\"#34af23\" d=\"M17.6 17.4q0.2 0 1.7 0.8t1.6 0.9q0 0.1 0 0.3 0 0.6-0.3 1.4-0.3 0.7-1.3 1.2t-1.8 0.5q-1 0-3.4-1.1-1.7-0.8-3-2.1t-2.6-3.3q-1.3-1.9-1.3-3.5v-0.1q0.1-1.6 1.3-2.8 0.4-0.4 0.9-0.4 0.1 0 0.3 0t0.3 0q0.3 0 0.5 0.1t0.3 0.5q0.1 0.4 0.6 1.6t0.4 1.3q0 0.4-0.6 1t-0.6 0.8q0 0.1 0.1 0.3 0.6 1.3 1.8 2.4 1 0.9 2.7 1.8 0.2 0.1 0.4 0.1 0.3 0 1-0.9t0.9-0.9zM14 26.9q2.3 0 4.3-0.9t3.6-2.4 2.4-3.6 0.9-4.3-0.9-4.3-2.4-3.6-3.6-2.4-4.3-0.9-4.3 0.9-3.6 2.4-2.4 3.6-0.9 4.3q0 3.6 2.1 6.6l-1.4 4.2 4.3-1.4q2.8 1.9 6.2 1.9zM14 2.2q2.7 0 5.2 1.1t4.3 2.9 2.9 4.3 1.1 5.2-1.1 5.2-2.9 4.3-4.3 2.9-5.2 1.1q-3.5 0-6.5-1.7l-7.4 2.4 2.4-7.2q-1.9-3.2-1.9-6.9 0-2.7 1.1-5.2t2.9-4.3 4.3-2.9 5.2-1.1z\"\/><\/svg><\/span><span class=\"shariff-text\">teilen<\/span>&nbsp;<\/a><\/li><li class=\"shariff-button facebook shariff-nocustomcolor\" style=\"background-color:#4273c8\"><a href=\"https:\/\/www.facebook.com\/sharer\/sharer.php?u=https%3A%2F%2Fwww.backwinkel.de%2Fblog%2Fbrandschutz-im-kindergarten%2F\" title=\"Bei Facebook teilen\" aria-label=\"Bei Facebook teilen\" role=\"button\" rel=\"nofollow\" class=\"shariff-link\" style=\"; background-color:#3b5998; color:#fff\" target=\"_blank\"><span class=\"shariff-icon\" style=\"\"><svg width=\"32px\" height=\"20px\" xmlns=\"http:\/\/www.w3.org\/2000\/svg\" viewBox=\"0 0 18 32\"><path fill=\"#3b5998\" d=\"M17.1 0.2v4.7h-2.8q-1.5 0-2.1 0.6t-0.5 1.9v3.4h5.2l-0.7 5.3h-4.5v13.6h-5.5v-13.6h-4.5v-5.3h4.5v-3.9q0-3.3 1.9-5.2t5-1.8q2.6 0 4.1 0.2z\"\/><\/svg><\/span><span class=\"shariff-text\">teilen<\/span>&nbsp;<\/a><\/li><li class=\"shariff-button twitter shariff-nocustomcolor\" style=\"background-color:#595959\"><a href=\"https:\/\/twitter.com\/share?url=https%3A%2F%2Fwww.backwinkel.de%2Fblog%2Fbrandschutz-im-kindergarten%2F&text=Brandschutz%20im%20Kindergarten\" title=\"Bei X teilen\" aria-label=\"Bei X teilen\" role=\"button\" rel=\"noopener nofollow\" class=\"shariff-link\" style=\"; background-color:#000; color:#fff\" target=\"_blank\"><span class=\"shariff-icon\" style=\"\"><svg width=\"32px\" height=\"20px\" xmlns=\"http:\/\/www.w3.org\/2000\/svg\" viewBox=\"0 0 24 24\"><path fill=\"#000\" d=\"M14.258 10.152L23.176 0h-2.113l-7.747 8.813L7.133 0H0l9.352 13.328L0 23.973h2.113l8.176-9.309 6.531 9.309h7.133zm-2.895 3.293l-.949-1.328L2.875 1.56h3.246l6.086 8.523.945 1.328 7.91 11.078h-3.246zm0 0\"\/><\/svg><\/span><span class=\"shariff-text\">teilen<\/span>&nbsp;<\/a><\/li><li class=\"shariff-button pinterest shariff-nocustomcolor\" style=\"background-color:#e70f18\"><a href=\"https:\/\/www.pinterest.com\/pin\/create\/link\/?url=https%3A%2F%2Fwww.backwinkel.de%2Fblog%2Fbrandschutz-im-kindergarten%2F&media=https%3A%2F%2Fwww.backwinkel.de%2Fblog%2Fwp-content%2Fuploads%2F2024%2F10%2FBrandschutz-heroimage.jpg&description=Brandschutz%20im%20Kindergarten\" title=\"Bei Pinterest pinnen\" aria-label=\"Bei Pinterest pinnen\" role=\"button\" rel=\"noopener nofollow\" class=\"shariff-link\" style=\"; background-color:#cb2027; color:#fff\" target=\"_blank\"><span class=\"shariff-icon\" style=\"\"><svg width=\"32px\" height=\"20px\" xmlns=\"http:\/\/www.w3.org\/2000\/svg\" viewBox=\"0 0 27 32\"><path fill=\"#cb2027\" d=\"M27.4 16q0 3.7-1.8 6.9t-5 5-6.9 1.9q-2 0-3.9-0.6 1.1-1.7 1.4-2.9 0.2-0.6 1-3.8 0.4 0.7 1.3 1.2t2 0.5q2.1 0 3.8-1.2t2.7-3.4 0.9-4.8q0-2-1.1-3.8t-3.1-2.9-4.5-1.2q-1.9 0-3.5 0.5t-2.8 1.4-2 2-1.2 2.3-0.4 2.4q0 1.9 0.7 3.3t2.1 2q0.5 0.2 0.7-0.4 0-0.1 0.1-0.5t0.2-0.5q0.1-0.4-0.2-0.8-0.9-1.1-0.9-2.7 0-2.7 1.9-4.6t4.9-2q2.7 0 4.2 1.5t1.5 3.8q0 3-1.2 5.2t-3.1 2.1q-1.1 0-1.7-0.8t-0.4-1.9q0.1-0.6 0.5-1.7t0.5-1.8 0.2-1.4q0-0.9-0.5-1.5t-1.4-0.6q-1.1 0-1.9 1t-0.8 2.6q0 1.3 0.4 2.2l-1.8 7.5q-0.3 1.2-0.2 3.2-3.7-1.6-6-5t-2.3-7.6q0-3.7 1.9-6.9t5-5 6.9-1.9 6.9 1.9 5 5 1.8 6.9z\"\/><\/svg><\/span><span class=\"shariff-text\">merken<\/span>&nbsp;<\/a><\/li><li class=\"shariff-button mailto shariff-nocustomcolor\" style=\"background-color:#a8a8a8\"><a href=\"mailto:?body=https%3A%2F%2Fwww.backwinkel.de%2Fblog%2Fbrandschutz-im-kindergarten%2F&subject=Brandschutz%20im%20Kindergarten\" title=\"Per E-Mail versenden\" aria-label=\"Per E-Mail versenden\" role=\"button\" rel=\"noopener nofollow\" class=\"shariff-link\" style=\"; background-color:#999; color:#fff\"><span class=\"shariff-icon\" style=\"\"><svg width=\"32px\" height=\"20px\" xmlns=\"http:\/\/www.w3.org\/2000\/svg\" viewBox=\"0 0 32 32\"><path fill=\"#999\" d=\"M32 12.7v14.2q0 1.2-0.8 2t-2 0.9h-26.3q-1.2 0-2-0.9t-0.8-2v-14.2q0.8 0.9 1.8 1.6 6.5 4.4 8.9 6.1 1 0.8 1.6 1.2t1.7 0.9 2 0.4h0.1q0.9 0 2-0.4t1.7-0.9 1.6-1.2q3-2.2 8.9-6.1 1-0.7 1.8-1.6zM32 7.4q0 1.4-0.9 2.7t-2.2 2.2q-6.7 4.7-8.4 5.8-0.2 0.1-0.7 0.5t-1 0.7-0.9 0.6-1.1 0.5-0.9 0.2h-0.1q-0.4 0-0.9-0.2t-1.1-0.5-0.9-0.6-1-0.7-0.7-0.5q-1.6-1.1-4.7-3.2t-3.6-2.6q-1.1-0.7-2.1-2t-1-2.5q0-1.4 0.7-2.3t2.1-0.9h26.3q1.2 0 2 0.8t0.9 2z\"\/><\/svg><\/span><span class=\"shariff-text\">E-Mail<\/span>&nbsp;<\/a><\/li><\/ul><\/div>\n<\/div><\/section><br \/>\n<div  class='tabcontainer av-jlq8shhr-81242121e684ca07ed7e4b689c7d9116 top_tab  avia-builder-el-82  el_after_av_textblock  el_before_av_hr '>\n<section class='av_tab_section av_tab_section av-4w8jsn-bbdf9e923dedb1db49ad7c5dc47ef632' ><div id='tab-id-1-tab' class='tab active_tab' role='tab' aria-selected=\"true\" tabindex=\"0\" data-fake-id='#tab-id-1' aria-controls='tab-id-1-content' >Das BACKWINKEL-Blog-Team:<\/div><div id='tab-id-1-content' class='tab_content active_tab_content' role='tabpanel' aria-labelledby='tab-id-1-tab' aria-hidden=\"false\"><div class='tab_inner_content invers-color' ><p>Gibts auch ein Gesicht hinter dem BACKWINKEL-Blog? Nat\u00fcrlich. Sogar f\u00fcnf \ud83d\ude0a. Wir \u2013 Lukas, Marvin und Tatjana \u2013 bespielen unseren Blog im LACHEN LEBEN LERNEN-Firmensitz in Hattingen.<br \/>\nLukas kennt Onlinemarketing wie seine Westentasche, w\u00e4hrend Marvin unseren Beitr\u00e4gen den passenden gestalterischen Rahmen gibt und Tatjana mit dem gr\u00fcnen Korrekturstift alles pr\u00fcfend be\u00e4ugt, was unsere Freelancerautorinnen Elisa und Christine (und gern auch Gastautoren) aus der Ferne f\u00fcr den BACKWINKEL-Blog nach ordentlicher Recherche schreiben.<br \/>\nGemeinsam suchen wir st\u00e4ndig nach neuen, aufregenden Themen rund um das Thema Bildung im Kiga, der Schule und zu Hause. Und weil Sie da an der Quelle sitzen, freuen wir uns auf Ihre konstruktiven R\u00fcckmeldungen und Anregungen an blog[@]backwinkel.de<br \/>\nViel Spa\u00df beim LACHEN LESEN LERNEN!<\/p>\n<\/div><\/div><\/section>\n<\/div><br \/>\n\n<style type=\"text\/css\" data-created_by=\"avia_inline_auto\" id=\"style-css-av-jkuvdh82-b6ea5d9aca5d02d0d62bf300de93e492\">\n#top .hr.av-jkuvdh82-b6ea5d9aca5d02d0d62bf300de93e492{\nmargin-top:10px;\nmargin-bottom:10px;\n}\n.hr.av-jkuvdh82-b6ea5d9aca5d02d0d62bf300de93e492 .hr-inner{\nwidth:500;\n}\n<\/style>\n<div  class='hr av-jkuvdh82-b6ea5d9aca5d02d0d62bf300de93e492 hr-custom  avia-builder-el-83  el_after_av_tab_container  el_before_av_heading  hr-left hr-icon-no'><span class='hr-inner inner-border-av-border-thin'><span class=\"hr-inner-style\"><\/span><\/span><\/div><br \/>\n\n<style type=\"text\/css\" data-created_by=\"avia_inline_auto\" id=\"style-css-av-2rgq8p-eea5960d1a3bca7958b11dcc59b35b67\">\n#top .av-special-heading.av-2rgq8p-eea5960d1a3bca7958b11dcc59b35b67{\npadding-bottom:10px;\n}\nbody .av-special-heading.av-2rgq8p-eea5960d1a3bca7958b11dcc59b35b67 .av-special-heading-tag .heading-char{\nfont-size:25px;\n}\n.av-special-heading.av-2rgq8p-eea5960d1a3bca7958b11dcc59b35b67 .av-subheading{\nfont-size:15px;\n}\n<\/style>\n<div  class='av-special-heading av-2rgq8p-eea5960d1a3bca7958b11dcc59b35b67 av-special-heading-h3 blockquote modern-quote  avia-builder-el-84  el_after_av_hr  el_before_av_blog '><h3 class='av-special-heading-tag '  >PASSENDE BEITR\u00c4GE<\/h3><div class=\"special-heading-border\"><div class=\"special-heading-inner-border\"><\/div><\/div><\/div><br \/>\n<div  data-slideshow-options=\"{&quot;animation&quot;:&quot;fade&quot;,&quot;autoplay&quot;:false,&quot;loop_autoplay&quot;:&quot;once&quot;,&quot;interval&quot;:5,&quot;loop_manual&quot;:&quot;manual-endless&quot;,&quot;autoplay_stopper&quot;:false,&quot;noNavigation&quot;:false,&quot;show_slide_delay&quot;:90}\" class='avia-content-slider avia-content-grid-active avia-content-slider1 avia-content-slider-odd  avia-builder-el-85  el_after_av_heading  avia-builder-el-last  av-slideshow-ui av-control-default   av-no-slider-navigation av-slideshow-manual av-loop-once av-loop-manual-endless ' ><div class=\"avia-content-slider-inner\"><div class=\"slide-entry-wrap\"><article class='slide-entry flex_column  post-entry post-entry-18633 slide-entry-overview slide-loop-1 slide-parity-odd  av_one_third first real-thumbnail posttype-post post-format-standard' ><a href='https:\/\/www.backwinkel.de\/blog\/plastik-recyceln\/' data-rel='slide-1' class='slide-image' title='Plastik recyceln'><img decoding=\"async\" fetchpriority=\"high\" width=\"1200\" height=\"628\" src=\"https:\/\/www.backwinkel.de\/blog\/wp-content\/uploads\/2026\/04\/04_Kiga_Plastik_nachhaltig_nutzen.jpg\" class=\"wp-image-18713 avia-img-lazy-loading-not-18713 attachment-no scaling size-no scaling wp-post-image\" alt=\"\" \/><\/a><div class=\"slide-content\"><header class=\"entry-content-header\" aria-label=\"Slide: Plastik recyceln\"><h3 class='slide-entry-title entry-title ' ><a href='https:\/\/www.backwinkel.de\/blog\/plastik-recyceln\/' title='Plastik recyceln'>Plastik recyceln<\/a><\/h3><span class=\"blog-categories minor-meta\"><a href=\"https:\/\/www.backwinkel.de\/blog\/category\/kindergarten-kita\/\" rel=\"tag\">Kindergarten<\/a> <\/span><span class=\"av-vertical-delimiter\"><\/span><\/header><div class='slide-entry-excerpt entry-content' >Biokunststoff f\u00fcr St\u00fchle, Materialboxen, Spielzeug und Rucks\u00e4cke<\/div><\/div><footer class=\"entry-footer\"><div class=\"slide-meta\"><time class='slide-meta-time updated' >14. April 2026<\/time><\/div><\/footer><\/article><article class='slide-entry flex_column  post-entry post-entry-18716 slide-entry-overview slide-loop-2 slide-parity-even  av_one_third  real-thumbnail posttype-post post-format-standard' ><a href='https:\/\/www.backwinkel.de\/blog\/rechnen-im-anfangsunterricht\/' data-rel='slide-1' class='slide-image' title='Rechnen im Anfangsunterricht'><img decoding=\"async\" fetchpriority=\"high\" width=\"1200\" height=\"628\" src=\"https:\/\/www.backwinkel.de\/blog\/wp-content\/uploads\/2026\/04\/04_Schule_Rechnen_anfangsunterricht.jpg\" class=\"wp-image-18748 avia-img-lazy-loading-not-18748 attachment-no scaling size-no scaling wp-post-image\" alt=\"\" \/><\/a><div class=\"slide-content\"><header class=\"entry-content-header\" aria-label=\"Slide: Rechnen im Anfangsunterricht\"><h3 class='slide-entry-title entry-title ' ><a href='https:\/\/www.backwinkel.de\/blog\/rechnen-im-anfangsunterricht\/' title='Rechnen im Anfangsunterricht'>Rechnen im Anfangsunterricht<\/a><\/h3><span class=\"blog-categories minor-meta\"><a href=\"https:\/\/www.backwinkel.de\/blog\/category\/schule-grundschule\/\" rel=\"tag\">Schule<\/a> <\/span><span class=\"av-vertical-delimiter\"><\/span><\/header><div class='slide-entry-excerpt entry-content' >Das Klassenzimmer als Lernlandschaft<\/div><\/div><footer class=\"entry-footer\"><div class=\"slide-meta\"><time class='slide-meta-time updated' >14. April 2026<\/time><\/div><\/footer><\/article><article class='slide-entry flex_column  post-entry post-entry-18372 slide-entry-overview slide-loop-3 slide-parity-odd  post-entry-last  av_one_third  real-thumbnail posttype-post post-format-standard' ><a href='https:\/\/www.backwinkel.de\/blog\/kranke-kinder-im-kindergarten\/' data-rel='slide-1' class='slide-image' title='Kranke Kinder im Kindergarten'><img decoding=\"async\" fetchpriority=\"high\" width=\"1200\" height=\"628\" src=\"https:\/\/www.backwinkel.de\/blog\/wp-content\/uploads\/2026\/03\/03_Kiga_Kranke_Kinder.jpg\" class=\"wp-image-18451 avia-img-lazy-loading-not-18451 attachment-no scaling size-no scaling wp-post-image\" alt=\"Thema: Kranke Kinder. Auf dem Bild ist ein krankes kleines M\u00e4dchen zu sehen. Eine Frau mit einem Fieberthermometer in der Hand sitzt neben ihr und hat die Hand auf der Stirn des M\u00e4dchens.\" \/><\/a><div class=\"slide-content\"><header class=\"entry-content-header\" aria-label=\"Slide: Kranke Kinder im Kindergarten\"><h3 class='slide-entry-title entry-title ' ><a href='https:\/\/www.backwinkel.de\/blog\/kranke-kinder-im-kindergarten\/' title='Kranke Kinder im Kindergarten'>Kranke Kinder im Kindergarten<\/a><\/h3><span class=\"blog-categories minor-meta\"><a href=\"https:\/\/www.backwinkel.de\/blog\/category\/kindergarten-kita\/\" rel=\"tag\">Kindergarten<\/a> <\/span><span class=\"av-vertical-delimiter\"><\/span><\/header><div class='slide-entry-excerpt entry-content' >Auswirkungen f\u00fcr Kinder, Eltern und Fachkr\u00e4fte<\/div><\/div><footer class=\"entry-footer\"><div class=\"slide-meta\"><time class='slide-meta-time updated' >9. M\u00e4rz 2026<\/time><\/div><\/footer><\/article><\/div><\/div><\/div><\/p><\/div>\n","protected":false},"excerpt":{"rendered":"<p>Alles zu Gefahrenquellen &#038; Brandschutzerziehung<\/p>\n","protected":false},"author":1,"featured_media":15311,"comment_status":"closed","ping_status":"closed","sticky":false,"template":"","format":"standard","meta":{"inline_featured_image":false,"footnotes":""},"categories":[5],"tags":[],"class_list":["post-15257","post","type-post","status-publish","format-standard","has-post-thumbnail","hentry","category-kindergarten-kita"],"yoast_head":"<!-- This site is optimized with the Yoast SEO plugin v27.5 - https:\/\/yoast.com\/product\/yoast-seo-wordpress\/ -->\n<title>Brandschutz im Kindergarten | BACKWINKEL Blog<\/title>\n<meta name=\"description\" content=\"Alles zum Thema Brandschutz, Gefahrenquellen, Pr\u00e4vention und Brandschutzerziehung in der Kita, Checkliste inklusive \u00bb Jetzt lesen\" \/>\n<meta name=\"robots\" content=\"index, follow, max-snippet:-1, max-image-preview:large, max-video-preview:-1\" \/>\n<link rel=\"canonical\" href=\"https:\/\/www.backwinkel.de\/blog\/brandschutz-im-kindergarten\/\" \/>\n<meta property=\"og:locale\" content=\"de_DE\" \/>\n<meta property=\"og:type\" content=\"article\" \/>\n<meta property=\"og:title\" content=\"Brandschutz im Kindergarten | BACKWINKEL Blog\" \/>\n<meta property=\"og:description\" content=\"Alles zum Thema Brandschutz, Gefahrenquellen, Pr\u00e4vention und Brandschutzerziehung in der Kita, Checkliste inklusive \u00bb Jetzt lesen\" \/>\n<meta property=\"og:url\" content=\"https:\/\/www.backwinkel.de\/blog\/brandschutz-im-kindergarten\/\" \/>\n<meta property=\"og:site_name\" content=\"BACKWINKEL Blog\" \/>\n<meta property=\"article:published_time\" content=\"2024-10-14T14:15:42+00:00\" \/>\n<meta property=\"article:modified_time\" content=\"2026-04-27T06:17:52+00:00\" \/>\n<meta property=\"og:image\" content=\"https:\/\/www.backwinkel.de\/blog\/wp-content\/uploads\/2024\/10\/Brandschutz-heroimage.jpg\" \/>\n\t<meta property=\"og:image:width\" content=\"1200\" \/>\n\t<meta property=\"og:image:height\" content=\"628\" \/>\n\t<meta property=\"og:image:type\" content=\"image\/jpeg\" \/>\n<meta name=\"author\" content=\"admin_backwinkel\" \/>\n<meta name=\"twitter:card\" content=\"summary_large_image\" \/>\n<meta name=\"twitter:label1\" content=\"Verfasst von\" \/>\n\t<meta name=\"twitter:data1\" content=\"admin_backwinkel\" \/>\n\t<meta name=\"twitter:label2\" content=\"Gesch\u00e4tzte Lesezeit\" \/>\n\t<meta name=\"twitter:data2\" content=\"22\u00a0Minuten\" \/>\n<script type=\"application\/ld+json\" class=\"yoast-schema-graph\">{\"@context\":\"https:\\\/\\\/schema.org\",\"@graph\":[{\"@type\":\"Article\",\"@id\":\"https:\\\/\\\/www.backwinkel.de\\\/blog\\\/brandschutz-im-kindergarten\\\/#article\",\"isPartOf\":{\"@id\":\"https:\\\/\\\/www.backwinkel.de\\\/blog\\\/brandschutz-im-kindergarten\\\/\"},\"author\":{\"name\":\"admin_backwinkel\",\"@id\":\"https:\\\/\\\/www.backwinkel.de\\\/blog\\\/#\\\/schema\\\/person\\\/88b842297c0e471020a66f4476633cf2\"},\"headline\":\"Brandschutz im Kindergarten\",\"datePublished\":\"2024-10-14T14:15:42+00:00\",\"dateModified\":\"2026-04-27T06:17:52+00:00\",\"mainEntityOfPage\":{\"@id\":\"https:\\\/\\\/www.backwinkel.de\\\/blog\\\/brandschutz-im-kindergarten\\\/\"},\"wordCount\":9896,\"image\":{\"@id\":\"https:\\\/\\\/www.backwinkel.de\\\/blog\\\/brandschutz-im-kindergarten\\\/#primaryimage\"},\"thumbnailUrl\":\"https:\\\/\\\/www.backwinkel.de\\\/blog\\\/wp-content\\\/uploads\\\/2024\\\/10\\\/Brandschutz-heroimage.jpg\",\"articleSection\":[\"Kindergarten\"],\"inLanguage\":\"de\"},{\"@type\":\"WebPage\",\"@id\":\"https:\\\/\\\/www.backwinkel.de\\\/blog\\\/brandschutz-im-kindergarten\\\/\",\"url\":\"https:\\\/\\\/www.backwinkel.de\\\/blog\\\/brandschutz-im-kindergarten\\\/\",\"name\":\"Brandschutz im Kindergarten | BACKWINKEL Blog\",\"isPartOf\":{\"@id\":\"https:\\\/\\\/www.backwinkel.de\\\/blog\\\/#website\"},\"primaryImageOfPage\":{\"@id\":\"https:\\\/\\\/www.backwinkel.de\\\/blog\\\/brandschutz-im-kindergarten\\\/#primaryimage\"},\"image\":{\"@id\":\"https:\\\/\\\/www.backwinkel.de\\\/blog\\\/brandschutz-im-kindergarten\\\/#primaryimage\"},\"thumbnailUrl\":\"https:\\\/\\\/www.backwinkel.de\\\/blog\\\/wp-content\\\/uploads\\\/2024\\\/10\\\/Brandschutz-heroimage.jpg\",\"datePublished\":\"2024-10-14T14:15:42+00:00\",\"dateModified\":\"2026-04-27T06:17:52+00:00\",\"author\":{\"@id\":\"https:\\\/\\\/www.backwinkel.de\\\/blog\\\/#\\\/schema\\\/person\\\/88b842297c0e471020a66f4476633cf2\"},\"description\":\"Alles zum Thema Brandschutz, Gefahrenquellen, Pr\u00e4vention und Brandschutzerziehung in der Kita, Checkliste inklusive \u00bb Jetzt lesen\",\"breadcrumb\":{\"@id\":\"https:\\\/\\\/www.backwinkel.de\\\/blog\\\/brandschutz-im-kindergarten\\\/#breadcrumb\"},\"inLanguage\":\"de\",\"potentialAction\":[{\"@type\":\"ReadAction\",\"target\":[\"https:\\\/\\\/www.backwinkel.de\\\/blog\\\/brandschutz-im-kindergarten\\\/\"]}]},{\"@type\":\"ImageObject\",\"inLanguage\":\"de\",\"@id\":\"https:\\\/\\\/www.backwinkel.de\\\/blog\\\/brandschutz-im-kindergarten\\\/#primaryimage\",\"url\":\"https:\\\/\\\/www.backwinkel.de\\\/blog\\\/wp-content\\\/uploads\\\/2024\\\/10\\\/Brandschutz-heroimage.jpg\",\"contentUrl\":\"https:\\\/\\\/www.backwinkel.de\\\/blog\\\/wp-content\\\/uploads\\\/2024\\\/10\\\/Brandschutz-heroimage.jpg\",\"width\":1200,\"height\":628},{\"@type\":\"BreadcrumbList\",\"@id\":\"https:\\\/\\\/www.backwinkel.de\\\/blog\\\/brandschutz-im-kindergarten\\\/#breadcrumb\",\"itemListElement\":[{\"@type\":\"ListItem\",\"position\":1,\"name\":\"Startseite\",\"item\":\"https:\\\/\\\/blog.backwinkel.de\\\/aktuelles\\\/\"},{\"@type\":\"ListItem\",\"position\":2,\"name\":\"Brandschutz im Kindergarten\"}]},{\"@type\":\"WebSite\",\"@id\":\"https:\\\/\\\/www.backwinkel.de\\\/blog\\\/#website\",\"url\":\"https:\\\/\\\/www.backwinkel.de\\\/blog\\\/\",\"name\":\"BACKWINKEL Blog\",\"description\":\"f\u00fcr Lehrer, Erzieher und Eltern\",\"potentialAction\":[{\"@type\":\"SearchAction\",\"target\":{\"@type\":\"EntryPoint\",\"urlTemplate\":\"https:\\\/\\\/www.backwinkel.de\\\/blog\\\/?s={search_term_string}\"},\"query-input\":{\"@type\":\"PropertyValueSpecification\",\"valueRequired\":true,\"valueName\":\"search_term_string\"}}],\"inLanguage\":\"de\"},{\"@type\":\"Person\",\"@id\":\"https:\\\/\\\/www.backwinkel.de\\\/blog\\\/#\\\/schema\\\/person\\\/88b842297c0e471020a66f4476633cf2\",\"name\":\"admin_backwinkel\",\"url\":\"https:\\\/\\\/www.backwinkel.de\\\/blog\\\/author\\\/admin_backwinkel\\\/\"}]}<\/script>\n<!-- \/ Yoast SEO plugin. -->","yoast_head_json":{"title":"Brandschutz im Kindergarten | BACKWINKEL Blog","description":"Alles zum Thema Brandschutz, Gefahrenquellen, Pr\u00e4vention und Brandschutzerziehung in der Kita, Checkliste inklusive \u00bb Jetzt lesen","robots":{"index":"index","follow":"follow","max-snippet":"max-snippet:-1","max-image-preview":"max-image-preview:large","max-video-preview":"max-video-preview:-1"},"canonical":"https:\/\/www.backwinkel.de\/blog\/brandschutz-im-kindergarten\/","og_locale":"de_DE","og_type":"article","og_title":"Brandschutz im Kindergarten | BACKWINKEL Blog","og_description":"Alles zum Thema Brandschutz, Gefahrenquellen, Pr\u00e4vention und Brandschutzerziehung in der Kita, Checkliste inklusive \u00bb Jetzt lesen","og_url":"https:\/\/www.backwinkel.de\/blog\/brandschutz-im-kindergarten\/","og_site_name":"BACKWINKEL Blog","article_published_time":"2024-10-14T14:15:42+00:00","article_modified_time":"2026-04-27T06:17:52+00:00","og_image":[{"width":1200,"height":628,"url":"https:\/\/www.backwinkel.de\/blog\/wp-content\/uploads\/2024\/10\/Brandschutz-heroimage.jpg","type":"image\/jpeg"}],"author":"admin_backwinkel","twitter_card":"summary_large_image","twitter_misc":{"Verfasst von":"admin_backwinkel","Gesch\u00e4tzte Lesezeit":"22\u00a0Minuten"},"schema":{"@context":"https:\/\/schema.org","@graph":[{"@type":"Article","@id":"https:\/\/www.backwinkel.de\/blog\/brandschutz-im-kindergarten\/#article","isPartOf":{"@id":"https:\/\/www.backwinkel.de\/blog\/brandschutz-im-kindergarten\/"},"author":{"name":"admin_backwinkel","@id":"https:\/\/www.backwinkel.de\/blog\/#\/schema\/person\/88b842297c0e471020a66f4476633cf2"},"headline":"Brandschutz im Kindergarten","datePublished":"2024-10-14T14:15:42+00:00","dateModified":"2026-04-27T06:17:52+00:00","mainEntityOfPage":{"@id":"https:\/\/www.backwinkel.de\/blog\/brandschutz-im-kindergarten\/"},"wordCount":9896,"image":{"@id":"https:\/\/www.backwinkel.de\/blog\/brandschutz-im-kindergarten\/#primaryimage"},"thumbnailUrl":"https:\/\/www.backwinkel.de\/blog\/wp-content\/uploads\/2024\/10\/Brandschutz-heroimage.jpg","articleSection":["Kindergarten"],"inLanguage":"de"},{"@type":"WebPage","@id":"https:\/\/www.backwinkel.de\/blog\/brandschutz-im-kindergarten\/","url":"https:\/\/www.backwinkel.de\/blog\/brandschutz-im-kindergarten\/","name":"Brandschutz im Kindergarten | BACKWINKEL Blog","isPartOf":{"@id":"https:\/\/www.backwinkel.de\/blog\/#website"},"primaryImageOfPage":{"@id":"https:\/\/www.backwinkel.de\/blog\/brandschutz-im-kindergarten\/#primaryimage"},"image":{"@id":"https:\/\/www.backwinkel.de\/blog\/brandschutz-im-kindergarten\/#primaryimage"},"thumbnailUrl":"https:\/\/www.backwinkel.de\/blog\/wp-content\/uploads\/2024\/10\/Brandschutz-heroimage.jpg","datePublished":"2024-10-14T14:15:42+00:00","dateModified":"2026-04-27T06:17:52+00:00","author":{"@id":"https:\/\/www.backwinkel.de\/blog\/#\/schema\/person\/88b842297c0e471020a66f4476633cf2"},"description":"Alles zum Thema Brandschutz, Gefahrenquellen, Pr\u00e4vention und Brandschutzerziehung in der Kita, Checkliste inklusive \u00bb Jetzt lesen","breadcrumb":{"@id":"https:\/\/www.backwinkel.de\/blog\/brandschutz-im-kindergarten\/#breadcrumb"},"inLanguage":"de","potentialAction":[{"@type":"ReadAction","target":["https:\/\/www.backwinkel.de\/blog\/brandschutz-im-kindergarten\/"]}]},{"@type":"ImageObject","inLanguage":"de","@id":"https:\/\/www.backwinkel.de\/blog\/brandschutz-im-kindergarten\/#primaryimage","url":"https:\/\/www.backwinkel.de\/blog\/wp-content\/uploads\/2024\/10\/Brandschutz-heroimage.jpg","contentUrl":"https:\/\/www.backwinkel.de\/blog\/wp-content\/uploads\/2024\/10\/Brandschutz-heroimage.jpg","width":1200,"height":628},{"@type":"BreadcrumbList","@id":"https:\/\/www.backwinkel.de\/blog\/brandschutz-im-kindergarten\/#breadcrumb","itemListElement":[{"@type":"ListItem","position":1,"name":"Startseite","item":"https:\/\/blog.backwinkel.de\/aktuelles\/"},{"@type":"ListItem","position":2,"name":"Brandschutz im Kindergarten"}]},{"@type":"WebSite","@id":"https:\/\/www.backwinkel.de\/blog\/#website","url":"https:\/\/www.backwinkel.de\/blog\/","name":"BACKWINKEL Blog","description":"f\u00fcr Lehrer, Erzieher und Eltern","potentialAction":[{"@type":"SearchAction","target":{"@type":"EntryPoint","urlTemplate":"https:\/\/www.backwinkel.de\/blog\/?s={search_term_string}"},"query-input":{"@type":"PropertyValueSpecification","valueRequired":true,"valueName":"search_term_string"}}],"inLanguage":"de"},{"@type":"Person","@id":"https:\/\/www.backwinkel.de\/blog\/#\/schema\/person\/88b842297c0e471020a66f4476633cf2","name":"admin_backwinkel","url":"https:\/\/www.backwinkel.de\/blog\/author\/admin_backwinkel\/"}]}},"_links":{"self":[{"href":"https:\/\/www.backwinkel.de\/blog\/wp-json\/wp\/v2\/posts\/15257","targetHints":{"allow":["GET"]}}],"collection":[{"href":"https:\/\/www.backwinkel.de\/blog\/wp-json\/wp\/v2\/posts"}],"about":[{"href":"https:\/\/www.backwinkel.de\/blog\/wp-json\/wp\/v2\/types\/post"}],"author":[{"embeddable":true,"href":"https:\/\/www.backwinkel.de\/blog\/wp-json\/wp\/v2\/users\/1"}],"replies":[{"embeddable":true,"href":"https:\/\/www.backwinkel.de\/blog\/wp-json\/wp\/v2\/comments?post=15257"}],"version-history":[{"count":5,"href":"https:\/\/www.backwinkel.de\/blog\/wp-json\/wp\/v2\/posts\/15257\/revisions"}],"predecessor-version":[{"id":19008,"href":"https:\/\/www.backwinkel.de\/blog\/wp-json\/wp\/v2\/posts\/15257\/revisions\/19008"}],"wp:featuredmedia":[{"embeddable":true,"href":"https:\/\/www.backwinkel.de\/blog\/wp-json\/wp\/v2\/media\/15311"}],"wp:attachment":[{"href":"https:\/\/www.backwinkel.de\/blog\/wp-json\/wp\/v2\/media?parent=15257"}],"wp:term":[{"taxonomy":"category","embeddable":true,"href":"https:\/\/www.backwinkel.de\/blog\/wp-json\/wp\/v2\/categories?post=15257"},{"taxonomy":"post_tag","embeddable":true,"href":"https:\/\/www.backwinkel.de\/blog\/wp-json\/wp\/v2\/tags?post=15257"}],"curies":[{"name":"wp","href":"https:\/\/api.w.org\/{rel}","templated":true}]}}