{"id":15045,"date":"2024-09-09T09:15:42","date_gmt":"2024-09-09T07:15:42","guid":{"rendered":"https:\/\/www.backwinkel.de\/blog\/?p=15045"},"modified":"2026-04-27T08:19:01","modified_gmt":"2026-04-27T06:19:01","slug":"fit-fuer-den-umweltschutz","status":"publish","type":"post","link":"https:\/\/www.backwinkel.de\/blog\/fit-fuer-den-umweltschutz\/","title":{"rendered":"Fit f\u00fcr den Umweltschutz?"},"content":{"rendered":"\n<style type=\"text\/css\" data-created_by=\"avia_inline_auto\" id=\"style-css-av-8vdv8-f7e0dae999cc49bc529a70f67b346526\">\n.flex_column.av-8vdv8-f7e0dae999cc49bc529a70f67b346526{\nborder-radius:0px 0px 0px 0px;\npadding:0px 0px 0px 0px;\n}\n<\/style>\n<div  class='flex_column av-8vdv8-f7e0dae999cc49bc529a70f67b346526 av_one_full  avia-builder-el-0  el_before_av_three_fifth  avia-builder-el-first  first flex_column_div av-zero-column-padding  '     ><p>\n<style type=\"text\/css\" data-created_by=\"avia_inline_auto\" id=\"style-css-av-jl6mo8rj-605eccf9df0dce9c3ffb6a57636da99d\">\n#top .hr.hr-invisible.av-jl6mo8rj-605eccf9df0dce9c3ffb6a57636da99d{\nmargin-top:0px;\nheight:1px;\n}\n<\/style>\n<div  class='hr av-jl6mo8rj-605eccf9df0dce9c3ffb6a57636da99d hr-invisible  avia-builder-el-1  el_before_av_heading  avia-builder-el-first '><span class='hr-inner '><span class=\"hr-inner-style\"><\/span><\/span><\/div><br \/>\n\n<style type=\"text\/css\" data-created_by=\"avia_inline_auto\" id=\"style-css-av-27gdg7-17ada29d64750d307c5e519220cffb4b\">\n#top .av-special-heading.av-27gdg7-17ada29d64750d307c5e519220cffb4b{\npadding-bottom:10px;\n}\nbody .av-special-heading.av-27gdg7-17ada29d64750d307c5e519220cffb4b .av-special-heading-tag .heading-char{\nfont-size:25px;\n}\n.av-special-heading.av-27gdg7-17ada29d64750d307c5e519220cffb4b .av-subheading{\nfont-size:15px;\n}\n<\/style>\n<div  class='av-special-heading av-27gdg7-17ada29d64750d307c5e519220cffb4b av-special-heading-h1 blockquote modern-quote  avia-builder-el-2  el_after_av_hr  el_before_av_post_metadata  av-linked-heading'><h1 class='av-special-heading-tag '  >Fit f\u00fcr den Umweltschutz? 9 Tipps f\u00fcr mehr Nachhaltigkeit im Kindergarten <\/h1><div class='av-subheading av-subheading_below'><p class=\"autorenname\">Elisa Morel<\/p>\n<\/div><div class=\"special-heading-border\"><div class=\"special-heading-inner-border\"><\/div><\/div><\/div><br \/>\n\n<style type=\"text\/css\" data-created_by=\"avia_inline_auto\" id=\"style-css-av-1me9wn9-ce6e34779646393c7430fa543090fb95\">\n#top .av-post-metadata-container.av-1me9wn9-ce6e34779646393c7430fa543090fb95{\nfont-size:12px;\n}\n#top .av-post-metadata-container.av-1me9wn9-ce6e34779646393c7430fa543090fb95 .av-post-metadata-container-inner{\nfont-size:12px;\n}\n<\/style>\n<div  class='av-post-metadata-container av-1me9wn9-ce6e34779646393c7430fa543090fb95 av-metadata-container-align-left  avia-builder-el-3  el_after_av_heading  el_before_av_textblock  av-metadata-container-1'><div class='av-post-metadata-container-inner'><span class=\"av-post-metadata-content av-post-metadata-meta-content\"><span class=\"av-post-metadata-content av-post-metadata-modified\"><span class=\"av-metadata-before av-metadata-before-modified\">Aktualisiert:<\/span><span class=\"av-post-metadata-modified-date\" >27. April 2026<\/span><\/span><span class=\"av-post-metadata-content av-post-metadata-separator\">\/<\/span><span class=\"av-post-metadata-content av-post-metadata-modified\"><span class=\"av-metadata-before av-metadata-before-modified\">Zuletzt aktualisiert:<\/span><span class=\"av-post-metadata-modified-date\" >27. April 2026<\/span><\/span><\/span><\/div><\/div><br \/>\n\n<style type=\"text\/css\" data-created_by=\"avia_inline_auto\" id=\"style-css-av-jkuubohz-bbd292769511b836e32d8da8e9450d9c\">\n#top .av_textblock_section.av-jkuubohz-bbd292769511b836e32d8da8e9450d9c .avia_textblock{\nfont-size:20px;\n}\n<\/style>\n<section  class='av_textblock_section av-jkuubohz-bbd292769511b836e32d8da8e9450d9c '  ><div class='avia_textblock' ><p>Keine Frage: Klimaschutz ist wichtig. Und wenn jeder im Kleinen etwas tut, wird hoffentlich auch im Gro\u00dfen vieles besser. Doch oft sind wir gefangen in unseren Routinen oder wissen schlicht zu wenig, was wir konkret tun k\u00f6nnen, um nachhaltiger zu handeln.<\/p>\n<\/div><\/section><br \/>\n\n<style type=\"text\/css\" data-created_by=\"avia_inline_auto\" id=\"style-css-av-jkuuo5h6-163b9ef2493dc396d3b0c36cb9ee8f31\">\n.avia-image-container.av-jkuuo5h6-163b9ef2493dc396d3b0c36cb9ee8f31 img.avia_image{\nbox-shadow:none;\n}\n.avia-image-container.av-jkuuo5h6-163b9ef2493dc396d3b0c36cb9ee8f31 .av-image-caption-overlay-center{\ncolor:#ffffff;\n}\n<\/style>\n<div  class='avia-image-container av-jkuuo5h6-163b9ef2493dc396d3b0c36cb9ee8f31 av-styling- avia-align-center  avia-builder-el-5  el_after_av_textblock  el_before_av_hr '  ><div class=\"avia-image-container-inner\"><div class=\"avia-image-overlay-wrap\"><img decoding=\"async\" fetchpriority=\"high\" class='wp-image-15182 avia-img-lazy-loading-not-15182 avia_image ' src=\"https:\/\/www.backwinkel.de\/blog\/wp-content\/uploads\/2024\/09\/Unweltschutz-heroimage.jpg\" alt='' title='Unweltschutz-heroimage'  height=\"628\" width=\"1200\"  \/><\/div><\/div><\/div><br \/>\n\n<style type=\"text\/css\" data-created_by=\"avia_inline_auto\" id=\"style-css-av-jl6mo8rj-22-7487f0754a981739ab003e89aabaa170\">\n#top .hr.hr-invisible.av-jl6mo8rj-22-7487f0754a981739ab003e89aabaa170{\nheight:5px;\n}\n<\/style>\n<div  class='hr av-jl6mo8rj-22-7487f0754a981739ab003e89aabaa170 hr-invisible  avia-builder-el-6  el_after_av_image  el_before_av_textblock '><span class='hr-inner '><span class=\"hr-inner-style\"><\/span><\/span><\/div><br \/>\n\n<style type=\"text\/css\" data-created_by=\"avia_inline_auto\" id=\"style-css-av-jl7ql86y-0004168ca5c1e8188cabe38926610bb2\">\n#top .av_textblock_section.av-jl7ql86y-0004168ca5c1e8188cabe38926610bb2 .avia_textblock{\nfont-size:10px;\n}\n<\/style>\n<section  class='av_textblock_section av-jl7ql86y-0004168ca5c1e8188cabe38926610bb2 '  ><div class='avia_textblock' ><p class=\"bildnennung-beitrag\" style=\"text-align: left;\">\u00a9 ADOBE Stock<\/p>\n<\/div><\/section><br \/>\n\n<style type=\"text\/css\" data-created_by=\"avia_inline_auto\" id=\"style-css-av-jl6mo8rj-20-0a5ac640218ac986cc09276001136948\">\n#top .hr.hr-invisible.av-jl6mo8rj-20-0a5ac640218ac986cc09276001136948{\nheight:20px;\n}\n<\/style>\n<div  class='hr av-jl6mo8rj-20-0a5ac640218ac986cc09276001136948 hr-invisible  avia-builder-el-8  el_after_av_textblock  el_before_av_textblock '><span class='hr-inner '><span class=\"hr-inner-style\"><\/span><\/span><\/div><br \/>\n<section  class='av_textblock_section av-jkuubohz-21-75c91343a207bf8690976a030a515e24 '  ><div class='avia_textblock' ><p>In diesem Beitrag erfahren Sie, wie Nachhaltigkeit im Kita-Alltag spielend gelingt und dabei auch noch allen eine Menge Spa\u00df macht.<\/p>\n<\/div><\/section><\/p><\/div>\n<style type=\"text\/css\" data-created_by=\"avia_inline_auto\" id=\"style-css-av-swqf9-6bb490ea0cbb171c9d159bb967226129\">\n.flex_column.av-swqf9-6bb490ea0cbb171c9d159bb967226129{\nborder-radius:0px 0px 0px 0px;\npadding:20px 20px 20px 20px;\nbackground-color:#f2f2f2;\n}\n<\/style>\n<div  class='flex_column av-swqf9-6bb490ea0cbb171c9d159bb967226129 av_three_fifth  avia-builder-el-10  el_after_av_one_full  el_before_av_two_fifth  first flex_column_div  column-top-margin'     ><style type=\"text\/css\" data-created_by=\"avia_inline_auto\" id=\"style-css-av-jkuua5r2-f1beb4b164a3aefc9a751750d41d5b8e\">\n#top .av_textblock_section.av-jkuua5r2-f1beb4b164a3aefc9a751750d41d5b8e .avia_textblock{\nfont-size:14px;\n}\n<\/style>\n<section  class='av_textblock_section av-jkuua5r2-f1beb4b164a3aefc9a751750d41d5b8e '  ><div class='avia_textblock' ><p><strong>Inhalt<\/strong><\/p>\n<p><strong><a href=\"#1\">1. Ressourcenverbrauch im Kindergarten<\/a><\/strong><\/p>\n<p><strong><a href=\"#2\">2. So gelingt mehr Nachhaltigkeit im Kita-Alltag<\/a><br \/>\n<\/strong>2.1. Klimafreundlicher essen<br \/>\n2.2. Umweltfreundliches Putzen<br \/>\n2.3. Upcyceln, recyceln und wiederverwenden<\/p>\n<p><strong><a href=\"#3\">3. Bildung f\u00fcr nachhaltige Entwicklung vermitteln<\/a><br \/>\n<\/strong>3.1. Tierkontakt im Kita-Alltag<br \/>\n3.2. G\u00e4rtnern mit Kita-Kindern<br \/>\n3.3. Eigenes Verhalten reflektieren<\/p>\n<p><strong><a href=\"#4\">4. 9 (kleine) Tipps f\u00fcr mehr Nachhaltigkeit im Kindergarten<\/a><\/strong><\/p>\n<\/div><\/section><\/div><\/p>\n\n<style type=\"text\/css\" data-created_by=\"avia_inline_auto\" id=\"style-css-av-2532d-6e1ea05e25305745634c0a02c87dc827\">\n.flex_column.av-2532d-6e1ea05e25305745634c0a02c87dc827{\nborder-radius:0px 0px 0px 0px;\npadding:0 0 0 0;\n}\n<\/style>\n<div  class='flex_column av-2532d-6e1ea05e25305745634c0a02c87dc827 av_two_fifth  avia-builder-el-12  el_after_av_three_fifth  el_before_av_sidebar  flex_column_div av-zero-column-padding  column-top-margin'     ><\/div>\n<div  class='avia-builder-widget-area clearfix  avia-builder-el-13  el_after_av_two_fifth  el_before_av_one_full '><div id=\"text-33\" class=\"widget clearfix widget_text\">\t\t\t<div class=\"textwidget\"><p><a href=\"https:\/\/www.backwinkel.de\/nachhaltig-denken\/\" target=\"\\_blank\" rel=\"noopener\"><br \/>\n<img decoding=\"async\" class=\"werbung-desktop alignnone wp-image-4186 size-full\" src=\"https:\/\/www.backwinkel.de\/blog\/wp-content\/uploads\/2026\/04\/Backwinkel-blog-werbebanner-shop-kita-schule_desktop.jpg\" alt=\"\" width=\"1251\" height=\"201\" \/><br \/>\n<\/a><br \/>\n<a href=\"https:\/\/www.backwinkel.de\/nachhaltig-denken\/\" target=\"\\_blank\" rel=\"noopener\"><br \/>\n<img decoding=\"async\" class=\"werbung-mobile alignnone wp-image-4187 size-full\" src=\"https:\/\/www.backwinkel.de\/blog\/wp-content\/uploads\/2026\/04\/Backwinkel-blog-werbebanner-shop-kiga-schule_mobile.jpg\" alt=\"\" width=\"550\" height=\"500\" \/><br \/>\n<\/a><\/p>\n<\/div>\n\t\t<\/div><\/div>\n\n<style type=\"text\/css\" data-created_by=\"avia_inline_auto\" id=\"style-css-av-hh5al-9c53459d093ff912fcc98cf97e19d753\">\n.flex_column.av-hh5al-9c53459d093ff912fcc98cf97e19d753{\nborder-radius:0px 0px 0px 0px;\npadding:0px 0px 0px 0px;\n}\n<\/style>\n<div  class='flex_column av-hh5al-9c53459d093ff912fcc98cf97e19d753 av_one_full  avia-builder-el-14  el_after_av_sidebar  el_before_av_hr  first flex_column_div av-zero-column-padding  '     ><section  class='av_textblock_section av-jkuul0eg-c8007ced910eec869d85a4d2f40b896b '  ><div class='avia_textblock' >\n<style type=\"text\/css\" data-created_by=\"avia_inline_auto\" id=\"style-css-av-7c7r8-1ad3209b7b9ea9c60cc97e362d76ea5e\">\n#top .hr.hr-invisible.av-7c7r8-1ad3209b7b9ea9c60cc97e362d76ea5e{\nheight:20px;\n}\n<\/style>\n<div  class='hr av-7c7r8-1ad3209b7b9ea9c60cc97e362d76ea5e hr-invisible  avia-builder-el-16  avia-builder-el-no-sibling '><span class='hr-inner '><span class=\"hr-inner-style\"><\/span><\/span><\/div>\n<h2 id=\"1\" class=\"position\"><strong>Ressourcenverbrauch im Kindergarten <\/strong><\/h2>\n<p>Ein Kindergartentag verbraucht viele Ressourcen: Es wird geheizt, gesp\u00fclt, geputzt, gekocht, und Erziehende wie Kinder brauchen Arbeits- bzw. Spielmaterialien \u2013 vor allem eine Menge Papier.<\/p>\n<p>Es wird zwar niemals gelingen, den Ressourcenverbrauch oder auch die M\u00fcllproduktion auf null herunterzufahren, aber das ist auch gar nicht das Ziel nachhaltigen Handelns. Vielmehr geht es darum, <strong>sich das eigene Handeln bewusst zu machen<\/strong> und <strong>Ressourcen zu sparen<\/strong>, soweit es eben m\u00f6glich ist.<\/p>\n<p>Auch M\u00fclltrennung ist bereits Teil nachhaltigen Handelns, doch es gibt selbstverst\u00e4ndlich viele Themen mehr, die einen genaueren Blick lohnen, um zu erkennen, wie man mit geringem Aufwand Verbesserungen erzielt.<\/p>\n<\/div><\/section><\/div>\n\n<style type=\"text\/css\" data-created_by=\"avia_inline_auto\" id=\"style-css-av-jl6mo8rj-19-c6b99c38e88c4356afd3dd2078e94308\">\n#top .hr.hr-invisible.av-jl6mo8rj-19-c6b99c38e88c4356afd3dd2078e94308{\nheight:60px;\n}\n<\/style>\n<div  class='hr av-jl6mo8rj-19-c6b99c38e88c4356afd3dd2078e94308 hr-invisible  avia-builder-el-17  el_after_av_one_full  el_before_av_one_full '><span class='hr-inner '><span class=\"hr-inner-style\"><\/span><\/span><\/div>\n\n<style type=\"text\/css\" data-created_by=\"avia_inline_auto\" id=\"style-css-av-hh5al-14-9ab62d48bef4dad42629995e86fc9a6b\">\n.flex_column.av-hh5al-14-9ab62d48bef4dad42629995e86fc9a6b{\nborder-radius:0px 0px 0px 0px;\npadding:0px 0px 0px 0px;\n}\n<\/style>\n<div  class='flex_column av-hh5al-14-9ab62d48bef4dad42629995e86fc9a6b av_one_full  avia-builder-el-18  el_after_av_hr  el_before_av_one_full  first flex_column_div av-zero-column-padding  '     ><section  class='av_textblock_section av-jkuul0eg-16-0f4eb731ff2c8658d8eacfe30b563c9e '  ><div class='avia_textblock' ><h2 id=\"2\" class=\"position\"><strong>So gelingt mehr Nachhaltigkeit im Kita-Alltag <\/strong><\/h2>\n<p>Machen Sie zu Beginn eine kleine Bestandsaufnahme: Welche Themen sind in Ihrer Einrichtung relevant? F\u00e4llt viel <strong>M\u00fcll<\/strong> an? Gibt es vielleicht <strong>Alternativen<\/strong> zu Ihren bisherigen Anschaffungen (Spiele, B\u00fcromaterial, Reinigungsmittel)? Verbrauchen Sie viel <strong>Energie<\/strong>? Oder dr\u00fcckt der Schuh eher beim <strong>Essen<\/strong>, weil es z. B. sehr fleischlastig oder nicht frisch zubereitet ist?<\/p>\n<p>Tauschen Sie sich mit Ihren Kollegen aus und \u00fcberlegen Sie, welchen Punkt sie zuerst aufgreifen m\u00f6chten. Bei einem Brainstorming fallen Ihnen vielleicht auch direkt Handlungsm\u00f6glichkeiten ein. Wenn Sie beispielsweise neues Spielzeug brauchen, k\u00f6nnen Sie einen <strong>Flohmarkt<\/strong> besuchen oder selbst eine <strong>Tauschb\u00f6rse<\/strong> organisieren \u2013 vielleicht zusammen mit einer anderen Kita. Oder Sie machen einen kleinen <strong>Spendenaufruf<\/strong> in Ihrem Umfeld.<\/p>\n<p><strong>Klimafreundlicher essen <\/strong><\/p>\n<p>\u201eDie Vernunft beginnt bereits in der K\u00fcche.\u201c \u2013 Friedrich Nietzsche (1844 \u2013 1900), deutscher Philologe und Philosoph<\/p>\n<p>Fleisch ist ein Klimakiller, Massentierhaltung unfassbar grausam, der CO<sub>2<\/sub>-Fu\u00dfabdruck vieler (importierter) Lebensmittel ein Albtraum. Was soll und kann man da \u00fcberhaupt noch essen? Seien Sie nicht zu streng mit sich selbst und erst recht nicht mit Ihren Kindern. F\u00fcr Kinder ist eine ausgewogene Ern\u00e4hrung wichtig und es muss schmecken. Wenn das Lieblingsobst die Banane ist, macht das nichts. Und auch kleine \u201eFleischfresser\u201c sind v\u00f6llig okay.<\/p>\n<p>Bringen Sie Ihren Kindern die <strong>Grundlagen einer gesunden Ern\u00e4hrung<\/strong> nah und regen Sie sie dazu an, auch neue Lebensmittel zu probieren. Inspirationen f\u00fcr gesunde Fr\u00fchst\u00fccksvarianten haben wir \u00fcbrigens in unserem Beitrag <a href=\"https:\/\/www.backwinkel.de\/blog\/leerer-bauch-spielt-nicht-so-gern\/\" target=\"_blank\" rel=\"noopener\">Leerer Bauch spielt nicht so gern<\/a> f\u00fcr Sie.<\/p>\n<p>Es spricht auch nichts gegen einen oder zwei <strong>vegetarische Tage<\/strong> pro Woche, denn es gibt genug leckere und teilweise erstaunliche Alternativen. Wenn Sie vegetarische (und bestenfalls gleichzeitig klimafreundliche) Alternativen ausprobieren, ist das auch ein super Anlass, um \u00fcber die <strong>Umweltaspekte unseres Fleischkonsums<\/strong> zu sprechen und das eigene <strong>Essverhalten<\/strong> zu <strong>reflektieren<\/strong>.<\/p>\n<p>Ist ein abgelaufener Joghurt schlecht? Wie viel Essen werfen wir weg, und wie k\u00f6nnen wir das vermeiden? Welche und wie viele <strong>N\u00e4hrstoffe<\/strong> braucht unser K\u00f6rper t\u00e4glich, und wovon essen wir dementsprechend zu viel oder zu wenig?<\/p>\n<p>Mehr Informationen rund um unser Essen finden Sie in unserem Beitrag <a href=\"https:\/\/www.backwinkel.de\/blog\/klimabewusstsein-und-globalisierung\/\" target=\"_blank\" rel=\"noopener\">Klimabewusstsein und Globalisierung: Woher kommt eigentlich unser Essen?<\/a><\/p>\n<\/div><\/section><\/div>\n\n<style type=\"text\/css\" data-created_by=\"avia_inline_auto\" id=\"style-css-av-4yvmv8i-e3114a44d106d7a216524243362fbd04\">\n.flex_column.av-4yvmv8i-e3114a44d106d7a216524243362fbd04{\nborder-radius:0px 0px 0px 0px;\npadding:0px 0px 0px 0px;\n}\n<\/style>\n<div  class='flex_column av-4yvmv8i-e3114a44d106d7a216524243362fbd04 av_one_full  avia-builder-el-20  el_after_av_one_full  el_before_av_one_full  first flex_column_div av-zero-column-padding  column-top-margin'     ><section  class='av_textblock_section av-ly730tix-1a072ebda3b42761694b87d9d1f3ec68 '  ><div class='avia_textblock infoboxBlue' ><p><strong>Tipp:<\/strong> V\u00f6llig losgel\u00f6st von religi\u00f6sen Gr\u00fcnden, Fettanteil und Antibiotika ist es eine gute Idee, Schweinefleisch komplett aus dem Speiseplan zu verbannen. Es gilt als ungesund, da es Entz\u00fcndungen f\u00f6rdert und somit Krankheiten wie Arthritis, Gicht, Diabetes, Multiple Sklerose und Alzheimer beg\u00fcnstigt. Als rotes Fleisch f\u00f6rdert es au\u00dferdem Krebserkrankungen, und es enth\u00e4lt generell mehr Gifte als andere Fleischsorten, da Schweine Allesfresser sind und Gifte nicht \u00fcber die Haut ausscheiden k\u00f6nnen.<\/p>\n<\/div><\/section><\/div>\n\n<style type=\"text\/css\" data-created_by=\"avia_inline_auto\" id=\"style-css-av-tqo482-563cab55e730537b64b079cc25aab685\">\n.flex_column.av-tqo482-563cab55e730537b64b079cc25aab685{\nborder-radius:0px 0px 0px 0px;\npadding:0px 0px 0px 0px;\n}\n<\/style>\n<div  class='flex_column av-tqo482-563cab55e730537b64b079cc25aab685 av_one_full  avia-builder-el-22  el_after_av_one_full  el_before_av_one_full  first flex_column_div av-zero-column-padding  column-top-margin'     ><section  class='av_textblock_section av-lycnzcak-7d79781ec85eedf8aca3ceafd2da7b76 '  ><div class='avia_textblock' ><h3 id=\"class=&quot;position&quot;\"><strong>Umweltfreundliches Putzen <\/strong><\/h3>\n<p>Haben Sie schon mal einen Blick auf die <strong>Inhaltsstoffe<\/strong> Ihrer Reinigungsmittel geworfen und diese dann vielleicht gegoogelt? Bestimmt nicht, wer tut das schon. Aber wir alle wissen, dass viele Putzmittel nicht in die H\u00e4nde von Kindern gelangen sollten \u2013 und das ist ja schon Grund genug, an ihrer Umweltfreundlichkeit zu zweifeln.<\/p>\n<p>\u00dcberlegen Sie also, auf sanftere Alternativen umzusteigen. Dazu z\u00e4hlen nicht nur bew\u00e4hrte <strong>Hausmittel<\/strong>, sondern auch Produkte mit <strong>\u00d6ko-Siegel<\/strong>.<\/p>\n<p>Ausrangierte Kleidung k\u00f6nnen Sie in handliche <strong>Putzlumpen<\/strong> zerschneiden und so noch eine Zeitlang weiter benutzen. Und <strong>recyceltes Papier<\/strong> ist nat\u00fcrlich auch besser f\u00fcr die Umwelt als Frischfaser.<\/p>\n<p><strong>Upcyceln, recyceln und wiederverwenden <\/strong><\/p>\n<p>Die Welt des Upcyclings ist so vielf\u00e4ltig wie faszinierend. Aus so ziemlich jedem vermeintlichen M\u00fcll k\u00f6nnen mit den richtigen Ideen noch <strong>n\u00fctzliche Gegenst\u00e4nde<\/strong> oder wahre <strong>Kunstwerke<\/strong> entstehen. So schonen Sie nicht nur die Umwelt, sondern sparen auch Geld und haben au\u00dferdem genug Inhalte f\u00fcr ein paar aufregende Projekte.<\/p>\n<\/div><\/section><\/div>\n\n<style type=\"text\/css\" data-created_by=\"avia_inline_auto\" id=\"style-css-av-1aa5w11-d4bdd47b5e7dc8f16e2ebde36ce6a8f4\">\n.flex_column.av-1aa5w11-d4bdd47b5e7dc8f16e2ebde36ce6a8f4{\nborder-radius:0px 0px 0px 0px;\npadding:0px 0px 0px 0px;\n}\n<\/style>\n<div  class='flex_column av-1aa5w11-d4bdd47b5e7dc8f16e2ebde36ce6a8f4 av_one_full  avia-builder-el-24  el_after_av_one_full  el_before_av_one_full  first flex_column_div av-zero-column-padding  column-top-margin'     ><section  class='av_textblock_section av-m0nm30tf-6ea515eb3eaded556d12ca31d1b1dd40 '  ><div class='avia_textblock infoboxGreen' ><p><strong>Tipp:<\/strong> \u00dcberlegen Sie auch, ob Sie Dinge, die kaputtgegangen sind, wirklich nicht reparieren oder noch anderweitig verwenden k\u00f6nnen. Mit ein wenig Kreativit\u00e4t oder handwerklichem Geschick sind bestimmt noch einige Gegenst\u00e4nde zu retten. Auch M\u00f6bel, die nicht mehr nigelnagelneu sind, lassen sich oft mit wenig Aufwand aufpeppen.<\/p>\n<\/div><\/section><\/div>\n\n<style type=\"text\/css\" data-created_by=\"avia_inline_auto\" id=\"style-css-av-orisud-1fe21495809797998606f12174b0897e\">\n.flex_column.av-orisud-1fe21495809797998606f12174b0897e{\nborder-radius:0px 0px 0px 0px;\npadding:0px 0px 0px 0px;\n}\n<\/style>\n<div  class='flex_column av-orisud-1fe21495809797998606f12174b0897e av_one_full  avia-builder-el-26  el_after_av_one_full  el_before_av_one_full  first flex_column_div av-zero-column-padding  column-top-margin'     ><section  class='av_textblock_section av-m0nm41yk-86f626cb5d748241a0c9830d9fa48a15 '  ><div class='avia_textblock' ><p>Ideen zum Basteln mit Dingen, die nicht unbedingt in die Tonne geh\u00f6ren, gibt\u2019s in unserem Beitrag <a href=\"https:\/\/www.backwinkel.de\/blog\/upcycling-fuer-mehr-nachhaltigkeit\/\" target=\"_blank\" rel=\"noopener\">Upcycling f\u00fcr mehr Nachhaltigkeit<\/a>.<\/p>\n<p>Anregungen zum Basteln mit Dingen, die die Natur zu bieten hat, finden Sie in unserem Beitrag <a href=\"https:\/\/www.backwinkel.de\/blog\/naturmaterialien\/\" target=\"_blank\" rel=\"noopener\">12 Ideen rund ums Malen und Basteln mit Naturmaterialien<\/a>.<\/p>\n<\/div><\/section><\/div>\n\n<style type=\"text\/css\" data-created_by=\"avia_inline_auto\" id=\"style-css-av-5vgein6-110eca1722cb2d5ee508fc6852af404a\">\n.flex_column.av-5vgein6-110eca1722cb2d5ee508fc6852af404a{\nborder-radius:0px 0px 0px 0px;\npadding:0px 0px 0px 0px;\n}\n<\/style>\n<div  class='flex_column av-5vgein6-110eca1722cb2d5ee508fc6852af404a av_one_full  avia-builder-el-28  el_after_av_one_full  el_before_av_one_full  first flex_column_div av-zero-column-padding  column-top-margin'     ><section  class='av_textblock_section av-ly73056a-3b6a6b8255253c9bce52b0f4964228be '  ><div class='avia_textblock' >\n<style type=\"text\/css\" data-created_by=\"avia_inline_auto\" id=\"style-css-av-irxq5e-919e4ce30dbe918866e0082c260aa414\">\n#top .hr.hr-invisible.av-irxq5e-919e4ce30dbe918866e0082c260aa414{\nheight:20px;\n}\n<\/style>\n<div  class='hr av-irxq5e-919e4ce30dbe918866e0082c260aa414 hr-invisible  avia-builder-el-30  avia-builder-el-no-sibling '><span class='hr-inner '><span class=\"hr-inner-style\"><\/span><\/span><\/div>\n<h2 id=\"3\" class=\"position\"><strong>Bildung f\u00fcr nachhaltige Entwicklung vermitteln <\/strong><\/h2>\n<p>\u00c4hnlich wie bei digitaler Bildung ist auch bei der Bildung f\u00fcr nachhaltige Entwicklung (BNE) vorgesehen, dass sie <strong>in den Alltag integriert und gelebt<\/strong> wird. Und das ist bei diesem Thema kinderleicht, da es schier unendlich viele M\u00f6glichkeiten gibt, sich auf spannende Weise mit Nachhaltigkeit zu befassen.<\/p>\n<p>Anl\u00e4sse gibt es im Alltag genug: Wir alle m\u00fcssen essen, tragen Kleidung, nutzen Strom und Wasser, konsumieren und sind von Flora und Fauna umgeben. Zu all diesen Themen k\u00f6nnen Sie mit Ihren Kindern ins Gespr\u00e4ch kommen und einzelne Felder genauer erkunden \u2013 ob im Rahmen eines internationalen Fr\u00fchst\u00fccks, eines Ausflugs zu einem <strong>Erlebnisbauernhof<\/strong> oder <strong>Wochenmarkt<\/strong>, eines <strong>Waldspaziergangs<\/strong> oder <strong>Projekts<\/strong>.<\/p>\n<p>Tolle Projektideen zum Thema Nachhaltigkeit finden Sie in unserem Beitrag <a href=\"https:\/\/www.backwinkel.de\/blog\/projektideen-in-der-schule\/\" target=\"_blank\" rel=\"noopener\">11 nachhaltige Projektideen f\u00fcr die Grundschule<\/a>.<\/p>\n<p><strong>Tierkontakt im Kita-Alltag <\/strong><\/p>\n<p>Wenn Sie die M\u00f6glichkeit haben, Tiere in Ihrer Einrichtung zu halten, nehmen Sie sie unbedingt wahr. Das kann ein <strong>Aquarium<\/strong> oder <strong>Schneckenterrarium<\/strong> sein oder auch ein <strong>Bienenstock<\/strong> in Zusammenarbeit mit einem lokalen Imker.<\/p>\n<p>Vielleicht wollen Sie auch gemeinsam die <strong>V\u00f6gel<\/strong> im Au\u00dfenbereich <strong>f\u00fcttern<\/strong>, beobachten, malen und identifizieren, oder das <strong>Haustier<\/strong> eines Kindes kommt sie alle f\u00fcr ein paar Stunden besuchen. Alternativ k\u00f6nnen Sie auch Experten f\u00fcr <strong>tiergest\u00fctzte P\u00e4dagogik<\/strong> einladen, die nicht nur Hunde oder Schafe, sondern manchmal auch kleine Exoten wie Stabheuschrecken im Gep\u00e4ck haben.<\/p>\n<p>Auch Ausfl\u00fcge in ein <strong>Tierheim<\/strong> oder den <strong>Zoo<\/strong> erm\u00f6glichen Ihren Kindern neue spannende Erfahrungen und bieten neue Gespr\u00e4chsimpulse und weitere Projektideen.<\/p>\n<p>Wie Sie Ihre Kinder f\u00fcr Tierschutz sensibilisieren, erfahren Sie in unseren Beitr\u00e4gen <a href=\"https:\/\/www.backwinkel.de\/blog\/tierschutz-in-der-schule\/\" target=\"_blank\" rel=\"noopener\">Tierschutz in der Schule<\/a> und <a href=\"https:\/\/www.backwinkel.de\/blog\/haustiere-erlebnisbauernhoefe-zoobesuch\/\" target=\"_blank\" rel=\"noopener\">Haustiere, Erlebnisbauernh\u00f6fe, Zoobesuch: Warum der Umgang mit Tieren f\u00fcr Kinder wichtig ist<\/a>.<\/p>\n<p><strong>G\u00e4rtnern mit Kita-Kindern <\/strong><\/p>\n<p>Ob es ein kleines <strong>Beet im Garten<\/strong> oder ein paar <strong>T\u00f6pfe auf der Fensterbank<\/strong> werden: G\u00e4rtnern macht Kindern riesigen Spa\u00df, und sie lernen dabei auch noch eine ganze Menge. \u00dcberlegen Sie gemeinsam, an welchen Pflanzen die Kinder Interesse haben. Besonders aufregend ist es nat\u00fcrlich, wenn man die Ernte zusammen in eine leckere Mahlzeit verwandeln kann \u2013 da reichen f\u00fcr den Anfang auch schon ein paar Kr\u00e4utert\u00f6pfe.<\/p>\n<p>Aber auch viele Gem\u00fcsesorten gedeihen super in T\u00f6pfen und lassen sich beim Wachsen toll <strong>beobachten<\/strong> und <strong>dokumentieren<\/strong>. Bestimmt wissen nicht alle Kinder, dass Radieschen unterirdisch wachsen und was eine Zucchini ist.<\/p>\n<\/div><\/section><\/div>\n\n<style type=\"text\/css\" data-created_by=\"avia_inline_auto\" id=\"style-css-av-1o4lzol-9b37f5c47cf91811b30ca1086268ffda\">\n.flex_column.av-1o4lzol-9b37f5c47cf91811b30ca1086268ffda{\nborder-radius:0px 0px 0px 0px;\npadding:0px 0px 0px 0px;\n}\n<\/style>\n<div  class='flex_column av-1o4lzol-9b37f5c47cf91811b30ca1086268ffda av_one_full  avia-builder-el-31  el_after_av_one_full  el_before_av_one_full  first flex_column_div av-zero-column-padding  column-top-margin'     ><section  class='av_textblock_section av-m0nmauh2-a0b578c3ffa41ba228e7749c5132890c '  ><div class='avia_textblock infoboxGreen' ><p><strong>Tipp:<\/strong> Manche Pflanzen wie <strong>Kresse<\/strong> oder <strong>Bohnen<\/strong> brauchen noch nicht einmal Erde, sondern begn\u00fcgen sich mit feuchter Watte. Daher eignen sich diese Varianten hervorragend, damit jedes Kind sein eigenes Pfl\u00e4nzchen ziehen und beim Wachsen beobachten kann. Bei Kresse hat man au\u00dferdem einen schnellen Ernteerfolg.<\/p>\n<\/div><\/section><\/div>\n\n<style type=\"text\/css\" data-created_by=\"avia_inline_auto\" id=\"style-css-av-z1uf45-6a7f4a1de76912315d875e324764a9cf\">\n.flex_column.av-z1uf45-6a7f4a1de76912315d875e324764a9cf{\nborder-radius:0px 0px 0px 0px;\npadding:0px 0px 0px 0px;\n}\n<\/style>\n<div  class='flex_column av-z1uf45-6a7f4a1de76912315d875e324764a9cf av_one_full  avia-builder-el-33  el_after_av_one_full  el_before_av_one_full  first flex_column_div av-zero-column-padding  column-top-margin'     ><section  class='av_textblock_section av-m0nmbrdt-6ad5c01520c47990f52b3b292242a9ad '  ><div class='avia_textblock' >\n<style type=\"text\/css\" data-created_by=\"avia_inline_auto\" id=\"style-css-av-ww7htx-a647c39974245ef902fc249afe33cca0\">\n#top .hr.hr-invisible.av-ww7htx-a647c39974245ef902fc249afe33cca0{\nheight:20px;\n}\n<\/style>\n<div  class='hr av-ww7htx-a647c39974245ef902fc249afe33cca0 hr-invisible  avia-builder-el-35  avia-builder-el-no-sibling '><span class='hr-inner '><span class=\"hr-inner-style\"><\/span><\/span><\/div>\n<p>Wenn Sie jetzt richtig Lust aufs G\u00e4rtnern bekommen haben, lesen Sie gern unseren Beitrag <a href=\"https:\/\/www.backwinkel.de\/blog\/kita-garten\/\" target=\"_blank\" rel=\"noopener\">Ein Garten f\u00fcr den Kindergarten<\/a>.<br \/>\nAlles rund ums Thema Herbarium finden Sie in unserem Beitrag <a href=\"https:\/\/www.backwinkel.de\/blog\/herbarium\/\" target=\"_blank\" rel=\"noopener\">Ein eigenes Herbarium anlegen \u2013 Lernen in der Natur<\/a>. Auch wenn Sie mit Ihren Kindern kein professionelles Herbarium anlegen wollen, hindert Sie niemand am Sammeln, Pressen und Basteln.<\/p>\n<p><strong>Eigenes Verhalten reflektieren<\/strong><\/p>\n<p>Auch \u00fcber das Essverhalten hinaus gibt es viele Ansatzpunkte, um das eigene Verhalten zu hinterfragen. Wir nehmen vieles als selbstverst\u00e4ndlich hin, obwohl uns bewusst ist, dass nur ein paar wenige Prozent der Menschheit unseren Lebensstandard genie\u00dfen.<\/p>\n<p>\u201eKauft weniger, sucht es sorgf\u00e4ltig aus, lasst es best\u00e4ndig sein.\u201c \u2013 Vivienne Isabel Westwood (1941 \u2013 2022), britische Modedesignerin<\/p>\n<p>Welche Dinge im Alltag sind f\u00fcr Ihre Kinder <strong>unverzichtbar<\/strong>, und warum? Welche Bedeutung hat <strong>Markenkleidung<\/strong> \u2013 oder soll es vor allem billig und funktional sein? Wof\u00fcr w\u00fcrden die Kinder Geld ausgeben, wenn sie genug h\u00e4tten? F\u00fcr welche Aktivit\u00e4ten braucht man <strong>Strom<\/strong> und welche Alternativen hat man ohne? Wie viel kostet uns ein <strong>Wocheneinkauf<\/strong> und wie teuer ist er in anderen L\u00e4ndern? F\u00fcr welche Dinge w\u00fcrde dieser Betrag in der <strong>Entwicklungshilfe<\/strong> vielleicht genutzt werden (Schulmaterialien, Esel, Saatgut, Medikamente)? Welche Priorit\u00e4ten und W\u00fcnsche haben die Kinder dort?<\/p>\n<p>F\u00fcr Anregungen zum Reflektieren unseres Lebensstandards schauen Sie gern in unseren Beitrag <a href=\"https:\/\/www.backwinkel.de\/blog\/wie-lebt-man-ohne-strom\/\" target=\"_blank\" rel=\"noopener\">Projektidee: Wie lebt man ohne Strom?<\/a><\/p>\n<\/div><\/section><\/div>\n\n<style type=\"text\/css\" data-created_by=\"avia_inline_auto\" id=\"style-css-av-2dcfqci-3961392a7a9b134b49dac2290d258901\">\n.flex_column.av-2dcfqci-3961392a7a9b134b49dac2290d258901{\nborder-radius:0px 0px 0px 0px;\npadding:0px 0px 0px 0px;\n}\n<\/style>\n<div  class='flex_column av-2dcfqci-3961392a7a9b134b49dac2290d258901 av_one_full  avia-builder-el-36  el_after_av_one_full  el_before_av_one_third  first flex_column_div av-zero-column-padding  column-top-margin'     ><section  class='av_textblock_section av-ly7355f4-0d00ceafb7b018f5470efae4b7973b49 '  ><div class='avia_textblock' ><h2 id=\"4\" class=\"position\"><strong>9 (kleine) Tipps f\u00fcr mehr Nachhaltigkeit im Kindergarten<\/strong><\/h2>\n<p>Zum Schluss haben wir noch ein paar kleine Tipps f\u00fcr Sie gesammelt, um Ihnen den Einstieg in die Materie zu erleichtern. Wenn Sie sich bereits mit dem Thema auseinandergesetzt haben, k\u00f6nnen wir Ihr Wissen vielleicht noch erg\u00e4nzen.<\/p>\n<ol>\n<li>Fangen Sie klein an<\/li>\n<\/ol>\n<p>Niemand verlangt von Ihnen, dass Sie innerhalb weniger Wochen zum Nachhaltigkeitsexperten mutieren. Sie haben ja auch schon einen anderen Job und nat\u00fcrlich darf Ihre Arbeit mit den Kindern nicht unter Ihrem Engagement f\u00fcr die Umwelt leiden.<\/p>\n<p>Nehmen Sie sich also Zeit, um im Team zu brainstormen, welche Punkte sie <strong>kurz-, mittel- und langfristig <\/strong>anpacken wollen, und machen Sie sich bei der Umsetzung keinen unn\u00f6tigen Stress. Das Wichtigste ist, dass Sie anfangen.<\/p>\n<ol start=\"2\">\n<li>Machen Sie sich schlau<\/li>\n<\/ol>\n<p>Es gibt zahlreiche Informationsquellen, mittels derer Sie sich einen \u00dcberblick verschaffen k\u00f6nnen. Weiterf\u00fchrende Links finden Sie auch wie immer am Ende des Beitrags. St\u00f6bern Sie also gern ein paar Wochen, um sich inspirieren zu lassen. Manchmal braucht es einen <strong>Impuls von au\u00dfen<\/strong>, um das Offensichtliche zu sehen, da unser Lebensstil und -standard f\u00fcr uns so selbstverst\u00e4ndlich ist.<\/p>\n<ol start=\"3\">\n<li>Gehen Sie mit gutem Beispiel voran<\/li>\n<\/ol>\n<p>Reflektieren Sie auch Ihr <strong>eigenes Verhalten<\/strong> und optimieren Sie es, falls n\u00f6tig. Wenn Sie selbst Ihr Fr\u00fchst\u00fcck in ein paar Schichten Plastik wickeln, f\u00fcr kurze Strecken am liebsten ins Auto steigen und einem Tag in der Natur nichts abgewinnen k\u00f6nnen, werden Sie Ihren Kindern wahrscheinlich nicht authentisch vermitteln k\u00f6nnen, dass wir alle unseren Planeten sch\u00fctzen und wertsch\u00e4tzen m\u00fcssen.<\/p>\n<ol start=\"4\">\n<li>Sprechen Sie mit Ihrem Tr\u00e4ger<\/li>\n<\/ol>\n<p>Falls Sie gr\u00f6\u00dfere Umstellungen planen, ist es auf jeden Fall ratsam, <strong>R\u00fccksprache<\/strong> mit dem Tr\u00e4ger zu halten. Vielleicht existiert ja auch schon ein <strong>Nachhaltigkeitskonzept<\/strong>. In jedem Fall wird Ihr Tr\u00e4ger Sie sicher dabei unterst\u00fctzen, Ihre Ziele umzusetzen. Auf keinen Fall hat er einen so guten Einblick in Ihren Arbeitsalltag wie Sie selbst und kann daher nicht im Detail wissen, welche \u00c4nderungen vielleicht sinnvoll und welche bisherigen Routinen nachteilig sind.<\/p>\n<ol start=\"5\">\n<li>Beziehen Sie die Eltern ein<\/li>\n<\/ol>\n<p>Nicht jeder Mensch hat ein Bewusstsein f\u00fcr Nachhaltigkeit, aber das kann man ja vielleicht \u00e4ndern. Stellen Sie den Erziehungsberechtigten Ihre geplanten \u00c4nderungen vor und erkl\u00e4ren Sie auch, warum Nachhaltigkeit im Kita-Alltag wichtig ist \u2013 auch unter dem Aspekt der BNE.<\/p>\n<p>So stellen Sie sicher, dass alle <strong>an einem Strang ziehen<\/strong> und Ihre Kinder vielleicht zuk\u00fcnftig ihr Fr\u00fchst\u00fcck nicht mehr aus Alufolie sch\u00e4len, sondern eine <strong>Brotbox<\/strong>, <strong>Wachst\u00fccher<\/strong> oder <strong>Recycling-Butterbrott\u00fcten <\/strong>verwenden. Au\u00dferdem haben die Eltern bestimmt auch eigene Ideen oder k\u00f6nnen Sie unterst\u00fctzen, indem sie z. B. alternative <strong>Bastelmaterialien sammeln<\/strong> oder Ihnen <strong>Papier<\/strong> zur Verf\u00fcgung stellen, das auf der Arbeitsstelle im M\u00fcll gelandet w\u00e4re.<\/p>\n<ol start=\"6\">\n<li>Fragen Sie die Kinder nach ihren Ideen<\/li>\n<\/ol>\n<p>Wenn Sie Nachhaltigkeit mit den Kindern thematisieren, haben Ihre Kleinen wahrscheinlich erst mal eine Menge Fragen \u2013 und bestenfalls anschlie\u00dfend eigene Ideen, wie sie der Umwelt im Kleinen helfen k\u00f6nnen.<\/p>\n<p>Auch bei Projekten und Ausfl\u00fcgen zum Thema Nachhaltigkeit haben die Kinder im Sinne der <strong>Demokratie<\/strong> Mitspracherecht und bestimmt auch eigene Vorschl\u00e4ge. Die Auswahl an spannenden Ideen ist riesig, und je mehr man sich mit dem Thema befasst, umso mehr weitere Inspirationen bekommt man.<\/p>\n<ol start=\"7\">\n<li>Holen Sie sich Rat bei Experten<\/li>\n<\/ol>\n<p>Es gibt zahlreiche <strong>Initiativen<\/strong>, die sich dem Umweltschutz in der Kita verschrieben haben. Die entsprechenden Webseiten finden Sie am Ende des Beitrags. Der Naturschutzbund bildet beispielsweise Senioren als <strong>Kita-Naturbotschafter<\/strong> aus, damit diese den Kindern die Natur n\u00e4herbringen und sie bei Projekten unterst\u00fctzen.<\/p>\n<p>Neben einer Menge Informationen bieten alle Initiativen auch <strong>Projektideen<\/strong>, <strong>Workshops<\/strong>, <strong>Fortbildungen<\/strong> und die M\u00f6glichkeit, <strong>Zertifikate<\/strong> zu erwerben. Eine Kontaktaufnahme f\u00fcr die Beantwortung all Ihrer Fragen lohnt sich auf jeden Fall. Und wer wei\u00df: Vielleicht ist Ihre Einrichtung ja auch irgendwann eine <strong>KLIMAfuchs-Kita<\/strong>.<\/p>\n<ol start=\"8\">\n<li>Fragen Sie in Ihrem Umfeld nach \u201eM\u00fcll\u201c<\/li>\n<\/ol>\n<p>Nehmen Sie Ihren eigenen M\u00fcll unter die Lupe und \u00fcberlegen Sie, was davon Ihre Kinder kreativ nutzen k\u00f6nnen. Sprechen Sie gern auch Ihre Freunde, Familie und Nachbarn an. Man muss n\u00e4mlich nicht unbedingt Bastelpappe kaufen, wenn jeder Mensch M\u00fcsliverpackungen zu Hause hat. Denn aus so ziemlich jeder bunten <strong>Verpackung<\/strong> kann man tolle Sachen basteln oder die unbedruckte Seite bemalen. Auch <strong>Superm\u00e4rkte<\/strong> und andere <strong>Gesch\u00e4fte<\/strong> haben oft Pappe und <strong>Kartons<\/strong> en masse, die sie sowieso entsorgen. Nachfragen lohnt sich also.<\/p>\n<ol start=\"9\">\n<li>Nutzen Sie Omas Hausmittelchen<\/li>\n<\/ol>\n<p>Fr\u00fcher hat man es auch ohne <strong>chemische Putzmittel<\/strong> geschafft, K\u00fcche und Wohnung blitzblank zu wienern. Greifen Sie gern auf diese Rezepte zur\u00fcck \u2013 vielleicht sogar im Rahmen eines kleinen Projekts mit Ihren Kindern. Essig, Salz, Zitrone, Kartoffelschalen, Backpulver und Schwarztee k\u00f6nnen viel mehr, als man glaubt.<\/p>\n<\/div><\/section><\/div>\n<div class='flex_column_table av-4bfznl1-d4896a0562450f5670dea0986fe6198a sc-av_one_third av-equal-height-column-flextable'>\n<style type=\"text\/css\" data-created_by=\"avia_inline_auto\" id=\"style-css-av-4bfznl1-d4896a0562450f5670dea0986fe6198a\">\n.flex_column.av-4bfznl1-d4896a0562450f5670dea0986fe6198a{\nborder-width:1px;\nborder-color:#ebebeb;\nborder-style:solid;\nborder-radius:0px 0px 0px 0px;\npadding:10px 10px 10px 10px;\n}\n<\/style>\n<div  class='flex_column av-4bfznl1-d4896a0562450f5670dea0986fe6198a av_one_third  avia-builder-el-38  el_after_av_one_full  el_before_av_one_third  first flex_column_table_cell av-equal-height-column av-align-top  column-top-margin'     ><p><section  class='av_textblock_section av-m0nmvrpg-cc54878935cd0fce9ac376499c7f0672 '  ><div class='avia_textblock' ><p><img decoding=\"async\" class=\"alignnone wp-image-15094 \" src=\"https:\/\/blog.backwinkel.de\/wp-content\/uploads\/2024\/09\/9011645-kartonfiguren-mit-aussaatbehaelter-4-zoom1.jpg\" alt=\"\" width=\"668\" height=\"668\" srcset=\"https:\/\/www.backwinkel.de\/blog\/wp-content\/uploads\/2024\/09\/9011645-kartonfiguren-mit-aussaatbehaelter-4-zoom1.jpg 2048w, https:\/\/www.backwinkel.de\/blog\/wp-content\/uploads\/2024\/09\/9011645-kartonfiguren-mit-aussaatbehaelter-4-zoom1-1536x1536.jpg 1536w, https:\/\/www.backwinkel.de\/blog\/wp-content\/uploads\/2024\/09\/9011645-kartonfiguren-mit-aussaatbehaelter-4-zoom1-36x36.jpg 36w, https:\/\/www.backwinkel.de\/blog\/wp-content\/uploads\/2024\/09\/9011645-kartonfiguren-mit-aussaatbehaelter-4-zoom1-180x180.jpg 180w\" sizes=\"(max-width: 668px) 100vw, 668px\" \/><\/p>\n<p style=\"font-size: 20px; font-family: urw_grotesk_extra_narrowrg; text-align: left;\">Kartonfiguren mit Aussaatbeh\u00e4lter<\/p>\n<p style=\"text-align: left;\"><div  class='avia-button-wrap av-3v29sw5-cfe03211b7a0fe3562ba25ddbd5d4dd8-wrap avia-button-center  avia-builder-el-40  avia-builder-el-no-sibling '><a href='https:\/\/www.backwinkel.de\/prod\/kartonfiguren-mit-aussaatbehaelter.html'  class='avia-button av-3v29sw5-cfe03211b7a0fe3562ba25ddbd5d4dd8 av-link-btn avia-icon_select-no avia-size-medium avia-position-center avia-color-theme-color'  target=\"_blank\"  rel=\"noopener noreferrer\"  aria-label=\"zum Produkt\"><span class='avia_iconbox_title' >zum Produkt<\/span><\/a><\/div><\/p>\n<\/div><\/section><br \/>\n\n<style type=\"text\/css\" data-created_by=\"avia_inline_auto\" id=\"style-css-av-3l0p97p-be701f8e76e41e83f69ce8cb19dc3e4a\">\n#top .hr.hr-invisible.av-3l0p97p-be701f8e76e41e83f69ce8cb19dc3e4a{\nheight:20px;\n}\n<\/style>\n<div  class='hr av-3l0p97p-be701f8e76e41e83f69ce8cb19dc3e4a hr-invisible  avia-builder-el-41  el_after_av_textblock  avia-builder-el-last '><span class='hr-inner '><span class=\"hr-inner-style\"><\/span><\/span><\/div><\/p><\/div>\n<div class='av-flex-placeholder'><\/div>\n<style type=\"text\/css\" data-created_by=\"avia_inline_auto\" id=\"style-css-av-35zzdlx-7b53968e2cbbfd8f56abfd3d08d4b62a\">\n.flex_column.av-35zzdlx-7b53968e2cbbfd8f56abfd3d08d4b62a{\nborder-width:1px;\nborder-color:#ebebeb;\nborder-style:solid;\nborder-radius:0px 0px 0px 0px;\npadding:10px 10px 10px 10px;\n}\n<\/style>\n<div  class='flex_column av-35zzdlx-7b53968e2cbbfd8f56abfd3d08d4b62a av_one_third  avia-builder-el-42  el_after_av_one_third  el_before_av_one_third  flex_column_table_cell av-equal-height-column av-align-top  column-top-margin'     ><p><section  class='av_textblock_section av-m0nmw7l2-8f6db3a75a0d78b9260bedbca1240792 '  ><div class='avia_textblock' ><p><img decoding=\"async\" class=\"alignnone wp-image-15095 \" src=\"https:\/\/blog.backwinkel.de\/wp-content\/uploads\/2024\/09\/50955_natur_und_klimapuzzle-4erset_zoom.jpg\" alt=\"\" width=\"809\" height=\"809\" srcset=\"https:\/\/www.backwinkel.de\/blog\/wp-content\/uploads\/2024\/09\/50955_natur_und_klimapuzzle-4erset_zoom.jpg 2048w, https:\/\/www.backwinkel.de\/blog\/wp-content\/uploads\/2024\/09\/50955_natur_und_klimapuzzle-4erset_zoom-1536x1536.jpg 1536w, https:\/\/www.backwinkel.de\/blog\/wp-content\/uploads\/2024\/09\/50955_natur_und_klimapuzzle-4erset_zoom-36x36.jpg 36w, https:\/\/www.backwinkel.de\/blog\/wp-content\/uploads\/2024\/09\/50955_natur_und_klimapuzzle-4erset_zoom-180x180.jpg 180w\" sizes=\"(max-width: 809px) 100vw, 809px\" \/><\/p>\n<p style=\"font-size: 20px; font-family: urw_grotesk_extra_narrowrg; text-align: left;\">educo\u00ae Natur- und Klimapuzzles<\/p>\n<p style=\"text-align: left;\"><div  class='avia-button-wrap av-2qian9h-3944381a6d193c7e3f52bb0c7b257c0d-wrap avia-button-center  avia-builder-el-44  avia-builder-el-no-sibling '><a href='https:\/\/www.backwinkel.de\/prod\/natur-und-klimapuzzles.html'  class='avia-button av-2qian9h-3944381a6d193c7e3f52bb0c7b257c0d av-link-btn avia-icon_select-no avia-size-medium avia-position-center avia-color-theme-color'  target=\"_blank\"  rel=\"noopener noreferrer\"  aria-label=\"zum Produkt\"><span class='avia_iconbox_title' >zum Produkt<\/span><\/a><\/div><\/p>\n<\/div><\/section><br \/>\n\n<style type=\"text\/css\" data-created_by=\"avia_inline_auto\" id=\"style-css-av-1yzlcn9-368f4039a730267a712f0dd17fb094ca\">\n#top .hr.hr-invisible.av-1yzlcn9-368f4039a730267a712f0dd17fb094ca{\nheight:20px;\n}\n<\/style>\n<div  class='hr av-1yzlcn9-368f4039a730267a712f0dd17fb094ca hr-invisible  avia-builder-el-45  el_after_av_textblock  avia-builder-el-last '><span class='hr-inner '><span class=\"hr-inner-style\"><\/span><\/span><\/div><\/p><\/div>\n<div class='av-flex-placeholder'><\/div>\n<style type=\"text\/css\" data-created_by=\"avia_inline_auto\" id=\"style-css-av-1pimehx-bbb596a9e3f09d522267d9efeb5b4c71\">\n.flex_column.av-1pimehx-bbb596a9e3f09d522267d9efeb5b4c71{\nborder-width:1px;\nborder-color:#ebebeb;\nborder-style:solid;\nborder-radius:0px 0px 0px 0px;\npadding:10px 10px 10px 10px;\n}\n<\/style>\n<div  class='flex_column av-1pimehx-bbb596a9e3f09d522267d9efeb5b4c71 av_one_third  avia-builder-el-46  el_after_av_one_third  el_before_av_one_full  flex_column_table_cell av-equal-height-column av-align-top  column-top-margin'     ><p><section  class='av_textblock_section av-m0nmwdkx-4ada40a79c5648cf2451a423f8f70d41 '  ><div class='avia_textblock' ><p><img decoding=\"async\" class=\"alignnone wp-image-15096 size-full\" src=\"https:\/\/blog.backwinkel.de\/wp-content\/uploads\/2024\/09\/20328-hochbeet-l.png\" alt=\"\" width=\"700\" height=\"700\" srcset=\"https:\/\/www.backwinkel.de\/blog\/wp-content\/uploads\/2024\/09\/20328-hochbeet-l.png 700w, https:\/\/www.backwinkel.de\/blog\/wp-content\/uploads\/2024\/09\/20328-hochbeet-l-36x36.png 36w, https:\/\/www.backwinkel.de\/blog\/wp-content\/uploads\/2024\/09\/20328-hochbeet-l-180x180.png 180w\" sizes=\"(max-width: 700px) 100vw, 700px\" \/><\/p>\n<p style=\"font-size: 20px; font-family: urw_grotesk_extra_narrowrg; text-align: left;\">Hochbeet<\/p>\n<p style=\"text-align: left;\"><div  class='avia-button-wrap av-z35kn9-47f989b1ab63a91f04b89cd2b2676013-wrap avia-button-center  avia-builder-el-48  avia-builder-el-no-sibling '><a href='https:\/\/www.backwinkel.de\/prod\/hochbeet-mit-gewaechshausaufsatz-groesse-l.html'  class='avia-button av-z35kn9-47f989b1ab63a91f04b89cd2b2676013 av-link-btn avia-icon_select-no avia-size-medium avia-position-center avia-color-theme-color'  target=\"_blank\"  rel=\"noopener noreferrer\"  aria-label=\"zum Produkt\"><span class='avia_iconbox_title' >zum Produkt<\/span><\/a><\/div><\/p>\n<\/div><\/section><br \/>\n\n<style type=\"text\/css\" data-created_by=\"avia_inline_auto\" id=\"style-css-av-lhxov9-9c0dbab3a677aa248fbcdb92a92b6f6a\">\n#top .hr.hr-invisible.av-lhxov9-9c0dbab3a677aa248fbcdb92a92b6f6a{\nheight:20px;\n}\n<\/style>\n<div  class='hr av-lhxov9-9c0dbab3a677aa248fbcdb92a92b6f6a hr-invisible  avia-builder-el-49  el_after_av_textblock  avia-builder-el-last '><span class='hr-inner '><span class=\"hr-inner-style\"><\/span><\/span><\/div><\/p><\/div><\/div><!--close column table wrapper. Autoclose: 1 -->\n\n<style type=\"text\/css\" data-created_by=\"avia_inline_auto\" id=\"style-css-av-jley1l06-be8863a15e87d33f314fbd4b76b14014\">\n.flex_column.av-jley1l06-be8863a15e87d33f314fbd4b76b14014{\nborder-radius:0px 0px 0px 0px;\npadding:10px 10px 10px 10px;\nbackground-color:#f2f2f2;\n}\n<\/style>\n<div  class='flex_column av-jley1l06-be8863a15e87d33f314fbd4b76b14014 av_one_full  avia-builder-el-50  el_after_av_one_third  el_before_av_one_full  first flex_column_div  column-top-margin'     ><section  class='av_textblock_section av-jkuvcso3-5-5c6860626657f0ec318095798effdcc6 '  ><div class='avia_textblock' ><p class=\"fussnoten-quellen\"><strong>Lesen Sie mehr: <\/strong><\/p>\n<p>Beetz, Andrea: Tiergest\u00fctzte P\u00e4dagogik:<br \/>\n<a href=\"https:\/\/www.kita-fachtexte.de\/fileadmin\/Redaktion\/Publikationen\/2-2024_Kita-Fachtext_Andrea_Beetz_Tiergestuetzte_Paedagogik.pdf\" target=\"_blank\" rel=\"noopener\">https:\/\/www.kita-fachtexte.de\/fileadmin\/Redaktion\/Publikationen\/2-2024_Kita-Fachtext_Andrea_Beetz_Tiergestuetzte_Paedagogik.pdf<\/a><\/p>\n<p>Flatley, Annika: \u00d6ko-Reinigungsmittel &amp; Bio-Putzmittel: Unsere Empfehlungen, 09.05.2019:<br \/>\n<a href=\"https:\/\/utopia.de\/ratgeber\/empfehlung-oeko-reinigungsmittel-bio-putzmittel\/\" target=\"_blank\" rel=\"noopener\">https:\/\/utopia.de\/ratgeber\/empfehlung-oeko-reinigungsmittel-bio-putzmittel\/<\/a><\/p>\n<p>Grehl, Carolin: 17 Ziele \u2013 17 Beispiele f\u00fcr Nachhaltigkeit im Kita-Alltag, 13.06.2022:<br \/>\n<a href=\"https:\/\/www.rund-um-kita.de\/17-ziele-17-beispiele-fuer-nachhaltigkeit-im-kita-alltag\/\" target=\"_blank\" rel=\"noopener\">https:\/\/www.rund-um-kita.de\/17-ziele-17-beispiele-fuer-nachhaltigkeit-im-kita-alltag\/<\/a><\/p>\n<p>Omas beste Hausmittel zum Putzen: Das hilft wirklich!:<br \/>\n<a href=\"https:\/\/www.grosseltern.de\/omas-beste-hausmittel-zum-putzen\/\" target=\"_blank\" rel=\"noopener\">https:\/\/www.grosseltern.de\/omas-beste-hausmittel-zum-putzen\/<\/a><\/p>\n<p>Schipprack, Christopher: Bildung f\u00fcr nachhaltige Entwicklung in der fr\u00fchen Bildung . Professionalisierung und Qualit\u00e4tsentwicklung, 2021:<br \/>\n<a href=\"https:\/\/www.kita-fachtexte.de\/fileadmin\/user_upload\/210714_KitaFachtexte_Schipprack_01.pdf\" target=\"_blank\" rel=\"noopener\">https:\/\/www.kita-fachtexte.de\/fileadmin\/user_upload\/210714_KitaFachtexte_Schipprack_01.pdf<\/a><\/p>\n<p>H\u00fcbner, Klaus: Projekt- und Aktionsideen mit Kindern zur Nachhaltigkeit \u2013 Die Welt achten und pflegen, 2012:<br \/>\n<a href=\"https:\/\/www.herder.de\/kiga-heute\/fachmagazin\/archiv\/2012-42-jg\/1-2012\/die-welt-achten-und-pflegen-projekt-und-aktionsideen-mit-kindern-zur-nachhaltigkeit\/\" target=\"_blank\" rel=\"noopener\">https:\/\/www.herder.de\/kiga-heute\/fachmagazin\/archiv\/2012-42-jg\/1-2012\/die-welt-achten-und-pflegen-projekt-und-aktionsideen-mit-kindern-zur-nachhaltigkeit\/<\/a><\/p>\n<p>Wissenschaftsladen Bonn e. V. (Hrsg.): Beispiele aus den KiTas \u2013 Bildung f\u00fcr nachhaltige Entwicklung in der Praxis:<br \/>\n<a href=\"https:\/\/www.wilabonn.de\/images\/PDFs\/NachhaltigeKiTa\/Praxisleitfaden_Beispiele_aus_den_KiTas.pdf\" target=\"_blank\" rel=\"noopener\">https:\/\/www.wilabonn.de\/images\/PDFs\/NachhaltigeKiTa\/Praxisleitfaden_Beispiele_aus_den_KiTas.pdf<\/a><\/p>\n<p>Initiativen f\u00fcr Klimaschutz und Nachhaltigkeit in der Kita:<br \/>\n<a href=\"https:\/\/klima-kita-netzwerk.de\" target=\"_blank\" rel=\"noopener\">https:\/\/klima-kita-netzwerk.de<\/a><br \/>\n<a href=\"https:\/\/www.kita21.de\">https:\/\/www.kita21.de<\/a><br \/>\n<a href=\"https:\/\/www.saveourfuture.de\">https:\/\/www.saveourfuture.de<\/a><br \/>\n<a href=\"https:\/\/www.klimafuchs-kita.de\">https:\/\/www.klimafuchs-kita.de<\/a><\/p>\n<\/div><\/section><\/div>\n\n<style type=\"text\/css\" data-created_by=\"avia_inline_auto\" id=\"style-css-av-4a8f13-8282735e1a69d4252a8ab107757df204\">\n.flex_column.av-4a8f13-8282735e1a69d4252a8ab107757df204{\nborder-radius:0px 0px 0px 0px;\npadding:10px 10px 10px 10px;\n}\n<\/style>\n<div  class='flex_column av-4a8f13-8282735e1a69d4252a8ab107757df204 av_one_full  avia-builder-el-52  el_after_av_one_full  el_before_av_one_full  first flex_column_div  column-top-margin'     ><section  class='av_textblock_section av-2ibyo7-105f90c883c0b4406936f8076e5ba294 '  ><div class='avia_textblock' ><p class=\"copyright\"><strong>\u00a9 Copyright \u2013 Urheberrechtshinweis<\/strong><br \/>\nAlle Inhalte auf www.backwinkel.de sowie www.backwinkel.de\/blog, insbesondere Texte, Fotografien und Grafiken, sind urheberrechtlich gesch\u00fctzt.<br \/>\nDas Urheberrecht liegt, soweit nicht ausdr\u00fccklich anders gekennzeichnet, bei der BACKWINKEL GmbH. Bitte fragen Sie uns, falls Sie die Inhalte dieses Internetangebotes verwenden m\u00f6chten.<br \/>\nWer gegen das Urheberrecht verst\u00f6\u00dft (z. B. Bilder oder Texte unerlaubt kopiert), macht sich gem. \u00a7\u00a7 106 ff UrhG strafbar, wird zudem kostenpflichtig abgemahnt und muss Schadensersatz leisten (\u00a7 97 UrhG).<\/p>\n<\/div><\/section><\/div>\n\n<style type=\"text\/css\" data-created_by=\"avia_inline_auto\" id=\"style-css-av-1p82t-b0e9719fe6c67aa5c6d1abf813961e55\">\n.flex_column.av-1p82t-b0e9719fe6c67aa5c6d1abf813961e55{\nborder-radius:0px 0px 0px 0px;\npadding:0px 0px 0px 0px;\n}\n<\/style>\n<div  class='flex_column av-1p82t-b0e9719fe6c67aa5c6d1abf813961e55 av_one_full  avia-builder-el-54  el_after_av_one_full  avia-builder-el-last  first flex_column_div av-zero-column-padding  column-top-margin'     ><p><section  class='av_textblock_section av-jlp4hxqo-91baaad30cd61f89630d15f8561d1750 '  ><div class='avia_textblock' ><div class=\"shariff shariff-align-left shariff-widget-align-left\"><ul class=\"shariff-buttons theme-color orientation-horizontal buttonsize-medium\"><li class=\"shariff-button whatsapp shariff-nocustomcolor\" style=\"background-color:#5cbe4a\"><a href=\"https:\/\/api.whatsapp.com\/send?text=https%3A%2F%2Fwww.backwinkel.de%2Fblog%2Ffit-fuer-den-umweltschutz%2F%20Fit%20f%C3%BCr%20den%20Umweltschutz%3F\" title=\"Bei Whatsapp teilen\" aria-label=\"Bei Whatsapp teilen\" role=\"button\" rel=\"noopener nofollow\" class=\"shariff-link\" style=\"; background-color:#34af23; color:#fff\" target=\"_blank\"><span class=\"shariff-icon\" style=\"\"><svg width=\"32px\" height=\"20px\" xmlns=\"http:\/\/www.w3.org\/2000\/svg\" viewBox=\"0 0 32 32\"><path fill=\"#34af23\" d=\"M17.6 17.4q0.2 0 1.7 0.8t1.6 0.9q0 0.1 0 0.3 0 0.6-0.3 1.4-0.3 0.7-1.3 1.2t-1.8 0.5q-1 0-3.4-1.1-1.7-0.8-3-2.1t-2.6-3.3q-1.3-1.9-1.3-3.5v-0.1q0.1-1.6 1.3-2.8 0.4-0.4 0.9-0.4 0.1 0 0.3 0t0.3 0q0.3 0 0.5 0.1t0.3 0.5q0.1 0.4 0.6 1.6t0.4 1.3q0 0.4-0.6 1t-0.6 0.8q0 0.1 0.1 0.3 0.6 1.3 1.8 2.4 1 0.9 2.7 1.8 0.2 0.1 0.4 0.1 0.3 0 1-0.9t0.9-0.9zM14 26.9q2.3 0 4.3-0.9t3.6-2.4 2.4-3.6 0.9-4.3-0.9-4.3-2.4-3.6-3.6-2.4-4.3-0.9-4.3 0.9-3.6 2.4-2.4 3.6-0.9 4.3q0 3.6 2.1 6.6l-1.4 4.2 4.3-1.4q2.8 1.9 6.2 1.9zM14 2.2q2.7 0 5.2 1.1t4.3 2.9 2.9 4.3 1.1 5.2-1.1 5.2-2.9 4.3-4.3 2.9-5.2 1.1q-3.5 0-6.5-1.7l-7.4 2.4 2.4-7.2q-1.9-3.2-1.9-6.9 0-2.7 1.1-5.2t2.9-4.3 4.3-2.9 5.2-1.1z\"\/><\/svg><\/span><span class=\"shariff-text\">teilen<\/span>&nbsp;<\/a><\/li><li class=\"shariff-button facebook shariff-nocustomcolor\" style=\"background-color:#4273c8\"><a href=\"https:\/\/www.facebook.com\/sharer\/sharer.php?u=https%3A%2F%2Fwww.backwinkel.de%2Fblog%2Ffit-fuer-den-umweltschutz%2F\" title=\"Bei Facebook teilen\" aria-label=\"Bei Facebook teilen\" role=\"button\" rel=\"nofollow\" class=\"shariff-link\" style=\"; background-color:#3b5998; color:#fff\" target=\"_blank\"><span class=\"shariff-icon\" style=\"\"><svg width=\"32px\" height=\"20px\" xmlns=\"http:\/\/www.w3.org\/2000\/svg\" viewBox=\"0 0 18 32\"><path fill=\"#3b5998\" d=\"M17.1 0.2v4.7h-2.8q-1.5 0-2.1 0.6t-0.5 1.9v3.4h5.2l-0.7 5.3h-4.5v13.6h-5.5v-13.6h-4.5v-5.3h4.5v-3.9q0-3.3 1.9-5.2t5-1.8q2.6 0 4.1 0.2z\"\/><\/svg><\/span><span class=\"shariff-text\">teilen<\/span>&nbsp;<\/a><\/li><li class=\"shariff-button twitter shariff-nocustomcolor\" style=\"background-color:#595959\"><a href=\"https:\/\/twitter.com\/share?url=https%3A%2F%2Fwww.backwinkel.de%2Fblog%2Ffit-fuer-den-umweltschutz%2F&text=Fit%20f%C3%BCr%20den%20Umweltschutz%3F\" title=\"Bei X teilen\" aria-label=\"Bei X teilen\" role=\"button\" rel=\"noopener nofollow\" class=\"shariff-link\" style=\"; background-color:#000; color:#fff\" target=\"_blank\"><span class=\"shariff-icon\" style=\"\"><svg width=\"32px\" height=\"20px\" xmlns=\"http:\/\/www.w3.org\/2000\/svg\" viewBox=\"0 0 24 24\"><path fill=\"#000\" d=\"M14.258 10.152L23.176 0h-2.113l-7.747 8.813L7.133 0H0l9.352 13.328L0 23.973h2.113l8.176-9.309 6.531 9.309h7.133zm-2.895 3.293l-.949-1.328L2.875 1.56h3.246l6.086 8.523.945 1.328 7.91 11.078h-3.246zm0 0\"\/><\/svg><\/span><span class=\"shariff-text\">teilen<\/span>&nbsp;<\/a><\/li><li class=\"shariff-button pinterest shariff-nocustomcolor\" style=\"background-color:#e70f18\"><a href=\"https:\/\/www.pinterest.com\/pin\/create\/link\/?url=https%3A%2F%2Fwww.backwinkel.de%2Fblog%2Ffit-fuer-den-umweltschutz%2F&media=https%3A%2F%2Fwww.backwinkel.de%2Fblog%2Fwp-content%2Fuploads%2F2024%2F09%2FUnweltschutz-heroimage.jpg&description=Fit%20f%C3%BCr%20den%20Umweltschutz%3F\" title=\"Bei Pinterest pinnen\" aria-label=\"Bei Pinterest pinnen\" role=\"button\" rel=\"noopener nofollow\" class=\"shariff-link\" style=\"; background-color:#cb2027; color:#fff\" target=\"_blank\"><span class=\"shariff-icon\" style=\"\"><svg width=\"32px\" height=\"20px\" xmlns=\"http:\/\/www.w3.org\/2000\/svg\" viewBox=\"0 0 27 32\"><path fill=\"#cb2027\" d=\"M27.4 16q0 3.7-1.8 6.9t-5 5-6.9 1.9q-2 0-3.9-0.6 1.1-1.7 1.4-2.9 0.2-0.6 1-3.8 0.4 0.7 1.3 1.2t2 0.5q2.1 0 3.8-1.2t2.7-3.4 0.9-4.8q0-2-1.1-3.8t-3.1-2.9-4.5-1.2q-1.9 0-3.5 0.5t-2.8 1.4-2 2-1.2 2.3-0.4 2.4q0 1.9 0.7 3.3t2.1 2q0.5 0.2 0.7-0.4 0-0.1 0.1-0.5t0.2-0.5q0.1-0.4-0.2-0.8-0.9-1.1-0.9-2.7 0-2.7 1.9-4.6t4.9-2q2.7 0 4.2 1.5t1.5 3.8q0 3-1.2 5.2t-3.1 2.1q-1.1 0-1.7-0.8t-0.4-1.9q0.1-0.6 0.5-1.7t0.5-1.8 0.2-1.4q0-0.9-0.5-1.5t-1.4-0.6q-1.1 0-1.9 1t-0.8 2.6q0 1.3 0.4 2.2l-1.8 7.5q-0.3 1.2-0.2 3.2-3.7-1.6-6-5t-2.3-7.6q0-3.7 1.9-6.9t5-5 6.9-1.9 6.9 1.9 5 5 1.8 6.9z\"\/><\/svg><\/span><span class=\"shariff-text\">merken<\/span>&nbsp;<\/a><\/li><li class=\"shariff-button mailto shariff-nocustomcolor\" style=\"background-color:#a8a8a8\"><a href=\"mailto:?body=https%3A%2F%2Fwww.backwinkel.de%2Fblog%2Ffit-fuer-den-umweltschutz%2F&subject=Fit%20f%C3%BCr%20den%20Umweltschutz%3F\" title=\"Per E-Mail versenden\" aria-label=\"Per E-Mail versenden\" role=\"button\" rel=\"noopener nofollow\" class=\"shariff-link\" style=\"; background-color:#999; color:#fff\"><span class=\"shariff-icon\" style=\"\"><svg width=\"32px\" height=\"20px\" xmlns=\"http:\/\/www.w3.org\/2000\/svg\" viewBox=\"0 0 32 32\"><path fill=\"#999\" d=\"M32 12.7v14.2q0 1.2-0.8 2t-2 0.9h-26.3q-1.2 0-2-0.9t-0.8-2v-14.2q0.8 0.9 1.8 1.6 6.5 4.4 8.9 6.1 1 0.8 1.6 1.2t1.7 0.9 2 0.4h0.1q0.9 0 2-0.4t1.7-0.9 1.6-1.2q3-2.2 8.9-6.1 1-0.7 1.8-1.6zM32 7.4q0 1.4-0.9 2.7t-2.2 2.2q-6.7 4.7-8.4 5.8-0.2 0.1-0.7 0.5t-1 0.7-0.9 0.6-1.1 0.5-0.9 0.2h-0.1q-0.4 0-0.9-0.2t-1.1-0.5-0.9-0.6-1-0.7-0.7-0.5q-1.6-1.1-4.7-3.2t-3.6-2.6q-1.1-0.7-2.1-2t-1-2.5q0-1.4 0.7-2.3t2.1-0.9h26.3q1.2 0 2 0.8t0.9 2z\"\/><\/svg><\/span><span class=\"shariff-text\">E-Mail<\/span>&nbsp;<\/a><\/li><\/ul><\/div>\n<\/div><\/section><br \/>\n<div  class='tabcontainer av-jlq8shhr-81242121e684ca07ed7e4b689c7d9116 top_tab  avia-builder-el-56  el_after_av_textblock  el_before_av_hr '>\n<section class='av_tab_section av_tab_section av-4w8jsn-bbdf9e923dedb1db49ad7c5dc47ef632' ><div id='tab-id-1-tab' class='tab active_tab' role='tab' aria-selected=\"true\" tabindex=\"0\" data-fake-id='#tab-id-1' aria-controls='tab-id-1-content' >Das BACKWINKEL-Blog-Team:<\/div><div id='tab-id-1-content' class='tab_content active_tab_content' role='tabpanel' aria-labelledby='tab-id-1-tab' aria-hidden=\"false\"><div class='tab_inner_content invers-color' ><p>Gibts auch ein Gesicht hinter dem BACKWINKEL-Blog? Nat\u00fcrlich. Sogar f\u00fcnf \ud83d\ude0a. Wir \u2013 Lukas, Marvin und Tatjana \u2013 bespielen unseren Blog im LACHEN LEBEN LERNEN-Firmensitz in Hattingen.<br \/>\nLukas kennt Onlinemarketing wie seine Westentasche, w\u00e4hrend Marvin unseren Beitr\u00e4gen den passenden gestalterischen Rahmen gibt und Tatjana mit dem gr\u00fcnen Korrekturstift alles pr\u00fcfend be\u00e4ugt, was unsere Freelancerautorinnen Elisa und Christine (und gern auch Gastautoren) aus der Ferne f\u00fcr den BACKWINKEL-Blog nach ordentlicher Recherche schreiben.<br \/>\nGemeinsam suchen wir st\u00e4ndig nach neuen, aufregenden Themen rund um das Thema Bildung im Kiga, der Schule und zu Hause. Und weil Sie da an der Quelle sitzen, freuen wir uns auf Ihre konstruktiven R\u00fcckmeldungen und Anregungen an blog[@]backwinkel.de<br \/>\nViel Spa\u00df beim LACHEN LESEN LERNEN!<\/p>\n<\/div><\/div><\/section>\n<\/div><br \/>\n\n<style type=\"text\/css\" data-created_by=\"avia_inline_auto\" id=\"style-css-av-jkuvdh82-b6ea5d9aca5d02d0d62bf300de93e492\">\n#top .hr.av-jkuvdh82-b6ea5d9aca5d02d0d62bf300de93e492{\nmargin-top:10px;\nmargin-bottom:10px;\n}\n.hr.av-jkuvdh82-b6ea5d9aca5d02d0d62bf300de93e492 .hr-inner{\nwidth:500;\n}\n<\/style>\n<div  class='hr av-jkuvdh82-b6ea5d9aca5d02d0d62bf300de93e492 hr-custom  avia-builder-el-57  el_after_av_tab_container  el_before_av_heading  hr-left hr-icon-no'><span class='hr-inner inner-border-av-border-thin'><span class=\"hr-inner-style\"><\/span><\/span><\/div><br \/>\n\n<style type=\"text\/css\" data-created_by=\"avia_inline_auto\" id=\"style-css-av-2rgq8p-eea5960d1a3bca7958b11dcc59b35b67\">\n#top .av-special-heading.av-2rgq8p-eea5960d1a3bca7958b11dcc59b35b67{\npadding-bottom:10px;\n}\nbody .av-special-heading.av-2rgq8p-eea5960d1a3bca7958b11dcc59b35b67 .av-special-heading-tag .heading-char{\nfont-size:25px;\n}\n.av-special-heading.av-2rgq8p-eea5960d1a3bca7958b11dcc59b35b67 .av-subheading{\nfont-size:15px;\n}\n<\/style>\n<div  class='av-special-heading av-2rgq8p-eea5960d1a3bca7958b11dcc59b35b67 av-special-heading-h3 blockquote modern-quote  avia-builder-el-58  el_after_av_hr  el_before_av_blog '><h3 class='av-special-heading-tag '  >PASSENDE BEITR\u00c4GE<\/h3><div class=\"special-heading-border\"><div class=\"special-heading-inner-border\"><\/div><\/div><\/div><br \/>\n<div  data-slideshow-options=\"{&quot;animation&quot;:&quot;fade&quot;,&quot;autoplay&quot;:false,&quot;loop_autoplay&quot;:&quot;once&quot;,&quot;interval&quot;:5,&quot;loop_manual&quot;:&quot;manual-endless&quot;,&quot;autoplay_stopper&quot;:false,&quot;noNavigation&quot;:false,&quot;show_slide_delay&quot;:90}\" class='avia-content-slider avia-content-grid-active avia-content-slider1 avia-content-slider-odd  avia-builder-el-59  el_after_av_heading  avia-builder-el-last  av-slideshow-ui av-control-default   av-no-slider-navigation av-slideshow-manual av-loop-once av-loop-manual-endless ' ><div class=\"avia-content-slider-inner\"><div class=\"slide-entry-wrap\"><article class='slide-entry flex_column  post-entry post-entry-18633 slide-entry-overview slide-loop-1 slide-parity-odd  av_one_third first real-thumbnail posttype-post post-format-standard' ><a href='https:\/\/www.backwinkel.de\/blog\/plastik-recyceln\/' data-rel='slide-1' class='slide-image' title='Plastik recyceln'><img decoding=\"async\" fetchpriority=\"high\" width=\"1200\" height=\"628\" src=\"https:\/\/www.backwinkel.de\/blog\/wp-content\/uploads\/2026\/04\/04_Kiga_Plastik_nachhaltig_nutzen.jpg\" class=\"wp-image-18713 avia-img-lazy-loading-not-18713 attachment-no scaling size-no scaling wp-post-image\" alt=\"\" \/><\/a><div class=\"slide-content\"><header class=\"entry-content-header\" aria-label=\"Slide: Plastik recyceln\"><h3 class='slide-entry-title entry-title ' ><a href='https:\/\/www.backwinkel.de\/blog\/plastik-recyceln\/' title='Plastik recyceln'>Plastik recyceln<\/a><\/h3><span class=\"blog-categories minor-meta\"><a href=\"https:\/\/www.backwinkel.de\/blog\/category\/kindergarten-kita\/\" rel=\"tag\">Kindergarten<\/a> <\/span><span class=\"av-vertical-delimiter\"><\/span><\/header><div class='slide-entry-excerpt entry-content' >Biokunststoff f\u00fcr St\u00fchle, Materialboxen, Spielzeug und Rucks\u00e4cke<\/div><\/div><footer class=\"entry-footer\"><div class=\"slide-meta\"><time class='slide-meta-time updated' >14. April 2026<\/time><\/div><\/footer><\/article><article class='slide-entry flex_column  post-entry post-entry-18716 slide-entry-overview slide-loop-2 slide-parity-even  av_one_third  real-thumbnail posttype-post post-format-standard' ><a href='https:\/\/www.backwinkel.de\/blog\/rechnen-im-anfangsunterricht\/' data-rel='slide-1' class='slide-image' title='Rechnen im Anfangsunterricht'><img decoding=\"async\" fetchpriority=\"high\" width=\"1200\" height=\"628\" src=\"https:\/\/www.backwinkel.de\/blog\/wp-content\/uploads\/2026\/04\/04_Schule_Rechnen_anfangsunterricht.jpg\" class=\"wp-image-18748 avia-img-lazy-loading-not-18748 attachment-no scaling size-no scaling wp-post-image\" alt=\"\" \/><\/a><div class=\"slide-content\"><header class=\"entry-content-header\" aria-label=\"Slide: Rechnen im Anfangsunterricht\"><h3 class='slide-entry-title entry-title ' ><a href='https:\/\/www.backwinkel.de\/blog\/rechnen-im-anfangsunterricht\/' title='Rechnen im Anfangsunterricht'>Rechnen im Anfangsunterricht<\/a><\/h3><span class=\"blog-categories minor-meta\"><a href=\"https:\/\/www.backwinkel.de\/blog\/category\/schule-grundschule\/\" rel=\"tag\">Schule<\/a> <\/span><span class=\"av-vertical-delimiter\"><\/span><\/header><div class='slide-entry-excerpt entry-content' >Das Klassenzimmer als Lernlandschaft<\/div><\/div><footer class=\"entry-footer\"><div class=\"slide-meta\"><time class='slide-meta-time updated' >14. April 2026<\/time><\/div><\/footer><\/article><article class='slide-entry flex_column  post-entry post-entry-18372 slide-entry-overview slide-loop-3 slide-parity-odd  post-entry-last  av_one_third  real-thumbnail posttype-post post-format-standard' ><a href='https:\/\/www.backwinkel.de\/blog\/kranke-kinder-im-kindergarten\/' data-rel='slide-1' class='slide-image' title='Kranke Kinder im Kindergarten'><img decoding=\"async\" fetchpriority=\"high\" width=\"1200\" height=\"628\" src=\"https:\/\/www.backwinkel.de\/blog\/wp-content\/uploads\/2026\/03\/03_Kiga_Kranke_Kinder.jpg\" class=\"wp-image-18451 avia-img-lazy-loading-not-18451 attachment-no scaling size-no scaling wp-post-image\" alt=\"Thema: Kranke Kinder. Auf dem Bild ist ein krankes kleines M\u00e4dchen zu sehen. Eine Frau mit einem Fieberthermometer in der Hand sitzt neben ihr und hat die Hand auf der Stirn des M\u00e4dchens.\" \/><\/a><div class=\"slide-content\"><header class=\"entry-content-header\" aria-label=\"Slide: Kranke Kinder im Kindergarten\"><h3 class='slide-entry-title entry-title ' ><a href='https:\/\/www.backwinkel.de\/blog\/kranke-kinder-im-kindergarten\/' title='Kranke Kinder im Kindergarten'>Kranke Kinder im Kindergarten<\/a><\/h3><span class=\"blog-categories minor-meta\"><a href=\"https:\/\/www.backwinkel.de\/blog\/category\/kindergarten-kita\/\" rel=\"tag\">Kindergarten<\/a> <\/span><span class=\"av-vertical-delimiter\"><\/span><\/header><div class='slide-entry-excerpt entry-content' >Auswirkungen f\u00fcr Kinder, Eltern und Fachkr\u00e4fte<\/div><\/div><footer class=\"entry-footer\"><div class=\"slide-meta\"><time class='slide-meta-time updated' >9. M\u00e4rz 2026<\/time><\/div><\/footer><\/article><\/div><\/div><\/div><\/p><\/div>\n","protected":false},"excerpt":{"rendered":"<p>Nachhaltigkeit im Kindergarten <\/p>\n","protected":false},"author":1,"featured_media":15182,"comment_status":"closed","ping_status":"closed","sticky":false,"template":"","format":"standard","meta":{"inline_featured_image":false,"footnotes":""},"categories":[5],"tags":[],"class_list":["post-15045","post","type-post","status-publish","format-standard","has-post-thumbnail","hentry","category-kindergarten-kita"],"yoast_head":"<!-- This site is optimized with the Yoast SEO plugin v27.4 - https:\/\/yoast.com\/product\/yoast-seo-wordpress\/ -->\n<title>Fit f\u00fcr den Umweltschutz? | BACKWINKEL Blog<\/title>\n<meta name=\"description\" content=\"Mit diesen 9 Tipps, Aktionsideen und Projekten machen Sie Ihre Kinder fit f\u00fcr den Umweltschutz \u00bb Jetzt lesen im BACKWINKEL-Blog\" \/>\n<meta name=\"robots\" content=\"index, follow, max-snippet:-1, max-image-preview:large, max-video-preview:-1\" \/>\n<link rel=\"canonical\" href=\"https:\/\/www.backwinkel.de\/blog\/fit-fuer-den-umweltschutz\/\" \/>\n<meta property=\"og:locale\" content=\"de_DE\" \/>\n<meta property=\"og:type\" content=\"article\" \/>\n<meta property=\"og:title\" content=\"Fit f\u00fcr den Umweltschutz? | BACKWINKEL Blog\" \/>\n<meta property=\"og:description\" content=\"Mit diesen 9 Tipps, Aktionsideen und Projekten machen Sie Ihre Kinder fit f\u00fcr den Umweltschutz \u00bb Jetzt lesen im BACKWINKEL-Blog\" \/>\n<meta property=\"og:url\" content=\"https:\/\/www.backwinkel.de\/blog\/fit-fuer-den-umweltschutz\/\" \/>\n<meta property=\"og:site_name\" content=\"BACKWINKEL Blog\" \/>\n<meta property=\"article:published_time\" content=\"2024-09-09T07:15:42+00:00\" \/>\n<meta property=\"article:modified_time\" content=\"2026-04-27T06:19:01+00:00\" \/>\n<meta property=\"og:image\" content=\"https:\/\/www.backwinkel.de\/blog\/wp-content\/uploads\/2024\/09\/Unweltschutz-heroimage.jpg\" \/>\n\t<meta property=\"og:image:width\" content=\"1200\" \/>\n\t<meta property=\"og:image:height\" content=\"628\" \/>\n\t<meta property=\"og:image:type\" content=\"image\/jpeg\" \/>\n<meta name=\"author\" content=\"admin_backwinkel\" \/>\n<meta name=\"twitter:card\" content=\"summary_large_image\" \/>\n<meta name=\"twitter:label1\" content=\"Verfasst von\" \/>\n\t<meta name=\"twitter:data1\" content=\"admin_backwinkel\" \/>\n\t<meta name=\"twitter:label2\" content=\"Gesch\u00e4tzte Lesezeit\" \/>\n\t<meta name=\"twitter:data2\" content=\"17\u00a0Minuten\" \/>\n<script type=\"application\/ld+json\" class=\"yoast-schema-graph\">{\"@context\":\"https:\\\/\\\/schema.org\",\"@graph\":[{\"@type\":\"Article\",\"@id\":\"https:\\\/\\\/www.backwinkel.de\\\/blog\\\/fit-fuer-den-umweltschutz\\\/#article\",\"isPartOf\":{\"@id\":\"https:\\\/\\\/www.backwinkel.de\\\/blog\\\/fit-fuer-den-umweltschutz\\\/\"},\"author\":{\"name\":\"admin_backwinkel\",\"@id\":\"https:\\\/\\\/www.backwinkel.de\\\/blog\\\/#\\\/schema\\\/person\\\/88b842297c0e471020a66f4476633cf2\"},\"headline\":\"Fit f\u00fcr den Umweltschutz?\",\"datePublished\":\"2024-09-09T07:15:42+00:00\",\"dateModified\":\"2026-04-27T06:19:01+00:00\",\"mainEntityOfPage\":{\"@id\":\"https:\\\/\\\/www.backwinkel.de\\\/blog\\\/fit-fuer-den-umweltschutz\\\/\"},\"wordCount\":6902,\"image\":{\"@id\":\"https:\\\/\\\/www.backwinkel.de\\\/blog\\\/fit-fuer-den-umweltschutz\\\/#primaryimage\"},\"thumbnailUrl\":\"https:\\\/\\\/www.backwinkel.de\\\/blog\\\/wp-content\\\/uploads\\\/2024\\\/09\\\/Unweltschutz-heroimage.jpg\",\"articleSection\":[\"Kindergarten\"],\"inLanguage\":\"de\"},{\"@type\":\"WebPage\",\"@id\":\"https:\\\/\\\/www.backwinkel.de\\\/blog\\\/fit-fuer-den-umweltschutz\\\/\",\"url\":\"https:\\\/\\\/www.backwinkel.de\\\/blog\\\/fit-fuer-den-umweltschutz\\\/\",\"name\":\"Fit f\u00fcr den Umweltschutz? | BACKWINKEL Blog\",\"isPartOf\":{\"@id\":\"https:\\\/\\\/www.backwinkel.de\\\/blog\\\/#website\"},\"primaryImageOfPage\":{\"@id\":\"https:\\\/\\\/www.backwinkel.de\\\/blog\\\/fit-fuer-den-umweltschutz\\\/#primaryimage\"},\"image\":{\"@id\":\"https:\\\/\\\/www.backwinkel.de\\\/blog\\\/fit-fuer-den-umweltschutz\\\/#primaryimage\"},\"thumbnailUrl\":\"https:\\\/\\\/www.backwinkel.de\\\/blog\\\/wp-content\\\/uploads\\\/2024\\\/09\\\/Unweltschutz-heroimage.jpg\",\"datePublished\":\"2024-09-09T07:15:42+00:00\",\"dateModified\":\"2026-04-27T06:19:01+00:00\",\"author\":{\"@id\":\"https:\\\/\\\/www.backwinkel.de\\\/blog\\\/#\\\/schema\\\/person\\\/88b842297c0e471020a66f4476633cf2\"},\"description\":\"Mit diesen 9 Tipps, Aktionsideen und Projekten machen Sie Ihre Kinder fit f\u00fcr den Umweltschutz \u00bb Jetzt lesen im BACKWINKEL-Blog\",\"breadcrumb\":{\"@id\":\"https:\\\/\\\/www.backwinkel.de\\\/blog\\\/fit-fuer-den-umweltschutz\\\/#breadcrumb\"},\"inLanguage\":\"de\",\"potentialAction\":[{\"@type\":\"ReadAction\",\"target\":[\"https:\\\/\\\/www.backwinkel.de\\\/blog\\\/fit-fuer-den-umweltschutz\\\/\"]}]},{\"@type\":\"ImageObject\",\"inLanguage\":\"de\",\"@id\":\"https:\\\/\\\/www.backwinkel.de\\\/blog\\\/fit-fuer-den-umweltschutz\\\/#primaryimage\",\"url\":\"https:\\\/\\\/www.backwinkel.de\\\/blog\\\/wp-content\\\/uploads\\\/2024\\\/09\\\/Unweltschutz-heroimage.jpg\",\"contentUrl\":\"https:\\\/\\\/www.backwinkel.de\\\/blog\\\/wp-content\\\/uploads\\\/2024\\\/09\\\/Unweltschutz-heroimage.jpg\",\"width\":1200,\"height\":628},{\"@type\":\"BreadcrumbList\",\"@id\":\"https:\\\/\\\/www.backwinkel.de\\\/blog\\\/fit-fuer-den-umweltschutz\\\/#breadcrumb\",\"itemListElement\":[{\"@type\":\"ListItem\",\"position\":1,\"name\":\"Startseite\",\"item\":\"https:\\\/\\\/blog.backwinkel.de\\\/aktuelles\\\/\"},{\"@type\":\"ListItem\",\"position\":2,\"name\":\"Fit f\u00fcr den Umweltschutz?\"}]},{\"@type\":\"WebSite\",\"@id\":\"https:\\\/\\\/www.backwinkel.de\\\/blog\\\/#website\",\"url\":\"https:\\\/\\\/www.backwinkel.de\\\/blog\\\/\",\"name\":\"BACKWINKEL Blog\",\"description\":\"f\u00fcr Lehrer, Erzieher und Eltern\",\"potentialAction\":[{\"@type\":\"SearchAction\",\"target\":{\"@type\":\"EntryPoint\",\"urlTemplate\":\"https:\\\/\\\/www.backwinkel.de\\\/blog\\\/?s={search_term_string}\"},\"query-input\":{\"@type\":\"PropertyValueSpecification\",\"valueRequired\":true,\"valueName\":\"search_term_string\"}}],\"inLanguage\":\"de\"},{\"@type\":\"Person\",\"@id\":\"https:\\\/\\\/www.backwinkel.de\\\/blog\\\/#\\\/schema\\\/person\\\/88b842297c0e471020a66f4476633cf2\",\"name\":\"admin_backwinkel\",\"url\":\"https:\\\/\\\/www.backwinkel.de\\\/blog\\\/author\\\/admin_backwinkel\\\/\"}]}<\/script>\n<!-- \/ Yoast SEO plugin. -->","yoast_head_json":{"title":"Fit f\u00fcr den Umweltschutz? | BACKWINKEL Blog","description":"Mit diesen 9 Tipps, Aktionsideen und Projekten machen Sie Ihre Kinder fit f\u00fcr den Umweltschutz \u00bb Jetzt lesen im BACKWINKEL-Blog","robots":{"index":"index","follow":"follow","max-snippet":"max-snippet:-1","max-image-preview":"max-image-preview:large","max-video-preview":"max-video-preview:-1"},"canonical":"https:\/\/www.backwinkel.de\/blog\/fit-fuer-den-umweltschutz\/","og_locale":"de_DE","og_type":"article","og_title":"Fit f\u00fcr den Umweltschutz? | BACKWINKEL Blog","og_description":"Mit diesen 9 Tipps, Aktionsideen und Projekten machen Sie Ihre Kinder fit f\u00fcr den Umweltschutz \u00bb Jetzt lesen im BACKWINKEL-Blog","og_url":"https:\/\/www.backwinkel.de\/blog\/fit-fuer-den-umweltschutz\/","og_site_name":"BACKWINKEL Blog","article_published_time":"2024-09-09T07:15:42+00:00","article_modified_time":"2026-04-27T06:19:01+00:00","og_image":[{"width":1200,"height":628,"url":"https:\/\/www.backwinkel.de\/blog\/wp-content\/uploads\/2024\/09\/Unweltschutz-heroimage.jpg","type":"image\/jpeg"}],"author":"admin_backwinkel","twitter_card":"summary_large_image","twitter_misc":{"Verfasst von":"admin_backwinkel","Gesch\u00e4tzte Lesezeit":"17\u00a0Minuten"},"schema":{"@context":"https:\/\/schema.org","@graph":[{"@type":"Article","@id":"https:\/\/www.backwinkel.de\/blog\/fit-fuer-den-umweltschutz\/#article","isPartOf":{"@id":"https:\/\/www.backwinkel.de\/blog\/fit-fuer-den-umweltschutz\/"},"author":{"name":"admin_backwinkel","@id":"https:\/\/www.backwinkel.de\/blog\/#\/schema\/person\/88b842297c0e471020a66f4476633cf2"},"headline":"Fit f\u00fcr den Umweltschutz?","datePublished":"2024-09-09T07:15:42+00:00","dateModified":"2026-04-27T06:19:01+00:00","mainEntityOfPage":{"@id":"https:\/\/www.backwinkel.de\/blog\/fit-fuer-den-umweltschutz\/"},"wordCount":6902,"image":{"@id":"https:\/\/www.backwinkel.de\/blog\/fit-fuer-den-umweltschutz\/#primaryimage"},"thumbnailUrl":"https:\/\/www.backwinkel.de\/blog\/wp-content\/uploads\/2024\/09\/Unweltschutz-heroimage.jpg","articleSection":["Kindergarten"],"inLanguage":"de"},{"@type":"WebPage","@id":"https:\/\/www.backwinkel.de\/blog\/fit-fuer-den-umweltschutz\/","url":"https:\/\/www.backwinkel.de\/blog\/fit-fuer-den-umweltschutz\/","name":"Fit f\u00fcr den Umweltschutz? | BACKWINKEL Blog","isPartOf":{"@id":"https:\/\/www.backwinkel.de\/blog\/#website"},"primaryImageOfPage":{"@id":"https:\/\/www.backwinkel.de\/blog\/fit-fuer-den-umweltschutz\/#primaryimage"},"image":{"@id":"https:\/\/www.backwinkel.de\/blog\/fit-fuer-den-umweltschutz\/#primaryimage"},"thumbnailUrl":"https:\/\/www.backwinkel.de\/blog\/wp-content\/uploads\/2024\/09\/Unweltschutz-heroimage.jpg","datePublished":"2024-09-09T07:15:42+00:00","dateModified":"2026-04-27T06:19:01+00:00","author":{"@id":"https:\/\/www.backwinkel.de\/blog\/#\/schema\/person\/88b842297c0e471020a66f4476633cf2"},"description":"Mit diesen 9 Tipps, Aktionsideen und Projekten machen Sie Ihre Kinder fit f\u00fcr den Umweltschutz \u00bb Jetzt lesen im BACKWINKEL-Blog","breadcrumb":{"@id":"https:\/\/www.backwinkel.de\/blog\/fit-fuer-den-umweltschutz\/#breadcrumb"},"inLanguage":"de","potentialAction":[{"@type":"ReadAction","target":["https:\/\/www.backwinkel.de\/blog\/fit-fuer-den-umweltschutz\/"]}]},{"@type":"ImageObject","inLanguage":"de","@id":"https:\/\/www.backwinkel.de\/blog\/fit-fuer-den-umweltschutz\/#primaryimage","url":"https:\/\/www.backwinkel.de\/blog\/wp-content\/uploads\/2024\/09\/Unweltschutz-heroimage.jpg","contentUrl":"https:\/\/www.backwinkel.de\/blog\/wp-content\/uploads\/2024\/09\/Unweltschutz-heroimage.jpg","width":1200,"height":628},{"@type":"BreadcrumbList","@id":"https:\/\/www.backwinkel.de\/blog\/fit-fuer-den-umweltschutz\/#breadcrumb","itemListElement":[{"@type":"ListItem","position":1,"name":"Startseite","item":"https:\/\/blog.backwinkel.de\/aktuelles\/"},{"@type":"ListItem","position":2,"name":"Fit f\u00fcr den Umweltschutz?"}]},{"@type":"WebSite","@id":"https:\/\/www.backwinkel.de\/blog\/#website","url":"https:\/\/www.backwinkel.de\/blog\/","name":"BACKWINKEL Blog","description":"f\u00fcr Lehrer, Erzieher und Eltern","potentialAction":[{"@type":"SearchAction","target":{"@type":"EntryPoint","urlTemplate":"https:\/\/www.backwinkel.de\/blog\/?s={search_term_string}"},"query-input":{"@type":"PropertyValueSpecification","valueRequired":true,"valueName":"search_term_string"}}],"inLanguage":"de"},{"@type":"Person","@id":"https:\/\/www.backwinkel.de\/blog\/#\/schema\/person\/88b842297c0e471020a66f4476633cf2","name":"admin_backwinkel","url":"https:\/\/www.backwinkel.de\/blog\/author\/admin_backwinkel\/"}]}},"_links":{"self":[{"href":"https:\/\/www.backwinkel.de\/blog\/wp-json\/wp\/v2\/posts\/15045","targetHints":{"allow":["GET"]}}],"collection":[{"href":"https:\/\/www.backwinkel.de\/blog\/wp-json\/wp\/v2\/posts"}],"about":[{"href":"https:\/\/www.backwinkel.de\/blog\/wp-json\/wp\/v2\/types\/post"}],"author":[{"embeddable":true,"href":"https:\/\/www.backwinkel.de\/blog\/wp-json\/wp\/v2\/users\/1"}],"replies":[{"embeddable":true,"href":"https:\/\/www.backwinkel.de\/blog\/wp-json\/wp\/v2\/comments?post=15045"}],"version-history":[{"count":2,"href":"https:\/\/www.backwinkel.de\/blog\/wp-json\/wp\/v2\/posts\/15045\/revisions"}],"predecessor-version":[{"id":19010,"href":"https:\/\/www.backwinkel.de\/blog\/wp-json\/wp\/v2\/posts\/15045\/revisions\/19010"}],"wp:featuredmedia":[{"embeddable":true,"href":"https:\/\/www.backwinkel.de\/blog\/wp-json\/wp\/v2\/media\/15182"}],"wp:attachment":[{"href":"https:\/\/www.backwinkel.de\/blog\/wp-json\/wp\/v2\/media?parent=15045"}],"wp:term":[{"taxonomy":"category","embeddable":true,"href":"https:\/\/www.backwinkel.de\/blog\/wp-json\/wp\/v2\/categories?post=15045"},{"taxonomy":"post_tag","embeddable":true,"href":"https:\/\/www.backwinkel.de\/blog\/wp-json\/wp\/v2\/tags?post=15045"}],"curies":[{"name":"wp","href":"https:\/\/api.w.org\/{rel}","templated":true}]}}