{"id":14524,"date":"2024-08-12T09:15:42","date_gmt":"2024-08-12T07:15:42","guid":{"rendered":"https:\/\/www.backwinkel.de\/blog\/?p=14524"},"modified":"2026-01-13T13:43:22","modified_gmt":"2026-01-13T12:43:22","slug":"eingewoehnung","status":"publish","type":"post","link":"https:\/\/www.backwinkel.de\/blog\/eingewoehnung\/","title":{"rendered":"Eingew\u00f6hnung"},"content":{"rendered":"\n<style type=\"text\/css\" data-created_by=\"avia_inline_auto\" id=\"style-css-av-8vdv8-f7e0dae999cc49bc529a70f67b346526\">\n.flex_column.av-8vdv8-f7e0dae999cc49bc529a70f67b346526{\nborder-radius:0px 0px 0px 0px;\npadding:0px 0px 0px 0px;\n}\n<\/style>\n<div  class='flex_column av-8vdv8-f7e0dae999cc49bc529a70f67b346526 av_one_full  avia-builder-el-0  el_before_av_three_fifth  avia-builder-el-first  first flex_column_div av-zero-column-padding  '     ><p>\n<style type=\"text\/css\" data-created_by=\"avia_inline_auto\" id=\"style-css-av-jl6mo8rj-605eccf9df0dce9c3ffb6a57636da99d\">\n#top .hr.hr-invisible.av-jl6mo8rj-605eccf9df0dce9c3ffb6a57636da99d{\nmargin-top:0px;\nheight:1px;\n}\n<\/style>\n<div  class='hr av-jl6mo8rj-605eccf9df0dce9c3ffb6a57636da99d hr-invisible  avia-builder-el-1  el_before_av_heading  avia-builder-el-first '><span class='hr-inner '><span class=\"hr-inner-style\"><\/span><\/span><\/div><br \/>\n\n<style type=\"text\/css\" data-created_by=\"avia_inline_auto\" id=\"style-css-av-27gdg7-a0d84be9af92f257402111e29fe2fda7\">\n#top .av-special-heading.av-27gdg7-a0d84be9af92f257402111e29fe2fda7{\npadding-bottom:10px;\n}\nbody .av-special-heading.av-27gdg7-a0d84be9af92f257402111e29fe2fda7 .av-special-heading-tag .heading-char{\nfont-size:25px;\n}\n.av-special-heading.av-27gdg7-a0d84be9af92f257402111e29fe2fda7 .av-subheading{\nfont-size:15px;\n}\n<\/style>\n<div  class='av-special-heading av-27gdg7-a0d84be9af92f257402111e29fe2fda7 av-special-heading-h1 blockquote modern-quote  avia-builder-el-2  el_after_av_hr  el_before_av_post_metadata  av-linked-heading'><h1 class='av-special-heading-tag '  >Eingew\u00f6hnung: So klappt der Start in Kindergarten und Kita reibungslos <\/h1><div class='av-subheading av-subheading_below'><p class=\"autorenname\">Elisa Morel<\/p>\n<\/div><div class=\"special-heading-border\"><div class=\"special-heading-inner-border\"><\/div><\/div><\/div><br \/>\n\n<style type=\"text\/css\" data-created_by=\"avia_inline_auto\" id=\"style-css-av-av_post_metadata-1259ba8e4f0236bf7b58ae0dfcdf0388\">\n#top .av-post-metadata-container.av-av_post_metadata-1259ba8e4f0236bf7b58ae0dfcdf0388{\nfont-size:12px;\n}\n#top .av-post-metadata-container.av-av_post_metadata-1259ba8e4f0236bf7b58ae0dfcdf0388 .av-post-metadata-container-inner{\nfont-size:12px;\n}\n<\/style>\n<div  class='av-post-metadata-container av-av_post_metadata-1259ba8e4f0236bf7b58ae0dfcdf0388 av-metadata-container-align-left  avia-builder-el-3  el_after_av_heading  el_before_av_textblock  av-metadata-container-1'><div class='av-post-metadata-container-inner'><span class=\"av-post-metadata-content av-post-metadata-meta-content\"><span class=\"av-post-metadata-content av-post-metadata-published\"><span class=\"av-metadata-before av-metadata-before-published\">Ver\u00f6ffentlicht:<\/span><span class=\"av-post-metadata-published-date\" >12. August 2024<\/span><\/span><span class=\"av-post-metadata-content av-post-metadata-separator\">\/<\/span><span class=\"av-post-metadata-content av-post-metadata-modified\"><span class=\"av-metadata-before av-metadata-before-modified\">Zuletzt aktualisiert:<\/span><span class=\"av-post-metadata-modified-date\" >13. Januar 2026<\/span><\/span><\/span><\/div><\/div><br \/>\n\n<style type=\"text\/css\" data-created_by=\"avia_inline_auto\" id=\"style-css-av-jkuubohz-bbd292769511b836e32d8da8e9450d9c\">\n#top .av_textblock_section.av-jkuubohz-bbd292769511b836e32d8da8e9450d9c .avia_textblock{\nfont-size:20px;\n}\n<\/style>\n<section  class='av_textblock_section av-jkuubohz-bbd292769511b836e32d8da8e9450d9c '  ><div class='avia_textblock' ><p>Der erste Tag im Kindergarten ist ein wichtiger Meilenstein im Leben eines Kleinkindes \u2013 und die ersten Tage in einer neuen Umgebung k\u00f6nnen aufregend, aber auch be\u00e4ngstigend sein.<\/p>\n<\/div><\/section><br \/>\n\n<style type=\"text\/css\" data-created_by=\"avia_inline_auto\" id=\"style-css-av-jkuuo5h6-992898ecb16788558f05a5c5e22b6c49\">\n.avia-image-container.av-jkuuo5h6-992898ecb16788558f05a5c5e22b6c49 img.avia_image{\nbox-shadow:none;\n}\n.avia-image-container.av-jkuuo5h6-992898ecb16788558f05a5c5e22b6c49 .av-image-caption-overlay-center{\ncolor:#ffffff;\n}\n<\/style>\n<div  class='avia-image-container av-jkuuo5h6-992898ecb16788558f05a5c5e22b6c49 av-styling- avia-align-center  avia-builder-el-5  el_after_av_textblock  el_before_av_hr '  ><div class=\"avia-image-container-inner\"><div class=\"avia-image-overlay-wrap\"><img decoding=\"async\" fetchpriority=\"high\" class='wp-image-14570 avia-img-lazy-loading-not-14570 avia_image ' src=\"https:\/\/www.backwinkel.de\/blog\/wp-content\/uploads\/2024\/08\/Eingewoehnung-heroimage.jpg\" alt='' title='Eingewoehnung-heroimage'  height=\"628\" width=\"1200\"  \/><\/div><\/div><\/div><br \/>\n\n<style type=\"text\/css\" data-created_by=\"avia_inline_auto\" id=\"style-css-av-jl6mo8rj-22-7487f0754a981739ab003e89aabaa170\">\n#top .hr.hr-invisible.av-jl6mo8rj-22-7487f0754a981739ab003e89aabaa170{\nheight:5px;\n}\n<\/style>\n<div  class='hr av-jl6mo8rj-22-7487f0754a981739ab003e89aabaa170 hr-invisible  avia-builder-el-6  el_after_av_image  el_before_av_textblock '><span class='hr-inner '><span class=\"hr-inner-style\"><\/span><\/span><\/div><br \/>\n\n<style type=\"text\/css\" data-created_by=\"avia_inline_auto\" id=\"style-css-av-jl7ql86y-0004168ca5c1e8188cabe38926610bb2\">\n#top .av_textblock_section.av-jl7ql86y-0004168ca5c1e8188cabe38926610bb2 .avia_textblock{\nfont-size:10px;\n}\n<\/style>\n<section  class='av_textblock_section av-jl7ql86y-0004168ca5c1e8188cabe38926610bb2 '  ><div class='avia_textblock' ><p class=\"bildnennung-beitrag\" style=\"text-align: left;\">\u00a9 ADOBE Stock<\/p>\n<\/div><\/section><br \/>\n\n<style type=\"text\/css\" data-created_by=\"avia_inline_auto\" id=\"style-css-av-jl6mo8rj-20-0a5ac640218ac986cc09276001136948\">\n#top .hr.hr-invisible.av-jl6mo8rj-20-0a5ac640218ac986cc09276001136948{\nheight:20px;\n}\n<\/style>\n<div  class='hr av-jl6mo8rj-20-0a5ac640218ac986cc09276001136948 hr-invisible  avia-builder-el-8  el_after_av_textblock  el_before_av_textblock '><span class='hr-inner '><span class=\"hr-inner-style\"><\/span><\/span><\/div><br \/>\n<section  class='av_textblock_section av-jkuubohz-21-75c91343a207bf8690976a030a515e24 '  ><div class='avia_textblock' ><p>Damit das Kind sich m\u00f6glichst gut in seiner neuen Umgebung einlebt, ist eine sensible Eingew\u00f6hnung unerl\u00e4sslich. Obwohl es mehrere g\u00e4ngige Eingew\u00f6hnungsmodelle gibt, ist jede Transition individuell und oft auch eine Herausforderung f\u00fcr alle Beteiligten.<\/p>\n<p>In diesem Beitrag erfahren Sie, welche Vorteile eine gelungene Eingew\u00f6hnung hat, welche sechs Modelle es gibt und mit welchen Tipps bzw. Tricks f\u00fcr Eltern und Fachkr\u00e4fte die Eingew\u00f6hnung am besten klappt.<\/p>\n<\/div><\/section><\/p><\/div>\n<style type=\"text\/css\" data-created_by=\"avia_inline_auto\" id=\"style-css-av-swqf9-6bb490ea0cbb171c9d159bb967226129\">\n.flex_column.av-swqf9-6bb490ea0cbb171c9d159bb967226129{\nborder-radius:0px 0px 0px 0px;\npadding:20px 20px 20px 20px;\nbackground-color:#f2f2f2;\n}\n<\/style>\n<div  class='flex_column av-swqf9-6bb490ea0cbb171c9d159bb967226129 av_three_fifth  avia-builder-el-10  el_after_av_one_full  el_before_av_two_fifth  first flex_column_div  column-top-margin'     ><style type=\"text\/css\" data-created_by=\"avia_inline_auto\" id=\"style-css-av-jkuua5r2-f1beb4b164a3aefc9a751750d41d5b8e\">\n#top .av_textblock_section.av-jkuua5r2-f1beb4b164a3aefc9a751750d41d5b8e .avia_textblock{\nfont-size:14px;\n}\n<\/style>\n<section  class='av_textblock_section av-jkuua5r2-f1beb4b164a3aefc9a751750d41d5b8e '  ><div class='avia_textblock' ><p><strong>Inhalt<\/strong><\/p>\n<p><strong><a href=\"#1\">1. Warum ist eine gute Eingew\u00f6hnung wichtig?<\/a><\/strong><\/p>\n<p><strong><a href=\"#2\">2. Inwieweit beeinflusst das Alter des Kindes die Eingew\u00f6hnung?<\/a><\/strong><\/p>\n<p><strong><a href=\"#3\">3. Welche verschiedenen Modelle zur Eingew\u00f6hnung gibt es?<\/a><br \/>\n<\/strong>3.1. Das Berliner Eingew\u00f6hnungsmodell<br \/>\n3.2. Das M\u00fcnchener Eingew\u00f6hnungsmodell<br \/>\n3.3. Das T\u00fcbinger Eingew\u00f6hnungsmodell<br \/>\n3.4. Das Partizipatorische Eingew\u00f6hnungsmodell<br \/>\n3.5. Die kultursensible Eingew\u00f6hnung<br \/>\n3.6. Die bed\u00fcrfnisorientierte Eingew\u00f6hnung<\/p>\n<p><strong><a href=\"#4\">4. Tipps und Tricks f\u00fcr eine gelungene Eingew\u00f6hnung<\/a><br \/>\n<\/strong>4.1. 7 Tipps f\u00fcr p\u00e4dagogische Fachkr\u00e4fte<br \/>\n4.2. 9 Tipps f\u00fcr Eltern<\/p>\n<p><strong><a href=\"#5\">5. Was tun, wenn die Eingew\u00f6hnung gar nicht klappt<\/a><\/strong><\/p>\n<\/div><\/section><\/div><\/p>\n\n<style type=\"text\/css\" data-created_by=\"avia_inline_auto\" id=\"style-css-av-2532d-6e1ea05e25305745634c0a02c87dc827\">\n.flex_column.av-2532d-6e1ea05e25305745634c0a02c87dc827{\nborder-radius:0px 0px 0px 0px;\npadding:0 0 0 0;\n}\n<\/style>\n<div  class='flex_column av-2532d-6e1ea05e25305745634c0a02c87dc827 av_two_fifth  avia-builder-el-12  el_after_av_three_fifth  el_before_av_sidebar  flex_column_div av-zero-column-padding  column-top-margin'     ><\/div>\n<div  class='avia-builder-widget-area clearfix  avia-builder-el-13  el_after_av_two_fifth  el_before_av_one_full '><div id=\"text-33\" class=\"widget clearfix widget_text\">\t\t\t<div class=\"textwidget\"><p><a href=\"https:\/\/www.backwinkel.de\/nachhaltig-denken\/\" target=\"\\_blank\" rel=\"noopener\"><br \/>\n<img decoding=\"async\" class=\"werbung-desktop alignnone wp-image-4186 size-full\" src=\"https:\/\/www.backwinkel.de\/blog\/wp-content\/uploads\/2026\/04\/Backwinkel-blog-werbebanner-shop-kita-schule_desktop.jpg\" alt=\"\" width=\"1251\" height=\"201\" \/><br \/>\n<\/a><br \/>\n<a href=\"https:\/\/www.backwinkel.de\/nachhaltig-denken\/\" target=\"\\_blank\" rel=\"noopener\"><br \/>\n<img decoding=\"async\" class=\"werbung-mobile alignnone wp-image-4187 size-full\" src=\"https:\/\/www.backwinkel.de\/blog\/wp-content\/uploads\/2026\/04\/Backwinkel-blog-werbebanner-shop-kiga-schule_mobile.jpg\" alt=\"\" width=\"550\" height=\"500\" \/><br \/>\n<\/a><\/p>\n<\/div>\n\t\t<\/div><\/div>\n\n<style type=\"text\/css\" data-created_by=\"avia_inline_auto\" id=\"style-css-av-hh5al-9c53459d093ff912fcc98cf97e19d753\">\n.flex_column.av-hh5al-9c53459d093ff912fcc98cf97e19d753{\nborder-radius:0px 0px 0px 0px;\npadding:0px 0px 0px 0px;\n}\n<\/style>\n<div  class='flex_column av-hh5al-9c53459d093ff912fcc98cf97e19d753 av_one_full  avia-builder-el-14  el_after_av_sidebar  el_before_av_one_full  first flex_column_div av-zero-column-padding  '     ><section  class='av_textblock_section av-jkuul0eg-c8007ced910eec869d85a4d2f40b896b '  ><div class='avia_textblock' >\n<style type=\"text\/css\" data-created_by=\"avia_inline_auto\" id=\"style-css-av-7c7r8-1ad3209b7b9ea9c60cc97e362d76ea5e\">\n#top .hr.hr-invisible.av-7c7r8-1ad3209b7b9ea9c60cc97e362d76ea5e{\nheight:20px;\n}\n<\/style>\n<div  class='hr av-7c7r8-1ad3209b7b9ea9c60cc97e362d76ea5e hr-invisible  avia-builder-el-16  avia-builder-el-no-sibling '><span class='hr-inner '><span class=\"hr-inner-style\"><\/span><\/span><\/div>\n<h2 id=\"1\" class=\"position\"><strong>Warum ist eine gute Eingew\u00f6hnung in der Kita wichtig? <\/strong><\/h2>\n<p>Eine gelungene Kita-Eingew\u00f6hnung hat <strong>viele Vorteile<\/strong>, und gl\u00fccklicherweise ist es heute nicht mehr so, dass die Eltern ihr Kind am ersten Tag in der Einrichtung einfach abgeben und gehen.<br \/>\nDer Kita-Besuch an sich ist wichtig f\u00fcr die <strong>Entwicklung<\/strong>, <strong>F\u00f6rderung<\/strong> und <strong>Sozialisation<\/strong> des Kindes und bereitet in vielerlei Hinsicht auch auf das sp\u00e4tere (Schul-)Leben vor. Da Kinder \u00fcber Jahre einen betr\u00e4chtlichen Teil ihrer Zeit in der Kita verbringen, sollten sie nat\u00fcrlich auch gern dorthin gehen. Die nachstehende Grafik fasst die Vorteile einer guten Eingew\u00f6hnung anschaulich zusammen.<\/p>\n<\/div><\/section><\/div>\n\n<style type=\"text\/css\" data-created_by=\"avia_inline_auto\" id=\"style-css-av-p3wkyi-f0d4e08c671c142b004e5f807ce5c1be\">\n.flex_column.av-p3wkyi-f0d4e08c671c142b004e5f807ce5c1be{\nborder-radius:0px 0px 0px 0px;\npadding:0 0 0 0;\n}\n<\/style>\n<div  class='flex_column av-p3wkyi-f0d4e08c671c142b004e5f807ce5c1be av_one_full  avia-builder-el-17  el_after_av_one_full  el_before_av_hr  first flex_column_div av-zero-column-padding  column-top-margin'     ><style type=\"text\/css\" data-created_by=\"avia_inline_auto\" id=\"style-css-av-ltmuo20b-fdf82aee8976ad7762e4c6320786bcd3\">\n#top .avia-gallery.av-ltmuo20b-fdf82aee8976ad7762e4c6320786bcd3 .avia-gallery-thumb a{\nwidth:20%;\n}\n<\/style>\n<div  class='avia-gallery av-ltmuo20b-fdf82aee8976ad7762e4c6320786bcd3 avia_animate_when_visible  avia-builder-el-18  avia-builder-el-no-sibling  avia_lazyload avia-gallery-animate avia-gallery-1' ><meta itemprop=\"contentURL\" content=\"https:\/\/www.backwinkel.de\/blog\/eingewoehnung\/\"><div class='avia-gallery-thumb'><a href=\"https:\/\/www.backwinkel.de\/blog\/wp-content\/uploads\/2024\/08\/Vorteile_eingewoehnung-1-scaled.jpg\" data-srcset=\"https:\/\/www.backwinkel.de\/blog\/wp-content\/uploads\/2024\/08\/Vorteile_eingewoehnung-1-scaled.jpg 2560w, https:\/\/www.backwinkel.de\/blog\/wp-content\/uploads\/2024\/08\/Vorteile_eingewoehnung-1-1536x1086.jpg 1536w\" data-sizes=\"(max-width: 1030px) 100vw, 1030px\" data-rel='gallery-1' data-prev-img='https:\/\/www.backwinkel.de\/blog\/wp-content\/uploads\/2024\/08\/Vorteile_eingewoehnung-1-scaled.jpg' class='first_thumb lightbox ' data-onclick='1' title='Vorteile_eingewoehnung'  ><img decoding=\"async\" fetchpriority=\"high\" class=\"wp-image-14645 avia-img-lazy-loading-not-14645\"   src=\"https:\/\/www.backwinkel.de\/blog\/wp-content\/uploads\/2024\/08\/Vorteile_eingewoehnung-1-scaled.jpg\" width=\"495\" height=\"350\"  title='Vorteile_eingewoehnung' alt='' srcset=\"https:\/\/www.backwinkel.de\/blog\/wp-content\/uploads\/2024\/08\/Vorteile_eingewoehnung-1-scaled.jpg 2560w, https:\/\/www.backwinkel.de\/blog\/wp-content\/uploads\/2024\/08\/Vorteile_eingewoehnung-1-1536x1086.jpg 1536w\" sizes=\"(max-width: 495px) 100vw, 495px\" \/><div class='big-prev-fake'><img decoding=\"async\" loading=\"lazy\" class=\"wp-image-14645 avia-img-lazy-loading-14645\"  width=\"495\" height=\"350\" src=\"https:\/\/www.backwinkel.de\/blog\/wp-content\/uploads\/2024\/08\/Vorteile_eingewoehnung-1-scaled.jpg\" title='Vorteile_eingewoehnung' alt='' srcset=\"https:\/\/www.backwinkel.de\/blog\/wp-content\/uploads\/2024\/08\/Vorteile_eingewoehnung-1-scaled.jpg 2560w, https:\/\/www.backwinkel.de\/blog\/wp-content\/uploads\/2024\/08\/Vorteile_eingewoehnung-1-1536x1086.jpg 1536w\" sizes=\"auto, (max-width: 495px) 100vw, 495px\" \/><\/div><\/a><\/div><\/div><\/div>\n\n<style type=\"text\/css\" data-created_by=\"avia_inline_auto\" id=\"style-css-av-jl6mo8rj-19-c6b99c38e88c4356afd3dd2078e94308\">\n#top .hr.hr-invisible.av-jl6mo8rj-19-c6b99c38e88c4356afd3dd2078e94308{\nheight:60px;\n}\n<\/style>\n<div  class='hr av-jl6mo8rj-19-c6b99c38e88c4356afd3dd2078e94308 hr-invisible  avia-builder-el-19  el_after_av_one_full  el_before_av_one_full '><span class='hr-inner '><span class=\"hr-inner-style\"><\/span><\/span><\/div>\n\n<style type=\"text\/css\" data-created_by=\"avia_inline_auto\" id=\"style-css-av-hh5al-14-9ab62d48bef4dad42629995e86fc9a6b\">\n.flex_column.av-hh5al-14-9ab62d48bef4dad42629995e86fc9a6b{\nborder-radius:0px 0px 0px 0px;\npadding:0px 0px 0px 0px;\n}\n<\/style>\n<div  class='flex_column av-hh5al-14-9ab62d48bef4dad42629995e86fc9a6b av_one_full  avia-builder-el-20  el_after_av_hr  el_before_av_one_full  first flex_column_div av-zero-column-padding  '     ><section  class='av_textblock_section av-jkuul0eg-16-0f4eb731ff2c8658d8eacfe30b563c9e '  ><div class='avia_textblock' ><h2 id=\"2\" class=\"position\"><strong>Inwieweit beeinflusst das Alter des Kindes die Eingew\u00f6hnung?<\/strong><\/h2>\n<p>Generell gelingt die Eingew\u00f6hnung leichter, je j\u00fcnger das Kind ist, da sich mit fortschreitendem Alter seine Bindung an die Eltern festigt. Das hei\u00dft nat\u00fcrlich nicht, dass es empfehlenswert ist, sein Kind m\u00f6glichst fr\u00fch in die Kita zu bringen. Doch abh\u00e4ngig vom Alter des Kindes gibt es eben Unterschiede im Eingew\u00f6hnungsprozess.<br \/>\nGleichzeitig ben\u00f6tigen Kinder, die noch nicht laufen oder sprechen k\u00f6nnen, nat\u00fcrlich auch besondere Aufmerksamkeit.<br \/>\n\u201eJe j\u00fcnger die Kinder sind und je weniger sie \u00fcber sprachliche Werkzeuge verf\u00fcgen, desto mehr sind sie darauf angewiesen, dass es P\u00e4dagogen gibt, die sehr aufmerksam und achtsam beobachten und sich sehr viel M\u00fche geben mit der Beziehungsgestaltung.\u201c \u2013 Christine Krijeger-B\u00f6schen, Supervisorin und Fortbildnerin im Bereich Kindertagesst\u00e4tten<\/p>\n<ul>\n<li><strong>Kinder bis zu einem Alter von 10 Monaten<\/strong> haben eine weniger starke Bindung an ihre Eltern und bekommen weniger stark mit, dass sie von jemand anderem versorgt und betreut werden.<\/li>\n<li><strong>Kinder zwischen 10 und 24 Monaten<\/strong> ben\u00f6tigen bereits eine Eingew\u00f6hnung, in der die <strong>Trennungsphasen<\/strong> <strong>schrittweise<\/strong> <strong>ausgedehnt<\/strong> werden.<\/li>\n<li>Ab einem <strong>Alter von zwei Jahren<\/strong> flie\u00dfen bei der Trennung auch oft <strong>Tr\u00e4nen<\/strong> und die Eingew\u00f6hnung kann l\u00e4nger dauern.<\/li>\n<\/ul>\n<\/div><\/section><\/div>\n\n<style type=\"text\/css\" data-created_by=\"avia_inline_auto\" id=\"style-css-av-tqo482-563cab55e730537b64b079cc25aab685\">\n.flex_column.av-tqo482-563cab55e730537b64b079cc25aab685{\nborder-radius:0px 0px 0px 0px;\npadding:0px 0px 0px 0px;\n}\n<\/style>\n<div  class='flex_column av-tqo482-563cab55e730537b64b079cc25aab685 av_one_full  avia-builder-el-22  el_after_av_one_full  el_before_av_one_full  first flex_column_div av-zero-column-padding  column-top-margin'     ><section  class='av_textblock_section av-lycnzcak-7d79781ec85eedf8aca3ceafd2da7b76 '  ><div class='avia_textblock' ><h2 id=\"3\" class=\"position\"><strong>Welche verschiedenen Modelle zur Eingew\u00f6hnung im Kindergarten gibt es? <\/strong><\/h2>\n<p>Die meisten Kitas arbeiten entweder mit dem <strong>Berliner<\/strong> oder dem <strong>M\u00fcnchener Eingew\u00f6hnungsmodell<\/strong>, doch es gibt auch noch vier weitere. Daher geben wir Ihnen im Folgenden einen kurzen \u00dcberblick \u00fcber die bestehenden Konzepte.<\/p>\n<p>Alle Modelle haben gemeinsam, dass sie die <strong>Trennungsphasen schrittweise ausdehnen<\/strong>, von anfangs nur wenigen Minuten bis hin zur angestrebten Betreuungszeit. Allgemein gilt, dass sich eine gute Eingew\u00f6hnung auch auf das Kind einstellt und nicht starr das jeweilige Modell verfolgt. <strong>Flexibilit\u00e4t<\/strong> und <strong>Empathie<\/strong> sind wichtige Bestandteile eines gelungenen \u00dcbergangs.<\/p>\n<p>Die Eingew\u00f6hnung ist <strong>abgeschlossen<\/strong>, wenn das Kind sich von Ihnen als Fachkraft <strong>tr\u00f6sten<\/strong> l\u00e4sst, nachdem die Eltern gegangen sind. Wendet es sich dann nach kurzer Zeit einer Besch\u00e4ftigung zu, f\u00fchlt es sich offenbar wohl und wird k\u00fcnftig gern in den Kindergarten gehen.<\/p>\n<h3><strong>Das Berliner Eingew\u00f6hnungsmodell <\/strong><\/h3>\n<p>Das Berliner Eingew\u00f6hnungsmodell stammt aus den Achtzigern und basiert auf der <strong>Bindungstheorie<\/strong> von John Bowlby. Kerngedanke ist, dass eine Bezugsperson das Kind bei der Eingew\u00f6hnung begleitet, bis es genug Vertrauen zu einer Fachkraft aufgebaut hat. Die Eingew\u00f6hnung dauert i. d. R. <strong>6 \u2013 14 Tage<\/strong>, in einigen F\u00e4llen auch ein wenig l\u00e4nger und gliedert sich in f\u00fcnf Phasen:<\/p>\n<ol>\n<li><strong>Vorbereitungsphase<\/strong>: Kennenlernen, Informationsaustausch<\/li>\n<li><strong>Dreit\u00e4gige Grundphase<\/strong>: Die Bezugsperson verbringt ein bis zwei Stunden mit dem Kind in der Einrichtung und verh\u00e4lt sich m\u00f6glichst passiv, w\u00e4hrend die Fachkraft Kontakt zu dem Kind aufnimmt.<\/li>\n<li><strong>Erster Trennungsversuch an Tag 3 oder 4<\/strong>: Wenn sich das Kind von der Fachkraft tr\u00f6sten l\u00e4sst, endet die Trennung nach einer halben Stunde, ansonsten wird der Versuch abgebrochen. Je nach Ergebnis wird nun von einer weiteren Eingew\u00f6hnungszeit von nur einer oder zwei bis drei Wochen ausgegangen.<\/li>\n<li><strong>Stabilisierungsphase<\/strong>: Die Fachkraft \u00fcbernimmt auch Aufgaben wie F\u00fcttern und Wickeln, die Trennungszeit wird auf eine Stunde ausgedehnt.<\/li>\n<li><strong>Schlussphase<\/strong>: Nach zwei Wochen ist das Kind alleine in der Einrichtung, die Bezugsperson jedoch immer erreichbar.<\/li>\n<\/ol>\n<h3><strong>Das M\u00fcnchener Eingew\u00f6hnungsmodell <\/strong><\/h3>\n<p>Das M\u00fcnchener Eingew\u00f6hnungsmodell basiert auf <strong>Transitions- und S\u00e4uglingsforschung<\/strong> sowie der <strong>Reggiop\u00e4dagogik<\/strong>. Das Kind gestaltet die Transition aktiv mit und wird durch Bezugsperson und Fachkraft unterst\u00fctzt. Die Eingew\u00f6hnung dauert <strong>15 Tage<\/strong>, und auch hier gibt es f\u00fcnf Phasen:<\/p>\n<ol>\n<li><strong>Vorbereitungsphase<\/strong>: Organisation und Kennenlerngespr\u00e4ch<\/li>\n<li><strong>Einw\u00f6chige Kennenlernphase<\/strong>: Das Kind und seine Bezugsperson verbringen t\u00e4glich mindestens zwei Stunden bis hin zu einem halben Tag in der Einrichtung und erkundet diese gemeinsam mit dem Elternteil, w\u00e4hrend die Fachkraft im Hintergrund bleibt.<\/li>\n<li><strong>Sechst\u00e4gige Sicherheitsphase<\/strong>: Kind und Bezugsperson bleiben so lange in der Einrichtung, wie das Kind auch nach der Eingew\u00f6hnung dortbleiben soll. Die Fachkraft l\u00f6st die Bezugsperson ab und \u00fcbernimmt Betreuungsaufgaben.<\/li>\n<li><strong>Vertrauensphase<\/strong>: Das Kind baut Vertrauen zu Einrichtung, Fachkr\u00e4ften und anderen Kindern auf. Eine erste Trennung zwischen 30 und 60 Minuten findet statt, wenn das Kind positiv auf die Trennung reagiert; anschlie\u00dfend wird die Trennungszeit ausgedehnt.<\/li>\n<li><strong>Reflexionsphase<\/strong>: In einem Gespr\u00e4ch mit den Eltern wird die Eingew\u00f6hnung ausgewertet.<\/li>\n<\/ol>\n<h3><strong>Das T\u00fcbinger Eingew\u00f6hnungsmodell <\/strong><\/h3>\n<p>Das T\u00fcbinger Eingew\u00f6hnungsmodell erfolgt in <strong>Kleingruppen<\/strong> von drei bis f\u00fcnf neuen Kita-Kindern und legt somit den Fokus auf die <strong>Peerbeziehungen<\/strong> und das Kennenlernen der Kinder untereinander. Daf\u00fcr steht ein <strong>separater Raum<\/strong> zur Verf\u00fcgung, in dem sich die Kinder mit ihren Bezugspersonen und ein bis zwei Fachkr\u00e4ften aufhalten.<\/p>\n<p>Nach ein bis zwei Wochen nehmen die Kinder phasenweise am normalen Tagesablauf mit den anderen Kindern teil, in Woche drei sollen sie in den Kita-Alltag integriert werden, k\u00f6nnen sich aber jederzeit in ihren Raum zur\u00fcckziehen.<\/p>\n<p>Wenn sich alle Kinder von ihren Bezugspersonen l\u00f6sen k\u00f6nnen und Vertrauen zu einer Fachkraft aufgebaut haben, gilt die erste Eingew\u00f6hnung als abgeschlossen. Vollst\u00e4ndig eingew\u00f6hnt sind sie, sobald sie mit dem kompletten <strong>Tagesablauf<\/strong> und den neuen <strong>R\u00e4umlichkeiten<\/strong> vertraut sind.<\/p>\n<h3><strong>Das Partizipatorische Eingew\u00f6hnungsmodell <\/strong><\/h3>\n<p>Das Partizipatorische Eingew\u00f6hnungsmodell beruht nicht nur auf Bindungstheorie und Transitionsforschung, sondern bezieht auch Erkenntnisse auf <strong>Psychologie<\/strong> und <strong>Traumap\u00e4dagogik<\/strong> mit ein. Basierend auf den von Kindern und Bezugspersonen gesendeten <strong>Signalen<\/strong> erfolgt die weitere Planung der Eingew\u00f6hnung, daher kommt der Fachkraft vor allem die Aufgabe des <strong>Beobachtens<\/strong> zu, w\u00e4hrend die Bezugsperson aktiv ist.<\/p>\n<p>Eine erste Trennung findet fr\u00fchestens nach zwei Wochen statt. Einen festen Zeitplan gibt es nicht. Das Modell gliedert sich in sieben Phasen:<\/p>\n<ol>\n<li><strong>Informieren<\/strong>: Erstgespr\u00e4ch, Hospitation seitens der Eltern, Anamnese-Gespr\u00e4ch<\/li>\n<li><strong>Ankommen<\/strong>: Kind und Bezugsperson erkunden die Einrichtung und nehmen am Alltag teil.<\/li>\n<li><strong>Kontaktaufbau<\/strong>: Basierend auf ihren Beobachtungen macht die Fachkraft dem Kind passende Spielangebote.<\/li>\n<li><strong>Beziehungsaufbau<\/strong>: Sobald das Kind der Fachkraft vertraut, \u00fcbernimmt diese auch Pfleget\u00e4tigkeiten.<\/li>\n<li><strong>Wohlf\u00fchlen<\/strong>: Das Kind nimmt mit Freude und Interesse am Kita-Alltag teil; es f\u00fchlt sich sicher.<\/li>\n<li><strong>Abschied<\/strong>: Im Rahmen eines Reflexionsgespr\u00e4chs entscheiden Elternteil und Fachkraft gemeinsam \u00fcber den Zeitpunkt der ersten Trennung, indem sie auch das Verhalten des Kindes ber\u00fccksichtigen.<\/li>\n<li><strong>Alltag<\/strong>: Bei einer Trennung ohne Protest seitens des Kindes integriert sich das Kind aktiv in die Abl\u00e4ufe und die Trennungszeit wird nach und nach verl\u00e4ngert.<\/li>\n<\/ol>\n<h3><strong>Die kultursensible Eingew\u00f6hnung <\/strong><\/h3>\n<p>Bei einer kultursensiblen Einrichtung gehen die Fachkr\u00e4fte individuell auf die <strong>kulturelle Pr\u00e4gung<\/strong> der Familie ein. Das hei\u00dft auch, dass dieses Modell nicht davon ausgeht, dass jedes Kind eine enge Bezugsperson hat und eine Trennung somit zwangsl\u00e4ufig eine Herausforderung darstellt. Der Fokus liegt auf den <strong>Erfahrungen des Kindes<\/strong> mit seiner kulturbedingten Betreuung.<\/p>\n<h3><strong>Die bed\u00fcrfnisorientierte Eingew\u00f6hnung <\/strong><\/h3>\n<p>Die bed\u00fcrfnisorientierte Eingew\u00f6hnung ist wie das Partizipatorische Modell interdisziplin\u00e4r und vereint Erkenntnisse aus Bindungs- und Transitionsforschung, Psychotraumatologie, Achtsamkeitsforschung, Neurowissenschaft und Gewaltfreier Kommunikation.<\/p>\n<p>Es gibt keinen speziellen Ablauf oder Zeitrahmen; die Eingew\u00f6hnung fokussiert sich auf die Gef\u00fchle und <strong>Bed\u00fcrfnisse aller Beteiligten<\/strong> (Kind, Bezugsperson, Fachkraft) und ber\u00fccksichtigt auch <strong>Temperament<\/strong>, <strong>Neurodivergenzen<\/strong>, <strong>Interessen<\/strong> und <strong>kulturelle Hintergr\u00fcnde<\/strong>. Alle gestalten den Prozess aktiv mit. Da jeder Mensch anders ist, kann eine erste Trennung nach wenigen Tagen oder erst nach einem Monat erfolgen.<\/p>\n<\/div><\/section><\/div>\n\n<style type=\"text\/css\" data-created_by=\"avia_inline_auto\" id=\"style-css-av-5vgein6-110eca1722cb2d5ee508fc6852af404a\">\n.flex_column.av-5vgein6-110eca1722cb2d5ee508fc6852af404a{\nborder-radius:0px 0px 0px 0px;\npadding:0px 0px 0px 0px;\n}\n<\/style>\n<div  class='flex_column av-5vgein6-110eca1722cb2d5ee508fc6852af404a av_one_full  avia-builder-el-24  el_after_av_one_full  el_before_av_one_full  first flex_column_div av-zero-column-padding  column-top-margin'     ><section  class='av_textblock_section av-ly73056a-3b6a6b8255253c9bce52b0f4964228be '  ><div class='avia_textblock' >\n<style type=\"text\/css\" data-created_by=\"avia_inline_auto\" id=\"style-css-av-irxq5e-919e4ce30dbe918866e0082c260aa414\">\n#top .hr.hr-invisible.av-irxq5e-919e4ce30dbe918866e0082c260aa414{\nheight:20px;\n}\n<\/style>\n<div  class='hr av-irxq5e-919e4ce30dbe918866e0082c260aa414 hr-invisible  avia-builder-el-26  avia-builder-el-no-sibling '><span class='hr-inner '><span class=\"hr-inner-style\"><\/span><\/span><\/div>\n<h2 id=\"4\" class=\"position\"><strong>Tipps und Tricks f\u00fcr eine gelungene Eingew\u00f6hnung in der Kita<\/strong><\/h2>\n<p>Jede Eingew\u00f6hnung ist so <strong>individuell<\/strong> wie das Kind. Trotzdem gibt es nat\u00fcrlich einige Tipps, mit denen die <strong>Transition<\/strong> besser, schneller und entspannter gelingt. Daher haben wir ein paar Ideen zusammengestellt, die sowohl Ihnen als auch den Eltern eines neuen Kita-Kindes helfen, die Eingew\u00f6hnung angenehm zu gestalten.<\/p>\n<h3><strong>7 Tipps f\u00fcr p\u00e4dagogische Fachkr\u00e4fte <\/strong><\/h3>\n<p>Wahrscheinlich haben Sie schon viele erfolgreiche Eingew\u00f6hnungen gemeistert. Trotzdem bleibt jede Eingew\u00f6hnungsphase eine Herausforderung, die auch f\u00fcr das Kind und dessen Eltern nicht immer einfach ist. Keinem Elternteil f\u00e4llt es leicht, sich von seinem Kind zu trennen, das deswegen vielleicht auch noch weint. F\u00fcr jedes Kind ist es schwierig, sich ohne seine Bezugspersonen und Rituale in einer neuen Umgebung mit vielen neuen Gesichtern zurechtzufinden.<\/p>\n<ol>\n<li>\n<h4>Tauschen Sie sich mit den Eltern aus<\/h4>\n<\/li>\n<\/ol>\n<p>Und zwar sowohl im Vorfeld als auch im laufenden Prozess. Es ist Gold wert, wenn die Eltern von Anfang an ein <strong>gutes Gef\u00fchl<\/strong> haben, weil sie sich gut informiert und ernst genommen f\u00fchlen. Je entspannter die Eltern der Eingew\u00f6hnung entgegensehen, umso <strong>entspannter<\/strong> wird auch das Kind sein.<\/p>\n<\/div><\/section><\/div>\n\n<style type=\"text\/css\" data-created_by=\"avia_inline_auto\" id=\"style-css-av-4yvmv8i-e3114a44d106d7a216524243362fbd04\">\n.flex_column.av-4yvmv8i-e3114a44d106d7a216524243362fbd04{\nborder-radius:0px 0px 0px 0px;\npadding:0px 0px 0px 0px;\n}\n<\/style>\n<div  class='flex_column av-4yvmv8i-e3114a44d106d7a216524243362fbd04 av_one_full  avia-builder-el-27  el_after_av_one_full  el_before_av_one_full  first flex_column_div av-zero-column-padding  column-top-margin'     ><section  class='av_textblock_section av-ly730tix-1a072ebda3b42761694b87d9d1f3ec68 '  ><div class='avia_textblock infoboxBlue' ><p><strong>Tipp<\/strong>: Aus Erfahrung wissen Sie, welche Fragen die Eltern haben. Wenn Sie also die FAQ und deren Antworten z. B. auf Ihrer <strong>Homepage<\/strong> ver\u00f6ffentlichen, als Mail an die Eltern schicken oder sie ihnen beim pers\u00f6nlichen Kennenlernen ausgedruckt \u00fcberreichen, ersparen Sie sich eine Menge Arbeit und stellen sicher, dass die Eltern auch wissen, wie sie sich w\u00e4hrend der Eingew\u00f6hnung am besten verhalten. Einen tollen \u00dcberblick zum Thema Eingew\u00f6hnung finden Sie z. B. in der Konzeption dieser Kita: <a href=\"https:\/\/www.denk-mit.de\/de\/konzeption\/eingewoehnung\" target=\"_blank\" rel=\"noopener\">https:\/\/www.denk-mit.de\/de\/konzeption\/eingewoehnung<\/a><\/p>\n<\/div><\/section><\/div>\n\n<style type=\"text\/css\" data-created_by=\"avia_inline_auto\" id=\"style-css-av-4i2dlnm-7250f58bfc9f05bd0ac5e282a72f854e\">\n.flex_column.av-4i2dlnm-7250f58bfc9f05bd0ac5e282a72f854e{\nborder-radius:0px 0px 0px 0px;\npadding:0px 0px 0px 0px;\n}\n<\/style>\n<div  class='flex_column av-4i2dlnm-7250f58bfc9f05bd0ac5e282a72f854e av_one_full  avia-builder-el-29  el_after_av_one_full  el_before_av_one_full  first flex_column_div av-zero-column-padding  column-top-margin'     ><section  class='av_textblock_section av-ly733dvw-8d2ca54ed2bee024b533a6907ce22113 '  ><div class='avia_textblock' ><ol start=\"2\">\n<li>\n<h4>Bieten Sie ein Kennenlernen oder einen Schnuppertag an<\/h4>\n<\/li>\n<\/ol>\n<p>Wenn die zuk\u00fcnftigen Kita-Kinder schon vor dem Start die <strong>Einrichtung besuchen<\/strong>, springen sie nicht ins kalte Wasser und haben weniger Fragen und Sorgen. Au\u00dferdem ist es ja auch f\u00fcr Sie als Fachkraft von Vorteil, wenn Sie Ihre neuen Sch\u00fctzlinge vorab schon einmal kennenlernen.<\/p>\n<ol start=\"3\">\n<li>\n<h4>Nicht zu viele neue Kinder auf einmal<\/h4>\n<\/li>\n<\/ol>\n<p>Eine Eingew\u00f6hnung ist immer <strong>Mehrarbeit<\/strong> und erfordert <strong>Ruhe<\/strong> und <strong>Geduld<\/strong>. Daher sollten Sie bestenfalls nur ein Kind auf einmal eingew\u00f6hnen, denn ansonsten besteht auch die Gefahr, dass die gesamte Gruppe unruhig wird oder Sie nicht genug Zeit oder Personal f\u00fcr jedes Kind aufbringen k\u00f6nnen.<\/p>\n<ol start=\"4\">\n<li>\n<h4>Planen Sie f\u00fcr jedes Kind eine feste Bezugsperson ein<\/h4>\n<\/li>\n<\/ol>\n<p>F\u00fcr Ihr neues Kita-Kind ist gerade sowieso alles neu. Da hilft es nat\u00fcrlich nicht, wenn es sich jeden Tag auf eine andere Fachkraft einstellen muss. Sobald Sie als <strong>Bezugsperson<\/strong> das Vertrauen des Kindes gewonnen haben und es sich wohlf\u00fchlt, wird es bestimmt auch gerne den Rest Ihres Teams n\u00e4her kennenlernen wollen.<\/p>\n<ol start=\"5\">\n<li>\n<h4>Sorgen Sie f\u00fcr eine angenehme Atmosph\u00e4re<\/h4>\n<\/li>\n<\/ol>\n<p>Das sollte immer der Fall sein, ist aber vielleicht nicht immer m\u00f6glich. Besonders w\u00e4hrend der Eingew\u00f6hnung sollte es weder Personalknappheit und Spannungen innerhalb des Teams noch Hektik oder einen hohen L\u00e4rmpegel geben. Planen Sie die Eingew\u00f6hnungsphasen also nach M\u00f6glichkeit nicht in einer trubeligen Zeit, wenn besondere Termine anstehen oder Sie von anderen Aufgaben besonders beansprucht werden.<\/p>\n<ol start=\"6\">\n<li>\n<h4>Haben Sie Geduld<\/h4>\n<\/li>\n<\/ol>\n<p>Wie Sie wahrscheinlich wissen, kann es immer mal wieder <strong>Stagnation<\/strong> oder <strong>R\u00fcckschritte<\/strong> geben, z. B. nach einem (langen) <strong>Wochenende<\/strong>, einer l\u00e4ngeren <strong>Krankheit<\/strong> oder auch abh\u00e4ngig von der <strong>Tagesform<\/strong> des Kindes. Das ist ganz normal und kein Grund zur Sorge \u2013 es dauert eben so lange, wie es dauert.<\/p>\n<p>Sollte die Eingew\u00f6hnung gar nicht funktionieren, weil das Kind extrem gestresst ist, sich nicht beruhigen l\u00e4sst oder die Einrichtung erst gar nicht betreten will, tauschen Sie sich mit Kollegen und Eltern aus, um die Ursache zu finden und das weitere Vorgehen zu besprechen.<\/p>\n<ol start=\"7\">\n<li>\n<h4>Machen Sie einen Schritt nach dem n\u00e4chsten<\/h4>\n<\/li>\n<\/ol>\n<p>Zu Anfang der Eingew\u00f6hnung ist ein Elternteil anwesend. Reden Sie im Beisein des Kindes mit Mutter oder Vater, damit es merkt, dass Sie eine Vertrauensperson sind. Danach nehmen Sie auch Kontakt zum Kind auf, z. B. mit einem <strong>Fingerspiel<\/strong>. Ist es interessiert an seiner Umgebung, ermutigen Sie es, (zusammen mit Vater oder Mutter) das Umfeld zu erkunden oder etwas zu spielen. Mehr zum Thema Fingerspiele lesen Sie in unserem Blog-Beitrag \u00bb<a href=\"https:\/\/www.backwinkel.de\/blog\/fingerspiele\/\" target=\"_blank\" rel=\"noopener\">Zehn Helferlein f\u00fcr Sensomotorik und Sprachentwicklung<\/a>\u00ab.<\/p>\n<p>F\u00fcr Aufgaben wie <strong>F\u00fcttern<\/strong> und <strong>Wickeln<\/strong> braucht es Zeit und Vertrauen. \u00dcberlassen Sie die T\u00e4tigkeiten also am Anfang den Eltern, w\u00e4hrend Sie selbst anwesend sind. Nach einigen Tagen \u00fcbernehmen Sie, w\u00e4hrend die Eltern dabei sind.<\/p>\n<\/div><\/section><\/div>\n\n<style type=\"text\/css\" data-created_by=\"avia_inline_auto\" id=\"style-css-av-2xykjwi-a7b0157bc9e990f21be089c76ef4d5cc\">\n.flex_column.av-2xykjwi-a7b0157bc9e990f21be089c76ef4d5cc{\nborder-radius:0px 0px 0px 0px;\npadding:0px 0px 0px 0px;\n}\n<\/style>\n<div  class='flex_column av-2xykjwi-a7b0157bc9e990f21be089c76ef4d5cc av_one_full  avia-builder-el-31  el_after_av_one_full  el_before_av_one_full  first flex_column_div av-zero-column-padding  column-top-margin'     ><section  class='av_textblock_section av-ly734maz-812c1890918ea873847fe3d72d7bb998 '  ><div class='avia_textblock infoboxGreen' ><p><strong>Tipp<\/strong>: Halten Sie die Eltern auch zwischendurch auf dem Laufenden, z. B. indem Sie Ihnen ein <strong>Bild<\/strong> ihres spielenden, entspannten Kindes schicken, nachdem es kurz zuvor beim Abschied noch geweint hat, oder <strong>kurz anrufen<\/strong>. So m\u00fcssen sich die Eltern keine Sorgen oder Vorw\u00fcrfe machen, weil sie vielleicht noch immer die herzzerrei\u00dfende Abschiedsszene vor Augen haben.<\/p>\n<\/div><\/section><\/div>\n\n<style type=\"text\/css\" data-created_by=\"avia_inline_auto\" id=\"style-css-av-2dcfqci-3961392a7a9b134b49dac2290d258901\">\n.flex_column.av-2dcfqci-3961392a7a9b134b49dac2290d258901{\nborder-radius:0px 0px 0px 0px;\npadding:0px 0px 0px 0px;\n}\n<\/style>\n<div  class='flex_column av-2dcfqci-3961392a7a9b134b49dac2290d258901 av_one_full  avia-builder-el-33  el_after_av_one_full  el_before_av_one_full  first flex_column_div av-zero-column-padding  column-top-margin'     ><section  class='av_textblock_section av-ly7355f4-0d00ceafb7b018f5470efae4b7973b49 '  ><div class='avia_textblock' ><h3><strong>9 Tipps zur Eingew\u00f6hnung f\u00fcr Eltern <\/strong><\/h3>\n<p>Auch das Verhalten und die Einstellung der Eltern sind wichtig, wenn es um die Eingew\u00f6hnung geht. Sie sollten sich idealerweise schon vor der Eingew\u00f6hnung mit dem Thema und auch der Kita befassen; darauf haben Sie als p\u00e4dagogische Fachkraft wenig Einfluss.<\/p>\n<p><strong>Der folgende Abschnitt richtet sich folglich direkt an die Eltern<\/strong>, auch wenn Sie einige Tipps an die Erziehungsberechtigten weitergeben k\u00f6nnen, um den Prozess f\u00fcr alle Beteiligten so angenehm wie m\u00f6glich zu gestalten.<\/p>\n<ol>\n<li>\n<h4>Informieren Sie sich vorab \u00fcber die Einrichtung<\/h4>\n<\/li>\n<\/ol>\n<p>Machen Sie sich im Vorfeld schlau dar\u00fcber, welches Eingew\u00f6hnungsmodell in der jeweiligen Kita praktiziert wird und stellen Sie vorab alle Fragen, die Sie haben. Sollten Sie schon fr\u00fch das Gef\u00fchl haben, dass etwas f\u00fcr Sie nicht passt, \u00fcberlegen Sie, eine andere Einrichtung zu w\u00e4hlen. Gr\u00fcnde, die daf\u00fcrsprechen k\u00f6nnen, sind z. B.:<\/p>\n<ul>\n<li>Die Fachkr\u00e4fte wirken <strong>gestresst<\/strong> oder es herrscht <strong>Personalmangel<\/strong>, sodass eine feste Bezugsperson f\u00fcr das Kind w\u00e4hrend der Eingew\u00f6hnung nicht gew\u00e4hrleistet werden kann.<\/li>\n<li>Es herrschen <strong>Antipathien<\/strong>: Sie werden beispielsweise mit einer Fachkraft nicht warm oder in der Gruppe befindet sich ein Kind, mit dem Ihr eigenes Kind gar nicht klarkommt.<\/li>\n<li>Die <strong>Kommunikation<\/strong> ist nicht zufriedenstellend.<\/li>\n<li>Die <strong>Gruppenzusammensetzung<\/strong> ist eher <strong>ung\u00fcnstig<\/strong> f\u00fcr Ihr Kind, z. B,. weil alle anderen Kinder schon ein paar Jahre \u00e4lter sind.<\/li>\n<\/ul>\n<p>Startet eine Eingew\u00f6hnung unter schlechten Voraussetzungen, wird sie sich auch schwieriger gestalten oder schlimmstenfalls gar nicht gelingen. Zudem wird es Ihnen schwerfallen, Ihrem Kind eine <strong>positive Haltung zum Kindergarten<\/strong> zu vermitteln, wenn Sie diese selbst nicht teilen.<\/p>\n<ol start=\"2\">\n<li>\n<h4>Bereiten Sie Ihr Kind auf die Kita vor<\/h4>\n<\/li>\n<\/ol>\n<p>Es gibt tolle <strong>Bilderb\u00fccher<\/strong>, die den ersten Tag im Kindergarten spannend und positiv schildern, aber auch die \u00c4ngste und Fragen der Kinder thematisieren. Beim gemeinsamen Anschauen und Vorlesen haben die Kinder au\u00dferdem die Gelegenheit, ihre eigenen Sorgen und Gedanken mitzuteilen.<\/p>\n<p>Zelebrieren Sie die <strong>Vorfreude<\/strong>: Kaufen Sie gemeinsam eine tolle Tasche und eine Brotdose mit dem Lieblingsmotiv oder schenken Sie Ihrem Kind eine Kleinigkeit, entweder zum ersten Kita-Tag oder als Belohnung beim Erreichen eines bestimmten Meilensteins in der Eingew\u00f6hnung.<\/p>\n<p>Wenn die Einrichtung einen <strong>Schnuppertag<\/strong> oder ein Kennenlernen vorab f\u00fcr die zuk\u00fcnftigen Kita-Kinder anbietet, nehmen Sie dieses Angebot wahr. Der Mensch hat vor dem Bekannten immer weniger Angst als vor v\u00f6llig neuen und somit uneinsch\u00e4tzbaren Situationen und Umgebungen.<\/p>\n<ol start=\"3\">\n<li>\n<h4>Gew\u00f6hnen Sie das Kind an andere Bezugs- und Betreuungspersonen<\/h4>\n<\/li>\n<\/ol>\n<p>Kinder, die vielleicht mal bei <strong>Freunden<\/strong> oder den <strong>Gro\u00dfeltern<\/strong> \u00fcbernachten oder stundenweise von anderen Personen als den Eltern betreut werden, f\u00fchlen sich meistens auch schneller im Kindergarten wohl. Nutzen Sie daher solche M\u00f6glichkeiten, sofern Sie sie haben.<\/p>\n<ol start=\"4\">\n<li>\n<h4>\u00dcberlegen Sie, was Sie den Fachkr\u00e4ften \u00fcber Ihr Kind mitteilen m\u00fcssen<\/h4>\n<\/li>\n<\/ol>\n<p>Gibt es <strong>Allergien<\/strong>, <strong>Unvertr\u00e4glichkeiten<\/strong>, <strong>Vorlieben<\/strong> und <strong>Abneigungen<\/strong> beim Essen? Hat Ihr Kind spezielle <strong>Gewohnheiten<\/strong>, <strong>Krankheiten<\/strong> oder <strong>Verhaltensauff\u00e4lligkeiten<\/strong>, \u00fcber die das Personal Bescheid wissen sollte? Was kann Ihr Kind schon super, was noch nicht? Gab es in der letzten Zeit <strong>Ereignisse<\/strong>, die Ihr Kind stark beeinflusst haben, ob positiv oder negativ? Welche <strong>Rituale<\/strong>, z. B. beim Wickeln, F\u00fcttern oder Einschlafen kennt das Kind?<\/p>\n<p>Notieren Sie sich alles, damit Sie im Gespr\u00e4ch nichts vergessen oder direkt ein Dokument haben, das Sie per Mail, App oder Kita-Software mit den Fachkr\u00e4ften teilen k\u00f6nnen.<\/p>\n<ol start=\"5\">\n<li>\n<h4>Geben Sie Ihrem Kind etwas Vertrautes mit in die Kita<\/h4>\n<\/li>\n<\/ol>\n<p>Das liebste <strong>Kuscheltier<\/strong>, ein kleiner <strong>Gl\u00fccksbringer<\/strong> o. \u00c4. beruhigt viele Kinder, wenn sie neu in einer fremden Umgebung sind. Fragen Sie Ihr Kind, was es gerne mitnehmen m\u00f6chte \u2013 oder \u00fcberraschen Sie es mit einem selbstgebastelten Talisman oder einem neuen Kita-Kuscheltier, das dem Kind als Gute-Nacht-Geschichte auch seine eigenen Erfahrungen schildern und seine Fragen beantworten kann.<\/p>\n<\/div><\/section><\/div>\n\n<style type=\"text\/css\" data-created_by=\"avia_inline_auto\" id=\"style-css-av-mhh94y-332ed39547d7145064cff5ca9971edd8\">\n.flex_column.av-mhh94y-332ed39547d7145064cff5ca9971edd8{\nborder-radius:0px 0px 0px 0px;\npadding:0px 0px 0px 0px;\n}\n<\/style>\n<div  class='flex_column av-mhh94y-332ed39547d7145064cff5ca9971edd8 av_one_full  avia-builder-el-35  el_after_av_one_full  el_before_av_one_full  first flex_column_div av-zero-column-padding  column-top-margin'     ><section  class='av_textblock_section av-lyco752g-be2521ba24be9105f2bc6672d8dfb5a2 '  ><div class='avia_textblock infoboxGreen' ><p><strong>Tipp<\/strong>: Sollten Sie selbst nicht kreativ genug f\u00fcr selbst erfundene Geschichten sein, probieren Sie es mal mit einer Text-KI.<\/p>\n<\/div><\/section><\/div>\n\n<style type=\"text\/css\" data-created_by=\"avia_inline_auto\" id=\"style-css-av-291glky-f63b9ea8091be5e5f7b1898b2582be81\">\n.flex_column.av-291glky-f63b9ea8091be5e5f7b1898b2582be81{\nborder-radius:0px 0px 0px 0px;\npadding:0px 0px 0px 0px;\n}\n<\/style>\n<div  class='flex_column av-291glky-f63b9ea8091be5e5f7b1898b2582be81 av_one_full  avia-builder-el-37  el_after_av_one_full  el_before_av_one_full  first flex_column_div av-zero-column-padding  column-top-margin'     ><section  class='av_textblock_section av-ly7365h8-cb551c159b28031d07f5254deb4da45a '  ><div class='avia_textblock' >\n<style type=\"text\/css\" data-created_by=\"avia_inline_auto\" id=\"style-css-av-1m4kixu-6a99550031ab8b811e91973eff7aa65b\">\n#top .hr.hr-invisible.av-1m4kixu-6a99550031ab8b811e91973eff7aa65b{\nheight:20px;\n}\n<\/style>\n<div  class='hr av-1m4kixu-6a99550031ab8b811e91973eff7aa65b hr-invisible  avia-builder-el-39  avia-builder-el-no-sibling '><span class='hr-inner '><span class=\"hr-inner-style\"><\/span><\/span><\/div>\n<p>Die Aufforderung \u201eErz\u00e4hle mir eine Geschichte f\u00fcr meinen zweij\u00e4hrigen Sohn, in der das kleine Kamel Kara von seinem ersten Tag im Kindergarten erz\u00e4hlt\u201c, ergibt bei <strong>TalkAI<\/strong> (ChatGPT, ohne Registrierung in vielen Sprachen nutzbar) z. B. folgendes Ergebnis:<\/p>\n<p>\u00bbEs war Karas erster Tag im Kindergarten und sie war sehr aufgeregt. Sie hatte ihre Tasche mit ihren Lieblingsspielsachen gepackt und war bereit, neue Freunde kennenzulernen. Als sie die T\u00fcr zur Kindergartengruppe \u00f6ffnete, sah sie viele andere Tiere, die schon miteinander spielten.<\/p>\n<p>Kara war zuerst etwas sch\u00fcchtern, aber dann kam eine freundliche Giraffe auf sie zu und stellte sich als Lisa vor. Sie nahm Kara an die Hand und zeigte ihr die verschiedenen Spielbereiche im Kindergarten. Zusammen spielten sie im Sandkasten, malten bunte Bilder und sangen lustige Lieder.<\/p>\n<p>Kara merkte schnell, dass sie sich im Kindergarten sehr wohl f\u00fchlte. Sie hatte so viel Spa\u00df mit den anderen Kindern und verga\u00df ganz ihre anf\u00e4ngliche Aufregung. Am Ende des Tages, als ihre Mama sie abholte, sagte Kara strahlend: \u201eIch liebe den Kindergarten! Ich habe so viele neue Freunde gefunden und freue mich schon auf morgen.\u201c Und so endete der erste Tag von Kara im Kindergarten gl\u00fccklich und voller Vorfreude auf die Abenteuer, die sie dort erleben w\u00fcrde.\u00ab (Quelle: <a href=\"https:\/\/talkai.info\/de\/\" target=\"_blank\" rel=\"noopener\">https:\/\/talkai.info\/de\/<\/a>)<\/p>\n<ol start=\"6\">\n<li>\n<h4>Planen Sie gen\u00fcgend Zeit ein<\/h4>\n<\/li>\n<\/ol>\n<p>Oft gelingt die Eingew\u00f6hnung innerhalb weniger Wochen, doch manchmal kann es auch anderthalb Monate dauern. Planen Sie also nicht zu knapp, damit Sie nicht selbst in Zeitdruck geraten. F\u00fcr Ihr Kind bedeutet es zus\u00e4tzlichen Stress, wenn Sie z. B. wieder arbeiten m\u00fcssen und die Gro\u00dfmutter die Eingew\u00f6hnung \u00fcbernehmen muss.<\/p>\n<p>Au\u00dferdem ist es wichtig, dass der Zeitpunkt mit Bedacht gew\u00e4hlt ist. Steht z. B. gerade ein <strong>Umzug<\/strong> an oder gibt es eine <strong>famili\u00e4re Krise<\/strong>, sollten Sie die Eingew\u00f6hnung verschieben, denn sie gelingt am besten, wenn das Kind entspannt ist und sich auf seine vertrauten Routinen verlassen kann.<\/p>\n<ol start=\"7\">\n<li>\n<h4>Haben Sie Vertrauen<\/h4>\n<\/li>\n<\/ol>\n<p>Ihr Kind ist in guten H\u00e4nden, denn die p\u00e4dagogischen Fachkr\u00e4fte verstehen ihr Metier. Dass in der Kita andere Abl\u00e4ufe \u00fcblich sind als bei Ihnen zu Hause, versteht sich von selbst. Und w\u00e4hrend es f\u00fcr Ihr Kind, vielleicht auch f\u00fcr Sie selbst als Eltern die erste Eingew\u00f6hnung ist, haben die Kita-Mitarbeiter <strong>jahrelange Erfahrung<\/strong>.<\/p>\n<p>Gleichzeitig ist es f\u00fcr die Entwicklung der Kinder wichtig, die Trennung von ihren Eltern zu meistern. Dadurch wachsen <strong>Resilienz<\/strong> und <strong>Selbstbewusstsein<\/strong>, um auch zuk\u00fcnftigen neuen und vielleicht erst einmal unangenehmen Situationen mutig entgegenzutreten.<\/p>\n<ol start=\"8\">\n<li>\n<h4>Kommunizieren Sie offen mit allen Beteiligten<\/h4>\n<\/li>\n<\/ol>\n<p>Dazu geh\u00f6ren nicht nur die <strong>Mitarbeiter<\/strong> im Kindergarten, sondern nat\u00fcrlich auch <strong>Ihr Kind<\/strong>. Fragen Sie Ihren Sohn oder Ihre Tochter also regelm\u00e4\u00dfig, wie die Zeit im Kindergarten war, was Ihr Kind dort gemacht hat, was es toll oder doof fand und warum. Oft offenbaren sich so vermeintliche Probleme, die Sie schnell l\u00f6sen k\u00f6nnen.<\/p>\n<p>Auch der Austausch mit den Fachkr\u00e4ften ist nicht nur wichtig, sondern manchmal auch erhellend, denn vielleicht unterscheidet sich Ihre eigene Wahrnehmung deutlich von deren Eindr\u00fccken und Beobachtungen.<\/p>\n<ol start=\"9\">\n<li>\n<h4>Vermeiden Sie lange Abschiedsszenen<\/h4>\n<\/li>\n<\/ol>\n<p>Sagen Sie Ihrem Kind vorher, wann Sie es wieder abholen, z. B. \u201enach dem Fr\u00fchst\u00fcck\u201c oder \u201enachdem ihr drau\u00dfen gespielt habt\u201c, und verlassen Sie nach einer kurzen liebevollen <strong>Umarmung<\/strong> oder einem anderen <strong>kleinen Ritual<\/strong> den Raum.<\/p>\n<p>Wenn Ihnen das nicht leichtf\u00e4llt, <strong>reflektieren Sie Ihre eigenen Gef\u00fchle<\/strong>: Sind vielleicht Sie selbst es, der sich nicht trennen will? So etwas sp\u00fcren Kinder nat\u00fcrlich, sodass sie sich auch nicht trennen wollen. Klammert sich das Kind an sie und l\u00e4sst sich gar nicht beruhigen, ist die Zeit f\u00fcr eine Trennung vielleicht noch nicht reif \u2013 vertrauen Sie auch an dieser Stelle den Fachkr\u00e4ften in ihrer Einsch\u00e4tzung.<\/p>\n<\/div><\/section><\/div>\n\n<style type=\"text\/css\" data-created_by=\"avia_inline_auto\" id=\"style-css-av-m8uh0c-de31d11ca620331a4c4ed7d38ef0c440\">\n.flex_column.av-m8uh0c-de31d11ca620331a4c4ed7d38ef0c440{\nborder-radius:0px 0px 0px 0px;\npadding:0px 0px 0px 0px;\n}\n<\/style>\n<div  class='flex_column av-m8uh0c-de31d11ca620331a4c4ed7d38ef0c440 av_one_full  avia-builder-el-40  el_after_av_one_full  el_before_av_one_full  first flex_column_div av-zero-column-padding  column-top-margin'     ><section  class='av_textblock_section av-lzcizkz9-3f2bcbd4ea20c251e53ed0104c58ee84 '  ><div class='avia_textblock infoboxBlue' ><p><strong>Tipp<\/strong>: Wenn Sie selbst die engste Bezugsperson des Kindes sind, kann es von Vorteil sein, wenn Ihr Partner oder Ihre Partnerin die Eingew\u00f6hnung \u00fcbernimmt. Das lindert eventuell nicht nur den Abschiedsschmerz Ihres Kindes, sondern auch Ihren eigenen.<\/p>\n<\/div><\/section><\/div>\n\n<style type=\"text\/css\" data-created_by=\"avia_inline_auto\" id=\"style-css-av-148m31e-1274cef20952ee0b23cfd50ff66f210a\">\n.flex_column.av-148m31e-1274cef20952ee0b23cfd50ff66f210a{\nborder-radius:0px 0px 0px 0px;\npadding:0px 0px 0px 0px;\n}\n<\/style>\n<div  class='flex_column av-148m31e-1274cef20952ee0b23cfd50ff66f210a av_one_full  avia-builder-el-42  el_after_av_one_full  el_before_av_one_full  first flex_column_div av-zero-column-padding  column-top-margin'     ><section  class='av_textblock_section av-ly736p6n-394894099a12f8bcc00c513e4927157c '  ><div class='avia_textblock' >\n<style type=\"text\/css\" data-created_by=\"avia_inline_auto\" id=\"style-css-av-l65ajm-c6c683dd9580f57f7df7b21d2089f8aa\">\n#top .hr.hr-invisible.av-l65ajm-c6c683dd9580f57f7df7b21d2089f8aa{\nheight:20px;\n}\n<\/style>\n<div  class='hr av-l65ajm-c6c683dd9580f57f7df7b21d2089f8aa hr-invisible  avia-builder-el-44  avia-builder-el-no-sibling '><span class='hr-inner '><span class=\"hr-inner-style\"><\/span><\/span><\/div>\n<h2 id=\"5\" class=\"position\"><strong>Was tun, wenn die Eingew\u00f6hnung gar nicht klappt? <\/strong><\/h2>\n<p>In seltenen F\u00e4llen leidet das Kind zu sehr, als dass die Eingew\u00f6hnung fortgesetzt werden sollte. Die Gr\u00fcnde daf\u00fcr k\u00f6nnen vielf\u00e4ltig sein \u2013 <strong>Trennungsangst<\/strong>, ausgepr\u00e4gte <strong>Sch\u00fcchternheit<\/strong>, bereits gemachte <strong>negative Erfahrungen<\/strong> usw.<\/p>\n<p>Dann ist es sinnvoll, die Eingew\u00f6hnung abzubrechen und es zu einem sp\u00e4teren Zeitpunkt noch einmal zu versuchen; vielleicht auch in einer anderen Einrichtung. Denn wenn das Kind die Zeit im Kindergarten l\u00e4ngerfristig als negativ empfindet, sind das nat\u00fcrlich keine guten Voraussetzungen \u2013 weder f\u00fcr den Besuch einer Kita noch f\u00fcr die gelungene Entwicklung und den Umgang mit sp\u00e4teren Ver\u00e4nderungen oder Herausforderungen. Tauschen Sie sich \u00fcber Ihren Eindruck im Team sowie mit den Eltern aus und fragen Sie auch das Kind. Anschlie\u00dfend \u00fcberlegen Sie gemeinsam, welches weitere Vorgehen am sinnvollsten ist.<\/p>\n<\/div><\/section><\/div>\n\n<style type=\"text\/css\" data-created_by=\"avia_inline_auto\" id=\"style-css-av-10f53lo-aced08c020c07260ab34a7e93aefb9a9\">\n.flex_column.av-10f53lo-aced08c020c07260ab34a7e93aefb9a9{\nborder-radius:0px 0px 0px 0px;\npadding:0px 0px 0px 0px;\n}\n<\/style>\n<div  class='flex_column av-10f53lo-aced08c020c07260ab34a7e93aefb9a9 av_one_full  avia-builder-el-45  el_after_av_one_full  el_before_av_one_full  first flex_column_div av-zero-column-padding  column-top-margin'     ><section  class='av_textblock_section av-lzb3ryd4-228278204dc5b9c1fbf7625d17157ed7 '  ><div class='avia_textblock' >\n<style type=\"text\/css\" data-created_by=\"avia_inline_auto\" id=\"style-css-av-s0t6m4-8b1d51306eed7b186b967e042900f42f\">\n#top .hr.hr-invisible.av-s0t6m4-8b1d51306eed7b186b967e042900f42f{\nheight:20px;\n}\n<\/style>\n<div  class='hr av-s0t6m4-8b1d51306eed7b186b967e042900f42f hr-invisible  avia-builder-el-47  avia-builder-el-no-sibling '><span class='hr-inner '><span class=\"hr-inner-style\"><\/span><\/span><\/div>\n<h2 id=\"4\" class=\"position\"><strong>Auch interessant<\/strong>:<\/h2>\n<p><a href=\"https:\/\/www.backwinkel.de\/blog\/fingerspiele\/\" target=\"_blank\" rel=\"noopener\">Fingerspiele: Zehn Helferlein f\u00fcr Sensomotorik und Sprachentwicklung<\/a><\/p>\n<p><a href=\"https:\/\/www.backwinkel.de\/blog\/partizipation-in-kindergarten-und-kita\/\" target=\"_blank\" rel=\"noopener\">Partizipation in Kindergarten und Kita: Methoden zur Umsetzung des Kinderrechts auf Beteiligung<\/a><\/p>\n<p><a href=\"https:\/\/www.backwinkel.de\/blog\/portfolio-kindergarten\/\" target=\"_blank\" rel=\"noopener\">Selbstbewusste Entwicklung im Portfolio: So setzen Sie die Portfolioarbeit in Kindergarten und Krippe konkret um<\/a><\/p>\n<p><a href=\"https:\/\/www.backwinkel.de\/blog\/spielen-ist-lernen\/\" target=\"_blank\" rel=\"noopener\">Spielen ist Lernen. Darum bereitet das Kinderspiel in der Kita den Weg f\u00fcr eine erfolgreiche Bildung<\/a><\/p>\n<p><a href=\"https:\/\/www.backwinkel.de\/cat\/kindergartenbedarf\/\" target=\"_blank\" rel=\"noopener\">Kindergarten &amp; Spielen<\/a><\/p>\n<\/div><\/section><\/div>\n\n<style type=\"text\/css\" data-created_by=\"avia_inline_auto\" id=\"style-css-av-jley1l06-be8863a15e87d33f314fbd4b76b14014\">\n.flex_column.av-jley1l06-be8863a15e87d33f314fbd4b76b14014{\nborder-radius:0px 0px 0px 0px;\npadding:10px 10px 10px 10px;\nbackground-color:#f2f2f2;\n}\n<\/style>\n<div  class='flex_column av-jley1l06-be8863a15e87d33f314fbd4b76b14014 av_one_full  avia-builder-el-48  el_after_av_one_full  el_before_av_one_full  first flex_column_div  column-top-margin'     ><section  class='av_textblock_section av-jkuvcso3-5-5c6860626657f0ec318095798effdcc6 '  ><div class='avia_textblock' ><p class=\"fussnoten-quellen\"><strong>Lesestoff: <\/strong><\/p>\n<p>Gelungener Kita-Start: So meisterst du die Eingew\u00f6hnung!, 18.12.2023:<br \/>\n<a href=\"https:\/\/deinekita.de\/wissen\/eingewoehnung\" target=\"_blank\" rel=\"noopener\">https:\/\/deinekita.de\/wissen\/eingewoehnung<\/a><\/p>\n<p>Die Eingew\u00f6hnung in die Kita: Ablauf &amp; Hinweise:<br \/>\n<a href=\"https:\/\/www.kinderinfo.de\/kind\/eingewoehnung-kita\/#Kita-Eingewoehnung-Das-Muenchener-Modell\" target=\"_blank\" rel=\"noopener\">https:\/\/www.kinderinfo.de\/kind\/eingewoehnung-kita\/#Kita-Eingewoehnung-Das-Muenchener-Modell<\/a><\/p>\n<p>Lea: Die Eingew\u00f6hnungsmodelle im \u00dcberblick, 28.03.2023:<br \/>\n<a href=\"https:\/\/beduerfnisorientierte-paedagogik.de\/die-eingewoehnungsmodelle-im-ueberblick\" target=\"_blank\" rel=\"noopener\">https:\/\/beduerfnisorientierte-paedagogik.de\/die-eingewoehnungsmodelle-im-ueberblick<\/a><\/p>\n<p>Berliner Eingew\u00f6hnungsmodell: Ein guter Kita-Start in 5 Phasen, 11.11.2022:<br \/>\n<a href=\"https:\/\/www.pro-kita.com\/padagogik\/berliner-eingewoehnungsmodell-5-phasen\/\" target=\"_blank\" rel=\"noopener\">https:\/\/www.pro-kita.com\/padagogik\/berliner-eingewoehnungsmodell-5-phasen\/<\/a><\/p>\n<p>Eingew\u00f6hnung in die Kita: Erfolgreicher \u00dcbergang in die Fremdbetreuung:<br \/>\n<a href=\"https:\/\/www.prokita-portal.de\/bildungsbereiche-entwicklungsziele-kita\/eingewoehnung-kita\/\" target=\"_blank\" rel=\"noopener\">https:\/\/www.prokita-portal.de\/bildungsbereiche-entwicklungsziele-kita\/eingewoehnung-kita\/<\/a><\/p>\n<p>Eingew\u00f6hnung in der Kita: Praxis-Tipps f\u00fcr Erzieher und Eltern, 07.11.2022:<br \/>\n<a href=\"https:\/\/www.pro-kita.com\/padagogik\/kindergarten\/eingewoehnung-in-der-kita-praxis-tipps-fuer-erzieher-und-eltern\/\" target=\"_blank\" rel=\"noopener\">https:\/\/www.pro-kita.com\/padagogik\/kindergarten\/eingewoehnung-in-der-kita-praxis-tipps-fuer-erzieher-und-eltern\/<\/a><\/p>\n<p>M\u00fcnchener Eingew\u00f6hnungsmodell: Guter Kita-Start in 5 Schritten, 11.11.2022:<br \/>\n<a href=\"https:\/\/www.pro-kita.com\/padagogik\/muenchner-eingewoehnungsmodell-5-phasen\/\" target=\"_blank\" rel=\"noopener\">https:\/\/www.pro-kita.com\/padagogik\/muenchner-eingewoehnungsmodell-5-phasen\/<\/a><\/p>\n<p>S. Ralf-Ingo: Eingew\u00f6hnung in der Krippe: Tipps f\u00fcr die Eingew\u00f6hnungszeit, 26.01.2024:<br \/>\n<a href=\"https:\/\/www.kita.de\/wissen\/eingewoehnung-krippe\/\" target=\"_blank\" rel=\"noopener\">https:\/\/www.kita.de\/wissen\/eingewoehnung-krippe\/<\/a><\/p>\n<\/div><\/section><\/div>\n\n<style type=\"text\/css\" data-created_by=\"avia_inline_auto\" id=\"style-css-av-4a8f13-8282735e1a69d4252a8ab107757df204\">\n.flex_column.av-4a8f13-8282735e1a69d4252a8ab107757df204{\nborder-radius:0px 0px 0px 0px;\npadding:10px 10px 10px 10px;\n}\n<\/style>\n<div  class='flex_column av-4a8f13-8282735e1a69d4252a8ab107757df204 av_one_full  avia-builder-el-50  el_after_av_one_full  el_before_av_one_full  first flex_column_div  column-top-margin'     ><section  class='av_textblock_section av-2ibyo7-105f90c883c0b4406936f8076e5ba294 '  ><div class='avia_textblock' ><p class=\"copyright\"><strong>\u00a9 Copyright \u2013 Urheberrechtshinweis<\/strong><br \/>\nAlle Inhalte auf www.backwinkel.de sowie www.backwinkel.de\/blog, insbesondere Texte, Fotografien und Grafiken, sind urheberrechtlich gesch\u00fctzt.<br \/>\nDas Urheberrecht liegt, soweit nicht ausdr\u00fccklich anders gekennzeichnet, bei der BACKWINKEL GmbH. Bitte fragen Sie uns, falls Sie die Inhalte dieses Internetangebotes verwenden m\u00f6chten.<br \/>\nWer gegen das Urheberrecht verst\u00f6\u00dft (z. B. Bilder oder Texte unerlaubt kopiert), macht sich gem. \u00a7\u00a7 106 ff UrhG strafbar, wird zudem kostenpflichtig abgemahnt und muss Schadensersatz leisten (\u00a7 97 UrhG).<\/p>\n<\/div><\/section><\/div>\n\n<style type=\"text\/css\" data-created_by=\"avia_inline_auto\" id=\"style-css-av-1p82t-b0e9719fe6c67aa5c6d1abf813961e55\">\n.flex_column.av-1p82t-b0e9719fe6c67aa5c6d1abf813961e55{\nborder-radius:0px 0px 0px 0px;\npadding:0px 0px 0px 0px;\n}\n<\/style>\n<div  class='flex_column av-1p82t-b0e9719fe6c67aa5c6d1abf813961e55 av_one_full  avia-builder-el-52  el_after_av_one_full  avia-builder-el-last  first flex_column_div av-zero-column-padding  column-top-margin'     ><p><section  class='av_textblock_section av-jlp4hxqo-91baaad30cd61f89630d15f8561d1750 '  ><div class='avia_textblock' ><div class=\"shariff shariff-align-left shariff-widget-align-left\"><ul class=\"shariff-buttons theme-color orientation-horizontal buttonsize-medium\"><li class=\"shariff-button whatsapp shariff-nocustomcolor\" style=\"background-color:#5cbe4a\"><a href=\"https:\/\/api.whatsapp.com\/send?text=https%3A%2F%2Fwww.backwinkel.de%2Fblog%2Feingewoehnung%2F%20Eingew%C3%B6hnung\" title=\"Bei Whatsapp teilen\" aria-label=\"Bei Whatsapp teilen\" role=\"button\" rel=\"noopener nofollow\" class=\"shariff-link\" style=\"; background-color:#34af23; color:#fff\" target=\"_blank\"><span class=\"shariff-icon\" style=\"\"><svg width=\"32px\" height=\"20px\" xmlns=\"http:\/\/www.w3.org\/2000\/svg\" viewBox=\"0 0 32 32\"><path fill=\"#34af23\" d=\"M17.6 17.4q0.2 0 1.7 0.8t1.6 0.9q0 0.1 0 0.3 0 0.6-0.3 1.4-0.3 0.7-1.3 1.2t-1.8 0.5q-1 0-3.4-1.1-1.7-0.8-3-2.1t-2.6-3.3q-1.3-1.9-1.3-3.5v-0.1q0.1-1.6 1.3-2.8 0.4-0.4 0.9-0.4 0.1 0 0.3 0t0.3 0q0.3 0 0.5 0.1t0.3 0.5q0.1 0.4 0.6 1.6t0.4 1.3q0 0.4-0.6 1t-0.6 0.8q0 0.1 0.1 0.3 0.6 1.3 1.8 2.4 1 0.9 2.7 1.8 0.2 0.1 0.4 0.1 0.3 0 1-0.9t0.9-0.9zM14 26.9q2.3 0 4.3-0.9t3.6-2.4 2.4-3.6 0.9-4.3-0.9-4.3-2.4-3.6-3.6-2.4-4.3-0.9-4.3 0.9-3.6 2.4-2.4 3.6-0.9 4.3q0 3.6 2.1 6.6l-1.4 4.2 4.3-1.4q2.8 1.9 6.2 1.9zM14 2.2q2.7 0 5.2 1.1t4.3 2.9 2.9 4.3 1.1 5.2-1.1 5.2-2.9 4.3-4.3 2.9-5.2 1.1q-3.5 0-6.5-1.7l-7.4 2.4 2.4-7.2q-1.9-3.2-1.9-6.9 0-2.7 1.1-5.2t2.9-4.3 4.3-2.9 5.2-1.1z\"\/><\/svg><\/span><span class=\"shariff-text\">teilen<\/span>&nbsp;<\/a><\/li><li class=\"shariff-button facebook shariff-nocustomcolor\" style=\"background-color:#4273c8\"><a href=\"https:\/\/www.facebook.com\/sharer\/sharer.php?u=https%3A%2F%2Fwww.backwinkel.de%2Fblog%2Feingewoehnung%2F\" title=\"Bei Facebook teilen\" aria-label=\"Bei Facebook teilen\" role=\"button\" rel=\"nofollow\" class=\"shariff-link\" style=\"; background-color:#3b5998; color:#fff\" target=\"_blank\"><span class=\"shariff-icon\" style=\"\"><svg width=\"32px\" height=\"20px\" xmlns=\"http:\/\/www.w3.org\/2000\/svg\" viewBox=\"0 0 18 32\"><path fill=\"#3b5998\" d=\"M17.1 0.2v4.7h-2.8q-1.5 0-2.1 0.6t-0.5 1.9v3.4h5.2l-0.7 5.3h-4.5v13.6h-5.5v-13.6h-4.5v-5.3h4.5v-3.9q0-3.3 1.9-5.2t5-1.8q2.6 0 4.1 0.2z\"\/><\/svg><\/span><span class=\"shariff-text\">teilen<\/span>&nbsp;<\/a><\/li><li class=\"shariff-button twitter shariff-nocustomcolor\" style=\"background-color:#595959\"><a href=\"https:\/\/twitter.com\/share?url=https%3A%2F%2Fwww.backwinkel.de%2Fblog%2Feingewoehnung%2F&text=Eingew%C3%B6hnung\" title=\"Bei X teilen\" aria-label=\"Bei X teilen\" role=\"button\" rel=\"noopener nofollow\" class=\"shariff-link\" style=\"; background-color:#000; color:#fff\" target=\"_blank\"><span class=\"shariff-icon\" style=\"\"><svg width=\"32px\" height=\"20px\" xmlns=\"http:\/\/www.w3.org\/2000\/svg\" viewBox=\"0 0 24 24\"><path fill=\"#000\" d=\"M14.258 10.152L23.176 0h-2.113l-7.747 8.813L7.133 0H0l9.352 13.328L0 23.973h2.113l8.176-9.309 6.531 9.309h7.133zm-2.895 3.293l-.949-1.328L2.875 1.56h3.246l6.086 8.523.945 1.328 7.91 11.078h-3.246zm0 0\"\/><\/svg><\/span><span class=\"shariff-text\">teilen<\/span>&nbsp;<\/a><\/li><li class=\"shariff-button pinterest shariff-nocustomcolor\" style=\"background-color:#e70f18\"><a href=\"https:\/\/www.pinterest.com\/pin\/create\/link\/?url=https%3A%2F%2Fwww.backwinkel.de%2Fblog%2Feingewoehnung%2F&media=https%3A%2F%2Fwww.backwinkel.de%2Fblog%2Fwp-content%2Fuploads%2F2024%2F08%2FEingewoehnung-heroimage.jpg&description=Eingew%C3%B6hnung\" title=\"Bei Pinterest pinnen\" aria-label=\"Bei Pinterest pinnen\" role=\"button\" rel=\"noopener nofollow\" class=\"shariff-link\" style=\"; background-color:#cb2027; color:#fff\" target=\"_blank\"><span class=\"shariff-icon\" style=\"\"><svg width=\"32px\" height=\"20px\" xmlns=\"http:\/\/www.w3.org\/2000\/svg\" viewBox=\"0 0 27 32\"><path fill=\"#cb2027\" d=\"M27.4 16q0 3.7-1.8 6.9t-5 5-6.9 1.9q-2 0-3.9-0.6 1.1-1.7 1.4-2.9 0.2-0.6 1-3.8 0.4 0.7 1.3 1.2t2 0.5q2.1 0 3.8-1.2t2.7-3.4 0.9-4.8q0-2-1.1-3.8t-3.1-2.9-4.5-1.2q-1.9 0-3.5 0.5t-2.8 1.4-2 2-1.2 2.3-0.4 2.4q0 1.9 0.7 3.3t2.1 2q0.5 0.2 0.7-0.4 0-0.1 0.1-0.5t0.2-0.5q0.1-0.4-0.2-0.8-0.9-1.1-0.9-2.7 0-2.7 1.9-4.6t4.9-2q2.7 0 4.2 1.5t1.5 3.8q0 3-1.2 5.2t-3.1 2.1q-1.1 0-1.7-0.8t-0.4-1.9q0.1-0.6 0.5-1.7t0.5-1.8 0.2-1.4q0-0.9-0.5-1.5t-1.4-0.6q-1.1 0-1.9 1t-0.8 2.6q0 1.3 0.4 2.2l-1.8 7.5q-0.3 1.2-0.2 3.2-3.7-1.6-6-5t-2.3-7.6q0-3.7 1.9-6.9t5-5 6.9-1.9 6.9 1.9 5 5 1.8 6.9z\"\/><\/svg><\/span><span class=\"shariff-text\">merken<\/span>&nbsp;<\/a><\/li><li class=\"shariff-button mailto shariff-nocustomcolor\" style=\"background-color:#a8a8a8\"><a href=\"mailto:?body=https%3A%2F%2Fwww.backwinkel.de%2Fblog%2Feingewoehnung%2F&subject=Eingew%C3%B6hnung\" title=\"Per E-Mail versenden\" aria-label=\"Per E-Mail versenden\" role=\"button\" rel=\"noopener nofollow\" class=\"shariff-link\" style=\"; background-color:#999; color:#fff\"><span class=\"shariff-icon\" style=\"\"><svg width=\"32px\" height=\"20px\" xmlns=\"http:\/\/www.w3.org\/2000\/svg\" viewBox=\"0 0 32 32\"><path fill=\"#999\" d=\"M32 12.7v14.2q0 1.2-0.8 2t-2 0.9h-26.3q-1.2 0-2-0.9t-0.8-2v-14.2q0.8 0.9 1.8 1.6 6.5 4.4 8.9 6.1 1 0.8 1.6 1.2t1.7 0.9 2 0.4h0.1q0.9 0 2-0.4t1.7-0.9 1.6-1.2q3-2.2 8.9-6.1 1-0.7 1.8-1.6zM32 7.4q0 1.4-0.9 2.7t-2.2 2.2q-6.7 4.7-8.4 5.8-0.2 0.1-0.7 0.5t-1 0.7-0.9 0.6-1.1 0.5-0.9 0.2h-0.1q-0.4 0-0.9-0.2t-1.1-0.5-0.9-0.6-1-0.7-0.7-0.5q-1.6-1.1-4.7-3.2t-3.6-2.6q-1.1-0.7-2.1-2t-1-2.5q0-1.4 0.7-2.3t2.1-0.9h26.3q1.2 0 2 0.8t0.9 2z\"\/><\/svg><\/span><span class=\"shariff-text\">E-Mail<\/span>&nbsp;<\/a><\/li><\/ul><\/div>\n<\/div><\/section><br \/>\n<div  class='tabcontainer av-jlq8shhr-81242121e684ca07ed7e4b689c7d9116 top_tab  avia-builder-el-54  el_after_av_textblock  el_before_av_hr '>\n<section class='av_tab_section av_tab_section av-4w8jsn-bbdf9e923dedb1db49ad7c5dc47ef632' ><div id='tab-id-1-tab' class='tab active_tab' role='tab' aria-selected=\"true\" tabindex=\"0\" data-fake-id='#tab-id-1' aria-controls='tab-id-1-content' >Das BACKWINKEL-Blog-Team:<\/div><div id='tab-id-1-content' class='tab_content active_tab_content' role='tabpanel' aria-labelledby='tab-id-1-tab' aria-hidden=\"false\"><div class='tab_inner_content invers-color' ><p>Gibts auch ein Gesicht hinter dem BACKWINKEL-Blog? Nat\u00fcrlich. Sogar f\u00fcnf \ud83d\ude0a. Wir \u2013 Lukas, Marvin und Tatjana \u2013 bespielen unseren Blog im LACHEN LEBEN LERNEN-Firmensitz in Hattingen.<br \/>\nLukas kennt Onlinemarketing wie seine Westentasche, w\u00e4hrend Marvin unseren Beitr\u00e4gen den passenden gestalterischen Rahmen gibt und Tatjana mit dem gr\u00fcnen Korrekturstift alles pr\u00fcfend be\u00e4ugt, was unsere Freelancerautorinnen Elisa und Christine (und gern auch Gastautoren) aus der Ferne f\u00fcr den BACKWINKEL-Blog nach ordentlicher Recherche schreiben.<br \/>\nGemeinsam suchen wir st\u00e4ndig nach neuen, aufregenden Themen rund um das Thema Bildung im Kiga, der Schule und zu Hause. Und weil Sie da an der Quelle sitzen, freuen wir uns auf Ihre konstruktiven R\u00fcckmeldungen und Anregungen an blog[@]backwinkel.de<br \/>\nViel Spa\u00df beim LACHEN LESEN LERNEN!<\/p>\n<\/div><\/div><\/section>\n<\/div><br \/>\n\n<style type=\"text\/css\" data-created_by=\"avia_inline_auto\" id=\"style-css-av-jkuvdh82-b6ea5d9aca5d02d0d62bf300de93e492\">\n#top .hr.av-jkuvdh82-b6ea5d9aca5d02d0d62bf300de93e492{\nmargin-top:10px;\nmargin-bottom:10px;\n}\n.hr.av-jkuvdh82-b6ea5d9aca5d02d0d62bf300de93e492 .hr-inner{\nwidth:500;\n}\n<\/style>\n<div  class='hr av-jkuvdh82-b6ea5d9aca5d02d0d62bf300de93e492 hr-custom  avia-builder-el-55  el_after_av_tab_container  el_before_av_heading  hr-left hr-icon-no'><span class='hr-inner inner-border-av-border-thin'><span class=\"hr-inner-style\"><\/span><\/span><\/div><br \/>\n\n<style type=\"text\/css\" data-created_by=\"avia_inline_auto\" id=\"style-css-av-2rgq8p-eea5960d1a3bca7958b11dcc59b35b67\">\n#top .av-special-heading.av-2rgq8p-eea5960d1a3bca7958b11dcc59b35b67{\npadding-bottom:10px;\n}\nbody .av-special-heading.av-2rgq8p-eea5960d1a3bca7958b11dcc59b35b67 .av-special-heading-tag .heading-char{\nfont-size:25px;\n}\n.av-special-heading.av-2rgq8p-eea5960d1a3bca7958b11dcc59b35b67 .av-subheading{\nfont-size:15px;\n}\n<\/style>\n<div  class='av-special-heading av-2rgq8p-eea5960d1a3bca7958b11dcc59b35b67 av-special-heading-h3 blockquote modern-quote  avia-builder-el-56  el_after_av_hr  el_before_av_blog '><h3 class='av-special-heading-tag '  >PASSENDE BEITR\u00c4GE<\/h3><div class=\"special-heading-border\"><div class=\"special-heading-inner-border\"><\/div><\/div><\/div><br \/>\n<div  data-slideshow-options=\"{&quot;animation&quot;:&quot;fade&quot;,&quot;autoplay&quot;:false,&quot;loop_autoplay&quot;:&quot;once&quot;,&quot;interval&quot;:5,&quot;loop_manual&quot;:&quot;manual-endless&quot;,&quot;autoplay_stopper&quot;:false,&quot;noNavigation&quot;:false,&quot;show_slide_delay&quot;:90}\" class='avia-content-slider avia-content-grid-active avia-content-slider1 avia-content-slider-odd  avia-builder-el-57  el_after_av_heading  avia-builder-el-last  av-slideshow-ui av-control-default   av-no-slider-navigation av-slideshow-manual av-loop-once av-loop-manual-endless ' ><div class=\"avia-content-slider-inner\"><div class=\"slide-entry-wrap\"><article class='slide-entry flex_column  post-entry post-entry-18633 slide-entry-overview slide-loop-1 slide-parity-odd  av_one_third first real-thumbnail posttype-post post-format-standard' ><a href='https:\/\/www.backwinkel.de\/blog\/plastik-recyceln\/' data-rel='slide-1' class='slide-image' title='Plastik recyceln'><img decoding=\"async\" fetchpriority=\"high\" width=\"1200\" height=\"628\" src=\"https:\/\/www.backwinkel.de\/blog\/wp-content\/uploads\/2026\/04\/04_Kiga_Plastik_nachhaltig_nutzen.jpg\" class=\"wp-image-18713 avia-img-lazy-loading-not-18713 attachment-no scaling size-no scaling wp-post-image\" alt=\"\" \/><\/a><div class=\"slide-content\"><header class=\"entry-content-header\" aria-label=\"Slide: Plastik recyceln\"><h3 class='slide-entry-title entry-title ' ><a href='https:\/\/www.backwinkel.de\/blog\/plastik-recyceln\/' title='Plastik recyceln'>Plastik recyceln<\/a><\/h3><span class=\"blog-categories minor-meta\"><a href=\"https:\/\/www.backwinkel.de\/blog\/category\/kindergarten-kita\/\" rel=\"tag\">Kindergarten<\/a> <\/span><span class=\"av-vertical-delimiter\"><\/span><\/header><div class='slide-entry-excerpt entry-content' >Biokunststoff f\u00fcr St\u00fchle, Materialboxen, Spielzeug und Rucks\u00e4cke<\/div><\/div><footer class=\"entry-footer\"><div class=\"slide-meta\"><time class='slide-meta-time updated' >14. April 2026<\/time><\/div><\/footer><\/article><article class='slide-entry flex_column  post-entry post-entry-18716 slide-entry-overview slide-loop-2 slide-parity-even  av_one_third  real-thumbnail posttype-post post-format-standard' ><a href='https:\/\/www.backwinkel.de\/blog\/rechnen-im-anfangsunterricht\/' data-rel='slide-1' class='slide-image' title='Rechnen im Anfangsunterricht'><img decoding=\"async\" fetchpriority=\"high\" width=\"1200\" height=\"628\" src=\"https:\/\/www.backwinkel.de\/blog\/wp-content\/uploads\/2026\/04\/04_Schule_Rechnen_anfangsunterricht.jpg\" class=\"wp-image-18748 avia-img-lazy-loading-not-18748 attachment-no scaling size-no scaling wp-post-image\" alt=\"\" \/><\/a><div class=\"slide-content\"><header class=\"entry-content-header\" aria-label=\"Slide: Rechnen im Anfangsunterricht\"><h3 class='slide-entry-title entry-title ' ><a href='https:\/\/www.backwinkel.de\/blog\/rechnen-im-anfangsunterricht\/' title='Rechnen im Anfangsunterricht'>Rechnen im Anfangsunterricht<\/a><\/h3><span class=\"blog-categories minor-meta\"><a href=\"https:\/\/www.backwinkel.de\/blog\/category\/schule-grundschule\/\" rel=\"tag\">Schule<\/a> <\/span><span class=\"av-vertical-delimiter\"><\/span><\/header><div class='slide-entry-excerpt entry-content' >Das Klassenzimmer als Lernlandschaft<\/div><\/div><footer class=\"entry-footer\"><div class=\"slide-meta\"><time class='slide-meta-time updated' >14. April 2026<\/time><\/div><\/footer><\/article><article class='slide-entry flex_column  post-entry post-entry-18372 slide-entry-overview slide-loop-3 slide-parity-odd  post-entry-last  av_one_third  real-thumbnail posttype-post post-format-standard' ><a href='https:\/\/www.backwinkel.de\/blog\/kranke-kinder-im-kindergarten\/' data-rel='slide-1' class='slide-image' title='Kranke Kinder im Kindergarten'><img decoding=\"async\" fetchpriority=\"high\" width=\"1200\" height=\"628\" src=\"https:\/\/www.backwinkel.de\/blog\/wp-content\/uploads\/2026\/03\/03_Kiga_Kranke_Kinder.jpg\" class=\"wp-image-18451 avia-img-lazy-loading-not-18451 attachment-no scaling size-no scaling wp-post-image\" alt=\"Thema: Kranke Kinder. Auf dem Bild ist ein krankes kleines M\u00e4dchen zu sehen. Eine Frau mit einem Fieberthermometer in der Hand sitzt neben ihr und hat die Hand auf der Stirn des M\u00e4dchens.\" \/><\/a><div class=\"slide-content\"><header class=\"entry-content-header\" aria-label=\"Slide: Kranke Kinder im Kindergarten\"><h3 class='slide-entry-title entry-title ' ><a href='https:\/\/www.backwinkel.de\/blog\/kranke-kinder-im-kindergarten\/' title='Kranke Kinder im Kindergarten'>Kranke Kinder im Kindergarten<\/a><\/h3><span class=\"blog-categories minor-meta\"><a href=\"https:\/\/www.backwinkel.de\/blog\/category\/kindergarten-kita\/\" rel=\"tag\">Kindergarten<\/a> <\/span><span class=\"av-vertical-delimiter\"><\/span><\/header><div class='slide-entry-excerpt entry-content' >Auswirkungen f\u00fcr Kinder, Eltern und Fachkr\u00e4fte<\/div><\/div><footer class=\"entry-footer\"><div class=\"slide-meta\"><time class='slide-meta-time updated' >9. M\u00e4rz 2026<\/time><\/div><\/footer><\/article><\/div><\/div><\/div><\/p><\/div>\n","protected":false},"excerpt":{"rendered":"<p>Wie eine gute Eingew\u00f6hnung gelingt <\/p>\n","protected":false},"author":1,"featured_media":14570,"comment_status":"closed","ping_status":"closed","sticky":false,"template":"","format":"standard","meta":{"inline_featured_image":false,"footnotes":""},"categories":[5],"tags":[],"class_list":["post-14524","post","type-post","status-publish","format-standard","has-post-thumbnail","hentry","category-kindergarten-kita"],"yoast_head":"<!-- This site is optimized with the Yoast SEO plugin v27.4 - https:\/\/yoast.com\/product\/yoast-seo-wordpress\/ -->\n<title>Eingew\u00f6hnung in die Kita: Modelle, Tipps und Tricks | BACKWINKEL Blog<\/title>\n<meta name=\"description\" content=\"Eingew\u00f6hnung in Kindergarten &amp; Kita: welche 6 Modelle gibt es &amp; mit welchen Tipps &amp; Tricks f\u00fcr Eltern &amp; Fachkr\u00e4fte klappt es am besten? Jetzt lesen!\" \/>\n<meta name=\"robots\" content=\"index, follow, max-snippet:-1, max-image-preview:large, max-video-preview:-1\" \/>\n<link rel=\"canonical\" href=\"https:\/\/www.backwinkel.de\/blog\/eingewoehnung\/\" \/>\n<meta property=\"og:locale\" content=\"de_DE\" \/>\n<meta property=\"og:type\" content=\"article\" \/>\n<meta property=\"og:title\" content=\"Eingew\u00f6hnung in die Kita: Modelle, Tipps und Tricks | BACKWINKEL Blog\" \/>\n<meta property=\"og:description\" content=\"Eingew\u00f6hnung in Kindergarten &amp; Kita: welche 6 Modelle gibt es &amp; mit welchen Tipps &amp; Tricks f\u00fcr Eltern &amp; Fachkr\u00e4fte klappt es am besten? Jetzt lesen!\" \/>\n<meta property=\"og:url\" content=\"https:\/\/www.backwinkel.de\/blog\/eingewoehnung\/\" \/>\n<meta property=\"og:site_name\" content=\"BACKWINKEL Blog\" \/>\n<meta property=\"article:published_time\" content=\"2024-08-12T07:15:42+00:00\" \/>\n<meta property=\"article:modified_time\" content=\"2026-01-13T12:43:22+00:00\" \/>\n<meta property=\"og:image\" content=\"https:\/\/www.backwinkel.de\/blog\/wp-content\/uploads\/2024\/08\/Eingewoehnung-heroimage.jpg\" \/>\n\t<meta property=\"og:image:width\" content=\"1200\" \/>\n\t<meta property=\"og:image:height\" content=\"628\" \/>\n\t<meta property=\"og:image:type\" content=\"image\/jpeg\" \/>\n<meta name=\"author\" content=\"admin_backwinkel\" \/>\n<meta name=\"twitter:card\" content=\"summary_large_image\" \/>\n<meta name=\"twitter:label1\" content=\"Verfasst von\" \/>\n\t<meta name=\"twitter:data1\" content=\"admin_backwinkel\" \/>\n\t<meta name=\"twitter:label2\" content=\"Gesch\u00e4tzte Lesezeit\" \/>\n\t<meta name=\"twitter:data2\" content=\"23\u00a0Minuten\" \/>\n<script type=\"application\/ld+json\" class=\"yoast-schema-graph\">{\"@context\":\"https:\\\/\\\/schema.org\",\"@graph\":[{\"@type\":\"Article\",\"@id\":\"https:\\\/\\\/www.backwinkel.de\\\/blog\\\/eingewoehnung\\\/#article\",\"isPartOf\":{\"@id\":\"https:\\\/\\\/www.backwinkel.de\\\/blog\\\/eingewoehnung\\\/\"},\"author\":{\"name\":\"admin_backwinkel\",\"@id\":\"https:\\\/\\\/www.backwinkel.de\\\/blog\\\/#\\\/schema\\\/person\\\/88b842297c0e471020a66f4476633cf2\"},\"headline\":\"Eingew\u00f6hnung\",\"datePublished\":\"2024-08-12T07:15:42+00:00\",\"dateModified\":\"2026-01-13T12:43:22+00:00\",\"mainEntityOfPage\":{\"@id\":\"https:\\\/\\\/www.backwinkel.de\\\/blog\\\/eingewoehnung\\\/\"},\"wordCount\":8106,\"image\":{\"@id\":\"https:\\\/\\\/www.backwinkel.de\\\/blog\\\/eingewoehnung\\\/#primaryimage\"},\"thumbnailUrl\":\"https:\\\/\\\/www.backwinkel.de\\\/blog\\\/wp-content\\\/uploads\\\/2024\\\/08\\\/Eingewoehnung-heroimage.jpg\",\"articleSection\":[\"Kindergarten\"],\"inLanguage\":\"de\"},{\"@type\":\"WebPage\",\"@id\":\"https:\\\/\\\/www.backwinkel.de\\\/blog\\\/eingewoehnung\\\/\",\"url\":\"https:\\\/\\\/www.backwinkel.de\\\/blog\\\/eingewoehnung\\\/\",\"name\":\"Eingew\u00f6hnung in die Kita: Modelle, Tipps und Tricks | BACKWINKEL Blog\",\"isPartOf\":{\"@id\":\"https:\\\/\\\/www.backwinkel.de\\\/blog\\\/#website\"},\"primaryImageOfPage\":{\"@id\":\"https:\\\/\\\/www.backwinkel.de\\\/blog\\\/eingewoehnung\\\/#primaryimage\"},\"image\":{\"@id\":\"https:\\\/\\\/www.backwinkel.de\\\/blog\\\/eingewoehnung\\\/#primaryimage\"},\"thumbnailUrl\":\"https:\\\/\\\/www.backwinkel.de\\\/blog\\\/wp-content\\\/uploads\\\/2024\\\/08\\\/Eingewoehnung-heroimage.jpg\",\"datePublished\":\"2024-08-12T07:15:42+00:00\",\"dateModified\":\"2026-01-13T12:43:22+00:00\",\"author\":{\"@id\":\"https:\\\/\\\/www.backwinkel.de\\\/blog\\\/#\\\/schema\\\/person\\\/88b842297c0e471020a66f4476633cf2\"},\"description\":\"Eingew\u00f6hnung in Kindergarten & Kita: welche 6 Modelle gibt es & mit welchen Tipps & Tricks f\u00fcr Eltern & Fachkr\u00e4fte klappt es am besten? Jetzt lesen!\",\"breadcrumb\":{\"@id\":\"https:\\\/\\\/www.backwinkel.de\\\/blog\\\/eingewoehnung\\\/#breadcrumb\"},\"inLanguage\":\"de\",\"potentialAction\":[{\"@type\":\"ReadAction\",\"target\":[\"https:\\\/\\\/www.backwinkel.de\\\/blog\\\/eingewoehnung\\\/\"]}]},{\"@type\":\"ImageObject\",\"inLanguage\":\"de\",\"@id\":\"https:\\\/\\\/www.backwinkel.de\\\/blog\\\/eingewoehnung\\\/#primaryimage\",\"url\":\"https:\\\/\\\/www.backwinkel.de\\\/blog\\\/wp-content\\\/uploads\\\/2024\\\/08\\\/Eingewoehnung-heroimage.jpg\",\"contentUrl\":\"https:\\\/\\\/www.backwinkel.de\\\/blog\\\/wp-content\\\/uploads\\\/2024\\\/08\\\/Eingewoehnung-heroimage.jpg\",\"width\":1200,\"height\":628},{\"@type\":\"BreadcrumbList\",\"@id\":\"https:\\\/\\\/www.backwinkel.de\\\/blog\\\/eingewoehnung\\\/#breadcrumb\",\"itemListElement\":[{\"@type\":\"ListItem\",\"position\":1,\"name\":\"Startseite\",\"item\":\"https:\\\/\\\/blog.backwinkel.de\\\/aktuelles\\\/\"},{\"@type\":\"ListItem\",\"position\":2,\"name\":\"Eingew\u00f6hnung\"}]},{\"@type\":\"WebSite\",\"@id\":\"https:\\\/\\\/www.backwinkel.de\\\/blog\\\/#website\",\"url\":\"https:\\\/\\\/www.backwinkel.de\\\/blog\\\/\",\"name\":\"BACKWINKEL Blog\",\"description\":\"f\u00fcr Lehrer, Erzieher und Eltern\",\"potentialAction\":[{\"@type\":\"SearchAction\",\"target\":{\"@type\":\"EntryPoint\",\"urlTemplate\":\"https:\\\/\\\/www.backwinkel.de\\\/blog\\\/?s={search_term_string}\"},\"query-input\":{\"@type\":\"PropertyValueSpecification\",\"valueRequired\":true,\"valueName\":\"search_term_string\"}}],\"inLanguage\":\"de\"},{\"@type\":\"Person\",\"@id\":\"https:\\\/\\\/www.backwinkel.de\\\/blog\\\/#\\\/schema\\\/person\\\/88b842297c0e471020a66f4476633cf2\",\"name\":\"admin_backwinkel\",\"url\":\"https:\\\/\\\/www.backwinkel.de\\\/blog\\\/author\\\/admin_backwinkel\\\/\"}]}<\/script>\n<!-- \/ Yoast SEO plugin. -->","yoast_head_json":{"title":"Eingew\u00f6hnung in die Kita: Modelle, Tipps und Tricks | BACKWINKEL Blog","description":"Eingew\u00f6hnung in Kindergarten & Kita: welche 6 Modelle gibt es & mit welchen Tipps & Tricks f\u00fcr Eltern & Fachkr\u00e4fte klappt es am besten? Jetzt lesen!","robots":{"index":"index","follow":"follow","max-snippet":"max-snippet:-1","max-image-preview":"max-image-preview:large","max-video-preview":"max-video-preview:-1"},"canonical":"https:\/\/www.backwinkel.de\/blog\/eingewoehnung\/","og_locale":"de_DE","og_type":"article","og_title":"Eingew\u00f6hnung in die Kita: Modelle, Tipps und Tricks | BACKWINKEL Blog","og_description":"Eingew\u00f6hnung in Kindergarten & Kita: welche 6 Modelle gibt es & mit welchen Tipps & Tricks f\u00fcr Eltern & Fachkr\u00e4fte klappt es am besten? Jetzt lesen!","og_url":"https:\/\/www.backwinkel.de\/blog\/eingewoehnung\/","og_site_name":"BACKWINKEL Blog","article_published_time":"2024-08-12T07:15:42+00:00","article_modified_time":"2026-01-13T12:43:22+00:00","og_image":[{"width":1200,"height":628,"url":"https:\/\/www.backwinkel.de\/blog\/wp-content\/uploads\/2024\/08\/Eingewoehnung-heroimage.jpg","type":"image\/jpeg"}],"author":"admin_backwinkel","twitter_card":"summary_large_image","twitter_misc":{"Verfasst von":"admin_backwinkel","Gesch\u00e4tzte Lesezeit":"23\u00a0Minuten"},"schema":{"@context":"https:\/\/schema.org","@graph":[{"@type":"Article","@id":"https:\/\/www.backwinkel.de\/blog\/eingewoehnung\/#article","isPartOf":{"@id":"https:\/\/www.backwinkel.de\/blog\/eingewoehnung\/"},"author":{"name":"admin_backwinkel","@id":"https:\/\/www.backwinkel.de\/blog\/#\/schema\/person\/88b842297c0e471020a66f4476633cf2"},"headline":"Eingew\u00f6hnung","datePublished":"2024-08-12T07:15:42+00:00","dateModified":"2026-01-13T12:43:22+00:00","mainEntityOfPage":{"@id":"https:\/\/www.backwinkel.de\/blog\/eingewoehnung\/"},"wordCount":8106,"image":{"@id":"https:\/\/www.backwinkel.de\/blog\/eingewoehnung\/#primaryimage"},"thumbnailUrl":"https:\/\/www.backwinkel.de\/blog\/wp-content\/uploads\/2024\/08\/Eingewoehnung-heroimage.jpg","articleSection":["Kindergarten"],"inLanguage":"de"},{"@type":"WebPage","@id":"https:\/\/www.backwinkel.de\/blog\/eingewoehnung\/","url":"https:\/\/www.backwinkel.de\/blog\/eingewoehnung\/","name":"Eingew\u00f6hnung in die Kita: Modelle, Tipps und Tricks | BACKWINKEL Blog","isPartOf":{"@id":"https:\/\/www.backwinkel.de\/blog\/#website"},"primaryImageOfPage":{"@id":"https:\/\/www.backwinkel.de\/blog\/eingewoehnung\/#primaryimage"},"image":{"@id":"https:\/\/www.backwinkel.de\/blog\/eingewoehnung\/#primaryimage"},"thumbnailUrl":"https:\/\/www.backwinkel.de\/blog\/wp-content\/uploads\/2024\/08\/Eingewoehnung-heroimage.jpg","datePublished":"2024-08-12T07:15:42+00:00","dateModified":"2026-01-13T12:43:22+00:00","author":{"@id":"https:\/\/www.backwinkel.de\/blog\/#\/schema\/person\/88b842297c0e471020a66f4476633cf2"},"description":"Eingew\u00f6hnung in Kindergarten & Kita: welche 6 Modelle gibt es & mit welchen Tipps & Tricks f\u00fcr Eltern & Fachkr\u00e4fte klappt es am besten? Jetzt lesen!","breadcrumb":{"@id":"https:\/\/www.backwinkel.de\/blog\/eingewoehnung\/#breadcrumb"},"inLanguage":"de","potentialAction":[{"@type":"ReadAction","target":["https:\/\/www.backwinkel.de\/blog\/eingewoehnung\/"]}]},{"@type":"ImageObject","inLanguage":"de","@id":"https:\/\/www.backwinkel.de\/blog\/eingewoehnung\/#primaryimage","url":"https:\/\/www.backwinkel.de\/blog\/wp-content\/uploads\/2024\/08\/Eingewoehnung-heroimage.jpg","contentUrl":"https:\/\/www.backwinkel.de\/blog\/wp-content\/uploads\/2024\/08\/Eingewoehnung-heroimage.jpg","width":1200,"height":628},{"@type":"BreadcrumbList","@id":"https:\/\/www.backwinkel.de\/blog\/eingewoehnung\/#breadcrumb","itemListElement":[{"@type":"ListItem","position":1,"name":"Startseite","item":"https:\/\/blog.backwinkel.de\/aktuelles\/"},{"@type":"ListItem","position":2,"name":"Eingew\u00f6hnung"}]},{"@type":"WebSite","@id":"https:\/\/www.backwinkel.de\/blog\/#website","url":"https:\/\/www.backwinkel.de\/blog\/","name":"BACKWINKEL Blog","description":"f\u00fcr Lehrer, Erzieher und Eltern","potentialAction":[{"@type":"SearchAction","target":{"@type":"EntryPoint","urlTemplate":"https:\/\/www.backwinkel.de\/blog\/?s={search_term_string}"},"query-input":{"@type":"PropertyValueSpecification","valueRequired":true,"valueName":"search_term_string"}}],"inLanguage":"de"},{"@type":"Person","@id":"https:\/\/www.backwinkel.de\/blog\/#\/schema\/person\/88b842297c0e471020a66f4476633cf2","name":"admin_backwinkel","url":"https:\/\/www.backwinkel.de\/blog\/author\/admin_backwinkel\/"}]}},"_links":{"self":[{"href":"https:\/\/www.backwinkel.de\/blog\/wp-json\/wp\/v2\/posts\/14524","targetHints":{"allow":["GET"]}}],"collection":[{"href":"https:\/\/www.backwinkel.de\/blog\/wp-json\/wp\/v2\/posts"}],"about":[{"href":"https:\/\/www.backwinkel.de\/blog\/wp-json\/wp\/v2\/types\/post"}],"author":[{"embeddable":true,"href":"https:\/\/www.backwinkel.de\/blog\/wp-json\/wp\/v2\/users\/1"}],"replies":[{"embeddable":true,"href":"https:\/\/www.backwinkel.de\/blog\/wp-json\/wp\/v2\/comments?post=14524"}],"version-history":[{"count":3,"href":"https:\/\/www.backwinkel.de\/blog\/wp-json\/wp\/v2\/posts\/14524\/revisions"}],"predecessor-version":[{"id":19012,"href":"https:\/\/www.backwinkel.de\/blog\/wp-json\/wp\/v2\/posts\/14524\/revisions\/19012"}],"wp:featuredmedia":[{"embeddable":true,"href":"https:\/\/www.backwinkel.de\/blog\/wp-json\/wp\/v2\/media\/14570"}],"wp:attachment":[{"href":"https:\/\/www.backwinkel.de\/blog\/wp-json\/wp\/v2\/media?parent=14524"}],"wp:term":[{"taxonomy":"category","embeddable":true,"href":"https:\/\/www.backwinkel.de\/blog\/wp-json\/wp\/v2\/categories?post=14524"},{"taxonomy":"post_tag","embeddable":true,"href":"https:\/\/www.backwinkel.de\/blog\/wp-json\/wp\/v2\/tags?post=14524"}],"curies":[{"name":"wp","href":"https:\/\/api.w.org\/{rel}","templated":true}]}}