{"id":14404,"date":"2024-07-09T14:40:42","date_gmt":"2024-07-09T12:40:42","guid":{"rendered":"https:\/\/www.backwinkel.de\/blog\/?p=14404"},"modified":"2026-04-27T08:29:43","modified_gmt":"2026-04-27T06:29:43","slug":"europa-und-wir","status":"publish","type":"post","link":"https:\/\/www.backwinkel.de\/blog\/europa-und-wir\/","title":{"rendered":"Europa und wir"},"content":{"rendered":"\n<style type=\"text\/css\" data-created_by=\"avia_inline_auto\" id=\"style-css-av-8vdv8-f7e0dae999cc49bc529a70f67b346526\">\n.flex_column.av-8vdv8-f7e0dae999cc49bc529a70f67b346526{\nborder-radius:0px 0px 0px 0px;\npadding:0px 0px 0px 0px;\n}\n<\/style>\n<div  class='flex_column av-8vdv8-f7e0dae999cc49bc529a70f67b346526 av_one_full  avia-builder-el-0  el_before_av_three_fifth  avia-builder-el-first  first flex_column_div av-zero-column-padding  '     ><p>\n<style type=\"text\/css\" data-created_by=\"avia_inline_auto\" id=\"style-css-av-jl6mo8rj-605eccf9df0dce9c3ffb6a57636da99d\">\n#top .hr.hr-invisible.av-jl6mo8rj-605eccf9df0dce9c3ffb6a57636da99d{\nmargin-top:0px;\nheight:1px;\n}\n<\/style>\n<div  class='hr av-jl6mo8rj-605eccf9df0dce9c3ffb6a57636da99d hr-invisible  avia-builder-el-1  el_before_av_heading  avia-builder-el-first '><span class='hr-inner '><span class=\"hr-inner-style\"><\/span><\/span><\/div><br \/>\n\n<style type=\"text\/css\" data-created_by=\"avia_inline_auto\" id=\"style-css-av-27gdg7-93ad3507e1aa208165b3f1a6f27644e7\">\n#top .av-special-heading.av-27gdg7-93ad3507e1aa208165b3f1a6f27644e7{\npadding-bottom:10px;\n}\nbody .av-special-heading.av-27gdg7-93ad3507e1aa208165b3f1a6f27644e7 .av-special-heading-tag .heading-char{\nfont-size:25px;\n}\n.av-special-heading.av-27gdg7-93ad3507e1aa208165b3f1a6f27644e7 .av-subheading{\nfont-size:15px;\n}\n<\/style>\n<div  class='av-special-heading av-27gdg7-93ad3507e1aa208165b3f1a6f27644e7 av-special-heading-h1 blockquote modern-quote  avia-builder-el-2  el_after_av_hr  el_before_av_post_metadata  av-linked-heading'><h1 class='av-special-heading-tag '  >Europa und wir: Wer sind eigentlich unsere Nachbarn? Eine Projektidee <\/h1><div class='av-subheading av-subheading_below'><p class=\"autorenname\">Elisa Morel<\/p>\n<\/div><div class=\"special-heading-border\"><div class=\"special-heading-inner-border\"><\/div><\/div><\/div><br \/>\n\n<style type=\"text\/css\" data-created_by=\"avia_inline_auto\" id=\"style-css-av-1ifx5es-fdda7199aae5817cfd8b64f4370d704a\">\n#top .av-post-metadata-container.av-1ifx5es-fdda7199aae5817cfd8b64f4370d704a{\nfont-size:12px;\n}\n#top .av-post-metadata-container.av-1ifx5es-fdda7199aae5817cfd8b64f4370d704a .av-post-metadata-container-inner{\nfont-size:12px;\n}\n<\/style>\n<div  class='av-post-metadata-container av-1ifx5es-fdda7199aae5817cfd8b64f4370d704a av-metadata-container-align-left  avia-builder-el-3  el_after_av_heading  el_before_av_textblock  av-metadata-container-1'><div class='av-post-metadata-container-inner'><span class=\"av-post-metadata-content av-post-metadata-meta-content\"><span class=\"av-post-metadata-content av-post-metadata-modified\"><span class=\"av-metadata-before av-metadata-before-modified\">Aktualisiert:<\/span><span class=\"av-post-metadata-modified-date\" >27. April 2026<\/span><\/span><span class=\"av-post-metadata-content av-post-metadata-separator\">\/<\/span><span class=\"av-post-metadata-content av-post-metadata-modified\"><span class=\"av-metadata-before av-metadata-before-modified\">Zuletzt aktualisiert:<\/span><span class=\"av-post-metadata-modified-date\" >27. April 2026<\/span><\/span><\/span><\/div><\/div><br \/>\n\n<style type=\"text\/css\" data-created_by=\"avia_inline_auto\" id=\"style-css-av-jkuubohz-bbd292769511b836e32d8da8e9450d9c\">\n#top .av_textblock_section.av-jkuubohz-bbd292769511b836e32d8da8e9450d9c .avia_textblock{\nfont-size:20px;\n}\n<\/style>\n<section  class='av_textblock_section av-jkuubohz-bbd292769511b836e32d8da8e9450d9c '  ><div class='avia_textblock' ><p>Europa hat viele Gesichter, und manchmal wissen auch wir Erwachsene erschreckend wenig \u00fcber unsere Nachbarn. Das ist schade und muss nicht sein, zumal das Thema spannend ist und viel Spa\u00df macht. Legen Sie mit Ihren Kindern den Grundstein f\u00fcr Wissen, Verst\u00e4ndnis, Empathie und Zusammenh\u00e4nge, indem Sie gemeinsam auf Entdeckungsreise gehen.<\/p>\n<\/div><\/section><br \/>\n\n<style type=\"text\/css\" data-created_by=\"avia_inline_auto\" id=\"style-css-av-jkuuo5h6-4908de494d21526e607e897322575a55\">\n.avia-image-container.av-jkuuo5h6-4908de494d21526e607e897322575a55 img.avia_image{\nbox-shadow:none;\n}\n.avia-image-container.av-jkuuo5h6-4908de494d21526e607e897322575a55 .av-image-caption-overlay-center{\ncolor:#ffffff;\n}\n<\/style>\n<div  class='avia-image-container av-jkuuo5h6-4908de494d21526e607e897322575a55 av-styling- avia-align-center  avia-builder-el-5  el_after_av_textblock  el_before_av_hr '  ><div class=\"avia-image-container-inner\"><div class=\"avia-image-overlay-wrap\"><img decoding=\"async\" fetchpriority=\"high\" class='wp-image-14445 avia-img-lazy-loading-not-14445 avia_image ' src=\"https:\/\/www.backwinkel.de\/blog\/wp-content\/uploads\/2024\/07\/Europa-heroimage.jpg\" alt='' title='Europa-heroimage'  height=\"628\" width=\"1200\"  \/><\/div><\/div><\/div><br \/>\n\n<style type=\"text\/css\" data-created_by=\"avia_inline_auto\" id=\"style-css-av-jl6mo8rj-22-7487f0754a981739ab003e89aabaa170\">\n#top .hr.hr-invisible.av-jl6mo8rj-22-7487f0754a981739ab003e89aabaa170{\nheight:5px;\n}\n<\/style>\n<div  class='hr av-jl6mo8rj-22-7487f0754a981739ab003e89aabaa170 hr-invisible  avia-builder-el-6  el_after_av_image  el_before_av_textblock '><span class='hr-inner '><span class=\"hr-inner-style\"><\/span><\/span><\/div><br \/>\n\n<style type=\"text\/css\" data-created_by=\"avia_inline_auto\" id=\"style-css-av-jl7ql86y-0004168ca5c1e8188cabe38926610bb2\">\n#top .av_textblock_section.av-jl7ql86y-0004168ca5c1e8188cabe38926610bb2 .avia_textblock{\nfont-size:10px;\n}\n<\/style>\n<section  class='av_textblock_section av-jl7ql86y-0004168ca5c1e8188cabe38926610bb2 '  ><div class='avia_textblock' ><p class=\"bildnennung-beitrag\" style=\"text-align: left;\">\u00a9 ADOBE Stock<\/p>\n<\/div><\/section><br \/>\n\n<style type=\"text\/css\" data-created_by=\"avia_inline_auto\" id=\"style-css-av-jl6mo8rj-20-0a5ac640218ac986cc09276001136948\">\n#top .hr.hr-invisible.av-jl6mo8rj-20-0a5ac640218ac986cc09276001136948{\nheight:20px;\n}\n<\/style>\n<div  class='hr av-jl6mo8rj-20-0a5ac640218ac986cc09276001136948 hr-invisible  avia-builder-el-8  el_after_av_textblock  el_before_av_textblock '><span class='hr-inner '><span class=\"hr-inner-style\"><\/span><\/span><\/div><br \/>\n<section  class='av_textblock_section av-jkuubohz-21-75c91343a207bf8690976a030a515e24 '  ><div class='avia_textblock' ><p>In diesem Beitrag erfahren Sie, \u00fcber welche Ans\u00e4tze Sie sich dem Thema n\u00e4hern k\u00f6nnen und wie viele kreative Ideen f\u00fcr ein spannendes Unterrichtsprojekt es gibt; Gratis-Material zum Download inklusive.<\/p>\n<\/div><\/section><\/p><\/div>\n<style type=\"text\/css\" data-created_by=\"avia_inline_auto\" id=\"style-css-av-swqf9-6bb490ea0cbb171c9d159bb967226129\">\n.flex_column.av-swqf9-6bb490ea0cbb171c9d159bb967226129{\nborder-radius:0px 0px 0px 0px;\npadding:20px 20px 20px 20px;\nbackground-color:#f2f2f2;\n}\n<\/style>\n<div  class='flex_column av-swqf9-6bb490ea0cbb171c9d159bb967226129 av_three_fifth  avia-builder-el-10  el_after_av_one_full  el_before_av_two_fifth  first flex_column_div  column-top-margin'     ><style type=\"text\/css\" data-created_by=\"avia_inline_auto\" id=\"style-css-av-jkuua5r2-f1beb4b164a3aefc9a751750d41d5b8e\">\n#top .av_textblock_section.av-jkuua5r2-f1beb4b164a3aefc9a751750d41d5b8e .avia_textblock{\nfont-size:14px;\n}\n<\/style>\n<section  class='av_textblock_section av-jkuua5r2-f1beb4b164a3aefc9a751750d41d5b8e '  ><div class='avia_textblock' ><p><strong>Inhalt<\/strong><\/p>\n<p><strong><a href=\"#1\">1. Warum das Thema Europa wichtig ist<\/a><\/strong><\/p>\n<p><strong><a href=\"#2\">2. Kulturelle Vielfalt in der Grundschule<\/a><br \/>\n<\/strong>2.1. Wo kommen wir eigentlich alle her?<br \/>\n2.2. Brainstorming: Europa in unserem Alltag<\/p>\n<p><strong><a href=\"#3\">3. Europa als Projekt in der Grundschule<\/a><br \/>\n<\/strong>3.1. Steckbriefe zum Thema Europa<br \/>\n3.2. Spiele zum Thema Europa<br \/>\n3.3. Malen, Basteln und mehr rund um Europa<\/p>\n<\/div><\/section><\/div><\/p>\n\n<style type=\"text\/css\" data-created_by=\"avia_inline_auto\" id=\"style-css-av-2532d-6e1ea05e25305745634c0a02c87dc827\">\n.flex_column.av-2532d-6e1ea05e25305745634c0a02c87dc827{\nborder-radius:0px 0px 0px 0px;\npadding:0 0 0 0;\n}\n<\/style>\n<div  class='flex_column av-2532d-6e1ea05e25305745634c0a02c87dc827 av_two_fifth  avia-builder-el-12  el_after_av_three_fifth  el_before_av_sidebar  flex_column_div av-zero-column-padding  column-top-margin'     ><\/div>\n<div  class='avia-builder-widget-area clearfix  avia-builder-el-13  el_after_av_two_fifth  el_before_av_one_full '><div id=\"text-34\" class=\"widget clearfix widget_text\">\t\t\t<div class=\"textwidget\"><p><a href=\"https:\/\/www.backwinkel.de\/nachhaltig-denken\/\" target=\"\\_blank\" rel=\"noopener\"><br \/>\n<img decoding=\"async\" class=\"werbung-desktop alignnone wp-image-4186 size-full\" src=\"https:\/\/www.backwinkel.de\/blog\/wp-content\/uploads\/2026\/04\/Backwinkel-blog-werbebanner-shop-schule_desktop.jpg\" alt=\"\" width=\"1251\" height=\"201\" \/><br \/>\n<\/a><br \/>\n<a href=\"https:\/\/www.backwinkel.de\/nachhaltig-denken\/\" target=\"\\_blank\" rel=\"noopener\"><br \/>\n<img decoding=\"async\" class=\"werbung-mobile alignnone wp-image-4187 size-full\" src=\"https:\/\/www.backwinkel.de\/blog\/wp-content\/uploads\/2026\/04\/Backwinkel-blog-werbebanner-shop-schule_mobile.jpg\" alt=\"\" width=\"550\" height=\"500\" \/><br \/>\n<\/a><\/p>\n<\/div>\n\t\t<\/div><\/div>\n\n<style type=\"text\/css\" data-created_by=\"avia_inline_auto\" id=\"style-css-av-hh5al-9c53459d093ff912fcc98cf97e19d753\">\n.flex_column.av-hh5al-9c53459d093ff912fcc98cf97e19d753{\nborder-radius:0px 0px 0px 0px;\npadding:0px 0px 0px 0px;\n}\n<\/style>\n<div  class='flex_column av-hh5al-9c53459d093ff912fcc98cf97e19d753 av_one_full  avia-builder-el-14  el_after_av_sidebar  el_before_av_one_full  first flex_column_div av-zero-column-padding  '     ><section  class='av_textblock_section av-jkuul0eg-c8007ced910eec869d85a4d2f40b896b '  ><div class='avia_textblock' >\n<style type=\"text\/css\" data-created_by=\"avia_inline_auto\" id=\"style-css-av-7c7r8-1ad3209b7b9ea9c60cc97e362d76ea5e\">\n#top .hr.hr-invisible.av-7c7r8-1ad3209b7b9ea9c60cc97e362d76ea5e{\nheight:20px;\n}\n<\/style>\n<div  class='hr av-7c7r8-1ad3209b7b9ea9c60cc97e362d76ea5e hr-invisible  avia-builder-el-16  avia-builder-el-no-sibling '><span class='hr-inner '><span class=\"hr-inner-style\"><\/span><\/span><\/div>\n<h2 id=\"1\" class=\"position\"><strong>Warum das Thema Europa wichtig ist <\/strong><\/h2>\n<p>Wir alle leben in Europa und sind somit Teil der europ\u00e4ischen Gemeinschaft. Entscheidungen, die die EU trifft, gehen daher uns alle an, auch wenn Kinder die Auswirkungen noch nicht absch\u00e4tzen k\u00f6nnen.<\/p>\n<p>\u201eUnsere Zukunft ist Europa \u2013 eine andere haben wir nicht.\u201c Hans-Dietrich Genscher (1927 \u2013 2016), deutscher Politiker und Schl\u00fcsselfigur f\u00fcr ein vereintes Deutschland und Europa<\/p>\n<p>Gleichzeitig ist Europa auch bedeutsam f\u00fcr unsere <strong>Identit\u00e4t<\/strong>. Eine Umfrage der Hochschule Fresenius in K\u00f6ln ergab, dass sich 88 Prozent der \u00fcber 500 Teilnehmenden (Durchschnittsalter 23) als Europ\u00e4er wahrnimmt. Somit steht die eigene Nationalit\u00e4t weniger im Vordergrund als vor ein paar Jahrzehnten; junge Menschen kennen Europa seit ihrer Kindheit mit einer <strong>gemeinsamen W\u00e4hrung<\/strong> und <strong>offenen Grenzen<\/strong> und sch\u00e4tzen die damit einhergehenden <strong>Freiheiten<\/strong>.<\/p>\n<p>Auch aus der politischen Bildung ist Europa selbstredend nicht wegzudenken. Entscheidungen unserer Nachbarn betreffen auch uns selbst und vice versa. Seit Jahrzehnten gibt es kein Land mehr, in dem nicht verschiedene Nationalit\u00e4ten zusammenkommen, aus ganz unterschiedlichen Gr\u00fcnden.<\/p>\n<p>In der Grundschule ist es eine gute Idee, erst einmal gemeinsam Grundwissen zu erarbeiten und die Fragen und Erfahrungen der Kinder zu nutzen, um das Thema zu <strong>vertiefen<\/strong>:<\/p>\n<ul>\n<li>Wo liegen die L\u00e4nder Europas und wie hei\u00dfen sie?<\/li>\n<li>Welche L\u00e4nder sind Nachbarl\u00e4nder Deutschlands, welche geh\u00f6ren zur EU?<\/li>\n<li>Wo waren die Kinder schon einmal im Urlaub, welche Speisen oder Sprachen kennen sie?<\/li>\n<li>Gibt es in anderen L\u00e4ndern auch Gesch\u00e4fte, die die Kinder aus Deutschland kennen, z. B. bekannte Discounter oder Fastfood-Ketten?<\/li>\n<li>Wie unterscheiden sich die Vorbereitungen f\u00fcr eine Reise innerhalb der EU von denen f\u00fcr einen USA-Aufenthalt?<\/li>\n<\/ul>\n<p>Nach den Grundlagen ergeben sich sp\u00e4ter vielleicht <strong>weitere Fragen<\/strong>:<\/p>\n<ul>\n<li>Warum und seit wann gibt es den Euro?<\/li>\n<li>Warum geh\u00f6ren nicht alle L\u00e4nder Europas zur EU?<\/li>\n<li>Was ist eine Amts- oder Verkehrssprache und wozu dient sie?<\/li>\n<li>Was hat es mit dem Brexit auf sich?<\/li>\n<\/ul>\n<\/div><\/section><\/div>\n\n<style type=\"text\/css\" data-created_by=\"avia_inline_auto\" id=\"style-css-av-hh5al-13-e21e960e9e28fb772abd7b1cb346790c\">\n.flex_column.av-hh5al-13-e21e960e9e28fb772abd7b1cb346790c{\nborder-radius:0px 0px 0px 0px;\npadding:0px 0px 0px 0px;\n}\n<\/style>\n<div  class='flex_column av-hh5al-13-e21e960e9e28fb772abd7b1cb346790c av_one_full  avia-builder-el-17  el_after_av_one_full  el_before_av_hr  first flex_column_div av-zero-column-padding  column-top-margin'     ><section  class='av_textblock_section av-jkuul0eg-12-f82da9ff7e0687e379b2f8f9168e2061 '  ><div class='avia_textblock infoboxGreen' ><p><strong>Tipp<\/strong>: Um vorab eine grobe Vorstellung von der Lage der L\u00e4nder Europas zu bekommen, ist die <a href=\"https:\/\/www.backwinkel.de\/prod\/nienhuis-puzzlekarte-europa.html\" target=\"_blank\" rel=\"noopener\">Nienhuis Puzzlekarte Europa<\/a> aus unserem Onlineshop ein tolles Hilfsmittel.<\/p>\n<\/div><\/section><\/div>\n\n<style type=\"text\/css\" data-created_by=\"avia_inline_auto\" id=\"style-css-av-jl6mo8rj-19-c6b99c38e88c4356afd3dd2078e94308\">\n#top .hr.hr-invisible.av-jl6mo8rj-19-c6b99c38e88c4356afd3dd2078e94308{\nheight:60px;\n}\n<\/style>\n<div  class='hr av-jl6mo8rj-19-c6b99c38e88c4356afd3dd2078e94308 hr-invisible  avia-builder-el-19  el_after_av_one_full  el_before_av_one_full '><span class='hr-inner '><span class=\"hr-inner-style\"><\/span><\/span><\/div>\n\n<style type=\"text\/css\" data-created_by=\"avia_inline_auto\" id=\"style-css-av-5vgein6-110eca1722cb2d5ee508fc6852af404a\">\n.flex_column.av-5vgein6-110eca1722cb2d5ee508fc6852af404a{\nborder-radius:0px 0px 0px 0px;\npadding:0px 0px 0px 0px;\n}\n<\/style>\n<div  class='flex_column av-5vgein6-110eca1722cb2d5ee508fc6852af404a av_one_full  avia-builder-el-20  el_after_av_hr  el_before_av_one_full  first flex_column_div av-zero-column-padding  '     ><section  class='av_textblock_section av-ly73056a-3b6a6b8255253c9bce52b0f4964228be '  ><div class='avia_textblock' >\n<style type=\"text\/css\" data-created_by=\"avia_inline_auto\" id=\"style-css-av-irxq5e-919e4ce30dbe918866e0082c260aa414\">\n#top .hr.hr-invisible.av-irxq5e-919e4ce30dbe918866e0082c260aa414{\nheight:20px;\n}\n<\/style>\n<div  class='hr av-irxq5e-919e4ce30dbe918866e0082c260aa414 hr-invisible  avia-builder-el-22  avia-builder-el-no-sibling '><span class='hr-inner '><span class=\"hr-inner-style\"><\/span><\/span><\/div>\n<h2 id=\"2\" class=\"position\"><strong>Kulturelle Vielfalt in der Grundschule <\/strong><\/h2>\n<p>An Ihrer Schule gibt es bestimmt viele verschiedene Nationalit\u00e4ten. Das ist seit Jahrzehnten Alltag und v\u00f6llig normal, denn wir leben in einer globalisierten Welt. Trotzdem wissen wir oft wenig \u00fcber andere L\u00e4nder \u2013 manchmal sogar fast nichts. Das ist sehr schade.<\/p>\n<p>Eine kleine literarische Anekdote dazu: In Paulo Coelhos Buch \u201eVeronika beschlie\u00dft zu sterben\u201c \u00e4rgert sich die slowenische Protagonistin so sehr dar\u00fcber, dass die Welt keinen Schimmer davon zu haben scheint, wo Slowenien liegt und was das Land ausmacht, dass sie in den vielleicht letzten Minuten ihres Lebens einen Leserbrief zu dem besagten Zeitungsartikel schreibt, in dem sie erkl\u00e4rt, wie Slowenien entstanden ist. Da kann man sich als Leser schon einmal ertappt f\u00fchlen.<\/p>\n<p>Es stellt sich ja auch die Frage, ob das Unwissen aus Desinteresse resultiert oder man sein Gegen\u00fcber vielleicht einfach nicht als anders oder fremd empfindet oder seine Herkunft irrelevant ist. Trotzdem schadet Wissen bekanntlich nie, und somit eignet sich das Thema Europa super, um miteinander ins Gespr\u00e4ch zu kommen und seine Allgemeinbildung zu erweitern.<\/p>\n<p>F\u00fcr mehr Wissen rund um internationale Oster- und Weihnachtsbr\u00e4uche lesen Sie gern auch unsere Beitr\u00e4ge <a href=\"https:\/\/www.backwinkel.de\/blog\/osterfest\/\" target=\"_blank\" rel=\"noopener\">Fliegende Eier und Heringsbegr\u00e4bnis<\/a> und <a href=\"https:\/\/www.backwinkel.de\/blog\/lichterfeste-der-kulturen\/\" target=\"_blank\" rel=\"noopener\">Lichterfeste der Kulturen: Hanukkah, Diwali, Weihnachten<\/a> oder <a href=\"https:\/\/www.backwinkel.de\/blog\/weihnachten-im-kindergarten\/\" target=\"_blank\" rel=\"noopener\">Weihnachten im Kindergarten: Ideen f\u00fcr die Weihnachtszeit in kulturell gemischten Kindergruppen<\/a>.<\/p>\n<p><strong>Wo kommen wir eigentlich alle her? <\/strong><\/p>\n<p>Unsere Herkunft ist oft komplizierter als wir glauben und uns auch nicht immer bewusst, solange wir nicht in die Familienforschung einsteigen. Viele Deutsche haben Vorfahren aus <strong>Schlesien, B\u00f6hmen, Preu\u00dfen<\/strong> usw., oder auch aus ganz anderen Ecken der Welt. Und viele Kinder haben Familien, die aus mehreren verschiedenen L\u00e4ndern stammen \u2013 oder vor vielen Jahren bis Jahrhunderten in ein anderes Land gezogen sind.<\/p>\n<p>Nat\u00fcrlich sollen Sie mit Ihren SuS keine Ahnenforschung betreiben, doch es mag interessant sein, sich (vielleicht auch mit Kollegen) dar\u00fcber auszutauschen, wo die jeweiligen Wurzeln liegen, welche <strong>Br\u00e4uche<\/strong> und <strong>Traditionen<\/strong> man als Erwachsener \u00fcbernommen hat oder fortf\u00fchrt, was man mit seiner Herkunft oder mit dem Wort \u201eHeimat\u201c verbindet etc.<\/p>\n<p>F\u00fcr Ihre Kinder kann es inspirierend und ermutigend sein, auch Ihre Geschichte und Gedanken zu h\u00f6ren, denn <strong>Identit\u00e4t, Herkunft und Heimat<\/strong> sind komplexe Themen, die oft widerspr\u00fcchliche Gef\u00fchle oder Zweifel ausl\u00f6sen. Als Mensch mit t\u00fcrkischem Migrationshintergrund in der dritten Generation wird man vielleicht in Deutschland als T\u00fcrke und in der T\u00fcrkei als Deutscher wahrgenommen, ungeachtet des eigenen Empfindens.<\/p>\n<p>Sie k\u00f6nnen z. B. eine <strong>Weltkarte<\/strong> aufh\u00e4ngen und gemeinsam mit Pins markieren, wo Ihre SuS und Sie samt Familien herkommen (und vielleicht auch die Reise- oder Fluchtrouten). Vielleicht m\u00f6chten Sie auch eine <strong>Girlande mit <\/strong>verschiedenen<strong> Flaggen<\/strong> basteln oder ein <strong>Wandbild<\/strong> erstellen. Und Sie k\u00f6nnen sich nat\u00fcrlich austauschen:<\/p>\n<ul>\n<li>Aus welchen Gr\u00fcnden verl\u00e4sst man sein Heimatland?<\/li>\n<li>Wie lange dauert die Reise, mit welchen Transportmitteln erfolgt sie?<\/li>\n<li>Was bedeutet Heimat, was bedeutet Zuhause?<\/li>\n<li>Was ist toll an den Herkunftsl\u00e4ndern, was vermissen die SuS vielleicht, was finden sie hier angenehmer?<\/li>\n<li>In welchem Land w\u00fcrden die Kinder gern mal Urlaub machen oder vielleicht sogar leben, und warum?<\/li>\n<li>Welche L\u00e4nder kennen sie aus Urlauben und was gef\u00e4llt ihnen dort gut, was nicht? Macht es einen Unterschied, ob man in einem Land nur Urlaub macht oder dort dauerhaft lebt?<\/li>\n<li>Welche Vorurteile und Klischees sind mit den einzelnen L\u00e4ndern verbunden, woher kommen sie und was steckt dahinter? Erfahren Ihre Kinder Vorurteile oder Diskriminierung aufgrund ihrer Herkunft oder der ihrer Familie?<\/li>\n<\/ul>\n<p>Vielleicht hat ja auch der eine oder die andere Ihrer SuS Lust auf ein <strong>Kurzreferat<\/strong> \u00fcber sein liebstes Urlaubs- oder Herkunftsland. Oder ein <strong>Familienmitglied<\/strong> erkl\u00e4rt sich bereit, Ihnen allen bei einem Besuch etwas Spannendes zu erz\u00e4hlen und Fragen zu beantworten.<\/p>\n<p><strong>Brainstorming: Europa in unserem Alltag <\/strong><\/p>\n<p>F\u00fcr Ihre Kinder ist es noch selbstverst\u00e4ndlicher als f\u00fcr Sie, dass es offene Grenzen gibt, Europa eine Gemeinschaft bildet und in unserem Land Menschen vieler verschiedener Ethnien, Kulturen und Religionen zusammenleben.<\/p>\n<p>Europa und die EU sind auch wichtig f\u00fcr die politische Bildung. Da ist es von Vorteil, schon fr\u00fch ins Thema einzusteigen und auch den eigenen Alltag zu reflektieren, denn wir finden t\u00e4glich bei vielen Gelegenheiten <strong>Namen, Br\u00e4uche, W\u00f6rter oder Gerichte aus anderen L\u00e4ndern<\/strong>. Auch da sind uns Hintergr\u00fcnde, Ursprung oder Geschichte vielleicht oft nicht bewusst.<\/p>\n<p>Das k\u00f6nnen Sie ja leicht \u00e4ndern. \u00dcberlegen Sie gemeinsam mit Ihren Kindern, in welchen Formen ihnen andere Nationalit\u00e4ten im Alltag begegnen. Da werden nat\u00fcrlich auch L\u00e4nder au\u00dferhalb Europas dabei sein. Auf einer Weltkarte k\u00f6nnen Sie alle L\u00e4nder suchen, vergleichen, wie weit sie jeweils von Deutschland entfernt sind und auch die L\u00e4nder Europas einordnen. Als Anregung f\u00fcrs Brainstorming haben wir zwei Arbeitsbl\u00e4tter zum Gratis-Download f\u00fcr Sie vorbereitet.<\/p>\n<\/div><\/section><\/div>\n\n<style type=\"text\/css\" data-created_by=\"avia_inline_auto\" id=\"style-css-av-p3wkyi-f0d4e08c671c142b004e5f807ce5c1be\">\n.flex_column.av-p3wkyi-f0d4e08c671c142b004e5f807ce5c1be{\nborder-radius:0px 0px 0px 0px;\npadding:0 0 0 0;\n}\n<\/style>\n<div  class='flex_column av-p3wkyi-f0d4e08c671c142b004e5f807ce5c1be av_one_full  avia-builder-el-23  el_after_av_one_full  el_before_av_one_full  first flex_column_div av-zero-column-padding  column-top-margin'     ><style type=\"text\/css\" data-created_by=\"avia_inline_auto\" id=\"style-css-av-ltmuo20b-c1621cca0fc7e8305cec29fe1086e1f3\">\n#top .avia-gallery.av-ltmuo20b-c1621cca0fc7e8305cec29fe1086e1f3 .avia-gallery-thumb a{\nwidth:20%;\n}\n<\/style>\n<div  class='avia-gallery av-ltmuo20b-c1621cca0fc7e8305cec29fe1086e1f3 avia_animate_when_visible  avia-builder-el-24  avia-builder-el-no-sibling  avia_lazyload avia-gallery-animate avia-gallery-1' ><meta itemprop=\"contentURL\" content=\"https:\/\/www.backwinkel.de\/blog\/europa-und-wir\/\"><div class='avia-gallery-thumb'><a href=\"https:\/\/www.backwinkel.de\/blog\/wp-content\/uploads\/2024\/07\/Europa_in_unserem_alltag1-2-scaled.jpg\" data-srcset=\"https:\/\/www.backwinkel.de\/blog\/wp-content\/uploads\/2024\/07\/Europa_in_unserem_alltag1-2-scaled.jpg 1810w, https:\/\/www.backwinkel.de\/blog\/wp-content\/uploads\/2024\/07\/Europa_in_unserem_alltag1-2-1086x1536.jpg 1086w\" data-sizes=\"(max-width: 728px) 100vw, 728px\" data-rel='gallery-1' data-prev-img='https:\/\/www.backwinkel.de\/blog\/wp-content\/uploads\/2024\/07\/Europa_in_unserem_alltag1-2-scaled.jpg' class='first_thumb lightbox ' data-onclick='1' title='Europa_in_unserem_alltag1'  ><img decoding=\"async\" fetchpriority=\"high\" class=\"wp-image-14501 avia-img-lazy-loading-not-14501\"   src=\"https:\/\/www.backwinkel.de\/blog\/wp-content\/uploads\/2024\/07\/Europa_in_unserem_alltag1-2-scaled.jpg\" width=\"283\" height=\"400\"  title='Europa_in_unserem_alltag1' alt='' srcset=\"https:\/\/www.backwinkel.de\/blog\/wp-content\/uploads\/2024\/07\/Europa_in_unserem_alltag1-2-scaled.jpg 1810w, https:\/\/www.backwinkel.de\/blog\/wp-content\/uploads\/2024\/07\/Europa_in_unserem_alltag1-2-1086x1536.jpg 1086w\" sizes=\"(max-width: 283px) 100vw, 283px\" \/><div class='big-prev-fake'><img decoding=\"async\" loading=\"lazy\" class=\"wp-image-14501 avia-img-lazy-loading-14501\"  width=\"283\" height=\"400\" src=\"https:\/\/www.backwinkel.de\/blog\/wp-content\/uploads\/2024\/07\/Europa_in_unserem_alltag1-2-scaled.jpg\" title='Europa_in_unserem_alltag1' alt='' srcset=\"https:\/\/www.backwinkel.de\/blog\/wp-content\/uploads\/2024\/07\/Europa_in_unserem_alltag1-2-scaled.jpg 1810w, https:\/\/www.backwinkel.de\/blog\/wp-content\/uploads\/2024\/07\/Europa_in_unserem_alltag1-2-1086x1536.jpg 1086w\" sizes=\"auto, (max-width: 283px) 100vw, 283px\" \/><\/div><\/a><a href=\"https:\/\/www.backwinkel.de\/blog\/wp-content\/uploads\/2024\/07\/Europa_in_unserem_alltag5-scaled.jpg\" data-srcset=\"https:\/\/www.backwinkel.de\/blog\/wp-content\/uploads\/2024\/07\/Europa_in_unserem_alltag5-scaled.jpg 1810w, https:\/\/www.backwinkel.de\/blog\/wp-content\/uploads\/2024\/07\/Europa_in_unserem_alltag5-1086x1536.jpg 1086w\" data-sizes=\"(max-width: 728px) 100vw, 728px\" data-rel='gallery-1' data-prev-img='https:\/\/www.backwinkel.de\/blog\/wp-content\/uploads\/2024\/07\/Europa_in_unserem_alltag5-scaled.jpg' class='lightbox ' data-onclick='2' title='Europa_in_unserem_alltag5'  ><img decoding=\"async\" fetchpriority=\"high\" class=\"wp-image-14502 avia-img-lazy-loading-not-14502\"   src=\"https:\/\/www.backwinkel.de\/blog\/wp-content\/uploads\/2024\/07\/Europa_in_unserem_alltag5-scaled.jpg\" width=\"283\" height=\"400\"  title='Europa_in_unserem_alltag5' alt='' srcset=\"https:\/\/www.backwinkel.de\/blog\/wp-content\/uploads\/2024\/07\/Europa_in_unserem_alltag5-scaled.jpg 1810w, https:\/\/www.backwinkel.de\/blog\/wp-content\/uploads\/2024\/07\/Europa_in_unserem_alltag5-1086x1536.jpg 1086w\" sizes=\"(max-width: 283px) 100vw, 283px\" \/><div class='big-prev-fake'><img decoding=\"async\" loading=\"lazy\" class=\"wp-image-14502 avia-img-lazy-loading-14502\"  width=\"283\" height=\"400\" src=\"https:\/\/www.backwinkel.de\/blog\/wp-content\/uploads\/2024\/07\/Europa_in_unserem_alltag5-scaled.jpg\" title='Europa_in_unserem_alltag5' alt='' srcset=\"https:\/\/www.backwinkel.de\/blog\/wp-content\/uploads\/2024\/07\/Europa_in_unserem_alltag5-scaled.jpg 1810w, https:\/\/www.backwinkel.de\/blog\/wp-content\/uploads\/2024\/07\/Europa_in_unserem_alltag5-1086x1536.jpg 1086w\" sizes=\"auto, (max-width: 283px) 100vw, 283px\" \/><\/div><\/a><\/div><\/div><\/div>\n\n<style type=\"text\/css\" data-created_by=\"avia_inline_auto\" id=\"style-css-av-2psmulg-3dfc4245a93192fee3a88de767dedce2\">\n.flex_column.av-2psmulg-3dfc4245a93192fee3a88de767dedce2{\nborder-radius:0px 0px 0px 0px;\npadding:0px 0px 0px 0px;\n}\n<\/style>\n<div  class='flex_column av-2psmulg-3dfc4245a93192fee3a88de767dedce2 av_one_full  avia-builder-el-25  el_after_av_one_full  el_before_av_one_full  first flex_column_div av-zero-column-padding  column-top-margin'     ><section  class='av_textblock_section av-ly8prswn-11bad88eb41baef02e753f41517af94b '  ><div class='avia_textblock infoboxGreen' ><p><strong>Tipp<\/strong>: Auch viele <strong>Lebensmittel<\/strong>, die Ihre Kinder kennen und essen, stammen aus anderen L\u00e4ndern Europas. Finden Sie heraus, aus welchen, z. B. nach einem gemeinsamen Einkauf f\u00fcrs Fr\u00fchst\u00fcck. Lesen Sie dazu auch gern unseren Beitrag <a href=\"https:\/\/www.backwinkel.de\/blog\/klimabewusstsein-und-globalisierung\/\" target=\"_blank\" rel=\"noopener\">Klimabewusstsein und Globalisierung: Woher kommt eigentlich unser Essen?<\/a><\/p>\n<\/div><\/section><\/div>\n\n<style type=\"text\/css\" data-created_by=\"avia_inline_auto\" id=\"style-css-av-291glky-f63b9ea8091be5e5f7b1898b2582be81\">\n.flex_column.av-291glky-f63b9ea8091be5e5f7b1898b2582be81{\nborder-radius:0px 0px 0px 0px;\npadding:0px 0px 0px 0px;\n}\n<\/style>\n<div  class='flex_column av-291glky-f63b9ea8091be5e5f7b1898b2582be81 av_one_full  avia-builder-el-27  el_after_av_one_full  el_before_av_one_full  first flex_column_div av-zero-column-padding  column-top-margin'     ><section  class='av_textblock_section av-ly7365h8-cb551c159b28031d07f5254deb4da45a '  ><div class='avia_textblock' >\n<style type=\"text\/css\" data-created_by=\"avia_inline_auto\" id=\"style-css-av-1m4kixu-6a99550031ab8b811e91973eff7aa65b\">\n#top .hr.hr-invisible.av-1m4kixu-6a99550031ab8b811e91973eff7aa65b{\nheight:20px;\n}\n<\/style>\n<div  class='hr av-1m4kixu-6a99550031ab8b811e91973eff7aa65b hr-invisible  avia-builder-el-29  avia-builder-el-no-sibling '><span class='hr-inner '><span class=\"hr-inner-style\"><\/span><\/span><\/div>\n<h2 id=\"3\" class=\"position\"><strong>Europa als Projekt in der Grundschule <\/strong><\/h2>\n<p>Wie zu vielen Themen gibt es auch hier eine Menge tolles Unterrichtsmaterial aus dem Internet, doch erstaunlicherweise funktionieren viele Links vonseiten der Bildungsserver oder Regierung nicht. Am Ende des Beitrags finden Sie Material und weitere Ideen.<\/p>\n<p>Es gibt auch viele tolle <strong>B\u00fccher<\/strong>, die vor allem als Einstieg super geeignet sind, z. B. das Mal- und R\u00e4tselbuch \u201eDer kleine Stern in Europa\u201c der Europ\u00e4ischen Union, das Sie gratis herunterladen k\u00f6nnen.<\/p>\n<p>Da das Thema Europa so umfangreich und spannend ist, l\u00e4dt es nat\u00fcrlich auch zu einer abschlie\u00dfenden <strong>Projektwoche<\/strong> ein \u2013 vielleicht mit einer <strong>Ausstellung, beliebten Snacks, Spielen, selbst Hergestelltem aus verschiedenen L\u00e4ndern<\/strong> oder auch <strong>Mini-Sprachkursen<\/strong>?<\/p>\n<\/div><\/section><\/div>\n\n<style type=\"text\/css\" data-created_by=\"avia_inline_auto\" id=\"style-css-av-3eyoazo-ce9f16dba82642c45a51dc00767a9a0f\">\n.flex_column.av-3eyoazo-ce9f16dba82642c45a51dc00767a9a0f{\nborder-radius:0px 0px 0px 0px;\npadding:0px 0px 0px 0px;\n}\n<\/style>\n<div  class='flex_column av-3eyoazo-ce9f16dba82642c45a51dc00767a9a0f av_one_full  avia-builder-el-30  el_after_av_one_full  el_before_av_one_full  first flex_column_div av-zero-column-padding  column-top-margin'     ><section  class='av_textblock_section av-ly8pqlru-1f1c1cd4707702ab97a6fd515d529e32 '  ><div class='avia_textblock infoboxBlue' ><p><strong>10 Sch\u00e4tzfragen rund um Europa <\/strong><\/p>\n<ol>\n<li>Die <strong>Stadt mit den meisten Br\u00fccken<\/strong> ist Hamburg \u2013 sie hat 2.500. Damit hat Hamburg vielleicht sogar die meisten Br\u00fccken weltweit, denn der einzige andere Kandidat f\u00fcr Platz 1 ist New York, dessen Br\u00fccken allerdings nicht dokumentiert sind. Die Zahl schwankt zwischen 2.000 und 2.800.<\/li>\n<li>Der <strong>kleinste Staat der Erde<\/strong> ist Vatikanstadt, mit einer Fl\u00e4che von 500.000 Quadratmetern und ca. 1.000 Einwohnern.<\/li>\n<li>Das <strong>h\u00f6chste Bauwerk<\/strong> Europas steht in Moskau: Der Ostankino-Turm, der als Funk-, Fernseh- und Aussichtsturm dient, bringt es auf 537 Meter. Der Eiffelturm ist nur 330 Meter hoch.<\/li>\n<li>Die <strong>meisten w\u00f6chentlichen Arbeitsstunden<\/strong> in Europa schafft Griechenland mit 42,2 Stunden \u2013 sieben mehr als Deutschland.<\/li>\n<li>Die <strong>meisten Schafe <\/strong>Europas leben in Gro\u00dfbritannien: Es gibt ca. 30 Millionen Schafe und mit ca. 68 Millionen nur etwas mehr als doppelt so viele Einwohner.<\/li>\n<li>Europaweit die <strong>meisten Inseln<\/strong> hat Schweden: mehr als 265.000, doch nur knapp 1.000 davon sind bewohnt bzw. bewohnbar.<\/li>\n<li>Die <strong>meisten Achterbahnen<\/strong> gibt es europaweit in Deutschland, n\u00e4mlich 253 St\u00fcck.<\/li>\n<li>Die <strong>meisten Feiertage<\/strong> Europas hat die Slowakei mit 15, die wenigsten mit nur vier Tagen die Schweiz. Deutschland kommt auf zehn.<\/li>\n<li>Die <strong>meisten Touristen<\/strong> weltweit hat Frankreich: Im Jahr 2022 haben fast 80 Millionen Menschen das Land besucht. Das sind \u00fcber 10 Millionen mehr, als Frankreich Einwohner hat.<\/li>\n<li>Die <strong>meisten Burgen und Schl\u00f6sser<\/strong> weltweit gibt es in Deutschland: ca. 25.000.<\/li>\n<\/ol>\n<\/div><\/section><\/div>\n\n<style type=\"text\/css\" data-created_by=\"avia_inline_auto\" id=\"style-css-av-357rf1g-15f138466f4ad30fdeb3b92408425e32\">\n.flex_column.av-357rf1g-15f138466f4ad30fdeb3b92408425e32{\nborder-radius:0px 0px 0px 0px;\npadding:0px 0px 0px 0px;\n}\n<\/style>\n<div  class='flex_column av-357rf1g-15f138466f4ad30fdeb3b92408425e32 av_one_full  avia-builder-el-32  el_after_av_one_full  el_before_av_one_full  first flex_column_div av-zero-column-padding  column-top-margin'     ><section  class='av_textblock_section av-ly8pr3ca-ff3390155277ba5717fb64de1ca01cf7 '  ><div class='avia_textblock' ><p><strong>\u00a0Steckbriefe zum Thema Europa <\/strong><\/p>\n<p>Steckbriefe zu einzelnen L\u00e4ndern laden zum <strong>Stationenlernen<\/strong> oder <strong>Gruppenarbeit<\/strong> ein. Nat\u00fcrlich k\u00f6nnen Sie Vorlagen nutzen oder auch gemeinsam mit Ihren SuS \u00fcberlegen, welche Informationen besonders interessant sind. Die <strong>klassischen Kategorien<\/strong> sind u. a.<\/p>\n<ul>\n<li>Flagge<\/li>\n<li>Hauptstadt<\/li>\n<li>Sprache(n)<\/li>\n<li>Religion(en)<\/li>\n<li>W\u00e4hrung<\/li>\n<li>Einwohnerzahl<\/li>\n<li>Fl\u00fcsse und\/oder Berge<\/li>\n<li>Sehensw\u00fcrdigkeiten<\/li>\n<\/ul>\n<p><strong>Alternativ oder zus\u00e4tzlich kommen Aspekte wie diese infrage<\/strong>:<\/p>\n<ul>\n<li>der Name des Landes in der jeweiligen Sprache<\/li>\n<li>Feiertage und Feste<\/li>\n<li>die Nationalhymne<\/li>\n<li>Gerichte, vielleicht sogar mit Rezept zum gemeinsamen Nachkochen<\/li>\n<li>ber\u00fchmte Bewohner oder Stars<\/li>\n<li>amtierende Staatsoberh\u00e4upter und Monarchen<\/li>\n<li>W\u00f6rter dieser Sprache, die wir auch im Deutschen kennen<\/li>\n<li>M\u00e4rchen, Sagen und Lieder<\/li>\n<li>Sprichw\u00f6rter<\/li>\n<li>beliebte Vornamen<\/li>\n<li>beliebte Sportarten<\/li>\n<li>(besondere) heimische Tierarten<\/li>\n<li>guten Tag, auf Wiedersehen, wie geht\u2019s dir, bitte, danke, ich hei\u00dfe etc. in der Landessprache<\/li>\n<\/ul>\n<\/div><\/section><\/div>\n\n<style type=\"text\/css\" data-created_by=\"avia_inline_auto\" id=\"style-css-av-13vijs4-a4368da2433f35204bc474c1689cd43c\">\n.flex_column.av-13vijs4-a4368da2433f35204bc474c1689cd43c{\nborder-radius:0px 0px 0px 0px;\npadding:0px 0px 0px 0px;\n}\n<\/style>\n<div  class='flex_column av-13vijs4-a4368da2433f35204bc474c1689cd43c av_one_full  avia-builder-el-34  el_after_av_one_full  el_before_av_one_full  first flex_column_div av-zero-column-padding  column-top-margin'     ><section  class='av_textblock_section av-whbn7o-61a0d474dfb1fba1fa43d59b605940ce '  ><div class='avia_textblock infoboxGreen' ><p><strong>Tipp<\/strong>: Wenn Sie sich ein bisschen Zeit nehmen, sammeln Sie gemeinsam Ideen und organisieren dann eine <strong>Abstimmung<\/strong> zu den zehn Punkten, die es in den Steckbrief schaffen. <strong>Demokratiebildung<\/strong> und <strong>Partizipation<\/strong> kann es nie zu viel geben.<\/p>\n<\/div><\/section><\/div>\n\n<style type=\"text\/css\" data-created_by=\"avia_inline_auto\" id=\"style-css-av-75kfes-5519ae66718f5067f809716ce5b2c847\">\n.flex_column.av-75kfes-5519ae66718f5067f809716ce5b2c847{\nborder-radius:0px 0px 0px 0px;\npadding:0px 0px 0px 0px;\n}\n<\/style>\n<div  class='flex_column av-75kfes-5519ae66718f5067f809716ce5b2c847 av_one_full  avia-builder-el-36  el_after_av_one_full  el_before_av_one_full  first flex_column_div av-zero-column-padding  column-top-margin'     ><section  class='av_textblock_section av-ly8ps7cm-ce5024c1d6a5ba7130049aa3636e19a4 '  ><div class='avia_textblock infoboxBlue' ><p><strong>Extra-Tipp<\/strong>: Nach der Erstellung haben Ihre Sch\u00fclerinnen und Sch\u00fcler vielleicht auch Lust auf eine Runde <strong>Stadt, Land, Fluss<\/strong>, um ihr neues Wissen anzuwenden und zu vertiefen. \u00dcbernehmen Sie daf\u00fcr einfach die Kategorien der Steckbriefe.<\/p>\n<\/div><\/section><\/div>\n\n<style type=\"text\/css\" data-created_by=\"avia_inline_auto\" id=\"style-css-av-1fmcllw-085f09b07bc411c34abf50e47326d8a2\">\n.flex_column.av-1fmcllw-085f09b07bc411c34abf50e47326d8a2{\nborder-radius:0px 0px 0px 0px;\npadding:0px 0px 0px 0px;\n}\n<\/style>\n<div  class='flex_column av-1fmcllw-085f09b07bc411c34abf50e47326d8a2 av_one_full  avia-builder-el-38  el_after_av_one_full  el_before_av_one_full  first flex_column_div av-zero-column-padding  column-top-margin'     ><section  class='av_textblock_section av-ly8pspm7-009a744e2a9a11ec2f4d6ceef0656bb8 '  ><div class='avia_textblock' ><p><strong>Spiele zum Thema Europa <\/strong><\/p>\n<p>Abgesehen von den vielen tollen Spielen, die es hier bereits gibt, haben Sie viele M\u00f6glichkeiten, selbst kreativ zu werden. Wenn Ihre Kinder schon kleine Europa-Experten sind, haben sie bestimmt Lust, ihr Wissen praktisch anzuwenden und anschlie\u00dfend gemeinsam zu erproben. Daf\u00fcr eignen sich ganz unterschiedliche Ideen, je nach Zeit- und Arbeitsaufwand:<\/p>\n<ul>\n<li><strong>Memory oder Domino<\/strong>, z. B. L\u00e4nder und Flaggen, L\u00e4nder und Hauptst\u00e4dte, L\u00e4nder und \u201eGuten Tag!\u201c in der Landessprache<\/li>\n<li><strong>Quiz<\/strong>, z. B. als Multiple Choice, vielleicht sogar im Format einer <strong>Spielshow<\/strong> mit Moderator, Publikum, Teilnehmern und Jokern?<\/li>\n<li><strong>Brettspiele<\/strong>, z. B. eine Reise durch Europa<\/li>\n<li><strong>R\u00e4tsel<\/strong>, z. B. im Internet selbst erstellte Suchsel oder Kreuzwortr\u00e4tsel (f\u00fcr ein wenig zus\u00e4tzliche Medienkompetenz)<\/li>\n<li>ein eigenes <strong>Europa-Puzzle<\/strong>, z. B. aus laminiertem Papier oder auch Holz<\/li>\n<\/ul>\n<p>Zwei kleine Suchsel zu Deutschlands Nachbarl\u00e4ndern und ihren Hauptst\u00e4dten haben wir hier f\u00fcr Sie zum Download.<\/p>\n<\/div><\/section><\/div>\n\n<style type=\"text\/css\" data-created_by=\"avia_inline_auto\" id=\"style-css-av-l4aumc-0f0a792a4eabed59288118661576b8d2\">\n.flex_column.av-l4aumc-0f0a792a4eabed59288118661576b8d2{\nborder-radius:0px 0px 0px 0px;\npadding:0 0 0 0;\n}\n<\/style>\n<div  class='flex_column av-l4aumc-0f0a792a4eabed59288118661576b8d2 av_one_full  avia-builder-el-40  el_after_av_one_full  el_before_av_one_full  first flex_column_div av-zero-column-padding  column-top-margin'     ><style type=\"text\/css\" data-created_by=\"avia_inline_auto\" id=\"style-css-av-lyd2g6qn-f3efa1e61b87ea24b33f55b57cfbc010\">\n#top .avia-gallery.av-lyd2g6qn-f3efa1e61b87ea24b33f55b57cfbc010 .avia-gallery-thumb a{\nwidth:20%;\n}\n<\/style>\n<div  class='avia-gallery av-lyd2g6qn-f3efa1e61b87ea24b33f55b57cfbc010 avia_animate_when_visible  avia-builder-el-41  avia-builder-el-no-sibling  avia_lazyload avia-gallery-animate avia-gallery-2' ><meta itemprop=\"contentURL\" content=\"https:\/\/www.backwinkel.de\/blog\/europa-und-wir\/\"><div class='avia-gallery-thumb'><a href=\"https:\/\/www.backwinkel.de\/blog\/wp-content\/uploads\/2024\/07\/Hauptstaedte_deutschland21-scaled.jpg\" data-srcset=\"https:\/\/www.backwinkel.de\/blog\/wp-content\/uploads\/2024\/07\/Hauptstaedte_deutschland21-scaled.jpg 1810w, https:\/\/www.backwinkel.de\/blog\/wp-content\/uploads\/2024\/07\/Hauptstaedte_deutschland21-1086x1536.jpg 1086w\" data-sizes=\"(max-width: 728px) 100vw, 728px\" data-rel='gallery-2' data-prev-img='https:\/\/www.backwinkel.de\/blog\/wp-content\/uploads\/2024\/07\/Hauptstaedte_deutschland21-scaled.jpg' class='first_thumb lightbox ' data-onclick='1' title='Hauptstaedte_deutschland21'  ><img decoding=\"async\" fetchpriority=\"high\" class=\"wp-image-14498 avia-img-lazy-loading-not-14498\"   src=\"https:\/\/www.backwinkel.de\/blog\/wp-content\/uploads\/2024\/07\/Hauptstaedte_deutschland21-scaled.jpg\" width=\"283\" height=\"400\"  title='Hauptstaedte_deutschland21' alt='' srcset=\"https:\/\/www.backwinkel.de\/blog\/wp-content\/uploads\/2024\/07\/Hauptstaedte_deutschland21-scaled.jpg 1810w, https:\/\/www.backwinkel.de\/blog\/wp-content\/uploads\/2024\/07\/Hauptstaedte_deutschland21-1086x1536.jpg 1086w\" sizes=\"(max-width: 283px) 100vw, 283px\" \/><div class='big-prev-fake'><img decoding=\"async\" loading=\"lazy\" class=\"wp-image-14498 avia-img-lazy-loading-14498\"  width=\"283\" height=\"400\" src=\"https:\/\/www.backwinkel.de\/blog\/wp-content\/uploads\/2024\/07\/Hauptstaedte_deutschland21-scaled.jpg\" title='Hauptstaedte_deutschland21' alt='' srcset=\"https:\/\/www.backwinkel.de\/blog\/wp-content\/uploads\/2024\/07\/Hauptstaedte_deutschland21-scaled.jpg 1810w, https:\/\/www.backwinkel.de\/blog\/wp-content\/uploads\/2024\/07\/Hauptstaedte_deutschland21-1086x1536.jpg 1086w\" sizes=\"auto, (max-width: 283px) 100vw, 283px\" \/><\/div><\/a><a href=\"https:\/\/www.backwinkel.de\/blog\/wp-content\/uploads\/2024\/07\/Nachbarlaender_deutschland6-scaled.jpg\" data-srcset=\"https:\/\/www.backwinkel.de\/blog\/wp-content\/uploads\/2024\/07\/Nachbarlaender_deutschland6-scaled.jpg 1810w, https:\/\/www.backwinkel.de\/blog\/wp-content\/uploads\/2024\/07\/Nachbarlaender_deutschland6-1086x1536.jpg 1086w\" data-sizes=\"(max-width: 728px) 100vw, 728px\" data-rel='gallery-2' data-prev-img='https:\/\/www.backwinkel.de\/blog\/wp-content\/uploads\/2024\/07\/Nachbarlaender_deutschland6-scaled.jpg' class='lightbox ' data-onclick='2' title='Nachbarlaender_deutschland6'  ><img decoding=\"async\" fetchpriority=\"high\" class=\"wp-image-14499 avia-img-lazy-loading-not-14499\"   src=\"https:\/\/www.backwinkel.de\/blog\/wp-content\/uploads\/2024\/07\/Nachbarlaender_deutschland6-scaled.jpg\" width=\"283\" height=\"400\"  title='Nachbarlaender_deutschland6' alt='' srcset=\"https:\/\/www.backwinkel.de\/blog\/wp-content\/uploads\/2024\/07\/Nachbarlaender_deutschland6-scaled.jpg 1810w, https:\/\/www.backwinkel.de\/blog\/wp-content\/uploads\/2024\/07\/Nachbarlaender_deutschland6-1086x1536.jpg 1086w\" sizes=\"(max-width: 283px) 100vw, 283px\" \/><div class='big-prev-fake'><img decoding=\"async\" loading=\"lazy\" class=\"wp-image-14499 avia-img-lazy-loading-14499\"  width=\"283\" height=\"400\" src=\"https:\/\/www.backwinkel.de\/blog\/wp-content\/uploads\/2024\/07\/Nachbarlaender_deutschland6-scaled.jpg\" title='Nachbarlaender_deutschland6' alt='' srcset=\"https:\/\/www.backwinkel.de\/blog\/wp-content\/uploads\/2024\/07\/Nachbarlaender_deutschland6-scaled.jpg 1810w, https:\/\/www.backwinkel.de\/blog\/wp-content\/uploads\/2024\/07\/Nachbarlaender_deutschland6-1086x1536.jpg 1086w\" sizes=\"auto, (max-width: 283px) 100vw, 283px\" \/><\/div><\/a><\/div><\/div><\/div>\n\n<style type=\"text\/css\" data-created_by=\"avia_inline_auto\" id=\"style-css-av-z58kro-483f05fcdbe3fe154270b6789f1e3cb6\">\n.flex_column.av-z58kro-483f05fcdbe3fe154270b6789f1e3cb6{\nborder-radius:0px 0px 0px 0px;\npadding:0px 0px 0px 0px;\n}\n<\/style>\n<div  class='flex_column av-z58kro-483f05fcdbe3fe154270b6789f1e3cb6 av_one_full  avia-builder-el-42  el_after_av_one_full  el_before_av_one_third  first flex_column_div av-zero-column-padding  column-top-margin'     ><section  class='av_textblock_section av-ly8pt7hx-55fc9d76dc0da7acf9b3dd8c2566d18d '  ><div class='avia_textblock' ><p><strong>Malen, Basteln und mehr rund um Europa <\/strong><\/p>\n<p>Im Internet finden Sie <strong>Malvorlagen<\/strong> f\u00fcr Flaggen, Europakarten und nat\u00fcrlich auch verschiedene Motive zu den einzelnen L\u00e4ndern, beispielsweise zu dem Suchbegriff \u201eFrankreich Ausmalbild\u201c.<\/p>\n<p>Eine tolle Alternative ist es, die <strong>Mini-Flaggen<\/strong> nicht zu malen, sondern zu <strong>h\u00e4keln<\/strong>. Falls Sie sich f\u00fcr einzelne <strong>Sehensw\u00fcrdigkeiten<\/strong> entscheiden, kommen auch verschiedene Modelle infrage: ob ein Klebebild oder ein Legebild (aus Fr\u00fcchten), eine <strong>Skulptur<\/strong> aus Legosteinen oder Strohhalmen oder vielleicht sogar ein get\u00f6pfertes Kunstwerk. Lassen Sie einfach Ihrer Fantasie freien Lauf.<\/p>\n<p>Nat\u00fcrlich laden auch die vielen leckeren <strong>Rezepte <\/strong>aus verschiedenen L\u00e4ndern zum gemeinsamen <strong>Kochen und Genie\u00dfen<\/strong> ein. Wer wei\u00df, welche Ideen Ihre Kinder au\u00dferdem noch haben.<\/p>\n<\/div><\/section><\/div>\n<div class='flex_column_table av-kw0oyv-e2ab43d4a4970d1369878ef28ec257ca sc-av_one_third av-equal-height-column-flextable'>\n<style type=\"text\/css\" data-created_by=\"avia_inline_auto\" id=\"style-css-av-kw0oyv-e2ab43d4a4970d1369878ef28ec257ca\">\n.flex_column.av-kw0oyv-e2ab43d4a4970d1369878ef28ec257ca{\nborder-width:1px;\nborder-color:#ebebeb;\nborder-style:solid;\nborder-radius:0px 0px 0px 0px;\npadding:10px 10px 10px 10px;\n}\n<\/style>\n<div  class='flex_column av-kw0oyv-e2ab43d4a4970d1369878ef28ec257ca av_one_third  avia-builder-el-44  el_after_av_one_full  el_before_av_one_third  first flex_column_table_cell av-equal-height-column av-align-top  column-top-margin'     ><p><section  class='av_textblock_section av-jp7uaf-720b0ef4fc560994206b13078ac64967 '  ><div class='avia_textblock' ><p><img decoding=\"async\" class=\"alignnone wp-image-14483 size-full\" src=\"https:\/\/blog.backwinkel.de\/wp-content\/uploads\/2024\/07\/35606_modellier-set_b-1.jpg\" alt=\"\" width=\"700\" height=\"700\" srcset=\"https:\/\/www.backwinkel.de\/blog\/wp-content\/uploads\/2024\/07\/35606_modellier-set_b-1.jpg 700w, https:\/\/www.backwinkel.de\/blog\/wp-content\/uploads\/2024\/07\/35606_modellier-set_b-1-36x36.jpg 36w, https:\/\/www.backwinkel.de\/blog\/wp-content\/uploads\/2024\/07\/35606_modellier-set_b-1-180x180.jpg 180w\" sizes=\"(max-width: 700px) 100vw, 700px\" \/><\/p>\n<p style=\"font-size: 20px; font-family: urw_grotesk_extra_narrowrg; text-align: left;\">Wandkarte Europa<\/p>\n<p style=\"text-align: left;\"><div  class='avia-button-wrap av-h72tav-7210ec309d3cd3dc80e805e5130adb52-wrap avia-button-center  avia-builder-el-46  avia-builder-el-no-sibling '><a href='https:\/\/www.backwinkel.de\/prod\/wandkarten-europa.html'  class='avia-button av-h72tav-7210ec309d3cd3dc80e805e5130adb52 av-link-btn avia-icon_select-no avia-size-medium avia-position-center avia-color-theme-color'  target=\"_blank\"  rel=\"noopener noreferrer\"  aria-label=\"zum Produkt\"><span class='avia_iconbox_title' >zum Produkt<\/span><\/a><\/div><\/p>\n<\/div><\/section><br \/>\n\n<style type=\"text\/css\" data-created_by=\"avia_inline_auto\" id=\"style-css-av-f2syzr-5f3953bacdb07559a49638fe94417a75\">\n#top .hr.hr-invisible.av-f2syzr-5f3953bacdb07559a49638fe94417a75{\nheight:20px;\n}\n<\/style>\n<div  class='hr av-f2syzr-5f3953bacdb07559a49638fe94417a75 hr-invisible  avia-builder-el-47  el_after_av_textblock  avia-builder-el-last '><span class='hr-inner '><span class=\"hr-inner-style\"><\/span><\/span><\/div><\/p><\/div>\n<div class='av-flex-placeholder'><\/div>\n<style type=\"text\/css\" data-created_by=\"avia_inline_auto\" id=\"style-css-av-dzsv5j-0e39202c82d98430e063b195cbdd5476\">\n.flex_column.av-dzsv5j-0e39202c82d98430e063b195cbdd5476{\nborder-width:1px;\nborder-color:#ebebeb;\nborder-style:solid;\nborder-radius:0px 0px 0px 0px;\npadding:10px 10px 10px 10px;\n}\n<\/style>\n<div  class='flex_column av-dzsv5j-0e39202c82d98430e063b195cbdd5476 av_one_third  avia-builder-el-48  el_after_av_one_third  el_before_av_one_third  flex_column_table_cell av-equal-height-column av-align-top  column-top-margin'     ><p><section  class='av_textblock_section av-clhqjb-633e1d97713cb5a3befcd462a96988a9 '  ><div class='avia_textblock' ><p><img decoding=\"async\" class=\"alignnone wp-image-14478 size-full\" src=\"https:\/\/blog.backwinkel.de\/wp-content\/uploads\/2024\/07\/35606_modellier-set_b.jpg\" alt=\"\" width=\"700\" height=\"700\" srcset=\"https:\/\/www.backwinkel.de\/blog\/wp-content\/uploads\/2024\/07\/35606_modellier-set_b.jpg 700w, https:\/\/www.backwinkel.de\/blog\/wp-content\/uploads\/2024\/07\/35606_modellier-set_b-36x36.jpg 36w, https:\/\/www.backwinkel.de\/blog\/wp-content\/uploads\/2024\/07\/35606_modellier-set_b-180x180.jpg 180w\" sizes=\"(max-width: 700px) 100vw, 700px\" \/><\/p>\n<p style=\"font-size: 20px; font-family: urw_grotesk_extra_narrowrg; text-align: left;\">Modellier-Set<\/p>\n<p style=\"text-align: left;\"><div  class='avia-button-wrap av-bcufvr-e4ffd564ef7a7fa67e6dfa466f0dbf6b-wrap avia-button-center  avia-builder-el-50  avia-builder-el-no-sibling '><a href='https:\/\/www.backwinkel.de\/prod\/modellier-set.html'  class='avia-button av-bcufvr-e4ffd564ef7a7fa67e6dfa466f0dbf6b av-link-btn avia-icon_select-no avia-size-medium avia-position-center avia-color-theme-color'  target=\"_blank\"  rel=\"noopener noreferrer\"  aria-label=\"zum Produkt\"><span class='avia_iconbox_title' >zum Produkt<\/span><\/a><\/div><\/p>\n<\/div><\/section><br \/>\n\n<style type=\"text\/css\" data-created_by=\"avia_inline_auto\" id=\"style-css-av-9ggt1z-26759370d6fa5e1a5aa9f4de07639665\">\n#top .hr.hr-invisible.av-9ggt1z-26759370d6fa5e1a5aa9f4de07639665{\nheight:20px;\n}\n<\/style>\n<div  class='hr av-9ggt1z-26759370d6fa5e1a5aa9f4de07639665 hr-invisible  avia-builder-el-51  el_after_av_textblock  avia-builder-el-last '><span class='hr-inner '><span class=\"hr-inner-style\"><\/span><\/span><\/div><\/p><\/div>\n<div class='av-flex-placeholder'><\/div>\n<style type=\"text\/css\" data-created_by=\"avia_inline_auto\" id=\"style-css-av-78xamv-526a0c34e2937acccf69e37579bbfeb0\">\n.flex_column.av-78xamv-526a0c34e2937acccf69e37579bbfeb0{\nborder-width:1px;\nborder-color:#ebebeb;\nborder-style:solid;\nborder-radius:0px 0px 0px 0px;\npadding:10px 10px 10px 10px;\n}\n<\/style>\n<div  class='flex_column av-78xamv-526a0c34e2937acccf69e37579bbfeb0 av_one_third  avia-builder-el-52  el_after_av_one_third  el_before_av_one_full  flex_column_table_cell av-equal-height-column av-align-top  column-top-margin'     ><p><section  class='av_textblock_section av-5k4q1z-26cc5b8ff9decc73c9c3e3ebc02c2e6f '  ><div class='avia_textblock' ><p><img decoding=\"async\" class=\"alignnone wp-image-14479 size-full\" src=\"https:\/\/blog.backwinkel.de\/wp-content\/uploads\/2024\/07\/40873-puzzlekarte-europa-heutink.jpg\" alt=\"\" width=\"700\" height=\"700\" srcset=\"https:\/\/www.backwinkel.de\/blog\/wp-content\/uploads\/2024\/07\/40873-puzzlekarte-europa-heutink.jpg 700w, https:\/\/www.backwinkel.de\/blog\/wp-content\/uploads\/2024\/07\/40873-puzzlekarte-europa-heutink-36x36.jpg 36w, https:\/\/www.backwinkel.de\/blog\/wp-content\/uploads\/2024\/07\/40873-puzzlekarte-europa-heutink-180x180.jpg 180w\" sizes=\"(max-width: 700px) 100vw, 700px\" \/><\/p>\n<p style=\"font-size: 20px; font-family: urw_grotesk_extra_narrowrg; text-align: left;\">Nienhuis Puzzlekarte Europa<\/p>\n<p style=\"text-align: left;\"><div  class='avia-button-wrap av-3pwgpz-a06a9f44f4e19a7336f6fb7f6880b504-wrap avia-button-center  avia-builder-el-54  avia-builder-el-no-sibling '><a href='https:\/\/www.backwinkel.de\/prod\/nienhuis-puzzlekarte-europa.html'  class='avia-button av-3pwgpz-a06a9f44f4e19a7336f6fb7f6880b504 av-link-btn avia-icon_select-no avia-size-medium avia-position-center avia-color-theme-color'  target=\"_blank\"  rel=\"noopener noreferrer\"  aria-label=\"zum Produkt\"><span class='avia_iconbox_title' >zum Produkt<\/span><\/a><\/div><\/p>\n<\/div><\/section><br \/>\n\n<style type=\"text\/css\" data-created_by=\"avia_inline_auto\" id=\"style-css-av-2vv593-008f82c542d1a990bfda6abd83868c1e\">\n#top .hr.hr-invisible.av-2vv593-008f82c542d1a990bfda6abd83868c1e{\nheight:20px;\n}\n<\/style>\n<div  class='hr av-2vv593-008f82c542d1a990bfda6abd83868c1e hr-invisible  avia-builder-el-55  el_after_av_textblock  avia-builder-el-last '><span class='hr-inner '><span class=\"hr-inner-style\"><\/span><\/span><\/div><\/p><\/div><\/div><!--close column table wrapper. Autoclose: 1 -->\n\n<style type=\"text\/css\" data-created_by=\"avia_inline_auto\" id=\"style-css-av-jley1l06-be8863a15e87d33f314fbd4b76b14014\">\n.flex_column.av-jley1l06-be8863a15e87d33f314fbd4b76b14014{\nborder-radius:0px 0px 0px 0px;\npadding:10px 10px 10px 10px;\nbackground-color:#f2f2f2;\n}\n<\/style>\n<div  class='flex_column av-jley1l06-be8863a15e87d33f314fbd4b76b14014 av_one_full  avia-builder-el-56  el_after_av_one_third  el_before_av_one_full  first flex_column_div  column-top-margin'     ><section  class='av_textblock_section av-jkuvcso3-5-5c6860626657f0ec318095798effdcc6 '  ><div class='avia_textblock' ><p class=\"fussnoten-quellen\"><strong>Auch interessant:<br \/>\n<\/strong><\/p>\n<p class=\"fussnoten-quellen\"><a href=\"https:\/\/www.backwinkel.de\/cat\/lehrmittel-daz-deutsch-als-zweitsprache\/\" target=\"_blank\" rel=\"noopener\">DaZ \u2013 Deutsch als Zweitsprache<\/a><\/p>\n<p><a href=\"https:\/\/www.backwinkel.de\/cat\/lehrmittel-deutschland-und-die-welt\/\" target=\"_blank\" rel=\"noopener\">Sachunterricht: Deutschland &amp; die Welt<\/a><\/p>\n<p><a href=\"https:\/\/www.backwinkel.de\/blog\/demokratiebildung\/\" target=\"_blank\" rel=\"noopener\">Miteinander lernen: So geht Demokratiebildung in der Grundschule<\/a><\/p>\n<p><a href=\"https:\/\/www.backwinkel.de\/blog\/klassensprecher\/\" target=\"_blank\" rel=\"noopener\">Klassensprecher: Darum ist die Demokratiebildung schon in der Grundschule 1. Wahl<\/a><\/p>\n<p><a href=\"https:\/\/www.backwinkel.de\/blog\/startchancen-programm\/\" target=\"_blank\" rel=\"noopener\">Startchancen-Programm: Jetzt gehts los, das m\u00fcssen Schulen unbedingt wissen!<\/a><\/p>\n<\/div><\/section><\/div>\n\n<style type=\"text\/css\" data-created_by=\"avia_inline_auto\" id=\"style-css-av-1bxvnic-c2d0ba649d3598582792c9d7be25608d\">\n.flex_column.av-1bxvnic-c2d0ba649d3598582792c9d7be25608d{\nborder-radius:0px 0px 0px 0px;\npadding:10px 10px 10px 10px;\nbackground-color:#f2f2f2;\n}\n<\/style>\n<div  class='flex_column av-1bxvnic-c2d0ba649d3598582792c9d7be25608d av_one_full  avia-builder-el-58  el_after_av_one_full  el_before_av_one_full  first flex_column_div  column-top-margin'     ><section  class='av_textblock_section av-ozk50k-7f6c586f12cb6270d6f762c0460d7dfe '  ><div class='avia_textblock' ><p class=\"fussnoten-quellen\"><strong>Lesestoff: <\/strong><\/p>\n<p>Acharya, Shruti: 10 enchanting Eiffel Tower crafts for Eiffel Tower crafts for kids:<br \/>\n<a href=\"https:\/\/artsycraftsymom.com\/eiffel-tower-crafts-for-kids\/\" target=\"_blank\" rel=\"noopener\">https:\/\/artsycraftsymom.com\/eiffel-tower-crafts-for-kids\/<\/a><\/p>\n<p>Mischer, Juliane: Junge EU-B\u00fcrger f\u00fchlen sich als Europ\u00e4er, 16.05.2019:<br \/>\n<a href=\"https:\/\/www.hs-fresenius.de\/blog\/wissen\/junge-eu-buerger-fuehlen-sich-als-europaeer\/\" target=\"_blank\" rel=\"noopener\">https:\/\/www.hs-fresenius.de\/blog\/wissen\/junge-eu-buerger-fuehlen-sich-als-europaeer\/<\/a><\/p>\n<p><strong>Unterrichtsmaterialien zum Thema Europa in der Grundschule <\/strong>zum kostenfreien Herunterladen:<\/p>\n<p>Amt f\u00fcr Ver\u00f6ffentlichung der Europ\u00e4ischen Union: Der kleine Stern in Europa von Jakob Werth, 2021:<br \/>\n<a href=\"https:\/\/op.europa.eu\/de\/publication-detail\/-\/publication\/fc9bf162-5e22-11ec-9c6c-01aa75ed71a1\/language-de\" target=\"_blank\" rel=\"noopener\">https:\/\/op.europa.eu\/de\/publication-detail\/-\/publication\/fc9bf162-5e22-11ec-9c6c-01aa75ed71a1\/language-de<\/a><\/p>\n<p>Deutscher Bildungsserver: Kinderseiten Europa:<br \/>\n<a href=\"https:\/\/www.bildungsserver.de\/europa-3497-de.html\" target=\"_blank\" rel=\"noopener\">https:\/\/www.bildungsserver.de\/europa-3497-de.html<\/a><\/p>\n<p>Portr\u00e4ts aller europ\u00e4ischen L\u00e4nder (sehr faktisch und zahlenlastig, aber die Rubrik \u201eWusstest du schon, dass\u201c lohnt sich):<br \/>\n<a href=\"https:\/\/www.bpb.de\/system\/files\/pdf\/VDUF2F.pdf\" target=\"_blank\" rel=\"noopener\">https:\/\/www.bpb.de\/system\/files\/pdf\/VDUF2F.pdf<\/a><\/p>\n<p>Europ\u00e4ische Kommission: Entdecke Europa!, 2023:<br \/>\n<a href=\"https:\/\/learning-corner.learning.europa.eu\/learning-materials\/lets-explore-europe_de\" target=\"_blank\" rel=\"noopener\">https:\/\/learning-corner.learning.europa.eu\/learning-materials\/lets-explore-europe_de<\/a><\/p>\n<p>Landeszentrale f\u00fcr politische Bildung Baden-W\u00fcrttemberg: Europa \u2013 Wissen und Materialien (das Meiste ist eher f\u00fcr weiterf\u00fchrende Schulen geeignet):<br \/>\n<a href=\"https:\/\/www.europaimunterricht.de\" target=\"_blank\" rel=\"noopener\">https:\/\/www.europaimunterricht.de<\/a><\/p>\n<p>\u201eEntdeckt Europa!\u201c \u2013 Europa in der Grundschule + Arbeitsbl\u00e4tter:<br \/>\n<a href=\"https:\/\/www.kinderzeit.de\/news-detail-praxis\/entdeckt-europa-europa-in-der-grundschule.html\" target=\"_blank\" rel=\"noopener\">https:\/\/www.kinderzeit.de\/news-detail-praxis\/entdeckt-europa-europa-in-der-grundschule.html<\/a><\/p>\n<p>logo!-Lexikon: L\u00e4nder von A bis Z:<br \/>\n<a href=\"https:\/\/www.zdf.de\/kinder\/logo\/laenderlexikon-100.html\" target=\"_blank\" rel=\"noopener\">https:\/\/www.zdf.de\/kinder\/logo\/laenderlexikon-100.html<\/a><\/p>\n<p>Rembold, Daniela: Die Nachbarl\u00e4nder Deutschlands (Selbstlernheft):<br \/>\n<a href=\"https:\/\/ideenreise-blog.de\/2021\/01\/die-nachbarlaender-deutschlands-selbstlernheft.html\" target=\"_blank\" rel=\"noopener\">https:\/\/ideenreise-blog.de\/2021\/01\/die-nachbarlaender-deutschlands-selbstlernheft.html<\/a><\/p>\n<p>Rembold, Daniela: Kleine Sachkartei zu den Nachbarl\u00e4ndern Deutschlands:<br \/>\n<a href=\"https:\/\/ideenreise-blog.de\/2014\/11\/kleine-sachkartei-die-nachbarlander.html\" target=\"_blank\" rel=\"noopener\">https:\/\/ideenreise-blog.de\/2014\/11\/kleine-sachkartei-die-nachbarlander.html<\/a><\/p>\n<p>Zena: Projektwoche \u201eReise um die Welt\u201c (umfasst zwar alle Kontinente, ist aber sehr inspirierend und verlinkt alle verwendeten Materialien):<br \/>\n<a href=\"https:\/\/www.grundschulteacher.de\/projektwoche-reise-um-die-welt\/\" target=\"_blank\" rel=\"noopener\">https:\/\/www.grundschulteacher.de\/projektwoche-reise-um-die-welt\/<\/a><\/p>\n<\/div><\/section><\/div>\n\n<style type=\"text\/css\" data-created_by=\"avia_inline_auto\" id=\"style-css-av-4a8f13-8282735e1a69d4252a8ab107757df204\">\n.flex_column.av-4a8f13-8282735e1a69d4252a8ab107757df204{\nborder-radius:0px 0px 0px 0px;\npadding:10px 10px 10px 10px;\n}\n<\/style>\n<div  class='flex_column av-4a8f13-8282735e1a69d4252a8ab107757df204 av_one_full  avia-builder-el-60  el_after_av_one_full  el_before_av_one_full  first flex_column_div  column-top-margin'     ><section  class='av_textblock_section av-2ibyo7-105f90c883c0b4406936f8076e5ba294 '  ><div class='avia_textblock' ><p class=\"copyright\"><strong>\u00a9 Copyright \u2013 Urheberrechtshinweis<\/strong><br \/>\nAlle Inhalte auf www.backwinkel.de sowie www.backwinkel.de\/blog, insbesondere Texte, Fotografien und Grafiken, sind urheberrechtlich gesch\u00fctzt.<br \/>\nDas Urheberrecht liegt, soweit nicht ausdr\u00fccklich anders gekennzeichnet, bei der BACKWINKEL GmbH. Bitte fragen Sie uns, falls Sie die Inhalte dieses Internetangebotes verwenden m\u00f6chten.<br \/>\nWer gegen das Urheberrecht verst\u00f6\u00dft (z. B. Bilder oder Texte unerlaubt kopiert), macht sich gem. \u00a7\u00a7 106 ff UrhG strafbar, wird zudem kostenpflichtig abgemahnt und muss Schadensersatz leisten (\u00a7 97 UrhG).<\/p>\n<\/div><\/section><\/div>\n\n<style type=\"text\/css\" data-created_by=\"avia_inline_auto\" id=\"style-css-av-1p82t-b0e9719fe6c67aa5c6d1abf813961e55\">\n.flex_column.av-1p82t-b0e9719fe6c67aa5c6d1abf813961e55{\nborder-radius:0px 0px 0px 0px;\npadding:0px 0px 0px 0px;\n}\n<\/style>\n<div  class='flex_column av-1p82t-b0e9719fe6c67aa5c6d1abf813961e55 av_one_full  avia-builder-el-62  el_after_av_one_full  avia-builder-el-last  first flex_column_div av-zero-column-padding  column-top-margin'     ><p><section  class='av_textblock_section av-jlp4hxqo-91baaad30cd61f89630d15f8561d1750 '  ><div class='avia_textblock' ><div class=\"shariff shariff-align-left shariff-widget-align-left\"><ul class=\"shariff-buttons theme-color orientation-horizontal buttonsize-medium\"><li class=\"shariff-button whatsapp shariff-nocustomcolor\" style=\"background-color:#5cbe4a\"><a href=\"https:\/\/api.whatsapp.com\/send?text=https%3A%2F%2Fwww.backwinkel.de%2Fblog%2Feuropa-und-wir%2F%20Europa%20und%20wir\" title=\"Bei Whatsapp teilen\" aria-label=\"Bei Whatsapp teilen\" role=\"button\" rel=\"noopener nofollow\" class=\"shariff-link\" style=\"; background-color:#34af23; color:#fff\" target=\"_blank\"><span class=\"shariff-icon\" style=\"\"><svg width=\"32px\" height=\"20px\" xmlns=\"http:\/\/www.w3.org\/2000\/svg\" viewBox=\"0 0 32 32\"><path fill=\"#34af23\" d=\"M17.6 17.4q0.2 0 1.7 0.8t1.6 0.9q0 0.1 0 0.3 0 0.6-0.3 1.4-0.3 0.7-1.3 1.2t-1.8 0.5q-1 0-3.4-1.1-1.7-0.8-3-2.1t-2.6-3.3q-1.3-1.9-1.3-3.5v-0.1q0.1-1.6 1.3-2.8 0.4-0.4 0.9-0.4 0.1 0 0.3 0t0.3 0q0.3 0 0.5 0.1t0.3 0.5q0.1 0.4 0.6 1.6t0.4 1.3q0 0.4-0.6 1t-0.6 0.8q0 0.1 0.1 0.3 0.6 1.3 1.8 2.4 1 0.9 2.7 1.8 0.2 0.1 0.4 0.1 0.3 0 1-0.9t0.9-0.9zM14 26.9q2.3 0 4.3-0.9t3.6-2.4 2.4-3.6 0.9-4.3-0.9-4.3-2.4-3.6-3.6-2.4-4.3-0.9-4.3 0.9-3.6 2.4-2.4 3.6-0.9 4.3q0 3.6 2.1 6.6l-1.4 4.2 4.3-1.4q2.8 1.9 6.2 1.9zM14 2.2q2.7 0 5.2 1.1t4.3 2.9 2.9 4.3 1.1 5.2-1.1 5.2-2.9 4.3-4.3 2.9-5.2 1.1q-3.5 0-6.5-1.7l-7.4 2.4 2.4-7.2q-1.9-3.2-1.9-6.9 0-2.7 1.1-5.2t2.9-4.3 4.3-2.9 5.2-1.1z\"\/><\/svg><\/span><span class=\"shariff-text\">teilen<\/span>&nbsp;<\/a><\/li><li class=\"shariff-button facebook shariff-nocustomcolor\" style=\"background-color:#4273c8\"><a href=\"https:\/\/www.facebook.com\/sharer\/sharer.php?u=https%3A%2F%2Fwww.backwinkel.de%2Fblog%2Feuropa-und-wir%2F\" title=\"Bei Facebook teilen\" aria-label=\"Bei Facebook teilen\" role=\"button\" rel=\"nofollow\" class=\"shariff-link\" style=\"; background-color:#3b5998; color:#fff\" target=\"_blank\"><span class=\"shariff-icon\" style=\"\"><svg width=\"32px\" height=\"20px\" xmlns=\"http:\/\/www.w3.org\/2000\/svg\" viewBox=\"0 0 18 32\"><path fill=\"#3b5998\" d=\"M17.1 0.2v4.7h-2.8q-1.5 0-2.1 0.6t-0.5 1.9v3.4h5.2l-0.7 5.3h-4.5v13.6h-5.5v-13.6h-4.5v-5.3h4.5v-3.9q0-3.3 1.9-5.2t5-1.8q2.6 0 4.1 0.2z\"\/><\/svg><\/span><span class=\"shariff-text\">teilen<\/span>&nbsp;<\/a><\/li><li class=\"shariff-button twitter shariff-nocustomcolor\" style=\"background-color:#595959\"><a href=\"https:\/\/twitter.com\/share?url=https%3A%2F%2Fwww.backwinkel.de%2Fblog%2Feuropa-und-wir%2F&text=Europa%20und%20wir\" title=\"Bei X teilen\" aria-label=\"Bei X teilen\" role=\"button\" rel=\"noopener nofollow\" class=\"shariff-link\" style=\"; background-color:#000; color:#fff\" target=\"_blank\"><span class=\"shariff-icon\" style=\"\"><svg width=\"32px\" height=\"20px\" xmlns=\"http:\/\/www.w3.org\/2000\/svg\" viewBox=\"0 0 24 24\"><path fill=\"#000\" d=\"M14.258 10.152L23.176 0h-2.113l-7.747 8.813L7.133 0H0l9.352 13.328L0 23.973h2.113l8.176-9.309 6.531 9.309h7.133zm-2.895 3.293l-.949-1.328L2.875 1.56h3.246l6.086 8.523.945 1.328 7.91 11.078h-3.246zm0 0\"\/><\/svg><\/span><span class=\"shariff-text\">teilen<\/span>&nbsp;<\/a><\/li><li class=\"shariff-button pinterest shariff-nocustomcolor\" style=\"background-color:#e70f18\"><a href=\"https:\/\/www.pinterest.com\/pin\/create\/link\/?url=https%3A%2F%2Fwww.backwinkel.de%2Fblog%2Feuropa-und-wir%2F&media=https%3A%2F%2Fwww.backwinkel.de%2Fblog%2Fwp-content%2Fuploads%2F2024%2F07%2FEuropa-heroimage.jpg&description=Europa%20und%20wir\" title=\"Bei Pinterest pinnen\" aria-label=\"Bei Pinterest pinnen\" role=\"button\" rel=\"noopener nofollow\" class=\"shariff-link\" style=\"; background-color:#cb2027; color:#fff\" target=\"_blank\"><span class=\"shariff-icon\" style=\"\"><svg width=\"32px\" height=\"20px\" xmlns=\"http:\/\/www.w3.org\/2000\/svg\" viewBox=\"0 0 27 32\"><path fill=\"#cb2027\" d=\"M27.4 16q0 3.7-1.8 6.9t-5 5-6.9 1.9q-2 0-3.9-0.6 1.1-1.7 1.4-2.9 0.2-0.6 1-3.8 0.4 0.7 1.3 1.2t2 0.5q2.1 0 3.8-1.2t2.7-3.4 0.9-4.8q0-2-1.1-3.8t-3.1-2.9-4.5-1.2q-1.9 0-3.5 0.5t-2.8 1.4-2 2-1.2 2.3-0.4 2.4q0 1.9 0.7 3.3t2.1 2q0.5 0.2 0.7-0.4 0-0.1 0.1-0.5t0.2-0.5q0.1-0.4-0.2-0.8-0.9-1.1-0.9-2.7 0-2.7 1.9-4.6t4.9-2q2.7 0 4.2 1.5t1.5 3.8q0 3-1.2 5.2t-3.1 2.1q-1.1 0-1.7-0.8t-0.4-1.9q0.1-0.6 0.5-1.7t0.5-1.8 0.2-1.4q0-0.9-0.5-1.5t-1.4-0.6q-1.1 0-1.9 1t-0.8 2.6q0 1.3 0.4 2.2l-1.8 7.5q-0.3 1.2-0.2 3.2-3.7-1.6-6-5t-2.3-7.6q0-3.7 1.9-6.9t5-5 6.9-1.9 6.9 1.9 5 5 1.8 6.9z\"\/><\/svg><\/span><span class=\"shariff-text\">merken<\/span>&nbsp;<\/a><\/li><li class=\"shariff-button mailto shariff-nocustomcolor\" style=\"background-color:#a8a8a8\"><a href=\"mailto:?body=https%3A%2F%2Fwww.backwinkel.de%2Fblog%2Feuropa-und-wir%2F&subject=Europa%20und%20wir\" title=\"Per E-Mail versenden\" aria-label=\"Per E-Mail versenden\" role=\"button\" rel=\"noopener nofollow\" class=\"shariff-link\" style=\"; background-color:#999; color:#fff\"><span class=\"shariff-icon\" style=\"\"><svg width=\"32px\" height=\"20px\" xmlns=\"http:\/\/www.w3.org\/2000\/svg\" viewBox=\"0 0 32 32\"><path fill=\"#999\" d=\"M32 12.7v14.2q0 1.2-0.8 2t-2 0.9h-26.3q-1.2 0-2-0.9t-0.8-2v-14.2q0.8 0.9 1.8 1.6 6.5 4.4 8.9 6.1 1 0.8 1.6 1.2t1.7 0.9 2 0.4h0.1q0.9 0 2-0.4t1.7-0.9 1.6-1.2q3-2.2 8.9-6.1 1-0.7 1.8-1.6zM32 7.4q0 1.4-0.9 2.7t-2.2 2.2q-6.7 4.7-8.4 5.8-0.2 0.1-0.7 0.5t-1 0.7-0.9 0.6-1.1 0.5-0.9 0.2h-0.1q-0.4 0-0.9-0.2t-1.1-0.5-0.9-0.6-1-0.7-0.7-0.5q-1.6-1.1-4.7-3.2t-3.6-2.6q-1.1-0.7-2.1-2t-1-2.5q0-1.4 0.7-2.3t2.1-0.9h26.3q1.2 0 2 0.8t0.9 2z\"\/><\/svg><\/span><span class=\"shariff-text\">E-Mail<\/span>&nbsp;<\/a><\/li><\/ul><\/div>\n<\/div><\/section><br \/>\n<div  class='tabcontainer av-jlq8shhr-81242121e684ca07ed7e4b689c7d9116 top_tab  avia-builder-el-64  el_after_av_textblock  el_before_av_hr '>\n<section class='av_tab_section av_tab_section av-4w8jsn-bbdf9e923dedb1db49ad7c5dc47ef632' ><div id='tab-id-1-tab' class='tab active_tab' role='tab' aria-selected=\"true\" tabindex=\"0\" data-fake-id='#tab-id-1' aria-controls='tab-id-1-content' >Das BACKWINKEL-Blog-Team:<\/div><div id='tab-id-1-content' class='tab_content active_tab_content' role='tabpanel' aria-labelledby='tab-id-1-tab' aria-hidden=\"false\"><div class='tab_inner_content invers-color' ><p>Gibts auch ein Gesicht hinter dem BACKWINKEL-Blog? Nat\u00fcrlich. Sogar f\u00fcnf \ud83d\ude0a. Wir \u2013 Lukas, Marvin und Tatjana \u2013 bespielen unseren Blog im LACHEN LEBEN LERNEN-Firmensitz in Hattingen.<br \/>\nLukas kennt Onlinemarketing wie seine Westentasche, w\u00e4hrend Marvin unseren Beitr\u00e4gen den passenden gestalterischen Rahmen gibt und Tatjana mit dem gr\u00fcnen Korrekturstift alles pr\u00fcfend be\u00e4ugt, was unsere Freelancerautorinnen Elisa und Christine (und gern auch Gastautoren) aus der Ferne f\u00fcr den BACKWINKEL-Blog nach ordentlicher Recherche schreiben.<br \/>\nGemeinsam suchen wir st\u00e4ndig nach neuen, aufregenden Themen rund um das Thema Bildung im Kiga, der Schule und zu Hause. Und weil Sie da an der Quelle sitzen, freuen wir uns auf Ihre konstruktiven R\u00fcckmeldungen und Anregungen an blog[@]backwinkel.de<br \/>\nViel Spa\u00df beim LACHEN LESEN LERNEN!<\/p>\n<\/div><\/div><\/section>\n<\/div><br \/>\n\n<style type=\"text\/css\" data-created_by=\"avia_inline_auto\" id=\"style-css-av-jkuvdh82-b6ea5d9aca5d02d0d62bf300de93e492\">\n#top .hr.av-jkuvdh82-b6ea5d9aca5d02d0d62bf300de93e492{\nmargin-top:10px;\nmargin-bottom:10px;\n}\n.hr.av-jkuvdh82-b6ea5d9aca5d02d0d62bf300de93e492 .hr-inner{\nwidth:500;\n}\n<\/style>\n<div  class='hr av-jkuvdh82-b6ea5d9aca5d02d0d62bf300de93e492 hr-custom  avia-builder-el-65  el_after_av_tab_container  el_before_av_heading  hr-left hr-icon-no'><span class='hr-inner inner-border-av-border-thin'><span class=\"hr-inner-style\"><\/span><\/span><\/div><br \/>\n\n<style type=\"text\/css\" data-created_by=\"avia_inline_auto\" id=\"style-css-av-2rgq8p-eea5960d1a3bca7958b11dcc59b35b67\">\n#top .av-special-heading.av-2rgq8p-eea5960d1a3bca7958b11dcc59b35b67{\npadding-bottom:10px;\n}\nbody .av-special-heading.av-2rgq8p-eea5960d1a3bca7958b11dcc59b35b67 .av-special-heading-tag .heading-char{\nfont-size:25px;\n}\n.av-special-heading.av-2rgq8p-eea5960d1a3bca7958b11dcc59b35b67 .av-subheading{\nfont-size:15px;\n}\n<\/style>\n<div  class='av-special-heading av-2rgq8p-eea5960d1a3bca7958b11dcc59b35b67 av-special-heading-h3 blockquote modern-quote  avia-builder-el-66  el_after_av_hr  el_before_av_blog '><h3 class='av-special-heading-tag '  >PASSENDE BEITR\u00c4GE<\/h3><div class=\"special-heading-border\"><div class=\"special-heading-inner-border\"><\/div><\/div><\/div><br \/>\n<div  data-slideshow-options=\"{&quot;animation&quot;:&quot;fade&quot;,&quot;autoplay&quot;:false,&quot;loop_autoplay&quot;:&quot;once&quot;,&quot;interval&quot;:5,&quot;loop_manual&quot;:&quot;manual-endless&quot;,&quot;autoplay_stopper&quot;:false,&quot;noNavigation&quot;:false,&quot;show_slide_delay&quot;:90}\" class='avia-content-slider avia-content-grid-active avia-content-slider1 avia-content-slider-odd  avia-builder-el-67  el_after_av_heading  avia-builder-el-last  av-slideshow-ui av-control-default   av-no-slider-navigation av-slideshow-manual av-loop-once av-loop-manual-endless ' ><div class=\"avia-content-slider-inner\"><div class=\"slide-entry-wrap\"><article class='slide-entry flex_column  post-entry post-entry-18633 slide-entry-overview slide-loop-1 slide-parity-odd  av_one_third first real-thumbnail posttype-post post-format-standard' ><a href='https:\/\/www.backwinkel.de\/blog\/plastik-recyceln\/' data-rel='slide-1' class='slide-image' title='Plastik recyceln'><img decoding=\"async\" fetchpriority=\"high\" width=\"1200\" height=\"628\" src=\"https:\/\/www.backwinkel.de\/blog\/wp-content\/uploads\/2026\/04\/04_Kiga_Plastik_nachhaltig_nutzen.jpg\" class=\"wp-image-18713 avia-img-lazy-loading-not-18713 attachment-no scaling size-no scaling wp-post-image\" alt=\"\" \/><\/a><div class=\"slide-content\"><header class=\"entry-content-header\" aria-label=\"Slide: Plastik recyceln\"><h3 class='slide-entry-title entry-title ' ><a href='https:\/\/www.backwinkel.de\/blog\/plastik-recyceln\/' title='Plastik recyceln'>Plastik recyceln<\/a><\/h3><span class=\"blog-categories minor-meta\"><a href=\"https:\/\/www.backwinkel.de\/blog\/category\/kindergarten-kita\/\" rel=\"tag\">Kindergarten<\/a> <\/span><span class=\"av-vertical-delimiter\"><\/span><\/header><div class='slide-entry-excerpt entry-content' >Biokunststoff f\u00fcr St\u00fchle, Materialboxen, Spielzeug und Rucks\u00e4cke<\/div><\/div><footer class=\"entry-footer\"><div class=\"slide-meta\"><time class='slide-meta-time updated' >14. April 2026<\/time><\/div><\/footer><\/article><article class='slide-entry flex_column  post-entry post-entry-18716 slide-entry-overview slide-loop-2 slide-parity-even  av_one_third  real-thumbnail posttype-post post-format-standard' ><a href='https:\/\/www.backwinkel.de\/blog\/rechnen-im-anfangsunterricht\/' data-rel='slide-1' class='slide-image' title='Rechnen im Anfangsunterricht'><img decoding=\"async\" fetchpriority=\"high\" width=\"1200\" height=\"628\" src=\"https:\/\/www.backwinkel.de\/blog\/wp-content\/uploads\/2026\/04\/04_Schule_Rechnen_anfangsunterricht.jpg\" class=\"wp-image-18748 avia-img-lazy-loading-not-18748 attachment-no scaling size-no scaling wp-post-image\" alt=\"\" \/><\/a><div class=\"slide-content\"><header class=\"entry-content-header\" aria-label=\"Slide: Rechnen im Anfangsunterricht\"><h3 class='slide-entry-title entry-title ' ><a href='https:\/\/www.backwinkel.de\/blog\/rechnen-im-anfangsunterricht\/' title='Rechnen im Anfangsunterricht'>Rechnen im Anfangsunterricht<\/a><\/h3><span class=\"blog-categories minor-meta\"><a href=\"https:\/\/www.backwinkel.de\/blog\/category\/schule-grundschule\/\" rel=\"tag\">Schule<\/a> <\/span><span class=\"av-vertical-delimiter\"><\/span><\/header><div class='slide-entry-excerpt entry-content' >Das Klassenzimmer als Lernlandschaft<\/div><\/div><footer class=\"entry-footer\"><div class=\"slide-meta\"><time class='slide-meta-time updated' >14. April 2026<\/time><\/div><\/footer><\/article><article class='slide-entry flex_column  post-entry post-entry-18372 slide-entry-overview slide-loop-3 slide-parity-odd  post-entry-last  av_one_third  real-thumbnail posttype-post post-format-standard' ><a href='https:\/\/www.backwinkel.de\/blog\/kranke-kinder-im-kindergarten\/' data-rel='slide-1' class='slide-image' title='Kranke Kinder im Kindergarten'><img decoding=\"async\" fetchpriority=\"high\" width=\"1200\" height=\"628\" src=\"https:\/\/www.backwinkel.de\/blog\/wp-content\/uploads\/2026\/03\/03_Kiga_Kranke_Kinder.jpg\" class=\"wp-image-18451 avia-img-lazy-loading-not-18451 attachment-no scaling size-no scaling wp-post-image\" alt=\"Thema: Kranke Kinder. Auf dem Bild ist ein krankes kleines M\u00e4dchen zu sehen. Eine Frau mit einem Fieberthermometer in der Hand sitzt neben ihr und hat die Hand auf der Stirn des M\u00e4dchens.\" \/><\/a><div class=\"slide-content\"><header class=\"entry-content-header\" aria-label=\"Slide: Kranke Kinder im Kindergarten\"><h3 class='slide-entry-title entry-title ' ><a href='https:\/\/www.backwinkel.de\/blog\/kranke-kinder-im-kindergarten\/' title='Kranke Kinder im Kindergarten'>Kranke Kinder im Kindergarten<\/a><\/h3><span class=\"blog-categories minor-meta\"><a href=\"https:\/\/www.backwinkel.de\/blog\/category\/kindergarten-kita\/\" rel=\"tag\">Kindergarten<\/a> <\/span><span class=\"av-vertical-delimiter\"><\/span><\/header><div class='slide-entry-excerpt entry-content' >Auswirkungen f\u00fcr Kinder, Eltern und Fachkr\u00e4fte<\/div><\/div><footer class=\"entry-footer\"><div class=\"slide-meta\"><time class='slide-meta-time updated' >9. M\u00e4rz 2026<\/time><\/div><\/footer><\/article><\/div><\/div><\/div><\/p><\/div>\n","protected":false},"excerpt":{"rendered":"<p>Wer sind eigentlich unsere Nachbarn? Eine Projektidee <\/p>\n","protected":false},"author":1,"featured_media":14445,"comment_status":"closed","ping_status":"closed","sticky":false,"template":"","format":"standard","meta":{"inline_featured_image":false,"footnotes":""},"categories":[34,6],"tags":[],"class_list":["post-14404","post","type-post","status-publish","format-standard","has-post-thumbnail","hentry","category-demokratie-beitrag-bvk","category-schule-grundschule"],"yoast_head":"<!-- This site is optimized with the Yoast SEO plugin v27.4 - https:\/\/yoast.com\/product\/yoast-seo-wordpress\/ -->\n<title>Europa und wir | BACKWINKEL Blog<\/title>\n<meta name=\"description\" content=\"Wie Ihre Kinder spielerisch und spannend unsere Nachbarl\u00e4nder und Europa kennenlernen, inkl. Download-Material \u00bb Jetzt lesen\" \/>\n<meta name=\"robots\" content=\"index, follow, max-snippet:-1, max-image-preview:large, max-video-preview:-1\" \/>\n<link rel=\"canonical\" href=\"https:\/\/www.backwinkel.de\/blog\/europa-und-wir\/\" \/>\n<meta property=\"og:locale\" content=\"de_DE\" \/>\n<meta property=\"og:type\" content=\"article\" \/>\n<meta property=\"og:title\" content=\"Europa und wir | BACKWINKEL Blog\" \/>\n<meta property=\"og:description\" content=\"Wie Ihre Kinder spielerisch und spannend unsere Nachbarl\u00e4nder und Europa kennenlernen, inkl. Download-Material \u00bb Jetzt lesen\" \/>\n<meta property=\"og:url\" content=\"https:\/\/www.backwinkel.de\/blog\/europa-und-wir\/\" \/>\n<meta property=\"og:site_name\" content=\"BACKWINKEL Blog\" \/>\n<meta property=\"article:published_time\" content=\"2024-07-09T12:40:42+00:00\" \/>\n<meta property=\"article:modified_time\" content=\"2026-04-27T06:29:43+00:00\" \/>\n<meta property=\"og:image\" content=\"https:\/\/www.backwinkel.de\/blog\/wp-content\/uploads\/2024\/07\/Europa-heroimage.jpg\" \/>\n\t<meta property=\"og:image:width\" content=\"1200\" \/>\n\t<meta property=\"og:image:height\" content=\"628\" \/>\n\t<meta property=\"og:image:type\" content=\"image\/jpeg\" \/>\n<meta name=\"author\" content=\"admin_backwinkel\" \/>\n<meta name=\"twitter:card\" content=\"summary_large_image\" \/>\n<meta name=\"twitter:label1\" content=\"Verfasst von\" \/>\n\t<meta name=\"twitter:data1\" content=\"admin_backwinkel\" \/>\n\t<meta name=\"twitter:label2\" content=\"Gesch\u00e4tzte Lesezeit\" \/>\n\t<meta name=\"twitter:data2\" content=\"18\u00a0Minuten\" \/>\n<script type=\"application\/ld+json\" class=\"yoast-schema-graph\">{\"@context\":\"https:\\\/\\\/schema.org\",\"@graph\":[{\"@type\":\"Article\",\"@id\":\"https:\\\/\\\/www.backwinkel.de\\\/blog\\\/europa-und-wir\\\/#article\",\"isPartOf\":{\"@id\":\"https:\\\/\\\/www.backwinkel.de\\\/blog\\\/europa-und-wir\\\/\"},\"author\":{\"name\":\"admin_backwinkel\",\"@id\":\"https:\\\/\\\/www.backwinkel.de\\\/blog\\\/#\\\/schema\\\/person\\\/88b842297c0e471020a66f4476633cf2\"},\"headline\":\"Europa und wir\",\"datePublished\":\"2024-07-09T12:40:42+00:00\",\"dateModified\":\"2026-04-27T06:29:43+00:00\",\"mainEntityOfPage\":{\"@id\":\"https:\\\/\\\/www.backwinkel.de\\\/blog\\\/europa-und-wir\\\/\"},\"wordCount\":7349,\"image\":{\"@id\":\"https:\\\/\\\/www.backwinkel.de\\\/blog\\\/europa-und-wir\\\/#primaryimage\"},\"thumbnailUrl\":\"https:\\\/\\\/www.backwinkel.de\\\/blog\\\/wp-content\\\/uploads\\\/2024\\\/07\\\/Europa-heroimage.jpg\",\"articleSection\":[\"Demokratie Beitrag BVK\",\"Schule\"],\"inLanguage\":\"de\"},{\"@type\":\"WebPage\",\"@id\":\"https:\\\/\\\/www.backwinkel.de\\\/blog\\\/europa-und-wir\\\/\",\"url\":\"https:\\\/\\\/www.backwinkel.de\\\/blog\\\/europa-und-wir\\\/\",\"name\":\"Europa und wir | BACKWINKEL Blog\",\"isPartOf\":{\"@id\":\"https:\\\/\\\/www.backwinkel.de\\\/blog\\\/#website\"},\"primaryImageOfPage\":{\"@id\":\"https:\\\/\\\/www.backwinkel.de\\\/blog\\\/europa-und-wir\\\/#primaryimage\"},\"image\":{\"@id\":\"https:\\\/\\\/www.backwinkel.de\\\/blog\\\/europa-und-wir\\\/#primaryimage\"},\"thumbnailUrl\":\"https:\\\/\\\/www.backwinkel.de\\\/blog\\\/wp-content\\\/uploads\\\/2024\\\/07\\\/Europa-heroimage.jpg\",\"datePublished\":\"2024-07-09T12:40:42+00:00\",\"dateModified\":\"2026-04-27T06:29:43+00:00\",\"author\":{\"@id\":\"https:\\\/\\\/www.backwinkel.de\\\/blog\\\/#\\\/schema\\\/person\\\/88b842297c0e471020a66f4476633cf2\"},\"description\":\"Wie Ihre Kinder spielerisch und spannend unsere Nachbarl\u00e4nder und Europa kennenlernen, inkl. Download-Material \u00bb Jetzt lesen\",\"breadcrumb\":{\"@id\":\"https:\\\/\\\/www.backwinkel.de\\\/blog\\\/europa-und-wir\\\/#breadcrumb\"},\"inLanguage\":\"de\",\"potentialAction\":[{\"@type\":\"ReadAction\",\"target\":[\"https:\\\/\\\/www.backwinkel.de\\\/blog\\\/europa-und-wir\\\/\"]}]},{\"@type\":\"ImageObject\",\"inLanguage\":\"de\",\"@id\":\"https:\\\/\\\/www.backwinkel.de\\\/blog\\\/europa-und-wir\\\/#primaryimage\",\"url\":\"https:\\\/\\\/www.backwinkel.de\\\/blog\\\/wp-content\\\/uploads\\\/2024\\\/07\\\/Europa-heroimage.jpg\",\"contentUrl\":\"https:\\\/\\\/www.backwinkel.de\\\/blog\\\/wp-content\\\/uploads\\\/2024\\\/07\\\/Europa-heroimage.jpg\",\"width\":1200,\"height\":628},{\"@type\":\"BreadcrumbList\",\"@id\":\"https:\\\/\\\/www.backwinkel.de\\\/blog\\\/europa-und-wir\\\/#breadcrumb\",\"itemListElement\":[{\"@type\":\"ListItem\",\"position\":1,\"name\":\"Startseite\",\"item\":\"https:\\\/\\\/blog.backwinkel.de\\\/aktuelles\\\/\"},{\"@type\":\"ListItem\",\"position\":2,\"name\":\"Europa und wir\"}]},{\"@type\":\"WebSite\",\"@id\":\"https:\\\/\\\/www.backwinkel.de\\\/blog\\\/#website\",\"url\":\"https:\\\/\\\/www.backwinkel.de\\\/blog\\\/\",\"name\":\"BACKWINKEL Blog\",\"description\":\"f\u00fcr Lehrer, Erzieher und Eltern\",\"potentialAction\":[{\"@type\":\"SearchAction\",\"target\":{\"@type\":\"EntryPoint\",\"urlTemplate\":\"https:\\\/\\\/www.backwinkel.de\\\/blog\\\/?s={search_term_string}\"},\"query-input\":{\"@type\":\"PropertyValueSpecification\",\"valueRequired\":true,\"valueName\":\"search_term_string\"}}],\"inLanguage\":\"de\"},{\"@type\":\"Person\",\"@id\":\"https:\\\/\\\/www.backwinkel.de\\\/blog\\\/#\\\/schema\\\/person\\\/88b842297c0e471020a66f4476633cf2\",\"name\":\"admin_backwinkel\",\"url\":\"https:\\\/\\\/www.backwinkel.de\\\/blog\\\/author\\\/admin_backwinkel\\\/\"}]}<\/script>\n<!-- \/ Yoast SEO plugin. -->","yoast_head_json":{"title":"Europa und wir | BACKWINKEL Blog","description":"Wie Ihre Kinder spielerisch und spannend unsere Nachbarl\u00e4nder und Europa kennenlernen, inkl. Download-Material \u00bb Jetzt lesen","robots":{"index":"index","follow":"follow","max-snippet":"max-snippet:-1","max-image-preview":"max-image-preview:large","max-video-preview":"max-video-preview:-1"},"canonical":"https:\/\/www.backwinkel.de\/blog\/europa-und-wir\/","og_locale":"de_DE","og_type":"article","og_title":"Europa und wir | BACKWINKEL Blog","og_description":"Wie Ihre Kinder spielerisch und spannend unsere Nachbarl\u00e4nder und Europa kennenlernen, inkl. Download-Material \u00bb Jetzt lesen","og_url":"https:\/\/www.backwinkel.de\/blog\/europa-und-wir\/","og_site_name":"BACKWINKEL Blog","article_published_time":"2024-07-09T12:40:42+00:00","article_modified_time":"2026-04-27T06:29:43+00:00","og_image":[{"width":1200,"height":628,"url":"https:\/\/www.backwinkel.de\/blog\/wp-content\/uploads\/2024\/07\/Europa-heroimage.jpg","type":"image\/jpeg"}],"author":"admin_backwinkel","twitter_card":"summary_large_image","twitter_misc":{"Verfasst von":"admin_backwinkel","Gesch\u00e4tzte Lesezeit":"18\u00a0Minuten"},"schema":{"@context":"https:\/\/schema.org","@graph":[{"@type":"Article","@id":"https:\/\/www.backwinkel.de\/blog\/europa-und-wir\/#article","isPartOf":{"@id":"https:\/\/www.backwinkel.de\/blog\/europa-und-wir\/"},"author":{"name":"admin_backwinkel","@id":"https:\/\/www.backwinkel.de\/blog\/#\/schema\/person\/88b842297c0e471020a66f4476633cf2"},"headline":"Europa und wir","datePublished":"2024-07-09T12:40:42+00:00","dateModified":"2026-04-27T06:29:43+00:00","mainEntityOfPage":{"@id":"https:\/\/www.backwinkel.de\/blog\/europa-und-wir\/"},"wordCount":7349,"image":{"@id":"https:\/\/www.backwinkel.de\/blog\/europa-und-wir\/#primaryimage"},"thumbnailUrl":"https:\/\/www.backwinkel.de\/blog\/wp-content\/uploads\/2024\/07\/Europa-heroimage.jpg","articleSection":["Demokratie Beitrag BVK","Schule"],"inLanguage":"de"},{"@type":"WebPage","@id":"https:\/\/www.backwinkel.de\/blog\/europa-und-wir\/","url":"https:\/\/www.backwinkel.de\/blog\/europa-und-wir\/","name":"Europa und wir | BACKWINKEL Blog","isPartOf":{"@id":"https:\/\/www.backwinkel.de\/blog\/#website"},"primaryImageOfPage":{"@id":"https:\/\/www.backwinkel.de\/blog\/europa-und-wir\/#primaryimage"},"image":{"@id":"https:\/\/www.backwinkel.de\/blog\/europa-und-wir\/#primaryimage"},"thumbnailUrl":"https:\/\/www.backwinkel.de\/blog\/wp-content\/uploads\/2024\/07\/Europa-heroimage.jpg","datePublished":"2024-07-09T12:40:42+00:00","dateModified":"2026-04-27T06:29:43+00:00","author":{"@id":"https:\/\/www.backwinkel.de\/blog\/#\/schema\/person\/88b842297c0e471020a66f4476633cf2"},"description":"Wie Ihre Kinder spielerisch und spannend unsere Nachbarl\u00e4nder und Europa kennenlernen, inkl. Download-Material \u00bb Jetzt lesen","breadcrumb":{"@id":"https:\/\/www.backwinkel.de\/blog\/europa-und-wir\/#breadcrumb"},"inLanguage":"de","potentialAction":[{"@type":"ReadAction","target":["https:\/\/www.backwinkel.de\/blog\/europa-und-wir\/"]}]},{"@type":"ImageObject","inLanguage":"de","@id":"https:\/\/www.backwinkel.de\/blog\/europa-und-wir\/#primaryimage","url":"https:\/\/www.backwinkel.de\/blog\/wp-content\/uploads\/2024\/07\/Europa-heroimage.jpg","contentUrl":"https:\/\/www.backwinkel.de\/blog\/wp-content\/uploads\/2024\/07\/Europa-heroimage.jpg","width":1200,"height":628},{"@type":"BreadcrumbList","@id":"https:\/\/www.backwinkel.de\/blog\/europa-und-wir\/#breadcrumb","itemListElement":[{"@type":"ListItem","position":1,"name":"Startseite","item":"https:\/\/blog.backwinkel.de\/aktuelles\/"},{"@type":"ListItem","position":2,"name":"Europa und wir"}]},{"@type":"WebSite","@id":"https:\/\/www.backwinkel.de\/blog\/#website","url":"https:\/\/www.backwinkel.de\/blog\/","name":"BACKWINKEL Blog","description":"f\u00fcr Lehrer, Erzieher und Eltern","potentialAction":[{"@type":"SearchAction","target":{"@type":"EntryPoint","urlTemplate":"https:\/\/www.backwinkel.de\/blog\/?s={search_term_string}"},"query-input":{"@type":"PropertyValueSpecification","valueRequired":true,"valueName":"search_term_string"}}],"inLanguage":"de"},{"@type":"Person","@id":"https:\/\/www.backwinkel.de\/blog\/#\/schema\/person\/88b842297c0e471020a66f4476633cf2","name":"admin_backwinkel","url":"https:\/\/www.backwinkel.de\/blog\/author\/admin_backwinkel\/"}]}},"_links":{"self":[{"href":"https:\/\/www.backwinkel.de\/blog\/wp-json\/wp\/v2\/posts\/14404","targetHints":{"allow":["GET"]}}],"collection":[{"href":"https:\/\/www.backwinkel.de\/blog\/wp-json\/wp\/v2\/posts"}],"about":[{"href":"https:\/\/www.backwinkel.de\/blog\/wp-json\/wp\/v2\/types\/post"}],"author":[{"embeddable":true,"href":"https:\/\/www.backwinkel.de\/blog\/wp-json\/wp\/v2\/users\/1"}],"replies":[{"embeddable":true,"href":"https:\/\/www.backwinkel.de\/blog\/wp-json\/wp\/v2\/comments?post=14404"}],"version-history":[{"count":2,"href":"https:\/\/www.backwinkel.de\/blog\/wp-json\/wp\/v2\/posts\/14404\/revisions"}],"predecessor-version":[{"id":19013,"href":"https:\/\/www.backwinkel.de\/blog\/wp-json\/wp\/v2\/posts\/14404\/revisions\/19013"}],"wp:featuredmedia":[{"embeddable":true,"href":"https:\/\/www.backwinkel.de\/blog\/wp-json\/wp\/v2\/media\/14445"}],"wp:attachment":[{"href":"https:\/\/www.backwinkel.de\/blog\/wp-json\/wp\/v2\/media?parent=14404"}],"wp:term":[{"taxonomy":"category","embeddable":true,"href":"https:\/\/www.backwinkel.de\/blog\/wp-json\/wp\/v2\/categories?post=14404"},{"taxonomy":"post_tag","embeddable":true,"href":"https:\/\/www.backwinkel.de\/blog\/wp-json\/wp\/v2\/tags?post=14404"}],"curies":[{"name":"wp","href":"https:\/\/api.w.org\/{rel}","templated":true}]}}