{"id":14338,"date":"2024-07-08T15:36:42","date_gmt":"2024-07-08T13:36:42","guid":{"rendered":"https:\/\/www.backwinkel.de\/blog\/?p=14338"},"modified":"2026-04-27T08:30:52","modified_gmt":"2026-04-27T06:30:52","slug":"smarte-kita","status":"publish","type":"post","link":"https:\/\/www.backwinkel.de\/blog\/smarte-kita\/","title":{"rendered":"Smarte Kita"},"content":{"rendered":"\n<style type=\"text\/css\" data-created_by=\"avia_inline_auto\" id=\"style-css-av-8vdv8-f7e0dae999cc49bc529a70f67b346526\">\n.flex_column.av-8vdv8-f7e0dae999cc49bc529a70f67b346526{\nborder-radius:0px 0px 0px 0px;\npadding:0px 0px 0px 0px;\n}\n<\/style>\n<div  class='flex_column av-8vdv8-f7e0dae999cc49bc529a70f67b346526 av_one_full  avia-builder-el-0  el_before_av_three_fifth  avia-builder-el-first  first flex_column_div av-zero-column-padding  '     ><p>\n<style type=\"text\/css\" data-created_by=\"avia_inline_auto\" id=\"style-css-av-jl6mo8rj-605eccf9df0dce9c3ffb6a57636da99d\">\n#top .hr.hr-invisible.av-jl6mo8rj-605eccf9df0dce9c3ffb6a57636da99d{\nmargin-top:0px;\nheight:1px;\n}\n<\/style>\n<div  class='hr av-jl6mo8rj-605eccf9df0dce9c3ffb6a57636da99d hr-invisible  avia-builder-el-1  el_before_av_heading  avia-builder-el-first '><span class='hr-inner '><span class=\"hr-inner-style\"><\/span><\/span><\/div><br \/>\n\n<style type=\"text\/css\" data-created_by=\"avia_inline_auto\" id=\"style-css-av-27gdg7-269a0debc8e75cf57fbfba04c7b4ecbf\">\n#top .av-special-heading.av-27gdg7-269a0debc8e75cf57fbfba04c7b4ecbf{\npadding-bottom:10px;\n}\nbody .av-special-heading.av-27gdg7-269a0debc8e75cf57fbfba04c7b4ecbf .av-special-heading-tag .heading-char{\nfont-size:25px;\n}\n.av-special-heading.av-27gdg7-269a0debc8e75cf57fbfba04c7b4ecbf .av-subheading{\nfont-size:15px;\n}\n<\/style>\n<div  class='av-special-heading av-27gdg7-269a0debc8e75cf57fbfba04c7b4ecbf av-special-heading-h1 blockquote modern-quote  avia-builder-el-2  el_after_av_hr  el_before_av_post_metadata  av-linked-heading'><h1 class='av-special-heading-tag '  >Smarte Kita: Wie Sie analog und digital geschickt kombinieren<\/h1><div class='av-subheading av-subheading_below'><p class=\"autorenname\">Elisa Morel<\/p>\n<\/div><div class=\"special-heading-border\"><div class=\"special-heading-inner-border\"><\/div><\/div><\/div><br \/>\n\n<style type=\"text\/css\" data-created_by=\"avia_inline_auto\" id=\"style-css-av-1i1vbhe-ac0f92fc7b4b717ce88ab5154118f00d\">\n#top .av-post-metadata-container.av-1i1vbhe-ac0f92fc7b4b717ce88ab5154118f00d{\nfont-size:12px;\n}\n#top .av-post-metadata-container.av-1i1vbhe-ac0f92fc7b4b717ce88ab5154118f00d .av-post-metadata-container-inner{\nfont-size:12px;\n}\n<\/style>\n<div  class='av-post-metadata-container av-1i1vbhe-ac0f92fc7b4b717ce88ab5154118f00d av-metadata-container-align-left  avia-builder-el-3  el_after_av_heading  el_before_av_textblock  av-metadata-container-1'><div class='av-post-metadata-container-inner'><span class=\"av-post-metadata-content av-post-metadata-meta-content\"><span class=\"av-post-metadata-content av-post-metadata-modified\"><span class=\"av-metadata-before av-metadata-before-modified\">Aktualisiert:<\/span><span class=\"av-post-metadata-modified-date\" >27. April 2026<\/span><\/span><span class=\"av-post-metadata-content av-post-metadata-separator\">\/<\/span><span class=\"av-post-metadata-content av-post-metadata-modified\"><span class=\"av-metadata-before av-metadata-before-modified\">Zuletzt aktualisiert:<\/span><span class=\"av-post-metadata-modified-date\" >27. April 2026<\/span><\/span><\/span><\/div><\/div><br \/>\n\n<style type=\"text\/css\" data-created_by=\"avia_inline_auto\" id=\"style-css-av-jkuubohz-bbd292769511b836e32d8da8e9450d9c\">\n#top .av_textblock_section.av-jkuubohz-bbd292769511b836e32d8da8e9450d9c .avia_textblock{\nfont-size:20px;\n}\n<\/style>\n<section  class='av_textblock_section av-jkuubohz-bbd292769511b836e32d8da8e9450d9c '  ><div class='avia_textblock' ><p>An der Digitalisierung kommen wir alle nicht vorbei und sie kann uns dabei helfen, viele Prozesse zu vereinfachen. Genau das ist auch das Konzept hinter einer smarten Kita, denn mittlerweile gibt es eine Unmenge an Apps, Softwares und Plattformen, die Ihnen dabei helfen, den Kita-Alltag mit mehr Zeit und weniger Stress effizient zu gestalten. Und immer weitere Anwendungen schie\u00dfen wie Pilze aus dem Boden.<\/p>\n<\/div><\/section><br \/>\n\n<style type=\"text\/css\" data-created_by=\"avia_inline_auto\" id=\"style-css-av-jkuuo5h6-d88b084023a6afd210e2e96c746205e7\">\n.avia-image-container.av-jkuuo5h6-d88b084023a6afd210e2e96c746205e7 img.avia_image{\nbox-shadow:none;\n}\n.avia-image-container.av-jkuuo5h6-d88b084023a6afd210e2e96c746205e7 .av-image-caption-overlay-center{\ncolor:#ffffff;\n}\n<\/style>\n<div  class='avia-image-container av-jkuuo5h6-d88b084023a6afd210e2e96c746205e7 av-styling- avia-align-center  avia-builder-el-5  el_after_av_textblock  el_before_av_hr '  ><div class=\"avia-image-container-inner\"><div class=\"avia-image-overlay-wrap\"><img decoding=\"async\" fetchpriority=\"high\" class='wp-image-14392 avia-img-lazy-loading-not-14392 avia_image ' src=\"https:\/\/www.backwinkel.de\/blog\/wp-content\/uploads\/2024\/07\/Smarte_kita-heroimage.jpg\" alt='' title='Smarte_kita-heroimage'  height=\"628\" width=\"1200\"  \/><\/div><\/div><\/div><br \/>\n\n<style type=\"text\/css\" data-created_by=\"avia_inline_auto\" id=\"style-css-av-jl6mo8rj-22-7487f0754a981739ab003e89aabaa170\">\n#top .hr.hr-invisible.av-jl6mo8rj-22-7487f0754a981739ab003e89aabaa170{\nheight:5px;\n}\n<\/style>\n<div  class='hr av-jl6mo8rj-22-7487f0754a981739ab003e89aabaa170 hr-invisible  avia-builder-el-6  el_after_av_image  el_before_av_textblock '><span class='hr-inner '><span class=\"hr-inner-style\"><\/span><\/span><\/div><br \/>\n\n<style type=\"text\/css\" data-created_by=\"avia_inline_auto\" id=\"style-css-av-jl7ql86y-0004168ca5c1e8188cabe38926610bb2\">\n#top .av_textblock_section.av-jl7ql86y-0004168ca5c1e8188cabe38926610bb2 .avia_textblock{\nfont-size:10px;\n}\n<\/style>\n<section  class='av_textblock_section av-jl7ql86y-0004168ca5c1e8188cabe38926610bb2 '  ><div class='avia_textblock' ><p class=\"bildnennung-beitrag\" style=\"text-align: left;\">\u00a9 ADOBE Stock<\/p>\n<\/div><\/section><br \/>\n\n<style type=\"text\/css\" data-created_by=\"avia_inline_auto\" id=\"style-css-av-jl6mo8rj-20-0a5ac640218ac986cc09276001136948\">\n#top .hr.hr-invisible.av-jl6mo8rj-20-0a5ac640218ac986cc09276001136948{\nheight:20px;\n}\n<\/style>\n<div  class='hr av-jl6mo8rj-20-0a5ac640218ac986cc09276001136948 hr-invisible  avia-builder-el-8  el_after_av_textblock  el_before_av_textblock '><span class='hr-inner '><span class=\"hr-inner-style\"><\/span><\/span><\/div><br \/>\n<section  class='av_textblock_section av-jkuubohz-21-75c91343a207bf8690976a030a515e24 '  ><div class='avia_textblock' ><p>Erfahren Sie In diesem Beitrag, welche Softwareangebote f\u00fcr den Kindergarten existieren, von welchen Tools Sie dar\u00fcber hinaus profitieren und wie der erste entspannte Schritt zu einer smarten Kita in der Praxis aussehen kann.<\/p>\n<\/div><\/section><\/p><\/div>\n<style type=\"text\/css\" data-created_by=\"avia_inline_auto\" id=\"style-css-av-swqf9-6bb490ea0cbb171c9d159bb967226129\">\n.flex_column.av-swqf9-6bb490ea0cbb171c9d159bb967226129{\nborder-radius:0px 0px 0px 0px;\npadding:20px 20px 20px 20px;\nbackground-color:#f2f2f2;\n}\n<\/style>\n<div  class='flex_column av-swqf9-6bb490ea0cbb171c9d159bb967226129 av_three_fifth  avia-builder-el-10  el_after_av_one_full  el_before_av_two_fifth  first flex_column_div  column-top-margin'     ><style type=\"text\/css\" data-created_by=\"avia_inline_auto\" id=\"style-css-av-jkuua5r2-f1beb4b164a3aefc9a751750d41d5b8e\">\n#top .av_textblock_section.av-jkuua5r2-f1beb4b164a3aefc9a751750d41d5b8e .avia_textblock{\nfont-size:14px;\n}\n<\/style>\n<section  class='av_textblock_section av-jkuua5r2-f1beb4b164a3aefc9a751750d41d5b8e '  ><div class='avia_textblock' ><p><strong>Inhalt<\/strong><\/p>\n<p><strong><a href=\"#1\">1. Was ist die Idee einer smarten Kita?<\/a><br \/>\n<\/strong>1.1. Softwarel\u00f6sungen f\u00fcr die Administration<br \/>\n1.2. Softwarel\u00f6sungen f\u00fcr die Kommunikation<\/p>\n<p><strong><a href=\"#2\">2. Wie wird eine smarte Kita Wirklichkeit?<\/a><br \/>\n<\/strong>2.1. Brainstorming und Priorisierung<br \/>\n2.2. Recherche geeigneter Anwendungen<br \/>\n2.3.\u00a0Testphase<br \/>\n2.4. Evaluation<br \/>\n2.5. Einf\u00fchrung<\/p>\n<p><strong><a href=\"#3\">3. Fazit<\/a><\/strong><\/p>\n<p><strong><a href=\"#4\">4. Meine pers\u00f6nlichen Software-Favoriten: Asana und Discord<\/a><\/strong><\/p>\n<\/div><\/section><\/div><\/p>\n\n<style type=\"text\/css\" data-created_by=\"avia_inline_auto\" id=\"style-css-av-2532d-6e1ea05e25305745634c0a02c87dc827\">\n.flex_column.av-2532d-6e1ea05e25305745634c0a02c87dc827{\nborder-radius:0px 0px 0px 0px;\npadding:0 0 0 0;\n}\n<\/style>\n<div  class='flex_column av-2532d-6e1ea05e25305745634c0a02c87dc827 av_two_fifth  avia-builder-el-12  el_after_av_three_fifth  el_before_av_sidebar  flex_column_div av-zero-column-padding  column-top-margin'     ><\/div>\n<div  class='avia-builder-widget-area clearfix  avia-builder-el-13  el_after_av_two_fifth  el_before_av_one_full '><div id=\"text-33\" class=\"widget clearfix widget_text\">\t\t\t<div class=\"textwidget\"><p><a href=\"https:\/\/www.backwinkel.de\/nachhaltig-denken\/\" target=\"\\_blank\" rel=\"noopener\"><br \/>\n<img decoding=\"async\" class=\"werbung-desktop alignnone wp-image-4186 size-full\" src=\"https:\/\/www.backwinkel.de\/blog\/wp-content\/uploads\/2026\/04\/Backwinkel-blog-werbebanner-shop-kita-schule_desktop.jpg\" alt=\"\" width=\"1251\" height=\"201\" \/><br \/>\n<\/a><br \/>\n<a href=\"https:\/\/www.backwinkel.de\/nachhaltig-denken\/\" target=\"\\_blank\" rel=\"noopener\"><br \/>\n<img decoding=\"async\" class=\"werbung-mobile alignnone wp-image-4187 size-full\" src=\"https:\/\/www.backwinkel.de\/blog\/wp-content\/uploads\/2026\/04\/Backwinkel-blog-werbebanner-shop-kiga-schule_mobile.jpg\" alt=\"\" width=\"550\" height=\"500\" \/><br \/>\n<\/a><\/p>\n<\/div>\n\t\t<\/div><\/div>\n\n<style type=\"text\/css\" data-created_by=\"avia_inline_auto\" id=\"style-css-av-hh5al-9c53459d093ff912fcc98cf97e19d753\">\n.flex_column.av-hh5al-9c53459d093ff912fcc98cf97e19d753{\nborder-radius:0px 0px 0px 0px;\npadding:0px 0px 0px 0px;\n}\n<\/style>\n<div  class='flex_column av-hh5al-9c53459d093ff912fcc98cf97e19d753 av_one_full  avia-builder-el-14  el_after_av_sidebar  el_before_av_one_full  first flex_column_div av-zero-column-padding  '     ><section  class='av_textblock_section av-jkuul0eg-c8007ced910eec869d85a4d2f40b896b '  ><div class='avia_textblock' >\n<style type=\"text\/css\" data-created_by=\"avia_inline_auto\" id=\"style-css-av-7c7r8-1ad3209b7b9ea9c60cc97e362d76ea5e\">\n#top .hr.hr-invisible.av-7c7r8-1ad3209b7b9ea9c60cc97e362d76ea5e{\nheight:20px;\n}\n<\/style>\n<div  class='hr av-7c7r8-1ad3209b7b9ea9c60cc97e362d76ea5e hr-invisible  avia-builder-el-16  avia-builder-el-no-sibling '><span class='hr-inner '><span class=\"hr-inner-style\"><\/span><\/span><\/div>\n<h2 id=\"1\" class=\"position\"><strong>Was ist die Idee einer smarten Kita? <\/strong><\/h2>\n<p>Eine smarte Kita bezeichnet eine <strong>Einrichtung, die digitale Programme zur Alltagsunterst\u00fctzung<\/strong> nutzt. Nat\u00fcrlich kann und sollte Arbeit mit Kindern oder Menschen im Allgemeinen niemals zu 100 % digital sein. Somit meint \u201esmart\u201c immer die <strong>Kombination<\/strong> aus analogen und digitalen Hilfsmitteln.<\/p>\n<p>Wie einzelne Tr\u00e4ger oder Einrichtungen den Schwerpunkt setzen, ist sehr unterschiedlich. Viele Projekte, z. B. \u201eSmart Kita. Digital, Attraktiv, Resilient\u201c des Bildungswerks von ver.di in Niedersachsen, fokussieren sich rein auf die <strong>Digitalisierung der Arbeitsabl\u00e4ufe<\/strong> im Kita-Alltag und lassen Medienbildung f\u00fcr Kinder au\u00dfen vor. Manche Einrichtungen kombinieren beides und setzen z. B. zus\u00e4tzlich zu Projektverwaltungstools Lernsoftware oder Roboter ein, mit denen die Kinder arbeiten.<\/p>\n<p>Wenn Sie sich f\u00fcr das Thema Programmieren im Kindergarten interessieren, lesen Sie gern unseren Beitrag <a href=\"https:\/\/www.backwinkel.de\/blog\/programmieren-im-kindergarten\/\" target=\"_blank\" rel=\"noopener\">Keine Angst vorm Programmieren und Coden<\/a>. In unserem Onlineshop finden Sie au\u00dferdem tolle Produkte wie das <a href=\"https:\/\/www.backwinkel.de\/prod\/spielset-programmierteam.html\" target=\"_blank\" rel=\"noopener\">Spielset Programmierteam<\/a> oder den lustigen Lernroboter <a href=\"https:\/\/www.backwinkel.de\/prod\/bee-bot-komplett-set.html\" target=\"_blank\" rel=\"noopener\">Bee-Bot<\/a>.<\/p>\n<p>Au\u00dferdem k\u00f6nnen Sie auch im Team oder gemeinsam mit den Kindern Tools nutzen, die beispielsweise Portfolios, eBooks, Collagen oder Videos erstellen. BookCreator ist ein gutes Programm daf\u00fcr.<\/p>\n<p>Das Ziel einer smarten Kita ist in jedem Fall, Ihnen <strong>Zeit zu sparen<\/strong> und die <strong>Arbeit zu erleichtern<\/strong>. Insbesondere im Hinblick auf die Aufgaben im Hintergrund, damit Sie mehr Zeit f\u00fcr Ihre Kinder haben. Gerade in Anbetracht des <strong>herrschenden<\/strong> <strong>Personalmangels<\/strong> sind Zeitersparnis, Stressreduktion und Arbeitserleichterung erstrebenswerte Ziele \u2013 vor allem, weil Sie Ihren Job bestimmt gern bis zur Rente aus\u00fcben m\u00f6chten.<\/p>\n<\/div><\/section><\/div>\n\n<style type=\"text\/css\" data-created_by=\"avia_inline_auto\" id=\"style-css-av-p3wkyi-f0d4e08c671c142b004e5f807ce5c1be\">\n.flex_column.av-p3wkyi-f0d4e08c671c142b004e5f807ce5c1be{\nborder-radius:0px 0px 0px 0px;\npadding:0 0 0 0;\n}\n<\/style>\n<div  class='flex_column av-p3wkyi-f0d4e08c671c142b004e5f807ce5c1be av_one_full  avia-builder-el-17  el_after_av_one_full  el_before_av_hr  first flex_column_div av-zero-column-padding  column-top-margin'     ><style type=\"text\/css\" data-created_by=\"avia_inline_auto\" id=\"style-css-av-ltmuo20b-27d4764f3a04c84dbd74340a68c4550a\">\n#top .avia-gallery.av-ltmuo20b-27d4764f3a04c84dbd74340a68c4550a .avia-gallery-thumb a{\nwidth:20%;\n}\n<\/style>\n<div  class='avia-gallery av-ltmuo20b-27d4764f3a04c84dbd74340a68c4550a avia_animate_when_visible  avia-builder-el-18  avia-builder-el-no-sibling  avia_lazyload avia-gallery-animate avia-gallery-1' ><meta itemprop=\"contentURL\" content=\"https:\/\/www.backwinkel.de\/blog\/smarte-kita\/\"><div class='avia-gallery-thumb'><a href=\"https:\/\/www.backwinkel.de\/blog\/wp-content\/uploads\/2024\/07\/Vorteile_smarte_kita1-scaled.jpg\" data-srcset=\"https:\/\/www.backwinkel.de\/blog\/wp-content\/uploads\/2024\/07\/Vorteile_smarte_kita1-scaled.jpg 2560w, https:\/\/www.backwinkel.de\/blog\/wp-content\/uploads\/2024\/07\/Vorteile_smarte_kita1-1536x1086.jpg 1536w\" data-sizes=\"(max-width: 1030px) 100vw, 1030px\" data-rel='gallery-1' data-prev-img='https:\/\/www.backwinkel.de\/blog\/wp-content\/uploads\/2024\/07\/Vorteile_smarte_kita1-scaled.jpg' class='first_thumb lightbox ' data-onclick='1' title='Vorteile_smarte_kita1'  ><img decoding=\"async\" fetchpriority=\"high\" class=\"wp-image-14458 avia-img-lazy-loading-not-14458\"   src=\"https:\/\/www.backwinkel.de\/blog\/wp-content\/uploads\/2024\/07\/Vorteile_smarte_kita1-scaled.jpg\" width=\"495\" height=\"350\"  title='Vorteile_smarte_kita1' alt='' srcset=\"https:\/\/www.backwinkel.de\/blog\/wp-content\/uploads\/2024\/07\/Vorteile_smarte_kita1-scaled.jpg 2560w, https:\/\/www.backwinkel.de\/blog\/wp-content\/uploads\/2024\/07\/Vorteile_smarte_kita1-1536x1086.jpg 1536w\" sizes=\"(max-width: 495px) 100vw, 495px\" \/><div class='big-prev-fake'><img decoding=\"async\" loading=\"lazy\" class=\"wp-image-14458 avia-img-lazy-loading-14458\"  width=\"495\" height=\"350\" src=\"https:\/\/www.backwinkel.de\/blog\/wp-content\/uploads\/2024\/07\/Vorteile_smarte_kita1-scaled.jpg\" title='Vorteile_smarte_kita1' alt='' srcset=\"https:\/\/www.backwinkel.de\/blog\/wp-content\/uploads\/2024\/07\/Vorteile_smarte_kita1-scaled.jpg 2560w, https:\/\/www.backwinkel.de\/blog\/wp-content\/uploads\/2024\/07\/Vorteile_smarte_kita1-1536x1086.jpg 1536w\" sizes=\"auto, (max-width: 495px) 100vw, 495px\" \/><\/div><\/a><\/div><\/div><\/div>\n\n<style type=\"text\/css\" data-created_by=\"avia_inline_auto\" id=\"style-css-av-jl6mo8rj-19-c6b99c38e88c4356afd3dd2078e94308\">\n#top .hr.hr-invisible.av-jl6mo8rj-19-c6b99c38e88c4356afd3dd2078e94308{\nheight:60px;\n}\n<\/style>\n<div  class='hr av-jl6mo8rj-19-c6b99c38e88c4356afd3dd2078e94308 hr-invisible  avia-builder-el-19  el_after_av_one_full  el_before_av_one_full '><span class='hr-inner '><span class=\"hr-inner-style\"><\/span><\/span><\/div>\n\n<style type=\"text\/css\" data-created_by=\"avia_inline_auto\" id=\"style-css-av-hh5al-14-9ab62d48bef4dad42629995e86fc9a6b\">\n.flex_column.av-hh5al-14-9ab62d48bef4dad42629995e86fc9a6b{\nborder-radius:0px 0px 0px 0px;\npadding:0px 0px 0px 0px;\n}\n<\/style>\n<div  class='flex_column av-hh5al-14-9ab62d48bef4dad42629995e86fc9a6b av_one_full  avia-builder-el-20  el_after_av_hr  el_before_av_one_full  first flex_column_div av-zero-column-padding  '     ><section  class='av_textblock_section av-jkuul0eg-16-0f4eb731ff2c8658d8eacfe30b563c9e '  ><div class='avia_textblock' ><p><strong>Zu den Aufgaben, bei denen Softwares Sie im Alltag unterst\u00fctzen k\u00f6nnen, geh\u00f6ren u. a.: <\/strong><\/p>\n<ul>\n<li>Informationsaustausch im Team und mit den Eltern<\/li>\n<li>Verwaltungsaufgaben wie Abwesenheitsmeldungen und Einwilligungen<\/li>\n<li>Projektplanung und Aufgabenverteilung<\/li>\n<li>Entwicklungsdokumentation und Tageb\u00fccher<\/li>\n<li>zentrale Ablage von Dokumenten wie Protokollen und Pl\u00e4nen<\/li>\n<li>Erstellung von Statistiken, Tabellen und \u00dcbersichten<\/li>\n<\/ul>\n<p>Fakt ist, dass es mittlerweile eine Menge Anwendungen gibt, die Ihnen viel Arbeit abnehmen. Neben den basalen Gebieten haben einige Programme zus\u00e4tzliche Funktionen (z. B. das <strong>\u00dcbersetzen<\/strong> in Dutzende <strong>Fremdsprachen<\/strong> oder <strong>Geb\u00e4rdensprache<\/strong>), setzen vielleicht unterschiedliche Schwerpunkte oder funktionieren super in Erg\u00e4nzung mit einer App, einem weiteren Programm usw.<\/p>\n<p>Da ist es gar nicht so leicht, sich einen \u00dcberblick zu verschaffen. Doch gut Ding will Weile haben, und Sie k\u00f6nnen ja klein anfangen und sich ein wenig durchtesten.<\/p>\n<\/div><\/section><\/div>\n\n<style type=\"text\/css\" data-created_by=\"avia_inline_auto\" id=\"style-css-av-4qn51e-87bf3b0c1c375e12cb84fb3a9c78dfba\">\n.flex_column.av-4qn51e-87bf3b0c1c375e12cb84fb3a9c78dfba{\nborder-radius:0px 0px 0px 0px;\npadding:0px 0px 0px 0px;\n}\n<\/style>\n<div  class='flex_column av-4qn51e-87bf3b0c1c375e12cb84fb3a9c78dfba av_one_full  avia-builder-el-22  el_after_av_one_full  el_before_av_one_full  first flex_column_div av-zero-column-padding  column-top-margin'     ><section  class='av_textblock_section av-lycnyzge-8b5c7750601f93d3b93ba18a990e2138 '  ><div class='avia_textblock infoboxBlue' ><p><strong>Tipp<\/strong>: Sollten Sie der ganzen Sache ein wenig skeptisch gegen\u00fcberstehen, findet sich vielleicht ein Team, das erstmal alleine ein \u00fcbersichtliches Programm zur internen Kommunikation testen m\u00f6chte. Es m\u00fcssen ja nicht (sofort) alle Erziehenden mitmachen, und es muss auch nicht gleich eine Komplettl\u00f6sung f\u00fcr jede Aufgabe des Kita-Alltags sein, die eine intensive Einarbeitung erfordert. <strong>Anwendungen wie Asana<\/strong> eignen sich super f\u00fcr Projektplanung und k\u00f6nnen so der Vorbereitung und Ideenfindung dienen. Bereits nach ein paar Minuten ist man mit den Grundfunktionen vertraut und kann dann nach und nach die <strong>Projektdetails, To Dos, Zust\u00e4ndigkeiten und Fristen<\/strong> erg\u00e4nzen.<\/p>\n<\/div><\/section><\/div>\n\n<style type=\"text\/css\" data-created_by=\"avia_inline_auto\" id=\"style-css-av-tqo482-563cab55e730537b64b079cc25aab685\">\n.flex_column.av-tqo482-563cab55e730537b64b079cc25aab685{\nborder-radius:0px 0px 0px 0px;\npadding:0px 0px 0px 0px;\n}\n<\/style>\n<div  class='flex_column av-tqo482-563cab55e730537b64b079cc25aab685 av_one_full  avia-builder-el-24  el_after_av_one_full  el_before_av_one_full  first flex_column_div av-zero-column-padding  column-top-margin'     ><section  class='av_textblock_section av-lycnzcak-7d79781ec85eedf8aca3ceafd2da7b76 '  ><div class='avia_textblock' ><p><strong>Softwarel\u00f6sungen f\u00fcr die Administration <\/strong><\/p>\n<p>Kita-Software legt den Fokus nicht nur auf Ihre interne Kommunikation, sondern ist ein <strong>Rundum-sorglos-Paket <\/strong>mit einer Menge verschiedener Funktionen, die Ihre Verwaltungs- und Organisationsaufgaben erleichtern: von <strong>Materialbestellung<\/strong> und <strong>Dienstplanerstellung<\/strong> \u00fcber <strong>Finanzbuchhaltung<\/strong> und <strong>Fortbildungsplanung<\/strong> bis hin zu <strong>F\u00f6rdermanagement<\/strong> und der <strong>Verwaltung von Springern<\/strong>. Die meisten Programme besitzen auch Schnittstellen f\u00fcr die Verkn\u00fcpfung mit weiteren Anwendungen.<\/p>\n<p>Sucht man im Internet nach \u201e<strong>Kita Software<\/strong>\u201c, sind diese Anwendungen vielleicht die ersten 15 Treffer:<\/p>\n<ul>\n<li>kitaplus<\/li>\n<li>KIVAN<\/li>\n<li>leandoo<\/li>\n<li>HOKITA<\/li>\n<li>LITTLE BIRD<\/li>\n<li>KEV<\/li>\n<li>KigaRoo<\/li>\n<li>Kidling<\/li>\n<li>Kitabuli<\/li>\n<li>nupian Kita<\/li>\n<li>Famly<\/li>\n<li>eKita<\/li>\n<li>Kita im Blick<\/li>\n<li>PCKita<\/li>\n<li>KITA-Controller<\/li>\n<\/ul>\n<p>Es gibt viele weitere, und auch ein paar Seiten, die verschiedene Anwendungen <strong>getestet<\/strong> und <strong>verglichen<\/strong> haben. Des Weiteren hat das <strong>Staatsinstitut f\u00fcr Fr\u00fchp\u00e4dagogik<\/strong> sich in einer <strong>Expertise<\/strong> eingehend mit dem Thema besch\u00e4ftigt und auch verschiedene Softwares vorgestellt. Das Dokument vermittelt einen guten \u00dcberblick. Sie finden die Links am Ende des Beitrags.<\/p>\n<p><strong>Softwarel\u00f6sungen f\u00fcr die Kommunikation <\/strong><\/p>\n<p>Weniger Aufwand und eine gute M\u00f6glichkeit, um langsam in die Digitalisierung einzusteigen, ist die Wahl eines Tools, das Sie nur intern f\u00fcr Ihre <strong>Kommunikation und Organisation<\/strong> nutzen. Auch hier gibt es eine gro\u00dfe Vielfalt, aber einige Programme sind \u00fcbersichtlich und intuitiver als andere, sodass man sich entweder auf Anhieb oder bereits nach wenigen Stunden gut zurechtfindet.<\/p>\n<p>Hier gibt es sowohl Anwendungen, die speziell <strong>auf den Kita-Alltag zugeschnitten<\/strong> sind als auch Programme, die sich branchenunabh\u00e4ngig f\u00fcr Kommunikation und Projektmanagement eignen. Die Expertise des Staatsinstituts f\u00fcr Fr\u00fchp\u00e4dagogik befasst sich z. B. mit den Kita-Kommunikationsanwendungen Care-App, Kita-Info-App und Kitabote und weist darauf hin, dass seit Abschluss der Dokumentation auch weitere Apps wie KiKom und Kindy verf\u00fcgbar sind.<\/p>\n<p>Bekannte Tools f\u00fcr die Kommunikation ohne spezifische Ausrichtung auf Kitas sind beispielsweise monday, Hive, ClickUp und Flock. Auf kleinere Unternehmen ausgerichtet ist z. B. Talkspirit. Vielleicht sagt Ihnen auch Discord zu, das vor allem im Gaming-Bereich beliebt ist. Vergleiche einiger Kommunikationsanwendungen finden Sie am Ende des Beitrags.<\/p>\n<\/div><\/section><\/div>\n\n<style type=\"text\/css\" data-created_by=\"avia_inline_auto\" id=\"style-css-av-hh5al-13-e21e960e9e28fb772abd7b1cb346790c\">\n.flex_column.av-hh5al-13-e21e960e9e28fb772abd7b1cb346790c{\nborder-radius:0px 0px 0px 0px;\npadding:0px 0px 0px 0px;\n}\n<\/style>\n<div  class='flex_column av-hh5al-13-e21e960e9e28fb772abd7b1cb346790c av_one_full  avia-builder-el-26  el_after_av_one_full  el_before_av_one_full  first flex_column_div av-zero-column-padding  column-top-margin'     ><section  class='av_textblock_section av-jkuul0eg-12-2b93aff84667698b7d810ddfabdc92d5 '  ><div class='avia_textblock infoboxBlue' ><p><strong>Tipp<\/strong>: Entscheiden Sie sich am besten nicht f\u00fcr ein Tool, das auf gro\u00dfe Konzerne ausgerichtet ist (Slack, Steeple, Happeo u. v. m.). Damit schie\u00dfen Sie \u00fcber das Ziel hinaus und machen sich mehr Arbeit, anstatt Zeit zu sparen. Au\u00dferdem werden Sie viele der dort verf\u00fcgbaren Funktionen wie Intranet oder Bots wahrscheinlich nicht brauchen \u2013 und daf\u00fcr unter u. U. auch noch eine Menge Geld zahlen m\u00fcssen.<\/p>\n<\/div><\/section><\/div>\n\n<style type=\"text\/css\" data-created_by=\"avia_inline_auto\" id=\"style-css-av-5vgein6-110eca1722cb2d5ee508fc6852af404a\">\n.flex_column.av-5vgein6-110eca1722cb2d5ee508fc6852af404a{\nborder-radius:0px 0px 0px 0px;\npadding:0px 0px 0px 0px;\n}\n<\/style>\n<div  class='flex_column av-5vgein6-110eca1722cb2d5ee508fc6852af404a av_one_full  avia-builder-el-28  el_after_av_one_full  el_before_av_one_full  first flex_column_div av-zero-column-padding  column-top-margin'     ><section  class='av_textblock_section av-ly73056a-3b6a6b8255253c9bce52b0f4964228be '  ><div class='avia_textblock' >\n<style type=\"text\/css\" data-created_by=\"avia_inline_auto\" id=\"style-css-av-irxq5e-919e4ce30dbe918866e0082c260aa414\">\n#top .hr.hr-invisible.av-irxq5e-919e4ce30dbe918866e0082c260aa414{\nheight:20px;\n}\n<\/style>\n<div  class='hr av-irxq5e-919e4ce30dbe918866e0082c260aa414 hr-invisible  avia-builder-el-30  avia-builder-el-no-sibling '><span class='hr-inner '><span class=\"hr-inner-style\"><\/span><\/span><\/div>\n<h2 id=\"2\" class=\"position\"><strong>Wie wird eine smarte Kita Wirklichkeit? <\/strong><\/h2>\n<p>\u201eEin Unternehmen muss nicht gleich so schnell sein wie Usain Bolt \u00fcber hundert Meter. Es reicht, dass es \u00fcberhaupt erst einmal anf\u00e4ngt zu laufen.\u201c \u2013 Glenn Gonzales, Gr\u00fcnder und Gesch\u00e4ftsf\u00fchrer von Jet IT<\/p>\n<p>Die Einf\u00fchrung von geeigneter Software ist kein Schritt, der sich innerhalb von ein paar Wochen oder nebenbei realisieren l\u00e4sst. Das macht aber auch nichts, denn wenn Sie am Ende Programme, Plattformen oder Apps finden, durch die Sie zuk\u00fcnftig Zeit sparen, haben Sie eine Menge gewonnen. Es lohnt sich, ein wenig <strong>Zeit<\/strong> zu <strong>investieren<\/strong> \u2013 niemand hetzt sie und es gibt Experten, die Ihnen helfen. Vielleicht hat ja auch Ihr <strong>Tr\u00e4ger<\/strong> schon ein <strong>Konzept<\/strong> oder ist interessiert daran, eines auf die Beine zu stellen.<\/p>\n<p>Um ein beliebiges Tool zu nutzen, brauchen Sie lediglich eine <strong>E-Mail-Adresse<\/strong> und ein <strong>Endger\u00e4t<\/strong> wie Smartphone, Tablet, Laptop oder PC. Die Einstiegsh\u00fcrde ist also niedrig. <strong>Achtung<\/strong>: Stellen Sie sicher, dass Ihre Endger\u00e4te immer den <strong>aktuellsten Virenschutz<\/strong> haben, um unliebsame \u00dcberraschungen zu vermeiden.<\/p>\n<p><strong>Brainstorming und Priorisierung <\/strong><\/p>\n<p>Setzen Sie sich im Team oder mit dem Kollegium Ihrer Einrichtung zusammen und \u00fcberlegen Sie, welche Aufgaben Sie im Tagesgesch\u00e4ft die meiste Zeit oder auch die meisten Nerven kosten. Ist es die Kommunikation mit den Erziehungsberechtigten im Allgemeinen, die Dokumentation oder vielleicht die teaminterne Absprache? Sind einzelne Eltern betreuungsintensiver, z. B. aufgrund ihrer Sprachkenntnisse?<\/p>\n<p>Das ist auch eine gute Gelegenheit, um herauszufinden, worin genau die Schwierigkeiten liegen und welche vielleicht auch unabh\u00e4ngig von der Einf\u00fchrung einer Software beseitigt werden k\u00f6nnen. K\u00f6nnen administrative Vorg\u00e4nge vereinfacht, interne Abstimmungen verk\u00fcrzt werden?<\/p>\n<p>\u201eWenn Sie einen schei\u00df Prozess digitalisieren, haben Sie einen schei\u00df digitalen Prozess.\u201c \u2013 Thorsten Dirks, deutscher Manager und u. a. ehemaliger Vorstandsvorsitzender der Telef\u00f3nica Deutschland Holding<\/p>\n<p>Manchmal ist man schon so lange in seinen <strong>Routinen<\/strong>, dass man gar nicht merkt, wie schwer man sich das Leben macht. Sammeln Sie also gemeinsam Aufgabenbereiche, W\u00fcnsche und Vorschl\u00e4ge und <strong>priorisieren<\/strong> Sie anschlie\u00dfend, welche Ideen welchen Aufwand ben\u00f6tigen und welche Erleichterung versprechen. Manchmal reicht es ja auch schon, Aufgaben anders zu verteilen, um effizienter arbeiten zu k\u00f6nnen.<\/p>\n<p><strong>Recherche geeigneter Anwendungen <\/strong><\/p>\n<p>Wenn Sie die Bereiche identifiziert haben, die Sie zuk\u00fcnftig digital handhaben m\u00f6chten, geht es an die Recherche. Es gibt eine Menge verschiedener Programme, die \u00fcberwiegend eine <strong>30-t\u00e4gige kostenlose Testphase <\/strong>anbieten. Lassen Sie sich durch die gro\u00dfe Vielfalt nicht entmutigen \u2013 umso gr\u00f6\u00dfer ist ja die Wahrscheinlichkeit, dass eine Anwendung dabei ist, die perfekt zu Ihren Bed\u00fcrfnissen passt. Vielleicht gibt es in Ihrem Team jemanden, der gerne freiwillig recherchiert, Testberichte liest, mit Firmen Kontakt aufnimmt oder einfach mal ausprobiert.<\/p>\n<\/div><\/section><\/div>\n\n<style type=\"text\/css\" data-created_by=\"avia_inline_auto\" id=\"style-css-av-4yvmv8i-e3114a44d106d7a216524243362fbd04\">\n.flex_column.av-4yvmv8i-e3114a44d106d7a216524243362fbd04{\nborder-radius:0px 0px 0px 0px;\npadding:0px 0px 0px 0px;\n}\n<\/style>\n<div  class='flex_column av-4yvmv8i-e3114a44d106d7a216524243362fbd04 av_one_full  avia-builder-el-31  el_after_av_one_full  el_before_av_one_full  first flex_column_div av-zero-column-padding  column-top-margin'     ><section  class='av_textblock_section av-ly730tix-9a0d4174c8178a7cf971c760e30f8c39 '  ><div class='avia_textblock infoboxGreen' ><p><strong>Tipp<\/strong>: Einige Anbieter offerieren regelm\u00e4\u00dfige deutschlandweite <strong>Infoveranstaltungen<\/strong>. Ein Besuch vor Ort lohnt sich \u2013 auch, um sich mit anderen Erziehenden auszutauschen.<\/p>\n<\/div><\/section><\/div>\n\n<style type=\"text\/css\" data-created_by=\"avia_inline_auto\" id=\"style-css-av-4i2dlnm-7250f58bfc9f05bd0ac5e282a72f854e\">\n.flex_column.av-4i2dlnm-7250f58bfc9f05bd0ac5e282a72f854e{\nborder-radius:0px 0px 0px 0px;\npadding:0px 0px 0px 0px;\n}\n<\/style>\n<div  class='flex_column av-4i2dlnm-7250f58bfc9f05bd0ac5e282a72f854e av_one_full  avia-builder-el-33  el_after_av_one_full  el_before_av_one_full  first flex_column_div av-zero-column-padding  column-top-margin'     ><section  class='av_textblock_section av-ly733dvw-8d2ca54ed2bee024b533a6907ce22113 '  ><div class='avia_textblock' ><p>Probieren geht \u00fcber Studieren: Kontaktieren Sie andere Einrichtungen, von denen Sie wissen, dass sie sich bereits mit spezieller <strong>Kita-Software<\/strong> befasst haben, die auch f\u00fcr Sie infrage kommt. Vielleicht k\u00f6nnen Sie sich zu einem kleinen Austausch treffen oder n\u00fctzliche Tipps bekommen.<\/p>\n<p>Es ist auch eine gute Idee, die Eltern einzubeziehen. <strong>Projektverwaltungsprogramme<\/strong> wie Asana, Kanbanize oder Trello werden in vielen Firmen genutzt. Es ist also gut m\u00f6glich, dass ein Elternteil Erfahrung hat, Sie beraten oder Ihnen die Software zeigen kann.<br \/>\n<strong>Achtung<\/strong>: Manche dieser Programme werden aufgrund der Vielzahl ihrer Funktionen schnell <strong>un\u00fcbersichtlich<\/strong> und haben auch viel mehr Funktionen, als Sie vielleicht brauchen. Manche sind in der kostenfreien Version bereits gut geeignet, andere vielleicht weniger und daf\u00fcr umso <strong>teurer<\/strong>. Einige sind erfreulich <strong>intuitiv<\/strong>, f\u00fcr andere braucht man ein wenig Praxis, um sich zurechtzufinden. Nehmen Sie sich also Zeit, um das f\u00fcr Ihre beruflichen Bed\u00fcrfnisse Passende zu finden.<\/p>\n<p><strong>Testphase <\/strong><\/p>\n<p>Wenn Sie dann Ihren (ersten) Favoriten gefunden haben, geht es ans gemeinsame Ausprobieren. Am besten informiert die Person, die bereits getestet hat, alle anderen im Rahmen eines <strong>Kurzvortrags<\/strong> und gibt einen \u00dcberblick \u00fcber die Funktionen und M\u00f6glichkeiten. Unterst\u00fctzend finden Sie dazu eine Menge <strong>Infomaterial<\/strong> auf den Webseiten der jeweiligen Anbieter.<\/p>\n<p>Probieren Sie das Programm anschlie\u00dfend direkt gemeinsam aus, z. B. auf Ihren Smartphones, Tablets oder auch am Laptop. So kommen etwaige <strong>Ber\u00fchrungs\u00e4ngste<\/strong> gar nicht erst zustande und Sie k\u00f6nnen sich gegenseitig helfen, falls n\u00f6tig.<\/p>\n<p>Wenn Ihre Wahl auf eine Kita-Software und nicht nur auf ein reines Projektverwaltungsprogramm, das sie ausschlie\u00dflich untereinander nutzen, gefallen ist, veranstalten Sie einen <strong>Elternabend<\/strong>, um den Erziehungsberechtigten zu erkl\u00e4ren, was Sie zu diesem Schritt bewogen hat und welche <strong>Erleichterungen<\/strong> sich damit zuk\u00fcnftig auch f\u00fcr sie ergeben. Die meisten Eltern werden begeistert sein, wenn sie z. B. ihre Einverst\u00e4ndniserkl\u00e4rung per Klick abgeben oder ihr Kind krankheitsbedingt abmelden k\u00f6nnen, ohne einen Anruf t\u00e4tigen zu m\u00fcssen. (Auch WhatsApp-Gruppen k\u00f6nnen ja mitunter stressig sein, vom Datenschutz ganz zu schweigen.)<\/p>\n<\/div><\/section><\/div>\n\n<style type=\"text\/css\" data-created_by=\"avia_inline_auto\" id=\"style-css-av-3rvazfm-b07e3524753e75405a75d0c41668bf17\">\n.flex_column.av-3rvazfm-b07e3524753e75405a75d0c41668bf17{\nborder-radius:0px 0px 0px 0px;\npadding:0px 0px 0px 0px;\n}\n<\/style>\n<div  class='flex_column av-3rvazfm-b07e3524753e75405a75d0c41668bf17 av_one_full  avia-builder-el-35  el_after_av_one_full  el_before_av_one_full  first flex_column_div av-zero-column-padding  column-top-margin'     ><section  class='av_textblock_section av-ly733re4-00db66fa70bf18f01d71d6c2cde4662e '  ><div class='avia_textblock infoboxGreen' ><p><strong>Tipp<\/strong>: Viele Anbieter haben zus\u00e4tzlich zu ihren Programmen eine App f\u00fcr Eltern, die es z. B. auch erm\u00f6glicht, \u00fcber ein Verpflegungsportal Essen f\u00fcr die Kinder zu bestellen, mit anderen Eltern zu kommunizieren oder ihre privaten Termine zu koordinieren. Auf den Webseiten finden die Eltern Infomaterial, um sich mit allen Funktionen vertraut zu machen, und auch Hilfe, falls Probleme auftreten.<\/p>\n<\/div><\/section><\/div>\n\n<style type=\"text\/css\" data-created_by=\"avia_inline_auto\" id=\"style-css-av-3ep12xu-08000d684593a963e2ec4c5a6ca08c84\">\n.flex_column.av-3ep12xu-08000d684593a963e2ec4c5a6ca08c84{\nborder-radius:0px 0px 0px 0px;\npadding:0px 0px 0px 0px;\n}\n<\/style>\n<div  class='flex_column av-3ep12xu-08000d684593a963e2ec4c5a6ca08c84 av_one_full  avia-builder-el-37  el_after_av_one_full  el_before_av_one_full  first flex_column_div av-zero-column-padding  column-top-margin'     ><section  class='av_textblock_section av-ly7343jo-7c999aa601d7b66744b58fe75dd5747a '  ><div class='avia_textblock' ><p>Picken Sie sich im Team ein paar Punkte heraus, mit denen Sie sich in den n\u00e4chsten Wochen auseinandersetzen wollen. Das kann z. B. die konkrete <strong>Aufgabenverteilung<\/strong> f\u00fcr einen anstehenden Ausflug sein, eine <strong>Abstimmung<\/strong> und <strong>Budgetplanung<\/strong> f\u00fcr Neuanschaffungen oder das Anlegen (und anschlie\u00dfende Bef\u00fcllen) einer Struktur zur Entwicklungsdokumentation.<\/p>\n<\/div><\/section><\/div>\n\n<style type=\"text\/css\" data-created_by=\"avia_inline_auto\" id=\"style-css-av-2xykjwi-a7b0157bc9e990f21be089c76ef4d5cc\">\n.flex_column.av-2xykjwi-a7b0157bc9e990f21be089c76ef4d5cc{\nborder-radius:0px 0px 0px 0px;\npadding:0px 0px 0px 0px;\n}\n<\/style>\n<div  class='flex_column av-2xykjwi-a7b0157bc9e990f21be089c76ef4d5cc av_one_full  avia-builder-el-39  el_after_av_one_full  el_before_av_one_full  first flex_column_div av-zero-column-padding  column-top-margin'     ><section  class='av_textblock_section av-ly734maz-812c1890918ea873847fe3d72d7bb998 '  ><div class='avia_textblock infoboxGreen' ><p><strong>Tipp<\/strong>: Behalten Sie im Blick, dass die Software Sie nicht zus\u00e4tzlich stressen soll. Automatisch verschickte Benachrichtigungen k\u00f6nnen Sie beispielsweise deaktivieren, sodass es nicht dauernd piept und blinkt, wenn jemand aus Ihrem Team eine Aufgabe im Programm erledigt oder Sie erw\u00e4hnt. So eilig ist es ja dann doch nicht \u2013 ein Blick am n\u00e4chsten Morgen oder nach dem Wochenende reicht v\u00f6llig.<\/p>\n<\/div><\/section><\/div>\n\n<style type=\"text\/css\" data-created_by=\"avia_inline_auto\" id=\"style-css-av-2dcfqci-3961392a7a9b134b49dac2290d258901\">\n.flex_column.av-2dcfqci-3961392a7a9b134b49dac2290d258901{\nborder-radius:0px 0px 0px 0px;\npadding:0px 0px 0px 0px;\n}\n<\/style>\n<div  class='flex_column av-2dcfqci-3961392a7a9b134b49dac2290d258901 av_one_full  avia-builder-el-41  el_after_av_one_full  el_before_av_one_full  first flex_column_div av-zero-column-padding  column-top-margin'     ><section  class='av_textblock_section av-ly7355f4-0d00ceafb7b018f5470efae4b7973b49 '  ><div class='avia_textblock' ><p><strong>Evaluation <\/strong><\/p>\n<p>Tauschen Sie sich regelm\u00e4\u00dfig \u00fcber Ihre <strong>Erfahrungen, Fragen, Probleme und Fortschritte<\/strong> aus. Nach ein paar Wochen setzen Sie sich dann noch einmal zusammen und \u00fcberlegen, inwiefern die Anwendung f\u00fcr Sie von Vorteil ist \u2013 oder eben nicht. Vielleicht eignet sich das Tool ja trotzdem f\u00fcr bestimmte Aufgaben und Arbeitsgruppen.<\/p>\n<p>Wenn Sie Ihren (vorl\u00e4ufigen) Favoriten gefunden haben, ganz egal, ob es sich um eine Komplettl\u00f6sung, ein ePortfolio oder ein Projektmanagement-Tool handelt, nehmen Sie sich Zeit, um in den n\u00e4chsten Monaten alle M\u00f6glichkeiten zu entdecken.<\/p>\n<p><strong>Einf\u00fchrung <\/strong><\/p>\n<p>G\u00f6nnen Sie sich auch hier <strong>Flexibilit\u00e4t<\/strong>. Niemand verlangt von Ihnen, sich innerhalb von ein paar Tagen umfassend in alle M\u00f6glichkeiten einzuarbeiten. Vielleicht haben Sie das Angebot einer <strong>Schulung<\/strong> oder <strong>Fortbildung<\/strong>, vor allem, wenn es sich um komplexe Anwendungen handelt.<\/p>\n<p>Nehmen Sie sich ansonsten ein H\u00e4ppchen nach dem anderen vor, z. B. zuerst die Kommunikation mit den Eltern, die Planung eines Festes oder die Umstellung auf digitale Materialbestellung.<\/p>\n<p><strong>Bleiben Sie weiterhin im Austausch<\/strong>:<\/p>\n<ul>\n<li>Welche zus\u00e4tzlichen M\u00f6glichkeiten, mit denen Sie sich noch nicht auseinandergesetzt haben ,bietet die Anwendung? Was hat Sie bisher daran gehindert und wie k\u00f6nnen Sie das \u00e4ndern, falls erforderlich?<\/li>\n<li>Welche M\u00f6glichkeiten vermissen Sie und welche Apps, Tools oder Plattformen gibt es, die diese L\u00fccke schlie\u00dfen?<\/li>\n<li>Kommen alle im Team mit dem Programm zurecht oder f\u00fchlt sich jemand \u00fcberfordert oder gestresst?<\/li>\n<li>Lohnt sich die Nutzung Ihrer Favoriten auch auf Dauer, oder steigt der Zeitaufwand mit den Monaten? K\u00f6nnen Sie Prozesse noch weiter verschlanken oder wollen Sie sich von einzelnen Unterfunktionen wieder verabschieden?<\/li>\n<li>Wie geht es den Eltern mit der Nutzung der Programme? W\u00fcnschen sie sich Hilfe oder Ver\u00e4nderungen?<\/li>\n<\/ul>\n<\/div><\/section><\/div>\n\n<style type=\"text\/css\" data-created_by=\"avia_inline_auto\" id=\"style-css-av-mhh94y-332ed39547d7145064cff5ca9971edd8\">\n.flex_column.av-mhh94y-332ed39547d7145064cff5ca9971edd8{\nborder-radius:0px 0px 0px 0px;\npadding:0px 0px 0px 0px;\n}\n<\/style>\n<div  class='flex_column av-mhh94y-332ed39547d7145064cff5ca9971edd8 av_one_full  avia-builder-el-43  el_after_av_one_full  el_before_av_one_full  first flex_column_div av-zero-column-padding  column-top-margin'     ><section  class='av_textblock_section av-lyco752g-be2521ba24be9105f2bc6672d8dfb5a2 '  ><div class='avia_textblock infoboxGreen' ><p><strong>Tipp<\/strong>: Manche Anwendungen verf\u00fchren aufgrund ihrer vielen Funktionen zu Spielereien. Es kann Spa\u00df machen, eine Menge Neues auszuprobieren, doch achten Sie darauf, dass Sie nicht sich selbst oder Ihrem Team mehr Arbeit als n\u00f6tig machen, weil es z. B. so viel Spa\u00df macht, Grafiken zu erstellen oder neue Aufgaben zu definieren. Ansonsten finden Sie sich nach kurzer Zeit in einer Routine wieder, die Ihnen Zeit und Nerven stiehlt, statt Sie zu entlasten.<\/p>\n<\/div><\/section><\/div>\n\n<style type=\"text\/css\" data-created_by=\"avia_inline_auto\" id=\"style-css-av-291glky-f63b9ea8091be5e5f7b1898b2582be81\">\n.flex_column.av-291glky-f63b9ea8091be5e5f7b1898b2582be81{\nborder-radius:0px 0px 0px 0px;\npadding:0px 0px 0px 0px;\n}\n<\/style>\n<div  class='flex_column av-291glky-f63b9ea8091be5e5f7b1898b2582be81 av_one_full  avia-builder-el-45  el_after_av_one_full  el_before_av_one_full  first flex_column_div av-zero-column-padding  column-top-margin'     ><section  class='av_textblock_section av-ly7365h8-cb551c159b28031d07f5254deb4da45a '  ><div class='avia_textblock' >\n<style type=\"text\/css\" data-created_by=\"avia_inline_auto\" id=\"style-css-av-1m4kixu-6a99550031ab8b811e91973eff7aa65b\">\n#top .hr.hr-invisible.av-1m4kixu-6a99550031ab8b811e91973eff7aa65b{\nheight:20px;\n}\n<\/style>\n<div  class='hr av-1m4kixu-6a99550031ab8b811e91973eff7aa65b hr-invisible  avia-builder-el-47  avia-builder-el-no-sibling '><span class='hr-inner '><span class=\"hr-inner-style\"><\/span><\/span><\/div>\n<h2 id=\"3\" class=\"position\"><strong>Fazit<\/strong><\/h2>\n<p>Die Nutzung von Software f\u00fcr die Organisation Ihres Berufsalltags lohnt sich definitiv. Entscheidend ist Ihre <strong>Einstellung<\/strong>: Auch wenn Sie nicht technikaffin sind, haben Sie vielleicht sogar Spa\u00df daran, wenn Sie es erstmal probieren. Au\u00dferdem stehen Ihnen immer <strong>Experten<\/strong> oder <strong>Tutorials<\/strong> zur Seite.<\/p>\n<p>Die Einf\u00fchrung einer umfassenden Kita-Anwendung mag erstmal \u00fcberfordernd wirken, doch wie immer kommt ein Schritt nach dem anderen. Wenn Kinder lesen lernen, befassen sie sich ja auch zuerst mit den einzelnen Buchstaben und lesen nicht gleich Hermann Hesse.<\/p>\n<p>In der heutigen Zeit entwickeln sich IT-Anwendungen rasend schnell weiter. Es ist nie zu sp\u00e4t, auf den Zug aufzuspringen und die Vorteile zu genie\u00dfen, die damit einhergehen. Sie k\u00f6nnen nur gewinnen: Wenn es mit einem Programm einfach nicht klappt, der Support nicht zufriedenstellend ist oder Ihnen die Oberfl\u00e4che nicht zusagt, wechseln Sie einfach. Es gibt f\u00fcr alle Bed\u00fcrfnisse genug Alternativen.<\/p>\n<\/div><\/section><\/div>\n\n<style type=\"text\/css\" data-created_by=\"avia_inline_auto\" id=\"style-css-av-148m31e-1274cef20952ee0b23cfd50ff66f210a\">\n.flex_column.av-148m31e-1274cef20952ee0b23cfd50ff66f210a{\nborder-radius:0px 0px 0px 0px;\npadding:0px 0px 0px 0px;\n}\n<\/style>\n<div  class='flex_column av-148m31e-1274cef20952ee0b23cfd50ff66f210a av_one_full  avia-builder-el-48  el_after_av_one_full  el_before_av_one_third  first flex_column_div av-zero-column-padding  column-top-margin'     ><section  class='av_textblock_section av-ly736p6n-394894099a12f8bcc00c513e4927157c '  ><div class='avia_textblock' >\n<style type=\"text\/css\" data-created_by=\"avia_inline_auto\" id=\"style-css-av-l65ajm-c6c683dd9580f57f7df7b21d2089f8aa\">\n#top .hr.hr-invisible.av-l65ajm-c6c683dd9580f57f7df7b21d2089f8aa{\nheight:20px;\n}\n<\/style>\n<div  class='hr av-l65ajm-c6c683dd9580f57f7df7b21d2089f8aa hr-invisible  avia-builder-el-50  avia-builder-el-no-sibling '><span class='hr-inner '><span class=\"hr-inner-style\"><\/span><\/span><\/div>\n<h2 id=\"4\" class=\"position\"><strong>Meine pers\u00f6nlichen Software-Favoriten: Asana und Discord <\/strong><\/h2>\n<p>Ich war bei einem ehemaligen Arbeitgeber als IT-Poltergeist bekannt und meine Betreuung die erste Feuertaufe f\u00fcr jeden neuen IT-Praktikanten. Als technisches Genie bezeichne ich mich also bei Weitem nicht.<\/p>\n<p>Trotzdem bin ich seit Jahren begeisterter, exzessiver und recht talentierter Nutzer von Asana und Discord, beide in der Gratis-Version. Wenn ich mit Asana ein neues Projekt plane, Aufgaben und Timelines erstelle und Rechercheergebnisse einpflege, gerate ich regelm\u00e4\u00dfig in einen Flow und wei\u00df anschlie\u00dfend nicht, wie innerhalb von 15 Minuten sechs Stunden vergehen konnten. Danach steht die komplette Planung f\u00fcr die n\u00e4chsten Monate f\u00fcr das gesamte Team (auch wenn sie flexibel bleibt) und ich bin so motiviert, dass ich mir direkt die ersten f\u00fcnf To-dos schnappe.<\/p>\n<p>Gleichzeitig finde ich die Arbeit in den Programmen sehr inspirierend. Wenn ich einmal anfange, habe ich meistens viele Gedankenblitze, sodass es nicht bei der anf\u00e4nglichen groben Skizze bleibt, die bei einem Brainstorming entstanden ist. Und praktischerweise kann ich dann ja alles direkt erg\u00e4nzen, das ganze Team sieht es und kann unkompliziert und zeitnah Feedback geben.<\/p>\n<p>Discord nutze ich sowohl privat als auch f\u00fcr Online-Nachhilfe. Videokonferenzen klappen nach meiner Erfahrung viel unkomplizierter und auch reibungsloser als bei Teams oder Zoom. Man erstellt einfach eine Gruppe und ruft an. Die Verbindung ist immer einwandfrei und es gibt kein Zeitlimit. W\u00e4hrend des Gespr\u00e4chs kann man in Sekundenschnelle etwas in den Textkanal tippen, einen Screenshot posten oder den Bildschirm teilen, Dokumente versenden oder wichtige Dinge in einem separaten Kanal des Servers hochladen.<\/p>\n<p>Auch f\u00fcr ein Online-Spiel haben mein Freund und ich einen eigenen Discord-Server erstellt, \u00fcber den seit Jahren die komplette Gildenkommunikation l\u00e4uft (20 Mitglieder). Es gibt zwei Dutzend Kan\u00e4le f\u00fcr Regelwerke, Abstimmungen, Abwesenheit, Tauschb\u00f6rsen, Wissenswertes, Tutorials, w\u00f6chentliche Resultate und Excellisten als GoogleDocs-Dokumente sowie mehrere Sprachkan\u00e4le. Man kann an jedes Mitglied ganz einfach spezifische Rollen vergeben, die u. a. beinhalten, welche Kan\u00e4le jemand sieht.<\/p>\n<p>Tats\u00e4chlich kann ich mir nicht vorstellen, wie wir ohne Discord so viele Leute in so vielen Belangen erfolgreich koordinieren k\u00f6nnten. Und mit dem servereigenen Bot haben sich einige von uns ein zum Gildennamen passendes Profilbild per KI erstellt \u2013 eine nette Spielerei am Rande. Nat\u00fcrlich ist noch viel mehr m\u00f6glich, aber vielleicht nicht n\u00f6tig, wenn man f\u00fcr die Zusatzfunktionen zahlt.<\/p>\n<p>Beruflich habe ich auch Erfahrung mit anderen Softwares wie Slack, Kanbanize und Trello gemacht. Begeistert war ich nicht: zu un\u00fcbersichtlich, zu viel, nicht intuitiv. Der Zeitaufwand, um damit zurechtzukommen, ist deutlich h\u00f6her, aber f\u00fcr gro\u00dfe Unternehmen m\u00f6gen diese Tools von Nutzen sein. (Ob sie selbst aber alle Funktionen ihrer Programme kennen und nutzen?) Ich selbst war relativ schnell frustriert, sodass mir sogar der Spa\u00df an der Arbeit an sich abhandengekommen ist. Vielleicht spielte auch die Tatsache mit hinein, dass in diesen Projekten wirklich viel und nicht immer zielf\u00fchrend kommuniziert wurde. Wenn man dann wirklich mal eine Info gesucht hat, war der Thread nicht mehr auffindbar o. \u00c4. \u2013 zumindest f\u00fcr mich nicht.<\/p>\n<p>Meiner Meinung nach erschlie\u00dft sich die Nutzung von Asana und Discord von allein \u2013 ich habe mir nie ein Tutorial angeschaut oder etwas nachschlagen m\u00fcssen und finde z. B. Excel um L\u00e4ngen komplizierter. F\u00fcr die kreative Arbeit empfinde ich beide Programme als absolute Booster. Ganz oben auf meiner \u201eMuss-ich-dringend-mal-ausprobieren-Liste\u201c stehen \u00fcbrigens ein paar Mindmapping-Tools \u2013 da habe ich seit L\u00e4ngerem richtig Lust drauf.<\/p>\n<p>Damit will ich sagen: Wenn ich das kann, k\u00f6nnen Sie das erst recht. Bleiben Sie neugierig und schnuppern Sie einfach mal rein. Bisher habe selbst ich es nicht geschafft, eines der Programme kaputtzumachen. Meine alte IT-Abteilung w\u00e4re ganz sicher stolz auf mich.<\/p>\n<p>Als ich w\u00e4hrend Corona einem Grundsch\u00fcler und Zocker anbot, die Nachhilfe \u00fcbergangsweise \u00fcber Discord zu machen, strahlte er mich an und sagte: \u201eDu hast Discord! Dann bist du ja noch gar kein Rentner!\u201c Komplimente sind auch so vielf\u00e4ltig wie die Menschheit.<\/p>\n<\/div><\/section><\/div>\n<div class='flex_column_table av-kw0oyv-e2ab43d4a4970d1369878ef28ec257ca sc-av_one_third av-equal-height-column-flextable'>\n<style type=\"text\/css\" data-created_by=\"avia_inline_auto\" id=\"style-css-av-kw0oyv-e2ab43d4a4970d1369878ef28ec257ca\">\n.flex_column.av-kw0oyv-e2ab43d4a4970d1369878ef28ec257ca{\nborder-width:1px;\nborder-color:#ebebeb;\nborder-style:solid;\nborder-radius:0px 0px 0px 0px;\npadding:10px 10px 10px 10px;\n}\n<\/style>\n<div  class='flex_column av-kw0oyv-e2ab43d4a4970d1369878ef28ec257ca av_one_third  avia-builder-el-51  el_after_av_one_full  el_before_av_one_third  first flex_column_table_cell av-equal-height-column av-align-top  column-top-margin'     ><p><section  class='av_textblock_section av-jp7uaf-720b0ef4fc560994206b13078ac64967 '  ><div class='avia_textblock' ><p><img decoding=\"async\" class=\"alignnone wp-image-14382 size-full\" src=\"https:\/\/blog.backwinkel.de\/wp-content\/uploads\/2024\/07\/40919-glow-and-go-bot-8.jpg\" alt=\"\" width=\"2048\" height=\"2048\" srcset=\"https:\/\/www.backwinkel.de\/blog\/wp-content\/uploads\/2024\/07\/40919-glow-and-go-bot-8.jpg 2048w, https:\/\/www.backwinkel.de\/blog\/wp-content\/uploads\/2024\/07\/40919-glow-and-go-bot-8-1536x1536.jpg 1536w, https:\/\/www.backwinkel.de\/blog\/wp-content\/uploads\/2024\/07\/40919-glow-and-go-bot-8-36x36.jpg 36w, https:\/\/www.backwinkel.de\/blog\/wp-content\/uploads\/2024\/07\/40919-glow-and-go-bot-8-180x180.jpg 180w\" sizes=\"(max-width: 2048px) 100vw, 2048px\" \/><\/p>\n<p style=\"font-size: 20px; font-family: urw_grotesk_extra_narrowrg; text-align: left;\">Glow and<br \/>\nGo Bot<\/p>\n<p style=\"text-align: left;\"><div  class='avia-button-wrap av-h72tav-0fbfd86b7e3b926c60344e17f7e6559e-wrap avia-button-center  avia-builder-el-53  avia-builder-el-no-sibling '><a href='https:\/\/www.backwinkel.de\/prod\/glow-and-go-bot.html'  class='avia-button av-h72tav-0fbfd86b7e3b926c60344e17f7e6559e av-link-btn avia-icon_select-no avia-size-medium avia-position-center avia-color-theme-color'  target=\"_blank\"  rel=\"noopener noreferrer\"  aria-label=\"zum Produkt\"><span class='avia_iconbox_title' >zum Produkt<\/span><\/a><\/div><\/p>\n<\/div><\/section><br \/>\n\n<style type=\"text\/css\" data-created_by=\"avia_inline_auto\" id=\"style-css-av-f2syzr-5f3953bacdb07559a49638fe94417a75\">\n#top .hr.hr-invisible.av-f2syzr-5f3953bacdb07559a49638fe94417a75{\nheight:20px;\n}\n<\/style>\n<div  class='hr av-f2syzr-5f3953bacdb07559a49638fe94417a75 hr-invisible  avia-builder-el-54  el_after_av_textblock  avia-builder-el-last '><span class='hr-inner '><span class=\"hr-inner-style\"><\/span><\/span><\/div><\/p><\/div>\n<div class='av-flex-placeholder'><\/div>\n<style type=\"text\/css\" data-created_by=\"avia_inline_auto\" id=\"style-css-av-dzsv5j-0e39202c82d98430e063b195cbdd5476\">\n.flex_column.av-dzsv5j-0e39202c82d98430e063b195cbdd5476{\nborder-width:1px;\nborder-color:#ebebeb;\nborder-style:solid;\nborder-radius:0px 0px 0px 0px;\npadding:10px 10px 10px 10px;\n}\n<\/style>\n<div  class='flex_column av-dzsv5j-0e39202c82d98430e063b195cbdd5476 av_one_third  avia-builder-el-55  el_after_av_one_third  el_before_av_one_third  flex_column_table_cell av-equal-height-column av-align-top  column-top-margin'     ><p><section  class='av_textblock_section av-clhqjb-633e1d97713cb5a3befcd462a96988a9 '  ><div class='avia_textblock' ><p><img decoding=\"async\" class=\"alignnone wp-image-14380 \" src=\"https:\/\/blog.backwinkel.de\/wp-content\/uploads\/2024\/07\/66110_figur-luka-logisches-denken-und-coding-ab-4-edurino_01.jpg\" alt=\"\" width=\"1054\" height=\"1054\" srcset=\"https:\/\/www.backwinkel.de\/blog\/wp-content\/uploads\/2024\/07\/66110_figur-luka-logisches-denken-und-coding-ab-4-edurino_01.jpg 2048w, https:\/\/www.backwinkel.de\/blog\/wp-content\/uploads\/2024\/07\/66110_figur-luka-logisches-denken-und-coding-ab-4-edurino_01-1536x1536.jpg 1536w, https:\/\/www.backwinkel.de\/blog\/wp-content\/uploads\/2024\/07\/66110_figur-luka-logisches-denken-und-coding-ab-4-edurino_01-36x36.jpg 36w, https:\/\/www.backwinkel.de\/blog\/wp-content\/uploads\/2024\/07\/66110_figur-luka-logisches-denken-und-coding-ab-4-edurino_01-180x180.jpg 180w\" sizes=\"(max-width: 1054px) 100vw, 1054px\" \/><\/p>\n<p style=\"font-size: 20px; font-family: urw_grotesk_extra_narrowrg; text-align: left;\">EDURINO Logisches Denken<br \/>\n&amp; Coding ab 4<\/p>\n<p style=\"text-align: left;\"><div  class='avia-button-wrap av-bcufvr-152ab035018258f185f5395570909e27-wrap avia-button-center  avia-builder-el-57  avia-builder-el-no-sibling '><a href='https:\/\/www.backwinkel.de\/prod\/edurino-logisches-denken-coding-ab-4.html'  class='avia-button av-bcufvr-152ab035018258f185f5395570909e27 av-link-btn avia-icon_select-no avia-size-medium avia-position-center avia-color-theme-color'  target=\"_blank\"  rel=\"noopener noreferrer\"  aria-label=\"zum Produkt\"><span class='avia_iconbox_title' >zum Produkt<\/span><\/a><\/div><\/p>\n<\/div><\/section><br \/>\n\n<style type=\"text\/css\" data-created_by=\"avia_inline_auto\" id=\"style-css-av-9ggt1z-26759370d6fa5e1a5aa9f4de07639665\">\n#top .hr.hr-invisible.av-9ggt1z-26759370d6fa5e1a5aa9f4de07639665{\nheight:20px;\n}\n<\/style>\n<div  class='hr av-9ggt1z-26759370d6fa5e1a5aa9f4de07639665 hr-invisible  avia-builder-el-58  el_after_av_textblock  avia-builder-el-last '><span class='hr-inner '><span class=\"hr-inner-style\"><\/span><\/span><\/div><\/p><\/div>\n<div class='av-flex-placeholder'><\/div>\n<style type=\"text\/css\" data-created_by=\"avia_inline_auto\" id=\"style-css-av-78xamv-526a0c34e2937acccf69e37579bbfeb0\">\n.flex_column.av-78xamv-526a0c34e2937acccf69e37579bbfeb0{\nborder-width:1px;\nborder-color:#ebebeb;\nborder-style:solid;\nborder-radius:0px 0px 0px 0px;\npadding:10px 10px 10px 10px;\n}\n<\/style>\n<div  class='flex_column av-78xamv-526a0c34e2937acccf69e37579bbfeb0 av_one_third  avia-builder-el-59  el_after_av_one_third  el_before_av_one_full  flex_column_table_cell av-equal-height-column av-align-top  column-top-margin'     ><p><section  class='av_textblock_section av-5k4q1z-26cc5b8ff9decc73c9c3e3ebc02c2e6f '  ><div class='avia_textblock' ><p><img decoding=\"async\" class=\"alignnone wp-image-14379 size-full\" src=\"https:\/\/blog.backwinkel.de\/wp-content\/uploads\/2024\/07\/40794-bee-bot-komplettset-neu.jpg\" alt=\"\" width=\"2048\" height=\"2048\" srcset=\"https:\/\/www.backwinkel.de\/blog\/wp-content\/uploads\/2024\/07\/40794-bee-bot-komplettset-neu.jpg 2048w, https:\/\/www.backwinkel.de\/blog\/wp-content\/uploads\/2024\/07\/40794-bee-bot-komplettset-neu-1536x1536.jpg 1536w, https:\/\/www.backwinkel.de\/blog\/wp-content\/uploads\/2024\/07\/40794-bee-bot-komplettset-neu-36x36.jpg 36w, https:\/\/www.backwinkel.de\/blog\/wp-content\/uploads\/2024\/07\/40794-bee-bot-komplettset-neu-180x180.jpg 180w\" sizes=\"(max-width: 2048px) 100vw, 2048px\" \/><\/p>\n<p style=\"font-size: 20px; font-family: urw_grotesk_extra_narrowrg; text-align: left;\">Bee-Bot<br \/>\nKomplett-Set<\/p>\n<p style=\"text-align: left;\"><div  class='avia-button-wrap av-3pwgpz-6f164495f185ed0d73860f5b717d4b0c-wrap avia-button-center  avia-builder-el-61  avia-builder-el-no-sibling '><a href='https:\/\/www.backwinkel.de\/prod\/bee-bot-komplett-set.html'  class='avia-button av-3pwgpz-6f164495f185ed0d73860f5b717d4b0c av-link-btn avia-icon_select-no avia-size-medium avia-position-center avia-color-theme-color'  target=\"_blank\"  rel=\"noopener noreferrer\"  aria-label=\"zum Produkt\"><span class='avia_iconbox_title' >zum Produkt<\/span><\/a><\/div><\/p>\n<\/div><\/section><br \/>\n\n<style type=\"text\/css\" data-created_by=\"avia_inline_auto\" id=\"style-css-av-2vv593-008f82c542d1a990bfda6abd83868c1e\">\n#top .hr.hr-invisible.av-2vv593-008f82c542d1a990bfda6abd83868c1e{\nheight:20px;\n}\n<\/style>\n<div  class='hr av-2vv593-008f82c542d1a990bfda6abd83868c1e hr-invisible  avia-builder-el-62  el_after_av_textblock  avia-builder-el-last '><span class='hr-inner '><span class=\"hr-inner-style\"><\/span><\/span><\/div><\/p><\/div><\/div><!--close column table wrapper. Autoclose: 1 -->\n\n<style type=\"text\/css\" data-created_by=\"avia_inline_auto\" id=\"style-css-av-jley1l06-be8863a15e87d33f314fbd4b76b14014\">\n.flex_column.av-jley1l06-be8863a15e87d33f314fbd4b76b14014{\nborder-radius:0px 0px 0px 0px;\npadding:10px 10px 10px 10px;\nbackground-color:#f2f2f2;\n}\n<\/style>\n<div  class='flex_column av-jley1l06-be8863a15e87d33f314fbd4b76b14014 av_one_full  avia-builder-el-63  el_after_av_one_third  el_before_av_one_full  first flex_column_div  column-top-margin'     ><section  class='av_textblock_section av-jkuvcso3-5-5c6860626657f0ec318095798effdcc6 '  ><div class='avia_textblock' ><p class=\"fussnoten-quellen\"><strong>Lesestoff: <\/strong><\/p>\n<p>Aston, Ben: Die 10 besten Kommunikationstools f\u00fcr motivierte und effektivere Teamgespr\u00e4che, 02.01.2023:<br \/>\n<a href=\"https:\/\/thedigitalprojectmanager.com\/de\/tools\/die-10-besten-kommunikationstools\/\" target=\"_blank\" rel=\"noopener\">https:\/\/thedigitalprojectmanager.com\/de\/tools\/die-10-besten-kommunikationstools\/<\/a><\/p>\n<p>Bauer, Charoline: 12 deutsche Kita-Apps im \u00dcberblick: Funktionen, Datenschutz, Kosten &amp; Nutzen, 16.02.2023:<br \/>\n<a href=\"https:\/\/www.familie.de\/kleinkind\/12-deutsche-kita-apps-im-ueberblick-funktionen-datenschutz-kosten-nutzen\/\" target=\"_blank\" rel=\"noopener\">https:\/\/www.familie.de\/kleinkind\/12-deutsche-kita-apps-im-ueberblick-funktionen-datenschutz-kosten-nutzen\/<\/a><\/p>\n<p>umfangreiche Informationen zum Projekt \u201eSmart Kita\u201c mit \u00dcbersicht der einzelnen Phasen (Projektlaufzeit 2023 \u2013 2026):<br \/>\n<a href=\"https:\/\/www.bw-verdi.de\/angebote\/projekte\/esf-projekte\/smart-kita\/\" target=\"_blank\" rel=\"noopener\">https:\/\/www.bw-verdi.de\/angebote\/projekte\/esf-projekte\/smart-kita\/<\/a><\/p>\n<p>Zugang zu den vier Abschlussberichten der Partner des Projekts \u201eSmart Kita\u201c:<br \/>\n<a href=\"https:\/\/www.interaktive-technologien.de\/projekte\/smart-kita\" target=\"_blank\" rel=\"noopener\">https:\/\/www.interaktive-technologien.de\/projekte\/smart-kita<\/a><\/p>\n<p>Lill, Theresa: Smarte Kita \u2013 Worth\u00fclse oder Zukunft?, didacta-Magazin 4-2022, S. 46f.:<br \/>\n<a href=\"https:\/\/www.nifbe.de\/component\/themensammlung?view=item&amp;id=1057:smarte-kita-worthuelse-oder-zukunft\" target=\"_blank\" rel=\"noopener\">https:\/\/www.nifbe.de\/component\/themensammlung?view=item&amp;id=1057:smarte-kita-worthuelse-oder-zukunft<\/a><\/p>\n<p>13 Kita-Softwares im Vergleich:<br \/>\n<a href=\"https:\/\/www.softwareadvice.de\/directory\/m62\/child-care\/software\" target=\"_blank\" rel=\"noopener\">https:\/\/www.softwareadvice.de\/directory\/m62\/child-care\/software<\/a><\/p>\n<p>Staatsinstitut f\u00fcr Fr\u00fchp\u00e4dagogik: KitaApps: Apps und Softwarel\u00f6sungen f\u00fcr mittelbare p\u00e4dagogische Aufgaben in der Kita, 2019:<br \/>\n<a href=\"https:\/\/www.ifp.bayern.de\/imperia\/md\/content\/stmas\/familienhandbuch\/kitaapps_ifp-expertise_1_12-2019_final.pdf\" target=\"_blank\" rel=\"noopener\">https:\/\/www.ifp.bayern.de\/imperia\/md\/content\/stmas\/familienhandbuch\/kitaapps_ifp-expertise_1_12-2019_final.pdf<\/a><\/p>\n<p>Die 10 besten internen Kommunikationssoftware, 26.02.2024:<br \/>\n<a href=\"https:\/\/steeple.com\/de\/blog\/die-10-besten-internen-kommunikationssoftware\" target=\"_blank\" rel=\"noopener\">https:\/\/steeple.com\/de\/blog\/die-10-besten-internen-kommunikationssoftware<\/a><\/p>\n<\/div><\/section><\/div>\n\n<style type=\"text\/css\" data-created_by=\"avia_inline_auto\" id=\"style-css-av-4a8f13-8282735e1a69d4252a8ab107757df204\">\n.flex_column.av-4a8f13-8282735e1a69d4252a8ab107757df204{\nborder-radius:0px 0px 0px 0px;\npadding:10px 10px 10px 10px;\n}\n<\/style>\n<div  class='flex_column av-4a8f13-8282735e1a69d4252a8ab107757df204 av_one_full  avia-builder-el-65  el_after_av_one_full  el_before_av_one_full  first flex_column_div  column-top-margin'     ><section  class='av_textblock_section av-2ibyo7-105f90c883c0b4406936f8076e5ba294 '  ><div class='avia_textblock' ><p class=\"copyright\"><strong>\u00a9 Copyright \u2013 Urheberrechtshinweis<\/strong><br \/>\nAlle Inhalte auf www.backwinkel.de sowie www.backwinkel.de\/blog, insbesondere Texte, Fotografien und Grafiken, sind urheberrechtlich gesch\u00fctzt.<br \/>\nDas Urheberrecht liegt, soweit nicht ausdr\u00fccklich anders gekennzeichnet, bei der BACKWINKEL GmbH. Bitte fragen Sie uns, falls Sie die Inhalte dieses Internetangebotes verwenden m\u00f6chten.<br \/>\nWer gegen das Urheberrecht verst\u00f6\u00dft (z. B. Bilder oder Texte unerlaubt kopiert), macht sich gem. \u00a7\u00a7 106 ff UrhG strafbar, wird zudem kostenpflichtig abgemahnt und muss Schadensersatz leisten (\u00a7 97 UrhG).<\/p>\n<\/div><\/section><\/div>\n\n<style type=\"text\/css\" data-created_by=\"avia_inline_auto\" id=\"style-css-av-1p82t-b0e9719fe6c67aa5c6d1abf813961e55\">\n.flex_column.av-1p82t-b0e9719fe6c67aa5c6d1abf813961e55{\nborder-radius:0px 0px 0px 0px;\npadding:0px 0px 0px 0px;\n}\n<\/style>\n<div  class='flex_column av-1p82t-b0e9719fe6c67aa5c6d1abf813961e55 av_one_full  avia-builder-el-67  el_after_av_one_full  avia-builder-el-last  first flex_column_div av-zero-column-padding  column-top-margin'     ><p><section  class='av_textblock_section av-jlp4hxqo-91baaad30cd61f89630d15f8561d1750 '  ><div class='avia_textblock' ><div class=\"shariff shariff-align-left shariff-widget-align-left\"><ul class=\"shariff-buttons theme-color orientation-horizontal buttonsize-medium\"><li class=\"shariff-button whatsapp shariff-nocustomcolor\" style=\"background-color:#5cbe4a\"><a href=\"https:\/\/api.whatsapp.com\/send?text=https%3A%2F%2Fwww.backwinkel.de%2Fblog%2Fsmarte-kita%2F%20Smarte%20Kita\" title=\"Bei Whatsapp teilen\" aria-label=\"Bei Whatsapp teilen\" role=\"button\" rel=\"noopener nofollow\" class=\"shariff-link\" style=\"; background-color:#34af23; color:#fff\" target=\"_blank\"><span class=\"shariff-icon\" style=\"\"><svg width=\"32px\" height=\"20px\" xmlns=\"http:\/\/www.w3.org\/2000\/svg\" viewBox=\"0 0 32 32\"><path fill=\"#34af23\" d=\"M17.6 17.4q0.2 0 1.7 0.8t1.6 0.9q0 0.1 0 0.3 0 0.6-0.3 1.4-0.3 0.7-1.3 1.2t-1.8 0.5q-1 0-3.4-1.1-1.7-0.8-3-2.1t-2.6-3.3q-1.3-1.9-1.3-3.5v-0.1q0.1-1.6 1.3-2.8 0.4-0.4 0.9-0.4 0.1 0 0.3 0t0.3 0q0.3 0 0.5 0.1t0.3 0.5q0.1 0.4 0.6 1.6t0.4 1.3q0 0.4-0.6 1t-0.6 0.8q0 0.1 0.1 0.3 0.6 1.3 1.8 2.4 1 0.9 2.7 1.8 0.2 0.1 0.4 0.1 0.3 0 1-0.9t0.9-0.9zM14 26.9q2.3 0 4.3-0.9t3.6-2.4 2.4-3.6 0.9-4.3-0.9-4.3-2.4-3.6-3.6-2.4-4.3-0.9-4.3 0.9-3.6 2.4-2.4 3.6-0.9 4.3q0 3.6 2.1 6.6l-1.4 4.2 4.3-1.4q2.8 1.9 6.2 1.9zM14 2.2q2.7 0 5.2 1.1t4.3 2.9 2.9 4.3 1.1 5.2-1.1 5.2-2.9 4.3-4.3 2.9-5.2 1.1q-3.5 0-6.5-1.7l-7.4 2.4 2.4-7.2q-1.9-3.2-1.9-6.9 0-2.7 1.1-5.2t2.9-4.3 4.3-2.9 5.2-1.1z\"\/><\/svg><\/span><span class=\"shariff-text\">teilen<\/span>&nbsp;<\/a><\/li><li class=\"shariff-button facebook shariff-nocustomcolor\" style=\"background-color:#4273c8\"><a href=\"https:\/\/www.facebook.com\/sharer\/sharer.php?u=https%3A%2F%2Fwww.backwinkel.de%2Fblog%2Fsmarte-kita%2F\" title=\"Bei Facebook teilen\" aria-label=\"Bei Facebook teilen\" role=\"button\" rel=\"nofollow\" class=\"shariff-link\" style=\"; background-color:#3b5998; color:#fff\" target=\"_blank\"><span class=\"shariff-icon\" style=\"\"><svg width=\"32px\" height=\"20px\" xmlns=\"http:\/\/www.w3.org\/2000\/svg\" viewBox=\"0 0 18 32\"><path fill=\"#3b5998\" d=\"M17.1 0.2v4.7h-2.8q-1.5 0-2.1 0.6t-0.5 1.9v3.4h5.2l-0.7 5.3h-4.5v13.6h-5.5v-13.6h-4.5v-5.3h4.5v-3.9q0-3.3 1.9-5.2t5-1.8q2.6 0 4.1 0.2z\"\/><\/svg><\/span><span class=\"shariff-text\">teilen<\/span>&nbsp;<\/a><\/li><li class=\"shariff-button twitter shariff-nocustomcolor\" style=\"background-color:#595959\"><a href=\"https:\/\/twitter.com\/share?url=https%3A%2F%2Fwww.backwinkel.de%2Fblog%2Fsmarte-kita%2F&text=Smarte%20Kita\" title=\"Bei X teilen\" aria-label=\"Bei X teilen\" role=\"button\" rel=\"noopener nofollow\" class=\"shariff-link\" style=\"; background-color:#000; color:#fff\" target=\"_blank\"><span class=\"shariff-icon\" style=\"\"><svg width=\"32px\" height=\"20px\" xmlns=\"http:\/\/www.w3.org\/2000\/svg\" viewBox=\"0 0 24 24\"><path fill=\"#000\" d=\"M14.258 10.152L23.176 0h-2.113l-7.747 8.813L7.133 0H0l9.352 13.328L0 23.973h2.113l8.176-9.309 6.531 9.309h7.133zm-2.895 3.293l-.949-1.328L2.875 1.56h3.246l6.086 8.523.945 1.328 7.91 11.078h-3.246zm0 0\"\/><\/svg><\/span><span class=\"shariff-text\">teilen<\/span>&nbsp;<\/a><\/li><li class=\"shariff-button pinterest shariff-nocustomcolor\" style=\"background-color:#e70f18\"><a href=\"https:\/\/www.pinterest.com\/pin\/create\/link\/?url=https%3A%2F%2Fwww.backwinkel.de%2Fblog%2Fsmarte-kita%2F&media=https%3A%2F%2Fwww.backwinkel.de%2Fblog%2Fwp-content%2Fuploads%2F2024%2F07%2FSmarte_kita-heroimage.jpg&description=Smarte%20Kita\" title=\"Bei Pinterest pinnen\" aria-label=\"Bei Pinterest pinnen\" role=\"button\" rel=\"noopener nofollow\" class=\"shariff-link\" style=\"; background-color:#cb2027; color:#fff\" target=\"_blank\"><span class=\"shariff-icon\" style=\"\"><svg width=\"32px\" height=\"20px\" xmlns=\"http:\/\/www.w3.org\/2000\/svg\" viewBox=\"0 0 27 32\"><path fill=\"#cb2027\" d=\"M27.4 16q0 3.7-1.8 6.9t-5 5-6.9 1.9q-2 0-3.9-0.6 1.1-1.7 1.4-2.9 0.2-0.6 1-3.8 0.4 0.7 1.3 1.2t2 0.5q2.1 0 3.8-1.2t2.7-3.4 0.9-4.8q0-2-1.1-3.8t-3.1-2.9-4.5-1.2q-1.9 0-3.5 0.5t-2.8 1.4-2 2-1.2 2.3-0.4 2.4q0 1.9 0.7 3.3t2.1 2q0.5 0.2 0.7-0.4 0-0.1 0.1-0.5t0.2-0.5q0.1-0.4-0.2-0.8-0.9-1.1-0.9-2.7 0-2.7 1.9-4.6t4.9-2q2.7 0 4.2 1.5t1.5 3.8q0 3-1.2 5.2t-3.1 2.1q-1.1 0-1.7-0.8t-0.4-1.9q0.1-0.6 0.5-1.7t0.5-1.8 0.2-1.4q0-0.9-0.5-1.5t-1.4-0.6q-1.1 0-1.9 1t-0.8 2.6q0 1.3 0.4 2.2l-1.8 7.5q-0.3 1.2-0.2 3.2-3.7-1.6-6-5t-2.3-7.6q0-3.7 1.9-6.9t5-5 6.9-1.9 6.9 1.9 5 5 1.8 6.9z\"\/><\/svg><\/span><span class=\"shariff-text\">merken<\/span>&nbsp;<\/a><\/li><li class=\"shariff-button mailto shariff-nocustomcolor\" style=\"background-color:#a8a8a8\"><a href=\"mailto:?body=https%3A%2F%2Fwww.backwinkel.de%2Fblog%2Fsmarte-kita%2F&subject=Smarte%20Kita\" title=\"Per E-Mail versenden\" aria-label=\"Per E-Mail versenden\" role=\"button\" rel=\"noopener nofollow\" class=\"shariff-link\" style=\"; background-color:#999; color:#fff\"><span class=\"shariff-icon\" style=\"\"><svg width=\"32px\" height=\"20px\" xmlns=\"http:\/\/www.w3.org\/2000\/svg\" viewBox=\"0 0 32 32\"><path fill=\"#999\" d=\"M32 12.7v14.2q0 1.2-0.8 2t-2 0.9h-26.3q-1.2 0-2-0.9t-0.8-2v-14.2q0.8 0.9 1.8 1.6 6.5 4.4 8.9 6.1 1 0.8 1.6 1.2t1.7 0.9 2 0.4h0.1q0.9 0 2-0.4t1.7-0.9 1.6-1.2q3-2.2 8.9-6.1 1-0.7 1.8-1.6zM32 7.4q0 1.4-0.9 2.7t-2.2 2.2q-6.7 4.7-8.4 5.8-0.2 0.1-0.7 0.5t-1 0.7-0.9 0.6-1.1 0.5-0.9 0.2h-0.1q-0.4 0-0.9-0.2t-1.1-0.5-0.9-0.6-1-0.7-0.7-0.5q-1.6-1.1-4.7-3.2t-3.6-2.6q-1.1-0.7-2.1-2t-1-2.5q0-1.4 0.7-2.3t2.1-0.9h26.3q1.2 0 2 0.8t0.9 2z\"\/><\/svg><\/span><span class=\"shariff-text\">E-Mail<\/span>&nbsp;<\/a><\/li><\/ul><\/div>\n<\/div><\/section><br \/>\n<div  class='tabcontainer av-jlq8shhr-81242121e684ca07ed7e4b689c7d9116 top_tab  avia-builder-el-69  el_after_av_textblock  el_before_av_hr '>\n<section class='av_tab_section av_tab_section av-4w8jsn-bbdf9e923dedb1db49ad7c5dc47ef632' ><div id='tab-id-1-tab' class='tab active_tab' role='tab' aria-selected=\"true\" tabindex=\"0\" data-fake-id='#tab-id-1' aria-controls='tab-id-1-content' >Das BACKWINKEL-Blog-Team:<\/div><div id='tab-id-1-content' class='tab_content active_tab_content' role='tabpanel' aria-labelledby='tab-id-1-tab' aria-hidden=\"false\"><div class='tab_inner_content invers-color' ><p>Gibts auch ein Gesicht hinter dem BACKWINKEL-Blog? Nat\u00fcrlich. Sogar f\u00fcnf \ud83d\ude0a. Wir \u2013 Lukas, Marvin und Tatjana \u2013 bespielen unseren Blog im LACHEN LEBEN LERNEN-Firmensitz in Hattingen.<br \/>\nLukas kennt Onlinemarketing wie seine Westentasche, w\u00e4hrend Marvin unseren Beitr\u00e4gen den passenden gestalterischen Rahmen gibt und Tatjana mit dem gr\u00fcnen Korrekturstift alles pr\u00fcfend be\u00e4ugt, was unsere Freelancerautorinnen Elisa und Christine (und gern auch Gastautoren) aus der Ferne f\u00fcr den BACKWINKEL-Blog nach ordentlicher Recherche schreiben.<br \/>\nGemeinsam suchen wir st\u00e4ndig nach neuen, aufregenden Themen rund um das Thema Bildung im Kiga, der Schule und zu Hause. Und weil Sie da an der Quelle sitzen, freuen wir uns auf Ihre konstruktiven R\u00fcckmeldungen und Anregungen an blog[@]backwinkel.de<br \/>\nViel Spa\u00df beim LACHEN LESEN LERNEN!<\/p>\n<\/div><\/div><\/section>\n<\/div><br \/>\n\n<style type=\"text\/css\" data-created_by=\"avia_inline_auto\" id=\"style-css-av-jkuvdh82-b6ea5d9aca5d02d0d62bf300de93e492\">\n#top .hr.av-jkuvdh82-b6ea5d9aca5d02d0d62bf300de93e492{\nmargin-top:10px;\nmargin-bottom:10px;\n}\n.hr.av-jkuvdh82-b6ea5d9aca5d02d0d62bf300de93e492 .hr-inner{\nwidth:500;\n}\n<\/style>\n<div  class='hr av-jkuvdh82-b6ea5d9aca5d02d0d62bf300de93e492 hr-custom  avia-builder-el-70  el_after_av_tab_container  el_before_av_heading  hr-left hr-icon-no'><span class='hr-inner inner-border-av-border-thin'><span class=\"hr-inner-style\"><\/span><\/span><\/div><br \/>\n\n<style type=\"text\/css\" data-created_by=\"avia_inline_auto\" id=\"style-css-av-2rgq8p-eea5960d1a3bca7958b11dcc59b35b67\">\n#top .av-special-heading.av-2rgq8p-eea5960d1a3bca7958b11dcc59b35b67{\npadding-bottom:10px;\n}\nbody .av-special-heading.av-2rgq8p-eea5960d1a3bca7958b11dcc59b35b67 .av-special-heading-tag .heading-char{\nfont-size:25px;\n}\n.av-special-heading.av-2rgq8p-eea5960d1a3bca7958b11dcc59b35b67 .av-subheading{\nfont-size:15px;\n}\n<\/style>\n<div  class='av-special-heading av-2rgq8p-eea5960d1a3bca7958b11dcc59b35b67 av-special-heading-h3 blockquote modern-quote  avia-builder-el-71  el_after_av_hr  el_before_av_blog '><h3 class='av-special-heading-tag '  >PASSENDE BEITR\u00c4GE<\/h3><div class=\"special-heading-border\"><div class=\"special-heading-inner-border\"><\/div><\/div><\/div><br \/>\n<div  data-slideshow-options=\"{&quot;animation&quot;:&quot;fade&quot;,&quot;autoplay&quot;:false,&quot;loop_autoplay&quot;:&quot;once&quot;,&quot;interval&quot;:5,&quot;loop_manual&quot;:&quot;manual-endless&quot;,&quot;autoplay_stopper&quot;:false,&quot;noNavigation&quot;:false,&quot;show_slide_delay&quot;:90}\" class='avia-content-slider avia-content-grid-active avia-content-slider1 avia-content-slider-odd  avia-builder-el-72  el_after_av_heading  avia-builder-el-last  av-slideshow-ui av-control-default   av-no-slider-navigation av-slideshow-manual av-loop-once av-loop-manual-endless ' ><div class=\"avia-content-slider-inner\"><div class=\"slide-entry-wrap\"><article class='slide-entry flex_column  post-entry post-entry-18633 slide-entry-overview slide-loop-1 slide-parity-odd  av_one_third first real-thumbnail posttype-post post-format-standard' ><a href='https:\/\/www.backwinkel.de\/blog\/plastik-recyceln\/' data-rel='slide-1' class='slide-image' title='Plastik recyceln'><img decoding=\"async\" fetchpriority=\"high\" width=\"1200\" height=\"628\" src=\"https:\/\/www.backwinkel.de\/blog\/wp-content\/uploads\/2026\/04\/04_Kiga_Plastik_nachhaltig_nutzen.jpg\" class=\"wp-image-18713 avia-img-lazy-loading-not-18713 attachment-no scaling size-no scaling wp-post-image\" alt=\"\" \/><\/a><div class=\"slide-content\"><header class=\"entry-content-header\" aria-label=\"Slide: Plastik recyceln\"><h3 class='slide-entry-title entry-title ' ><a href='https:\/\/www.backwinkel.de\/blog\/plastik-recyceln\/' title='Plastik recyceln'>Plastik recyceln<\/a><\/h3><span class=\"blog-categories minor-meta\"><a href=\"https:\/\/www.backwinkel.de\/blog\/category\/kindergarten-kita\/\" rel=\"tag\">Kindergarten<\/a> <\/span><span class=\"av-vertical-delimiter\"><\/span><\/header><div class='slide-entry-excerpt entry-content' >Biokunststoff f\u00fcr St\u00fchle, Materialboxen, Spielzeug und Rucks\u00e4cke<\/div><\/div><footer class=\"entry-footer\"><div class=\"slide-meta\"><time class='slide-meta-time updated' >14. April 2026<\/time><\/div><\/footer><\/article><article class='slide-entry flex_column  post-entry post-entry-18716 slide-entry-overview slide-loop-2 slide-parity-even  av_one_third  real-thumbnail posttype-post post-format-standard' ><a href='https:\/\/www.backwinkel.de\/blog\/rechnen-im-anfangsunterricht\/' data-rel='slide-1' class='slide-image' title='Rechnen im Anfangsunterricht'><img decoding=\"async\" fetchpriority=\"high\" width=\"1200\" height=\"628\" src=\"https:\/\/www.backwinkel.de\/blog\/wp-content\/uploads\/2026\/04\/04_Schule_Rechnen_anfangsunterricht.jpg\" class=\"wp-image-18748 avia-img-lazy-loading-not-18748 attachment-no scaling size-no scaling wp-post-image\" alt=\"\" \/><\/a><div class=\"slide-content\"><header class=\"entry-content-header\" aria-label=\"Slide: Rechnen im Anfangsunterricht\"><h3 class='slide-entry-title entry-title ' ><a href='https:\/\/www.backwinkel.de\/blog\/rechnen-im-anfangsunterricht\/' title='Rechnen im Anfangsunterricht'>Rechnen im Anfangsunterricht<\/a><\/h3><span class=\"blog-categories minor-meta\"><a href=\"https:\/\/www.backwinkel.de\/blog\/category\/schule-grundschule\/\" rel=\"tag\">Schule<\/a> <\/span><span class=\"av-vertical-delimiter\"><\/span><\/header><div class='slide-entry-excerpt entry-content' >Das Klassenzimmer als Lernlandschaft<\/div><\/div><footer class=\"entry-footer\"><div class=\"slide-meta\"><time class='slide-meta-time updated' >14. April 2026<\/time><\/div><\/footer><\/article><article class='slide-entry flex_column  post-entry post-entry-18372 slide-entry-overview slide-loop-3 slide-parity-odd  post-entry-last  av_one_third  real-thumbnail posttype-post post-format-standard' ><a href='https:\/\/www.backwinkel.de\/blog\/kranke-kinder-im-kindergarten\/' data-rel='slide-1' class='slide-image' title='Kranke Kinder im Kindergarten'><img decoding=\"async\" fetchpriority=\"high\" width=\"1200\" height=\"628\" src=\"https:\/\/www.backwinkel.de\/blog\/wp-content\/uploads\/2026\/03\/03_Kiga_Kranke_Kinder.jpg\" class=\"wp-image-18451 avia-img-lazy-loading-not-18451 attachment-no scaling size-no scaling wp-post-image\" alt=\"Thema: Kranke Kinder. Auf dem Bild ist ein krankes kleines M\u00e4dchen zu sehen. Eine Frau mit einem Fieberthermometer in der Hand sitzt neben ihr und hat die Hand auf der Stirn des M\u00e4dchens.\" \/><\/a><div class=\"slide-content\"><header class=\"entry-content-header\" aria-label=\"Slide: Kranke Kinder im Kindergarten\"><h3 class='slide-entry-title entry-title ' ><a href='https:\/\/www.backwinkel.de\/blog\/kranke-kinder-im-kindergarten\/' title='Kranke Kinder im Kindergarten'>Kranke Kinder im Kindergarten<\/a><\/h3><span class=\"blog-categories minor-meta\"><a href=\"https:\/\/www.backwinkel.de\/blog\/category\/kindergarten-kita\/\" rel=\"tag\">Kindergarten<\/a> <\/span><span class=\"av-vertical-delimiter\"><\/span><\/header><div class='slide-entry-excerpt entry-content' >Auswirkungen f\u00fcr Kinder, Eltern und Fachkr\u00e4fte<\/div><\/div><footer class=\"entry-footer\"><div class=\"slide-meta\"><time class='slide-meta-time updated' >9. M\u00e4rz 2026<\/time><\/div><\/footer><\/article><\/div><\/div><\/div><\/p><\/div>\n","protected":false},"excerpt":{"rendered":"<p>Wie Sie analog und digital geschickt kombinieren<\/p>\n","protected":false},"author":1,"featured_media":14392,"comment_status":"closed","ping_status":"closed","sticky":false,"template":"","format":"standard","meta":{"inline_featured_image":false,"footnotes":""},"categories":[5],"tags":[],"class_list":["post-14338","post","type-post","status-publish","format-standard","has-post-thumbnail","hentry","category-kindergarten-kita"],"yoast_head":"<!-- This site is optimized with the Yoast SEO plugin v27.4 - https:\/\/yoast.com\/product\/yoast-seo-wordpress\/ -->\n<title>Smarte Kita in der Praxis | BACKWINKEL Blog<\/title>\n<meta name=\"description\" content=\"Was man unter einer smarten Kita versteht, welche Vorteile sie hat und wie Sie entspannt die ersten Schritte planen\" \/>\n<meta name=\"robots\" content=\"index, follow, max-snippet:-1, max-image-preview:large, max-video-preview:-1\" \/>\n<link rel=\"canonical\" href=\"https:\/\/www.backwinkel.de\/blog\/smarte-kita\/\" \/>\n<meta property=\"og:locale\" content=\"de_DE\" \/>\n<meta property=\"og:type\" content=\"article\" \/>\n<meta property=\"og:title\" content=\"Smarte Kita in der Praxis | BACKWINKEL Blog\" \/>\n<meta property=\"og:description\" content=\"Was man unter einer smarten Kita versteht, welche Vorteile sie hat und wie Sie entspannt die ersten Schritte planen\" \/>\n<meta property=\"og:url\" content=\"https:\/\/www.backwinkel.de\/blog\/smarte-kita\/\" \/>\n<meta property=\"og:site_name\" content=\"BACKWINKEL Blog\" \/>\n<meta property=\"article:published_time\" content=\"2024-07-08T13:36:42+00:00\" \/>\n<meta property=\"article:modified_time\" content=\"2026-04-27T06:30:52+00:00\" \/>\n<meta property=\"og:image\" content=\"https:\/\/www.backwinkel.de\/blog\/wp-content\/uploads\/2024\/07\/Smarte_kita-heroimage.jpg\" \/>\n\t<meta property=\"og:image:width\" content=\"1200\" \/>\n\t<meta property=\"og:image:height\" content=\"628\" \/>\n\t<meta property=\"og:image:type\" content=\"image\/jpeg\" \/>\n<meta name=\"author\" content=\"admin_backwinkel\" \/>\n<meta name=\"twitter:card\" content=\"summary_large_image\" \/>\n<meta name=\"twitter:label1\" content=\"Verfasst von\" \/>\n\t<meta name=\"twitter:data1\" content=\"admin_backwinkel\" \/>\n\t<meta name=\"twitter:label2\" content=\"Gesch\u00e4tzte Lesezeit\" \/>\n\t<meta name=\"twitter:data2\" content=\"21\u00a0Minuten\" \/>\n<script type=\"application\/ld+json\" class=\"yoast-schema-graph\">{\"@context\":\"https:\\\/\\\/schema.org\",\"@graph\":[{\"@type\":\"Article\",\"@id\":\"https:\\\/\\\/www.backwinkel.de\\\/blog\\\/smarte-kita\\\/#article\",\"isPartOf\":{\"@id\":\"https:\\\/\\\/www.backwinkel.de\\\/blog\\\/smarte-kita\\\/\"},\"author\":{\"name\":\"admin_backwinkel\",\"@id\":\"https:\\\/\\\/www.backwinkel.de\\\/blog\\\/#\\\/schema\\\/person\\\/88b842297c0e471020a66f4476633cf2\"},\"headline\":\"Smarte Kita\",\"datePublished\":\"2024-07-08T13:36:42+00:00\",\"dateModified\":\"2026-04-27T06:30:52+00:00\",\"mainEntityOfPage\":{\"@id\":\"https:\\\/\\\/www.backwinkel.de\\\/blog\\\/smarte-kita\\\/\"},\"wordCount\":8577,\"image\":{\"@id\":\"https:\\\/\\\/www.backwinkel.de\\\/blog\\\/smarte-kita\\\/#primaryimage\"},\"thumbnailUrl\":\"https:\\\/\\\/www.backwinkel.de\\\/blog\\\/wp-content\\\/uploads\\\/2024\\\/07\\\/Smarte_kita-heroimage.jpg\",\"articleSection\":[\"Kindergarten\"],\"inLanguage\":\"de\"},{\"@type\":\"WebPage\",\"@id\":\"https:\\\/\\\/www.backwinkel.de\\\/blog\\\/smarte-kita\\\/\",\"url\":\"https:\\\/\\\/www.backwinkel.de\\\/blog\\\/smarte-kita\\\/\",\"name\":\"Smarte Kita in der Praxis | BACKWINKEL Blog\",\"isPartOf\":{\"@id\":\"https:\\\/\\\/www.backwinkel.de\\\/blog\\\/#website\"},\"primaryImageOfPage\":{\"@id\":\"https:\\\/\\\/www.backwinkel.de\\\/blog\\\/smarte-kita\\\/#primaryimage\"},\"image\":{\"@id\":\"https:\\\/\\\/www.backwinkel.de\\\/blog\\\/smarte-kita\\\/#primaryimage\"},\"thumbnailUrl\":\"https:\\\/\\\/www.backwinkel.de\\\/blog\\\/wp-content\\\/uploads\\\/2024\\\/07\\\/Smarte_kita-heroimage.jpg\",\"datePublished\":\"2024-07-08T13:36:42+00:00\",\"dateModified\":\"2026-04-27T06:30:52+00:00\",\"author\":{\"@id\":\"https:\\\/\\\/www.backwinkel.de\\\/blog\\\/#\\\/schema\\\/person\\\/88b842297c0e471020a66f4476633cf2\"},\"description\":\"Was man unter einer smarten Kita versteht, welche Vorteile sie hat und wie Sie entspannt die ersten Schritte planen\",\"breadcrumb\":{\"@id\":\"https:\\\/\\\/www.backwinkel.de\\\/blog\\\/smarte-kita\\\/#breadcrumb\"},\"inLanguage\":\"de\",\"potentialAction\":[{\"@type\":\"ReadAction\",\"target\":[\"https:\\\/\\\/www.backwinkel.de\\\/blog\\\/smarte-kita\\\/\"]}]},{\"@type\":\"ImageObject\",\"inLanguage\":\"de\",\"@id\":\"https:\\\/\\\/www.backwinkel.de\\\/blog\\\/smarte-kita\\\/#primaryimage\",\"url\":\"https:\\\/\\\/www.backwinkel.de\\\/blog\\\/wp-content\\\/uploads\\\/2024\\\/07\\\/Smarte_kita-heroimage.jpg\",\"contentUrl\":\"https:\\\/\\\/www.backwinkel.de\\\/blog\\\/wp-content\\\/uploads\\\/2024\\\/07\\\/Smarte_kita-heroimage.jpg\",\"width\":1200,\"height\":628},{\"@type\":\"BreadcrumbList\",\"@id\":\"https:\\\/\\\/www.backwinkel.de\\\/blog\\\/smarte-kita\\\/#breadcrumb\",\"itemListElement\":[{\"@type\":\"ListItem\",\"position\":1,\"name\":\"Startseite\",\"item\":\"https:\\\/\\\/blog.backwinkel.de\\\/aktuelles\\\/\"},{\"@type\":\"ListItem\",\"position\":2,\"name\":\"Smarte Kita\"}]},{\"@type\":\"WebSite\",\"@id\":\"https:\\\/\\\/www.backwinkel.de\\\/blog\\\/#website\",\"url\":\"https:\\\/\\\/www.backwinkel.de\\\/blog\\\/\",\"name\":\"BACKWINKEL Blog\",\"description\":\"f\u00fcr Lehrer, Erzieher und Eltern\",\"potentialAction\":[{\"@type\":\"SearchAction\",\"target\":{\"@type\":\"EntryPoint\",\"urlTemplate\":\"https:\\\/\\\/www.backwinkel.de\\\/blog\\\/?s={search_term_string}\"},\"query-input\":{\"@type\":\"PropertyValueSpecification\",\"valueRequired\":true,\"valueName\":\"search_term_string\"}}],\"inLanguage\":\"de\"},{\"@type\":\"Person\",\"@id\":\"https:\\\/\\\/www.backwinkel.de\\\/blog\\\/#\\\/schema\\\/person\\\/88b842297c0e471020a66f4476633cf2\",\"name\":\"admin_backwinkel\",\"url\":\"https:\\\/\\\/www.backwinkel.de\\\/blog\\\/author\\\/admin_backwinkel\\\/\"}]}<\/script>\n<!-- \/ Yoast SEO plugin. -->","yoast_head_json":{"title":"Smarte Kita in der Praxis | BACKWINKEL Blog","description":"Was man unter einer smarten Kita versteht, welche Vorteile sie hat und wie Sie entspannt die ersten Schritte planen","robots":{"index":"index","follow":"follow","max-snippet":"max-snippet:-1","max-image-preview":"max-image-preview:large","max-video-preview":"max-video-preview:-1"},"canonical":"https:\/\/www.backwinkel.de\/blog\/smarte-kita\/","og_locale":"de_DE","og_type":"article","og_title":"Smarte Kita in der Praxis | BACKWINKEL Blog","og_description":"Was man unter einer smarten Kita versteht, welche Vorteile sie hat und wie Sie entspannt die ersten Schritte planen","og_url":"https:\/\/www.backwinkel.de\/blog\/smarte-kita\/","og_site_name":"BACKWINKEL Blog","article_published_time":"2024-07-08T13:36:42+00:00","article_modified_time":"2026-04-27T06:30:52+00:00","og_image":[{"width":1200,"height":628,"url":"https:\/\/www.backwinkel.de\/blog\/wp-content\/uploads\/2024\/07\/Smarte_kita-heroimage.jpg","type":"image\/jpeg"}],"author":"admin_backwinkel","twitter_card":"summary_large_image","twitter_misc":{"Verfasst von":"admin_backwinkel","Gesch\u00e4tzte Lesezeit":"21\u00a0Minuten"},"schema":{"@context":"https:\/\/schema.org","@graph":[{"@type":"Article","@id":"https:\/\/www.backwinkel.de\/blog\/smarte-kita\/#article","isPartOf":{"@id":"https:\/\/www.backwinkel.de\/blog\/smarte-kita\/"},"author":{"name":"admin_backwinkel","@id":"https:\/\/www.backwinkel.de\/blog\/#\/schema\/person\/88b842297c0e471020a66f4476633cf2"},"headline":"Smarte Kita","datePublished":"2024-07-08T13:36:42+00:00","dateModified":"2026-04-27T06:30:52+00:00","mainEntityOfPage":{"@id":"https:\/\/www.backwinkel.de\/blog\/smarte-kita\/"},"wordCount":8577,"image":{"@id":"https:\/\/www.backwinkel.de\/blog\/smarte-kita\/#primaryimage"},"thumbnailUrl":"https:\/\/www.backwinkel.de\/blog\/wp-content\/uploads\/2024\/07\/Smarte_kita-heroimage.jpg","articleSection":["Kindergarten"],"inLanguage":"de"},{"@type":"WebPage","@id":"https:\/\/www.backwinkel.de\/blog\/smarte-kita\/","url":"https:\/\/www.backwinkel.de\/blog\/smarte-kita\/","name":"Smarte Kita in der Praxis | BACKWINKEL Blog","isPartOf":{"@id":"https:\/\/www.backwinkel.de\/blog\/#website"},"primaryImageOfPage":{"@id":"https:\/\/www.backwinkel.de\/blog\/smarte-kita\/#primaryimage"},"image":{"@id":"https:\/\/www.backwinkel.de\/blog\/smarte-kita\/#primaryimage"},"thumbnailUrl":"https:\/\/www.backwinkel.de\/blog\/wp-content\/uploads\/2024\/07\/Smarte_kita-heroimage.jpg","datePublished":"2024-07-08T13:36:42+00:00","dateModified":"2026-04-27T06:30:52+00:00","author":{"@id":"https:\/\/www.backwinkel.de\/blog\/#\/schema\/person\/88b842297c0e471020a66f4476633cf2"},"description":"Was man unter einer smarten Kita versteht, welche Vorteile sie hat und wie Sie entspannt die ersten Schritte planen","breadcrumb":{"@id":"https:\/\/www.backwinkel.de\/blog\/smarte-kita\/#breadcrumb"},"inLanguage":"de","potentialAction":[{"@type":"ReadAction","target":["https:\/\/www.backwinkel.de\/blog\/smarte-kita\/"]}]},{"@type":"ImageObject","inLanguage":"de","@id":"https:\/\/www.backwinkel.de\/blog\/smarte-kita\/#primaryimage","url":"https:\/\/www.backwinkel.de\/blog\/wp-content\/uploads\/2024\/07\/Smarte_kita-heroimage.jpg","contentUrl":"https:\/\/www.backwinkel.de\/blog\/wp-content\/uploads\/2024\/07\/Smarte_kita-heroimage.jpg","width":1200,"height":628},{"@type":"BreadcrumbList","@id":"https:\/\/www.backwinkel.de\/blog\/smarte-kita\/#breadcrumb","itemListElement":[{"@type":"ListItem","position":1,"name":"Startseite","item":"https:\/\/blog.backwinkel.de\/aktuelles\/"},{"@type":"ListItem","position":2,"name":"Smarte Kita"}]},{"@type":"WebSite","@id":"https:\/\/www.backwinkel.de\/blog\/#website","url":"https:\/\/www.backwinkel.de\/blog\/","name":"BACKWINKEL Blog","description":"f\u00fcr Lehrer, Erzieher und Eltern","potentialAction":[{"@type":"SearchAction","target":{"@type":"EntryPoint","urlTemplate":"https:\/\/www.backwinkel.de\/blog\/?s={search_term_string}"},"query-input":{"@type":"PropertyValueSpecification","valueRequired":true,"valueName":"search_term_string"}}],"inLanguage":"de"},{"@type":"Person","@id":"https:\/\/www.backwinkel.de\/blog\/#\/schema\/person\/88b842297c0e471020a66f4476633cf2","name":"admin_backwinkel","url":"https:\/\/www.backwinkel.de\/blog\/author\/admin_backwinkel\/"}]}},"_links":{"self":[{"href":"https:\/\/www.backwinkel.de\/blog\/wp-json\/wp\/v2\/posts\/14338","targetHints":{"allow":["GET"]}}],"collection":[{"href":"https:\/\/www.backwinkel.de\/blog\/wp-json\/wp\/v2\/posts"}],"about":[{"href":"https:\/\/www.backwinkel.de\/blog\/wp-json\/wp\/v2\/types\/post"}],"author":[{"embeddable":true,"href":"https:\/\/www.backwinkel.de\/blog\/wp-json\/wp\/v2\/users\/1"}],"replies":[{"embeddable":true,"href":"https:\/\/www.backwinkel.de\/blog\/wp-json\/wp\/v2\/comments?post=14338"}],"version-history":[{"count":2,"href":"https:\/\/www.backwinkel.de\/blog\/wp-json\/wp\/v2\/posts\/14338\/revisions"}],"predecessor-version":[{"id":19014,"href":"https:\/\/www.backwinkel.de\/blog\/wp-json\/wp\/v2\/posts\/14338\/revisions\/19014"}],"wp:featuredmedia":[{"embeddable":true,"href":"https:\/\/www.backwinkel.de\/blog\/wp-json\/wp\/v2\/media\/14392"}],"wp:attachment":[{"href":"https:\/\/www.backwinkel.de\/blog\/wp-json\/wp\/v2\/media?parent=14338"}],"wp:term":[{"taxonomy":"category","embeddable":true,"href":"https:\/\/www.backwinkel.de\/blog\/wp-json\/wp\/v2\/categories?post=14338"},{"taxonomy":"post_tag","embeddable":true,"href":"https:\/\/www.backwinkel.de\/blog\/wp-json\/wp\/v2\/tags?post=14338"}],"curies":[{"name":"wp","href":"https:\/\/api.w.org\/{rel}","templated":true}]}}