{"id":13743,"date":"2024-05-13T10:18:42","date_gmt":"2024-05-13T08:18:42","guid":{"rendered":"https:\/\/www.backwinkel.de\/blog\/?p=13743"},"modified":"2026-04-27T08:35:15","modified_gmt":"2026-04-27T06:35:15","slug":"synaesthesie","status":"publish","type":"post","link":"https:\/\/www.backwinkel.de\/blog\/synaesthesie\/","title":{"rendered":"Syn\u00e4sthesie"},"content":{"rendered":"\n<style type=\"text\/css\" data-created_by=\"avia_inline_auto\" id=\"style-css-av-1o9i20c-585c90b249b7391778c0ca595b8a52c2\">\n.flex_column.av-1o9i20c-585c90b249b7391778c0ca595b8a52c2{\nborder-radius:0px 0px 0px 0px;\npadding:0px 0px 0px 0px;\n}\n<\/style>\n<div  class='flex_column av-1o9i20c-585c90b249b7391778c0ca595b8a52c2 av_one_full  avia-builder-el-0  el_before_av_three_fifth  avia-builder-el-first  first flex_column_div av-zero-column-padding  '     ><p>\n<style type=\"text\/css\" data-created_by=\"avia_inline_auto\" id=\"style-css-av-1mbf4e4-1609d55f243e97c311d4e4755c4441f8\">\n#top .hr.hr-invisible.av-1mbf4e4-1609d55f243e97c311d4e4755c4441f8{\nmargin-top:0px;\nheight:1px;\n}\n<\/style>\n<div  class='hr av-1mbf4e4-1609d55f243e97c311d4e4755c4441f8 hr-invisible  avia-builder-el-1  el_before_av_heading  avia-builder-el-first '><span class='hr-inner '><span class=\"hr-inner-style\"><\/span><\/span><\/div><br \/>\n\n<style type=\"text\/css\" data-created_by=\"avia_inline_auto\" id=\"style-css-av-l7efmkmv-6aa0ed0ecc04597035cbafb06368cb4c\">\n#top .av-special-heading.av-l7efmkmv-6aa0ed0ecc04597035cbafb06368cb4c{\npadding-bottom:10px;\n}\nbody .av-special-heading.av-l7efmkmv-6aa0ed0ecc04597035cbafb06368cb4c .av-special-heading-tag .heading-char{\nfont-size:25px;\n}\n.av-special-heading.av-l7efmkmv-6aa0ed0ecc04597035cbafb06368cb4c .av-subheading{\nfont-size:15px;\n}\n<\/style>\n<div  class='av-special-heading av-l7efmkmv-6aa0ed0ecc04597035cbafb06368cb4c av-special-heading-h1 blockquote modern-quote  avia-builder-el-2  el_after_av_hr  el_before_av_post_metadata  av-linked-heading'><h1 class='av-special-heading-tag '  >Dunkle Stimme, scharfer Geruch und farbige Wochentage \u2013 die vielen Gesichter der Syn\u00e4sthesie <\/h1><div class='av-subheading av-subheading_below'><p class=\"autorenname\">Elisa Morel<\/p>\n<\/div><div class=\"special-heading-border\"><div class=\"special-heading-inner-border\"><\/div><\/div><\/div><br \/>\n\n<style type=\"text\/css\" data-created_by=\"avia_inline_auto\" id=\"style-css-av-1svhdan-6e87cf182793d08195247800f61e31e0\">\n#top .av-post-metadata-container.av-1svhdan-6e87cf182793d08195247800f61e31e0{\nfont-size:12px;\n}\n#top .av-post-metadata-container.av-1svhdan-6e87cf182793d08195247800f61e31e0 .av-post-metadata-container-inner{\nfont-size:12px;\n}\n<\/style>\n<div  class='av-post-metadata-container av-1svhdan-6e87cf182793d08195247800f61e31e0 av-metadata-container-align-left  avia-builder-el-3  el_after_av_heading  el_before_av_textblock  av-metadata-container-1'><div class='av-post-metadata-container-inner'><span class=\"av-post-metadata-content av-post-metadata-meta-content\"><span class=\"av-post-metadata-content av-post-metadata-modified\"><span class=\"av-metadata-before av-metadata-before-modified\">Aktualisiert:<\/span><span class=\"av-post-metadata-modified-date\" >27. April 2026<\/span><\/span><span class=\"av-post-metadata-content av-post-metadata-separator\">\/<\/span><span class=\"av-post-metadata-content av-post-metadata-modified\"><span class=\"av-metadata-before av-metadata-before-modified\">Zuletzt aktualisiert:<\/span><span class=\"av-post-metadata-modified-date\" >27. April 2026<\/span><\/span><\/span><\/div><\/div><br \/>\n\n<style type=\"text\/css\" data-created_by=\"avia_inline_auto\" id=\"style-css-av-1l3ru18-35ff8c02bfbaf158e187220e3571c7be\">\n#top .av_textblock_section.av-1l3ru18-35ff8c02bfbaf158e187220e3571c7be .avia_textblock{\nfont-size:20px;\n}\n<\/style>\n<section  class='av_textblock_section av-1l3ru18-35ff8c02bfbaf158e187220e3571c7be '  ><div class='avia_textblock' ><p>Sch\u00e4tzungsweise 4 % der Menschen sind Syn\u00e4stheten. Sie nehmen Reize auf verschiedenen Kan\u00e4len wahr, schmecken z. B. Buchstaben, sehen farbige T\u00f6ne oder Gef\u00fchle als Auren.<\/p>\n<p>Dabei ist Syn\u00e4sthesie nicht gleich Syn\u00e4sthesie. Es gibt Dutzende verschiedener Auspr\u00e4gungen, die auch innerhalb der einzelnen Typen variieren. Keine Syn\u00e4sthesie ist wie die andere, und Syn\u00e4stheten empfinden ihre Wahrnehmung als normal und nur in seltenen F\u00e4llen belastend.<\/p>\n<\/div><\/section><br \/>\n\n<style type=\"text\/css\" data-created_by=\"avia_inline_auto\" id=\"style-css-av-1jqb53g-8bc009d6b6a5c4c5a642b414eabeff8f\">\n.avia-image-container.av-1jqb53g-8bc009d6b6a5c4c5a642b414eabeff8f img.avia_image{\nbox-shadow:none;\n}\n.avia-image-container.av-1jqb53g-8bc009d6b6a5c4c5a642b414eabeff8f .av-image-caption-overlay-center{\ncolor:#ffffff;\n}\n<\/style>\n<div  class='avia-image-container av-1jqb53g-8bc009d6b6a5c4c5a642b414eabeff8f av-styling- avia-align-center  avia-builder-el-5  el_after_av_textblock  el_before_av_hr '  ><div class=\"avia-image-container-inner\"><div class=\"avia-image-overlay-wrap\"><img decoding=\"async\" fetchpriority=\"high\" class='wp-image-13872 avia-img-lazy-loading-not-13872 avia_image ' src=\"https:\/\/www.backwinkel.de\/blog\/wp-content\/uploads\/2024\/05\/Synaesthesie-heroimage.jpg\" alt='' title='Syna\u0308sthesie-heroimage'  height=\"628\" width=\"1200\"  \/><\/div><\/div><\/div><br \/>\n\n<style type=\"text\/css\" data-created_by=\"avia_inline_auto\" id=\"style-css-av-1ihdk2k-490466749631930779e0c398aab49f79\">\n#top .hr.hr-invisible.av-1ihdk2k-490466749631930779e0c398aab49f79{\nheight:5px;\n}\n<\/style>\n<div  class='hr av-1ihdk2k-490466749631930779e0c398aab49f79 hr-invisible  avia-builder-el-6  el_after_av_image  el_before_av_textblock '><span class='hr-inner '><span class=\"hr-inner-style\"><\/span><\/span><\/div><br \/>\n\n<style type=\"text\/css\" data-created_by=\"avia_inline_auto\" id=\"style-css-av-1fib6cs-3d25d3b933bbfa346d8df9005c3c214e\">\n#top .av_textblock_section.av-1fib6cs-3d25d3b933bbfa346d8df9005c3c214e .avia_textblock{\nfont-size:10px;\n}\n<\/style>\n<section  class='av_textblock_section av-1fib6cs-3d25d3b933bbfa346d8df9005c3c214e '  ><div class='avia_textblock' ><p class=\"bildnennung-beitrag\" style=\"text-align: left;\">\u00a9 ADOBE Stock<\/p>\n<\/div><\/section><br \/>\n\n<style type=\"text\/css\" data-created_by=\"avia_inline_auto\" id=\"style-css-av-1ec344s-876a649f5243c9280738f668f0aa8d8e\">\n#top .hr.hr-invisible.av-1ec344s-876a649f5243c9280738f668f0aa8d8e{\nheight:20px;\n}\n<\/style>\n<div  class='hr av-1ec344s-876a649f5243c9280738f668f0aa8d8e hr-invisible  avia-builder-el-8  el_after_av_textblock  el_before_av_textblock '><span class='hr-inner '><span class=\"hr-inner-style\"><\/span><\/span><\/div><br \/>\n\n<style type=\"text\/css\" data-created_by=\"avia_inline_auto\" id=\"style-css-av-1czjn6k-7dbedcbfbffba5ae585714638369d934\">\n#top .av_textblock_section.av-1czjn6k-7dbedcbfbffba5ae585714638369d934 .avia_textblock{\nfont-size:20px;\n}\n<\/style>\n<section  class='av_textblock_section av-1czjn6k-7dbedcbfbffba5ae585714638369d934 '  ><div class='avia_textblock' ><p>In diesem Beitrag erfahren Sie, welche Arten von Syn\u00e4sthesie es gibt, wie Syn\u00e4stheten die Welt wahrnehmen und warum Syn\u00e4sthesie sowohl faszinierend als auch hilfreich sein kann.<\/p>\n<\/div><\/section><\/p><\/div>\n<style type=\"text\/css\" data-created_by=\"avia_inline_auto\" id=\"style-css-av-1buht0s-f8ce17d1f3484a85efdf5f8e34e84ab3\">\n.flex_column.av-1buht0s-f8ce17d1f3484a85efdf5f8e34e84ab3{\nborder-radius:0px 0px 0px 0px;\npadding:20px 20px 20px 20px;\nbackground-color:#f2f2f2;\n}\n<\/style>\n<div  class='flex_column av-1buht0s-f8ce17d1f3484a85efdf5f8e34e84ab3 av_three_fifth  avia-builder-el-10  el_after_av_one_full  el_before_av_two_fifth  first flex_column_div  column-top-margin'     ><style type=\"text\/css\" data-created_by=\"avia_inline_auto\" id=\"style-css-av-18u84nw-c23769b7197ef8c52c74b2b6205379af\">\n#top .av_textblock_section.av-18u84nw-c23769b7197ef8c52c74b2b6205379af .avia_textblock{\nfont-size:14px;\n}\n<\/style>\n<section  class='av_textblock_section av-18u84nw-c23769b7197ef8c52c74b2b6205379af '  ><div class='avia_textblock' ><p><strong>Inhalt<\/strong><br \/>\n<strong><a href=\"#1\">1. Was ist Syn\u00e4sthesie?<\/a><br \/>\n<\/strong>1.1. Die vier Formen der Syn\u00e4sthesie<br \/>\n1.2.1. Angeborene Syn\u00e4sthesie als neurologisches Ph\u00e4nomen<br \/>\n1.2.2. Erworbene Syn\u00e4sthesie<br \/>\n1.2.3. Drogeninduzierte Syn\u00e4sthesie<br \/>\n1.2.4. Syn\u00e4sthesie als Stilmittel<\/p>\n<p><strong><a href=\"#2\">2. Wie nehmen Syn\u00e4stheten die Welt wahr?<\/a><\/strong><\/p>\n<p><strong><a href=\"#3\">3. Formen der erworbenen Syn\u00e4sthesie<\/a><\/strong><\/p>\n<p><strong><a href=\"#4\">4. Vor- und Nachteile von Syn\u00e4sthesie<\/a><\/strong><strong><br \/>\n<\/strong>4.1. Vorteile von Syn\u00e4sthesie<br \/>\n4.2. Nachteile von Syn\u00e4sthesie<\/p>\n<p><strong><a href=\"#5\">5. Der richtige Umgang mit Syn\u00e4stheten <\/a><\/strong><\/p>\n<\/div><\/section><\/div><\/p>\n\n<style type=\"text\/css\" data-created_by=\"avia_inline_auto\" id=\"style-css-av-179bqdo-cb7f1c2bcdaac94125f51a0fc4936596\">\n.flex_column.av-179bqdo-cb7f1c2bcdaac94125f51a0fc4936596{\nborder-radius:0px 0px 0px 0px;\npadding:0 0 0 0;\n}\n<\/style>\n<div  class='flex_column av-179bqdo-cb7f1c2bcdaac94125f51a0fc4936596 av_two_fifth  avia-builder-el-12  el_after_av_three_fifth  el_before_av_sidebar  flex_column_div av-zero-column-padding  column-top-margin'     ><\/div>\n<div  class='avia-builder-widget-area clearfix  avia-builder-el-13  el_after_av_two_fifth  el_before_av_one_full '><div id=\"text-34\" class=\"widget clearfix widget_text\">\t\t\t<div class=\"textwidget\"><p><a href=\"https:\/\/www.backwinkel.de\/nachhaltig-denken\/\" target=\"\\_blank\" rel=\"noopener\"><br \/>\n<img decoding=\"async\" class=\"werbung-desktop alignnone wp-image-4186 size-full\" src=\"https:\/\/www.backwinkel.de\/blog\/wp-content\/uploads\/2026\/04\/Backwinkel-blog-werbebanner-shop-schule_desktop.jpg\" alt=\"\" width=\"1251\" height=\"201\" \/><br \/>\n<\/a><br \/>\n<a href=\"https:\/\/www.backwinkel.de\/nachhaltig-denken\/\" target=\"\\_blank\" rel=\"noopener\"><br \/>\n<img decoding=\"async\" class=\"werbung-mobile alignnone wp-image-4187 size-full\" src=\"https:\/\/www.backwinkel.de\/blog\/wp-content\/uploads\/2026\/04\/Backwinkel-blog-werbebanner-shop-schule_mobile.jpg\" alt=\"\" width=\"550\" height=\"500\" \/><br \/>\n<\/a><\/p>\n<\/div>\n\t\t<\/div><\/div>\n\n<style type=\"text\/css\" data-created_by=\"avia_inline_auto\" id=\"style-css-av-3jr9tou-cf58b53925ebc83a3e24a4577ae47108\">\n.flex_column.av-3jr9tou-cf58b53925ebc83a3e24a4577ae47108{\nborder-radius:0px 0px 0px 0px;\npadding:0px 0px 0px 0px;\n}\n<\/style>\n<div  class='flex_column av-3jr9tou-cf58b53925ebc83a3e24a4577ae47108 av_one_full  avia-builder-el-14  el_after_av_sidebar  el_before_av_one_full  first flex_column_div av-zero-column-padding  '     ><section  class='av_textblock_section av-359nylq-cb0a7e8726c36199eee2c259c39a9ca3 '  ><div class='avia_textblock' >\n<style type=\"text\/css\" data-created_by=\"avia_inline_auto\" id=\"style-css-av-2i80f4e-cb6d5821c564aec79e6d3682b86099b8\">\n#top .hr.hr-invisible.av-2i80f4e-cb6d5821c564aec79e6d3682b86099b8{\nheight:20px;\n}\n<\/style>\n<div  class='hr av-2i80f4e-cb6d5821c564aec79e6d3682b86099b8 hr-invisible  avia-builder-el-16  avia-builder-el-no-sibling '><span class='hr-inner '><span class=\"hr-inner-style\"><\/span><\/span><\/div>\n<h2 id=\"1\" class=\"position\"><strong>Was ist Syn\u00e4sthesie?<\/strong><\/h2>\n<p>Zuerst einmal meint Syn\u00e4sthesie die <strong>Verschmelzung<\/strong> bzw. Kombination <strong>verschiedener<\/strong> <strong>Sinneseindr\u00fccke<\/strong>, z. B. das Schmecken von Farben oder das Sehen von T\u00f6nen. Der Begriff stammt aus dem Altgriechischen und bedeutet \u201emitempfinden, zugleich wahrnehmen\u201c (\u03c3\u03c5\u03bd\u03b1\u03b9\u03c3\u03b8\u03ac\u03bd\u03b5\u03c3\u03b8\u03b1\u03b9; synaisth\u00e1nesthai).<\/p>\n<p>Dieser Beitrag befasst sich mit dem <strong>neurobiologischen Ph\u00e4nomen<\/strong>. Sch\u00e4tzungsweise 4 % aller Menschen sind von Geburt an Syn\u00e4stheten. Ein \u00e4u\u00dferer Reiz, z. B. ein Geschmack oder auch das Denken an einen Zeitraum oder Wochentag l\u00f6st syn\u00e4sthetische Empfindungen aus. So kann ein Geschmack eine f\u00fchlbare Struktur und ein Monat eine Farbe oder Gestalt haben. Syn\u00e4stheten nehmen die Welt nicht nur anders, sondern auch verst\u00e4rkt auf mehreren Ebenen gleichzeitig wahr.<\/p>\n<h2><strong>Die vier Formen der Syn\u00e4sthesie <\/strong><\/h2>\n<p>Der Vollst\u00e4ndigkeit halber werfen wir einen Blick auf die <strong>vier Formen von Syn\u00e4sthesie<\/strong>, auch deshalb, weil Syn\u00e4sthesie als Stilmittel auch in unserem t\u00e4glichen Sprachgebrauch zu finden ist und einen guten Zugang zu der Wahrnehmung von Syn\u00e4stheten erm\u00f6glicht.<\/p>\n<h3><strong>Angeborene Syn\u00e4sthesie als neurologisches Ph\u00e4nomen <\/strong><\/h3>\n<p>Obwohl Syn\u00e4sthesie manchmal erst im Erwachsenenalter auftritt und auch Umwelteinfl\u00fcssen unterliegt, treten syn\u00e4sthetische Wahrnehmungen oft schon im Kindesalter auf. Die Ursachen von angeborener Syn\u00e4sthesie sind noch nicht abschlie\u00dfend gekl\u00e4rt. Die Wissenschaft befasst sich erst seit wenigen Jahrzehnten mit diesem Thema. Man nimmt an, dass eine Mischung aus <strong>Genetik, Zufall und Erfahrung <\/strong>zu Syn\u00e4sthesie f\u00fchrt.<\/p>\n<p>Bei Syn\u00e4stheten sind verschiedene Hirnbereiche neuronal miteinander verbunden, was sich auch durch bildgebende Verfahren nachweisen l\u00e4sst. Somit wird durch einen Reiz, z. B. einen Ton, nicht nur das Hirnareal erregt, das f\u00fcr auditive Reize zust\u00e4ndig ist, sondern beispielsweise auch der Bereich, der Farben verarbeitet. Die Folge ist in diesem Fall die F\u00e4higkeit, T\u00f6ne zu sehen.<\/p>\n<p>\u201eIch sage mir manchmal ein Wort auf und genie\u00dfe, wie seltsam es aussieht in seiner syn\u00e4sthetischen Gestalt.\u201c \u2013 Clemens J. Setz, Autor<\/p>\n<p>Syn\u00e4sthesie \u00e4u\u00dfert sich bei allen Syn\u00e4stheten anders. Manche sehen Emotionen oder Charaktereigenschaften bei Menschen als farbige Auren, andere schmecken oder f\u00fchlen Worte oder Zahlen oder nehmen sie als farbige Strukturen wahr usw.<\/p>\n<h3><strong>Erworbene Syn\u00e4sthesie <\/strong><\/h3>\n<p>Sehr selten sind syn\u00e4sthetische Wahrnehmungen, die durch <strong>Hirnsch\u00e4digungen<\/strong> oder den Verlust eines anderen Sinnes, z. B. bei Erblindung, entstehen. Beispiele hierf\u00fcr sind z. B. Derek Amato, ein amerikanischer Komponist, der seit einem Sch\u00e4del-Hirn-Trauma T\u00f6ne als Quadrate wahrnimmt und in der Lage ist, am Klavier zu komponieren, sowie Jason Padgett, der, ebenfalls nach einem Sch\u00e4del-Hirn-Trauma, Mathematik als Fraktale sieht.<\/p>\n<h3><strong>Drogeninduzierte Syn\u00e4sthesie <\/strong><\/h3>\n<p>Bestimmte Drogen k\u00f6nnen syn\u00e4sthetische Erfahrungen verursachen, z. B. das Schmecken oder H\u00f6ren von Farben. <strong>Halluzinogene<\/strong> wie LSD und psilocybinhaltige Pilze, Opiate wie Opium, Morphium oder Heroin sowie viele andere Drogen k\u00f6nnen die Wahrnehmung ver\u00e4ndern und Halluzinationen hervorrufen.<\/p>\n<p>Nachdem der Rausch abgeklungen ist, kehrt auch die Wahrnehmung von Konsumierenden zum Normalzustand zur\u00fcck. Die eventuell empfundenen syn\u00e4sthetischen Eindr\u00fccke sind also nur vor\u00fcbergehend.<\/p>\n<h3><strong>Syn\u00e4sthesie als Stilmittel <\/strong><\/h3>\n<p>Als <strong>Stilmittel<\/strong> mag Syn\u00e4sthesie am bekanntesten sein. Das immer wieder gern zitierte Beispiel aus Clemens Brentanos Gedicht \u201eAbendm\u00e4rchen\u201c (\u201eGolden weh\u2019n die T\u00f6ne nieder; [\u2026] Durch die Nacht, die mich umfangen, blickt zu mir der T\u00f6ne Licht.\u201c) ist jedoch weniger anschaulich als Begriffe, die wir auch im Alltag benutzen.<\/p>\n<p>Taucht Syn\u00e4sthesie in einem Gedicht auf, entsteht die beschriebene Empfindung auch beim Leser oder Zuh\u00f6rer, und er wird in der Regel zum Nachdenken angeregt, da ihm die Verquickung der verschiedenen Wahrnehmungen fremd ist.<\/p>\n<\/div><\/section><\/div>\n\n<style type=\"text\/css\" data-created_by=\"avia_inline_auto\" id=\"style-css-av-15xc97y-0ab3263c46961160a132210676ea7b60\">\n.flex_column.av-15xc97y-0ab3263c46961160a132210676ea7b60{\nborder-radius:0px 0px 0px 0px;\npadding:0px 0px 0px 0px;\n}\n<\/style>\n<div  class='flex_column av-15xc97y-0ab3263c46961160a132210676ea7b60 av_one_full  avia-builder-el-17  el_after_av_one_full  el_before_av_one_full  first flex_column_div av-zero-column-padding  column-top-margin'     ><section  class='av_textblock_section av-lnlqic5z-de68bf60fc40fa6d1c6fee11445086f5 '  ><div class='avia_textblock infoboxBlue' >\n<style type=\"text\/css\" data-created_by=\"avia_inline_auto\" id=\"style-css-av-o1k8su-acb4ff1c33f624442d9ad85106844987\">\n#top .hr.hr-invisible.av-o1k8su-acb4ff1c33f624442d9ad85106844987{\nheight:20px;\n}\n<\/style>\n<div  class='hr av-o1k8su-acb4ff1c33f624442d9ad85106844987 hr-invisible  avia-builder-el-19  avia-builder-el-no-sibling '><span class='hr-inner '><span class=\"hr-inner-style\"><\/span><\/span><\/div>\n<h2>SYN\u00c4STHESIE IN UNSERER SPRACHE<\/h2>\n<p>Unsere Sprache weist viele Formulierungen auf, die unterschiedliche Sinneseindr\u00fccke miteinander verschmelzen:<\/p>\n<ul>\n<li>scharfer\/spitzer\/schneidender\/zuckers\u00fc\u00dfer\/k\u00fchler\/bitterer Tonfall<\/li>\n<li>dunkle\/helle Stimme<\/li>\n<li>dumpfer\/scharfer Schmerz<\/li>\n<li>scharfer Geruch, bei\u00dfender Gestank<\/li>\n<li>klirrende K\u00e4lte<\/li>\n<li>kalter Blick<\/li>\n<li>warmes L\u00e4cheln<\/li>\n<li>schwarzer Tag<\/li>\n<li>goldene Zeiten<\/li>\n<li>warme\/kalte Farbe<\/li>\n<li>giftiges Gr\u00fcn<\/li>\n<\/ul>\n<p>Im Alltag ist uns das meistens nicht bewusst. Es lohnt sich aber, diese Begriffe unter die Lupe zu nehmen. Wie viele fallen Ihren Sch\u00fclern ein? Was bedeuten sie? Passt die Verbindung zwischen Adjektiv und Substantiv in den Augen aller? Haben Ihre Kinder Lust, die Ausdr\u00fccke pantomimisch darzustellen oder zu malen? Vielleicht entsteht daraus ja auch ein ungew\u00f6hnliches Memory.<\/p>\n<\/div><\/section><\/div>\n\n<style type=\"text\/css\" data-created_by=\"avia_inline_auto\" id=\"style-css-av-28fb7aa-24e734733612ebdb61e01684b7188dfc\">\n.flex_column.av-28fb7aa-24e734733612ebdb61e01684b7188dfc{\nborder-radius:0px 0px 0px 0px;\npadding:0px 0px 0px 0px;\n}\n<\/style>\n<div  class='flex_column av-28fb7aa-24e734733612ebdb61e01684b7188dfc av_one_full  avia-builder-el-20  el_after_av_one_full  el_before_av_one_full  first flex_column_div av-zero-column-padding  column-top-margin'     ><section  class='av_textblock_section av-lgca4yvj-8b58d22233c164727f29e64155bc7acc '  ><div class='avia_textblock' >\n<style type=\"text\/css\" data-created_by=\"avia_inline_auto\" id=\"style-css-av-1s0gmjm-08f2030119244206e85f4f450f9212cc\">\n#top .hr.hr-invisible.av-1s0gmjm-08f2030119244206e85f4f450f9212cc{\nheight:20px;\n}\n<\/style>\n<div  class='hr av-1s0gmjm-08f2030119244206e85f4f450f9212cc hr-invisible  avia-builder-el-22  avia-builder-el-no-sibling '><span class='hr-inner '><span class=\"hr-inner-style\"><\/span><\/span><\/div>\n<h2 id=\"2\" class=\"position\"><strong>Wie nehmen Syn\u00e4stheten die Welt wahr? <\/strong><\/h2>\n<p>Syn\u00e4sthetische Wahrnehmungen sind <strong>unkontrollierbar<\/strong> und immer <strong>individuell<\/strong>. Sie treten <strong>automatisch<\/strong> auf und sind oft gleichbleibend, sodass z. B. der Montag immer einer gelben Welle gleicht oder ein bestimmter Klang immer als blaue Kugel wahrgenommen wird.<\/p>\n<p>Je nach Form der Syn\u00e4sthesie kann das schon mal anstrengend sein. Wer W\u00f6rter sieht oder schmeckt, tut das in jedem Gespr\u00e4ch, bei jedem Film, beim Lesen. \u00c4hnlich verh\u00e4lt es sich bei der syn\u00e4sthetischen Wahrnehmung von Kl\u00e4ngen, Gef\u00fchlen oder Auren.<\/p>\n<p>Die syn\u00e4sthetische Wahrnehmung ist oft auch ein <strong>zus\u00e4tzliches Hilfsmittel<\/strong>. Wer Buchstaben in Farbe sieht, merkt z. B., dass das Wort \u201eMehl\u201c mit H geschrieben werden muss, weil es ohne das rote H zu gelb ist. Eine Erleichterung kann es beim Komponieren und Musizieren auch sein, wenn man Noten oder T\u00f6ne farbig wahrnimmt.<\/p>\n<p>Syn\u00e4sthesie kann au\u00dferdem bezogen auf die Ged\u00e4chtnisleistung \u00e4hnliche Vorteile bringen wie <strong>Mnemotechniken<\/strong> \u2013 mit dem zus\u00e4tzlichen Bonus, dass die syn\u00e4sthetische Wahrnehmung automatisch vorhanden ist und nicht erst gelernt werden muss.<\/p>\n<\/div><\/section><\/div>\n\n<style type=\"text\/css\" data-created_by=\"avia_inline_auto\" id=\"style-css-av-32zsvv3-1aacc077c195f349a52221f2aace308f\">\n.flex_column.av-32zsvv3-1aacc077c195f349a52221f2aace308f{\nborder-radius:0px 0px 0px 0px;\npadding:0px 0px 0px 0px;\n}\n<\/style>\n<div  class='flex_column av-32zsvv3-1aacc077c195f349a52221f2aace308f av_one_full  avia-builder-el-23  el_after_av_one_full  el_before_av_one_full  first flex_column_div av-zero-column-padding  column-top-margin'     ><section  class='av_textblock_section av-2g18sq7-82077bd5b353c32f5905f7d888931faf '  ><div class='avia_textblock infoboxGreen' >\n<style type=\"text\/css\" data-created_by=\"avia_inline_auto\" id=\"style-css-av-6x41zj-9d0cc21554a8893ce23457e08ce37857\">\n#top .hr.hr-invisible.av-6x41zj-9d0cc21554a8893ce23457e08ce37857{\nheight:20px;\n}\n<\/style>\n<div  class='hr av-6x41zj-9d0cc21554a8893ce23457e08ce37857 hr-invisible  avia-builder-el-25  avia-builder-el-no-sibling '><span class='hr-inner '><span class=\"hr-inner-style\"><\/span><\/span><\/div>\n<h3>DER BOUBA-KIKI-EFFEKT<\/h3>\n<p>Der Bouba-Kiki-Effekt bezeichnet das sprach\u00fcbergreifende Ph\u00e4nomen, dass Menschen einen Zusammenhang zwischen grafischen Formen und Sprachlauten wahrnehmen.<\/p>\n<p>Ein Forscherteam legte daf\u00fcr Probanden jeweils eine runde und eine eckige Form vor und fragten, welche Form \u201eBouba\u201c und welche \u201eKiki\u201c sei. Gr\u00f6\u00dftenteils wurden der runden Form \u201eBouba\u201c und der eckigen Form \u201eKiki\u201c zugewiesen.<\/p>\n<p>Die befragten Personen sprachen 25 unterschiedliche Muttersprachen aus neun Sprachfamilien und mit zehn verschiedenen Schriftsystemen, so z. B. Ungarisch, Japanisch, Farsi, Georgisch und Zulu.<\/p>\n<p>Personen mit den Muttersprachen Rum\u00e4nisch, T\u00fcrkisch und Mandarin nahmen hingegen vermehrt die umgekehrte Zuordnung vor.<\/p>\n<p>Die Ergebnisse lassen die Schlussfolgerung zu, dass es weltweit eine sprach\u00fcbergreifende Klang-Form-Zuordnung geben k\u00f6nnte. Vielleicht steckt also in uns allen ein kleiner Syn\u00e4sthet.<\/p>\n<p>Quelle: <a href=\"https:\/\/www.leibniz-gemeinschaft.de\/ueber-uns\/neues\/forschungsnachrichten\/forschungsnachrichten-single\/newsdetails\/was-bouba-und-kiki-ueber-die-sprachevolution-verraten\" target=\"_blank\" rel=\"noopener\">https:\/\/www.leibniz-gemeinschaft.de\/ueber-uns\/neues\/forschungsnachrichten\/forschungsnachrichten-single\/newsdetails\/was-bouba-und-kiki-ueber-die-sprachevolution-verraten<\/a><\/p>\n<\/div><\/section><\/div>\n\n<style type=\"text\/css\" data-created_by=\"avia_inline_auto\" id=\"style-css-av-lv3c7j-cf42537dce3818cf9b72239885943aeb\">\n.flex_column.av-lv3c7j-cf42537dce3818cf9b72239885943aeb{\nborder-radius:0px 0px 0px 0px;\npadding:0px 0px 0px 0px;\n}\n<\/style>\n<div  class='flex_column av-lv3c7j-cf42537dce3818cf9b72239885943aeb av_one_full  avia-builder-el-26  el_after_av_one_full  el_before_av_one_full  first flex_column_div av-zero-column-padding  column-top-margin'     ><section  class='av_textblock_section av-lu8f7bba-082b972f93911d9f262059d39a597844 '  ><div class='avia_textblock' ><h2 id=\"3\" class=\"position\"><strong>Formen der angeborenen Syn\u00e4sthesie<\/strong><\/h2>\n<p>Studien haben \u00fcber 60, teilweise \u00fcber 80 verschiedene Auspr\u00e4gungen von Syn\u00e4sthesie festgestellt \u2013 Tendenz steigend. Zu den h\u00e4ufigsten Formen geh\u00f6ren diese:<\/p>\n<ul>\n<li>Graphem-Farb-Syn\u00e4sthesie: farbige Wahrnehmung von Buchstaben und\/oder Zahlen<\/li>\n<li>farbiges H\u00f6ren<\/li>\n<li>Sequenz-Raum-Syn\u00e4sthesie: Zeiteinheiten oder auch Ziffern werden als r\u00e4umliche Anordnung wahrgenommen, z. B. eine Woche als (mehrfarbiges) Band.<\/li>\n<li>Ordinal Linguistic Personification (OLP): Grapheme sind nicht nur mit einer bestimmten Form und Farbe, sondern auch einem Geschlecht, Charaktereigenschaften und\/oder Emotionen verbunden.<\/li>\n<li>Gef\u00fchls-Syn\u00e4sthesie: Wahrnehmung von Emotionen in Farben und\/oder Formen<\/li>\n<li>Person-Farb-Syn\u00e4sthesie: Personen werden Farben oder auch Ziffern zugeordnet.<\/li>\n<li>Ticker-Tape-Syn\u00e4sthesie: Gesprochene, geh\u00f6rte oder gedachte Worte tauchen f\u00fcr Sekundenbruchteile als geschriebene Worte vor dem inneren Auge auf.<\/li>\n<li>Lexikal-gustatorische Syn\u00e4sthesie: Worte haben einen bestimmten Geschmack und\/oder eine \u00fcber die Zunge wahrnehmbare Textur.<\/li>\n<\/ul>\n<p>Dar\u00fcber hinaus gibt es viele weitere Formen, z. B. die farbige Wahrnehmung von Schmerz, die visuelle Wahrnehmung von Geschmack oder Temperatur, die Wahrnehmung von visuellen Reizen als Geruch oder Ger\u00e4usch usw. Auch wurde bei manchen Syn\u00e4sthetikern <strong>Bidirektionalit\u00e4t<\/strong> festgestellt. Das hei\u00dft z. B., dass ein Ton nicht nur eine Farbe ausl\u00f6st, sondern die Farbe auch den Ton.<\/p>\n<p>\u201eMeine Herren, bitte spielen Sie doch etwas blauer.\u201c Franz Liszt, u. a. Komponist und Dirigent, als Aufforderung an sein Orchester<\/p>\n<p>Auch innerhalb der einzelnen Typen ist Syn\u00e4sthesie niemals gleich. Zehn verschiedene Gef\u00fchls-Syn\u00e4stheten werden auch zehn individuelle Wahrnehmungen haben. So ist Freude vielleicht f\u00fcr den einen eine gelbe explodierende Kugel, f\u00fcr die andere eine rote Welle und f\u00fcr den Dritten ein blaues pulsierendes Fraktal mit rauer Oberfl\u00e4che. Auch diese Wahrnehmungen k\u00f6nnen sich \u00fcber die Jahre bei jedem Einzelnen ein wenig ver\u00e4ndern.<\/p>\n<\/div><\/section><\/div>\n\n<style type=\"text\/css\" data-created_by=\"avia_inline_auto\" id=\"style-css-av-1rturqn-341bdc0869c3c091c378976af7f56890\">\n.flex_column.av-1rturqn-341bdc0869c3c091c378976af7f56890{\nborder-radius:0px 0px 0px 0px;\npadding:0px 0px 0px 0px;\n}\n<\/style>\n<div  class='flex_column av-1rturqn-341bdc0869c3c091c378976af7f56890 av_one_full  avia-builder-el-28  el_after_av_one_full  el_before_av_one_full  first flex_column_div av-zero-column-padding  column-top-margin'     ><section  class='av_textblock_section av-lu1a048r-a828516624c4b9b759ef696043e021bf '  ><div class='avia_textblock' ><h2 id=\"4\" class=\"position\"><strong>Vor- und Nachteile von Syn\u00e4sthesie <\/strong><\/h2>\n<p>Syn\u00e4sthesie hat mehr Vor- als Nachteile. F\u00fcr die meisten Syn\u00e4stheten ist ihre Form der Wahrnehmung nicht nur v\u00f6llig normal, sondern auch eine <strong>Bereicherung<\/strong>.<\/p>\n<p>Viel h\u00e4ngt nat\u00fcrlich auch vom individuellen Umfeld ab: Wer erz\u00e4hlt bekommt, dass er verr\u00fcckt ist, weil er farbige Buchstaben oder Auren sieht, glaubt das im schlimmsten Fall \u2013 vor allem als Kind. Au\u00dferdem geht mit Syn\u00e4sthesie <strong>ein Mehr an Reizen<\/strong> einher, das durchaus auch (mal) als <strong>stressig<\/strong> oder <strong>anstrengend<\/strong> empfunden werden kann.<\/p>\n<h3><strong>Vorteile von Syn\u00e4sthesie <\/strong><\/h3>\n<p>Die meisten Syn\u00e4stheten nutzen ihre F\u00e4higkeiten ganz selbstverst\u00e4ndlich im Alltag. Dazu k\u00f6nnen z. B. die folgenden Aspekte z\u00e4hlen, die je nach Art der Syn\u00e4sthesie variieren:<\/p>\n<ul>\n<li>besseres Ged\u00e4chtnis<\/li>\n<li>starke Imagination<\/li>\n<li>h\u00f6here Detailwahrnehmung<\/li>\n<li>hohe Empathie<\/li>\n<li>erh\u00f6hte Kreativit\u00e4t<\/li>\n<li>hohe Sensibilit\u00e4t<\/li>\n<li>hohe Intelligenz<\/li>\n<li>hohe Offenheit<\/li>\n<\/ul>\n<p>Bei diesen Kriterien f\u00e4llt einem vielleicht auch das Thema <strong>Hochsensibilit\u00e4t<\/strong> ein. Syn\u00e4sthesie und Hochsensibilit\u00e4t k\u00f6nnen nat\u00fcrlich auch zusammen auftreten. Lesen Sie bei Interesse gern unseren Beitrag <a href=\"https:\/\/www.backwinkel.de\/blog\/zartbesaitet\/\" target=\"_blank\" rel=\"noopener\">Zartbesaitet: Hochsensibilit\u00e4t erkennen und verstehen<\/a>.<\/p>\n<p>Die <strong>Affinit\u00e4t zu musischen und k\u00fcnstlerischen Bereichen<\/strong> tritt sowohl bei Syn\u00e4stheten als auch bei Hochsensiblen verst\u00e4rkt auf. Kein Wunder: Bei einer gesch\u00e4rften Wahrnehmung ist Kunst einfach noch viel sch\u00f6ner.<\/p>\n<h3><strong>Nachteile von Syn\u00e4sthesie <\/strong><\/h3>\n<p>Auch hier k\u00f6nnen sich Parallelen zu Hochsensibilit\u00e4t zeigen. W\u00e4hrend Hochsensible intensiver f\u00fchlen, f\u00fchlen Syn\u00e4stheten mehr, da Impulse eben Reize auf unterschiedlichen Ebenen ausl\u00f6sen. Da kann es schnell mal zu viel werden, wenn z. B. viele Menschen zusammenkommen und\/oder die Stimmung nicht ruhig und ausgeglichen ist.<\/p>\n<p>Auch ein Musikst\u00fcck oder ein Bild kann bei Syn\u00e4stheten deutlich mehr ausl\u00f6sen als bei ihren Mitmenschen, und zwar in der Form, dass sie vielleicht mehr Zeit brauchen, um all den Input zu verarbeiten, oder ihre Wahrnehmungen als <strong>\u00fcberw\u00e4ltigend<\/strong> empfinden.<\/p>\n<\/div><\/section><\/div>\n\n<style type=\"text\/css\" data-created_by=\"avia_inline_auto\" id=\"style-css-av-17j5gzz-57c1b4197639079bf0fa4b32cb5d81d6\">\n.flex_column.av-17j5gzz-57c1b4197639079bf0fa4b32cb5d81d6{\nborder-radius:0px 0px 0px 0px;\npadding:0px 0px 0px 0px;\n}\n<\/style>\n<div  class='flex_column av-17j5gzz-57c1b4197639079bf0fa4b32cb5d81d6 av_one_full  avia-builder-el-30  el_after_av_one_full  el_before_av_one_full  first flex_column_div av-zero-column-padding  column-top-margin'     ><section  class='av_textblock_section av-lu1a0z42-22587dd625ac78f770e907804b018c25 '  ><div class='avia_textblock infoboxBlue' ><h2>BER\u00dcHMTE SYN\u00c4STHETEN<\/h2>\n<p>Syn\u00e4stheten sind oft sowohl k\u00fcnstlerisch interessiert als auch begabt. Daher sind sie in diesem Bereich h\u00e4ufig vertreten. Ein paar Namen samt Anekdoten haben wir hier f\u00fcr Sie zusammengestellt.<\/p>\n<h3><strong>Syn\u00e4sthetische Kunstschaffende <\/strong><\/h3>\n<ul>\n<li><strong>Clemens J. Setz<\/strong>, Autor<br \/>\nAls ihm 2021 der Georg-B\u00fcchner-Preis verliehen wurde, begr\u00fcndete die Deutsche Akademie f\u00fcr Sprache und Dichtung ihre Wahl so: \u201eSeine bisweilen verst\u00f6rende Drastik sticht ins Herz unserer Gegenwart, weil sie einem zutiefst humanistischen Impuls folgt. Diese Menschenfreundlichkeit verbindet Clemens J. Setz mit einem enzyklop\u00e4dischen Wissen und einem Reichtum der poetischen und sprachsch\u00f6pferischen Imagination.\u201cWer seine B\u00fccher liest, stellt fest, dass sein Detailreichtum, seine Beobachtungen und Formulierungen au\u00dfergew\u00f6hnlich sind und den Leser in eine faszinierende und erschreckend plastische Parallelwelt entf\u00fchren.<\/p>\n<p>Am J. als Anfangsbuchstabe seines zweiten Vornamens h\u00e4lt er fest, weil sein Name aufgrund der vielen E ansonsten \u201esehr farblos, beige, h\u00e4sslich\u201c sei. Das J habe etwas Erdiges. Das Wort Opossum sehe f\u00fcr ihn aus \u201ewie so ein buntes Saxophon mit ganz vielen Klappen [\u2026] wie ein ganz schrill verkleidetes Seepferchen.\u201c<\/li>\n<li><strong>David Hockney<\/strong>, Maler, Grafiker, B\u00fchnenbildner und Fotograf<br \/>\nHockney nimmt Musik farbig wahr. Danach richtet er die Gestaltung und Beleuchtung seiner Theaterauff\u00fchrungen.<\/li>\n<li><strong>Vladimir Nabokov<\/strong>, Schriftsteller, Literaturforscher und Schmetterlingsforscher<br \/>\nSeine Mutter, seine Frau und sein Sohn waren ebenfalls Syn\u00e4stheten. Er selbst nahm Buchstaben in Farben und Formen wahr. So sei das weiche G braun und habe einen satten, gummiartigen Ton, das M sei eine Falte aus rosa Flanell, das englische lange A habe die Farbe von verwittertem Holz, das franz\u00f6sische A \u00e4hnele hingegen poliertem Ebenholz. Das schwarze R sei ein ru\u00dfiger Lumpensack, der zerrissen werde.<\/li>\n<\/ul>\n<p>Auch in der Musikszene fand und findet man viele Syn\u00e4stheten, so z. B. Tori Amos, Leonard Bernstein, Billy Joel, Jimi Hendrix, Lady Gaga, Franz Liszt, Paul McCartney oder Pharrell Williams.<\/p>\n<h3><strong>Pseudo-syn\u00e4sthetische Kunstschaffende <\/strong><\/h3>\n<ul>\n<li><strong>Arthur Rimbaud<\/strong>, Dichter<br \/>\nRimbauds Gedicht \u201eVokale\u201c beschreibt f\u00fcr jeden Selbstlaut Farbe, Aussehen und Textur. Dar\u00fcber hinaus kann man vermuten, dass er sein Farbsystem auch in anderen Gedichten angewendet hat. So ist sein Gedichttitel \u201eLarme\u201c (Tropfen, Tr\u00e4ne) laut seiner Farbzuweisung schwarz (A) und wei\u00df (E). Im Gedicht benutzt er aber vor allem die Vokale O (blau) und U (gr\u00fcn), obwohl sie in der franz\u00f6sischen Sprache seltener vorkommen als E, A und I. Somit hat er seinem schwarzwei\u00dfen Tropfen ein blaugr\u00fcnes Gedicht geschrieben. Rimbaud gab sp\u00e4ter allerdings zu, dass er die Verbindung zwischen Farben und Vokalen erfunden hatte.<\/li>\n<li><strong>Alexander Scriabin<\/strong>, Pianist und Komponist<br \/>\nIn seinen Werken finden sich syn\u00e4sthetische Ans\u00e4tze, z. B. in seinem farbigen Notensystem. Er gilt nicht als Syn\u00e4sthet, war aber stark beeinflusst von der russischen Mystikerin Helena P. Blavatsky und griff in seiner Musik auch mathematische Algorithmen auf.<\/li>\n<li><strong>Miles Davis<\/strong>, Jazz-Trompeter und Komponist<br \/>\nSein vom d\u00e4nischen Komponisten Palle Mikkelborg geschriebenes Album \u201eAura\u201c basiert vage auf der Korrespondenz zwischen Farben und T\u00f6nen, doch weder Davis noch Mikkelborg waren bzw. sind Syn\u00e4stheten. Das Album spielt sowohl mit den Buchstaben des Namens von Miles Davis und seinen Schaffensperioden als auch mit Auren, die Mikkelborg angeblich an Davis wahrnahm.<\/li>\n<\/ul>\n<h4><\/h4>\n<\/div><\/section><\/div>\n\n<style type=\"text\/css\" data-created_by=\"avia_inline_auto\" id=\"style-css-av-wmoj0v-c9986da12d690b5437d18d442d2759da\">\n.flex_column.av-wmoj0v-c9986da12d690b5437d18d442d2759da{\nborder-radius:0px 0px 0px 0px;\npadding:0px 0px 0px 0px;\n}\n<\/style>\n<div  class='flex_column av-wmoj0v-c9986da12d690b5437d18d442d2759da av_one_full  avia-builder-el-32  el_after_av_one_full  el_before_av_one_third  first flex_column_div av-zero-column-padding  column-top-margin'     ><section  class='av_textblock_section av-lu1a1w9k-5c25fd4827a3f5a56fbdfc0448f91f29 '  ><div class='avia_textblock' ><h2 id=\"5\" class=\"position\"><strong>Der richtige Umgang mit Syn\u00e4stheten<\/strong><\/h2>\n<p>F\u00fcr den richtigen Umgang mit Syn\u00e4stheten gilt dasselbe wie f\u00fcr alle Menschen: <strong>Verst\u00e4ndnis, Empathie und Respekt <\/strong>sind unerl\u00e4sslich. F\u00fcr Syn\u00e4stheten sind ihre Wahrnehmungen normal. Sie k\u00f6nnen sich also schwer vorstellen, dass nicht jede Person Farben riecht, W\u00f6rter schmeckt oder Schmerz nicht f\u00fcr alle farbig ist. Umso weniger k\u00f6nnen sie also verstehen, wenn sie f\u00fcr ihre Wahrnehmung ausgelacht werden (denn das k\u00f6nnten sie umgekehrt ja auch tun). Das sollte nat\u00fcrlich nicht passieren. Schreiten Sie also wie immer bei jeder Form von Respektlosigkeit ein.<\/p>\n<p>Am wichtigsten ist, dass Syn\u00e4stheten weder Unrecht haben noch verr\u00fcckt sind oder sich wichtigmachen wollen. Syn\u00e4sthesie ist <strong>keine Krankheit<\/strong>, sondern ein <strong>Bonus<\/strong> \u2013 Syn\u00e4stheten empfinden einfach mehr und anders.<\/p>\n<p>Wenn Sie also den Eindruck haben, einer Ihrer Sch\u00fcler sei Syn\u00e4sthet, fragen Sie nach und lassen Sie sich die Empfindungen erkl\u00e4ren. Das ist nicht nur faszinierend, sondern kann auch sehr inspirierend sein und zu spannenden T\u00e4tigkeiten f\u00fcr die gesamte Klasse einladen.<\/p>\n<p>Syn\u00e4sthesie im Unterricht zu thematisieren, ist generell eine gute Idee, nicht nur wegen der vielen kreativen Impulse. Folgende drei Gr\u00fcnde sprechen zudem daf\u00fcr:<\/p>\n<ol>\n<li>Es kann sein, dass ein Syn\u00e4sthet in Ihrer Klasse ist, der es selbst noch nicht wei\u00df und so vielleicht darauf kommt. Dadurch stellen Sie sicher, dass er\/sie sich nicht \u201eseltsam\u201c f\u00fchlt, und k\u00f6nnen gleichzeitig auch in Situationen anders reagieren, die dieses Kind aufgrund einer <strong>Reiz\u00fcberflutung<\/strong> vielleicht stressen oder \u00fcberfordern.<\/li>\n<li>Wissen beugt wie immer <strong>Vorurteilen<\/strong> vor.<\/li>\n<li>Das Thema Syn\u00e4sthesie sch\u00e4rft die eigene Wahrnehmung und das <strong>Bewusstsein f\u00fcr Sprache und Sprachgebrauch<\/strong>. So bekommen Ihre SuS wahrscheinlich schon fr\u00fcher als die meisten Schulkinder einen Zugang zu diesem Ph\u00e4nomen, entdecken im Alltag syn\u00e4sthetische Strukturen oder entwickeln eine Faszination f\u00fcr Kunst und Sprache.<\/li>\n<\/ol>\n<p>Nat\u00fcrlich bietet auch der Musik- oder Kunstunterricht Raum f\u00fcr Syn\u00e4sthesie, genauso wie der Deutsch- oder Sachunterricht. Wenn Sie z. B. einen Snoezelenraum haben, k\u00f6nnen auch Klang- und Lichtspiele tolle Impulse zum Thema liefern.<\/p>\n<\/div><\/section><\/div>\n<div class='flex_column_table av-4jgmker-fe25cc8ea4c25f49cec58cb1392bf283 sc-av_one_third av-equal-height-column-flextable'>\n<style type=\"text\/css\" data-created_by=\"avia_inline_auto\" id=\"style-css-av-4jgmker-fe25cc8ea4c25f49cec58cb1392bf283\">\n.flex_column.av-4jgmker-fe25cc8ea4c25f49cec58cb1392bf283{\nborder-width:1px;\nborder-color:#ebebeb;\nborder-style:solid;\nborder-radius:0px 0px 0px 0px;\npadding:10px 10px 10px 10px;\n}\n<\/style>\n<div  class='flex_column av-4jgmker-fe25cc8ea4c25f49cec58cb1392bf283 av_one_third  avia-builder-el-34  el_after_av_one_full  el_before_av_one_third  first flex_column_table_cell av-equal-height-column av-align-top  column-top-margin'     ><p><section  class='av_textblock_section av-ltiohzsg-27d96719095457b0a4679e8bc25f195e '  ><div class='avia_textblock' ><p><img decoding=\"async\" class=\"alignnone wp-image-13864 \" src=\"https:\/\/blog.backwinkel.de\/wp-content\/uploads\/2024\/05\/38021_roundsoundtubes_zoom_7.jpg\" alt=\"\" width=\"579\" height=\"579\" srcset=\"https:\/\/www.backwinkel.de\/blog\/wp-content\/uploads\/2024\/05\/38021_roundsoundtubes_zoom_7.jpg 2048w, https:\/\/www.backwinkel.de\/blog\/wp-content\/uploads\/2024\/05\/38021_roundsoundtubes_zoom_7-1536x1536.jpg 1536w, https:\/\/www.backwinkel.de\/blog\/wp-content\/uploads\/2024\/05\/38021_roundsoundtubes_zoom_7-36x36.jpg 36w, https:\/\/www.backwinkel.de\/blog\/wp-content\/uploads\/2024\/05\/38021_roundsoundtubes_zoom_7-180x180.jpg 180w\" sizes=\"(max-width: 579px) 100vw, 579px\" \/><\/p>\n<p style=\"font-size: 20px; font-family: urw_grotesk_extra_narrowrg; text-align: left;\">Round-Sound Tubes, diatonisch<\/p>\n<p style=\"text-align: left;\"><div  class='avia-button-wrap av-3tiyljn-6a0b40f59d7ac23665c5a1c0ee32b497-wrap avia-button-center  avia-builder-el-36  avia-builder-el-no-sibling '><a href='https:\/\/www.backwinkel.de\/prod\/round-sound-tubes-diatonisch.html'  class='avia-button av-3tiyljn-6a0b40f59d7ac23665c5a1c0ee32b497 av-link-btn avia-icon_select-no avia-size-medium avia-position-center avia-color-theme-color'  target=\"_blank\"  rel=\"noopener noreferrer\"  aria-label=\"zum Produkt\"><span class='avia_iconbox_title' >zum Produkt<\/span><\/a><\/div><\/p>\n<\/div><\/section><br \/>\n\n<style type=\"text\/css\" data-created_by=\"avia_inline_auto\" id=\"style-css-av-3mkjoib-0cb0c4ad515dbdb1c000b5e70c5610cd\">\n#top .hr.hr-invisible.av-3mkjoib-0cb0c4ad515dbdb1c000b5e70c5610cd{\nheight:20px;\n}\n<\/style>\n<div  class='hr av-3mkjoib-0cb0c4ad515dbdb1c000b5e70c5610cd hr-invisible  avia-builder-el-37  el_after_av_textblock  avia-builder-el-last '><span class='hr-inner '><span class=\"hr-inner-style\"><\/span><\/span><\/div><\/p><\/div>\n<div class='av-flex-placeholder'><\/div>\n<style type=\"text\/css\" data-created_by=\"avia_inline_auto\" id=\"style-css-av-30tziz7-297f335cea7fb5943bb72196dbd2589a\">\n.flex_column.av-30tziz7-297f335cea7fb5943bb72196dbd2589a{\nborder-width:1px;\nborder-color:#ebebeb;\nborder-style:solid;\nborder-radius:0px 0px 0px 0px;\npadding:10px 10px 10px 10px;\n}\n<\/style>\n<div  class='flex_column av-30tziz7-297f335cea7fb5943bb72196dbd2589a av_one_third  avia-builder-el-38  el_after_av_one_third  el_before_av_one_third  flex_column_table_cell av-equal-height-column av-align-top  column-top-margin'     ><p><section  class='av_textblock_section av-ltiok3v5-a2bb7e54368bcc5b986d75cf1bc3eb6d '  ><div class='avia_textblock' ><p><img decoding=\"async\" class=\"alignnone wp-image-13865 \" src=\"https:\/\/blog.backwinkel.de\/wp-content\/uploads\/2024\/05\/30336_faszinationsplatten_fuss.jpg\" alt=\"\" width=\"579\" height=\"579\" srcset=\"https:\/\/www.backwinkel.de\/blog\/wp-content\/uploads\/2024\/05\/30336_faszinationsplatten_fuss.jpg 700w, https:\/\/www.backwinkel.de\/blog\/wp-content\/uploads\/2024\/05\/30336_faszinationsplatten_fuss-36x36.jpg 36w, https:\/\/www.backwinkel.de\/blog\/wp-content\/uploads\/2024\/05\/30336_faszinationsplatten_fuss-180x180.jpg 180w\" sizes=\"(max-width: 579px) 100vw, 579px\" \/><\/p>\n<p style=\"font-size: 20px; font-family: urw_grotesk_extra_narrowrg; text-align: left;\">Faszinationsmatten, 6er-Set<\/p>\n<p style=\"text-align: left;\"><div  class='avia-button-wrap av-2eayuqb-720bbd8e01bc0d62ad9d8141f577fdde-wrap avia-button-center  avia-builder-el-40  avia-builder-el-no-sibling '><a href='https:\/\/www.backwinkel.de\/prod\/faszinationsmatten.html'  class='avia-button av-2eayuqb-720bbd8e01bc0d62ad9d8141f577fdde av-link-btn avia-icon_select-no avia-size-medium avia-position-center avia-color-theme-color'  target=\"_blank\"  rel=\"noopener noreferrer\"  aria-label=\"zum Produkt\"><span class='avia_iconbox_title' >zum Produkt<\/span><\/a><\/div><\/p>\n<\/div><\/section><br \/>\n\n<style type=\"text\/css\" data-created_by=\"avia_inline_auto\" id=\"style-css-av-1z7ot83-5d7fbfac75e341fad2b434579feee2f3\">\n#top .hr.hr-invisible.av-1z7ot83-5d7fbfac75e341fad2b434579feee2f3{\nheight:20px;\n}\n<\/style>\n<div  class='hr av-1z7ot83-5d7fbfac75e341fad2b434579feee2f3 hr-invisible  avia-builder-el-41  el_after_av_textblock  avia-builder-el-last '><span class='hr-inner '><span class=\"hr-inner-style\"><\/span><\/span><\/div><\/p><\/div>\n<div class='av-flex-placeholder'><\/div>\n<style type=\"text\/css\" data-created_by=\"avia_inline_auto\" id=\"style-css-av-579443-15729c47c84d300c37c0a3cb3093afc0\">\n.flex_column.av-579443-15729c47c84d300c37c0a3cb3093afc0{\nborder-width:1px;\nborder-color:#ebebeb;\nborder-style:solid;\nborder-radius:0px 0px 0px 0px;\npadding:10px 10px 10px 10px;\n}\n<\/style>\n<div  class='flex_column av-579443-15729c47c84d300c37c0a3cb3093afc0 av_one_third  avia-builder-el-42  el_after_av_one_third  el_before_av_hr  flex_column_table_cell av-equal-height-column av-align-top  column-top-margin'     ><p><section  class='av_textblock_section av-ltion3tv-7c76a095e71e15deccf154240f87765d '  ><div class='avia_textblock' ><p><img decoding=\"async\" class=\"alignnone wp-image-13866 \" src=\"https:\/\/blog.backwinkel.de\/wp-content\/uploads\/2024\/05\/38016_boom-whackers-mm.jpg\" alt=\"\" width=\"577\" height=\"577\" srcset=\"https:\/\/www.backwinkel.de\/blog\/wp-content\/uploads\/2024\/05\/38016_boom-whackers-mm.jpg 1000w, https:\/\/www.backwinkel.de\/blog\/wp-content\/uploads\/2024\/05\/38016_boom-whackers-mm-36x36.jpg 36w, https:\/\/www.backwinkel.de\/blog\/wp-content\/uploads\/2024\/05\/38016_boom-whackers-mm-180x180.jpg 180w\" sizes=\"(max-width: 577px) 100vw, 577px\" \/><\/p>\n<p id=\"productTitle\" class=\"details-title\">BOOMWHACKERS<sup>\u00ae <\/sup>Gruppensatz<\/p>\n<p style=\"text-align: left;\"><div  class='avia-button-wrap av-195wyab-b52d5964067264a0846bde7e34f6eaca-wrap avia-button-center  avia-builder-el-44  avia-builder-el-no-sibling '><a href='https:\/\/www.backwinkel.de\/prod\/boomwhackers-gruppensatz-mit-aufbewahrungsbox.html'  class='avia-button av-195wyab-b52d5964067264a0846bde7e34f6eaca av-link-btn avia-icon_select-no avia-size-medium avia-position-center avia-color-theme-color'  target=\"_blank\"  rel=\"noopener noreferrer\"  aria-label=\"zum Produkt\"><span class='avia_iconbox_title' >zum Produkt<\/span><\/a><\/div><\/p>\n<\/div><\/section><br \/>\n\n<style type=\"text\/css\" data-created_by=\"avia_inline_auto\" id=\"style-css-av-2wupzn-ae1dbe015397201010c80e8447567264\">\n#top .hr.hr-invisible.av-2wupzn-ae1dbe015397201010c80e8447567264{\nheight:20px;\n}\n<\/style>\n<div  class='hr av-2wupzn-ae1dbe015397201010c80e8447567264 hr-invisible  avia-builder-el-45  el_after_av_textblock  avia-builder-el-last '><span class='hr-inner '><span class=\"hr-inner-style\"><\/span><\/span><\/div><\/p><\/div><\/div><!--close column table wrapper. Autoclose: 1 -->\n\n<style type=\"text\/css\" data-created_by=\"avia_inline_auto\" id=\"style-css-av-kz7pcc-998c523973ce04bd41c056e7ad17fd36\">\n#top .hr.av-kz7pcc-998c523973ce04bd41c056e7ad17fd36{\nmargin-top:10px;\nmargin-bottom:10px;\n}\n.hr.av-kz7pcc-998c523973ce04bd41c056e7ad17fd36 .hr-inner{\nwidth:500;\n}\n<\/style>\n<div  class='hr av-kz7pcc-998c523973ce04bd41c056e7ad17fd36 hr-custom  avia-builder-el-46  el_after_av_one_third  el_before_av_one_full  hr-left hr-icon-no'><span class='hr-inner inner-border-av-border-none'><span class=\"hr-inner-style\"><\/span><\/span><\/div>\n\n<style type=\"text\/css\" data-created_by=\"avia_inline_auto\" id=\"style-css-av-3tembw-a1c4b21fc3f6f2fd3d0d32482ae74cc6\">\n.flex_column.av-3tembw-a1c4b21fc3f6f2fd3d0d32482ae74cc6{\nborder-radius:0px 0px 0px 0px;\npadding:10px 10px 10px 10px;\nbackground-color:#f2f2f2;\n}\n<\/style>\n<div  class='flex_column av-3tembw-a1c4b21fc3f6f2fd3d0d32482ae74cc6 av_one_full  avia-builder-el-47  el_after_av_hr  el_before_av_one_full  first flex_column_div  '     ><section  class='av_textblock_section av-2hcanw-354275dfda09aacb13c8894d92e606ed '  ><div class='avia_textblock' ><p class=\"fussnoten-quellen\"><strong>Auch interessant:<\/strong><br \/>\n<strong><a href=\"https:\/\/www.backwinkel.de\/blog\/orff-instrumente\/\" target=\"_blank\" rel=\"noopener\">Orff-Instrumente: Alles Wissenswerte inkl. Liste mit Bildern | BACKWINKEL-Blog<\/a><\/strong><br \/>\n<strong><a href=\"https:\/\/www.backwinkel.de\/cat\/orff-instrumente\/\" target=\"_blank\" rel=\"noopener\">Orff-Instrumente preiswert online kaufen | backwinkel.de<\/a><\/strong><br \/>\n<strong><a href=\"https:\/\/www.backwinkel.de\/cat\/boomwhackers\/\" target=\"_blank\" rel=\"noopener\">Boomwhackers f\u00fcr Schule und Kindergarten | backwinkel.de<\/a><br \/>\n<a href=\"https:\/\/www.backwinkel.de\/blog\/snoezelen-raum\/\" target=\"_blank\" rel=\"noopener\">Snoezelen-Raum \u2013 so schaffen Sie einen tollen Sinnesbereich f\u00fcr Ihre Kinder (und sich selbst) | BACKWINKEL Blog<\/a><br \/>\n<a href=\"https:\/\/www.backwinkel.de\/cat\/sinneswahrnehmung\/\" target=\"_blank\" rel=\"noopener\">Sinneswahrnehmung im Kindergarten \u2013 Material online kaufen | backwinkel.de<\/a><\/strong><\/p>\n<\/div><\/section><\/div>\n\n<style type=\"text\/css\" data-created_by=\"avia_inline_auto\" id=\"style-css-av-px73xv-be2f367ff6170a480749272258f075c4\">\n.flex_column.av-px73xv-be2f367ff6170a480749272258f075c4{\nborder-radius:0px 0px 0px 0px;\npadding:10px 10px 10px 10px;\nbackground-color:#f2f2f2;\n}\n<\/style>\n<div  class='flex_column av-px73xv-be2f367ff6170a480749272258f075c4 av_one_full  avia-builder-el-49  el_after_av_one_full  el_before_av_one_full  first flex_column_div  column-top-margin'     ><section  class='av_textblock_section av-ltipsnfk-6cb98bd12a5874fe2d0c8f1df52e0a70 '  ><div class='avia_textblock' ><p class=\"fussnoten-quellen\"><strong>Lesestoff:<\/strong><\/p>\n<p>Duffy, Patricia: Jeder blaue Buchstabe duftet nach Zimt \u2013 Wie Syn\u00e4sthetiker die Welt erleben, M\u00fcnchen, 2003.<\/p>\n<p>Deutsche Syn\u00e4sthesie Gesellschaft e. V.: Was ist Syn\u00e4sthesie? (mit vielen weiterf\u00fchrenden Quellen):<br \/>\n<a href=\"https:\/\/synaesthesie.org\/de\/synaesthesie\/was-ist-synaesthesie-wissenschaftliche-version\" target=\"_blank\" rel=\"noopener\">https:\/\/synaesthesie.org\/de\/synaesthesie\/was-ist-synaesthesie-wissenschaftliche-version<\/a><\/p>\n<p>Deutsche Syn\u00e4sthesie Gesellschaft e. V.: FAQ (Fragen und Antworten rund um Syn\u00e4sthestie, auch bezogen auf (Schul-)Kinder):<br \/>\n<a href=\"https:\/\/synaesthesie.org\/de\/faq\" target=\"_blank\" rel=\"noopener\">https:\/\/synaesthesie.org\/de\/faq<\/a><\/p>\n<p>Auflistung von 75 verschiedenen Auspr\u00e4gungen von Syn\u00e4sthesie mit prozentualen Anteilen von Sean Day (generell eine sehr spannende Seite):<br \/>\n<a href=\"http:\/\/www.daysyn.com\/Types-of-Syn.html\" target=\"_blank\" rel=\"noopener\">http:\/\/www.daysyn.com\/Types-of-Syn.html<\/a><\/p>\n<p>Wurmitzer, Michael: Clemens J. Setz: Eine Welt, die flirrt und flackert, 10.02.2018:<br \/>\n<a href=\"https:\/\/www.derstandard.de\/story\/2000073937799\/clemens-j-setz-eine-welt-die-flirrt-und-flackert\" target=\"_blank\" rel=\"noopener\">https:\/\/www.derstandard.de\/story\/2000073937799\/clemens-j-setz-eine-welt-die-flirrt-und-flackert<\/a><\/p>\n<p>Diener, Andrea, K\u00fcchemann, Fridtjof: Wenn sich die Storyteller-F\u00fchler aufrichten: Ein Gespr\u00e4ch mit Clemens J. Setz, 17.10.2021:<br \/>\n<a href=\"https:\/\/www.faz.net\/podcasts\/f-a-z-buecher-podcast\/ein-gespraech-mit-dem-buechnerpreis-traeger-clemens-j-setz-17586937.html\" target=\"_blank\" rel=\"noopener\">https:\/\/www.faz.net\/podcasts\/f-a-z-buecher-podcast\/ein-gespraech-mit-dem-buechnerpreis-traeger-clemens-j-setz-17586937.html<\/a><\/p>\n<\/div><\/section><\/div>\n\n<style type=\"text\/css\" data-created_by=\"avia_inline_auto\" id=\"style-css-av-fqckto-d5350d06c16b17286c5e2ae288dcdba2\">\n.flex_column.av-fqckto-d5350d06c16b17286c5e2ae288dcdba2{\nborder-radius:0px 0px 0px 0px;\npadding:10px 10px 10px 10px;\n}\n<\/style>\n<div  class='flex_column av-fqckto-d5350d06c16b17286c5e2ae288dcdba2 av_one_full  avia-builder-el-51  el_after_av_one_full  el_before_av_one_full  first flex_column_div  column-top-margin'     ><section  class='av_textblock_section av-dh1mgc-1f1cdce34e8e6e00b3fada23e5365d1b '  ><div class='avia_textblock' ><p class=\"copyright\"><strong>\u00a9 Copyright \u2013 Urheberrechtshinweis<\/strong><br \/>\nAlle Inhalte auf www.backwinkel.de sowie www.backwinkel.de\/blog, insbesondere Texte, Fotografien und Grafiken, sind urheberrechtlich gesch\u00fctzt.<br \/>\nDas Urheberrecht liegt, soweit nicht ausdr\u00fccklich anders gekennzeichnet, bei der BACKWINKEL GmbH. Bitte fragen Sie uns, falls Sie die Inhalte dieses Internetangebotes verwenden m\u00f6chten.<br \/>\nWer gegen das Urheberrecht verst\u00f6\u00dft (z. B. Bilder oder Texte unerlaubt kopiert), macht sich gem. \u00a7\u00a7 106 ff UrhG strafbar, wird zudem kostenpflichtig abgemahnt und muss Schadensersatz leisten (\u00a7 97 UrhG).<\/p>\n<\/div><\/section><\/div>\n\n<style type=\"text\/css\" data-created_by=\"avia_inline_auto\" id=\"style-css-av-d5co4s-aedf4c432807ac740642c7127dd938f9\">\n.flex_column.av-d5co4s-aedf4c432807ac740642c7127dd938f9{\nborder-radius:0px 0px 0px 0px;\npadding:0px 0px 0px 0px;\n}\n<\/style>\n<div  class='flex_column av-d5co4s-aedf4c432807ac740642c7127dd938f9 av_one_full  avia-builder-el-53  el_after_av_one_full  el_before_av_one_full  first flex_column_div av-zero-column-padding  column-top-margin'     ><section  class='av_textblock_section av-a97ba4-7dd40c09d190f5324e4111b3d971dd4a '  ><div class='avia_textblock' ><div class=\"shariff shariff-align-left shariff-widget-align-left\"><ul class=\"shariff-buttons theme-color orientation-horizontal buttonsize-medium\"><li class=\"shariff-button whatsapp shariff-nocustomcolor\" style=\"background-color:#5cbe4a\"><a href=\"https:\/\/api.whatsapp.com\/send?text=https%3A%2F%2Fwww.backwinkel.de%2Fblog%2Fsynaesthesie%2F%20Syn%C3%A4sthesie\" title=\"Bei Whatsapp teilen\" aria-label=\"Bei Whatsapp teilen\" role=\"button\" rel=\"noopener nofollow\" class=\"shariff-link\" style=\"; background-color:#34af23; color:#fff\" target=\"_blank\"><span class=\"shariff-icon\" style=\"\"><svg width=\"32px\" height=\"20px\" xmlns=\"http:\/\/www.w3.org\/2000\/svg\" viewBox=\"0 0 32 32\"><path fill=\"#34af23\" d=\"M17.6 17.4q0.2 0 1.7 0.8t1.6 0.9q0 0.1 0 0.3 0 0.6-0.3 1.4-0.3 0.7-1.3 1.2t-1.8 0.5q-1 0-3.4-1.1-1.7-0.8-3-2.1t-2.6-3.3q-1.3-1.9-1.3-3.5v-0.1q0.1-1.6 1.3-2.8 0.4-0.4 0.9-0.4 0.1 0 0.3 0t0.3 0q0.3 0 0.5 0.1t0.3 0.5q0.1 0.4 0.6 1.6t0.4 1.3q0 0.4-0.6 1t-0.6 0.8q0 0.1 0.1 0.3 0.6 1.3 1.8 2.4 1 0.9 2.7 1.8 0.2 0.1 0.4 0.1 0.3 0 1-0.9t0.9-0.9zM14 26.9q2.3 0 4.3-0.9t3.6-2.4 2.4-3.6 0.9-4.3-0.9-4.3-2.4-3.6-3.6-2.4-4.3-0.9-4.3 0.9-3.6 2.4-2.4 3.6-0.9 4.3q0 3.6 2.1 6.6l-1.4 4.2 4.3-1.4q2.8 1.9 6.2 1.9zM14 2.2q2.7 0 5.2 1.1t4.3 2.9 2.9 4.3 1.1 5.2-1.1 5.2-2.9 4.3-4.3 2.9-5.2 1.1q-3.5 0-6.5-1.7l-7.4 2.4 2.4-7.2q-1.9-3.2-1.9-6.9 0-2.7 1.1-5.2t2.9-4.3 4.3-2.9 5.2-1.1z\"\/><\/svg><\/span><span class=\"shariff-text\">teilen<\/span>&nbsp;<\/a><\/li><li class=\"shariff-button facebook shariff-nocustomcolor\" style=\"background-color:#4273c8\"><a href=\"https:\/\/www.facebook.com\/sharer\/sharer.php?u=https%3A%2F%2Fwww.backwinkel.de%2Fblog%2Fsynaesthesie%2F\" title=\"Bei Facebook teilen\" aria-label=\"Bei Facebook teilen\" role=\"button\" rel=\"nofollow\" class=\"shariff-link\" style=\"; background-color:#3b5998; color:#fff\" target=\"_blank\"><span class=\"shariff-icon\" style=\"\"><svg width=\"32px\" height=\"20px\" xmlns=\"http:\/\/www.w3.org\/2000\/svg\" viewBox=\"0 0 18 32\"><path fill=\"#3b5998\" d=\"M17.1 0.2v4.7h-2.8q-1.5 0-2.1 0.6t-0.5 1.9v3.4h5.2l-0.7 5.3h-4.5v13.6h-5.5v-13.6h-4.5v-5.3h4.5v-3.9q0-3.3 1.9-5.2t5-1.8q2.6 0 4.1 0.2z\"\/><\/svg><\/span><span class=\"shariff-text\">teilen<\/span>&nbsp;<\/a><\/li><li class=\"shariff-button twitter shariff-nocustomcolor\" style=\"background-color:#595959\"><a href=\"https:\/\/twitter.com\/share?url=https%3A%2F%2Fwww.backwinkel.de%2Fblog%2Fsynaesthesie%2F&text=Syn%C3%A4sthesie\" title=\"Bei X teilen\" aria-label=\"Bei X teilen\" role=\"button\" rel=\"noopener nofollow\" class=\"shariff-link\" style=\"; background-color:#000; color:#fff\" target=\"_blank\"><span class=\"shariff-icon\" style=\"\"><svg width=\"32px\" height=\"20px\" xmlns=\"http:\/\/www.w3.org\/2000\/svg\" viewBox=\"0 0 24 24\"><path fill=\"#000\" d=\"M14.258 10.152L23.176 0h-2.113l-7.747 8.813L7.133 0H0l9.352 13.328L0 23.973h2.113l8.176-9.309 6.531 9.309h7.133zm-2.895 3.293l-.949-1.328L2.875 1.56h3.246l6.086 8.523.945 1.328 7.91 11.078h-3.246zm0 0\"\/><\/svg><\/span><span class=\"shariff-text\">teilen<\/span>&nbsp;<\/a><\/li><li class=\"shariff-button pinterest shariff-nocustomcolor\" style=\"background-color:#e70f18\"><a href=\"https:\/\/www.pinterest.com\/pin\/create\/link\/?url=https%3A%2F%2Fwww.backwinkel.de%2Fblog%2Fsynaesthesie%2F&media=https%3A%2F%2Fwww.backwinkel.de%2Fblog%2Fwp-content%2Fuploads%2F2024%2F05%2FSynaesthesie-heroimage.jpg&description=Syn%C3%A4sthesie\" title=\"Bei Pinterest pinnen\" aria-label=\"Bei Pinterest pinnen\" role=\"button\" rel=\"noopener nofollow\" class=\"shariff-link\" style=\"; background-color:#cb2027; color:#fff\" target=\"_blank\"><span class=\"shariff-icon\" style=\"\"><svg width=\"32px\" height=\"20px\" xmlns=\"http:\/\/www.w3.org\/2000\/svg\" viewBox=\"0 0 27 32\"><path fill=\"#cb2027\" d=\"M27.4 16q0 3.7-1.8 6.9t-5 5-6.9 1.9q-2 0-3.9-0.6 1.1-1.7 1.4-2.9 0.2-0.6 1-3.8 0.4 0.7 1.3 1.2t2 0.5q2.1 0 3.8-1.2t2.7-3.4 0.9-4.8q0-2-1.1-3.8t-3.1-2.9-4.5-1.2q-1.9 0-3.5 0.5t-2.8 1.4-2 2-1.2 2.3-0.4 2.4q0 1.9 0.7 3.3t2.1 2q0.5 0.2 0.7-0.4 0-0.1 0.1-0.5t0.2-0.5q0.1-0.4-0.2-0.8-0.9-1.1-0.9-2.7 0-2.7 1.9-4.6t4.9-2q2.7 0 4.2 1.5t1.5 3.8q0 3-1.2 5.2t-3.1 2.1q-1.1 0-1.7-0.8t-0.4-1.9q0.1-0.6 0.5-1.7t0.5-1.8 0.2-1.4q0-0.9-0.5-1.5t-1.4-0.6q-1.1 0-1.9 1t-0.8 2.6q0 1.3 0.4 2.2l-1.8 7.5q-0.3 1.2-0.2 3.2-3.7-1.6-6-5t-2.3-7.6q0-3.7 1.9-6.9t5-5 6.9-1.9 6.9 1.9 5 5 1.8 6.9z\"\/><\/svg><\/span><span class=\"shariff-text\">merken<\/span>&nbsp;<\/a><\/li><li class=\"shariff-button mailto shariff-nocustomcolor\" style=\"background-color:#a8a8a8\"><a href=\"mailto:?body=https%3A%2F%2Fwww.backwinkel.de%2Fblog%2Fsynaesthesie%2F&subject=Syn%C3%A4sthesie\" title=\"Per E-Mail versenden\" aria-label=\"Per E-Mail versenden\" role=\"button\" rel=\"noopener nofollow\" class=\"shariff-link\" style=\"; background-color:#999; color:#fff\"><span class=\"shariff-icon\" style=\"\"><svg width=\"32px\" height=\"20px\" xmlns=\"http:\/\/www.w3.org\/2000\/svg\" viewBox=\"0 0 32 32\"><path fill=\"#999\" d=\"M32 12.7v14.2q0 1.2-0.8 2t-2 0.9h-26.3q-1.2 0-2-0.9t-0.8-2v-14.2q0.8 0.9 1.8 1.6 6.5 4.4 8.9 6.1 1 0.8 1.6 1.2t1.7 0.9 2 0.4h0.1q0.9 0 2-0.4t1.7-0.9 1.6-1.2q3-2.2 8.9-6.1 1-0.7 1.8-1.6zM32 7.4q0 1.4-0.9 2.7t-2.2 2.2q-6.7 4.7-8.4 5.8-0.2 0.1-0.7 0.5t-1 0.7-0.9 0.6-1.1 0.5-0.9 0.2h-0.1q-0.4 0-0.9-0.2t-1.1-0.5-0.9-0.6-1-0.7-0.7-0.5q-1.6-1.1-4.7-3.2t-3.6-2.6q-1.1-0.7-2.1-2t-1-2.5q0-1.4 0.7-2.3t2.1-0.9h26.3q1.2 0 2 0.8t0.9 2z\"\/><\/svg><\/span><span class=\"shariff-text\">E-Mail<\/span>&nbsp;<\/a><\/li><\/ul><\/div>\n<\/div><\/section><\/div>\n\n<style type=\"text\/css\" data-created_by=\"avia_inline_auto\" id=\"style-css-av-leyce6wr-aca459a5151fa423e49ebd2f0b0cba23\">\n.flex_column.av-leyce6wr-aca459a5151fa423e49ebd2f0b0cba23{\nborder-radius:0px 0px 0px 0px;\npadding:0px 0px 0px 0px;\nbackground-color:#f2f2f2;\n}\n<\/style>\n<div  class='flex_column av-leyce6wr-aca459a5151fa423e49ebd2f0b0cba23 av_one_full  avia-builder-el-55  el_after_av_one_full  el_before_av_one_full  first flex_column_div av-zero-column-padding  column-top-margin'     ><div  class='avia-builder-widget-area clearfix  avia-builder-el-56  avia-builder-el-no-sibling '><div id=\"text-29\" class=\"widget clearfix widget_text\"><h3 class=\"widgettitle\">Das BACKWINKEL-Blog-Team<\/h3>\t\t\t<div class=\"textwidget\"><p>Gibts auch ein Gesicht hinter dem BACKWINKEL-Blog? Nat\u00fcrlich. Sogar f\u00fcnf \ud83d\ude0a. Wir \u2013 Lukas, Marvin und Tatjana \u2013 bespielen unseren Blog im LACHEN LEBEN LERNEN-Firmensitz in Hattingen.<br \/>\nLukas kennt Onlinemarketing wie seine Westentasche, w\u00e4hrend Marvin unseren Beitr\u00e4gen den passenden gestalterischen Rahmen gibt und Tatjana mit dem gr\u00fcnen Korrekturstift alles pr\u00fcfend be\u00e4ugt, was unsere Freelancerautorinnen Elisa und Christine (und gern auch Gastautoren) aus der Ferne f\u00fcr den BACKWINKEL-Blog nach ordentlicher Recherche schreiben.<br \/>\nGemeinsam suchen wir st\u00e4ndig nach neuen, aufregenden Themen rund um das Thema Bildung im Kiga, der Schule und zu Hause. Und weil Sie da an der Quelle sitzen, freuen wir uns auf Ihre konstruktiven R\u00fcckmeldungen und Anregungen an blog[@]backwinkel.de<br \/>\nViel Spa\u00df beim LACHEN LESEN LERNEN!<\/p>\n<\/div>\n\t\t<\/div><\/div><\/div>\n\n<style type=\"text\/css\" data-created_by=\"avia_inline_auto\" id=\"style-css-av-21m96ev-10cefdecbd94bf771cc0a852db15e418\">\n.flex_column.av-21m96ev-10cefdecbd94bf771cc0a852db15e418{\nborder-radius:0px 0px 0px 0px;\npadding:0px 0px 0px 0px;\n}\n<\/style>\n<div  class='flex_column av-21m96ev-10cefdecbd94bf771cc0a852db15e418 av_one_full  avia-builder-el-57  el_after_av_one_full  avia-builder-el-last  first flex_column_div av-zero-column-padding  column-top-margin'     ><p>\n<style type=\"text\/css\" data-created_by=\"avia_inline_auto\" id=\"style-css-av-1l6t62f-7ea91fafe1c9fd8f01b5a5ee707950ce\">\n#top .hr.av-1l6t62f-7ea91fafe1c9fd8f01b5a5ee707950ce{\nmargin-top:10px;\nmargin-bottom:10px;\n}\n.hr.av-1l6t62f-7ea91fafe1c9fd8f01b5a5ee707950ce .hr-inner{\nwidth:500;\n}\n<\/style>\n<div  class='hr av-1l6t62f-7ea91fafe1c9fd8f01b5a5ee707950ce hr-custom  avia-builder-el-58  el_before_av_heading  avia-builder-el-first  hr-left hr-icon-no'><span class='hr-inner inner-border-av-border-thin'><span class=\"hr-inner-style\"><\/span><\/span><\/div><br \/>\n\n<style type=\"text\/css\" data-created_by=\"avia_inline_auto\" id=\"style-css-av-112w7mf-cf418d6f1ae2df284a50f174648cad51\">\n#top .av-special-heading.av-112w7mf-cf418d6f1ae2df284a50f174648cad51{\npadding-bottom:10px;\n}\nbody .av-special-heading.av-112w7mf-cf418d6f1ae2df284a50f174648cad51 .av-special-heading-tag .heading-char{\nfont-size:25px;\n}\n.av-special-heading.av-112w7mf-cf418d6f1ae2df284a50f174648cad51 .av-subheading{\nfont-size:15px;\n}\n<\/style>\n<div  class='av-special-heading av-112w7mf-cf418d6f1ae2df284a50f174648cad51 av-special-heading-h3 blockquote modern-quote  avia-builder-el-59  el_after_av_hr  el_before_av_blog '><h3 class='av-special-heading-tag '  >PASSENDE BEITR\u00c4GE<\/h3><div class=\"special-heading-border\"><div class=\"special-heading-inner-border\"><\/div><\/div><\/div><br \/>\n<div  data-slideshow-options=\"{&quot;animation&quot;:&quot;fade&quot;,&quot;autoplay&quot;:false,&quot;loop_autoplay&quot;:&quot;once&quot;,&quot;interval&quot;:5,&quot;loop_manual&quot;:&quot;manual-endless&quot;,&quot;autoplay_stopper&quot;:false,&quot;noNavigation&quot;:false,&quot;show_slide_delay&quot;:90}\" class='avia-content-slider avia-content-grid-active avia-content-slider1 avia-content-slider-odd  avia-builder-el-60  el_after_av_heading  avia-builder-el-last  av-slideshow-ui av-control-default   av-no-slider-navigation av-slideshow-manual av-loop-once av-loop-manual-endless ' ><div class=\"avia-content-slider-inner\"><div class=\"slide-entry-wrap\"><article class='slide-entry flex_column  post-entry post-entry-18716 slide-entry-overview slide-loop-1 slide-parity-odd  av_one_third first real-thumbnail posttype-post post-format-standard' ><a href='https:\/\/www.backwinkel.de\/blog\/rechnen-im-anfangsunterricht\/' data-rel='slide-1' class='slide-image' title='Rechnen im Anfangsunterricht'><img decoding=\"async\" fetchpriority=\"high\" width=\"1200\" height=\"628\" src=\"https:\/\/www.backwinkel.de\/blog\/wp-content\/uploads\/2026\/04\/04_Schule_Rechnen_anfangsunterricht.jpg\" class=\"wp-image-18748 avia-img-lazy-loading-not-18748 attachment-no scaling size-no scaling wp-post-image\" alt=\"\" \/><\/a><div class=\"slide-content\"><header class=\"entry-content-header\" aria-label=\"Slide: Rechnen im Anfangsunterricht\"><h3 class='slide-entry-title entry-title ' ><a href='https:\/\/www.backwinkel.de\/blog\/rechnen-im-anfangsunterricht\/' title='Rechnen im Anfangsunterricht'>Rechnen im Anfangsunterricht<\/a><\/h3><span class=\"blog-categories minor-meta\"><a href=\"https:\/\/www.backwinkel.de\/blog\/category\/schule-grundschule\/\" rel=\"tag\">Schule<\/a> <\/span><span class=\"av-vertical-delimiter\"><\/span><\/header><div class='slide-entry-excerpt entry-content' >Das Klassenzimmer als Lernlandschaft<\/div><\/div><footer class=\"entry-footer\"><div class=\"slide-meta\"><time class='slide-meta-time updated' >14. April 2026<\/time><\/div><\/footer><\/article><article class='slide-entry flex_column  post-entry post-entry-18177 slide-entry-overview slide-loop-2 slide-parity-even  av_one_third  real-thumbnail posttype-post post-format-standard' ><a href='https:\/\/www.backwinkel.de\/blog\/churermodell\/' data-rel='slide-1' class='slide-image' title='Churermodell'><img decoding=\"async\" fetchpriority=\"high\" width=\"1200\" height=\"628\" src=\"https:\/\/www.backwinkel.de\/blog\/wp-content\/uploads\/2026\/03\/03_Schule_Churermodell.jpg\" class=\"wp-image-18217 avia-img-lazy-loading-not-18217 attachment-no scaling size-no scaling wp-post-image\" alt=\"\" \/><\/a><div class=\"slide-content\"><header class=\"entry-content-header\" aria-label=\"Slide: Churermodell\"><h3 class='slide-entry-title entry-title ' ><a href='https:\/\/www.backwinkel.de\/blog\/churermodell\/' title='Churermodell'>Churermodell<\/a><\/h3><span class=\"blog-categories minor-meta\"><a href=\"https:\/\/www.backwinkel.de\/blog\/category\/schule-grundschule\/\" rel=\"tag\">Schule<\/a> <\/span><span class=\"av-vertical-delimiter\"><\/span><\/header><div class='slide-entry-excerpt entry-content' >Das Klassenzimmer als Lernlandschaft<\/div><\/div><footer class=\"entry-footer\"><div class=\"slide-meta\"><time class='slide-meta-time updated' >9. M\u00e4rz 2026<\/time><\/div><\/footer><\/article><article class='slide-entry flex_column  post-entry post-entry-18119 slide-entry-overview slide-loop-3 slide-parity-odd  post-entry-last  av_one_third  real-thumbnail posttype-post post-format-standard' ><a href='https:\/\/www.backwinkel.de\/blog\/digitalpakt-2-0\/' data-rel='slide-1' class='slide-image' title='Digitalpakt 2.0'><img decoding=\"async\" fetchpriority=\"high\" width=\"1200\" height=\"628\" src=\"https:\/\/www.backwinkel.de\/blog\/wp-content\/uploads\/2026\/01\/02_Schule_Digitalpakt.jpg\" class=\"wp-image-18138 avia-img-lazy-loading-not-18138 attachment-no scaling size-no scaling wp-post-image\" alt=\"\" \/><\/a><div class=\"slide-content\"><header class=\"entry-content-header\" aria-label=\"Slide: Digitalpakt 2.0\"><h3 class='slide-entry-title entry-title ' ><a href='https:\/\/www.backwinkel.de\/blog\/digitalpakt-2-0\/' title='Digitalpakt 2.0'>Digitalpakt 2.0<\/a><\/h3><span class=\"blog-categories minor-meta\"><a href=\"https:\/\/www.backwinkel.de\/blog\/category\/schule-grundschule\/\" rel=\"tag\">Schule<\/a> <\/span><span class=\"av-vertical-delimiter\"><\/span><\/header><div class='slide-entry-excerpt entry-content' >Geht es jetzt mit der Digitalisierung in Bildungseinrichtungen voran?<\/div><\/div><footer class=\"entry-footer\"><div class=\"slide-meta\"><time class='slide-meta-time updated' >10. Februar 2026<\/time><\/div><\/footer><\/article><\/div><\/div><\/div><\/p><\/div>\n","protected":false},"excerpt":{"rendered":"<p>Von der besonderen Wahrnehmung farbiger Wochentage oder kunterbunter T\u00f6ne<\/p>\n","protected":false},"author":1,"featured_media":13872,"comment_status":"closed","ping_status":"closed","sticky":false,"template":"","format":"standard","meta":{"inline_featured_image":false,"footnotes":""},"categories":[6],"tags":[],"class_list":["post-13743","post","type-post","status-publish","format-standard","has-post-thumbnail","hentry","category-schule-grundschule"],"yoast_head":"<!-- This site is optimized with the Yoast SEO plugin v27.4 - https:\/\/yoast.com\/product\/yoast-seo-wordpress\/ -->\n<title>Syn\u00e4sthesie \u00bb Bedeutung, Formen, Vorteile uvm | BACKWINKEL Blog<\/title>\n<meta name=\"description\" content=\"Was ist Syn\u00e4sthesie, welche 4 Formen gibt es? Was sind die Vor- und Nachteile und wie geht man mit Syn\u00e4stheten richtig um? Jetzt lesen!\" \/>\n<meta name=\"robots\" content=\"index, follow, max-snippet:-1, max-image-preview:large, max-video-preview:-1\" \/>\n<link rel=\"canonical\" href=\"https:\/\/www.backwinkel.de\/blog\/synaesthesie\/\" \/>\n<meta property=\"og:locale\" content=\"de_DE\" \/>\n<meta property=\"og:type\" content=\"article\" \/>\n<meta property=\"og:title\" content=\"Syn\u00e4sthesie \u00bb Bedeutung, Formen, Vorteile uvm | BACKWINKEL Blog\" \/>\n<meta property=\"og:description\" content=\"Was ist Syn\u00e4sthesie, welche 4 Formen gibt es? Was sind die Vor- und Nachteile und wie geht man mit Syn\u00e4stheten richtig um? Jetzt lesen!\" \/>\n<meta property=\"og:url\" content=\"https:\/\/www.backwinkel.de\/blog\/synaesthesie\/\" \/>\n<meta property=\"og:site_name\" content=\"BACKWINKEL Blog\" \/>\n<meta property=\"article:published_time\" content=\"2024-05-13T08:18:42+00:00\" \/>\n<meta property=\"article:modified_time\" content=\"2026-04-27T06:35:15+00:00\" \/>\n<meta property=\"og:image\" content=\"https:\/\/www.backwinkel.de\/blog\/wp-content\/uploads\/2024\/05\/Synaesthesie-heroimage.jpg\" \/>\n\t<meta property=\"og:image:width\" content=\"1200\" \/>\n\t<meta property=\"og:image:height\" content=\"628\" \/>\n\t<meta property=\"og:image:type\" content=\"image\/jpeg\" \/>\n<meta name=\"author\" content=\"admin_backwinkel\" \/>\n<meta name=\"twitter:card\" content=\"summary_large_image\" \/>\n<meta name=\"twitter:label1\" content=\"Verfasst von\" \/>\n\t<meta name=\"twitter:data1\" content=\"admin_backwinkel\" \/>\n\t<meta name=\"twitter:label2\" content=\"Gesch\u00e4tzte Lesezeit\" \/>\n\t<meta name=\"twitter:data2\" content=\"18\u00a0Minuten\" \/>\n<script type=\"application\/ld+json\" class=\"yoast-schema-graph\">{\"@context\":\"https:\\\/\\\/schema.org\",\"@graph\":[{\"@type\":\"Article\",\"@id\":\"https:\\\/\\\/www.backwinkel.de\\\/blog\\\/synaesthesie\\\/#article\",\"isPartOf\":{\"@id\":\"https:\\\/\\\/www.backwinkel.de\\\/blog\\\/synaesthesie\\\/\"},\"author\":{\"name\":\"admin_backwinkel\",\"@id\":\"https:\\\/\\\/www.backwinkel.de\\\/blog\\\/#\\\/schema\\\/person\\\/88b842297c0e471020a66f4476633cf2\"},\"headline\":\"Syn\u00e4sthesie\",\"datePublished\":\"2024-05-13T08:18:42+00:00\",\"dateModified\":\"2026-04-27T06:35:15+00:00\",\"mainEntityOfPage\":{\"@id\":\"https:\\\/\\\/www.backwinkel.de\\\/blog\\\/synaesthesie\\\/\"},\"wordCount\":7331,\"image\":{\"@id\":\"https:\\\/\\\/www.backwinkel.de\\\/blog\\\/synaesthesie\\\/#primaryimage\"},\"thumbnailUrl\":\"https:\\\/\\\/www.backwinkel.de\\\/blog\\\/wp-content\\\/uploads\\\/2024\\\/05\\\/Synaesthesie-heroimage.jpg\",\"articleSection\":[\"Schule\"],\"inLanguage\":\"de\"},{\"@type\":\"WebPage\",\"@id\":\"https:\\\/\\\/www.backwinkel.de\\\/blog\\\/synaesthesie\\\/\",\"url\":\"https:\\\/\\\/www.backwinkel.de\\\/blog\\\/synaesthesie\\\/\",\"name\":\"Syn\u00e4sthesie \u00bb Bedeutung, Formen, Vorteile uvm | BACKWINKEL Blog\",\"isPartOf\":{\"@id\":\"https:\\\/\\\/www.backwinkel.de\\\/blog\\\/#website\"},\"primaryImageOfPage\":{\"@id\":\"https:\\\/\\\/www.backwinkel.de\\\/blog\\\/synaesthesie\\\/#primaryimage\"},\"image\":{\"@id\":\"https:\\\/\\\/www.backwinkel.de\\\/blog\\\/synaesthesie\\\/#primaryimage\"},\"thumbnailUrl\":\"https:\\\/\\\/www.backwinkel.de\\\/blog\\\/wp-content\\\/uploads\\\/2024\\\/05\\\/Synaesthesie-heroimage.jpg\",\"datePublished\":\"2024-05-13T08:18:42+00:00\",\"dateModified\":\"2026-04-27T06:35:15+00:00\",\"author\":{\"@id\":\"https:\\\/\\\/www.backwinkel.de\\\/blog\\\/#\\\/schema\\\/person\\\/88b842297c0e471020a66f4476633cf2\"},\"description\":\"Was ist Syn\u00e4sthesie, welche 4 Formen gibt es? Was sind die Vor- und Nachteile und wie geht man mit Syn\u00e4stheten richtig um? Jetzt lesen!\",\"breadcrumb\":{\"@id\":\"https:\\\/\\\/www.backwinkel.de\\\/blog\\\/synaesthesie\\\/#breadcrumb\"},\"inLanguage\":\"de\",\"potentialAction\":[{\"@type\":\"ReadAction\",\"target\":[\"https:\\\/\\\/www.backwinkel.de\\\/blog\\\/synaesthesie\\\/\"]}]},{\"@type\":\"ImageObject\",\"inLanguage\":\"de\",\"@id\":\"https:\\\/\\\/www.backwinkel.de\\\/blog\\\/synaesthesie\\\/#primaryimage\",\"url\":\"https:\\\/\\\/www.backwinkel.de\\\/blog\\\/wp-content\\\/uploads\\\/2024\\\/05\\\/Synaesthesie-heroimage.jpg\",\"contentUrl\":\"https:\\\/\\\/www.backwinkel.de\\\/blog\\\/wp-content\\\/uploads\\\/2024\\\/05\\\/Synaesthesie-heroimage.jpg\",\"width\":1200,\"height\":628},{\"@type\":\"BreadcrumbList\",\"@id\":\"https:\\\/\\\/www.backwinkel.de\\\/blog\\\/synaesthesie\\\/#breadcrumb\",\"itemListElement\":[{\"@type\":\"ListItem\",\"position\":1,\"name\":\"Startseite\",\"item\":\"https:\\\/\\\/blog.backwinkel.de\\\/aktuelles\\\/\"},{\"@type\":\"ListItem\",\"position\":2,\"name\":\"Syn\u00e4sthesie\"}]},{\"@type\":\"WebSite\",\"@id\":\"https:\\\/\\\/www.backwinkel.de\\\/blog\\\/#website\",\"url\":\"https:\\\/\\\/www.backwinkel.de\\\/blog\\\/\",\"name\":\"BACKWINKEL Blog\",\"description\":\"f\u00fcr Lehrer, Erzieher und Eltern\",\"potentialAction\":[{\"@type\":\"SearchAction\",\"target\":{\"@type\":\"EntryPoint\",\"urlTemplate\":\"https:\\\/\\\/www.backwinkel.de\\\/blog\\\/?s={search_term_string}\"},\"query-input\":{\"@type\":\"PropertyValueSpecification\",\"valueRequired\":true,\"valueName\":\"search_term_string\"}}],\"inLanguage\":\"de\"},{\"@type\":\"Person\",\"@id\":\"https:\\\/\\\/www.backwinkel.de\\\/blog\\\/#\\\/schema\\\/person\\\/88b842297c0e471020a66f4476633cf2\",\"name\":\"admin_backwinkel\",\"url\":\"https:\\\/\\\/www.backwinkel.de\\\/blog\\\/author\\\/admin_backwinkel\\\/\"}]}<\/script>\n<!-- \/ Yoast SEO plugin. -->","yoast_head_json":{"title":"Syn\u00e4sthesie \u00bb Bedeutung, Formen, Vorteile uvm | BACKWINKEL Blog","description":"Was ist Syn\u00e4sthesie, welche 4 Formen gibt es? Was sind die Vor- und Nachteile und wie geht man mit Syn\u00e4stheten richtig um? Jetzt lesen!","robots":{"index":"index","follow":"follow","max-snippet":"max-snippet:-1","max-image-preview":"max-image-preview:large","max-video-preview":"max-video-preview:-1"},"canonical":"https:\/\/www.backwinkel.de\/blog\/synaesthesie\/","og_locale":"de_DE","og_type":"article","og_title":"Syn\u00e4sthesie \u00bb Bedeutung, Formen, Vorteile uvm | BACKWINKEL Blog","og_description":"Was ist Syn\u00e4sthesie, welche 4 Formen gibt es? Was sind die Vor- und Nachteile und wie geht man mit Syn\u00e4stheten richtig um? Jetzt lesen!","og_url":"https:\/\/www.backwinkel.de\/blog\/synaesthesie\/","og_site_name":"BACKWINKEL Blog","article_published_time":"2024-05-13T08:18:42+00:00","article_modified_time":"2026-04-27T06:35:15+00:00","og_image":[{"width":1200,"height":628,"url":"https:\/\/www.backwinkel.de\/blog\/wp-content\/uploads\/2024\/05\/Synaesthesie-heroimage.jpg","type":"image\/jpeg"}],"author":"admin_backwinkel","twitter_card":"summary_large_image","twitter_misc":{"Verfasst von":"admin_backwinkel","Gesch\u00e4tzte Lesezeit":"18\u00a0Minuten"},"schema":{"@context":"https:\/\/schema.org","@graph":[{"@type":"Article","@id":"https:\/\/www.backwinkel.de\/blog\/synaesthesie\/#article","isPartOf":{"@id":"https:\/\/www.backwinkel.de\/blog\/synaesthesie\/"},"author":{"name":"admin_backwinkel","@id":"https:\/\/www.backwinkel.de\/blog\/#\/schema\/person\/88b842297c0e471020a66f4476633cf2"},"headline":"Syn\u00e4sthesie","datePublished":"2024-05-13T08:18:42+00:00","dateModified":"2026-04-27T06:35:15+00:00","mainEntityOfPage":{"@id":"https:\/\/www.backwinkel.de\/blog\/synaesthesie\/"},"wordCount":7331,"image":{"@id":"https:\/\/www.backwinkel.de\/blog\/synaesthesie\/#primaryimage"},"thumbnailUrl":"https:\/\/www.backwinkel.de\/blog\/wp-content\/uploads\/2024\/05\/Synaesthesie-heroimage.jpg","articleSection":["Schule"],"inLanguage":"de"},{"@type":"WebPage","@id":"https:\/\/www.backwinkel.de\/blog\/synaesthesie\/","url":"https:\/\/www.backwinkel.de\/blog\/synaesthesie\/","name":"Syn\u00e4sthesie \u00bb Bedeutung, Formen, Vorteile uvm | BACKWINKEL Blog","isPartOf":{"@id":"https:\/\/www.backwinkel.de\/blog\/#website"},"primaryImageOfPage":{"@id":"https:\/\/www.backwinkel.de\/blog\/synaesthesie\/#primaryimage"},"image":{"@id":"https:\/\/www.backwinkel.de\/blog\/synaesthesie\/#primaryimage"},"thumbnailUrl":"https:\/\/www.backwinkel.de\/blog\/wp-content\/uploads\/2024\/05\/Synaesthesie-heroimage.jpg","datePublished":"2024-05-13T08:18:42+00:00","dateModified":"2026-04-27T06:35:15+00:00","author":{"@id":"https:\/\/www.backwinkel.de\/blog\/#\/schema\/person\/88b842297c0e471020a66f4476633cf2"},"description":"Was ist Syn\u00e4sthesie, welche 4 Formen gibt es? Was sind die Vor- und Nachteile und wie geht man mit Syn\u00e4stheten richtig um? Jetzt lesen!","breadcrumb":{"@id":"https:\/\/www.backwinkel.de\/blog\/synaesthesie\/#breadcrumb"},"inLanguage":"de","potentialAction":[{"@type":"ReadAction","target":["https:\/\/www.backwinkel.de\/blog\/synaesthesie\/"]}]},{"@type":"ImageObject","inLanguage":"de","@id":"https:\/\/www.backwinkel.de\/blog\/synaesthesie\/#primaryimage","url":"https:\/\/www.backwinkel.de\/blog\/wp-content\/uploads\/2024\/05\/Synaesthesie-heroimage.jpg","contentUrl":"https:\/\/www.backwinkel.de\/blog\/wp-content\/uploads\/2024\/05\/Synaesthesie-heroimage.jpg","width":1200,"height":628},{"@type":"BreadcrumbList","@id":"https:\/\/www.backwinkel.de\/blog\/synaesthesie\/#breadcrumb","itemListElement":[{"@type":"ListItem","position":1,"name":"Startseite","item":"https:\/\/blog.backwinkel.de\/aktuelles\/"},{"@type":"ListItem","position":2,"name":"Syn\u00e4sthesie"}]},{"@type":"WebSite","@id":"https:\/\/www.backwinkel.de\/blog\/#website","url":"https:\/\/www.backwinkel.de\/blog\/","name":"BACKWINKEL Blog","description":"f\u00fcr Lehrer, Erzieher und Eltern","potentialAction":[{"@type":"SearchAction","target":{"@type":"EntryPoint","urlTemplate":"https:\/\/www.backwinkel.de\/blog\/?s={search_term_string}"},"query-input":{"@type":"PropertyValueSpecification","valueRequired":true,"valueName":"search_term_string"}}],"inLanguage":"de"},{"@type":"Person","@id":"https:\/\/www.backwinkel.de\/blog\/#\/schema\/person\/88b842297c0e471020a66f4476633cf2","name":"admin_backwinkel","url":"https:\/\/www.backwinkel.de\/blog\/author\/admin_backwinkel\/"}]}},"_links":{"self":[{"href":"https:\/\/www.backwinkel.de\/blog\/wp-json\/wp\/v2\/posts\/13743","targetHints":{"allow":["GET"]}}],"collection":[{"href":"https:\/\/www.backwinkel.de\/blog\/wp-json\/wp\/v2\/posts"}],"about":[{"href":"https:\/\/www.backwinkel.de\/blog\/wp-json\/wp\/v2\/types\/post"}],"author":[{"embeddable":true,"href":"https:\/\/www.backwinkel.de\/blog\/wp-json\/wp\/v2\/users\/1"}],"replies":[{"embeddable":true,"href":"https:\/\/www.backwinkel.de\/blog\/wp-json\/wp\/v2\/comments?post=13743"}],"version-history":[{"count":2,"href":"https:\/\/www.backwinkel.de\/blog\/wp-json\/wp\/v2\/posts\/13743\/revisions"}],"predecessor-version":[{"id":19018,"href":"https:\/\/www.backwinkel.de\/blog\/wp-json\/wp\/v2\/posts\/13743\/revisions\/19018"}],"wp:featuredmedia":[{"embeddable":true,"href":"https:\/\/www.backwinkel.de\/blog\/wp-json\/wp\/v2\/media\/13872"}],"wp:attachment":[{"href":"https:\/\/www.backwinkel.de\/blog\/wp-json\/wp\/v2\/media?parent=13743"}],"wp:term":[{"taxonomy":"category","embeddable":true,"href":"https:\/\/www.backwinkel.de\/blog\/wp-json\/wp\/v2\/categories?post=13743"},{"taxonomy":"post_tag","embeddable":true,"href":"https:\/\/www.backwinkel.de\/blog\/wp-json\/wp\/v2\/tags?post=13743"}],"curies":[{"name":"wp","href":"https:\/\/api.w.org\/{rel}","templated":true}]}}