{"id":13705,"date":"2024-05-13T10:15:42","date_gmt":"2024-05-13T08:15:42","guid":{"rendered":"https:\/\/www.backwinkel.de\/blog\/?p=13705"},"modified":"2026-04-27T08:35:50","modified_gmt":"2026-04-27T06:35:50","slug":"kindeswohlgefaehrdung","status":"publish","type":"post","link":"https:\/\/www.backwinkel.de\/blog\/kindeswohlgefaehrdung\/","title":{"rendered":"Kindeswohlgef\u00e4hrdung"},"content":{"rendered":"\n<style type=\"text\/css\" data-created_by=\"avia_inline_auto\" id=\"style-css-av-8vdv8-f7e0dae999cc49bc529a70f67b346526\">\n.flex_column.av-8vdv8-f7e0dae999cc49bc529a70f67b346526{\nborder-radius:0px 0px 0px 0px;\npadding:0px 0px 0px 0px;\n}\n<\/style>\n<div  class='flex_column av-8vdv8-f7e0dae999cc49bc529a70f67b346526 av_one_full  avia-builder-el-0  el_before_av_three_fifth  avia-builder-el-first  first flex_column_div av-zero-column-padding  '     ><p>\n<style type=\"text\/css\" data-created_by=\"avia_inline_auto\" id=\"style-css-av-jl6mo8rj-605eccf9df0dce9c3ffb6a57636da99d\">\n#top .hr.hr-invisible.av-jl6mo8rj-605eccf9df0dce9c3ffb6a57636da99d{\nmargin-top:0px;\nheight:1px;\n}\n<\/style>\n<div  class='hr av-jl6mo8rj-605eccf9df0dce9c3ffb6a57636da99d hr-invisible  avia-builder-el-1  el_before_av_heading  avia-builder-el-first '><span class='hr-inner '><span class=\"hr-inner-style\"><\/span><\/span><\/div><br \/>\n\n<style type=\"text\/css\" data-created_by=\"avia_inline_auto\" id=\"style-css-av-27gdg7-90ad3f9c60ee333a649d6c58c5a71925\">\n#top .av-special-heading.av-27gdg7-90ad3f9c60ee333a649d6c58c5a71925{\npadding-bottom:10px;\n}\nbody .av-special-heading.av-27gdg7-90ad3f9c60ee333a649d6c58c5a71925 .av-special-heading-tag .heading-char{\nfont-size:25px;\n}\n.av-special-heading.av-27gdg7-90ad3f9c60ee333a649d6c58c5a71925 .av-subheading{\nfont-size:15px;\n}\n<\/style>\n<div  class='av-special-heading av-27gdg7-90ad3f9c60ee333a649d6c58c5a71925 av-special-heading-h1 blockquote modern-quote  avia-builder-el-2  el_after_av_hr  el_before_av_post_metadata  av-linked-heading'><h1 class='av-special-heading-tag '  >Kindeswohlgef\u00e4hrdung erkennen und richtig handeln <\/h1><div class='av-subheading av-subheading_below'><p class=\"autorenname\">Elisa Morel<\/p>\n<\/div><div class=\"special-heading-border\"><div class=\"special-heading-inner-border\"><\/div><\/div><\/div><br \/>\n\n<style type=\"text\/css\" data-created_by=\"avia_inline_auto\" id=\"style-css-av-1ojyy21-5b5ad6dce57f936c2200effd7d7b7c12\">\n#top .av-post-metadata-container.av-1ojyy21-5b5ad6dce57f936c2200effd7d7b7c12{\nfont-size:12px;\n}\n#top .av-post-metadata-container.av-1ojyy21-5b5ad6dce57f936c2200effd7d7b7c12 .av-post-metadata-container-inner{\nfont-size:12px;\n}\n<\/style>\n<div  class='av-post-metadata-container av-1ojyy21-5b5ad6dce57f936c2200effd7d7b7c12 av-metadata-container-align-left  avia-builder-el-3  el_after_av_heading  el_before_av_textblock  av-metadata-container-1'><div class='av-post-metadata-container-inner'><span class=\"av-post-metadata-content av-post-metadata-meta-content\"><span class=\"av-post-metadata-content av-post-metadata-modified\"><span class=\"av-metadata-before av-metadata-before-modified\">Aktualisiert:<\/span><span class=\"av-post-metadata-modified-date\" >27. April 2026<\/span><\/span><span class=\"av-post-metadata-content av-post-metadata-separator\">\/<\/span><span class=\"av-post-metadata-content av-post-metadata-modified\"><span class=\"av-metadata-before av-metadata-before-modified\">Zuletzt aktualisiert:<\/span><span class=\"av-post-metadata-modified-date\" >27. April 2026<\/span><\/span><\/span><\/div><\/div><br \/>\n\n<style type=\"text\/css\" data-created_by=\"avia_inline_auto\" id=\"style-css-av-jkuubohz-bbd292769511b836e32d8da8e9450d9c\">\n#top .av_textblock_section.av-jkuubohz-bbd292769511b836e32d8da8e9450d9c .avia_textblock{\nfont-size:20px;\n}\n<\/style>\n<section  class='av_textblock_section av-jkuubohz-bbd292769511b836e32d8da8e9450d9c '  ><div class='avia_textblock' ><p>Kindeswohlgef\u00e4hrdung ist ein rechtsverbindlich nicht definierter Begriff, doch selbstverst\u00e4ndlich muss die Sicherung des Kindeswohls immer gew\u00e4hrleistet sein. Sie als Profis sind nah dran an Ihren Kindern, verbringen viel Zeit mit ihnen und nehmen so auch fr\u00fch Anzeichen f\u00fcr eine m\u00f6gliche Kindeswohlgef\u00e4hrdung wahr.<\/p>\n<\/div><\/section><br \/>\n\n<style type=\"text\/css\" data-created_by=\"avia_inline_auto\" id=\"style-css-av-jkuuo5h6-f27a36f68ee7e65dc9b89b519179e61a\">\n.avia-image-container.av-jkuuo5h6-f27a36f68ee7e65dc9b89b519179e61a img.avia_image{\nbox-shadow:none;\n}\n.avia-image-container.av-jkuuo5h6-f27a36f68ee7e65dc9b89b519179e61a .av-image-caption-overlay-center{\ncolor:#ffffff;\n}\n<\/style>\n<div  class='avia-image-container av-jkuuo5h6-f27a36f68ee7e65dc9b89b519179e61a av-styling- avia-align-center  avia-builder-el-5  el_after_av_textblock  el_before_av_hr '  ><div class=\"avia-image-container-inner\"><div class=\"avia-image-overlay-wrap\"><img decoding=\"async\" fetchpriority=\"high\" class='wp-image-13876 avia-img-lazy-loading-not-13876 avia_image ' src=\"https:\/\/www.backwinkel.de\/blog\/wp-content\/uploads\/2024\/05\/Kindeswohlgefaehrdung-heroimage.jpg\" alt='' title='Kindeswohlgefaehrdung-heroimage'  height=\"628\" width=\"1200\"  \/><\/div><\/div><\/div><br \/>\n\n<style type=\"text\/css\" data-created_by=\"avia_inline_auto\" id=\"style-css-av-jl6mo8rj-22-7487f0754a981739ab003e89aabaa170\">\n#top .hr.hr-invisible.av-jl6mo8rj-22-7487f0754a981739ab003e89aabaa170{\nheight:5px;\n}\n<\/style>\n<div  class='hr av-jl6mo8rj-22-7487f0754a981739ab003e89aabaa170 hr-invisible  avia-builder-el-6  el_after_av_image  el_before_av_textblock '><span class='hr-inner '><span class=\"hr-inner-style\"><\/span><\/span><\/div><br \/>\n\n<style type=\"text\/css\" data-created_by=\"avia_inline_auto\" id=\"style-css-av-jl7ql86y-0004168ca5c1e8188cabe38926610bb2\">\n#top .av_textblock_section.av-jl7ql86y-0004168ca5c1e8188cabe38926610bb2 .avia_textblock{\nfont-size:10px;\n}\n<\/style>\n<section  class='av_textblock_section av-jl7ql86y-0004168ca5c1e8188cabe38926610bb2 '  ><div class='avia_textblock' ><p class=\"bildnennung-beitrag\" style=\"text-align: left;\">\u00a9 ADOBE Stock<\/p>\n<\/div><\/section><br \/>\n\n<style type=\"text\/css\" data-created_by=\"avia_inline_auto\" id=\"style-css-av-jl6mo8rj-20-0a5ac640218ac986cc09276001136948\">\n#top .hr.hr-invisible.av-jl6mo8rj-20-0a5ac640218ac986cc09276001136948{\nheight:20px;\n}\n<\/style>\n<div  class='hr av-jl6mo8rj-20-0a5ac640218ac986cc09276001136948 hr-invisible  avia-builder-el-8  el_after_av_textblock  el_before_av_textblock '><span class='hr-inner '><span class=\"hr-inner-style\"><\/span><\/span><\/div><br \/>\n<section  class='av_textblock_section av-jkuubohz-21-75c91343a207bf8690976a030a515e24 '  ><div class='avia_textblock' ><p>In diesem Beitrag erfahren Sie, welche Formen von Kindeswohlgef\u00e4hrdung es gibt, anhand welcher Anzeichen sie zu erkennen sind und wie Sie sich bei Verdacht auf Kindeswohlgef\u00e4hrdung richtig verhalten.<\/p>\n<\/div><\/section><\/p><\/div>\n<style type=\"text\/css\" data-created_by=\"avia_inline_auto\" id=\"style-css-av-swqf9-6bb490ea0cbb171c9d159bb967226129\">\n.flex_column.av-swqf9-6bb490ea0cbb171c9d159bb967226129{\nborder-radius:0px 0px 0px 0px;\npadding:20px 20px 20px 20px;\nbackground-color:#f2f2f2;\n}\n<\/style>\n<div  class='flex_column av-swqf9-6bb490ea0cbb171c9d159bb967226129 av_three_fifth  avia-builder-el-10  el_after_av_one_full  el_before_av_two_fifth  first flex_column_div  column-top-margin'     ><style type=\"text\/css\" data-created_by=\"avia_inline_auto\" id=\"style-css-av-jkuua5r2-f1beb4b164a3aefc9a751750d41d5b8e\">\n#top .av_textblock_section.av-jkuua5r2-f1beb4b164a3aefc9a751750d41d5b8e .avia_textblock{\nfont-size:14px;\n}\n<\/style>\n<section  class='av_textblock_section av-jkuua5r2-f1beb4b164a3aefc9a751750d41d5b8e '  ><div class='avia_textblock' ><p><strong>Inhalt<\/strong><\/p>\n<p><strong><a href=\"#1\">1. Was ist Kindeswohlgef\u00e4hrdung?<\/a><br \/>\n<\/strong>1.1 H\u00e4ufigkeit von Kindeswohlgef\u00e4hrdung<br \/>\n1.2 Gr\u00fcnde f\u00fcr Kindeswohlgef\u00e4hrdung<\/p>\n<p><strong><a href=\"#2\">2. Verschiedene Arten von Kindeswohlgef\u00e4hrdung <\/a><\/strong><\/p>\n<p><strong><a href=\"#3\">3. Woran erkennt man Kindeswohlgef\u00e4hrdung?<\/a><\/strong><\/p>\n<p><strong><a href=\"#4\">4. Wie Sie bei Verdacht auf Kindeswohlgef\u00e4hrdung richtig reagieren<\/a><br \/>\n<\/strong>4.1 Verdacht auf Kindeswohlgef\u00e4hrdung in der Kita<br \/>\n4.2 Verdacht auf Kindeswohlgef\u00e4hrdung in der Grundschule<\/p>\n<\/div><\/section><\/div><\/p>\n\n<style type=\"text\/css\" data-created_by=\"avia_inline_auto\" id=\"style-css-av-2532d-6e1ea05e25305745634c0a02c87dc827\">\n.flex_column.av-2532d-6e1ea05e25305745634c0a02c87dc827{\nborder-radius:0px 0px 0px 0px;\npadding:0 0 0 0;\n}\n<\/style>\n<div  class='flex_column av-2532d-6e1ea05e25305745634c0a02c87dc827 av_two_fifth  avia-builder-el-12  el_after_av_three_fifth  el_before_av_sidebar  flex_column_div av-zero-column-padding  column-top-margin'     ><\/div>\n<div  class='avia-builder-widget-area clearfix  avia-builder-el-13  el_after_av_two_fifth  el_before_av_hr '><div id=\"text-33\" class=\"widget clearfix widget_text\">\t\t\t<div class=\"textwidget\"><p><a href=\"https:\/\/www.backwinkel.de\/nachhaltig-denken\/\" target=\"\\_blank\" rel=\"noopener\"><br \/>\n<img decoding=\"async\" class=\"werbung-desktop alignnone wp-image-4186 size-full\" src=\"https:\/\/www.backwinkel.de\/blog\/wp-content\/uploads\/2026\/04\/Backwinkel-blog-werbebanner-shop-kita-schule_desktop.jpg\" alt=\"\" width=\"1251\" height=\"201\" \/><br \/>\n<\/a><br \/>\n<a href=\"https:\/\/www.backwinkel.de\/nachhaltig-denken\/\" target=\"\\_blank\" rel=\"noopener\"><br \/>\n<img decoding=\"async\" class=\"werbung-mobile alignnone wp-image-4187 size-full\" src=\"https:\/\/www.backwinkel.de\/blog\/wp-content\/uploads\/2026\/04\/Backwinkel-blog-werbebanner-shop-kiga-schule_mobile.jpg\" alt=\"\" width=\"550\" height=\"500\" \/><br \/>\n<\/a><\/p>\n<\/div>\n\t\t<\/div><\/div>\n\n<style type=\"text\/css\" data-created_by=\"avia_inline_auto\" id=\"style-css-av-jl6mo8rj-19-c6b99c38e88c4356afd3dd2078e94308\">\n#top .hr.hr-invisible.av-jl6mo8rj-19-c6b99c38e88c4356afd3dd2078e94308{\nheight:60px;\n}\n<\/style>\n<div  class='hr av-jl6mo8rj-19-c6b99c38e88c4356afd3dd2078e94308 hr-invisible  avia-builder-el-14  el_after_av_sidebar  el_before_av_one_full '><span class='hr-inner '><span class=\"hr-inner-style\"><\/span><\/span><\/div>\n\n<style type=\"text\/css\" data-created_by=\"avia_inline_auto\" id=\"style-css-av-hh5al-14-9ab62d48bef4dad42629995e86fc9a6b\">\n.flex_column.av-hh5al-14-9ab62d48bef4dad42629995e86fc9a6b{\nborder-radius:0px 0px 0px 0px;\npadding:0px 0px 0px 0px;\n}\n<\/style>\n<div  class='flex_column av-hh5al-14-9ab62d48bef4dad42629995e86fc9a6b av_one_full  avia-builder-el-15  el_after_av_hr  el_before_av_one_full  first flex_column_div av-zero-column-padding  '     ><section  class='av_textblock_section av-jkuul0eg-16-0f4eb731ff2c8658d8eacfe30b563c9e '  ><div class='avia_textblock' ><h2 id=\"1\" class=\"position\"><strong>Was ist Kindeswohlgef\u00e4hrdung? <\/strong><\/h2>\n<p>Zuerst einmal: Kinder haben das <strong>Recht auf gewaltfreie Erziehung <\/strong>und<strong> das Recht auf Ber\u00fccksichtigung ihrer Meinung<\/strong>. Kindeswohlgef\u00e4hrdung verletzt bereits diese Rechte in den meisten F\u00e4llen. Nicht jede Art der Kindeswohlgef\u00e4hrdung ist gleich schwerwiegend, doch es gibt eben Verhaltensweisen, die auch in leichter Erscheinungsform zu verurteilen und zu unterbinden sind \u2013 Rassismus zum Beispiel. Genauso verh\u00e4lt es sich mit Kindeswohlgef\u00e4hrdung.<\/p>\n<p><strong>Kinderrechtskonvention der Vereinten Nationen und EU-Grundrechtecharta <\/strong><\/p>\n<p>Laut einem Dokument des Deutschen Bundestages sind Kindeswohl und Kindeswohlgef\u00e4hrdung \u201esogenannte unbestimmte Rechtsbegriffe, f\u00fcr die es in Gesetzestexten keine rechtsverbindliche Definition gibt\u201c. Kinderrechte sind hingegen in der <strong>Kinderrechtskonvention der Vereinten Nationen<\/strong> sowie in der <strong>EU-Grundrechtecharta<\/strong> definiert. Artikel 24 der Charta besagt u. a.:<\/p>\n<p>\u201eKinder haben Anspruch auf den Schutz und die F\u00fcrsorge, die f\u00fcr ihr Wohlergehen notwendig sind. Sie k\u00f6nnen ihre Meinung frei \u00e4u\u00dfern. Ihre Meinung wird in den Angelegenheiten, die sie betreffen, in einer ihrem Alter und ihrem Reifegrad entsprechenden Weise ber\u00fccksichtigt.\u201c<\/p>\n<p>Laut <strong>Kinderschutzbund NRW<\/strong> liegt eine Kindeswohlgef\u00e4hrdung vor, wenn:<\/p>\n<ul>\n<li>die Gef\u00e4hrdung aktuell vorhanden ist UND<\/li>\n<li>sie oder zuk\u00fcnftige Sch\u00e4digungen erheblich sind UND<\/li>\n<li>die Sch\u00e4digung als wahrscheinlich gilt, auch wenn sie noch nicht vorliegt.<\/li>\n<\/ul>\n<p>Folglich geh\u00f6rt nicht nur eine gewaltfreie Erziehung zur Sicherung des Kindeswohl, sondern auch die <strong>Befriedigung der kindlichen Grundbed\u00fcrfnisse<\/strong> wie Nahrung, Anregung, Liebe etc.<\/p>\n<p>Eine umfangreiche und empfehlenswerte Quelle zum Thema ist das <strong>Handbuch Kindeswohlgef\u00e4hrdung nach \u00a7 1666 BGB und Allgemeiner Sozialer Dienst (ASD)<\/strong> des Bundesministeriums f\u00fcr Familie, Senioren, Frauen und Jugend. Links zum Inhaltsverzeichnis sowie einzelnen Kapiteln finden Sie am Ende des Beitrags; lesens- und wissenswert sind die Inhalte des gesamten Handbuchs.<\/p>\n<p><strong>H\u00e4ufigkeit von Kindeswohlgef\u00e4hrdung <\/strong><\/p>\n<p>Laut Statistischem Bundesamt haben die F\u00e4lle von durch das Jugendamt festgestellter akuter und latenter Kindeswohlgef\u00e4hrdung in Deutschland zwischen 2013 und 2022 <strong>um gut 60 % zugenommen<\/strong>.<\/p>\n<\/div><\/section><\/div>\n\n<style type=\"text\/css\" data-created_by=\"avia_inline_auto\" id=\"style-css-av-akt53d-3e7f1f7fd287192417b0f3e666cd10db\">\n.flex_column.av-akt53d-3e7f1f7fd287192417b0f3e666cd10db{\nborder-radius:0px 0px 0px 0px;\npadding:0px 0px 0px 0px;\n}\n<\/style>\n<div  class='flex_column av-akt53d-3e7f1f7fd287192417b0f3e666cd10db av_one_full  avia-builder-el-17  el_after_av_one_full  el_before_av_one_full  first flex_column_div av-zero-column-padding  column-top-margin'     ><section  class='av_textblock_section av-lvxmyii0-125fa06b77b80da8aafff89d709b9ca9 '  ><div class='avia_textblock' ><p><img decoding=\"async\" class=\"alignnone wp-image-13912 \" src=\"https:\/\/blog.backwinkel.de\/wp-content\/uploads\/2024\/05\/Statistik_kindeswohlgefaehrdung1-scaled.jpg\" alt=\"\" width=\"771\" height=\"545\" srcset=\"https:\/\/www.backwinkel.de\/blog\/wp-content\/uploads\/2024\/05\/Statistik_kindeswohlgefaehrdung1-scaled.jpg 2560w, https:\/\/www.backwinkel.de\/blog\/wp-content\/uploads\/2024\/05\/Statistik_kindeswohlgefaehrdung1-1536x1086.jpg 1536w\" sizes=\"(max-width: 771px) 100vw, 771px\" \/><\/p>\n<p><span style=\"font-size: 12pt;\"><strong>Quelle:<\/strong> <a href=\"https:\/\/www.kinderschutz-in-nrw.de\/fachinformationen\/kindeswohl-und-kindeswohlgefaehrdung\/risikofaktoren-in-der-kindlichen-entwicklung\/\" target=\"_blank\" rel=\"noopener\">https:\/\/www.kinderschutz-in-nrw.de\/fachinformationen\/kindeswohl-und-kindeswohlgefaehrdung\/risikofaktoren-in-der-kindlichen-entwicklung\/<\/a><\/span><\/p>\n<p>Es f\u00e4llt auf, dass auch die Zahl der akuten F\u00e4lle gestiegen ist. W\u00e4hrend akute F\u00e4lle im Jahr 2013 ca. 45 % ausmachten, lag der Wert 2022 bei knapp 54 %.<\/p>\n<p>Nat\u00fcrlich gibt es dar\u00fcber hinaus viele F\u00e4lle von Kindeswohlgef\u00e4hrdung, die nicht vom Jugendamt erfasst werden, wenn z. B. keine Meldung an die Beh\u00f6rden erfolgt. Und wie immer gibt es eine nicht zu untersch\u00e4tzende <strong>Dunkelziffer<\/strong>.<\/p>\n<p>In jedem Fall zeigen die Zahlen, dass Kindeswohlgef\u00e4hrdung in Deutschland ein verbreiteter Missstand ist, den man bek\u00e4mpfen muss.<\/p>\n<p><strong>Gr\u00fcnde f\u00fcr Kindeswohlgef\u00e4hrdung <\/strong><\/p>\n<p>Die Gr\u00fcnde f\u00fcr Kindeswohlgef\u00e4hrdung sind zahlreich; oft kommen mehrere Faktoren zusammen. Auch deswegen ist es nicht immer einfach, Kindeswohlgef\u00e4hrdung zu beheben. Die folgende Grafik gibt Ihnen einen groben \u00dcberblick \u00fcber <strong>Risikofaktoren f\u00fcr Kindeswohlgef\u00e4hrdung<\/strong>.<\/p>\n<\/div><\/section><\/div>\n\n<style type=\"text\/css\" data-created_by=\"avia_inline_auto\" id=\"style-css-av-1qu0h7t-3380eec39c95ea10ddffebe9a76991f4\">\n.flex_column.av-1qu0h7t-3380eec39c95ea10ddffebe9a76991f4{\nborder-radius:0px 0px 0px 0px;\npadding:0px 0px 0px 0px;\n}\n<\/style>\n<div  class='flex_column av-1qu0h7t-3380eec39c95ea10ddffebe9a76991f4 av_one_full  avia-builder-el-19  el_after_av_one_full  el_before_av_one_full  first flex_column_div av-zero-column-padding  column-top-margin'     ><section  class='av_textblock_section av-lvxmz8t0-8ec672f2785622d3447461c9da66ff29 '  ><div class='avia_textblock' ><p><span style=\"font-size: 12pt;\"><strong><img decoding=\"async\" class=\"alignnone wp-image-13916 \" src=\"https:\/\/blog.backwinkel.de\/wp-content\/uploads\/2024\/05\/Risikofaktoren_kindeswohlgefaehrdung1-scaled.jpg\" alt=\"\" width=\"758\" height=\"536\" srcset=\"https:\/\/www.backwinkel.de\/blog\/wp-content\/uploads\/2024\/05\/Risikofaktoren_kindeswohlgefaehrdung1-scaled.jpg 2560w, https:\/\/www.backwinkel.de\/blog\/wp-content\/uploads\/2024\/05\/Risikofaktoren_kindeswohlgefaehrdung1-1536x1086.jpg 1536w\" sizes=\"(max-width: 758px) 100vw, 758px\" \/><br \/>\n<\/strong><\/span><\/p>\n<p><span style=\"font-size: 12pt;\"><strong>Quelle:<\/strong> <a href=\"https:\/\/de.statista.com\/statistik\/daten\/studie\/1175170\/umfrage\/festgestellte-kindeswohlgefaehrdung-in-deutschland\/\" target=\"_blank\" rel=\"noopener\">https:\/\/de.statista.com\/statistik\/daten\/studie\/1175170\/umfrage\/festgestellte-kindeswohlgefaehrdung-in-deutschland\/<\/a><\/span><\/p>\n<p>Die Risikofaktoren sind lediglich <strong>Anhaltspunkte<\/strong>. Wer alleinerziehend und finanziell eingeschr\u00e4nkt ist, gef\u00e4hrdet nicht automatisch sein Kind. Umgekehrt sind Reichtum und Bildung keine Garanten daf\u00fcr, sein Kind optimal und liebevoll zu betreuen und versorgen. Nicht jeder traumatisierte Mensch mit eigenen Gewalterfahrungen wird zum T\u00e4ter, eine Scheidung kann auch das Bestm\u00f6gliche f\u00fcr die gemeinsamen Kinder sein usw.<\/p>\n<p>Es gibt dar\u00fcber hinaus unabh\u00e4ngig von g\u00e4ngigen Risikofaktoren kulturelle, religi\u00f6se oder famili\u00e4re Kreise, die an K\u00f6rperstrafen nichts Schlimmes finden oder die Schulmedizin ablehnen. Dass Kinderrechte nicht in allen L\u00e4ndern der Welt gesch\u00e4tzt und geachtet werden, sieht man allein an den Zahlen von Kinderarbeitern.<\/p>\n<\/div><\/section><\/div>\n\n<style type=\"text\/css\" data-created_by=\"avia_inline_auto\" id=\"style-css-av-hh5al-13-e21e960e9e28fb772abd7b1cb346790c\">\n.flex_column.av-hh5al-13-e21e960e9e28fb772abd7b1cb346790c{\nborder-radius:0px 0px 0px 0px;\npadding:0px 0px 0px 0px;\n}\n<\/style>\n<div  class='flex_column av-hh5al-13-e21e960e9e28fb772abd7b1cb346790c av_one_full  avia-builder-el-21  el_after_av_one_full  el_before_av_one_full  first flex_column_div av-zero-column-padding  column-top-margin'     ><section  class='av_textblock_section av-jkuul0eg-12-ca8c89c6efcc38b185c08582028f650f '  ><div class='avia_textblock' >\n<style type=\"text\/css\" data-created_by=\"avia_inline_auto\" id=\"style-css-av-7c7r8-15-7db28fb72cbc5e3c2026b370be3ebfba\">\n#top .hr.hr-invisible.av-7c7r8-15-7db28fb72cbc5e3c2026b370be3ebfba{\nheight:20px;\n}\n<\/style>\n<div  class='hr av-7c7r8-15-7db28fb72cbc5e3c2026b370be3ebfba hr-invisible  avia-builder-el-23  avia-builder-el-no-sibling '><span class='hr-inner '><span class=\"hr-inner-style\"><\/span><\/span><\/div>\n<h2 id=\"2\" class=\"position\"><strong>Verschiedene Arten von Kindeswohlgef\u00e4hrdung <\/strong><\/h2>\n<p>Der <strong>Kinderschutzbund Landesverband NRW e. V.<\/strong> gibt auf seiner Internetseite einen guten \u00dcberblick \u00fcber die unterschiedlichen Arten von Kindeswohlgef\u00e4hrdung, innerhalb derer noch weitere Differenzierungen stattfinden. Einige Formen entstehen durch <strong>Unterlassung<\/strong>, andere durch <strong>Handeln<\/strong>.<\/p>\n<p><strong>Vernachl\u00e4ssigung<\/strong><\/p>\n<ul>\n<li>k\u00f6rperlich, z. B. durch mangelnde Nahrungsversorgung oder Hygiene<\/li>\n<li>erzieherisch und kognitiv, z. B. durch fehlende Kommunikation oder mangelnde Anregung<\/li>\n<li>emotional, z. B. durch abwertendes Verhalten oder Mangel an Geborgenheit<\/li>\n<li>unzureichende Aufsicht, z. B. durch Alleinlassen des Kindes oder Tatenlosigkeit bei seiner unerwarteten Abwesenheit<\/li>\n<\/ul>\n<p><strong>Erziehungsgewalt und Misshandlung <\/strong><\/p>\n<ul>\n<li>K\u00f6rperstrafen bis hin zu Misshandlung, also z. B. ein \u201eKlaps\u201c in Relation zu einem Tritt<\/li>\n<li>psychische Gewalt, z. B. durch Liebesentzug oder Isolation<\/li>\n<\/ul>\n<p><strong>Sexualisierte Gewalt <\/strong><\/p>\n<ul>\n<li>physisch, z. B. durch Penetration oder die Aufforderung, zu masturbieren<\/li>\n<li>psychisch, z. B. Anz\u00fcglichkeiten oder die Konfrontation mit Pornografie<\/li>\n<li>Missbrauchsdarstellungen, z. B. durch Fotos oder Videos vom Missbrauch<\/li>\n<li>Kinderprostitution<\/li>\n<li>sexualisierte Gewalt im Internet<\/li>\n<li>Cybergrooming, also die Anbahnung sexueller Kontakte von Erwachsenen mit Kindern, die sich auch als solche ausgeben<\/li>\n<li>Sexting, z. B. das Versenden von Nacktfotos und Erpressen derselben von den Kindern sowie Nachrichten mit sexuellen Inhalt<\/li>\n<\/ul>\n<p><strong>H\u00e4usliche Gewalt <\/strong><\/p>\n<ul>\n<li>als Atmosph\u00e4re der Angst und Gewalt<\/li>\n<li>als Gewalterfahrung am eigenen K\u00f6rper<\/li>\n<\/ul>\n<p><strong>Weibliche Genitalbeschneidung <\/strong><\/p>\n<ul>\n<li>Entfernung der Klitoris (Clitoridektomie)<\/li>\n<li>Entfernung der Klitoris und der Schamlippen (Exzision)<\/li>\n<li>Entfernung der Schamlippen (und der Klitoris) mit anschlie\u00dfendem Vern\u00e4hen der Wundr\u00e4nder, sodass nur eine winzige \u00d6ffnung bleibt (Infibulation)<\/li>\n<li>andere Genitalverletzungen durch Hitze, S\u00e4ure etc.<\/li>\n<\/ul>\n<p>Bei dieser Auflistung f\u00e4llt auf, dass manche Formen der Kindeswohlgef\u00e4hrdung auf <strong>\u00dcberforderung<\/strong> oder <strong>Inkompetenz<\/strong> zur\u00fcckzuf\u00fchren sein k\u00f6nnen und somit vielleicht nicht beabsichtigt sind, sondern \u201eeinfach passieren\u201c (unzureichende Aufsicht, Mangel an Geborgenheit). Andere wie sexualisierte Gewalt oder Genitalverst\u00fcmmlung sind jedoch immer <strong>bewusst, beabsichtigt und geplant<\/strong>.<\/p>\n<p>W\u00e4hrend mangelnde Hygiene oder Dehydrierung schnell auffallen und oftmals die aus \u00dcberforderung resultierende Kindeswohlgef\u00e4hrdung nicht von den Erziehenden verschleiert oder geleugnet wird\/werden kann, ist beispielsweise <strong>sexuell \u00fcbergriffigen T\u00e4terinnen<\/strong> und <strong>T\u00e4tern<\/strong> sehr daran gelegen, ihr Tun und dessen Auswirkungen <strong>geheim<\/strong> zu halten.<\/p>\n<\/div><\/section><\/div>\n\n<style type=\"text\/css\" data-created_by=\"avia_inline_auto\" id=\"style-css-av-2hfwsa6-45c392801c07c3435d84cc9838d3793f\">\n.flex_column.av-2hfwsa6-45c392801c07c3435d84cc9838d3793f{\nborder-radius:0px 0px 0px 0px;\npadding:0px 0px 0px 0px;\n}\n<\/style>\n<div  class='flex_column av-2hfwsa6-45c392801c07c3435d84cc9838d3793f av_one_full  avia-builder-el-24  el_after_av_one_full  el_before_av_one_full  first flex_column_div av-zero-column-padding  column-top-margin'     ><section  class='av_textblock_section av-1x2vwa6-05124e352e3d7b2dd08d54c550f39362 '  ><div class='avia_textblock infoboxGreen' ><h2>M\u00dcNCHHAUSEN-BY-PROXY-SYNDROM<\/h2>\n<p>Das <strong>M\u00fcnchhausen-Stellvertreter-Syndrom<\/strong> beschreibt eine Form von Kindesmisshandlung, bei der eine nahe Bezugsperson Krankheiten und\/oder Verletzungen des Kindes vorgibt oder mutwillig herbeif\u00fchrt oder auch die richtige Diagnose durch Fachpersonal sabotiert, z. B. durch das Verschweigen von Informationen oder bewusstem L\u00fcgen.<\/p>\n<p>Betroffene Kinder sind oft noch im Kindergartenalter und weisen i. d. R. immer wieder <strong>verschiedene Krankheitsbilder und Beschwerden <\/strong>auf, deren Ursachen sich scheinbar nicht ergr\u00fcnden lassen. Zu den h\u00e4ufigsten Beschwerden z\u00e4hlen:<\/p>\n<ul>\n<li>Atemschwierigkeiten<\/li>\n<li>Essst\u00f6rungen<\/li>\n<li>Durchf\u00e4lle<\/li>\n<li>unklare Blutungen<\/li>\n<li>Kr\u00e4mpfe<\/li>\n<li>Allergien<\/li>\n<li>Fieber<\/li>\n<\/ul>\n<p>Die qu\u00e4lenden Bezugspersonen sind meistens <strong>erfinderisch im Herbeif\u00fchren von Beschwerden<\/strong>, z. B. durch die Gabe von Medikamenten oder Lebensmitteln, die das Kind nicht vertr\u00e4gt, Essensentzug, das Verbot bestimmter Lebensmittel oder auch das Verabreichen von Dingen, die keine Lebensmittel sind.<\/p>\n<p>Man nimmt an, dass die T\u00e4terinnen und T\u00e4ter die <strong>Aufmerksamkeit<\/strong> und das <strong>Mitleid<\/strong> genie\u00dfen, da sie sich um ihr immer kr\u00e4nkelndes Kind so aufopfernd k\u00fcmmern. Die Kinder werden weitestgehend isoliert, um die L\u00fcgengeschichten aufrechterhalten zu k\u00f6nnen. Deswegen wechseln die T\u00e4ter oft die Haus\u00e4rzte oder stellen das Kind immer wieder neuen Spezialisten vor. Diese Form des Missbrauchs geht oft mit k\u00f6rperlicher, psychischer und emotionaler Gewalt einher.<\/p>\n<p>Die einzige M\u00f6glichkeit, die Misshandlung zu beenden, ist die <strong>Trennung des Kindes vom Verursacher<\/strong> seiner Qualen. Studien kommen zu dem Schluss, dass das M\u00fcnchhausen-by-proxy-Syndrom bei 6 \u2013 9 % zum Tod des Kindes f\u00fchrt. Von langfristigen gesundheitlichen Beeintr\u00e4chtigungen sind 7 \u2013 8 % betroffen.<\/p>\n<p>Wenn Sie den Verdacht haben, dass ein Kind unter dem M\u00fcnchhausen-by-proxy-Syndrom leiden k\u00f6nnte, schalten Sie professionelle Hilfe ein.<\/p>\n<\/div><\/section><\/div>\n\n<style type=\"text\/css\" data-created_by=\"avia_inline_auto\" id=\"style-css-av-1hmt19q-a88c8d6e571f0ee62428616b6aa2d40c\">\n.flex_column.av-1hmt19q-a88c8d6e571f0ee62428616b6aa2d40c{\nborder-radius:0px 0px 0px 0px;\npadding:0px 0px 0px 0px;\n}\n<\/style>\n<div  class='flex_column av-1hmt19q-a88c8d6e571f0ee62428616b6aa2d40c av_one_full  avia-builder-el-26  el_after_av_one_full  el_before_av_one_full  first flex_column_div av-zero-column-padding  column-top-margin'     ><section  class='av_textblock_section av-ltzv3u2s-13cac85086402ba9ce650be45b94c5ee '  ><div class='avia_textblock' ><h2 id=\"3\" class=\"position\"><strong>Woran erkennt man Kindeswohlgef\u00e4hrdung? <\/strong><\/h2>\n<p>Die schlechte Nachricht zuerst: <strong>Eindeutige Anzeichen gibt es selten.<\/strong> Eine Verletzung kann auch beim Spielen passiert sein und aggressives Verhalten muss nicht aus selbst erlebter k\u00f6rperlicher Gewalt resultieren. Auch bedeutet nicht jeder Ausschlag im Windelbereich Vernachl\u00e4ssigung oder Missbrauch, und h\u00e4ufig kr\u00e4nkelnde Kinder lassen nicht automatisch auf Fehlverhalten der Eltern schlie\u00dfen.<\/p>\n<p>Daher ist es immer wichtig, m\u00f6glichst viele <strong>Informationen \u00fcber die famili\u00e4re Situation<\/strong> zu haben. Ist ein Elternteil krank, ein Geschwister k\u00fcrzlich verstorben, haben sich die Eltern unsch\u00f6n getrennt, sind vielleicht Albtr\u00e4ume oder Verhaltensweisen wie sozialer R\u00fcckzug oder auch Regression nachvollziehbar, aber kein Anzeichen f\u00fcr Kindeswohlgef\u00e4hrdung. Hilfe brauchen die Kinder dann nat\u00fcrlich trotzdem.<\/p>\n<p>Des Weiteren ist es hilfreich, wenn Sie ein <strong>Vertrauensverh\u00e4ltnis<\/strong> zu Ihren Kindern haben. F\u00fchlen sie sich bei Ihnen geborgen und besch\u00fctzt, werden sie Ihnen eher mitteilen, was sie belastet, sodass Sie im Zweifel einschreiten und helfen k\u00f6nnen.<\/p>\n<p>Eine umfangreiche Orientierungshilfe f\u00fcr die Einsch\u00e4tzung von Anhaltspunkten bietet die <strong>Einsch\u00e4tzskala Kindeswohlgef\u00e4hrdung in Kindertageseinrichtungen <\/strong>des Kommunalverbandes f\u00fcr Jugend und Soziales Baden-W\u00fcrttemberg:<\/p>\n<p><a href=\"https:\/\/www.kvjs.de\/fileadmin\/dateien\/jugend\/Kinderschutz\/1.4.1.4_Kopiervorlagen_KiWo-Skala_Kita.pdf\" target=\"_blank\" rel=\"noopener\">https:\/\/www.kvjs.de\/fileadmin\/dateien\/jugend\/Kinderschutz\/1.4.1.4_Kopiervorlagen_KiWo-Skala_Kita.pdf<\/a><\/p>\n<p>Hierzu ist anzumerken, dass die Skala in einigen F\u00e4llen Kindeswohlgef\u00e4hrdung vermutlich nicht ausreichend erfassen kann. Wenn T\u00e4terinnen und T\u00e4ter Kinder beispielsweise <strong>rituell missbrauchen<\/strong> oder <strong>prostituieren<\/strong>, sorgen sie daf\u00fcr, dass die Kinder im Alltag nicht auffallen, z. B. durch mangelnde Hygiene, sichtbare Verletzungen oder sexualisiertes Verhalten. Ist das Kind dann auch noch <strong>\u00fcberangepasst<\/strong>, schwindet die Wahrscheinlichkeit f\u00fcr \u00e4u\u00dfere Anzeichen einer Gef\u00e4hrdung weiter.<\/p>\n<p>Generell gilt: Je schlauer und zielgerichteter die T\u00e4ter vorgehen, umso schwieriger ist die Aufdeckung der Kindeswohlgef\u00e4hrdung.<\/p>\n<\/div><\/section><\/div>\n\n<style type=\"text\/css\" data-created_by=\"avia_inline_auto\" id=\"style-css-av-k9155-4179298bc67fb92ceca7f3f24752a66e\">\n.flex_column.av-k9155-4179298bc67fb92ceca7f3f24752a66e{\nborder-radius:0px 0px 0px 0px;\npadding:0px 0px 0px 0px;\n}\n<\/style>\n<div  class='flex_column av-k9155-4179298bc67fb92ceca7f3f24752a66e av_one_full  avia-builder-el-28  el_after_av_one_full  el_before_av_one_full  first flex_column_div av-zero-column-padding  column-top-margin'     ><section  class='av_textblock_section av-lvv18rus-3f9fb6d60e5eb013a0757d12843030c4 '  ><div class='avia_textblock' ><h2 id=\"4\" class=\"position\"><strong>Wie Sie bei Verdacht auf Kindeswohlgef\u00e4hrdung richtig reagieren <\/strong><\/h2>\n<p>Regel Nummer 1: <strong>Holen Sie sich Verst\u00e4rkung.<\/strong> Kindeswohlgef\u00e4hrdung ist auch schwer zu ertragen, wenn man sie nicht am eigenen Leib erf\u00e4hrt, sondern an anderen wahrnimmt. Es ist Ihnen nicht zu ver\u00fcbeln, wenn Sie erst einmal emotional, w\u00fctend oder hilflos reagieren.<\/p>\n<p>Doch <strong>oberste Priorit\u00e4t ist immer, dem Kind zu helfen.<\/strong> Daf\u00fcr brauchen Sie einen k\u00fchlen Kopf, ein wohl\u00fcberlegtes Vorgehen und eine sachliche Einsch\u00e4tzung der Lage. Tauschen Sie sich also mit Ihren KollegInnen aus, halten Sie Ihre Beobachtungen fest und ziehen Sie fachkundige Beratung hinzu.<\/p>\n<p><strong>Achtung:<\/strong> Bedr\u00e4ngen oder manipulieren Sie die Kinder nicht mit Fragen. Dokumentieren Sie, was Sie feststellen und holen Sie sich Hilfe.<\/p>\n<p>Nat\u00fcrlich ist es auch hilfreich, <strong>\u00fcber Kindeswohlgef\u00e4hrdung gut informiert<\/strong> zu sein. Daf\u00fcr m\u00fcssen Sie keine Fortbildung machen. Es gibt viele Fach- und Handb\u00fccher und umfangreiche Quellen im Internet, die Ihnen alles zu dem Thema verraten, was Sie nie wissen wollten. Auch hier gilt wieder: Ja, es ist furchtbar, das alles zu lesen und sich vorzustellen. Aber es ist viel schlimmer, es am eigenen Leib zu erfahren.<\/p>\n<p><strong>Verdacht auf Kindeswohlgef\u00e4hrdung in der Kita <\/strong><\/p>\n<p>Wenn Sie den begr\u00fcndeten Verdacht haben, dass bei einem Ihrer Kinder Kindeswohlgef\u00e4hrdung vorliegen k\u00f6nnte, ziehen Sie eine <strong>insoweit erfahrene Fachkraft<\/strong> zur Beratung hinzu. Da jeder Tr\u00e4ger \u00fcber ein <strong>Schutzkonzept<\/strong> verf\u00fcgt, ist auch immer eine solche Fachkraft vorhanden.<\/p>\n<\/div><\/section><\/div>\n\n<style type=\"text\/css\" data-created_by=\"avia_inline_auto\" id=\"style-css-av-10h83l5-aea79c9ff3861c43480d1b20af99d1b7\">\n.flex_column.av-10h83l5-aea79c9ff3861c43480d1b20af99d1b7{\nborder-radius:0px 0px 0px 0px;\npadding:0px 0px 0px 0px;\n}\n<\/style>\n<div  class='flex_column av-10h83l5-aea79c9ff3861c43480d1b20af99d1b7 av_one_full  avia-builder-el-30  el_after_av_one_full  el_before_av_one_full  first flex_column_div av-zero-column-padding  column-top-margin'     ><section  class='av_textblock_section av-lvv19k7a-95fe6ea83876d563982e24194c735a1c '  ><div class='avia_textblock infoboxBlue' ><h3><strong>I<\/strong>nsoweit <strong>e<\/strong>rfahrene <strong>F<\/strong>achkraft<\/h3>\n<p>Als insoweit erfahrene Fachkraft (IeF) bezeichnet man jene Personen, die bei einem Verdacht auf Kindeswohlgef\u00e4hrdung p\u00e4dagogischen Mitarbeitenden beratend und begleitend zur Seite stehen und eine Einsch\u00e4tzung des Gef\u00e4hrdungsrisikos vornimmt.<\/p>\n<p>Die Fortbildung zur IeF umfasst 80 \u2013 160 Stunden und findet je nach Institut vor Ort, online oder hybrid statt. Auch die Voraussetzungen f\u00fcr die Fortbildung k\u00f6nnen variieren, doch zumindest zwei Kriterien m\u00fcssen erf\u00fcllt sein:<\/p>\n<ul>\n<li>eine p\u00e4dagogische oder psychologische Ausbildung<\/li>\n<li>mehrj\u00e4hrige Praxiserfahrung<\/li>\n<\/ul>\n<p>Dar\u00fcber hinaus sind manchmal Zusatzqualifikationen im Bereich des Kinderschutzes erforderlich. Prinzipiell kommen nicht nur Erzieherinnen sowie Erzieher und Lehrkr\u00e4fte infrage, sondern auch Mitarbeitende der Kinder- und Jugendhilfe oder der Kinder- und Jugendarbeit.<\/p>\n<\/div><\/section><\/div>\n\n<style type=\"text\/css\" data-created_by=\"avia_inline_auto\" id=\"style-css-av-wbufwp-751ecfa51d66f388e7399cd053f72338\">\n.flex_column.av-wbufwp-751ecfa51d66f388e7399cd053f72338{\nborder-radius:0px 0px 0px 0px;\npadding:0px 0px 0px 0px;\n}\n<\/style>\n<div  class='flex_column av-wbufwp-751ecfa51d66f388e7399cd053f72338 av_one_full  avia-builder-el-32  el_after_av_one_full  el_before_av_one_full  first flex_column_div av-zero-column-padding  column-top-margin'     ><section  class='av_textblock_section av-lvv1agxw-e0459687fdd81aa314f8e801a7fcbca6 '  ><div class='avia_textblock' ><p>Nach Abschluss der <strong>Gef\u00e4hrdungseinsch\u00e4tzung<\/strong> leiten Sie weitere Schritte ein, die je nach Ergebnis unterschiedlich ausfallen.<\/p>\n<p>So kommt ein <strong>Elterngespr\u00e4ch<\/strong> infrage, wenn die Kindeswohlgef\u00e4hrdung z. B. in mangelnder Hygiene aus Gr\u00fcnden der \u00dcberforderung zu bestehen scheint. Erh\u00e4rtet sich jedoch der Verdacht auf Kindesmissbrauch oder ist die gesundheitliche Gefahr durch Dehydration, Unterern\u00e4hrung oder mangelnde Versorgung bei Krankheiten nicht gegeben, schalten Sie das <strong>Jugendamt<\/strong> ein, damit gepr\u00fcft werden kann, ob eine sofortige <strong>Inobhutnahme<\/strong> zum Schutz des Kindes erforderlich ist.<\/p>\n<p><strong>Tipp:<\/strong> Auch Elterngespr\u00e4che m\u00fcssen Sie nicht allein f\u00fchren. Holen Sie sich einen Kollegen dazu und f\u00fchren Sie Protokoll. Sollten sich Schwierigkeiten ergeben, die Sie nicht meistern k\u00f6nnen, wenden Sie sich an Ihre Leitung oder leiten Sie weitere Schritte ein, z. B. wenn Sie bedroht werden oder die Eltern nicht kooperieren.<\/p>\n<p><strong>Verdacht auf Kindeswohlgef\u00e4hrdung in der Grundschule <\/strong><\/p>\n<p>Auch in der Schule gilt bei Verdacht auf Kindeswohlgef\u00e4hrdung: <strong>Holen Sie sich Hilfe. <\/strong><\/p>\n<p>Sie haben viele M\u00f6glichkeiten, so z. B. die Einbeziehung von:<\/p>\n<ul>\n<li>Kollegen und Schulleitung<\/li>\n<li>einer insoweit erfahrene Fachkraft und\/oder des Jugendamtes<\/li>\n<li>Schulsozialarbeitern und Schulpsychologen<\/li>\n<\/ul>\n<p>Allgemein ist auch hier festzuhalten: Sie sind nicht allein. Es gibt eine Reihe kompetenter Ansprechpartner, die Ihnen zur Seite stehen oder weitere Schritte in die Wege leiten. Wichtig ist, dass Sie bei einem begr\u00fcndeten Verdacht erst einmal den Stein ins Rollen bringen.<\/p>\n<p>Sollten Ihnen bei diesem Thema die eigenen Emotionen im Wege stehen, ist es umso wichtiger, weitere Personen ins Boot zu holen, um das Problem sachlich und im Sinne des Kindes aus der Welt zu schaffen.<\/p>\n<\/div><\/section><\/div>\n\n<style type=\"text\/css\" data-created_by=\"avia_inline_auto\" id=\"style-css-av-jley1l06-be8863a15e87d33f314fbd4b76b14014\">\n.flex_column.av-jley1l06-be8863a15e87d33f314fbd4b76b14014{\nborder-radius:0px 0px 0px 0px;\npadding:10px 10px 10px 10px;\nbackground-color:#f2f2f2;\n}\n<\/style>\n<div  class='flex_column av-jley1l06-be8863a15e87d33f314fbd4b76b14014 av_one_full  avia-builder-el-34  el_after_av_one_full  el_before_av_one_full  first flex_column_div  column-top-margin'     ><section  class='av_textblock_section av-jkuvcso3-5-5c6860626657f0ec318095798effdcc6 '  ><div class='avia_textblock' ><p class=\"fussnoten-quellen\"><strong>Lesestoff: <\/strong><\/p>\n<p>Bundesministerium f\u00fcr Familie, Senioren, Frauen und Jugend: Handbuch Kindeswohlgef\u00e4hrdung nach \u00a7 1666 BGB und Allgemeiner Sozialer Dienst (ASD), 01.03.2007:<br \/>\n<a href=\"https:\/\/www.bmfsfj.de\/bmfsfj\/service\/publikationen\/handbuch-kindeswohlgefaehrdung-nach-1666-bgb-und-allgemeiner-sozialer-dienst-asd--86738\" target=\"_blank\" rel=\"noopener\">https:\/\/www.bmfsfj.de\/bmfsfj\/service\/publikationen\/handbuch-kindeswohlgefaehrdung-nach-1666-bgb-und-allgemeiner-sozialer-dienst-asd&#8211;86738<\/a><\/p>\n<p>Fachstelle Kinderschutz im Land Brandenburg: Die insoweit erfahrene Fachkraft \u2026 keine Beschreibung eines Berufsbildes, sondern ein verbindliches Element der Qualit\u00e4tssicherung und \u2013entwicklung in der Kinderschutzarbeit!, 2019:<br \/>\n<a href=\"https:\/\/www.fachstelle-kinderschutz.de\/files\/01_Fachstelle_Kinderschutz\/Publikationen\/info%20aktuell\/4_Info%20aktuell.pdf\" target=\"_blank\" rel=\"noopener\">https:\/\/www.fachstelle-kinderschutz.de\/files\/01_Fachstelle_Kinderschutz\/Publikationen\/Fachartikel\/die%20insoweit%20erfahrene%20Fachkraft%20Aug.%202019.pdf<\/a><\/p>\n<p>Fachstelle Kinderschutz im Land Brandenburg Start gGmbH: Schutzplan nach \u00a7 8a SGB VIII \u2013 Der Schutzauftrag bei Kindeswohlgef\u00e4hrdung, Info aktuell 2007\/4:<br \/>\n<a href=\"https:\/\/www.fachstelle-kinderschutz.de\/files\/01_Fachstelle_Kinderschutz\/Publikationen\/info%20aktuell\/4_Info%20aktuell.pdf\" target=\"_blank\" rel=\"noopener\">https:\/\/www.kinderschutz-in-nrw.de\/fachinformationen\/kindeswohl-und-kindeswohlgefaehrdung\/erscheinungsformen-der-kindeswohlgefaehrdung\/<\/a><\/p>\n<p>Kinderschutzbund Landesverband NRW e. V.: Erscheinungsformen der Kindeswohlgef\u00e4hrdung:<br \/>\n<a href=\"https:\/\/www.kinderschutz-in-nrw.de\/fachinformationen\/kindeswohl-und-kindeswohlgefaehrdung\/erscheinungsformen-der-kindeswohlgefaehrdung\/\" target=\"_blank\" rel=\"noopener\">https:\/\/www.kinderschutz-in-nrw.de\/fachinformationen\/kindeswohl-und-kindeswohlgefaehrdung\/erscheinungsformen-der-kindeswohlgefaehrdung\/<\/a><\/p>\n<p>Kindler, Heinz: Was ist unter dem M\u00fcnchhausen-by-proxy-Syndrom zu verstehen? (Handbuch Kindeswohlgef\u00e4hrdung nach \u00a7 1666 BGB und Allgemeiner Sozialer Dienst (ASD): Grundlagen; Grundlegende Begrifflichkeiten; Punkt 7):<br \/>\n<a href=\"https:\/\/db.dji.de\/asd\/7.htm\" target=\"_blank\" rel=\"noopener\">https:\/\/db.dji.de\/asd\/7.htm<\/a><\/p>\n<p>Ministerium f\u00fcr Generationen, Familie, Frauen und Integration des Landes Nordrhein-Westfalen (Hrsg.): Studie: Kindeswohlgef\u00e4hrdung \u2013 Ursachen, Erscheinungsformen und neue Ans\u00e4tze der Pr\u00e4vention, 2010:<br \/>\n<a href=\"https:\/\/www.forschungsverbund.tu-dortmund.de\/fileadmin\/Files\/Hilfen_zur_Erziehung\/Kindeswohlgefaehrdung_NRW.pdf\" target=\"_blank\" rel=\"noopener\">https:\/\/www.forschungsverbund.tu-dortmund.de\/fileadmin\/Files\/Hilfen_zur_Erziehung\/Kindeswohlgefaehrdung_NRW.pdf<\/a><\/p>\n<p>Netzwerk Kinderschutz Mansfeld-S\u00fcdharz: Definition und Formen der Kindeswohlgef\u00e4hrdung:<br \/>\n<a href=\"https:\/\/netzwerk-kinderschutz-msh.de\/a_02_fachwissen\/gewaltformen\/gewaltformen_langfassung\" target=\"_blank\" rel=\"noopener\">https:\/\/netzwerk-kinderschutz-msh.de\/a_02_fachwissen\/gewaltformen\/gewaltformen_langfassung<\/a><\/p>\n<p>Stadt Heidelberg: Indikatoren einer Kindeswohlgef\u00e4hrdung:<br \/>\n<a href=\"https:\/\/www.heidelberg.de\/hd\/HD\/Leben\/Indikatoren+Kindeswohlgefaehrdung.html\" target=\"_blank\" rel=\"noopener\">https:\/\/www.heidelberg.de\/hd\/HD\/Leben\/Indikatoren+Kindeswohlgefaehrdung.html<\/a><\/p>\n<\/div><\/section><\/div>\n\n<style type=\"text\/css\" data-created_by=\"avia_inline_auto\" id=\"style-css-av-4a8f13-8282735e1a69d4252a8ab107757df204\">\n.flex_column.av-4a8f13-8282735e1a69d4252a8ab107757df204{\nborder-radius:0px 0px 0px 0px;\npadding:10px 10px 10px 10px;\n}\n<\/style>\n<div  class='flex_column av-4a8f13-8282735e1a69d4252a8ab107757df204 av_one_full  avia-builder-el-36  el_after_av_one_full  el_before_av_one_full  first flex_column_div  column-top-margin'     ><section  class='av_textblock_section av-2ibyo7-105f90c883c0b4406936f8076e5ba294 '  ><div class='avia_textblock' ><p class=\"copyright\"><strong>\u00a9 Copyright \u2013 Urheberrechtshinweis<\/strong><br \/>\nAlle Inhalte auf www.backwinkel.de sowie www.backwinkel.de\/blog, insbesondere Texte, Fotografien und Grafiken, sind urheberrechtlich gesch\u00fctzt.<br \/>\nDas Urheberrecht liegt, soweit nicht ausdr\u00fccklich anders gekennzeichnet, bei der BACKWINKEL GmbH. Bitte fragen Sie uns, falls Sie die Inhalte dieses Internetangebotes verwenden m\u00f6chten.<br \/>\nWer gegen das Urheberrecht verst\u00f6\u00dft (z. B. Bilder oder Texte unerlaubt kopiert), macht sich gem. \u00a7\u00a7 106 ff UrhG strafbar, wird zudem kostenpflichtig abgemahnt und muss Schadensersatz leisten (\u00a7 97 UrhG).<\/p>\n<\/div><\/section><\/div>\n\n<style type=\"text\/css\" data-created_by=\"avia_inline_auto\" id=\"style-css-av-1p82t-b0e9719fe6c67aa5c6d1abf813961e55\">\n.flex_column.av-1p82t-b0e9719fe6c67aa5c6d1abf813961e55{\nborder-radius:0px 0px 0px 0px;\npadding:0px 0px 0px 0px;\n}\n<\/style>\n<div  class='flex_column av-1p82t-b0e9719fe6c67aa5c6d1abf813961e55 av_one_full  avia-builder-el-38  el_after_av_one_full  avia-builder-el-last  first flex_column_div av-zero-column-padding  column-top-margin'     ><p><section  class='av_textblock_section av-jlp4hxqo-91baaad30cd61f89630d15f8561d1750 '  ><div class='avia_textblock' ><div class=\"shariff shariff-align-left shariff-widget-align-left\"><ul class=\"shariff-buttons theme-color orientation-horizontal buttonsize-medium\"><li class=\"shariff-button whatsapp shariff-nocustomcolor\" style=\"background-color:#5cbe4a\"><a href=\"https:\/\/api.whatsapp.com\/send?text=https%3A%2F%2Fwww.backwinkel.de%2Fblog%2Fkindeswohlgefaehrdung%2F%20Kindeswohlgef%C3%A4hrdung\" title=\"Bei Whatsapp teilen\" aria-label=\"Bei Whatsapp teilen\" role=\"button\" rel=\"noopener nofollow\" class=\"shariff-link\" style=\"; background-color:#34af23; color:#fff\" target=\"_blank\"><span class=\"shariff-icon\" style=\"\"><svg width=\"32px\" height=\"20px\" xmlns=\"http:\/\/www.w3.org\/2000\/svg\" viewBox=\"0 0 32 32\"><path fill=\"#34af23\" d=\"M17.6 17.4q0.2 0 1.7 0.8t1.6 0.9q0 0.1 0 0.3 0 0.6-0.3 1.4-0.3 0.7-1.3 1.2t-1.8 0.5q-1 0-3.4-1.1-1.7-0.8-3-2.1t-2.6-3.3q-1.3-1.9-1.3-3.5v-0.1q0.1-1.6 1.3-2.8 0.4-0.4 0.9-0.4 0.1 0 0.3 0t0.3 0q0.3 0 0.5 0.1t0.3 0.5q0.1 0.4 0.6 1.6t0.4 1.3q0 0.4-0.6 1t-0.6 0.8q0 0.1 0.1 0.3 0.6 1.3 1.8 2.4 1 0.9 2.7 1.8 0.2 0.1 0.4 0.1 0.3 0 1-0.9t0.9-0.9zM14 26.9q2.3 0 4.3-0.9t3.6-2.4 2.4-3.6 0.9-4.3-0.9-4.3-2.4-3.6-3.6-2.4-4.3-0.9-4.3 0.9-3.6 2.4-2.4 3.6-0.9 4.3q0 3.6 2.1 6.6l-1.4 4.2 4.3-1.4q2.8 1.9 6.2 1.9zM14 2.2q2.7 0 5.2 1.1t4.3 2.9 2.9 4.3 1.1 5.2-1.1 5.2-2.9 4.3-4.3 2.9-5.2 1.1q-3.5 0-6.5-1.7l-7.4 2.4 2.4-7.2q-1.9-3.2-1.9-6.9 0-2.7 1.1-5.2t2.9-4.3 4.3-2.9 5.2-1.1z\"\/><\/svg><\/span><span class=\"shariff-text\">teilen<\/span>&nbsp;<\/a><\/li><li class=\"shariff-button facebook shariff-nocustomcolor\" style=\"background-color:#4273c8\"><a href=\"https:\/\/www.facebook.com\/sharer\/sharer.php?u=https%3A%2F%2Fwww.backwinkel.de%2Fblog%2Fkindeswohlgefaehrdung%2F\" title=\"Bei Facebook teilen\" aria-label=\"Bei Facebook teilen\" role=\"button\" rel=\"nofollow\" class=\"shariff-link\" style=\"; background-color:#3b5998; color:#fff\" target=\"_blank\"><span class=\"shariff-icon\" style=\"\"><svg width=\"32px\" height=\"20px\" xmlns=\"http:\/\/www.w3.org\/2000\/svg\" viewBox=\"0 0 18 32\"><path fill=\"#3b5998\" d=\"M17.1 0.2v4.7h-2.8q-1.5 0-2.1 0.6t-0.5 1.9v3.4h5.2l-0.7 5.3h-4.5v13.6h-5.5v-13.6h-4.5v-5.3h4.5v-3.9q0-3.3 1.9-5.2t5-1.8q2.6 0 4.1 0.2z\"\/><\/svg><\/span><span class=\"shariff-text\">teilen<\/span>&nbsp;<\/a><\/li><li class=\"shariff-button twitter shariff-nocustomcolor\" style=\"background-color:#595959\"><a href=\"https:\/\/twitter.com\/share?url=https%3A%2F%2Fwww.backwinkel.de%2Fblog%2Fkindeswohlgefaehrdung%2F&text=Kindeswohlgef%C3%A4hrdung\" title=\"Bei X teilen\" aria-label=\"Bei X teilen\" role=\"button\" rel=\"noopener nofollow\" class=\"shariff-link\" style=\"; background-color:#000; color:#fff\" target=\"_blank\"><span class=\"shariff-icon\" style=\"\"><svg width=\"32px\" height=\"20px\" xmlns=\"http:\/\/www.w3.org\/2000\/svg\" viewBox=\"0 0 24 24\"><path fill=\"#000\" d=\"M14.258 10.152L23.176 0h-2.113l-7.747 8.813L7.133 0H0l9.352 13.328L0 23.973h2.113l8.176-9.309 6.531 9.309h7.133zm-2.895 3.293l-.949-1.328L2.875 1.56h3.246l6.086 8.523.945 1.328 7.91 11.078h-3.246zm0 0\"\/><\/svg><\/span><span class=\"shariff-text\">teilen<\/span>&nbsp;<\/a><\/li><li class=\"shariff-button pinterest shariff-nocustomcolor\" style=\"background-color:#e70f18\"><a href=\"https:\/\/www.pinterest.com\/pin\/create\/link\/?url=https%3A%2F%2Fwww.backwinkel.de%2Fblog%2Fkindeswohlgefaehrdung%2F&media=https%3A%2F%2Fwww.backwinkel.de%2Fblog%2Fwp-content%2Fuploads%2F2024%2F05%2FKindeswohlgefaehrdung-heroimage.jpg&description=Kindeswohlgef%C3%A4hrdung\" title=\"Bei Pinterest pinnen\" aria-label=\"Bei Pinterest pinnen\" role=\"button\" rel=\"noopener nofollow\" class=\"shariff-link\" style=\"; background-color:#cb2027; color:#fff\" target=\"_blank\"><span class=\"shariff-icon\" style=\"\"><svg width=\"32px\" height=\"20px\" xmlns=\"http:\/\/www.w3.org\/2000\/svg\" viewBox=\"0 0 27 32\"><path fill=\"#cb2027\" d=\"M27.4 16q0 3.7-1.8 6.9t-5 5-6.9 1.9q-2 0-3.9-0.6 1.1-1.7 1.4-2.9 0.2-0.6 1-3.8 0.4 0.7 1.3 1.2t2 0.5q2.1 0 3.8-1.2t2.7-3.4 0.9-4.8q0-2-1.1-3.8t-3.1-2.9-4.5-1.2q-1.9 0-3.5 0.5t-2.8 1.4-2 2-1.2 2.3-0.4 2.4q0 1.9 0.7 3.3t2.1 2q0.5 0.2 0.7-0.4 0-0.1 0.1-0.5t0.2-0.5q0.1-0.4-0.2-0.8-0.9-1.1-0.9-2.7 0-2.7 1.9-4.6t4.9-2q2.7 0 4.2 1.5t1.5 3.8q0 3-1.2 5.2t-3.1 2.1q-1.1 0-1.7-0.8t-0.4-1.9q0.1-0.6 0.5-1.7t0.5-1.8 0.2-1.4q0-0.9-0.5-1.5t-1.4-0.6q-1.1 0-1.9 1t-0.8 2.6q0 1.3 0.4 2.2l-1.8 7.5q-0.3 1.2-0.2 3.2-3.7-1.6-6-5t-2.3-7.6q0-3.7 1.9-6.9t5-5 6.9-1.9 6.9 1.9 5 5 1.8 6.9z\"\/><\/svg><\/span><span class=\"shariff-text\">merken<\/span>&nbsp;<\/a><\/li><li class=\"shariff-button mailto shariff-nocustomcolor\" style=\"background-color:#a8a8a8\"><a href=\"mailto:?body=https%3A%2F%2Fwww.backwinkel.de%2Fblog%2Fkindeswohlgefaehrdung%2F&subject=Kindeswohlgef%C3%A4hrdung\" title=\"Per E-Mail versenden\" aria-label=\"Per E-Mail versenden\" role=\"button\" rel=\"noopener nofollow\" class=\"shariff-link\" style=\"; background-color:#999; color:#fff\"><span class=\"shariff-icon\" style=\"\"><svg width=\"32px\" height=\"20px\" xmlns=\"http:\/\/www.w3.org\/2000\/svg\" viewBox=\"0 0 32 32\"><path fill=\"#999\" d=\"M32 12.7v14.2q0 1.2-0.8 2t-2 0.9h-26.3q-1.2 0-2-0.9t-0.8-2v-14.2q0.8 0.9 1.8 1.6 6.5 4.4 8.9 6.1 1 0.8 1.6 1.2t1.7 0.9 2 0.4h0.1q0.9 0 2-0.4t1.7-0.9 1.6-1.2q3-2.2 8.9-6.1 1-0.7 1.8-1.6zM32 7.4q0 1.4-0.9 2.7t-2.2 2.2q-6.7 4.7-8.4 5.8-0.2 0.1-0.7 0.5t-1 0.7-0.9 0.6-1.1 0.5-0.9 0.2h-0.1q-0.4 0-0.9-0.2t-1.1-0.5-0.9-0.6-1-0.7-0.7-0.5q-1.6-1.1-4.7-3.2t-3.6-2.6q-1.1-0.7-2.1-2t-1-2.5q0-1.4 0.7-2.3t2.1-0.9h26.3q1.2 0 2 0.8t0.9 2z\"\/><\/svg><\/span><span class=\"shariff-text\">E-Mail<\/span>&nbsp;<\/a><\/li><\/ul><\/div>\n<\/div><\/section><br \/>\n<div  class='tabcontainer av-jlq8shhr-81242121e684ca07ed7e4b689c7d9116 top_tab  avia-builder-el-40  el_after_av_textblock  el_before_av_hr '>\n<section class='av_tab_section av_tab_section av-4w8jsn-bbdf9e923dedb1db49ad7c5dc47ef632' ><div id='tab-id-1-tab' class='tab active_tab' role='tab' aria-selected=\"true\" tabindex=\"0\" data-fake-id='#tab-id-1' aria-controls='tab-id-1-content' >Das BACKWINKEL-Blog-Team:<\/div><div id='tab-id-1-content' class='tab_content active_tab_content' role='tabpanel' aria-labelledby='tab-id-1-tab' aria-hidden=\"false\"><div class='tab_inner_content invers-color' ><p>Gibts auch ein Gesicht hinter dem BACKWINKEL-Blog? Nat\u00fcrlich. Sogar f\u00fcnf \ud83d\ude0a. Wir \u2013 Lukas, Marvin und Tatjana \u2013 bespielen unseren Blog im LACHEN LEBEN LERNEN-Firmensitz in Hattingen.<br \/>\nLukas kennt Onlinemarketing wie seine Westentasche, w\u00e4hrend Marvin unseren Beitr\u00e4gen den passenden gestalterischen Rahmen gibt und Tatjana mit dem gr\u00fcnen Korrekturstift alles pr\u00fcfend be\u00e4ugt, was unsere Freelancerautorinnen Elisa und Christine (und gern auch Gastautoren) aus der Ferne f\u00fcr den BACKWINKEL-Blog nach ordentlicher Recherche schreiben.<br \/>\nGemeinsam suchen wir st\u00e4ndig nach neuen, aufregenden Themen rund um das Thema Bildung im Kiga, der Schule und zu Hause. Und weil Sie da an der Quelle sitzen, freuen wir uns auf Ihre konstruktiven R\u00fcckmeldungen und Anregungen an blog[@]backwinkel.de<br \/>\nViel Spa\u00df beim LACHEN LESEN LERNEN!<\/p>\n<\/div><\/div><\/section>\n<\/div><br \/>\n\n<style type=\"text\/css\" data-created_by=\"avia_inline_auto\" id=\"style-css-av-jkuvdh82-b6ea5d9aca5d02d0d62bf300de93e492\">\n#top .hr.av-jkuvdh82-b6ea5d9aca5d02d0d62bf300de93e492{\nmargin-top:10px;\nmargin-bottom:10px;\n}\n.hr.av-jkuvdh82-b6ea5d9aca5d02d0d62bf300de93e492 .hr-inner{\nwidth:500;\n}\n<\/style>\n<div  class='hr av-jkuvdh82-b6ea5d9aca5d02d0d62bf300de93e492 hr-custom  avia-builder-el-41  el_after_av_tab_container  el_before_av_heading  hr-left hr-icon-no'><span class='hr-inner inner-border-av-border-thin'><span class=\"hr-inner-style\"><\/span><\/span><\/div><br \/>\n\n<style type=\"text\/css\" data-created_by=\"avia_inline_auto\" id=\"style-css-av-2rgq8p-eea5960d1a3bca7958b11dcc59b35b67\">\n#top .av-special-heading.av-2rgq8p-eea5960d1a3bca7958b11dcc59b35b67{\npadding-bottom:10px;\n}\nbody .av-special-heading.av-2rgq8p-eea5960d1a3bca7958b11dcc59b35b67 .av-special-heading-tag .heading-char{\nfont-size:25px;\n}\n.av-special-heading.av-2rgq8p-eea5960d1a3bca7958b11dcc59b35b67 .av-subheading{\nfont-size:15px;\n}\n<\/style>\n<div  class='av-special-heading av-2rgq8p-eea5960d1a3bca7958b11dcc59b35b67 av-special-heading-h3 blockquote modern-quote  avia-builder-el-42  el_after_av_hr  el_before_av_blog '><h3 class='av-special-heading-tag '  >PASSENDE BEITR\u00c4GE<\/h3><div class=\"special-heading-border\"><div class=\"special-heading-inner-border\"><\/div><\/div><\/div><br \/>\n<div  data-slideshow-options=\"{&quot;animation&quot;:&quot;fade&quot;,&quot;autoplay&quot;:false,&quot;loop_autoplay&quot;:&quot;once&quot;,&quot;interval&quot;:5,&quot;loop_manual&quot;:&quot;manual-endless&quot;,&quot;autoplay_stopper&quot;:false,&quot;noNavigation&quot;:false,&quot;show_slide_delay&quot;:90}\" class='avia-content-slider avia-content-grid-active avia-content-slider1 avia-content-slider-odd  avia-builder-el-43  el_after_av_heading  avia-builder-el-last  av-slideshow-ui av-control-default   av-no-slider-navigation av-slideshow-manual av-loop-once av-loop-manual-endless ' ><div class=\"avia-content-slider-inner\"><div class=\"slide-entry-wrap\"><article class='slide-entry flex_column  post-entry post-entry-18633 slide-entry-overview slide-loop-1 slide-parity-odd  av_one_third first real-thumbnail posttype-post post-format-standard' ><a href='https:\/\/www.backwinkel.de\/blog\/plastik-recyceln\/' data-rel='slide-1' class='slide-image' title='Plastik recyceln'><img decoding=\"async\" fetchpriority=\"high\" width=\"1200\" height=\"628\" src=\"https:\/\/www.backwinkel.de\/blog\/wp-content\/uploads\/2026\/04\/04_Kiga_Plastik_nachhaltig_nutzen.jpg\" class=\"wp-image-18713 avia-img-lazy-loading-not-18713 attachment-no scaling size-no scaling wp-post-image\" alt=\"\" \/><\/a><div class=\"slide-content\"><header class=\"entry-content-header\" aria-label=\"Slide: Plastik recyceln\"><h3 class='slide-entry-title entry-title ' ><a href='https:\/\/www.backwinkel.de\/blog\/plastik-recyceln\/' title='Plastik recyceln'>Plastik recyceln<\/a><\/h3><span class=\"blog-categories minor-meta\"><a href=\"https:\/\/www.backwinkel.de\/blog\/category\/kindergarten-kita\/\" rel=\"tag\">Kindergarten<\/a> <\/span><span class=\"av-vertical-delimiter\"><\/span><\/header><div class='slide-entry-excerpt entry-content' >Biokunststoff f\u00fcr St\u00fchle, Materialboxen, Spielzeug und Rucks\u00e4cke<\/div><\/div><footer class=\"entry-footer\"><div class=\"slide-meta\"><time class='slide-meta-time updated' >14. April 2026<\/time><\/div><\/footer><\/article><article class='slide-entry flex_column  post-entry post-entry-18716 slide-entry-overview slide-loop-2 slide-parity-even  av_one_third  real-thumbnail posttype-post post-format-standard' ><a href='https:\/\/www.backwinkel.de\/blog\/rechnen-im-anfangsunterricht\/' data-rel='slide-1' class='slide-image' title='Rechnen im Anfangsunterricht'><img decoding=\"async\" fetchpriority=\"high\" width=\"1200\" height=\"628\" src=\"https:\/\/www.backwinkel.de\/blog\/wp-content\/uploads\/2026\/04\/04_Schule_Rechnen_anfangsunterricht.jpg\" class=\"wp-image-18748 avia-img-lazy-loading-not-18748 attachment-no scaling size-no scaling wp-post-image\" alt=\"\" \/><\/a><div class=\"slide-content\"><header class=\"entry-content-header\" aria-label=\"Slide: Rechnen im Anfangsunterricht\"><h3 class='slide-entry-title entry-title ' ><a href='https:\/\/www.backwinkel.de\/blog\/rechnen-im-anfangsunterricht\/' title='Rechnen im Anfangsunterricht'>Rechnen im Anfangsunterricht<\/a><\/h3><span class=\"blog-categories minor-meta\"><a href=\"https:\/\/www.backwinkel.de\/blog\/category\/schule-grundschule\/\" rel=\"tag\">Schule<\/a> <\/span><span class=\"av-vertical-delimiter\"><\/span><\/header><div class='slide-entry-excerpt entry-content' >Das Klassenzimmer als Lernlandschaft<\/div><\/div><footer class=\"entry-footer\"><div class=\"slide-meta\"><time class='slide-meta-time updated' >14. April 2026<\/time><\/div><\/footer><\/article><article class='slide-entry flex_column  post-entry post-entry-18372 slide-entry-overview slide-loop-3 slide-parity-odd  post-entry-last  av_one_third  real-thumbnail posttype-post post-format-standard' ><a href='https:\/\/www.backwinkel.de\/blog\/kranke-kinder-im-kindergarten\/' data-rel='slide-1' class='slide-image' title='Kranke Kinder im Kindergarten'><img decoding=\"async\" fetchpriority=\"high\" width=\"1200\" height=\"628\" src=\"https:\/\/www.backwinkel.de\/blog\/wp-content\/uploads\/2026\/03\/03_Kiga_Kranke_Kinder.jpg\" class=\"wp-image-18451 avia-img-lazy-loading-not-18451 attachment-no scaling size-no scaling wp-post-image\" alt=\"Thema: Kranke Kinder. Auf dem Bild ist ein krankes kleines M\u00e4dchen zu sehen. Eine Frau mit einem Fieberthermometer in der Hand sitzt neben ihr und hat die Hand auf der Stirn des M\u00e4dchens.\" \/><\/a><div class=\"slide-content\"><header class=\"entry-content-header\" aria-label=\"Slide: Kranke Kinder im Kindergarten\"><h3 class='slide-entry-title entry-title ' ><a href='https:\/\/www.backwinkel.de\/blog\/kranke-kinder-im-kindergarten\/' title='Kranke Kinder im Kindergarten'>Kranke Kinder im Kindergarten<\/a><\/h3><span class=\"blog-categories minor-meta\"><a href=\"https:\/\/www.backwinkel.de\/blog\/category\/kindergarten-kita\/\" rel=\"tag\">Kindergarten<\/a> <\/span><span class=\"av-vertical-delimiter\"><\/span><\/header><div class='slide-entry-excerpt entry-content' >Auswirkungen f\u00fcr Kinder, Eltern und Fachkr\u00e4fte<\/div><\/div><footer class=\"entry-footer\"><div class=\"slide-meta\"><time class='slide-meta-time updated' >9. M\u00e4rz 2026<\/time><\/div><\/footer><\/article><\/div><\/div><\/div><\/p><\/div>\n","protected":false},"excerpt":{"rendered":"<p>Erkennen und richtig handeln<\/p>\n","protected":false},"author":1,"featured_media":13876,"comment_status":"closed","ping_status":"closed","sticky":false,"template":"","format":"standard","meta":{"inline_featured_image":false,"footnotes":""},"categories":[5],"tags":[],"class_list":["post-13705","post","type-post","status-publish","format-standard","has-post-thumbnail","hentry","category-kindergarten-kita"],"yoast_head":"<!-- This site is optimized with the Yoast SEO plugin v27.4 - https:\/\/yoast.com\/product\/yoast-seo-wordpress\/ -->\n<title>Kindeswohlgef\u00e4hrdung | BACKWINKEL Blog<\/title>\n<meta name=\"description\" content=\"Woran Sie Kindeswohlgef\u00e4hrdung erkennen und wie Sie im Verdachtsfall richtig handeln, um Ihre Kinder zu sch\u00fctzen \u00bb Jetzt lesen!\" \/>\n<meta name=\"robots\" content=\"index, follow, max-snippet:-1, max-image-preview:large, max-video-preview:-1\" \/>\n<link rel=\"canonical\" href=\"https:\/\/www.backwinkel.de\/blog\/kindeswohlgefaehrdung\/\" \/>\n<meta property=\"og:locale\" content=\"de_DE\" \/>\n<meta property=\"og:type\" content=\"article\" \/>\n<meta property=\"og:title\" content=\"Kindeswohlgef\u00e4hrdung | BACKWINKEL Blog\" \/>\n<meta property=\"og:description\" content=\"Woran Sie Kindeswohlgef\u00e4hrdung erkennen und wie Sie im Verdachtsfall richtig handeln, um Ihre Kinder zu sch\u00fctzen \u00bb Jetzt lesen!\" \/>\n<meta property=\"og:url\" content=\"https:\/\/www.backwinkel.de\/blog\/kindeswohlgefaehrdung\/\" \/>\n<meta property=\"og:site_name\" content=\"BACKWINKEL Blog\" \/>\n<meta property=\"article:published_time\" content=\"2024-05-13T08:15:42+00:00\" \/>\n<meta property=\"article:modified_time\" content=\"2026-04-27T06:35:50+00:00\" \/>\n<meta property=\"og:image\" content=\"https:\/\/www.backwinkel.de\/blog\/wp-content\/uploads\/2024\/05\/Kindeswohlgefaehrdung-heroimage.jpg\" \/>\n\t<meta property=\"og:image:width\" content=\"1200\" \/>\n\t<meta property=\"og:image:height\" content=\"628\" \/>\n\t<meta property=\"og:image:type\" content=\"image\/jpeg\" \/>\n<meta name=\"author\" content=\"admin_backwinkel\" \/>\n<meta name=\"twitter:card\" content=\"summary_large_image\" \/>\n<meta name=\"twitter:label1\" content=\"Verfasst von\" \/>\n\t<meta name=\"twitter:data1\" content=\"admin_backwinkel\" \/>\n\t<meta name=\"twitter:label2\" content=\"Gesch\u00e4tzte Lesezeit\" \/>\n\t<meta name=\"twitter:data2\" content=\"15\u00a0Minuten\" \/>\n<script type=\"application\/ld+json\" class=\"yoast-schema-graph\">{\"@context\":\"https:\\\/\\\/schema.org\",\"@graph\":[{\"@type\":\"Article\",\"@id\":\"https:\\\/\\\/www.backwinkel.de\\\/blog\\\/kindeswohlgefaehrdung\\\/#article\",\"isPartOf\":{\"@id\":\"https:\\\/\\\/www.backwinkel.de\\\/blog\\\/kindeswohlgefaehrdung\\\/\"},\"author\":{\"name\":\"admin_backwinkel\",\"@id\":\"https:\\\/\\\/www.backwinkel.de\\\/blog\\\/#\\\/schema\\\/person\\\/88b842297c0e471020a66f4476633cf2\"},\"headline\":\"Kindeswohlgef\u00e4hrdung\",\"datePublished\":\"2024-05-13T08:15:42+00:00\",\"dateModified\":\"2026-04-27T06:35:50+00:00\",\"mainEntityOfPage\":{\"@id\":\"https:\\\/\\\/www.backwinkel.de\\\/blog\\\/kindeswohlgefaehrdung\\\/\"},\"wordCount\":5712,\"image\":{\"@id\":\"https:\\\/\\\/www.backwinkel.de\\\/blog\\\/kindeswohlgefaehrdung\\\/#primaryimage\"},\"thumbnailUrl\":\"https:\\\/\\\/www.backwinkel.de\\\/blog\\\/wp-content\\\/uploads\\\/2024\\\/05\\\/Kindeswohlgefaehrdung-heroimage.jpg\",\"articleSection\":[\"Kindergarten\"],\"inLanguage\":\"de\"},{\"@type\":\"WebPage\",\"@id\":\"https:\\\/\\\/www.backwinkel.de\\\/blog\\\/kindeswohlgefaehrdung\\\/\",\"url\":\"https:\\\/\\\/www.backwinkel.de\\\/blog\\\/kindeswohlgefaehrdung\\\/\",\"name\":\"Kindeswohlgef\u00e4hrdung | BACKWINKEL Blog\",\"isPartOf\":{\"@id\":\"https:\\\/\\\/www.backwinkel.de\\\/blog\\\/#website\"},\"primaryImageOfPage\":{\"@id\":\"https:\\\/\\\/www.backwinkel.de\\\/blog\\\/kindeswohlgefaehrdung\\\/#primaryimage\"},\"image\":{\"@id\":\"https:\\\/\\\/www.backwinkel.de\\\/blog\\\/kindeswohlgefaehrdung\\\/#primaryimage\"},\"thumbnailUrl\":\"https:\\\/\\\/www.backwinkel.de\\\/blog\\\/wp-content\\\/uploads\\\/2024\\\/05\\\/Kindeswohlgefaehrdung-heroimage.jpg\",\"datePublished\":\"2024-05-13T08:15:42+00:00\",\"dateModified\":\"2026-04-27T06:35:50+00:00\",\"author\":{\"@id\":\"https:\\\/\\\/www.backwinkel.de\\\/blog\\\/#\\\/schema\\\/person\\\/88b842297c0e471020a66f4476633cf2\"},\"description\":\"Woran Sie Kindeswohlgef\u00e4hrdung erkennen und wie Sie im Verdachtsfall richtig handeln, um Ihre Kinder zu sch\u00fctzen \u00bb Jetzt lesen!\",\"breadcrumb\":{\"@id\":\"https:\\\/\\\/www.backwinkel.de\\\/blog\\\/kindeswohlgefaehrdung\\\/#breadcrumb\"},\"inLanguage\":\"de\",\"potentialAction\":[{\"@type\":\"ReadAction\",\"target\":[\"https:\\\/\\\/www.backwinkel.de\\\/blog\\\/kindeswohlgefaehrdung\\\/\"]}]},{\"@type\":\"ImageObject\",\"inLanguage\":\"de\",\"@id\":\"https:\\\/\\\/www.backwinkel.de\\\/blog\\\/kindeswohlgefaehrdung\\\/#primaryimage\",\"url\":\"https:\\\/\\\/www.backwinkel.de\\\/blog\\\/wp-content\\\/uploads\\\/2024\\\/05\\\/Kindeswohlgefaehrdung-heroimage.jpg\",\"contentUrl\":\"https:\\\/\\\/www.backwinkel.de\\\/blog\\\/wp-content\\\/uploads\\\/2024\\\/05\\\/Kindeswohlgefaehrdung-heroimage.jpg\",\"width\":1200,\"height\":628},{\"@type\":\"BreadcrumbList\",\"@id\":\"https:\\\/\\\/www.backwinkel.de\\\/blog\\\/kindeswohlgefaehrdung\\\/#breadcrumb\",\"itemListElement\":[{\"@type\":\"ListItem\",\"position\":1,\"name\":\"Startseite\",\"item\":\"https:\\\/\\\/blog.backwinkel.de\\\/aktuelles\\\/\"},{\"@type\":\"ListItem\",\"position\":2,\"name\":\"Kindeswohlgef\u00e4hrdung\"}]},{\"@type\":\"WebSite\",\"@id\":\"https:\\\/\\\/www.backwinkel.de\\\/blog\\\/#website\",\"url\":\"https:\\\/\\\/www.backwinkel.de\\\/blog\\\/\",\"name\":\"BACKWINKEL Blog\",\"description\":\"f\u00fcr Lehrer, Erzieher und Eltern\",\"potentialAction\":[{\"@type\":\"SearchAction\",\"target\":{\"@type\":\"EntryPoint\",\"urlTemplate\":\"https:\\\/\\\/www.backwinkel.de\\\/blog\\\/?s={search_term_string}\"},\"query-input\":{\"@type\":\"PropertyValueSpecification\",\"valueRequired\":true,\"valueName\":\"search_term_string\"}}],\"inLanguage\":\"de\"},{\"@type\":\"Person\",\"@id\":\"https:\\\/\\\/www.backwinkel.de\\\/blog\\\/#\\\/schema\\\/person\\\/88b842297c0e471020a66f4476633cf2\",\"name\":\"admin_backwinkel\",\"url\":\"https:\\\/\\\/www.backwinkel.de\\\/blog\\\/author\\\/admin_backwinkel\\\/\"}]}<\/script>\n<!-- \/ Yoast SEO plugin. -->","yoast_head_json":{"title":"Kindeswohlgef\u00e4hrdung | BACKWINKEL Blog","description":"Woran Sie Kindeswohlgef\u00e4hrdung erkennen und wie Sie im Verdachtsfall richtig handeln, um Ihre Kinder zu sch\u00fctzen \u00bb Jetzt lesen!","robots":{"index":"index","follow":"follow","max-snippet":"max-snippet:-1","max-image-preview":"max-image-preview:large","max-video-preview":"max-video-preview:-1"},"canonical":"https:\/\/www.backwinkel.de\/blog\/kindeswohlgefaehrdung\/","og_locale":"de_DE","og_type":"article","og_title":"Kindeswohlgef\u00e4hrdung | BACKWINKEL Blog","og_description":"Woran Sie Kindeswohlgef\u00e4hrdung erkennen und wie Sie im Verdachtsfall richtig handeln, um Ihre Kinder zu sch\u00fctzen \u00bb Jetzt lesen!","og_url":"https:\/\/www.backwinkel.de\/blog\/kindeswohlgefaehrdung\/","og_site_name":"BACKWINKEL Blog","article_published_time":"2024-05-13T08:15:42+00:00","article_modified_time":"2026-04-27T06:35:50+00:00","og_image":[{"width":1200,"height":628,"url":"https:\/\/www.backwinkel.de\/blog\/wp-content\/uploads\/2024\/05\/Kindeswohlgefaehrdung-heroimage.jpg","type":"image\/jpeg"}],"author":"admin_backwinkel","twitter_card":"summary_large_image","twitter_misc":{"Verfasst von":"admin_backwinkel","Gesch\u00e4tzte Lesezeit":"15\u00a0Minuten"},"schema":{"@context":"https:\/\/schema.org","@graph":[{"@type":"Article","@id":"https:\/\/www.backwinkel.de\/blog\/kindeswohlgefaehrdung\/#article","isPartOf":{"@id":"https:\/\/www.backwinkel.de\/blog\/kindeswohlgefaehrdung\/"},"author":{"name":"admin_backwinkel","@id":"https:\/\/www.backwinkel.de\/blog\/#\/schema\/person\/88b842297c0e471020a66f4476633cf2"},"headline":"Kindeswohlgef\u00e4hrdung","datePublished":"2024-05-13T08:15:42+00:00","dateModified":"2026-04-27T06:35:50+00:00","mainEntityOfPage":{"@id":"https:\/\/www.backwinkel.de\/blog\/kindeswohlgefaehrdung\/"},"wordCount":5712,"image":{"@id":"https:\/\/www.backwinkel.de\/blog\/kindeswohlgefaehrdung\/#primaryimage"},"thumbnailUrl":"https:\/\/www.backwinkel.de\/blog\/wp-content\/uploads\/2024\/05\/Kindeswohlgefaehrdung-heroimage.jpg","articleSection":["Kindergarten"],"inLanguage":"de"},{"@type":"WebPage","@id":"https:\/\/www.backwinkel.de\/blog\/kindeswohlgefaehrdung\/","url":"https:\/\/www.backwinkel.de\/blog\/kindeswohlgefaehrdung\/","name":"Kindeswohlgef\u00e4hrdung | BACKWINKEL Blog","isPartOf":{"@id":"https:\/\/www.backwinkel.de\/blog\/#website"},"primaryImageOfPage":{"@id":"https:\/\/www.backwinkel.de\/blog\/kindeswohlgefaehrdung\/#primaryimage"},"image":{"@id":"https:\/\/www.backwinkel.de\/blog\/kindeswohlgefaehrdung\/#primaryimage"},"thumbnailUrl":"https:\/\/www.backwinkel.de\/blog\/wp-content\/uploads\/2024\/05\/Kindeswohlgefaehrdung-heroimage.jpg","datePublished":"2024-05-13T08:15:42+00:00","dateModified":"2026-04-27T06:35:50+00:00","author":{"@id":"https:\/\/www.backwinkel.de\/blog\/#\/schema\/person\/88b842297c0e471020a66f4476633cf2"},"description":"Woran Sie Kindeswohlgef\u00e4hrdung erkennen und wie Sie im Verdachtsfall richtig handeln, um Ihre Kinder zu sch\u00fctzen \u00bb Jetzt lesen!","breadcrumb":{"@id":"https:\/\/www.backwinkel.de\/blog\/kindeswohlgefaehrdung\/#breadcrumb"},"inLanguage":"de","potentialAction":[{"@type":"ReadAction","target":["https:\/\/www.backwinkel.de\/blog\/kindeswohlgefaehrdung\/"]}]},{"@type":"ImageObject","inLanguage":"de","@id":"https:\/\/www.backwinkel.de\/blog\/kindeswohlgefaehrdung\/#primaryimage","url":"https:\/\/www.backwinkel.de\/blog\/wp-content\/uploads\/2024\/05\/Kindeswohlgefaehrdung-heroimage.jpg","contentUrl":"https:\/\/www.backwinkel.de\/blog\/wp-content\/uploads\/2024\/05\/Kindeswohlgefaehrdung-heroimage.jpg","width":1200,"height":628},{"@type":"BreadcrumbList","@id":"https:\/\/www.backwinkel.de\/blog\/kindeswohlgefaehrdung\/#breadcrumb","itemListElement":[{"@type":"ListItem","position":1,"name":"Startseite","item":"https:\/\/blog.backwinkel.de\/aktuelles\/"},{"@type":"ListItem","position":2,"name":"Kindeswohlgef\u00e4hrdung"}]},{"@type":"WebSite","@id":"https:\/\/www.backwinkel.de\/blog\/#website","url":"https:\/\/www.backwinkel.de\/blog\/","name":"BACKWINKEL Blog","description":"f\u00fcr Lehrer, Erzieher und Eltern","potentialAction":[{"@type":"SearchAction","target":{"@type":"EntryPoint","urlTemplate":"https:\/\/www.backwinkel.de\/blog\/?s={search_term_string}"},"query-input":{"@type":"PropertyValueSpecification","valueRequired":true,"valueName":"search_term_string"}}],"inLanguage":"de"},{"@type":"Person","@id":"https:\/\/www.backwinkel.de\/blog\/#\/schema\/person\/88b842297c0e471020a66f4476633cf2","name":"admin_backwinkel","url":"https:\/\/www.backwinkel.de\/blog\/author\/admin_backwinkel\/"}]}},"_links":{"self":[{"href":"https:\/\/www.backwinkel.de\/blog\/wp-json\/wp\/v2\/posts\/13705","targetHints":{"allow":["GET"]}}],"collection":[{"href":"https:\/\/www.backwinkel.de\/blog\/wp-json\/wp\/v2\/posts"}],"about":[{"href":"https:\/\/www.backwinkel.de\/blog\/wp-json\/wp\/v2\/types\/post"}],"author":[{"embeddable":true,"href":"https:\/\/www.backwinkel.de\/blog\/wp-json\/wp\/v2\/users\/1"}],"replies":[{"embeddable":true,"href":"https:\/\/www.backwinkel.de\/blog\/wp-json\/wp\/v2\/comments?post=13705"}],"version-history":[{"count":2,"href":"https:\/\/www.backwinkel.de\/blog\/wp-json\/wp\/v2\/posts\/13705\/revisions"}],"predecessor-version":[{"id":19019,"href":"https:\/\/www.backwinkel.de\/blog\/wp-json\/wp\/v2\/posts\/13705\/revisions\/19019"}],"wp:featuredmedia":[{"embeddable":true,"href":"https:\/\/www.backwinkel.de\/blog\/wp-json\/wp\/v2\/media\/13876"}],"wp:attachment":[{"href":"https:\/\/www.backwinkel.de\/blog\/wp-json\/wp\/v2\/media?parent=13705"}],"wp:term":[{"taxonomy":"category","embeddable":true,"href":"https:\/\/www.backwinkel.de\/blog\/wp-json\/wp\/v2\/categories?post=13705"},{"taxonomy":"post_tag","embeddable":true,"href":"https:\/\/www.backwinkel.de\/blog\/wp-json\/wp\/v2\/tags?post=13705"}],"curies":[{"name":"wp","href":"https:\/\/api.w.org\/{rel}","templated":true}]}}