{"id":13427,"date":"2024-03-11T12:16:42","date_gmt":"2024-03-11T11:16:42","guid":{"rendered":"https:\/\/www.backwinkel.de\/blog\/?p=13427"},"modified":"2026-04-27T08:38:47","modified_gmt":"2026-04-27T06:38:47","slug":"nachhaltige-projektideen","status":"publish","type":"post","link":"https:\/\/www.backwinkel.de\/blog\/nachhaltige-projektideen\/","title":{"rendered":"11 nachhaltige Projektideen f\u00fcr die Grundschule"},"content":{"rendered":"\n<style type=\"text\/css\" data-created_by=\"avia_inline_auto\" id=\"style-css-av-1o9i20c-585c90b249b7391778c0ca595b8a52c2\">\n.flex_column.av-1o9i20c-585c90b249b7391778c0ca595b8a52c2{\nborder-radius:0px 0px 0px 0px;\npadding:0px 0px 0px 0px;\n}\n<\/style>\n<div  class='flex_column av-1o9i20c-585c90b249b7391778c0ca595b8a52c2 av_one_full  avia-builder-el-0  el_before_av_three_fifth  avia-builder-el-first  first flex_column_div av-zero-column-padding  '     ><p>\n<style type=\"text\/css\" data-created_by=\"avia_inline_auto\" id=\"style-css-av-1mbf4e4-1609d55f243e97c311d4e4755c4441f8\">\n#top .hr.hr-invisible.av-1mbf4e4-1609d55f243e97c311d4e4755c4441f8{\nmargin-top:0px;\nheight:1px;\n}\n<\/style>\n<div  class='hr av-1mbf4e4-1609d55f243e97c311d4e4755c4441f8 hr-invisible  avia-builder-el-1  el_before_av_heading  avia-builder-el-first '><span class='hr-inner '><span class=\"hr-inner-style\"><\/span><\/span><\/div><br \/>\n\n<style type=\"text\/css\" data-created_by=\"avia_inline_auto\" id=\"style-css-av-l7efmkmv-d03d685d06596ae017934929ee8f0a7e\">\n#top .av-special-heading.av-l7efmkmv-d03d685d06596ae017934929ee8f0a7e{\npadding-bottom:10px;\n}\nbody .av-special-heading.av-l7efmkmv-d03d685d06596ae017934929ee8f0a7e .av-special-heading-tag .heading-char{\nfont-size:25px;\n}\n.av-special-heading.av-l7efmkmv-d03d685d06596ae017934929ee8f0a7e .av-subheading{\nfont-size:15px;\n}\n<\/style>\n<div  class='av-special-heading av-l7efmkmv-d03d685d06596ae017934929ee8f0a7e av-special-heading-h1 blockquote modern-quote  avia-builder-el-2  el_after_av_hr  el_before_av_post_metadata  av-linked-heading'><h1 class='av-special-heading-tag '  >11 nachhaltige Projektideen f\u00fcr die Grundschule. So entwickeln Ihre SuS ein Bewusstsein f\u00fcr Klima, Umweltschutz, Tiere und Pflanzen <\/h1><div class='av-subheading av-subheading_below'><p class=\"autorenname\">Elisa Morel<\/p>\n<\/div><div class=\"special-heading-border\"><div class=\"special-heading-inner-border\"><\/div><\/div><\/div><br \/>\n\n<style type=\"text\/css\" data-created_by=\"avia_inline_auto\" id=\"style-css-av-1iinq1f-e69d6af0b360b71ba9ca902cd1dcb75b\">\n#top .av-post-metadata-container.av-1iinq1f-e69d6af0b360b71ba9ca902cd1dcb75b{\nfont-size:12px;\n}\n#top .av-post-metadata-container.av-1iinq1f-e69d6af0b360b71ba9ca902cd1dcb75b .av-post-metadata-container-inner{\nfont-size:12px;\n}\n<\/style>\n<div  class='av-post-metadata-container av-1iinq1f-e69d6af0b360b71ba9ca902cd1dcb75b av-metadata-container-align-left  avia-builder-el-3  el_after_av_heading  el_before_av_textblock  av-metadata-container-1'><div class='av-post-metadata-container-inner'><span class=\"av-post-metadata-content av-post-metadata-meta-content\"><span class=\"av-post-metadata-content av-post-metadata-modified\"><span class=\"av-metadata-before av-metadata-before-modified\">Aktualisiert:<\/span><span class=\"av-post-metadata-modified-date\" >27. April 2026<\/span><\/span><span class=\"av-post-metadata-content av-post-metadata-separator\">\/<\/span><span class=\"av-post-metadata-content av-post-metadata-modified\"><span class=\"av-metadata-before av-metadata-before-modified\">Zuletzt aktualisiert:<\/span><span class=\"av-post-metadata-modified-date\" >27. April 2026<\/span><\/span><\/span><\/div><\/div><br \/>\n\n<style type=\"text\/css\" data-created_by=\"avia_inline_auto\" id=\"style-css-av-1l3ru18-35ff8c02bfbaf158e187220e3571c7be\">\n#top .av_textblock_section.av-1l3ru18-35ff8c02bfbaf158e187220e3571c7be .avia_textblock{\nfont-size:20px;\n}\n<\/style>\n<section  class='av_textblock_section av-1l3ru18-35ff8c02bfbaf158e187220e3571c7be '  ><div class='avia_textblock' ><p>Umweltbewusstes Verhalten hat viele Gesichter. Daher gibt es auch viele verschiedene M\u00f6glichkeiten, Ihre SuS f\u00fcr das Thema Nachhaltigkeit zu sensibilisieren. Dies wird angesichts der Klimakrise, die wir durch unseren Konsum stetig befeuern, immer wichtiger.<\/p>\n<\/div><\/section><br \/>\n\n<style type=\"text\/css\" data-created_by=\"avia_inline_auto\" id=\"style-css-av-1jqb53g-15cd79eeaa310ad5e1592d146b3259b7\">\n.avia-image-container.av-1jqb53g-15cd79eeaa310ad5e1592d146b3259b7 img.avia_image{\nbox-shadow:none;\n}\n.avia-image-container.av-1jqb53g-15cd79eeaa310ad5e1592d146b3259b7 .av-image-caption-overlay-center{\ncolor:#ffffff;\n}\n<\/style>\n<div  class='avia-image-container av-1jqb53g-15cd79eeaa310ad5e1592d146b3259b7 av-styling- avia-align-center  avia-builder-el-5  el_after_av_textblock  el_before_av_hr '  ><div class=\"avia-image-container-inner\"><div class=\"avia-image-overlay-wrap\"><img decoding=\"async\" fetchpriority=\"high\" class='wp-image-13480 avia-img-lazy-loading-not-13480 avia_image ' src=\"https:\/\/www.backwinkel.de\/blog\/wp-content\/uploads\/2024\/03\/Projektideen-heroimage.jpg\" alt='' title='Projektideen-heroimage'  height=\"628\" width=\"1200\"  \/><\/div><\/div><\/div><br \/>\n\n<style type=\"text\/css\" data-created_by=\"avia_inline_auto\" id=\"style-css-av-1ihdk2k-490466749631930779e0c398aab49f79\">\n#top .hr.hr-invisible.av-1ihdk2k-490466749631930779e0c398aab49f79{\nheight:5px;\n}\n<\/style>\n<div  class='hr av-1ihdk2k-490466749631930779e0c398aab49f79 hr-invisible  avia-builder-el-6  el_after_av_image  el_before_av_textblock '><span class='hr-inner '><span class=\"hr-inner-style\"><\/span><\/span><\/div><br \/>\n\n<style type=\"text\/css\" data-created_by=\"avia_inline_auto\" id=\"style-css-av-1fib6cs-3d25d3b933bbfa346d8df9005c3c214e\">\n#top .av_textblock_section.av-1fib6cs-3d25d3b933bbfa346d8df9005c3c214e .avia_textblock{\nfont-size:10px;\n}\n<\/style>\n<section  class='av_textblock_section av-1fib6cs-3d25d3b933bbfa346d8df9005c3c214e '  ><div class='avia_textblock' ><p class=\"bildnennung-beitrag\" style=\"text-align: left;\">\u00a9 ADOBE Stock<\/p>\n<\/div><\/section><br \/>\n\n<style type=\"text\/css\" data-created_by=\"avia_inline_auto\" id=\"style-css-av-1ec344s-876a649f5243c9280738f668f0aa8d8e\">\n#top .hr.hr-invisible.av-1ec344s-876a649f5243c9280738f668f0aa8d8e{\nheight:20px;\n}\n<\/style>\n<div  class='hr av-1ec344s-876a649f5243c9280738f668f0aa8d8e hr-invisible  avia-builder-el-8  el_after_av_textblock  el_before_av_textblock '><span class='hr-inner '><span class=\"hr-inner-style\"><\/span><\/span><\/div><br \/>\n\n<style type=\"text\/css\" data-created_by=\"avia_inline_auto\" id=\"style-css-av-1czjn6k-7dbedcbfbffba5ae585714638369d934\">\n#top .av_textblock_section.av-1czjn6k-7dbedcbfbffba5ae585714638369d934 .avia_textblock{\nfont-size:20px;\n}\n<\/style>\n<section  class='av_textblock_section av-1czjn6k-7dbedcbfbffba5ae585714638369d934 '  ><div class='avia_textblock' ><p>Dabei findet jeder Mensch in seinem Alltag Gelegenheit, sich aktiv f\u00fcr den Klimaschutz einzusetzen, und meistens ist daf\u00fcr keine tiefgreifende Verhaltens\u00e4nderung notwendig. Ob es der Schutz von Insekten oder das Nachdenken \u00fcber eigenes Ess- und Konsumverhalten ist, ob Sie gemeinsam g\u00e4rtnern, M\u00fcll sammeln, upcyceln oder einen Blick in andere L\u00e4nder werfen \u2013 unsere 11 nachhaltigen Projektideen garantieren Lernspa\u00df und Abwechslung und beleuchten Nachhaltigkeit aus unterschiedlichen Perspektiven.<\/p>\n<\/div><\/section><\/p><\/div>\n<style type=\"text\/css\" data-created_by=\"avia_inline_auto\" id=\"style-css-av-1buht0s-f8ce17d1f3484a85efdf5f8e34e84ab3\">\n.flex_column.av-1buht0s-f8ce17d1f3484a85efdf5f8e34e84ab3{\nborder-radius:0px 0px 0px 0px;\npadding:20px 20px 20px 20px;\nbackground-color:#f2f2f2;\n}\n<\/style>\n<div  class='flex_column av-1buht0s-f8ce17d1f3484a85efdf5f8e34e84ab3 av_three_fifth  avia-builder-el-10  el_after_av_one_full  el_before_av_two_fifth  first flex_column_div  column-top-margin'     ><style type=\"text\/css\" data-created_by=\"avia_inline_auto\" id=\"style-css-av-18u84nw-c23769b7197ef8c52c74b2b6205379af\">\n#top .av_textblock_section.av-18u84nw-c23769b7197ef8c52c74b2b6205379af .avia_textblock{\nfont-size:14px;\n}\n<\/style>\n<section  class='av_textblock_section av-18u84nw-c23769b7197ef8c52c74b2b6205379af '  ><div class='avia_textblock' ><p><strong>Inhalt<\/strong><br \/>\n<strong><a href=\"#1\">1. Die Vorteile von Projektarbeit in der Grundschule<\/a><\/strong><\/p>\n<p><strong><a href=\"#2\">2. Warum ist Nachhaltigkeit so wichtig?<\/a><\/strong><\/p>\n<p><strong><a href=\"#3\">3. 11 nachhaltige Projektideen <\/a><\/strong><strong><br \/>\n<\/strong>3.1. Klimawandel, Klimakrise, Klimaangst verstehen<br \/>\n3.2. Retten Sie gemeinsam Bienen!<br \/>\n3.3. Be my butterfly<br \/>\n3.4. Indoor-G\u00e4rtnern<br \/>\n3.5. Plastikfrei(er) leben<br \/>\n3.6. Machen Sie Ihr Umfeld m\u00fcllfrei<br \/>\n3.7. Upcycling<br \/>\n3.8. Woher kommt unser Essen?<br \/>\n3.9. Der Regenwald im Portr\u00e4t<br \/>\n3.10. Leben ohne Strom<br \/>\n3.11. Kleidung ist Kleidung \u2013 oder doch nicht?<\/p>\n<\/div><\/section><\/div><\/p>\n\n<style type=\"text\/css\" data-created_by=\"avia_inline_auto\" id=\"style-css-av-179bqdo-cb7f1c2bcdaac94125f51a0fc4936596\">\n.flex_column.av-179bqdo-cb7f1c2bcdaac94125f51a0fc4936596{\nborder-radius:0px 0px 0px 0px;\npadding:0 0 0 0;\n}\n<\/style>\n<div  class='flex_column av-179bqdo-cb7f1c2bcdaac94125f51a0fc4936596 av_two_fifth  avia-builder-el-12  el_after_av_three_fifth  el_before_av_sidebar  flex_column_div av-zero-column-padding  column-top-margin'     ><\/div>\n<div  class='avia-builder-widget-area clearfix  avia-builder-el-13  el_after_av_two_fifth  el_before_av_one_full '><div id=\"text-34\" class=\"widget clearfix widget_text\">\t\t\t<div class=\"textwidget\"><p><a href=\"https:\/\/www.backwinkel.de\/nachhaltig-denken\/\" target=\"\\_blank\" rel=\"noopener\"><br \/>\n<img decoding=\"async\" class=\"werbung-desktop alignnone wp-image-4186 size-full\" src=\"https:\/\/www.backwinkel.de\/blog\/wp-content\/uploads\/2026\/04\/Backwinkel-blog-werbebanner-shop-schule_desktop.jpg\" alt=\"\" width=\"1251\" height=\"201\" \/><br \/>\n<\/a><br \/>\n<a href=\"https:\/\/www.backwinkel.de\/nachhaltig-denken\/\" target=\"\\_blank\" rel=\"noopener\"><br \/>\n<img decoding=\"async\" class=\"werbung-mobile alignnone wp-image-4187 size-full\" src=\"https:\/\/www.backwinkel.de\/blog\/wp-content\/uploads\/2026\/04\/Backwinkel-blog-werbebanner-shop-schule_mobile.jpg\" alt=\"\" width=\"550\" height=\"500\" \/><br \/>\n<\/a><\/p>\n<\/div>\n\t\t<\/div><\/div>\n\n<style type=\"text\/css\" data-created_by=\"avia_inline_auto\" id=\"style-css-av-3jr9tou-cf58b53925ebc83a3e24a4577ae47108\">\n.flex_column.av-3jr9tou-cf58b53925ebc83a3e24a4577ae47108{\nborder-radius:0px 0px 0px 0px;\npadding:0px 0px 0px 0px;\n}\n<\/style>\n<div  class='flex_column av-3jr9tou-cf58b53925ebc83a3e24a4577ae47108 av_one_full  avia-builder-el-14  el_after_av_sidebar  el_before_av_one_full  first flex_column_div av-zero-column-padding  '     ><section  class='av_textblock_section av-359nylq-cb0a7e8726c36199eee2c259c39a9ca3 '  ><div class='avia_textblock' >\n<style type=\"text\/css\" data-created_by=\"avia_inline_auto\" id=\"style-css-av-2i80f4e-cb6d5821c564aec79e6d3682b86099b8\">\n#top .hr.hr-invisible.av-2i80f4e-cb6d5821c564aec79e6d3682b86099b8{\nheight:20px;\n}\n<\/style>\n<div  class='hr av-2i80f4e-cb6d5821c564aec79e6d3682b86099b8 hr-invisible  avia-builder-el-16  avia-builder-el-no-sibling '><span class='hr-inner '><span class=\"hr-inner-style\"><\/span><\/span><\/div>\n<h2 id=\"1\" class=\"position\"><strong>Die Vorteile von Projektarbeit in der Grundschule <\/strong><\/h2>\n<ul>\n<li>haben Zeit genug, sich <strong>intensiv<\/strong> mit einem Thema auseinanderzusetzen.<\/li>\n<li>erschlie\u00dfen sich die Inhalte <strong>interaktiv<\/strong> und \u00fcber verschiedene Methoden.<\/li>\n<li>bringen sich ihren <strong>St\u00e4rken<\/strong> entsprechend ein.<\/li>\n<li>finden eigenst\u00e4ndig weitere Fragen und stellen bestenfalls <strong>Alltagsbez\u00fcge<\/strong> her.<\/li>\n<li>erwerben oder <strong>st\u00e4rken verschiedene Kompetenzen<\/strong> wie kritisches Hinterfragen, Recherchieren, Empathie, Kreativit\u00e4t oder Probleml\u00f6sef\u00e4higkeit.<\/li>\n<li>sind <strong>motiviert<\/strong>, mehr zu erfahren und mitzuarbeiten.<\/li>\n<li>profitieren von der <strong>Abwechslung<\/strong>, die durch Projekte m\u00f6glich ist.<\/li>\n<\/ul>\n<p>F\u00fcr Sie als Lehrkraft ist die Planung eines Unterrichtsprojekts nat\u00fcrlich mit Aufwand verbunden. Doch wenn das Projekt einmal steht, k\u00f6nnen Sie es jahrelang in verschiedenen Klassen durchf\u00fchren und m\u00fcssen maximal kleine Aktualisierungen oder Verbesserungen vornehmen.<\/p>\n<p>Es muss ja auch nicht immer alles streng nach Plan klappen \u2013 vielleicht ergeben sich im Verlauf des Projekts Fragen seitens Ihrer SuS, die Sie gemeinsam beantworten m\u00f6chten, oder ein Thema stellt sich als weniger spannend heraus als gedacht. Seien Sie flexibel und nicht so kritisch mit sich selbst \u2013 auf jeden Fall werden Ihre Kinder immer eine Menge lernen und Spa\u00df haben, wenn sie z. B. R\u00e4tsel erstellen, Bilder ausmalen oder Tiere beobachten. Im regen Austausch mit Ihren Kolleginnen und Kollegen ist es sicher auch m\u00f6glich, auf deren Projektentw\u00fcrfe zur\u00fcckzugreifen.<\/p>\n<\/div><\/section><\/div>\n\n<style type=\"text\/css\" data-created_by=\"avia_inline_auto\" id=\"style-css-av-15xc97y-0ab3263c46961160a132210676ea7b60\">\n.flex_column.av-15xc97y-0ab3263c46961160a132210676ea7b60{\nborder-radius:0px 0px 0px 0px;\npadding:0px 0px 0px 0px;\n}\n<\/style>\n<div  class='flex_column av-15xc97y-0ab3263c46961160a132210676ea7b60 av_one_full  avia-builder-el-17  el_after_av_one_full  el_before_av_one_full  first flex_column_div av-zero-column-padding  column-top-margin'     ><section  class='av_textblock_section av-lnlqic5z-341b39b472f34da6dd1d5468f0f4417b '  ><div class='avia_textblock' >\n<style type=\"text\/css\" data-created_by=\"avia_inline_auto\" id=\"style-css-av-o1k8su-acb4ff1c33f624442d9ad85106844987\">\n#top .hr.hr-invisible.av-o1k8su-acb4ff1c33f624442d9ad85106844987{\nheight:20px;\n}\n<\/style>\n<div  class='hr av-o1k8su-acb4ff1c33f624442d9ad85106844987 hr-invisible  avia-builder-el-19  avia-builder-el-no-sibling '><span class='hr-inner '><span class=\"hr-inner-style\"><\/span><\/span><\/div>\n<h2 id=\"2\" class=\"position\"><strong>Warum ist Nachhaltigkeit so wichtig? <\/strong><\/h2>\n<p>Das Thema Nachhaltigkeit betrifft viele verschiedene Lebensbereiche unseres Alltags. Oft sind unser <strong>Konsum<\/strong> und unser <strong>Verhalten<\/strong> f\u00fcr uns so <strong>selbstverst\u00e4ndlich<\/strong>, dass wir nicht mehr hinterfragen, ob wir das Richtige tun oder es besser machen k\u00f6nnen.<\/p>\n<p>Ein Blick auf die Folgen f\u00fcr <strong>Artenvielfalt<\/strong>, <strong>Umweltverschmutzung<\/strong>, <strong>Menschenrechte<\/strong> und <strong>Klimawandel<\/strong> macht nachdenklich und regt dazu an, eigenen Gewohnheiten zu reflektieren. So k\u00f6nnen alle einen Beitrag leisten, um unsere Umwelt zu sch\u00fctzen, denn ein nachhaltiger Lebensstil sichert unsere Zukunft auf der Erde.<\/p>\n<p>\u201eWir gehen mit dieser Welt um, als h\u00e4tten wie noch eine zweite im Kofferraum.\u201c \u2013 Jane Fonda, US-amerikanische Schauspielerin, B\u00fcrgerrechtlerin und Klimaschutzaktivistin<\/p>\n<p>Dass Nachhaltigkeit so wichtig (geworden) ist, liegt nat\u00fcrlich vor allem an unserem Lebensstil, der <strong>Industrialisierung und Globalisierung<\/strong>. W\u00e4ren wir ein Naturvolk, k\u00e4men wir weder auf die Idee, alle zwei Jahre ein neues Smartphone zu kaufen, um die Welt zu jetten oder noch mehr B\u00e4ume zu f\u00e4llen und mehr Tiere zu jagen, als wir verwerten k\u00f6nnen oder m\u00fcssten.<\/p>\n<p>Gleichzeitig ist Nachhaltigkeit auch in vielen <strong>MINT-Themen<\/strong> zu finden und somit ein perfekter Ankn\u00fcpfungspunkt f\u00fcr naturwissenschaftliches Interesse und Wissen. Da der <strong>Alltagsbezug<\/strong> meistens automatisch gegeben ist, verstehen die Sch\u00fcler schnell die Relevanz der Probleme und begreifen so die <strong>Zusammenh\u00e4nge<\/strong> zwischen dem Verhalten des Einzelnen und globalen Auswirkungen.<\/p>\n<\/div><\/section><\/div>\n\n<style type=\"text\/css\" data-created_by=\"avia_inline_auto\" id=\"style-css-av-28fb7aa-24e734733612ebdb61e01684b7188dfc\">\n.flex_column.av-28fb7aa-24e734733612ebdb61e01684b7188dfc{\nborder-radius:0px 0px 0px 0px;\npadding:0px 0px 0px 0px;\n}\n<\/style>\n<div  class='flex_column av-28fb7aa-24e734733612ebdb61e01684b7188dfc av_one_full  avia-builder-el-20  el_after_av_one_full  el_before_av_one_full  first flex_column_div av-zero-column-padding  column-top-margin'     ><section  class='av_textblock_section av-lgca4yvj-8b58d22233c164727f29e64155bc7acc '  ><div class='avia_textblock' >\n<style type=\"text\/css\" data-created_by=\"avia_inline_auto\" id=\"style-css-av-1s0gmjm-08f2030119244206e85f4f450f9212cc\">\n#top .hr.hr-invisible.av-1s0gmjm-08f2030119244206e85f4f450f9212cc{\nheight:20px;\n}\n<\/style>\n<div  class='hr av-1s0gmjm-08f2030119244206e85f4f450f9212cc hr-invisible  avia-builder-el-22  avia-builder-el-no-sibling '><span class='hr-inner '><span class=\"hr-inner-style\"><\/span><\/span><\/div>\n<h2 id=\"3\" class=\"position\"><strong>11 nachhaltige Projektideen <\/strong><\/h2>\n<p>Im Folgenden haben wir <strong>11 Projektideen zum Thema Nachhaltigkeit<\/strong> f\u00fcr Sie zusammengestellt. Wie Sie selbst wissen, ist Nachhaltigkeit ein riesiges Feld. Es gibt also noch viel mehr zu hinterfragen und zu erforschen. Wahrscheinlich werden Ihre SuS selbst Ideen und Fragen entwickeln, wenn sie in die Materie eingetaucht sind und anfangen, selbstst\u00e4ndig \u00fcber Nachhaltigkeit nachzudenken.<\/p>\n<p>Auch <strong>Interviews mit verschiedenen Experten<\/strong> (Landwirte, Klimasch\u00fctzer, Umweltschutztechniker, Forstwirt, G\u00e4rtner, Landschaftspfleger, Umweltplaner) oder den Gro\u00dfeltern zum Thema Nachhaltigkeit sind spannend. Eine Umfrage im n\u00e4heren pers\u00f6nlichen Umfeld kann ebenso aufschlussreich und ein toller Einstieg sein.<\/p>\n<\/div><\/section><\/div>\n\n<style type=\"text\/css\" data-created_by=\"avia_inline_auto\" id=\"style-css-av-3av9ciq-abc01eb856fc99192c8daa570d2d814e\">\n.flex_column.av-3av9ciq-abc01eb856fc99192c8daa570d2d814e{\nborder-radius:0px 0px 0px 0px;\npadding:0px 0px 0px 0px;\n}\n<\/style>\n<div  class='flex_column av-3av9ciq-abc01eb856fc99192c8daa570d2d814e av_one_full  avia-builder-el-23  el_after_av_one_full  el_before_av_one_full  first flex_column_div av-zero-column-padding  column-top-margin'     ><section  class='av_textblock_section av-lqxhkf3w-2bb475b3b918e980c600cd4fcaed9d7c '  ><div class='avia_textblock infoboxGreen' ><p><strong>Tipp<\/strong>: Viele <strong>Umweltschutzorganisationen<\/strong> bieten Projekte, Patenschaften, Camps, Wettbewerbe oder Mitgliedschaften f\u00fcr Kinder an. Ein Besuch auf den Seiten von WWF Junior, NABU, Greenpeace und anderen lohnt sich also auf jeden Fall. Die Links finden Sie am Ende des Beitrags.<\/p>\n<\/div><\/section><\/div>\n\n<style type=\"text\/css\" data-created_by=\"avia_inline_auto\" id=\"style-css-av-1ht6dcj-c6f8535ef681a3f3fd608ffc41f7f498\">\n.flex_column.av-1ht6dcj-c6f8535ef681a3f3fd608ffc41f7f498{\nborder-radius:0px 0px 0px 0px;\npadding:0px 0px 0px 0px;\n}\n<\/style>\n<div  class='flex_column av-1ht6dcj-c6f8535ef681a3f3fd608ffc41f7f498 av_one_full  avia-builder-el-25  el_after_av_one_full  el_before_av_one_full  first flex_column_div av-zero-column-padding  column-top-margin'     ><section  class='av_textblock_section av-ltio4suc-3a4a181df5e0aa6fc6e60ed7dd59f784 '  ><div class='avia_textblock' ><p><strong>Klimawandel, Klimakrise, Klimaangst verstehen <\/strong><\/p>\n<p>Eine Studie aus dem Jahr 2021, f\u00fcr die 10.000 junge Erwachsene zwischen 16 und 25 Jahren aus zehn verschiedenen L\u00e4ndern zu ihren <strong>Gef\u00fchlen und Gedanken zum Klimawandel<\/strong> befragt wurden, kommt u. a. zu folgenden Ergebnissen:<\/p>\n<ul>\n<li>knapp 60 % sind sehr oder extrem <strong>besorgt <\/strong><\/li>\n<li>mehr als die H\u00e4lfte f\u00fchlt sich <strong>traurig, \u00e4ngstlich, w\u00fctend, hilflos und schuldig <\/strong><\/li>\n<li>knapp die H\u00e4lfte f\u00fchlt sich durch diese Gef\u00fchle <strong>im Alltag beeintr\u00e4chtigt <\/strong><\/li>\n<li>drei Viertel finden die <strong>Zukunft be\u00e4ngstigend <\/strong><\/li>\n<li>\u00fcber die H\u00e4lfte glaubt, die Menschheit sei dem <strong>Untergang<\/strong> geweiht<\/li>\n<li>knapp 40 % erw\u00e4gen, aufgrund des Klimawandels <strong>keine Kinder zu bekommen <\/strong><\/li>\n<li>ca. zwei Drittel denken, die <strong>Regierungen tun nicht genug<\/strong>, um eine Klimakatastrophe zu verhindern<\/li>\n<\/ul>\n<p>Das sind erschreckende Zahlen, die einmal mehr aufzeigen, welche Rolle der Klimawandel im Alltag der heutigen Jugend spielt. Daher ist es wichtig, informiert zu sein, die Zusammenh\u00e4nge zu verstehen und sich mit dem Thema auseinanderzusetzen.<\/p>\n<p>Daf\u00fcr braucht man zuerst einmal die richtigen Worte. Was bedeutet Klima \u00fcberhaupt, was sind <strong>Treibhausgase<\/strong>, was ein <strong>CO<sub>2<\/sub>-Fu\u00dfabdruck<\/strong> oder eine <strong>Polkappe<\/strong>? Haben die Kinder bereits von <strong>Fridays for Future <\/strong>oder der<strong> Letzten Generation <\/strong>geh\u00f6rt?<\/p>\n<p>In unserem Onlineshop finden Sie dazu hilfreiche Produkte. Eine Auswahl haben wir Ihnen nachfolgend direkt verlinkt, damit Sie sich schnell einen Einblick verschaffen k\u00f6nnen. Mit den 17 <strong>magnetischen Bildkarten<\/strong> unseres Sets <a href=\"https:\/\/www.backwinkel.de\/prod\/klimawandel-durch-co2.html\" target=\"_blank\" rel=\"noopener\">Klimawandel durch CO<sub>2<\/sub><\/a> veranschaulichen Sie Ihren SuS die Grundlagen und f\u00fchren erste Fachbegriffe ein. Das dazugeh\u00f6rige Unterrichtsmaterial liegt auf Deutsch, Englisch und Franz\u00f6sisch vor und eignet sich somit auch f\u00fcr den bilingualen Unterricht.<\/p>\n<p>Zur Vertiefung eignet sich das Spiel <a href=\"https:\/\/www.backwinkel.de\/prod\/karten-klimawandel-spielend-leicht-verstehen.html\" target=\"_blank\" rel=\"noopener\">Klimawandel spielend leicht verstehen<\/a> mit 30 Themenkarten f\u00fcr <strong>Gespr\u00e4chsimpulse<\/strong>. Dazu gibts auf 24 Seiten Ideen zur Unterrichtsgestaltung. So regen Sie die Kinder zum Nachdenken an: Was k\u00f6nnen wir selbst gegen den Klimawandel tun, wie lebt man nachhaltiger, warum ist das wichtig? Das <a href=\"https:\/\/www.backwinkel.de\/prod\/schu-tze-das-klima-sortierspiel.html\" target=\"_blank\" rel=\"noopener\">Sortierspiel Sch\u00fctze das Klima<\/a> bietet zus\u00e4tzlich auf 100 K\u00e4rtchen <strong>Alltagstipps, um Energie zu sparen<\/strong> und das Klima zu sch\u00fctzen.<\/p>\n<p>Fragen Sie Ihre SuS selbstverst\u00e4ndlich auch nach ihren eigenen Gedanken und Gef\u00fchlen zum Klimawandel: F\u00fchlen sie sich betroffen? Verstehen sie die Proteste? M\u00f6chten sie mehr \u00fcber das Thema erfahren? In dem Fall lohnt es sich vielleicht sogar, eine Klima-AG ins Leben zu rufen.<\/p>\n<p><strong>Retten Sie gemeinsam Bienen! <\/strong><\/p>\n<p>Bienen sind faszinierende Gesch\u00f6pfe und nat\u00fcrlich auch <strong>wichtig f\u00fcr unsere Nahrungsmittelproduktion<\/strong>. Da ihr Lebensraum immer mehr schrumpft, \u00fcbernehmen mittlerweile in vielen L\u00e4ndern Menschen das Best\u00e4uben von Pflanzen. Bienen und Insekten zu sch\u00fctzen ist also auch f\u00fcr uns wichtig, und je mehr Ihre Sch\u00fclerinnen und Sch\u00fcler \u00fcber das Leben und die Bed\u00fcrfnisse von Insekten erfahren, umso eher werden sie sich f\u00fcr den Schutz dieser Tiere begeistern.<\/p>\n<p>Informationen und Arbeitsmaterialien rund um die Biene bietet das <a href=\"https:\/\/www.backwinkel.de\/prod\/themenpaket-bienen.html\" target=\"_blank\" rel=\"noopener\">Themenpaket Bienen<\/a>. Vielleicht m\u00f6chten Sie mit Ihrer Klasse ja auch einen <a href=\"https:\/\/www.backwinkel.de\/prod\/pflanzkasten-hochbeet.html\" target=\"_blank\" rel=\"noopener\">Pflanzkasten<\/a> oder <a href=\"https:\/\/www.backwinkel.de\/prod\/blumenkasten-was-blueht-denn-da-gross.html\" target=\"_blank\" rel=\"noopener\">Blumenkasten<\/a> begr\u00fcnen bzw. mit bienenfreundlichen Wildblumen best\u00fccken, um den Tieren Lebensraum zu verschaffen. Damit retten Sie und Ihre Klasse gemeinsam und aktiv Bienen. Ab M\u00e4rz beginnen Sie mit der Bepflanzung und beobachten nach einiger Zeit die ersten G\u00e4ste am \u00fcppigen Blumen-B\u00fcfett. So lernen Ihre SuS anschaulich eine Menge \u00fcber Bienen und Pflanzen.<\/p>\n<p>F\u00fcr noch mehr Informationen und Tipps \u00fcber Bienenhaltung sowie den <strong>Bau eines Insektenhotels<\/strong> lesen Sie in unserem Beitrag \u00bb<a href=\"https:\/\/www.backwinkel.de\/blog\/kita-garten\/\" target=\"_blank\" rel=\"noopener\">Ein Garten f\u00fcr den Kindergarten<\/a>\u00ab gern unser <strong>Interview mit Hobbyimker Sebastian<\/strong>, der mit seinen Kita-Kindern den Kleinen Bienenf\u00fchrerschein gemacht hat.<\/p>\n<p><strong>Be my butterfly <\/strong><\/p>\n<p>Ein spannendes Projekt, das Ihre SuS begeistern wird, ist die <strong>Zucht von Schmetterlingen<\/strong>. Innerhalb von ca. einem Monat verfolgen sie den <strong>Wachstumszyklus<\/strong> von der <strong>Larve<\/strong> \u00fcber die <strong>Raupe<\/strong> bis hin zum Schl\u00fcpfen der <strong>Schmetterlinge<\/strong>, die sie anschlie\u00dfend in die Freiheit entlassen. Anhand von Zeichnungen, Fotos oder Beobachtungsbogen dokumentieren Ihre SuS die spannende Metamorphose. Unser Set <a href=\"https:\/\/www.backwinkel.de\/prod\/schmetterlinge-zu-chten.html\" target=\"_blank\" rel=\"noopener\">Schmetterlinge z\u00fcchten<\/a> beinhaltet eine Voliere f\u00fcr die Aufzucht, eine Pflegeanleitung und einen Gutschein f\u00fcr f\u00fcnf Larven samt Spezialfutter. So bekommen Sie Ihre Larven zwischen M\u00e4rz und Oktober frisch vom Z\u00fcchter kostenlos geliefert.<\/p>\n<p><strong>Indoor-G\u00e4rtnern <\/strong><\/p>\n<p>F\u00fcrs gemeinsame G\u00e4rtnern brauchen Sie keinen Schulgarten. Es gibt viele tolle Ideen, um im Klassenraum Pflanzen zu ziehen und dabei eine Menge zu lernen. Mit unserem <a href=\"https:\/\/www.backwinkel.de\/prod\/kompost-behaelter.html\" target=\"_blank\" rel=\"noopener\">Kompost-Beh\u00e4lter<\/a> veranschaulichen Sie Ihren Kindern, was genau beim Kompostieren passiert \u2013 eine tolle Gelegenheit, um zu <strong>beobachten, messen, notieren, dokumentieren und analysieren<\/strong>. Den passenden D\u00fcnger f\u00fcr Ihren Pflanzen haben Sie auch gleich parat.<\/p>\n<p>Auch unser <a href=\"https:\/\/www.backwinkel.de\/prod\/wurzelsichthaus.html\" target=\"_blank\" rel=\"noopener\">Wurzelsichthaus<\/a> bietet spannende Einblicke. Dazu gibt es eine bunte Samenmischung, sodass Ihre Kinder das Wachstum verschiedener <strong>Wurzelgem\u00fcsesorten<\/strong> von Tag zu Tag verfolgen k\u00f6nnen. Mit dem <a href=\"https:\/\/www.backwinkel.de\/prod\/das-beleuchtete-gewaechshaus.html\" target=\"_blank\" rel=\"noopener\">beleuchteten Gew\u00e4chshaus<\/a> haben Sie noch mehr M\u00f6glichkeiten: Es verf\u00fcgt \u00fcber eine <strong>LED-Beleuchtung<\/strong> und ein <strong>Bew\u00e4sserungssystem<\/strong>, das die Pflanzen bis zu 15 Tage versorgt. So schaffen Sie nicht nur die perfekten Wachstumsbedingungen, sondern m\u00fcssen sich auch in den Ferien nicht um das Gew\u00e4chshaus k\u00fcmmern.<\/p>\n<p>Ein gro\u00dfartiges Projekt zum Thema Permakultur setzen Sie spielend mit unserem <a href=\"https:\/\/www.backwinkel.de\/prod\/perma-kit-starter-set.html\" target=\"_blank\" rel=\"noopener\">PERMA-KIT: Starter-Set<\/a> um. Dem <strong>Indoor-Hochbeet zum Zusammenschrauben<\/strong> liegen nicht nur viele verschiedene Samen f\u00fcr unterschiedliche Jahreszeiten bei, sondern auch ein Begleitheft f\u00fcr Sie sowie Arbeitshefte f\u00fcr Ihre SuS mit Spielen, \u00dcbungen, R\u00e4tseln, Bastelanleitungen und Experimenten.<\/p>\n<p><strong>Plastikfrei(er) leben <\/strong><\/p>\n<p>Wie, wo und wie oft begegnen wir Plastik in unserem Alltag? Welche (unterschiedlichen) Funktionen hat es und woraus besteht es \u00fcberhaupt? Wie viel Plastik werfen wir weg, und was passiert dann damit? Wie viel Plastik brauchen wir wirklich? Gibt es Alternativen?<\/p>\n<p>Durchleuchten Sie ausgehend von diesen Fragen mit ihren Sch\u00fclern den Alltag. In unserem Onlineshop finden Sie f\u00fcr den Einstieg auch Kamishibai-Bildkarten \u00bb<a href=\"https:\/\/www.backwinkel.de\/prod\/kamishibai-bildkarten-wie-wir-plastik-sparen-und-muell-reduzieren.html\" target=\"_blank\" rel=\"noopener\">Wie wir Plastik sparen und M\u00fcll reduzieren<\/a>\u00ab. Das Themenheft \u00bb<a href=\"https:\/\/www.backwinkel.de\/prod\/themenheft-wir-werden-eine-plastikfreie-klasse.html\" target=\"_blank\" rel=\"noopener\">Wir werden eine plastikfreie Klasse<\/a>!\u00ab bietet Ihnen Anregungen und praktische Tipps rund ums Thema M\u00fcllvermeidung. Das Roulette-Spiel \u00bb<a href=\"https:\/\/www.backwinkel.de\/prod\/spiel-muell-reduzieren.html\" target=\"_blank\" rel=\"noopener\">M\u00fcll reduzieren<\/a>\u00ab mit 44 Fotokarten regt die Kinder zum Nachdenken \u00fcber ihre Gewohnheiten an. Dar\u00fcber kommen vielleicht folgende Themen auf:<\/p>\n<ul>\n<li>Wie landet der <strong>Plastikm\u00fcll im Meer<\/strong> und welche Sch\u00e4den richtet er dort an?<\/li>\n<li>Was ist <strong>Mikroplastik<\/strong>, worin ist es enthalten und warum?<\/li>\n<li>Wie gehen andere L\u00e4nder mit ihrem M\u00fcll um? Was macht z. B. unser <strong>Elektroschrott<\/strong> in Afrika?<\/li>\n<li>Was bedeutet <strong>Zero Waste<\/strong> und ist das \u00fcberhaupt m\u00f6glich?<\/li>\n<\/ul>\n<p>Vielleicht erstellen Sie zum Abschluss ein Plakat mit Tipps, wie man im Alltag Plastik reduzieren kann. Oder Sie informieren im Rahmen eines Schulfestes die G\u00e4ste \u00fcber die Auswirkungen von Plastikm\u00fcll auf die Umwelt.<\/p>\n<\/div><\/section><\/div>\n\n<style type=\"text\/css\" data-created_by=\"avia_inline_auto\" id=\"style-css-av-16b3e43-4dd2cd923232dfe7f567815e70aa51c9\">\n.flex_column.av-16b3e43-4dd2cd923232dfe7f567815e70aa51c9{\nborder-radius:0px 0px 0px 0px;\npadding:0px 0px 0px 0px;\n}\n<\/style>\n<div  class='flex_column av-16b3e43-4dd2cd923232dfe7f567815e70aa51c9 av_one_full  avia-builder-el-27  el_after_av_one_full  el_before_av_one_full  first flex_column_div av-zero-column-padding  column-top-margin'     ><section  class='av_textblock_section av-ltio68vh-7307c1e8df521bc43d38e5ea30128807 '  ><div class='avia_textblock infoboxBlue' ><p><strong>Kunststoffm\u00fcll in Deutschland <\/strong><\/p>\n<p>2021 sind in Deutschland 6,3 Mio. Tonnen Plastikm\u00fcll angefallen. Ein Siebtel davon entstand in der Industrie, der Rest geht auf das Konto von Endverbrauchern. Pro Kopf sind das 76 kg \u2013 die H\u00e4lfte davon ist Verpackungsm\u00fcll.<\/p>\n<p>In den letzten zwei Jahrzehnten hat sich der Umfang von Verpackungsm\u00fcll aus Kunststoff verdoppelt. Im Jahr 2021 lag er bei 3,2 Mio. Tonnen. Die Verpackungsabf\u00e4lle wurden zu gut 60 % recycelt, zu knapp 40 % verbrannt und so thermisch verwertet.<\/p>\n<p><strong>Als Gr\u00fcnde f\u00fcr den Anstieg von Verpackungsm\u00fcll gelten<\/strong>:<\/p>\n<p>\u2022 steigender Verpackungsverbrauch<br \/>\n\u2022 vorverpackte Frischware<br \/>\n\u2022 Zunahme des Konsums von Convenience-Produkten<br \/>\n\u2022 aufwendigere Verpackungen<\/p>\n<p>Quelle: <a href=\"https:\/\/www.nabu.de\/umwelt-und-ressourcen\/abfall-und-recycling\/22033.html\" target=\"_blank\" rel=\"noopener\">https:\/\/www.nabu.de\/umwelt-und-ressourcen\/abfall-und-recycling\/22033.html<\/a><\/p>\n<\/div><\/section><\/div>\n\n<style type=\"text\/css\" data-created_by=\"avia_inline_auto\" id=\"style-css-av-sov2lv-9c52699db2a016606da5deadd7658314\">\n.flex_column.av-sov2lv-9c52699db2a016606da5deadd7658314{\nborder-radius:0px 0px 0px 0px;\npadding:0px 0px 0px 0px;\n}\n<\/style>\n<div  class='flex_column av-sov2lv-9c52699db2a016606da5deadd7658314 av_one_full  avia-builder-el-29  el_after_av_one_full  el_before_av_one_third  first flex_column_div av-zero-column-padding  column-top-margin'     ><section  class='av_textblock_section av-ltio7f5b-07403b2baba1e46b9488016455c52731 '  ><div class='avia_textblock' ><p><strong>Machen Sie Ihr Umfeld m\u00fcllfrei <\/strong><\/p>\n<p>Bestimmt ist auch Ihr Schulhof nicht immer m\u00fcllfrei und der Schulweg schon gar nicht. Sprechen Sie mit Ihren SuS \u00fcber das Thema <strong>Littering<\/strong>:<\/p>\n<ul>\n<li>Wie gehe ich mit meinem eigenen M\u00fcll um?<\/li>\n<li>Welche Begr\u00fcndung habe ich daf\u00fcr \u2013 oder ist es eher eine Ausrede?<\/li>\n<li>Welche Orte oder Bereiche sind besonders oft verm\u00fcllt, und warum? Was kann man dagegen tun?<\/li>\n<li>Welche Art von M\u00fcll wird am h\u00e4ufigsten weggeworfen? Welche Auswirkungen hat das auf die Umwelt und die Tiere?<\/li>\n<\/ul>\n<p>Als Erstes sollte man den M\u00fcll nat\u00fcrlich <strong>einsammeln, <\/strong>z. B mit einer <a href=\"https:\/\/www.backwinkel.de\/prod\/abfallzange-basic.html\" target=\"_blank\" rel=\"noopener\">Abfallzange<\/a>. Und dann kann man \u00fcberlegen, wie man die Verm\u00fcllung bestimmter Bereiche wie <strong>Spielpl\u00e4tze<\/strong> oder <strong>Gewerbegebiete<\/strong> vermeiden kann. Fehlt es an M\u00fclleimern oder eher an <strong>Umweltbewusstsein<\/strong> der Menschen? Vielleicht ertappen Sie ja auch einen M\u00fclls\u00fcnder auf frischer Tat und konfrontieren ihn mit seinem Verhalten?<\/p>\n<p><strong>Fun fact<\/strong>: Die Kombination der W\u00f6rter plocka (schwedisch: aufheben, pfl\u00fccken) und Jogging ergibt die Bezeichnung f\u00fcr die Natursportart <strong>Plogging<\/strong>. Dabei bewaffnen sich Jogger mit Handschuhen und M\u00fclls\u00e4cken, um so auf ihrer Joggingrunde den herumliegenden M\u00fcll einzusammeln. Durch das damit verbundene B\u00fccken werden die R\u00fcckenmuskeln trainiert. Im November 2023 wurde die erste <strong>Weltmeisterschaft im M\u00fcllsammeln<\/strong> in Japan ausgetragen. Dort hei\u00dft der Sport Spogomi (spo-tsu bedeutet Sport, gomi bedeutet M\u00fcll).<\/p>\n<p><strong>Upcycling <\/strong><\/p>\n<p>Nicht alles, was wir wegwerfen, ist unbrauchbar. Aus vielem kann man mit ein bisschen Einfallsreichtum tolle neue Sachen machen und dabei noch etwas lernen. Die selbst gemachten Alternativen stehen gekauften Dingen nicht nach, kosten nichts und regen dazu an, den eigenen Konsum zu hinterfragen.<\/p>\n<p>Ob <strong>Kunstwerke, Spiele und Spielzeug, eigene Kulissen f\u00fcr ein Erz\u00e4hltheater, Taschen<\/strong> oder auch <strong>Unterrichtsmaterialien<\/strong> \u2013 mit dem richtigen M\u00fcll ist alles m\u00f6glich. \u00dcberlegen Sie gemeinsam, welcher Abfall im Schulalltag h\u00e4ufig anf\u00e4llt und wie Sie etwas Tolles daraus zaubern k\u00f6nnen. Denkbar sind folgende Themen:<\/p>\n<ul>\n<li>Dinge aus einem bestimmten Material wie Plastik, Glas oder Holz<\/li>\n<li>Gemeinschaftsarbeiten wie Collagen, Kulissen oder Kost\u00fcme<\/li>\n<li>Materialien, die in verschiedenen F\u00e4chern wie Deutsch (Kennenlernen der Buchstaben) oder Mathematik (Z\u00e4hlen, K\u00f6rpernetze) genutzt werden k\u00f6nnen<\/li>\n<\/ul>\n<p>Mehr \u00fcber Upcycling und dessen vielf\u00e4ltige Einsatzm\u00f6glichkeiten im Unterricht lesen Sie in unserem Beitrag \u00bb<a href=\"https:\/\/www.backwinkel.de\/blog\/upcycling-fuer-mehr-nachhaltigkeit\/\" target=\"_blank\" rel=\"noopener\">Upcycling f\u00fcr mehr Nachhaltigkeit<\/a>\u00ab.<\/p>\n<p><strong>Woher kommt unser Essen? <\/strong><\/p>\n<p>Aus dem Supermarkt. Zumindest werden das viele Kinder so empfinden. Wer kann es ihnen ver\u00fcbeln? Auch wir als Erwachsene denken nicht unbedingt dar\u00fcber nach, welche Reise unsere Lebensmittel vielleicht hinter sich haben und welcher <strong>CO<sub>2<\/sub>-Fu\u00dfabdruck<\/strong> damit einhergeht.<\/p>\n<p>Wir kaufen, was wir glauben zu brauchen oder worauf wir gerade Lust haben. Auch, wenn man auf nachhaltige Lebensmittel Wert legt, ist die Umsetzung nicht immer ganz so einfach: Oft muss die <strong>Herkunft<\/strong> nicht deklariert werden, vor allem bei weiterverarbeiteten Lebensmitteln.<\/p>\n<p>Machen Sie mit Ihren SuS eine kleine Entdeckungsreise und reflektieren Sie so das eigene Essverhalten. Leitfragen, die Sie gemeinsam beantworten, k\u00f6nnen z. B. sein:<\/p>\n<ul>\n<li>Auf welche Lebensmittel m\u00f6chte ich nicht verzichten und warum? Welche Produkte k\u00f6nnten wir ohne <strong>weltweiten Handel<\/strong> nicht kaufen? Gibt es Alternativen?<\/li>\n<li>Woher kommt unser Obst und Gem\u00fcse und warum? (Ein Ausflug in einen Discounter gibt erste Antworten.)<\/li>\n<li>Wo liegen die L\u00e4nder, aus denen unsere Lebensmittel stammen? Warum sind <strong>lange<\/strong> <strong>Transportwege<\/strong> schlecht?<\/li>\n<li>Was genau ist in unseren Lebensmitteln enthalten? Kennen die Kinder alle <strong>Inhaltsstoffe<\/strong> von Nutella und K\u00e4se (Stichworte: Palm\u00f6l und Lab)? Und was hat es mit Konservierungsstoffen und Geschmacksverst\u00e4rkern auf sich? Auch hier ist ein Ausflug in den Supermarkt eine gute Idee, um die Inhaltstoffe nachzulesen \u2013 oder die Kinder durchforsten ihre heimischen Vorr\u00e4te.<\/li>\n<li>Was bedeutet der <strong>Nutri-Score<\/strong> und ergibt die Einstufung auf den ersten Blick immer einen Sinn, abgesehen davon, dass die Kennzeichnung freiwillig ist? (TK-Pommes fallen unter die beste Stufe A \u2013 bevor sie in siedendes Fett geworfen und anschlie\u00dfend gesalzen werden.)<\/li>\n<li>Auf welche Lebensmittel kann ich ausweichen, wenn ich mich <strong>fleischfrei ern\u00e4hren<\/strong>, aber nicht auf den Geschmack von Wurst und Fleisch verzichten will? Was enthalten die Ersatzprodukte und sind sie immer gesund und\/oder gut f\u00fcrs Klima?<\/li>\n<\/ul>\n<p>Mehr Informationen zur Herkunft unserer Lebensmittel finden Sie in unserem Beitrag \u00bb<a href=\"https:\/\/www.backwinkel.de\/blog\/klimabewusst-essen\/\" target=\"_blank\" rel=\"noopener\">Klimabewusstsein und Globalisierung: Woher kommt eigentlich unser Essen?<\/a>\u00ab Praktische Lernideen inklusive.<\/p>\n<p><strong>Der Regenwald im Portr\u00e4t <\/strong><\/p>\n<p>Wie kommt der Regenwald zu seinem Namen, wo auf der Erde gibt es Regenw\u00e4lder, welche Tiere und Pflanzen leben dort, warum ist er so wichtig f\u00fcr unser Klima, welchen Bedrohungen ist er ausgesetzt? Was haben Schokolade und McDonald\u2019s damit zu tun?<\/p>\n<p>Im Internet finden Sie eine Menge toller Unterrichtsmaterialien, um Antworten auf all diese Fragen zu finden und mal wieder das eigene Konsumverhalten zu hinterfragen. Im Jahr 2022 wurden 41.000 km<sup>2 <\/sup>des tropischen Regenwalds <strong>zerst\u00f6rt<\/strong>. Das entspricht <strong>pro Minute<\/strong> der <strong>Fl\u00e4che von 10 Fu\u00dfballfeldern<\/strong>. Am st\u00e4rksten ist seit Jahrzehnten <strong>Brasilien<\/strong> betroffen.<\/p>\n<p>Die Gr\u00fcnde daf\u00fcr sind vielf\u00e4ltig, beruhen aber alle auf unserem Wunsch nach Konsum und Profit:<\/p>\n<ul>\n<li>Anbau von Nutzpflanzen wie <strong>Soja, Kakao, Palm\u00f6l<\/strong> oder <strong>Kautschuk <\/strong><\/li>\n<li><strong>Viehzucht <\/strong><\/li>\n<li><strong>Holzeinschlag <\/strong><\/li>\n<li><strong>Bodensch\u00e4tze <\/strong><\/li>\n<li><strong>Stra\u00dfenbau<\/strong><\/li>\n<\/ul>\n<p>Nicht umsonst wird der Regenwald auch als die <strong>gr\u00fcne Lunge<\/strong> der Erde bezeichnet. Er nimmt das CO<sub>2<\/sub> aus der Luft auf und <strong>produziert Sauerstoff<\/strong>, <strong>bindet<\/strong> gro\u00dfe Mengen <strong>Kohlenstoff<\/strong>, das anderenfalls als CO<sub>2<\/sub> in die Atmosph\u00e4re gelangen w\u00fcrde, <strong>speichert<\/strong> viel <strong>Wasser<\/strong> und beheimatet zahlreiche Pflanzen, deren <strong>Inhaltsstoffe f\u00fcr Medikamente<\/strong> benutzt werden. Wir schaden uns also selbst enorm, wenn wir die Vernichtung der Regenw\u00e4lder immer weiter vorantreiben, anstatt sie aufzuhalten.<\/p>\n<p><strong>Leben ohne Strom <\/strong><\/p>\n<p>Strom ist f\u00fcr uns genauso allt\u00e4glich wie Plastikverpackungen. Das war fr\u00fcher anders und auch heute verf\u00fcgen nicht alle Menschen weltweit \u00fcber einen Stromanschluss. Daher bietet das Thema viele verschiedene Ans\u00e4tze, um sich genauer mit der Bedeutung von Strom auseinanderzusetzen, z. B. diese hier:<\/p>\n<ul>\n<li>Was ist Strom \u00fcberhaupt und wo kommt er her? Woran bemisst sich sein Preis? Wie funktioniert eine Stromerzeugungsanlage? K\u00f6nnen Sie vielleicht gemeinsam eine besuchen?<\/li>\n<li>Welche Dinge in unserem t\u00e4glichen Leben brauchen Strom und was w\u00fcrden wir tun, wenn wir keinen Strom h\u00e4tten?<\/li>\n<li>Was w\u00fcrde in der gesamten Stadt, im ganzen Land oder weltweit passieren, wenn es pl\u00f6tzlich keinen Strom mehr g\u00e4be?<\/li>\n<li>Wie leben Menschen heute ohne Strom? Wie haben unsere (Ur-)Gro\u00dfeltern das geschafft?<\/li>\n<li>Wie k\u00f6nnen wir im Alltag Strom sparen und warum ist das eine gute Idee?<\/li>\n<\/ul>\n<p>Mehr Anregungen dazu lesen Sie in unserem Beitrag <a href=\"https:\/\/www.backwinkel.de\/blog\/wie-lebt-man-ohne-strom\/\" target=\"_blank\" rel=\"noopener\">Projektidee: Wie lebt man ohne Strom?<\/a><\/p>\n<p><strong>Kleidung ist Kleidung \u2013 oder doch nicht? <\/strong><\/p>\n<p>Warum tragen wir \u00fcberhaupt Kleidung, welche Arten von (Berufs-)Kleidung und Kleidungsst\u00fccken gibt es? Wo kommen diese Kleidungsst\u00fccke her? Worauf legen schon Kinder bei ihrer eigenen Kleidung Wert: Soll es billig, h\u00fcbsch, bequem oder Markenware sein? (Achten Sie nat\u00fcrlich wie immer darauf, dass Sie niemanden blo\u00dfstellen. Niemand muss offenlegen, wo er seine Kleidung kauft, weil vielleicht geringe finanzielle M\u00f6glichkeiten vorliegen.)<\/p>\n<p><strong>Fast Fashion<\/strong> ist ein zunehmendes Problem hinsichtlich des Klimawandels und hat rein gar nichts mit fairen Arbeitsbedingungen zu tun. Gleichzeitig betreiben Fast-Fashion-Unternehmen auf Social Media viel <strong>Green Washing<\/strong>, das man durchschauen sollte, anstatt Influencern nachzueifern, die f\u00fcr die entsprechenden Marken werben. Die <strong>Zielgruppe<\/strong> von Fast Fashion ist passenderweise zwischen <strong>14 und 18 Jahren<\/strong> alt.<\/p>\n<p>Es wird immer mehr Kleidung zu billigsten Preisen gekauft, w\u00e4hrend die Qualit\u00e4t sinkt. Somit ist Fast Fashion nicht f\u00fcr die Weitergabe als Second-Hand-Ware geeignet und aufgrund der Kosten sowie des gemischten Materials <strong>kaum recycelbar<\/strong>. Der Kleidungsm\u00fcll endet zur Verwertung oder landet auch auf M\u00fcllkippen z. B. in <strong>S\u00fcdamerika <\/strong>und<strong> Afrika<\/strong>. Dort schadet er der Umwelt, denn Textilien sind \u00e4hnlich <strong>giftig wie Autoreifen<\/strong>.<\/p>\n<p>Viele Probleme rund um Fast Fashion wie Herkunft und Herstellung, Arbeitsbedingungen und Materialien sowie Lieferketten und Warenvernichtung thematisiert das Kinderbuch \u00bbMagische Welt der Dinge Band 1 Antons geheime Reise mit Paul Pulli\u00ab von Alexandra Wagner. Dazu gibt es ganze 26 Seiten <a href=\"https:\/\/alexandra-wagner.de\/wp-content\/uploads\/2023\/05\/Fast-Fashion-unterrichtmaterial-buch-paul-pulli.pdf\" target=\"_blank\" rel=\"noopener\">Begleitmaterial<\/a> als herunterladbare PDF. Danach sind Ihre SuS \u00fcber Fast Fashion wahrscheinlich besser informiert als die meisten Erwachsenen und somit k\u00fcnftig hoffentlich auch gegen Green Washing und blinden Konsum gefeit \u2013 zumindest ein bisschen.<\/p>\n<\/div><\/section><\/div>\n<div class='flex_column_table av-4jgmker-fe25cc8ea4c25f49cec58cb1392bf283 sc-av_one_third av-equal-height-column-flextable'>\n<style type=\"text\/css\" data-created_by=\"avia_inline_auto\" id=\"style-css-av-4jgmker-fe25cc8ea4c25f49cec58cb1392bf283\">\n.flex_column.av-4jgmker-fe25cc8ea4c25f49cec58cb1392bf283{\nborder-width:1px;\nborder-color:#ebebeb;\nborder-style:solid;\nborder-radius:0px 0px 0px 0px;\npadding:10px 10px 10px 10px;\n}\n<\/style>\n<div  class='flex_column av-4jgmker-fe25cc8ea4c25f49cec58cb1392bf283 av_one_third  avia-builder-el-31  el_after_av_one_full  el_before_av_one_third  first flex_column_table_cell av-equal-height-column av-align-top  column-top-margin'     ><p><section  class='av_textblock_section av-ltiohzsg-27d96719095457b0a4679e8bc25f195e '  ><div class='avia_textblock' ><p><img decoding=\"async\" class=\"alignnone wp-image-13491 \" src=\"https:\/\/blog.backwinkel.de\/wp-content\/uploads\/2024\/03\/29507_klimawandel-spielend-leicht-verstehen-beltz-verlag_06.jpg\" alt=\"\" width=\"735\" height=\"735\" srcset=\"https:\/\/www.backwinkel.de\/blog\/wp-content\/uploads\/2024\/03\/29507_klimawandel-spielend-leicht-verstehen-beltz-verlag_06.jpg 2048w, https:\/\/www.backwinkel.de\/blog\/wp-content\/uploads\/2024\/03\/29507_klimawandel-spielend-leicht-verstehen-beltz-verlag_06-1536x1536.jpg 1536w, https:\/\/www.backwinkel.de\/blog\/wp-content\/uploads\/2024\/03\/29507_klimawandel-spielend-leicht-verstehen-beltz-verlag_06-36x36.jpg 36w, https:\/\/www.backwinkel.de\/blog\/wp-content\/uploads\/2024\/03\/29507_klimawandel-spielend-leicht-verstehen-beltz-verlag_06-180x180.jpg 180w\" sizes=\"(max-width: 735px) 100vw, 735px\" \/><\/p>\n<p style=\"font-size: 20px; font-family: urw_grotesk_extra_narrowrg; text-align: left;\">Klimawandel spielend leicht verstehen<\/p>\n<p style=\"text-align: left;\"><div  class='avia-button-wrap av-3tiyljn-92c9c305bd9bb48f927ba50fd68883f4-wrap avia-button-center  avia-builder-el-33  avia-builder-el-no-sibling '><a href='https:\/\/www.backwinkel.de\/prod\/karten-klimawandel-spielend-leicht-verstehen.html'  class='avia-button av-3tiyljn-92c9c305bd9bb48f927ba50fd68883f4 av-link-btn avia-icon_select-no avia-size-medium avia-position-center avia-color-theme-color'  target=\"_blank\"  rel=\"noopener noreferrer\"  aria-label=\"zum Produkt\"><span class='avia_iconbox_title' >zum Produkt<\/span><\/a><\/div><\/p>\n<\/div><\/section><br \/>\n\n<style type=\"text\/css\" data-created_by=\"avia_inline_auto\" id=\"style-css-av-3mkjoib-0cb0c4ad515dbdb1c000b5e70c5610cd\">\n#top .hr.hr-invisible.av-3mkjoib-0cb0c4ad515dbdb1c000b5e70c5610cd{\nheight:20px;\n}\n<\/style>\n<div  class='hr av-3mkjoib-0cb0c4ad515dbdb1c000b5e70c5610cd hr-invisible  avia-builder-el-34  el_after_av_textblock  avia-builder-el-last '><span class='hr-inner '><span class=\"hr-inner-style\"><\/span><\/span><\/div><\/p><\/div>\n<div class='av-flex-placeholder'><\/div>\n<style type=\"text\/css\" data-created_by=\"avia_inline_auto\" id=\"style-css-av-30tziz7-297f335cea7fb5943bb72196dbd2589a\">\n.flex_column.av-30tziz7-297f335cea7fb5943bb72196dbd2589a{\nborder-width:1px;\nborder-color:#ebebeb;\nborder-style:solid;\nborder-radius:0px 0px 0px 0px;\npadding:10px 10px 10px 10px;\n}\n<\/style>\n<div  class='flex_column av-30tziz7-297f335cea7fb5943bb72196dbd2589a av_one_third  avia-builder-el-35  el_after_av_one_third  el_before_av_one_third  flex_column_table_cell av-equal-height-column av-align-top  column-top-margin'     ><p><section  class='av_textblock_section av-ltiok3v5-a2bb7e54368bcc5b986d75cf1bc3eb6d '  ><div class='avia_textblock' ><p><img decoding=\"async\" class=\"alignnone wp-image-13492 size-full\" src=\"https:\/\/blog.backwinkel.de\/wp-content\/uploads\/2024\/03\/75574-hochbeet-quadratisch-gestapelt_a.jpg\" alt=\"\" width=\"700\" height=\"700\" srcset=\"https:\/\/www.backwinkel.de\/blog\/wp-content\/uploads\/2024\/03\/75574-hochbeet-quadratisch-gestapelt_a.jpg 700w, https:\/\/www.backwinkel.de\/blog\/wp-content\/uploads\/2024\/03\/75574-hochbeet-quadratisch-gestapelt_a-36x36.jpg 36w, https:\/\/www.backwinkel.de\/blog\/wp-content\/uploads\/2024\/03\/75574-hochbeet-quadratisch-gestapelt_a-180x180.jpg 180w\" sizes=\"(max-width: 700px) 100vw, 700px\" \/><\/p>\n<p style=\"font-size: 20px; font-family: urw_grotesk_extra_narrowrg; text-align: left;\">Pflanzpyramide<\/p>\n<p style=\"text-align: left;\"><div  class='avia-button-wrap av-2eayuqb-dc4ce9a80f7792fa9e4c8bab69473813-wrap avia-button-center  avia-builder-el-37  avia-builder-el-no-sibling '><a href='https:\/\/www.backwinkel.de\/prod\/pflanzpyramide.html'  class='avia-button av-2eayuqb-dc4ce9a80f7792fa9e4c8bab69473813 av-link-btn avia-icon_select-no avia-size-medium avia-position-center avia-color-theme-color'  target=\"_blank\"  rel=\"noopener noreferrer\"  aria-label=\"zum Produkt\"><span class='avia_iconbox_title' >zum Produkt<\/span><\/a><\/div><\/p>\n<\/div><\/section><br \/>\n\n<style type=\"text\/css\" data-created_by=\"avia_inline_auto\" id=\"style-css-av-1z7ot83-5d7fbfac75e341fad2b434579feee2f3\">\n#top .hr.hr-invisible.av-1z7ot83-5d7fbfac75e341fad2b434579feee2f3{\nheight:20px;\n}\n<\/style>\n<div  class='hr av-1z7ot83-5d7fbfac75e341fad2b434579feee2f3 hr-invisible  avia-builder-el-38  el_after_av_textblock  avia-builder-el-last '><span class='hr-inner '><span class=\"hr-inner-style\"><\/span><\/span><\/div><\/p><\/div>\n<div class='av-flex-placeholder'><\/div>\n<style type=\"text\/css\" data-created_by=\"avia_inline_auto\" id=\"style-css-av-579443-15729c47c84d300c37c0a3cb3093afc0\">\n.flex_column.av-579443-15729c47c84d300c37c0a3cb3093afc0{\nborder-width:1px;\nborder-color:#ebebeb;\nborder-style:solid;\nborder-radius:0px 0px 0px 0px;\npadding:10px 10px 10px 10px;\n}\n<\/style>\n<div  class='flex_column av-579443-15729c47c84d300c37c0a3cb3093afc0 av_one_third  avia-builder-el-39  el_after_av_one_third  el_before_av_hr  flex_column_table_cell av-equal-height-column av-align-top  column-top-margin'     ><p><section  class='av_textblock_section av-ltion3tv-7c76a095e71e15deccf154240f87765d '  ><div class='avia_textblock' ><p><img decoding=\"async\" class=\"alignnone wp-image-13493 \" src=\"https:\/\/blog.backwinkel.de\/wp-content\/uploads\/2024\/03\/29508_for-future-impulskarten-beltz-verlag_011.jpg\" alt=\"\" width=\"849\" height=\"849\" srcset=\"https:\/\/www.backwinkel.de\/blog\/wp-content\/uploads\/2024\/03\/29508_for-future-impulskarten-beltz-verlag_011.jpg 2048w, https:\/\/www.backwinkel.de\/blog\/wp-content\/uploads\/2024\/03\/29508_for-future-impulskarten-beltz-verlag_011-1536x1536.jpg 1536w, https:\/\/www.backwinkel.de\/blog\/wp-content\/uploads\/2024\/03\/29508_for-future-impulskarten-beltz-verlag_011-36x36.jpg 36w, https:\/\/www.backwinkel.de\/blog\/wp-content\/uploads\/2024\/03\/29508_for-future-impulskarten-beltz-verlag_011-180x180.jpg 180w\" sizes=\"(max-width: 849px) 100vw, 849px\" \/><\/p>\n<p style=\"font-size: 20px; font-family: urw_grotesk_extra_narrowrg; text-align: left;\">For Future<\/p>\n<p style=\"text-align: left;\"><div  class='avia-button-wrap av-195wyab-76444a3487302ef724518bd93341a70d-wrap avia-button-center  avia-builder-el-41  avia-builder-el-no-sibling '><a href='https:\/\/www.backwinkel.de\/prod\/for-future-100-impulskarten-fuer-eine-welt-im-wandel.html'  class='avia-button av-195wyab-76444a3487302ef724518bd93341a70d av-link-btn avia-icon_select-no avia-size-medium avia-position-center avia-color-theme-color'  target=\"_blank\"  rel=\"noopener noreferrer\"  aria-label=\"zum Produkt\"><span class='avia_iconbox_title' >zum Produkt<\/span><\/a><\/div><\/p>\n<\/div><\/section><br \/>\n\n<style type=\"text\/css\" data-created_by=\"avia_inline_auto\" id=\"style-css-av-2wupzn-ae1dbe015397201010c80e8447567264\">\n#top .hr.hr-invisible.av-2wupzn-ae1dbe015397201010c80e8447567264{\nheight:20px;\n}\n<\/style>\n<div  class='hr av-2wupzn-ae1dbe015397201010c80e8447567264 hr-invisible  avia-builder-el-42  el_after_av_textblock  avia-builder-el-last '><span class='hr-inner '><span class=\"hr-inner-style\"><\/span><\/span><\/div><\/p><\/div><\/div><!--close column table wrapper. Autoclose: 1 -->\n\n<style type=\"text\/css\" data-created_by=\"avia_inline_auto\" id=\"style-css-av-kz7pcc-998c523973ce04bd41c056e7ad17fd36\">\n#top .hr.av-kz7pcc-998c523973ce04bd41c056e7ad17fd36{\nmargin-top:10px;\nmargin-bottom:10px;\n}\n.hr.av-kz7pcc-998c523973ce04bd41c056e7ad17fd36 .hr-inner{\nwidth:500;\n}\n<\/style>\n<div  class='hr av-kz7pcc-998c523973ce04bd41c056e7ad17fd36 hr-custom  avia-builder-el-43  el_after_av_one_third  el_before_av_one_full  hr-left hr-icon-no'><span class='hr-inner inner-border-av-border-none'><span class=\"hr-inner-style\"><\/span><\/span><\/div>\n\n<style type=\"text\/css\" data-created_by=\"avia_inline_auto\" id=\"style-css-av-3tembw-a1c4b21fc3f6f2fd3d0d32482ae74cc6\">\n.flex_column.av-3tembw-a1c4b21fc3f6f2fd3d0d32482ae74cc6{\nborder-radius:0px 0px 0px 0px;\npadding:10px 10px 10px 10px;\nbackground-color:#f2f2f2;\n}\n<\/style>\n<div  class='flex_column av-3tembw-a1c4b21fc3f6f2fd3d0d32482ae74cc6 av_one_full  avia-builder-el-44  el_after_av_hr  el_before_av_one_full  first flex_column_div  '     ><section  class='av_textblock_section av-2hcanw-354275dfda09aacb13c8894d92e606ed '  ><div class='avia_textblock' ><p class=\"fussnoten-quellen\"><strong>Auch interessant:<\/strong><br \/>\n<strong><a href=\"https:\/\/www.backwinkel.de\/cat\/umweltschutz\/\" target=\"_blank\" rel=\"noopener\">Umweltschutz<\/a><\/strong><br \/>\n<strong><a href=\"https:\/\/www.backwinkel.de\/cat\/lehrmittel-tiere-und-pflanzen\/\" target=\"_blank\" rel=\"noopener\">Tiere &amp; Pflanzen<\/a><\/strong><br \/>\n<strong><a href=\"https:\/\/www.backwinkel.de\/cat\/lehrmittel-wetter-und-jahreszeiten\/\" target=\"_blank\" rel=\"noopener\">Wetter, Jahreszeiten &amp; Kalender<\/a><br \/>\n<a href=\"https:\/\/www.backwinkel.de\/blog\/klimabewusstsein-und-globalisierung\/\" target=\"_blank\" rel=\"noopener\">Klimabewusstsein und Globalisierung: Woher kommt eigentlich unser Essen?<\/a><br \/>\n<a href=\"https:\/\/www.backwinkel.de\/blog\/wie-lebt-man-ohne-strom\/\" target=\"_blank\" rel=\"noopener\">Projektidee: Wie lebt man ohne Strom?<\/a><\/strong><\/p>\n<\/div><\/section><\/div>\n\n<style type=\"text\/css\" data-created_by=\"avia_inline_auto\" id=\"style-css-av-px73xv-be2f367ff6170a480749272258f075c4\">\n.flex_column.av-px73xv-be2f367ff6170a480749272258f075c4{\nborder-radius:0px 0px 0px 0px;\npadding:10px 10px 10px 10px;\nbackground-color:#f2f2f2;\n}\n<\/style>\n<div  class='flex_column av-px73xv-be2f367ff6170a480749272258f075c4 av_one_full  avia-builder-el-46  el_after_av_one_full  el_before_av_one_full  first flex_column_div  column-top-margin'     ><section  class='av_textblock_section av-ltipsnfk-6cb98bd12a5874fe2d0c8f1df52e0a70 '  ><div class='avia_textblock' ><p class=\"fussnoten-quellen\"><strong>Lesestoff:<\/strong><\/p>\n<p>Dammertz, Tanja: Die Folgen von Fast Fashion \u2013 Der Kampf gegen Kleiderberge, 18.05.2023:<br \/>\n<a href=\"https:\/\/www.zdf.de\/nachrichten\/panorama\/fast-fashion-textilmuell-kleidung-100.html\" target=\"_blank\" rel=\"noopener\">https:\/\/www.zdf.de\/nachrichten\/panorama\/fast-fashion-textilmuell-kleidung-100.html<\/a><\/p>\n<p>Fl\u00e4chenverluste \u2013 wie viel Regenwald geht verloren?:<br \/>\n<a href=\"https:\/\/www.faszination-regenwald.de\/info-center\/zerstoerung\/flaechenverluste\/\" target=\"_blank\" rel=\"noopener\">hhttps:\/\/www.faszination-regenwald.de\/info-center\/zerstoerung\/flaechenverluste\/<\/a><\/p>\n<p>Marks, Elizabeth and Hickman, Caroline and Pihkala, Panu and Clayton, Susan and Lewandowski, Eric R. and Mayall, Elouise E. and Wray, Britt and Mellor, Catriona and van Susteren, Lise: Young People&#8217;s Voices on Climate Anxiety, Government Betrayal and Moral Injury: A Global Phenomenon, 2021:<br \/>\n<a href=\"https:\/\/papers.ssrn.com\/sol3\/papers.cfm?abstract_id=3918955\" target=\"_blank\" rel=\"noopener\">https:\/\/papers.ssrn.com\/sol3\/papers.cfm?abstract_id=3918955<\/a><\/p>\n<p>Ministerium f\u00fcr Schule und Bildung des Landes Nordrhein-Westfalen: Umgang mit textgenerierenden KI-Systemen, 02.2023:<br \/>\n<a href=\"https:\/\/www.schulministerium.nrw\/system\/files\/media\/document\/file\/handlungsleitfaden_ki_msb_nrw_230223.pdf\" target=\"_blank\" rel=\"noopener\">https:\/\/www.schulministerium.nrw\/system\/files\/media\/document\/file\/handlungsleitfaden_ki_msb_nrw_230223.pdf<\/a><\/p>\n<p>Materialien rund um den Regenwald f\u00fcr Kita und Grundschule (auf der Seite finden sich generell viele spannende kindgerechte Infos):<br \/>\n<a href=\"https:\/\/www.regenwald-schuetzen.org\/regenwald-in-der-schule\/unterrichtsmaterial\/kindergarten-grundschule\" target=\"_blank\" rel=\"noopener\">https:\/\/www.regenwald-schuetzen.org\/regenwald-in-der-schule\/unterrichtsmaterial\/kindergarten-grundschule<\/a><\/p>\n<p>Sepehr, Jana: 53,6 Millionen Tonnen Elektroschrott im Jahr \u2013 unser M\u00fcllproblem landet in Afrika, 39.4.2022:<br \/>\n<a href=\"https:\/\/www.welt.de\/wirtschaft\/article238358957\/Elektroschrott-Warum-alte-Handys-und-Laptops-in-Afrika-landen.html\" target=\"_blank\" rel=\"noopener\">https:\/\/www.welt.de\/wirtschaft\/article238358957\/Elektroschrott-Warum-alte-Handys-und-Laptops-in-Afrika-landen.html<\/a><\/p>\n<p>Was ist Fast Fashion? Definition, Marken und Auswirkungen (umfassende Informationen sowie weiterf\u00fchrende Links und Videos):<br \/>\n<a href=\"https:\/\/umweltmission.de\/wissen\/fast-fashion\/\" target=\"_blank\" rel=\"noopener\">https:\/\/umweltmission.de\/wissen\/fast-fashion\/<\/a><\/p>\n<p>Unterrichtsmaterial f\u00fcr die Grundschule zu verschiedenen nachhaltigen Themen wie Ern\u00e4hrung, Fair Trade, Kleidung, Papier, Hygiene u. v. m.:<br \/>\n<a href=\"https:\/\/www.verbraucherbildung.de\/materialkompass?search_api_fulltext=&amp;field_audience_specific%5B7591%5D=7591&amp;page=#view-id-listing_materials\" target=\"_blank\" rel=\"noopener\">https:\/\/www.verbraucherbildung.de\/materialkompass?search_api_fulltext=&amp;field_audience_specific%5B7591%5D=7591&amp;page=#view-id-listing_materials<\/a><\/p>\n<p>Fragen und Antworten zum Thema Plastik im Meer:<br \/>\n<a href=\"https:\/\/www.wwf-junior.de\/umwelt\/plastikmuell-im-meer\/\" target=\"_blank\" rel=\"noopener\">https:\/\/www.wwf-junior.de\/umwelt\/plastikmuell-im-meer\/<\/a><\/p>\n<p>Wagner, Alexandra: Begleitmaterial Magische Welt der Dinge Band 1 Antons geheime Reise mit Paul Pulli:<br \/>\n<a href=\"https:\/\/alexandra-wagner.de\/wp-content\/uploads\/2023\/05\/Fast-Fashion-unterrichtmaterial-buch-paul-pulli.pdf\" target=\"_blank\" rel=\"noopener\">https:\/\/alexandra-wagner.de\/wp-content\/uploads\/2023\/05\/Fast-Fashion-unterrichtmaterial-buch-paul-pulli.pdf<\/a><\/p>\n<p><strong>Angebote und Aktionen f\u00fcr Kinder von verschiedenen Umweltschutzorganisationen:<br \/>\n<\/strong><a href=\"https:\/\/www.greenpeace.de\/engagieren\/kids\" target=\"_blank\" rel=\"noopener\">https:\/\/www.greenpeace.de\/engagieren\/kidslisting_materials<\/a><br \/>\n<a href=\"https:\/\/www.nabu.de\/wir-ueber-uns\/organisation\/naju\/kinder\/index.html\" target=\"_blank\" rel=\"noopener\">https:\/\/www.nabu.de\/wir-ueber-uns\/organisation\/naju\/kinder\/index.html<\/a><br \/>\n<a href=\"https:\/\/www.wwf-junior.de\" target=\"_blank\" rel=\"noopener\">https:\/\/www.wwf-junior.de<\/a><\/p>\n<\/div><\/section><\/div>\n\n<style type=\"text\/css\" data-created_by=\"avia_inline_auto\" id=\"style-css-av-fqckto-d5350d06c16b17286c5e2ae288dcdba2\">\n.flex_column.av-fqckto-d5350d06c16b17286c5e2ae288dcdba2{\nborder-radius:0px 0px 0px 0px;\npadding:10px 10px 10px 10px;\n}\n<\/style>\n<div  class='flex_column av-fqckto-d5350d06c16b17286c5e2ae288dcdba2 av_one_full  avia-builder-el-48  el_after_av_one_full  el_before_av_one_full  first flex_column_div  column-top-margin'     ><section  class='av_textblock_section av-dh1mgc-1f1cdce34e8e6e00b3fada23e5365d1b '  ><div class='avia_textblock' ><p class=\"copyright\"><strong>\u00a9 Copyright \u2013 Urheberrechtshinweis<\/strong><br \/>\nAlle Inhalte auf www.backwinkel.de sowie www.backwinkel.de\/blog, insbesondere Texte, Fotografien und Grafiken, sind urheberrechtlich gesch\u00fctzt.<br \/>\nDas Urheberrecht liegt, soweit nicht ausdr\u00fccklich anders gekennzeichnet, bei der BACKWINKEL GmbH. Bitte fragen Sie uns, falls Sie die Inhalte dieses Internetangebotes verwenden m\u00f6chten.<br \/>\nWer gegen das Urheberrecht verst\u00f6\u00dft (z. B. Bilder oder Texte unerlaubt kopiert), macht sich gem. \u00a7\u00a7 106 ff UrhG strafbar, wird zudem kostenpflichtig abgemahnt und muss Schadensersatz leisten (\u00a7 97 UrhG).<\/p>\n<\/div><\/section><\/div>\n\n<style type=\"text\/css\" data-created_by=\"avia_inline_auto\" id=\"style-css-av-d5co4s-aedf4c432807ac740642c7127dd938f9\">\n.flex_column.av-d5co4s-aedf4c432807ac740642c7127dd938f9{\nborder-radius:0px 0px 0px 0px;\npadding:0px 0px 0px 0px;\n}\n<\/style>\n<div  class='flex_column av-d5co4s-aedf4c432807ac740642c7127dd938f9 av_one_full  avia-builder-el-50  el_after_av_one_full  el_before_av_one_full  first flex_column_div av-zero-column-padding  column-top-margin'     ><section  class='av_textblock_section av-a97ba4-7dd40c09d190f5324e4111b3d971dd4a '  ><div class='avia_textblock' ><div class=\"shariff shariff-align-left shariff-widget-align-left\"><ul class=\"shariff-buttons theme-color orientation-horizontal buttonsize-medium\"><li class=\"shariff-button whatsapp shariff-nocustomcolor\" style=\"background-color:#5cbe4a\"><a href=\"https:\/\/api.whatsapp.com\/send?text=https%3A%2F%2Fwww.backwinkel.de%2Fblog%2Fnachhaltige-projektideen%2F%2011%20nachhaltige%20Projektideen%20f%C3%BCr%20die%20Grundschule\" title=\"Bei Whatsapp teilen\" aria-label=\"Bei Whatsapp teilen\" role=\"button\" rel=\"noopener nofollow\" class=\"shariff-link\" style=\"; background-color:#34af23; color:#fff\" target=\"_blank\"><span class=\"shariff-icon\" style=\"\"><svg width=\"32px\" height=\"20px\" xmlns=\"http:\/\/www.w3.org\/2000\/svg\" viewBox=\"0 0 32 32\"><path fill=\"#34af23\" d=\"M17.6 17.4q0.2 0 1.7 0.8t1.6 0.9q0 0.1 0 0.3 0 0.6-0.3 1.4-0.3 0.7-1.3 1.2t-1.8 0.5q-1 0-3.4-1.1-1.7-0.8-3-2.1t-2.6-3.3q-1.3-1.9-1.3-3.5v-0.1q0.1-1.6 1.3-2.8 0.4-0.4 0.9-0.4 0.1 0 0.3 0t0.3 0q0.3 0 0.5 0.1t0.3 0.5q0.1 0.4 0.6 1.6t0.4 1.3q0 0.4-0.6 1t-0.6 0.8q0 0.1 0.1 0.3 0.6 1.3 1.8 2.4 1 0.9 2.7 1.8 0.2 0.1 0.4 0.1 0.3 0 1-0.9t0.9-0.9zM14 26.9q2.3 0 4.3-0.9t3.6-2.4 2.4-3.6 0.9-4.3-0.9-4.3-2.4-3.6-3.6-2.4-4.3-0.9-4.3 0.9-3.6 2.4-2.4 3.6-0.9 4.3q0 3.6 2.1 6.6l-1.4 4.2 4.3-1.4q2.8 1.9 6.2 1.9zM14 2.2q2.7 0 5.2 1.1t4.3 2.9 2.9 4.3 1.1 5.2-1.1 5.2-2.9 4.3-4.3 2.9-5.2 1.1q-3.5 0-6.5-1.7l-7.4 2.4 2.4-7.2q-1.9-3.2-1.9-6.9 0-2.7 1.1-5.2t2.9-4.3 4.3-2.9 5.2-1.1z\"\/><\/svg><\/span><span class=\"shariff-text\">teilen<\/span>&nbsp;<\/a><\/li><li class=\"shariff-button facebook shariff-nocustomcolor\" style=\"background-color:#4273c8\"><a href=\"https:\/\/www.facebook.com\/sharer\/sharer.php?u=https%3A%2F%2Fwww.backwinkel.de%2Fblog%2Fnachhaltige-projektideen%2F\" title=\"Bei Facebook teilen\" aria-label=\"Bei Facebook teilen\" role=\"button\" rel=\"nofollow\" class=\"shariff-link\" style=\"; background-color:#3b5998; color:#fff\" target=\"_blank\"><span class=\"shariff-icon\" style=\"\"><svg width=\"32px\" height=\"20px\" xmlns=\"http:\/\/www.w3.org\/2000\/svg\" viewBox=\"0 0 18 32\"><path fill=\"#3b5998\" d=\"M17.1 0.2v4.7h-2.8q-1.5 0-2.1 0.6t-0.5 1.9v3.4h5.2l-0.7 5.3h-4.5v13.6h-5.5v-13.6h-4.5v-5.3h4.5v-3.9q0-3.3 1.9-5.2t5-1.8q2.6 0 4.1 0.2z\"\/><\/svg><\/span><span class=\"shariff-text\">teilen<\/span>&nbsp;<\/a><\/li><li class=\"shariff-button twitter shariff-nocustomcolor\" style=\"background-color:#595959\"><a href=\"https:\/\/twitter.com\/share?url=https%3A%2F%2Fwww.backwinkel.de%2Fblog%2Fnachhaltige-projektideen%2F&text=11%20nachhaltige%20Projektideen%20f%C3%BCr%20die%20Grundschule\" title=\"Bei X teilen\" aria-label=\"Bei X teilen\" role=\"button\" rel=\"noopener nofollow\" class=\"shariff-link\" style=\"; background-color:#000; color:#fff\" target=\"_blank\"><span class=\"shariff-icon\" style=\"\"><svg width=\"32px\" height=\"20px\" xmlns=\"http:\/\/www.w3.org\/2000\/svg\" viewBox=\"0 0 24 24\"><path fill=\"#000\" d=\"M14.258 10.152L23.176 0h-2.113l-7.747 8.813L7.133 0H0l9.352 13.328L0 23.973h2.113l8.176-9.309 6.531 9.309h7.133zm-2.895 3.293l-.949-1.328L2.875 1.56h3.246l6.086 8.523.945 1.328 7.91 11.078h-3.246zm0 0\"\/><\/svg><\/span><span class=\"shariff-text\">teilen<\/span>&nbsp;<\/a><\/li><li class=\"shariff-button pinterest shariff-nocustomcolor\" style=\"background-color:#e70f18\"><a href=\"https:\/\/www.pinterest.com\/pin\/create\/link\/?url=https%3A%2F%2Fwww.backwinkel.de%2Fblog%2Fnachhaltige-projektideen%2F&media=https%3A%2F%2Fwww.backwinkel.de%2Fblog%2Fwp-content%2Fuploads%2F2024%2F03%2FProjektideen-heroimage.jpg&description=11%20nachhaltige%20Projektideen%20f%C3%BCr%20die%20Grundschule\" title=\"Bei Pinterest pinnen\" aria-label=\"Bei Pinterest pinnen\" role=\"button\" rel=\"noopener nofollow\" class=\"shariff-link\" style=\"; background-color:#cb2027; color:#fff\" target=\"_blank\"><span class=\"shariff-icon\" style=\"\"><svg width=\"32px\" height=\"20px\" xmlns=\"http:\/\/www.w3.org\/2000\/svg\" viewBox=\"0 0 27 32\"><path fill=\"#cb2027\" d=\"M27.4 16q0 3.7-1.8 6.9t-5 5-6.9 1.9q-2 0-3.9-0.6 1.1-1.7 1.4-2.9 0.2-0.6 1-3.8 0.4 0.7 1.3 1.2t2 0.5q2.1 0 3.8-1.2t2.7-3.4 0.9-4.8q0-2-1.1-3.8t-3.1-2.9-4.5-1.2q-1.9 0-3.5 0.5t-2.8 1.4-2 2-1.2 2.3-0.4 2.4q0 1.9 0.7 3.3t2.1 2q0.5 0.2 0.7-0.4 0-0.1 0.1-0.5t0.2-0.5q0.1-0.4-0.2-0.8-0.9-1.1-0.9-2.7 0-2.7 1.9-4.6t4.9-2q2.7 0 4.2 1.5t1.5 3.8q0 3-1.2 5.2t-3.1 2.1q-1.1 0-1.7-0.8t-0.4-1.9q0.1-0.6 0.5-1.7t0.5-1.8 0.2-1.4q0-0.9-0.5-1.5t-1.4-0.6q-1.1 0-1.9 1t-0.8 2.6q0 1.3 0.4 2.2l-1.8 7.5q-0.3 1.2-0.2 3.2-3.7-1.6-6-5t-2.3-7.6q0-3.7 1.9-6.9t5-5 6.9-1.9 6.9 1.9 5 5 1.8 6.9z\"\/><\/svg><\/span><span class=\"shariff-text\">merken<\/span>&nbsp;<\/a><\/li><li class=\"shariff-button mailto shariff-nocustomcolor\" style=\"background-color:#a8a8a8\"><a href=\"mailto:?body=https%3A%2F%2Fwww.backwinkel.de%2Fblog%2Fnachhaltige-projektideen%2F&subject=11%20nachhaltige%20Projektideen%20f%C3%BCr%20die%20Grundschule\" title=\"Per E-Mail versenden\" aria-label=\"Per E-Mail versenden\" role=\"button\" rel=\"noopener nofollow\" class=\"shariff-link\" style=\"; background-color:#999; color:#fff\"><span class=\"shariff-icon\" style=\"\"><svg width=\"32px\" height=\"20px\" xmlns=\"http:\/\/www.w3.org\/2000\/svg\" viewBox=\"0 0 32 32\"><path fill=\"#999\" d=\"M32 12.7v14.2q0 1.2-0.8 2t-2 0.9h-26.3q-1.2 0-2-0.9t-0.8-2v-14.2q0.8 0.9 1.8 1.6 6.5 4.4 8.9 6.1 1 0.8 1.6 1.2t1.7 0.9 2 0.4h0.1q0.9 0 2-0.4t1.7-0.9 1.6-1.2q3-2.2 8.9-6.1 1-0.7 1.8-1.6zM32 7.4q0 1.4-0.9 2.7t-2.2 2.2q-6.7 4.7-8.4 5.8-0.2 0.1-0.7 0.5t-1 0.7-0.9 0.6-1.1 0.5-0.9 0.2h-0.1q-0.4 0-0.9-0.2t-1.1-0.5-0.9-0.6-1-0.7-0.7-0.5q-1.6-1.1-4.7-3.2t-3.6-2.6q-1.1-0.7-2.1-2t-1-2.5q0-1.4 0.7-2.3t2.1-0.9h26.3q1.2 0 2 0.8t0.9 2z\"\/><\/svg><\/span><span class=\"shariff-text\">E-Mail<\/span>&nbsp;<\/a><\/li><\/ul><\/div>\n<\/div><\/section><\/div>\n\n<style type=\"text\/css\" data-created_by=\"avia_inline_auto\" id=\"style-css-av-leyce6wr-aca459a5151fa423e49ebd2f0b0cba23\">\n.flex_column.av-leyce6wr-aca459a5151fa423e49ebd2f0b0cba23{\nborder-radius:0px 0px 0px 0px;\npadding:0px 0px 0px 0px;\nbackground-color:#f2f2f2;\n}\n<\/style>\n<div  class='flex_column av-leyce6wr-aca459a5151fa423e49ebd2f0b0cba23 av_one_full  avia-builder-el-52  el_after_av_one_full  el_before_av_one_full  first flex_column_div av-zero-column-padding  column-top-margin'     ><div  class='avia-builder-widget-area clearfix  avia-builder-el-53  avia-builder-el-no-sibling '><div id=\"text-29\" class=\"widget clearfix widget_text\"><h3 class=\"widgettitle\">Das BACKWINKEL-Blog-Team<\/h3>\t\t\t<div class=\"textwidget\"><p>Gibts auch ein Gesicht hinter dem BACKWINKEL-Blog? Nat\u00fcrlich. Sogar f\u00fcnf \ud83d\ude0a. Wir \u2013 Lukas, Marvin und Tatjana \u2013 bespielen unseren Blog im LACHEN LEBEN LERNEN-Firmensitz in Hattingen.<br \/>\nLukas kennt Onlinemarketing wie seine Westentasche, w\u00e4hrend Marvin unseren Beitr\u00e4gen den passenden gestalterischen Rahmen gibt und Tatjana mit dem gr\u00fcnen Korrekturstift alles pr\u00fcfend be\u00e4ugt, was unsere Freelancerautorinnen Elisa und Christine (und gern auch Gastautoren) aus der Ferne f\u00fcr den BACKWINKEL-Blog nach ordentlicher Recherche schreiben.<br \/>\nGemeinsam suchen wir st\u00e4ndig nach neuen, aufregenden Themen rund um das Thema Bildung im Kiga, der Schule und zu Hause. Und weil Sie da an der Quelle sitzen, freuen wir uns auf Ihre konstruktiven R\u00fcckmeldungen und Anregungen an blog[@]backwinkel.de<br \/>\nViel Spa\u00df beim LACHEN LESEN LERNEN!<\/p>\n<\/div>\n\t\t<\/div><\/div><\/div>\n\n<style type=\"text\/css\" data-created_by=\"avia_inline_auto\" id=\"style-css-av-21m96ev-10cefdecbd94bf771cc0a852db15e418\">\n.flex_column.av-21m96ev-10cefdecbd94bf771cc0a852db15e418{\nborder-radius:0px 0px 0px 0px;\npadding:0px 0px 0px 0px;\n}\n<\/style>\n<div  class='flex_column av-21m96ev-10cefdecbd94bf771cc0a852db15e418 av_one_full  avia-builder-el-54  el_after_av_one_full  avia-builder-el-last  first flex_column_div av-zero-column-padding  column-top-margin'     ><p>\n<style type=\"text\/css\" data-created_by=\"avia_inline_auto\" id=\"style-css-av-1l6t62f-7ea91fafe1c9fd8f01b5a5ee707950ce\">\n#top .hr.av-1l6t62f-7ea91fafe1c9fd8f01b5a5ee707950ce{\nmargin-top:10px;\nmargin-bottom:10px;\n}\n.hr.av-1l6t62f-7ea91fafe1c9fd8f01b5a5ee707950ce .hr-inner{\nwidth:500;\n}\n<\/style>\n<div  class='hr av-1l6t62f-7ea91fafe1c9fd8f01b5a5ee707950ce hr-custom  avia-builder-el-55  el_before_av_heading  avia-builder-el-first  hr-left hr-icon-no'><span class='hr-inner inner-border-av-border-thin'><span class=\"hr-inner-style\"><\/span><\/span><\/div><br \/>\n\n<style type=\"text\/css\" data-created_by=\"avia_inline_auto\" id=\"style-css-av-112w7mf-cf418d6f1ae2df284a50f174648cad51\">\n#top .av-special-heading.av-112w7mf-cf418d6f1ae2df284a50f174648cad51{\npadding-bottom:10px;\n}\nbody .av-special-heading.av-112w7mf-cf418d6f1ae2df284a50f174648cad51 .av-special-heading-tag .heading-char{\nfont-size:25px;\n}\n.av-special-heading.av-112w7mf-cf418d6f1ae2df284a50f174648cad51 .av-subheading{\nfont-size:15px;\n}\n<\/style>\n<div  class='av-special-heading av-112w7mf-cf418d6f1ae2df284a50f174648cad51 av-special-heading-h3 blockquote modern-quote  avia-builder-el-56  el_after_av_hr  el_before_av_blog '><h3 class='av-special-heading-tag '  >PASSENDE BEITR\u00c4GE<\/h3><div class=\"special-heading-border\"><div class=\"special-heading-inner-border\"><\/div><\/div><\/div><br \/>\n<div  data-slideshow-options=\"{&quot;animation&quot;:&quot;fade&quot;,&quot;autoplay&quot;:false,&quot;loop_autoplay&quot;:&quot;once&quot;,&quot;interval&quot;:5,&quot;loop_manual&quot;:&quot;manual-endless&quot;,&quot;autoplay_stopper&quot;:false,&quot;noNavigation&quot;:false,&quot;show_slide_delay&quot;:90}\" class='avia-content-slider avia-content-grid-active avia-content-slider1 avia-content-slider-odd  avia-builder-el-57  el_after_av_heading  avia-builder-el-last  av-slideshow-ui av-control-default   av-no-slider-navigation av-slideshow-manual av-loop-once av-loop-manual-endless ' ><div class=\"avia-content-slider-inner\"><div class=\"slide-entry-wrap\"><article class='slide-entry flex_column  post-entry post-entry-18716 slide-entry-overview slide-loop-1 slide-parity-odd  av_one_third first real-thumbnail posttype-post post-format-standard' ><a href='https:\/\/www.backwinkel.de\/blog\/rechnen-im-anfangsunterricht\/' data-rel='slide-1' class='slide-image' title='Rechnen im Anfangsunterricht'><img decoding=\"async\" fetchpriority=\"high\" width=\"1200\" height=\"628\" src=\"https:\/\/www.backwinkel.de\/blog\/wp-content\/uploads\/2026\/04\/04_Schule_Rechnen_anfangsunterricht.jpg\" class=\"wp-image-18748 avia-img-lazy-loading-not-18748 attachment-no scaling size-no scaling wp-post-image\" alt=\"\" \/><\/a><div class=\"slide-content\"><header class=\"entry-content-header\" aria-label=\"Slide: Rechnen im Anfangsunterricht\"><h3 class='slide-entry-title entry-title ' ><a href='https:\/\/www.backwinkel.de\/blog\/rechnen-im-anfangsunterricht\/' title='Rechnen im Anfangsunterricht'>Rechnen im Anfangsunterricht<\/a><\/h3><span class=\"blog-categories minor-meta\"><a href=\"https:\/\/www.backwinkel.de\/blog\/category\/schule-grundschule\/\" rel=\"tag\">Schule<\/a> <\/span><span class=\"av-vertical-delimiter\"><\/span><\/header><div class='slide-entry-excerpt entry-content' >Das Klassenzimmer als Lernlandschaft<\/div><\/div><footer class=\"entry-footer\"><div class=\"slide-meta\"><time class='slide-meta-time updated' >14. April 2026<\/time><\/div><\/footer><\/article><article class='slide-entry flex_column  post-entry post-entry-18177 slide-entry-overview slide-loop-2 slide-parity-even  av_one_third  real-thumbnail posttype-post post-format-standard' ><a href='https:\/\/www.backwinkel.de\/blog\/churermodell\/' data-rel='slide-1' class='slide-image' title='Churermodell'><img decoding=\"async\" fetchpriority=\"high\" width=\"1200\" height=\"628\" src=\"https:\/\/www.backwinkel.de\/blog\/wp-content\/uploads\/2026\/03\/03_Schule_Churermodell.jpg\" class=\"wp-image-18217 avia-img-lazy-loading-not-18217 attachment-no scaling size-no scaling wp-post-image\" alt=\"\" \/><\/a><div class=\"slide-content\"><header class=\"entry-content-header\" aria-label=\"Slide: Churermodell\"><h3 class='slide-entry-title entry-title ' ><a href='https:\/\/www.backwinkel.de\/blog\/churermodell\/' title='Churermodell'>Churermodell<\/a><\/h3><span class=\"blog-categories minor-meta\"><a href=\"https:\/\/www.backwinkel.de\/blog\/category\/schule-grundschule\/\" rel=\"tag\">Schule<\/a> <\/span><span class=\"av-vertical-delimiter\"><\/span><\/header><div class='slide-entry-excerpt entry-content' >Das Klassenzimmer als Lernlandschaft<\/div><\/div><footer class=\"entry-footer\"><div class=\"slide-meta\"><time class='slide-meta-time updated' >9. M\u00e4rz 2026<\/time><\/div><\/footer><\/article><article class='slide-entry flex_column  post-entry post-entry-18119 slide-entry-overview slide-loop-3 slide-parity-odd  post-entry-last  av_one_third  real-thumbnail posttype-post post-format-standard' ><a href='https:\/\/www.backwinkel.de\/blog\/digitalpakt-2-0\/' data-rel='slide-1' class='slide-image' title='Digitalpakt 2.0'><img decoding=\"async\" fetchpriority=\"high\" width=\"1200\" height=\"628\" src=\"https:\/\/www.backwinkel.de\/blog\/wp-content\/uploads\/2026\/01\/02_Schule_Digitalpakt.jpg\" class=\"wp-image-18138 avia-img-lazy-loading-not-18138 attachment-no scaling size-no scaling wp-post-image\" alt=\"\" \/><\/a><div class=\"slide-content\"><header class=\"entry-content-header\" aria-label=\"Slide: Digitalpakt 2.0\"><h3 class='slide-entry-title entry-title ' ><a href='https:\/\/www.backwinkel.de\/blog\/digitalpakt-2-0\/' title='Digitalpakt 2.0'>Digitalpakt 2.0<\/a><\/h3><span class=\"blog-categories minor-meta\"><a href=\"https:\/\/www.backwinkel.de\/blog\/category\/schule-grundschule\/\" rel=\"tag\">Schule<\/a> <\/span><span class=\"av-vertical-delimiter\"><\/span><\/header><div class='slide-entry-excerpt entry-content' >Geht es jetzt mit der Digitalisierung in Bildungseinrichtungen voran?<\/div><\/div><footer class=\"entry-footer\"><div class=\"slide-meta\"><time class='slide-meta-time updated' >10. Februar 2026<\/time><\/div><\/footer><\/article><\/div><\/div><\/div><\/p><\/div>\n","protected":false},"excerpt":{"rendered":"<p>So entwickeln Ihre SuS ein Bewusstsein f\u00fcr Klima, Umweltschutz, Tiere und Pflanzen <\/p>\n","protected":false},"author":1,"featured_media":13480,"comment_status":"closed","ping_status":"closed","sticky":false,"template":"","format":"standard","meta":{"inline_featured_image":false,"footnotes":""},"categories":[6],"tags":[],"class_list":["post-13427","post","type-post","status-publish","format-standard","has-post-thumbnail","hentry","category-schule-grundschule"],"yoast_head":"<!-- This site is optimized with the Yoast SEO plugin v27.4 - https:\/\/yoast.com\/product\/yoast-seo-wordpress\/ -->\n<title>11 nachhaltige Projektideen f\u00fcr die Grundschule | BACKWINKEL Blog<\/title>\n<meta name=\"description\" content=\"Umweltbewusstes Verhalten hat viele Gesichter. Daher gibt es auch viele verschiedene M\u00f6glichkeiten, Ihre SuS f\u00fcr das Thema Nachhaltigkeit zu sensibilisieren. \u00bb Jetzt lesen\" \/>\n<meta name=\"robots\" content=\"index, follow, max-snippet:-1, max-image-preview:large, max-video-preview:-1\" \/>\n<link rel=\"canonical\" href=\"https:\/\/www.backwinkel.de\/blog\/nachhaltige-projektideen\/\" \/>\n<meta property=\"og:locale\" content=\"de_DE\" \/>\n<meta property=\"og:type\" content=\"article\" \/>\n<meta property=\"og:title\" content=\"11 nachhaltige Projektideen f\u00fcr die Grundschule | BACKWINKEL Blog\" \/>\n<meta property=\"og:description\" content=\"Umweltbewusstes Verhalten hat viele Gesichter. Daher gibt es auch viele verschiedene M\u00f6glichkeiten, Ihre SuS f\u00fcr das Thema Nachhaltigkeit zu sensibilisieren. \u00bb Jetzt lesen\" \/>\n<meta property=\"og:url\" content=\"https:\/\/www.backwinkel.de\/blog\/nachhaltige-projektideen\/\" \/>\n<meta property=\"og:site_name\" content=\"BACKWINKEL Blog\" \/>\n<meta property=\"article:published_time\" content=\"2024-03-11T11:16:42+00:00\" \/>\n<meta property=\"article:modified_time\" content=\"2026-04-27T06:38:47+00:00\" \/>\n<meta property=\"og:image\" content=\"https:\/\/www.backwinkel.de\/blog\/wp-content\/uploads\/2024\/03\/Projektideen-heroimage.jpg\" \/>\n\t<meta property=\"og:image:width\" content=\"1200\" \/>\n\t<meta property=\"og:image:height\" content=\"628\" \/>\n\t<meta property=\"og:image:type\" content=\"image\/jpeg\" \/>\n<meta name=\"author\" content=\"admin_backwinkel\" \/>\n<meta name=\"twitter:card\" content=\"summary_large_image\" \/>\n<meta name=\"twitter:label1\" content=\"Verfasst von\" \/>\n\t<meta name=\"twitter:data1\" content=\"admin_backwinkel\" \/>\n\t<meta name=\"twitter:label2\" content=\"Gesch\u00e4tzte Lesezeit\" \/>\n\t<meta name=\"twitter:data2\" content=\"22\u00a0Minuten\" \/>\n<script type=\"application\/ld+json\" class=\"yoast-schema-graph\">{\"@context\":\"https:\\\/\\\/schema.org\",\"@graph\":[{\"@type\":\"Article\",\"@id\":\"https:\\\/\\\/www.backwinkel.de\\\/blog\\\/nachhaltige-projektideen\\\/#article\",\"isPartOf\":{\"@id\":\"https:\\\/\\\/www.backwinkel.de\\\/blog\\\/nachhaltige-projektideen\\\/\"},\"author\":{\"name\":\"admin_backwinkel\",\"@id\":\"https:\\\/\\\/www.backwinkel.de\\\/blog\\\/#\\\/schema\\\/person\\\/88b842297c0e471020a66f4476633cf2\"},\"headline\":\"11 nachhaltige Projektideen f\u00fcr die Grundschule\",\"datePublished\":\"2024-03-11T11:16:42+00:00\",\"dateModified\":\"2026-04-27T06:38:47+00:00\",\"mainEntityOfPage\":{\"@id\":\"https:\\\/\\\/www.backwinkel.de\\\/blog\\\/nachhaltige-projektideen\\\/\"},\"wordCount\":7877,\"image\":{\"@id\":\"https:\\\/\\\/www.backwinkel.de\\\/blog\\\/nachhaltige-projektideen\\\/#primaryimage\"},\"thumbnailUrl\":\"https:\\\/\\\/www.backwinkel.de\\\/blog\\\/wp-content\\\/uploads\\\/2024\\\/03\\\/Projektideen-heroimage.jpg\",\"articleSection\":[\"Schule\"],\"inLanguage\":\"de\"},{\"@type\":\"WebPage\",\"@id\":\"https:\\\/\\\/www.backwinkel.de\\\/blog\\\/nachhaltige-projektideen\\\/\",\"url\":\"https:\\\/\\\/www.backwinkel.de\\\/blog\\\/nachhaltige-projektideen\\\/\",\"name\":\"11 nachhaltige Projektideen f\u00fcr die Grundschule | BACKWINKEL Blog\",\"isPartOf\":{\"@id\":\"https:\\\/\\\/www.backwinkel.de\\\/blog\\\/#website\"},\"primaryImageOfPage\":{\"@id\":\"https:\\\/\\\/www.backwinkel.de\\\/blog\\\/nachhaltige-projektideen\\\/#primaryimage\"},\"image\":{\"@id\":\"https:\\\/\\\/www.backwinkel.de\\\/blog\\\/nachhaltige-projektideen\\\/#primaryimage\"},\"thumbnailUrl\":\"https:\\\/\\\/www.backwinkel.de\\\/blog\\\/wp-content\\\/uploads\\\/2024\\\/03\\\/Projektideen-heroimage.jpg\",\"datePublished\":\"2024-03-11T11:16:42+00:00\",\"dateModified\":\"2026-04-27T06:38:47+00:00\",\"author\":{\"@id\":\"https:\\\/\\\/www.backwinkel.de\\\/blog\\\/#\\\/schema\\\/person\\\/88b842297c0e471020a66f4476633cf2\"},\"description\":\"Umweltbewusstes Verhalten hat viele Gesichter. Daher gibt es auch viele verschiedene M\u00f6glichkeiten, Ihre SuS f\u00fcr das Thema Nachhaltigkeit zu sensibilisieren. \u00bb Jetzt lesen\",\"breadcrumb\":{\"@id\":\"https:\\\/\\\/www.backwinkel.de\\\/blog\\\/nachhaltige-projektideen\\\/#breadcrumb\"},\"inLanguage\":\"de\",\"potentialAction\":[{\"@type\":\"ReadAction\",\"target\":[\"https:\\\/\\\/www.backwinkel.de\\\/blog\\\/nachhaltige-projektideen\\\/\"]}]},{\"@type\":\"ImageObject\",\"inLanguage\":\"de\",\"@id\":\"https:\\\/\\\/www.backwinkel.de\\\/blog\\\/nachhaltige-projektideen\\\/#primaryimage\",\"url\":\"https:\\\/\\\/www.backwinkel.de\\\/blog\\\/wp-content\\\/uploads\\\/2024\\\/03\\\/Projektideen-heroimage.jpg\",\"contentUrl\":\"https:\\\/\\\/www.backwinkel.de\\\/blog\\\/wp-content\\\/uploads\\\/2024\\\/03\\\/Projektideen-heroimage.jpg\",\"width\":1200,\"height\":628},{\"@type\":\"BreadcrumbList\",\"@id\":\"https:\\\/\\\/www.backwinkel.de\\\/blog\\\/nachhaltige-projektideen\\\/#breadcrumb\",\"itemListElement\":[{\"@type\":\"ListItem\",\"position\":1,\"name\":\"Startseite\",\"item\":\"https:\\\/\\\/blog.backwinkel.de\\\/aktuelles\\\/\"},{\"@type\":\"ListItem\",\"position\":2,\"name\":\"11 nachhaltige Projektideen f\u00fcr die Grundschule\"}]},{\"@type\":\"WebSite\",\"@id\":\"https:\\\/\\\/www.backwinkel.de\\\/blog\\\/#website\",\"url\":\"https:\\\/\\\/www.backwinkel.de\\\/blog\\\/\",\"name\":\"BACKWINKEL Blog\",\"description\":\"f\u00fcr Lehrer, Erzieher und Eltern\",\"potentialAction\":[{\"@type\":\"SearchAction\",\"target\":{\"@type\":\"EntryPoint\",\"urlTemplate\":\"https:\\\/\\\/www.backwinkel.de\\\/blog\\\/?s={search_term_string}\"},\"query-input\":{\"@type\":\"PropertyValueSpecification\",\"valueRequired\":true,\"valueName\":\"search_term_string\"}}],\"inLanguage\":\"de\"},{\"@type\":\"Person\",\"@id\":\"https:\\\/\\\/www.backwinkel.de\\\/blog\\\/#\\\/schema\\\/person\\\/88b842297c0e471020a66f4476633cf2\",\"name\":\"admin_backwinkel\",\"url\":\"https:\\\/\\\/www.backwinkel.de\\\/blog\\\/author\\\/admin_backwinkel\\\/\"}]}<\/script>\n<!-- \/ Yoast SEO plugin. -->","yoast_head_json":{"title":"11 nachhaltige Projektideen f\u00fcr die Grundschule | BACKWINKEL Blog","description":"Umweltbewusstes Verhalten hat viele Gesichter. Daher gibt es auch viele verschiedene M\u00f6glichkeiten, Ihre SuS f\u00fcr das Thema Nachhaltigkeit zu sensibilisieren. \u00bb Jetzt lesen","robots":{"index":"index","follow":"follow","max-snippet":"max-snippet:-1","max-image-preview":"max-image-preview:large","max-video-preview":"max-video-preview:-1"},"canonical":"https:\/\/www.backwinkel.de\/blog\/nachhaltige-projektideen\/","og_locale":"de_DE","og_type":"article","og_title":"11 nachhaltige Projektideen f\u00fcr die Grundschule | BACKWINKEL Blog","og_description":"Umweltbewusstes Verhalten hat viele Gesichter. Daher gibt es auch viele verschiedene M\u00f6glichkeiten, Ihre SuS f\u00fcr das Thema Nachhaltigkeit zu sensibilisieren. \u00bb Jetzt lesen","og_url":"https:\/\/www.backwinkel.de\/blog\/nachhaltige-projektideen\/","og_site_name":"BACKWINKEL Blog","article_published_time":"2024-03-11T11:16:42+00:00","article_modified_time":"2026-04-27T06:38:47+00:00","og_image":[{"width":1200,"height":628,"url":"https:\/\/www.backwinkel.de\/blog\/wp-content\/uploads\/2024\/03\/Projektideen-heroimage.jpg","type":"image\/jpeg"}],"author":"admin_backwinkel","twitter_card":"summary_large_image","twitter_misc":{"Verfasst von":"admin_backwinkel","Gesch\u00e4tzte Lesezeit":"22\u00a0Minuten"},"schema":{"@context":"https:\/\/schema.org","@graph":[{"@type":"Article","@id":"https:\/\/www.backwinkel.de\/blog\/nachhaltige-projektideen\/#article","isPartOf":{"@id":"https:\/\/www.backwinkel.de\/blog\/nachhaltige-projektideen\/"},"author":{"name":"admin_backwinkel","@id":"https:\/\/www.backwinkel.de\/blog\/#\/schema\/person\/88b842297c0e471020a66f4476633cf2"},"headline":"11 nachhaltige Projektideen f\u00fcr die Grundschule","datePublished":"2024-03-11T11:16:42+00:00","dateModified":"2026-04-27T06:38:47+00:00","mainEntityOfPage":{"@id":"https:\/\/www.backwinkel.de\/blog\/nachhaltige-projektideen\/"},"wordCount":7877,"image":{"@id":"https:\/\/www.backwinkel.de\/blog\/nachhaltige-projektideen\/#primaryimage"},"thumbnailUrl":"https:\/\/www.backwinkel.de\/blog\/wp-content\/uploads\/2024\/03\/Projektideen-heroimage.jpg","articleSection":["Schule"],"inLanguage":"de"},{"@type":"WebPage","@id":"https:\/\/www.backwinkel.de\/blog\/nachhaltige-projektideen\/","url":"https:\/\/www.backwinkel.de\/blog\/nachhaltige-projektideen\/","name":"11 nachhaltige Projektideen f\u00fcr die Grundschule | BACKWINKEL Blog","isPartOf":{"@id":"https:\/\/www.backwinkel.de\/blog\/#website"},"primaryImageOfPage":{"@id":"https:\/\/www.backwinkel.de\/blog\/nachhaltige-projektideen\/#primaryimage"},"image":{"@id":"https:\/\/www.backwinkel.de\/blog\/nachhaltige-projektideen\/#primaryimage"},"thumbnailUrl":"https:\/\/www.backwinkel.de\/blog\/wp-content\/uploads\/2024\/03\/Projektideen-heroimage.jpg","datePublished":"2024-03-11T11:16:42+00:00","dateModified":"2026-04-27T06:38:47+00:00","author":{"@id":"https:\/\/www.backwinkel.de\/blog\/#\/schema\/person\/88b842297c0e471020a66f4476633cf2"},"description":"Umweltbewusstes Verhalten hat viele Gesichter. Daher gibt es auch viele verschiedene M\u00f6glichkeiten, Ihre SuS f\u00fcr das Thema Nachhaltigkeit zu sensibilisieren. \u00bb Jetzt lesen","breadcrumb":{"@id":"https:\/\/www.backwinkel.de\/blog\/nachhaltige-projektideen\/#breadcrumb"},"inLanguage":"de","potentialAction":[{"@type":"ReadAction","target":["https:\/\/www.backwinkel.de\/blog\/nachhaltige-projektideen\/"]}]},{"@type":"ImageObject","inLanguage":"de","@id":"https:\/\/www.backwinkel.de\/blog\/nachhaltige-projektideen\/#primaryimage","url":"https:\/\/www.backwinkel.de\/blog\/wp-content\/uploads\/2024\/03\/Projektideen-heroimage.jpg","contentUrl":"https:\/\/www.backwinkel.de\/blog\/wp-content\/uploads\/2024\/03\/Projektideen-heroimage.jpg","width":1200,"height":628},{"@type":"BreadcrumbList","@id":"https:\/\/www.backwinkel.de\/blog\/nachhaltige-projektideen\/#breadcrumb","itemListElement":[{"@type":"ListItem","position":1,"name":"Startseite","item":"https:\/\/blog.backwinkel.de\/aktuelles\/"},{"@type":"ListItem","position":2,"name":"11 nachhaltige Projektideen f\u00fcr die Grundschule"}]},{"@type":"WebSite","@id":"https:\/\/www.backwinkel.de\/blog\/#website","url":"https:\/\/www.backwinkel.de\/blog\/","name":"BACKWINKEL Blog","description":"f\u00fcr Lehrer, Erzieher und Eltern","potentialAction":[{"@type":"SearchAction","target":{"@type":"EntryPoint","urlTemplate":"https:\/\/www.backwinkel.de\/blog\/?s={search_term_string}"},"query-input":{"@type":"PropertyValueSpecification","valueRequired":true,"valueName":"search_term_string"}}],"inLanguage":"de"},{"@type":"Person","@id":"https:\/\/www.backwinkel.de\/blog\/#\/schema\/person\/88b842297c0e471020a66f4476633cf2","name":"admin_backwinkel","url":"https:\/\/www.backwinkel.de\/blog\/author\/admin_backwinkel\/"}]}},"_links":{"self":[{"href":"https:\/\/www.backwinkel.de\/blog\/wp-json\/wp\/v2\/posts\/13427","targetHints":{"allow":["GET"]}}],"collection":[{"href":"https:\/\/www.backwinkel.de\/blog\/wp-json\/wp\/v2\/posts"}],"about":[{"href":"https:\/\/www.backwinkel.de\/blog\/wp-json\/wp\/v2\/types\/post"}],"author":[{"embeddable":true,"href":"https:\/\/www.backwinkel.de\/blog\/wp-json\/wp\/v2\/users\/1"}],"replies":[{"embeddable":true,"href":"https:\/\/www.backwinkel.de\/blog\/wp-json\/wp\/v2\/comments?post=13427"}],"version-history":[{"count":2,"href":"https:\/\/www.backwinkel.de\/blog\/wp-json\/wp\/v2\/posts\/13427\/revisions"}],"predecessor-version":[{"id":19022,"href":"https:\/\/www.backwinkel.de\/blog\/wp-json\/wp\/v2\/posts\/13427\/revisions\/19022"}],"wp:featuredmedia":[{"embeddable":true,"href":"https:\/\/www.backwinkel.de\/blog\/wp-json\/wp\/v2\/media\/13480"}],"wp:attachment":[{"href":"https:\/\/www.backwinkel.de\/blog\/wp-json\/wp\/v2\/media?parent=13427"}],"wp:term":[{"taxonomy":"category","embeddable":true,"href":"https:\/\/www.backwinkel.de\/blog\/wp-json\/wp\/v2\/categories?post=13427"},{"taxonomy":"post_tag","embeddable":true,"href":"https:\/\/www.backwinkel.de\/blog\/wp-json\/wp\/v2\/tags?post=13427"}],"curies":[{"name":"wp","href":"https:\/\/api.w.org\/{rel}","templated":true}]}}