{"id":13402,"date":"2024-03-11T12:26:42","date_gmt":"2024-03-11T11:26:42","guid":{"rendered":"https:\/\/www.backwinkel.de\/blog\/?p=13402"},"modified":"2026-04-27T08:37:58","modified_gmt":"2026-04-27T06:37:58","slug":"demokratiebildung-kita","status":"publish","type":"post","link":"https:\/\/www.backwinkel.de\/blog\/demokratiebildung-kita\/","title":{"rendered":"Demokratiebildung in der Kita"},"content":{"rendered":"\n<style type=\"text\/css\" data-created_by=\"avia_inline_auto\" id=\"style-css-av-8vdv8-f7e0dae999cc49bc529a70f67b346526\">\n.flex_column.av-8vdv8-f7e0dae999cc49bc529a70f67b346526{\nborder-radius:0px 0px 0px 0px;\npadding:0px 0px 0px 0px;\n}\n<\/style>\n<div  class='flex_column av-8vdv8-f7e0dae999cc49bc529a70f67b346526 av_one_full  avia-builder-el-0  el_before_av_three_fifth  avia-builder-el-first  first flex_column_div av-zero-column-padding  '     ><p>\n<style type=\"text\/css\" data-created_by=\"avia_inline_auto\" id=\"style-css-av-jl6mo8rj-605eccf9df0dce9c3ffb6a57636da99d\">\n#top .hr.hr-invisible.av-jl6mo8rj-605eccf9df0dce9c3ffb6a57636da99d{\nmargin-top:0px;\nheight:1px;\n}\n<\/style>\n<div  class='hr av-jl6mo8rj-605eccf9df0dce9c3ffb6a57636da99d hr-invisible  avia-builder-el-1  el_before_av_heading  avia-builder-el-first '><span class='hr-inner '><span class=\"hr-inner-style\"><\/span><\/span><\/div><br \/>\n\n<style type=\"text\/css\" data-created_by=\"avia_inline_auto\" id=\"style-css-av-27gdg7-b40e14a6adc126d1774de2b5ee22b7f4\">\n#top .av-special-heading.av-27gdg7-b40e14a6adc126d1774de2b5ee22b7f4{\npadding-bottom:10px;\n}\nbody .av-special-heading.av-27gdg7-b40e14a6adc126d1774de2b5ee22b7f4 .av-special-heading-tag .heading-char{\nfont-size:25px;\n}\n.av-special-heading.av-27gdg7-b40e14a6adc126d1774de2b5ee22b7f4 .av-subheading{\nfont-size:15px;\n}\n<\/style>\n<div  class='av-special-heading av-27gdg7-b40e14a6adc126d1774de2b5ee22b7f4 av-special-heading-h1 blockquote modern-quote  avia-builder-el-2  el_after_av_hr  el_before_av_post_metadata  av-linked-heading'><h1 class='av-special-heading-tag '  >Demokratiebildung in der Kita. So f\u00fchlen sich Kinder einbezogen und bestimmen mit <\/h1><div class='av-subheading av-subheading_below'><p class=\"autorenname\">Elisa Morel<\/p>\n<\/div><div class=\"special-heading-border\"><div class=\"special-heading-inner-border\"><\/div><\/div><\/div><br \/>\n\n<style type=\"text\/css\" data-created_by=\"avia_inline_auto\" id=\"style-css-av-1pw0mca-7aeeab938ddaf341a3876c14d1476e52\">\n#top .av-post-metadata-container.av-1pw0mca-7aeeab938ddaf341a3876c14d1476e52{\nfont-size:12px;\n}\n#top .av-post-metadata-container.av-1pw0mca-7aeeab938ddaf341a3876c14d1476e52 .av-post-metadata-container-inner{\nfont-size:12px;\n}\n<\/style>\n<div  class='av-post-metadata-container av-1pw0mca-7aeeab938ddaf341a3876c14d1476e52 av-metadata-container-align-left  avia-builder-el-3  el_after_av_heading  el_before_av_textblock  av-metadata-container-1'><div class='av-post-metadata-container-inner'><span class=\"av-post-metadata-content av-post-metadata-meta-content\"><span class=\"av-post-metadata-content av-post-metadata-modified\"><span class=\"av-metadata-before av-metadata-before-modified\">Aktualisiert:<\/span><span class=\"av-post-metadata-modified-date\" >27. April 2026<\/span><\/span><span class=\"av-post-metadata-content av-post-metadata-separator\">\/<\/span><span class=\"av-post-metadata-content av-post-metadata-modified\"><span class=\"av-metadata-before av-metadata-before-modified\">Zuletzt aktualisiert:<\/span><span class=\"av-post-metadata-modified-date\" >27. April 2026<\/span><\/span><\/span><\/div><\/div><br \/>\n\n<style type=\"text\/css\" data-created_by=\"avia_inline_auto\" id=\"style-css-av-jkuubohz-bbd292769511b836e32d8da8e9450d9c\">\n#top .av_textblock_section.av-jkuubohz-bbd292769511b836e32d8da8e9450d9c .avia_textblock{\nfont-size:20px;\n}\n<\/style>\n<section  class='av_textblock_section av-jkuubohz-bbd292769511b836e32d8da8e9450d9c '  ><div class='avia_textblock' ><p>Sich einbezogen f\u00fchlen und mitbestimmen zu k\u00f6nnen ist ein wichtiger Bestandteil der Demokratiebildung und klappt schon mit den Kleinsten. So f\u00fchlen sie sich fr\u00fch in ihren W\u00fcnschen und Gef\u00fchlen ernst genommen und empfinden den Umgang als wertsch\u00e4tzend \u2013 beste Voraussetzungen, um auch anderen empathisch und verst\u00e4ndnisvoll gegen\u00fcberzutreten.<\/p>\n<\/div><\/section><br \/>\n\n<style type=\"text\/css\" data-created_by=\"avia_inline_auto\" id=\"style-css-av-jkuuo5h6-750aede3e45be7ce1384ac656f3f2a73\">\n.avia-image-container.av-jkuuo5h6-750aede3e45be7ce1384ac656f3f2a73 img.avia_image{\nbox-shadow:none;\n}\n.avia-image-container.av-jkuuo5h6-750aede3e45be7ce1384ac656f3f2a73 .av-image-caption-overlay-center{\ncolor:#ffffff;\n}\n<\/style>\n<div  class='avia-image-container av-jkuuo5h6-750aede3e45be7ce1384ac656f3f2a73 av-styling- avia-align-center  avia-builder-el-5  el_after_av_textblock  el_before_av_hr '  ><div class=\"avia-image-container-inner\"><div class=\"avia-image-overlay-wrap\"><img decoding=\"async\" fetchpriority=\"high\" class='wp-image-13422 avia-img-lazy-loading-not-13422 avia_image ' src=\"https:\/\/www.backwinkel.de\/blog\/wp-content\/uploads\/2024\/03\/Demokratie-heroimage.jpg\" alt='' title='Demokratie-heroimage'  height=\"628\" width=\"1200\"  \/><\/div><\/div><\/div><br \/>\n\n<style type=\"text\/css\" data-created_by=\"avia_inline_auto\" id=\"style-css-av-jl6mo8rj-22-7487f0754a981739ab003e89aabaa170\">\n#top .hr.hr-invisible.av-jl6mo8rj-22-7487f0754a981739ab003e89aabaa170{\nheight:5px;\n}\n<\/style>\n<div  class='hr av-jl6mo8rj-22-7487f0754a981739ab003e89aabaa170 hr-invisible  avia-builder-el-6  el_after_av_image  el_before_av_textblock '><span class='hr-inner '><span class=\"hr-inner-style\"><\/span><\/span><\/div><br \/>\n\n<style type=\"text\/css\" data-created_by=\"avia_inline_auto\" id=\"style-css-av-jl7ql86y-e4dbe662e227d6e3ed63d4a5d145fa64\">\n#top .av_textblock_section.av-jl7ql86y-e4dbe662e227d6e3ed63d4a5d145fa64 .avia_textblock{\nfont-size:10px;\n}\n<\/style>\n<section  class='av_textblock_section av-jl7ql86y-e4dbe662e227d6e3ed63d4a5d145fa64 '  ><div class='avia_textblock' ><p class=\"bildnennung-beitrag\" style=\"text-align: left;\">\u00a9 BACKWINKEL GmbH<\/p>\n<\/div><\/section><br \/>\n\n<style type=\"text\/css\" data-created_by=\"avia_inline_auto\" id=\"style-css-av-jl6mo8rj-20-0a5ac640218ac986cc09276001136948\">\n#top .hr.hr-invisible.av-jl6mo8rj-20-0a5ac640218ac986cc09276001136948{\nheight:20px;\n}\n<\/style>\n<div  class='hr av-jl6mo8rj-20-0a5ac640218ac986cc09276001136948 hr-invisible  avia-builder-el-8  el_after_av_textblock  el_before_av_textblock '><span class='hr-inner '><span class=\"hr-inner-style\"><\/span><\/span><\/div><br \/>\n<section  class='av_textblock_section av-jkuubohz-21-75c91343a207bf8690976a030a515e24 '  ><div class='avia_textblock' ><p>In diesem Beitrag erfahren Sie, wie Ihre Kinder spielend partizipieren, welche Aspekte zur Partizipation geh\u00f6ren und welche Vorteile die Kinder durch sie genie\u00dfen.<\/p>\n<\/div><\/section><\/p><\/div>\n<style type=\"text\/css\" data-created_by=\"avia_inline_auto\" id=\"style-css-av-swqf9-6bb490ea0cbb171c9d159bb967226129\">\n.flex_column.av-swqf9-6bb490ea0cbb171c9d159bb967226129{\nborder-radius:0px 0px 0px 0px;\npadding:20px 20px 20px 20px;\nbackground-color:#f2f2f2;\n}\n<\/style>\n<div  class='flex_column av-swqf9-6bb490ea0cbb171c9d159bb967226129 av_three_fifth  avia-builder-el-10  el_after_av_one_full  el_before_av_two_fifth  first flex_column_div  column-top-margin'     ><style type=\"text\/css\" data-created_by=\"avia_inline_auto\" id=\"style-css-av-jkuua5r2-f1beb4b164a3aefc9a751750d41d5b8e\">\n#top .av_textblock_section.av-jkuua5r2-f1beb4b164a3aefc9a751750d41d5b8e .avia_textblock{\nfont-size:14px;\n}\n<\/style>\n<section  class='av_textblock_section av-jkuua5r2-f1beb4b164a3aefc9a751750d41d5b8e '  ><div class='avia_textblock' ><p><strong>Inhalt<\/strong><\/p>\n<p><strong><a href=\"#1\">1. Vielfalt, Anerkennung und Akzeptanz im Kindergarten<\/a><\/strong><\/p>\n<p><strong><a href=\"#2\">2. Was bedeutet Partizipation? <\/a><\/strong><br \/>\n2.1 Was lernen Kinder durch Partizipation?<br \/>\n2.2 Wo sind die Grenzen der Partizipation im Kindergarten?<\/p>\n<p><strong><a href=\"#3\">3. Partizipation in der Praxis <\/a><\/strong><br \/>\n3.1 Beschwerdemanagement<br \/>\n3.2 Partizipation bei den Grundregeln<br \/>\n3.3 Partizipation beim Essen<br \/>\n3.4 Partizipation bei der Tagesgestaltung<br \/>\n3.5 Kinderkonferenz, Kinderrat, Kinderparlament<\/p>\n<p><strong><a href=\"#4\">4. Partizipation mit den Kleinsten<\/a><\/strong><\/p>\n<\/div><\/section><\/div><\/p>\n\n<style type=\"text\/css\" data-created_by=\"avia_inline_auto\" id=\"style-css-av-2532d-6e1ea05e25305745634c0a02c87dc827\">\n.flex_column.av-2532d-6e1ea05e25305745634c0a02c87dc827{\nborder-radius:0px 0px 0px 0px;\npadding:0 0 0 0;\n}\n<\/style>\n<div  class='flex_column av-2532d-6e1ea05e25305745634c0a02c87dc827 av_two_fifth  avia-builder-el-12  el_after_av_three_fifth  el_before_av_sidebar  flex_column_div av-zero-column-padding  column-top-margin'     ><\/div>\n<div  class='avia-builder-widget-area clearfix  avia-builder-el-13  el_after_av_two_fifth  el_before_av_one_full '><div id=\"text-33\" class=\"widget clearfix widget_text\">\t\t\t<div class=\"textwidget\"><p><a href=\"https:\/\/www.backwinkel.de\/nachhaltig-denken\/\" target=\"\\_blank\" rel=\"noopener\"><br \/>\n<img decoding=\"async\" class=\"werbung-desktop alignnone wp-image-4186 size-full\" src=\"https:\/\/www.backwinkel.de\/blog\/wp-content\/uploads\/2026\/04\/Backwinkel-blog-werbebanner-shop-kita-schule_desktop.jpg\" alt=\"\" width=\"1251\" height=\"201\" \/><br \/>\n<\/a><br \/>\n<a href=\"https:\/\/www.backwinkel.de\/nachhaltig-denken\/\" target=\"\\_blank\" rel=\"noopener\"><br \/>\n<img decoding=\"async\" class=\"werbung-mobile alignnone wp-image-4187 size-full\" src=\"https:\/\/www.backwinkel.de\/blog\/wp-content\/uploads\/2026\/04\/Backwinkel-blog-werbebanner-shop-kiga-schule_mobile.jpg\" alt=\"\" width=\"550\" height=\"500\" \/><br \/>\n<\/a><\/p>\n<\/div>\n\t\t<\/div><\/div>\n\n<style type=\"text\/css\" data-created_by=\"avia_inline_auto\" id=\"style-css-av-hh5al-9c53459d093ff912fcc98cf97e19d753\">\n.flex_column.av-hh5al-9c53459d093ff912fcc98cf97e19d753{\nborder-radius:0px 0px 0px 0px;\npadding:0px 0px 0px 0px;\n}\n<\/style>\n<div  class='flex_column av-hh5al-9c53459d093ff912fcc98cf97e19d753 av_one_full  avia-builder-el-14  el_after_av_sidebar  el_before_av_hr  first flex_column_div av-zero-column-padding  '     ><section  class='av_textblock_section av-jkuul0eg-c8007ced910eec869d85a4d2f40b896b '  ><div class='avia_textblock' >\n<style type=\"text\/css\" data-created_by=\"avia_inline_auto\" id=\"style-css-av-7c7r8-1ad3209b7b9ea9c60cc97e362d76ea5e\">\n#top .hr.hr-invisible.av-7c7r8-1ad3209b7b9ea9c60cc97e362d76ea5e{\nheight:20px;\n}\n<\/style>\n<div  class='hr av-7c7r8-1ad3209b7b9ea9c60cc97e362d76ea5e hr-invisible  avia-builder-el-16  avia-builder-el-no-sibling '><span class='hr-inner '><span class=\"hr-inner-style\"><\/span><\/span><\/div>\n<h2 id=\"1\" class=\"position\"><strong>Vielfalt, Anerkennung und Akzeptanz im Kindergarten <\/strong><\/h2>\n<p>Wenn Kinder in den Kindergarten kommen, erleben sie zum ersten Mal eine Gemeinschaft, die nicht aus ihren bisher vertrauten Bezugspersonen und -normen besteht. Unterschiedliche Wertvorstellungen, Charaktere, Verhaltensweisen, Nationalit\u00e4ten, Glaubensrichtungen und Vorlieben oder Abneigungen treffen aufeinander.<\/p>\n<p>Somit bekommen die Kinder einen ersten Vorgeschmack auf ihr weiteres Leben in der Schule und im Berufsleben, denn Vielfalt ist allgegenw\u00e4rtig \u2013 allein schon in Form sehr unterschiedlicher Meinungen und W\u00fcnsche, die aufeinanderprallen k\u00f6nnen. Es ist wichtig, fr\u00fch zu erkennen, dass Menschen und ihre Bed\u00fcrfnisse unterschiedlich, aber niemals falsch sind.<\/p>\n<p>Da nicht jedes Kind in einem wertsch\u00e4tzenden, demokratischen und respektvollen famili\u00e4ren Umfeld heranw\u00e4chst, ist es umso essenzieller, dass sie im Kindergarten lernen, wie Toleranz, Akzeptanz und Partizipation funktionieren. Nur so werden sie sp\u00e4ter auch die Grundwerte unserer Demokratie verstehen, leben und sch\u00fctzen (k\u00f6nnen).<\/p>\n<\/div><\/section><\/div>\n\n<style type=\"text\/css\" data-created_by=\"avia_inline_auto\" id=\"style-css-av-jl6mo8rj-19-c6b99c38e88c4356afd3dd2078e94308\">\n#top .hr.hr-invisible.av-jl6mo8rj-19-c6b99c38e88c4356afd3dd2078e94308{\nheight:60px;\n}\n<\/style>\n<div  class='hr av-jl6mo8rj-19-c6b99c38e88c4356afd3dd2078e94308 hr-invisible  avia-builder-el-17  el_after_av_one_full  el_before_av_one_full '><span class='hr-inner '><span class=\"hr-inner-style\"><\/span><\/span><\/div>\n\n<style type=\"text\/css\" data-created_by=\"avia_inline_auto\" id=\"style-css-av-hh5al-14-9ab62d48bef4dad42629995e86fc9a6b\">\n.flex_column.av-hh5al-14-9ab62d48bef4dad42629995e86fc9a6b{\nborder-radius:0px 0px 0px 0px;\npadding:0px 0px 0px 0px;\n}\n<\/style>\n<div  class='flex_column av-hh5al-14-9ab62d48bef4dad42629995e86fc9a6b av_one_full  avia-builder-el-18  el_after_av_hr  el_before_av_one_full  first flex_column_div av-zero-column-padding  '     ><section  class='av_textblock_section av-jkuul0eg-16-0f4eb731ff2c8658d8eacfe30b563c9e '  ><div class='avia_textblock' ><h2 id=\"2\" class=\"position\"><strong>Was bedeutet Partizipation? <\/strong><\/h2>\n<p>Demokratiebildung ist ein laufender Prozess und begleitet die Kinder vom Kindergarten bis ans Ende ihrer Schullaufbahn. Die Demokratievermittlung orientiert sich dabei selbstverst\u00e4ndlich auch am Alter; es w\u00fcrde wenig Sinn ergeben, Kita-Kindern vermitteln zu wollen, wie sie Fake News erkennen, oder Grundsch\u00fclern im Detail Demokratie als Herrschaftsform n\u00e4herzubringen.<\/p>\n<p>Im Kindergarten l\u00e4sst sich <strong>Demokratie durch Mitbestimmung<\/strong> leicht in den Alltag integrieren. In diesem Beitrag fokussieren wir uns auf daher auf die Partizipation. F\u00fcr mehr Informationen zur Demokratiebildung lesen Sie gern auch unseren Beitrag <a href=\"https:\/\/www.backwinkel.de\/blog\/demokratie\/\" target=\"_blank\" rel=\"noopener\">Rechtsextreme Einstellungen nehmen zu<\/a>.<\/p>\n<p>\u201ePartizipation hei\u00dft, Entscheidungen, die das eigene Leben und das Leben in der Gemeinschaft betreffen, zu teilen und gemeinsam L\u00f6sungen f\u00fcr Probleme zu finden.\u201c \u2013 Richard Schr\u00f6der, ehemaliger Leiter des ersten Kinderb\u00fcros Deutschlands ProKids in Herten<\/p>\n<p>Zum Thema Partizipation hat der Parit\u00e4tische f\u00fcnf tolle Videos (und noch mehr) gedreht, in denen auch viele anschauliche Praxisbeispiele zu sehen sind. Sie finden die Links am Ende des Beitrags. Die Informationen und Beispiele aus den Videos sind in diesen Text eingeflossen.<\/p>\n<p><strong>Das Recht der Kinder auf Partizipation <\/strong><\/p>\n<p>Kinder haben laut <strong>UN-Kinderrechtskonvention<\/strong>, <strong>Charta der Grundrechte der Europ\u00e4ischen<\/strong> <strong>Union<\/strong> und <strong>SGB VIII<\/strong> ein Recht auf Partizipation. Gelungene Partizipation spiegelt sich durchg\u00e4ngig in der <strong>Haltung der P\u00e4dagogen<\/strong> gegen\u00fcber den Kindern. Somit ist sie keine zus\u00e4tzliche Aufgabe, sondern Bestandteil des Kindergartenalltags und eine der <strong>Hauptaufgaben fr\u00fchkindlicher Bildung<\/strong>. Erziehende haben die Pflicht, Kinder zu beteiligen, und die Tr\u00e4ger sind verpflichtet, Konzepte zur Umsetzung der Partizipation auszuarbeiten.<\/p>\n<p><strong>Was lernen Kinder durch Partizipation? <\/strong><\/p>\n<p>Partizipation ist elementarer Bestandteil der Demokratie. Wenn sich Kinder wertgesch\u00e4tzt f\u00fchlen und in ihren Bed\u00fcrfnissen, \u00c4ngsten und W\u00fcnschen wahrgenommen werden, tr\u00e4gt das erheblich zu ihrer Pers\u00f6nlichkeitsbildung bei.<\/p>\n<p><strong>Durch Partizipation lernen Kinder<\/strong>:<\/p>\n<ul>\n<li>die eigenen Bed\u00fcrfnisse kennen und auch (sprachlich) auszudr\u00fccken<\/li>\n<li>die eigenen Gef\u00fchle zu reflektieren<\/li>\n<li>Akzeptanz und Toleranz f\u00fcr die Meinungen und Bed\u00fcrfnisse anderer<\/li>\n<li>wie man Konflikte l\u00f6st und \u00fcber Kompromisse verhandelt<\/li>\n<li>Empathie<\/li>\n<li>Selbstwirksamkeit<\/li>\n<li>Zugeh\u00f6rigkeit und Verantwortungsbewusstsein<\/li>\n<li>sich eine Meinung zu bilden und sie auch zu vertreten<\/li>\n<li>einen wertsch\u00e4tzenden Umgang miteinander<\/li>\n<\/ul>\n<p>All diese Kompetenzen sind wichtig f\u00fcr das sp\u00e4tere Leben. Sie st\u00e4rken die Resilienz und lassen die Kinder zu starken Pers\u00f6nlichkeiten heranwachsen, die ihren Mitmenschen verst\u00e4ndnis- und respektvoll begegnen. Denn nur, wer selbst Akzeptanz und Empathie erf\u00e4hrt und so (kennen)lernt, kann sie auch anderen Personen entgegenbringen.<\/p>\n<p><strong>Wo sind die Grenzen der Partizipation im Kindergarten? <\/strong><\/p>\n<p>Es gibt Bereiche, die nicht verhandelbar sind \u2013 sp\u00e4testens dann, wenn <strong>ernsthafte Gefahren<\/strong> drohen. Ganz plakativ: Wer eine Erdnussallergie hat, darf nicht bestimmen, dass er einen Schokoriegel mit Erdn\u00fcssen isst. Sie als Erwachsene m\u00fcssen die Kinder nat\u00fcrlich <strong>besch\u00fctzen<\/strong>, solange diese noch nicht in der Lage sind, es selbst zu tun. Au\u00dferdem braucht der Alltag <strong>Struktur<\/strong> und jede Gemeinschaft <strong>Regeln<\/strong>. Das gibt auch den Kindern <strong>Sicherheit<\/strong>. Besprechen Sie gern mit den Kindern, welche Regeln f\u00fcr die Gruppe gelten sollten und warum. Nehmen Sie die Kinder wie immer ernst mit ihren Einw\u00e4nden, Bef\u00fcrchtungen und Ideen.<\/p>\n<p>In manchen Situationen m\u00fcssen Sie wahrscheinlich auch <strong>Zeit, Aufwand<\/strong> und <strong>Sinn<\/strong> <strong>abw\u00e4gen<\/strong>. Endlose Kinderratsdiskussionen, die zu keiner Entscheidung kommen, sind nicht zielf\u00fchrend. Vielleicht war dann die Fragestellung nicht allen verst\u00e4ndlich oder das Thema nicht wichtig genug. Entscheidungen, mit denen Sie selbst aus nachvollziehbaren Gr\u00fcnden nicht einverstanden oder die nicht umsetzbar sind (\u201eWir wollen nur pinke M\u00f6bel!\u201c), machen auch niemanden gl\u00fccklich \u2013 vor allem nicht, wenn Sie dann noch viele Jahre in einem rosa Paradies sitzen, w\u00e4hrend die Kinder, die diese Entscheidung getroffen haben, bereits die Grundschule verlassen.<\/p>\n<p>\u00dcberlegen Sie sich daher im Voraus genau, an welchen Entscheidungen Sie die Kinder teilhaben lassen wollen. Wenn Sie eine Entscheidung in die H\u00e4nde der Kinder legen, gibt es kein Zur\u00fcck und Sie m\u00fcssen das <strong>Ergebnis akzeptieren<\/strong>. Damit Partizipation funktioniert, m\u00fcssen die Kinder nat\u00fcrlich wissen, auf welche Weise sie sich beteiligen k\u00f6nnen \u2013 wenn sie denn m\u00f6chten. Machen Sie den Kindern also transparent, wie Mitbestimmung in Ihrer Gruppe oder Ihrer Einrichtung aussieht.<\/p>\n<\/div><\/section><\/div>\n\n<style type=\"text\/css\" data-created_by=\"avia_inline_auto\" id=\"style-css-av-hh5al-13-e21e960e9e28fb772abd7b1cb346790c\">\n.flex_column.av-hh5al-13-e21e960e9e28fb772abd7b1cb346790c{\nborder-radius:0px 0px 0px 0px;\npadding:0px 0px 0px 0px;\n}\n<\/style>\n<div  class='flex_column av-hh5al-13-e21e960e9e28fb772abd7b1cb346790c av_one_full  avia-builder-el-20  el_after_av_one_full  el_before_av_one_full  first flex_column_div av-zero-column-padding  column-top-margin'     ><section  class='av_textblock_section av-jkuul0eg-12-ca8c89c6efcc38b185c08582028f650f '  ><div class='avia_textblock' >\n<style type=\"text\/css\" data-created_by=\"avia_inline_auto\" id=\"style-css-av-7c7r8-15-7db28fb72cbc5e3c2026b370be3ebfba\">\n#top .hr.hr-invisible.av-7c7r8-15-7db28fb72cbc5e3c2026b370be3ebfba{\nheight:20px;\n}\n<\/style>\n<div  class='hr av-7c7r8-15-7db28fb72cbc5e3c2026b370be3ebfba hr-invisible  avia-builder-el-22  avia-builder-el-no-sibling '><span class='hr-inner '><span class=\"hr-inner-style\"><\/span><\/span><\/div>\n<h2 id=\"3\" class=\"position\"><strong>Partizipation in der Praxis <\/strong><\/h2>\n<p>Sie m\u00fcssen nicht zwangsl\u00e4ufig einen <strong>Kinderrat<\/strong> einberufen, der jede anstehende gemeinsame Entscheidungen diskutiert. Partizipation soll f\u00fcr die Kinder vor allem im Alltag erfahrbar sein und sie in ihrer Selbstst\u00e4ndigkeit und Selbstwirksamkeit f\u00f6rdern.<\/p>\n<p>Als p\u00e4dagogische Fachkraft ist es Ihre Aufgabe, die Kinder zu beobachten und zu verstehen, welche Bed\u00fcrfnisse oder Gef\u00fchle sie ausdr\u00fccken. Schon bevor Kinder sprechen k\u00f6nnen, zeigen sie ihre Bed\u00fcrfnisse deutlich. Als Gegen\u00fcber deuten Sie die <strong>nonverbalen Signale<\/strong> und erf\u00fcllen so die Bed\u00fcrfnisse des Kindes, indem sie ihm z. B. das Spielzeug geben, wenn es die Hand danach ausstreckt.<\/p>\n<p><strong>Kinder sind Experten ihres eigenen Lebens <\/strong><\/p>\n<p>Nehmen Sie die Kinder als <strong>Experten ihres eigenen Lebens<\/strong> wahr. Sie k\u00f6nnen sich und ihre Bed\u00fcrfnisse entweder bereits ganz gut einsch\u00e4tzen \u2013 oder m\u00fcssen es eben noch lernen. Genau daf\u00fcr braucht es \u00dcbung und Erfahrung. Sie helfen den Kindern also nicht, wenn Sie Entscheidungen gegen ihren Willen treffen, auch wenn Sie glauben, dass Sie vern\u00fcnftig handeln. Wer also z. B. keinen Hunger hat, darf auch mal eine Mahlzeit auslassen oder einfach erst sp\u00e4ter etwas essen. Vor Entkr\u00e4ftung f\u00e4llt deswegen sicher niemand gleich vom Stuhl. Wer ohne Jacke nach drau\u00dfen will, merkt bestimmt nach ein paar Minuten selbst, dass es wohl doch noch zu kalt ist.<\/p>\n<p><strong>Kinder m\u00fcssen ihre Bed\u00fcrfnisse erst noch einsch\u00e4tzen lernen <\/strong><\/p>\n<p>Bleiben Sie unbedingt in <strong>Kontakt und Austausch<\/strong> mit den Kindern, fragen Sie immer mal wieder nach, wie sie sich f\u00fchlen. So lernen die Kinder, in sich hineinzuh\u00f6ren und zu verbalisieren, was sie gerade m\u00f6chten und brauchen. \u00dcbrigens: Ihr Umgang mit den Kindern wird sich auch im Umgang der Kinder untereinander widerspiegeln.<\/p>\n<p>Wenn das Kind zwischenzeitlich doch Hunger bekommen hat oder friert, isst es eben etwas oder holt sich seine Jacke. Durch diese Erfahrungen lernt es sich und seine k\u00f6rperlichen Reaktionen und Bed\u00fcrfnisse noch besser kennen und wird mit der Zeit von Anfang an einsch\u00e4tzen k\u00f6nnen, ob es wirklich bis zur n\u00e4chsten Mahlzeit warten kann oder lieber doch ein paar Happen isst.<\/p>\n<p><strong>Aufsichts- und F\u00fcrsorgepflicht<\/strong> sind \u00fcbrigens genauso wichtig wie der <strong>Bildungs- und Erziehungsauftrag<\/strong>, zu dem auch Demokratiebildung und Partizipation geh\u00f6ren. Bleiben Sie also gelassen, seien sie nicht \u00fcberf\u00fcrsorglich, auch wenn die Situation manchmal chaotisch oder riskant scheinen mag.<\/p>\n<p>Reflektieren Sie auch immer wieder Ihr eigenes Verhalten: Warum m\u00f6chten Sie, dass die Kinder sich abmelden, wenn sie den Raum verlassen? Ist es wirklich notwendig, alle Mahlzeiten zu fixen Zeiten gemeinsam einzunehmen? Warum m\u00fcssen sich alle (f\u00fcr denselben Zeitraum) zur Mittagsruhe hinlegen, auch wenn sie nicht m\u00fcde sind?<\/p>\n<\/div><\/section><\/div>\n\n<style type=\"text\/css\" data-created_by=\"avia_inline_auto\" id=\"style-css-av-hh5al-11-bc7508ed50e051006636c4691a817b9f\">\n.flex_column.av-hh5al-11-bc7508ed50e051006636c4691a817b9f{\nborder-radius:0px 0px 0px 0px;\npadding:0px 0px 0px 0px;\n}\n<\/style>\n<div  class='flex_column av-hh5al-11-bc7508ed50e051006636c4691a817b9f av_one_full  avia-builder-el-23  el_after_av_one_full  el_before_av_one_full  first flex_column_div av-zero-column-padding  column-top-margin'     ><section  class='av_textblock_section av-jkuul0eg-10-beec66f93529922adb4e953ae6344865 '  ><div class='avia_textblock infoboxBlue' >\n<style type=\"text\/css\" data-created_by=\"avia_inline_auto\" id=\"style-css-av-7c7r8-9-4a91baf0c72e14a18ff0ec76a938d17e\">\n#top .hr.hr-invisible.av-7c7r8-9-4a91baf0c72e14a18ff0ec76a938d17e{\nheight:20px;\n}\n<\/style>\n<div  class='hr av-7c7r8-9-4a91baf0c72e14a18ff0ec76a938d17e hr-invisible  avia-builder-el-25  avia-builder-el-no-sibling '><span class='hr-inner '><span class=\"hr-inner-style\"><\/span><\/span><\/div>\n<p><strong>Adultismus<\/strong><\/p>\n<p>Adultismus bezeichnet eine Form der Altersdiskriminierung: die Bevormundung von Kindern durch Erwachsene (engl: adult). Oft neigen Erwachsene dazu, Kindern ihre Rechte oder auch ihre Wahrnehmungen, Meinungen und W\u00fcnsche abzusprechen, mit dem Argument, es besser zu wissen \u2013 oder einfach, weil dieser Umgang f\u00fcr sie unkomplizierter ist. Dabei vergessen wir oft, dass es f\u00fcr uns als Kinder auch furchtbar war, diesem Machtmissbrauch ausgesetzt zu sein.<\/p>\n<p>Viele von uns kennen noch Spr\u00fcche wie:<\/p>\n<ul>\n<li>\u201eSolange du deine F\u00fc\u00dfe unter meinen Tisch stellst \u2026\u201c<\/li>\n<li>\u201eWeil ich das sage.\u201c<\/li>\n<li>\u201eDas verstehst du noch nicht.\u201c<\/li>\n<li>\u201eDas kannst du machen, wenn du erwachsen bist.\u201c<\/li>\n<\/ul>\n<p>Fast jedes Kind erlebt diese Form der Diskriminierung und somit auch, dass seine eigenen Bed\u00fcrfnisse nicht z\u00e4hlen (und somit vielleicht auch nicht \u201erichtig\u201c sind). In der Kindertagesbetreuung ist f\u00fcr Adultismus selbstredend kein Platz! Daher ist es wichtig, das eigene Verhalten im Umgang mit Kindern immer wieder zu beobachten und zu reflektieren \u2013 vielleicht auch mit kollegialer Hilfe.<\/p>\n<\/div><\/section><\/div>\n\n<style type=\"text\/css\" data-created_by=\"avia_inline_auto\" id=\"style-css-av-2ljuzzu-88abaead854b64156e24220e55e26f7a\">\n.flex_column.av-2ljuzzu-88abaead854b64156e24220e55e26f7a{\nborder-radius:0px 0px 0px 0px;\npadding:0px 0px 0px 0px;\n}\n<\/style>\n<div  class='flex_column av-2ljuzzu-88abaead854b64156e24220e55e26f7a av_one_full  avia-builder-el-26  el_after_av_one_full  el_before_av_one_full  first flex_column_div av-zero-column-padding  column-top-margin'     ><section  class='av_textblock_section av-ltii3yo4-e616407c4c3477dfe1b1e18b76debe64 '  ><div class='avia_textblock' ><p><strong>Beschwerdemanagement <\/strong><\/p>\n<p>Kinder haben das Recht, sich zu beschweren, wenn ihnen etwas gegen den Strich geht. Das k\u00f6nnen bestimmte Abl\u00e4ufe, das Essen, aber auch das Verhalten anderer Kinder oder einer p\u00e4dagogischen Fachkraft sein. Unter keinen Umst\u00e4nden d\u00fcrfen Kinder das Gef\u00fchl haben, dass das \u00c4u\u00dfern einer Beschwerde zu f\u00fcr sie negativen Konsequenzen f\u00fchrt. Nehmen Sie die Kinder ernst, ermutigen Sie sie, \u00fcber ihr Befinden zu sprechen, und \u00fcberlegen Sie im Team, wie Sie Beschwerden \u2013 auch seitens der Eltern \u2013 angehen, um sie zu beheben.<\/p>\n<p>Beschwerden k\u00f6nnen sich nat\u00fcrlich genauso gut durch Gestik und Mimik wie durch Worte zeigen. Wer beim Probieren einer neuen Speise das Gesicht verzieht, dr\u00fcckt wahrscheinlich keine Begeisterung aus \u2013 und muss dementsprechend auch nichts (mehr) essen. Wer anf\u00e4ngt zu weinen, wenn er sich zur Ruhezeit hinlegen soll, ist anscheinend nicht m\u00fcde \u2013 oder aus einem anderen Grund nicht gewillt oder in der Lage, zu schlafen. Auch, wenn ein Kind sich nicht wickeln lassen m\u00f6chte, hat es Gr\u00fcnde. Es mag nicht immer einfach sein, den <strong>wahren Beweggrund<\/strong> herauszufinden, vor allem, wenn die Kinder noch nicht in der Lage sind, ihn zu verbalisieren. Doch nur, wenn Sie die Ursache herausfinden, k\u00f6nnen Sie die Situation l\u00f6sen.<\/p>\n<p>Da f\u00fcr Kindertageseinrichtungen die <strong>Entwicklung eines Beschwerdeverfahrens verpflichtend<\/strong> ist, sind Sie diesbez\u00fcglich ge\u00fcbt. Trotzdem gilt auch hier: Bleiben Sie aufmerksam, reflektiert und kritikf\u00e4hig. Bestimmt gibt es immer wieder herausfordernde Situationen, und oft braucht es f\u00fcr ein gelungenes Beschwerdemanagement Zeit, Fingerspitzengef\u00fchl, Teamwork oder auch R\u00fccksprache mit den Eltern oder Profis. Das ist normal, denn eine Universall\u00f6sung gibt es in vielen F\u00e4llen nicht.<\/p>\n<\/div><\/section><\/div>\n\n<style type=\"text\/css\" data-created_by=\"avia_inline_auto\" id=\"style-css-av-292cq9m-2846b73e3a21778c624e51bf5be874ff\">\n.flex_column.av-292cq9m-2846b73e3a21778c624e51bf5be874ff{\nborder-radius:0px 0px 0px 0px;\npadding:0px 0px 0px 0px;\n}\n<\/style>\n<div  class='flex_column av-292cq9m-2846b73e3a21778c624e51bf5be874ff av_one_full  avia-builder-el-28  el_after_av_one_full  el_before_av_one_full  first flex_column_div av-zero-column-padding  column-top-margin'     ><section  class='av_textblock_section av-ltii4tqy-1a95bd9873188c069c54b257a3b6adf9 '  ><div class='avia_textblock infoboxGreen' ><p><strong>Tipp<\/strong>: In unserem Beitrag \u00bb<a href=\"https:\/\/www.backwinkel.de\/blog\/beschwerdemanagement-kita\/\" target=\"_blank\" rel=\"noopener\">Beschwerdemanagement f\u00fcr die Kita<\/a>\u00ab finden Sie hilfreiche Informationen rund um das Thema konstruktive Kritik.<\/p>\n<\/div><\/section><\/div>\n\n<style type=\"text\/css\" data-created_by=\"avia_inline_auto\" id=\"style-css-av-59r4u2-696469f9f9d4f3a7d632dd7faef08ae0\">\n.flex_column.av-59r4u2-696469f9f9d4f3a7d632dd7faef08ae0{\nborder-radius:0px 0px 0px 0px;\npadding:0px 0px 0px 0px;\n}\n<\/style>\n<div  class='flex_column av-59r4u2-696469f9f9d4f3a7d632dd7faef08ae0 av_one_full  avia-builder-el-30  el_after_av_one_full  el_before_av_one_full  first flex_column_div av-zero-column-padding  column-top-margin'     ><section  class='av_textblock_section av-ltii5t89-68ecdd5306889fc2d3fc1b15cca8f749 '  ><div class='avia_textblock' ><p><strong>Partizipation bei den Grundregeln <\/strong><\/p>\n<p>Es gibt gute Argumente daf\u00fcr, dass Sie Ihre Kinder an der <strong>Aufstellung der Grundregeln<\/strong> beteiligen. Wer die geltenden Regeln mitbestimmt hat, versteht auch ihren Sinn, h\u00e4lt sich also auch eher daran und ist gl\u00fccklicher mit ihnen, weil er sie als gerecht empfindet. Zudem sind Regeln ein wichtiger Rahmen f\u00fcr das gelungene t\u00e4gliche Miteinander. Es ist also nur logisch, wenn auch diejenigen daran partizipieren, die es direkt betrifft.<\/p>\n<p>\u00dcberlegen Sie gemeinsam, welche Regeln f\u00fcr einen angenehmen Umgang n\u00f6tig sind \u2013 und vor allem warum. Wie w\u00fcrden sich die Kinder f\u00fchlen, wenn jemand ihre Sachen klaut? Ist das \u00fcberhaupt ein Thema in dieser Gruppe? Warum ist es wichtig, dass man sich nicht gegenseitig wehtut \u2013 und aus welchen Gr\u00fcnden tun es manche trotzdem?<\/p>\n<p>Sie k\u00f6nnen auch mit den Kindern \u00fcber Regeln sprechen, die es fr\u00fcher mal gegeben hat, \u00fcber deren Sinn reden und Ihre Kleinen fragen, wie sie sie finden. Altbekannte Klassiker sind:<\/p>\n<ul>\n<li>Du isst, was auf den Tisch kommt.<\/li>\n<li>Du musst den Teller leer essen.<\/li>\n<li>Wenn Erwachsene sprechen, haben die Kinder still zu sein.<\/li>\n<li>Mit vollem Mund (und generell beim Essen) spricht man nicht.<\/li>\n<li>Die Ellbogen geh\u00f6ren nicht auf den Tisch.<\/li>\n<\/ul>\n<p>So k\u00f6nnen Sie die Kinder zum Nachdenken anregen, damit sie einen besseren Zugang zum Thema Regeln haben und es ihnen leichter f\u00e4llt, den Sinn oder Unsinn bestimmter Regeln zu verstehen \u2013 auch wenn sie sich zuvor noch nie mit dem Thema auseinandergesetzt haben.<\/p>\n<p><strong>Partizipation beim Essen <\/strong><\/p>\n<p>Das Essen sollte allen schmecken, und auch das Probieren von unbekannten Speisen ist kein Muss, sondern nur ein Angebot. \u00dcberlegen Sie daher gern mit den Kindern gemeinsam, welche Mahlzeiten auf den <strong>Speiseplan<\/strong> kommen, oder kochen Sie auch mal gemeinsam, wenn Sie die M\u00f6glichkeit haben.<\/p>\n<p>Die meisten Firmen, die Verpflegung f\u00fcr Kinderg\u00e4rten anbieten, sind sehr flexibel und bieten teilweise nicht nur Mittagsgerichte, sondern auch Fr\u00fchst\u00fcck an. Auch gibt es oft die M\u00f6glichkeit f\u00fcr <strong>individuelle Bestellungen<\/strong> \u00fcber einen bestimmten Zeitraum, <strong>Probeboxen<\/strong> oder <strong>Beratungsgespr\u00e4che<\/strong>. Wenn Sie die Erfahrung machen, dass die Kinder mit dem aktuellen Essen unzufrieden sind, nehmen Sie sich die Zeit, um herauszufinden, was sie sich w\u00fcnschen. Basierend darauf k\u00f6nnen Sie verschiedene Anbieter vergleichen und das Essensangebot verbessern.<\/p>\n<p>Auch w\u00e4hrend der Mahlzeiten haben Kinder im besten Fall Mitspracherecht: Sie k\u00f6nnen sich <strong>selbst bedienen<\/strong>, oder, wenn sie dazu noch nicht in der Lage sind, stopp sagen, w\u00e4hrend Sie oder ein anderes Kind ihnen den Teller f\u00fcllt. Wer keine Kartoffeln essen mag, nimmt eben mehr Erbsen. Und wer seine Portion nicht schafft, nimmt vielleicht beim n\u00e4chsten Mittagessen weniger \u2013 denn man kann sich ja auch einen <strong>Nachschlag<\/strong> nehmen.<\/p>\n<p>Vielleicht richten Sie auch <strong>flexible oder mehrere Essenszeiten<\/strong> ein. Die Kinder k\u00f6nnen so entscheiden, ob sie bereits um 11:30 Uhr Hunger haben oder lieber eine Stunde sp\u00e4ter essen. Eventuell findet in Ihrer Einrichtung auch das Fr\u00fchst\u00fcck bereits in Form eines <strong>B\u00fcfetts<\/strong> statt, sodass jedes Kind dann essen kann, wenn es Hunger versp\u00fcrt. Denn Kinder essen eben in erster Linie, um satt zu werden, ohne auf gesunde Ern\u00e4hrung oder Regelm\u00e4\u00dfigkeit zu achten. Nun ja, schmecken muss es nat\u00fcrlich auch.<\/p>\n<p>Wenn neben Getr\u00e4nken auch den ganzen Tag \u00fcber <strong>gesunde Snacks<\/strong> zur Verf\u00fcgung stehen, stellen Sie sicher, dass die Kinder auch au\u00dferhalb der Hauptmahlzeiten essen k\u00f6nnen. Vielleicht essen sie weniger gern in Gesellschaft, haben keine Ruhe, um (l\u00e4nger) mit den anderen am Tisch zu sitzen oder einfach Hunger, wenn alle anderen schon satt oder noch nicht hungrig sind.<\/p>\n<p>Behalten wir im Kopf, wie wir privat als Erwachsene oft mit dem Thema Essen umgehen: Wir w\u00fcrden nichts kochen oder bestellen, das wir nicht m\u00f6gen, nichts essen, das uns zuwider ist, oder \u00fcberhaupt essen, wenn wir keinen Hunger haben. Wenn wir abends doch noch mal Hei\u00dfhunger bekommen, rei\u00dfen wir sogar die ungesunde T\u00fcte Chips auf, anstatt uns Gem\u00fcsesticks zum Kr\u00e4uterdipp zu schnitzen. Und warum? Weil uns keiner mehr etwas verbieten kann, gl\u00fccklicherweise. In dem Sinne: gleiches Recht f\u00fcr alle. Auch wenn es in Ihrer Einrichtung wahrscheinlich keine Chips-Orgien gibt.<\/p>\n<p><strong>Partizipation bei der Tagesgestaltung <\/strong><\/p>\n<p>Es ist wichtig, dass die Kinder dar\u00fcber im Bilde sind, wie der Tag im Kindergarten verl\u00e4uft. Das gibt Sicherheit, schafft Rituale und Transparenz, sodass sich Ihre Kleinen auf alles Bevorstehende einstellen k\u00f6nnen. Geben Sie den Kindern also morgens einen <strong>\u00dcberblick<\/strong>, was sie im Laufe des Tages erwartet. Selbstverst\u00e4ndlich k\u00f6nnen Sie Ihren Kindern auch <strong>Mitspracherecht bei der Festlegung von Spiel- und Ruhezeiten <\/strong>geben.<\/p>\n<p>Aktivit\u00e4ten im Gro\u00dfen und Kleinen k\u00f6nnen Sie jederzeit gemeinsam bestimmen, entweder spontan oder mit ein wenig Vorlauf. Bei gr\u00f6\u00dferen Dingen ist es hilfreich, wenn Sie je nach Zeitaufwand oder finanziellen M\u00f6glichkeiten die Auswahl im Vorhinein einschr\u00e4nken. Denkbar sind u.a. folgende Optionen:<\/p>\n<ul>\n<li>Sie bieten immer zwei, vielleicht sogar mehrere Aktivit\u00e4ten, Geschichten, Lieder usw. an, \u00fcber die die Kinder dann per Handzeichen abstimmen. Alternativ k\u00f6nnen Sie Bildkarten nutzen und jedem Kind einen Muggelstein geben, den es dann auf die jeweilige Bildkarte (oder auch zu dem Spiel, Buch etc.) legt.<\/li>\n<li>Sie lassen die Kinder untereinander regeln, wer welche Aufgaben \u00fcbernimmt, z. B. beim Tischdecken oder auch beim Einteilen von Gruppen zu bestimmten Diensten wie Blumen gie\u00dfen.<\/li>\n<li>Sollten Sie z. B. ein Mitbring-Fr\u00fchst\u00fcck, gemeinsames Fastenbrechen oder ein B\u00fcfett f\u00fcr ein Fest planen, beteiligen Sie die Kinder an der Planung, wer was mitbringt.<\/li>\n<li>Sie schlagen den Kindern mehrere Optionen f\u00fcr Ausfl\u00fcge, Projekte, Workshops oder Aktivit\u00e4ten beim Kita-Fest vor, aus denen sie dann w\u00e4hlen.<\/li>\n<li>Sie besprechen Neuanschaffungen mit den Kindern, z. B. Spielsachen, M\u00f6bel, einen neuen Anstrich oder auch die Einrichtung eines Themenraums.<\/li>\n<\/ul>\n<p><strong>Kinderkonferenz, Kinderrat, Kinderparlament <\/strong><\/p>\n<p>Sie haben selbstverst\u00e4ndlich auch die M\u00f6glichkeit, in Ihrer Einrichtung <strong>Kindergremien<\/strong> zu etablieren. Vielleicht w\u00e4hlen die Kinder in den einzelnen Gruppen Sprecher, die ihre Interessen vertreten. Vielleicht berufen Sie auch einmal w\u00f6chentlich den Kinderrat ein, um aktuelle Anliegen zu besprechen.<\/p>\n<p>Auch wenn Kindergremien eine tolle Partizipationsm\u00f6glichkeit sind, vergessen Sie nicht, dass <strong>Teilhabe im Alltag konkret erfahrbar<\/strong> sein sollte. Wenn nicht alle Kinder jederzeit eine wertsch\u00e4tzende, bed\u00fcrfnisorientierte Haltung Ihrerseits erleben und kein Mitspracherecht im Kleinen haben, ist jedoch ein w\u00f6chentlich tagendes Kinderparlament bestenfalls ein <strong>Alibi<\/strong> f\u00fcr eine gelungene Umsetzung der Partizipation. Ihre Grundhaltung, mit der Sie den Kindern zu jedem Zeitpunkt gegen\u00fcbertreten, ist entscheidend, damit die Kinder zu gefestigten Pers\u00f6nlichkeiten heranwachsen k\u00f6nnen.<\/p>\n<\/div><\/section><\/div>\n\n<style type=\"text\/css\" data-created_by=\"avia_inline_auto\" id=\"style-css-av-163twii-98ea07ecaa2ed35a56966d90fe76b09c\">\n.flex_column.av-163twii-98ea07ecaa2ed35a56966d90fe76b09c{\nborder-radius:0px 0px 0px 0px;\npadding:0px 0px 0px 0px;\n}\n<\/style>\n<div  class='flex_column av-163twii-98ea07ecaa2ed35a56966d90fe76b09c av_one_full  avia-builder-el-32  el_after_av_one_full  el_before_av_one_full  first flex_column_div av-zero-column-padding  column-top-margin'     ><section  class='av_textblock_section av-ltii7i41-f5a9a24ee3d0ea4af124e29626403b50 '  ><div class='avia_textblock' ><h2 id=\"4\" class=\"position\"><strong>Partizipation bei den Kleinsten<\/strong><\/h2>\n<p>Solange Kinder sich noch nicht oder nicht ausreichend sprachlich artikulieren k\u00f6nnen, ist es wichtig, dass Sie Ihr eigenes Handeln transparent machen und ank\u00fcndigen, was Sie gleich tun werden (f\u00fcttern, wickeln etc.). Wenn ein Kind gerade nicht essen mag, wird es Ihnen sein Unwohlsein durch seine K\u00f6rpersprache zeigen. Es liegt an Ihnen, die Zeichen richtig zu interpretieren und entsprechend zu handeln.<\/p>\n<p>Beteiligen Sie auch die Kleinsten nach ihren individuellen M\u00f6glichkeiten an gemeinsamen Aktionen wie Aufr\u00e4umen, Tischdecken usw. Auch, wer (noch) nicht gut sprechen kann, ist oft in der Lage, seine Zustimmung oder Ablehnung auszudr\u00fccken, wenn es um gemeinsame Entscheidungen wie Aktivit\u00e4ten oder Lieblingsessen geht.<\/p>\n<\/div><\/section><\/div>\n\n<style type=\"text\/css\" data-created_by=\"avia_inline_auto\" id=\"style-css-av-jdhliy-1a9c2b64c24429c9f32d3c01e3ecc80d\">\n.flex_column.av-jdhliy-1a9c2b64c24429c9f32d3c01e3ecc80d{\nborder-radius:0px 0px 0px 0px;\npadding:0px 0px 0px 0px;\n}\n<\/style>\n<div  class='flex_column av-jdhliy-1a9c2b64c24429c9f32d3c01e3ecc80d av_one_full  avia-builder-el-34  el_after_av_one_full  el_before_av_one_full  first flex_column_div av-zero-column-padding  column-top-margin'     ><section  class='av_textblock_section av-ltii8eow-0b2f2a3f5f8436eb040750dbdde567af '  ><div class='avia_textblock infoboxGreen' ><p><strong>Tipp<\/strong>: Methoden zur Umsetzung des Kinderrechts auf Beteiligung finden Sie in unserem Blog-Beitrag \u00bb<a href=\"https:\/\/www.backwinkel.de\/blog\/partizipation-in-kindergarten-und-kita\/\" target=\"_blank\" rel=\"noopener\">Partizipation in Kindergarten und Kita<\/a>\u00ab.<\/p>\n<p>Informationen, Praxistipps und Leitfragen rund um die Partizipation bei Kindern zwischen null und drei Jahren bietet zudem das <strong>Arbeitsbuch des Parit\u00e4tischen Gesamtverbandes<\/strong>. Den Link finden Sie nachfolgend in den Lesetipps. Der dritte Abschnitt \u201eBeteiligung konkret\u201c, greift 10 Punkte auf, die im Umgang mit den Kleinsten wichtig sind. Diese haben wir Ihnen hier auf einen Blick in einer Grafik zusammengefasst.<\/p>\n<\/div><\/section><\/div>\n\n<style type=\"text\/css\" data-created_by=\"avia_inline_auto\" id=\"style-css-av-p3wkyi-f0d4e08c671c142b004e5f807ce5c1be\">\n.flex_column.av-p3wkyi-f0d4e08c671c142b004e5f807ce5c1be{\nborder-radius:0px 0px 0px 0px;\npadding:0 0 0 0;\n}\n<\/style>\n<div  class='flex_column av-p3wkyi-f0d4e08c671c142b004e5f807ce5c1be av_one_full  avia-builder-el-36  el_after_av_one_full  el_before_av_one_third  first flex_column_div av-zero-column-padding  column-top-margin'     ><style type=\"text\/css\" data-created_by=\"avia_inline_auto\" id=\"style-css-av-ltmuo20b-b27610ca803924211c35216083e0dc45\">\n#top .avia-gallery.av-ltmuo20b-b27610ca803924211c35216083e0dc45 .avia-gallery-thumb a{\nwidth:20%;\n}\n<\/style>\n<div  class='avia-gallery av-ltmuo20b-b27610ca803924211c35216083e0dc45 avia_animate_when_visible  avia-builder-el-37  avia-builder-el-no-sibling  avia_lazyload avia-gallery-animate avia-gallery-1' ><meta itemprop=\"contentURL\" content=\"https:\/\/www.backwinkel.de\/blog\/demokratiebildung-kita\/\"><div class='avia-gallery-thumb'><a href=\"https:\/\/www.backwinkel.de\/blog\/wp-content\/uploads\/2024\/03\/Partizipation-3-scaled.jpg\" data-srcset=\"https:\/\/www.backwinkel.de\/blog\/wp-content\/uploads\/2024\/03\/Partizipation-3-scaled.jpg 2560w, https:\/\/www.backwinkel.de\/blog\/wp-content\/uploads\/2024\/03\/Partizipation-3-1536x1086.jpg 1536w\" data-sizes=\"(max-width: 1030px) 100vw, 1030px\" data-rel='gallery-1' data-prev-img='https:\/\/www.backwinkel.de\/blog\/wp-content\/uploads\/2024\/03\/Partizipation-3-scaled.jpg' class='first_thumb lightbox ' data-onclick='1' title='Partizipation'  ><img decoding=\"async\" fetchpriority=\"high\" class=\"wp-image-13527 avia-img-lazy-loading-not-13527\"   src=\"https:\/\/www.backwinkel.de\/blog\/wp-content\/uploads\/2024\/03\/Partizipation-3-scaled.jpg\" width=\"495\" height=\"350\"  title='Partizipation' alt='' srcset=\"https:\/\/www.backwinkel.de\/blog\/wp-content\/uploads\/2024\/03\/Partizipation-3-scaled.jpg 2560w, https:\/\/www.backwinkel.de\/blog\/wp-content\/uploads\/2024\/03\/Partizipation-3-1536x1086.jpg 1536w\" sizes=\"(max-width: 495px) 100vw, 495px\" \/><div class='big-prev-fake'><img decoding=\"async\" loading=\"lazy\" class=\"wp-image-13527 avia-img-lazy-loading-13527\"  width=\"495\" height=\"350\" src=\"https:\/\/www.backwinkel.de\/blog\/wp-content\/uploads\/2024\/03\/Partizipation-3-scaled.jpg\" title='Partizipation' alt='' srcset=\"https:\/\/www.backwinkel.de\/blog\/wp-content\/uploads\/2024\/03\/Partizipation-3-scaled.jpg 2560w, https:\/\/www.backwinkel.de\/blog\/wp-content\/uploads\/2024\/03\/Partizipation-3-1536x1086.jpg 1536w\" sizes=\"auto, (max-width: 495px) 100vw, 495px\" \/><\/div><\/a><\/div><\/div><\/div>\n<div class='flex_column_table av-kw0oyv-e2ab43d4a4970d1369878ef28ec257ca sc-av_one_third av-equal-height-column-flextable'>\n<style type=\"text\/css\" data-created_by=\"avia_inline_auto\" id=\"style-css-av-kw0oyv-e2ab43d4a4970d1369878ef28ec257ca\">\n.flex_column.av-kw0oyv-e2ab43d4a4970d1369878ef28ec257ca{\nborder-width:1px;\nborder-color:#ebebeb;\nborder-style:solid;\nborder-radius:0px 0px 0px 0px;\npadding:10px 10px 10px 10px;\n}\n<\/style>\n<div  class='flex_column av-kw0oyv-e2ab43d4a4970d1369878ef28ec257ca av_one_third  avia-builder-el-38  el_after_av_one_full  el_before_av_one_third  first flex_column_table_cell av-equal-height-column av-align-top  column-top-margin'     ><p><section  class='av_textblock_section av-jp7uaf-720b0ef4fc560994206b13078ac64967 '  ><div class='avia_textblock' ><p><img decoding=\"async\" class=\"alignnone wp-image-16440 size-full\" src=\"https:\/\/blog.backwinkel.de\/wp-content\/uploads\/2024\/03\/Bunte-Muggelsteine.jpg\" alt=\"\" width=\"700\" height=\"700\" srcset=\"https:\/\/www.backwinkel.de\/blog\/wp-content\/uploads\/2024\/03\/Bunte-Muggelsteine.jpg 700w, https:\/\/www.backwinkel.de\/blog\/wp-content\/uploads\/2024\/03\/Bunte-Muggelsteine-36x36.jpg 36w, https:\/\/www.backwinkel.de\/blog\/wp-content\/uploads\/2024\/03\/Bunte-Muggelsteine-180x180.jpg 180w\" sizes=\"(max-width: 700px) 100vw, 700px\" \/><\/p>\n<p style=\"font-size: 20px; font-family: urw_grotesk_extra_narrowrg; text-align: left;\">250 Bunte<br \/>\nMuggelsteine<\/p>\n<p style=\"text-align: left;\"><div  class='avia-button-wrap av-h72tav-b857dd63b7a65c23a71d51f28267cd08-wrap avia-button-center  avia-builder-el-40  avia-builder-el-no-sibling '><a href='https:\/\/www.backwinkel.de\/prod\/250-muggelsteine-aus-treenside-biokunststoff.html'  class='avia-button av-h72tav-b857dd63b7a65c23a71d51f28267cd08 av-link-btn avia-icon_select-no avia-size-medium avia-position-center avia-color-theme-color'  target=\"_blank\"  rel=\"noopener noreferrer\"  aria-label=\"zum Produkt\"><span class='avia_iconbox_title' >zum Produkt<\/span><\/a><\/div><\/p>\n<\/div><\/section><br \/>\n\n<style type=\"text\/css\" data-created_by=\"avia_inline_auto\" id=\"style-css-av-f2syzr-5f3953bacdb07559a49638fe94417a75\">\n#top .hr.hr-invisible.av-f2syzr-5f3953bacdb07559a49638fe94417a75{\nheight:20px;\n}\n<\/style>\n<div  class='hr av-f2syzr-5f3953bacdb07559a49638fe94417a75 hr-invisible  avia-builder-el-41  el_after_av_textblock  avia-builder-el-last '><span class='hr-inner '><span class=\"hr-inner-style\"><\/span><\/span><\/div><\/p><\/div>\n<div class='av-flex-placeholder'><\/div>\n<style type=\"text\/css\" data-created_by=\"avia_inline_auto\" id=\"style-css-av-dzsv5j-0e39202c82d98430e063b195cbdd5476\">\n.flex_column.av-dzsv5j-0e39202c82d98430e063b195cbdd5476{\nborder-width:1px;\nborder-color:#ebebeb;\nborder-style:solid;\nborder-radius:0px 0px 0px 0px;\npadding:10px 10px 10px 10px;\n}\n<\/style>\n<div  class='flex_column av-dzsv5j-0e39202c82d98430e063b195cbdd5476 av_one_third  avia-builder-el-42  el_after_av_one_third  el_before_av_one_third  flex_column_table_cell av-equal-height-column av-align-top  column-top-margin'     ><p><section  class='av_textblock_section av-clhqjb-633e1d97713cb5a3befcd462a96988a9 '  ><div class='avia_textblock' ><p><img decoding=\"async\" class=\"alignnone wp-image-13418 \" src=\"https:\/\/blog.backwinkel.de\/wp-content\/uploads\/2024\/03\/59480_wir-haben-rechte_05.jpg\" alt=\"\" width=\"609\" height=\"609\" srcset=\"https:\/\/www.backwinkel.de\/blog\/wp-content\/uploads\/2024\/03\/59480_wir-haben-rechte_05.jpg 2048w, https:\/\/www.backwinkel.de\/blog\/wp-content\/uploads\/2024\/03\/59480_wir-haben-rechte_05-1536x1536.jpg 1536w, https:\/\/www.backwinkel.de\/blog\/wp-content\/uploads\/2024\/03\/59480_wir-haben-rechte_05-36x36.jpg 36w, https:\/\/www.backwinkel.de\/blog\/wp-content\/uploads\/2024\/03\/59480_wir-haben-rechte_05-180x180.jpg 180w\" sizes=\"(max-width: 609px) 100vw, 609px\" \/><\/p>\n<p style=\"font-size: 20px; font-family: urw_grotesk_extra_narrowrg; text-align: left;\">Kamishibai-Bildkarten<br \/>\nWir haben Rechte!<\/p>\n<p style=\"text-align: left;\"><div  class='avia-button-wrap av-bcufvr-1d35992284a68acc027aa2517c8787a1-wrap avia-button-center  avia-builder-el-44  avia-builder-el-no-sibling '><a href='https:\/\/www.backwinkel.de\/prod\/kamishibai-bildkarten-wir-haben-rechte-die-kinderrechte-kennenlernen-und-verstehen.html'  class='avia-button av-bcufvr-1d35992284a68acc027aa2517c8787a1 av-link-btn avia-icon_select-no avia-size-medium avia-position-center avia-color-theme-color'  target=\"_blank\"  rel=\"noopener noreferrer\"  aria-label=\"zum Produkt\"><span class='avia_iconbox_title' >zum Produkt<\/span><\/a><\/div><\/p>\n<\/div><\/section><br \/>\n\n<style type=\"text\/css\" data-created_by=\"avia_inline_auto\" id=\"style-css-av-9ggt1z-26759370d6fa5e1a5aa9f4de07639665\">\n#top .hr.hr-invisible.av-9ggt1z-26759370d6fa5e1a5aa9f4de07639665{\nheight:20px;\n}\n<\/style>\n<div  class='hr av-9ggt1z-26759370d6fa5e1a5aa9f4de07639665 hr-invisible  avia-builder-el-45  el_after_av_textblock  avia-builder-el-last '><span class='hr-inner '><span class=\"hr-inner-style\"><\/span><\/span><\/div><\/p><\/div>\n<div class='av-flex-placeholder'><\/div>\n<style type=\"text\/css\" data-created_by=\"avia_inline_auto\" id=\"style-css-av-78xamv-526a0c34e2937acccf69e37579bbfeb0\">\n.flex_column.av-78xamv-526a0c34e2937acccf69e37579bbfeb0{\nborder-width:1px;\nborder-color:#ebebeb;\nborder-style:solid;\nborder-radius:0px 0px 0px 0px;\npadding:10px 10px 10px 10px;\n}\n<\/style>\n<div  class='flex_column av-78xamv-526a0c34e2937acccf69e37579bbfeb0 av_one_third  avia-builder-el-46  el_after_av_one_third  el_before_av_one_full  flex_column_table_cell av-equal-height-column av-align-top  column-top-margin'     ><p><section  class='av_textblock_section av-5k4q1z-26cc5b8ff9decc73c9c3e3ebc02c2e6f '  ><div class='avia_textblock' ><p><img decoding=\"async\" class=\"alignnone wp-image-13417 size-full\" src=\"https:\/\/blog.backwinkel.de\/wp-content\/uploads\/2024\/03\/55060_dasfarbenmonster.jpg\" alt=\"\" width=\"700\" height=\"700\" srcset=\"https:\/\/www.backwinkel.de\/blog\/wp-content\/uploads\/2024\/03\/55060_dasfarbenmonster.jpg 700w, https:\/\/www.backwinkel.de\/blog\/wp-content\/uploads\/2024\/03\/55060_dasfarbenmonster-36x36.jpg 36w, https:\/\/www.backwinkel.de\/blog\/wp-content\/uploads\/2024\/03\/55060_dasfarbenmonster-180x180.jpg 180w\" sizes=\"(max-width: 700px) 100vw, 700px\" \/><\/p>\n<p style=\"font-size: 20px; font-family: urw_grotesk_extra_narrowrg; text-align: left;\">Erz\u00e4hlspiel<br \/>\nDas Farbenmonster<\/p>\n<p style=\"text-align: left;\"><div  class='avia-button-wrap av-3pwgpz-aa9a912601bfb006f471fcf23f506393-wrap avia-button-center  avia-builder-el-48  avia-builder-el-no-sibling '><a href='https:\/\/www.backwinkel.de\/prod\/das-farbenmonster.html'  class='avia-button av-3pwgpz-aa9a912601bfb006f471fcf23f506393 av-link-btn avia-icon_select-no avia-size-medium avia-position-center avia-color-theme-color'  target=\"_blank\"  rel=\"noopener noreferrer\"  aria-label=\"zum Produkt\"><span class='avia_iconbox_title' >zum Produkt<\/span><\/a><\/div><\/p>\n<\/div><\/section><br \/>\n\n<style type=\"text\/css\" data-created_by=\"avia_inline_auto\" id=\"style-css-av-2vv593-008f82c542d1a990bfda6abd83868c1e\">\n#top .hr.hr-invisible.av-2vv593-008f82c542d1a990bfda6abd83868c1e{\nheight:20px;\n}\n<\/style>\n<div  class='hr av-2vv593-008f82c542d1a990bfda6abd83868c1e hr-invisible  avia-builder-el-49  el_after_av_textblock  avia-builder-el-last '><span class='hr-inner '><span class=\"hr-inner-style\"><\/span><\/span><\/div><\/p><\/div><\/div><!--close column table wrapper. Autoclose: 1 -->\n\n<style type=\"text\/css\" data-created_by=\"avia_inline_auto\" id=\"style-css-av-1u8i1w-260776e2dfc7f8b0b1953d397f0ab037\">\n.flex_column.av-1u8i1w-260776e2dfc7f8b0b1953d397f0ab037{\nborder-radius:0px 0px 0px 0px;\npadding:0px 0px 0px 0px;\n}\n<\/style>\n<div  class='flex_column av-1u8i1w-260776e2dfc7f8b0b1953d397f0ab037 av_one_full  avia-builder-el-50  el_after_av_one_third  el_before_av_one_full  first flex_column_div av-zero-column-padding  column-top-margin'     ><style type=\"text\/css\" data-created_by=\"avia_inline_auto\" id=\"style-css-av-jkuua5r2-18-52ee0d38bfe88a18c9bf738c3dec96e1\">\n#top .av_textblock_section.av-jkuua5r2-18-52ee0d38bfe88a18c9bf738c3dec96e1 .avia_textblock{\nfont-size:14px;\n}\n<\/style>\n<section  class='av_textblock_section av-jkuua5r2-18-52ee0d38bfe88a18c9bf738c3dec96e1 '  ><div class='avia_textblock' ><p><strong>Auch interessant:<\/strong><br \/>\n<strong><a href=\"https:\/\/www.backwinkel.de\/cat\/werteerziehung-sozialkompetenz\/\" target=\"_blank\" rel=\"noopener\">Werteerziehung &amp; Sozialkompetenz<\/a><\/strong><br \/>\n<strong><a href=\"https:\/\/www.backwinkel.de\/cat\/kindergarten-spielen-miteinander\/\" target=\"_blank\" rel=\"noopener\">Miteinander<\/a><\/strong><br \/>\n<strong><a href=\"https:\/\/www.backwinkel.de\/cat\/gefuehle-kita\/\" target=\"_blank\" rel=\"noopener\">Gef\u00fchle<\/a><br \/>\n<a href=\"https:\/\/www.backwinkel.de\/blog\/partizipation-in-kindergarten-und-kita\/\" target=\"_blank\" rel=\"noopener\">Partizipation in Kindergarten und Kita<\/a><br \/>\n<a href=\"https:\/\/www.backwinkel.de\/blog\/beschwerdemanagement-kita\/\" target=\"_blank\" rel=\"noopener\">Beschwerdemanagement f\u00fcr die Kita<\/a><br \/>\n<\/strong><\/p>\n<\/div><\/section><\/div>\n\n<style type=\"text\/css\" data-created_by=\"avia_inline_auto\" id=\"style-css-av-jley1l06-be8863a15e87d33f314fbd4b76b14014\">\n.flex_column.av-jley1l06-be8863a15e87d33f314fbd4b76b14014{\nborder-radius:0px 0px 0px 0px;\npadding:10px 10px 10px 10px;\nbackground-color:#f2f2f2;\n}\n<\/style>\n<div  class='flex_column av-jley1l06-be8863a15e87d33f314fbd4b76b14014 av_one_full  avia-builder-el-52  el_after_av_one_full  el_before_av_one_full  first flex_column_div  column-top-margin'     ><section  class='av_textblock_section av-jkuvcso3-5-5c6860626657f0ec318095798effdcc6 '  ><div class='avia_textblock' ><p class=\"fussnoten-quellen\"><strong>Lesestoff: <\/strong><\/p>\n<p>Birnbacher, Leonhard, Durand, Judith: Demokratie mit Kindern in der Kita, 25.03.2022:<br \/>\n<a href=\"https:\/\/www.bpb.de\/shop\/zeitschriften\/apuz\/kinder-und-politik-2022\/506632\/demokratie-mit-kindern-in-der-kita\/\" target=\"_blank\" rel=\"noopener\">https:\/\/www.bpb.de\/shop\/zeitschriften\/apuz\/kinder-und-politik-2022\/506632\/demokratie-mit-kindern-in-der-kita\/<\/a><\/p>\n<p>Der Parit\u00e4tische Gesamtverband (Hrsg.): Miteinander leben: Wie Beteiligung von Kinder zwischen null und drei Jahren gelingen kann. Ein praktisches Arbeitsbuch f\u00fcr Fachkr\u00e4fte und Eltern, 2017:<br \/>\n<a href=\"https:\/\/www.stiftung-kinder-forschen.de\/de\/praxisanregungen\/experimente-fuer-kinder\" target=\"_blank\" rel=\"noopener\">https:\/\/www.der-paritaetische.de\/fileadmin\/user_upload\/Schwerpunkte\/Kindertagesbetreuung\/duvk\/doc\/Broschuere_Partizipation_U3.pdf<\/a><\/p>\n<p>Deutsche Kinder- und Jugendstiftung gemeinn\u00fctzige GmbH (Hrsg.): Demokratie von Anfang an \u2013 Arbeitsmaterialien f\u00fcr die Kitapraxis, 2017:<br \/>\n<a href=\"https:\/\/www.dkjs.de\/fileadmin\/Redaktion\/Dokumente\/themen\/Fruehe_Bildung\/Demokratie_von__Anfang_an-Arbeitsmaterialien_fuer_die_Kitapraxis.pdf\" target=\"_blank\" rel=\"noopener\">https:\/\/www.dkjs.de\/fileadmin\/Redaktion\/Dokumente\/themen\/Fruehe_Bildung\/Demokratie_von__Anfang_an-Arbeitsmaterialien_fuer_die_Kitapraxis.pdf<\/a><\/p>\n<p>FR\u00d6BEL Bildung und Erziehung gemeinn\u00fctzige GmbH: Kinderparlamente, Kinderr\u00e4te und Kinderkonferenzen von Krippe bis Hort, 06.06.2022:<br \/>\n<a href=\"https:\/\/www.youtube.com\/watch?v=ShWsc90IBbU\" target=\"_blank\" rel=\"noopener\">https:\/\/www.youtube.com\/watch?v=ShWsc90IBbU<\/a><\/p>\n<p>Haus Neuland e. V.: Partizipation in der Kita \u2013 Praxistipps zur Beteiligung von Kindern im Alltag:<br \/>\n<a href=\"https:\/\/www.duvk.de\/media\/filer_public\/8a\/23\/8a23c687-a5e2-4b39-aa33-17f25408ec6d\/partizipation_in_der_kita_-_praxistipps_zur_beteiligung_von_kindern_im_alltag.pdf\" target=\"_blank\" rel=\"noopener\">https:\/\/www.duvk.de\/media\/filer_public\/8a\/23\/8a23c687-a5e2-4b39-aa33-17f25408ec6d\/partizipation_in_der_kita_-_praxistipps_zur_beteiligung_von_kindern_im_alltag.pdf<\/a><\/p>\n<p>Maywald, J\u00f6rg: Kinderrechte und Partizipation in: nifbe-Themenheft Nr. 36, V.i.S.d.P.: Nieders\u00e4chsisches Institut f\u00fcr fr\u00fchkindliche Bildung und Entwicklung, Prof. Dr. Jan Erhorn, 2021:<br \/>\n<a href=\"https:\/\/www.nifbe.de\/images\/nifbe\/Aktuelles_Global\/2022\/Kinderrechte_online.pdf\" target=\"_blank\" rel=\"noopener\">https:\/\/www.nifbe.de\/images\/nifbe\/Aktuelles_Global\/2022\/Kinderrechte_online.pdf<\/a><\/p>\n<p>Meinold-Henschel, Sigrid: Mitentscheiden und Mithandeln in der Kita \u2013 Konzept \u2013 Umsetzung \u2013 Wirkung, 2021:<br \/>\n<a href=\"https:\/\/www.duvk.de\/media\/filer_public\/b5\/f7\/b5f71c34-9412-435c-bddb-c5c2db515a7c\/dokumentation_mitentscheiden_und_mithandeln_in_der_kita.pdf\" target=\"_blank\" rel=\"noopener\">https:\/\/www.duvk.de\/media\/filer_public\/b5\/f7\/b5f71c34-9412-435c-bddb-c5c2db515a7c\/dokumentation_mitentscheiden_und_mithandeln_in_der_kita.pdf<\/a><\/p>\n<p><strong>Material- und Linksammlungen: <\/strong><\/p>\n<p>Materialien zu Partizipation und Demokratiebildung in der Kindertagesbetreuung:<br \/>\n<a href=\"https:\/\/www.der-paritaetische.de\/themen\/soziale-arbeit\/partizipation-und-demokratiebildung-in-der-kindertagesbetreuung\/\" target=\"_blank\" rel=\"noopener\">https:\/\/www.der-paritaetische.de\/themen\/soziale-arbeit\/partizipation-und-demokratiebildung-in-der-kindertagesbetreuung\/<\/a><\/p>\n<p>Materialien und Anregungen zu Demokratie und Vielfalt in der Kindertagesbetreuung:<br \/>\n<a href=\"https:\/\/www.duvk.de\" target=\"_blank\" rel=\"noopener\">https:\/\/www.duvk.de<\/a><\/p>\n<p>Demokratiebildung in Kita und Grundschule \u2013 weiterf\u00fchrende Links:<br \/>\n<a href=\"ttps:\/\/integration.stiftung-kinder-forschen.de\/hintergrund\/weiterfuehrende-links\/weiterfuehrende-links-demokratiebildung\" target=\"_blank\" rel=\"noopener\">https:\/\/integration.stiftung-kinder-forschen.de\/hintergrund\/weiterfuehrende-links\/weiterfuehrende-links-demokratiebildung<\/a><\/p>\n<p><strong>Die Videos des Parit\u00e4tischen Gesamtverbandes zur Partizipation in der Kita: <\/strong><\/p>\n<p>Partizipation im Kita-Alltag \u2013 Kita (1\/5), 20.6.2019:<br \/>\n<a href=\"https:\/\/www.youtube.com\/watch?v=FRZAQNpiL7s\" target=\"_blank\" rel=\"noopener\">https:\/\/www.youtube.com\/watch?v=FRZAQNpiL7s<\/a><\/p>\n<p>Partizipation von Kita-Kindern in Deutschland \u2013 KiTa (2\/5), 07.03.2019:<br \/>\n<a href=\"https:\/\/www.youtube.com\/watch?v=jxlcYCfco_Y\" target=\"_blank\" rel=\"noopener\">https:\/\/www.youtube.com\/watch?v=jxlcYCfco_Y<\/a><\/p>\n<p>So funktioniert Beteiligung! \u2013 KiTa (3\/5), 07.03.2019:<br \/>\n<a href=\"https:\/\/www.youtube.com\/watch?v=AGHhU4bihik\" target=\"_blank\" rel=\"noopener\">https:\/\/www.youtube.com\/watch?v=AGHhU4bihik<\/a><\/p>\n<p>Das kann Beteiligung leisten \u2013 KiTa (4\/5), 07.03.2019:<br \/>\n<a href=\"https:\/\/www.youtube.com\/watch?v=_UuuU3HCsGE\" target=\"_blank\" rel=\"noopener\">https:\/\/www.youtube.com\/watch?v=_UuuU3HCsGE<\/a><\/p>\n<p>Beteiligung ist immer m\u00f6glich \u2013 KiTa (5\/5), 07.03.2019:<br \/>\n<a href=\"https:\/\/www.youtube.com\/watch?v=ShUw93pGAoA\" target=\"_blank\" rel=\"noopener\">https:\/\/www.youtube.com\/watch?v=ShUw93pGAoA<\/a><\/p>\n<\/div><\/section><\/div>\n\n<style type=\"text\/css\" data-created_by=\"avia_inline_auto\" id=\"style-css-av-4a8f13-8282735e1a69d4252a8ab107757df204\">\n.flex_column.av-4a8f13-8282735e1a69d4252a8ab107757df204{\nborder-radius:0px 0px 0px 0px;\npadding:10px 10px 10px 10px;\n}\n<\/style>\n<div  class='flex_column av-4a8f13-8282735e1a69d4252a8ab107757df204 av_one_full  avia-builder-el-54  el_after_av_one_full  el_before_av_one_full  first flex_column_div  column-top-margin'     ><section  class='av_textblock_section av-2ibyo7-105f90c883c0b4406936f8076e5ba294 '  ><div class='avia_textblock' ><p class=\"copyright\"><strong>\u00a9 Copyright \u2013 Urheberrechtshinweis<\/strong><br \/>\nAlle Inhalte auf www.backwinkel.de sowie www.backwinkel.de\/blog, insbesondere Texte, Fotografien und Grafiken, sind urheberrechtlich gesch\u00fctzt.<br \/>\nDas Urheberrecht liegt, soweit nicht ausdr\u00fccklich anders gekennzeichnet, bei der BACKWINKEL GmbH. Bitte fragen Sie uns, falls Sie die Inhalte dieses Internetangebotes verwenden m\u00f6chten.<br \/>\nWer gegen das Urheberrecht verst\u00f6\u00dft (z. B. Bilder oder Texte unerlaubt kopiert), macht sich gem. \u00a7\u00a7 106 ff UrhG strafbar, wird zudem kostenpflichtig abgemahnt und muss Schadensersatz leisten (\u00a7 97 UrhG).<\/p>\n<\/div><\/section><\/div>\n\n<style type=\"text\/css\" data-created_by=\"avia_inline_auto\" id=\"style-css-av-1p82t-b0e9719fe6c67aa5c6d1abf813961e55\">\n.flex_column.av-1p82t-b0e9719fe6c67aa5c6d1abf813961e55{\nborder-radius:0px 0px 0px 0px;\npadding:0px 0px 0px 0px;\n}\n<\/style>\n<div  class='flex_column av-1p82t-b0e9719fe6c67aa5c6d1abf813961e55 av_one_full  avia-builder-el-56  el_after_av_one_full  avia-builder-el-last  first flex_column_div av-zero-column-padding  column-top-margin'     ><p><section  class='av_textblock_section av-jlp4hxqo-91baaad30cd61f89630d15f8561d1750 '  ><div class='avia_textblock' ><div class=\"shariff shariff-align-left shariff-widget-align-left\"><ul class=\"shariff-buttons theme-color orientation-horizontal buttonsize-medium\"><li class=\"shariff-button whatsapp shariff-nocustomcolor\" style=\"background-color:#5cbe4a\"><a href=\"https:\/\/api.whatsapp.com\/send?text=https%3A%2F%2Fwww.backwinkel.de%2Fblog%2Fdemokratiebildung-kita%2F%20Demokratiebildung%20in%20der%20Kita\" title=\"Bei Whatsapp teilen\" aria-label=\"Bei Whatsapp teilen\" role=\"button\" rel=\"noopener nofollow\" class=\"shariff-link\" style=\"; background-color:#34af23; color:#fff\" target=\"_blank\"><span class=\"shariff-icon\" style=\"\"><svg width=\"32px\" height=\"20px\" xmlns=\"http:\/\/www.w3.org\/2000\/svg\" viewBox=\"0 0 32 32\"><path fill=\"#34af23\" d=\"M17.6 17.4q0.2 0 1.7 0.8t1.6 0.9q0 0.1 0 0.3 0 0.6-0.3 1.4-0.3 0.7-1.3 1.2t-1.8 0.5q-1 0-3.4-1.1-1.7-0.8-3-2.1t-2.6-3.3q-1.3-1.9-1.3-3.5v-0.1q0.1-1.6 1.3-2.8 0.4-0.4 0.9-0.4 0.1 0 0.3 0t0.3 0q0.3 0 0.5 0.1t0.3 0.5q0.1 0.4 0.6 1.6t0.4 1.3q0 0.4-0.6 1t-0.6 0.8q0 0.1 0.1 0.3 0.6 1.3 1.8 2.4 1 0.9 2.7 1.8 0.2 0.1 0.4 0.1 0.3 0 1-0.9t0.9-0.9zM14 26.9q2.3 0 4.3-0.9t3.6-2.4 2.4-3.6 0.9-4.3-0.9-4.3-2.4-3.6-3.6-2.4-4.3-0.9-4.3 0.9-3.6 2.4-2.4 3.6-0.9 4.3q0 3.6 2.1 6.6l-1.4 4.2 4.3-1.4q2.8 1.9 6.2 1.9zM14 2.2q2.7 0 5.2 1.1t4.3 2.9 2.9 4.3 1.1 5.2-1.1 5.2-2.9 4.3-4.3 2.9-5.2 1.1q-3.5 0-6.5-1.7l-7.4 2.4 2.4-7.2q-1.9-3.2-1.9-6.9 0-2.7 1.1-5.2t2.9-4.3 4.3-2.9 5.2-1.1z\"\/><\/svg><\/span><span class=\"shariff-text\">teilen<\/span>&nbsp;<\/a><\/li><li class=\"shariff-button facebook shariff-nocustomcolor\" style=\"background-color:#4273c8\"><a href=\"https:\/\/www.facebook.com\/sharer\/sharer.php?u=https%3A%2F%2Fwww.backwinkel.de%2Fblog%2Fdemokratiebildung-kita%2F\" title=\"Bei Facebook teilen\" aria-label=\"Bei Facebook teilen\" role=\"button\" rel=\"nofollow\" class=\"shariff-link\" style=\"; background-color:#3b5998; color:#fff\" target=\"_blank\"><span class=\"shariff-icon\" style=\"\"><svg width=\"32px\" height=\"20px\" xmlns=\"http:\/\/www.w3.org\/2000\/svg\" viewBox=\"0 0 18 32\"><path fill=\"#3b5998\" d=\"M17.1 0.2v4.7h-2.8q-1.5 0-2.1 0.6t-0.5 1.9v3.4h5.2l-0.7 5.3h-4.5v13.6h-5.5v-13.6h-4.5v-5.3h4.5v-3.9q0-3.3 1.9-5.2t5-1.8q2.6 0 4.1 0.2z\"\/><\/svg><\/span><span class=\"shariff-text\">teilen<\/span>&nbsp;<\/a><\/li><li class=\"shariff-button twitter shariff-nocustomcolor\" style=\"background-color:#595959\"><a href=\"https:\/\/twitter.com\/share?url=https%3A%2F%2Fwww.backwinkel.de%2Fblog%2Fdemokratiebildung-kita%2F&text=Demokratiebildung%20in%20der%20Kita\" title=\"Bei X teilen\" aria-label=\"Bei X teilen\" role=\"button\" rel=\"noopener nofollow\" class=\"shariff-link\" style=\"; background-color:#000; color:#fff\" target=\"_blank\"><span class=\"shariff-icon\" style=\"\"><svg width=\"32px\" height=\"20px\" xmlns=\"http:\/\/www.w3.org\/2000\/svg\" viewBox=\"0 0 24 24\"><path fill=\"#000\" d=\"M14.258 10.152L23.176 0h-2.113l-7.747 8.813L7.133 0H0l9.352 13.328L0 23.973h2.113l8.176-9.309 6.531 9.309h7.133zm-2.895 3.293l-.949-1.328L2.875 1.56h3.246l6.086 8.523.945 1.328 7.91 11.078h-3.246zm0 0\"\/><\/svg><\/span><span class=\"shariff-text\">teilen<\/span>&nbsp;<\/a><\/li><li class=\"shariff-button pinterest shariff-nocustomcolor\" style=\"background-color:#e70f18\"><a href=\"https:\/\/www.pinterest.com\/pin\/create\/link\/?url=https%3A%2F%2Fwww.backwinkel.de%2Fblog%2Fdemokratiebildung-kita%2F&media=https%3A%2F%2Fwww.backwinkel.de%2Fblog%2Fwp-content%2Fuploads%2F2024%2F03%2FDemokratie-heroimage.jpg&description=Demokratiebildung%20in%20der%20Kita\" title=\"Bei Pinterest pinnen\" aria-label=\"Bei Pinterest pinnen\" role=\"button\" rel=\"noopener nofollow\" class=\"shariff-link\" style=\"; background-color:#cb2027; color:#fff\" target=\"_blank\"><span class=\"shariff-icon\" style=\"\"><svg width=\"32px\" height=\"20px\" xmlns=\"http:\/\/www.w3.org\/2000\/svg\" viewBox=\"0 0 27 32\"><path fill=\"#cb2027\" d=\"M27.4 16q0 3.7-1.8 6.9t-5 5-6.9 1.9q-2 0-3.9-0.6 1.1-1.7 1.4-2.9 0.2-0.6 1-3.8 0.4 0.7 1.3 1.2t2 0.5q2.1 0 3.8-1.2t2.7-3.4 0.9-4.8q0-2-1.1-3.8t-3.1-2.9-4.5-1.2q-1.9 0-3.5 0.5t-2.8 1.4-2 2-1.2 2.3-0.4 2.4q0 1.9 0.7 3.3t2.1 2q0.5 0.2 0.7-0.4 0-0.1 0.1-0.5t0.2-0.5q0.1-0.4-0.2-0.8-0.9-1.1-0.9-2.7 0-2.7 1.9-4.6t4.9-2q2.7 0 4.2 1.5t1.5 3.8q0 3-1.2 5.2t-3.1 2.1q-1.1 0-1.7-0.8t-0.4-1.9q0.1-0.6 0.5-1.7t0.5-1.8 0.2-1.4q0-0.9-0.5-1.5t-1.4-0.6q-1.1 0-1.9 1t-0.8 2.6q0 1.3 0.4 2.2l-1.8 7.5q-0.3 1.2-0.2 3.2-3.7-1.6-6-5t-2.3-7.6q0-3.7 1.9-6.9t5-5 6.9-1.9 6.9 1.9 5 5 1.8 6.9z\"\/><\/svg><\/span><span class=\"shariff-text\">merken<\/span>&nbsp;<\/a><\/li><li class=\"shariff-button mailto shariff-nocustomcolor\" style=\"background-color:#a8a8a8\"><a href=\"mailto:?body=https%3A%2F%2Fwww.backwinkel.de%2Fblog%2Fdemokratiebildung-kita%2F&subject=Demokratiebildung%20in%20der%20Kita\" title=\"Per E-Mail versenden\" aria-label=\"Per E-Mail versenden\" role=\"button\" rel=\"noopener nofollow\" class=\"shariff-link\" style=\"; background-color:#999; color:#fff\"><span class=\"shariff-icon\" style=\"\"><svg width=\"32px\" height=\"20px\" xmlns=\"http:\/\/www.w3.org\/2000\/svg\" viewBox=\"0 0 32 32\"><path fill=\"#999\" d=\"M32 12.7v14.2q0 1.2-0.8 2t-2 0.9h-26.3q-1.2 0-2-0.9t-0.8-2v-14.2q0.8 0.9 1.8 1.6 6.5 4.4 8.9 6.1 1 0.8 1.6 1.2t1.7 0.9 2 0.4h0.1q0.9 0 2-0.4t1.7-0.9 1.6-1.2q3-2.2 8.9-6.1 1-0.7 1.8-1.6zM32 7.4q0 1.4-0.9 2.7t-2.2 2.2q-6.7 4.7-8.4 5.8-0.2 0.1-0.7 0.5t-1 0.7-0.9 0.6-1.1 0.5-0.9 0.2h-0.1q-0.4 0-0.9-0.2t-1.1-0.5-0.9-0.6-1-0.7-0.7-0.5q-1.6-1.1-4.7-3.2t-3.6-2.6q-1.1-0.7-2.1-2t-1-2.5q0-1.4 0.7-2.3t2.1-0.9h26.3q1.2 0 2 0.8t0.9 2z\"\/><\/svg><\/span><span class=\"shariff-text\">E-Mail<\/span>&nbsp;<\/a><\/li><\/ul><\/div>\n<\/div><\/section><br \/>\n<div  class='tabcontainer av-jlq8shhr-81242121e684ca07ed7e4b689c7d9116 top_tab  avia-builder-el-58  el_after_av_textblock  el_before_av_hr '>\n<section class='av_tab_section av_tab_section av-4w8jsn-bbdf9e923dedb1db49ad7c5dc47ef632' ><div id='tab-id-1-tab' class='tab active_tab' role='tab' aria-selected=\"true\" tabindex=\"0\" data-fake-id='#tab-id-1' aria-controls='tab-id-1-content' >Das BACKWINKEL-Blog-Team:<\/div><div id='tab-id-1-content' class='tab_content active_tab_content' role='tabpanel' aria-labelledby='tab-id-1-tab' aria-hidden=\"false\"><div class='tab_inner_content invers-color' ><p>Gibts auch ein Gesicht hinter dem BACKWINKEL-Blog? Nat\u00fcrlich. Sogar f\u00fcnf \ud83d\ude0a. Wir \u2013 Lukas, Marvin und Tatjana \u2013 bespielen unseren Blog im LACHEN LEBEN LERNEN-Firmensitz in Hattingen.<br \/>\nLukas kennt Onlinemarketing wie seine Westentasche, w\u00e4hrend Marvin unseren Beitr\u00e4gen den passenden gestalterischen Rahmen gibt und Tatjana mit dem gr\u00fcnen Korrekturstift alles pr\u00fcfend be\u00e4ugt, was unsere Freelancerautorinnen Elisa und Christine (und gern auch Gastautoren) aus der Ferne f\u00fcr den BACKWINKEL-Blog nach ordentlicher Recherche schreiben.<br \/>\nGemeinsam suchen wir st\u00e4ndig nach neuen, aufregenden Themen rund um das Thema Bildung im Kiga, der Schule und zu Hause. Und weil Sie da an der Quelle sitzen, freuen wir uns auf Ihre konstruktiven R\u00fcckmeldungen und Anregungen an blog[@]backwinkel.de<br \/>\nViel Spa\u00df beim LACHEN LESEN LERNEN!<\/p>\n<\/div><\/div><\/section>\n<\/div><br \/>\n\n<style type=\"text\/css\" data-created_by=\"avia_inline_auto\" id=\"style-css-av-jkuvdh82-b6ea5d9aca5d02d0d62bf300de93e492\">\n#top .hr.av-jkuvdh82-b6ea5d9aca5d02d0d62bf300de93e492{\nmargin-top:10px;\nmargin-bottom:10px;\n}\n.hr.av-jkuvdh82-b6ea5d9aca5d02d0d62bf300de93e492 .hr-inner{\nwidth:500;\n}\n<\/style>\n<div  class='hr av-jkuvdh82-b6ea5d9aca5d02d0d62bf300de93e492 hr-custom  avia-builder-el-59  el_after_av_tab_container  el_before_av_heading  hr-left hr-icon-no'><span class='hr-inner inner-border-av-border-thin'><span class=\"hr-inner-style\"><\/span><\/span><\/div><br \/>\n\n<style type=\"text\/css\" data-created_by=\"avia_inline_auto\" id=\"style-css-av-2rgq8p-eea5960d1a3bca7958b11dcc59b35b67\">\n#top .av-special-heading.av-2rgq8p-eea5960d1a3bca7958b11dcc59b35b67{\npadding-bottom:10px;\n}\nbody .av-special-heading.av-2rgq8p-eea5960d1a3bca7958b11dcc59b35b67 .av-special-heading-tag .heading-char{\nfont-size:25px;\n}\n.av-special-heading.av-2rgq8p-eea5960d1a3bca7958b11dcc59b35b67 .av-subheading{\nfont-size:15px;\n}\n<\/style>\n<div  class='av-special-heading av-2rgq8p-eea5960d1a3bca7958b11dcc59b35b67 av-special-heading-h3 blockquote modern-quote  avia-builder-el-60  el_after_av_hr  el_before_av_blog '><h3 class='av-special-heading-tag '  >PASSENDE BEITR\u00c4GE<\/h3><div class=\"special-heading-border\"><div class=\"special-heading-inner-border\"><\/div><\/div><\/div><br \/>\n<div  data-slideshow-options=\"{&quot;animation&quot;:&quot;fade&quot;,&quot;autoplay&quot;:false,&quot;loop_autoplay&quot;:&quot;once&quot;,&quot;interval&quot;:5,&quot;loop_manual&quot;:&quot;manual-endless&quot;,&quot;autoplay_stopper&quot;:false,&quot;noNavigation&quot;:false,&quot;show_slide_delay&quot;:90}\" class='avia-content-slider avia-content-grid-active avia-content-slider1 avia-content-slider-odd  avia-builder-el-61  el_after_av_heading  avia-builder-el-last  av-slideshow-ui av-control-default   av-no-slider-navigation av-slideshow-manual av-loop-once av-loop-manual-endless ' ><div class=\"avia-content-slider-inner\"><div class=\"slide-entry-wrap\"><article class='slide-entry flex_column  post-entry post-entry-18633 slide-entry-overview slide-loop-1 slide-parity-odd  av_one_third first real-thumbnail posttype-post post-format-standard' ><a href='https:\/\/www.backwinkel.de\/blog\/plastik-recyceln\/' data-rel='slide-1' class='slide-image' title='Plastik recyceln'><img decoding=\"async\" fetchpriority=\"high\" width=\"1200\" height=\"628\" src=\"https:\/\/www.backwinkel.de\/blog\/wp-content\/uploads\/2026\/04\/04_Kiga_Plastik_nachhaltig_nutzen.jpg\" class=\"wp-image-18713 avia-img-lazy-loading-not-18713 attachment-no scaling size-no scaling wp-post-image\" alt=\"\" \/><\/a><div class=\"slide-content\"><header class=\"entry-content-header\" aria-label=\"Slide: Plastik recyceln\"><h3 class='slide-entry-title entry-title ' ><a href='https:\/\/www.backwinkel.de\/blog\/plastik-recyceln\/' title='Plastik recyceln'>Plastik recyceln<\/a><\/h3><span class=\"blog-categories minor-meta\"><a href=\"https:\/\/www.backwinkel.de\/blog\/category\/kindergarten-kita\/\" rel=\"tag\">Kindergarten<\/a> <\/span><span class=\"av-vertical-delimiter\"><\/span><\/header><div class='slide-entry-excerpt entry-content' >Biokunststoff f\u00fcr St\u00fchle, Materialboxen, Spielzeug und Rucks\u00e4cke<\/div><\/div><footer class=\"entry-footer\"><div class=\"slide-meta\"><time class='slide-meta-time updated' >14. April 2026<\/time><\/div><\/footer><\/article><article class='slide-entry flex_column  post-entry post-entry-18716 slide-entry-overview slide-loop-2 slide-parity-even  av_one_third  real-thumbnail posttype-post post-format-standard' ><a href='https:\/\/www.backwinkel.de\/blog\/rechnen-im-anfangsunterricht\/' data-rel='slide-1' class='slide-image' title='Rechnen im Anfangsunterricht'><img decoding=\"async\" fetchpriority=\"high\" width=\"1200\" height=\"628\" src=\"https:\/\/www.backwinkel.de\/blog\/wp-content\/uploads\/2026\/04\/04_Schule_Rechnen_anfangsunterricht.jpg\" class=\"wp-image-18748 avia-img-lazy-loading-not-18748 attachment-no scaling size-no scaling wp-post-image\" alt=\"\" \/><\/a><div class=\"slide-content\"><header class=\"entry-content-header\" aria-label=\"Slide: Rechnen im Anfangsunterricht\"><h3 class='slide-entry-title entry-title ' ><a href='https:\/\/www.backwinkel.de\/blog\/rechnen-im-anfangsunterricht\/' title='Rechnen im Anfangsunterricht'>Rechnen im Anfangsunterricht<\/a><\/h3><span class=\"blog-categories minor-meta\"><a href=\"https:\/\/www.backwinkel.de\/blog\/category\/schule-grundschule\/\" rel=\"tag\">Schule<\/a> <\/span><span class=\"av-vertical-delimiter\"><\/span><\/header><div class='slide-entry-excerpt entry-content' >Das Klassenzimmer als Lernlandschaft<\/div><\/div><footer class=\"entry-footer\"><div class=\"slide-meta\"><time class='slide-meta-time updated' >14. April 2026<\/time><\/div><\/footer><\/article><article class='slide-entry flex_column  post-entry post-entry-18372 slide-entry-overview slide-loop-3 slide-parity-odd  post-entry-last  av_one_third  real-thumbnail posttype-post post-format-standard' ><a href='https:\/\/www.backwinkel.de\/blog\/kranke-kinder-im-kindergarten\/' data-rel='slide-1' class='slide-image' title='Kranke Kinder im Kindergarten'><img decoding=\"async\" fetchpriority=\"high\" width=\"1200\" height=\"628\" src=\"https:\/\/www.backwinkel.de\/blog\/wp-content\/uploads\/2026\/03\/03_Kiga_Kranke_Kinder.jpg\" class=\"wp-image-18451 avia-img-lazy-loading-not-18451 attachment-no scaling size-no scaling wp-post-image\" alt=\"Thema: Kranke Kinder. Auf dem Bild ist ein krankes kleines M\u00e4dchen zu sehen. Eine Frau mit einem Fieberthermometer in der Hand sitzt neben ihr und hat die Hand auf der Stirn des M\u00e4dchens.\" \/><\/a><div class=\"slide-content\"><header class=\"entry-content-header\" aria-label=\"Slide: Kranke Kinder im Kindergarten\"><h3 class='slide-entry-title entry-title ' ><a href='https:\/\/www.backwinkel.de\/blog\/kranke-kinder-im-kindergarten\/' title='Kranke Kinder im Kindergarten'>Kranke Kinder im Kindergarten<\/a><\/h3><span class=\"blog-categories minor-meta\"><a href=\"https:\/\/www.backwinkel.de\/blog\/category\/kindergarten-kita\/\" rel=\"tag\">Kindergarten<\/a> <\/span><span class=\"av-vertical-delimiter\"><\/span><\/header><div class='slide-entry-excerpt entry-content' >Auswirkungen f\u00fcr Kinder, Eltern und Fachkr\u00e4fte<\/div><\/div><footer class=\"entry-footer\"><div class=\"slide-meta\"><time class='slide-meta-time updated' >9. M\u00e4rz 2026<\/time><\/div><\/footer><\/article><\/div><\/div><\/div><\/p><\/div>\n","protected":false},"excerpt":{"rendered":"<p>So f\u00fchlen sich Kinder miteinbezogen und bestimmen mit<\/p>\n","protected":false},"author":1,"featured_media":13422,"comment_status":"closed","ping_status":"closed","sticky":false,"template":"","format":"standard","meta":{"inline_featured_image":false,"footnotes":""},"categories":[5],"tags":[],"class_list":["post-13402","post","type-post","status-publish","format-standard","has-post-thumbnail","hentry","category-kindergarten-kita"],"yoast_head":"<!-- This site is optimized with the Yoast SEO plugin v27.4 - https:\/\/yoast.com\/product\/yoast-seo-wordpress\/ -->\n<title>Demokratiebildung in der Kita | BACKWINKEL Blog<\/title>\n<meta name=\"description\" content=\"Sich einbezogen f\u00fchlen und mitbestimmen zu k\u00f6nnen ist ein wichtiger Bestandteil der Demokratiebildung und klappt schon mit den Kleinsten.\" \/>\n<meta name=\"robots\" content=\"index, follow, max-snippet:-1, max-image-preview:large, max-video-preview:-1\" \/>\n<link rel=\"canonical\" href=\"https:\/\/www.backwinkel.de\/blog\/demokratiebildung-kita\/\" \/>\n<meta property=\"og:locale\" content=\"de_DE\" \/>\n<meta property=\"og:type\" content=\"article\" \/>\n<meta property=\"og:title\" content=\"Demokratiebildung in der Kita | BACKWINKEL Blog\" \/>\n<meta property=\"og:description\" content=\"Sich einbezogen f\u00fchlen und mitbestimmen zu k\u00f6nnen ist ein wichtiger Bestandteil der Demokratiebildung und klappt schon mit den Kleinsten.\" \/>\n<meta property=\"og:url\" content=\"https:\/\/www.backwinkel.de\/blog\/demokratiebildung-kita\/\" \/>\n<meta property=\"og:site_name\" content=\"BACKWINKEL Blog\" \/>\n<meta property=\"article:published_time\" content=\"2024-03-11T11:26:42+00:00\" \/>\n<meta property=\"article:modified_time\" content=\"2026-04-27T06:37:58+00:00\" \/>\n<meta property=\"og:image\" content=\"https:\/\/www.backwinkel.de\/blog\/wp-content\/uploads\/2024\/03\/Demokratie-heroimage.jpg\" \/>\n\t<meta property=\"og:image:width\" content=\"1200\" \/>\n\t<meta property=\"og:image:height\" content=\"628\" \/>\n\t<meta property=\"og:image:type\" content=\"image\/jpeg\" \/>\n<meta name=\"author\" content=\"admin_backwinkel\" \/>\n<meta name=\"twitter:card\" content=\"summary_large_image\" \/>\n<meta name=\"twitter:label1\" content=\"Verfasst von\" \/>\n\t<meta name=\"twitter:data1\" content=\"admin_backwinkel\" \/>\n\t<meta name=\"twitter:label2\" content=\"Gesch\u00e4tzte Lesezeit\" \/>\n\t<meta name=\"twitter:data2\" content=\"22\u00a0Minuten\" \/>\n<script type=\"application\/ld+json\" class=\"yoast-schema-graph\">{\"@context\":\"https:\\\/\\\/schema.org\",\"@graph\":[{\"@type\":\"Article\",\"@id\":\"https:\\\/\\\/www.backwinkel.de\\\/blog\\\/demokratiebildung-kita\\\/#article\",\"isPartOf\":{\"@id\":\"https:\\\/\\\/www.backwinkel.de\\\/blog\\\/demokratiebildung-kita\\\/\"},\"author\":{\"name\":\"admin_backwinkel\",\"@id\":\"https:\\\/\\\/www.backwinkel.de\\\/blog\\\/#\\\/schema\\\/person\\\/88b842297c0e471020a66f4476633cf2\"},\"headline\":\"Demokratiebildung in der Kita\",\"datePublished\":\"2024-03-11T11:26:42+00:00\",\"dateModified\":\"2026-04-27T06:37:58+00:00\",\"mainEntityOfPage\":{\"@id\":\"https:\\\/\\\/www.backwinkel.de\\\/blog\\\/demokratiebildung-kita\\\/\"},\"wordCount\":7991,\"image\":{\"@id\":\"https:\\\/\\\/www.backwinkel.de\\\/blog\\\/demokratiebildung-kita\\\/#primaryimage\"},\"thumbnailUrl\":\"https:\\\/\\\/www.backwinkel.de\\\/blog\\\/wp-content\\\/uploads\\\/2024\\\/03\\\/Demokratie-heroimage.jpg\",\"articleSection\":[\"Kindergarten\"],\"inLanguage\":\"de\"},{\"@type\":\"WebPage\",\"@id\":\"https:\\\/\\\/www.backwinkel.de\\\/blog\\\/demokratiebildung-kita\\\/\",\"url\":\"https:\\\/\\\/www.backwinkel.de\\\/blog\\\/demokratiebildung-kita\\\/\",\"name\":\"Demokratiebildung in der Kita | BACKWINKEL Blog\",\"isPartOf\":{\"@id\":\"https:\\\/\\\/www.backwinkel.de\\\/blog\\\/#website\"},\"primaryImageOfPage\":{\"@id\":\"https:\\\/\\\/www.backwinkel.de\\\/blog\\\/demokratiebildung-kita\\\/#primaryimage\"},\"image\":{\"@id\":\"https:\\\/\\\/www.backwinkel.de\\\/blog\\\/demokratiebildung-kita\\\/#primaryimage\"},\"thumbnailUrl\":\"https:\\\/\\\/www.backwinkel.de\\\/blog\\\/wp-content\\\/uploads\\\/2024\\\/03\\\/Demokratie-heroimage.jpg\",\"datePublished\":\"2024-03-11T11:26:42+00:00\",\"dateModified\":\"2026-04-27T06:37:58+00:00\",\"author\":{\"@id\":\"https:\\\/\\\/www.backwinkel.de\\\/blog\\\/#\\\/schema\\\/person\\\/88b842297c0e471020a66f4476633cf2\"},\"description\":\"Sich einbezogen f\u00fchlen und mitbestimmen zu k\u00f6nnen ist ein wichtiger Bestandteil der Demokratiebildung und klappt schon mit den Kleinsten.\",\"breadcrumb\":{\"@id\":\"https:\\\/\\\/www.backwinkel.de\\\/blog\\\/demokratiebildung-kita\\\/#breadcrumb\"},\"inLanguage\":\"de\",\"potentialAction\":[{\"@type\":\"ReadAction\",\"target\":[\"https:\\\/\\\/www.backwinkel.de\\\/blog\\\/demokratiebildung-kita\\\/\"]}]},{\"@type\":\"ImageObject\",\"inLanguage\":\"de\",\"@id\":\"https:\\\/\\\/www.backwinkel.de\\\/blog\\\/demokratiebildung-kita\\\/#primaryimage\",\"url\":\"https:\\\/\\\/www.backwinkel.de\\\/blog\\\/wp-content\\\/uploads\\\/2024\\\/03\\\/Demokratie-heroimage.jpg\",\"contentUrl\":\"https:\\\/\\\/www.backwinkel.de\\\/blog\\\/wp-content\\\/uploads\\\/2024\\\/03\\\/Demokratie-heroimage.jpg\",\"width\":1200,\"height\":628},{\"@type\":\"BreadcrumbList\",\"@id\":\"https:\\\/\\\/www.backwinkel.de\\\/blog\\\/demokratiebildung-kita\\\/#breadcrumb\",\"itemListElement\":[{\"@type\":\"ListItem\",\"position\":1,\"name\":\"Startseite\",\"item\":\"https:\\\/\\\/blog.backwinkel.de\\\/aktuelles\\\/\"},{\"@type\":\"ListItem\",\"position\":2,\"name\":\"Demokratiebildung in der Kita\"}]},{\"@type\":\"WebSite\",\"@id\":\"https:\\\/\\\/www.backwinkel.de\\\/blog\\\/#website\",\"url\":\"https:\\\/\\\/www.backwinkel.de\\\/blog\\\/\",\"name\":\"BACKWINKEL Blog\",\"description\":\"f\u00fcr Lehrer, Erzieher und Eltern\",\"potentialAction\":[{\"@type\":\"SearchAction\",\"target\":{\"@type\":\"EntryPoint\",\"urlTemplate\":\"https:\\\/\\\/www.backwinkel.de\\\/blog\\\/?s={search_term_string}\"},\"query-input\":{\"@type\":\"PropertyValueSpecification\",\"valueRequired\":true,\"valueName\":\"search_term_string\"}}],\"inLanguage\":\"de\"},{\"@type\":\"Person\",\"@id\":\"https:\\\/\\\/www.backwinkel.de\\\/blog\\\/#\\\/schema\\\/person\\\/88b842297c0e471020a66f4476633cf2\",\"name\":\"admin_backwinkel\",\"url\":\"https:\\\/\\\/www.backwinkel.de\\\/blog\\\/author\\\/admin_backwinkel\\\/\"}]}<\/script>\n<!-- \/ Yoast SEO plugin. -->","yoast_head_json":{"title":"Demokratiebildung in der Kita | BACKWINKEL Blog","description":"Sich einbezogen f\u00fchlen und mitbestimmen zu k\u00f6nnen ist ein wichtiger Bestandteil der Demokratiebildung und klappt schon mit den Kleinsten.","robots":{"index":"index","follow":"follow","max-snippet":"max-snippet:-1","max-image-preview":"max-image-preview:large","max-video-preview":"max-video-preview:-1"},"canonical":"https:\/\/www.backwinkel.de\/blog\/demokratiebildung-kita\/","og_locale":"de_DE","og_type":"article","og_title":"Demokratiebildung in der Kita | BACKWINKEL Blog","og_description":"Sich einbezogen f\u00fchlen und mitbestimmen zu k\u00f6nnen ist ein wichtiger Bestandteil der Demokratiebildung und klappt schon mit den Kleinsten.","og_url":"https:\/\/www.backwinkel.de\/blog\/demokratiebildung-kita\/","og_site_name":"BACKWINKEL Blog","article_published_time":"2024-03-11T11:26:42+00:00","article_modified_time":"2026-04-27T06:37:58+00:00","og_image":[{"width":1200,"height":628,"url":"https:\/\/www.backwinkel.de\/blog\/wp-content\/uploads\/2024\/03\/Demokratie-heroimage.jpg","type":"image\/jpeg"}],"author":"admin_backwinkel","twitter_card":"summary_large_image","twitter_misc":{"Verfasst von":"admin_backwinkel","Gesch\u00e4tzte Lesezeit":"22\u00a0Minuten"},"schema":{"@context":"https:\/\/schema.org","@graph":[{"@type":"Article","@id":"https:\/\/www.backwinkel.de\/blog\/demokratiebildung-kita\/#article","isPartOf":{"@id":"https:\/\/www.backwinkel.de\/blog\/demokratiebildung-kita\/"},"author":{"name":"admin_backwinkel","@id":"https:\/\/www.backwinkel.de\/blog\/#\/schema\/person\/88b842297c0e471020a66f4476633cf2"},"headline":"Demokratiebildung in der Kita","datePublished":"2024-03-11T11:26:42+00:00","dateModified":"2026-04-27T06:37:58+00:00","mainEntityOfPage":{"@id":"https:\/\/www.backwinkel.de\/blog\/demokratiebildung-kita\/"},"wordCount":7991,"image":{"@id":"https:\/\/www.backwinkel.de\/blog\/demokratiebildung-kita\/#primaryimage"},"thumbnailUrl":"https:\/\/www.backwinkel.de\/blog\/wp-content\/uploads\/2024\/03\/Demokratie-heroimage.jpg","articleSection":["Kindergarten"],"inLanguage":"de"},{"@type":"WebPage","@id":"https:\/\/www.backwinkel.de\/blog\/demokratiebildung-kita\/","url":"https:\/\/www.backwinkel.de\/blog\/demokratiebildung-kita\/","name":"Demokratiebildung in der Kita | BACKWINKEL Blog","isPartOf":{"@id":"https:\/\/www.backwinkel.de\/blog\/#website"},"primaryImageOfPage":{"@id":"https:\/\/www.backwinkel.de\/blog\/demokratiebildung-kita\/#primaryimage"},"image":{"@id":"https:\/\/www.backwinkel.de\/blog\/demokratiebildung-kita\/#primaryimage"},"thumbnailUrl":"https:\/\/www.backwinkel.de\/blog\/wp-content\/uploads\/2024\/03\/Demokratie-heroimage.jpg","datePublished":"2024-03-11T11:26:42+00:00","dateModified":"2026-04-27T06:37:58+00:00","author":{"@id":"https:\/\/www.backwinkel.de\/blog\/#\/schema\/person\/88b842297c0e471020a66f4476633cf2"},"description":"Sich einbezogen f\u00fchlen und mitbestimmen zu k\u00f6nnen ist ein wichtiger Bestandteil der Demokratiebildung und klappt schon mit den Kleinsten.","breadcrumb":{"@id":"https:\/\/www.backwinkel.de\/blog\/demokratiebildung-kita\/#breadcrumb"},"inLanguage":"de","potentialAction":[{"@type":"ReadAction","target":["https:\/\/www.backwinkel.de\/blog\/demokratiebildung-kita\/"]}]},{"@type":"ImageObject","inLanguage":"de","@id":"https:\/\/www.backwinkel.de\/blog\/demokratiebildung-kita\/#primaryimage","url":"https:\/\/www.backwinkel.de\/blog\/wp-content\/uploads\/2024\/03\/Demokratie-heroimage.jpg","contentUrl":"https:\/\/www.backwinkel.de\/blog\/wp-content\/uploads\/2024\/03\/Demokratie-heroimage.jpg","width":1200,"height":628},{"@type":"BreadcrumbList","@id":"https:\/\/www.backwinkel.de\/blog\/demokratiebildung-kita\/#breadcrumb","itemListElement":[{"@type":"ListItem","position":1,"name":"Startseite","item":"https:\/\/blog.backwinkel.de\/aktuelles\/"},{"@type":"ListItem","position":2,"name":"Demokratiebildung in der Kita"}]},{"@type":"WebSite","@id":"https:\/\/www.backwinkel.de\/blog\/#website","url":"https:\/\/www.backwinkel.de\/blog\/","name":"BACKWINKEL Blog","description":"f\u00fcr Lehrer, Erzieher und Eltern","potentialAction":[{"@type":"SearchAction","target":{"@type":"EntryPoint","urlTemplate":"https:\/\/www.backwinkel.de\/blog\/?s={search_term_string}"},"query-input":{"@type":"PropertyValueSpecification","valueRequired":true,"valueName":"search_term_string"}}],"inLanguage":"de"},{"@type":"Person","@id":"https:\/\/www.backwinkel.de\/blog\/#\/schema\/person\/88b842297c0e471020a66f4476633cf2","name":"admin_backwinkel","url":"https:\/\/www.backwinkel.de\/blog\/author\/admin_backwinkel\/"}]}},"_links":{"self":[{"href":"https:\/\/www.backwinkel.de\/blog\/wp-json\/wp\/v2\/posts\/13402","targetHints":{"allow":["GET"]}}],"collection":[{"href":"https:\/\/www.backwinkel.de\/blog\/wp-json\/wp\/v2\/posts"}],"about":[{"href":"https:\/\/www.backwinkel.de\/blog\/wp-json\/wp\/v2\/types\/post"}],"author":[{"embeddable":true,"href":"https:\/\/www.backwinkel.de\/blog\/wp-json\/wp\/v2\/users\/1"}],"replies":[{"embeddable":true,"href":"https:\/\/www.backwinkel.de\/blog\/wp-json\/wp\/v2\/comments?post=13402"}],"version-history":[{"count":3,"href":"https:\/\/www.backwinkel.de\/blog\/wp-json\/wp\/v2\/posts\/13402\/revisions"}],"predecessor-version":[{"id":19021,"href":"https:\/\/www.backwinkel.de\/blog\/wp-json\/wp\/v2\/posts\/13402\/revisions\/19021"}],"wp:featuredmedia":[{"embeddable":true,"href":"https:\/\/www.backwinkel.de\/blog\/wp-json\/wp\/v2\/media\/13422"}],"wp:attachment":[{"href":"https:\/\/www.backwinkel.de\/blog\/wp-json\/wp\/v2\/media?parent=13402"}],"wp:term":[{"taxonomy":"category","embeddable":true,"href":"https:\/\/www.backwinkel.de\/blog\/wp-json\/wp\/v2\/categories?post=13402"},{"taxonomy":"post_tag","embeddable":true,"href":"https:\/\/www.backwinkel.de\/blog\/wp-json\/wp\/v2\/tags?post=13402"}],"curies":[{"name":"wp","href":"https:\/\/api.w.org\/{rel}","templated":true}]}}