{"id":1319,"date":"2018-12-03T13:05:02","date_gmt":"2018-12-03T12:05:02","guid":{"rendered":"https:\/\/blog.backwinkel.de\/?p=1319"},"modified":"2026-04-22T08:34:58","modified_gmt":"2026-04-22T06:34:58","slug":"raumgestaltung-kita-kindergarten","status":"publish","type":"post","link":"https:\/\/www.backwinkel.de\/blog\/raumgestaltung-kita-kindergarten\/","title":{"rendered":"P\u00e4dagogik Raum geben"},"content":{"rendered":"\n<style type=\"text\/css\" data-created_by=\"avia_inline_auto\" id=\"style-css-av-8vdv8-f7e0dae999cc49bc529a70f67b346526\">\n.flex_column.av-8vdv8-f7e0dae999cc49bc529a70f67b346526{\nborder-radius:0px 0px 0px 0px;\npadding:0px 0px 0px 0px;\n}\n<\/style>\n<div  class='flex_column av-8vdv8-f7e0dae999cc49bc529a70f67b346526 av_one_full  avia-builder-el-0  el_before_av_three_fifth  avia-builder-el-first  first flex_column_div av-zero-column-padding  '     ><p>\n<style type=\"text\/css\" data-created_by=\"avia_inline_auto\" id=\"style-css-av-jl6mo8rj-605eccf9df0dce9c3ffb6a57636da99d\">\n#top .hr.hr-invisible.av-jl6mo8rj-605eccf9df0dce9c3ffb6a57636da99d{\nmargin-top:0px;\nheight:1px;\n}\n<\/style>\n<div  class='hr av-jl6mo8rj-605eccf9df0dce9c3ffb6a57636da99d hr-invisible  avia-builder-el-1  el_before_av_heading  avia-builder-el-first '><span class='hr-inner '><span class=\"hr-inner-style\"><\/span><\/span><\/div><br \/>\n\n<style type=\"text\/css\" data-created_by=\"avia_inline_auto\" id=\"style-css-av-22pxfr-b828907f7b20785bfa1db2b0aafcae21\">\n#top .av-special-heading.av-22pxfr-b828907f7b20785bfa1db2b0aafcae21{\npadding-bottom:10px;\n}\nbody .av-special-heading.av-22pxfr-b828907f7b20785bfa1db2b0aafcae21 .av-special-heading-tag .heading-char{\nfont-size:25px;\n}\n.av-special-heading.av-22pxfr-b828907f7b20785bfa1db2b0aafcae21 .av-subheading{\nfont-size:15px;\n}\n<\/style>\n<div  class='av-special-heading av-22pxfr-b828907f7b20785bfa1db2b0aafcae21 av-special-heading-h1 blockquote modern-quote  avia-builder-el-2  el_after_av_hr  el_before_av_post_metadata '><h1 class='av-special-heading-tag '  >P\u00e4dagogik Raum geben:<br \/>\nSo setzen Sie Ihre Konzeption im Kindergarten gestalterisch um<\/h1><div class='av-subheading av-subheading_below'><p class=\"autorenname\">Christine Hagemann<\/p>\n<\/div><div class=\"special-heading-border\"><div class=\"special-heading-inner-border\"><\/div><\/div><\/div><br \/>\n\n<style type=\"text\/css\" data-created_by=\"avia_inline_auto\" id=\"style-css-av-5qffvr-1fe073b43437b9bb9610edc12c7470e5\">\n#top .av-post-metadata-container.av-5qffvr-1fe073b43437b9bb9610edc12c7470e5{\nfont-size:12px;\n}\n#top .av-post-metadata-container.av-5qffvr-1fe073b43437b9bb9610edc12c7470e5 .av-post-metadata-container-inner{\nfont-size:12px;\n}\n<\/style>\n<div  class='av-post-metadata-container av-5qffvr-1fe073b43437b9bb9610edc12c7470e5 av-metadata-container-align-left  avia-builder-el-3  el_after_av_heading  el_before_av_textblock  av-metadata-container-1'><div class='av-post-metadata-container-inner'><span class=\"av-post-metadata-content av-post-metadata-meta-content\"><span class=\"av-post-metadata-content av-post-metadata-modified\"><span class=\"av-metadata-before av-metadata-before-modified\">Aktualisiert:<\/span><span class=\"av-post-metadata-modified-date\" >22. April 2026<\/span><\/span><span class=\"av-post-metadata-content av-post-metadata-separator\">\/<\/span><span class=\"av-post-metadata-content av-post-metadata-modified\"><span class=\"av-metadata-before av-metadata-before-modified\">Zuletzt aktualisiert:<\/span><span class=\"av-post-metadata-modified-date\" >22. April 2026<\/span><\/span><\/span><\/div><\/div><br \/>\n\n<style type=\"text\/css\" data-created_by=\"avia_inline_auto\" id=\"style-css-av-jkuubohz-5a003d203f1fb0e692a1929a76d5045b\">\n#top .av_textblock_section.av-jkuubohz-5a003d203f1fb0e692a1929a76d5045b .avia_textblock{\nfont-size:20px;\n}\n<\/style>\n<section  class='av_textblock_section av-jkuubohz-5a003d203f1fb0e692a1929a76d5045b '  ><div class='avia_textblock' ><p class=\"einleitungstext-beitrag\">Die Raumnot in Kinderg\u00e4rten stellt Erzieher t\u00e4glich vor Herausforderungen. Ganztagsbetreuung und die Aufnahme von Kindern unter 3 Jahren erfordern neue Raumkonzepte. Bestehende Einrichtungen m\u00fcssen ausgebaut, R\u00e4ume umgestaltet werden. Dabei gilt es, passgenaue L\u00f6sungen f\u00fcr die p\u00e4dagogische Raumgestaltung zu finden, damit Kinder und Erzieher sich dort wohlf\u00fchlen.<\/p>\n<\/div><\/section><br \/>\n\n<style type=\"text\/css\" data-created_by=\"avia_inline_auto\" id=\"style-css-av-jkuuo5h6-fd5494632ab025c820cbe3318aafc803\">\n.avia-image-container.av-jkuuo5h6-fd5494632ab025c820cbe3318aafc803 img.avia_image{\nbox-shadow:none;\n}\n.avia-image-container.av-jkuuo5h6-fd5494632ab025c820cbe3318aafc803 .av-image-caption-overlay-center{\ncolor:#ffffff;\n}\n<\/style>\n<div  class='avia-image-container av-jkuuo5h6-fd5494632ab025c820cbe3318aafc803 av-styling- avia-align-center  avia-builder-el-5  el_after_av_textblock  el_before_av_hr '  ><div class=\"avia-image-container-inner\"><div class=\"avia-image-overlay-wrap\"><img decoding=\"async\" fetchpriority=\"high\" class='wp-image-1381 avia-img-lazy-loading-not-1381 avia_image ' src=\"https:\/\/www.backwinkel.de\/blog\/wp-content\/uploads\/2018\/09\/backwinkel-blog-raumkonzepte.jpg\" alt='BACKWINKEL-Blog: Raumgestaltung in Kita und Kindergarten' title='BACKWINKEL-Blog: Raumgestaltung in Kita und Kindergarten'  height=\"628\" width=\"1200\" srcset=\"https:\/\/www.backwinkel.de\/blog\/wp-content\/uploads\/2018\/09\/backwinkel-blog-raumkonzepte.jpg 1200w, https:\/\/www.backwinkel.de\/blog\/wp-content\/uploads\/2018\/09\/backwinkel-blog-raumkonzepte-300x157.jpg 300w, https:\/\/www.backwinkel.de\/blog\/wp-content\/uploads\/2018\/09\/backwinkel-blog-raumkonzepte-768x402.jpg 768w, https:\/\/www.backwinkel.de\/blog\/wp-content\/uploads\/2018\/09\/backwinkel-blog-raumkonzepte-1030x539.jpg 1030w, https:\/\/www.backwinkel.de\/blog\/wp-content\/uploads\/2018\/09\/backwinkel-blog-raumkonzepte-705x369.jpg 705w, https:\/\/www.backwinkel.de\/blog\/wp-content\/uploads\/2018\/09\/backwinkel-blog-raumkonzepte-450x236.jpg 450w\" sizes=\"(max-width: 1200px) 100vw, 1200px\" \/><\/div><\/div><\/div><br \/>\n\n<style type=\"text\/css\" data-created_by=\"avia_inline_auto\" id=\"style-css-av-jl6mo8rj-56-749778bbe27a67e1a34c8e22b5f30aee\">\n#top .hr.hr-invisible.av-jl6mo8rj-56-749778bbe27a67e1a34c8e22b5f30aee{\nheight:5px;\n}\n<\/style>\n<div  class='hr av-jl6mo8rj-56-749778bbe27a67e1a34c8e22b5f30aee hr-invisible  avia-builder-el-6  el_after_av_image  el_before_av_textblock '><span class='hr-inner '><span class=\"hr-inner-style\"><\/span><\/span><\/div><br \/>\n\n<style type=\"text\/css\" data-created_by=\"avia_inline_auto\" id=\"style-css-av-jl7ql86y-612d43e37d54868247c4d10046da1af0\">\n#top .av_textblock_section.av-jl7ql86y-612d43e37d54868247c4d10046da1af0 .avia_textblock{\nfont-size:10px;\n}\n<\/style>\n<section  class='av_textblock_section av-jl7ql86y-612d43e37d54868247c4d10046da1af0 '  ><div class='avia_textblock' ><p class=\"bildnennung-beitrag\" style=\"text-align: left;\">\u00a9 Arnulf Betzold GmbH<\/p>\n<\/div><\/section><br \/>\n\n<style type=\"text\/css\" data-created_by=\"avia_inline_auto\" id=\"style-css-av-jl6mo8rj-54-91ca90c5cdede91e03011fda4514fa3d\">\n#top .hr.hr-invisible.av-jl6mo8rj-54-91ca90c5cdede91e03011fda4514fa3d{\nheight:20px;\n}\n<\/style>\n<div  class='hr av-jl6mo8rj-54-91ca90c5cdede91e03011fda4514fa3d hr-invisible  avia-builder-el-8  el_after_av_textblock  el_before_av_textblock '><span class='hr-inner '><span class=\"hr-inner-style\"><\/span><\/span><\/div><br \/>\n<section  class='av_textblock_section av-jkuubohz-55-5a71d53ebfaf79aee747a7d4e6d2e7d2 '  ><div class='avia_textblock' ><p>Wie lassen sich Kitar\u00e4ume optimieren, sodass sie den Bed\u00fcrfnissen ihrer Nutzer gerecht werden? Geben Sie sich nicht l\u00e4nger mit Notl\u00f6sungen zufrieden. Wir stellen Ihnen 3 m\u00f6gliche Wege zu einem neuen Raumkonzept vor, das Ihren Erziehungsalltag entspannt.<\/p>\n<\/div><\/section><\/p><\/div>\n<style type=\"text\/css\" data-created_by=\"avia_inline_auto\" id=\"style-css-av-swqf9-fd2620c135d10a5db000006c8ff5326e\">\n.flex_column.av-swqf9-fd2620c135d10a5db000006c8ff5326e{\nborder-width:1px;\nborder-color:#a6bb4c;\nborder-style:solid;\nborder-radius:0px 0px 0px 0px;\npadding:20px 20px 20px 20px;\nbackground-color:#f2f2f2;\n}\n<\/style>\n<div  class='flex_column av-swqf9-fd2620c135d10a5db000006c8ff5326e av_three_fifth  avia-builder-el-10  el_after_av_one_full  el_before_av_two_fifth  first flex_column_div  column-top-margin'     ><style type=\"text\/css\" data-created_by=\"avia_inline_auto\" id=\"style-css-av-jkuua5r2-26aacafcf32943ff9bfc4af71f6ef736\">\n#top .av_textblock_section.av-jkuua5r2-26aacafcf32943ff9bfc4af71f6ef736 .avia_textblock{\nfont-size:14px;\n}\n<\/style>\n<section  class='av_textblock_section av-jkuua5r2-26aacafcf32943ff9bfc4af71f6ef736 '  ><div class='avia_textblock' ><p><strong>Inhalt<\/strong><\/p>\n<p><strong><a href=\"#1\">1. Was ist bei der Raumgestaltung zu beachten?<\/a><\/strong><br \/>\n1.1 Was Kinder wollen<br \/>\n1.2 Unterschiedliche Nutzerbed\u00fcrfnisse<br \/>\n1.3 Der Raum als dritter Erzieher<\/p>\n<p><strong><a href=\"#2\">2. Wie entwickele ich ein Raumkonzept? 3 Zugangswege<\/a><\/strong><br \/>\n2.1 Lieblingsspielorte der eigenen Kindheit erinnern<br \/>\n2.2 \u00dcber \u00e4sthetische Bildung nachdenken<br \/>\n2.3 Die Entwicklungsaufgaben der Kinder umsetzen<\/p>\n<p><strong><a href=\"#3\">3. Tipps und Planungshilfen f\u00fcr Ihre Raumgestaltung <\/a><\/strong><br \/>\n3.1 Wie setze ich ein neues Raumkonzept in unserer Einrichtung um?<br \/>\n3.2 Wie plane ich die Gestaltung eines Raumes?<br \/>\n3.3 Welche Vorteile hat die Planung des Raumkonzeptes im Team?<\/p>\n<\/div><\/section><\/div><\/p>\n\n<style type=\"text\/css\" data-created_by=\"avia_inline_auto\" id=\"style-css-av-2532d-6e1ea05e25305745634c0a02c87dc827\">\n.flex_column.av-2532d-6e1ea05e25305745634c0a02c87dc827{\nborder-radius:0px 0px 0px 0px;\npadding:0 0 0 0;\n}\n<\/style>\n<div  class='flex_column av-2532d-6e1ea05e25305745634c0a02c87dc827 av_two_fifth  avia-builder-el-12  el_after_av_three_fifth  el_before_av_sidebar  flex_column_div av-zero-column-padding  column-top-margin'     ><\/div>\n<div  class='avia-builder-widget-area clearfix  avia-builder-el-13  el_after_av_two_fifth  el_before_av_one_full '><div id=\"text-33\" class=\"widget clearfix widget_text\">\t\t\t<div class=\"textwidget\"><p><a href=\"https:\/\/www.backwinkel.de\/nachhaltig-denken\/\" target=\"\\_blank\" rel=\"noopener\"><br \/>\n<img decoding=\"async\" class=\"werbung-desktop alignnone wp-image-4186 size-full\" src=\"https:\/\/www.backwinkel.de\/blog\/wp-content\/uploads\/2026\/04\/Backwinkel-blog-werbebanner-shop-kita-schule_desktop.jpg\" alt=\"\" width=\"1251\" height=\"201\" \/><br \/>\n<\/a><br \/>\n<a href=\"https:\/\/www.backwinkel.de\/nachhaltig-denken\/\" target=\"\\_blank\" rel=\"noopener\"><br \/>\n<img decoding=\"async\" class=\"werbung-mobile alignnone wp-image-4187 size-full\" src=\"https:\/\/www.backwinkel.de\/blog\/wp-content\/uploads\/2026\/04\/Backwinkel-blog-werbebanner-shop-kiga-schule_mobile.jpg\" alt=\"\" width=\"550\" height=\"500\" \/><br \/>\n<\/a><\/p>\n<\/div>\n\t\t<\/div><\/div>\n\n<style type=\"text\/css\" data-created_by=\"avia_inline_auto\" id=\"style-css-av-hh5al-9c53459d093ff912fcc98cf97e19d753\">\n.flex_column.av-hh5al-9c53459d093ff912fcc98cf97e19d753{\nborder-radius:0px 0px 0px 0px;\npadding:0px 0px 0px 0px;\n}\n<\/style>\n<div  class='flex_column av-hh5al-9c53459d093ff912fcc98cf97e19d753 av_one_full  avia-builder-el-14  el_after_av_sidebar  el_before_av_one_full  first flex_column_div av-zero-column-padding  '     ><section  class='av_textblock_section av-jkuul0eg-c8007ced910eec869d85a4d2f40b896b '  ><div class='avia_textblock' >\n<style type=\"text\/css\" data-created_by=\"avia_inline_auto\" id=\"style-css-av-7c7r8-1ad3209b7b9ea9c60cc97e362d76ea5e\">\n#top .hr.hr-invisible.av-7c7r8-1ad3209b7b9ea9c60cc97e362d76ea5e{\nheight:20px;\n}\n<\/style>\n<div  class='hr av-7c7r8-1ad3209b7b9ea9c60cc97e362d76ea5e hr-invisible  avia-builder-el-16  avia-builder-el-no-sibling '><span class='hr-inner '><span class=\"hr-inner-style\"><\/span><\/span><\/div>\n<h2 id=\"1\" class=\"position\">Was ist bei der Raumgestaltung in der Kita zu beachten?<\/h2>\n<p>P\u00e4dagogische Raumgestaltung im Kindergarten beginnt schon vor der sorgf\u00e4ltigen Auswahl der <a href=\"https:\/\/www.backwinkel.de\/cat\/kindergartenmoebel\/\" target=\"_blank\" rel=\"noopener\">Kindergartenm\u00f6bel<\/a> und Dekoration. Ein Raum besteht aus vielen Elementen, W\u00e4nden, T\u00fcren, Fenstern, und jeder Raum besitzt spezielle Eigenschaften in Bezug auf Licht, Akustik, Farb- und Materialgestaltung. Von diesen Elementen wird das Verhalten der Raumnutzer beeinflusst. Ein gutes Raumkonzept muss ber\u00fccksichtigen, dass Kinder verschiedener Altersstufen und p\u00e4dagogische Fachkr\u00e4fte unterschiedliche Anforderungen an R\u00e4ume stellen.<\/p>\n<h3>Was Kinder wollen<\/h3>\n<p>Kleine Kinder brauchen Bewegungsfreiheit und -sicherheit zugleich. Und sie brauchen freie Sicht, um ihre Bezugsperson jederzeit sehen zu k\u00f6nnen. Nur mit dem sicheren Gef\u00fchl, sie jederzeit zu erreichen, k\u00f6nnen die Kleinen neugierig und unternehmungslustig ihre spannende Umgebung selbst erkunden. Die Erfahrung von Selbstwirksamkeit legt den Grundstein zum Aufbau von Resilienz.<\/p>\n<p>\u00c4ltere Kinder lieben R\u00fcckzugsorte, wollen allein oder mit ihren Freunden ungest\u00f6rt spielen. Und sie wollen ihre Spielergebnisse pr\u00e4sentieren k\u00f6nnen, ob dies kreative Arbeiten, Bauwerke oder Bewegungslandschaften sind. Kinder nehmen aktiv ihre Umwelt in Besitz und wollen sie entsprechend ihrer Spielthemen mit- und umgestalten.<\/p>\n<\/div><\/section><\/div>\n\n<style type=\"text\/css\" data-created_by=\"avia_inline_auto\" id=\"style-css-av-jlnt0i5o-5b429307d6d9375fcc3f2d63c3ab8233\">\n.flex_column.av-jlnt0i5o-5b429307d6d9375fcc3f2d63c3ab8233{\nborder-radius:0px 0px 0px 0px;\npadding:10px 10px 10px 10px;\nbackground-color:#e0f1b4;\n}\n<\/style>\n<div  class='flex_column av-jlnt0i5o-5b429307d6d9375fcc3f2d63c3ab8233 av_one_full  avia-builder-el-17  el_after_av_one_full  el_before_av_one_full  first flex_column_div  column-top-margin'     ><style type=\"text\/css\" data-created_by=\"avia_inline_auto\" id=\"style-css-av-jkuvcso3-08620656ce896494583871f637affeaa\">\n#top .av_textblock_section.av-jkuvcso3-08620656ce896494583871f637affeaa .avia_textblock{\nfont-size:18px;\n}\n<\/style>\n<section  class='av_textblock_section av-jkuvcso3-08620656ce896494583871f637affeaa '  ><div class='avia_textblock' ><p>Raumkonzepte f\u00fcr Kita-R\u00e4ume sollen die Erfahrung der Selbstwirksamkeit f\u00f6rdern und Eigeninitiative erm\u00f6glichen, sie sollen Freir\u00e4ume f\u00fcr Vielfalt und Unterschiedlichkeit anbieten.<\/p>\n<\/div><\/section><\/div>\n\n<style type=\"text\/css\" data-created_by=\"avia_inline_auto\" id=\"style-css-av-hh5al-50-8b190c6817d88cbb69a9596599c21dac\">\n.flex_column.av-hh5al-50-8b190c6817d88cbb69a9596599c21dac{\nborder-radius:0px 0px 0px 0px;\npadding:0px 0px 0px 0px;\n}\n<\/style>\n<div  class='flex_column av-hh5al-50-8b190c6817d88cbb69a9596599c21dac av_one_full  avia-builder-el-19  el_after_av_one_full  el_before_av_one_full  first flex_column_div av-zero-column-padding  column-top-margin'     ><section  class='av_textblock_section av-jkuul0eg-49-71ace2c69af83f77112d1609f09625b6 '  ><div class='avia_textblock' >\n<style type=\"text\/css\" data-created_by=\"avia_inline_auto\" id=\"style-css-av-3894lj-06184cab0919c9c1ca9605306d1f5592\">\n#top .hr.hr-invisible.av-3894lj-06184cab0919c9c1ca9605306d1f5592{\nheight:20px;\n}\n<\/style>\n<div  class='hr av-3894lj-06184cab0919c9c1ca9605306d1f5592 hr-invisible  avia-builder-el-21  avia-builder-el-no-sibling '><span class='hr-inner '><span class=\"hr-inner-style\"><\/span><\/span><\/div>\n<h3>Unterschiedliche Nutzerbed\u00fcrfnisse<\/h3>\n<p>In einer Kita gibt es vielf\u00e4ltige Nutzerbed\u00fcrfnisse und Abl\u00e4ufe, f\u00fcr die bestimmte R\u00e4ume geplant sind. Ein Flur zum Beispiel ist nicht nur ein Verbindungsweg zwischen R\u00e4umen, er ist gleichzeitig Garderobe, Lagerraum, Anlaufstelle f\u00fcr Eltern in der Bring- und Abholphase, Bewegungsfl\u00e4che f\u00fcr Kinder \u2013 ein Treffpunkt f\u00fcr viele Menschen.<\/p>\n<p>Auch der Eingangsbereich hat verschiedene Funktionen: Er muss Orientierung geben, Infos pr\u00e4sentieren, G\u00e4ste einladen und Kinder begr\u00fc\u00dfen. Damit wird er zur Visitenkarte der Einrichtung.<\/p>\n<p>In einer Kita ist der Wickelraum ein wichtiger Pflege- und Bildungsort, in dem t\u00e4glich wertvolle Beziehungsarbeit geleistet wird. Darum muss der Raum so gestaltet sein, dass Erzieher und Kinder sich dort wohlf\u00fchlen.<\/p>\n<\/div><\/section><\/div>\n\n<style type=\"text\/css\" data-created_by=\"avia_inline_auto\" id=\"style-css-av-jlnt0i5o-47-152a49c2559f28d7c46b488f14d59b95\">\n.flex_column.av-jlnt0i5o-47-152a49c2559f28d7c46b488f14d59b95{\nborder-radius:0px 0px 0px 0px;\npadding:10px 10px 10px 10px;\nbackground-color:#e0f1b4;\n}\n<\/style>\n<div  class='flex_column av-jlnt0i5o-47-152a49c2559f28d7c46b488f14d59b95 av_one_full  avia-builder-el-22  el_after_av_one_full  el_before_av_one_full  first flex_column_div  column-top-margin'     ><style type=\"text\/css\" data-created_by=\"avia_inline_auto\" id=\"style-css-av-jkuvcso3-46-4e362bb8c136a5109e47621804ecc6e1\">\n#top .av_textblock_section.av-jkuvcso3-46-4e362bb8c136a5109e47621804ecc6e1 .avia_textblock{\nfont-size:18px;\n}\n<\/style>\n<section  class='av_textblock_section av-jkuvcso3-46-4e362bb8c136a5109e47621804ecc6e1 '  ><div class='avia_textblock' ><p>Eine optimale Raumgestaltung in Kita &amp; Kindergarten funktioniert nur, wenn p\u00e4dagogische Fachkr\u00e4fte von Anfang an bei der Planung mitwirken.<\/p>\n<\/div><\/section><\/div>\n\n<style type=\"text\/css\" data-created_by=\"avia_inline_auto\" id=\"style-css-av-hh5al-45-e37424663f7a8eb6069717fb00fbbc5c\">\n.flex_column.av-hh5al-45-e37424663f7a8eb6069717fb00fbbc5c{\nborder-radius:0px 0px 0px 0px;\npadding:0px 0px 0px 0px;\n}\n<\/style>\n<div  class='flex_column av-hh5al-45-e37424663f7a8eb6069717fb00fbbc5c av_one_full  avia-builder-el-24  el_after_av_one_full  el_before_av_one_full  first flex_column_div av-zero-column-padding  column-top-margin'     ><section  class='av_textblock_section av-jkuul0eg-44-beb2429c53bb16ad5c6a8ca97002e0c5 '  ><div class='avia_textblock' >\n<style type=\"text\/css\" data-created_by=\"avia_inline_auto\" id=\"style-css-av-3894lj-43-755a36efe463c92987b738038a2eb795\">\n#top .hr.hr-invisible.av-3894lj-43-755a36efe463c92987b738038a2eb795{\nheight:20px;\n}\n<\/style>\n<div  class='hr av-3894lj-43-755a36efe463c92987b738038a2eb795 hr-invisible  avia-builder-el-26  avia-builder-el-no-sibling '><span class='hr-inner '><span class=\"hr-inner-style\"><\/span><\/span><\/div>\n<h3>Der Raum als dritter Erzieher<\/h3>\n<p>Eine bewusste Raumgestaltung ist seit Maria Montessori Kerngedanke einer P\u00e4dagogik, die von den Bed\u00fcrfnissen der Kinder ausgeht. In der Reggio-P\u00e4dagogik ist Raumgestaltung elementar, denn neben Eltern und P\u00e4dagogen beeinflusst der Raum als \u201edritter Erzieher\u201c ma\u00dfgeblich den kindlichen Selbstbildungsprozess.<\/p>\n<p>F\u00fcr kleine Kinder bedeutet der Raum Lernumgebung und Lerngegenstand gleichzeitig. Durch Ertasten und Begreifen erfahren sie Orientierung. Deshalb sind Oberfl\u00e4chenstrukturen ebenso wichtig wie bewegbare Raumelemente, die das Kind selbst aktiv erkunden kann. Die Erfahrungen, die das Kind in und mit seiner Umgebung macht, werden als kognitive Strukturen gespeichert und pr\u00e4gen die Vorstellungen, die es von seiner Welt aufbaut.<\/p>\n<\/div><\/section><\/div>\n\n<style type=\"text\/css\" data-created_by=\"avia_inline_auto\" id=\"style-css-av-jlnt0i5o-42-6bb6ead95b4fe97ed8b0b9551cbea001\">\n.flex_column.av-jlnt0i5o-42-6bb6ead95b4fe97ed8b0b9551cbea001{\nborder-radius:0px 0px 0px 0px;\npadding:10px 10px 10px 10px;\nbackground-color:#e0f1b4;\n}\n<\/style>\n<div  class='flex_column av-jlnt0i5o-42-6bb6ead95b4fe97ed8b0b9551cbea001 av_one_full  avia-builder-el-27  el_after_av_one_full  el_before_av_one_full  first flex_column_div  column-top-margin'     ><style type=\"text\/css\" data-created_by=\"avia_inline_auto\" id=\"style-css-av-jkuvcso3-41-5ec95fc0e5dd30be754063f2d7e9c633\">\n#top .av_textblock_section.av-jkuvcso3-41-5ec95fc0e5dd30be754063f2d7e9c633 .avia_textblock{\nfont-size:18px;\n}\n<\/style>\n<section  class='av_textblock_section av-jkuvcso3-41-5ec95fc0e5dd30be754063f2d7e9c633 '  ><div class='avia_textblock' ><p>Die Raumgestaltung soll Kindern Chancen zur Identifikation und viel Aktionsfreiheit schaffen, denn erste Kindheitsr\u00e4ume pr\u00e4gen grundlegend das Selbst- und Weltverstehen.<\/p>\n<\/div><\/section><\/div>\n\n<style type=\"text\/css\" data-created_by=\"avia_inline_auto\" id=\"style-css-av-hh5al-40-dd47c675fb78846eb33c45a2d24c7638\">\n.flex_column.av-hh5al-40-dd47c675fb78846eb33c45a2d24c7638{\nborder-radius:0px 0px 0px 0px;\npadding:0px 0px 0px 0px;\n}\n<\/style>\n<div  class='flex_column av-hh5al-40-dd47c675fb78846eb33c45a2d24c7638 av_one_full  avia-builder-el-29  el_after_av_one_full  el_before_av_one_full  first flex_column_div av-zero-column-padding  column-top-margin'     ><section  class='av_textblock_section av-jkuul0eg-39-fb8837d5437b0fea8bc55a7cb01c8d6b '  ><div class='avia_textblock' >\n<style type=\"text\/css\" data-created_by=\"avia_inline_auto\" id=\"style-css-av-7c7r8-48-4134bb1a6088a206744c6cb33a0a795a\">\n#top .hr.hr-invisible.av-7c7r8-48-4134bb1a6088a206744c6cb33a0a795a{\nheight:20px;\n}\n<\/style>\n<div  class='hr av-7c7r8-48-4134bb1a6088a206744c6cb33a0a795a hr-invisible  avia-builder-el-31  avia-builder-el-no-sibling '><span class='hr-inner '><span class=\"hr-inner-style\"><\/span><\/span><\/div>\n<h2 id=\"2\" class=\"position\">Wie entwickele ich ein Raumkonzept? 3 Zugangswege<\/h2>\n<p>Die Kita ist ein <strong>Haus f\u00fcr Kinder<\/strong> \u2013 das sollte allen \u00dcberlegungen voranstehen! Es geht darum, Raum f\u00fcr die kindlichen Spielbed\u00fcrfnisse und Themen zu schaffen.<\/p>\n<p><strong>Raumkonzepte sind gestaltete p\u00e4dagogische Konzeption<\/strong>. Nach diesem Grundsatz gibt Christel van Dieken, p\u00e4dagogische Fachberaterin f\u00fcr Kindertagesst\u00e4tten, praktische Tipps zur Entwicklung von Raumkonzepten f\u00fcr Kitar\u00e4ume. Als Orientierungshilfe nennt sie drei verschiedene Zug\u00e4nge, die wir Ihnen hier vorstellen.<\/p>\n<h3>1. Lieblingsspielorte der eigenen Kindheit erinnern<\/h3>\n<p>Erinnern Sie sich doch mal an Ihre eigene Kindheit und fragen Sie sich: Was habe ich besonders gern und intensiv gespielt? Den allermeisten Menschen wird spontan eine Spielsituation einfallen, die drau\u00dfen war. Und was war an der Situation so toll? Da waren keine Erwachsenen. Es gab Freiheit, unverplante Zeit. Die M\u00f6glichkeit, selbstvergessen spielen zu k\u00f6nnen.<\/p>\n<p>Lieblingsspielorte der eigenen Kindheit geben Hinweise, wie R\u00e4ume f\u00fcr Kinder aussehen sollen. Das hei\u00dft auch, das Au\u00dfengel\u00e4nde als Raum zu sehen. Und R\u00e4ume so zu gestalten, dass sie <strong>Qualit\u00e4t von Kindheit<\/strong> bieten. Im Wesentlichen bedeutet das, weitestgehend ungest\u00f6rt von Erwachsenen intensiv spielen zu k\u00f6nnen.<\/p>\n<p>Weil Kinder unterschiedlich sind, muss die Raumgestaltung Individualisierung und Differenzierung erm\u00f6glichen. Daher sollte das Raumkonzept <strong>vielf\u00e4ltige, unterschiedliche Aktionsbereiche<\/strong> vorsehen. Die einzelnen Aktionsbereiche sollten mit unterschiedlichen M\u00f6beln und Spielmaterialien ausgestattet sein. Und sie sollten vielf\u00e4ltige Materialqualit\u00e4ten bieten. Achten Sie auch auf unterschiedliche Schwierigkeitsgrade in der Ausstattung.<\/p>\n<p>F\u00fcr diese <strong>11 Bereiche <\/strong>werden in der Kita Aktionsbereiche gebraucht:<\/p>\n<ul>\n<li style=\"list-style-type: square;\">f\u00fcr Bewegung<\/li>\n<li style=\"list-style-type: square;\">zum Ausprobieren von Gestaltungsmaterialien, z. B. im Kinderatelier<\/li>\n<li style=\"list-style-type: square;\">zum Spielen mit Dingen aus dem Haushalt, aus der Natur, mit didaktischen Materialien<\/li>\n<li style=\"list-style-type: square;\">zum Bauen und Konstruieren<\/li>\n<li style=\"list-style-type: square;\">zur ungest\u00f6rten Bilderbuchbetrachtung, zum Erz\u00e4hlen und Musikmachen<\/li>\n<li style=\"list-style-type: square;\">f\u00fcr Rollenspiele, Theaterspiel und zum Spiel mit Licht und Schatten<\/li>\n<li style=\"list-style-type: square;\">f\u00fcr Naturforscherraum und Mathewerkstatt<\/li>\n<li style=\"list-style-type: square;\">f\u00fcr gestalterische T\u00e4tigkeit<\/li>\n<li style=\"list-style-type: square;\">zur Einnahme der Mahlzeiten<\/li>\n<li style=\"list-style-type: square;\">zum Schlafen und Ausruhen<\/li>\n<\/ul>\n<p>Das Konzept der Reggio-P\u00e4dagogik-Raumgestaltung pl\u00e4diert f\u00fcr offene Angebote der Materialien. Die Kinder finden etwas, womit sie sich besch\u00e4ftigen m\u00f6chten. Das <strong>bringt Entspannung<\/strong>, auch durch die klare Struktur der Raumgestaltung. Das Material ist im Raum vorhanden und steht zur Verf\u00fcgung. Die Kinder k\u00f6nnen selbst entscheiden, welche Herausforderung sie annehmen wollen.<\/p>\n<h3>2. \u00dcber \u00e4sthetische Bildung nachdenken<\/h3>\n<p>\u00c4sthetische Bildung erm\u00f6glicht die Entwicklung eines Sinnes f\u00fcr Sch\u00f6nheit und Harmonie, und sie f\u00f6rdert empfindsames, achtsames Verhalten. Auch hier spielt die Klarheit der Raumgestaltung eine wichtige Rolle. F\u00fcr das Raumkonzept der Kita bedeutet das: Reduktion auf sorgsam ausgew\u00e4hlte Dinge und ein liebevoller Umgang mit ihnen. Greifen Sie die Themen der Kinder auf und pr\u00e4sentieren Sie die Spielmaterialien visuell ansprechend. So bekommen die Kinder Lust, damit zu spielen.<\/p>\n<p>Im <a href=\"https:\/\/blog.backwinkel.de\/rollenspiele-kindergarten\/\" target=\"_blank\" rel=\"noopener\">Rollenspielbereich<\/a> ist mehr m\u00f6glich als die obligatorische Puppenecke. Denkbar ist beispielsweise ein B\u00fcro oder eine Tierarztpraxis. Selbst auf kleinstem Raum l\u00e4sst sich das sehr gut realisieren. Rollenspiel-Materialien k\u00f6nnen den Kindern in thematischen Requisitenkisten zur Verf\u00fcgung stehen. Hier sind transparente Boxen am besten geeignet, denn der sichtbare Inhalt inspiriert die Kinder, sich selbstt\u00e4tig damit zu besch\u00e4ftigen.<\/p>\n<h3>3. Die Entwicklungsaufgaben der Kinder umsetzen<\/h3>\n<p>Kinder brauchen Freiraum und Herausforderungen, um ihre F\u00e4higkeiten zu erproben. Dies verwirklicht das Konzept der Reggio-P\u00e4dagogik und der offenen Werkstattarbeit. Beim eigenst\u00e4ndigen Tun entwickeln die Kinder ihre Vorstellungskraft, und sie lernen st\u00e4ndig hinzu. Die F\u00f6rderung von Selbstst\u00e4ndigkeit h\u00e4ngt auch davon ab, dass Sie Ihren Kindern etwas <strong>zutrauen<\/strong>.<\/p>\n<p>Das bedeutet selbstverst\u00e4ndlich nicht, Kleinkinder in Gefahr zu bringen. Aber warum sollten sie nicht <strong>ausprobieren<\/strong>, was \u201eeigentlich\u201c noch zu schwierig ist? F\u00fcr die konkrete Raumgestaltung in der Kita bieten sich hier Podeste an, damit kleine Kinder nicht einfach in den Spielbereich hineinlaufen. Podeste sind auch hilfreich, um Bereiche voneinander abzugrenzen und eigenen Spiellandschaften zu schaffen. So k\u00f6nnen Sie Bereiche als <strong>Forscherraum<\/strong>, <strong>T\u00fcftlerwerkstatt<\/strong> oder <strong>Schreibwerkstatt<\/strong> anbieten.<\/p>\n<\/div><\/section><\/div>\n\n<style type=\"text\/css\" data-created_by=\"avia_inline_auto\" id=\"style-css-av-hh5al-37-2f2df4ad0c71babeae24831e77d54b8e\">\n.flex_column.av-hh5al-37-2f2df4ad0c71babeae24831e77d54b8e{\nborder-radius:0px 0px 0px 0px;\npadding:0px 0px 0px 0px;\n}\n<\/style>\n<div  class='flex_column av-hh5al-37-2f2df4ad0c71babeae24831e77d54b8e av_one_full  avia-builder-el-32  el_after_av_one_full  el_before_av_three_fifth  first flex_column_div av-zero-column-padding  column-top-margin'     ><section  class='av_textblock_section av-jkuul0eg-36-6987f58fe49d66836142a601b87349ab '  ><div class='avia_textblock' >\n<style type=\"text\/css\" data-created_by=\"avia_inline_auto\" id=\"style-css-av-7c7r8-35-94d523d6dfdac16f621742660bce513a\">\n#top .hr.hr-invisible.av-7c7r8-35-94d523d6dfdac16f621742660bce513a{\nheight:20px;\n}\n<\/style>\n<div  class='hr av-7c7r8-35-94d523d6dfdac16f621742660bce513a hr-invisible  avia-builder-el-34  avia-builder-el-no-sibling '><span class='hr-inner '><span class=\"hr-inner-style\"><\/span><\/span><\/div>\n<h2 id=\"3\" class=\"position\">Tipps und Planungshilfen f\u00fcr Ihre Raumgestaltung<\/h2>\n<p>R\u00e4ume senden Botschaften. Sobald Sie einen Raum betreten, empfinden Sie, was dieser Raum ausstrahlt. Versuchen Sie, Ihre Einrichtung <strong>mit den Augen der Kinder<\/strong> zu sehen. Ein gutes Zeichen ist, wenn Sie beim Betreten eines Raumes selbst sofort denken: Oh ja, damit m\u00f6chte ich spielen, das interessiert mich.<\/p>\n<p>Versetzen Sie sich in die Kleinen hinein, gehen Sie einfach mal in die Hocke und schauen sich um. Das klingt simpel, ist jedoch sehr effektiv. Denn so erfahren Sie viel dar\u00fcber, wie die Raumgestaltung auf Ihre Kinder wirkt. Sind alle Bilder im Raum und die angebotenen Materialien gut zu sehen? Strahlt der Bereich aus, was Sie beabsichtigt haben, z. B. Gem\u00fctlichkeit, Ruhe, Entdeckerlust?<\/p>\n<h3>Wie setze ich ein neues Raumkonzept in unserer Einrichtung um?<\/h3>\n<p>Oft reicht es nicht, die M\u00f6bel zu verr\u00fccken, um die Raumaufteilung sinnvoll zu \u00e4ndern. Stellen Sie sich den Raum leer vor. Fragen Sie sich: Welche Aktionsbereiche m\u00f6chte ich gestalten?<\/p>\n<p>\u00dcber das, was im Raum vorhanden ist, bekommt das Kind eine Idee, wof\u00fcr dieser Raum steht und was es darin machen kann. Mit Ihrem Raumkonzept schaffen Sie den Rahmen daf\u00fcr, dass die Kinder sich das holen, was sie brauchen. Dabei ist der Grundgedanke: <strong>Die wesentliche Bildungst\u00e4tigkeit von Kindern ist das Spielen.<\/strong><\/p>\n<\/div><\/section><\/div>\n\n<style type=\"text\/css\" data-created_by=\"avia_inline_auto\" id=\"style-css-av-swqf9-52-40af0811e8f7e0d27fd6ed8687e7d217\">\n.flex_column.av-swqf9-52-40af0811e8f7e0d27fd6ed8687e7d217{\nborder-radius:0px 0px 0px 0px;\npadding:20px 20px 20px 20px;\nbackground-color:#f2f2f2;\n}\n<\/style>\n<div  class='flex_column av-swqf9-52-40af0811e8f7e0d27fd6ed8687e7d217 av_three_fifth  avia-builder-el-35  el_after_av_one_full  el_before_av_two_fifth  first flex_column_div  column-top-margin'     ><p>\n<style type=\"text\/css\" data-created_by=\"avia_inline_auto\" id=\"style-css-av-jkuua5r2-51-49337e6a12b2016cac5935f16a93c6c9\">\n#top .av_textblock_section.av-jkuua5r2-51-49337e6a12b2016cac5935f16a93c6c9 .avia_textblock{\nfont-size:20px;\n}\n<\/style>\n<section  class='av_textblock_section av-jkuua5r2-51-49337e6a12b2016cac5935f16a93c6c9 '  ><div class='avia_textblock' ><p><strong>Ziel der Raumgestaltung in der Kita <\/strong><\/p>\n<p>ist es, durch die Schaffung oder Erweiterung von Aktionsbereichen der Umsetzung des p\u00e4dagogischen Konzeptes Raum zu geben.<\/p>\n<p><strong>Schaffung von Klarheit und Struktur<\/strong> <strong>auf der<\/strong><\/p>\n<p>1. inhaltlichen Ebene durch<\/p>\n<ul>\n<li style=\"list-style-type: square;\">klare Zuordnung der Aktionsbereiche<\/li>\n<li style=\"list-style-type: square;\">klare Zuordnung der Materialien<\/li>\n<\/ul>\n<p>2. gestalterischen Ebene durch<\/p>\n<ul>\n<li style=\"list-style-type: square;\">Gliederung von R\u00e4umen<\/li>\n<li style=\"list-style-type: square;\">den \u201eguten Ort\u201c f\u00fcr einzelne Erfahrungsbereiche<\/li>\n<li style=\"list-style-type: square;\">im Raum herausfinden<\/li>\n<li style=\"list-style-type: square;\">eine vorbereitete Umgebung<\/li>\n<li style=\"list-style-type: square;\">gezieltes Einsetzen von Licht, Farbe, Stoffen, Dekoration<\/li>\n<\/ul>\n<p>3. \u00e4sthetischen Ebene durch<\/p>\n<ul>\n<li style=\"list-style-type: square;\">visuelles B\u00fcfett<\/li>\n<li style=\"list-style-type: square;\">\u201elecker\u201c pr\u00e4sentierte Materialien<\/li>\n<\/ul>\n<\/div><\/section><br \/>\n\n<style type=\"text\/css\" data-created_by=\"avia_inline_auto\" id=\"style-css-av-jl7ql86y-53-bac968e385a06996df0ca3c23db9b26c\">\n#top .av_textblock_section.av-jl7ql86y-53-bac968e385a06996df0ca3c23db9b26c .avia_textblock{\nfont-size:10px;\n}\n<\/style>\n<section  class='av_textblock_section av-jl7ql86y-53-bac968e385a06996df0ca3c23db9b26c '  ><div class='avia_textblock' ><p class=\"bildnennung-beitrag\" style=\"text-align: left;\">Orientierungshilfe f\u00fcr Raumkonzepte Kita nach Christel van Dieken<\/p>\n<\/div><\/section><\/p><\/div>\n\n<style type=\"text\/css\" data-created_by=\"avia_inline_auto\" id=\"style-css-av-swqf9-31-7dae8a67e58189d0867223ce68765b62\">\n.flex_column.av-swqf9-31-7dae8a67e58189d0867223ce68765b62{\nborder-radius:0px 0px 0px 0px;\npadding:20px 20px 20px 20px;\n}\n<\/style>\n<div  class='flex_column av-swqf9-31-7dae8a67e58189d0867223ce68765b62 av_two_fifth  avia-builder-el-38  el_after_av_three_fifth  el_before_av_one_full  flex_column_div  column-top-margin'     ><\/div>\n\n<style type=\"text\/css\" data-created_by=\"avia_inline_auto\" id=\"style-css-av-hh5al-34-0280dbefbc2926df8627c982bef81579\">\n.flex_column.av-hh5al-34-0280dbefbc2926df8627c982bef81579{\nborder-radius:0px 0px 0px 0px;\npadding:0px 0px 0px 0px;\n}\n<\/style>\n<div  class='flex_column av-hh5al-34-0280dbefbc2926df8627c982bef81579 av_one_full  avia-builder-el-39  el_after_av_two_fifth  el_before_av_three_fifth  first flex_column_div av-zero-column-padding  '     ><section  class='av_textblock_section av-jkuul0eg-33-33b81db5b94f68dd0521a2078870f818 '  ><div class='avia_textblock' >\n<style type=\"text\/css\" data-created_by=\"avia_inline_auto\" id=\"style-css-av-7c7r8-32-ade00eb6b0a3f3e774e6234b60378fbd\">\n#top .hr.hr-invisible.av-7c7r8-32-ade00eb6b0a3f3e774e6234b60378fbd{\nheight:20px;\n}\n<\/style>\n<div  class='hr av-7c7r8-32-ade00eb6b0a3f3e774e6234b60378fbd hr-invisible  avia-builder-el-41  avia-builder-el-no-sibling '><span class='hr-inner '><span class=\"hr-inner-style\"><\/span><\/span><\/div>\n<h3>Wie plane ich die Gestaltung eines Raumes?<\/h3>\n<p>Die Raumgestaltung h\u00e4ngt immer auch vom Platzangebot ab. Daher sollte die konzeptionelle Einrichtung einzelner Bereiche gemeinsam geplant werden. Stellen Sie sich im Team die Frage: Wo bietet unser Raumkonzept den Kindern Chancen, Selbstwirksamkeit zu erfahren? Dieser wichtige Aspekt ist der Ausgangspunkt f\u00fcr jede Raumgestaltung in Kita und Kindergarten.<\/p>\n<\/div><\/section><\/div>\n\n<style type=\"text\/css\" data-created_by=\"avia_inline_auto\" id=\"style-css-av-swqf9-28-79deecaabbdddd5c1afb1f1dbef1f14b\">\n.flex_column.av-swqf9-28-79deecaabbdddd5c1afb1f1dbef1f14b{\nborder-radius:0px 0px 0px 0px;\npadding:20px 20px 20px 20px;\nbackground-color:#f2f2f2;\n}\n<\/style>\n<div  class='flex_column av-swqf9-28-79deecaabbdddd5c1afb1f1dbef1f14b av_three_fifth  avia-builder-el-42  el_after_av_one_full  el_before_av_two_fifth  first flex_column_div  column-top-margin'     ><p>\n<style type=\"text\/css\" data-created_by=\"avia_inline_auto\" id=\"style-css-av-jkuua5r2-30-732245ab3cc8a68474e915cd47225276\">\n#top .av_textblock_section.av-jkuua5r2-30-732245ab3cc8a68474e915cd47225276 .avia_textblock{\nfont-size:20px;\n}\n<\/style>\n<section  class='av_textblock_section av-jkuua5r2-30-732245ab3cc8a68474e915cd47225276 '  ><div class='avia_textblock' ><p>\n<style type=\"text\/css\" data-created_by=\"avia_inline_auto\" id=\"style-css-av-2u4ap3-64179447c732def34de7c24e1b9ffa9e\">\n.av_font_icon.av-2u4ap3-64179447c732def34de7c24e1b9ffa9e{\ncolor:#87bc21;\nborder-color:#87bc21;\n}\n.avia-svg-icon.av-2u4ap3-64179447c732def34de7c24e1b9ffa9e svg:first-child{\nstroke:#87bc21;\nfill:#87bc21;\n}\n.av_font_icon.av-2u4ap3-64179447c732def34de7c24e1b9ffa9e .av-icon-char{\nfont-size:40px;\nline-height:40px;\n}\n<\/style>\n<span  class='av_font_icon av-2u4ap3-64179447c732def34de7c24e1b9ffa9e avia_animate_when_visible av-icon-style- avia-icon-pos-left avia-iconfont avia-font-entypo-fontello avia-icon-animate'><span class='av-icon-char' data-av_icon='\ue8d1' data-av_iconfont='entypo-fontello' aria-hidden=\"true\" ><\/span><\/span>\u00a0<strong>Leitfragen f\u00fcr die Gestaltung eines Kitaraumes<\/strong><\/p>\n<\/div><\/section><br \/>\n\n<style type=\"text\/css\" data-created_by=\"avia_inline_auto\" id=\"style-css-av-jkuvdh82-5f294865d8dd1615da086c9fbef042e7\">\n#top .hr.hr-invisible.av-jkuvdh82-5f294865d8dd1615da086c9fbef042e7{\nheight:20px;\n}\n<\/style>\n<div  class='hr av-jkuvdh82-5f294865d8dd1615da086c9fbef042e7 hr-invisible  avia-builder-el-45  el_after_av_textblock  el_before_av_textblock '><span class='hr-inner '><span class=\"hr-inner-style\"><\/span><\/span><\/div><br \/>\n\n<style type=\"text\/css\" data-created_by=\"avia_inline_auto\" id=\"style-css-av-jkuua5r2-23-6b0a208911deffa392ddbfc32bd1d23f\">\n#top .av_textblock_section.av-jkuua5r2-23-6b0a208911deffa392ddbfc32bd1d23f .avia_textblock{\nfont-size:20px;\n}\n<\/style>\n<section  class='av_textblock_section av-jkuua5r2-23-6b0a208911deffa392ddbfc32bd1d23f '  ><div class='avia_textblock' ><ul>\n<li style=\"list-style-type: square;\">Welche Tische und St\u00fchle brauchen wir? Und was kann raus?<\/li>\n<li style=\"list-style-type: square;\">Welche Aktionsbereiche m\u00f6chten wir gestalten?<\/li>\n<li style=\"list-style-type: square;\">Wo k\u00f6nnen wir welchen Bereich einrichten? Sind Doppelfunktionen m\u00f6glich?<\/li>\n<li style=\"list-style-type: square;\">Wie k\u00f6nnen wir den Raum gliedern?<\/li>\n<li style=\"list-style-type: square;\">Welche Erfahrungen wollen wir Kindern in den Aktionsbereichen erm\u00f6glichen?<\/li>\n<li style=\"list-style-type: square;\">Welche Ausstattung, welche Spielmaterialien brauchen wir daf\u00fcr?<\/li>\n<\/ul>\n<\/div><\/section><br \/>\n\n<style type=\"text\/css\" data-created_by=\"avia_inline_auto\" id=\"style-css-av-jl7ql86y-29-edfa3f73f03156c6e5b633d0fde135ec\">\n#top .av_textblock_section.av-jl7ql86y-29-edfa3f73f03156c6e5b633d0fde135ec .avia_textblock{\nfont-size:10px;\n}\n<\/style>\n<section  class='av_textblock_section av-jl7ql86y-29-edfa3f73f03156c6e5b633d0fde135ec '  ><div class='avia_textblock' ><p class=\"bildnennung-beitrag\" style=\"text-align: left;\">Planungshilfe f\u00fcr die Raumgestaltung Kita nach Christel van Dieken<\/p>\n<\/div><\/section><\/p><\/div>\n\n<style type=\"text\/css\" data-created_by=\"avia_inline_auto\" id=\"style-css-av-swqf9-24-17b7d15fb75b0060c2ca48a596689e6f\">\n.flex_column.av-swqf9-24-17b7d15fb75b0060c2ca48a596689e6f{\nborder-radius:0px 0px 0px 0px;\npadding:20px 20px 20px 20px;\n}\n<\/style>\n<div  class='flex_column av-swqf9-24-17b7d15fb75b0060c2ca48a596689e6f av_two_fifth  avia-builder-el-48  el_after_av_three_fifth  el_before_av_one_full  flex_column_div  column-top-margin'     ><\/div>\n\n<style type=\"text\/css\" data-created_by=\"avia_inline_auto\" id=\"style-css-av-hh5al-27-92890c9f1131781ce682f676d0bbca76\">\n.flex_column.av-hh5al-27-92890c9f1131781ce682f676d0bbca76{\nborder-radius:0px 0px 0px 0px;\npadding:0px 0px 0px 0px;\n}\n<\/style>\n<div  class='flex_column av-hh5al-27-92890c9f1131781ce682f676d0bbca76 av_one_full  avia-builder-el-49  el_after_av_two_fifth  el_before_av_one_full  first flex_column_div av-zero-column-padding  '     ><section  class='av_textblock_section av-jkuul0eg-26-2af5d61e66a464cd890d0ac45a9c073e '  ><div class='avia_textblock' >\n<style type=\"text\/css\" data-created_by=\"avia_inline_auto\" id=\"style-css-av-7c7r8-25-9e3476f5ee29a11fc8f82e0d3fa6da41\">\n#top .hr.hr-invisible.av-7c7r8-25-9e3476f5ee29a11fc8f82e0d3fa6da41{\nheight:20px;\n}\n<\/style>\n<div  class='hr av-7c7r8-25-9e3476f5ee29a11fc8f82e0d3fa6da41 hr-invisible  avia-builder-el-51  avia-builder-el-no-sibling '><span class='hr-inner '><span class=\"hr-inner-style\"><\/span><\/span><\/div>\n<h3>Welche Vorteile hat die Planung des Raumkonzeptes im Team?<\/h3>\n<p>Eine konsequente Umsetzung der offenen Werkstattarbeit in der Kita erfordert gemeinsame Verantwortung im <strong>Team<\/strong>. Die Zusammenarbeit im Team erm\u00f6glicht auch neue L\u00f6sungen f\u00fcr die Raumgestaltung. Eine M\u00f6glichkeit ist, die Gruppenr\u00e4ume unterschiedlich zu gestalten. Entweder wird ein Aktionsbereich gro\u00dfz\u00fcgig gestaltet und daf\u00fcr f\u00e4llt ein anderer weg oder es werden klar definierte einzelne Aktionsr\u00e4ume ausgearbeitet. Diese L\u00f6sung setzt nat\u00fcrlich voraus, dass alle Kinder zu diesen R\u00e4umen freien Zugang haben.<\/p>\n<p>Eine durchdachte p\u00e4dagogische Raumgestaltung, die vom ganzen Team getragen wird, erleichtert nicht nur Ihren Erziehungsalltag, sondern auch die Au\u00dfenwirkung. Das gemeinsam vertretene Gestaltungskonzept st\u00e4rkt Ihre Position gegen\u00fcber Eltern, die eventuell andere Vorstellungen haben, und insbesondere gegen\u00fcber Planungsverantwortlichen. Wenn p\u00e4dagogische Fachkr\u00e4fte bei der Planung einer Einrichtung f\u00fcr Kinder mitsprechen, wird Kita-Raumgestaltung sinnvoll umgesetzt.<\/p>\n<\/div><\/section><\/div>\n\n<style type=\"text\/css\" data-created_by=\"avia_inline_auto\" id=\"style-css-av-2v5uhn-020e4117f71e46fc62c685221cd472f4\">\n.flex_column.av-2v5uhn-020e4117f71e46fc62c685221cd472f4{\nborder-radius:0px 0px 0px 0px;\npadding:0px 0px 0px 0px;\n}\n<\/style>\n<div  class='flex_column av-2v5uhn-020e4117f71e46fc62c685221cd472f4 av_one_full  avia-builder-el-52  el_after_av_one_full  el_before_av_one_fourth  first flex_column_div av-zero-column-padding  column-top-margin'     ><section  class='av_textblock_section av-jxcz48fa-e7ea4121fd10eaf4138072747e05618a '  ><div class='avia_textblock' >\n<style type=\"text\/css\" data-created_by=\"avia_inline_auto\" id=\"style-css-av-7c7r8-20-6cefff928e3d31e56e1b251e62e29591\">\n#top .hr.hr-invisible.av-7c7r8-20-6cefff928e3d31e56e1b251e62e29591{\nheight:20px;\n}\n<\/style>\n<div  class='hr av-7c7r8-20-6cefff928e3d31e56e1b251e62e29591 hr-invisible  avia-builder-el-54  avia-builder-el-no-sibling '><span class='hr-inner '><span class=\"hr-inner-style\"><\/span><\/span><\/div>\n<h2>Empfehlungen:<\/h2>\n<\/div><\/section><\/div>\n<div class='flex_column_table av-jxcy3x4s-0e424f4b5ba52398abbfdaf530dfadad sc-av_one_fourth av-equal-height-column-flextable'>\n<style type=\"text\/css\" data-created_by=\"avia_inline_auto\" id=\"style-css-av-jxcy3x4s-0e424f4b5ba52398abbfdaf530dfadad\">\n.flex_column.av-jxcy3x4s-0e424f4b5ba52398abbfdaf530dfadad{\nborder-width:1px;\nborder-color:#ebebeb;\nborder-style:solid;\nborder-radius:0px 0px 0px 0px;\npadding:0px 0px 0px 0px;\nbackground-color:#eff6ff;\n}\n<\/style>\n<div  class='flex_column av-jxcy3x4s-0e424f4b5ba52398abbfdaf530dfadad av_one_fourth  avia-builder-el-55  el_after_av_one_full  el_before_av_one_fourth  first no_margin flex_column_table_cell av-equal-height-column av-align-top av-zero-column-padding  column-top-margin'     ><p><section  class='av_textblock_section av-jxcz48fa-19-b0845f4826fc423fe1cfbb918fa0b15f '  ><div class='avia_textblock' ><p><a href=\"https:\/\/www.backwinkel.de\/prod\/kinderwerkbank-aus-massivholz.html\"><img decoding=\"async\" class=\"wp-image-3495 size-full aligncenter\" src=\"https:\/\/blog.backwinkel.de\/wp-content\/uploads\/2018\/12\/werkbank.jpg\" alt=\"\" width=\"300\" height=\"220\" \/><\/a><\/p>\n<p style=\"font-size: 20px; font-family: urw_grotesk_extra_narrowrg;\">Kinderwerkbank, Massivholz<\/p>\n<div  class='avia-button-wrap av-8ssthn-9d2d0c39bfab4b5b96e0a149e774039b-wrap avia-button-center  avia-builder-el-57  avia-builder-el-no-sibling '><a href='https:\/\/www.backwinkel.de\/prod\/kinderwerkbank-aus-massivholz.html'  class='avia-button av-8ssthn-9d2d0c39bfab4b5b96e0a149e774039b av-link-btn avia-icon_select-no avia-size-medium avia-position-center avia-color-theme-color'  target=\"_blank\"  rel=\"noopener noreferrer\"  aria-label=\"zum Produkt\"><span class='avia_iconbox_title' >zum Produkt<\/span><\/a><\/div>\n<\/div><\/section><br \/>\n\n<style type=\"text\/css\" data-created_by=\"avia_inline_auto\" id=\"style-css-av-jkuvdh82-22-0da199b941045ecb9301662e62575e03\">\n#top .hr.hr-invisible.av-jkuvdh82-22-0da199b941045ecb9301662e62575e03{\nheight:20px;\n}\n<\/style>\n<div  class='hr av-jkuvdh82-22-0da199b941045ecb9301662e62575e03 hr-invisible  avia-builder-el-58  el_after_av_textblock  avia-builder-el-last '><span class='hr-inner '><span class=\"hr-inner-style\"><\/span><\/span><\/div><\/p><\/div>\n\n<style type=\"text\/css\" data-created_by=\"avia_inline_auto\" id=\"style-css-av-jxcy3x4s-18-0edb2263cabf4ca1d8a2d6e1dfac8022\">\n.flex_column.av-jxcy3x4s-18-0edb2263cabf4ca1d8a2d6e1dfac8022{\nborder-width:1px;\nborder-color:#ebebeb;\nborder-style:solid;\nborder-radius:0px 0px 0px 0px;\npadding:0px 0px 0px 0px;\nbackground-color:#eff6ff;\n}\n<\/style>\n<div  class='flex_column av-jxcy3x4s-18-0edb2263cabf4ca1d8a2d6e1dfac8022 av_one_fourth  avia-builder-el-59  el_after_av_one_fourth  el_before_av_one_fourth  no_margin flex_column_table_cell av-equal-height-column av-align-top av-zero-column-padding  column-top-margin'     ><p><section  class='av_textblock_section av-jxcz48fa-17-9cdb027f526f0d394effa7f520413244 '  ><div class='avia_textblock' ><p><a href=\"https:\/\/www.backwinkel.de\/prod\/malwaende-aus-wpc.html\"><img decoding=\"async\" class=\"wp-image-3496 size-full aligncenter\" src=\"https:\/\/blog.backwinkel.de\/wp-content\/uploads\/2018\/12\/staffelei.jpg\" alt=\"\" width=\"300\" height=\"220\" \/><\/a><\/p>\n<p style=\"font-size: 20px; font-family: urw_grotesk_extra_narrowrg;\">Malw\u00e4nde, aus WPC<\/p>\n<div  class='avia-button-wrap av-8ssthn-16-eb0ecd9a9078b3e97d1403d9114ece83-wrap avia-button-center  avia-builder-el-61  avia-builder-el-no-sibling '><a href='https:\/\/www.backwinkel.de\/prod\/malwaende-aus-wpc.html'  class='avia-button av-8ssthn-16-eb0ecd9a9078b3e97d1403d9114ece83 av-link-btn avia-icon_select-no avia-size-medium avia-position-center avia-color-theme-color'  target=\"_blank\"  rel=\"noopener noreferrer\"  aria-label=\"zum Produkt\"><span class='avia_iconbox_title' >zum Produkt<\/span><\/a><\/div>\n<\/div><\/section><br \/>\n\n<style type=\"text\/css\" data-created_by=\"avia_inline_auto\" id=\"style-css-av-jkuvdh82-15-53f79dac033204aea0a24472c0fcf0d1\">\n#top .hr.hr-invisible.av-jkuvdh82-15-53f79dac033204aea0a24472c0fcf0d1{\nheight:20px;\n}\n<\/style>\n<div  class='hr av-jkuvdh82-15-53f79dac033204aea0a24472c0fcf0d1 hr-invisible  avia-builder-el-62  el_after_av_textblock  avia-builder-el-last '><span class='hr-inner '><span class=\"hr-inner-style\"><\/span><\/span><\/div><\/p><\/div>\n\n<style type=\"text\/css\" data-created_by=\"avia_inline_auto\" id=\"style-css-av-jxcy3x4s-14-c55cff716eb1efb64980bb092998d3d2\">\n.flex_column.av-jxcy3x4s-14-c55cff716eb1efb64980bb092998d3d2{\nborder-width:1px;\nborder-color:#ebebeb;\nborder-style:solid;\nborder-radius:0px 0px 0px 0px;\npadding:0px 0px 0px 0px;\nbackground-color:#eff6ff;\n}\n<\/style>\n<div  class='flex_column av-jxcy3x4s-14-c55cff716eb1efb64980bb092998d3d2 av_one_fourth  avia-builder-el-63  el_after_av_one_fourth  el_before_av_one_fourth  no_margin flex_column_table_cell av-equal-height-column av-align-top av-zero-column-padding  column-top-margin'     ><p><section  class='av_textblock_section av-jxcz48fa-13-e80adfb14f5b44f744a2c06b6706b8ad '  ><div class='avia_textblock' ><p><a href=\"https:\/\/www.backwinkel.de\/prod\/fun-play-staender-fuer-wanne-tablett.html\"><img decoding=\"async\" class=\"wp-image-3497 size-full aligncenter\" src=\"https:\/\/blog.backwinkel.de\/wp-content\/uploads\/2018\/12\/funtoplay.jpg\" alt=\"\" width=\"300\" height=\"220\" \/><\/a><\/p>\n<p style=\"font-size: 20px; font-family: urw_grotesk_extra_narrowrg;\">Fun\u00b2 Play-St\u00e4nder f\u00fcr Wanne &amp; Tablett<\/p>\n<div  class='avia-button-wrap av-8ssthn-12-9866b6f5f8d8817f01769b48e72c126e-wrap avia-button-center  avia-builder-el-65  avia-builder-el-no-sibling '><a href='https:\/\/www.backwinkel.de\/prod\/fun-play-staender-fuer-wanne-tablett.html'  class='avia-button av-8ssthn-12-9866b6f5f8d8817f01769b48e72c126e av-link-btn avia-icon_select-no avia-size-medium avia-position-center avia-color-theme-color'  target=\"_blank\"  rel=\"noopener noreferrer\"  aria-label=\"zum Produkt\"><span class='avia_iconbox_title' >zum Produkt<\/span><\/a><\/div>\n<\/div><\/section><br \/>\n\n<style type=\"text\/css\" data-created_by=\"avia_inline_auto\" id=\"style-css-av-jkuvdh82-11-bdef7d4d9f2f8c604e6c63fc0947a54b\">\n#top .hr.hr-invisible.av-jkuvdh82-11-bdef7d4d9f2f8c604e6c63fc0947a54b{\nheight:20px;\n}\n<\/style>\n<div  class='hr av-jkuvdh82-11-bdef7d4d9f2f8c604e6c63fc0947a54b hr-invisible  avia-builder-el-66  el_after_av_textblock  avia-builder-el-last '><span class='hr-inner '><span class=\"hr-inner-style\"><\/span><\/span><\/div><\/p><\/div>\n\n<style type=\"text\/css\" data-created_by=\"avia_inline_auto\" id=\"style-css-av-jxcy3x4s-10-fd3cce19997a32cfa8a3c1c528b10abd\">\n.flex_column.av-jxcy3x4s-10-fd3cce19997a32cfa8a3c1c528b10abd{\nborder-width:1px;\nborder-color:#ebebeb;\nborder-style:solid;\nborder-radius:0px 0px 0px 0px;\npadding:0px 0px 0px 0px;\nbackground-color:#eff6ff;\n}\n<\/style>\n<div  class='flex_column av-jxcy3x4s-10-fd3cce19997a32cfa8a3c1c528b10abd av_one_fourth  avia-builder-el-67  el_after_av_one_fourth  el_before_av_one_third  no_margin flex_column_table_cell av-equal-height-column av-align-top av-zero-column-padding  column-top-margin'     ><p><section  class='av_textblock_section av-jxcz48fa-9-c8679a1374746333356425eb035b8f63 '  ><div class='avia_textblock' ><p><a href=\"https:\/\/www.backwinkel.de\/prod\/leuchtkuebel.html\"><img decoding=\"async\" class=\"wp-image-3498 size-full aligncenter\" src=\"https:\/\/blog.backwinkel.de\/wp-content\/uploads\/2018\/12\/leuchtkuebel.jpg\" alt=\"\" width=\"300\" height=\"220\" \/><\/a><\/p>\n<p style=\"font-size: 20px; font-family: urw_grotesk_extra_narrowrg;\">Leuchtk\u00fcbel<\/p>\n<div  class='avia-button-wrap av-8ssthn-8-f5428a9243be3eef2ce0d9241d1a666d-wrap avia-button-center  avia-builder-el-69  avia-builder-el-no-sibling '><a href='https:\/\/www.backwinkel.de\/prod\/leuchtkuebel.html'  class='avia-button av-8ssthn-8-f5428a9243be3eef2ce0d9241d1a666d av-link-btn avia-icon_select-no avia-size-medium avia-position-center avia-color-theme-color'  target=\"_blank\"  rel=\"noopener noreferrer\"  aria-label=\"zum Produkt\"><span class='avia_iconbox_title' >zum Produkt<\/span><\/a><\/div>\n<\/div><\/section><br \/>\n\n<style type=\"text\/css\" data-created_by=\"avia_inline_auto\" id=\"style-css-av-jkuvdh82-7-53844eaee9dd915dfee2dce492bc6ef8\">\n#top .hr.hr-invisible.av-jkuvdh82-7-53844eaee9dd915dfee2dce492bc6ef8{\nheight:20px;\n}\n<\/style>\n<div  class='hr av-jkuvdh82-7-53844eaee9dd915dfee2dce492bc6ef8 hr-invisible  avia-builder-el-70  el_after_av_textblock  avia-builder-el-last '><span class='hr-inner '><span class=\"hr-inner-style\"><\/span><\/span><\/div><\/p><\/div><\/div><!--close column table wrapper. Autoclose: 1 -->\n\n<style type=\"text\/css\" data-created_by=\"avia_inline_auto\" id=\"style-css-av-1u8i1w-260776e2dfc7f8b0b1953d397f0ab037\">\n.flex_column.av-1u8i1w-260776e2dfc7f8b0b1953d397f0ab037{\nborder-radius:0px 0px 0px 0px;\npadding:0px 0px 0px 0px;\n}\n<\/style>\n<div  class='flex_column av-1u8i1w-260776e2dfc7f8b0b1953d397f0ab037 av_one_third  avia-builder-el-71  el_after_av_one_fourth  el_before_av_one_third  first flex_column_div av-zero-column-padding  column-top-margin'     ><style type=\"text\/css\" data-created_by=\"avia_inline_auto\" id=\"style-css-av-jkuua5r2-21-668930ac3eb022580856345f6fb2cb86\">\n#top .av_textblock_section.av-jkuua5r2-21-668930ac3eb022580856345f6fb2cb86 .avia_textblock{\nfont-size:14px;\n}\n<\/style>\n<section  class='av_textblock_section av-jkuua5r2-21-668930ac3eb022580856345f6fb2cb86 '  ><div class='avia_textblock' ><p><strong>Top-Kategorien:<\/strong><br \/>\n<strong><a href=\"https:\/\/www.backwinkel.de\/cat\/kindergartenmoebel\/\" target=\"_blank\" rel=\"noopener\">M\u00f6bel (Kindergarten)<\/a><\/strong><br \/>\n<strong><a href=\"https:\/\/www.backwinkel.de\/cat\/spielzeug-spiele\/\" target=\"_blank\" rel=\"noopener\">Spielzeug (Kindergarten)<\/a><\/strong><br \/>\n<strong><a href=\"https:\/\/www.backwinkel.de\/cat\/feste-feiern-und-anlaesse\/\" target=\"_blank\" rel=\"noopener\">Kleine Geschenke (Kindergarten)<\/a><\/strong><\/p>\n<\/div><\/section><\/div>\n\n<style type=\"text\/css\" data-created_by=\"avia_inline_auto\" id=\"style-css-av-1u8i1w-5-14fd8f9870d54372d05cc9862d315e99\">\n.flex_column.av-1u8i1w-5-14fd8f9870d54372d05cc9862d315e99{\nborder-radius:0px 0px 0px 0px;\npadding:0px 0px 0px 0px;\n}\n<\/style>\n<div  class='flex_column av-1u8i1w-5-14fd8f9870d54372d05cc9862d315e99 av_one_third  avia-builder-el-73  el_after_av_one_third  el_before_av_one_third  flex_column_div av-zero-column-padding  column-top-margin'     ><style type=\"text\/css\" data-created_by=\"avia_inline_auto\" id=\"style-css-av-jkuua5r2-4-98112086b52e90f2dc5a7ed5b468ed3a\">\n#top .av_textblock_section.av-jkuua5r2-4-98112086b52e90f2dc5a7ed5b468ed3a .avia_textblock{\nfont-size:14px;\n}\n<\/style>\n<section  class='av_textblock_section av-jkuua5r2-4-98112086b52e90f2dc5a7ed5b468ed3a '  ><div class='avia_textblock' ><p><strong>Besonders beliebt:<\/strong><br \/>\n<strong><a href=\"https:\/\/www.backwinkel.de\/cat\/kindergarten-garderoben\/\" target=\"_blank\" rel=\"noopener\">Garderobe (Kindergarten)<\/a><\/strong><br \/>\n<strong><a href=\"https:\/\/www.backwinkel.de\/cat\/kindergarten-spiegel\/\" target=\"_blank\" rel=\"noopener\">Tische &amp; St\u00fchle (Kindergarten)<\/a><\/strong><br \/>\n<strong><a href=\"https:\/\/www.backwinkel.de\/cat\/kindergarten-spiegel\/\" target=\"_blank\" rel=\"noopener\">Spiegel (Kindergarten)<\/a><\/strong><\/p>\n<\/div><\/section><\/div>\n\n<style type=\"text\/css\" data-created_by=\"avia_inline_auto\" id=\"style-css-av-1u8i1w-3-cbd91d24084bec37deee0664312a8c8f\">\n.flex_column.av-1u8i1w-3-cbd91d24084bec37deee0664312a8c8f{\nborder-radius:0px 0px 0px 0px;\npadding:0px 0px 0px 0px;\n}\n<\/style>\n<div  class='flex_column av-1u8i1w-3-cbd91d24084bec37deee0664312a8c8f av_one_third  avia-builder-el-75  el_after_av_one_third  el_before_av_hr  flex_column_div av-zero-column-padding  column-top-margin'     ><style type=\"text\/css\" data-created_by=\"avia_inline_auto\" id=\"style-css-av-jkuua5r2-2-1686b55bb5709435484933e2214e9acd\">\n#top .av_textblock_section.av-jkuua5r2-2-1686b55bb5709435484933e2214e9acd .avia_textblock{\nfont-size:14px;\n}\n<\/style>\n<section  class='av_textblock_section av-jkuua5r2-2-1686b55bb5709435484933e2214e9acd '  ><div class='avia_textblock' ><p><strong>H\u00e4ufig nachgefragt:<\/strong><br \/>\n<strong><a href=\"https:\/\/www.backwinkel.de\/cat\/kindergarten-teppich\/\" target=\"_blank\" rel=\"noopener\">Teppich (Kindergarten)<\/a><\/strong><br \/>\n<strong><a href=\"https:\/\/www.backwinkel.de\/cat\/sitzkissen\/\" target=\"_blank\" rel=\"noopener\">Sitzkissen (Kindergarten)<\/a><\/strong><br \/>\n<strong><a href=\"https:\/\/www.backwinkel.de\/cat\/kindergarten-betten-und-liegen\/\" target=\"_blank\" rel=\"noopener\">Betten (Kindergarten)<\/a><\/strong><\/p>\n<\/div><\/section><\/div>\n\n<style type=\"text\/css\" data-created_by=\"avia_inline_auto\" id=\"style-css-av-jkuvdh82-6-46ed5b4bc82928add3c78644504cee74\">\n#top .hr.hr-invisible.av-jkuvdh82-6-46ed5b4bc82928add3c78644504cee74{\nheight:20px;\n}\n<\/style>\n<div  class='hr av-jkuvdh82-6-46ed5b4bc82928add3c78644504cee74 hr-invisible  avia-builder-el-77  el_after_av_one_third  el_before_av_one_full '><span class='hr-inner '><span class=\"hr-inner-style\"><\/span><\/span><\/div>\n\n<style type=\"text\/css\" data-created_by=\"avia_inline_auto\" id=\"style-css-av-jley1l06-be8863a15e87d33f314fbd4b76b14014\">\n.flex_column.av-jley1l06-be8863a15e87d33f314fbd4b76b14014{\nborder-radius:0px 0px 0px 0px;\npadding:10px 10px 10px 10px;\nbackground-color:#f2f2f2;\n}\n<\/style>\n<div  class='flex_column av-jley1l06-be8863a15e87d33f314fbd4b76b14014 av_one_full  avia-builder-el-78  el_after_av_hr  el_before_av_one_full  first flex_column_div  '     ><section  class='av_textblock_section av-jkuvcso3-38-2526de03a11cb783167b19af3b9dcb68 '  ><div class='avia_textblock' ><p class=\"fussnoten-quellen\"><strong>Zum Weiterlesen<\/strong>:<\/p>\n<p class=\"fussnoten-quellen\">Matthias Wilk, Christina Jasmund: Kita-R\u00e4ume p\u00e4dagogisch gestalten. Den Raum als Erzieher nutzen. Weinheim (Beltz) 2015.<\/p>\n<p class=\"fussnoten-quellen\">Christel van Dieken: Lernwerkst\u00e4tten und Forscherr\u00e4ume in Kita und Kindergarten. Freiburg i. Br. (Herder) 2004.<\/p>\n<\/div><\/section><\/div>\n\n<style type=\"text\/css\" data-created_by=\"avia_inline_auto\" id=\"style-css-av-1p82t-b0e9719fe6c67aa5c6d1abf813961e55\">\n.flex_column.av-1p82t-b0e9719fe6c67aa5c6d1abf813961e55{\nborder-radius:0px 0px 0px 0px;\npadding:0px 0px 0px 0px;\n}\n<\/style>\n<div  class='flex_column av-1p82t-b0e9719fe6c67aa5c6d1abf813961e55 av_one_full  avia-builder-el-80  el_after_av_one_full  avia-builder-el-last  first flex_column_div av-zero-column-padding  column-top-margin'     ><p><section  class='av_textblock_section av-jlp4hxqo-91baaad30cd61f89630d15f8561d1750 '  ><div class='avia_textblock' ><div class=\"shariff shariff-align-left shariff-widget-align-left\"><ul class=\"shariff-buttons theme-color orientation-horizontal buttonsize-medium\"><li class=\"shariff-button whatsapp shariff-nocustomcolor\" style=\"background-color:#5cbe4a\"><a href=\"https:\/\/api.whatsapp.com\/send?text=https%3A%2F%2Fwww.backwinkel.de%2Fblog%2Fraumgestaltung-kita-kindergarten%2F%20P%C3%A4dagogik%20Raum%20geben\" title=\"Bei Whatsapp teilen\" aria-label=\"Bei Whatsapp teilen\" role=\"button\" rel=\"noopener nofollow\" class=\"shariff-link\" style=\"; background-color:#34af23; color:#fff\" target=\"_blank\"><span class=\"shariff-icon\" style=\"\"><svg width=\"32px\" height=\"20px\" xmlns=\"http:\/\/www.w3.org\/2000\/svg\" viewBox=\"0 0 32 32\"><path fill=\"#34af23\" d=\"M17.6 17.4q0.2 0 1.7 0.8t1.6 0.9q0 0.1 0 0.3 0 0.6-0.3 1.4-0.3 0.7-1.3 1.2t-1.8 0.5q-1 0-3.4-1.1-1.7-0.8-3-2.1t-2.6-3.3q-1.3-1.9-1.3-3.5v-0.1q0.1-1.6 1.3-2.8 0.4-0.4 0.9-0.4 0.1 0 0.3 0t0.3 0q0.3 0 0.5 0.1t0.3 0.5q0.1 0.4 0.6 1.6t0.4 1.3q0 0.4-0.6 1t-0.6 0.8q0 0.1 0.1 0.3 0.6 1.3 1.8 2.4 1 0.9 2.7 1.8 0.2 0.1 0.4 0.1 0.3 0 1-0.9t0.9-0.9zM14 26.9q2.3 0 4.3-0.9t3.6-2.4 2.4-3.6 0.9-4.3-0.9-4.3-2.4-3.6-3.6-2.4-4.3-0.9-4.3 0.9-3.6 2.4-2.4 3.6-0.9 4.3q0 3.6 2.1 6.6l-1.4 4.2 4.3-1.4q2.8 1.9 6.2 1.9zM14 2.2q2.7 0 5.2 1.1t4.3 2.9 2.9 4.3 1.1 5.2-1.1 5.2-2.9 4.3-4.3 2.9-5.2 1.1q-3.5 0-6.5-1.7l-7.4 2.4 2.4-7.2q-1.9-3.2-1.9-6.9 0-2.7 1.1-5.2t2.9-4.3 4.3-2.9 5.2-1.1z\"\/><\/svg><\/span><span class=\"shariff-text\">teilen<\/span>&nbsp;<\/a><\/li><li class=\"shariff-button facebook shariff-nocustomcolor\" style=\"background-color:#4273c8\"><a href=\"https:\/\/www.facebook.com\/sharer\/sharer.php?u=https%3A%2F%2Fwww.backwinkel.de%2Fblog%2Fraumgestaltung-kita-kindergarten%2F\" title=\"Bei Facebook teilen\" aria-label=\"Bei Facebook teilen\" role=\"button\" rel=\"nofollow\" class=\"shariff-link\" style=\"; background-color:#3b5998; color:#fff\" target=\"_blank\"><span class=\"shariff-icon\" style=\"\"><svg width=\"32px\" height=\"20px\" xmlns=\"http:\/\/www.w3.org\/2000\/svg\" viewBox=\"0 0 18 32\"><path fill=\"#3b5998\" d=\"M17.1 0.2v4.7h-2.8q-1.5 0-2.1 0.6t-0.5 1.9v3.4h5.2l-0.7 5.3h-4.5v13.6h-5.5v-13.6h-4.5v-5.3h4.5v-3.9q0-3.3 1.9-5.2t5-1.8q2.6 0 4.1 0.2z\"\/><\/svg><\/span><span class=\"shariff-text\">teilen<\/span>&nbsp;<\/a><\/li><li class=\"shariff-button twitter shariff-nocustomcolor\" style=\"background-color:#595959\"><a href=\"https:\/\/twitter.com\/share?url=https%3A%2F%2Fwww.backwinkel.de%2Fblog%2Fraumgestaltung-kita-kindergarten%2F&text=P%C3%A4dagogik%20Raum%20geben\" title=\"Bei X teilen\" aria-label=\"Bei X teilen\" role=\"button\" rel=\"noopener nofollow\" class=\"shariff-link\" style=\"; background-color:#000; color:#fff\" target=\"_blank\"><span class=\"shariff-icon\" style=\"\"><svg width=\"32px\" height=\"20px\" xmlns=\"http:\/\/www.w3.org\/2000\/svg\" viewBox=\"0 0 24 24\"><path fill=\"#000\" d=\"M14.258 10.152L23.176 0h-2.113l-7.747 8.813L7.133 0H0l9.352 13.328L0 23.973h2.113l8.176-9.309 6.531 9.309h7.133zm-2.895 3.293l-.949-1.328L2.875 1.56h3.246l6.086 8.523.945 1.328 7.91 11.078h-3.246zm0 0\"\/><\/svg><\/span><span class=\"shariff-text\">teilen<\/span>&nbsp;<\/a><\/li><li class=\"shariff-button pinterest shariff-nocustomcolor\" style=\"background-color:#e70f18\"><a href=\"https:\/\/www.pinterest.com\/pin\/create\/link\/?url=https%3A%2F%2Fwww.backwinkel.de%2Fblog%2Fraumgestaltung-kita-kindergarten%2F&media=https%3A%2F%2Fwww.backwinkel.de%2Fblog%2Fwp-content%2Fuploads%2F2018%2F09%2Fbackwinkel-blog-raumkonzepte.jpg&description=P%C3%A4dagogik%20Raum%20geben\" title=\"Bei Pinterest pinnen\" aria-label=\"Bei Pinterest pinnen\" role=\"button\" rel=\"noopener nofollow\" class=\"shariff-link\" style=\"; background-color:#cb2027; color:#fff\" target=\"_blank\"><span class=\"shariff-icon\" style=\"\"><svg width=\"32px\" height=\"20px\" xmlns=\"http:\/\/www.w3.org\/2000\/svg\" viewBox=\"0 0 27 32\"><path fill=\"#cb2027\" d=\"M27.4 16q0 3.7-1.8 6.9t-5 5-6.9 1.9q-2 0-3.9-0.6 1.1-1.7 1.4-2.9 0.2-0.6 1-3.8 0.4 0.7 1.3 1.2t2 0.5q2.1 0 3.8-1.2t2.7-3.4 0.9-4.8q0-2-1.1-3.8t-3.1-2.9-4.5-1.2q-1.9 0-3.5 0.5t-2.8 1.4-2 2-1.2 2.3-0.4 2.4q0 1.9 0.7 3.3t2.1 2q0.5 0.2 0.7-0.4 0-0.1 0.1-0.5t0.2-0.5q0.1-0.4-0.2-0.8-0.9-1.1-0.9-2.7 0-2.7 1.9-4.6t4.9-2q2.7 0 4.2 1.5t1.5 3.8q0 3-1.2 5.2t-3.1 2.1q-1.1 0-1.7-0.8t-0.4-1.9q0.1-0.6 0.5-1.7t0.5-1.8 0.2-1.4q0-0.9-0.5-1.5t-1.4-0.6q-1.1 0-1.9 1t-0.8 2.6q0 1.3 0.4 2.2l-1.8 7.5q-0.3 1.2-0.2 3.2-3.7-1.6-6-5t-2.3-7.6q0-3.7 1.9-6.9t5-5 6.9-1.9 6.9 1.9 5 5 1.8 6.9z\"\/><\/svg><\/span><span class=\"shariff-text\">merken<\/span>&nbsp;<\/a><\/li><li class=\"shariff-button mailto shariff-nocustomcolor\" style=\"background-color:#a8a8a8\"><a href=\"mailto:?body=https%3A%2F%2Fwww.backwinkel.de%2Fblog%2Fraumgestaltung-kita-kindergarten%2F&subject=P%C3%A4dagogik%20Raum%20geben\" title=\"Per E-Mail versenden\" aria-label=\"Per E-Mail versenden\" role=\"button\" rel=\"noopener nofollow\" class=\"shariff-link\" style=\"; background-color:#999; color:#fff\"><span class=\"shariff-icon\" style=\"\"><svg width=\"32px\" height=\"20px\" xmlns=\"http:\/\/www.w3.org\/2000\/svg\" viewBox=\"0 0 32 32\"><path fill=\"#999\" d=\"M32 12.7v14.2q0 1.2-0.8 2t-2 0.9h-26.3q-1.2 0-2-0.9t-0.8-2v-14.2q0.8 0.9 1.8 1.6 6.5 4.4 8.9 6.1 1 0.8 1.6 1.2t1.7 0.9 2 0.4h0.1q0.9 0 2-0.4t1.7-0.9 1.6-1.2q3-2.2 8.9-6.1 1-0.7 1.8-1.6zM32 7.4q0 1.4-0.9 2.7t-2.2 2.2q-6.7 4.7-8.4 5.8-0.2 0.1-0.7 0.5t-1 0.7-0.9 0.6-1.1 0.5-0.9 0.2h-0.1q-0.4 0-0.9-0.2t-1.1-0.5-0.9-0.6-1-0.7-0.7-0.5q-1.6-1.1-4.7-3.2t-3.6-2.6q-1.1-0.7-2.1-2t-1-2.5q0-1.4 0.7-2.3t2.1-0.9h26.3q1.2 0 2 0.8t0.9 2z\"\/><\/svg><\/span><span class=\"shariff-text\">E-Mail<\/span>&nbsp;<\/a><\/li><\/ul><\/div>\n<\/div><\/section><br \/>\n<div  class='tabcontainer av-jlq8shhr-b676e11701d9718d755b04dc68ac4c10 top_tab  avia-builder-el-82  el_after_av_textblock  el_before_av_hr '>\n<section class='av_tab_section av_tab_section av-4w8jsn-17d4c89754803ac141d68451b8b1d1a6' ><div id='tab-id-1-tab' class='tab active_tab' role='tab' aria-selected=\"true\" tabindex=\"0\" data-fake-id='#tab-id-1' aria-controls='tab-id-1-content' >Das BACKWINKEL-Blog-Team:<\/div><div id='tab-id-1-content' class='tab_content active_tab_content' role='tabpanel' aria-labelledby='tab-id-1-tab' aria-hidden=\"false\"><div class='tab_inner_content invers-color' ><p><img decoding=\"async\" class=\"wp-image-1768 alignleft\" title=\"BACKWINKEL-Blog \u2013 Das Team\" src=\"https:\/\/blog.backwinkel.de\/wp-content\/uploads\/2018\/10\/backwinkel-blog-autorenbox-intern_preview-300x198.jpg\" alt=\"\" width=\"300\" height=\"198\" \/>Gibts auch ein Gesicht hinter dem BACKWINKEL-Blog? Ja. Vier ?. Drei davon sogar mit Foto.<\/p>\n<p><span style=\"font-style: inherit !important; font-weight: inherit !important;\">Wir \u2013 Lukas, Tatjana, Stefan und Christine \u2013 bespielen unseren Blog unter dem Motto LACHEN LESEN LERNEN. <\/span><\/p>\n<p><span style=\"font-style: inherit !important; font-weight: inherit !important;\">Lukas kennt sich online so gut aus wie in seiner Westentasche und findet immer spannende Themen, w\u00e4hrend Stefan unseren Beitr\u00e4gen den passenden gestalterischen Rahmen gibt und Tatjana mit dem gr\u00fcnen Korrekturstift alles pr\u00fcfend be\u00e4ugt, was unsere Autorin Christine (und gern auch Gastautoren) f\u00fcr den BACKWINKEL-Blog nach ordentlicher Recherche schreibt.<\/span><\/p>\n<p>Gemeinsam suchen wir st\u00e4ndig nach neuen, aufregenden Themen rund um das Thema Bildung im Kiga, der Schule und zu Hause. Und weil Sie da an der Quelle sitzen, freuen wir uns auf Ihre konstruktiven R\u00fcckmeldungen und Anregungen an <a href=\"mailto:blog@backwinkel.de\">blog@backwinkel.de<\/a><\/p>\n<p>Viel Spa\u00df beim LACHEN LESEN LERNEN!<\/p>\n<\/div><\/div><\/section>\n<\/div><br \/>\n\n<style type=\"text\/css\" data-created_by=\"avia_inline_auto\" id=\"style-css-av-jkuvdh82-1-38174a178115d53a20dded2140bc52ff\">\n#top .hr.av-jkuvdh82-1-38174a178115d53a20dded2140bc52ff{\nmargin-top:10px;\nmargin-bottom:10px;\n}\n.hr.av-jkuvdh82-1-38174a178115d53a20dded2140bc52ff .hr-inner{\nwidth:500;\n}\n<\/style>\n<div  class='hr av-jkuvdh82-1-38174a178115d53a20dded2140bc52ff hr-custom  avia-builder-el-83  el_after_av_tab_container  el_before_av_heading  hr-left hr-icon-no'><span class='hr-inner inner-border-av-border-thin'><span class=\"hr-inner-style\"><\/span><\/span><\/div><br \/>\n\n<style type=\"text\/css\" data-created_by=\"avia_inline_auto\" id=\"style-css-av-2cu307-b6939d6bda607ff14e88df63fb200b30\">\n#top .av-special-heading.av-2cu307-b6939d6bda607ff14e88df63fb200b30{\npadding-bottom:10px;\n}\nbody .av-special-heading.av-2cu307-b6939d6bda607ff14e88df63fb200b30 .av-special-heading-tag .heading-char{\nfont-size:25px;\n}\n.av-special-heading.av-2cu307-b6939d6bda607ff14e88df63fb200b30 .av-subheading{\nfont-size:15px;\n}\n<\/style>\n<div  class='av-special-heading av-2cu307-b6939d6bda607ff14e88df63fb200b30 av-special-heading-h3 blockquote modern-quote  avia-builder-el-84  el_after_av_hr  el_before_av_blog '><h3 class='av-special-heading-tag '  >PASSENDE BEITR\u00c4GE<\/h3><div class=\"special-heading-border\"><div class=\"special-heading-inner-border\"><\/div><\/div><\/div><br \/>\n<div  data-slideshow-options=\"{&quot;animation&quot;:&quot;fade&quot;,&quot;autoplay&quot;:false,&quot;loop_autoplay&quot;:&quot;once&quot;,&quot;interval&quot;:5,&quot;loop_manual&quot;:&quot;manual-endless&quot;,&quot;autoplay_stopper&quot;:false,&quot;noNavigation&quot;:false,&quot;show_slide_delay&quot;:90}\" class='avia-content-slider avia-content-grid-active avia-content-slider1 avia-content-slider-odd  avia-builder-el-85  el_after_av_heading  avia-builder-el-last  av-slideshow-ui av-control-default   av-no-slider-navigation av-slideshow-manual av-loop-once av-loop-manual-endless ' ><div class=\"avia-content-slider-inner\"><div class=\"slide-entry-wrap\"><article class='slide-entry flex_column  post-entry post-entry-18633 slide-entry-overview slide-loop-1 slide-parity-odd  av_one_third first real-thumbnail posttype-post post-format-standard' ><a href='https:\/\/www.backwinkel.de\/blog\/plastik-recyceln\/' data-rel='slide-1' class='slide-image' title='Plastik recyceln'><img decoding=\"async\" fetchpriority=\"high\" width=\"1200\" height=\"628\" src=\"https:\/\/www.backwinkel.de\/blog\/wp-content\/uploads\/2026\/04\/04_Kiga_Plastik_nachhaltig_nutzen.jpg\" class=\"wp-image-18713 avia-img-lazy-loading-not-18713 attachment-no scaling size-no scaling wp-post-image\" alt=\"\" \/><\/a><div class=\"slide-content\"><header class=\"entry-content-header\" aria-label=\"Slide: Plastik recyceln\"><h3 class='slide-entry-title entry-title ' ><a href='https:\/\/www.backwinkel.de\/blog\/plastik-recyceln\/' title='Plastik recyceln'>Plastik recyceln<\/a><\/h3><span class=\"blog-categories minor-meta\"><a href=\"https:\/\/www.backwinkel.de\/blog\/category\/kindergarten-kita\/\" rel=\"tag\">Kindergarten<\/a> <\/span><span class=\"av-vertical-delimiter\"><\/span><\/header><div class='slide-entry-excerpt entry-content' >Biokunststoff f\u00fcr St\u00fchle, Materialboxen, Spielzeug und Rucks\u00e4cke<\/div><\/div><footer class=\"entry-footer\"><div class=\"slide-meta\"><time class='slide-meta-time updated' >14. April 2026<\/time><\/div><\/footer><\/article><article class='slide-entry flex_column  post-entry post-entry-18716 slide-entry-overview slide-loop-2 slide-parity-even  av_one_third  real-thumbnail posttype-post post-format-standard' ><a href='https:\/\/www.backwinkel.de\/blog\/rechnen-im-anfangsunterricht\/' data-rel='slide-1' class='slide-image' title='Rechnen im Anfangsunterricht'><img decoding=\"async\" fetchpriority=\"high\" width=\"1200\" height=\"628\" src=\"https:\/\/www.backwinkel.de\/blog\/wp-content\/uploads\/2026\/04\/04_Schule_Rechnen_anfangsunterricht.jpg\" class=\"wp-image-18748 avia-img-lazy-loading-not-18748 attachment-no scaling size-no scaling wp-post-image\" alt=\"\" \/><\/a><div class=\"slide-content\"><header class=\"entry-content-header\" aria-label=\"Slide: Rechnen im Anfangsunterricht\"><h3 class='slide-entry-title entry-title ' ><a href='https:\/\/www.backwinkel.de\/blog\/rechnen-im-anfangsunterricht\/' title='Rechnen im Anfangsunterricht'>Rechnen im Anfangsunterricht<\/a><\/h3><span class=\"blog-categories minor-meta\"><a href=\"https:\/\/www.backwinkel.de\/blog\/category\/schule-grundschule\/\" rel=\"tag\">Schule<\/a> <\/span><span class=\"av-vertical-delimiter\"><\/span><\/header><div class='slide-entry-excerpt entry-content' >Das Klassenzimmer als Lernlandschaft<\/div><\/div><footer class=\"entry-footer\"><div class=\"slide-meta\"><time class='slide-meta-time updated' >14. April 2026<\/time><\/div><\/footer><\/article><article class='slide-entry flex_column  post-entry post-entry-18372 slide-entry-overview slide-loop-3 slide-parity-odd  post-entry-last  av_one_third  real-thumbnail posttype-post post-format-standard' ><a href='https:\/\/www.backwinkel.de\/blog\/kranke-kinder-im-kindergarten\/' data-rel='slide-1' class='slide-image' title='Kranke Kinder im Kindergarten'><img decoding=\"async\" fetchpriority=\"high\" width=\"1200\" height=\"628\" src=\"https:\/\/www.backwinkel.de\/blog\/wp-content\/uploads\/2026\/03\/03_Kiga_Kranke_Kinder.jpg\" class=\"wp-image-18451 avia-img-lazy-loading-not-18451 attachment-no scaling size-no scaling wp-post-image\" alt=\"Thema: Kranke Kinder. Auf dem Bild ist ein krankes kleines M\u00e4dchen zu sehen. Eine Frau mit einem Fieberthermometer in der Hand sitzt neben ihr und hat die Hand auf der Stirn des M\u00e4dchens.\" \/><\/a><div class=\"slide-content\"><header class=\"entry-content-header\" aria-label=\"Slide: Kranke Kinder im Kindergarten\"><h3 class='slide-entry-title entry-title ' ><a href='https:\/\/www.backwinkel.de\/blog\/kranke-kinder-im-kindergarten\/' title='Kranke Kinder im Kindergarten'>Kranke Kinder im Kindergarten<\/a><\/h3><span class=\"blog-categories minor-meta\"><a href=\"https:\/\/www.backwinkel.de\/blog\/category\/kindergarten-kita\/\" rel=\"tag\">Kindergarten<\/a> <\/span><span class=\"av-vertical-delimiter\"><\/span><\/header><div class='slide-entry-excerpt entry-content' >Auswirkungen f\u00fcr Kinder, Eltern und Fachkr\u00e4fte<\/div><\/div><footer class=\"entry-footer\"><div class=\"slide-meta\"><time class='slide-meta-time updated' >9. M\u00e4rz 2026<\/time><\/div><\/footer><\/article><\/div><\/div><\/div><\/p><\/div>\n","protected":false},"excerpt":{"rendered":"<p>So setzen Sie Ihre Konzeption im Kindergarten gestalterisch um <\/p>\n","protected":false},"author":3,"featured_media":1381,"comment_status":"closed","ping_status":"closed","sticky":false,"template":"","format":"standard","meta":{"inline_featured_image":false,"footnotes":""},"categories":[5],"tags":[],"class_list":["post-1319","post","type-post","status-publish","format-standard","has-post-thumbnail","hentry","category-kindergarten-kita"],"yoast_head":"<!-- This site is optimized with the Yoast SEO plugin v27.4 - https:\/\/yoast.com\/product\/yoast-seo-wordpress\/ -->\n<title>P\u00e4dagogische Raumgestaltung: Ideen &amp; Tipps f\u00fcr Kita und Kindergarten | BACKWINKEL Blog<\/title>\n<meta name=\"description\" content=\"Sie suchen Tipps und Ideen zur Raumgestaltung in Ihrer Kita? Klasse! Lernen Sie 3 Wege zu einem neuen Raumkonzept kennen, das Ihren Erziehungsalltag entspannt.\" \/>\n<meta name=\"robots\" content=\"index, follow, max-snippet:-1, max-image-preview:large, max-video-preview:-1\" \/>\n<link rel=\"canonical\" href=\"https:\/\/www.backwinkel.de\/blog\/raumgestaltung-kita-kindergarten\/\" \/>\n<meta property=\"og:locale\" content=\"de_DE\" \/>\n<meta property=\"og:type\" content=\"article\" \/>\n<meta property=\"og:title\" content=\"P\u00e4dagogische Raumgestaltung in Kinderg\u00e4rten und Kitas | BACKWINKEL Blog\" \/>\n<meta property=\"og:description\" content=\"Lerne 3 Wege zu einem neuen Raumkonzept kennen, das deinen Erziehungsalltag entspannt.\" \/>\n<meta property=\"og:url\" content=\"https:\/\/www.backwinkel.de\/blog\/raumgestaltung-kita-kindergarten\/\" \/>\n<meta property=\"og:site_name\" content=\"BACKWINKEL Blog\" \/>\n<meta property=\"article:published_time\" content=\"2018-12-03T12:05:02+00:00\" \/>\n<meta property=\"article:modified_time\" content=\"2026-04-22T06:34:58+00:00\" \/>\n<meta property=\"og:image\" content=\"https:\/\/www.backwinkel.de\/blog\/wp-content\/uploads\/2018\/09\/backwinkel-blog-raumkonzepte.jpg\" \/>\n\t<meta property=\"og:image:width\" content=\"1200\" \/>\n\t<meta property=\"og:image:height\" content=\"628\" \/>\n\t<meta property=\"og:image:type\" content=\"image\/jpeg\" \/>\n<meta name=\"author\" content=\"BACKWINKEL\" \/>\n<meta name=\"twitter:card\" content=\"summary_large_image\" \/>\n<meta name=\"twitter:label1\" content=\"Verfasst von\" \/>\n\t<meta name=\"twitter:data1\" content=\"BACKWINKEL\" \/>\n\t<meta name=\"twitter:label2\" content=\"Gesch\u00e4tzte Lesezeit\" \/>\n\t<meta name=\"twitter:data2\" content=\"14\u00a0Minuten\" \/>\n<script type=\"application\/ld+json\" class=\"yoast-schema-graph\">{\"@context\":\"https:\\\/\\\/schema.org\",\"@graph\":[{\"@type\":\"Article\",\"@id\":\"https:\\\/\\\/www.backwinkel.de\\\/blog\\\/raumgestaltung-kita-kindergarten\\\/#article\",\"isPartOf\":{\"@id\":\"https:\\\/\\\/www.backwinkel.de\\\/blog\\\/raumgestaltung-kita-kindergarten\\\/\"},\"author\":{\"name\":\"BACKWINKEL\",\"@id\":\"https:\\\/\\\/www.backwinkel.de\\\/blog\\\/#\\\/schema\\\/person\\\/3d64575316540d25f7866264a4b7cd24\"},\"headline\":\"P\u00e4dagogik Raum geben\",\"datePublished\":\"2018-12-03T12:05:02+00:00\",\"dateModified\":\"2026-04-22T06:34:58+00:00\",\"mainEntityOfPage\":{\"@id\":\"https:\\\/\\\/www.backwinkel.de\\\/blog\\\/raumgestaltung-kita-kindergarten\\\/\"},\"wordCount\":7212,\"image\":{\"@id\":\"https:\\\/\\\/www.backwinkel.de\\\/blog\\\/raumgestaltung-kita-kindergarten\\\/#primaryimage\"},\"thumbnailUrl\":\"https:\\\/\\\/www.backwinkel.de\\\/blog\\\/wp-content\\\/uploads\\\/2018\\\/09\\\/backwinkel-blog-raumkonzepte.jpg\",\"articleSection\":[\"Kindergarten\"],\"inLanguage\":\"de\"},{\"@type\":\"WebPage\",\"@id\":\"https:\\\/\\\/www.backwinkel.de\\\/blog\\\/raumgestaltung-kita-kindergarten\\\/\",\"url\":\"https:\\\/\\\/www.backwinkel.de\\\/blog\\\/raumgestaltung-kita-kindergarten\\\/\",\"name\":\"P\u00e4dagogische Raumgestaltung: Ideen & Tipps f\u00fcr Kita und Kindergarten | BACKWINKEL Blog\",\"isPartOf\":{\"@id\":\"https:\\\/\\\/www.backwinkel.de\\\/blog\\\/#website\"},\"primaryImageOfPage\":{\"@id\":\"https:\\\/\\\/www.backwinkel.de\\\/blog\\\/raumgestaltung-kita-kindergarten\\\/#primaryimage\"},\"image\":{\"@id\":\"https:\\\/\\\/www.backwinkel.de\\\/blog\\\/raumgestaltung-kita-kindergarten\\\/#primaryimage\"},\"thumbnailUrl\":\"https:\\\/\\\/www.backwinkel.de\\\/blog\\\/wp-content\\\/uploads\\\/2018\\\/09\\\/backwinkel-blog-raumkonzepte.jpg\",\"datePublished\":\"2018-12-03T12:05:02+00:00\",\"dateModified\":\"2026-04-22T06:34:58+00:00\",\"author\":{\"@id\":\"https:\\\/\\\/www.backwinkel.de\\\/blog\\\/#\\\/schema\\\/person\\\/3d64575316540d25f7866264a4b7cd24\"},\"description\":\"Sie suchen Tipps und Ideen zur Raumgestaltung in Ihrer Kita? Klasse! Lernen Sie 3 Wege zu einem neuen Raumkonzept kennen, das Ihren Erziehungsalltag entspannt.\",\"breadcrumb\":{\"@id\":\"https:\\\/\\\/www.backwinkel.de\\\/blog\\\/raumgestaltung-kita-kindergarten\\\/#breadcrumb\"},\"inLanguage\":\"de\",\"potentialAction\":[{\"@type\":\"ReadAction\",\"target\":[\"https:\\\/\\\/www.backwinkel.de\\\/blog\\\/raumgestaltung-kita-kindergarten\\\/\"]}]},{\"@type\":\"ImageObject\",\"inLanguage\":\"de\",\"@id\":\"https:\\\/\\\/www.backwinkel.de\\\/blog\\\/raumgestaltung-kita-kindergarten\\\/#primaryimage\",\"url\":\"https:\\\/\\\/www.backwinkel.de\\\/blog\\\/wp-content\\\/uploads\\\/2018\\\/09\\\/backwinkel-blog-raumkonzepte.jpg\",\"contentUrl\":\"https:\\\/\\\/www.backwinkel.de\\\/blog\\\/wp-content\\\/uploads\\\/2018\\\/09\\\/backwinkel-blog-raumkonzepte.jpg\",\"width\":1200,\"height\":628,\"caption\":\"BACKWINKEL-Blog: Raumgestaltung in Kita und Kindergarten\"},{\"@type\":\"BreadcrumbList\",\"@id\":\"https:\\\/\\\/www.backwinkel.de\\\/blog\\\/raumgestaltung-kita-kindergarten\\\/#breadcrumb\",\"itemListElement\":[{\"@type\":\"ListItem\",\"position\":1,\"name\":\"Startseite\",\"item\":\"https:\\\/\\\/blog.backwinkel.de\\\/aktuelles\\\/\"},{\"@type\":\"ListItem\",\"position\":2,\"name\":\"P\u00e4dagogik Raum geben\"}]},{\"@type\":\"WebSite\",\"@id\":\"https:\\\/\\\/www.backwinkel.de\\\/blog\\\/#website\",\"url\":\"https:\\\/\\\/www.backwinkel.de\\\/blog\\\/\",\"name\":\"BACKWINKEL Blog\",\"description\":\"f\u00fcr Lehrer, Erzieher und Eltern\",\"potentialAction\":[{\"@type\":\"SearchAction\",\"target\":{\"@type\":\"EntryPoint\",\"urlTemplate\":\"https:\\\/\\\/www.backwinkel.de\\\/blog\\\/?s={search_term_string}\"},\"query-input\":{\"@type\":\"PropertyValueSpecification\",\"valueRequired\":true,\"valueName\":\"search_term_string\"}}],\"inLanguage\":\"de\"},{\"@type\":\"Person\",\"@id\":\"https:\\\/\\\/www.backwinkel.de\\\/blog\\\/#\\\/schema\\\/person\\\/3d64575316540d25f7866264a4b7cd24\",\"name\":\"BACKWINKEL\",\"sameAs\":[\"http:\\\/\\\/www.backwinkel.de\"],\"url\":\"https:\\\/\\\/www.backwinkel.de\\\/blog\\\/author\\\/backwinkel\\\/\"}]}<\/script>\n<!-- \/ Yoast SEO plugin. -->","yoast_head_json":{"title":"P\u00e4dagogische Raumgestaltung: Ideen & Tipps f\u00fcr Kita und Kindergarten | BACKWINKEL Blog","description":"Sie suchen Tipps und Ideen zur Raumgestaltung in Ihrer Kita? Klasse! Lernen Sie 3 Wege zu einem neuen Raumkonzept kennen, das Ihren Erziehungsalltag entspannt.","robots":{"index":"index","follow":"follow","max-snippet":"max-snippet:-1","max-image-preview":"max-image-preview:large","max-video-preview":"max-video-preview:-1"},"canonical":"https:\/\/www.backwinkel.de\/blog\/raumgestaltung-kita-kindergarten\/","og_locale":"de_DE","og_type":"article","og_title":"P\u00e4dagogische Raumgestaltung in Kinderg\u00e4rten und Kitas | BACKWINKEL Blog","og_description":"Lerne 3 Wege zu einem neuen Raumkonzept kennen, das deinen Erziehungsalltag entspannt.","og_url":"https:\/\/www.backwinkel.de\/blog\/raumgestaltung-kita-kindergarten\/","og_site_name":"BACKWINKEL Blog","article_published_time":"2018-12-03T12:05:02+00:00","article_modified_time":"2026-04-22T06:34:58+00:00","og_image":[{"width":1200,"height":628,"url":"https:\/\/www.backwinkel.de\/blog\/wp-content\/uploads\/2018\/09\/backwinkel-blog-raumkonzepte.jpg","type":"image\/jpeg"}],"author":"BACKWINKEL","twitter_card":"summary_large_image","twitter_misc":{"Verfasst von":"BACKWINKEL","Gesch\u00e4tzte Lesezeit":"14\u00a0Minuten"},"schema":{"@context":"https:\/\/schema.org","@graph":[{"@type":"Article","@id":"https:\/\/www.backwinkel.de\/blog\/raumgestaltung-kita-kindergarten\/#article","isPartOf":{"@id":"https:\/\/www.backwinkel.de\/blog\/raumgestaltung-kita-kindergarten\/"},"author":{"name":"BACKWINKEL","@id":"https:\/\/www.backwinkel.de\/blog\/#\/schema\/person\/3d64575316540d25f7866264a4b7cd24"},"headline":"P\u00e4dagogik Raum geben","datePublished":"2018-12-03T12:05:02+00:00","dateModified":"2026-04-22T06:34:58+00:00","mainEntityOfPage":{"@id":"https:\/\/www.backwinkel.de\/blog\/raumgestaltung-kita-kindergarten\/"},"wordCount":7212,"image":{"@id":"https:\/\/www.backwinkel.de\/blog\/raumgestaltung-kita-kindergarten\/#primaryimage"},"thumbnailUrl":"https:\/\/www.backwinkel.de\/blog\/wp-content\/uploads\/2018\/09\/backwinkel-blog-raumkonzepte.jpg","articleSection":["Kindergarten"],"inLanguage":"de"},{"@type":"WebPage","@id":"https:\/\/www.backwinkel.de\/blog\/raumgestaltung-kita-kindergarten\/","url":"https:\/\/www.backwinkel.de\/blog\/raumgestaltung-kita-kindergarten\/","name":"P\u00e4dagogische Raumgestaltung: Ideen & Tipps f\u00fcr Kita und Kindergarten | BACKWINKEL Blog","isPartOf":{"@id":"https:\/\/www.backwinkel.de\/blog\/#website"},"primaryImageOfPage":{"@id":"https:\/\/www.backwinkel.de\/blog\/raumgestaltung-kita-kindergarten\/#primaryimage"},"image":{"@id":"https:\/\/www.backwinkel.de\/blog\/raumgestaltung-kita-kindergarten\/#primaryimage"},"thumbnailUrl":"https:\/\/www.backwinkel.de\/blog\/wp-content\/uploads\/2018\/09\/backwinkel-blog-raumkonzepte.jpg","datePublished":"2018-12-03T12:05:02+00:00","dateModified":"2026-04-22T06:34:58+00:00","author":{"@id":"https:\/\/www.backwinkel.de\/blog\/#\/schema\/person\/3d64575316540d25f7866264a4b7cd24"},"description":"Sie suchen Tipps und Ideen zur Raumgestaltung in Ihrer Kita? Klasse! Lernen Sie 3 Wege zu einem neuen Raumkonzept kennen, das Ihren Erziehungsalltag entspannt.","breadcrumb":{"@id":"https:\/\/www.backwinkel.de\/blog\/raumgestaltung-kita-kindergarten\/#breadcrumb"},"inLanguage":"de","potentialAction":[{"@type":"ReadAction","target":["https:\/\/www.backwinkel.de\/blog\/raumgestaltung-kita-kindergarten\/"]}]},{"@type":"ImageObject","inLanguage":"de","@id":"https:\/\/www.backwinkel.de\/blog\/raumgestaltung-kita-kindergarten\/#primaryimage","url":"https:\/\/www.backwinkel.de\/blog\/wp-content\/uploads\/2018\/09\/backwinkel-blog-raumkonzepte.jpg","contentUrl":"https:\/\/www.backwinkel.de\/blog\/wp-content\/uploads\/2018\/09\/backwinkel-blog-raumkonzepte.jpg","width":1200,"height":628,"caption":"BACKWINKEL-Blog: Raumgestaltung in Kita und Kindergarten"},{"@type":"BreadcrumbList","@id":"https:\/\/www.backwinkel.de\/blog\/raumgestaltung-kita-kindergarten\/#breadcrumb","itemListElement":[{"@type":"ListItem","position":1,"name":"Startseite","item":"https:\/\/blog.backwinkel.de\/aktuelles\/"},{"@type":"ListItem","position":2,"name":"P\u00e4dagogik Raum geben"}]},{"@type":"WebSite","@id":"https:\/\/www.backwinkel.de\/blog\/#website","url":"https:\/\/www.backwinkel.de\/blog\/","name":"BACKWINKEL Blog","description":"f\u00fcr Lehrer, Erzieher und Eltern","potentialAction":[{"@type":"SearchAction","target":{"@type":"EntryPoint","urlTemplate":"https:\/\/www.backwinkel.de\/blog\/?s={search_term_string}"},"query-input":{"@type":"PropertyValueSpecification","valueRequired":true,"valueName":"search_term_string"}}],"inLanguage":"de"},{"@type":"Person","@id":"https:\/\/www.backwinkel.de\/blog\/#\/schema\/person\/3d64575316540d25f7866264a4b7cd24","name":"BACKWINKEL","sameAs":["http:\/\/www.backwinkel.de"],"url":"https:\/\/www.backwinkel.de\/blog\/author\/backwinkel\/"}]}},"_links":{"self":[{"href":"https:\/\/www.backwinkel.de\/blog\/wp-json\/wp\/v2\/posts\/1319","targetHints":{"allow":["GET"]}}],"collection":[{"href":"https:\/\/www.backwinkel.de\/blog\/wp-json\/wp\/v2\/posts"}],"about":[{"href":"https:\/\/www.backwinkel.de\/blog\/wp-json\/wp\/v2\/types\/post"}],"author":[{"embeddable":true,"href":"https:\/\/www.backwinkel.de\/blog\/wp-json\/wp\/v2\/users\/3"}],"replies":[{"embeddable":true,"href":"https:\/\/www.backwinkel.de\/blog\/wp-json\/wp\/v2\/comments?post=1319"}],"version-history":[{"count":4,"href":"https:\/\/www.backwinkel.de\/blog\/wp-json\/wp\/v2\/posts\/1319\/revisions"}],"predecessor-version":[{"id":18830,"href":"https:\/\/www.backwinkel.de\/blog\/wp-json\/wp\/v2\/posts\/1319\/revisions\/18830"}],"wp:featuredmedia":[{"embeddable":true,"href":"https:\/\/www.backwinkel.de\/blog\/wp-json\/wp\/v2\/media\/1381"}],"wp:attachment":[{"href":"https:\/\/www.backwinkel.de\/blog\/wp-json\/wp\/v2\/media?parent=1319"}],"wp:term":[{"taxonomy":"category","embeddable":true,"href":"https:\/\/www.backwinkel.de\/blog\/wp-json\/wp\/v2\/categories?post=1319"},{"taxonomy":"post_tag","embeddable":true,"href":"https:\/\/www.backwinkel.de\/blog\/wp-json\/wp\/v2\/tags?post=1319"}],"curies":[{"name":"wp","href":"https:\/\/api.w.org\/{rel}","templated":true}]}}