{"id":12994,"date":"2024-01-09T09:16:42","date_gmt":"2024-01-09T08:16:42","guid":{"rendered":"https:\/\/www.backwinkel.de\/blog\/?p=12994"},"modified":"2026-04-27T08:45:16","modified_gmt":"2026-04-27T06:45:16","slug":"demokratie","status":"publish","type":"post","link":"https:\/\/www.backwinkel.de\/blog\/demokratie\/","title":{"rendered":"Rechtsextreme Einstellungen nehmen zu"},"content":{"rendered":"\n<style type=\"text\/css\" data-created_by=\"avia_inline_auto\" id=\"style-css-av-1o9i20c-585c90b249b7391778c0ca595b8a52c2\">\n.flex_column.av-1o9i20c-585c90b249b7391778c0ca595b8a52c2{\nborder-radius:0px 0px 0px 0px;\npadding:0px 0px 0px 0px;\n}\n<\/style>\n<div  class='flex_column av-1o9i20c-585c90b249b7391778c0ca595b8a52c2 av_one_full  avia-builder-el-0  el_before_av_three_fifth  avia-builder-el-first  first flex_column_div av-zero-column-padding  '     ><p>\n<style type=\"text\/css\" data-created_by=\"avia_inline_auto\" id=\"style-css-av-1mbf4e4-1609d55f243e97c311d4e4755c4441f8\">\n#top .hr.hr-invisible.av-1mbf4e4-1609d55f243e97c311d4e4755c4441f8{\nmargin-top:0px;\nheight:1px;\n}\n<\/style>\n<div  class='hr av-1mbf4e4-1609d55f243e97c311d4e4755c4441f8 hr-invisible  avia-builder-el-1  el_before_av_heading  avia-builder-el-first '><span class='hr-inner '><span class=\"hr-inner-style\"><\/span><\/span><\/div><br \/>\n\n<style type=\"text\/css\" data-created_by=\"avia_inline_auto\" id=\"style-css-av-l7efmkmv-e97e548ab40b2714be7b7200b8d839b2\">\n#top .av-special-heading.av-l7efmkmv-e97e548ab40b2714be7b7200b8d839b2{\npadding-bottom:10px;\n}\nbody .av-special-heading.av-l7efmkmv-e97e548ab40b2714be7b7200b8d839b2 .av-special-heading-tag .heading-char{\nfont-size:25px;\n}\n.av-special-heading.av-l7efmkmv-e97e548ab40b2714be7b7200b8d839b2 .av-subheading{\nfont-size:15px;\n}\n<\/style>\n<div  class='av-special-heading av-l7efmkmv-e97e548ab40b2714be7b7200b8d839b2 av-special-heading-h1 blockquote modern-quote  avia-builder-el-2  el_after_av_hr  el_before_av_post_metadata  av-linked-heading'><h1 class='av-special-heading-tag '  >Rechtsextreme Einstellungen nehmen zu \u2013 Demokratiebildung ist eine gute Idee<\/h1><div class='av-subheading av-subheading_below'><p class=\"autorenname\">Elisa Morel<\/p>\n<\/div><div class=\"special-heading-border\"><div class=\"special-heading-inner-border\"><\/div><\/div><\/div><br \/>\n\n<style type=\"text\/css\" data-created_by=\"avia_inline_auto\" id=\"style-css-av-1feq7z6-66920425c54338d7db77f1b991963fa2\">\n#top .av-post-metadata-container.av-1feq7z6-66920425c54338d7db77f1b991963fa2{\nfont-size:12px;\n}\n#top .av-post-metadata-container.av-1feq7z6-66920425c54338d7db77f1b991963fa2 .av-post-metadata-container-inner{\nfont-size:12px;\n}\n<\/style>\n<div  class='av-post-metadata-container av-1feq7z6-66920425c54338d7db77f1b991963fa2 av-metadata-container-align-left  avia-builder-el-3  el_after_av_heading  el_before_av_textblock  av-metadata-container-1'><div class='av-post-metadata-container-inner'><span class=\"av-post-metadata-content av-post-metadata-meta-content\"><span class=\"av-post-metadata-content av-post-metadata-modified\"><span class=\"av-metadata-before av-metadata-before-modified\">Aktualisiert:<\/span><span class=\"av-post-metadata-modified-date\" >27. April 2026<\/span><\/span><span class=\"av-post-metadata-content av-post-metadata-separator\">\/<\/span><span class=\"av-post-metadata-content av-post-metadata-modified\"><span class=\"av-metadata-before av-metadata-before-modified\">Zuletzt aktualisiert:<\/span><span class=\"av-post-metadata-modified-date\" >27. April 2026<\/span><\/span><\/span><\/div><\/div><br \/>\n\n<style type=\"text\/css\" data-created_by=\"avia_inline_auto\" id=\"style-css-av-1l3ru18-35ff8c02bfbaf158e187220e3571c7be\">\n#top .av_textblock_section.av-1l3ru18-35ff8c02bfbaf158e187220e3571c7be .avia_textblock{\nfont-size:20px;\n}\n<\/style>\n<section  class='av_textblock_section av-1l3ru18-35ff8c02bfbaf158e187220e3571c7be '  ><div class='avia_textblock' ><p>Die Studie \u201eDie distanzierte Mitte \u2013 rechtsextreme und demokratiegef\u00e4hrdende Einstellungen in Deutschland 2022\/23\u201c, herausgegeben f\u00fcr die Friedrich-Ebert-Stiftung, bescheinigt Deutschland eine Zunahme demokratiefeindlicher Haltungen seit 2014.<\/p>\n<\/div><\/section><br \/>\n\n<style type=\"text\/css\" data-created_by=\"avia_inline_auto\" id=\"style-css-av-1jqb53g-8017e4a28a7d3dfacfdb306157b6df96\">\n.avia-image-container.av-1jqb53g-8017e4a28a7d3dfacfdb306157b6df96 img.avia_image{\nbox-shadow:none;\n}\n.avia-image-container.av-1jqb53g-8017e4a28a7d3dfacfdb306157b6df96 .av-image-caption-overlay-center{\ncolor:#ffffff;\n}\n<\/style>\n<div  class='avia-image-container av-1jqb53g-8017e4a28a7d3dfacfdb306157b6df96 av-styling- avia-align-center  avia-builder-el-5  el_after_av_textblock  el_before_av_hr '  ><div class=\"avia-image-container-inner\"><div class=\"avia-image-overlay-wrap\"><img decoding=\"async\" fetchpriority=\"high\" class='wp-image-13042 avia-img-lazy-loading-not-13042 avia_image ' src=\"https:\/\/www.backwinkel.de\/blog\/wp-content\/uploads\/2023\/11\/Rechtsextremismus-heroimage.jpg\" alt='' title='Rechtsextremismus-heroimage'  height=\"628\" width=\"1200\"  \/><\/div><\/div><\/div><br \/>\n\n<style type=\"text\/css\" data-created_by=\"avia_inline_auto\" id=\"style-css-av-1ihdk2k-490466749631930779e0c398aab49f79\">\n#top .hr.hr-invisible.av-1ihdk2k-490466749631930779e0c398aab49f79{\nheight:5px;\n}\n<\/style>\n<div  class='hr av-1ihdk2k-490466749631930779e0c398aab49f79 hr-invisible  avia-builder-el-6  el_after_av_image  el_before_av_textblock '><span class='hr-inner '><span class=\"hr-inner-style\"><\/span><\/span><\/div><br \/>\n\n<style type=\"text\/css\" data-created_by=\"avia_inline_auto\" id=\"style-css-av-1fib6cs-3d25d3b933bbfa346d8df9005c3c214e\">\n#top .av_textblock_section.av-1fib6cs-3d25d3b933bbfa346d8df9005c3c214e .avia_textblock{\nfont-size:10px;\n}\n<\/style>\n<section  class='av_textblock_section av-1fib6cs-3d25d3b933bbfa346d8df9005c3c214e '  ><div class='avia_textblock' ><p class=\"bildnennung-beitrag\" style=\"text-align: left;\">\u00a9 ADOBE Stock<\/p>\n<\/div><\/section><br \/>\n\n<style type=\"text\/css\" data-created_by=\"avia_inline_auto\" id=\"style-css-av-1ec344s-876a649f5243c9280738f668f0aa8d8e\">\n#top .hr.hr-invisible.av-1ec344s-876a649f5243c9280738f668f0aa8d8e{\nheight:20px;\n}\n<\/style>\n<div  class='hr av-1ec344s-876a649f5243c9280738f668f0aa8d8e hr-invisible  avia-builder-el-8  el_after_av_textblock  el_before_av_textblock '><span class='hr-inner '><span class=\"hr-inner-style\"><\/span><\/span><\/div><br \/>\n\n<style type=\"text\/css\" data-created_by=\"avia_inline_auto\" id=\"style-css-av-1czjn6k-7dbedcbfbffba5ae585714638369d934\">\n#top .av_textblock_section.av-1czjn6k-7dbedcbfbffba5ae585714638369d934 .avia_textblock{\nfont-size:20px;\n}\n<\/style>\n<section  class='av_textblock_section av-1czjn6k-7dbedcbfbffba5ae585714638369d934 '  ><div class='avia_textblock' ><p>Das ist besorgniserregend und wirft die Frage auf, was wir als Gesellschaft dagegen tun k\u00f6nnen. In diesem Beitrag lernen Sie die vielen Facetten der Demokratiebildung kennen. Au\u00dferdem beleuchten wir einige Aspekte, die zu demokratiegef\u00e4hrdenden Einstellungen f\u00fchren k\u00f6nnen und werfen einen Blick auf m\u00f6gliche L\u00f6sungen.<\/p>\n<\/div><\/section><\/p><\/div>\n<style type=\"text\/css\" data-created_by=\"avia_inline_auto\" id=\"style-css-av-1buht0s-f8ce17d1f3484a85efdf5f8e34e84ab3\">\n.flex_column.av-1buht0s-f8ce17d1f3484a85efdf5f8e34e84ab3{\nborder-radius:0px 0px 0px 0px;\npadding:20px 20px 20px 20px;\nbackground-color:#f2f2f2;\n}\n<\/style>\n<div  class='flex_column av-1buht0s-f8ce17d1f3484a85efdf5f8e34e84ab3 av_three_fifth  avia-builder-el-10  el_after_av_one_full  el_before_av_two_fifth  first flex_column_div  column-top-margin'     ><style type=\"text\/css\" data-created_by=\"avia_inline_auto\" id=\"style-css-av-18u84nw-c23769b7197ef8c52c74b2b6205379af\">\n#top .av_textblock_section.av-18u84nw-c23769b7197ef8c52c74b2b6205379af .avia_textblock{\nfont-size:14px;\n}\n<\/style>\n<section  class='av_textblock_section av-18u84nw-c23769b7197ef8c52c74b2b6205379af '  ><div class='avia_textblock' ><p><strong>Inhalt<\/strong><br \/>\n<strong><a href=\"#1\">1. Ein paar Worte zur Studie \u201eDie distanzierte Mitte\u201c<\/a><\/strong><\/p>\n<p><strong><a href=\"#2\">2. Was bedeutet Demokratiebildung?<\/a><\/strong><\/p>\n<p><strong><a href=\"#3\">3. Was geh\u00f6rt zur Demokratiebildung?<\/a><\/strong><strong><br \/>\n<\/strong><\/p>\n<p><strong><a href=\"#4\">4. Wie kommt es zu Diskriminierung und rechtem Gedankengut?<\/a><br \/>\n<\/strong>4.1. Das Internet und soziale Medien als Meinungsmacher<br \/>\n4.2. Sozialisation und Peer Groups<br \/>\n4.3. Religion als un\u00fcberbr\u00fcckbare Differenz?<\/p>\n<p><strong><a href=\"#5\">5. Gibt es eine L\u00f6sung f\u00fcr mehr Toleranz? <\/a><br \/>\n<\/strong><\/p>\n<\/div><\/section><\/div><\/p>\n\n<style type=\"text\/css\" data-created_by=\"avia_inline_auto\" id=\"style-css-av-179bqdo-cb7f1c2bcdaac94125f51a0fc4936596\">\n.flex_column.av-179bqdo-cb7f1c2bcdaac94125f51a0fc4936596{\nborder-radius:0px 0px 0px 0px;\npadding:0 0 0 0;\n}\n<\/style>\n<div  class='flex_column av-179bqdo-cb7f1c2bcdaac94125f51a0fc4936596 av_two_fifth  avia-builder-el-12  el_after_av_three_fifth  el_before_av_sidebar  flex_column_div av-zero-column-padding  column-top-margin'     ><\/div>\n<div  class='avia-builder-widget-area clearfix  avia-builder-el-13  el_after_av_two_fifth  el_before_av_one_full '><div id=\"text-34\" class=\"widget clearfix widget_text\">\t\t\t<div class=\"textwidget\"><p><a href=\"https:\/\/www.backwinkel.de\/nachhaltig-denken\/\" target=\"\\_blank\" rel=\"noopener\"><br \/>\n<img decoding=\"async\" class=\"werbung-desktop alignnone wp-image-4186 size-full\" src=\"https:\/\/www.backwinkel.de\/blog\/wp-content\/uploads\/2026\/04\/Backwinkel-blog-werbebanner-shop-schule_desktop.jpg\" alt=\"\" width=\"1251\" height=\"201\" \/><br \/>\n<\/a><br \/>\n<a href=\"https:\/\/www.backwinkel.de\/nachhaltig-denken\/\" target=\"\\_blank\" rel=\"noopener\"><br \/>\n<img decoding=\"async\" class=\"werbung-mobile alignnone wp-image-4187 size-full\" src=\"https:\/\/www.backwinkel.de\/blog\/wp-content\/uploads\/2026\/04\/Backwinkel-blog-werbebanner-shop-schule_mobile.jpg\" alt=\"\" width=\"550\" height=\"500\" \/><br \/>\n<\/a><\/p>\n<\/div>\n\t\t<\/div><\/div>\n\n<style type=\"text\/css\" data-created_by=\"avia_inline_auto\" id=\"style-css-av-3jr9tou-cf58b53925ebc83a3e24a4577ae47108\">\n.flex_column.av-3jr9tou-cf58b53925ebc83a3e24a4577ae47108{\nborder-radius:0px 0px 0px 0px;\npadding:0px 0px 0px 0px;\n}\n<\/style>\n<div  class='flex_column av-3jr9tou-cf58b53925ebc83a3e24a4577ae47108 av_one_full  avia-builder-el-14  el_after_av_sidebar  el_before_av_one_full  first flex_column_div av-zero-column-padding  '     ><section  class='av_textblock_section av-359nylq-cb0a7e8726c36199eee2c259c39a9ca3 '  ><div class='avia_textblock' >\n<style type=\"text\/css\" data-created_by=\"avia_inline_auto\" id=\"style-css-av-2i80f4e-cb6d5821c564aec79e6d3682b86099b8\">\n#top .hr.hr-invisible.av-2i80f4e-cb6d5821c564aec79e6d3682b86099b8{\nheight:20px;\n}\n<\/style>\n<div  class='hr av-2i80f4e-cb6d5821c564aec79e6d3682b86099b8 hr-invisible  avia-builder-el-16  avia-builder-el-no-sibling '><span class='hr-inner '><span class=\"hr-inner-style\"><\/span><\/span><\/div>\n<h2 id=\"1\" class=\"position\"><strong>Ein paar Worte zur Studie \u201eDie distanzierte Mitte\u201c <\/strong><\/h2>\n<p>\u201eRassismus ist kein Problem der sogenannten Ungebildeten oder der sogenannten Unterschicht, er ist in der Mitte der Gesellschaft verankert.\u201c Visar Morina, kosovarischer Filmregisseur und Drehbuchautor, in einem Spiegel-Interview vom 22.08.2020<\/p>\n<p>Die Studie aus dem Jahr 2023 umfasst 428 Seiten. Die Daten wurden per Telefoninterview anhand zwei leicht voneinander abweichender, standardisierter Fragebogen erhoben. Knapp 48.000 zuf\u00e4llige Nummern wurden gew\u00e4hlt \u2013 mit einem Resultat von gut 2.000 Interviews.<\/p>\n<p>Bemerkenswert ist, dass eine bessere Schulbildung nicht unbedingt mit weniger Rassismus einhergeht, wie die Studie aufzeigt:<\/p>\n<p>\u201eIm Unterschied zu den Befunden der Vorjahre bedeutet dabei eine hohe Schulbildung nicht gleich eine geringe Zustimmung oder eine niedrige Schulbildung nicht gleich eine hohe Zustimmung. In der Tendenz sind es eher Befragte mit mittlerem Bildungsniveau, die eine Diktatur bef\u00fcrworten (9 %), den Nationalsozialismus verharmlosen (5 %) und fremdenfeindlich eingestellt sind (21 %), w\u00e4hrend sich bei der Zustimmung zum Sozialdarwinismus mit 5 bis 6 % kaum Unterschiede zwischen den Bildungsgruppen zeigen. Bei der Bef\u00fcrwortung einer Diktatur und der Verharmlosung des Nationalsozialismus liegen die Anteile der Befragten mit niedriger und hoher Schulbildung zudem n\u00e4her beieinander als die Anteile der Befragten mit niedriger und mittlerer beziehungsweise mittlerer und hoher Schulbildung.\u201c<\/p>\n<p>Sehr knapp und l\u00fcckenhaft zusammengefasst haben seit 2018\/19 fremdenfeindliche Tendenzen, Antisemitismus und Sexismus zugenommen, w\u00e4hrend das <strong>Vertrauen<\/strong> in die <strong>deutsche<\/strong> <strong>Demokratie<\/strong> und die <strong>Medien abgenommen<\/strong> hat. Die Bereitschaft zu Engagement f\u00fcr eine vielf\u00e4ltige Gesellschaft ist gesunken, das Gef\u00fchl politischer Machtlosigkeit gestiegen. Der Anteil der Befragten, die <strong>politische Gewalt billigen<\/strong>, hat sich mehr als verdoppelt: von 6,4 % auf 13,2 %. Verschw\u00f6rungstheorien haben mehr Anh\u00e4nger, der Populismus w\u00e4chst.<\/p>\n<p>Angesichts der herrschenden Krisen f\u00fchlen sich knapp zwei Drittel der Befragten \u201eeher unsicher\u201c bis \u201esehr unsicher\u201c. Angesichts des Ukraine-Kriegs machen sich 62 % \u201egro\u00dfe oder sehr gro\u00dfe Sorgen\u201c vor dessen Ausweitung, knapp die H\u00e4lfte f\u00fcrchtet einen <strong>Atomkrieg<\/strong> \u2013 doch die Sorge um steigende <strong>Energiepreise<\/strong> ist der Spitzenreiter mit 65,9 %, w\u00e4hrend die Anzahl der Fl\u00fcchtlinge mit gut 44 % das Schlusslicht ist. Die H\u00e4lfte der Befragten ist f\u00fcr <strong>mehr Klimaschutz<\/strong> (32,6 % Ost, 54,8 % West).<\/p>\n<p>Es wurden noch deutlich mehr Bereiche und Zusammenh\u00e4nge beleuchtet, z. B. Einsamkeit, Rassismus im Sport, Militarismus, Armut und Marktf\u00f6rmigkeit. Den Link zur vollst\u00e4ndigen Studie finden Sie selbstverst\u00e4ndlich am Ende des Beitrags.<\/p>\n<\/div><\/section><\/div>\n\n<style type=\"text\/css\" data-created_by=\"avia_inline_auto\" id=\"style-css-av-15xc97y-0ab3263c46961160a132210676ea7b60\">\n.flex_column.av-15xc97y-0ab3263c46961160a132210676ea7b60{\nborder-radius:0px 0px 0px 0px;\npadding:0px 0px 0px 0px;\n}\n<\/style>\n<div  class='flex_column av-15xc97y-0ab3263c46961160a132210676ea7b60 av_one_full  avia-builder-el-17  el_after_av_one_full  el_before_av_one_full  first flex_column_div av-zero-column-padding  column-top-margin'     ><section  class='av_textblock_section av-lnlqic5z-341b39b472f34da6dd1d5468f0f4417b '  ><div class='avia_textblock' >\n<style type=\"text\/css\" data-created_by=\"avia_inline_auto\" id=\"style-css-av-o1k8su-acb4ff1c33f624442d9ad85106844987\">\n#top .hr.hr-invisible.av-o1k8su-acb4ff1c33f624442d9ad85106844987{\nheight:20px;\n}\n<\/style>\n<div  class='hr av-o1k8su-acb4ff1c33f624442d9ad85106844987 hr-invisible  avia-builder-el-19  avia-builder-el-no-sibling '><span class='hr-inner '><span class=\"hr-inner-style\"><\/span><\/span><\/div>\n<h2 id=\"2\" class=\"position\"><strong>Was bedeutet Demokratiebildung? <\/strong><\/h2>\n<p>Demokratiebildung bef\u00e4higt Menschen dazu, im Sinne einer demokratischen Lebensform zusammenzuleben. Daf\u00fcr braucht es u.a. <strong>politische<\/strong> <strong>Bildung<\/strong>, <strong>Toleranz<\/strong>, <strong>Selbstreflexion<\/strong> und <strong>Teilhabe<\/strong> an demokratischen Prozessen. Die Erziehung zur Demokratiebildung erfolgt an Schulen ebenfalls demokratisch, z. B. durch die gemeinsame Gestaltung des Schulalltags (Klassenr\u00e4te, Sch\u00fclervertretungen etc.) und einen von Respekt und Toleranz gepr\u00e4gten Umgang miteinander.<\/p>\n<p>An Schulen findet Demokratiebildung nicht nur in F\u00e4chern wie Ethik, Geschichte oder Sozialkunde statt, sondern ist Bestandteil des kompletten schulischen Alltags, beispielsweise wenn es um die <strong>F\u00f6rderung von Empathie oder Medienkompetenz<\/strong> geht. Auch gemeinn\u00fctzige Projekte tragen zur Demokratiebildung bei.<\/p>\n<\/div><\/section><\/div>\n\n<style type=\"text\/css\" data-created_by=\"avia_inline_auto\" id=\"style-css-av-28fb7aa-24e734733612ebdb61e01684b7188dfc\">\n.flex_column.av-28fb7aa-24e734733612ebdb61e01684b7188dfc{\nborder-radius:0px 0px 0px 0px;\npadding:0px 0px 0px 0px;\n}\n<\/style>\n<div  class='flex_column av-28fb7aa-24e734733612ebdb61e01684b7188dfc av_one_full  avia-builder-el-20  el_after_av_one_full  el_before_av_one_full  first flex_column_div av-zero-column-padding  column-top-margin'     ><section  class='av_textblock_section av-lgca4yvj-8b58d22233c164727f29e64155bc7acc '  ><div class='avia_textblock' >\n<style type=\"text\/css\" data-created_by=\"avia_inline_auto\" id=\"style-css-av-1s0gmjm-08f2030119244206e85f4f450f9212cc\">\n#top .hr.hr-invisible.av-1s0gmjm-08f2030119244206e85f4f450f9212cc{\nheight:20px;\n}\n<\/style>\n<div  class='hr av-1s0gmjm-08f2030119244206e85f4f450f9212cc hr-invisible  avia-builder-el-22  avia-builder-el-no-sibling '><span class='hr-inner '><span class=\"hr-inner-style\"><\/span><\/span><\/div>\n<h2 id=\"3\" class=\"position\"><strong>Was geh\u00f6rt zur Demokratiebildung?<\/strong><\/h2>\n<p>Demokratiebildung ist <strong>Bestandteil der kompletten Schullaufbahn<\/strong>. Der Leitfaden, der im Sommer 2019 vom Ministerium f\u00fcr Kultur, Jugend und Sport in Baden-W\u00fcrttemberg dazu ver\u00f6ffentlicht wurde, sieht sie ab Klasse 1 vor, bis hin zu Klasse 13.<\/p>\n<p>Demokratie wird aus <strong>drei<\/strong> verschiedenen <strong>Perspektiven<\/strong> beleuchtet:<\/p>\n<ol>\n<li>als Lebensform<\/li>\n<li>als Gesellschaftsform<\/li>\n<li>als Herrschaftsform<\/li>\n<\/ol>\n<p>Zudem gibt es <strong>vier Bausteine<\/strong>:<\/p>\n<ol>\n<li>Identit\u00e4t und Pluralismus<\/li>\n<li>Selbstbestimmung und Autorit\u00e4t<\/li>\n<li>Gleichwertigkeit und Solidarit\u00e4t<\/li>\n<li>Interesse und Beteiligung<\/li>\n<\/ol>\n<p>Je nach Ebene kommen unterschiedliche Bausteine zur Anwendung. Wir greifen hier beispielhaft Ebene 1 auf, <strong>Demokratie als Lebensform<\/strong>, denn diese Ebene hat die meisten Ber\u00fchrungspunkte mit Grundsch\u00fclern, w\u00e4hrend die anderen Ebenen erst ab der Sekundarstufe vertieft werden.<\/p>\n<p>Geeignete Leitfragen, mit denen sich die SuS in Bezug auf ihren eigenen Alltag auseinandersetzen k\u00f6nnen, sind z. B.:<\/p>\n<ul>\n<li>Was ist mir wichtig? Was macht mich aus? Was unterscheidet mich von anderen, was verbindet mich mit anderen?<\/li>\n<li>Wie entsteht Streit? Wie kann man ihn verhindern oder schlichten?<\/li>\n<li>Welche Bedeutung hat Religion f\u00fcr mich und andere? Welche Glaubensrichtungen gibt es?<\/li>\n<li>Warum gibt es Regeln? Wie s\u00e4he ein Alltag ohne Regeln aus?<\/li>\n<li>Welche Rechte habe ich als Kind, was darf ich mitbestimmen, z. B. im Schulalltag?<\/li>\n<li>Welchen Informationen aus den Medien kann ich vertrauen und woran erkenne ich den Unterschied? Wie hinterfrage ich richtig?<\/li>\n<\/ul>\n<p>Das ist bereits ein riesiger Blumenstrau\u00df an komplexen Fragestellungen. Bestimmt k\u00f6nnten Sie \u00fcber jede einzelne stundenlang mit Ihren Sch\u00fclern debattieren, Gedankenexperimente machen, Plakate erstellen \u2013 wenn Sie denn die Zeit haben.<\/p>\n<p>An Grundschulen findet eine Menge Demokratiebildung statt, z. B. in Form von <strong>Klassensprechern<\/strong>, <strong>Sch\u00fclervertretern<\/strong>, <strong>Streitschlichtern<\/strong> oder <strong>Klassenr\u00e4ten<\/strong>. Nat\u00fcrlich bietet auch der Schulalltag immer wieder Anl\u00e4sse, um \u00fcber all diese Fragen ins Gespr\u00e4ch zu kommen: sei es in Form einer Geschichte, eines Streits oder einer diskriminierenden \u00c4u\u00dferung.<\/p>\n<p><strong>Diskriminierende \u00c4u\u00dferungen im Schulalltag <\/strong><\/p>\n<p>Wenn Sie mitbekommen, dass ein Kind ein anderes sexistisch, rassistisch, antisemitisch etc. beleidigt, m\u00fcssen Sie das selbstverst\u00e4ndlich immer <strong>ansprechen<\/strong>. Bitten Sie das Kind, Ihnen die Bedeutung des Begriffs zu erkl\u00e4ren und \u00fcbernehmen Sie die Erkl\u00e4rung, wenn es keine Antwort hat. Fragen Sie anschlie\u00dfend, warum das Kind sich zu dieser Aussage entschieden hat, und fragen Sie nach, wie es sich selbst f\u00fchlen w\u00fcrde.<\/p>\n<p>So bekommen Sie bereits ein Gef\u00fchl daf\u00fcr, ob das Kind nur etwas aufgeschnappt hat, dessen Bedeutung es nicht kennt und jetzt ausprobieren wollte oder eine Meinung wiedergibt, die es vielleicht an anderer Stelle oft h\u00f6rt.<\/p>\n<p>Haben Sie die Vermutung, dass in einem <strong>Elternhaus<\/strong> Rassismus und weitere <strong>demokratiefeindliche<\/strong> <strong>\u00dcberzeugungen<\/strong> an der Tagesordnung sind, sprechen Sie mit Ihren Kollegen und der Schulleitung. Vielleicht lohnt es sich, das Thema Demokratie(-Bildung) im Rahmen eines Elternabends anzusprechen. Im Zweifel nutzen Sie <strong>Beratungsangebote<\/strong>, wenn Sie unsicher sind, wie Sie den jeweiligen Eltern gegen\u00fcbertreten sollen \u2013 aber handeln Sie. Nichts ist schlimmer als das Schweigen.<\/p>\n<\/div><\/section><\/div>\n\n<style type=\"text\/css\" data-created_by=\"avia_inline_auto\" id=\"style-css-av-3av9ciq-abc01eb856fc99192c8daa570d2d814e\">\n.flex_column.av-3av9ciq-abc01eb856fc99192c8daa570d2d814e{\nborder-radius:0px 0px 0px 0px;\npadding:0px 0px 0px 0px;\n}\n<\/style>\n<div  class='flex_column av-3av9ciq-abc01eb856fc99192c8daa570d2d814e av_one_full  avia-builder-el-23  el_after_av_one_full  el_before_av_one_full  first flex_column_div av-zero-column-padding  column-top-margin'     ><section  class='av_textblock_section av-lqxhkf3w-941f27a2514644d778bc6c61b8d39688 '  ><div class='avia_textblock' >\n<style type=\"text\/css\" data-created_by=\"avia_inline_auto\" id=\"style-css-av-2w7n082-df9ec005946ec57b9a161d3eb23808ba\">\n#top .hr.hr-invisible.av-2w7n082-df9ec005946ec57b9a161d3eb23808ba{\nheight:20px;\n}\n<\/style>\n<div  class='hr av-2w7n082-df9ec005946ec57b9a161d3eb23808ba hr-invisible  avia-builder-el-25  avia-builder-el-no-sibling '><span class='hr-inner '><span class=\"hr-inner-style\"><\/span><\/span><\/div>\n<h2 id=\"4\" class=\"position\"><strong>Wie kommt es zu Diskriminierung und rechtem Gedankengut? <\/strong><\/h2>\n<p>Wenn die Antwort auf diese Frage so einfach w\u00e4re, g\u00e4be es bestimmt auch naheliegende L\u00f6sungen. Allgemein kategorisieren wir Menschen gern, und dabei helfen Verallgemeinerungen und Stereotype. Als Rudeltier f\u00fchlen wir uns gern zugeh\u00f6rig, und das ist einfacher, wenn es nicht nur \u201euns\u201c, sondern auch \u201edie Anderen\u201c gibt (vgl. Othering). Das muss nicht unbedingt ein Feindbild sein. Es reicht schon, wenn einige Menschen in unserem Umfeld ein bisschen anders sind als wir, um uns abgrenzen zu k\u00f6nnen oder zu wollen \u2013 sei es als Swiftie, Bayern-Fan oder Frankophiler.<\/p>\n<p>Empfindet man \u201edie Anderen\u201c aber tendenziell als Bedrohung, sieht es schon weniger friedlich aus. Man empfindet Antipathie, wertet ab, w\u00e4hrend man sich selbst \u00fcberh\u00f6ht, greift verbal und schlimmstenfalls k\u00f6rperlich an.<\/p>\n<p>Ein paar Faktoren, die Diskriminierung und Rassismus f\u00f6rdern k\u00f6nnen, sind diese hier:<\/p>\n<ul>\n<li>das Aufl\u00f6sen bekannter (L\u00e4nder-)Grenzen durch die Globalisierung<\/li>\n<li>das Bed\u00fcrfnis nach Abgrenzung von \u201eden Anderen\u201c<\/li>\n<li>Unwissenheit und mangelnde Reflexion<\/li>\n<li>tradierte Rollenbilder und Wertvorstellungen<\/li>\n<li>Angst vor dem Unbekannten, vor Ver\u00e4nderung und\/oder dem Verlust der eigenen (kulturellen oder ethnischen) Identit\u00e4t<\/li>\n<li>Verunsicherung bez\u00fcglich der eigenen Lebensumst\u00e4nde oder Zukunfts\u00e4ngste<\/li>\n<li>das Empfinden eigener Unzul\u00e4nglichkeit oder Chancenlosigkeit<\/li>\n<li>Reaktanz oder der Wille zu Provokation<\/li>\n<li>Politikverdrossenheit<\/li>\n<\/ul>\n<p>Die Liste lie\u00dfe sich fortf\u00fchren. Die Forschung hat einige Theorien zur Entstehung von Rassismus aufgestellt, sich jedoch bisher auf keine eindeutigen Ursachen festlegen k\u00f6nnen, was einmal mehr die Komplexit\u00e4t des Themas belegt.<\/p>\n<p>Hinzu kommt, dass die Angst vor dem Unbekannten evolution\u00e4r bedingt ist und fr\u00fcher bestimmt auch notwendiger war als in unserer modernen Gesellschaft. Doch auch wenn wir heute nicht mehr Gefahr laufen, am Konsum einer unbekannten Beere zu sterben, gibt es andere Unw\u00e4gbarkeiten, die Menschen verunsichern. Und Angst ist selten ein N\u00e4hrboden f\u00fcr Gutes.<\/p>\n<p><strong>Das Internet und soziale Medien als Meinungsmacher <\/strong><\/p>\n<p>Durch die fortschreitende Globalisierung und Digitalisierung ist jede erdenkliche Information in Sekundenschnelle verf\u00fcgbar \u2013 nur ist sie nicht immer korrekt. Im Internet kursieren extremistische Ansichten, Fremdenfeindlichkeit und Diskriminierung, Verschw\u00f6rungstheorien und viele ungefilterte Gedanken. Zur Demokratie geh\u00f6rt eben auch die freie Meinungs\u00e4u\u00dferung.<\/p>\n<p>Umso wichtiger ist es, dass Ihre Sch\u00fcler schon fr\u00fch den richtigen Umgang mit Medien und Quellen lernen. Nicht alles, was man liest und h\u00f6rt, stimmt, auch wenn es viele Leute wiederholen. Hinterfragen ist immer eine gute Idee, aber auch das muss man erstmal lernen, genauso wie das Erkennen seri\u00f6ser Quellen, den verantwortungsvollen Umgang mit dem Internet und Social Media oder das korrekte Recherchieren.<\/p>\n<p>Ihre Kinder sind vielleicht schon halbe Profis am Smartphone, machen sich aber nicht allzu viele Gedanken um die Nutzung, da Vergn\u00fcgen und Sorglosigkeit an erster Stelle stehen. Bauen Sie also bei sich bietenden Gelegenheiten ein wenig Medienkompetenz in Ihren Unterricht ein, damit den SuS bewusst wird, worauf es online ankommt und dass man auch dem Lieblings-YouTuber nicht unbesehen alles glauben sollte, was er so von sich gibt.<\/p>\n<p>Mehr zur Medienbildung sowie zum <strong>Erkennen seri\u00f6ser Quellen<\/strong> lesen Sie in unserem Beitrag <a href=\"https:\/\/www.backwinkel.de\/blog\/fake-news\/\" target=\"_blank\" rel=\"noopener\">Fake News, Influencer, Regenbogenpresse: Stimmt alles, was Ihre Kinder so lesen und h\u00f6ren?<\/a><\/p>\n<p><strong>Sozialisation und Peer Groups <\/strong><\/p>\n<p>Sozialisation ist m\u00e4chtig. Seit unserer Kindheit unterliegen wir verschiedenen Einfl\u00fcssen von au\u00dfen, die uns pr\u00e4gen. Am st\u00e4rksten werden wir von unseren engsten Bezugspersonen gepr\u00e4gt, also meistens unseren Eltern. Wir \u00fcbernehmen ihre Einstellungen, Werte und Verhaltensweisen und haben erst im sp\u00e4teren Alter die Chance, zu reflektieren, ob sie das Richtige (f\u00fcr uns) sind. Doch bis dahin sind sie schon lange Zeit Teil unseres Lebens gewesen. Und je l\u00e4nger ein Zustand andauert, umso schwieriger ist es, ihn zu \u00e4ndern.<\/p>\n<p>Sp\u00e4testens in Kindergarten und Grundschule finden wir die ersten Freunde, doch da wir noch klein sind, nehmen unsere Eltern h\u00f6chstwahrscheinlich Einfluss darauf, mit wem wir spielen sollen, oder uns treffen d\u00fcrfen \u2013 n\u00e4mlich am besten mit den Kindern, deren Familien \u00e4hnliche Werte teilen. So verfestigen sich die gelernten Strukturen noch weiter, und im schlimmsten Fall hat die Vielfalt keine Chance gegen die angestrebte Homogenit\u00e4t des Umfelds. In manchen F\u00e4llen mag das gerechtfertigt sein: Wer schickt sein Kind guten Gewissens zum Spielen zu einer Familie, in der gepr\u00fcgelt wird? (Intervention ist selbstredend unerl\u00e4sslich.)<\/p>\n<p>Doch wenn menschenverachtende Meinungen bereits in den Familien der Kinder verwurzelt sind, wird vermehrte Demokratiebildung an Schulen wenig ausrichten k\u00f6nnen. Nat\u00fcrlich haben Sie als Lehrkraft eine Vorbildfunktion. Doch wie stark k\u00f6nnen Sie Kinder beeinflussen, die zu ihren antidemokratischen Eltern aufsehen oder gar von ihnen indoktriniert werden?<\/p>\n<p>Viele Stra\u00dfenz\u00fcge oder Stadtteile sind bezogen auf <strong>sozialen Status<\/strong> oder <strong>Ethnie<\/strong> ziemlich <strong>homogen<\/strong> <strong>bev\u00f6lkert<\/strong>. Auch in gemischten Stadtteilen findet man eher ein Nebeneinander als ein Miteinander. Leider befeuert diese Tatsache bereits eine gedankliche Unterscheidung zwischen \u201euns\u201c und \u201edenen\u201c. Oft gibt es wenig Kontakt zu \u201eden anderen\u201c, was wiederum ein fruchtbarer Boden f\u00fcr Vorurteile und Diskriminierung ist.<\/p>\n<p>Man m\u00f6chte sich vielleicht <strong>abgrenzen<\/strong>, doch auch wenn man Kontakt zu anderen Gruppen sucht, gelingt das nicht immer, denn <strong>Verachtung<\/strong>, <strong>Vorurteile<\/strong> oder <strong>Angst<\/strong> existieren oftmals auf beiden Seiten. Und nur eine pers\u00f6nliche schlechte Erfahrung kann reichen, um eine lebenslange diskriminierende Meinung zu initiieren.<\/p>\n<p><strong>Mangelnder Kontakt, Nichtwissen, Unverst\u00e4ndnis und Vorurteile<\/strong> f\u00fchren unweigerlich dazu, dass man sich noch weniger zugeh\u00f6rig f\u00fchlt, sich noch weiter abgrenzt und somit nat\u00fcrlich auch noch weiter voneinander entfernt. Und weil man sich am liebsten mit Menschen umgibt, die \u00e4hnlich denken, leben viele Menschen in ihrer eigenen <strong>Echokammer<\/strong>, sodass die eigene Meinung immer wieder aufs Neue best\u00e4tigt wird. Wenn dann ein einzelner Mensch widerspricht, vielleicht auch ein ganzes Dutzend, wird das kaum dazu f\u00fchren, die eigenen \u00dcberzeugungen \u00fcber Bord zu werfen und sich von seiner Familie oder seinen Freunden zu distanzieren. Wer eine andere Meinung hat als die eigene, ist schnell auch einfach \u201eeiner von den anderen\u201c.<\/p>\n<p>Prinzipiell ist es ja gut, Meinungen zu haben, an denen man festh\u00e4lt. Wo k\u00e4men wir hin, wenn wir von unserem Berufswunsch, unserem Hobby, unseren Lieblingsk\u00fcnstlern und Bekannten ablassen und uns neue suchen, nur weil wir gelegentlich h\u00f6ren, dass unsere Wahl nicht richtig sei?<\/p>\n<p>Der Kampf gegen bestehende \u00dcberzeugungen ist kompliziert und langwierig \u2013 zumindest, wenn er nicht mit Strafen und Verboten einhergeht, wie es in Diktaturen der Fall ist. Auch dann \u00e4ndern sich \u00dcberzeugungen nicht; sie werden nur nicht mehr ge\u00e4u\u00dfert.<\/p>\n<p><strong>Das subjektive Empfinden von Richtig und Falsch<\/strong><\/p>\n<p>Wir d\u00fcrfen nicht vergessen, dass demokratiefeindliche \u00dcberzeugungen Rassisten und anderen als richtig bzw. logisch erscheinen, auch wenn Demokratiefreunde das g\u00e4nzlich anders sehen. Gleichzeitig tut es einem Antisemiten nicht weh, antisemitisch zu sein und ein Sexist leidet ebenfalls nicht unter seinem eigenen Verhalten, sondern nur sein Umfeld.<\/p>\n<p>Au\u00dferdem bleibt der Mensch gern bei seiner einmal gefassten Meinung und liebt Ver\u00e4nderungen nur bedingt. (Vielleicht haben Sie auch schon mal jemanden nach dem Warum gefragt und als Antwort bekommen: \u201eDas haben wir schon immer so gemacht.\u201c)<\/p>\n<p>\u00dcbertragen auf ein harmloses Beispiel: Wenn Sie Weihnachten schon immer gern gefeiert haben, werden Sie wohl kaum davon ablassen, nur weil andere es Ihnen raten und daf\u00fcr vielleicht sogar logische Gr\u00fcnde haben (weniger Stress, weniger Streit, weniger Konsum, mehr Zeit, weniger V\u00f6llerei \u2013 und au\u00dferdem glaubst du doch gar nicht an Gott!). Denn Sie werden schon Ihre eigenen Gr\u00fcnde f\u00fcr Ihre Entscheidung haben, sonst w\u00fcrden Sie wohl nicht feiern. Gl\u00fccklicherweise kommt dadurch an dieser Stelle niemand zu Schaden.<\/p>\n<p>Es ist gar nicht so einfach, die eigenen <strong>\u00dcberzeugungen<\/strong> und <strong>Glaubenss\u00e4tze <\/strong>zu <strong>ver\u00e4ndern<\/strong>, auch wenn man es selbst will. Dazu sind sie schon zu lange bei uns und zu tief in uns verwurzelt.<\/p>\n<\/div><\/section><\/div>\n\n<style type=\"text\/css\" data-created_by=\"avia_inline_auto\" id=\"style-css-av-2e1mc76-1775d0ff3c8c405a8c292f2de5792f85\">\n.flex_column.av-2e1mc76-1775d0ff3c8c405a8c292f2de5792f85{\nborder-radius:0px 0px 0px 0px;\npadding:0px 0px 0px 0px;\n}\n<\/style>\n<div  class='flex_column av-2e1mc76-1775d0ff3c8c405a8c292f2de5792f85 av_one_full  avia-builder-el-26  el_after_av_one_full  el_before_av_one_full  first flex_column_div av-zero-column-padding  column-top-margin'     ><section  class='av_textblock_section av-lqxhl8zd-db3103351e019b619a1f3b9d0397e1eb '  ><div class='avia_textblock infoboxBlue' ><p><strong>Kognitive Dissonanz <\/strong><\/p>\n<p>Wenn man sich widersprechende Gedanken, Meinungen oder Gef\u00fchle hat, entsteht ein Konflikt, der als kognitive Dissonanz bezeichnet wird. Betroffene bem\u00fchen sich, diesen Konflikt aufzul\u00f6sen, indem sie ausweichen, relativieren, sich rechtfertigen oder am Thema vorbei argumentieren. F\u00fcr Au\u00dfenstehende sind solche Dissonanzen meistens besser zu erkennen als f\u00fcr denjenigen, der sie empfindet.<\/p>\n<p>Einige Beispiele:<\/p>\n<ul>\n<li>Jemand schimpft auf \u201edie Ausl\u00e4nder\u201c, isst aber gern D\u00f6ner, weil das ja \u201ewas anderes\u201c sei, s. auch \u201eSascha \u2026 ein aufrechter Deutscher\u201c von Die Toten Hosen.<\/li>\n<li>Der T\u00e4ter bezeichnet die Frau, die er vergewaltigt hat, als Schlampe, oder verweist darauf, dass sie einen kurzen Rock getragen habe.<\/li>\n<li>Ein Raucher wei\u00df um die gesundheitssch\u00e4dlichen Folgen seines Verhaltens, relativiert sie aber durch Aussagen wie \u201eAch, immerhin mache ich Sport!\u201c<\/li>\n<li>Jemand kauft einen Standmixer und stellt im Nachhinein fest, dass er preislich \u00fcbers Ohr gehauen wurde. Statt das zuzugeben, sagt er: \u201eNa, immerhin habe ich jetzt endlich einen und kann mir jeden Morgen einen Smoothie machen\u201c (was er wahrscheinlich nicht tun wird).<\/li>\n<li>Ein in Deutschland lebender Albaner wettert gegen Rum\u00e4nen, die nach Deutschland kommen, weil er ja schon viel l\u00e4nger hier sei und au\u00dferdem arbeite.<\/li>\n<\/ul>\n<p>Ja, das klingt alles nicht ganz logisch und wenig einsichtig \u2013 doch wir alle unterliegen im Alltag st\u00e4ndig solchen kognitiven Dissonanzen. Es ist eben nicht leicht, eigene Fehler einzusehen, eigenes Verhalten infrage zu stellen oder auch nur einzugestehen, dass man sich unlogisch verh\u00e4lt. Auch ein Blick in die Liste kognitiver Verzerrungen bei Wikipedia lohnt sich.<\/p>\n<\/div><\/section><\/div>\n\n<style type=\"text\/css\" data-created_by=\"avia_inline_auto\" id=\"style-css-av-72gxz6-481275e72f50c47c8e21d034b485c676\">\n.flex_column.av-72gxz6-481275e72f50c47c8e21d034b485c676{\nborder-radius:0px 0px 0px 0px;\npadding:0px 0px 0px 0px;\n}\n<\/style>\n<div  class='flex_column av-72gxz6-481275e72f50c47c8e21d034b485c676 av_one_full  avia-builder-el-28  el_after_av_one_full  el_before_av_one_full  first flex_column_div av-zero-column-padding  column-top-margin'     ><section  class='av_textblock_section av-lqxhm9ot-b95c1dbbb43faeee14d043c4b4aa812f '  ><div class='avia_textblock' >\n<style type=\"text\/css\" data-created_by=\"avia_inline_auto\" id=\"style-css-av-1gbnhqa-e73f805c26185181b31599cd7b4b1fb4\">\n#top .hr.hr-invisible.av-1gbnhqa-e73f805c26185181b31599cd7b4b1fb4{\nheight:20px;\n}\n<\/style>\n<div  class='hr av-1gbnhqa-e73f805c26185181b31599cd7b4b1fb4 hr-invisible  avia-builder-el-30  avia-builder-el-no-sibling '><span class='hr-inner '><span class=\"hr-inner-style\"><\/span><\/span><\/div>\n<h2 id=\"4\" class=\"position\"><strong>Religion als un\u00fcberbr\u00fcckbare Differenz? <\/strong><\/h2>\n<p>Religion kann ein hei\u00dfes Eisen sein \u2013 denken wir nur an die Kreuzz\u00fcge. Im Alltag vieler Ihrer Kinder spielt Religion bestimmt eine Rolle, doch erst als Jugendlicher oder Erwachsener ger\u00e4t man aneinander, wenn <strong>unterschiedliche Glaubensrichtungen<\/strong> oder auch <strong>unterschiedliches Praktizieren<\/strong> desselben Glaubens aufeinandertreffen.<\/p>\n<p>Die Freiheit des Einen endet dort, wo die des N\u00e4chsten beginnt. <strong>Toleranz<\/strong> ist der Schl\u00fcssel, und zwar von allen Seiten. Man muss nicht an dasselbe glauben, um sich zu m\u00f6gen, zu verstehen und dieselben Interessen und Werte zu teilen. Auch hier hilft Reden, um die <strong>verschiedenen Religionen kennenzulernen<\/strong> und sich auszutauschen. Dann stellt man fest, wie viel die Religionen miteinander gemeinsam haben. F\u00fcr Kinder und oft auch f\u00fcr Erwachsene ist das spannend. Es gibt viele M\u00f6glichkeiten, sich mit diesem Thema zu befassen, z. B. diese:<\/p>\n<ul>\n<li>Geschichten, z. B. mit dem Kamishibai (in unserem Onlineshop finden Sie die <a href=\"https:\/\/www.backwinkel.de\/prod\/kamishibai-bildkarten-weltreligionen-was-uns-verbindet.html\" target=\"_blank\" rel=\"noopener\">Bildkarten<\/a> dazu)<\/li>\n<li>gemeinsames Malen, Singen und Basteln<\/li>\n<li>gemeinsames Kochen oder Essen<\/li>\n<li>Feiertage, Traditionen und Symbole kennenlernen<\/li>\n<li>Besuche von Kirchen, Moscheen und Synagogen<\/li>\n<\/ul>\n<p>Un\u00fcberbr\u00fcckbar werden die Differenzen erst, wenn <strong>Extremismus<\/strong> ins Spiel kommt. F\u00fcr den sind Kinder gl\u00fccklicherweise wenig anf\u00e4llig, selbst wenn ihr Umfeld oder ihre Familie entsprechende Tendenzen aufweisen. Daher gilt auch hier: Fragen Sie bei auff\u00e4lligen \u00c4u\u00dferungen nach. Wenn ein Kind ein anderes aufgrund seines Glaubens verspottet oder angreift oder im Unterricht eine diskriminierende Aussage macht (\u201eDie ist komisch, die isst kein Schweinefleisch\u201c, \u201eGott hei\u00dft doch nicht Allah\u201c, \u201eMit dem will ich nicht zusammenarbeiten, der ist Jude\/Moslem\/Christ\u201c etc.), haken Sie nach, erkl\u00e4ren Sie, thematisieren Sie Glaubensrichtungen objektiv im Klassenverband. Nutzen Sie als anschauliche Unterst\u00fctzung z. B. Bildkarten: <a href=\"https:\/\/www.backwinkel.de\/prod\/weltreligionen-80-bild-impulse.html\" target=\"_blank\" rel=\"noopener\">80 Bild-Impulse zu den f\u00fcnf Weltreligionen<\/a>.<\/p>\n<p>Mehr \u00fcber Feste unterschiedlicher Kulturen lesen Sie auch in unserem Beitr\u00e4gen <a href=\"https:\/\/www.backwinkel.de\/blog\/lichterfeste-der-kulturen\/\" target=\"_blank\" rel=\"noopener\">Lichterfeste der Kulturen: Hanukkah, Diwali, Weihnachten<\/a> und <a href=\"https:\/\/www.backwinkel.de\/blog\/opferfest\/\" target=\"_blank\" rel=\"noopener\">Opferfest \u2013 Ursprung, Rituale und Bedeutung des h\u00f6chsten islamischen Feiertags<\/a>.<\/p>\n<\/div><\/section><\/div>\n\n<style type=\"text\/css\" data-created_by=\"avia_inline_auto\" id=\"style-css-av-1291r36-6eff0def035878fbfbb5643783eb954f\">\n.flex_column.av-1291r36-6eff0def035878fbfbb5643783eb954f{\nborder-radius:0px 0px 0px 0px;\npadding:0px 0px 0px 0px;\n}\n<\/style>\n<div  class='flex_column av-1291r36-6eff0def035878fbfbb5643783eb954f av_one_full  avia-builder-el-31  el_after_av_one_full  el_before_av_one_third  first flex_column_div av-zero-column-padding  column-top-margin'     ><section  class='av_textblock_section av-lqxhmy38-d3367e8a396ad2c7b39de22b73511824 '  ><div class='avia_textblock' >\n<style type=\"text\/css\" data-created_by=\"avia_inline_auto\" id=\"style-css-av-ns7r36-3db36a14b28cb3a2218ceadf672a62aa\">\n#top .hr.hr-invisible.av-ns7r36-3db36a14b28cb3a2218ceadf672a62aa{\nheight:20px;\n}\n<\/style>\n<div  class='hr av-ns7r36-3db36a14b28cb3a2218ceadf672a62aa hr-invisible  avia-builder-el-33  avia-builder-el-no-sibling '><span class='hr-inner '><span class=\"hr-inner-style\"><\/span><\/span><\/div>\n<h2 id=\"5\" class=\"position\"><strong>Gibt es eine L\u00f6sung f\u00fcr mehr Toleranz? <\/strong><\/h2>\n<p>Zumindest gibt es viele Ideen, Vorschl\u00e4ge und bereits existierende Angebote. Am meisten lernen wir Menschen durch Handeln. Es gibt bereits tolle Projekte rund ums Thema Demokratie f\u00fcr Kinder. Viele davon haben Sch\u00fclerinnen und Sch\u00fcler ab Sekundarstufe I als Zielgruppe, viele sind regional und es gibt eine Menge Tr\u00e4ger und Stiftungen, die verschiedene Angebote im Programm haben.<\/p>\n<p>Leider findet man Internetseiten, die auf regionale Ansprechpartner verweisen oder einen \u00dcberblick \u00fcber alle bestehenden Projekte bieten, nicht so einfach. (Diese Schwierigkeit in der Recherche greift auch eine Expertise f\u00fcr das Deutsche Jugendinstitut aus dem Jahr 2021 auf.)<\/p>\n<p>Am Ende unseres Beitrags finden Sie Materialien und Links. Wenn Sie konkrete Projekte planen, lohnt sich die <strong>Kontaktaufnahme mit verschiedenen Stiftungen<\/strong> oder auch Partnern und <strong>Vereinen vor Ort<\/strong>. Je mehr man \u00fcber das Fremde lernt, desto vertrauter wird es, desto weniger Unbehagen versp\u00fcrt man, desto weniger Raum bleibt f\u00fcr Vorurteile und Diskriminierung. Aber es ist ein langer Weg: nicht nur hin zu demokratischen \u00dcberzeugungen des Einzelnen, sondern auch bis zu einer gelungenen, langfristigen Umsetzung von Projekten wie Workshops, Summer Camps, AGs, Wettbewerben u. \u00c4.<\/p>\n<p>Solche <strong>Langzeitprojekte<\/strong> kann und muss keine Schule alleine stemmen. Es braucht <strong>Unterst\u00fctzung seitens der Regierung<\/strong>, und <strong>Angebote au\u00dferhalb der Schule<\/strong>, beispielsweise in den Ferien, sowie externe Experten oder Ehrenamtler, die die Schulen unterst\u00fctzen.<\/p>\n<p>Vielleicht w\u00e4re auch eine <strong>Anpassung der Curricula<\/strong> eine Option. Doch solche Prozesse dauern und die Priorit\u00e4tensetzung stellt sich vermutlich reichlich komplex dar, vor allem, weil schon seit vielen Jahren eine Diskrepanz zwischen den Forderungen der Politik und der Umsetzbarkeit in der Praxis herrscht \u2013 nicht nur bezogen auf das Thema Demokratiebildung.<\/p>\n<p>Au\u00dfer Frage steht, dass der <strong>zunehmende Lehrermangel<\/strong> sowohl Lehrkr\u00e4fte als auch Schulen vor immer gr\u00f6\u00dfere Herausforderungen stellt. Auch ohne zus\u00e4tzliche Unterrichtseinheiten, AGs und Wettbewerbe zur Demokratiebildung.<\/p>\n<p>Mehr Informationen finden Sie auch in unserem Beitrag <a href=\"https:\/\/www.backwinkel.de\/blog\/demokratiebildung\/\" target=\"_blank\" rel=\"noopener\">Miteinander lernen: So geht Demokratiebildung in der Grundschule<\/a>.<\/p>\n<\/div><\/section><\/div>\n<div class='flex_column_table av-ioxdto-ec14c1f0eafd4a04ca12607db6baeedc sc-av_one_third av-equal-height-column-flextable'>\n<style type=\"text\/css\" data-created_by=\"avia_inline_auto\" id=\"style-css-av-ioxdto-ec14c1f0eafd4a04ca12607db6baeedc\">\n.flex_column.av-ioxdto-ec14c1f0eafd4a04ca12607db6baeedc{\nborder-width:1px;\nborder-color:#ebebeb;\nborder-style:solid;\nborder-radius:0px 0px 0px 0px;\npadding:10px 10px 10px 10px;\n}\n<\/style>\n<div  class='flex_column av-ioxdto-ec14c1f0eafd4a04ca12607db6baeedc av_one_third  avia-builder-el-34  el_after_av_one_full  el_before_av_one_third  first flex_column_table_cell av-equal-height-column av-align-top  column-top-margin'     ><p><section  class='av_textblock_section av-l7elhcb4-05742cfa5c91e6d948714cf197d7f53f '  ><div class='avia_textblock' ><p><img decoding=\"async\" class=\"alignnone wp-image-13077 \" src=\"https:\/\/blog.backwinkel.de\/wp-content\/uploads\/2024\/01\/18295_konflikt-und-sozialverhalten_02_freigestellt.jpg\" alt=\"\" width=\"263\" height=\"263\" srcset=\"https:\/\/www.backwinkel.de\/blog\/wp-content\/uploads\/2024\/01\/18295_konflikt-und-sozialverhalten_02_freigestellt.jpg 700w, https:\/\/www.backwinkel.de\/blog\/wp-content\/uploads\/2024\/01\/18295_konflikt-und-sozialverhalten_02_freigestellt-36x36.jpg 36w, https:\/\/www.backwinkel.de\/blog\/wp-content\/uploads\/2024\/01\/18295_konflikt-und-sozialverhalten_02_freigestellt-180x180.jpg 180w\" sizes=\"(max-width: 263px) 100vw, 263px\" \/><\/p>\n<p style=\"font-size: 20px; font-family: urw_grotesk_extra_narrowrg; text-align: left;\">Konflikt- und Sozialverhalten<\/p>\n<p style=\"text-align: left;\"><div  class='avia-button-wrap av-i5l83g-5c476d4f7210861903e0eb3f909d7694-wrap avia-button-center  avia-builder-el-36  avia-builder-el-no-sibling '><a href='https:\/\/www.backwinkel.de\/prod\/konflikt-und-sozialverhalten-reflektieren.html'  class='avia-button av-i5l83g-5c476d4f7210861903e0eb3f909d7694 av-link-btn avia-icon_select-no avia-size-medium avia-position-center avia-color-theme-color'  target=\"_blank\"  rel=\"noopener noreferrer\"  aria-label=\"zum Produkt\"><span class='avia_iconbox_title' >zum Produkt<\/span><\/a><\/div><\/p>\n<\/div><\/section><br \/>\n\n<style type=\"text\/css\" data-created_by=\"avia_inline_auto\" id=\"style-css-av-g0g38s-ce499c13c018dbb7298d8bbbef42f017\">\n#top .hr.hr-invisible.av-g0g38s-ce499c13c018dbb7298d8bbbef42f017{\nheight:20px;\n}\n<\/style>\n<div  class='hr av-g0g38s-ce499c13c018dbb7298d8bbbef42f017 hr-invisible  avia-builder-el-37  el_after_av_textblock  avia-builder-el-last '><span class='hr-inner '><span class=\"hr-inner-style\"><\/span><\/span><\/div><\/p><\/div>\n<div class='av-flex-placeholder'><\/div>\n<style type=\"text\/css\" data-created_by=\"avia_inline_auto\" id=\"style-css-av-dpmha4-8db092c8d42380ff76fe837638b3593c\">\n.flex_column.av-dpmha4-8db092c8d42380ff76fe837638b3593c{\nborder-width:1px;\nborder-color:#ebebeb;\nborder-style:solid;\nborder-radius:0px 0px 0px 0px;\npadding:10px 10px 10px 10px;\n}\n<\/style>\n<div  class='flex_column av-dpmha4-8db092c8d42380ff76fe837638b3593c av_one_third  avia-builder-el-38  el_after_av_one_third  el_before_av_one_third  flex_column_table_cell av-equal-height-column av-align-top  column-top-margin'     ><p><section  class='av_textblock_section av-bu6a5o-adff641327cef1a6b0e5bcb473cf987b '  ><div class='avia_textblock' ><p><img decoding=\"async\" class=\"alignnone wp-image-13079 size-full\" src=\"https:\/\/blog.backwinkel.de\/wp-content\/uploads\/2024\/01\/42779_was-uns-verbindet_a.jpg\" alt=\"\" width=\"700\" height=\"495\" \/><\/p>\n<p style=\"font-size: 20px; font-family: urw_grotesk_extra_narrowrg; text-align: left;\">Kamishibai-Bildkarten, Weltreligion<\/p>\n<p style=\"text-align: left;\"><div  class='avia-button-wrap av-b9ewak-6120e2d96e5ea6c59e64d4b342b92aac-wrap avia-button-center  avia-builder-el-40  avia-builder-el-no-sibling '><a href='https:\/\/www.backwinkel.de\/prod\/kamishibai-bildkarten-weltreligionen-was-uns-verbindet.html'  class='avia-button av-b9ewak-6120e2d96e5ea6c59e64d4b342b92aac av-link-btn avia-icon_select-no avia-size-medium avia-position-center avia-color-theme-color'  target=\"_blank\"  rel=\"noopener noreferrer\"  aria-label=\"zum Produkt\"><span class='avia_iconbox_title' >zum Produkt<\/span><\/a><\/div><\/p>\n<\/div><\/section><br \/>\n\n<style type=\"text\/css\" data-created_by=\"avia_inline_auto\" id=\"style-css-av-98zau4-97afd58dea2aa3cbc7341221ea243b4d\">\n#top .hr.hr-invisible.av-98zau4-97afd58dea2aa3cbc7341221ea243b4d{\nheight:20px;\n}\n<\/style>\n<div  class='hr av-98zau4-97afd58dea2aa3cbc7341221ea243b4d hr-invisible  avia-builder-el-41  el_after_av_textblock  avia-builder-el-last '><span class='hr-inner '><span class=\"hr-inner-style\"><\/span><\/span><\/div><\/p><\/div>\n<div class='av-flex-placeholder'><\/div>\n<style type=\"text\/css\" data-created_by=\"avia_inline_auto\" id=\"style-css-av-7gup9o-d4a0bff7234bad7305d3fdc0aa1fc721\">\n.flex_column.av-7gup9o-d4a0bff7234bad7305d3fdc0aa1fc721{\nborder-width:1px;\nborder-color:#ebebeb;\nborder-style:solid;\nborder-radius:0px 0px 0px 0px;\npadding:10px 10px 10px 10px;\n}\n<\/style>\n<div  class='flex_column av-7gup9o-d4a0bff7234bad7305d3fdc0aa1fc721 av_one_third  avia-builder-el-42  el_after_av_one_third  el_before_av_hr  flex_column_table_cell av-equal-height-column av-align-top  column-top-margin'     ><p><section  class='av_textblock_section av-5xc8to-a8b217bf582573b4083a53d3a58684c5 '  ><div class='avia_textblock' ><p><img decoding=\"async\" class=\"alignnone wp-image-13080 size-full\" src=\"https:\/\/blog.backwinkel.de\/wp-content\/uploads\/2024\/01\/42785_80-bildimpulse.jpg\" alt=\"\" width=\"700\" height=\"494\" \/><\/p>\n<p style=\"font-size: 20px; font-family: urw_grotesk_extra_narrowrg; text-align: left;\">80Bild-Impulse f\u00fcr Religion und Ethik<\/p>\n<p style=\"text-align: left;\"><div  class='avia-button-wrap av-42izbg-924f2d3983bd3f7854ce5800c00aadd4-wrap avia-button-center  avia-builder-el-44  avia-builder-el-no-sibling '><a href='https:\/\/www.backwinkel.de\/prod\/80-bild-impulse-fuer-religion-und-ethik.html'  class='avia-button av-42izbg-924f2d3983bd3f7854ce5800c00aadd4 av-link-btn avia-icon_select-no avia-size-medium avia-position-center avia-color-theme-color'  target=\"_blank\"  rel=\"noopener noreferrer\"  aria-label=\"zum Produkt\"><span class='avia_iconbox_title' >zum Produkt<\/span><\/a><\/div><\/p>\n<\/div><\/section><br \/>\n\n<style type=\"text\/css\" data-created_by=\"avia_inline_auto\" id=\"style-css-av-34kmos-bf82b2f0bad2874622f6b66562996b15\">\n#top .hr.hr-invisible.av-34kmos-bf82b2f0bad2874622f6b66562996b15{\nheight:20px;\n}\n<\/style>\n<div  class='hr av-34kmos-bf82b2f0bad2874622f6b66562996b15 hr-invisible  avia-builder-el-45  el_after_av_textblock  avia-builder-el-last '><span class='hr-inner '><span class=\"hr-inner-style\"><\/span><\/span><\/div><\/p><\/div><\/div><!--close column table wrapper. Autoclose: 1 -->\n\n<style type=\"text\/css\" data-created_by=\"avia_inline_auto\" id=\"style-css-av-kz7pcc-998c523973ce04bd41c056e7ad17fd36\">\n#top .hr.av-kz7pcc-998c523973ce04bd41c056e7ad17fd36{\nmargin-top:10px;\nmargin-bottom:10px;\n}\n.hr.av-kz7pcc-998c523973ce04bd41c056e7ad17fd36 .hr-inner{\nwidth:500;\n}\n<\/style>\n<div  class='hr av-kz7pcc-998c523973ce04bd41c056e7ad17fd36 hr-custom  avia-builder-el-46  el_after_av_one_third  el_before_av_one_full  hr-left hr-icon-no'><span class='hr-inner inner-border-av-border-none'><span class=\"hr-inner-style\"><\/span><\/span><\/div>\n\n<style type=\"text\/css\" data-created_by=\"avia_inline_auto\" id=\"style-css-av-3tembw-a1c4b21fc3f6f2fd3d0d32482ae74cc6\">\n.flex_column.av-3tembw-a1c4b21fc3f6f2fd3d0d32482ae74cc6{\nborder-radius:0px 0px 0px 0px;\npadding:10px 10px 10px 10px;\nbackground-color:#f2f2f2;\n}\n<\/style>\n<div  class='flex_column av-3tembw-a1c4b21fc3f6f2fd3d0d32482ae74cc6 av_one_full  avia-builder-el-47  el_after_av_hr  el_before_av_one_full  first flex_column_div  '     ><section  class='av_textblock_section av-2hcanw-354275dfda09aacb13c8894d92e606ed '  ><div class='avia_textblock' ><p class=\"fussnoten-quellen\"><strong>Lesestoff:<\/strong><\/p>\n<p>Flyer und Materialien (kostenlose PDF) zur politischen Bildung:<br \/>\n<a href=\"https:\/\/www.bpb.de\/shop\/materialien\/weitere\/\" target=\"_blank\" rel=\"noopener\">https:\/\/www.bpb.de\/shop\/materialien\/weitere\/<\/a><\/p>\n<p>umfangreiche Informationen und Materialien zum Projekt \u201eDemokratiekosmos Schule\u201c:<br \/>\n<a href=\"https:\/\/www.handmadekultur.de\/projekte\/kranz-binden\" target=\"_blank\" rel=\"noopener\">https:\/\/www.bpb.de\/themen\/bildung\/dekos\/<\/a><\/p>\n<p>Liste nationaler Antidiskriminierungsstellen des B\u00fcros zur Umsetzung von Gleichbehandlung e. V.:<br \/>\n<a href=\"https:\/\/www.bug-ev.org\/links\/beratungsstellen\" target=\"_blank\" rel=\"noopener\">https:\/\/www.bug-ev.org\/links\/beratungsstellen<\/a><\/p>\n<p>Internetpr\u00e4senz der Deutschen Gesellschaft f\u00fcr Demokratiep\u00e4dagogik e. V.:<br \/>\n<a href=\"https:\/\/degede.de\/\" target=\"_blank\" rel=\"noopener\">https:\/\/degede.de\/<\/a><\/p>\n<p>Deutsche Kinder- und Jugendstiftung: Methodensammlung \u201eLernorte der Demokratie im Vor- und Grundschulalter\u201c, 2009:<br \/>\n<a href=\"https:\/\/www.dkjs.de\/fileadmin\/Redaktion\/Dokumente\/themen\/Fruehe_Bildung\/Methodenmappe_Demokratie_Anfang_Auflage_4.pdf\" target=\"_blank\" rel=\"noopener\">https:\/\/www.dkjs.de\/fileadmin\/Redaktion\/Dokumente\/themen\/Fruehe_Bildung\/Methodenmappe_Demokratie_Anfang_Auflage_4.pdf<\/a><\/p>\n<p>Studie \u201eDie distanzierte Mitte \u2013 rechtsextreme und demokratiegef\u00e4hrdende Einstellungen in Deutschland 2022\/23\u201c, herausgegeben f\u00fcr die Friedrich-Ebert-Stiftung von Franziska Schr\u00f6ter, 2023:<br \/>\n<a href=\"https:\/\/www.fes.de\/index.php?eID=dumpFile&amp;t=f&amp;f=91776&amp;token=3821fe2a05aff649791e9e7ebdb18eabdae3e0fd\" target=\"_blank\" rel=\"noopener\">https:\/\/www.fes.de\/index.php?eID=dumpFile&amp;t=f&amp;f=91776&amp;token=3821fe2a05aff649791e9e7ebdb18eabdae3e0fd<\/a><\/p>\n<p>Materialsammlung zur Demokratiebildung in Kita und Grundschule:<br \/>\n<a href=\"https:\/\/integration.stiftung-kinder-forschen.de\/hintergrund\/weiterfuehrende-links\/weiterfuehrende-links-demokratiebildung\" target=\"_blank\" rel=\"noopener\">https:\/\/integration.stiftung-kinder-forschen.de\/hintergrund\/weiterfuehrende-links\/weiterfuehrende-links-demokratiebildung<\/a><\/p>\n<p>Leitfaden Demokratiebildung des Ministeriums f\u00fcr Kultur, Jugend und Sport in Baden-W\u00fcrttemberg, 2019:<br \/>\n<a href=\"https:\/\/km-bw.de\/site\/pbs-bw-km-root\/get\/documents_E-2008466037\/KULTUS.Dachmandant\/KULTUS\/KM-Homepage\/Publikationen%202019\/2019_Leitfaden%20Demokratiebildung.pdf\" target=\"_blank\" rel=\"noopener\">https:\/\/km-bw.de\/site\/pbs-bw-km-root\/get\/documents_E-2008466037\/KULTUS.Dachmandant\/KULTUS\/KM-Homepage\/Publikationen%202019\/2019_Leitfaden%20Demokratiebildung.pdf<\/a><\/p>\n<p>Materialsammlung zum Thema Demokratiebildung:<br \/>\n<a href=\"https:\/\/www.kmk.org\/themen\/allgemeinbildende-schulen\/weitere-unterrichtsinhalte-und-themen\/demokratiebildung.html\" target=\"_blank\" rel=\"noopener\">https:\/\/www.kmk.org\/themen\/allgemeinbildende-schulen\/weitere-unterrichtsinhalte-und-themen\/demokratiebildung.html<\/a><\/p>\n<p>Liste deutschlandweiter Demokratie-Projekte f\u00fcr Grundschulen:<br \/>\n<a href=\"https:\/\/www.openion.de\/projekte\/?schule_form%5B%5D=4&amp;schule_ort\" target=\"_blank\" rel=\"noopener\">https:\/\/www.openion.de\/projekte\/?schule_form%5B%5D=4&amp;schule_ort<\/a><\/p>\n<p>Peyerl, Katrin, Z\u00fcchner, Ivo, Dotzert, Anna: Demokratief\u00f6rderung im Grundschulalter: Perspektiven auf den Hort und die Angebote der Kinder- und Jugendhilfe in der Ganztagsgrundschule \u2013 Eine Expertise f\u00fcr das Deutsche Jugendinstitut, 2021:<br \/>\n<a href=\"https:\/\/www.dji.de\/fileadmin\/user_upload\/DemokratieLeben\/Expertise_Demokratiefoerderung_im_Grundschulalter.pdf\" target=\"_blank\" rel=\"noopener\">https:\/\/www.dji.de\/fileadmin\/user_upload\/DemokratieLeben\/Expertise_Demokratiefoerderung_im_Grundschulalter.pdf<\/a><\/p>\n<p>Internetpr\u00e4senz des Modellprojekts Demokratische Schule mit einer gro\u00dfen Materialsammlung:<br \/>\n<a href=\"https:\/\/www.schule-der-demokratie.eu\/\" target=\"_blank\" rel=\"noopener\">https:\/\/www.schule-der-demokratie.eu\/<\/a><\/p>\n<p>https:\/\/de.wikipedia.org\/wiki\/Othering<\/p>\n<\/div><\/section><\/div>\n\n<style type=\"text\/css\" data-created_by=\"avia_inline_auto\" id=\"style-css-av-fqckto-d5350d06c16b17286c5e2ae288dcdba2\">\n.flex_column.av-fqckto-d5350d06c16b17286c5e2ae288dcdba2{\nborder-radius:0px 0px 0px 0px;\npadding:10px 10px 10px 10px;\n}\n<\/style>\n<div  class='flex_column av-fqckto-d5350d06c16b17286c5e2ae288dcdba2 av_one_full  avia-builder-el-49  el_after_av_one_full  el_before_av_one_full  first flex_column_div  column-top-margin'     ><section  class='av_textblock_section av-dh1mgc-1f1cdce34e8e6e00b3fada23e5365d1b '  ><div class='avia_textblock' ><p class=\"copyright\"><strong>\u00a9 Copyright \u2013 Urheberrechtshinweis<\/strong><br \/>\nAlle Inhalte auf www.backwinkel.de sowie www.backwinkel.de\/blog, insbesondere Texte, Fotografien und Grafiken, sind urheberrechtlich gesch\u00fctzt.<br \/>\nDas Urheberrecht liegt, soweit nicht ausdr\u00fccklich anders gekennzeichnet, bei der BACKWINKEL GmbH. Bitte fragen Sie uns, falls Sie die Inhalte dieses Internetangebotes verwenden m\u00f6chten.<br \/>\nWer gegen das Urheberrecht verst\u00f6\u00dft (z. B. Bilder oder Texte unerlaubt kopiert), macht sich gem. \u00a7\u00a7 106 ff UrhG strafbar, wird zudem kostenpflichtig abgemahnt und muss Schadensersatz leisten (\u00a7 97 UrhG).<\/p>\n<\/div><\/section><\/div>\n\n<style type=\"text\/css\" data-created_by=\"avia_inline_auto\" id=\"style-css-av-d5co4s-aedf4c432807ac740642c7127dd938f9\">\n.flex_column.av-d5co4s-aedf4c432807ac740642c7127dd938f9{\nborder-radius:0px 0px 0px 0px;\npadding:0px 0px 0px 0px;\n}\n<\/style>\n<div  class='flex_column av-d5co4s-aedf4c432807ac740642c7127dd938f9 av_one_full  avia-builder-el-51  el_after_av_one_full  el_before_av_one_full  first flex_column_div av-zero-column-padding  column-top-margin'     ><section  class='av_textblock_section av-a97ba4-7dd40c09d190f5324e4111b3d971dd4a '  ><div class='avia_textblock' ><div class=\"shariff shariff-align-left shariff-widget-align-left\"><ul class=\"shariff-buttons theme-color orientation-horizontal buttonsize-medium\"><li class=\"shariff-button whatsapp shariff-nocustomcolor\" style=\"background-color:#5cbe4a\"><a href=\"https:\/\/api.whatsapp.com\/send?text=https%3A%2F%2Fwww.backwinkel.de%2Fblog%2Fdemokratie%2F%20Rechtsextreme%20Einstellungen%20nehmen%20zu\" title=\"Bei Whatsapp teilen\" aria-label=\"Bei Whatsapp teilen\" role=\"button\" rel=\"noopener nofollow\" class=\"shariff-link\" style=\"; background-color:#34af23; color:#fff\" target=\"_blank\"><span class=\"shariff-icon\" style=\"\"><svg width=\"32px\" height=\"20px\" xmlns=\"http:\/\/www.w3.org\/2000\/svg\" viewBox=\"0 0 32 32\"><path fill=\"#34af23\" d=\"M17.6 17.4q0.2 0 1.7 0.8t1.6 0.9q0 0.1 0 0.3 0 0.6-0.3 1.4-0.3 0.7-1.3 1.2t-1.8 0.5q-1 0-3.4-1.1-1.7-0.8-3-2.1t-2.6-3.3q-1.3-1.9-1.3-3.5v-0.1q0.1-1.6 1.3-2.8 0.4-0.4 0.9-0.4 0.1 0 0.3 0t0.3 0q0.3 0 0.5 0.1t0.3 0.5q0.1 0.4 0.6 1.6t0.4 1.3q0 0.4-0.6 1t-0.6 0.8q0 0.1 0.1 0.3 0.6 1.3 1.8 2.4 1 0.9 2.7 1.8 0.2 0.1 0.4 0.1 0.3 0 1-0.9t0.9-0.9zM14 26.9q2.3 0 4.3-0.9t3.6-2.4 2.4-3.6 0.9-4.3-0.9-4.3-2.4-3.6-3.6-2.4-4.3-0.9-4.3 0.9-3.6 2.4-2.4 3.6-0.9 4.3q0 3.6 2.1 6.6l-1.4 4.2 4.3-1.4q2.8 1.9 6.2 1.9zM14 2.2q2.7 0 5.2 1.1t4.3 2.9 2.9 4.3 1.1 5.2-1.1 5.2-2.9 4.3-4.3 2.9-5.2 1.1q-3.5 0-6.5-1.7l-7.4 2.4 2.4-7.2q-1.9-3.2-1.9-6.9 0-2.7 1.1-5.2t2.9-4.3 4.3-2.9 5.2-1.1z\"\/><\/svg><\/span><span class=\"shariff-text\">teilen<\/span>&nbsp;<\/a><\/li><li class=\"shariff-button facebook shariff-nocustomcolor\" style=\"background-color:#4273c8\"><a href=\"https:\/\/www.facebook.com\/sharer\/sharer.php?u=https%3A%2F%2Fwww.backwinkel.de%2Fblog%2Fdemokratie%2F\" title=\"Bei Facebook teilen\" aria-label=\"Bei Facebook teilen\" role=\"button\" rel=\"nofollow\" class=\"shariff-link\" style=\"; background-color:#3b5998; color:#fff\" target=\"_blank\"><span class=\"shariff-icon\" style=\"\"><svg width=\"32px\" height=\"20px\" xmlns=\"http:\/\/www.w3.org\/2000\/svg\" viewBox=\"0 0 18 32\"><path fill=\"#3b5998\" d=\"M17.1 0.2v4.7h-2.8q-1.5 0-2.1 0.6t-0.5 1.9v3.4h5.2l-0.7 5.3h-4.5v13.6h-5.5v-13.6h-4.5v-5.3h4.5v-3.9q0-3.3 1.9-5.2t5-1.8q2.6 0 4.1 0.2z\"\/><\/svg><\/span><span class=\"shariff-text\">teilen<\/span>&nbsp;<\/a><\/li><li class=\"shariff-button twitter shariff-nocustomcolor\" style=\"background-color:#595959\"><a href=\"https:\/\/twitter.com\/share?url=https%3A%2F%2Fwww.backwinkel.de%2Fblog%2Fdemokratie%2F&text=Rechtsextreme%20Einstellungen%20nehmen%20zu\" title=\"Bei X teilen\" aria-label=\"Bei X teilen\" role=\"button\" rel=\"noopener nofollow\" class=\"shariff-link\" style=\"; background-color:#000; color:#fff\" target=\"_blank\"><span class=\"shariff-icon\" style=\"\"><svg width=\"32px\" height=\"20px\" xmlns=\"http:\/\/www.w3.org\/2000\/svg\" viewBox=\"0 0 24 24\"><path fill=\"#000\" d=\"M14.258 10.152L23.176 0h-2.113l-7.747 8.813L7.133 0H0l9.352 13.328L0 23.973h2.113l8.176-9.309 6.531 9.309h7.133zm-2.895 3.293l-.949-1.328L2.875 1.56h3.246l6.086 8.523.945 1.328 7.91 11.078h-3.246zm0 0\"\/><\/svg><\/span><span class=\"shariff-text\">teilen<\/span>&nbsp;<\/a><\/li><li class=\"shariff-button pinterest shariff-nocustomcolor\" style=\"background-color:#e70f18\"><a href=\"https:\/\/www.pinterest.com\/pin\/create\/link\/?url=https%3A%2F%2Fwww.backwinkel.de%2Fblog%2Fdemokratie%2F&media=https%3A%2F%2Fwww.backwinkel.de%2Fblog%2Fwp-content%2Fuploads%2F2023%2F11%2FRechtsextremismus-heroimage.jpg&description=Rechtsextreme%20Einstellungen%20nehmen%20zu\" title=\"Bei Pinterest pinnen\" aria-label=\"Bei Pinterest pinnen\" role=\"button\" rel=\"noopener nofollow\" class=\"shariff-link\" style=\"; background-color:#cb2027; color:#fff\" target=\"_blank\"><span class=\"shariff-icon\" style=\"\"><svg width=\"32px\" height=\"20px\" xmlns=\"http:\/\/www.w3.org\/2000\/svg\" viewBox=\"0 0 27 32\"><path fill=\"#cb2027\" d=\"M27.4 16q0 3.7-1.8 6.9t-5 5-6.9 1.9q-2 0-3.9-0.6 1.1-1.7 1.4-2.9 0.2-0.6 1-3.8 0.4 0.7 1.3 1.2t2 0.5q2.1 0 3.8-1.2t2.7-3.4 0.9-4.8q0-2-1.1-3.8t-3.1-2.9-4.5-1.2q-1.9 0-3.5 0.5t-2.8 1.4-2 2-1.2 2.3-0.4 2.4q0 1.9 0.7 3.3t2.1 2q0.5 0.2 0.7-0.4 0-0.1 0.1-0.5t0.2-0.5q0.1-0.4-0.2-0.8-0.9-1.1-0.9-2.7 0-2.7 1.9-4.6t4.9-2q2.7 0 4.2 1.5t1.5 3.8q0 3-1.2 5.2t-3.1 2.1q-1.1 0-1.7-0.8t-0.4-1.9q0.1-0.6 0.5-1.7t0.5-1.8 0.2-1.4q0-0.9-0.5-1.5t-1.4-0.6q-1.1 0-1.9 1t-0.8 2.6q0 1.3 0.4 2.2l-1.8 7.5q-0.3 1.2-0.2 3.2-3.7-1.6-6-5t-2.3-7.6q0-3.7 1.9-6.9t5-5 6.9-1.9 6.9 1.9 5 5 1.8 6.9z\"\/><\/svg><\/span><span class=\"shariff-text\">merken<\/span>&nbsp;<\/a><\/li><li class=\"shariff-button mailto shariff-nocustomcolor\" style=\"background-color:#a8a8a8\"><a href=\"mailto:?body=https%3A%2F%2Fwww.backwinkel.de%2Fblog%2Fdemokratie%2F&subject=Rechtsextreme%20Einstellungen%20nehmen%20zu\" title=\"Per E-Mail versenden\" aria-label=\"Per E-Mail versenden\" role=\"button\" rel=\"noopener nofollow\" class=\"shariff-link\" style=\"; background-color:#999; color:#fff\"><span class=\"shariff-icon\" style=\"\"><svg width=\"32px\" height=\"20px\" xmlns=\"http:\/\/www.w3.org\/2000\/svg\" viewBox=\"0 0 32 32\"><path fill=\"#999\" d=\"M32 12.7v14.2q0 1.2-0.8 2t-2 0.9h-26.3q-1.2 0-2-0.9t-0.8-2v-14.2q0.8 0.9 1.8 1.6 6.5 4.4 8.9 6.1 1 0.8 1.6 1.2t1.7 0.9 2 0.4h0.1q0.9 0 2-0.4t1.7-0.9 1.6-1.2q3-2.2 8.9-6.1 1-0.7 1.8-1.6zM32 7.4q0 1.4-0.9 2.7t-2.2 2.2q-6.7 4.7-8.4 5.8-0.2 0.1-0.7 0.5t-1 0.7-0.9 0.6-1.1 0.5-0.9 0.2h-0.1q-0.4 0-0.9-0.2t-1.1-0.5-0.9-0.6-1-0.7-0.7-0.5q-1.6-1.1-4.7-3.2t-3.6-2.6q-1.1-0.7-2.1-2t-1-2.5q0-1.4 0.7-2.3t2.1-0.9h26.3q1.2 0 2 0.8t0.9 2z\"\/><\/svg><\/span><span class=\"shariff-text\">E-Mail<\/span>&nbsp;<\/a><\/li><\/ul><\/div>\n<\/div><\/section><\/div>\n\n<style type=\"text\/css\" data-created_by=\"avia_inline_auto\" id=\"style-css-av-leyce6wr-aca459a5151fa423e49ebd2f0b0cba23\">\n.flex_column.av-leyce6wr-aca459a5151fa423e49ebd2f0b0cba23{\nborder-radius:0px 0px 0px 0px;\npadding:0px 0px 0px 0px;\nbackground-color:#f2f2f2;\n}\n<\/style>\n<div  class='flex_column av-leyce6wr-aca459a5151fa423e49ebd2f0b0cba23 av_one_full  avia-builder-el-53  el_after_av_one_full  el_before_av_one_full  first flex_column_div av-zero-column-padding  column-top-margin'     ><div  class='avia-builder-widget-area clearfix  avia-builder-el-54  avia-builder-el-no-sibling '><div id=\"text-29\" class=\"widget clearfix widget_text\"><h3 class=\"widgettitle\">Das BACKWINKEL-Blog-Team<\/h3>\t\t\t<div class=\"textwidget\"><p>Gibts auch ein Gesicht hinter dem BACKWINKEL-Blog? Nat\u00fcrlich. Sogar f\u00fcnf \ud83d\ude0a. Wir \u2013 Lukas, Marvin und Tatjana \u2013 bespielen unseren Blog im LACHEN LEBEN LERNEN-Firmensitz in Hattingen.<br \/>\nLukas kennt Onlinemarketing wie seine Westentasche, w\u00e4hrend Marvin unseren Beitr\u00e4gen den passenden gestalterischen Rahmen gibt und Tatjana mit dem gr\u00fcnen Korrekturstift alles pr\u00fcfend be\u00e4ugt, was unsere Freelancerautorinnen Elisa und Christine (und gern auch Gastautoren) aus der Ferne f\u00fcr den BACKWINKEL-Blog nach ordentlicher Recherche schreiben.<br \/>\nGemeinsam suchen wir st\u00e4ndig nach neuen, aufregenden Themen rund um das Thema Bildung im Kiga, der Schule und zu Hause. Und weil Sie da an der Quelle sitzen, freuen wir uns auf Ihre konstruktiven R\u00fcckmeldungen und Anregungen an blog[@]backwinkel.de<br \/>\nViel Spa\u00df beim LACHEN LESEN LERNEN!<\/p>\n<\/div>\n\t\t<\/div><\/div><\/div>\n\n<style type=\"text\/css\" data-created_by=\"avia_inline_auto\" id=\"style-css-av-21m96ev-10cefdecbd94bf771cc0a852db15e418\">\n.flex_column.av-21m96ev-10cefdecbd94bf771cc0a852db15e418{\nborder-radius:0px 0px 0px 0px;\npadding:0px 0px 0px 0px;\n}\n<\/style>\n<div  class='flex_column av-21m96ev-10cefdecbd94bf771cc0a852db15e418 av_one_full  avia-builder-el-55  el_after_av_one_full  avia-builder-el-last  first flex_column_div av-zero-column-padding  column-top-margin'     ><p>\n<style type=\"text\/css\" data-created_by=\"avia_inline_auto\" id=\"style-css-av-1l6t62f-7ea91fafe1c9fd8f01b5a5ee707950ce\">\n#top .hr.av-1l6t62f-7ea91fafe1c9fd8f01b5a5ee707950ce{\nmargin-top:10px;\nmargin-bottom:10px;\n}\n.hr.av-1l6t62f-7ea91fafe1c9fd8f01b5a5ee707950ce .hr-inner{\nwidth:500;\n}\n<\/style>\n<div  class='hr av-1l6t62f-7ea91fafe1c9fd8f01b5a5ee707950ce hr-custom  avia-builder-el-56  el_before_av_heading  avia-builder-el-first  hr-left hr-icon-no'><span class='hr-inner inner-border-av-border-thin'><span class=\"hr-inner-style\"><\/span><\/span><\/div><br \/>\n\n<style type=\"text\/css\" data-created_by=\"avia_inline_auto\" id=\"style-css-av-112w7mf-cf418d6f1ae2df284a50f174648cad51\">\n#top .av-special-heading.av-112w7mf-cf418d6f1ae2df284a50f174648cad51{\npadding-bottom:10px;\n}\nbody .av-special-heading.av-112w7mf-cf418d6f1ae2df284a50f174648cad51 .av-special-heading-tag .heading-char{\nfont-size:25px;\n}\n.av-special-heading.av-112w7mf-cf418d6f1ae2df284a50f174648cad51 .av-subheading{\nfont-size:15px;\n}\n<\/style>\n<div  class='av-special-heading av-112w7mf-cf418d6f1ae2df284a50f174648cad51 av-special-heading-h3 blockquote modern-quote  avia-builder-el-57  el_after_av_hr  el_before_av_blog '><h3 class='av-special-heading-tag '  >PASSENDE BEITR\u00c4GE<\/h3><div class=\"special-heading-border\"><div class=\"special-heading-inner-border\"><\/div><\/div><\/div><br \/>\n<div  data-slideshow-options=\"{&quot;animation&quot;:&quot;fade&quot;,&quot;autoplay&quot;:false,&quot;loop_autoplay&quot;:&quot;once&quot;,&quot;interval&quot;:5,&quot;loop_manual&quot;:&quot;manual-endless&quot;,&quot;autoplay_stopper&quot;:false,&quot;noNavigation&quot;:false,&quot;show_slide_delay&quot;:90}\" class='avia-content-slider avia-content-grid-active avia-content-slider1 avia-content-slider-odd  avia-builder-el-58  el_after_av_heading  avia-builder-el-last  av-slideshow-ui av-control-default   av-no-slider-navigation av-slideshow-manual av-loop-once av-loop-manual-endless ' ><div class=\"avia-content-slider-inner\"><div class=\"slide-entry-wrap\"><article class='slide-entry flex_column  post-entry post-entry-18716 slide-entry-overview slide-loop-1 slide-parity-odd  av_one_third first real-thumbnail posttype-post post-format-standard' ><a href='https:\/\/www.backwinkel.de\/blog\/rechnen-im-anfangsunterricht\/' data-rel='slide-1' class='slide-image' title='Rechnen im Anfangsunterricht'><img decoding=\"async\" fetchpriority=\"high\" width=\"1200\" height=\"628\" src=\"https:\/\/www.backwinkel.de\/blog\/wp-content\/uploads\/2026\/04\/04_Schule_Rechnen_anfangsunterricht.jpg\" class=\"wp-image-18748 avia-img-lazy-loading-not-18748 attachment-no scaling size-no scaling wp-post-image\" alt=\"\" \/><\/a><div class=\"slide-content\"><header class=\"entry-content-header\" aria-label=\"Slide: Rechnen im Anfangsunterricht\"><h3 class='slide-entry-title entry-title ' ><a href='https:\/\/www.backwinkel.de\/blog\/rechnen-im-anfangsunterricht\/' title='Rechnen im Anfangsunterricht'>Rechnen im Anfangsunterricht<\/a><\/h3><span class=\"blog-categories minor-meta\"><a href=\"https:\/\/www.backwinkel.de\/blog\/category\/schule-grundschule\/\" rel=\"tag\">Schule<\/a> <\/span><span class=\"av-vertical-delimiter\"><\/span><\/header><div class='slide-entry-excerpt entry-content' >Das Klassenzimmer als Lernlandschaft<\/div><\/div><footer class=\"entry-footer\"><div class=\"slide-meta\"><time class='slide-meta-time updated' >14. April 2026<\/time><\/div><\/footer><\/article><article class='slide-entry flex_column  post-entry post-entry-18177 slide-entry-overview slide-loop-2 slide-parity-even  av_one_third  real-thumbnail posttype-post post-format-standard' ><a href='https:\/\/www.backwinkel.de\/blog\/churermodell\/' data-rel='slide-1' class='slide-image' title='Churermodell'><img decoding=\"async\" fetchpriority=\"high\" width=\"1200\" height=\"628\" src=\"https:\/\/www.backwinkel.de\/blog\/wp-content\/uploads\/2026\/03\/03_Schule_Churermodell.jpg\" class=\"wp-image-18217 avia-img-lazy-loading-not-18217 attachment-no scaling size-no scaling wp-post-image\" alt=\"\" \/><\/a><div class=\"slide-content\"><header class=\"entry-content-header\" aria-label=\"Slide: Churermodell\"><h3 class='slide-entry-title entry-title ' ><a href='https:\/\/www.backwinkel.de\/blog\/churermodell\/' title='Churermodell'>Churermodell<\/a><\/h3><span class=\"blog-categories minor-meta\"><a href=\"https:\/\/www.backwinkel.de\/blog\/category\/schule-grundschule\/\" rel=\"tag\">Schule<\/a> <\/span><span class=\"av-vertical-delimiter\"><\/span><\/header><div class='slide-entry-excerpt entry-content' >Das Klassenzimmer als Lernlandschaft<\/div><\/div><footer class=\"entry-footer\"><div class=\"slide-meta\"><time class='slide-meta-time updated' >9. M\u00e4rz 2026<\/time><\/div><\/footer><\/article><article class='slide-entry flex_column  post-entry post-entry-18119 slide-entry-overview slide-loop-3 slide-parity-odd  post-entry-last  av_one_third  real-thumbnail posttype-post post-format-standard' ><a href='https:\/\/www.backwinkel.de\/blog\/digitalpakt-2-0\/' data-rel='slide-1' class='slide-image' title='Digitalpakt 2.0'><img decoding=\"async\" fetchpriority=\"high\" width=\"1200\" height=\"628\" src=\"https:\/\/www.backwinkel.de\/blog\/wp-content\/uploads\/2026\/01\/02_Schule_Digitalpakt.jpg\" class=\"wp-image-18138 avia-img-lazy-loading-not-18138 attachment-no scaling size-no scaling wp-post-image\" alt=\"\" \/><\/a><div class=\"slide-content\"><header class=\"entry-content-header\" aria-label=\"Slide: Digitalpakt 2.0\"><h3 class='slide-entry-title entry-title ' ><a href='https:\/\/www.backwinkel.de\/blog\/digitalpakt-2-0\/' title='Digitalpakt 2.0'>Digitalpakt 2.0<\/a><\/h3><span class=\"blog-categories minor-meta\"><a href=\"https:\/\/www.backwinkel.de\/blog\/category\/schule-grundschule\/\" rel=\"tag\">Schule<\/a> <\/span><span class=\"av-vertical-delimiter\"><\/span><\/header><div class='slide-entry-excerpt entry-content' >Geht es jetzt mit der Digitalisierung in Bildungseinrichtungen voran?<\/div><\/div><footer class=\"entry-footer\"><div class=\"slide-meta\"><time class='slide-meta-time updated' >10. Februar 2026<\/time><\/div><\/footer><\/article><\/div><\/div><\/div><\/p><\/div>\n","protected":false},"excerpt":{"rendered":"<p>Wie k\u00f6nnen Schulen bei der Demokratiebildung helfen? <\/p>\n","protected":false},"author":1,"featured_media":13042,"comment_status":"closed","ping_status":"closed","sticky":false,"template":"","format":"standard","meta":{"inline_featured_image":false,"footnotes":""},"categories":[6],"tags":[],"class_list":["post-12994","post","type-post","status-publish","format-standard","has-post-thumbnail","hentry","category-schule-grundschule"],"yoast_head":"<!-- This site is optimized with the Yoast SEO plugin v27.4 - https:\/\/yoast.com\/product\/yoast-seo-wordpress\/ -->\n<title>Demokratiebildung: Was, wie und warum | BACKWINKEL Blog<\/title>\n<meta name=\"description\" content=\"Was ist Demokratiebildung, warum ist sie so wichtig und wie kommt es eigentlich zu Diskriminierung und rechtem Gedankengut? Jetzt lesen!\" \/>\n<meta name=\"robots\" content=\"index, follow, max-snippet:-1, max-image-preview:large, max-video-preview:-1\" \/>\n<link rel=\"canonical\" href=\"https:\/\/www.backwinkel.de\/blog\/demokratie\/\" \/>\n<meta property=\"og:locale\" content=\"de_DE\" \/>\n<meta property=\"og:type\" content=\"article\" \/>\n<meta property=\"og:title\" content=\"Demokratiebildung: Was, wie und warum | BACKWINKEL Blog\" \/>\n<meta property=\"og:description\" content=\"Was ist Demokratiebildung, warum ist sie so wichtig und wie kommt es eigentlich zu Diskriminierung und rechtem Gedankengut? Jetzt lesen!\" \/>\n<meta property=\"og:url\" content=\"https:\/\/www.backwinkel.de\/blog\/demokratie\/\" \/>\n<meta property=\"og:site_name\" content=\"BACKWINKEL Blog\" \/>\n<meta property=\"article:published_time\" content=\"2024-01-09T08:16:42+00:00\" \/>\n<meta property=\"article:modified_time\" content=\"2026-04-27T06:45:16+00:00\" \/>\n<meta property=\"og:image\" content=\"https:\/\/www.backwinkel.de\/blog\/wp-content\/uploads\/2023\/11\/Rechtsextremismus-heroimage.jpg\" \/>\n\t<meta property=\"og:image:width\" content=\"1200\" \/>\n\t<meta property=\"og:image:height\" content=\"628\" \/>\n\t<meta property=\"og:image:type\" content=\"image\/jpeg\" \/>\n<meta name=\"author\" content=\"admin_backwinkel\" \/>\n<meta name=\"twitter:card\" content=\"summary_large_image\" \/>\n<meta name=\"twitter:label1\" content=\"Verfasst von\" \/>\n\t<meta name=\"twitter:data1\" content=\"admin_backwinkel\" \/>\n\t<meta name=\"twitter:label2\" content=\"Gesch\u00e4tzte Lesezeit\" \/>\n\t<meta name=\"twitter:data2\" content=\"22\u00a0Minuten\" \/>\n<script type=\"application\/ld+json\" class=\"yoast-schema-graph\">{\"@context\":\"https:\\\/\\\/schema.org\",\"@graph\":[{\"@type\":\"Article\",\"@id\":\"https:\\\/\\\/www.backwinkel.de\\\/blog\\\/demokratie\\\/#article\",\"isPartOf\":{\"@id\":\"https:\\\/\\\/www.backwinkel.de\\\/blog\\\/demokratie\\\/\"},\"author\":{\"name\":\"admin_backwinkel\",\"@id\":\"https:\\\/\\\/www.backwinkel.de\\\/blog\\\/#\\\/schema\\\/person\\\/88b842297c0e471020a66f4476633cf2\"},\"headline\":\"Rechtsextreme Einstellungen nehmen zu\",\"datePublished\":\"2024-01-09T08:16:42+00:00\",\"dateModified\":\"2026-04-27T06:45:16+00:00\",\"mainEntityOfPage\":{\"@id\":\"https:\\\/\\\/www.backwinkel.de\\\/blog\\\/demokratie\\\/\"},\"wordCount\":7814,\"image\":{\"@id\":\"https:\\\/\\\/www.backwinkel.de\\\/blog\\\/demokratie\\\/#primaryimage\"},\"thumbnailUrl\":\"https:\\\/\\\/www.backwinkel.de\\\/blog\\\/wp-content\\\/uploads\\\/2023\\\/11\\\/Rechtsextremismus-heroimage.jpg\",\"articleSection\":[\"Schule\"],\"inLanguage\":\"de\"},{\"@type\":\"WebPage\",\"@id\":\"https:\\\/\\\/www.backwinkel.de\\\/blog\\\/demokratie\\\/\",\"url\":\"https:\\\/\\\/www.backwinkel.de\\\/blog\\\/demokratie\\\/\",\"name\":\"Demokratiebildung: Was, wie und warum | BACKWINKEL Blog\",\"isPartOf\":{\"@id\":\"https:\\\/\\\/www.backwinkel.de\\\/blog\\\/#website\"},\"primaryImageOfPage\":{\"@id\":\"https:\\\/\\\/www.backwinkel.de\\\/blog\\\/demokratie\\\/#primaryimage\"},\"image\":{\"@id\":\"https:\\\/\\\/www.backwinkel.de\\\/blog\\\/demokratie\\\/#primaryimage\"},\"thumbnailUrl\":\"https:\\\/\\\/www.backwinkel.de\\\/blog\\\/wp-content\\\/uploads\\\/2023\\\/11\\\/Rechtsextremismus-heroimage.jpg\",\"datePublished\":\"2024-01-09T08:16:42+00:00\",\"dateModified\":\"2026-04-27T06:45:16+00:00\",\"author\":{\"@id\":\"https:\\\/\\\/www.backwinkel.de\\\/blog\\\/#\\\/schema\\\/person\\\/88b842297c0e471020a66f4476633cf2\"},\"description\":\"Was ist Demokratiebildung, warum ist sie so wichtig und wie kommt es eigentlich zu Diskriminierung und rechtem Gedankengut? Jetzt lesen!\",\"breadcrumb\":{\"@id\":\"https:\\\/\\\/www.backwinkel.de\\\/blog\\\/demokratie\\\/#breadcrumb\"},\"inLanguage\":\"de\",\"potentialAction\":[{\"@type\":\"ReadAction\",\"target\":[\"https:\\\/\\\/www.backwinkel.de\\\/blog\\\/demokratie\\\/\"]}]},{\"@type\":\"ImageObject\",\"inLanguage\":\"de\",\"@id\":\"https:\\\/\\\/www.backwinkel.de\\\/blog\\\/demokratie\\\/#primaryimage\",\"url\":\"https:\\\/\\\/www.backwinkel.de\\\/blog\\\/wp-content\\\/uploads\\\/2023\\\/11\\\/Rechtsextremismus-heroimage.jpg\",\"contentUrl\":\"https:\\\/\\\/www.backwinkel.de\\\/blog\\\/wp-content\\\/uploads\\\/2023\\\/11\\\/Rechtsextremismus-heroimage.jpg\",\"width\":1200,\"height\":628},{\"@type\":\"BreadcrumbList\",\"@id\":\"https:\\\/\\\/www.backwinkel.de\\\/blog\\\/demokratie\\\/#breadcrumb\",\"itemListElement\":[{\"@type\":\"ListItem\",\"position\":1,\"name\":\"Startseite\",\"item\":\"https:\\\/\\\/blog.backwinkel.de\\\/aktuelles\\\/\"},{\"@type\":\"ListItem\",\"position\":2,\"name\":\"Rechtsextreme Einstellungen nehmen zu\"}]},{\"@type\":\"WebSite\",\"@id\":\"https:\\\/\\\/www.backwinkel.de\\\/blog\\\/#website\",\"url\":\"https:\\\/\\\/www.backwinkel.de\\\/blog\\\/\",\"name\":\"BACKWINKEL Blog\",\"description\":\"f\u00fcr Lehrer, Erzieher und Eltern\",\"potentialAction\":[{\"@type\":\"SearchAction\",\"target\":{\"@type\":\"EntryPoint\",\"urlTemplate\":\"https:\\\/\\\/www.backwinkel.de\\\/blog\\\/?s={search_term_string}\"},\"query-input\":{\"@type\":\"PropertyValueSpecification\",\"valueRequired\":true,\"valueName\":\"search_term_string\"}}],\"inLanguage\":\"de\"},{\"@type\":\"Person\",\"@id\":\"https:\\\/\\\/www.backwinkel.de\\\/blog\\\/#\\\/schema\\\/person\\\/88b842297c0e471020a66f4476633cf2\",\"name\":\"admin_backwinkel\",\"url\":\"https:\\\/\\\/www.backwinkel.de\\\/blog\\\/author\\\/admin_backwinkel\\\/\"}]}<\/script>\n<!-- \/ Yoast SEO plugin. -->","yoast_head_json":{"title":"Demokratiebildung: Was, wie und warum | BACKWINKEL Blog","description":"Was ist Demokratiebildung, warum ist sie so wichtig und wie kommt es eigentlich zu Diskriminierung und rechtem Gedankengut? Jetzt lesen!","robots":{"index":"index","follow":"follow","max-snippet":"max-snippet:-1","max-image-preview":"max-image-preview:large","max-video-preview":"max-video-preview:-1"},"canonical":"https:\/\/www.backwinkel.de\/blog\/demokratie\/","og_locale":"de_DE","og_type":"article","og_title":"Demokratiebildung: Was, wie und warum | BACKWINKEL Blog","og_description":"Was ist Demokratiebildung, warum ist sie so wichtig und wie kommt es eigentlich zu Diskriminierung und rechtem Gedankengut? Jetzt lesen!","og_url":"https:\/\/www.backwinkel.de\/blog\/demokratie\/","og_site_name":"BACKWINKEL Blog","article_published_time":"2024-01-09T08:16:42+00:00","article_modified_time":"2026-04-27T06:45:16+00:00","og_image":[{"width":1200,"height":628,"url":"https:\/\/www.backwinkel.de\/blog\/wp-content\/uploads\/2023\/11\/Rechtsextremismus-heroimage.jpg","type":"image\/jpeg"}],"author":"admin_backwinkel","twitter_card":"summary_large_image","twitter_misc":{"Verfasst von":"admin_backwinkel","Gesch\u00e4tzte Lesezeit":"22\u00a0Minuten"},"schema":{"@context":"https:\/\/schema.org","@graph":[{"@type":"Article","@id":"https:\/\/www.backwinkel.de\/blog\/demokratie\/#article","isPartOf":{"@id":"https:\/\/www.backwinkel.de\/blog\/demokratie\/"},"author":{"name":"admin_backwinkel","@id":"https:\/\/www.backwinkel.de\/blog\/#\/schema\/person\/88b842297c0e471020a66f4476633cf2"},"headline":"Rechtsextreme Einstellungen nehmen zu","datePublished":"2024-01-09T08:16:42+00:00","dateModified":"2026-04-27T06:45:16+00:00","mainEntityOfPage":{"@id":"https:\/\/www.backwinkel.de\/blog\/demokratie\/"},"wordCount":7814,"image":{"@id":"https:\/\/www.backwinkel.de\/blog\/demokratie\/#primaryimage"},"thumbnailUrl":"https:\/\/www.backwinkel.de\/blog\/wp-content\/uploads\/2023\/11\/Rechtsextremismus-heroimage.jpg","articleSection":["Schule"],"inLanguage":"de"},{"@type":"WebPage","@id":"https:\/\/www.backwinkel.de\/blog\/demokratie\/","url":"https:\/\/www.backwinkel.de\/blog\/demokratie\/","name":"Demokratiebildung: Was, wie und warum | BACKWINKEL Blog","isPartOf":{"@id":"https:\/\/www.backwinkel.de\/blog\/#website"},"primaryImageOfPage":{"@id":"https:\/\/www.backwinkel.de\/blog\/demokratie\/#primaryimage"},"image":{"@id":"https:\/\/www.backwinkel.de\/blog\/demokratie\/#primaryimage"},"thumbnailUrl":"https:\/\/www.backwinkel.de\/blog\/wp-content\/uploads\/2023\/11\/Rechtsextremismus-heroimage.jpg","datePublished":"2024-01-09T08:16:42+00:00","dateModified":"2026-04-27T06:45:16+00:00","author":{"@id":"https:\/\/www.backwinkel.de\/blog\/#\/schema\/person\/88b842297c0e471020a66f4476633cf2"},"description":"Was ist Demokratiebildung, warum ist sie so wichtig und wie kommt es eigentlich zu Diskriminierung und rechtem Gedankengut? Jetzt lesen!","breadcrumb":{"@id":"https:\/\/www.backwinkel.de\/blog\/demokratie\/#breadcrumb"},"inLanguage":"de","potentialAction":[{"@type":"ReadAction","target":["https:\/\/www.backwinkel.de\/blog\/demokratie\/"]}]},{"@type":"ImageObject","inLanguage":"de","@id":"https:\/\/www.backwinkel.de\/blog\/demokratie\/#primaryimage","url":"https:\/\/www.backwinkel.de\/blog\/wp-content\/uploads\/2023\/11\/Rechtsextremismus-heroimage.jpg","contentUrl":"https:\/\/www.backwinkel.de\/blog\/wp-content\/uploads\/2023\/11\/Rechtsextremismus-heroimage.jpg","width":1200,"height":628},{"@type":"BreadcrumbList","@id":"https:\/\/www.backwinkel.de\/blog\/demokratie\/#breadcrumb","itemListElement":[{"@type":"ListItem","position":1,"name":"Startseite","item":"https:\/\/blog.backwinkel.de\/aktuelles\/"},{"@type":"ListItem","position":2,"name":"Rechtsextreme Einstellungen nehmen zu"}]},{"@type":"WebSite","@id":"https:\/\/www.backwinkel.de\/blog\/#website","url":"https:\/\/www.backwinkel.de\/blog\/","name":"BACKWINKEL Blog","description":"f\u00fcr Lehrer, Erzieher und Eltern","potentialAction":[{"@type":"SearchAction","target":{"@type":"EntryPoint","urlTemplate":"https:\/\/www.backwinkel.de\/blog\/?s={search_term_string}"},"query-input":{"@type":"PropertyValueSpecification","valueRequired":true,"valueName":"search_term_string"}}],"inLanguage":"de"},{"@type":"Person","@id":"https:\/\/www.backwinkel.de\/blog\/#\/schema\/person\/88b842297c0e471020a66f4476633cf2","name":"admin_backwinkel","url":"https:\/\/www.backwinkel.de\/blog\/author\/admin_backwinkel\/"}]}},"_links":{"self":[{"href":"https:\/\/www.backwinkel.de\/blog\/wp-json\/wp\/v2\/posts\/12994","targetHints":{"allow":["GET"]}}],"collection":[{"href":"https:\/\/www.backwinkel.de\/blog\/wp-json\/wp\/v2\/posts"}],"about":[{"href":"https:\/\/www.backwinkel.de\/blog\/wp-json\/wp\/v2\/types\/post"}],"author":[{"embeddable":true,"href":"https:\/\/www.backwinkel.de\/blog\/wp-json\/wp\/v2\/users\/1"}],"replies":[{"embeddable":true,"href":"https:\/\/www.backwinkel.de\/blog\/wp-json\/wp\/v2\/comments?post=12994"}],"version-history":[{"count":2,"href":"https:\/\/www.backwinkel.de\/blog\/wp-json\/wp\/v2\/posts\/12994\/revisions"}],"predecessor-version":[{"id":19026,"href":"https:\/\/www.backwinkel.de\/blog\/wp-json\/wp\/v2\/posts\/12994\/revisions\/19026"}],"wp:featuredmedia":[{"embeddable":true,"href":"https:\/\/www.backwinkel.de\/blog\/wp-json\/wp\/v2\/media\/13042"}],"wp:attachment":[{"href":"https:\/\/www.backwinkel.de\/blog\/wp-json\/wp\/v2\/media?parent=12994"}],"wp:term":[{"taxonomy":"category","embeddable":true,"href":"https:\/\/www.backwinkel.de\/blog\/wp-json\/wp\/v2\/categories?post=12994"},{"taxonomy":"post_tag","embeddable":true,"href":"https:\/\/www.backwinkel.de\/blog\/wp-json\/wp\/v2\/tags?post=12994"}],"curies":[{"name":"wp","href":"https:\/\/api.w.org\/{rel}","templated":true}]}}