{"id":12606,"date":"2023-11-23T08:16:42","date_gmt":"2023-11-23T07:16:42","guid":{"rendered":"https:\/\/www.backwinkel.de\/blog\/?p=12606"},"modified":"2026-04-22T14:48:14","modified_gmt":"2026-04-22T12:48:14","slug":"advent-grundschule","status":"publish","type":"post","link":"https:\/\/www.backwinkel.de\/blog\/advent-grundschule\/","title":{"rendered":"Adventskalender, Wichteln, Kr\u00e4nze binden"},"content":{"rendered":"\n<style type=\"text\/css\" data-created_by=\"avia_inline_auto\" id=\"style-css-av-1o9i20c-585c90b249b7391778c0ca595b8a52c2\">\n.flex_column.av-1o9i20c-585c90b249b7391778c0ca595b8a52c2{\nborder-radius:0px 0px 0px 0px;\npadding:0px 0px 0px 0px;\n}\n<\/style>\n<div  class='flex_column av-1o9i20c-585c90b249b7391778c0ca595b8a52c2 av_one_full  avia-builder-el-0  el_before_av_three_fifth  avia-builder-el-first  first flex_column_div av-zero-column-padding  '     ><p>\n<style type=\"text\/css\" data-created_by=\"avia_inline_auto\" id=\"style-css-av-1mbf4e4-1609d55f243e97c311d4e4755c4441f8\">\n#top .hr.hr-invisible.av-1mbf4e4-1609d55f243e97c311d4e4755c4441f8{\nmargin-top:0px;\nheight:1px;\n}\n<\/style>\n<div  class='hr av-1mbf4e4-1609d55f243e97c311d4e4755c4441f8 hr-invisible  avia-builder-el-1  el_before_av_heading  avia-builder-el-first '><span class='hr-inner '><span class=\"hr-inner-style\"><\/span><\/span><\/div><br \/>\n\n<style type=\"text\/css\" data-created_by=\"avia_inline_auto\" id=\"style-css-av-l7efmkmv-246c7930bc10494c6ffe65a526101864\">\n#top .av-special-heading.av-l7efmkmv-246c7930bc10494c6ffe65a526101864{\npadding-bottom:10px;\n}\nbody .av-special-heading.av-l7efmkmv-246c7930bc10494c6ffe65a526101864 .av-special-heading-tag .heading-char{\nfont-size:25px;\n}\n.av-special-heading.av-l7efmkmv-246c7930bc10494c6ffe65a526101864 .av-subheading{\nfont-size:15px;\n}\n<\/style>\n<div  class='av-special-heading av-l7efmkmv-246c7930bc10494c6ffe65a526101864 av-special-heading-h1 blockquote modern-quote  avia-builder-el-2  el_after_av_hr  el_before_av_post_metadata  av-linked-heading'><h1 class='av-special-heading-tag '  >Adventskalender, Wichteln, Kr\u00e4nze binden: 9 sch\u00f6ne Ideen f\u00fcr den Advent in der Grundschule<\/h1><div class='av-subheading av-subheading_below'><p class=\"autorenname\">Elisa Morel<\/p>\n<\/div><div class=\"special-heading-border\"><div class=\"special-heading-inner-border\"><\/div><\/div><\/div><br \/>\n\n<style type=\"text\/css\" data-created_by=\"avia_inline_auto\" id=\"style-css-av-5jtcce-c1eb05eee1f035cc8adbd798b320a6ab\">\n#top .av-post-metadata-container.av-5jtcce-c1eb05eee1f035cc8adbd798b320a6ab{\nfont-size:12px;\n}\n#top .av-post-metadata-container.av-5jtcce-c1eb05eee1f035cc8adbd798b320a6ab .av-post-metadata-container-inner{\nfont-size:12px;\n}\n<\/style>\n<div  class='av-post-metadata-container av-5jtcce-c1eb05eee1f035cc8adbd798b320a6ab av-metadata-container-align-left  avia-builder-el-3  el_after_av_heading  el_before_av_textblock  av-metadata-container-1'><div class='av-post-metadata-container-inner'><span class=\"av-post-metadata-content av-post-metadata-meta-content\"><span class=\"av-post-metadata-content av-post-metadata-modified\"><span class=\"av-metadata-before av-metadata-before-modified\">Aktualisiert:<\/span><span class=\"av-post-metadata-modified-date\" >22. April 2026<\/span><\/span><span class=\"av-post-metadata-content av-post-metadata-separator\">\/<\/span><span class=\"av-post-metadata-content av-post-metadata-modified\"><span class=\"av-metadata-before av-metadata-before-modified\">Zuletzt aktualisiert:<\/span><span class=\"av-post-metadata-modified-date\" >22. April 2026<\/span><\/span><\/span><\/div><\/div><br \/>\n\n<style type=\"text\/css\" data-created_by=\"avia_inline_auto\" id=\"style-css-av-1l3ru18-35ff8c02bfbaf158e187220e3571c7be\">\n#top .av_textblock_section.av-1l3ru18-35ff8c02bfbaf158e187220e3571c7be .avia_textblock{\nfont-size:20px;\n}\n<\/style>\n<section  class='av_textblock_section av-1l3ru18-35ff8c02bfbaf158e187220e3571c7be '  ><div class='avia_textblock' ><p>Alle Jahre wieder ist die Adventszeit besonders sch\u00f6n: Man bastelt, backt, freut sich auf Weihnachten, vielleicht sogar mit etwas Schnee, Geschenke und das gem\u00fctliche Zusammensein mit den Lieben. Bestimmt haben Sie Ihre Routinen, um es sich mit Ihren Kindern in dieser Zeit besonders nett zu machen.<\/p>\n<\/div><\/section><br \/>\n\n<style type=\"text\/css\" data-created_by=\"avia_inline_auto\" id=\"style-css-av-1jqb53g-ff75514abe0d118c5988e7500e9552ea\">\n.avia-image-container.av-1jqb53g-ff75514abe0d118c5988e7500e9552ea img.avia_image{\nbox-shadow:none;\n}\n.avia-image-container.av-1jqb53g-ff75514abe0d118c5988e7500e9552ea .av-image-caption-overlay-center{\ncolor:#ffffff;\n}\n<\/style>\n<div  class='avia-image-container av-1jqb53g-ff75514abe0d118c5988e7500e9552ea av-styling- avia-align-center  avia-builder-el-5  el_after_av_textblock  el_before_av_hr '  ><div class=\"avia-image-container-inner\"><div class=\"avia-image-overlay-wrap\"><img decoding=\"async\" fetchpriority=\"high\" class='wp-image-12650 avia-img-lazy-loading-not-12650 avia_image ' src=\"https:\/\/www.backwinkel.de\/blog\/wp-content\/uploads\/2023\/10\/backwinkel-blog-Adventskalender-heroimage.jpg\" alt='' title='backwinkel-blog-Adventskalender-heroimage'  height=\"628\" width=\"1200\"  \/><\/div><\/div><\/div><br \/>\n\n<style type=\"text\/css\" data-created_by=\"avia_inline_auto\" id=\"style-css-av-1ihdk2k-490466749631930779e0c398aab49f79\">\n#top .hr.hr-invisible.av-1ihdk2k-490466749631930779e0c398aab49f79{\nheight:5px;\n}\n<\/style>\n<div  class='hr av-1ihdk2k-490466749631930779e0c398aab49f79 hr-invisible  avia-builder-el-6  el_after_av_image  el_before_av_textblock '><span class='hr-inner '><span class=\"hr-inner-style\"><\/span><\/span><\/div><br \/>\n\n<style type=\"text\/css\" data-created_by=\"avia_inline_auto\" id=\"style-css-av-1fib6cs-3d25d3b933bbfa346d8df9005c3c214e\">\n#top .av_textblock_section.av-1fib6cs-3d25d3b933bbfa346d8df9005c3c214e .avia_textblock{\nfont-size:10px;\n}\n<\/style>\n<section  class='av_textblock_section av-1fib6cs-3d25d3b933bbfa346d8df9005c3c214e '  ><div class='avia_textblock' ><p class=\"bildnennung-beitrag\" style=\"text-align: left;\">\u00a9 ADOBE Stock<\/p>\n<\/div><\/section><br \/>\n\n<style type=\"text\/css\" data-created_by=\"avia_inline_auto\" id=\"style-css-av-1ec344s-876a649f5243c9280738f668f0aa8d8e\">\n#top .hr.hr-invisible.av-1ec344s-876a649f5243c9280738f668f0aa8d8e{\nheight:20px;\n}\n<\/style>\n<div  class='hr av-1ec344s-876a649f5243c9280738f668f0aa8d8e hr-invisible  avia-builder-el-8  el_after_av_textblock  el_before_av_textblock '><span class='hr-inner '><span class=\"hr-inner-style\"><\/span><\/span><\/div><br \/>\n\n<style type=\"text\/css\" data-created_by=\"avia_inline_auto\" id=\"style-css-av-1czjn6k-7dbedcbfbffba5ae585714638369d934\">\n#top .av_textblock_section.av-1czjn6k-7dbedcbfbffba5ae585714638369d934 .avia_textblock{\nfont-size:20px;\n}\n<\/style>\n<section  class='av_textblock_section av-1czjn6k-7dbedcbfbffba5ae585714638369d934 '  ><div class='avia_textblock' ><p>Falls Sie einmal etwas Neues ausprobieren oder einen beliebten Klassiker neu beleben wollen, haben wir in diesem Beitrag einige Vorschl\u00e4ge f\u00fcr Sie. Wenn Sie die Vorweihnachtszeit nutzen m\u00f6chten, um gemeinsam mit Ihren SuS Gutes zu tun, haben wir auch daf\u00fcr ein paar tolle Ideen parat.<\/p>\n<\/div><\/section><\/p><\/div>\n<style type=\"text\/css\" data-created_by=\"avia_inline_auto\" id=\"style-css-av-1buht0s-f8ce17d1f3484a85efdf5f8e34e84ab3\">\n.flex_column.av-1buht0s-f8ce17d1f3484a85efdf5f8e34e84ab3{\nborder-radius:0px 0px 0px 0px;\npadding:20px 20px 20px 20px;\nbackground-color:#f2f2f2;\n}\n<\/style>\n<div  class='flex_column av-1buht0s-f8ce17d1f3484a85efdf5f8e34e84ab3 av_three_fifth  avia-builder-el-10  el_after_av_one_full  el_before_av_two_fifth  first flex_column_div  column-top-margin'     ><style type=\"text\/css\" data-created_by=\"avia_inline_auto\" id=\"style-css-av-18u84nw-c23769b7197ef8c52c74b2b6205379af\">\n#top .av_textblock_section.av-18u84nw-c23769b7197ef8c52c74b2b6205379af .avia_textblock{\nfont-size:14px;\n}\n<\/style>\n<section  class='av_textblock_section av-18u84nw-c23769b7197ef8c52c74b2b6205379af '  ><div class='avia_textblock' ><p><strong>Inhalt<\/strong><br \/>\n<strong><a href=\"#1\">1. Die Adventsszeit in der Grundschule<\/a><\/strong><\/p>\n<p><strong><a href=\"#2\">2. Adventsideen: 5 Klassiker<\/a><br \/>\n<\/strong>2.1. Wichteln<br \/>\n2.2. Adventskalender<br \/>\n2.3. Kerzen selbst gestalten<br \/>\n2.4. Kr\u00e4nze binden<br \/>\n2.5. Weihnachtsschmuck<\/p>\n<p><strong><a href=\"#3\">3. 4 Ideen, um Gutes zu tun<\/a><br \/>\n<\/strong>3.1. Meisenkn\u00f6del selbst machen<br \/>\n3.2. Weihnachtsbasar<br \/>\n3.3. Backen f\u00fcr den guten Zweck<br \/>\n3.4. Tombola<strong><br \/>\n<\/strong><\/p>\n<\/div><\/section><\/div><\/p>\n\n<style type=\"text\/css\" data-created_by=\"avia_inline_auto\" id=\"style-css-av-179bqdo-cb7f1c2bcdaac94125f51a0fc4936596\">\n.flex_column.av-179bqdo-cb7f1c2bcdaac94125f51a0fc4936596{\nborder-radius:0px 0px 0px 0px;\npadding:0 0 0 0;\n}\n<\/style>\n<div  class='flex_column av-179bqdo-cb7f1c2bcdaac94125f51a0fc4936596 av_two_fifth  avia-builder-el-12  el_after_av_three_fifth  el_before_av_sidebar  flex_column_div av-zero-column-padding  column-top-margin'     ><\/div>\n<div  class='avia-builder-widget-area clearfix  avia-builder-el-13  el_after_av_two_fifth  el_before_av_one_full '><div id=\"text-34\" class=\"widget clearfix widget_text\">\t\t\t<div class=\"textwidget\"><p><a href=\"https:\/\/www.backwinkel.de\/nachhaltig-denken\/\" target=\"\\_blank\" rel=\"noopener\"><br \/>\n<img decoding=\"async\" class=\"werbung-desktop alignnone wp-image-4186 size-full\" src=\"https:\/\/www.backwinkel.de\/blog\/wp-content\/uploads\/2026\/04\/Backwinkel-blog-werbebanner-shop-schule_desktop.jpg\" alt=\"\" width=\"1251\" height=\"201\" \/><br \/>\n<\/a><br \/>\n<a href=\"https:\/\/www.backwinkel.de\/nachhaltig-denken\/\" target=\"\\_blank\" rel=\"noopener\"><br \/>\n<img decoding=\"async\" class=\"werbung-mobile alignnone wp-image-4187 size-full\" src=\"https:\/\/www.backwinkel.de\/blog\/wp-content\/uploads\/2026\/04\/Backwinkel-blog-werbebanner-shop-schule_mobile.jpg\" alt=\"\" width=\"550\" height=\"500\" \/><br \/>\n<\/a><\/p>\n<\/div>\n\t\t<\/div><\/div>\n\n<style type=\"text\/css\" data-created_by=\"avia_inline_auto\" id=\"style-css-av-3jr9tou-cf58b53925ebc83a3e24a4577ae47108\">\n.flex_column.av-3jr9tou-cf58b53925ebc83a3e24a4577ae47108{\nborder-radius:0px 0px 0px 0px;\npadding:0px 0px 0px 0px;\n}\n<\/style>\n<div  class='flex_column av-3jr9tou-cf58b53925ebc83a3e24a4577ae47108 av_one_full  avia-builder-el-14  el_after_av_sidebar  el_before_av_one_full  first flex_column_div av-zero-column-padding  '     ><section  class='av_textblock_section av-359nylq-cb0a7e8726c36199eee2c259c39a9ca3 '  ><div class='avia_textblock' >\n<style type=\"text\/css\" data-created_by=\"avia_inline_auto\" id=\"style-css-av-2i80f4e-cb6d5821c564aec79e6d3682b86099b8\">\n#top .hr.hr-invisible.av-2i80f4e-cb6d5821c564aec79e6d3682b86099b8{\nheight:20px;\n}\n<\/style>\n<div  class='hr av-2i80f4e-cb6d5821c564aec79e6d3682b86099b8 hr-invisible  avia-builder-el-16  avia-builder-el-no-sibling '><span class='hr-inner '><span class=\"hr-inner-style\"><\/span><\/span><\/div>\n<h2 id=\"1\" class=\"position\"><strong>Die Adventszeit in der Grundschule <\/strong><\/h2>\n<p>Auch in kulturell gemischten Klassen ist die Vorweihnachtszeit h\u00e4ufig gepr\u00e4gt von <strong>Gem\u00fctlichkeit<\/strong>, <strong>Entschleunigung<\/strong>, <strong>gemeinsamen Besch\u00e4ftigungen<\/strong> und <strong>Vorfreude<\/strong> auf die Ferien- und Winterzeit. Das sollen und k\u00f6nnen Sie auf vielerlei Art mit Ihren Kindern zelebrieren, denn Ideen gibt es zahlreiche.<\/p>\n<p>Je nach Aktivit\u00e4t lernen Ihre Kinder neue Kunsttechniken oder Fertigkeiten, vertiefen ihr Wissen und erweitern ihren Horizont. Viele Bastelideen helfen dabei, den Klassenraum zu versch\u00f6nern, weniger in Geschenkestress zu geraten oder sogar Geld f\u00fcr Schulprojekte zu sammeln.<\/p>\n<p>Auch ein Blick \u00fcber den Tellerrand schadet nicht \u2013 wie feiern andere Kulturen? F\u00fcr welche Menschen in der n\u00e4heren Umgebung ist Weihnachten vielleicht keine sch\u00f6ne Zeit? Vielleicht k\u00f6nnen Sie das gemeinsam \u00e4ndern und anderen eine Freude machen, z. B. durch das Spenden von selbst gemachtem Weihnachtsschmuck an Einrichtungen, kleine P\u00e4ckchen oder einen Besuch?<\/p>\n<\/div><\/section><\/div>\n\n<style type=\"text\/css\" data-created_by=\"avia_inline_auto\" id=\"style-css-av-15xc97y-0ab3263c46961160a132210676ea7b60\">\n.flex_column.av-15xc97y-0ab3263c46961160a132210676ea7b60{\nborder-radius:0px 0px 0px 0px;\npadding:0px 0px 0px 0px;\n}\n<\/style>\n<div  class='flex_column av-15xc97y-0ab3263c46961160a132210676ea7b60 av_one_full  avia-builder-el-17  el_after_av_one_full  el_before_av_one_full  first flex_column_div av-zero-column-padding  column-top-margin'     ><section  class='av_textblock_section av-lnlqic5z-341b39b472f34da6dd1d5468f0f4417b '  ><div class='avia_textblock' >\n<style type=\"text\/css\" data-created_by=\"avia_inline_auto\" id=\"style-css-av-o1k8su-acb4ff1c33f624442d9ad85106844987\">\n#top .hr.hr-invisible.av-o1k8su-acb4ff1c33f624442d9ad85106844987{\nheight:20px;\n}\n<\/style>\n<div  class='hr av-o1k8su-acb4ff1c33f624442d9ad85106844987 hr-invisible  avia-builder-el-19  avia-builder-el-no-sibling '><span class='hr-inner '><span class=\"hr-inner-style\"><\/span><\/span><\/div>\n<h2 id=\"2\" class=\"position\"><strong>Adventsideen: 5 Klassiker <\/strong><\/h2>\n<p>Manche Dinge sind einfach so gut, dass sie durch Wiederholung nur besser werden. Deshalb haben wir hier <strong>f\u00fcnf Evergreens<\/strong> f\u00fcr Sie zusammengetragen, die Ihren Kindern den Advent vers\u00fc\u00dfen.<\/p>\n<h3><strong>Wichteln <\/strong><\/h3>\n<p>Sich gegenseitig eine Freude zu machen, ob anonym oder nicht, passt super in die Adventszeit. Legen Sie bei Bedarf vorher Regeln fest, z. B.:<\/p>\n<ul>\n<li>Es muss etwas Selbstgemachtes sein.<\/li>\n<li>Es darf den Wert von 3 \u20ac nicht \u00fcberschreiten.<\/li>\n<li>Es muss etwas Gebrauchtes sein, das man selbst nicht mehr benutzt, \u00fcber das sich andere aber noch freuen.<\/li>\n<\/ul>\n<p>Die mitgebrachten Geschenke sollten <strong>neutral eingepackt<\/strong> sein, z. B. in Zeitungspapier. Wenn Sie ausschlie\u00dfen wollen, dass jemand sein eigenes P\u00e4ckchen oder seinen eigenen Namen zieht, teilen Sie die SuS vorher in <strong>zwei Gruppen<\/strong> ein und sammeln Sie die P\u00e4ckchen dementsprechend auch getrennt.<\/p>\n<h3><strong>Adventskalender <\/strong><\/h3>\n<p>Wie w\u00e4re es dieses Jahr mal mit einem Adventskalender f\u00fcr die Klassengemeinschaft, <strong>der Ihren Unterricht mitgestaltet<\/strong>? Daf\u00fcr brauchen Sie z. B. 24 Streichholzschachteln oder kleine Dosen, gern auch leere Verpackungen von S\u00fc\u00dfigkeiten, die Sie beschriften. Viel wichtiger ist aber der Inhalt, den Sie gemeinsam mit Ihren SuS sammeln. Reden Sie im Vorhinein \u00fcber Ihr Vorhaben und finden Sie Ideen, die allen Spa\u00df machen. Denkbar sind vielleicht diese hier:<\/p>\n<ul>\n<li>eine Traumreise machen<\/li>\n<li>\u00fcber W\u00fcnsche und Tr\u00e4ume sprechen<\/li>\n<li>das Klassenzimmer dekorieren<\/li>\n<li>eine Bewegungsstunde machen<\/li>\n<li>eine Weihnachtsgeschichte lesen<\/li>\n<li>einen Weihnachtsfilm schauen<\/li>\n<li>Kinderpunsch selbst machen<\/li>\n<li>eine Weihnachts-CD h\u00f6ren<\/li>\n<li>eine Kakao-Bar organisieren (mit Sirup, Streuseln, Deko \u2013 denken Sie ggf. an laktosefreie oder vegane Alternativen)<\/li>\n<li>ein Weihnachtsgedicht malen oder als Theaterszene umsetzen<\/li>\n<li>gemeinsam Weihnachtslieder singen<\/li>\n<li>einen Ausflug auf den Weihnachtsmarkt machen<\/li>\n<li>Weihnachtsbr\u00e4uche aus anderen L\u00e4ndern kennenlernen<\/li>\n<li>Weihnachtsessen aus anderen Kulturkreisen probieren<\/li>\n<li>eine Bastelstunde einlegen<\/li>\n<li>ein Fr\u00fchst\u00fcck mit Smoothies veranstalten<\/li>\n<li>gemeinsam backen<\/li>\n<li>Schoko-Obst-Spie\u00dfe selbst machen<\/li>\n<li>eine Spielestunde veranstalten<\/li>\n<\/ul>\n<p>Wenn Sie einen Briefkasten f\u00fcr Ideen einrichten, k\u00f6nnen Sie vorher die Vorschl\u00e4ge nach Eignung sortieren und einzelne Ideen ggf. vorbereiten. Au\u00dferdem ist so nat\u00fcrlich die \u00dcberraschung f\u00fcr Ihre SuS gr\u00f6\u00dfer, da niemand die Vorschl\u00e4ge der anderen kennt. Aber vielleicht haben Sie ja auch sofort mindestens 24 tolle Ideen, mit denen Sie Ihren Kindern eine Freude machen.<\/p>\n<\/div><\/section><\/div>\n\n<style type=\"text\/css\" data-created_by=\"avia_inline_auto\" id=\"style-css-av-3040z42-c87654f88feeed654923a6bcff81e7bf\">\n.flex_column.av-3040z42-c87654f88feeed654923a6bcff81e7bf{\nborder-radius:0px 0px 0px 0px;\npadding:0px 0px 0px 0px;\n}\n<\/style>\n<div  class='flex_column av-3040z42-c87654f88feeed654923a6bcff81e7bf av_one_full  avia-builder-el-20  el_after_av_one_full  el_before_av_one_full  first flex_column_div av-zero-column-padding  column-top-margin'     ><section  class='av_textblock_section av-lgca43t6-44277b65604344562cc4a63c264ada75 '  ><div class='avia_textblock infoboxGreen' ><p><strong>Tipp<\/strong>: Den <a href=\"https:\/\/www.backwinkel.de\/prod\/kinderbriefkasten.html\">Briefkasten<\/a> und au\u00dfergew\u00f6hnliche <a href=\"https:\/\/www.backwinkel.de\/cat\/kindergarten-spielen-weihnachten-advent\/\">Adventskalender<\/a> finden Sie in unserem Onlineshop.<\/p>\n<\/div><\/section><\/div>\n\n<style type=\"text\/css\" data-created_by=\"avia_inline_auto\" id=\"style-css-av-tyaffi-92b08f2a2939541cc1704d00dcdbab14\">\n.flex_column.av-tyaffi-92b08f2a2939541cc1704d00dcdbab14{\nborder-radius:0px 0px 0px 0px;\npadding:0px 0px 0px 0px;\n}\n<\/style>\n<div  class='flex_column av-tyaffi-92b08f2a2939541cc1704d00dcdbab14 av_one_full  avia-builder-el-22  el_after_av_one_full  el_before_av_one_full  first flex_column_div av-zero-column-padding  column-top-margin'     ><section  class='av_textblock_section av-lp9majqu-15ff5001222228df3317e41653092014 '  ><div class='avia_textblock' ><h3><strong>Kerzen selbst gestalten <\/strong><\/h3>\n<p>Ob Windlichter oder Kerzenziehen: In der dunklen Jahreszeit sind Kerzen einfach sch\u00f6n. Mit ihren kreativen Werken schaffen Ihre SuS eine tolle Stimmung z. B. f\u00fcrs Adventsfr\u00fchst\u00fcck oder schon die ersten Geschenke f\u00fcr die Familie.<\/p>\n<p>Tipps, Anleitungen und Links zum Selbermachen von Kerzen finden Sie in unseren Beitr\u00e4gen <a href=\"https:\/\/www.backwinkel.de\/blog\/modellieren\/\">Packen Sie es an! Inspirationen rund ums Thema Modellieren<\/a> und <a href=\"https:\/\/www.backwinkel.de\/blog\/lichterfeste-der-kulturen\/\">Lichterfeste der Kulturen: Hanukkah, Diwali, Weihnachten<\/a>.<\/p>\n<h3><strong>Kr\u00e4nze binden <\/strong><\/h3>\n<p>Beim Thema Kr\u00e4nze haben Ihre kleinen K\u00fcnstler freie Hand, denn es muss nicht immer der klassische Adventskranz aus Tannenzweigen inklusive Kerzen sein. Viele unterschiedliche Materialien eignen sich bestens, um zu einem tollen Kranz verarbeitet zu werden, der dann T\u00fcren, W\u00e4nde, Fenster schm\u00fcckt und nat\u00fcrlich auch ein sch\u00f6nes Geschenk ist.<\/p>\n<p><strong>Sie brauchen auf jeden Fall<\/strong>:<\/p>\n<ul>\n<li>Zweige, Strohkr\u00e4nze, Styroporringe o. \u00c4. als Basis<\/li>\n<li>Blumen- oder Basteldraht sowie Schere oder Drahtschneider zum Zuschneiden, ggf. Klebstoff<\/li>\n<\/ul>\n<p><strong>F\u00fcrs Verzieren eignen sich beispielsweise folgende Materialien<\/strong>:<\/p>\n<ul>\n<li>Stoffreste, Geschenkpapier oder B\u00e4nder<\/li>\n<li>Zweige<\/li>\n<li>getrocknete Bl\u00e4tter, Blumen, Moos<\/li>\n<li><a href=\"https:\/\/www.backwinkel.de\/cat\/kindergarten-spielen-verzierungsmaterial\/\">Verzierungsmaterial<\/a> wie Perlen, Kugeln und Schleifen (finden Sie nat\u00fcrlich in unserem Onlineshop)<\/li>\n<li>selbst gemachte Deko wie ausgeschnittene Pappfiguren oder Elemente aus Salzteig<\/li>\n<li>f\u00fcr den weihnachtlichen Touch Tannenzweige und -zapfen oder Kerzen<\/li>\n<\/ul>\n<p>Selbstverst\u00e4ndlich finden Sie online eine Menge Anleitungen, aber ganz ehrlich: Viel falsch machen k\u00f6nnen Sie nicht. Sammeln Sie einfach verschiedene Materialien und experimentieren Sie gemeinsam. Bestimmt kommen dabei ein paar erstaunliche Kreationen heraus. Zur Inspiration finden Sie am Ende des Beitrags eine Sammlung ganz verschiedener Kr\u00e4nze zum Selberbinden.<\/p>\n<\/div><\/section><\/div>\n\n<style type=\"text\/css\" data-created_by=\"avia_inline_auto\" id=\"style-css-av-z5ctpa-fbea3da3a43528b8425c9911be0534c1\">\n.flex_column.av-z5ctpa-fbea3da3a43528b8425c9911be0534c1{\nborder-radius:0px 0px 0px 0px;\npadding:0px 0px 0px 0px;\n}\n<\/style>\n<div  class='flex_column av-z5ctpa-fbea3da3a43528b8425c9911be0534c1 av_one_full  avia-builder-el-24  el_after_av_one_full  el_before_av_one_full  first flex_column_div av-zero-column-padding  column-top-margin'     ><section  class='av_textblock_section av-lp9sjpnw-6813410faf94de222a8824c32aa0a283 '  ><div class='avia_textblock infoboxGreen' ><p><strong>Extra-Tipp<\/strong>: Wie w\u00e4rs mit einem kleinen Crash-Kurs im Kr\u00e4nzebinden? Kennen Sie oder die Kinder vielleicht Floristen, die Lust auf einen Besuch in Ihrer Klasse haben? Ansonsten lohnt es sich, einfach mal in den umliegenden Blumenhandlungen nachzufragen oder sich umzuh\u00f6ren, ob es Familienmitglieder oder Bekannte gibt, die Erfahrung im Kr\u00e4nzebinden haben.<\/p>\n<\/div><\/section><\/div>\n\n<style type=\"text\/css\" data-created_by=\"avia_inline_auto\" id=\"style-css-av-jt9kfy-39a2137b23fdc1a222524bb7776dc0f7\">\n.flex_column.av-jt9kfy-39a2137b23fdc1a222524bb7776dc0f7{\nborder-radius:0px 0px 0px 0px;\npadding:0px 0px 0px 0px;\n}\n<\/style>\n<div  class='flex_column av-jt9kfy-39a2137b23fdc1a222524bb7776dc0f7 av_one_full  avia-builder-el-26  el_after_av_one_full  el_before_av_one_full  first flex_column_div av-zero-column-padding  column-top-margin'     ><section  class='av_textblock_section av-lp9skal9-ef8f01e09e0c01d85d96dd998820c9d0 '  ><div class='avia_textblock' ><h3><strong>Weihnachtsschmuck <\/strong><\/h3>\n<p>Girlanden, Fensterbilder, Schneekugeln: Es gibt Hunderte von kreativen Bastelideen rund um die Weihnachtszeit, sodass Sie frei entscheiden k\u00f6nnen, wie viel Aufwand Sie betreiben wollen. Wir stellen Ihnen hier drei unserer Favoriten vor:<\/p>\n<ol>\n<li>einfach: Tannenbaum<\/li>\n<\/ol>\n<p>Sie ben\u00f6tigen z. B. einen <a href=\"https:\/\/www.backwinkel.de\/prod\/20-pappkegel.html\">Pappkegel<\/a> und verschiedene Materialien zum Umwickeln, wie F\u00e4den, <a href=\"https:\/\/www.backwinkel.de\/prod\/basteldraht-9-spulen.html\">Draht<\/a> oder Geschenkband. Alternativ k\u00f6nnen Ihre Kinder die Kegel auch <a href=\"https:\/\/www.backwinkel.de\/prod\/uhu-vorrats-set-12-teilig.html\">bekleben<\/a>. Zum Bekleben ist ebenfalls erlaubt, was gef\u00e4llt: Watte, Stoffreste, Perlen oder <a href=\"https:\/\/www.backwinkel.de\/prod\/selbstklebende-schmucksteine-regenbogen-480-stueck.html\">Glitzersteinchen<\/a>. Oder Ihre SuS bemalen die B\u00e4umchen einfach, z. B. mit <a href=\"https:\/\/www.backwinkel.de\/cat\/kindergarten-spielen-acrylfarbe\/\">Acryl<\/a>&#8211; oder <a href=\"https:\/\/www.backwinkel.de\/cat\/kindergarten-spielen-wasserfarbe\/\">Wasserfarbe<\/a> oder <a href=\"https:\/\/www.backwinkel.de\/cat\/kindergarten-spielen-filzstifte\/\">Filzstiften<\/a>.<\/p>\n<ol start=\"2\">\n<li>mittel: Schneeflocken<\/li>\n<\/ol>\n<p><a href=\"https:\/\/www.backwinkel.de\/prod\/500-holzstaebchen.html\">Naturfarbene Holzst\u00e4bchen<\/a> oder <a href=\"https:\/\/www.backwinkel.de\/prod\/holzstaebchen-bunt.html\">bunte Holzst\u00e4bchen<\/a> sind eine super M\u00f6glichkeit, um geometrische Schneeflocken in allen Variationen zu gestalten. F\u00fcr komplizierte Muster empfiehlt es sich, vorher auf dem Papier zu experimentieren oder die St\u00e4bchen erstmal ohne Klebstoff zusammenzulegen. Je nach Gr\u00f6\u00dfe eignen sich die fertigen Kunstwerke als Baum-, Fenster- oder Wandschmuck.<\/p>\n<ol start=\"3\">\n<li>schwierig: geh\u00e4kelte Weihnachtsmotive<\/li>\n<\/ol>\n<p>Zugegeben, das kann ein wenig knifflig sein, vor allem, wenn Ihre SuS noch keine H\u00e4kelerfahrung haben. Gl\u00fccklicherweise gibt es aber auch genug einfache Motive, die sich f\u00fcr Einsteiger anbieten, z. B. einen simplen Weihnachtsbaum, den die Kinder auf eine Weihnachtskarte kleben. Wenn Sie mehr Zeit f\u00fcr dieses Projekt einplanen m\u00f6chten, k\u00f6nnen Sie sich an einem 3D-Motiv versuchen, das Sie dann mit Bastelwatte ausstopfen.<\/p>\n<\/div><\/section><\/div>\n\n<style type=\"text\/css\" data-created_by=\"avia_inline_auto\" id=\"style-css-av-28fb7aa-24e734733612ebdb61e01684b7188dfc\">\n.flex_column.av-28fb7aa-24e734733612ebdb61e01684b7188dfc{\nborder-radius:0px 0px 0px 0px;\npadding:0px 0px 0px 0px;\n}\n<\/style>\n<div  class='flex_column av-28fb7aa-24e734733612ebdb61e01684b7188dfc av_one_full  avia-builder-el-28  el_after_av_one_full  el_before_av_one_full  first flex_column_div av-zero-column-padding  column-top-margin'     ><section  class='av_textblock_section av-lgca4yvj-8b58d22233c164727f29e64155bc7acc '  ><div class='avia_textblock' >\n<style type=\"text\/css\" data-created_by=\"avia_inline_auto\" id=\"style-css-av-1s0gmjm-08f2030119244206e85f4f450f9212cc\">\n#top .hr.hr-invisible.av-1s0gmjm-08f2030119244206e85f4f450f9212cc{\nheight:20px;\n}\n<\/style>\n<div  class='hr av-1s0gmjm-08f2030119244206e85f4f450f9212cc hr-invisible  avia-builder-el-30  avia-builder-el-no-sibling '><span class='hr-inner '><span class=\"hr-inner-style\"><\/span><\/span><\/div>\n<h2 id=\"3\" class=\"position\"><strong>4 Ideen, um Gutes zu tun <\/strong><\/h2>\n<p>Ob man christlich bzw. im Allgemeinen gl\u00e4ubig ist oder nicht, sollte die <strong>N\u00e4chstenliebe<\/strong> und auch den <strong>achtsamen Umgang mit der Umwelt<\/strong> nicht beeinflussen. Es ist oft so leicht, Gutes zu tun, wenn man ein wenig die Augen offenh\u00e4lt und sich Gedanken \u00fcber Dinge und Menschen macht, die einem im Alltag begegnen.<\/p>\n<h3><strong>Meisenkn\u00f6del selbst machen <\/strong><\/h3>\n<p>Wenn Sie sich dazu entschlie\u00dfen, den V\u00f6geln in ihrer Umgebung Gutes zu tun, profitieren auch Ihre Kinder davon, denn die Futterstellen eignen sich hervorragend daf\u00fcr, die<strong> Tiere zu beobachten, zu skizzieren und etwas \u00fcber ihr Verhalten zu lernen<\/strong>.<\/p>\n<p>Die Herstellung von Meisenkn\u00f6deln ist simpel und es gibt mehrere Varianten. Je nach Anleitung brauchen Sie:<\/p>\n<ul>\n<li>Tiertalg oder Kokosfett plus ein wenig Speise\u00f6l<\/li>\n<li>eine K\u00f6rnermischung<\/li>\n<li>Herdplatte und Topf<\/li>\n<li>ggf. Zweige, Kordel, Tontopf<\/li>\n<\/ul>\n<p>Nachdem Sie Talg oder Fett erhitzt haben, geben Sie einfach die K\u00f6rnermischung hinzu. F\u00fcr die einfachste Alternative streichen Sie die Mischung auf einen Baumstamm. Ansonsten k\u00f6nnen Ihre SuS die Masse um Zweige formen, die an einer Kordel aufgeh\u00e4ngt werden.<\/p>\n<p>Entscheiden Sie sich f\u00fcr eine <strong>Futterglocke<\/strong>, ziehen Sie am besten vor dem F\u00fcllen eine Kordel, an die Sie einen Zweig binden, durch das Loch des Tontopfs. So k\u00f6nnen die V\u00f6gel bequem an der Futterstelle landen.<\/p>\n<h3><strong>Weihnachtsbasar <\/strong><\/h3>\n<p>Der Weihnachtsbasar ist nicht nur eine tolle M\u00f6glichkeit, um Geld in die Klassenkasse zu sp\u00fclen, sondern auch ein tolles Erlebnis f\u00fcr Ihre SuS: Sie lernen, <strong>sich selbst zu organisieren und einzubringen<\/strong>, die <strong>Teamf\u00e4higkeit<\/strong> wird gef\u00f6rdert und es kommt Besuch, der die Waren bewundert.<\/p>\n<p>Am besten planen Sie den Basar mit ein paar Wochen Vorlauf. So ist genug Zeit da, um sich mit anderen Klassen abzusprechen, zu basteln und ggf. auch die Familien der SuS einzubinden, z. B. f\u00fcr Backen, Transport oder auch Verkauf und Aufr\u00e4umen. Laden Sie auch gern die Nachbarschaft ein \u2013 oder vielleicht sogar den benachbarten Kindergarten, ein Jugend- oder Seniorenheim.<\/p>\n<h3><strong>Backen f\u00fcr den guten Zweck <\/strong><\/h3>\n<p>Nicht f\u00fcr jeden Menschen ist die Vorweihnachtszeit erfreulich. Manche sind einsam, anderen fehlt das Geld, um es sich sch\u00f6n zu machen. \u00dcberlegen Sie gemeinsam, wie Sie als Klasse diesen Menschen die Zeit ein wenig versch\u00f6nern k\u00f6nnen \u2013 vielleicht mit <strong>Spenden<\/strong> f\u00fcr ein Kirchenfest, selbst gebackenen Pl\u00e4tzchen f\u00fcr die Tafel oder eine \u00e4hnliche Organisation oder einem Besuch in einem Kinderheim?<\/p>\n<p>Je nach Wohnort werden Sie bei einem Bummel durch die Fu\u00dfg\u00e4ngerzone bereits Menschen entdecken, die sich \u00fcber ein kleines weihnachtliches Paket freuen werden. Gleichzeitig laden diese Aktionen dazu ein, <strong>\u00fcber soziale Werte und unsere Gesellschaft zu diskutieren<\/strong>, z. B. anhand der folgenden Fragen:<\/p>\n<ul>\n<li>Welche Menschen wohnen in unserer Umgebung?<\/li>\n<li>Warum nehmen wir diese Personen meistens nicht wahr?<\/li>\n<li>Welche Sorgen und Probleme haben sie \u2013 und warum?<\/li>\n<li>Wie kann man anderen Menschen schon durch kleine Dinge helfen?<\/li>\n<li>Was braucht man wirklich, um gl\u00fccklich zu sein?<\/li>\n<\/ul>\n<h3><strong>Tombola <\/strong><\/h3>\n<p>Mit dieser Idee schlagen Sie zwei Fliegen mit einer Klappe: Ihre SuS und auch Sie selbst haben die Gelegenheit, zu Hause mal ordentlich zu entr\u00fcmpeln, und gleichzeitig nehmen Sie Geld ein, das Sie sowohl spenden als auch f\u00fcr Ausfl\u00fcge, Anschaffungen oder Gestaltung bestimmter Bereiche nutzen k\u00f6nnen.<\/p>\n<\/div><\/section><\/div>\n\n<style type=\"text\/css\" data-created_by=\"avia_inline_auto\" id=\"style-css-av-196v81a-9434c612a1c7f717201c5dad8d8e883b\">\n.flex_column.av-196v81a-9434c612a1c7f717201c5dad8d8e883b{\nborder-radius:0px 0px 0px 0px;\npadding:0px 0px 0px 0px;\n}\n<\/style>\n<div  class='flex_column av-196v81a-9434c612a1c7f717201c5dad8d8e883b av_one_full  avia-builder-el-31  el_after_av_one_full  el_before_av_one_third  first flex_column_div av-zero-column-padding  column-top-margin'     ><section  class='av_textblock_section av-lnlprk14-da764e53a9a46575963d6dbdb1de1a97 '  ><div class='avia_textblock infoboxBlue' ><p><strong>ACHTUNG<\/strong>: Je nach Bundesland ist das Veranstalten einer Schul-Tombola verboten (illegales Gl\u00fccksspiel) oder unterliegt Auflagen, z. B. bez\u00fcglich des Wertes der Preise und Lose oder des Teilnahmealters. Informieren Sie sich also zuvor \u00fcber die jeweilige Rechtslage und weichen Sie ggf. auf Alternativen aus.<\/p>\n<\/div><\/section><\/div>\n<div class='flex_column_table av-ioxdto-ec14c1f0eafd4a04ca12607db6baeedc sc-av_one_third av-equal-height-column-flextable'>\n<style type=\"text\/css\" data-created_by=\"avia_inline_auto\" id=\"style-css-av-ioxdto-ec14c1f0eafd4a04ca12607db6baeedc\">\n.flex_column.av-ioxdto-ec14c1f0eafd4a04ca12607db6baeedc{\nborder-width:1px;\nborder-color:#ebebeb;\nborder-style:solid;\nborder-radius:0px 0px 0px 0px;\npadding:10px 10px 10px 10px;\n}\n<\/style>\n<div  class='flex_column av-ioxdto-ec14c1f0eafd4a04ca12607db6baeedc av_one_third  avia-builder-el-33  el_after_av_one_full  el_before_av_one_third  first flex_column_table_cell av-equal-height-column av-align-top  column-top-margin'     ><p><section  class='av_textblock_section av-l7elhcb4-05742cfa5c91e6d948714cf197d7f53f '  ><div class='avia_textblock' ><p><img decoding=\"async\" class=\"alignnone wp-image-12657 size-full\" src=\"https:\/\/blog.backwinkel.de\/wp-content\/uploads\/2023\/11\/54805_acrylfarben-set_b.jpg\" alt=\"\" width=\"700\" height=\"700\" srcset=\"https:\/\/www.backwinkel.de\/blog\/wp-content\/uploads\/2023\/11\/54805_acrylfarben-set_b.jpg 700w, https:\/\/www.backwinkel.de\/blog\/wp-content\/uploads\/2023\/11\/54805_acrylfarben-set_b-36x36.jpg 36w, https:\/\/www.backwinkel.de\/blog\/wp-content\/uploads\/2023\/11\/54805_acrylfarben-set_b-180x180.jpg 180w\" sizes=\"(max-width: 700px) 100vw, 700px\" \/><\/p>\n<p style=\"font-size: 20px; font-family: urw_grotesk_extra_narrowrg; text-align: left;\">Giotto Acrylfarben-Set<\/p>\n<p style=\"text-align: left;\"><div  class='avia-button-wrap av-i5l83g-f0e6b3758ec069f64708aec15b72f0fd-wrap avia-button-center  avia-builder-el-35  avia-builder-el-no-sibling '><a href='https:\/\/www.backwinkel.de\/prod\/giotto-acrylfarben-set.html'  class='avia-button av-i5l83g-f0e6b3758ec069f64708aec15b72f0fd av-link-btn avia-icon_select-no avia-size-medium avia-position-center avia-color-theme-color'  target=\"_blank\"  rel=\"noopener noreferrer\"  aria-label=\"zum Produkt\"><span class='avia_iconbox_title' >zum Produkt<\/span><\/a><\/div><\/p>\n<\/div><\/section><br \/>\n\n<style type=\"text\/css\" data-created_by=\"avia_inline_auto\" id=\"style-css-av-g0g38s-ce499c13c018dbb7298d8bbbef42f017\">\n#top .hr.hr-invisible.av-g0g38s-ce499c13c018dbb7298d8bbbef42f017{\nheight:20px;\n}\n<\/style>\n<div  class='hr av-g0g38s-ce499c13c018dbb7298d8bbbef42f017 hr-invisible  avia-builder-el-36  el_after_av_textblock  avia-builder-el-last '><span class='hr-inner '><span class=\"hr-inner-style\"><\/span><\/span><\/div><\/p><\/div>\n<div class='av-flex-placeholder'><\/div>\n<style type=\"text\/css\" data-created_by=\"avia_inline_auto\" id=\"style-css-av-dpmha4-8db092c8d42380ff76fe837638b3593c\">\n.flex_column.av-dpmha4-8db092c8d42380ff76fe837638b3593c{\nborder-width:1px;\nborder-color:#ebebeb;\nborder-style:solid;\nborder-radius:0px 0px 0px 0px;\npadding:10px 10px 10px 10px;\n}\n<\/style>\n<div  class='flex_column av-dpmha4-8db092c8d42380ff76fe837638b3593c av_one_third  avia-builder-el-37  el_after_av_one_third  el_before_av_one_third  flex_column_table_cell av-equal-height-column av-align-top  column-top-margin'     ><p><section  class='av_textblock_section av-bu6a5o-adff641327cef1a6b0e5bcb473cf987b '  ><div class='avia_textblock' ><p><img decoding=\"async\" class=\"alignnone wp-image-12658 size-full\" src=\"https:\/\/blog.backwinkel.de\/wp-content\/uploads\/2023\/11\/43309_schatzkistenkalender.jpg\" alt=\"\" width=\"700\" height=\"700\" srcset=\"https:\/\/www.backwinkel.de\/blog\/wp-content\/uploads\/2023\/11\/43309_schatzkistenkalender.jpg 700w, https:\/\/www.backwinkel.de\/blog\/wp-content\/uploads\/2023\/11\/43309_schatzkistenkalender-36x36.jpg 36w, https:\/\/www.backwinkel.de\/blog\/wp-content\/uploads\/2023\/11\/43309_schatzkistenkalender-180x180.jpg 180w\" sizes=\"(max-width: 700px) 100vw, 700px\" \/><\/p>\n<p style=\"font-size: 20px; font-family: urw_grotesk_extra_narrowrg; text-align: left;\">24 Adventskalender Schatzkisten<\/p>\n<p style=\"text-align: left;\"><div  class='avia-button-wrap av-b9ewak-069b6c078689849e25707dba54e204c5-wrap avia-button-center  avia-builder-el-39  avia-builder-el-no-sibling '><a href='https:\/\/www.backwinkel.de\/prod\/24-adventskalender-schatzkisten.html'  class='avia-button av-b9ewak-069b6c078689849e25707dba54e204c5 av-link-btn avia-icon_select-no avia-size-medium avia-position-center avia-color-theme-color'  target=\"_blank\"  rel=\"noopener noreferrer\"  aria-label=\"zum Produkt\"><span class='avia_iconbox_title' >zum Produkt<\/span><\/a><\/div><\/p>\n<\/div><\/section><br \/>\n\n<style type=\"text\/css\" data-created_by=\"avia_inline_auto\" id=\"style-css-av-98zau4-97afd58dea2aa3cbc7341221ea243b4d\">\n#top .hr.hr-invisible.av-98zau4-97afd58dea2aa3cbc7341221ea243b4d{\nheight:20px;\n}\n<\/style>\n<div  class='hr av-98zau4-97afd58dea2aa3cbc7341221ea243b4d hr-invisible  avia-builder-el-40  el_after_av_textblock  avia-builder-el-last '><span class='hr-inner '><span class=\"hr-inner-style\"><\/span><\/span><\/div><\/p><\/div>\n<div class='av-flex-placeholder'><\/div>\n<style type=\"text\/css\" data-created_by=\"avia_inline_auto\" id=\"style-css-av-7gup9o-d4a0bff7234bad7305d3fdc0aa1fc721\">\n.flex_column.av-7gup9o-d4a0bff7234bad7305d3fdc0aa1fc721{\nborder-width:1px;\nborder-color:#ebebeb;\nborder-style:solid;\nborder-radius:0px 0px 0px 0px;\npadding:10px 10px 10px 10px;\n}\n<\/style>\n<div  class='flex_column av-7gup9o-d4a0bff7234bad7305d3fdc0aa1fc721 av_one_third  avia-builder-el-41  el_after_av_one_third  el_before_av_hr  flex_column_table_cell av-equal-height-column av-align-top  column-top-margin'     ><p><section  class='av_textblock_section av-5xc8to-a8b217bf582573b4083a53d3a58684c5 '  ><div class='avia_textblock' ><p><img decoding=\"async\" class=\"alignnone wp-image-12659 size-full\" src=\"https:\/\/blog.backwinkel.de\/wp-content\/uploads\/2023\/11\/40480_sammelbild-holzstaebchen-set-verpackung.jpg\" alt=\"\" width=\"700\" height=\"700\" srcset=\"https:\/\/www.backwinkel.de\/blog\/wp-content\/uploads\/2023\/11\/40480_sammelbild-holzstaebchen-set-verpackung.jpg 700w, https:\/\/www.backwinkel.de\/blog\/wp-content\/uploads\/2023\/11\/40480_sammelbild-holzstaebchen-set-verpackung-36x36.jpg 36w, https:\/\/www.backwinkel.de\/blog\/wp-content\/uploads\/2023\/11\/40480_sammelbild-holzstaebchen-set-verpackung-180x180.jpg 180w\" sizes=\"(max-width: 700px) 100vw, 700px\" \/><\/p>\n<p style=\"font-size: 20px; font-family: urw_grotesk_extra_narrowrg; text-align: left;\">Regenbogen Holzst\u00e4bchen-Set<\/p>\n<p style=\"text-align: left;\"><div  class='avia-button-wrap av-42izbg-b0f91472ec7083ed1f5dfc43b45ab2f8-wrap avia-button-center  avia-builder-el-43  avia-builder-el-no-sibling '><a href='https:\/\/www.backwinkel.de\/prod\/regenbogen-holzstaebchen-set.html'  class='avia-button av-42izbg-b0f91472ec7083ed1f5dfc43b45ab2f8 av-link-btn avia-icon_select-no avia-size-medium avia-position-center avia-color-theme-color'  target=\"_blank\"  rel=\"noopener noreferrer\"  aria-label=\"zum Produkt\"><span class='avia_iconbox_title' >zum Produkt<\/span><\/a><\/div><\/p>\n<\/div><\/section><br \/>\n\n<style type=\"text\/css\" data-created_by=\"avia_inline_auto\" id=\"style-css-av-34kmos-bf82b2f0bad2874622f6b66562996b15\">\n#top .hr.hr-invisible.av-34kmos-bf82b2f0bad2874622f6b66562996b15{\nheight:20px;\n}\n<\/style>\n<div  class='hr av-34kmos-bf82b2f0bad2874622f6b66562996b15 hr-invisible  avia-builder-el-44  el_after_av_textblock  avia-builder-el-last '><span class='hr-inner '><span class=\"hr-inner-style\"><\/span><\/span><\/div><\/p><\/div><\/div><!--close column table wrapper. Autoclose: 1 -->\n\n<style type=\"text\/css\" data-created_by=\"avia_inline_auto\" id=\"style-css-av-kz7pcc-998c523973ce04bd41c056e7ad17fd36\">\n#top .hr.av-kz7pcc-998c523973ce04bd41c056e7ad17fd36{\nmargin-top:10px;\nmargin-bottom:10px;\n}\n.hr.av-kz7pcc-998c523973ce04bd41c056e7ad17fd36 .hr-inner{\nwidth:500;\n}\n<\/style>\n<div  class='hr av-kz7pcc-998c523973ce04bd41c056e7ad17fd36 hr-custom  avia-builder-el-45  el_after_av_one_third  el_before_av_one_full  hr-left hr-icon-no'><span class='hr-inner inner-border-av-border-none'><span class=\"hr-inner-style\"><\/span><\/span><\/div>\n\n<style type=\"text\/css\" data-created_by=\"avia_inline_auto\" id=\"style-css-av-3tembw-a1c4b21fc3f6f2fd3d0d32482ae74cc6\">\n.flex_column.av-3tembw-a1c4b21fc3f6f2fd3d0d32482ae74cc6{\nborder-radius:0px 0px 0px 0px;\npadding:10px 10px 10px 10px;\nbackground-color:#f2f2f2;\n}\n<\/style>\n<div  class='flex_column av-3tembw-a1c4b21fc3f6f2fd3d0d32482ae74cc6 av_one_full  avia-builder-el-46  el_after_av_hr  el_before_av_one_full  first flex_column_div  '     ><section  class='av_textblock_section av-2hcanw-354275dfda09aacb13c8894d92e606ed '  ><div class='avia_textblock' ><p class=\"fussnoten-quellen\"><strong>Lesestoff:<\/strong><\/p>\n<p>Meisenkn\u00f6del f\u00fcr die kalte Jahreszeit \u2013 Nachhaltigkeit im Rahmen der Adventsbastelei:<br \/>\n<a href=\"https:\/\/grundschule-aktuell.de\/5448\/meisenknoedel-kalte-jahreszeit-nachhaltigkeit-rahmen-adventsbastelei\">https:\/\/www.grundschulschnueffler.de\/index.php\/unterrichten\/meisenknoedel-kalte-jahreszeit-nachhaltigkeit-rahmen-adventsbastelei\/<\/a><\/p>\n<p>Eine breite Auswahl an Anleitungen f\u00fcr verschiedene Kr\u00e4nze:<br \/>\n<a href=\"https:\/\/www.handmadekultur.de\/projekte\/kranz-binden\">https:\/\/www.handmadekultur.de\/projekte\/kranz-binden<\/a><\/p>\n<p>NABU: Meisenkn\u00f6del und Futterglocke basteln \u2013 NABU-Anleitung zum Selbermachen<br \/>\n<a href=\"https:\/\/www.nabu.de\/tiere-und-pflanzen\/voegel\/helfen\/vogelfuetterung\/03125.html\">https:\/\/www.nabu.de\/tiere-und-pflanzen\/voegel\/helfen\/vogelfuetterung\/03125.html<\/a><\/p>\n<p>Pommer, Grit: Illegales Gl\u00fccksspiel an der Schule?: Tombola am Scholl-Gymnasium abgeschafft, 06.04.2017:<br \/>\n<a href=\"https:\/\/www.mz.de\/lokal\/sangerhausen\/illegales-glucksspiel-in-der-schule-tombola-am-scholl-gymnasium-abgeschafft-1294916\">https:\/\/www.mz.de\/lokal\/sangerhausen\/illegales-glucksspiel-in-der-schule-tombola-am-scholl-gymnasium-abgeschafft-1294916<\/a><\/p>\n<p>Susanne: Adventskalender selber basteln \u2013 10+ DIY Bastelideen + Anleitungen, 23.11.2017:<br \/>\n<a href=\"https:\/\/diydekoideen.com\/adventskalender-selber-basteln-10-diy-bastelideen-anleitungen\/\">https:\/\/diydekoideen.com\/adventskalender-selber-basteln-10-diy-bastelideen-anleitungen\/<\/a><\/p>\n<p>Susanne: So k\u00f6nnt ihr einmalige Adventskalender selber basteln \u2013 15 Ideen, 24.11.2017:<br \/>\n<a href=\"https:\/\/diydekoideen.com\/so-konnt-ihr-einmalige-adventskalender-selber-basteln-15-ideen\/\">https:\/\/diydekoideen.com\/so-konnt-ihr-einmalige-adventskalender-selber-basteln-15-ideen\/<\/a><\/p>\n<p>Susanne: So leicht k\u00f6nnt ihr Weihnachtsschmuck basteln \u2013 Bastelideen f\u00fcr Weihnachten, 01.12.2017 (man beachte die filigranen Papierschneeflocken, die man nach einem aufgezeichneten Muster ausschneidet \u2013 toll!):<br \/>\n<a href=\"https:\/\/diydekoideen.com\/so-leicht-konnt-ihr-weihnachtsschmuck-basteln-bastelideen-fur-weihnachten\/\">https:\/\/diydekoideen.com\/so-leicht-konnt-ihr-weihnachtsschmuck-basteln-bastelideen-fur-weihnachten\/<\/a><\/p>\n<p><strong>Materialsammlungen zur Weihnachtszeit mit weiterf\u00fchrenden Links: <\/strong><\/p>\n<p>Advent und Weihnachten in der Schule \u2013 Arbeitsbl\u00e4tter und weitere Unterrichtsmaterialien:<br \/>\n<a href=\"https:\/\/www.bildungsserver.de\/Advent-und-Weihnachten-in-der-Schule-9936-de.html\">https:\/\/www.bildungsserver.de\/Advent-und-Weihnachten-in-der-Schule-9936-de.html<\/a><\/p>\n<p><a href=\"https:\/\/fraulocke-grundschultante.de\/tag\/advent\/\">https:\/\/fraulocke-grundschultante.de\/tag\/advent\/<\/a><\/p>\n<p>Schulleben: Unsere gesammelten Ideen zur Adventszeit:<br \/>\n<a href=\"https:\/\/www.grundschulschnueffler.de\/index.php\/allgemein\/gesammelten-ideen-adventszeit\/\">https:\/\/www.grundschulschnueffler.de\/index.php\/allgemein\/gesammelten-ideen-adventszeit\/<\/a><\/p>\n<p><a href=\"https:\/\/ideenreise-blog.de\/tag\/advent\">https:\/\/ideenreise-blog.de\/tag\/advent<\/a><\/p>\n<p>Advent und Weihnachten \u2013 Themensammlung Feste und Feiertage:<br \/>\n<a href=\"https:\/\/www.lehrer-online.de\/fokusthemen\/dossier\/do\/advent-und-weihnachten\/\">https:\/\/www.lehrer-online.de\/fokusthemen\/dossier\/do\/advent-und-weihnachten\/<\/a><\/p>\n<p>Schuster, Rebekka: Advent in der Grundschule \u2013 24 Unterrichtsideen vor Weihnachten, 22.11.2022:<br \/>\n<a href=\"https:\/\/www.beratungimref.de\/post\/advent-grundschule\">https:\/\/www.beratungimref.de\/post\/advent-grundschule<\/a><\/p>\n<\/div><\/section><\/div>\n\n<style type=\"text\/css\" data-created_by=\"avia_inline_auto\" id=\"style-css-av-fqckto-d5350d06c16b17286c5e2ae288dcdba2\">\n.flex_column.av-fqckto-d5350d06c16b17286c5e2ae288dcdba2{\nborder-radius:0px 0px 0px 0px;\npadding:10px 10px 10px 10px;\n}\n<\/style>\n<div  class='flex_column av-fqckto-d5350d06c16b17286c5e2ae288dcdba2 av_one_full  avia-builder-el-48  el_after_av_one_full  el_before_av_one_full  first flex_column_div  column-top-margin'     ><section  class='av_textblock_section av-dh1mgc-1f1cdce34e8e6e00b3fada23e5365d1b '  ><div class='avia_textblock' ><p class=\"copyright\"><strong>\u00a9 Copyright \u2013 Urheberrechtshinweis<\/strong><br \/>\nAlle Inhalte auf www.backwinkel.de sowie www.backwinkel.de\/blog, insbesondere Texte, Fotografien und Grafiken, sind urheberrechtlich gesch\u00fctzt.<br \/>\nDas Urheberrecht liegt, soweit nicht ausdr\u00fccklich anders gekennzeichnet, bei der BACKWINKEL GmbH. Bitte fragen Sie uns, falls Sie die Inhalte dieses Internetangebotes verwenden m\u00f6chten.<br \/>\nWer gegen das Urheberrecht verst\u00f6\u00dft (z. B. Bilder oder Texte unerlaubt kopiert), macht sich gem. \u00a7\u00a7 106 ff UrhG strafbar, wird zudem kostenpflichtig abgemahnt und muss Schadensersatz leisten (\u00a7 97 UrhG).<\/p>\n<\/div><\/section><\/div>\n\n<style type=\"text\/css\" data-created_by=\"avia_inline_auto\" id=\"style-css-av-d5co4s-aedf4c432807ac740642c7127dd938f9\">\n.flex_column.av-d5co4s-aedf4c432807ac740642c7127dd938f9{\nborder-radius:0px 0px 0px 0px;\npadding:0px 0px 0px 0px;\n}\n<\/style>\n<div  class='flex_column av-d5co4s-aedf4c432807ac740642c7127dd938f9 av_one_full  avia-builder-el-50  el_after_av_one_full  el_before_av_one_full  first flex_column_div av-zero-column-padding  column-top-margin'     ><section  class='av_textblock_section av-a97ba4-7dd40c09d190f5324e4111b3d971dd4a '  ><div class='avia_textblock' ><div class=\"shariff shariff-align-left shariff-widget-align-left\"><ul class=\"shariff-buttons theme-color orientation-horizontal buttonsize-medium\"><li class=\"shariff-button whatsapp shariff-nocustomcolor\" style=\"background-color:#5cbe4a\"><a href=\"https:\/\/api.whatsapp.com\/send?text=https%3A%2F%2Fwww.backwinkel.de%2Fblog%2Fadvent-grundschule%2F%20Adventskalender%2C%20Wichteln%2C%20Kr%C3%A4nze%20binden\" title=\"Bei Whatsapp teilen\" aria-label=\"Bei Whatsapp teilen\" role=\"button\" rel=\"noopener nofollow\" class=\"shariff-link\" style=\"; background-color:#34af23; color:#fff\" target=\"_blank\"><span class=\"shariff-icon\" style=\"\"><svg width=\"32px\" height=\"20px\" xmlns=\"http:\/\/www.w3.org\/2000\/svg\" viewBox=\"0 0 32 32\"><path fill=\"#34af23\" d=\"M17.6 17.4q0.2 0 1.7 0.8t1.6 0.9q0 0.1 0 0.3 0 0.6-0.3 1.4-0.3 0.7-1.3 1.2t-1.8 0.5q-1 0-3.4-1.1-1.7-0.8-3-2.1t-2.6-3.3q-1.3-1.9-1.3-3.5v-0.1q0.1-1.6 1.3-2.8 0.4-0.4 0.9-0.4 0.1 0 0.3 0t0.3 0q0.3 0 0.5 0.1t0.3 0.5q0.1 0.4 0.6 1.6t0.4 1.3q0 0.4-0.6 1t-0.6 0.8q0 0.1 0.1 0.3 0.6 1.3 1.8 2.4 1 0.9 2.7 1.8 0.2 0.1 0.4 0.1 0.3 0 1-0.9t0.9-0.9zM14 26.9q2.3 0 4.3-0.9t3.6-2.4 2.4-3.6 0.9-4.3-0.9-4.3-2.4-3.6-3.6-2.4-4.3-0.9-4.3 0.9-3.6 2.4-2.4 3.6-0.9 4.3q0 3.6 2.1 6.6l-1.4 4.2 4.3-1.4q2.8 1.9 6.2 1.9zM14 2.2q2.7 0 5.2 1.1t4.3 2.9 2.9 4.3 1.1 5.2-1.1 5.2-2.9 4.3-4.3 2.9-5.2 1.1q-3.5 0-6.5-1.7l-7.4 2.4 2.4-7.2q-1.9-3.2-1.9-6.9 0-2.7 1.1-5.2t2.9-4.3 4.3-2.9 5.2-1.1z\"\/><\/svg><\/span><span class=\"shariff-text\">teilen<\/span>&nbsp;<\/a><\/li><li class=\"shariff-button facebook shariff-nocustomcolor\" style=\"background-color:#4273c8\"><a href=\"https:\/\/www.facebook.com\/sharer\/sharer.php?u=https%3A%2F%2Fwww.backwinkel.de%2Fblog%2Fadvent-grundschule%2F\" title=\"Bei Facebook teilen\" aria-label=\"Bei Facebook teilen\" role=\"button\" rel=\"nofollow\" class=\"shariff-link\" style=\"; background-color:#3b5998; color:#fff\" target=\"_blank\"><span class=\"shariff-icon\" style=\"\"><svg width=\"32px\" height=\"20px\" xmlns=\"http:\/\/www.w3.org\/2000\/svg\" viewBox=\"0 0 18 32\"><path fill=\"#3b5998\" d=\"M17.1 0.2v4.7h-2.8q-1.5 0-2.1 0.6t-0.5 1.9v3.4h5.2l-0.7 5.3h-4.5v13.6h-5.5v-13.6h-4.5v-5.3h4.5v-3.9q0-3.3 1.9-5.2t5-1.8q2.6 0 4.1 0.2z\"\/><\/svg><\/span><span class=\"shariff-text\">teilen<\/span>&nbsp;<\/a><\/li><li class=\"shariff-button twitter shariff-nocustomcolor\" style=\"background-color:#595959\"><a href=\"https:\/\/twitter.com\/share?url=https%3A%2F%2Fwww.backwinkel.de%2Fblog%2Fadvent-grundschule%2F&text=Adventskalender%2C%20Wichteln%2C%20Kr%C3%A4nze%20binden\" title=\"Bei X teilen\" aria-label=\"Bei X teilen\" role=\"button\" rel=\"noopener nofollow\" class=\"shariff-link\" style=\"; background-color:#000; color:#fff\" target=\"_blank\"><span class=\"shariff-icon\" style=\"\"><svg width=\"32px\" height=\"20px\" xmlns=\"http:\/\/www.w3.org\/2000\/svg\" viewBox=\"0 0 24 24\"><path fill=\"#000\" d=\"M14.258 10.152L23.176 0h-2.113l-7.747 8.813L7.133 0H0l9.352 13.328L0 23.973h2.113l8.176-9.309 6.531 9.309h7.133zm-2.895 3.293l-.949-1.328L2.875 1.56h3.246l6.086 8.523.945 1.328 7.91 11.078h-3.246zm0 0\"\/><\/svg><\/span><span class=\"shariff-text\">teilen<\/span>&nbsp;<\/a><\/li><li class=\"shariff-button pinterest shariff-nocustomcolor\" style=\"background-color:#e70f18\"><a href=\"https:\/\/www.pinterest.com\/pin\/create\/link\/?url=https%3A%2F%2Fwww.backwinkel.de%2Fblog%2Fadvent-grundschule%2F&media=https%3A%2F%2Fwww.backwinkel.de%2Fblog%2Fwp-content%2Fuploads%2F2023%2F10%2Fbackwinkel-blog-Adventskalender-heroimage.jpg&description=Adventskalender%2C%20Wichteln%2C%20Kr%C3%A4nze%20binden\" title=\"Bei Pinterest pinnen\" aria-label=\"Bei Pinterest pinnen\" role=\"button\" rel=\"noopener nofollow\" class=\"shariff-link\" style=\"; background-color:#cb2027; color:#fff\" target=\"_blank\"><span class=\"shariff-icon\" style=\"\"><svg width=\"32px\" height=\"20px\" xmlns=\"http:\/\/www.w3.org\/2000\/svg\" viewBox=\"0 0 27 32\"><path fill=\"#cb2027\" d=\"M27.4 16q0 3.7-1.8 6.9t-5 5-6.9 1.9q-2 0-3.9-0.6 1.1-1.7 1.4-2.9 0.2-0.6 1-3.8 0.4 0.7 1.3 1.2t2 0.5q2.1 0 3.8-1.2t2.7-3.4 0.9-4.8q0-2-1.1-3.8t-3.1-2.9-4.5-1.2q-1.9 0-3.5 0.5t-2.8 1.4-2 2-1.2 2.3-0.4 2.4q0 1.9 0.7 3.3t2.1 2q0.5 0.2 0.7-0.4 0-0.1 0.1-0.5t0.2-0.5q0.1-0.4-0.2-0.8-0.9-1.1-0.9-2.7 0-2.7 1.9-4.6t4.9-2q2.7 0 4.2 1.5t1.5 3.8q0 3-1.2 5.2t-3.1 2.1q-1.1 0-1.7-0.8t-0.4-1.9q0.1-0.6 0.5-1.7t0.5-1.8 0.2-1.4q0-0.9-0.5-1.5t-1.4-0.6q-1.1 0-1.9 1t-0.8 2.6q0 1.3 0.4 2.2l-1.8 7.5q-0.3 1.2-0.2 3.2-3.7-1.6-6-5t-2.3-7.6q0-3.7 1.9-6.9t5-5 6.9-1.9 6.9 1.9 5 5 1.8 6.9z\"\/><\/svg><\/span><span class=\"shariff-text\">merken<\/span>&nbsp;<\/a><\/li><li class=\"shariff-button mailto shariff-nocustomcolor\" style=\"background-color:#a8a8a8\"><a href=\"mailto:?body=https%3A%2F%2Fwww.backwinkel.de%2Fblog%2Fadvent-grundschule%2F&subject=Adventskalender%2C%20Wichteln%2C%20Kr%C3%A4nze%20binden\" title=\"Per E-Mail versenden\" aria-label=\"Per E-Mail versenden\" role=\"button\" rel=\"noopener nofollow\" class=\"shariff-link\" style=\"; background-color:#999; color:#fff\"><span class=\"shariff-icon\" style=\"\"><svg width=\"32px\" height=\"20px\" xmlns=\"http:\/\/www.w3.org\/2000\/svg\" viewBox=\"0 0 32 32\"><path fill=\"#999\" d=\"M32 12.7v14.2q0 1.2-0.8 2t-2 0.9h-26.3q-1.2 0-2-0.9t-0.8-2v-14.2q0.8 0.9 1.8 1.6 6.5 4.4 8.9 6.1 1 0.8 1.6 1.2t1.7 0.9 2 0.4h0.1q0.9 0 2-0.4t1.7-0.9 1.6-1.2q3-2.2 8.9-6.1 1-0.7 1.8-1.6zM32 7.4q0 1.4-0.9 2.7t-2.2 2.2q-6.7 4.7-8.4 5.8-0.2 0.1-0.7 0.5t-1 0.7-0.9 0.6-1.1 0.5-0.9 0.2h-0.1q-0.4 0-0.9-0.2t-1.1-0.5-0.9-0.6-1-0.7-0.7-0.5q-1.6-1.1-4.7-3.2t-3.6-2.6q-1.1-0.7-2.1-2t-1-2.5q0-1.4 0.7-2.3t2.1-0.9h26.3q1.2 0 2 0.8t0.9 2z\"\/><\/svg><\/span><span class=\"shariff-text\">E-Mail<\/span>&nbsp;<\/a><\/li><\/ul><\/div>\n<\/div><\/section><\/div>\n\n<style type=\"text\/css\" data-created_by=\"avia_inline_auto\" id=\"style-css-av-leyce6wr-aca459a5151fa423e49ebd2f0b0cba23\">\n.flex_column.av-leyce6wr-aca459a5151fa423e49ebd2f0b0cba23{\nborder-radius:0px 0px 0px 0px;\npadding:0px 0px 0px 0px;\nbackground-color:#f2f2f2;\n}\n<\/style>\n<div  class='flex_column av-leyce6wr-aca459a5151fa423e49ebd2f0b0cba23 av_one_full  avia-builder-el-52  el_after_av_one_full  el_before_av_one_full  first flex_column_div av-zero-column-padding  column-top-margin'     ><div  class='avia-builder-widget-area clearfix  avia-builder-el-53  avia-builder-el-no-sibling '><div id=\"text-29\" class=\"widget clearfix widget_text\"><h3 class=\"widgettitle\">Das BACKWINKEL-Blog-Team<\/h3>\t\t\t<div class=\"textwidget\"><p>Gibts auch ein Gesicht hinter dem BACKWINKEL-Blog? Nat\u00fcrlich. Sogar f\u00fcnf \ud83d\ude0a. Wir \u2013 Lukas, Marvin und Tatjana \u2013 bespielen unseren Blog im LACHEN LEBEN LERNEN-Firmensitz in Hattingen.<br \/>\nLukas kennt Onlinemarketing wie seine Westentasche, w\u00e4hrend Marvin unseren Beitr\u00e4gen den passenden gestalterischen Rahmen gibt und Tatjana mit dem gr\u00fcnen Korrekturstift alles pr\u00fcfend be\u00e4ugt, was unsere Freelancerautorinnen Elisa und Christine (und gern auch Gastautoren) aus der Ferne f\u00fcr den BACKWINKEL-Blog nach ordentlicher Recherche schreiben.<br \/>\nGemeinsam suchen wir st\u00e4ndig nach neuen, aufregenden Themen rund um das Thema Bildung im Kiga, der Schule und zu Hause. Und weil Sie da an der Quelle sitzen, freuen wir uns auf Ihre konstruktiven R\u00fcckmeldungen und Anregungen an blog[@]backwinkel.de<br \/>\nViel Spa\u00df beim LACHEN LESEN LERNEN!<\/p>\n<\/div>\n\t\t<\/div><\/div><\/div>\n\n<style type=\"text\/css\" data-created_by=\"avia_inline_auto\" id=\"style-css-av-21m96ev-10cefdecbd94bf771cc0a852db15e418\">\n.flex_column.av-21m96ev-10cefdecbd94bf771cc0a852db15e418{\nborder-radius:0px 0px 0px 0px;\npadding:0px 0px 0px 0px;\n}\n<\/style>\n<div  class='flex_column av-21m96ev-10cefdecbd94bf771cc0a852db15e418 av_one_full  avia-builder-el-54  el_after_av_one_full  avia-builder-el-last  first flex_column_div av-zero-column-padding  column-top-margin'     ><p>\n<style type=\"text\/css\" data-created_by=\"avia_inline_auto\" id=\"style-css-av-1l6t62f-7ea91fafe1c9fd8f01b5a5ee707950ce\">\n#top .hr.av-1l6t62f-7ea91fafe1c9fd8f01b5a5ee707950ce{\nmargin-top:10px;\nmargin-bottom:10px;\n}\n.hr.av-1l6t62f-7ea91fafe1c9fd8f01b5a5ee707950ce .hr-inner{\nwidth:500;\n}\n<\/style>\n<div  class='hr av-1l6t62f-7ea91fafe1c9fd8f01b5a5ee707950ce hr-custom  avia-builder-el-55  el_before_av_heading  avia-builder-el-first  hr-left hr-icon-no'><span class='hr-inner inner-border-av-border-thin'><span class=\"hr-inner-style\"><\/span><\/span><\/div><br \/>\n\n<style type=\"text\/css\" data-created_by=\"avia_inline_auto\" id=\"style-css-av-112w7mf-cf418d6f1ae2df284a50f174648cad51\">\n#top .av-special-heading.av-112w7mf-cf418d6f1ae2df284a50f174648cad51{\npadding-bottom:10px;\n}\nbody .av-special-heading.av-112w7mf-cf418d6f1ae2df284a50f174648cad51 .av-special-heading-tag .heading-char{\nfont-size:25px;\n}\n.av-special-heading.av-112w7mf-cf418d6f1ae2df284a50f174648cad51 .av-subheading{\nfont-size:15px;\n}\n<\/style>\n<div  class='av-special-heading av-112w7mf-cf418d6f1ae2df284a50f174648cad51 av-special-heading-h3 blockquote modern-quote  avia-builder-el-56  el_after_av_hr  el_before_av_blog '><h3 class='av-special-heading-tag '  >PASSENDE BEITR\u00c4GE<\/h3><div class=\"special-heading-border\"><div class=\"special-heading-inner-border\"><\/div><\/div><\/div><br \/>\n<div  data-slideshow-options=\"{&quot;animation&quot;:&quot;fade&quot;,&quot;autoplay&quot;:false,&quot;loop_autoplay&quot;:&quot;once&quot;,&quot;interval&quot;:5,&quot;loop_manual&quot;:&quot;manual-endless&quot;,&quot;autoplay_stopper&quot;:false,&quot;noNavigation&quot;:false,&quot;show_slide_delay&quot;:90}\" class='avia-content-slider avia-content-grid-active avia-content-slider1 avia-content-slider-odd  avia-builder-el-57  el_after_av_heading  avia-builder-el-last  av-slideshow-ui av-control-default   av-no-slider-navigation av-slideshow-manual av-loop-once av-loop-manual-endless ' ><div class=\"avia-content-slider-inner\"><div class=\"slide-entry-wrap\"><article class='slide-entry flex_column  post-entry post-entry-18716 slide-entry-overview slide-loop-1 slide-parity-odd  av_one_third first real-thumbnail posttype-post post-format-standard' ><a href='https:\/\/www.backwinkel.de\/blog\/rechnen-im-anfangsunterricht\/' data-rel='slide-1' class='slide-image' title='Rechnen im Anfangsunterricht'><img decoding=\"async\" fetchpriority=\"high\" width=\"1200\" height=\"628\" src=\"https:\/\/www.backwinkel.de\/blog\/wp-content\/uploads\/2026\/04\/04_Schule_Rechnen_anfangsunterricht.jpg\" class=\"wp-image-18748 avia-img-lazy-loading-not-18748 attachment-no scaling size-no scaling wp-post-image\" alt=\"\" \/><\/a><div class=\"slide-content\"><header class=\"entry-content-header\" aria-label=\"Slide: Rechnen im Anfangsunterricht\"><h3 class='slide-entry-title entry-title ' ><a href='https:\/\/www.backwinkel.de\/blog\/rechnen-im-anfangsunterricht\/' title='Rechnen im Anfangsunterricht'>Rechnen im Anfangsunterricht<\/a><\/h3><span class=\"blog-categories minor-meta\"><a href=\"https:\/\/www.backwinkel.de\/blog\/category\/schule-grundschule\/\" rel=\"tag\">Schule<\/a> <\/span><span class=\"av-vertical-delimiter\"><\/span><\/header><div class='slide-entry-excerpt entry-content' >Das Klassenzimmer als Lernlandschaft<\/div><\/div><footer class=\"entry-footer\"><div class=\"slide-meta\"><time class='slide-meta-time updated' >14. April 2026<\/time><\/div><\/footer><\/article><article class='slide-entry flex_column  post-entry post-entry-18177 slide-entry-overview slide-loop-2 slide-parity-even  av_one_third  real-thumbnail posttype-post post-format-standard' ><a href='https:\/\/www.backwinkel.de\/blog\/churermodell\/' data-rel='slide-1' class='slide-image' title='Churermodell'><img decoding=\"async\" fetchpriority=\"high\" width=\"1200\" height=\"628\" src=\"https:\/\/www.backwinkel.de\/blog\/wp-content\/uploads\/2026\/03\/03_Schule_Churermodell.jpg\" class=\"wp-image-18217 avia-img-lazy-loading-not-18217 attachment-no scaling size-no scaling wp-post-image\" alt=\"\" \/><\/a><div class=\"slide-content\"><header class=\"entry-content-header\" aria-label=\"Slide: Churermodell\"><h3 class='slide-entry-title entry-title ' ><a href='https:\/\/www.backwinkel.de\/blog\/churermodell\/' title='Churermodell'>Churermodell<\/a><\/h3><span class=\"blog-categories minor-meta\"><a href=\"https:\/\/www.backwinkel.de\/blog\/category\/schule-grundschule\/\" rel=\"tag\">Schule<\/a> <\/span><span class=\"av-vertical-delimiter\"><\/span><\/header><div class='slide-entry-excerpt entry-content' >Das Klassenzimmer als Lernlandschaft<\/div><\/div><footer class=\"entry-footer\"><div class=\"slide-meta\"><time class='slide-meta-time updated' >9. M\u00e4rz 2026<\/time><\/div><\/footer><\/article><article class='slide-entry flex_column  post-entry post-entry-18119 slide-entry-overview slide-loop-3 slide-parity-odd  post-entry-last  av_one_third  real-thumbnail posttype-post post-format-standard' ><a href='https:\/\/www.backwinkel.de\/blog\/digitalpakt-2-0\/' data-rel='slide-1' class='slide-image' title='Digitalpakt 2.0'><img decoding=\"async\" fetchpriority=\"high\" width=\"1200\" height=\"628\" src=\"https:\/\/www.backwinkel.de\/blog\/wp-content\/uploads\/2026\/01\/02_Schule_Digitalpakt.jpg\" class=\"wp-image-18138 avia-img-lazy-loading-not-18138 attachment-no scaling size-no scaling wp-post-image\" alt=\"\" \/><\/a><div class=\"slide-content\"><header class=\"entry-content-header\" aria-label=\"Slide: Digitalpakt 2.0\"><h3 class='slide-entry-title entry-title ' ><a href='https:\/\/www.backwinkel.de\/blog\/digitalpakt-2-0\/' title='Digitalpakt 2.0'>Digitalpakt 2.0<\/a><\/h3><span class=\"blog-categories minor-meta\"><a href=\"https:\/\/www.backwinkel.de\/blog\/category\/schule-grundschule\/\" rel=\"tag\">Schule<\/a> <\/span><span class=\"av-vertical-delimiter\"><\/span><\/header><div class='slide-entry-excerpt entry-content' >Geht es jetzt mit der Digitalisierung in Bildungseinrichtungen voran?<\/div><\/div><footer class=\"entry-footer\"><div class=\"slide-meta\"><time class='slide-meta-time updated' >10. Februar 2026<\/time><\/div><\/footer><\/article><\/div><\/div><\/div><\/p><\/div>\n","protected":false},"excerpt":{"rendered":"<p>Bunte Kr\u00e4nze, Holzsterne und Meisenkn\u00f6del <\/p>\n","protected":false},"author":1,"featured_media":12650,"comment_status":"closed","ping_status":"closed","sticky":false,"template":"","format":"standard","meta":{"inline_featured_image":false,"footnotes":""},"categories":[6],"tags":[],"class_list":["post-12606","post","type-post","status-publish","format-standard","has-post-thumbnail","hentry","category-schule-grundschule"],"yoast_head":"<!-- This site is optimized with the Yoast SEO plugin v27.4 - https:\/\/yoast.com\/product\/yoast-seo-wordpress\/ -->\n<title>9 Ideen f\u00fcr die Adventszeit in der Grundschule | BACKWINKEL Blog<\/title>\n<meta name=\"description\" content=\"Wichteln, Kr\u00e4nze binden und Backen f\u00fcr den guten Zweck \u2013 wir haben 9 Ideen f\u00fcr die Adventszeit mit Ihren SuS zusammengetragen. \u2713 Jetzt lesen!\" \/>\n<meta name=\"robots\" content=\"index, follow, max-snippet:-1, max-image-preview:large, max-video-preview:-1\" \/>\n<link rel=\"canonical\" href=\"https:\/\/www.backwinkel.de\/blog\/advent-grundschule\/\" \/>\n<meta property=\"og:locale\" content=\"de_DE\" \/>\n<meta property=\"og:type\" content=\"article\" \/>\n<meta property=\"og:title\" content=\"9 Ideen f\u00fcr die Adventszeit in der Grundschule | BACKWINKEL Blog\" \/>\n<meta property=\"og:description\" content=\"Wichteln, Kr\u00e4nze binden und Backen f\u00fcr den guten Zweck \u2013 wir haben 9 Ideen f\u00fcr die Adventszeit mit Ihren SuS zusammengetragen. \u2713 Jetzt lesen!\" \/>\n<meta property=\"og:url\" content=\"https:\/\/www.backwinkel.de\/blog\/advent-grundschule\/\" \/>\n<meta property=\"og:site_name\" content=\"BACKWINKEL Blog\" \/>\n<meta property=\"article:published_time\" content=\"2023-11-23T07:16:42+00:00\" \/>\n<meta property=\"article:modified_time\" content=\"2026-04-22T12:48:14+00:00\" \/>\n<meta property=\"og:image\" content=\"https:\/\/www.backwinkel.de\/blog\/wp-content\/uploads\/2023\/10\/backwinkel-blog-Adventskalender-heroimage.jpg\" \/>\n\t<meta property=\"og:image:width\" content=\"1200\" \/>\n\t<meta property=\"og:image:height\" content=\"628\" \/>\n\t<meta property=\"og:image:type\" content=\"image\/jpeg\" \/>\n<meta name=\"author\" content=\"admin_backwinkel\" \/>\n<meta name=\"twitter:card\" content=\"summary_large_image\" \/>\n<meta name=\"twitter:label1\" content=\"Verfasst von\" \/>\n\t<meta name=\"twitter:data1\" content=\"admin_backwinkel\" \/>\n\t<meta name=\"twitter:label2\" content=\"Gesch\u00e4tzte Lesezeit\" \/>\n\t<meta name=\"twitter:data2\" content=\"14\u00a0Minuten\" \/>\n<script type=\"application\/ld+json\" class=\"yoast-schema-graph\">{\"@context\":\"https:\\\/\\\/schema.org\",\"@graph\":[{\"@type\":\"Article\",\"@id\":\"https:\\\/\\\/www.backwinkel.de\\\/blog\\\/advent-grundschule\\\/#article\",\"isPartOf\":{\"@id\":\"https:\\\/\\\/www.backwinkel.de\\\/blog\\\/advent-grundschule\\\/\"},\"author\":{\"name\":\"admin_backwinkel\",\"@id\":\"https:\\\/\\\/www.backwinkel.de\\\/blog\\\/#\\\/schema\\\/person\\\/88b842297c0e471020a66f4476633cf2\"},\"headline\":\"Adventskalender, Wichteln, Kr\u00e4nze binden\",\"datePublished\":\"2023-11-23T07:16:42+00:00\",\"dateModified\":\"2026-04-22T12:48:14+00:00\",\"mainEntityOfPage\":{\"@id\":\"https:\\\/\\\/www.backwinkel.de\\\/blog\\\/advent-grundschule\\\/\"},\"wordCount\":6274,\"image\":{\"@id\":\"https:\\\/\\\/www.backwinkel.de\\\/blog\\\/advent-grundschule\\\/#primaryimage\"},\"thumbnailUrl\":\"https:\\\/\\\/www.backwinkel.de\\\/blog\\\/wp-content\\\/uploads\\\/2023\\\/10\\\/backwinkel-blog-Adventskalender-heroimage.jpg\",\"articleSection\":[\"Schule\"],\"inLanguage\":\"de\"},{\"@type\":\"WebPage\",\"@id\":\"https:\\\/\\\/www.backwinkel.de\\\/blog\\\/advent-grundschule\\\/\",\"url\":\"https:\\\/\\\/www.backwinkel.de\\\/blog\\\/advent-grundschule\\\/\",\"name\":\"9 Ideen f\u00fcr die Adventszeit in der Grundschule | BACKWINKEL Blog\",\"isPartOf\":{\"@id\":\"https:\\\/\\\/www.backwinkel.de\\\/blog\\\/#website\"},\"primaryImageOfPage\":{\"@id\":\"https:\\\/\\\/www.backwinkel.de\\\/blog\\\/advent-grundschule\\\/#primaryimage\"},\"image\":{\"@id\":\"https:\\\/\\\/www.backwinkel.de\\\/blog\\\/advent-grundschule\\\/#primaryimage\"},\"thumbnailUrl\":\"https:\\\/\\\/www.backwinkel.de\\\/blog\\\/wp-content\\\/uploads\\\/2023\\\/10\\\/backwinkel-blog-Adventskalender-heroimage.jpg\",\"datePublished\":\"2023-11-23T07:16:42+00:00\",\"dateModified\":\"2026-04-22T12:48:14+00:00\",\"author\":{\"@id\":\"https:\\\/\\\/www.backwinkel.de\\\/blog\\\/#\\\/schema\\\/person\\\/88b842297c0e471020a66f4476633cf2\"},\"description\":\"Wichteln, Kr\u00e4nze binden und Backen f\u00fcr den guten Zweck \u2013 wir haben 9 Ideen f\u00fcr die Adventszeit mit Ihren SuS zusammengetragen. \u2713 Jetzt lesen!\",\"breadcrumb\":{\"@id\":\"https:\\\/\\\/www.backwinkel.de\\\/blog\\\/advent-grundschule\\\/#breadcrumb\"},\"inLanguage\":\"de\",\"potentialAction\":[{\"@type\":\"ReadAction\",\"target\":[\"https:\\\/\\\/www.backwinkel.de\\\/blog\\\/advent-grundschule\\\/\"]}]},{\"@type\":\"ImageObject\",\"inLanguage\":\"de\",\"@id\":\"https:\\\/\\\/www.backwinkel.de\\\/blog\\\/advent-grundschule\\\/#primaryimage\",\"url\":\"https:\\\/\\\/www.backwinkel.de\\\/blog\\\/wp-content\\\/uploads\\\/2023\\\/10\\\/backwinkel-blog-Adventskalender-heroimage.jpg\",\"contentUrl\":\"https:\\\/\\\/www.backwinkel.de\\\/blog\\\/wp-content\\\/uploads\\\/2023\\\/10\\\/backwinkel-blog-Adventskalender-heroimage.jpg\",\"width\":1200,\"height\":628},{\"@type\":\"BreadcrumbList\",\"@id\":\"https:\\\/\\\/www.backwinkel.de\\\/blog\\\/advent-grundschule\\\/#breadcrumb\",\"itemListElement\":[{\"@type\":\"ListItem\",\"position\":1,\"name\":\"Startseite\",\"item\":\"https:\\\/\\\/blog.backwinkel.de\\\/aktuelles\\\/\"},{\"@type\":\"ListItem\",\"position\":2,\"name\":\"Adventskalender, Wichteln, Kr\u00e4nze binden\"}]},{\"@type\":\"WebSite\",\"@id\":\"https:\\\/\\\/www.backwinkel.de\\\/blog\\\/#website\",\"url\":\"https:\\\/\\\/www.backwinkel.de\\\/blog\\\/\",\"name\":\"BACKWINKEL Blog\",\"description\":\"f\u00fcr Lehrer, Erzieher und Eltern\",\"potentialAction\":[{\"@type\":\"SearchAction\",\"target\":{\"@type\":\"EntryPoint\",\"urlTemplate\":\"https:\\\/\\\/www.backwinkel.de\\\/blog\\\/?s={search_term_string}\"},\"query-input\":{\"@type\":\"PropertyValueSpecification\",\"valueRequired\":true,\"valueName\":\"search_term_string\"}}],\"inLanguage\":\"de\"},{\"@type\":\"Person\",\"@id\":\"https:\\\/\\\/www.backwinkel.de\\\/blog\\\/#\\\/schema\\\/person\\\/88b842297c0e471020a66f4476633cf2\",\"name\":\"admin_backwinkel\",\"url\":\"https:\\\/\\\/www.backwinkel.de\\\/blog\\\/author\\\/admin_backwinkel\\\/\"}]}<\/script>\n<!-- \/ Yoast SEO plugin. -->","yoast_head_json":{"title":"9 Ideen f\u00fcr die Adventszeit in der Grundschule | BACKWINKEL Blog","description":"Wichteln, Kr\u00e4nze binden und Backen f\u00fcr den guten Zweck \u2013 wir haben 9 Ideen f\u00fcr die Adventszeit mit Ihren SuS zusammengetragen. \u2713 Jetzt lesen!","robots":{"index":"index","follow":"follow","max-snippet":"max-snippet:-1","max-image-preview":"max-image-preview:large","max-video-preview":"max-video-preview:-1"},"canonical":"https:\/\/www.backwinkel.de\/blog\/advent-grundschule\/","og_locale":"de_DE","og_type":"article","og_title":"9 Ideen f\u00fcr die Adventszeit in der Grundschule | BACKWINKEL Blog","og_description":"Wichteln, Kr\u00e4nze binden und Backen f\u00fcr den guten Zweck \u2013 wir haben 9 Ideen f\u00fcr die Adventszeit mit Ihren SuS zusammengetragen. \u2713 Jetzt lesen!","og_url":"https:\/\/www.backwinkel.de\/blog\/advent-grundschule\/","og_site_name":"BACKWINKEL Blog","article_published_time":"2023-11-23T07:16:42+00:00","article_modified_time":"2026-04-22T12:48:14+00:00","og_image":[{"width":1200,"height":628,"url":"https:\/\/www.backwinkel.de\/blog\/wp-content\/uploads\/2023\/10\/backwinkel-blog-Adventskalender-heroimage.jpg","type":"image\/jpeg"}],"author":"admin_backwinkel","twitter_card":"summary_large_image","twitter_misc":{"Verfasst von":"admin_backwinkel","Gesch\u00e4tzte Lesezeit":"14\u00a0Minuten"},"schema":{"@context":"https:\/\/schema.org","@graph":[{"@type":"Article","@id":"https:\/\/www.backwinkel.de\/blog\/advent-grundschule\/#article","isPartOf":{"@id":"https:\/\/www.backwinkel.de\/blog\/advent-grundschule\/"},"author":{"name":"admin_backwinkel","@id":"https:\/\/www.backwinkel.de\/blog\/#\/schema\/person\/88b842297c0e471020a66f4476633cf2"},"headline":"Adventskalender, Wichteln, Kr\u00e4nze binden","datePublished":"2023-11-23T07:16:42+00:00","dateModified":"2026-04-22T12:48:14+00:00","mainEntityOfPage":{"@id":"https:\/\/www.backwinkel.de\/blog\/advent-grundschule\/"},"wordCount":6274,"image":{"@id":"https:\/\/www.backwinkel.de\/blog\/advent-grundschule\/#primaryimage"},"thumbnailUrl":"https:\/\/www.backwinkel.de\/blog\/wp-content\/uploads\/2023\/10\/backwinkel-blog-Adventskalender-heroimage.jpg","articleSection":["Schule"],"inLanguage":"de"},{"@type":"WebPage","@id":"https:\/\/www.backwinkel.de\/blog\/advent-grundschule\/","url":"https:\/\/www.backwinkel.de\/blog\/advent-grundschule\/","name":"9 Ideen f\u00fcr die Adventszeit in der Grundschule | BACKWINKEL Blog","isPartOf":{"@id":"https:\/\/www.backwinkel.de\/blog\/#website"},"primaryImageOfPage":{"@id":"https:\/\/www.backwinkel.de\/blog\/advent-grundschule\/#primaryimage"},"image":{"@id":"https:\/\/www.backwinkel.de\/blog\/advent-grundschule\/#primaryimage"},"thumbnailUrl":"https:\/\/www.backwinkel.de\/blog\/wp-content\/uploads\/2023\/10\/backwinkel-blog-Adventskalender-heroimage.jpg","datePublished":"2023-11-23T07:16:42+00:00","dateModified":"2026-04-22T12:48:14+00:00","author":{"@id":"https:\/\/www.backwinkel.de\/blog\/#\/schema\/person\/88b842297c0e471020a66f4476633cf2"},"description":"Wichteln, Kr\u00e4nze binden und Backen f\u00fcr den guten Zweck \u2013 wir haben 9 Ideen f\u00fcr die Adventszeit mit Ihren SuS zusammengetragen. \u2713 Jetzt lesen!","breadcrumb":{"@id":"https:\/\/www.backwinkel.de\/blog\/advent-grundschule\/#breadcrumb"},"inLanguage":"de","potentialAction":[{"@type":"ReadAction","target":["https:\/\/www.backwinkel.de\/blog\/advent-grundschule\/"]}]},{"@type":"ImageObject","inLanguage":"de","@id":"https:\/\/www.backwinkel.de\/blog\/advent-grundschule\/#primaryimage","url":"https:\/\/www.backwinkel.de\/blog\/wp-content\/uploads\/2023\/10\/backwinkel-blog-Adventskalender-heroimage.jpg","contentUrl":"https:\/\/www.backwinkel.de\/blog\/wp-content\/uploads\/2023\/10\/backwinkel-blog-Adventskalender-heroimage.jpg","width":1200,"height":628},{"@type":"BreadcrumbList","@id":"https:\/\/www.backwinkel.de\/blog\/advent-grundschule\/#breadcrumb","itemListElement":[{"@type":"ListItem","position":1,"name":"Startseite","item":"https:\/\/blog.backwinkel.de\/aktuelles\/"},{"@type":"ListItem","position":2,"name":"Adventskalender, Wichteln, Kr\u00e4nze binden"}]},{"@type":"WebSite","@id":"https:\/\/www.backwinkel.de\/blog\/#website","url":"https:\/\/www.backwinkel.de\/blog\/","name":"BACKWINKEL Blog","description":"f\u00fcr Lehrer, Erzieher und Eltern","potentialAction":[{"@type":"SearchAction","target":{"@type":"EntryPoint","urlTemplate":"https:\/\/www.backwinkel.de\/blog\/?s={search_term_string}"},"query-input":{"@type":"PropertyValueSpecification","valueRequired":true,"valueName":"search_term_string"}}],"inLanguage":"de"},{"@type":"Person","@id":"https:\/\/www.backwinkel.de\/blog\/#\/schema\/person\/88b842297c0e471020a66f4476633cf2","name":"admin_backwinkel","url":"https:\/\/www.backwinkel.de\/blog\/author\/admin_backwinkel\/"}]}},"_links":{"self":[{"href":"https:\/\/www.backwinkel.de\/blog\/wp-json\/wp\/v2\/posts\/12606","targetHints":{"allow":["GET"]}}],"collection":[{"href":"https:\/\/www.backwinkel.de\/blog\/wp-json\/wp\/v2\/posts"}],"about":[{"href":"https:\/\/www.backwinkel.de\/blog\/wp-json\/wp\/v2\/types\/post"}],"author":[{"embeddable":true,"href":"https:\/\/www.backwinkel.de\/blog\/wp-json\/wp\/v2\/users\/1"}],"replies":[{"embeddable":true,"href":"https:\/\/www.backwinkel.de\/blog\/wp-json\/wp\/v2\/comments?post=12606"}],"version-history":[{"count":2,"href":"https:\/\/www.backwinkel.de\/blog\/wp-json\/wp\/v2\/posts\/12606\/revisions"}],"predecessor-version":[{"id":18915,"href":"https:\/\/www.backwinkel.de\/blog\/wp-json\/wp\/v2\/posts\/12606\/revisions\/18915"}],"wp:featuredmedia":[{"embeddable":true,"href":"https:\/\/www.backwinkel.de\/blog\/wp-json\/wp\/v2\/media\/12650"}],"wp:attachment":[{"href":"https:\/\/www.backwinkel.de\/blog\/wp-json\/wp\/v2\/media?parent=12606"}],"wp:term":[{"taxonomy":"category","embeddable":true,"href":"https:\/\/www.backwinkel.de\/blog\/wp-json\/wp\/v2\/categories?post=12606"},{"taxonomy":"post_tag","embeddable":true,"href":"https:\/\/www.backwinkel.de\/blog\/wp-json\/wp\/v2\/tags?post=12606"}],"curies":[{"name":"wp","href":"https:\/\/api.w.org\/{rel}","templated":true}]}}