{"id":12015,"date":"2023-08-14T11:15:42","date_gmt":"2023-08-14T09:15:42","guid":{"rendered":"https:\/\/www.backwinkel.de\/blog\/?p=12015"},"modified":"2026-01-13T12:56:53","modified_gmt":"2026-01-13T11:56:53","slug":"muendliche-beteiligung","status":"publish","type":"post","link":"https:\/\/www.backwinkel.de\/blog\/muendliche-beteiligung\/","title":{"rendered":"Sch\u00fcchternheit vs. m\u00fcndliche Beteiligung"},"content":{"rendered":"\n<style type=\"text\/css\" data-created_by=\"avia_inline_auto\" id=\"style-css-av-1o9i20c-585c90b249b7391778c0ca595b8a52c2\">\n.flex_column.av-1o9i20c-585c90b249b7391778c0ca595b8a52c2{\nborder-radius:0px 0px 0px 0px;\npadding:0px 0px 0px 0px;\n}\n<\/style>\n<div  class='flex_column av-1o9i20c-585c90b249b7391778c0ca595b8a52c2 av_one_full  avia-builder-el-0  el_before_av_three_fifth  avia-builder-el-first  first flex_column_div av-zero-column-padding  '     ><p>\n<style type=\"text\/css\" data-created_by=\"avia_inline_auto\" id=\"style-css-av-1mbf4e4-1609d55f243e97c311d4e4755c4441f8\">\n#top .hr.hr-invisible.av-1mbf4e4-1609d55f243e97c311d4e4755c4441f8{\nmargin-top:0px;\nheight:1px;\n}\n<\/style>\n<div  class='hr av-1mbf4e4-1609d55f243e97c311d4e4755c4441f8 hr-invisible  avia-builder-el-1  el_before_av_heading  avia-builder-el-first '><span class='hr-inner '><span class=\"hr-inner-style\"><\/span><\/span><\/div><br \/>\n\n<style type=\"text\/css\" data-created_by=\"avia_inline_auto\" id=\"style-css-av-l7efmkmv-e907e9b9fecd1b32c8fd6d33e7360368\">\n#top .av-special-heading.av-l7efmkmv-e907e9b9fecd1b32c8fd6d33e7360368{\npadding-bottom:10px;\n}\nbody .av-special-heading.av-l7efmkmv-e907e9b9fecd1b32c8fd6d33e7360368 .av-special-heading-tag .heading-char{\nfont-size:25px;\n}\n.av-special-heading.av-l7efmkmv-e907e9b9fecd1b32c8fd6d33e7360368 .av-subheading{\nfont-size:15px;\n}\n<\/style>\n<div  class='av-special-heading av-l7efmkmv-e907e9b9fecd1b32c8fd6d33e7360368 av-special-heading-h1 blockquote modern-quote  avia-builder-el-2  el_after_av_hr  el_before_av_post_metadata  av-linked-heading'><h1 class='av-special-heading-tag '  >Sch\u00fcchternheit vs. m\u00fcndliche Beteiligung \u2013 wie gerecht ist es, den Charakter zu benoten? <\/h1><div class='av-subheading av-subheading_below'><p class=\"autorenname\">Elisa Morel<\/p>\n<\/div><div class=\"special-heading-border\"><div class=\"special-heading-inner-border\"><\/div><\/div><\/div><br \/>\n\n<style type=\"text\/css\" data-created_by=\"avia_inline_auto\" id=\"style-css-av-av_post_metadata-1259ba8e4f0236bf7b58ae0dfcdf0388\">\n#top .av-post-metadata-container.av-av_post_metadata-1259ba8e4f0236bf7b58ae0dfcdf0388{\nfont-size:12px;\n}\n#top .av-post-metadata-container.av-av_post_metadata-1259ba8e4f0236bf7b58ae0dfcdf0388 .av-post-metadata-container-inner{\nfont-size:12px;\n}\n<\/style>\n<div  class='av-post-metadata-container av-av_post_metadata-1259ba8e4f0236bf7b58ae0dfcdf0388 av-metadata-container-align-left  avia-builder-el-3  el_after_av_heading  el_before_av_textblock  av-metadata-container-1'><div class='av-post-metadata-container-inner'><span class=\"av-post-metadata-content av-post-metadata-meta-content\"><span class=\"av-post-metadata-content av-post-metadata-published\"><span class=\"av-metadata-before av-metadata-before-published\">Ver\u00f6ffentlicht:<\/span><span class=\"av-post-metadata-published-date\" >14. August 2023<\/span><\/span><span class=\"av-post-metadata-content av-post-metadata-separator\">\/<\/span><span class=\"av-post-metadata-content av-post-metadata-modified\"><span class=\"av-metadata-before av-metadata-before-modified\">Zuletzt aktualisiert:<\/span><span class=\"av-post-metadata-modified-date\" >13. Januar 2026<\/span><\/span><\/span><\/div><\/div><br \/>\n\n<style type=\"text\/css\" data-created_by=\"avia_inline_auto\" id=\"style-css-av-1l3ru18-35ff8c02bfbaf158e187220e3571c7be\">\n#top .av_textblock_section.av-1l3ru18-35ff8c02bfbaf158e187220e3571c7be .avia_textblock{\nfont-size:20px;\n}\n<\/style>\n<section  class='av_textblock_section av-1l3ru18-35ff8c02bfbaf158e187220e3571c7be '  ><div class='avia_textblock' ><p>Lesen, Schreiben, Rechnen lernen wir normalerweise erst in der Grundschule. Sprechen k\u00f6nnen wir schon vorher. Doch genau daran hapert es bei einigen Sch\u00fclerinnen und Sch\u00fclern, sobald sie vor Publikum sprechen sollen oder sich im Mittelpunkt f\u00fchlen. Dabei wissen sie die Antworten oft, k\u00f6nnen sie jedoch nicht verbal \u00e4u\u00dfern.<\/p>\n<\/div><\/section><br \/>\n\n<style type=\"text\/css\" data-created_by=\"avia_inline_auto\" id=\"style-css-av-1jqb53g-304352f61772d7bb08f02657e6790a71\">\n.avia-image-container.av-1jqb53g-304352f61772d7bb08f02657e6790a71 img.avia_image{\nbox-shadow:none;\n}\n.avia-image-container.av-1jqb53g-304352f61772d7bb08f02657e6790a71 .av-image-caption-overlay-center{\ncolor:#ffffff;\n}\n<\/style>\n<div  class='avia-image-container av-1jqb53g-304352f61772d7bb08f02657e6790a71 av-styling- avia-align-center  avia-builder-el-5  el_after_av_textblock  el_before_av_hr '  ><div class=\"avia-image-container-inner\"><div class=\"avia-image-overlay-wrap\"><img decoding=\"async\" fetchpriority=\"high\" class='wp-image-12041 avia-img-lazy-loading-not-12041 avia_image ' src=\"https:\/\/www.backwinkel.de\/blog\/wp-content\/uploads\/2023\/06\/backwinkel-blog-Schuechternheit_Muendliche_beteiligung-heroimage.jpg\" alt='' title='backwinkel-blog-Schuechternheit_Muendliche_beteiligung-heroimage'  height=\"628\" width=\"1200\"  \/><\/div><\/div><\/div><br \/>\n\n<style type=\"text\/css\" data-created_by=\"avia_inline_auto\" id=\"style-css-av-1ihdk2k-490466749631930779e0c398aab49f79\">\n#top .hr.hr-invisible.av-1ihdk2k-490466749631930779e0c398aab49f79{\nheight:5px;\n}\n<\/style>\n<div  class='hr av-1ihdk2k-490466749631930779e0c398aab49f79 hr-invisible  avia-builder-el-6  el_after_av_image  el_before_av_textblock '><span class='hr-inner '><span class=\"hr-inner-style\"><\/span><\/span><\/div><br \/>\n\n<style type=\"text\/css\" data-created_by=\"avia_inline_auto\" id=\"style-css-av-1fib6cs-3d25d3b933bbfa346d8df9005c3c214e\">\n#top .av_textblock_section.av-1fib6cs-3d25d3b933bbfa346d8df9005c3c214e .avia_textblock{\nfont-size:10px;\n}\n<\/style>\n<section  class='av_textblock_section av-1fib6cs-3d25d3b933bbfa346d8df9005c3c214e '  ><div class='avia_textblock' ><p class=\"bildnennung-beitrag\" style=\"text-align: left;\">\u00a9 ADOBE Stock<\/p>\n<\/div><\/section><br \/>\n\n<style type=\"text\/css\" data-created_by=\"avia_inline_auto\" id=\"style-css-av-1ec344s-876a649f5243c9280738f668f0aa8d8e\">\n#top .hr.hr-invisible.av-1ec344s-876a649f5243c9280738f668f0aa8d8e{\nheight:20px;\n}\n<\/style>\n<div  class='hr av-1ec344s-876a649f5243c9280738f668f0aa8d8e hr-invisible  avia-builder-el-8  el_after_av_textblock  el_before_av_textblock '><span class='hr-inner '><span class=\"hr-inner-style\"><\/span><\/span><\/div><br \/>\n\n<style type=\"text\/css\" data-created_by=\"avia_inline_auto\" id=\"style-css-av-1czjn6k-7dbedcbfbffba5ae585714638369d934\">\n#top .av_textblock_section.av-1czjn6k-7dbedcbfbffba5ae585714638369d934 .avia_textblock{\nfont-size:20px;\n}\n<\/style>\n<section  class='av_textblock_section av-1czjn6k-7dbedcbfbffba5ae585714638369d934 '  ><div class='avia_textblock' ><p>Lesen Sie in diesem Beitrag, welche Gr\u00fcnde sich hinter dem Verhalten stiller Kinder verbergen k\u00f6nnen und wie sie ihnen am besten dabei helfen k\u00f6nnen, sich besser und weniger gestresst zu f\u00fchlen.<\/p>\n<\/div><\/section><\/p><\/div>\n<style type=\"text\/css\" data-created_by=\"avia_inline_auto\" id=\"style-css-av-1buht0s-f8ce17d1f3484a85efdf5f8e34e84ab3\">\n.flex_column.av-1buht0s-f8ce17d1f3484a85efdf5f8e34e84ab3{\nborder-radius:0px 0px 0px 0px;\npadding:20px 20px 20px 20px;\nbackground-color:#f2f2f2;\n}\n<\/style>\n<div  class='flex_column av-1buht0s-f8ce17d1f3484a85efdf5f8e34e84ab3 av_three_fifth  avia-builder-el-10  el_after_av_one_full  el_before_av_two_fifth  first flex_column_div  column-top-margin'     ><style type=\"text\/css\" data-created_by=\"avia_inline_auto\" id=\"style-css-av-18u84nw-c23769b7197ef8c52c74b2b6205379af\">\n#top .av_textblock_section.av-18u84nw-c23769b7197ef8c52c74b2b6205379af .avia_textblock{\nfont-size:14px;\n}\n<\/style>\n<section  class='av_textblock_section av-18u84nw-c23769b7197ef8c52c74b2b6205379af '  ><div class='avia_textblock' ><p><strong>Inhalt<\/strong><br \/>\n<strong><a href=\"#1\">1. M\u00fcndliche Beteiligung in der Grundschule <\/a><\/strong><\/p>\n<p><strong><a href=\"#2\">2. Sch\u00fcchternheit in der Grundschule<\/a><br \/>\n<\/strong>2.1. Merkmale von Sch\u00fcchternheit<br \/>\n2.2. Wann Sch\u00fcchternheit und Unsicherheit bedenklich werden<\/p>\n<p><strong><a href=\"#3\">3. 5 Tipps im Umgang mit stillen Kindern<\/a><br \/>\n<\/strong><\/p>\n<\/div><\/section><\/div><\/p>\n\n<style type=\"text\/css\" data-created_by=\"avia_inline_auto\" id=\"style-css-av-179bqdo-cb7f1c2bcdaac94125f51a0fc4936596\">\n.flex_column.av-179bqdo-cb7f1c2bcdaac94125f51a0fc4936596{\nborder-radius:0px 0px 0px 0px;\npadding:0 0 0 0;\n}\n<\/style>\n<div  class='flex_column av-179bqdo-cb7f1c2bcdaac94125f51a0fc4936596 av_two_fifth  avia-builder-el-12  el_after_av_three_fifth  el_before_av_sidebar  flex_column_div av-zero-column-padding  column-top-margin'     ><\/div>\n<div  class='avia-builder-widget-area clearfix  avia-builder-el-13  el_after_av_two_fifth  el_before_av_one_full '><div id=\"text-34\" class=\"widget clearfix widget_text\">\t\t\t<div class=\"textwidget\"><p><a href=\"https:\/\/www.backwinkel.de\/nachhaltig-denken\/\" target=\"\\_blank\" rel=\"noopener\"><br \/>\n<img decoding=\"async\" class=\"werbung-desktop alignnone wp-image-4186 size-full\" src=\"https:\/\/www.backwinkel.de\/blog\/wp-content\/uploads\/2026\/04\/Backwinkel-blog-werbebanner-shop-schule_desktop.jpg\" alt=\"\" width=\"1251\" height=\"201\" \/><br \/>\n<\/a><br \/>\n<a href=\"https:\/\/www.backwinkel.de\/nachhaltig-denken\/\" target=\"\\_blank\" rel=\"noopener\"><br \/>\n<img decoding=\"async\" class=\"werbung-mobile alignnone wp-image-4187 size-full\" src=\"https:\/\/www.backwinkel.de\/blog\/wp-content\/uploads\/2026\/04\/Backwinkel-blog-werbebanner-shop-schule_mobile.jpg\" alt=\"\" width=\"550\" height=\"500\" \/><br \/>\n<\/a><\/p>\n<\/div>\n\t\t<\/div><\/div>\n\n<style type=\"text\/css\" data-created_by=\"avia_inline_auto\" id=\"style-css-av-4482e4-638c615ad0f31126baef29eeb1a51433\">\n.flex_column.av-4482e4-638c615ad0f31126baef29eeb1a51433{\nborder-radius:0px 0px 0px 0px;\npadding:0px 0px 0px 0px;\n}\n<\/style>\n<div  class='flex_column av-4482e4-638c615ad0f31126baef29eeb1a51433 av_one_full  avia-builder-el-14  el_after_av_sidebar  el_before_av_one_full  first flex_column_div av-zero-column-padding  '     ><section  class='av_textblock_section av-129m1fg-b72a93bde8aadaf020ee7e3d669f715c '  ><div class='avia_textblock' >\n<style type=\"text\/css\" data-created_by=\"avia_inline_auto\" id=\"style-css-av-vsv1ws-55b1f8105db867582b8b8f993762d668\">\n#top .hr.hr-invisible.av-vsv1ws-55b1f8105db867582b8b8f993762d668{\nheight:20px;\n}\n<\/style>\n<div  class='hr av-vsv1ws-55b1f8105db867582b8b8f993762d668 hr-invisible  avia-builder-el-16  avia-builder-el-no-sibling '><span class='hr-inner '><span class=\"hr-inner-style\"><\/span><\/span><\/div>\n<h2 id=\"1\" class=\"position\"><strong>M\u00fcndliche Beteiligung in der Grundschule <\/strong><\/h2>\n<p>Die Kriterien f\u00fcr die m\u00fcndliche Mitarbeit sind Ihnen vermutlich hinreichend bekannt. Abgesehen von der <strong>Quantit\u00e4t<\/strong> spielt die <strong>Qualit\u00e4t<\/strong> eine gro\u00dfe Rolle: Wer nur Sachverhalte beschreibt oder Antworten anderer Sch\u00fcler wiederholt, schneidet schlechter ab als jemand, der neue, komplexe Sachverhalte erfasst, reflektiert und L\u00f6sungen findet.<\/p>\n<p>So weit, so logisch. Doch wenn in Ihrer Klasse ein Kind sitzt, das konsequent gar nichts sagt, werden Sie seine m\u00fcndliche Kompetenz schlecht beurteilen k\u00f6nnen. Schriftliche Ergebnisse werden Ihnen hingegen vorliegen. Und bei <strong>guten schriftlichen Leistungen<\/strong> liegt der Gedanken nah, dass das stille Kind sich wahrscheinlich auch m\u00fcndlich gut ausdr\u00fccken k\u00f6nnte, wenn es in der Lage ist, sich schriftlich differenziert zu \u00e4u\u00dfern.<\/p>\n<p>Trotzdem k\u00f6nnen Sie theoretisch nur bewerten, was Sie h\u00f6ren, <strong>Ermessensspielraum<\/strong> hin oder her. Vielleicht ist es eine Alternative, stillen Kindern einen Vortrag unter vier Augen anzubieten, z. B. indem es ein auswendig gelerntes Gedicht nur Ihnen vortr\u00e4gt. Und auf jeden Fall lohnt es sich, die <strong>Bedeutung m\u00fcndlicher Beteiligung<\/strong> in unserem Schulsystem einmal <strong>kritisch<\/strong> zu <strong>hinterfragen<\/strong>.<\/p>\n<\/div><\/section><\/div>\n\n<style type=\"text\/css\" data-created_by=\"avia_inline_auto\" id=\"style-css-av-3040z42-c87654f88feeed654923a6bcff81e7bf\">\n.flex_column.av-3040z42-c87654f88feeed654923a6bcff81e7bf{\nborder-radius:0px 0px 0px 0px;\npadding:0px 0px 0px 0px;\n}\n<\/style>\n<div  class='flex_column av-3040z42-c87654f88feeed654923a6bcff81e7bf av_one_full  avia-builder-el-17  el_after_av_one_full  el_before_av_one_full  first flex_column_div av-zero-column-padding  column-top-margin'     ><section  class='av_textblock_section av-lgca43t6-b5bc654a308a1c30ede4dcbba32ee732 '  ><div class='avia_textblock' >\n<style type=\"text\/css\" data-created_by=\"avia_inline_auto\" id=\"style-css-av-2o1ittu-22151a3992507ae30d1d95aecf56efd9\">\n#top .hr.hr-invisible.av-2o1ittu-22151a3992507ae30d1d95aecf56efd9{\nheight:20px;\n}\n<\/style>\n<div  class='hr av-2o1ittu-22151a3992507ae30d1d95aecf56efd9 hr-invisible  avia-builder-el-19  avia-builder-el-no-sibling '><span class='hr-inner '><span class=\"hr-inner-style\"><\/span><\/span><\/div>\n<h2 id=\"2\" class=\"position\"><strong>Sch\u00fcchternheit in der Grundschule <\/strong><\/h2>\n<p>Viele Kinder sind sch\u00fcchtern. Bei manchen ist es nur eine Phase, bei manchen w\u00e4chst es sich aus, einige bleiben auch im Jugend- und Erwachsenenalter eher zur\u00fcckhaltend und \u00e4ndern sich erst sp\u00e4ter oder auch nie \u2013 und dann ist das eben so.<\/p>\n<p>Kinder sind noch in der Entwicklung und gerade nach dem <strong>\u00dcbergang vom Kindergarten in die Grundschule <\/strong>stehen eine Menge <strong>Ver\u00e4nderungen<\/strong> an, die <strong>Angst machen<\/strong> k\u00f6nnen: neue Gesichter, neue R\u00e4umlichkeiten, Unterricht und Schulf\u00e4cher, Hausaufgaben, ganz neue Anforderungen wie das Lesen-, Schreiben- und Rechnenlernen, Arbeiten, Tests und Zeugnisse. Das kann auch Kinder einsch\u00fcchtern, die zuvor eher selbstbewusst und extrovertiert schienen oder waren.<\/p>\n<p>Allgemein brauchen Kinder Zeit, um sich an die neuen Umst\u00e4nde und Herausforderungen zu gew\u00f6hnen. Wenn ein Kind von sich aus schon eher introvertiert ist, braucht es dementsprechend l\u00e4nger.<\/p>\n<p><strong>Merkmale von Sch\u00fcchternheit <\/strong><\/p>\n<p>Laut <strong>Dr. Georg St\u00f6ckli<\/strong> umfasst Sch\u00fcchternheit <strong>drei Symptome<\/strong>:<\/p>\n<ol>\n<li>k\u00f6rperliche Reaktionen wie Rotwerden, Herzklopfen, Schwitzen<\/li>\n<li>kognitive Symptome wie negative Selbsteinsch\u00e4tzung oder Selbstablehnung<\/li>\n<li>soziale Aspekte wie Gehemmtheit oder Zur\u00fcckgezogenheit<\/li>\n<\/ol>\n<p>Sch\u00fcchternheit ist laut St\u00f6ckli <strong>Ausdruck eines Temperaments<\/strong> und somit <strong>keine psychische St\u00f6rung<\/strong>. Sch\u00fcchternen Kindern f\u00e4llt es schwerer, Kontakte zu kn\u00fcpfen und sich unbekannten Situationen zu stellen, da sie Angst vor Zur\u00fcckweisung oder einer negativen Beurteilung haben. Das ist i. d. R. ihrem negativen Selbstbild geschuldet.<\/p>\n<p>Auch Zahlen zum Thema Sch\u00fcchternheit hat St\u00f6ckli:<\/p>\n<ul>\n<li>im Kindergarten sei ein Drittel der Kinder \u201eauff\u00e4llig sch\u00fcchtern\u201c<\/li>\n<li>in der Grundschule sinke der Anteil auf 16 %<\/li>\n<li>die H\u00e4lfte der sch\u00fcchternen Grundsch\u00fcler bleibe auch danach gehemmt und zur\u00fcckhaltend<\/li>\n<\/ul>\n<p>Sch\u00fcchternheit gilt als vererbbar. Nat\u00fcrlich spielt die Erziehung ebenfalls eine Rolle. Sch\u00fcchterne Eltern haben z. B. oft eine Tendenz zum \u00dcberbeh\u00fcten. Damit verst\u00e4rken sie die Zweifel und Hemmungen ihres Nachwuchses.<\/p>\n<p>Generell haben sch\u00fcchterne Menschen eine <strong>niedrigere Reizschwelle<\/strong>, sind also schneller \u00fcberfordert oder ver\u00e4ngstigt und ziehen sich daher eher zur\u00fcck als extrovertiertere Personen. Daf\u00fcr handeln sch\u00fcchterne Menschen strukturierter und ruhen mehr in sich selbst. Gleichzeitig gelten sie oft als <strong>empathisch<\/strong> und <strong>gute Beobachter<\/strong>.<\/p>\n<p><strong>Wann Sch\u00fcchternheit und Unsicherheit bedenklich werden <\/strong><\/p>\n<p>Ist bei einem Kind das <strong>Vermeidungsverhalten<\/strong> st\u00e4rker ausgepr\u00e4gt als sein Ann\u00e4herungsverhalten, gilt es laut St\u00f6ckli als \u201ezu sch\u00fcchtern\u201c. Viele sch\u00fcchterne oder stille Kinder freuen sich \u00fcber Kontakt, zwischenmenschliche Beziehungen, Lob oder Erfolge und \u00fcberwinden daher ihre Zur\u00fcckhaltung, wenn man ihnen die richtigen Br\u00fccken baut.<\/p>\n<p>Wenn Kinder allerdings nicht lernen, ihre Hemmungen (gelegentlich) zu \u00fcberwinden, machen sie nicht die Erfahrung, dass sie neue Situationen bew\u00e4ltigen und sich in ihnen zurechtfinden k\u00f6nnen. Im ung\u00fcnstigsten Fall resultiert das in <strong>sozialen \u00c4ngsten<\/strong>, die oft in der Pubert\u00e4t auftreten.<\/p>\n<p>Haben Sie also bei einem Kind das Gef\u00fchl, dass all Ihre behutsamen Versuche, es aus der Reserve zu locken, nicht fruchten, oder ist ein hoher Leidensdruck des Kindes aufgrund seines Verhaltens erkennbar, sollten Sie weitere Ma\u00dfnahmen in Erw\u00e4gung ziehen:<\/p>\n<ul>\n<li>Tauschen Sie sich mit <strong>Kollegen<\/strong> \u00fcber Ihren Eindruck aus.<\/li>\n<li>Halten Sie R\u00fccksprache mit den <strong>Eltern<\/strong>: Wie verh\u00e4lt sich das Kind innerhalb der Familie?<\/li>\n<li>Ziehen Sie Experten wie z. B. den <strong>Schulpsychologen<\/strong> zurate.<\/li>\n<\/ul>\n<\/div><\/section><\/div>\n\n<style type=\"text\/css\" data-created_by=\"avia_inline_auto\" id=\"style-css-av-28fb7aa-24e734733612ebdb61e01684b7188dfc\">\n.flex_column.av-28fb7aa-24e734733612ebdb61e01684b7188dfc{\nborder-radius:0px 0px 0px 0px;\npadding:0px 0px 0px 0px;\n}\n<\/style>\n<div  class='flex_column av-28fb7aa-24e734733612ebdb61e01684b7188dfc av_one_full  avia-builder-el-20  el_after_av_one_full  el_before_av_one_full  first flex_column_div av-zero-column-padding  column-top-margin'     ><section  class='av_textblock_section av-lgca4yvj-8b58d22233c164727f29e64155bc7acc '  ><div class='avia_textblock' >\n<style type=\"text\/css\" data-created_by=\"avia_inline_auto\" id=\"style-css-av-1s0gmjm-08f2030119244206e85f4f450f9212cc\">\n#top .hr.hr-invisible.av-1s0gmjm-08f2030119244206e85f4f450f9212cc{\nheight:20px;\n}\n<\/style>\n<div  class='hr av-1s0gmjm-08f2030119244206e85f4f450f9212cc hr-invisible  avia-builder-el-22  avia-builder-el-no-sibling '><span class='hr-inner '><span class=\"hr-inner-style\"><\/span><\/span><\/div>\n<h2 id=\"3\" class=\"position\"><strong>Tipps im Umgang mit stillen Kindern <\/strong><\/h2>\n<p>Anmerkung: Aufgrund meiner eigenen subjektiven Erfahrungen halte ich nichts von einigen herk\u00f6mmlichen Tipps \u201egegen\u201c Sch\u00fcchternheit bei Kindern, wie z. B. das Aufrufen im Unterricht, obwohl sich das Kind nicht meldet, oder das Dr\u00e4ngen zu mehr sozialer Interaktion in Form von Vereinsaktivit\u00e4ten (s. Artikel aus der S\u00fcddeutschen Zeitung am Ende des Beitrags). Daher zielen diese Tipps <strong>nicht<\/strong> auf eine Verhaltens\u00e4nderung seitens der sch\u00fcchternen Kinder ab, sondern pl\u00e4dieren vielmehr f\u00fcr einen <strong>verst\u00e4ndnisvollen Umgang<\/strong> mit stille(re)n Kindern und damit verbunden <strong>weniger Stress<\/strong> und ein bisschen <strong>mehr Sicherheit, Toleranz und Gerechtigkeit<\/strong> f\u00fcr selbige.<\/p>\n<ol>\n<li>Hinterfragen Sie die Gr\u00fcnde<\/li>\n<\/ol>\n<p>Stille Kinder scheuen oft vor allem <strong>das Plenum<\/strong>, <strong>das Machen potenzieller Fehler<\/strong> und <strong>das Unbekannte<\/strong>. Wenn sie Vertrauen zu Ihnen als Lehrkraft haben, werden sie sich wahrscheinlich \u00f6ffnen und mitteilen. Sorgen Sie aber daf\u00fcr, dass das Gespr\u00e4ch unbemerkt von anderen Kindern stattfindet \u2013 f\u00fcr stille Kinder ist Auffallen in jeder Form ein Gr\u00e4uel. Und durch den Hinweis vor der gesamten Klasse \u201eBleib bitte in der Pause mal bei mir\u201c stempeln Sie sie zum bunten Hund. (\u201eKlassenkameraden werden jetzt bestimmt fragen, was los war, was soll ich da sagen, oh Gott, wie peinlich, heute ist der schlimmste Tag meines Lebens!\u201c)<\/p>\n<p>Manchmal ist der Grund f\u00fcr Zur\u00fcckhaltung im Unterricht weder Introvertiertheit noch Sch\u00fcchternheit. Vielleicht sind die Kinder einfach <strong>m\u00fcde<\/strong>, weil sie zu Hause aus welchen Gr\u00fcnden auch immer nicht zur Ruhe kommen. Vielleicht sind sie <strong>traurig<\/strong> oder <strong>belastet<\/strong>. Vielleicht werden sie <strong>gemobbt<\/strong> und ziehen sich deshalb vollkommen zur\u00fcck. Vielleicht liegt eine (nicht diagnostizierte) <strong>Lernschw\u00e4che<\/strong> vor, die dem Kind Schwierigkeiten bereitet und f\u00fcr die es sich sch\u00e4mt. Vielleicht sind die SuS aber auch <strong>unter- oder \u00fcberfordert<\/strong> \u2013 oder es ist etwas ganz anderes, oder eine Kombination aus verschiedenen Faktoren. Doch das k\u00f6nnen Sie nur wissen, wenn Sie den Kontakt suchen \u2013 mit dem Kind, und vielleicht auch mit den Eltern.<\/p>\n<p>Machen Sie Sch\u00fcchternheit oder Angst dezent zum <strong>Unterrichtsthema<\/strong>, z. B. in Form eines Bilderbuchs. So vermitteln Sie dem Klassenverband Verst\u00e4ndnis f\u00fcr dieses Ph\u00e4nomen und kommen ins Gespr\u00e4ch. Sprechen Sie nat\u00fcrlich auch hier nicht die Stillen vor allen anderen an und fragen Sie sie nach ihrer Meinung. Wer will, wird sich Ihnen ausf\u00fchrlich in einer schriftlichen (Haus-)Aufgabe mitteilen, sie aber h\u00f6chstwahrscheinlich <strong>nicht vorlesen wollen<\/strong>. Respektieren Sie auch das. Wenn Sie stillen Kindern keine Sicherheit bieten, werden Sie wenig bis nichts von ihnen erfahren.<\/p>\n<ol start=\"2\">\n<li>Erzwingen Sie nichts<\/li>\n<\/ol>\n<p>Stille Kinder leiden selbst am meisten. Und niemand muss etwas tun, was ihn stresst, ihm Angst macht \u2013 zumal das die Angst verst\u00e4rkt, statt sie zu mindern. Auch hier hilft ein Gespr\u00e4ch \u2013 vielleicht hat das Kind ja Motivation, sich selbst zu \u00fcberwinden, und freut sich \u00fcber das <strong>Angebot einer<\/strong> <strong>Hilfestellung<\/strong> Ihrerseits, z. B. in Form von einer Absprache: \u201eWollen wir erst mal mit Sachen anfangen, bei denen du nicht dar\u00fcber nachdenken musst, ob die Antwort richtig ist? Du kannst super vorlesen \u2013 magst du dich da demn\u00e4chst mal melden?\u201c<\/p>\n<p>Ganz schlimm ist nat\u00fcrlich das Vorf\u00fchren in jeder Form \u2013 auch im vermeintlich Guten: \u201eH\u00f6rt mal, XY hat die Aufgabe super gel\u00f6st, genauso solltet ihr das machen!\u201c Stille Kinder brauchen nicht unbedingt Best\u00e4tigung daf\u00fcr, dass sie etwas verstehen oder gut l\u00f6sen k\u00f6nnen. Sie wollen <strong>nicht<\/strong> auffallen. Rei\u00dfen Sie Ihnen also nicht die Tarnkappe weg. Wenn Sie <strong>loben<\/strong> wollen, tun Sie es <strong>diskret<\/strong>, z. B. mit einem kleinen Satz und einem Smiley unter einer Hausaufgabe oder Klassenarbeit.<\/p>\n<ol start=\"3\">\n<li>Haben Sie Geduld und Verst\u00e4ndnis<\/li>\n<\/ol>\n<p><strong>Kinder entwickeln sich noch<\/strong>. Wer als Sch\u00fcler still ist, w\u00e4chst nicht zwangsl\u00e4ufig zu einem stillen Erwachsenen heran. Und wenn doch \u2013 nicht jeder muss eine \u00bbRampensau\u00ab sein. Es gibt als Erwachsener genug private und berufliche Nischen, in denen man sich f\u00fcr ein gl\u00fcckliches Leben einrichten kann. Still sein ist nicht besser oder schlechter als extrovertiert zu sein \u2013 und erst recht nicht schlimm oder falsch.<\/p>\n<p>Viele stille Kinder denken au\u00dferdem l\u00e4nger \u00fcber ihre Antwort nach und brauchen dementsprechend <strong>mehr Zeit<\/strong>, um abzuw\u00e4gen und ihre (Selbst-)Zweifel zu entkr\u00e4ften \u2013 oder eben die M\u00f6glichkeit, ihre Gedanken oder L\u00f6sungen vorab schriftlich zu formulieren. \u00dcberlegen Sie also, inwiefern Sie diesem Bed\u00fcrfnis entgegenkommen k\u00f6nnen.<\/p>\n<p>Stellen Sie sich selbst einmal die Frage, welche vergleichbaren Situationen Ihnen vielleicht Unbehagen bereiten: Auch viele Erwachsene finden die Vorstellung, einen <strong>Vortrag vor Publikum<\/strong> zu halten, nicht besonders erquicklich \u2013 obwohl das Publikum meistens aus halbwegs Fremden besteht, die man nicht wiedersieht, statt aus Klassenkameraden, die einen eventuell sowieso schon auf dem Kieker haben und mit denen man im Zweifel noch die n\u00e4chsten Jahre verbringen muss.<\/p>\n<ol start=\"4\">\n<li>Verurteilen Sie nicht<\/li>\n<\/ol>\n<p><strong>Stillsein ist nicht gleichbedeutend mit Faulheit, Dummheit oder Trotz<\/strong>, und wer wirklich \u00fcberdurchschnittlich still ist, \u201ekann\u201c sich auch nicht \u201eeinfach \u00fcberwinden\u201c. Wer unter Arachnophobie leidet, kann sich ja auch nicht \u201ezusammenrei\u00dfen\u201c und eine Spinne auf die Hand nehmen \u2013 nur dass man Spinnen in unseren Breitengraden in der Regel besser aus dem Weg gehen kann als m\u00fcndlicher Beteiligung, die leider fester Bestandteil unseres Schulsystems ist.<\/p>\n<p>Gleichzeitig ist extreme Zur\u00fcckhaltung bei m\u00fcndlicher Beteiligung f\u00fcr die Kinder selbst mit vielen negativen Faktoren verbunden: <strong>Stress<\/strong>, <strong>Angst<\/strong> bis hin zu <strong>psychosomatischen Beschwerden<\/strong> wie Kopf- und Bauchschmerzen, \u00dcbelkeit, Herzrasen, dem Gef\u00fchl, etwas falsch zu machen, nicht zu gen\u00fcgen oder gar zu versagen, unter Beobachtung zu stehen, den Erwartungen nicht gerecht zu werden, sich zu blamieren. Niemand entscheidet sich also freiwillig f\u00fcr diese Form der Zur\u00fcckhaltung.<\/p>\n<ol start=\"5\">\n<li>Bieten Sie Alternativen zur Leistungserbringung an<\/li>\n<\/ol>\n<p>Da die meisten stillen Kinder nicht auffallen wollen \u2013 weder positiv noch negativ \u2013 machen sie immer ihre Hausaufgaben, haben immer ihre Materialien dabei, kommen nie zu sp\u00e4t, schw\u00e4nzen nicht, st\u00f6ren nicht, machen in den Pausen keinen \u00c4rger. Auch das verdient <strong>Anerkennung<\/strong> und darf nicht untergehen, nur weil andere Kinder mehr Aufmerksamkeit fordern.<\/p>\n<p>Dar\u00fcber hinaus haben Sie auch andere M\u00f6glichkeiten, ihnen Beteiligung einzur\u00e4umen, z. B. in Form von <strong>optionalen schriftlichen Aufgaben<\/strong>, die Sie jede Woche an ein Whiteboard schreiben und die jedes Kind erledigen und abgeben kann. So verbreitern Sie nicht nur Ihre <strong>Bewertungsgrundlage<\/strong>, sondern k\u00f6nnen auch \u00fcberpr\u00fcfen, inwieweit stille Kinder den Unterrichtsstoff begreifen, auch wenn sie sich m\u00fcndlich wenig bis gar nicht beteiligen.<\/p>\n<p>Au\u00dferdem k\u00f6nnen Sie stillen Kindern anbieten, einen <strong>Vortrag gemeinsam<\/strong> zu <strong>proben<\/strong>. So nehmen Sie dem Kind die Angst, etwas Falsches zu sagen oder f\u00fcr Fehler kritisiert zu werden, da Sie den Vortrag vorher schon auf seine Richtigkeit pr\u00fcfen und ggf. verbessern.<\/p>\n<p>Behalten Sie auch im Kopf, dass Sie einen <strong>Beurteilungsspielraum<\/strong> haben.<\/p>\n<\/div><\/section><\/div>\n\n<style type=\"text\/css\" data-created_by=\"avia_inline_auto\" id=\"style-css-av-1k2x5m7-41b954652437d22b836ded1d4684065d\">\n.flex_column.av-1k2x5m7-41b954652437d22b836ded1d4684065d{\nborder-radius:0px 0px 0px 0px;\npadding:0px 0px 0px 0px;\n}\n<\/style>\n<div  class='flex_column av-1k2x5m7-41b954652437d22b836ded1d4684065d av_one_full  avia-builder-el-23  el_after_av_one_full  el_before_av_one_full  first flex_column_div av-zero-column-padding  column-top-margin'     ><section  class='av_textblock_section av-ll6g4e9z-02102a7ee16564ed164ef173472a23ab '  ><div class='avia_textblock infoboxBlue' ><p><strong>Tipp<\/strong>: Vielleicht kommen einige Kinder auch durch ein Rollenspiel aus sich heraus, wenn sie nicht \u201esie selbst\u201c sein m\u00fcssen oder sich hinter einer Verkleidung verstecken k\u00f6nnen. Probieren Sie also aus, ob Ihre stillen Kinder sich davon verlocken lassen, mithilfe des Kasperletheaters oder im Rahmen eines Theaterst\u00fccks das Wort zu ergreifen. Zwar ist so auch nicht die von vielen stillen Kindern erw\u00fcnschte Anonymit\u00e4t erreicht, da die anderen sie noch immer erkennen (im Zweifelsfall eben an der Stimme), aber bei nicht \u00fcberm\u00e4\u00dfig sch\u00fcchternen oder \u00e4ngstlichen Kindern kann es klappen.<\/p>\n<\/div><\/section><\/div>\n\n<style type=\"text\/css\" data-created_by=\"avia_inline_auto\" id=\"style-css-av-187qn2n-ae0dfb208535afd7f5518b56cf8d62df\">\n.flex_column.av-187qn2n-ae0dfb208535afd7f5518b56cf8d62df{\nborder-radius:0px 0px 0px 0px;\npadding:0px 0px 0px 0px;\n}\n<\/style>\n<div  class='flex_column av-187qn2n-ae0dfb208535afd7f5518b56cf8d62df av_one_full  avia-builder-el-25  el_after_av_one_full  el_before_av_one_full  first flex_column_div av-zero-column-padding  column-top-margin'     ><section  class='av_textblock_section av-ll6g4uhi-3ebf5c1a8e61871359ac193ea6431f3d '  ><div class='avia_textblock infoboxGreen' ><p><strong>Extra-Tipp<\/strong>: Eine andere M\u00f6glichkeit sind kleine Videos, die die Kinder zu Hause drehen und die im Zweifel nur Sie sehen. Vielleicht f\u00e4llt es einigen Kindern so leichter, etwas zu einem bestimmten Thema vorzutragen. Denn am meisten f\u00fcrchten sich viele vor der <strong>Reaktion<\/strong> der anderen, selbst wenn diese ausbleibt. Bleibt dieser Aspekt au\u00dfen vor, verlieren einige Kinder ihre Hemmungen vollst\u00e4ndig.<\/p>\n<\/div><\/section><\/div>\n\n<style type=\"text\/css\" data-created_by=\"avia_inline_auto\" id=\"style-css-av-og9n67-1857429f0c2fd345577f3b09a391e292\">\n.flex_column.av-og9n67-1857429f0c2fd345577f3b09a391e292{\nborder-radius:0px 0px 0px 0px;\npadding:0px 0px 0px 0px;\n}\n<\/style>\n<div  class='flex_column av-og9n67-1857429f0c2fd345577f3b09a391e292 av_one_full  avia-builder-el-27  el_after_av_one_full  el_before_av_one_third  first flex_column_div av-zero-column-padding  column-top-margin'     ><section  class='av_textblock_section av-ll6g5awx-b5a2bdb0e8341a9ce9f7f5df9b6227fb '  ><div class='avia_textblock' ><p>Um abschlie\u00dfend noch einmal auf die im Titel gestellte Eingangsfrage zur\u00fcckzukommen, wie gerecht es ist, den Charakter zu benoten: Meiner Ansicht nach gar nicht!<\/p>\n<\/div><\/section><\/div>\n<div class='flex_column_table av-ioxdto-ec14c1f0eafd4a04ca12607db6baeedc sc-av_one_third av-equal-height-column-flextable'>\n<style type=\"text\/css\" data-created_by=\"avia_inline_auto\" id=\"style-css-av-ioxdto-ec14c1f0eafd4a04ca12607db6baeedc\">\n.flex_column.av-ioxdto-ec14c1f0eafd4a04ca12607db6baeedc{\nborder-width:1px;\nborder-color:#ebebeb;\nborder-style:solid;\nborder-radius:0px 0px 0px 0px;\npadding:10px 10px 10px 10px;\n}\n<\/style>\n<div  class='flex_column av-ioxdto-ec14c1f0eafd4a04ca12607db6baeedc av_one_third  avia-builder-el-29  el_after_av_one_full  el_before_av_one_third  first flex_column_table_cell av-equal-height-column av-align-top  column-top-margin'     ><p><section  class='av_textblock_section av-l7elhcb4-05742cfa5c91e6d948714cf197d7f53f '  ><div class='avia_textblock' ><p><img decoding=\"async\" class=\"alignnone wp-image-12050 \" src=\"https:\/\/blog.backwinkel.de\/wp-content\/uploads\/2023\/08\/43238_kostuem-set_1.jpeg\" alt=\"\" width=\"710\" height=\"710\" srcset=\"https:\/\/www.backwinkel.de\/blog\/wp-content\/uploads\/2023\/08\/43238_kostuem-set_1.jpeg 600w, https:\/\/www.backwinkel.de\/blog\/wp-content\/uploads\/2023\/08\/43238_kostuem-set_1-36x36.jpeg 36w, https:\/\/www.backwinkel.de\/blog\/wp-content\/uploads\/2023\/08\/43238_kostuem-set_1-180x180.jpeg 180w\" sizes=\"(max-width: 710px) 100vw, 710px\" \/><\/p>\n<p style=\"font-size: 20px; font-family: urw_grotesk_extra_narrowrg; text-align: left;\">Kost\u00fcm-Set<\/p>\n<p style=\"text-align: left;\"><div  class='avia-button-wrap av-i5l83g-0f79e2bd96e56572d8ae6a27a8273596-wrap avia-button-center  avia-builder-el-31  avia-builder-el-no-sibling '><a href='https:\/\/www.backwinkel.de\/prod\/kostuem-set-13-stueck.html'  class='avia-button av-i5l83g-0f79e2bd96e56572d8ae6a27a8273596 av-link-btn avia-icon_select-no avia-size-medium avia-position-center avia-color-theme-color'  target=\"_blank\"  rel=\"noopener noreferrer\"  aria-label=\"zum Produkt\"><span class='avia_iconbox_title' >zum Produkt<\/span><\/a><\/div><\/p>\n<\/div><\/section><br \/>\n\n<style type=\"text\/css\" data-created_by=\"avia_inline_auto\" id=\"style-css-av-g0g38s-ce499c13c018dbb7298d8bbbef42f017\">\n#top .hr.hr-invisible.av-g0g38s-ce499c13c018dbb7298d8bbbef42f017{\nheight:20px;\n}\n<\/style>\n<div  class='hr av-g0g38s-ce499c13c018dbb7298d8bbbef42f017 hr-invisible  avia-builder-el-32  el_after_av_textblock  avia-builder-el-last '><span class='hr-inner '><span class=\"hr-inner-style\"><\/span><\/span><\/div><\/p><\/div>\n<div class='av-flex-placeholder'><\/div>\n<style type=\"text\/css\" data-created_by=\"avia_inline_auto\" id=\"style-css-av-dpmha4-8db092c8d42380ff76fe837638b3593c\">\n.flex_column.av-dpmha4-8db092c8d42380ff76fe837638b3593c{\nborder-width:1px;\nborder-color:#ebebeb;\nborder-style:solid;\nborder-radius:0px 0px 0px 0px;\npadding:10px 10px 10px 10px;\n}\n<\/style>\n<div  class='flex_column av-dpmha4-8db092c8d42380ff76fe837638b3593c av_one_third  avia-builder-el-33  el_after_av_one_third  el_before_av_one_third  flex_column_table_cell av-equal-height-column av-align-top  column-top-margin'     ><p><section  class='av_textblock_section av-bu6a5o-adff641327cef1a6b0e5bcb473cf987b '  ><div class='avia_textblock' ><p><img decoding=\"async\" class=\"alignnone wp-image-12051 size-full\" src=\"https:\/\/blog.backwinkel.de\/wp-content\/uploads\/2023\/08\/28235-kasperletheater-4-zoom.jpeg\" alt=\"\" width=\"2048\" height=\"2048\" srcset=\"https:\/\/www.backwinkel.de\/blog\/wp-content\/uploads\/2023\/08\/28235-kasperletheater-4-zoom.jpeg 2048w, https:\/\/www.backwinkel.de\/blog\/wp-content\/uploads\/2023\/08\/28235-kasperletheater-4-zoom-1536x1536.jpeg 1536w, https:\/\/www.backwinkel.de\/blog\/wp-content\/uploads\/2023\/08\/28235-kasperletheater-4-zoom-36x36.jpeg 36w, https:\/\/www.backwinkel.de\/blog\/wp-content\/uploads\/2023\/08\/28235-kasperletheater-4-zoom-180x180.jpeg 180w\" sizes=\"(max-width: 2048px) 100vw, 2048px\" \/><\/p>\n<p style=\"font-size: 20px; font-family: urw_grotesk_extra_narrowrg; text-align: left;\">Kasperletheater<\/p>\n<p style=\"text-align: left;\"><div  class='avia-button-wrap av-b9ewak-26c5625142f8ce2b448ae492ce090f64-wrap avia-button-center  avia-builder-el-35  avia-builder-el-no-sibling '><a href='https:\/\/www.backwinkel.de\/prod\/kasperletheater.html'  class='avia-button av-b9ewak-26c5625142f8ce2b448ae492ce090f64 av-link-btn avia-icon_select-no avia-size-medium avia-position-center avia-color-theme-color'  target=\"_blank\"  rel=\"noopener noreferrer\"  aria-label=\"zum Produkt\"><span class='avia_iconbox_title' >zum Produkt<\/span><\/a><\/div><\/p>\n<\/div><\/section><br \/>\n\n<style type=\"text\/css\" data-created_by=\"avia_inline_auto\" id=\"style-css-av-98zau4-97afd58dea2aa3cbc7341221ea243b4d\">\n#top .hr.hr-invisible.av-98zau4-97afd58dea2aa3cbc7341221ea243b4d{\nheight:20px;\n}\n<\/style>\n<div  class='hr av-98zau4-97afd58dea2aa3cbc7341221ea243b4d hr-invisible  avia-builder-el-36  el_after_av_textblock  avia-builder-el-last '><span class='hr-inner '><span class=\"hr-inner-style\"><\/span><\/span><\/div><\/p><\/div>\n<div class='av-flex-placeholder'><\/div>\n<style type=\"text\/css\" data-created_by=\"avia_inline_auto\" id=\"style-css-av-7gup9o-d4a0bff7234bad7305d3fdc0aa1fc721\">\n.flex_column.av-7gup9o-d4a0bff7234bad7305d3fdc0aa1fc721{\nborder-width:1px;\nborder-color:#ebebeb;\nborder-style:solid;\nborder-radius:0px 0px 0px 0px;\npadding:10px 10px 10px 10px;\n}\n<\/style>\n<div  class='flex_column av-7gup9o-d4a0bff7234bad7305d3fdc0aa1fc721 av_one_third  avia-builder-el-37  el_after_av_one_third  el_before_av_hr  flex_column_table_cell av-equal-height-column av-align-top  column-top-margin'     ><p><section  class='av_textblock_section av-5xc8to-a8b217bf582573b4083a53d3a58684c5 '  ><div class='avia_textblock' ><p><img decoding=\"async\" class=\"alignnone wp-image-12052 size-full\" src=\"https:\/\/blog.backwinkel.de\/wp-content\/uploads\/2023\/08\/43263_kamishibaibildwechsel_mm_montage_regenbogenfisch.jpeg\" alt=\"\" width=\"700\" height=\"700\" srcset=\"https:\/\/www.backwinkel.de\/blog\/wp-content\/uploads\/2023\/08\/43263_kamishibaibildwechsel_mm_montage_regenbogenfisch.jpeg 700w, https:\/\/www.backwinkel.de\/blog\/wp-content\/uploads\/2023\/08\/43263_kamishibaibildwechsel_mm_montage_regenbogenfisch-36x36.jpeg 36w, https:\/\/www.backwinkel.de\/blog\/wp-content\/uploads\/2023\/08\/43263_kamishibaibildwechsel_mm_montage_regenbogenfisch-180x180.jpeg 180w\" sizes=\"(max-width: 700px) 100vw, 700px\" \/><\/p>\n<p style=\"font-size: 20px; font-family: urw_grotesk_extra_narrowrg; text-align: left;\">Kamishibai-Erz\u00e4hltheater<\/p>\n<p style=\"text-align: left;\"><div  class='avia-button-wrap av-42izbg-2290c05889b7a88ec4a3ecb1594f5a90-wrap avia-button-center  avia-builder-el-39  avia-builder-el-no-sibling '><a href='https:\/\/www.backwinkel.de\/prod\/kamishibai-erzaehltheater.html'  class='avia-button av-42izbg-2290c05889b7a88ec4a3ecb1594f5a90 av-link-btn avia-icon_select-no avia-size-medium avia-position-center avia-color-theme-color'  target=\"_blank\"  rel=\"noopener noreferrer\"  aria-label=\"zum Produkt\"><span class='avia_iconbox_title' >zum Produkt<\/span><\/a><\/div><\/p>\n<\/div><\/section><br \/>\n\n<style type=\"text\/css\" data-created_by=\"avia_inline_auto\" id=\"style-css-av-34kmos-bf82b2f0bad2874622f6b66562996b15\">\n#top .hr.hr-invisible.av-34kmos-bf82b2f0bad2874622f6b66562996b15{\nheight:20px;\n}\n<\/style>\n<div  class='hr av-34kmos-bf82b2f0bad2874622f6b66562996b15 hr-invisible  avia-builder-el-40  el_after_av_textblock  avia-builder-el-last '><span class='hr-inner '><span class=\"hr-inner-style\"><\/span><\/span><\/div><\/p><\/div><\/div><!--close column table wrapper. Autoclose: 1 -->\n\n<style type=\"text\/css\" data-created_by=\"avia_inline_auto\" id=\"style-css-av-kz7pcc-998c523973ce04bd41c056e7ad17fd36\">\n#top .hr.av-kz7pcc-998c523973ce04bd41c056e7ad17fd36{\nmargin-top:10px;\nmargin-bottom:10px;\n}\n.hr.av-kz7pcc-998c523973ce04bd41c056e7ad17fd36 .hr-inner{\nwidth:500;\n}\n<\/style>\n<div  class='hr av-kz7pcc-998c523973ce04bd41c056e7ad17fd36 hr-custom  avia-builder-el-41  el_after_av_one_third  el_before_av_one_full  hr-left hr-icon-no'><span class='hr-inner inner-border-av-border-none'><span class=\"hr-inner-style\"><\/span><\/span><\/div>\n\n<style type=\"text\/css\" data-created_by=\"avia_inline_auto\" id=\"style-css-av-3tembw-a1c4b21fc3f6f2fd3d0d32482ae74cc6\">\n.flex_column.av-3tembw-a1c4b21fc3f6f2fd3d0d32482ae74cc6{\nborder-radius:0px 0px 0px 0px;\npadding:10px 10px 10px 10px;\nbackground-color:#f2f2f2;\n}\n<\/style>\n<div  class='flex_column av-3tembw-a1c4b21fc3f6f2fd3d0d32482ae74cc6 av_one_full  avia-builder-el-42  el_after_av_hr  el_before_av_one_full  first flex_column_div  '     ><section  class='av_textblock_section av-2hcanw-354275dfda09aacb13c8894d92e606ed '  ><div class='avia_textblock' ><p class=\"fussnoten-quellen\"><strong>Lesestoff:<\/strong><\/p>\n<p><span style=\"font-size: 14pt;\">\u201eM\u00fcndliche Gespr\u00e4chskompetenz \u2013 stille Kinder im Unterricht\u201c, 15.03.2022:<br \/>\n<\/span><span style=\"font-size: 14pt;\"><a href=\"https:\/\/beamten-infoportal.de\/magazin\/beruf\/lehrer\/muendliche-gespraechskompetenz-stille-kinder-im-unterricht\/\" target=\"_blank\" rel=\"noopener\">https:\/\/beamten-infoportal.de\/magazin\/beruf\/lehrer\/muendliche-gespraechskompetenz-stille-kinder-im-unterricht\/<\/a><\/span><\/p>\n<p><span style=\"font-size: 14pt;\">Bruckner, Johanna: Zu sch\u00fcchtern f\u00fcr die Schule, 09.04.2014:<br \/>\n<a href=\"https:\/\/www.sueddeutsche.de\/bildung\/soziale-unsicherheit-bei-kindern-zu-schuechtern-fuer-die-schule-1.1933288\" target=\"_blank\" rel=\"noopener\">https:\/\/www.sueddeutsche.de\/bildung\/soziale-unsicherheit-bei-kindern-zu-schuechtern-fuer-die-schule-1.1933288<\/a><\/span><\/p>\n<p><span style=\"font-size: 14pt;\">Hartmann, Evelin: Herr St\u00f6ckli, wie hilft man sch\u00fcchternen Kindern?, 08.11.2017:<br \/>\n<a href=\"https:\/\/www.fritzundfraenzi.ch\/gesundheit\/herr-stoeckli-wie-hilft-man-schuechternen-kindern\/\" target=\"_blank\" rel=\"noopener\">https:\/\/www.fritzundfraenzi.ch\/gesundheit\/herr-stoeckli-wie-hilft-man-schuechternen-kindern\/<\/a><\/span><\/p>\n<p><span style=\"font-size: 14pt;\">Mutmacher gegen Hemmzwerg \u2013 Das Sozialtraining SoFiT f\u00fcr sch\u00fcchterne Sch\u00fclerinnen und Sch\u00fcler (Informationen und weiterf\u00fchrende Links inkl. Bestellm\u00f6glichkeit zum Training von Prof. Dr. Georg St\u00f6ckli):<br \/>\n<a href=\"https:\/\/kind-und-schule.ch\/sofit\" target=\"_blank\" rel=\"noopener\">https:\/\/kind-und-schule.ch\/sofit<\/a><\/span><\/p>\n<p><span style=\"font-size: 14pt;\">\u201eSch\u00fcchternheit bei Kindern: Tipps f\u00fcr einen richtigen Umgang\u201c, 05.10.2021:<br \/>\n<a href=\"https:\/\/www.pro-kita.com\/padagogik\/kindergarten\/umgang-schuechterne-kinder\/\" target=\"_blank\" rel=\"noopener\">https:\/\/www.pro-kita.com\/padagogik\/kindergarten\/umgang-schuechterne-kinder\/<\/a><\/span><\/p>\n<\/div><\/section><\/div>\n\n<style type=\"text\/css\" data-created_by=\"avia_inline_auto\" id=\"style-css-av-fqckto-d5350d06c16b17286c5e2ae288dcdba2\">\n.flex_column.av-fqckto-d5350d06c16b17286c5e2ae288dcdba2{\nborder-radius:0px 0px 0px 0px;\npadding:10px 10px 10px 10px;\n}\n<\/style>\n<div  class='flex_column av-fqckto-d5350d06c16b17286c5e2ae288dcdba2 av_one_full  avia-builder-el-44  el_after_av_one_full  el_before_av_one_full  first flex_column_div  column-top-margin'     ><section  class='av_textblock_section av-dh1mgc-1f1cdce34e8e6e00b3fada23e5365d1b '  ><div class='avia_textblock' ><p class=\"copyright\"><strong>\u00a9 Copyright \u2013 Urheberrechtshinweis<\/strong><br \/>\nAlle Inhalte auf www.backwinkel.de sowie www.backwinkel.de\/blog, insbesondere Texte, Fotografien und Grafiken, sind urheberrechtlich gesch\u00fctzt.<br \/>\nDas Urheberrecht liegt, soweit nicht ausdr\u00fccklich anders gekennzeichnet, bei der BACKWINKEL GmbH. Bitte fragen Sie uns, falls Sie die Inhalte dieses Internetangebotes verwenden m\u00f6chten.<br \/>\nWer gegen das Urheberrecht verst\u00f6\u00dft (z. B. Bilder oder Texte unerlaubt kopiert), macht sich gem. \u00a7\u00a7 106 ff UrhG strafbar, wird zudem kostenpflichtig abgemahnt und muss Schadensersatz leisten (\u00a7 97 UrhG).<\/p>\n<\/div><\/section><\/div>\n\n<style type=\"text\/css\" data-created_by=\"avia_inline_auto\" id=\"style-css-av-d5co4s-aedf4c432807ac740642c7127dd938f9\">\n.flex_column.av-d5co4s-aedf4c432807ac740642c7127dd938f9{\nborder-radius:0px 0px 0px 0px;\npadding:0px 0px 0px 0px;\n}\n<\/style>\n<div  class='flex_column av-d5co4s-aedf4c432807ac740642c7127dd938f9 av_one_full  avia-builder-el-46  el_after_av_one_full  el_before_av_one_full  first flex_column_div av-zero-column-padding  column-top-margin'     ><section  class='av_textblock_section av-a97ba4-7dd40c09d190f5324e4111b3d971dd4a '  ><div class='avia_textblock' ><div class=\"shariff shariff-align-left shariff-widget-align-left\"><ul class=\"shariff-buttons theme-color orientation-horizontal buttonsize-medium\"><li class=\"shariff-button whatsapp shariff-nocustomcolor\" style=\"background-color:#5cbe4a\"><a href=\"https:\/\/api.whatsapp.com\/send?text=https%3A%2F%2Fwww.backwinkel.de%2Fblog%2Fmuendliche-beteiligung%2F%20Sch%C3%BCchternheit%20vs.%20m%C3%BCndliche%20Beteiligung\" title=\"Bei Whatsapp teilen\" aria-label=\"Bei Whatsapp teilen\" role=\"button\" rel=\"noopener nofollow\" class=\"shariff-link\" style=\"; background-color:#34af23; color:#fff\" target=\"_blank\"><span class=\"shariff-icon\" style=\"\"><svg width=\"32px\" height=\"20px\" xmlns=\"http:\/\/www.w3.org\/2000\/svg\" viewBox=\"0 0 32 32\"><path fill=\"#34af23\" d=\"M17.6 17.4q0.2 0 1.7 0.8t1.6 0.9q0 0.1 0 0.3 0 0.6-0.3 1.4-0.3 0.7-1.3 1.2t-1.8 0.5q-1 0-3.4-1.1-1.7-0.8-3-2.1t-2.6-3.3q-1.3-1.9-1.3-3.5v-0.1q0.1-1.6 1.3-2.8 0.4-0.4 0.9-0.4 0.1 0 0.3 0t0.3 0q0.3 0 0.5 0.1t0.3 0.5q0.1 0.4 0.6 1.6t0.4 1.3q0 0.4-0.6 1t-0.6 0.8q0 0.1 0.1 0.3 0.6 1.3 1.8 2.4 1 0.9 2.7 1.8 0.2 0.1 0.4 0.1 0.3 0 1-0.9t0.9-0.9zM14 26.9q2.3 0 4.3-0.9t3.6-2.4 2.4-3.6 0.9-4.3-0.9-4.3-2.4-3.6-3.6-2.4-4.3-0.9-4.3 0.9-3.6 2.4-2.4 3.6-0.9 4.3q0 3.6 2.1 6.6l-1.4 4.2 4.3-1.4q2.8 1.9 6.2 1.9zM14 2.2q2.7 0 5.2 1.1t4.3 2.9 2.9 4.3 1.1 5.2-1.1 5.2-2.9 4.3-4.3 2.9-5.2 1.1q-3.5 0-6.5-1.7l-7.4 2.4 2.4-7.2q-1.9-3.2-1.9-6.9 0-2.7 1.1-5.2t2.9-4.3 4.3-2.9 5.2-1.1z\"\/><\/svg><\/span><span class=\"shariff-text\">teilen<\/span>&nbsp;<\/a><\/li><li class=\"shariff-button facebook shariff-nocustomcolor\" style=\"background-color:#4273c8\"><a href=\"https:\/\/www.facebook.com\/sharer\/sharer.php?u=https%3A%2F%2Fwww.backwinkel.de%2Fblog%2Fmuendliche-beteiligung%2F\" title=\"Bei Facebook teilen\" aria-label=\"Bei Facebook teilen\" role=\"button\" rel=\"nofollow\" class=\"shariff-link\" style=\"; background-color:#3b5998; color:#fff\" target=\"_blank\"><span class=\"shariff-icon\" style=\"\"><svg width=\"32px\" height=\"20px\" xmlns=\"http:\/\/www.w3.org\/2000\/svg\" viewBox=\"0 0 18 32\"><path fill=\"#3b5998\" d=\"M17.1 0.2v4.7h-2.8q-1.5 0-2.1 0.6t-0.5 1.9v3.4h5.2l-0.7 5.3h-4.5v13.6h-5.5v-13.6h-4.5v-5.3h4.5v-3.9q0-3.3 1.9-5.2t5-1.8q2.6 0 4.1 0.2z\"\/><\/svg><\/span><span class=\"shariff-text\">teilen<\/span>&nbsp;<\/a><\/li><li class=\"shariff-button twitter shariff-nocustomcolor\" style=\"background-color:#595959\"><a href=\"https:\/\/twitter.com\/share?url=https%3A%2F%2Fwww.backwinkel.de%2Fblog%2Fmuendliche-beteiligung%2F&text=Sch%C3%BCchternheit%20vs.%20m%C3%BCndliche%20Beteiligung\" title=\"Bei X teilen\" aria-label=\"Bei X teilen\" role=\"button\" rel=\"noopener nofollow\" class=\"shariff-link\" style=\"; background-color:#000; color:#fff\" target=\"_blank\"><span class=\"shariff-icon\" style=\"\"><svg width=\"32px\" height=\"20px\" xmlns=\"http:\/\/www.w3.org\/2000\/svg\" viewBox=\"0 0 24 24\"><path fill=\"#000\" d=\"M14.258 10.152L23.176 0h-2.113l-7.747 8.813L7.133 0H0l9.352 13.328L0 23.973h2.113l8.176-9.309 6.531 9.309h7.133zm-2.895 3.293l-.949-1.328L2.875 1.56h3.246l6.086 8.523.945 1.328 7.91 11.078h-3.246zm0 0\"\/><\/svg><\/span><span class=\"shariff-text\">teilen<\/span>&nbsp;<\/a><\/li><li class=\"shariff-button pinterest shariff-nocustomcolor\" style=\"background-color:#e70f18\"><a href=\"https:\/\/www.pinterest.com\/pin\/create\/link\/?url=https%3A%2F%2Fwww.backwinkel.de%2Fblog%2Fmuendliche-beteiligung%2F&media=https%3A%2F%2Fwww.backwinkel.de%2Fblog%2Fwp-content%2Fuploads%2F2023%2F06%2Fbackwinkel-blog-Schuechternheit_Muendliche_beteiligung-heroimage.jpg&description=Sch%C3%BCchternheit%20vs.%20m%C3%BCndliche%20Beteiligung\" title=\"Bei Pinterest pinnen\" aria-label=\"Bei Pinterest pinnen\" role=\"button\" rel=\"noopener nofollow\" class=\"shariff-link\" style=\"; background-color:#cb2027; color:#fff\" target=\"_blank\"><span class=\"shariff-icon\" style=\"\"><svg width=\"32px\" height=\"20px\" xmlns=\"http:\/\/www.w3.org\/2000\/svg\" viewBox=\"0 0 27 32\"><path fill=\"#cb2027\" d=\"M27.4 16q0 3.7-1.8 6.9t-5 5-6.9 1.9q-2 0-3.9-0.6 1.1-1.7 1.4-2.9 0.2-0.6 1-3.8 0.4 0.7 1.3 1.2t2 0.5q2.1 0 3.8-1.2t2.7-3.4 0.9-4.8q0-2-1.1-3.8t-3.1-2.9-4.5-1.2q-1.9 0-3.5 0.5t-2.8 1.4-2 2-1.2 2.3-0.4 2.4q0 1.9 0.7 3.3t2.1 2q0.5 0.2 0.7-0.4 0-0.1 0.1-0.5t0.2-0.5q0.1-0.4-0.2-0.8-0.9-1.1-0.9-2.7 0-2.7 1.9-4.6t4.9-2q2.7 0 4.2 1.5t1.5 3.8q0 3-1.2 5.2t-3.1 2.1q-1.1 0-1.7-0.8t-0.4-1.9q0.1-0.6 0.5-1.7t0.5-1.8 0.2-1.4q0-0.9-0.5-1.5t-1.4-0.6q-1.1 0-1.9 1t-0.8 2.6q0 1.3 0.4 2.2l-1.8 7.5q-0.3 1.2-0.2 3.2-3.7-1.6-6-5t-2.3-7.6q0-3.7 1.9-6.9t5-5 6.9-1.9 6.9 1.9 5 5 1.8 6.9z\"\/><\/svg><\/span><span class=\"shariff-text\">merken<\/span>&nbsp;<\/a><\/li><li class=\"shariff-button mailto shariff-nocustomcolor\" style=\"background-color:#a8a8a8\"><a href=\"mailto:?body=https%3A%2F%2Fwww.backwinkel.de%2Fblog%2Fmuendliche-beteiligung%2F&subject=Sch%C3%BCchternheit%20vs.%20m%C3%BCndliche%20Beteiligung\" title=\"Per E-Mail versenden\" aria-label=\"Per E-Mail versenden\" role=\"button\" rel=\"noopener nofollow\" class=\"shariff-link\" style=\"; background-color:#999; color:#fff\"><span class=\"shariff-icon\" style=\"\"><svg width=\"32px\" height=\"20px\" xmlns=\"http:\/\/www.w3.org\/2000\/svg\" viewBox=\"0 0 32 32\"><path fill=\"#999\" d=\"M32 12.7v14.2q0 1.2-0.8 2t-2 0.9h-26.3q-1.2 0-2-0.9t-0.8-2v-14.2q0.8 0.9 1.8 1.6 6.5 4.4 8.9 6.1 1 0.8 1.6 1.2t1.7 0.9 2 0.4h0.1q0.9 0 2-0.4t1.7-0.9 1.6-1.2q3-2.2 8.9-6.1 1-0.7 1.8-1.6zM32 7.4q0 1.4-0.9 2.7t-2.2 2.2q-6.7 4.7-8.4 5.8-0.2 0.1-0.7 0.5t-1 0.7-0.9 0.6-1.1 0.5-0.9 0.2h-0.1q-0.4 0-0.9-0.2t-1.1-0.5-0.9-0.6-1-0.7-0.7-0.5q-1.6-1.1-4.7-3.2t-3.6-2.6q-1.1-0.7-2.1-2t-1-2.5q0-1.4 0.7-2.3t2.1-0.9h26.3q1.2 0 2 0.8t0.9 2z\"\/><\/svg><\/span><span class=\"shariff-text\">E-Mail<\/span>&nbsp;<\/a><\/li><\/ul><\/div>\n<\/div><\/section><\/div>\n\n<style type=\"text\/css\" data-created_by=\"avia_inline_auto\" id=\"style-css-av-leyce6wr-aca459a5151fa423e49ebd2f0b0cba23\">\n.flex_column.av-leyce6wr-aca459a5151fa423e49ebd2f0b0cba23{\nborder-radius:0px 0px 0px 0px;\npadding:0px 0px 0px 0px;\nbackground-color:#f2f2f2;\n}\n<\/style>\n<div  class='flex_column av-leyce6wr-aca459a5151fa423e49ebd2f0b0cba23 av_one_full  avia-builder-el-48  el_after_av_one_full  el_before_av_one_full  first flex_column_div av-zero-column-padding  column-top-margin'     ><div  class='avia-builder-widget-area clearfix  avia-builder-el-49  avia-builder-el-no-sibling '><div id=\"text-29\" class=\"widget clearfix widget_text\"><h3 class=\"widgettitle\">Das BACKWINKEL-Blog-Team<\/h3>\t\t\t<div class=\"textwidget\"><p>Gibts auch ein Gesicht hinter dem BACKWINKEL-Blog? Nat\u00fcrlich. Sogar f\u00fcnf \ud83d\ude0a. Wir \u2013 Lukas, Marvin und Tatjana \u2013 bespielen unseren Blog im LACHEN LEBEN LERNEN-Firmensitz in Hattingen.<br \/>\nLukas kennt Onlinemarketing wie seine Westentasche, w\u00e4hrend Marvin unseren Beitr\u00e4gen den passenden gestalterischen Rahmen gibt und Tatjana mit dem gr\u00fcnen Korrekturstift alles pr\u00fcfend be\u00e4ugt, was unsere Freelancerautorinnen Elisa und Christine (und gern auch Gastautoren) aus der Ferne f\u00fcr den BACKWINKEL-Blog nach ordentlicher Recherche schreiben.<br \/>\nGemeinsam suchen wir st\u00e4ndig nach neuen, aufregenden Themen rund um das Thema Bildung im Kiga, der Schule und zu Hause. Und weil Sie da an der Quelle sitzen, freuen wir uns auf Ihre konstruktiven R\u00fcckmeldungen und Anregungen an blog[@]backwinkel.de<br \/>\nViel Spa\u00df beim LACHEN LESEN LERNEN!<\/p>\n<\/div>\n\t\t<\/div><\/div><\/div>\n\n<style type=\"text\/css\" data-created_by=\"avia_inline_auto\" id=\"style-css-av-21m96ev-10cefdecbd94bf771cc0a852db15e418\">\n.flex_column.av-21m96ev-10cefdecbd94bf771cc0a852db15e418{\nborder-radius:0px 0px 0px 0px;\npadding:0px 0px 0px 0px;\n}\n<\/style>\n<div  class='flex_column av-21m96ev-10cefdecbd94bf771cc0a852db15e418 av_one_full  avia-builder-el-50  el_after_av_one_full  avia-builder-el-last  first flex_column_div av-zero-column-padding  column-top-margin'     ><p>\n<style type=\"text\/css\" data-created_by=\"avia_inline_auto\" id=\"style-css-av-1l6t62f-7ea91fafe1c9fd8f01b5a5ee707950ce\">\n#top .hr.av-1l6t62f-7ea91fafe1c9fd8f01b5a5ee707950ce{\nmargin-top:10px;\nmargin-bottom:10px;\n}\n.hr.av-1l6t62f-7ea91fafe1c9fd8f01b5a5ee707950ce .hr-inner{\nwidth:500;\n}\n<\/style>\n<div  class='hr av-1l6t62f-7ea91fafe1c9fd8f01b5a5ee707950ce hr-custom  avia-builder-el-51  el_before_av_heading  avia-builder-el-first  hr-left hr-icon-no'><span class='hr-inner inner-border-av-border-thin'><span class=\"hr-inner-style\"><\/span><\/span><\/div><br \/>\n\n<style type=\"text\/css\" data-created_by=\"avia_inline_auto\" id=\"style-css-av-112w7mf-cf418d6f1ae2df284a50f174648cad51\">\n#top .av-special-heading.av-112w7mf-cf418d6f1ae2df284a50f174648cad51{\npadding-bottom:10px;\n}\nbody .av-special-heading.av-112w7mf-cf418d6f1ae2df284a50f174648cad51 .av-special-heading-tag .heading-char{\nfont-size:25px;\n}\n.av-special-heading.av-112w7mf-cf418d6f1ae2df284a50f174648cad51 .av-subheading{\nfont-size:15px;\n}\n<\/style>\n<div  class='av-special-heading av-112w7mf-cf418d6f1ae2df284a50f174648cad51 av-special-heading-h3 blockquote modern-quote  avia-builder-el-52  el_after_av_hr  el_before_av_blog '><h3 class='av-special-heading-tag '  >PASSENDE BEITR\u00c4GE<\/h3><div class=\"special-heading-border\"><div class=\"special-heading-inner-border\"><\/div><\/div><\/div><br \/>\n<div  data-slideshow-options=\"{&quot;animation&quot;:&quot;fade&quot;,&quot;autoplay&quot;:false,&quot;loop_autoplay&quot;:&quot;once&quot;,&quot;interval&quot;:5,&quot;loop_manual&quot;:&quot;manual-endless&quot;,&quot;autoplay_stopper&quot;:false,&quot;noNavigation&quot;:false,&quot;show_slide_delay&quot;:90}\" class='avia-content-slider avia-content-grid-active avia-content-slider1 avia-content-slider-odd  avia-builder-el-53  el_after_av_heading  avia-builder-el-last  av-slideshow-ui av-control-default   av-no-slider-navigation av-slideshow-manual av-loop-once av-loop-manual-endless ' ><div class=\"avia-content-slider-inner\"><div class=\"slide-entry-wrap\"><article class='slide-entry flex_column  post-entry post-entry-18716 slide-entry-overview slide-loop-1 slide-parity-odd  av_one_third first real-thumbnail posttype-post post-format-standard' ><a href='https:\/\/www.backwinkel.de\/blog\/rechnen-im-anfangsunterricht\/' data-rel='slide-1' class='slide-image' title='Rechnen im Anfangsunterricht'><img decoding=\"async\" fetchpriority=\"high\" width=\"1200\" height=\"628\" src=\"https:\/\/www.backwinkel.de\/blog\/wp-content\/uploads\/2026\/04\/04_Schule_Rechnen_anfangsunterricht.jpg\" class=\"wp-image-18748 avia-img-lazy-loading-not-18748 attachment-no scaling size-no scaling wp-post-image\" alt=\"\" \/><\/a><div class=\"slide-content\"><header class=\"entry-content-header\" aria-label=\"Slide: Rechnen im Anfangsunterricht\"><h3 class='slide-entry-title entry-title ' ><a href='https:\/\/www.backwinkel.de\/blog\/rechnen-im-anfangsunterricht\/' title='Rechnen im Anfangsunterricht'>Rechnen im Anfangsunterricht<\/a><\/h3><span class=\"blog-categories minor-meta\"><a href=\"https:\/\/www.backwinkel.de\/blog\/category\/schule-grundschule\/\" rel=\"tag\">Schule<\/a> <\/span><span class=\"av-vertical-delimiter\"><\/span><\/header><div class='slide-entry-excerpt entry-content' >Das Klassenzimmer als Lernlandschaft<\/div><\/div><footer class=\"entry-footer\"><div class=\"slide-meta\"><time class='slide-meta-time updated' >14. April 2026<\/time><\/div><\/footer><\/article><article class='slide-entry flex_column  post-entry post-entry-18177 slide-entry-overview slide-loop-2 slide-parity-even  av_one_third  real-thumbnail posttype-post post-format-standard' ><a href='https:\/\/www.backwinkel.de\/blog\/churermodell\/' data-rel='slide-1' class='slide-image' title='Churermodell'><img decoding=\"async\" fetchpriority=\"high\" width=\"1200\" height=\"628\" src=\"https:\/\/www.backwinkel.de\/blog\/wp-content\/uploads\/2026\/03\/03_Schule_Churermodell.jpg\" class=\"wp-image-18217 avia-img-lazy-loading-not-18217 attachment-no scaling size-no scaling wp-post-image\" alt=\"\" \/><\/a><div class=\"slide-content\"><header class=\"entry-content-header\" aria-label=\"Slide: Churermodell\"><h3 class='slide-entry-title entry-title ' ><a href='https:\/\/www.backwinkel.de\/blog\/churermodell\/' title='Churermodell'>Churermodell<\/a><\/h3><span class=\"blog-categories minor-meta\"><a href=\"https:\/\/www.backwinkel.de\/blog\/category\/schule-grundschule\/\" rel=\"tag\">Schule<\/a> <\/span><span class=\"av-vertical-delimiter\"><\/span><\/header><div class='slide-entry-excerpt entry-content' >Das Klassenzimmer als Lernlandschaft<\/div><\/div><footer class=\"entry-footer\"><div class=\"slide-meta\"><time class='slide-meta-time updated' >9. M\u00e4rz 2026<\/time><\/div><\/footer><\/article><article class='slide-entry flex_column  post-entry post-entry-18119 slide-entry-overview slide-loop-3 slide-parity-odd  post-entry-last  av_one_third  real-thumbnail posttype-post post-format-standard' ><a href='https:\/\/www.backwinkel.de\/blog\/digitalpakt-2-0\/' data-rel='slide-1' class='slide-image' title='Digitalpakt 2.0'><img decoding=\"async\" fetchpriority=\"high\" width=\"1200\" height=\"628\" src=\"https:\/\/www.backwinkel.de\/blog\/wp-content\/uploads\/2026\/01\/02_Schule_Digitalpakt.jpg\" class=\"wp-image-18138 avia-img-lazy-loading-not-18138 attachment-no scaling size-no scaling wp-post-image\" alt=\"\" \/><\/a><div class=\"slide-content\"><header class=\"entry-content-header\" aria-label=\"Slide: Digitalpakt 2.0\"><h3 class='slide-entry-title entry-title ' ><a href='https:\/\/www.backwinkel.de\/blog\/digitalpakt-2-0\/' title='Digitalpakt 2.0'>Digitalpakt 2.0<\/a><\/h3><span class=\"blog-categories minor-meta\"><a href=\"https:\/\/www.backwinkel.de\/blog\/category\/schule-grundschule\/\" rel=\"tag\">Schule<\/a> <\/span><span class=\"av-vertical-delimiter\"><\/span><\/header><div class='slide-entry-excerpt entry-content' >Geht es jetzt mit der Digitalisierung in Bildungseinrichtungen voran?<\/div><\/div><footer class=\"entry-footer\"><div class=\"slide-meta\"><time class='slide-meta-time updated' >10. Februar 2026<\/time><\/div><\/footer><\/article><\/div><\/div><\/div><\/p><\/div>\n","protected":false},"excerpt":{"rendered":"<p>Wie gerecht ist es, den Charakter zu benoten? <\/p>\n","protected":false},"author":1,"featured_media":12041,"comment_status":"closed","ping_status":"closed","sticky":false,"template":"","format":"standard","meta":{"inline_featured_image":false,"footnotes":""},"categories":[6],"tags":[],"class_list":["post-12015","post","type-post","status-publish","format-standard","has-post-thumbnail","hentry","category-schule-grundschule"],"yoast_head":"<!-- This site is optimized with the Yoast SEO plugin v27.4 - https:\/\/yoast.com\/product\/yoast-seo-wordpress\/ -->\n<title>Sch\u00fcchternheit vs. m\u00fcndliche Beteiligung | BACKWINKEL Blog<\/title>\n<meta name=\"description\" content=\"Sch\u00fcchternheit vs. m\u00fcndliche Beteiligung \u2013 wie gerecht ist es, den Charakter zu benoten? Jetzt lesen!\" \/>\n<meta name=\"robots\" content=\"index, follow, max-snippet:-1, max-image-preview:large, max-video-preview:-1\" \/>\n<link rel=\"canonical\" href=\"https:\/\/www.backwinkel.de\/blog\/muendliche-beteiligung\/\" \/>\n<meta property=\"og:locale\" content=\"de_DE\" \/>\n<meta property=\"og:type\" content=\"article\" \/>\n<meta property=\"og:title\" content=\"Sch\u00fcchternheit vs. m\u00fcndliche Beteiligung | BACKWINKEL Blog\" \/>\n<meta property=\"og:description\" content=\"Sch\u00fcchternheit vs. m\u00fcndliche Beteiligung \u2013 wie gerecht ist es, den Charakter zu benoten? Jetzt lesen!\" \/>\n<meta property=\"og:url\" content=\"https:\/\/blog.backwinkel.de\/muendliche-beteiligung\/\" \/>\n<meta property=\"og:site_name\" content=\"BACKWINKEL Blog\" \/>\n<meta property=\"article:published_time\" content=\"2023-08-14T09:15:42+00:00\" \/>\n<meta property=\"article:modified_time\" content=\"2026-01-13T11:56:53+00:00\" \/>\n<meta property=\"og:image\" content=\"https:\/\/blog.backwinkel.de\/wp-content\/uploads\/2023\/06\/backwinkel-blog-Schuechternheit_Muendliche_beteiligung-heroimage.jpg\" \/>\n\t<meta property=\"og:image:width\" content=\"1200\" \/>\n\t<meta property=\"og:image:height\" content=\"628\" \/>\n\t<meta property=\"og:image:type\" content=\"image\/jpeg\" \/>\n<meta name=\"author\" content=\"admin_backwinkel\" \/>\n<meta name=\"twitter:card\" content=\"summary_large_image\" \/>\n<meta name=\"twitter:label1\" content=\"Verfasst von\" \/>\n\t<meta name=\"twitter:data1\" content=\"admin_backwinkel\" \/>\n\t<meta name=\"twitter:label2\" content=\"Gesch\u00e4tzte Lesezeit\" \/>\n\t<meta name=\"twitter:data2\" content=\"15\u00a0Minuten\" \/>\n<script type=\"application\/ld+json\" class=\"yoast-schema-graph\">{\"@context\":\"https:\\\/\\\/schema.org\",\"@graph\":[{\"@type\":\"Article\",\"@id\":\"https:\\\/\\\/blog.backwinkel.de\\\/muendliche-beteiligung\\\/#article\",\"isPartOf\":{\"@id\":\"https:\\\/\\\/blog.backwinkel.de\\\/muendliche-beteiligung\\\/\"},\"author\":{\"name\":\"admin_backwinkel\",\"@id\":\"https:\\\/\\\/www.backwinkel.de\\\/blog\\\/#\\\/schema\\\/person\\\/88b842297c0e471020a66f4476633cf2\"},\"headline\":\"Sch\u00fcchternheit vs. m\u00fcndliche Beteiligung\",\"datePublished\":\"2023-08-14T09:15:42+00:00\",\"dateModified\":\"2026-01-13T11:56:53+00:00\",\"mainEntityOfPage\":{\"@id\":\"https:\\\/\\\/blog.backwinkel.de\\\/muendliche-beteiligung\\\/\"},\"wordCount\":6252,\"image\":{\"@id\":\"https:\\\/\\\/blog.backwinkel.de\\\/muendliche-beteiligung\\\/#primaryimage\"},\"thumbnailUrl\":\"https:\\\/\\\/www.backwinkel.de\\\/blog\\\/wp-content\\\/uploads\\\/2023\\\/06\\\/backwinkel-blog-Schuechternheit_Muendliche_beteiligung-heroimage.jpg\",\"articleSection\":[\"Schule\"],\"inLanguage\":\"de\"},{\"@type\":\"WebPage\",\"@id\":\"https:\\\/\\\/blog.backwinkel.de\\\/muendliche-beteiligung\\\/\",\"url\":\"https:\\\/\\\/blog.backwinkel.de\\\/muendliche-beteiligung\\\/\",\"name\":\"Sch\u00fcchternheit vs. m\u00fcndliche Beteiligung | BACKWINKEL Blog\",\"isPartOf\":{\"@id\":\"https:\\\/\\\/www.backwinkel.de\\\/blog\\\/#website\"},\"primaryImageOfPage\":{\"@id\":\"https:\\\/\\\/blog.backwinkel.de\\\/muendliche-beteiligung\\\/#primaryimage\"},\"image\":{\"@id\":\"https:\\\/\\\/blog.backwinkel.de\\\/muendliche-beteiligung\\\/#primaryimage\"},\"thumbnailUrl\":\"https:\\\/\\\/www.backwinkel.de\\\/blog\\\/wp-content\\\/uploads\\\/2023\\\/06\\\/backwinkel-blog-Schuechternheit_Muendliche_beteiligung-heroimage.jpg\",\"datePublished\":\"2023-08-14T09:15:42+00:00\",\"dateModified\":\"2026-01-13T11:56:53+00:00\",\"author\":{\"@id\":\"https:\\\/\\\/www.backwinkel.de\\\/blog\\\/#\\\/schema\\\/person\\\/88b842297c0e471020a66f4476633cf2\"},\"description\":\"Sch\u00fcchternheit vs. m\u00fcndliche Beteiligung \u2013 wie gerecht ist es, den Charakter zu benoten? Jetzt lesen!\",\"breadcrumb\":{\"@id\":\"https:\\\/\\\/blog.backwinkel.de\\\/muendliche-beteiligung\\\/#breadcrumb\"},\"inLanguage\":\"de\",\"potentialAction\":[{\"@type\":\"ReadAction\",\"target\":[\"https:\\\/\\\/blog.backwinkel.de\\\/muendliche-beteiligung\\\/\"]}]},{\"@type\":\"ImageObject\",\"inLanguage\":\"de\",\"@id\":\"https:\\\/\\\/blog.backwinkel.de\\\/muendliche-beteiligung\\\/#primaryimage\",\"url\":\"https:\\\/\\\/www.backwinkel.de\\\/blog\\\/wp-content\\\/uploads\\\/2023\\\/06\\\/backwinkel-blog-Schuechternheit_Muendliche_beteiligung-heroimage.jpg\",\"contentUrl\":\"https:\\\/\\\/www.backwinkel.de\\\/blog\\\/wp-content\\\/uploads\\\/2023\\\/06\\\/backwinkel-blog-Schuechternheit_Muendliche_beteiligung-heroimage.jpg\",\"width\":1200,\"height\":628},{\"@type\":\"BreadcrumbList\",\"@id\":\"https:\\\/\\\/blog.backwinkel.de\\\/muendliche-beteiligung\\\/#breadcrumb\",\"itemListElement\":[{\"@type\":\"ListItem\",\"position\":1,\"name\":\"Startseite\",\"item\":\"https:\\\/\\\/blog.backwinkel.de\\\/aktuelles\\\/\"},{\"@type\":\"ListItem\",\"position\":2,\"name\":\"Sch\u00fcchternheit vs. m\u00fcndliche Beteiligung\"}]},{\"@type\":\"WebSite\",\"@id\":\"https:\\\/\\\/www.backwinkel.de\\\/blog\\\/#website\",\"url\":\"https:\\\/\\\/www.backwinkel.de\\\/blog\\\/\",\"name\":\"BACKWINKEL Blog\",\"description\":\"f\u00fcr Lehrer, Erzieher und Eltern\",\"potentialAction\":[{\"@type\":\"SearchAction\",\"target\":{\"@type\":\"EntryPoint\",\"urlTemplate\":\"https:\\\/\\\/www.backwinkel.de\\\/blog\\\/?s={search_term_string}\"},\"query-input\":{\"@type\":\"PropertyValueSpecification\",\"valueRequired\":true,\"valueName\":\"search_term_string\"}}],\"inLanguage\":\"de\"},{\"@type\":\"Person\",\"@id\":\"https:\\\/\\\/www.backwinkel.de\\\/blog\\\/#\\\/schema\\\/person\\\/88b842297c0e471020a66f4476633cf2\",\"name\":\"admin_backwinkel\",\"url\":\"https:\\\/\\\/www.backwinkel.de\\\/blog\\\/author\\\/admin_backwinkel\\\/\"}]}<\/script>\n<!-- \/ Yoast SEO plugin. -->","yoast_head_json":{"title":"Sch\u00fcchternheit vs. m\u00fcndliche Beteiligung | BACKWINKEL Blog","description":"Sch\u00fcchternheit vs. m\u00fcndliche Beteiligung \u2013 wie gerecht ist es, den Charakter zu benoten? Jetzt lesen!","robots":{"index":"index","follow":"follow","max-snippet":"max-snippet:-1","max-image-preview":"max-image-preview:large","max-video-preview":"max-video-preview:-1"},"canonical":"https:\/\/www.backwinkel.de\/blog\/muendliche-beteiligung\/","og_locale":"de_DE","og_type":"article","og_title":"Sch\u00fcchternheit vs. m\u00fcndliche Beteiligung | BACKWINKEL Blog","og_description":"Sch\u00fcchternheit vs. m\u00fcndliche Beteiligung \u2013 wie gerecht ist es, den Charakter zu benoten? Jetzt lesen!","og_url":"https:\/\/blog.backwinkel.de\/muendliche-beteiligung\/","og_site_name":"BACKWINKEL Blog","article_published_time":"2023-08-14T09:15:42+00:00","article_modified_time":"2026-01-13T11:56:53+00:00","og_image":[{"width":1200,"height":628,"url":"https:\/\/blog.backwinkel.de\/wp-content\/uploads\/2023\/06\/backwinkel-blog-Schuechternheit_Muendliche_beteiligung-heroimage.jpg","type":"image\/jpeg"}],"author":"admin_backwinkel","twitter_card":"summary_large_image","twitter_misc":{"Verfasst von":"admin_backwinkel","Gesch\u00e4tzte Lesezeit":"15\u00a0Minuten"},"schema":{"@context":"https:\/\/schema.org","@graph":[{"@type":"Article","@id":"https:\/\/blog.backwinkel.de\/muendliche-beteiligung\/#article","isPartOf":{"@id":"https:\/\/blog.backwinkel.de\/muendliche-beteiligung\/"},"author":{"name":"admin_backwinkel","@id":"https:\/\/www.backwinkel.de\/blog\/#\/schema\/person\/88b842297c0e471020a66f4476633cf2"},"headline":"Sch\u00fcchternheit vs. m\u00fcndliche Beteiligung","datePublished":"2023-08-14T09:15:42+00:00","dateModified":"2026-01-13T11:56:53+00:00","mainEntityOfPage":{"@id":"https:\/\/blog.backwinkel.de\/muendliche-beteiligung\/"},"wordCount":6252,"image":{"@id":"https:\/\/blog.backwinkel.de\/muendliche-beteiligung\/#primaryimage"},"thumbnailUrl":"https:\/\/www.backwinkel.de\/blog\/wp-content\/uploads\/2023\/06\/backwinkel-blog-Schuechternheit_Muendliche_beteiligung-heroimage.jpg","articleSection":["Schule"],"inLanguage":"de"},{"@type":"WebPage","@id":"https:\/\/blog.backwinkel.de\/muendliche-beteiligung\/","url":"https:\/\/blog.backwinkel.de\/muendliche-beteiligung\/","name":"Sch\u00fcchternheit vs. m\u00fcndliche Beteiligung | BACKWINKEL Blog","isPartOf":{"@id":"https:\/\/www.backwinkel.de\/blog\/#website"},"primaryImageOfPage":{"@id":"https:\/\/blog.backwinkel.de\/muendliche-beteiligung\/#primaryimage"},"image":{"@id":"https:\/\/blog.backwinkel.de\/muendliche-beteiligung\/#primaryimage"},"thumbnailUrl":"https:\/\/www.backwinkel.de\/blog\/wp-content\/uploads\/2023\/06\/backwinkel-blog-Schuechternheit_Muendliche_beteiligung-heroimage.jpg","datePublished":"2023-08-14T09:15:42+00:00","dateModified":"2026-01-13T11:56:53+00:00","author":{"@id":"https:\/\/www.backwinkel.de\/blog\/#\/schema\/person\/88b842297c0e471020a66f4476633cf2"},"description":"Sch\u00fcchternheit vs. m\u00fcndliche Beteiligung \u2013 wie gerecht ist es, den Charakter zu benoten? Jetzt lesen!","breadcrumb":{"@id":"https:\/\/blog.backwinkel.de\/muendliche-beteiligung\/#breadcrumb"},"inLanguage":"de","potentialAction":[{"@type":"ReadAction","target":["https:\/\/blog.backwinkel.de\/muendliche-beteiligung\/"]}]},{"@type":"ImageObject","inLanguage":"de","@id":"https:\/\/blog.backwinkel.de\/muendliche-beteiligung\/#primaryimage","url":"https:\/\/www.backwinkel.de\/blog\/wp-content\/uploads\/2023\/06\/backwinkel-blog-Schuechternheit_Muendliche_beteiligung-heroimage.jpg","contentUrl":"https:\/\/www.backwinkel.de\/blog\/wp-content\/uploads\/2023\/06\/backwinkel-blog-Schuechternheit_Muendliche_beteiligung-heroimage.jpg","width":1200,"height":628},{"@type":"BreadcrumbList","@id":"https:\/\/blog.backwinkel.de\/muendliche-beteiligung\/#breadcrumb","itemListElement":[{"@type":"ListItem","position":1,"name":"Startseite","item":"https:\/\/blog.backwinkel.de\/aktuelles\/"},{"@type":"ListItem","position":2,"name":"Sch\u00fcchternheit vs. m\u00fcndliche Beteiligung"}]},{"@type":"WebSite","@id":"https:\/\/www.backwinkel.de\/blog\/#website","url":"https:\/\/www.backwinkel.de\/blog\/","name":"BACKWINKEL Blog","description":"f\u00fcr Lehrer, Erzieher und Eltern","potentialAction":[{"@type":"SearchAction","target":{"@type":"EntryPoint","urlTemplate":"https:\/\/www.backwinkel.de\/blog\/?s={search_term_string}"},"query-input":{"@type":"PropertyValueSpecification","valueRequired":true,"valueName":"search_term_string"}}],"inLanguage":"de"},{"@type":"Person","@id":"https:\/\/www.backwinkel.de\/blog\/#\/schema\/person\/88b842297c0e471020a66f4476633cf2","name":"admin_backwinkel","url":"https:\/\/www.backwinkel.de\/blog\/author\/admin_backwinkel\/"}]}},"_links":{"self":[{"href":"https:\/\/www.backwinkel.de\/blog\/wp-json\/wp\/v2\/posts\/12015","targetHints":{"allow":["GET"]}}],"collection":[{"href":"https:\/\/www.backwinkel.de\/blog\/wp-json\/wp\/v2\/posts"}],"about":[{"href":"https:\/\/www.backwinkel.de\/blog\/wp-json\/wp\/v2\/types\/post"}],"author":[{"embeddable":true,"href":"https:\/\/www.backwinkel.de\/blog\/wp-json\/wp\/v2\/users\/1"}],"replies":[{"embeddable":true,"href":"https:\/\/www.backwinkel.de\/blog\/wp-json\/wp\/v2\/comments?post=12015"}],"version-history":[{"count":1,"href":"https:\/\/www.backwinkel.de\/blog\/wp-json\/wp\/v2\/posts\/12015\/revisions"}],"predecessor-version":[{"id":17836,"href":"https:\/\/www.backwinkel.de\/blog\/wp-json\/wp\/v2\/posts\/12015\/revisions\/17836"}],"wp:featuredmedia":[{"embeddable":true,"href":"https:\/\/www.backwinkel.de\/blog\/wp-json\/wp\/v2\/media\/12041"}],"wp:attachment":[{"href":"https:\/\/www.backwinkel.de\/blog\/wp-json\/wp\/v2\/media?parent=12015"}],"wp:term":[{"taxonomy":"category","embeddable":true,"href":"https:\/\/www.backwinkel.de\/blog\/wp-json\/wp\/v2\/categories?post=12015"},{"taxonomy":"post_tag","embeddable":true,"href":"https:\/\/www.backwinkel.de\/blog\/wp-json\/wp\/v2\/tags?post=12015"}],"curies":[{"name":"wp","href":"https:\/\/api.w.org\/{rel}","templated":true}]}}