{"id":11930,"date":"2023-08-14T11:15:42","date_gmt":"2023-08-14T09:15:42","guid":{"rendered":"https:\/\/www.backwinkel.de\/blog\/?p=11930"},"modified":"2026-04-22T14:27:17","modified_gmt":"2026-04-22T12:27:17","slug":"aufsichtspflicht-kita","status":"publish","type":"post","link":"https:\/\/www.backwinkel.de\/blog\/aufsichtspflicht-kita\/","title":{"rendered":"(Keine Angst vor der Aufsichtspflicht)"},"content":{"rendered":"\n<style type=\"text\/css\" data-created_by=\"avia_inline_auto\" id=\"style-css-av-1o9i20c-585c90b249b7391778c0ca595b8a52c2\">\n.flex_column.av-1o9i20c-585c90b249b7391778c0ca595b8a52c2{\nborder-radius:0px 0px 0px 0px;\npadding:0px 0px 0px 0px;\n}\n<\/style>\n<div  class='flex_column av-1o9i20c-585c90b249b7391778c0ca595b8a52c2 av_one_full  avia-builder-el-0  el_before_av_three_fifth  avia-builder-el-first  first flex_column_div av-zero-column-padding  '     ><p>\n<style type=\"text\/css\" data-created_by=\"avia_inline_auto\" id=\"style-css-av-1mbf4e4-1609d55f243e97c311d4e4755c4441f8\">\n#top .hr.hr-invisible.av-1mbf4e4-1609d55f243e97c311d4e4755c4441f8{\nmargin-top:0px;\nheight:1px;\n}\n<\/style>\n<div  class='hr av-1mbf4e4-1609d55f243e97c311d4e4755c4441f8 hr-invisible  avia-builder-el-1  el_before_av_heading  avia-builder-el-first '><span class='hr-inner '><span class=\"hr-inner-style\"><\/span><\/span><\/div><br \/>\n\n<style type=\"text\/css\" data-created_by=\"avia_inline_auto\" id=\"style-css-av-l7efmkmv-5bac06cbdaab5ba52f4fbe07e919092e\">\n#top .av-special-heading.av-l7efmkmv-5bac06cbdaab5ba52f4fbe07e919092e{\npadding-bottom:10px;\n}\nbody .av-special-heading.av-l7efmkmv-5bac06cbdaab5ba52f4fbe07e919092e .av-special-heading-tag .heading-char{\nfont-size:25px;\n}\n.av-special-heading.av-l7efmkmv-5bac06cbdaab5ba52f4fbe07e919092e .av-subheading{\nfont-size:15px;\n}\n<\/style>\n<div  class='av-special-heading av-l7efmkmv-5bac06cbdaab5ba52f4fbe07e919092e av-special-heading-h1 blockquote modern-quote  avia-builder-el-2  el_after_av_hr  el_before_av_post_metadata  av-linked-heading'><h1 class='av-special-heading-tag '  >(Keine Angst vor der) Aufsichtspflicht im Kindergarten <\/h1><div class='av-subheading av-subheading_below'><p class=\"autorenname\">Christine Hagemann<\/p>\n<\/div><div class=\"special-heading-border\"><div class=\"special-heading-inner-border\"><\/div><\/div><\/div><br \/>\n\n<style type=\"text\/css\" data-created_by=\"avia_inline_auto\" id=\"style-css-av-1o6knkq-b22eb1d5de54d58cc6163fad2e88ae70\">\n#top .av-post-metadata-container.av-1o6knkq-b22eb1d5de54d58cc6163fad2e88ae70{\nfont-size:12px;\n}\n#top .av-post-metadata-container.av-1o6knkq-b22eb1d5de54d58cc6163fad2e88ae70 .av-post-metadata-container-inner{\nfont-size:12px;\n}\n<\/style>\n<div  class='av-post-metadata-container av-1o6knkq-b22eb1d5de54d58cc6163fad2e88ae70 av-metadata-container-align-left  avia-builder-el-3  el_after_av_heading  el_before_av_textblock  av-metadata-container-1'><div class='av-post-metadata-container-inner'><span class=\"av-post-metadata-content av-post-metadata-meta-content\"><span class=\"av-post-metadata-content av-post-metadata-modified\"><span class=\"av-metadata-before av-metadata-before-modified\">Aktualisiert:<\/span><span class=\"av-post-metadata-modified-date\" >22. April 2026<\/span><\/span><span class=\"av-post-metadata-content av-post-metadata-separator\">\/<\/span><span class=\"av-post-metadata-content av-post-metadata-modified\"><span class=\"av-metadata-before av-metadata-before-modified\">Zuletzt aktualisiert:<\/span><span class=\"av-post-metadata-modified-date\" >22. April 2026<\/span><\/span><\/span><\/div><\/div><br \/>\n\n<style type=\"text\/css\" data-created_by=\"avia_inline_auto\" id=\"style-css-av-1l3ru18-35ff8c02bfbaf158e187220e3571c7be\">\n#top .av_textblock_section.av-1l3ru18-35ff8c02bfbaf158e187220e3571c7be .avia_textblock{\nfont-size:20px;\n}\n<\/style>\n<section  class='av_textblock_section av-1l3ru18-35ff8c02bfbaf158e187220e3571c7be '  ><div class='avia_textblock' ><p>Keine Frage: Sie sind zu jedem Zeitpunkt f\u00fcr die Kinder in Ihrer Einrichtung verantwortlich, da Sie Ihrer Aufsichtspflicht nachkommen m\u00fcssen. Und das ist bei einem Haufen abenteuerlustiger, bewegungsfreudiger Kinder manchmal gar nicht so einfach. Unf\u00e4lle passieren hin und wieder, auch ohne Ihr Verschulden.<\/p>\n<\/div><\/section><br \/>\n\n<style type=\"text\/css\" data-created_by=\"avia_inline_auto\" id=\"style-css-av-1jqb53g-0e27d0b3c65f1b00e93db02cc8122527\">\n.avia-image-container.av-1jqb53g-0e27d0b3c65f1b00e93db02cc8122527 img.avia_image{\nbox-shadow:none;\n}\n.avia-image-container.av-1jqb53g-0e27d0b3c65f1b00e93db02cc8122527 .av-image-caption-overlay-center{\ncolor:#ffffff;\n}\n<\/style>\n<div  class='avia-image-container av-1jqb53g-0e27d0b3c65f1b00e93db02cc8122527 av-styling- avia-align-center  avia-builder-el-5  el_after_av_textblock  el_before_av_hr '  ><div class=\"avia-image-container-inner\"><div class=\"avia-image-overlay-wrap\"><img decoding=\"async\" fetchpriority=\"high\" class='wp-image-11980 avia-img-lazy-loading-not-11980 avia_image ' src=\"https:\/\/www.backwinkel.de\/blog\/wp-content\/uploads\/2023\/08\/backwinkel-blog-Aufsichtspflicht_im_kindergarten-heroimage.jpg\" alt='' title='backwinkel-blog-Aufsichtspflicht_im_kindergarten-heroimage'  height=\"628\" width=\"1200\"  \/><\/div><\/div><\/div><br \/>\n\n<style type=\"text\/css\" data-created_by=\"avia_inline_auto\" id=\"style-css-av-1ihdk2k-490466749631930779e0c398aab49f79\">\n#top .hr.hr-invisible.av-1ihdk2k-490466749631930779e0c398aab49f79{\nheight:5px;\n}\n<\/style>\n<div  class='hr av-1ihdk2k-490466749631930779e0c398aab49f79 hr-invisible  avia-builder-el-6  el_after_av_image  el_before_av_textblock '><span class='hr-inner '><span class=\"hr-inner-style\"><\/span><\/span><\/div><br \/>\n\n<style type=\"text\/css\" data-created_by=\"avia_inline_auto\" id=\"style-css-av-1fib6cs-3d25d3b933bbfa346d8df9005c3c214e\">\n#top .av_textblock_section.av-1fib6cs-3d25d3b933bbfa346d8df9005c3c214e .avia_textblock{\nfont-size:10px;\n}\n<\/style>\n<section  class='av_textblock_section av-1fib6cs-3d25d3b933bbfa346d8df9005c3c214e '  ><div class='avia_textblock' ><p class=\"bildnennung-beitrag\" style=\"text-align: left;\">\u00a9 ADOBE Stock<\/p>\n<\/div><\/section><br \/>\n\n<style type=\"text\/css\" data-created_by=\"avia_inline_auto\" id=\"style-css-av-1ec344s-876a649f5243c9280738f668f0aa8d8e\">\n#top .hr.hr-invisible.av-1ec344s-876a649f5243c9280738f668f0aa8d8e{\nheight:20px;\n}\n<\/style>\n<div  class='hr av-1ec344s-876a649f5243c9280738f668f0aa8d8e hr-invisible  avia-builder-el-8  el_after_av_textblock  el_before_av_textblock '><span class='hr-inner '><span class=\"hr-inner-style\"><\/span><\/span><\/div><br \/>\n\n<style type=\"text\/css\" data-created_by=\"avia_inline_auto\" id=\"style-css-av-1czjn6k-7dbedcbfbffba5ae585714638369d934\">\n#top .av_textblock_section.av-1czjn6k-7dbedcbfbffba5ae585714638369d934 .avia_textblock{\nfont-size:20px;\n}\n<\/style>\n<section  class='av_textblock_section av-1czjn6k-7dbedcbfbffba5ae585714638369d934 '  ><div class='avia_textblock' ><p>In diesem Beitrag erfahren Sie, wo die Aufsichtspflicht beginnt und endet und wie Sie Ihrer Aufsichtspflicht durch ein wenig Vorbereitung bestm\u00f6glich nachkommen.<\/p>\n<\/div><\/section><\/p><\/div>\n<style type=\"text\/css\" data-created_by=\"avia_inline_auto\" id=\"style-css-av-1buht0s-f8ce17d1f3484a85efdf5f8e34e84ab3\">\n.flex_column.av-1buht0s-f8ce17d1f3484a85efdf5f8e34e84ab3{\nborder-radius:0px 0px 0px 0px;\npadding:20px 20px 20px 20px;\nbackground-color:#f2f2f2;\n}\n<\/style>\n<div  class='flex_column av-1buht0s-f8ce17d1f3484a85efdf5f8e34e84ab3 av_three_fifth  avia-builder-el-10  el_after_av_one_full  el_before_av_two_fifth  first flex_column_div  column-top-margin'     ><style type=\"text\/css\" data-created_by=\"avia_inline_auto\" id=\"style-css-av-18u84nw-c23769b7197ef8c52c74b2b6205379af\">\n#top .av_textblock_section.av-18u84nw-c23769b7197ef8c52c74b2b6205379af .avia_textblock{\nfont-size:14px;\n}\n<\/style>\n<section  class='av_textblock_section av-18u84nw-c23769b7197ef8c52c74b2b6205379af '  ><div class='avia_textblock' ><p><strong>Inhalt<\/strong><br \/>\n<strong><a href=\"#1\">1. Die Definition von Aufsichtspflicht<\/a><\/strong><\/p>\n<p><strong><a href=\"#2\">2. Die Aufsichtspflicht im Kindergartenalltag <\/a><br \/>\n<\/strong>2.1. Inhalte der Aufsichtspflicht<br \/>\n2.2. Dauer der Aufsichtspflicht<br \/>\n2.3. Kriterien zur Einsch\u00e4tzung der Gefahrenlage<br \/>\n2.4. Wer ist im Kindergarten aufsichtsberechtigt?<br \/>\n2.5. Aufsichtspflicht vs. Selbstst\u00e4ndigkeit<br \/>\n2.6. Aufsichtspflicht vs. Zumutbarkeit<\/p>\n<p><strong><a href=\"#3\">3. 7 Praktische Tipps zur Aufsichtspflicht<\/a><\/strong><\/p>\n<\/div><\/section><\/div><\/p>\n\n<style type=\"text\/css\" data-created_by=\"avia_inline_auto\" id=\"style-css-av-179bqdo-cb7f1c2bcdaac94125f51a0fc4936596\">\n.flex_column.av-179bqdo-cb7f1c2bcdaac94125f51a0fc4936596{\nborder-radius:0px 0px 0px 0px;\npadding:0 0 0 0;\n}\n<\/style>\n<div  class='flex_column av-179bqdo-cb7f1c2bcdaac94125f51a0fc4936596 av_two_fifth  avia-builder-el-12  el_after_av_three_fifth  el_before_av_sidebar  flex_column_div av-zero-column-padding  column-top-margin'     ><\/div>\n<div  class='avia-builder-widget-area clearfix  avia-builder-el-13  el_after_av_two_fifth  el_before_av_one_full '><div id=\"text-33\" class=\"widget clearfix widget_text\">\t\t\t<div class=\"textwidget\"><p><a href=\"https:\/\/www.backwinkel.de\/nachhaltig-denken\/\" target=\"\\_blank\" rel=\"noopener\"><br \/>\n<img decoding=\"async\" class=\"werbung-desktop alignnone wp-image-4186 size-full\" src=\"https:\/\/www.backwinkel.de\/blog\/wp-content\/uploads\/2026\/04\/Backwinkel-blog-werbebanner-shop-kita-schule_desktop.jpg\" alt=\"\" width=\"1251\" height=\"201\" \/><br \/>\n<\/a><br \/>\n<a href=\"https:\/\/www.backwinkel.de\/nachhaltig-denken\/\" target=\"\\_blank\" rel=\"noopener\"><br \/>\n<img decoding=\"async\" class=\"werbung-mobile alignnone wp-image-4187 size-full\" src=\"https:\/\/www.backwinkel.de\/blog\/wp-content\/uploads\/2026\/04\/Backwinkel-blog-werbebanner-shop-kiga-schule_mobile.jpg\" alt=\"\" width=\"550\" height=\"500\" \/><br \/>\n<\/a><\/p>\n<\/div>\n\t\t<\/div><\/div>\n\n<style type=\"text\/css\" data-created_by=\"avia_inline_auto\" id=\"style-css-av-4482e4-638c615ad0f31126baef29eeb1a51433\">\n.flex_column.av-4482e4-638c615ad0f31126baef29eeb1a51433{\nborder-radius:0px 0px 0px 0px;\npadding:0px 0px 0px 0px;\n}\n<\/style>\n<div  class='flex_column av-4482e4-638c615ad0f31126baef29eeb1a51433 av_one_full  avia-builder-el-14  el_after_av_sidebar  el_before_av_one_full  first flex_column_div av-zero-column-padding  '     ><section  class='av_textblock_section av-129m1fg-b72a93bde8aadaf020ee7e3d669f715c '  ><div class='avia_textblock' >\n<style type=\"text\/css\" data-created_by=\"avia_inline_auto\" id=\"style-css-av-vsv1ws-55b1f8105db867582b8b8f993762d668\">\n#top .hr.hr-invisible.av-vsv1ws-55b1f8105db867582b8b8f993762d668{\nheight:20px;\n}\n<\/style>\n<div  class='hr av-vsv1ws-55b1f8105db867582b8b8f993762d668 hr-invisible  avia-builder-el-16  avia-builder-el-no-sibling '><span class='hr-inner '><span class=\"hr-inner-style\"><\/span><\/span><\/div>\n<h2 id=\"1\" class=\"position\"><strong>Die Definition von Aufsichtspflicht <\/strong><\/h2>\n<p>Die Aufsichtspflicht betrifft drei Bereiche. Das Kind soll<\/p>\n<ol>\n<li><strong>unversehrt bleiben<\/strong>, d. h. sich nicht verletzen,<\/li>\n<li><strong>niemandem Schaden zuf\u00fcgen<\/strong>, z. B. durch Handgreiflichkeiten und<\/li>\n<li><strong>niemanden gef\u00e4hrden<\/strong>, z. B., indem es auf die Stra\u00dfe l\u00e4uft.<\/li>\n<\/ol>\n<p>Um diese Punkte zu gew\u00e4hrleisten, m\u00fcssen Sie Ihre Kinder nicht zwangsl\u00e4ufig zu jeder Sekunde im Auge behalten, doch Sie sollten wissen, wo die Kinder gerade sind und was sie tun.<\/p>\n<\/div><\/section><\/div>\n\n<style type=\"text\/css\" data-created_by=\"avia_inline_auto\" id=\"style-css-av-58tigu4-95629909cbbb600d1460f85a7385357f\">\n.flex_column.av-58tigu4-95629909cbbb600d1460f85a7385357f{\nborder-radius:0px 0px 0px 0px;\npadding:0px 0px 0px 0px;\n}\n<\/style>\n<div  class='flex_column av-58tigu4-95629909cbbb600d1460f85a7385357f av_one_full  avia-builder-el-17  el_after_av_one_full  el_before_av_one_full  first flex_column_div av-zero-column-padding  column-top-margin'     ><section  class='av_textblock_section av-likadwp3-091b55220755a03ad140da75f6987697 '  ><div class='avia_textblock' >\n<style type=\"text\/css\" data-created_by=\"avia_inline_auto\" id=\"style-css-av-5039vr0-fc931b1a710d3266d70408bab2ef42d8\">\n#top .hr.hr-invisible.av-5039vr0-fc931b1a710d3266d70408bab2ef42d8{\nheight:20px;\n}\n<\/style>\n<div  class='hr av-5039vr0-fc931b1a710d3266d70408bab2ef42d8 hr-invisible  avia-builder-el-19  avia-builder-el-no-sibling '><span class='hr-inner '><span class=\"hr-inner-style\"><\/span><\/span><\/div>\n<h2 id=\"2\" class=\"position\"><strong>Die Aufsichtspflicht im Kindergartenalltag <\/strong><\/h2>\n<p>Sie haben die Aufsichtspflicht f\u00fcr alle Kinder in Ihrer Einrichtung, also auch f\u00fcr Kinder anderer Gruppen und solche, die zur Probe da sind. Ein Sonderfall sind Besuchskinder, zumindest in der Theorie, denn f\u00fcr diese besteht kein Betreuungsvertrag. Praktisch macht das f\u00fcr Sie keinen Unterschied, da sich auch Besuchskinder in Ihrer Obhut befinden und Sie demnach f\u00fcr ihr Wohlergehen verantwortlich sind.<\/p>\n<p><strong>Inhalte der Aufsichtspflicht <\/strong><\/p>\n<p>Die Aufsichtspflicht setzt sich aus zwei Teilen zusammen:<\/p>\n<p>1. Informationspflicht<\/p>\n<p>Sie sind verpflichtet, sich \u00fcber alle Aspekte zu informieren, die Einfluss auf die Sicherheit Ihrer Kinder haben. Dazu geh\u00f6ren z. B.:<\/p>\n<ul>\n<li>chronische oder tempor\u00e4re <strong>Krankheiten und Einschr\u00e4nkungen<\/strong> der Kinder<\/li>\n<li><strong>Entwicklungsstand und F\u00e4higkeiten<\/strong> der Kinder<\/li>\n<li><strong>Risikofaktoren<\/strong> durch Umgebung oder T\u00e4tigkeit<\/li>\n<\/ul>\n<p>Weiterhin m\u00fcssen Sie die Kinder <strong>\u00fcber m\u00f6gliche Gefahren und richtige Verhaltensweisen informieren<\/strong>, z. B. beim Umgang mit einer Hei\u00dfklebepistole oder \u00dcberqueren einer Stra\u00dfe.<\/p>\n<p>2. Aufsichtsf\u00fchrung<\/p>\n<p>Dazu z\u00e4hlt, dass Sie \u00fcberpr\u00fcfen, ob alle Kinder die von Ihnen erkl\u00e4rten Regeln und Gefahrenhinweise verstanden haben. Au\u00dferdem m\u00fcssen Sie nat\u00fcrlich Ihrer Aufsichtspflicht aktiv nachkommen, indem Sie je nach Situation die Kinder im Blick haben, in ihrer N\u00e4he bleiben, ansprechbar f\u00fcr Fragen sind oder ihnen assistieren k\u00f6nnen.<\/p>\n<p><strong>Dauer der Aufsichtspflicht <\/strong><\/p>\n<p>Sobald Sie ein Kind von den Erziehungsberechtigten in Empfang nehmen, geht die Aufsichtspflicht auf Sie \u00fcber. Folglich endet sie, sobald das Kind von Eltern oder einer anderen abholungsberechtigten Person wieder abgeholt wird.<\/p>\n<p>Dazu z\u00e4hlt also nicht, wenn ein Elternteil sein Kind vor \u00d6ffnung des Kindergartens auf dem Gel\u00e4nde zur\u00fcckl\u00e4sst. Erst, wenn Sie als Erzieherin bzw. Erzieher Kenntnis von der Anwesenheit des Kindes haben, sind Sie aufsichtspflichtig.<\/p>\n<p><strong>Kriterien zur Einsch\u00e4tzung der Gefahrenlage <\/strong><\/p>\n<p>Keine Situation ist wie die andere. Das sehen auch Richter so, die F\u00e4lle von Verletzung der Aufsichtspflicht beurteilen m\u00fcssen. Daher erfolgt auch deren Einsch\u00e4tzung immer <strong>fallbezogen<\/strong>.<\/p>\n<p>Wichtig f\u00fcr die Einsch\u00e4tzung sind daher folgende 7 Kriterien:<\/p>\n<p>1. Alter und Entwicklungsstand des Kindes<\/p>\n<p><strong>J\u00fcngere Kinder ben\u00f6tigen eine engere Betreuung als \u00e4ltere<\/strong> \u2013 nicht nur, weil ihre kognitiven und motorischen F\u00e4higkeiten noch nicht mit denen eines sechsj\u00e4hrigen Kindes mithalten k\u00f6nnen, sondern auch, weil sie mit vielen Situationen noch nicht vertraut und auch keine \u201ealten Hasen\u201c innerhalb der Gruppe oder Einrichtung sind.<\/p>\n<p>2. Gef\u00e4hrlichkeit der Besch\u00e4ftigung<\/p>\n<p>Schneiden die Kinder Obst, m\u00fcssen Sie sie besser im Blick behalten und in der N\u00e4he bleiben, als wenn Sie alle gemeinsam fr\u00fchst\u00fccken. Das kann auch bedeuten, dass Sie <strong>mehr Aufsichtspersonal<\/strong> ben\u00f6tigen oder eine kleinere Gruppe ratsam ist, als es bei harmloseren Besch\u00e4ftigungen der Fall sein muss.<\/p>\n<p>3. Beschaffenheit der Umgebung<\/p>\n<p>Spielen Ihre Kinder im <strong>Au\u00dfengel\u00e4nde<\/strong>, rennen und toben, kann mehr passieren als im Stuhlkreis. Auch Ausfl\u00fcge in die <strong>Stadt<\/strong>, ins <strong>Schwimmbad<\/strong> oder in einen <strong>Kletterpark<\/strong> bringen ein h\u00f6heres Verletzungsrisiko mit sich und m\u00fcssen entsprechend beurteilt und vorbereitet werden.<\/p>\n<p>4. Individuelle Besonderheiten der Kinder<\/p>\n<p>Dazu z\u00e4hlen <strong>Allergien<\/strong>, <strong>Verhaltensauff\u00e4lligkeiten<\/strong>, <strong>Beeintr\u00e4chtigungen<\/strong> und <strong>Krankheiten<\/strong>, aber auch Faktoren wie <strong>Spannungen<\/strong> zwischen den Kindern. Wenn Sie gemeinsam einen Obstsalat schnippeln, mag z. B. nicht nur von den Messern eine Gefahr ausgehen, sondern auch von einzelnen Obstsorten, gegen die ein Kind allergisch ist.<\/p>\n<p>Wenn Sie wissen, dass sich zwei Kinder untereinander nicht gr\u00fcn sind und vielleicht sogar eines davon zu aggressivem Verhalten neigt, ist es nicht die beste Idee, beide als Team mit einer Hei\u00dfklebepistole arbeiten zu lassen.<\/p>\n<p>5. Personalsituation<\/p>\n<p>Haben Sie f\u00fcr die geplante Aktivit\u00e4t ausreichendes und auch kompetentes Personal oder verschieben Sie den Ausflug auf den Abenteuerspielplatz lieber, bis alle Kollegen wieder fit sind? F\u00fchlt sich der Praktikant schon sicher genug im Umgang mit den Kindern, um Sie vollwertig zu unterst\u00fctzen?<\/p>\n<p>6. Informieren der Kinder \u00fcber Risiken<\/p>\n<p>Auch dieser Aspekt ist wichtig, wenn Richter pr\u00fcfen, ob eine Verletzung der Aufsichtspflicht vorliegt. <strong>Erkl\u00e4ren<\/strong> Sie Ihren Kindern also immer <strong>verst\u00e4ndlich<\/strong> und <strong>ausf\u00fchrlich<\/strong>, welche Regeln sie beachten m\u00fcssen \u2013 und warum. Lassen Sie die Kinder anschlie\u00dfend die <strong>Regeln wiederholen<\/strong> und fragen Sie noch einmal nach, ob sie alles verstanden haben.<\/p>\n<p>7. Eingriffspflicht<\/p>\n<p>Besteht konkrete Gefahr, dass die Kinder sich oder andere gef\u00e4hrden, m\u00fcssen Sie eingreifen, z. B. durch Wegnahme eines Gegenstands (Schere, Schaufel usw.) oder Trennung zweier Raufbolde.<\/p>\n<h3><strong>Wer ist im Kindergarten aufsichtsberechtigt? <\/strong><\/h3>\n<p>Prinzipiell kann in der Kita jede Person die Aufsichtspflicht \u00fcbernehmen, die dort in irgendeiner Form arbeitet und als kompetent genug gilt. Das klingt nat\u00fcrlich erst einmal schwammig, und tats\u00e4chlich kommt es auch immer auf die Situation an. Daher an dieser Stelle einige Beispiele zur Veranschaulichung:<\/p>\n<p>1. Erziehende<\/p>\n<p><strong>Erziehende sind die Profis<\/strong> im Kindergartenalltag. Trotzdem kommt es nat\u00fcrlich auch hier auf die Situation an: Einer allein wird keine gr\u00f6\u00dfere Gruppe im Schwimmbad ausreichend beaufsichtigen k\u00f6nnen, und Erziehende mit einem k\u00f6rperlichen Handicap k\u00f6nnen u. U. nicht schnell genug reagieren, wenn die zu beaufsichtigenden Kinder \u00fcber eine gr\u00f6\u00dferes Gel\u00e4nde verstreut sind.<\/p>\n<p>2. Praktikanten<\/p>\n<p>Wahrscheinlich w\u00fcrden Sie nicht auf die Idee kommen, einen Ihrer Praktikanten an seinem ersten Tag mit einer Kindergartengruppe alleinzulassen, die sich auf einem Abenteuerspielplatz vergn\u00fcgt. Da \u00e4ndert es auch nichts, wenn der Praktikant eine <strong>umfassende Einweisung<\/strong> in die Prinzipien der Aufsichtspflicht bekommen hat.<\/p>\n<p>Ist der Praktikant aber schon seit einiger Zeit bei Ihnen und die Situation weder besonders risikoreich noch schlecht zu \u00fcberblicken, spricht nichts dagegen, wenn er die Aufsicht \u00fcber eine gr\u00f6\u00dfere Gruppe \u00fcbernimmt, die beispielsweise Bilder malt.<\/p>\n<p>3. Eltern<\/p>\n<p>Bei Festen, zu denen auch die Familie der Kinder eingeladen ist, sowie bei <strong>Ausfl\u00fcgen<\/strong> oder <strong>Fahrten<\/strong>, an denen auch Elternteile teilnehmen, haben <strong>Eltern<\/strong> die Aufsichtspflicht f\u00fcr (ihre) Kinder. Begleiten Vater oder Mutter Fahrten zu Ihrer Unterst\u00fctzung, muss den Elternteilen dieser Umstand klar sein! Auch bei einem <strong>Sommerfest<\/strong> mit vielen G\u00e4sten, bei dem es schnell un\u00fcbersichtlich werden kann, obliegt die Aufsichtspflicht <strong>nicht<\/strong> Ihnen.<\/p>\n<p>4. Sonderfall Hausmeister, Putzfrau, Nachbarn des Kindes<\/p>\n<p>Wird ein Kind nicht wie vereinbart von einem Familienmitglied abgeholt, bleibt das Kind erst einmal in Ihrer Obhut. Erreichen Sie die Eltern nicht, haben Sie verschiedene M\u00f6glichkeiten:<\/p>\n<ol>\n<li>Das Kind kann von weiteren Menschen, die im Kindergarten arbeiten, beaufsichtigt werden, sofern diese damit einverstanden sind. Nat\u00fcrlich obliegt es Ihnen, die Eignung der Personen zu beurteilen.<\/li>\n<li>Sie k\u00f6nnen das Kind einem Elternteil mitgeben, den das Kind kennt.<\/li>\n<li>Sie k\u00f6nnen das Kind mit zu sich nach Hause nehmen.<\/li>\n<li>Sie \u00fcbergeben das Kind einem seiner Nachbarn.<\/li>\n<\/ol>\n<p>In allen F\u00e4llen m\u00fcssen Sie eine <strong>Benachrichtigung<\/strong> <strong>f\u00fcr die Eltern<\/strong> in Ihrer Einrichtung zur\u00fccklassen. Au\u00dferdem d\u00fcrfen Sie <strong>das Kind nicht ohne die Beaufsichtigung eines Erwachsenen zur\u00fccklassen<\/strong>, beispielsweise vor seiner Wohnungst\u00fcr.<\/p>\n<\/div><\/section><\/div>\n\n<style type=\"text\/css\" data-created_by=\"avia_inline_auto\" id=\"style-css-av-2lm8pa2-fd5de6791485088f636da5bdb781e29c\">\n.flex_column.av-2lm8pa2-fd5de6791485088f636da5bdb781e29c{\nborder-radius:0px 0px 0px 0px;\npadding:0px 0px 0px 0px;\n}\n<\/style>\n<div  class='flex_column av-2lm8pa2-fd5de6791485088f636da5bdb781e29c av_one_full  avia-builder-el-20  el_after_av_one_full  el_before_av_one_full  first flex_column_div av-zero-column-padding  column-top-margin'     ><section  class='av_textblock_section av-ll6bfq1l-e4de8c612585c98276275a748ca43f31 '  ><div class='avia_textblock infoboxBlue' ><p><strong>Rechtliche Konsequenzen bei einer Verletzung der Aufsichtspflicht <\/strong><\/p>\n<p>Wenn ein Kind oder Dritte ernsthaft zu Schaden kommen, k\u00f6nnen <strong>straf- und zivilrechtliche Konsequenzen <\/strong>drohen \u2013 beispielsweise, wenn ein Kind ein Auto mit Steinen beworfen oder ein anderes Kind mit einer Schere (vors\u00e4tzlich) verletzt hat.<\/p>\n<p><strong>Arbeitsrechtliche Schritte<\/strong> k\u00f6nnen auch ohne entstandenen Schaden eingeleitet werden, sobald die Aufsichtspflicht verletzt wurde. Das hei\u00dft aber <strong>nicht<\/strong> im Umkehrschluss, dass jeder entstandene Schaden mit einer Aufsichtspflichtverletzung einhergeht. Ein Urteil aus dem Jahr 2006 hielt beispielsweise in einem Fall eines \u00fcber ein Spielzeug gestolpertes Kind fest, dass es \u201enicht f\u00fcr jedes Lebensrisiko einen Verantwortlichen\u201c gebe.<\/p>\n<p>Straf- und zivilrechtliche Folgen<\/p>\n<p>Die Beurteilung, ob eine Verletzung der Aufsichtspflicht vorliegt, erfolgt vor Gericht immer <strong>individuell<\/strong>. Es gibt nur sehr wenige F\u00e4lle, in denen Erziehenden eine drastische Strafe wie Haft droht.<\/p>\n<p>Die Verletzung der Aufsichtspflicht an sich ist nicht strafbar, wichtig sind die daraus resultierenden Konsequenzen. Verletzt sich das Kind oder ein Dritter schwer, wird meistens ermittelt, und die Staatsanwaltschaft muss Fahrl\u00e4ssigkeit oder Vorsatz nachweisen. \u201e<strong>Vorsatz<\/strong>\u201c bedeutet, dass Sie <strong>um die Gefahr wissen <\/strong>und den <strong>Schaden herbeif\u00fchren wollen <\/strong>\u2013 und davon gehen wie selbstredend nicht aus.<\/p>\n<p>Gesch\u00e4digte k\u00f6nnen auch zivilrechtlich aktiv werden, indem sie sich einen Anwalt nehmen. Hier muss der Erziehende nachweisen, dass er \/ sie <strong>nicht fahrl\u00e4ssig<\/strong> gehandelt hat, d. h., dass auch eine andere kompetente und erfahrene Fachkraft <strong>den entstandenen Schaden nicht h\u00e4tte abwenden k\u00f6nnen<\/strong>.<\/p>\n<p>Die <strong>gesetzliche Unfallversicherung<\/strong> kommt f\u00fcr Schmerzensgeld und Sach-, Personen- oder Verm\u00f6gensch\u00e4den auf. Auch die <strong>Betriebshaftpflichtversicherung<\/strong> des Tr\u00e4gers oder Erziehenden deckt diese Kosten ab, genauso wie die Gerichtskosten.<\/p>\n<p><strong>Arbeitsrechtliche Folgen <\/strong><\/p>\n<p>Wer seine Aufsichtspflicht verletzt, muss immer mit arbeitsrechtlichen Konsequenzen rechnen. Dazu geh\u00f6ren laut juraforum.de:<\/p>\n<ul>\n<li>Abmahnung<\/li>\n<li>Zur\u00fcckstellung von einer Bef\u00f6rderung<\/li>\n<li>Enthebung aus leitender Position<\/li>\n<li>K\u00fcndigung<\/li>\n<\/ul>\n<\/div><\/section><\/div>\n\n<style type=\"text\/css\" data-created_by=\"avia_inline_auto\" id=\"style-css-av-22g7b5m-f1f629ce9394c2966f4bb619a877c7f4\">\n.flex_column.av-22g7b5m-f1f629ce9394c2966f4bb619a877c7f4{\nborder-radius:0px 0px 0px 0px;\npadding:0px 0px 0px 0px;\n}\n<\/style>\n<div  class='flex_column av-22g7b5m-f1f629ce9394c2966f4bb619a877c7f4 av_one_full  avia-builder-el-22  el_after_av_one_full  el_before_av_one_full  first flex_column_div av-zero-column-padding  column-top-margin'     ><section  class='av_textblock_section av-ll6bgmqo-11055a06811d3fd3628cbd48dce4db9d '  ><div class='avia_textblock' ><p><strong>Aufsichtspflicht vs. Selbstst\u00e4ndigkeit <\/strong><\/p>\n<p>Um Ihre Kinder zu f\u00f6rdern, m\u00fcssen Sie sie bilden, erziehen und betreuen. Ziel ist die <strong>F\u00f6rderung der Selbstkompetenz<\/strong>, sodass die Kinder immer mehr <strong>Selbstst\u00e4ndigkeit<\/strong> erlagen, ihr <strong>Verantwortungsbewusstsein<\/strong> w\u00e4chst und sie immer mehr Situationen gefahrlos alleine meistern.<\/p>\n<p>Dazu geh\u00f6rt nat\u00fcrlich auch, dass sie Erfahrungen mit neuen und potenziell riskanten Sachverhalten machen. Erlauben Sie den Kindern niemals das Arbeiten mit einem Messer oder \u00fcberwachen Sie sie strikt und permanent, sodass sie sich <strong>nicht<\/strong> <strong>entfalten<\/strong>, ausprobieren oder neue Erfahrungen machen d\u00fcrfen, <strong>widerspricht<\/strong> das Ihrem <strong>F\u00f6rderauftrag<\/strong>. Kinder m\u00fcssen erleben, dass sie auch neue Situationen meistern k\u00f6nnen, denn nur so k\u00f6nnen sie sie einsch\u00e4tzen und an ihnen wachsen!<\/p>\n<p>Gleichzeitig haben Kinder einen <strong>hohen Bewegungsdrang<\/strong>. Wer rennt, springt, klettert, verletzt sich nun mal eher als jemand, der in der Puppenecke spielt. Trotzdem d\u00fcrfen Sie Ihre Kinder nicht in Watte packen oder sie in ihrer Entfaltung beschneiden, nur weil Sie Angst haben, dass etwas passiert. Aber das wissen Sie ja sowieso schon.<\/p>\n<p><strong>Aufsichtspflicht vs. Zumutbarkeit <\/strong><\/p>\n<p>Eine gute Nachricht an dieser Stelle, zumindest in der Theorie: Sie sind nicht unter allen Umst\u00e4nden f\u00fcr die Sicherheit Ihrer Kinder verantwortlich. Herrscht \u00fcber Wochen Personalmangel, sodass Sie mehrere Gruppen gleichzeitig beaufsichtigen m\u00fcssten, oder sind nach einem Sturm Dachziegel eines Geb\u00e4udes auf dem Kita-Gel\u00e4nde locker, muss Ihr Tr\u00e4ger f\u00fcr Abhilfe bzw. Sicherheit sorgen.<\/p>\n<\/div><\/section><\/div>\n\n<style type=\"text\/css\" data-created_by=\"avia_inline_auto\" id=\"style-css-av-1tyrxtm-eef6cc994c1b40c1d3e8745b6a546477\">\n.flex_column.av-1tyrxtm-eef6cc994c1b40c1d3e8745b6a546477{\nborder-radius:0px 0px 0px 0px;\npadding:0px 0px 0px 0px;\n}\n<\/style>\n<div  class='flex_column av-1tyrxtm-eef6cc994c1b40c1d3e8745b6a546477 av_one_full  avia-builder-el-24  el_after_av_one_full  el_before_av_one_full  first flex_column_div av-zero-column-padding  column-top-margin'     ><section  class='av_textblock_section av-ll6bh72x-d0f64ce644914d3377281c03d5b925f3 '  ><div class='avia_textblock infoboxGreen' ><p><strong>Was tun bei einem Unfall? <\/strong><\/p>\n<p>Niemand will es, doch ab und zu passiert es: Ein Kind verletzt sich. Hier also ein paar Tipps f\u00fcr den Ernstfall:<\/p>\n<p>1. Bewahren Sie Ruhe<\/p>\n<p>So behalten nicht nur Sie selbst einen k\u00fchlen Kopf, sondern beruhigen auch das verletzte Kind, das darauf vertraut, dass Sie alles im Griff haben.<\/p>\n<p>2. Leisten Sie Erste Hilfe<\/p>\n<p>Rufen Sie einen Kollegen zu Hilfe, der entweder Ma\u00dfnahmen ergreift, als Zeuge fungiert oder sich um die anderen Kinder in der N\u00e4he k\u00fcmmert. Verschaffen Sie sich einen \u00dcberblick \u00fcber die Situation:<\/p>\n<ul>\n<li>Ist das Kind bei Bewusstsein?<\/li>\n<li>Ist das Kind ruhig oder in Panik \/ unter Schock?<\/li>\n<li>Um welche Verletzung handelt es sich? Sind Knochen gebrochen, gibt es starke Blutungen?<\/li>\n<\/ul>\n<p>Anschlie\u00dfend leisten Sie Erste Hilfe und bitten im Zweifel nat\u00fcrlich auch immer Kollegen, einen Rettungswagen zu rufen.<\/p>\n<p>3. Holen Sie Hilfe<\/p>\n<p>Better safe than sorry: Wenn Sie das Gef\u00fchl haben, die Lage k\u00f6nnte ernster sein als vermutet, wenn Sie sich mit der Situation \u00fcberfordert f\u00fchlen oder der Zustand des Kindes sich verschlechtert, rufen Sie einen Krankenwagen.<\/p>\n<p>4. Informieren Sie die Erziehungsberechtigten<\/p>\n<p>Erziehungsberechtigte haben nicht nur Interesse daran, \u00fcber Unf\u00e4lle ihrer Kinder informiert zu werden, sondern auch ein Recht darauf. Gleichzeitig ist so gew\u00e4hrleistet, dass sie die Kinder im Anschluss beobachten k\u00f6nnen, um eine eventuelle Verschlechterung des Zustands festzustellen und auch richtig einordnen zu k\u00f6nnen, z. B. bei einer Gehirnersch\u00fctterung.<\/p>\n<p>5. F\u00fchren Sie ein Unfallprotokoll<\/p>\n<p>Halten Sie alle Eckpunkte des Unfalls fest. So behalten Sie den \u00dcberblick und k\u00f6nnen den Vorfall au\u00dferdem belegen, wenn es zu rechtlichen Schritten kommen sollte. Daf\u00fcr k\u00f6nnen Sie eine Akte mit vorgefertigten Unfallprotokollen anlegen oder ein Unfallbuch f\u00fchren. Wichtig sind folgende Informationen:<\/p>\n<ul>\n<li><strong>Wann<\/strong> ist es passiert?<\/li>\n<li><strong>Wer<\/strong> ist zu Schaden gekommen?<\/li>\n<li><strong>Was<\/strong> ist passiert?<\/li>\n<li><strong>Wo<\/strong> ist es geschehen?<\/li>\n<li><strong>Wie<\/strong> genau ist es passiert?<\/li>\n<li><strong>Welche Verletzungen<\/strong> sind entstanden?<\/li>\n<li><strong>Wer<\/strong> hat geholfen \/ behandelt?<\/li>\n<li><strong>Welche Ma\u00dfnahmen<\/strong> wurden ergriffen?<\/li>\n<\/ul>\n<p>\u2022 <strong>Welche Zeugen<\/strong> waren eventuell anwesend?<\/p>\n<\/div><\/section><\/div>\n\n<style type=\"text\/css\" data-created_by=\"avia_inline_auto\" id=\"style-css-av-18s1iqi-f64cb1208e5bf18e7c482877d97a0945\">\n.flex_column.av-18s1iqi-f64cb1208e5bf18e7c482877d97a0945{\nborder-radius:0px 0px 0px 0px;\npadding:0px 0px 0px 0px;\n}\n<\/style>\n<div  class='flex_column av-18s1iqi-f64cb1208e5bf18e7c482877d97a0945 av_one_full  avia-builder-el-26  el_after_av_one_full  el_before_av_one_third  first flex_column_div av-zero-column-padding  column-top-margin'     ><section  class='av_textblock_section av-ll6bi8w2-7092fe5b26b3db121d2d161c58167143 '  ><div class='avia_textblock' >\n<style type=\"text\/css\" data-created_by=\"avia_inline_auto\" id=\"style-css-av-jkc1ui-69024e0751ad33a7888901127abdb679\">\n#top .hr.hr-invisible.av-jkc1ui-69024e0751ad33a7888901127abdb679{\nheight:20px;\n}\n<\/style>\n<div  class='hr av-jkc1ui-69024e0751ad33a7888901127abdb679 hr-invisible  avia-builder-el-28  avia-builder-el-no-sibling '><span class='hr-inner '><span class=\"hr-inner-style\"><\/span><\/span><\/div>\n<h2 id=\"3\" class=\"position\"><strong>7 Praktische Tipps zur Aufsichtspflicht <\/strong><\/h2>\n<p>Abschlie\u00dfend noch einige simple Tipps, anhand derer Sie Ihrer Aufsichtspflicht spielend nachkommen:<\/p>\n<p>1. Tauschen Sie sich mit Kolleginnen und Kollegen aus<\/p>\n<p>Gemeinsam sind Sie st\u00e4rker und schlauer: Besprechen Sie sowohl individuelle <strong>Besch\u00e4ftigungsangebote<\/strong> als auch <strong>Gruppenzusammensetzungen<\/strong> und <strong>Personalverf\u00fcgbarkeit<\/strong> gemeinsam. Wichtig ist nat\u00fcrlich auch, dass neue Mitarbeiter oder Praktikanten immer \u00fcber m\u00f6gliche Risiken und ihren Umgang damit informiert werden.<\/p>\n<p>2. Machen Sie sich ein Bild von Ihren Kindern<\/p>\n<p>Je besser Sie Ihre Kinder kennen, umso besser k\u00f6nnen Sie sie, ihr Verhalten und ihre Beziehungen untereinander einsch\u00e4tzen. Dazu z\u00e4hlt auch die <strong>Tagesform<\/strong>: Sind montags einige Kinder unruhig, unkonzentriert oder aggressiv, sollten Sie T\u00e4tigkeiten mit erh\u00f6htem Unfallrisiko f\u00fcr einen anderen Wochentag planen.<\/p>\n<p>3. Stellen Sie Regeln auf<\/p>\n<p><strong>Regeln<\/strong> schaffen immer einen sicheren Rahmen. Besprechen Sie Regeln f\u00fcr bestimmte Situationen mit Ihren Kindern \u2013 vielleicht brainstormen Sie sogar gemeinsam, welche Regeln erforderlich sein k\u00f6nnten. Stellen Sie anschlie\u00dfend sicher, dass alle Kinder die Regeln verstehen und nachvollziehen k\u00f6nnen.<\/p>\n<p>4. Beziehen Sie die Erziehungsberechtigten ein<\/p>\n<p><strong>Informieren Sie die Erziehungsberechtigten<\/strong> \u00fcber geplante Angebote und bestehende Regeln. So sind diese nicht nur im Bilde, sondern ziehen auch gemeinsam mit Ihnen an einem Strang, wenn es z. B. um die Einhaltung bestimmter Regeln geht.<\/p>\n<p>5. Bleiben Sie informiert<\/p>\n<p>War ein Kind am Wochenende <strong>krank<\/strong> oder ist allgemein nicht fit? Hat ein Kind in letzter Zeit etwas Schlimmes erlebt oder verh\u00e4lt sich anders als sonst? Gibt es <strong>bestehende Konflikte<\/strong> zwischen einzelnen Kindern oder \u00c4ngste einzelner bei bestimmten T\u00e4tigkeiten?<\/p>\n<p>Fragen Sie nach und sprechen Sie ggf. mit Kollegen und Eltern. Umso besser k\u00f6nnen Sie einsch\u00e4tzen, was Sie Ihren Kindern wann und wie zutrauen k\u00f6nnen.<\/p>\n<p>6. Reagieren Sie flexibel<\/p>\n<p>Der Kollege ist krank, obwohl Sie einen Ausflug geplant haben? Bitten Sie doch Erziehungsberechtigte, Sie zu begleiten, oder verschieben Sie den Ausflug. Das Wetter ist toll und Sie wollten drau\u00dfen einen Matschspielplatz aufbauen, doch in der N\u00e4he wurde Rattengift gefunden? Weichen Sie auf den Innenraum aus und matschen Sie wann anders. Die Praktikantin traut sich doch nicht zu, Sie ins Schwimmbad zu begleiten? Suchen Sie Verst\u00e4rkung und bitten Sie die Praktikantin, zuk\u00fcnftig transparent und rechtzeitig zu kommunizieren.<\/p>\n<p><strong>Fr\u00fchzeitige Planung<\/strong> und ein <strong>Plan B <\/strong>bewahren Sie au\u00dferdem davor, allzu flexibel und spontan reagieren und Ihre Kinder entt\u00e4uschen zu m\u00fcssen.<\/p>\n<p>7. Bewahren Sie sich Ihre Gelassenheit<\/p>\n<p>Erinnern Sie sich an Ihre eigene Kindheit: Wie oft hatten Sie <strong>kleine Verletzungen und Unf\u00e4lle<\/strong>, wie oft ist immer irgendwie alles gutgegangen? Es ist normal, dass Kinder hinfallen, sich wehtun, ausprobieren, \u00fcber- oder falsch einsch\u00e4tzen und diese Erfahrungen m\u00fcssen sie auch machen, um zu lernen und zu wachsen.<\/p>\n<p>Vielleicht passt an dieser Stelle ein anonymes Zitat, nat\u00fcrlich mit einem kleinen Zwinkern: \u201eWenn das Kind keine Grasflecken an der Hose hat, hat es nicht gespielt.\u201c<\/p>\n<\/div><\/section><\/div>\n<div class='flex_column_table av-76hadzw-6da70b83d9319c3ab55346eee47dc249 sc-av_one_third av-equal-height-column-flextable'>\n<style type=\"text\/css\" data-created_by=\"avia_inline_auto\" id=\"style-css-av-76hadzw-6da70b83d9319c3ab55346eee47dc249\">\n.flex_column.av-76hadzw-6da70b83d9319c3ab55346eee47dc249{\nborder-width:1px;\nborder-color:#ebebeb;\nborder-style:solid;\nborder-radius:0px 0px 0px 0px;\npadding:10px 10px 10px 10px;\n}\n<\/style>\n<div  class='flex_column av-76hadzw-6da70b83d9319c3ab55346eee47dc249 av_one_third  avia-builder-el-29  el_after_av_one_full  el_before_av_one_third  first flex_column_table_cell av-equal-height-column av-align-top  column-top-margin'     ><p><section  class='av_textblock_section av-nmoe2k-460ab511313350537b20305e02d1844c '  ><div class='avia_textblock' ><p><img decoding=\"async\" class=\"alignnone wp-image-11976 \" src=\"https:\/\/blog.backwinkel.de\/wp-content\/uploads\/2023\/08\/55310_matschkueche-image.jpeg\" alt=\"\" width=\"581\" height=\"581\" srcset=\"https:\/\/www.backwinkel.de\/blog\/wp-content\/uploads\/2023\/08\/55310_matschkueche-image.jpeg 700w, https:\/\/www.backwinkel.de\/blog\/wp-content\/uploads\/2023\/08\/55310_matschkueche-image-36x36.jpeg 36w, https:\/\/www.backwinkel.de\/blog\/wp-content\/uploads\/2023\/08\/55310_matschkueche-image-180x180.jpeg 180w\" sizes=\"(max-width: 581px) 100vw, 581px\" \/><\/p>\n<p style=\"font-size: 20px; font-family: urw_grotesk_extra_narrowrg; text-align: left;\">Matschk\u00fcche<\/p>\n<p style=\"text-align: left;\"><div  class='avia-button-wrap av-66y8v3w-9f03459a86562e61481b0fc13c5fa5e7-wrap avia-button-center  avia-builder-el-31  avia-builder-el-no-sibling '><a href='https:\/\/www.backwinkel.de\/prod\/matschkueche.html'  class='avia-button av-66y8v3w-9f03459a86562e61481b0fc13c5fa5e7 av-link-btn avia-icon_select-no avia-size-medium avia-position-center avia-color-theme-color'  target=\"_blank\"  rel=\"noopener noreferrer\"  aria-label=\"zum Produkt\"><span class='avia_iconbox_title' >zum Produkt<\/span><\/a><\/div><\/p>\n<\/div><\/section><br \/>\n\n<style type=\"text\/css\" data-created_by=\"avia_inline_auto\" id=\"style-css-av-5wzewt8-92e16421057a8d77420609fc0d757192\">\n#top .hr.hr-invisible.av-5wzewt8-92e16421057a8d77420609fc0d757192{\nheight:20px;\n}\n<\/style>\n<div  class='hr av-5wzewt8-92e16421057a8d77420609fc0d757192 hr-invisible  avia-builder-el-32  el_after_av_textblock  avia-builder-el-last '><span class='hr-inner '><span class=\"hr-inner-style\"><\/span><\/span><\/div><\/p><\/div>\n<div class='av-flex-placeholder'><\/div>\n<style type=\"text\/css\" data-created_by=\"avia_inline_auto\" id=\"style-css-av-5ffs54s-e30d591f3ecc600881a0aca069f5e502\">\n.flex_column.av-5ffs54s-e30d591f3ecc600881a0aca069f5e502{\nborder-width:1px;\nborder-color:#ebebeb;\nborder-style:solid;\nborder-radius:0px 0px 0px 0px;\npadding:10px 10px 10px 10px;\n}\n<\/style>\n<div  class='flex_column av-5ffs54s-e30d591f3ecc600881a0aca069f5e502 av_one_third  avia-builder-el-33  el_after_av_one_third  el_before_av_one_third  flex_column_table_cell av-equal-height-column av-align-top  column-top-margin'     ><p><section  class='av_textblock_section av-4t13xlo-54f0dc2272524b77f968d8d514c38b28 '  ><div class='avia_textblock' ><p><img decoding=\"async\" class=\"alignnone wp-image-11977 \" src=\"https:\/\/blog.backwinkel.de\/wp-content\/uploads\/2023\/08\/45955_kinder-taxi1.jpeg\" alt=\"\" width=\"622\" height=\"622\" srcset=\"https:\/\/www.backwinkel.de\/blog\/wp-content\/uploads\/2023\/08\/45955_kinder-taxi1.jpeg 700w, https:\/\/www.backwinkel.de\/blog\/wp-content\/uploads\/2023\/08\/45955_kinder-taxi1-36x36.jpeg 36w, https:\/\/www.backwinkel.de\/blog\/wp-content\/uploads\/2023\/08\/45955_kinder-taxi1-180x180.jpeg 180w\" sizes=\"(max-width: 622px) 100vw, 622px\" \/><\/p>\n<p style=\"font-size: 20px; font-family: urw_grotesk_extra_narrowrg; text-align: left;\">TopTrike Kinder-Taxi<\/p>\n<p style=\"text-align: left;\"><div  class='avia-button-wrap av-4fcbg70-4cfca91d6e4d8eea6ee38ccefd88fb5c-wrap avia-button-center  avia-builder-el-35  avia-builder-el-no-sibling '><a href='https:\/\/www.backwinkel.de\/prod\/toptrike-kinder-taxi.html'  class='avia-button av-4fcbg70-4cfca91d6e4d8eea6ee38ccefd88fb5c av-link-btn avia-icon_select-no avia-size-medium avia-position-center avia-color-theme-color'  target=\"_blank\"  rel=\"noopener noreferrer\"  aria-label=\"zum Produkt\"><span class='avia_iconbox_title' >zum Produkt<\/span><\/a><\/div><\/p>\n<\/div><\/section><br \/>\n\n<style type=\"text\/css\" data-created_by=\"avia_inline_auto\" id=\"style-css-av-43bs17g-48927aec0315f69a293a735b045a5fbb\">\n#top .hr.hr-invisible.av-43bs17g-48927aec0315f69a293a735b045a5fbb{\nheight:20px;\n}\n<\/style>\n<div  class='hr av-43bs17g-48927aec0315f69a293a735b045a5fbb hr-invisible  avia-builder-el-36  el_after_av_textblock  avia-builder-el-last '><span class='hr-inner '><span class=\"hr-inner-style\"><\/span><\/span><\/div><\/p><\/div>\n<div class='av-flex-placeholder'><\/div>\n<style type=\"text\/css\" data-created_by=\"avia_inline_auto\" id=\"style-css-av-3grv7jw-6d4f2f0d6c510073ad824791a5e8f971\">\n.flex_column.av-3grv7jw-6d4f2f0d6c510073ad824791a5e8f971{\nborder-width:1px;\nborder-color:#ebebeb;\nborder-style:solid;\nborder-radius:0px 0px 0px 0px;\npadding:10px 10px 10px 10px;\n}\n<\/style>\n<div  class='flex_column av-3grv7jw-6d4f2f0d6c510073ad824791a5e8f971 av_one_third  avia-builder-el-37  el_after_av_one_third  el_before_av_hr  flex_column_table_cell av-equal-height-column av-align-top  column-top-margin'     ><p><section  class='av_textblock_section av-36p1ni4-35ef68d5d372b7942808b6f2d82fcf88 '  ><div class='avia_textblock' ><p><img decoding=\"async\" class=\"alignnone wp-image-11978 \" src=\"https:\/\/blog.backwinkel.de\/wp-content\/uploads\/2023\/08\/71286_e-turtle-kinderbus_b.jpeg\" alt=\"\" width=\"614\" height=\"614\" srcset=\"https:\/\/www.backwinkel.de\/blog\/wp-content\/uploads\/2023\/08\/71286_e-turtle-kinderbus_b.jpeg 700w, https:\/\/www.backwinkel.de\/blog\/wp-content\/uploads\/2023\/08\/71286_e-turtle-kinderbus_b-36x36.jpeg 36w, https:\/\/www.backwinkel.de\/blog\/wp-content\/uploads\/2023\/08\/71286_e-turtle-kinderbus_b-180x180.jpeg 180w\" sizes=\"(max-width: 614px) 100vw, 614px\" \/><\/p>\n<p style=\"font-size: 20px; font-family: urw_grotesk_extra_narrowrg; text-align: left;\">Kinderbus mit Elektromotor<\/p>\n<p style=\"text-align: left;\"><div  class='avia-button-wrap av-8t5uvw-a3ed3b4a8119649af29076b32a112fa4-wrap avia-button-center  avia-builder-el-39  avia-builder-el-no-sibling '><a href='https:\/\/www.backwinkel.de\/prod\/winther-e-turtle-kinderbus-6-sitzer.html'  class='avia-button av-8t5uvw-a3ed3b4a8119649af29076b32a112fa4 av-link-btn avia-icon_select-no avia-size-medium avia-position-center avia-color-theme-color'  target=\"_blank\"  rel=\"noopener noreferrer\"  aria-label=\"zum Produkt\"><span class='avia_iconbox_title' >zum Produkt<\/span><\/a><\/div><\/p>\n<\/div><\/section><br \/>\n\n<style type=\"text\/css\" data-created_by=\"avia_inline_auto\" id=\"style-css-av-26so0nw-1bacdfcc259cc0830e957529109312d4\">\n#top .hr.hr-invisible.av-26so0nw-1bacdfcc259cc0830e957529109312d4{\nheight:20px;\n}\n<\/style>\n<div  class='hr av-26so0nw-1bacdfcc259cc0830e957529109312d4 hr-invisible  avia-builder-el-40  el_after_av_textblock  avia-builder-el-last '><span class='hr-inner '><span class=\"hr-inner-style\"><\/span><\/span><\/div><\/p><\/div><\/div><!--close column table wrapper. Autoclose: 1 -->\n\n<style type=\"text\/css\" data-created_by=\"avia_inline_auto\" id=\"style-css-av-kz7pcc-998c523973ce04bd41c056e7ad17fd36\">\n#top .hr.av-kz7pcc-998c523973ce04bd41c056e7ad17fd36{\nmargin-top:10px;\nmargin-bottom:10px;\n}\n.hr.av-kz7pcc-998c523973ce04bd41c056e7ad17fd36 .hr-inner{\nwidth:500;\n}\n<\/style>\n<div  class='hr av-kz7pcc-998c523973ce04bd41c056e7ad17fd36 hr-custom  avia-builder-el-41  el_after_av_one_third  el_before_av_one_full  hr-left hr-icon-no'><span class='hr-inner inner-border-av-border-none'><span class=\"hr-inner-style\"><\/span><\/span><\/div>\n\n<style type=\"text\/css\" data-created_by=\"avia_inline_auto\" id=\"style-css-av-3tembw-a1c4b21fc3f6f2fd3d0d32482ae74cc6\">\n.flex_column.av-3tembw-a1c4b21fc3f6f2fd3d0d32482ae74cc6{\nborder-radius:0px 0px 0px 0px;\npadding:10px 10px 10px 10px;\nbackground-color:#f2f2f2;\n}\n<\/style>\n<div  class='flex_column av-3tembw-a1c4b21fc3f6f2fd3d0d32482ae74cc6 av_one_full  avia-builder-el-42  el_after_av_hr  el_before_av_one_full  first flex_column_div  '     ><section  class='av_textblock_section av-2hcanw-354275dfda09aacb13c8894d92e606ed '  ><div class='avia_textblock' ><p class=\"fussnoten-quellen\"><strong>Lesestoff:<\/strong><\/p>\n<p><span style=\"font-size: 14pt;\">Bei Unf\u00e4llen in der Kita richtig handeln und den Hergang dokumentieren: \u00a0<\/span><br \/>\n<span style=\"font-size: 14pt;\"><a href=\"https:\/\/www.erzieherin-ausbildung.de\/praxis\/fachpraktische-hilfe-leitfaeden\/bei-unfaellen-der-kita-richtig-handeln-und-den-hergang\" target=\"_blank\" rel=\"noopener\">https:\/\/www.erzieherin-ausbildung.de\/praxis\/fachpraktische-hilfe-leitfaeden\/bei-unfaellen-der-kita-richtig-handeln-und-den-hergang<\/a><br \/>\n<\/span><\/p>\n<p><span style=\"font-size: 14pt;\">Regeln im Kindergarten \u2013 Wichtig oder zu viel Konfliktpotential?:<br \/>\n<a href=\"https:\/\/www.erzieherin-ausbildung.de\/praxis\/fachpraktische-hilfe\/regeln-im-kindergarten-wichtig-oder-zu-viel-konfliktpotential\" target=\"_blank\" rel=\"noopener\">https:\/\/www.erzieherin-ausbildung.de\/praxis\/fachpraktische-hilfe\/regeln-im-kindergarten-wichtig-oder-zu-viel-konfliktpotential<\/a><br \/>\n<\/span><\/p>\n<p><span style=\"font-size: 14pt;\">Was ist Aufsichtspflicht im Kindergarten und wer hat die Aufsichtspflicht?:<br \/>\n<a href=\"https:\/\/www.erzieherin-ausbildung.de\/praxis\/fachpraktische-hilfe\/die-aufsichtspflicht-kitas-aus-rechtlicher-und-paedagogischer\" target=\"_blank\" rel=\"noopener\">https:\/\/www.erzieherin-ausbildung.de\/praxis\/fachpraktische-hilfe\/die-aufsichtspflicht-kitas-aus-rechtlicher-und-paedagogischer<\/a><\/span><\/p>\n<p><span style=\"font-size: 14pt;\">Fritz, Dagmar: Wenn im Kindergarten was passiert:<br \/>\n<a href=\"https:\/\/www.eltern.de\/kleinkind\/kinderbetreuung\/aufsichtspflicht-kindergarten.html\" target=\"_blank\" rel=\"noopener\">https:\/\/www.eltern.de\/kleinkind\/kinderbetreuung\/aufsichtspflicht-kindergarten.html<\/a><\/span><\/p>\n<p><span style=\"font-size: 14pt;\">Gesetzliche Regelung der Aufsichtspflicht der Erzieher im Kindergarten erkl\u00e4rt mit Beispielen, 17.08.2022:<br \/>\n<a href=\"https:\/\/www.juraforum.de\/lexikon\/aufsichtspflicht-kindergarten\" target=\"_blank\" rel=\"noopener\">https:\/\/www.juraforum.de\/lexikon\/aufsichtspflicht-kindergarten<\/a><\/span><\/p>\n<p><span style=\"font-size: 14pt;\">Aufsichtspflicht \u2013 Bildungsauftrag der Tageseinrichtung f\u00fcr Kinder:<br \/>\n<a href=\"https:\/\/www.sichere-kita.de\/leitung\/aufsicht\/aufsichtspflicht\" target=\"_blank\" rel=\"noopener\">https:\/\/www.sichere-kita.de\/leitung\/aufsicht\/aufsichtspflicht<\/a><\/span><\/p>\n<p><span style=\"font-size: 14pt;\">Textor, Martin R.: In jedem Fall verantwortlich? Zur Aufsichtspflicht in der Kita und im Kindergarten, Aus: Kindergarten heute 1998, 28, Heft 4, S. 32 \u2013 36 (urspr\u00fcngliche Fassung):<br \/>\n<a href=\"https:\/\/www.kindergartenpaedagogik.de\/fachartikel\/recht\/22\/\" target=\"_blank\" rel=\"noopener\">https:\/\/www.kindergartenpaedagogik.de\/fachartikel\/recht\/22\/<\/a><\/span><\/p>\n<\/div><\/section><\/div>\n\n<style type=\"text\/css\" data-created_by=\"avia_inline_auto\" id=\"style-css-av-fqckto-d5350d06c16b17286c5e2ae288dcdba2\">\n.flex_column.av-fqckto-d5350d06c16b17286c5e2ae288dcdba2{\nborder-radius:0px 0px 0px 0px;\npadding:10px 10px 10px 10px;\n}\n<\/style>\n<div  class='flex_column av-fqckto-d5350d06c16b17286c5e2ae288dcdba2 av_one_full  avia-builder-el-44  el_after_av_one_full  el_before_av_one_full  first flex_column_div  column-top-margin'     ><section  class='av_textblock_section av-dh1mgc-1f1cdce34e8e6e00b3fada23e5365d1b '  ><div class='avia_textblock' ><p class=\"copyright\"><strong>\u00a9 Copyright \u2013 Urheberrechtshinweis<\/strong><br \/>\nAlle Inhalte auf www.backwinkel.de sowie www.backwinkel.de\/blog, insbesondere Texte, Fotografien und Grafiken, sind urheberrechtlich gesch\u00fctzt.<br \/>\nDas Urheberrecht liegt, soweit nicht ausdr\u00fccklich anders gekennzeichnet, bei der BACKWINKEL GmbH. Bitte fragen Sie uns, falls Sie die Inhalte dieses Internetangebotes verwenden m\u00f6chten.<br \/>\nWer gegen das Urheberrecht verst\u00f6\u00dft (z. B. Bilder oder Texte unerlaubt kopiert), macht sich gem. \u00a7\u00a7 106 ff UrhG strafbar, wird zudem kostenpflichtig abgemahnt und muss Schadensersatz leisten (\u00a7 97 UrhG).<\/p>\n<\/div><\/section><\/div>\n\n<style type=\"text\/css\" data-created_by=\"avia_inline_auto\" id=\"style-css-av-d5co4s-aedf4c432807ac740642c7127dd938f9\">\n.flex_column.av-d5co4s-aedf4c432807ac740642c7127dd938f9{\nborder-radius:0px 0px 0px 0px;\npadding:0px 0px 0px 0px;\n}\n<\/style>\n<div  class='flex_column av-d5co4s-aedf4c432807ac740642c7127dd938f9 av_one_full  avia-builder-el-46  el_after_av_one_full  el_before_av_one_full  first flex_column_div av-zero-column-padding  column-top-margin'     ><section  class='av_textblock_section av-a97ba4-7dd40c09d190f5324e4111b3d971dd4a '  ><div class='avia_textblock' ><div class=\"shariff shariff-align-left shariff-widget-align-left\"><ul class=\"shariff-buttons theme-color orientation-horizontal buttonsize-medium\"><li class=\"shariff-button whatsapp shariff-nocustomcolor\" style=\"background-color:#5cbe4a\"><a href=\"https:\/\/api.whatsapp.com\/send?text=https%3A%2F%2Fwww.backwinkel.de%2Fblog%2Faufsichtspflicht-kita%2F%20%28Keine%20Angst%20vor%20der%20Aufsichtspflicht%29\" title=\"Bei Whatsapp teilen\" aria-label=\"Bei Whatsapp teilen\" role=\"button\" rel=\"noopener nofollow\" class=\"shariff-link\" style=\"; background-color:#34af23; color:#fff\" target=\"_blank\"><span class=\"shariff-icon\" style=\"\"><svg width=\"32px\" height=\"20px\" xmlns=\"http:\/\/www.w3.org\/2000\/svg\" viewBox=\"0 0 32 32\"><path fill=\"#34af23\" d=\"M17.6 17.4q0.2 0 1.7 0.8t1.6 0.9q0 0.1 0 0.3 0 0.6-0.3 1.4-0.3 0.7-1.3 1.2t-1.8 0.5q-1 0-3.4-1.1-1.7-0.8-3-2.1t-2.6-3.3q-1.3-1.9-1.3-3.5v-0.1q0.1-1.6 1.3-2.8 0.4-0.4 0.9-0.4 0.1 0 0.3 0t0.3 0q0.3 0 0.5 0.1t0.3 0.5q0.1 0.4 0.6 1.6t0.4 1.3q0 0.4-0.6 1t-0.6 0.8q0 0.1 0.1 0.3 0.6 1.3 1.8 2.4 1 0.9 2.7 1.8 0.2 0.1 0.4 0.1 0.3 0 1-0.9t0.9-0.9zM14 26.9q2.3 0 4.3-0.9t3.6-2.4 2.4-3.6 0.9-4.3-0.9-4.3-2.4-3.6-3.6-2.4-4.3-0.9-4.3 0.9-3.6 2.4-2.4 3.6-0.9 4.3q0 3.6 2.1 6.6l-1.4 4.2 4.3-1.4q2.8 1.9 6.2 1.9zM14 2.2q2.7 0 5.2 1.1t4.3 2.9 2.9 4.3 1.1 5.2-1.1 5.2-2.9 4.3-4.3 2.9-5.2 1.1q-3.5 0-6.5-1.7l-7.4 2.4 2.4-7.2q-1.9-3.2-1.9-6.9 0-2.7 1.1-5.2t2.9-4.3 4.3-2.9 5.2-1.1z\"\/><\/svg><\/span><span class=\"shariff-text\">teilen<\/span>&nbsp;<\/a><\/li><li class=\"shariff-button facebook shariff-nocustomcolor\" style=\"background-color:#4273c8\"><a href=\"https:\/\/www.facebook.com\/sharer\/sharer.php?u=https%3A%2F%2Fwww.backwinkel.de%2Fblog%2Faufsichtspflicht-kita%2F\" title=\"Bei Facebook teilen\" aria-label=\"Bei Facebook teilen\" role=\"button\" rel=\"nofollow\" class=\"shariff-link\" style=\"; background-color:#3b5998; color:#fff\" target=\"_blank\"><span class=\"shariff-icon\" style=\"\"><svg width=\"32px\" height=\"20px\" xmlns=\"http:\/\/www.w3.org\/2000\/svg\" viewBox=\"0 0 18 32\"><path fill=\"#3b5998\" d=\"M17.1 0.2v4.7h-2.8q-1.5 0-2.1 0.6t-0.5 1.9v3.4h5.2l-0.7 5.3h-4.5v13.6h-5.5v-13.6h-4.5v-5.3h4.5v-3.9q0-3.3 1.9-5.2t5-1.8q2.6 0 4.1 0.2z\"\/><\/svg><\/span><span class=\"shariff-text\">teilen<\/span>&nbsp;<\/a><\/li><li class=\"shariff-button twitter shariff-nocustomcolor\" style=\"background-color:#595959\"><a href=\"https:\/\/twitter.com\/share?url=https%3A%2F%2Fwww.backwinkel.de%2Fblog%2Faufsichtspflicht-kita%2F&text=%28Keine%20Angst%20vor%20der%20Aufsichtspflicht%29\" title=\"Bei X teilen\" aria-label=\"Bei X teilen\" role=\"button\" rel=\"noopener nofollow\" class=\"shariff-link\" style=\"; background-color:#000; color:#fff\" target=\"_blank\"><span class=\"shariff-icon\" style=\"\"><svg width=\"32px\" height=\"20px\" xmlns=\"http:\/\/www.w3.org\/2000\/svg\" viewBox=\"0 0 24 24\"><path fill=\"#000\" d=\"M14.258 10.152L23.176 0h-2.113l-7.747 8.813L7.133 0H0l9.352 13.328L0 23.973h2.113l8.176-9.309 6.531 9.309h7.133zm-2.895 3.293l-.949-1.328L2.875 1.56h3.246l6.086 8.523.945 1.328 7.91 11.078h-3.246zm0 0\"\/><\/svg><\/span><span class=\"shariff-text\">teilen<\/span>&nbsp;<\/a><\/li><li class=\"shariff-button pinterest shariff-nocustomcolor\" style=\"background-color:#e70f18\"><a href=\"https:\/\/www.pinterest.com\/pin\/create\/link\/?url=https%3A%2F%2Fwww.backwinkel.de%2Fblog%2Faufsichtspflicht-kita%2F&media=https%3A%2F%2Fwww.backwinkel.de%2Fblog%2Fwp-content%2Fuploads%2F2023%2F08%2Fbackwinkel-blog-Aufsichtspflicht_im_kindergarten-heroimage.jpg&description=%28Keine%20Angst%20vor%20der%20Aufsichtspflicht%29\" title=\"Bei Pinterest pinnen\" aria-label=\"Bei Pinterest pinnen\" role=\"button\" rel=\"noopener nofollow\" class=\"shariff-link\" style=\"; background-color:#cb2027; color:#fff\" target=\"_blank\"><span class=\"shariff-icon\" style=\"\"><svg width=\"32px\" height=\"20px\" xmlns=\"http:\/\/www.w3.org\/2000\/svg\" viewBox=\"0 0 27 32\"><path fill=\"#cb2027\" d=\"M27.4 16q0 3.7-1.8 6.9t-5 5-6.9 1.9q-2 0-3.9-0.6 1.1-1.7 1.4-2.9 0.2-0.6 1-3.8 0.4 0.7 1.3 1.2t2 0.5q2.1 0 3.8-1.2t2.7-3.4 0.9-4.8q0-2-1.1-3.8t-3.1-2.9-4.5-1.2q-1.9 0-3.5 0.5t-2.8 1.4-2 2-1.2 2.3-0.4 2.4q0 1.9 0.7 3.3t2.1 2q0.5 0.2 0.7-0.4 0-0.1 0.1-0.5t0.2-0.5q0.1-0.4-0.2-0.8-0.9-1.1-0.9-2.7 0-2.7 1.9-4.6t4.9-2q2.7 0 4.2 1.5t1.5 3.8q0 3-1.2 5.2t-3.1 2.1q-1.1 0-1.7-0.8t-0.4-1.9q0.1-0.6 0.5-1.7t0.5-1.8 0.2-1.4q0-0.9-0.5-1.5t-1.4-0.6q-1.1 0-1.9 1t-0.8 2.6q0 1.3 0.4 2.2l-1.8 7.5q-0.3 1.2-0.2 3.2-3.7-1.6-6-5t-2.3-7.6q0-3.7 1.9-6.9t5-5 6.9-1.9 6.9 1.9 5 5 1.8 6.9z\"\/><\/svg><\/span><span class=\"shariff-text\">merken<\/span>&nbsp;<\/a><\/li><li class=\"shariff-button mailto shariff-nocustomcolor\" style=\"background-color:#a8a8a8\"><a href=\"mailto:?body=https%3A%2F%2Fwww.backwinkel.de%2Fblog%2Faufsichtspflicht-kita%2F&subject=%28Keine%20Angst%20vor%20der%20Aufsichtspflicht%29\" title=\"Per E-Mail versenden\" aria-label=\"Per E-Mail versenden\" role=\"button\" rel=\"noopener nofollow\" class=\"shariff-link\" style=\"; background-color:#999; color:#fff\"><span class=\"shariff-icon\" style=\"\"><svg width=\"32px\" height=\"20px\" xmlns=\"http:\/\/www.w3.org\/2000\/svg\" viewBox=\"0 0 32 32\"><path fill=\"#999\" d=\"M32 12.7v14.2q0 1.2-0.8 2t-2 0.9h-26.3q-1.2 0-2-0.9t-0.8-2v-14.2q0.8 0.9 1.8 1.6 6.5 4.4 8.9 6.1 1 0.8 1.6 1.2t1.7 0.9 2 0.4h0.1q0.9 0 2-0.4t1.7-0.9 1.6-1.2q3-2.2 8.9-6.1 1-0.7 1.8-1.6zM32 7.4q0 1.4-0.9 2.7t-2.2 2.2q-6.7 4.7-8.4 5.8-0.2 0.1-0.7 0.5t-1 0.7-0.9 0.6-1.1 0.5-0.9 0.2h-0.1q-0.4 0-0.9-0.2t-1.1-0.5-0.9-0.6-1-0.7-0.7-0.5q-1.6-1.1-4.7-3.2t-3.6-2.6q-1.1-0.7-2.1-2t-1-2.5q0-1.4 0.7-2.3t2.1-0.9h26.3q1.2 0 2 0.8t0.9 2z\"\/><\/svg><\/span><span class=\"shariff-text\">E-Mail<\/span>&nbsp;<\/a><\/li><\/ul><\/div>\n<\/div><\/section><\/div>\n\n<style type=\"text\/css\" data-created_by=\"avia_inline_auto\" id=\"style-css-av-leyce6wr-aca459a5151fa423e49ebd2f0b0cba23\">\n.flex_column.av-leyce6wr-aca459a5151fa423e49ebd2f0b0cba23{\nborder-radius:0px 0px 0px 0px;\npadding:0px 0px 0px 0px;\nbackground-color:#f2f2f2;\n}\n<\/style>\n<div  class='flex_column av-leyce6wr-aca459a5151fa423e49ebd2f0b0cba23 av_one_full  avia-builder-el-48  el_after_av_one_full  el_before_av_one_full  first flex_column_div av-zero-column-padding  column-top-margin'     ><div  class='avia-builder-widget-area clearfix  avia-builder-el-49  avia-builder-el-no-sibling '><div id=\"text-29\" class=\"widget clearfix widget_text\"><h3 class=\"widgettitle\">Das BACKWINKEL-Blog-Team<\/h3>\t\t\t<div class=\"textwidget\"><p>Gibts auch ein Gesicht hinter dem BACKWINKEL-Blog? Nat\u00fcrlich. Sogar f\u00fcnf \ud83d\ude0a. Wir \u2013 Lukas, Marvin und Tatjana \u2013 bespielen unseren Blog im LACHEN LEBEN LERNEN-Firmensitz in Hattingen.<br \/>\nLukas kennt Onlinemarketing wie seine Westentasche, w\u00e4hrend Marvin unseren Beitr\u00e4gen den passenden gestalterischen Rahmen gibt und Tatjana mit dem gr\u00fcnen Korrekturstift alles pr\u00fcfend be\u00e4ugt, was unsere Freelancerautorinnen Elisa und Christine (und gern auch Gastautoren) aus der Ferne f\u00fcr den BACKWINKEL-Blog nach ordentlicher Recherche schreiben.<br \/>\nGemeinsam suchen wir st\u00e4ndig nach neuen, aufregenden Themen rund um das Thema Bildung im Kiga, der Schule und zu Hause. Und weil Sie da an der Quelle sitzen, freuen wir uns auf Ihre konstruktiven R\u00fcckmeldungen und Anregungen an blog[@]backwinkel.de<br \/>\nViel Spa\u00df beim LACHEN LESEN LERNEN!<\/p>\n<\/div>\n\t\t<\/div><\/div><\/div>\n\n<style type=\"text\/css\" data-created_by=\"avia_inline_auto\" id=\"style-css-av-21m96ev-10cefdecbd94bf771cc0a852db15e418\">\n.flex_column.av-21m96ev-10cefdecbd94bf771cc0a852db15e418{\nborder-radius:0px 0px 0px 0px;\npadding:0px 0px 0px 0px;\n}\n<\/style>\n<div  class='flex_column av-21m96ev-10cefdecbd94bf771cc0a852db15e418 av_one_full  avia-builder-el-50  el_after_av_one_full  avia-builder-el-last  first flex_column_div av-zero-column-padding  column-top-margin'     ><p>\n<style type=\"text\/css\" data-created_by=\"avia_inline_auto\" id=\"style-css-av-1l6t62f-7ea91fafe1c9fd8f01b5a5ee707950ce\">\n#top .hr.av-1l6t62f-7ea91fafe1c9fd8f01b5a5ee707950ce{\nmargin-top:10px;\nmargin-bottom:10px;\n}\n.hr.av-1l6t62f-7ea91fafe1c9fd8f01b5a5ee707950ce .hr-inner{\nwidth:500;\n}\n<\/style>\n<div  class='hr av-1l6t62f-7ea91fafe1c9fd8f01b5a5ee707950ce hr-custom  avia-builder-el-51  el_before_av_heading  avia-builder-el-first  hr-left hr-icon-no'><span class='hr-inner inner-border-av-border-thin'><span class=\"hr-inner-style\"><\/span><\/span><\/div><br \/>\n\n<style type=\"text\/css\" data-created_by=\"avia_inline_auto\" id=\"style-css-av-112w7mf-cf418d6f1ae2df284a50f174648cad51\">\n#top .av-special-heading.av-112w7mf-cf418d6f1ae2df284a50f174648cad51{\npadding-bottom:10px;\n}\nbody .av-special-heading.av-112w7mf-cf418d6f1ae2df284a50f174648cad51 .av-special-heading-tag .heading-char{\nfont-size:25px;\n}\n.av-special-heading.av-112w7mf-cf418d6f1ae2df284a50f174648cad51 .av-subheading{\nfont-size:15px;\n}\n<\/style>\n<div  class='av-special-heading av-112w7mf-cf418d6f1ae2df284a50f174648cad51 av-special-heading-h3 blockquote modern-quote  avia-builder-el-52  el_after_av_hr  el_before_av_blog '><h3 class='av-special-heading-tag '  >PASSENDE BEITR\u00c4GE<\/h3><div class=\"special-heading-border\"><div class=\"special-heading-inner-border\"><\/div><\/div><\/div><br \/>\n<div  data-slideshow-options=\"{&quot;animation&quot;:&quot;fade&quot;,&quot;autoplay&quot;:false,&quot;loop_autoplay&quot;:&quot;once&quot;,&quot;interval&quot;:5,&quot;loop_manual&quot;:&quot;manual-endless&quot;,&quot;autoplay_stopper&quot;:false,&quot;noNavigation&quot;:false,&quot;show_slide_delay&quot;:90}\" class='avia-content-slider avia-content-grid-active avia-content-slider1 avia-content-slider-odd  avia-builder-el-53  el_after_av_heading  avia-builder-el-last  av-slideshow-ui av-control-default   av-no-slider-navigation av-slideshow-manual av-loop-once av-loop-manual-endless ' ><div class=\"avia-content-slider-inner\"><div class=\"slide-entry-wrap\"><article class='slide-entry flex_column  post-entry post-entry-18716 slide-entry-overview slide-loop-1 slide-parity-odd  av_one_third first real-thumbnail posttype-post post-format-standard' ><a href='https:\/\/www.backwinkel.de\/blog\/rechnen-im-anfangsunterricht\/' data-rel='slide-1' class='slide-image' title='Rechnen im Anfangsunterricht'><img decoding=\"async\" fetchpriority=\"high\" width=\"1200\" height=\"628\" src=\"https:\/\/www.backwinkel.de\/blog\/wp-content\/uploads\/2026\/04\/04_Schule_Rechnen_anfangsunterricht.jpg\" class=\"wp-image-18748 avia-img-lazy-loading-not-18748 attachment-no scaling size-no scaling wp-post-image\" alt=\"\" \/><\/a><div class=\"slide-content\"><header class=\"entry-content-header\" aria-label=\"Slide: Rechnen im Anfangsunterricht\"><h3 class='slide-entry-title entry-title ' ><a href='https:\/\/www.backwinkel.de\/blog\/rechnen-im-anfangsunterricht\/' title='Rechnen im Anfangsunterricht'>Rechnen im Anfangsunterricht<\/a><\/h3><span class=\"blog-categories minor-meta\"><a href=\"https:\/\/www.backwinkel.de\/blog\/category\/schule-grundschule\/\" rel=\"tag\">Schule<\/a> <\/span><span class=\"av-vertical-delimiter\"><\/span><\/header><div class='slide-entry-excerpt entry-content' >Das Klassenzimmer als Lernlandschaft<\/div><\/div><footer class=\"entry-footer\"><div class=\"slide-meta\"><time class='slide-meta-time updated' >14. April 2026<\/time><\/div><\/footer><\/article><article class='slide-entry flex_column  post-entry post-entry-18177 slide-entry-overview slide-loop-2 slide-parity-even  av_one_third  real-thumbnail posttype-post post-format-standard' ><a href='https:\/\/www.backwinkel.de\/blog\/churermodell\/' data-rel='slide-1' class='slide-image' title='Churermodell'><img decoding=\"async\" fetchpriority=\"high\" width=\"1200\" height=\"628\" src=\"https:\/\/www.backwinkel.de\/blog\/wp-content\/uploads\/2026\/03\/03_Schule_Churermodell.jpg\" class=\"wp-image-18217 avia-img-lazy-loading-not-18217 attachment-no scaling size-no scaling wp-post-image\" alt=\"\" \/><\/a><div class=\"slide-content\"><header class=\"entry-content-header\" aria-label=\"Slide: Churermodell\"><h3 class='slide-entry-title entry-title ' ><a href='https:\/\/www.backwinkel.de\/blog\/churermodell\/' title='Churermodell'>Churermodell<\/a><\/h3><span class=\"blog-categories minor-meta\"><a href=\"https:\/\/www.backwinkel.de\/blog\/category\/schule-grundschule\/\" rel=\"tag\">Schule<\/a> <\/span><span class=\"av-vertical-delimiter\"><\/span><\/header><div class='slide-entry-excerpt entry-content' >Das Klassenzimmer als Lernlandschaft<\/div><\/div><footer class=\"entry-footer\"><div class=\"slide-meta\"><time class='slide-meta-time updated' >9. M\u00e4rz 2026<\/time><\/div><\/footer><\/article><article class='slide-entry flex_column  post-entry post-entry-18119 slide-entry-overview slide-loop-3 slide-parity-odd  post-entry-last  av_one_third  real-thumbnail posttype-post post-format-standard' ><a href='https:\/\/www.backwinkel.de\/blog\/digitalpakt-2-0\/' data-rel='slide-1' class='slide-image' title='Digitalpakt 2.0'><img decoding=\"async\" fetchpriority=\"high\" width=\"1200\" height=\"628\" src=\"https:\/\/www.backwinkel.de\/blog\/wp-content\/uploads\/2026\/01\/02_Schule_Digitalpakt.jpg\" class=\"wp-image-18138 avia-img-lazy-loading-not-18138 attachment-no scaling size-no scaling wp-post-image\" alt=\"\" \/><\/a><div class=\"slide-content\"><header class=\"entry-content-header\" aria-label=\"Slide: Digitalpakt 2.0\"><h3 class='slide-entry-title entry-title ' ><a href='https:\/\/www.backwinkel.de\/blog\/digitalpakt-2-0\/' title='Digitalpakt 2.0'>Digitalpakt 2.0<\/a><\/h3><span class=\"blog-categories minor-meta\"><a href=\"https:\/\/www.backwinkel.de\/blog\/category\/schule-grundschule\/\" rel=\"tag\">Schule<\/a> <\/span><span class=\"av-vertical-delimiter\"><\/span><\/header><div class='slide-entry-excerpt entry-content' >Geht es jetzt mit der Digitalisierung in Bildungseinrichtungen voran?<\/div><\/div><footer class=\"entry-footer\"><div class=\"slide-meta\"><time class='slide-meta-time updated' >10. Februar 2026<\/time><\/div><\/footer><\/article><\/div><\/div><\/div><\/p><\/div>\n","protected":false},"excerpt":{"rendered":"<p>im Kindergarten<\/p>\n","protected":false},"author":1,"featured_media":11980,"comment_status":"closed","ping_status":"closed","sticky":false,"template":"","format":"standard","meta":{"inline_featured_image":false,"footnotes":""},"categories":[5],"tags":[],"class_list":["post-11930","post","type-post","status-publish","format-standard","has-post-thumbnail","hentry","category-kindergarten-kita"],"yoast_head":"<!-- This site is optimized with the Yoast SEO plugin v27.5 - https:\/\/yoast.com\/product\/yoast-seo-wordpress\/ -->\n<title>(Keine Angst vor der) Aufsichtspflicht im Kindergarten | BACKWINKEL Blog<\/title>\n<meta name=\"description\" content=\"Die Sonne lacht, das warme Wetter lockt nach drau\u00dfen. Wer h\u00e4tte da nicht Lust auf einen Ausflug. \u2713 Jetzt lesen\" \/>\n<meta name=\"robots\" content=\"index, follow, max-snippet:-1, max-image-preview:large, max-video-preview:-1\" \/>\n<link rel=\"canonical\" href=\"https:\/\/www.backwinkel.de\/blog\/aufsichtspflicht-kita\/\" \/>\n<meta property=\"og:locale\" content=\"de_DE\" \/>\n<meta property=\"og:type\" content=\"article\" \/>\n<meta property=\"og:title\" content=\"(Keine Angst vor der) Aufsichtspflicht im Kindergarten | BACKWINKEL Blog\" \/>\n<meta property=\"og:description\" content=\"Die Sonne lacht, das warme Wetter lockt nach drau\u00dfen. Wer h\u00e4tte da nicht Lust auf einen Ausflug. \u2713 Jetzt lesen\" \/>\n<meta property=\"og:url\" content=\"https:\/\/www.backwinkel.de\/blog\/aufsichtspflicht-kita\/\" \/>\n<meta property=\"og:site_name\" content=\"BACKWINKEL Blog\" \/>\n<meta property=\"article:published_time\" content=\"2023-08-14T09:15:42+00:00\" \/>\n<meta property=\"article:modified_time\" content=\"2026-04-22T12:27:17+00:00\" \/>\n<meta property=\"og:image\" content=\"https:\/\/www.backwinkel.de\/blog\/wp-content\/uploads\/2023\/08\/backwinkel-blog-Aufsichtspflicht_im_kindergarten-heroimage.jpg\" \/>\n\t<meta property=\"og:image:width\" content=\"1200\" \/>\n\t<meta property=\"og:image:height\" content=\"628\" \/>\n\t<meta property=\"og:image:type\" content=\"image\/jpeg\" \/>\n<meta name=\"author\" content=\"admin_backwinkel\" \/>\n<meta name=\"twitter:card\" content=\"summary_large_image\" \/>\n<meta name=\"twitter:label1\" content=\"Verfasst von\" \/>\n\t<meta name=\"twitter:data1\" content=\"admin_backwinkel\" \/>\n\t<meta name=\"twitter:label2\" content=\"Gesch\u00e4tzte Lesezeit\" \/>\n\t<meta name=\"twitter:data2\" content=\"18\u00a0Minuten\" \/>\n<script type=\"application\/ld+json\" class=\"yoast-schema-graph\">{\"@context\":\"https:\\\/\\\/schema.org\",\"@graph\":[{\"@type\":\"Article\",\"@id\":\"https:\\\/\\\/www.backwinkel.de\\\/blog\\\/aufsichtspflicht-kita\\\/#article\",\"isPartOf\":{\"@id\":\"https:\\\/\\\/www.backwinkel.de\\\/blog\\\/aufsichtspflicht-kita\\\/\"},\"author\":{\"name\":\"admin_backwinkel\",\"@id\":\"https:\\\/\\\/www.backwinkel.de\\\/blog\\\/#\\\/schema\\\/person\\\/88b842297c0e471020a66f4476633cf2\"},\"headline\":\"(Keine Angst vor der Aufsichtspflicht)\",\"datePublished\":\"2023-08-14T09:15:42+00:00\",\"dateModified\":\"2026-04-22T12:27:17+00:00\",\"mainEntityOfPage\":{\"@id\":\"https:\\\/\\\/www.backwinkel.de\\\/blog\\\/aufsichtspflicht-kita\\\/\"},\"wordCount\":6764,\"image\":{\"@id\":\"https:\\\/\\\/www.backwinkel.de\\\/blog\\\/aufsichtspflicht-kita\\\/#primaryimage\"},\"thumbnailUrl\":\"https:\\\/\\\/www.backwinkel.de\\\/blog\\\/wp-content\\\/uploads\\\/2023\\\/08\\\/backwinkel-blog-Aufsichtspflicht_im_kindergarten-heroimage.jpg\",\"articleSection\":[\"Kindergarten\"],\"inLanguage\":\"de\"},{\"@type\":\"WebPage\",\"@id\":\"https:\\\/\\\/www.backwinkel.de\\\/blog\\\/aufsichtspflicht-kita\\\/\",\"url\":\"https:\\\/\\\/www.backwinkel.de\\\/blog\\\/aufsichtspflicht-kita\\\/\",\"name\":\"(Keine Angst vor der) Aufsichtspflicht im Kindergarten | BACKWINKEL Blog\",\"isPartOf\":{\"@id\":\"https:\\\/\\\/www.backwinkel.de\\\/blog\\\/#website\"},\"primaryImageOfPage\":{\"@id\":\"https:\\\/\\\/www.backwinkel.de\\\/blog\\\/aufsichtspflicht-kita\\\/#primaryimage\"},\"image\":{\"@id\":\"https:\\\/\\\/www.backwinkel.de\\\/blog\\\/aufsichtspflicht-kita\\\/#primaryimage\"},\"thumbnailUrl\":\"https:\\\/\\\/www.backwinkel.de\\\/blog\\\/wp-content\\\/uploads\\\/2023\\\/08\\\/backwinkel-blog-Aufsichtspflicht_im_kindergarten-heroimage.jpg\",\"datePublished\":\"2023-08-14T09:15:42+00:00\",\"dateModified\":\"2026-04-22T12:27:17+00:00\",\"author\":{\"@id\":\"https:\\\/\\\/www.backwinkel.de\\\/blog\\\/#\\\/schema\\\/person\\\/88b842297c0e471020a66f4476633cf2\"},\"description\":\"Die Sonne lacht, das warme Wetter lockt nach drau\u00dfen. Wer h\u00e4tte da nicht Lust auf einen Ausflug. \u2713 Jetzt lesen\",\"breadcrumb\":{\"@id\":\"https:\\\/\\\/www.backwinkel.de\\\/blog\\\/aufsichtspflicht-kita\\\/#breadcrumb\"},\"inLanguage\":\"de\",\"potentialAction\":[{\"@type\":\"ReadAction\",\"target\":[\"https:\\\/\\\/www.backwinkel.de\\\/blog\\\/aufsichtspflicht-kita\\\/\"]}]},{\"@type\":\"ImageObject\",\"inLanguage\":\"de\",\"@id\":\"https:\\\/\\\/www.backwinkel.de\\\/blog\\\/aufsichtspflicht-kita\\\/#primaryimage\",\"url\":\"https:\\\/\\\/www.backwinkel.de\\\/blog\\\/wp-content\\\/uploads\\\/2023\\\/08\\\/backwinkel-blog-Aufsichtspflicht_im_kindergarten-heroimage.jpg\",\"contentUrl\":\"https:\\\/\\\/www.backwinkel.de\\\/blog\\\/wp-content\\\/uploads\\\/2023\\\/08\\\/backwinkel-blog-Aufsichtspflicht_im_kindergarten-heroimage.jpg\",\"width\":1200,\"height\":628},{\"@type\":\"BreadcrumbList\",\"@id\":\"https:\\\/\\\/www.backwinkel.de\\\/blog\\\/aufsichtspflicht-kita\\\/#breadcrumb\",\"itemListElement\":[{\"@type\":\"ListItem\",\"position\":1,\"name\":\"Startseite\",\"item\":\"https:\\\/\\\/blog.backwinkel.de\\\/aktuelles\\\/\"},{\"@type\":\"ListItem\",\"position\":2,\"name\":\"(Keine Angst vor der Aufsichtspflicht)\"}]},{\"@type\":\"WebSite\",\"@id\":\"https:\\\/\\\/www.backwinkel.de\\\/blog\\\/#website\",\"url\":\"https:\\\/\\\/www.backwinkel.de\\\/blog\\\/\",\"name\":\"BACKWINKEL Blog\",\"description\":\"f\u00fcr Lehrer, Erzieher und Eltern\",\"potentialAction\":[{\"@type\":\"SearchAction\",\"target\":{\"@type\":\"EntryPoint\",\"urlTemplate\":\"https:\\\/\\\/www.backwinkel.de\\\/blog\\\/?s={search_term_string}\"},\"query-input\":{\"@type\":\"PropertyValueSpecification\",\"valueRequired\":true,\"valueName\":\"search_term_string\"}}],\"inLanguage\":\"de\"},{\"@type\":\"Person\",\"@id\":\"https:\\\/\\\/www.backwinkel.de\\\/blog\\\/#\\\/schema\\\/person\\\/88b842297c0e471020a66f4476633cf2\",\"name\":\"admin_backwinkel\",\"url\":\"https:\\\/\\\/www.backwinkel.de\\\/blog\\\/author\\\/admin_backwinkel\\\/\"}]}<\/script>\n<!-- \/ Yoast SEO plugin. -->","yoast_head_json":{"title":"(Keine Angst vor der) Aufsichtspflicht im Kindergarten | BACKWINKEL Blog","description":"Die Sonne lacht, das warme Wetter lockt nach drau\u00dfen. Wer h\u00e4tte da nicht Lust auf einen Ausflug. \u2713 Jetzt lesen","robots":{"index":"index","follow":"follow","max-snippet":"max-snippet:-1","max-image-preview":"max-image-preview:large","max-video-preview":"max-video-preview:-1"},"canonical":"https:\/\/www.backwinkel.de\/blog\/aufsichtspflicht-kita\/","og_locale":"de_DE","og_type":"article","og_title":"(Keine Angst vor der) Aufsichtspflicht im Kindergarten | BACKWINKEL Blog","og_description":"Die Sonne lacht, das warme Wetter lockt nach drau\u00dfen. Wer h\u00e4tte da nicht Lust auf einen Ausflug. \u2713 Jetzt lesen","og_url":"https:\/\/www.backwinkel.de\/blog\/aufsichtspflicht-kita\/","og_site_name":"BACKWINKEL Blog","article_published_time":"2023-08-14T09:15:42+00:00","article_modified_time":"2026-04-22T12:27:17+00:00","og_image":[{"width":1200,"height":628,"url":"https:\/\/www.backwinkel.de\/blog\/wp-content\/uploads\/2023\/08\/backwinkel-blog-Aufsichtspflicht_im_kindergarten-heroimage.jpg","type":"image\/jpeg"}],"author":"admin_backwinkel","twitter_card":"summary_large_image","twitter_misc":{"Verfasst von":"admin_backwinkel","Gesch\u00e4tzte Lesezeit":"18\u00a0Minuten"},"schema":{"@context":"https:\/\/schema.org","@graph":[{"@type":"Article","@id":"https:\/\/www.backwinkel.de\/blog\/aufsichtspflicht-kita\/#article","isPartOf":{"@id":"https:\/\/www.backwinkel.de\/blog\/aufsichtspflicht-kita\/"},"author":{"name":"admin_backwinkel","@id":"https:\/\/www.backwinkel.de\/blog\/#\/schema\/person\/88b842297c0e471020a66f4476633cf2"},"headline":"(Keine Angst vor der Aufsichtspflicht)","datePublished":"2023-08-14T09:15:42+00:00","dateModified":"2026-04-22T12:27:17+00:00","mainEntityOfPage":{"@id":"https:\/\/www.backwinkel.de\/blog\/aufsichtspflicht-kita\/"},"wordCount":6764,"image":{"@id":"https:\/\/www.backwinkel.de\/blog\/aufsichtspflicht-kita\/#primaryimage"},"thumbnailUrl":"https:\/\/www.backwinkel.de\/blog\/wp-content\/uploads\/2023\/08\/backwinkel-blog-Aufsichtspflicht_im_kindergarten-heroimage.jpg","articleSection":["Kindergarten"],"inLanguage":"de"},{"@type":"WebPage","@id":"https:\/\/www.backwinkel.de\/blog\/aufsichtspflicht-kita\/","url":"https:\/\/www.backwinkel.de\/blog\/aufsichtspflicht-kita\/","name":"(Keine Angst vor der) Aufsichtspflicht im Kindergarten | BACKWINKEL Blog","isPartOf":{"@id":"https:\/\/www.backwinkel.de\/blog\/#website"},"primaryImageOfPage":{"@id":"https:\/\/www.backwinkel.de\/blog\/aufsichtspflicht-kita\/#primaryimage"},"image":{"@id":"https:\/\/www.backwinkel.de\/blog\/aufsichtspflicht-kita\/#primaryimage"},"thumbnailUrl":"https:\/\/www.backwinkel.de\/blog\/wp-content\/uploads\/2023\/08\/backwinkel-blog-Aufsichtspflicht_im_kindergarten-heroimage.jpg","datePublished":"2023-08-14T09:15:42+00:00","dateModified":"2026-04-22T12:27:17+00:00","author":{"@id":"https:\/\/www.backwinkel.de\/blog\/#\/schema\/person\/88b842297c0e471020a66f4476633cf2"},"description":"Die Sonne lacht, das warme Wetter lockt nach drau\u00dfen. Wer h\u00e4tte da nicht Lust auf einen Ausflug. \u2713 Jetzt lesen","breadcrumb":{"@id":"https:\/\/www.backwinkel.de\/blog\/aufsichtspflicht-kita\/#breadcrumb"},"inLanguage":"de","potentialAction":[{"@type":"ReadAction","target":["https:\/\/www.backwinkel.de\/blog\/aufsichtspflicht-kita\/"]}]},{"@type":"ImageObject","inLanguage":"de","@id":"https:\/\/www.backwinkel.de\/blog\/aufsichtspflicht-kita\/#primaryimage","url":"https:\/\/www.backwinkel.de\/blog\/wp-content\/uploads\/2023\/08\/backwinkel-blog-Aufsichtspflicht_im_kindergarten-heroimage.jpg","contentUrl":"https:\/\/www.backwinkel.de\/blog\/wp-content\/uploads\/2023\/08\/backwinkel-blog-Aufsichtspflicht_im_kindergarten-heroimage.jpg","width":1200,"height":628},{"@type":"BreadcrumbList","@id":"https:\/\/www.backwinkel.de\/blog\/aufsichtspflicht-kita\/#breadcrumb","itemListElement":[{"@type":"ListItem","position":1,"name":"Startseite","item":"https:\/\/blog.backwinkel.de\/aktuelles\/"},{"@type":"ListItem","position":2,"name":"(Keine Angst vor der Aufsichtspflicht)"}]},{"@type":"WebSite","@id":"https:\/\/www.backwinkel.de\/blog\/#website","url":"https:\/\/www.backwinkel.de\/blog\/","name":"BACKWINKEL Blog","description":"f\u00fcr Lehrer, Erzieher und Eltern","potentialAction":[{"@type":"SearchAction","target":{"@type":"EntryPoint","urlTemplate":"https:\/\/www.backwinkel.de\/blog\/?s={search_term_string}"},"query-input":{"@type":"PropertyValueSpecification","valueRequired":true,"valueName":"search_term_string"}}],"inLanguage":"de"},{"@type":"Person","@id":"https:\/\/www.backwinkel.de\/blog\/#\/schema\/person\/88b842297c0e471020a66f4476633cf2","name":"admin_backwinkel","url":"https:\/\/www.backwinkel.de\/blog\/author\/admin_backwinkel\/"}]}},"_links":{"self":[{"href":"https:\/\/www.backwinkel.de\/blog\/wp-json\/wp\/v2\/posts\/11930","targetHints":{"allow":["GET"]}}],"collection":[{"href":"https:\/\/www.backwinkel.de\/blog\/wp-json\/wp\/v2\/posts"}],"about":[{"href":"https:\/\/www.backwinkel.de\/blog\/wp-json\/wp\/v2\/types\/post"}],"author":[{"embeddable":true,"href":"https:\/\/www.backwinkel.de\/blog\/wp-json\/wp\/v2\/users\/1"}],"replies":[{"embeddable":true,"href":"https:\/\/www.backwinkel.de\/blog\/wp-json\/wp\/v2\/comments?post=11930"}],"version-history":[{"count":2,"href":"https:\/\/www.backwinkel.de\/blog\/wp-json\/wp\/v2\/posts\/11930\/revisions"}],"predecessor-version":[{"id":18907,"href":"https:\/\/www.backwinkel.de\/blog\/wp-json\/wp\/v2\/posts\/11930\/revisions\/18907"}],"wp:featuredmedia":[{"embeddable":true,"href":"https:\/\/www.backwinkel.de\/blog\/wp-json\/wp\/v2\/media\/11980"}],"wp:attachment":[{"href":"https:\/\/www.backwinkel.de\/blog\/wp-json\/wp\/v2\/media?parent=11930"}],"wp:term":[{"taxonomy":"category","embeddable":true,"href":"https:\/\/www.backwinkel.de\/blog\/wp-json\/wp\/v2\/categories?post=11930"},{"taxonomy":"post_tag","embeddable":true,"href":"https:\/\/www.backwinkel.de\/blog\/wp-json\/wp\/v2\/tags?post=11930"}],"curies":[{"name":"wp","href":"https:\/\/api.w.org\/{rel}","templated":true}]}}