{"id":11805,"date":"2023-07-05T09:15:42","date_gmt":"2023-07-05T07:15:42","guid":{"rendered":"https:\/\/www.backwinkel.de\/blog\/?p=11805"},"modified":"2026-04-27T07:50:39","modified_gmt":"2026-04-27T05:50:39","slug":"ist-das-schon-adhs","status":"publish","type":"post","link":"https:\/\/www.backwinkel.de\/blog\/ist-das-schon-adhs\/","title":{"rendered":"Ist das schon AD(H)S?"},"content":{"rendered":"\n<style type=\"text\/css\" data-created_by=\"avia_inline_auto\" id=\"style-css-av-1o9i20c-585c90b249b7391778c0ca595b8a52c2\">\n.flex_column.av-1o9i20c-585c90b249b7391778c0ca595b8a52c2{\nborder-radius:0px 0px 0px 0px;\npadding:0px 0px 0px 0px;\n}\n<\/style>\n<div  class='flex_column av-1o9i20c-585c90b249b7391778c0ca595b8a52c2 av_one_full  avia-builder-el-0  el_before_av_three_fifth  avia-builder-el-first  first flex_column_div av-zero-column-padding  '     ><p>\n<style type=\"text\/css\" data-created_by=\"avia_inline_auto\" id=\"style-css-av-1mbf4e4-1609d55f243e97c311d4e4755c4441f8\">\n#top .hr.hr-invisible.av-1mbf4e4-1609d55f243e97c311d4e4755c4441f8{\nmargin-top:0px;\nheight:1px;\n}\n<\/style>\n<div  class='hr av-1mbf4e4-1609d55f243e97c311d4e4755c4441f8 hr-invisible  avia-builder-el-1  el_before_av_heading  avia-builder-el-first '><span class='hr-inner '><span class=\"hr-inner-style\"><\/span><\/span><\/div><br \/>\n\n<style type=\"text\/css\" data-created_by=\"avia_inline_auto\" id=\"style-css-av-l7efmkmv-28189d12f23ceb5800475ee773262118\">\n#top .av-special-heading.av-l7efmkmv-28189d12f23ceb5800475ee773262118{\npadding-bottom:10px;\n}\nbody .av-special-heading.av-l7efmkmv-28189d12f23ceb5800475ee773262118 .av-special-heading-tag .heading-char{\nfont-size:25px;\n}\n.av-special-heading.av-l7efmkmv-28189d12f23ceb5800475ee773262118 .av-subheading{\nfont-size:15px;\n}\n<\/style>\n<div  class='av-special-heading av-l7efmkmv-28189d12f23ceb5800475ee773262118 av-special-heading-h1 blockquote modern-quote  avia-builder-el-2  el_after_av_hr  el_before_av_post_metadata  av-linked-heading'><h1 class='av-special-heading-tag '  >Ist das schon AD(H)S? Aufmerksamkeitsdefizit-\/ Hyperaktivit\u00e4ts-Syndrom erkennen und damit umgehen <\/h1><div class='av-subheading av-subheading_below'><p class=\"autorenname\">Elisa Morel<\/p>\n<\/div><div class=\"special-heading-border\"><div class=\"special-heading-inner-border\"><\/div><\/div><\/div><br \/>\n\n<style type=\"text\/css\" data-created_by=\"avia_inline_auto\" id=\"style-css-av-1rr6a59-a5e16c0dff7c5f62e2d16ef6b128f0fa\">\n#top .av-post-metadata-container.av-1rr6a59-a5e16c0dff7c5f62e2d16ef6b128f0fa{\nfont-size:12px;\n}\n#top .av-post-metadata-container.av-1rr6a59-a5e16c0dff7c5f62e2d16ef6b128f0fa .av-post-metadata-container-inner{\nfont-size:12px;\n}\n<\/style>\n<div  class='av-post-metadata-container av-1rr6a59-a5e16c0dff7c5f62e2d16ef6b128f0fa av-metadata-container-align-left  avia-builder-el-3  el_after_av_heading  el_before_av_textblock  av-metadata-container-1'><div class='av-post-metadata-container-inner'><span class=\"av-post-metadata-content av-post-metadata-meta-content\"><span class=\"av-post-metadata-content av-post-metadata-modified\"><span class=\"av-metadata-before av-metadata-before-modified\">Aktualisiert:<\/span><span class=\"av-post-metadata-modified-date\" >27. April 2026<\/span><\/span><span class=\"av-post-metadata-content av-post-metadata-separator\">\/<\/span><span class=\"av-post-metadata-content av-post-metadata-modified\"><span class=\"av-metadata-before av-metadata-before-modified\">Zuletzt aktualisiert:<\/span><span class=\"av-post-metadata-modified-date\" >27. April 2026<\/span><\/span><\/span><\/div><\/div><br \/>\n\n<style type=\"text\/css\" data-created_by=\"avia_inline_auto\" id=\"style-css-av-1l3ru18-35ff8c02bfbaf158e187220e3571c7be\">\n#top .av_textblock_section.av-1l3ru18-35ff8c02bfbaf158e187220e3571c7be .avia_textblock{\nfont-size:20px;\n}\n<\/style>\n<section  class='av_textblock_section av-1l3ru18-35ff8c02bfbaf158e187220e3571c7be '  ><div class='avia_textblock' ><p>Der Arzt Heinrich Hoffmann schrieb um Weihnachten 1844 den Zappelphilipp und weitere Geschichten f\u00fcr seinen damals dreij\u00e4hrigen Sohn \u2013 als Gegenst\u00fcck zu allen biederen Kinderb\u00fcchern, die damals g\u00e4ngig waren. Man kann aufgrund von Dokumenten und \u00dcberlieferungen vermuten, dass sowohl Vater als auch Sohn ein ADHS hatten.<\/p>\n<\/div><\/section><br \/>\n\n<style type=\"text\/css\" data-created_by=\"avia_inline_auto\" id=\"style-css-av-1jqb53g-c922552bb1731a85604da9a2a1bb3006\">\n.avia-image-container.av-1jqb53g-c922552bb1731a85604da9a2a1bb3006 img.avia_image{\nbox-shadow:none;\n}\n.avia-image-container.av-1jqb53g-c922552bb1731a85604da9a2a1bb3006 .av-image-caption-overlay-center{\ncolor:#ffffff;\n}\n<\/style>\n<div  class='avia-image-container av-1jqb53g-c922552bb1731a85604da9a2a1bb3006 av-styling- avia-align-center  avia-builder-el-5  el_after_av_textblock  el_before_av_hr '  ><div class=\"avia-image-container-inner\"><div class=\"avia-image-overlay-wrap\"><img decoding=\"async\" fetchpriority=\"high\" class='wp-image-11851 avia-img-lazy-loading-not-11851 avia_image ' src=\"https:\/\/www.backwinkel.de\/blog\/wp-content\/uploads\/2023\/07\/backwinkel-blog-ADHS-heroimage.jpg\" alt='' title='backwinkel-blog-ADHS-heroimage'  height=\"628\" width=\"1200\"  \/><\/div><\/div><\/div><br \/>\n\n<style type=\"text\/css\" data-created_by=\"avia_inline_auto\" id=\"style-css-av-1ihdk2k-490466749631930779e0c398aab49f79\">\n#top .hr.hr-invisible.av-1ihdk2k-490466749631930779e0c398aab49f79{\nheight:5px;\n}\n<\/style>\n<div  class='hr av-1ihdk2k-490466749631930779e0c398aab49f79 hr-invisible  avia-builder-el-6  el_after_av_image  el_before_av_textblock '><span class='hr-inner '><span class=\"hr-inner-style\"><\/span><\/span><\/div><br \/>\n\n<style type=\"text\/css\" data-created_by=\"avia_inline_auto\" id=\"style-css-av-1fib6cs-3d25d3b933bbfa346d8df9005c3c214e\">\n#top .av_textblock_section.av-1fib6cs-3d25d3b933bbfa346d8df9005c3c214e .avia_textblock{\nfont-size:10px;\n}\n<\/style>\n<section  class='av_textblock_section av-1fib6cs-3d25d3b933bbfa346d8df9005c3c214e '  ><div class='avia_textblock' ><p class=\"bildnennung-beitrag\" style=\"text-align: left;\">\u00a9 ADOBE Stock<\/p>\n<\/div><\/section><br \/>\n\n<style type=\"text\/css\" data-created_by=\"avia_inline_auto\" id=\"style-css-av-1ec344s-876a649f5243c9280738f668f0aa8d8e\">\n#top .hr.hr-invisible.av-1ec344s-876a649f5243c9280738f668f0aa8d8e{\nheight:20px;\n}\n<\/style>\n<div  class='hr av-1ec344s-876a649f5243c9280738f668f0aa8d8e hr-invisible  avia-builder-el-8  el_after_av_textblock  el_before_av_textblock '><span class='hr-inner '><span class=\"hr-inner-style\"><\/span><\/span><\/div><br \/>\n\n<style type=\"text\/css\" data-created_by=\"avia_inline_auto\" id=\"style-css-av-1czjn6k-7dbedcbfbffba5ae585714638369d934\">\n#top .av_textblock_section.av-1czjn6k-7dbedcbfbffba5ae585714638369d934 .avia_textblock{\nfont-size:20px;\n}\n<\/style>\n<section  class='av_textblock_section av-1czjn6k-7dbedcbfbffba5ae585714638369d934 '  ><div class='avia_textblock' ><p>Der Zappelphilipp gilt noch heutzutage als plakatives Beispiel f\u00fcr ADHS. Doch was steckt hinter diesem Syndrom? Was bedeutet es, ein AD(H)S zu haben? Und wie (er)schafft man mit betroffenen Kindern einen harmonischen Alltag? Das und mehr erfahren Sie in diesem Beitrag.<\/p>\n<\/div><\/section><\/p><\/div>\n<style type=\"text\/css\" data-created_by=\"avia_inline_auto\" id=\"style-css-av-1buht0s-f8ce17d1f3484a85efdf5f8e34e84ab3\">\n.flex_column.av-1buht0s-f8ce17d1f3484a85efdf5f8e34e84ab3{\nborder-radius:0px 0px 0px 0px;\npadding:20px 20px 20px 20px;\nbackground-color:#f2f2f2;\n}\n<\/style>\n<div  class='flex_column av-1buht0s-f8ce17d1f3484a85efdf5f8e34e84ab3 av_three_fifth  avia-builder-el-10  el_after_av_one_full  el_before_av_two_fifth  first flex_column_div  column-top-margin'     ><style type=\"text\/css\" data-created_by=\"avia_inline_auto\" id=\"style-css-av-18u84nw-c23769b7197ef8c52c74b2b6205379af\">\n#top .av_textblock_section.av-18u84nw-c23769b7197ef8c52c74b2b6205379af .avia_textblock{\nfont-size:14px;\n}\n<\/style>\n<section  class='av_textblock_section av-18u84nw-c23769b7197ef8c52c74b2b6205379af '  ><div class='avia_textblock' ><p><strong>Inhalt<\/strong><br \/>\n<strong><a href=\"#1\">1. Der Unterschied zwischen ADHS und ADS <\/a><br \/>\n<\/strong>1.1. Ursachen von AD(H)S<br \/>\n1.2. Symptome von AD(H)S<\/p>\n<p><strong><a href=\"#2\">2. AD(H)S im Kita-Alltag <\/a><br \/>\n<\/strong>2.1. Allgemeine protektive Ma\u00dfnahmen bei AD(H)S<br \/>\n2.2. Konkrete Tipps f\u00fcr den Umgang mit AD(H)S-Kindern<\/p>\n<\/div><\/section><\/div><\/p>\n\n<style type=\"text\/css\" data-created_by=\"avia_inline_auto\" id=\"style-css-av-179bqdo-cb7f1c2bcdaac94125f51a0fc4936596\">\n.flex_column.av-179bqdo-cb7f1c2bcdaac94125f51a0fc4936596{\nborder-radius:0px 0px 0px 0px;\npadding:0 0 0 0;\n}\n<\/style>\n<div  class='flex_column av-179bqdo-cb7f1c2bcdaac94125f51a0fc4936596 av_two_fifth  avia-builder-el-12  el_after_av_three_fifth  el_before_av_sidebar  flex_column_div av-zero-column-padding  column-top-margin'     ><\/div>\n<div  class='avia-builder-widget-area clearfix  avia-builder-el-13  el_after_av_two_fifth  el_before_av_one_full '><div id=\"text-33\" class=\"widget clearfix widget_text\">\t\t\t<div class=\"textwidget\"><p><a href=\"https:\/\/www.backwinkel.de\/nachhaltig-denken\/\" target=\"\\_blank\" rel=\"noopener\"><br \/>\n<img decoding=\"async\" class=\"werbung-desktop alignnone wp-image-4186 size-full\" src=\"https:\/\/www.backwinkel.de\/blog\/wp-content\/uploads\/2026\/04\/Backwinkel-blog-werbebanner-shop-kita-schule_desktop.jpg\" alt=\"\" width=\"1251\" height=\"201\" \/><br \/>\n<\/a><br \/>\n<a href=\"https:\/\/www.backwinkel.de\/nachhaltig-denken\/\" target=\"\\_blank\" rel=\"noopener\"><br \/>\n<img decoding=\"async\" class=\"werbung-mobile alignnone wp-image-4187 size-full\" src=\"https:\/\/www.backwinkel.de\/blog\/wp-content\/uploads\/2026\/04\/Backwinkel-blog-werbebanner-shop-kiga-schule_mobile.jpg\" alt=\"\" width=\"550\" height=\"500\" \/><br \/>\n<\/a><\/p>\n<\/div>\n\t\t<\/div><\/div>\n\n<style type=\"text\/css\" data-created_by=\"avia_inline_auto\" id=\"style-css-av-4482e4-638c615ad0f31126baef29eeb1a51433\">\n.flex_column.av-4482e4-638c615ad0f31126baef29eeb1a51433{\nborder-radius:0px 0px 0px 0px;\npadding:0px 0px 0px 0px;\n}\n<\/style>\n<div  class='flex_column av-4482e4-638c615ad0f31126baef29eeb1a51433 av_one_full  avia-builder-el-14  el_after_av_sidebar  el_before_av_one_full  first flex_column_div av-zero-column-padding  '     ><section  class='av_textblock_section av-129m1fg-b72a93bde8aadaf020ee7e3d669f715c '  ><div class='avia_textblock' >\n<style type=\"text\/css\" data-created_by=\"avia_inline_auto\" id=\"style-css-av-vsv1ws-55b1f8105db867582b8b8f993762d668\">\n#top .hr.hr-invisible.av-vsv1ws-55b1f8105db867582b8b8f993762d668{\nheight:20px;\n}\n<\/style>\n<div  class='hr av-vsv1ws-55b1f8105db867582b8b8f993762d668 hr-invisible  avia-builder-el-16  avia-builder-el-no-sibling '><span class='hr-inner '><span class=\"hr-inner-style\"><\/span><\/span><\/div>\n<h2 id=\"1\" class=\"position\"><strong>Der Unterschied zwischen ADS und ADHS <\/strong><\/h2>\n<p>ADHS steht f\u00fcr <strong>A<\/strong>ufmerksamkeits-<strong>D<\/strong>efizit-<strong>H<\/strong>yperaktivit\u00e4ts-<strong>S<\/strong>yndrom, w\u00e4hrend bei ADS die Hyperaktivit\u00e4t fehlt. Ein Ungleichgewicht in der Hirnchemie sorgt daf\u00fcr, dass Betroffene keinen Filter f\u00fcr die sie umgebenden Reize besitzen \u2013 sie nehmen alles auf einmal wahr, was nicht nur dazu f\u00fchrt, dass sie sich schlecht fokussieren k\u00f6nnen, sondern auch ungeheuren Stress verursacht, f\u00fcr den die Kinder ein Ventil suchen.<\/p>\n<p><strong>ADHS<\/strong><\/p>\n<p>ADHS tritt bei Kindern mit einer H\u00e4ufigkeit von 3 bis 7 Prozent auf. Damit ist es die h\u00e4ufigste seelische Erkrankung im Kindesalter \u2013 muss aber nicht in jedem Fall therapiert werden, wenn die (leichten) Symptome die Kinder im Arbeits- und Sozialverhalten nicht einschr\u00e4nken. Und abgesehen von Schw\u00e4chen gehen auch St\u00e4rken mit ADHS einher, denn ADHS beeinflusst Verhalten und Wahrnehmung Betroffener in vielerlei Hinsicht.<\/p>\n<p><strong>Die 3 Subtypen des ADHS <\/strong><\/p>\n<p>Ein ADHS kann unterschiedliche Auspr\u00e4gungen haben. Es gibt drei Untertypen:<\/p>\n<ul>\n<li><strong>Vorwiegend unaufmerksamer Subtyp<\/strong><br \/>\nVergesslichkeit, Unkonzentriertheit, hohe Fehleranf\u00e4lligkeit, Schwierigkeiten bei Selbstorganisation und Zeiteinteilung sowie eine langsame Informationsverarbeitung zeichnen diese Auspr\u00e4gung aus.<\/li>\n<li><strong>Vorwiegend hyperaktiv-impulsiver Subtyp<\/strong><br \/>\nErh\u00f6hter Bewegungsdrang bzw. motorische Unruhe, J\u00e4hzorn, Wutausbr\u00fcche und geringe Frustrationstoleranz sind offenkundige Merkmale dieses Subtyps.<\/li>\n<li><strong>Kombinierter Subtyp<br \/>\n<\/strong>Wie der Name vermuten l\u00e4sst, finden sich hier Symptome der beiden anderen Untertypen im Verhalten des Kindes.<\/li>\n<\/ul>\n<p><strong>ADS<\/strong><\/p>\n<p>Diese Kinder wirken auch oft zerstreut und unaufmerksam, sind dabei aber eher in sich gekehrt \u2013 also die klassischen \u201eTr\u00e4umer\u201c. Bei diesem Syndrom fehlt die Hyperaktivit\u00e4t, weswegen ADS oft nicht erkannt wird. Es sind mehr M\u00e4dchen als Jungen betroffen \u2013 im Gegensatz zu ADHS, das h\u00e4ufiger bei Jungen auftritt.<\/p>\n<p>Vereinfacht ausgedr\u00fcckt kann man also sagen, dass Kinder mit ADHS nach au\u00dfen ausbrechen, w\u00e4hrend Kinder mit ADS sich eher nach innen zur\u00fcckziehen. Beide gehen also mit der sie \u00fcberfordernden Reiz\u00fcberflutung anders um.<\/p>\n<p><strong>Ursachen von AD(H)S <\/strong><\/p>\n<p>AD(H)S ist eine gehirnhormonelle St\u00f6rung, die sich auf die Durchblutung und Aktivierung bestimmter Gehirnregionen auswirkt und vererbbar ist. Deswegen haben oft mehrere Mitglieder einer Familie ein ADHS, was das Zusammenleben meistens weiter erschwert. Au\u00dferdem gibt es weitere Faktoren, die dieses Syndrom beg\u00fcnstigen oder verst\u00e4rken k\u00f6nnen. Hier besteht allerdings noch Forschungsbedarf.<\/p>\n<p>ADHS ist eine individuelle Veranlagung \u2013 manche Kinder sind vor allem unorganisiert, hektisch und zerstreut, andere neigen zu Gewaltausbr\u00fcchen, wieder andere fallen durch ihre Albernheit auf. Kinder mit ADS sind in der Regel ruhiger als Kinder mit ADHS (den vorwiegend unaufmerksamen Typ eventuell ausgenommen), haben aber aufgrund des nicht vorhandenen Reizfilters ebenfalls gro\u00dfe Probleme, sich zu fokussieren und konzentriert zu bleiben.<\/p>\n<p>Und gerade in der heutigen Zeit, in der wir alle unz\u00e4hligen Reizen gleichzeitig ausgesetzt sind, haben Kinder mit AD(H)S gro\u00dfe Schwierigkeiten, sich zurechtzufinden und die an sie gestellten Anforderungen zu bew\u00e4ltigen.<\/p>\n<\/div><\/section><\/div>\n\n<style type=\"text\/css\" data-created_by=\"avia_inline_auto\" id=\"style-css-av-4ndo3tf-ea0365222e6257eb75a1ee088cbb7c7b\">\n.flex_column.av-4ndo3tf-ea0365222e6257eb75a1ee088cbb7c7b{\nborder-radius:0px 0px 0px 0px;\npadding:0px 0px 0px 0px;\n}\n<\/style>\n<div  class='flex_column av-4ndo3tf-ea0365222e6257eb75a1ee088cbb7c7b av_one_full  avia-builder-el-17  el_after_av_one_full  el_before_av_one_full  first flex_column_div av-zero-column-padding  column-top-margin'     ><section  class='av_textblock_section av-lgdmn4ul-a6162e5610195bba896c557dae94502a '  ><div class='avia_textblock infoboxBlue' >\n<style type=\"text\/css\" data-created_by=\"avia_inline_auto\" id=\"style-css-av-4bi90mr-0549eb878845c890e8cccbc6a7ea864d\">\n#top .hr.hr-invisible.av-4bi90mr-0549eb878845c890e8cccbc6a7ea864d{\nheight:20px;\n}\n<\/style>\n<div  class='hr av-4bi90mr-0549eb878845c890e8cccbc6a7ea864d hr-invisible  avia-builder-el-19  avia-builder-el-no-sibling '><span class='hr-inner '><span class=\"hr-inner-style\"><\/span><\/span><\/div>\n<p><strong>Unsere reizvolle Welt <\/strong><\/p>\n<p>Wir leben in einer immer schnelleren Welt: Alle und alles ist miteinander vernetzt, pausenlos prasseln alle m\u00f6glichen Reize auf uns ein und unser Leben ist deutlich weniger planbar als noch vor wenigen Jahrzehnten.<\/p>\n<p>Globalisierung und digitale Revolution haben unseren Alltag auf den Kopf gestellt. W\u00e4hrend es fr\u00fcher normal war, sein Leben lang im selben gelernten Beruf beim selben Arbeitgeber zu arbeiten, strebt heute alles nach Ver\u00e4nderung. Reisebereitschaft ist in vielen Berufen normal geworden, die Anforderungen \u00e4ndern sich, neue Jobprofile entstehen genauso schnell, wie alte hinf\u00e4llig werden. Und wenn man etwas Neues ausprobieren will, gen\u00fcgen wenige Klicks im Internet, um als Quereinsteiger oder Freelancer neue Wirkungsbereiche zu finden.<\/p>\n<p>Jegliche Beziehungen sind instabiler als vor ein paar Jahrzehnten \u2013 ein Partner, ein Haus, ein Job pro Leben entspricht nicht mehr dem Zeitgeist. Trennungen und Scheidungen haben zugenommen, Jobwechsel oder Umschulungen sind weit verbreitet.<\/p>\n<p>Au\u00dferdem wachsen Kinder heute mit all den digitalen Finessen auf, die in den 1990er-Jahren noch neu waren: Sie kennen Smartphones und das Internet und erleben oft von klein auf, dass diese Medien den Alltag ihrer Eltern bestimmen. Eine App oder virtuelle Sprachassistenten ersetzen das Kochbuch, die Stra\u00dfenkarte, den Anruf im Kino. Man schreibt keine analog Briefe mehr, sondern E-Mails und Messenger-Nachrichten (die nachtr\u00e4glich l\u00f6schbar oder zur\u00fcckrufbar sind, wenn man zu voreilig war). Musikkassetten oder CDs braucht man dank YouTube oder Spotify nicht \u2013 und erspart sich so auch Suchen, Vorspulen oder einfach ein paar Minuten Reinh\u00f6ren, um sich in der Geschichte zu orientieren. Spielzeuge sind schon lange eher digital als analog.<\/p>\n<p>Alles geht schneller, zwischendurch und nebenbei. Dabei muss niemand gro\u00dfartig geduldig sein. Dadurch wird es allerdings immer schwieriger, Ruhe zu finden, sich zu fokussieren, sich Zeit zu lassen. Denn das alles will gelernt sein.<\/p>\n<p>ADS und ADHS bleiben in erster Linie hormonelle St\u00f6rungen. Doch unsere heutige Welt bietet immer weniger Schutzr\u00e4ume, die das Leben mit dieser Disposition einfacher machen. So k\u00f6nnen sich Symptome verst\u00e4rken, die in einer reiz\u00e4rmeren Umgebung nicht so deutlich oder st\u00f6rend hervortreten w\u00fcrden.<\/p>\n<\/div><\/section><\/div>\n\n<style type=\"text\/css\" data-created_by=\"avia_inline_auto\" id=\"style-css-av-3qpzfjn-70b0af58a402379613f3eb28468559ee\">\n.flex_column.av-3qpzfjn-70b0af58a402379613f3eb28468559ee{\nborder-radius:0px 0px 0px 0px;\npadding:0px 0px 0px 0px;\n}\n<\/style>\n<div  class='flex_column av-3qpzfjn-70b0af58a402379613f3eb28468559ee av_one_full  avia-builder-el-20  el_after_av_one_full  el_before_av_one_full  first flex_column_div av-zero-column-padding  column-top-margin'     ><section  class='av_textblock_section av-lgdmo4o9-673f09a5811721e5135a1bf1821f249a '  ><div class='avia_textblock' >\n<style type=\"text\/css\" data-created_by=\"avia_inline_auto\" id=\"style-css-av-3nzbwlv-8ddfe04a5aaa5c9d00debf4997b16537\">\n#top .hr.hr-invisible.av-3nzbwlv-8ddfe04a5aaa5c9d00debf4997b16537{\nheight:20px;\n}\n<\/style>\n<div  class='hr av-3nzbwlv-8ddfe04a5aaa5c9d00debf4997b16537 hr-invisible  avia-builder-el-22  avia-builder-el-no-sibling '><span class='hr-inner '><span class=\"hr-inner-style\"><\/span><\/span><\/div>\n<p><strong>Symptome von AD(H)S <\/strong><\/p>\n<p>Lebhaftigkeit hat nichts mit AD(H)S zu tun. Es mag Kinder geben, die den ganzen Tag toben und schreien k\u00f6nnen, deren Hirnchemie aber keine Diagnose auf AD(H)S ergibt. Gleichzeitig verhalten sich fast alle Menschen in einer Gruppe anders als im kleinen, vertrauten Rahmen: Kinder mit AD(H)S k\u00f6nnen z. B. in der Einzelbetreuung verhaltensunauff\u00e4llig sein, weil sie von Ruhe, klaren Anweisungen und der reiz\u00e4rmeren Umgebung profitieren.<\/p>\n<p>Genauso hat nicht jedes ruhige, oft abwesend wirkende Kind ein ADS, sondern vielleicht einfach nur Kummer, wenig geschlafen oder eine vor\u00fcbergehende Krankheit, die es schw\u00e4cht. Abgesehen davon, dass es nat\u00fcrlich auch einfach ruhige, vertr\u00e4umte Kinder gibt.<\/p>\n<p>Daher ist eine genaue Beobachtung des Kindes und seines Verhaltens \u00fcber einen Zeitraum von mehreren Monaten oder einem halben Jahr empfehlenswert. Wichtig ist auch, darauf zu achten, inwiefern das Verhalten des Kindes ihm selbst zu schaffen macht.<\/p>\n<p><strong>Leitfragen k\u00f6nnen z. B. die folgenden sein<\/strong>:<\/p>\n<ul>\n<li>Reagiert es k\u00f6rperlich aggressiv auf belastende Situationen und grenzt sich dadurch aus der Gruppe aus?<\/li>\n<li>Albert oder zappelt es so viel herum, dass die Konzentration darunter leidet?<\/li>\n<li>Zieht es sich so h\u00e4ufig oder lang in sich selbst zur\u00fcck, dass es dadurch wichtige Teile des Tagesgeschehens verpasst?<\/li>\n<\/ul>\n<p>Notieren Sie Ihre Beobachtungen am besten im Team und tauschen Sie sich aus. Es ist hilfreich, sich zus\u00e4tzlich in einer Tabelle zu vermerken, ob das Verhalten des Kindes mit bestimmten Situationen korreliert, die z. B. viele Reize wie einen lauten L\u00e4rmpegel beinhalten. Somit haben Sie dann vielleicht auch schon die erste Stellschraube gefunden, um diese Situationen zu entspannen.<\/p>\n<p>Reden Sie auch mit den Eltern: Wie verh\u00e4lt sich das Kind zu Hause? Gibt es vielleicht noch mehr Menschen mit einem AD(H)S in der Familie? Inwieweit ist der famili\u00e4re Alltag entspannt oder stressig?<\/p>\n<p>Die abschlie\u00dfende Diagnose muss nat\u00fcrlich ein (Kinder-)Arzt stellen. Doch in jedem Fall ist es sinnvoll, sich mit dem Verhalten des Kindes zu befassen \u2013 nicht nur, um Informationen zu sammeln und auszutauschen, sondern auch, um das Kind besser verstehen und ihm so den Alltag erleichtern zu k\u00f6nnen.<\/p>\n<p><strong>Vereinfacht zusammengefasst fallen Kinder mit ADHS vor allem durch die folgenden Eigenschaften und Verhaltensweisen auf<\/strong>:<\/p>\n<ul>\n<li>Konzentrationsschwierigkeiten<\/li>\n<li>motorische Unruhe<\/li>\n<li>geringe Frustrationstoleranz<\/li>\n<li>Impulsivit\u00e4t<\/li>\n<li>Stimmungsschwankungen<\/li>\n<li>geringes Organisationstalent<\/li>\n<li>Antriebslosigkeit (bei ADHS des unaufmerksamen Typs)<\/li>\n<\/ul>\n<p>Das umfasst nat\u00fcrlich auch viele andere kleine Dinge: Tr\u00f6deln oder Unp\u00fcnktlichkeit, Wutausbr\u00fcche oder Geistesabwesenheit, ein schlechtes Kurzzeitged\u00e4chtnis oder das Aufschieben von Aufgaben.<\/p>\n<p><strong>ADS zeichnet sich vor allem durch diese Merkmale aus<\/strong>:<\/p>\n<ul>\n<li>erh\u00f6hter Ruhebedarf<\/li>\n<li>Geistesabwesenheit<\/li>\n<li>Prokrastination<\/li>\n<li>Motivationsschwierigkeiten<\/li>\n<li>Vergesslichkeit (vor allem schlechtes Kurzzeitged\u00e4chtnis)<\/li>\n<li>mangelnde Konzentration<\/li>\n<li>Unp\u00fcnktlichkeit<\/li>\n<\/ul>\n<p>All das sorgt nat\u00fcrlich daf\u00fcr, dass auch Kinder mit ADS den Anforderungen des Alltags nur in seltenen F\u00e4llen entsprechen k\u00f6nnen \u2013 auch wenn sie von ihrer Umwelt wahrscheinlich als weniger st\u00f6rend empfunden werden als ihre hyperaktiven Zeitgenossen. Doch auch diese Kinder leiden, weil sie oft unter Stress stehen, wenn die ganze Welt mal wieder zu viel ist.<\/p>\n<p><strong>Gleichzeitig k\u00f6nnen viele positive Eigenschaften mit AD(H)S einhergehen, z. B. diese<\/strong>:<\/p>\n<ul>\n<li>\u00fcberdurchschnittliche Intelligenz<\/li>\n<li>hohe Empathie<\/li>\n<li>Kreativit\u00e4t<\/li>\n<li>Humor<\/li>\n<li>Sensibilit\u00e4t<\/li>\n<\/ul>\n<p>Deswegen findet man vor allem im kreativen Bereich gelegentlich talentierte Erwachsene mit einem ADHS: Sie haben ein Umfeld gefunden, in dem ihre Getriebenheit und Impulsivit\u00e4t eine Bereicherung ist und sie nicht mehr in ihrem Alltag belastet. Au\u00dferdem finden Betroffene mit den Jahren immer mehr M\u00f6glichkeiten, um sich mit ihrem AD(H)S zu arrangieren, w\u00e4hrend Kinder erst am Anfang stehen und nicht verstehen, warum sie sind, wie sie sind.<\/p>\n<p>Und nat\u00fcrlich ist kein Betroffener wie der andere. Nicht nur, weil eine solche hormonelle St\u00f6rung individueller ist als eine Erk\u00e4ltung, sondern auch, weil Pers\u00f6nlichkeit, Biografie und soziales Umfeld eine wichtige Rolle spielen.<\/p>\n<p>Daher sind auch Depression, Autoaggression oder Suizidalit\u00e4t m\u00f6gliche Auswirkungen eines stark ausgepr\u00e4gten AD(H)S: Je mehr die Disposition das Sozial- und Arbeitsverhalten der Kinder beeintr\u00e4chtigt, umso mehr leiden sie selbst darunter. Das kann sich in mangelndem Selbstwertgef\u00fchl oder Selbsthass \u00e4u\u00dfern, wenn das Kind z. B. der \u00dcberzeugung ist \u201eselbst schuld\u201c oder \u201egest\u00f6rt\u201c zu sein oder glaubt, immer selbst alles (Situationen, Beziehungen) \u201ekaputtzumachen\u201c, was vielleicht gut angefangen hat. AD(H)S ist also in keinem Fall zu untersch\u00e4tzen und Sie ben\u00f6tigen Fingerspitzengef\u00fchl im Umgang mit Betroffenen. Denn am meisten leiden immer die Kinder selbst, auch wenn sie durch ihr unfreiwilliges Verhalten die ganze Gruppe sprengen k\u00f6nnen.<\/p>\n<p>Je fr\u00fcher AD(H)S erkannt wird, umso eher kann eine Therapie ansetzen. In einigen F\u00e4llen basiert sie auf Medikamenten wie Ritalin, aber meistens kommt au\u00dferdem eine Verhaltenstherapie hinzu, die den Kindern Methoden an die Hand gibt, um besser mit Stresssituationen umzugehen. Mit diesen Bew\u00e4ltigungsstrategien k\u00f6nnen sie es schaffen, im weiteren Leben ihre Veranlagung zu kompensieren und so auch ihre schulische und berufliche Laufbahn mit weniger Defiziten zu beschreiten.<\/p>\n<\/div><\/section><\/div>\n\n<style type=\"text\/css\" data-created_by=\"avia_inline_auto\" id=\"style-css-av-58tigu4-95629909cbbb600d1460f85a7385357f\">\n.flex_column.av-58tigu4-95629909cbbb600d1460f85a7385357f{\nborder-radius:0px 0px 0px 0px;\npadding:0px 0px 0px 0px;\n}\n<\/style>\n<div  class='flex_column av-58tigu4-95629909cbbb600d1460f85a7385357f av_one_full  avia-builder-el-23  el_after_av_one_full  el_before_av_one_third  first flex_column_div av-zero-column-padding  column-top-margin'     ><section  class='av_textblock_section av-likadwp3-091b55220755a03ad140da75f6987697 '  ><div class='avia_textblock' >\n<style type=\"text\/css\" data-created_by=\"avia_inline_auto\" id=\"style-css-av-5039vr0-fc931b1a710d3266d70408bab2ef42d8\">\n#top .hr.hr-invisible.av-5039vr0-fc931b1a710d3266d70408bab2ef42d8{\nheight:20px;\n}\n<\/style>\n<div  class='hr av-5039vr0-fc931b1a710d3266d70408bab2ef42d8 hr-invisible  avia-builder-el-25  avia-builder-el-no-sibling '><span class='hr-inner '><span class=\"hr-inner-style\"><\/span><\/span><\/div>\n<h2 id=\"2\" class=\"position\"><strong>AD(H)S im Kita-Alltag <\/strong><\/h2>\n<p>Eine Gruppe ist immer so stark wie ihr schw\u00e4chstes Mitglied \u2013 und ein einziges Kind mit ADHS, das beim Vorlesen dazwischenredet oder durch den Raum l\u00e4uft, anstatt zuzuh\u00f6ren oder sich an seinem Platz zu besch\u00e4ftigen, kann die Konzentration aller anderen empfindlich beeintr\u00e4chtigen. Au\u00dferdem gibt es Kinder, die mehr als andere eine ruhige Umgebung brauchen, um sich wohlzuf\u00fchlen \u2013 hochsensible oder introvertierte Kinder beispielsweise.<\/p>\n<p>Gleichzeitig k\u00f6nnen impulsive Ausbr\u00fcche und lautes Schreien anderen Kindern Angst machen und bringen in den meisten F\u00e4llen Unruhe in die Gruppe, die einige Zeit andauert: Manche Kinder ziehen sich vielleicht zur\u00fcck, andere werden ebenfalls laut.<\/p>\n<p>Kinder mit ADS hingegen fallen oft gar nicht bis wenig auf, da sie sich in sich selbst zur\u00fcckziehen und dadurch die anderen nicht st\u00f6ren. So erledigen sie z. B. durch mangelndes Durchhalteverm\u00f6gen oder fehlende Konzentration einzelne Aufgaben nicht oder beteiligen sich nur kurz an Gruppenaktivit\u00e4ten, bevor sie aus dem Fenster schauen o. \u00c4.<\/p>\n<p>Diese Kinder sind i. d. R. weder typische \u201eSt\u00f6renfriede\u201c noch Klassenclowns \u2013 sie ziehen sich einfach zwischendurch aus dem Geschehen heraus, ohne es selbst zu merken. Nat\u00fcrlich verpassen sie dadurch unter Umst\u00e4nden genauso viel wie ein Kind mit ADHS, das einen Wutanfall bekommt oder Dinge durch die Gegend wirft \u2013 aber es beeintr\u00e4chtigt die anderen nicht in Arbeit oder Konzentration.<\/p>\n<p><strong>Allgemeine protektive Ma\u00dfnahmen bei AD(H)S <\/strong><\/p>\n<p>Generell gibt es im Umgang mit Menschen, die von ADHS betroffen sind, bestimmte positive Ma\u00dfnahmen, die die Symptome verringern:<\/p>\n<ul>\n<li><strong>Struktur<\/strong><\/li>\n<\/ul>\n<p>Jeden Tag zur selben Uhrzeit aufstehen, gemeinsam fr\u00fchst\u00fccken, zu festen Zeiten spielen, essen, schlafen, arbeiten: Das hilft auch Menschen ohne ADHS dabei, sich zu organisieren und zur Ruhe zu kommen, anstatt sich durch zu viel Spontaneit\u00e4t oder zu viele Termine zu verzetteln. Auch Rituale helfen bei Strukturierung und Entschleunigung.<\/p>\n<ul>\n<li><strong>Ruhe <\/strong><\/li>\n<\/ul>\n<p>Gerade J\u00e4hzorn, Impulsivit\u00e4t, Stimmungsschwankungen und Reiz\u00fcberflutung im Allgemeinen begegnet man erfolgreich durch Ruhe: Eine leise Stimme, eine sanfte Ber\u00fchrung, sachliche Fragen und konstruktive Vorschl\u00e4ge helfen vor allem Kindern, sich wieder zu erden.<\/p>\n<ul>\n<li><strong>liebevoller Umgang <\/strong><\/li>\n<\/ul>\n<p>Geduld, Empathie, Respekt und Verst\u00e4ndnis sind Grundvoraussetzung im Umgang mit jedem Lebewesen. Niemand sollte die Erfahrung machen, dass er \/ sie \u201enicht richtig\u201c, b\u00f6se, dumm usw. ist, nur weil das eigene Verhalten von der Norm abweichen mag. Au\u00dferdem hilft es, im Hinterkopf zu behalten, dass Betroffene erstens einfach nicht anders k\u00f6nnen, es aber zweitens sehr gerne w\u00fcrden. Denn niemand verursacht freiwillig Probleme mit seinem Verhalten.<\/p>\n<ul>\n<li><strong>klare Kommunikation<\/strong><\/li>\n<\/ul>\n<p>Nicht nur (versteckte) Vorw\u00fcrfe, Drohungen und R\u00fcgen sind in wertsch\u00e4tzender Kommunikation tabu, sondern auch Botschaften mit Double-Bind-Potenzial oder anderweitig missverst\u00e4ndliche \u00c4u\u00dferungen. Auch Verallgemeinerungen (\u201eNie kannst du dich benehmen!\u201c) und f\u00fcr die Kinder nicht nachvollziehbare Konsequenzen sind weder erfolgreich noch verbessern sie das zwischenmenschliche Verh\u00e4ltnis. Merkt ein Kind z. B. gar nicht, dass es immer wieder aus dem Fenster schaut oder aufsteht, anstatt sich mit seiner Bastelarbeit zu besch\u00e4ftigen, wird es nicht verstehen, warum es aus der Bastelgruppe ausgeschlossen wird.<\/p>\n<ul>\n<li><strong>ausreichende k\u00f6rperliche Bewegung<\/strong><\/li>\n<\/ul>\n<p>Wer sich zwischendurch auspowert, ist ausgeglichener, ges\u00fcnder, schl\u00e4ft besser und kann sich besser konzentrieren. Das ist keine neue Erkenntnis und wir alle haben schon die Erfahrung gemacht, dass Sport oder k\u00f6rperliche Bewegung einfach guttun. K\u00f6rperliche Bet\u00e4tigung hilft gegen motorische Unruhe, sorgt f\u00fcr andere Reize und versorgt das Hirn mit Sauerstoff. Betroffene Kinder profitieren daher von regelm\u00e4\u00dfigen Pausen, in denen sie toben, klettern oder tanzen k\u00f6nnen.<\/p>\n<ul>\n<li><strong>Anpassung an die Wahrnehmung und Anforderungen Betroffener <\/strong><\/li>\n<\/ul>\n<p>Wer sagt, dass man als Kind oder Erwachsener lernen muss, sich stundenlang auf eine einzige Sache zu konzentrieren? Nat\u00fcrlich verlangt unser (Bildungs-)System diese Anforderung noch immer h\u00e4ufig, aber prominente Beispiele beweisen, dass man auch anders Erfolg im Leben haben kann: So arbeitet z. B. Elon Musk <strong>konzentriert<\/strong> f\u00fcr 5 Minuten an jedem Thema, bevor er zum n\u00e4chsten \u00fcbergeht.<\/p>\n<p>Auch ein ruhiges, reizarmes Umfeld f\u00f6rdert Konzentration und Produktivit\u00e4t. Und wenn es bei Kindern doch mal nicht so klappt, sollten Sie jederzeit bereit sein, ihnen entgegenzukommen, z. B. durch eine kleine Pause, Bewegungsspiele oder einen Ortswechsel. Denn wenn wir ehrlich sind, richten auch wir uns den (Arbeits-)Alltag nach unseren Bed\u00fcrfnissen ein, sobald wir k\u00f6nnen: Mal eben ein M\u00fcsli essen, eine Maschine W\u00e4sche anstellen oder E-Mails lesen ist f\u00fcr alle Menschen eine willkommene Unterbrechung \u2013 gerade bei unliebsamen Aufgaben.<\/p>\n<p><strong>Konkrete Tipps f\u00fcr den Umgang mit AD(H)S-Kindern <\/strong><\/p>\n<p>Manchmal schaffen schon kleine Tricks schnelle Abhilfe, um die Kinder zu erden, wenn ihnen alles zu viel wird. Wie so oft sind Verst\u00e4ndnis, Empathie und Zuneigung der Schl\u00fcssel zu einem angenehmen Miteinander. F\u00fcr die betroffenen Kinder sind Situationen, in denen sie (sich) ausklinken, eben auch nur Notl\u00f6sungen mangels besserer M\u00f6glichkeiten. Da w\u00e4re es doch fantastisch, wenn Sie gemeinsam bessere L\u00f6sungen f\u00e4nden. Entdecken Sie nachfolgend ein paar Anregungen.<\/p>\n<ul>\n<li><strong>Bieten Sie Alternativen an<\/strong><\/li>\n<\/ul>\n<p>Wenn ein Kind sich nicht mehr auf das eigentliche Thema konzentrieren kann, braucht es vielleicht eine Auszeit. <strong>Achtung<\/strong>: Diese Auszeit ist niemals eine Strafe und das Kind darf diese nicht als solche empfinden. Auch mit einer Belohnung hat das nichts zu tun, denn Kinder mit einem ADHS \u201est\u00f6ren\u201c nicht absichtlich \u2013 sie k\u00f6nnen einfach nicht anders. Wenn sie merken, dass ihr f\u00fcr sie normales und oft auch f\u00fcr sie selbst anstrengendes Verhalten von ihrem Umfeld als negativ bewertet wird, wirkt sich das selbstverst\u00e4ndlich negativ auf ihr Selbstwertgef\u00fchl aus. Nicht umsonst haben Betroffene oft depressive Tendenzen und neigen im Erwachsenenalter zu Suchtaffinit\u00e4t.<\/p>\n<p>Wer also nicht mehr im Morgenkreis sitzen mag, kann still auf dem Bauteppich spielen oder malen. Und wenn ein Kind generell Probleme damit hat, ruhig zu sitzen, hilft ein Igelball, ein Handschmeichler oder ein Sitzball, auf dem sich die Kinder ausbalancieren m\u00fcssen. Das ist ungef\u00e4hrlicher und ges\u00fcnder als mit dem Stuhl zu kippeln.<\/p>\n<p>Vielleicht haben die betreffenden Kinder auch ihre eigenen \u201ehappy places\u201c in Form von nicht st\u00f6renden Lieblingsbesch\u00e4ftigungen: Wer gerne knetet oder prickelt, kann noch immer der M\u00e4rchenstunde zuh\u00f6ren. Und das Fingerspiel mit einem Gummiband ist auch bei einer Kamishibai-Vorf\u00fchrung weder st\u00f6rend noch f\u00fcr das Kind selbst konzentrationshemmend \u2013 wahrscheinlich eher im Gegenteil. Die Beliebtheit von Fidget Spinners auch bei Erwachsenen kann man daher unter verschiedenen Aspekten zu verstehen versuchen.<\/p>\n<p>Viele Kinder finden auch Ruhe, wenn sie sich ihrer kreativen Lieblingsbesch\u00e4ftigung zuwenden: Musizieren, Basteln, Malen, T\u00f6pfern, Bauen o. \u00c4. Und auch Naturerfahrungen erden Kinder.<\/p>\n<ul>\n<li><strong>Seien Sie verst\u00e4ndnisvoll<\/strong><\/li>\n<\/ul>\n<p>Erkl\u00e4ren Sie den Kindern, warum Sie bestimmte Ma\u00dfnahmen ergreifen oder warum es jetzt wichtig ist, still zu sein. Manchmal hilft das \u00fcbergangsweise, um eine Verbesserung herbeizuf\u00fchren \u2013 vor allem, wenn der Tagesablauf einer klaren Struktur folgt. So kann es von Erfolg gekr\u00f6nt sein, das Kind zu fragen, ob es noch 10 Minuten im Morgenkreis sitzenbleiben kann, bevor alle zum Spielen nach drau\u00dfen gehen. Dabei sollte jedes Kind auch die M\u00f6glichkeit haben, die Frage zu verneinen sowie eine Alternative, die nichts mit Strafe oder Ausgrenzung zu tun hat.<\/p>\n<ul>\n<li><strong>Bleiben Sie ruhig<\/strong><\/li>\n<\/ul>\n<p>Die Ruhe zu bewahren, mag manchmal schwerfallen \u2013 nicht nur einem Kind mit ADHS, sondern auch Ihnen. Somit haben Sie in dieser Situation schon etwas mit Ihrem Sch\u00fctzling gemeinsam. Gerade dann, wenn es sich um Handgreiflichkeiten oder Tobsuchtsanf\u00e4lle handelt, ist es wichtig, die Lage schnell zu entspannen. Und das funktioniert eben nur mit Ruhe und Souver\u00e4nit\u00e4t.<\/p>\n<p>Reden Sie leise, aber bestimmt. F\u00fchren Sie das Kind weg vom Ort des Geschehens, am besten ganz aus dem Raum und geben Sie ihm Zeit, damit es sich wieder beruhigen kann. H\u00f6ren Sie ihm zu und akzeptieren Sie seine Wut und alle anderen Gef\u00fchle. So wei\u00df das Kind auch, dass sie es ernstnehmen und wertsch\u00e4tzen, anstatt es f\u00fcr sein Verhalten zu verurteilen. Und vielleicht finden Sie zusammen eine Alternative, die dem Kind hilft, in einer Extremsituation zuk\u00fcnftig anders zu reagieren.<\/p>\n<ul>\n<li><strong>Kl\u00e4ren Sie die anderen Kinder auf<\/strong><\/li>\n<\/ul>\n<p>Nat\u00fcrlich darf kein Kind Ihrer Gruppe das Gef\u00fchl bekommen, wer \u201est\u00f6rt\u201c, bekomme eine Extrawurst. Versuchen Sie, den Kindern Verst\u00e4ndnis daf\u00fcr zu vermitteln, dass jeder Mensch anders ist und dementsprechend nicht nur andere St\u00e4rken, sondern auch andere Bed\u00fcrfnisse hat. Ein Kind ohne ADS wird vielleicht mit Begeisterung eine halbe Stunde am St\u00fcck basteln und gar nicht auf die Idee kommen, eine Pause einzulegen, w\u00e4hrend ein Kind mit ADS zwischendurch mit den Stiften rumspielt und auch w\u00e4hrend einer spannenden Vorleserunde nach ein paar Minuten in Tagtr\u00e4ume abtaucht.<\/p>\n<p>Einen guten Einstieg in das Thema Toleranz und Individualit\u00e4t liefern Haustiere. Wenn einige Kinder in der Gruppe eine Katze oder einen Hund als Haustier oder anderweitige Tiererfahrungen haben, werden sie im Gespr\u00e4ch schnell feststellen, dass manche Hunde unerm\u00fcdlich toben und andere bei Regen noch nicht mal vor die T\u00fcr wollen, w\u00e4hrend manche Katzen nie auf den Scho\u00df kommen und andere den ganzen Tag schmusen k\u00f6nnten.<\/p>\n<p>Und erstaunlicherweise haben Menschen die Tendenz, das individuelle Verhalten bei Tieren hinzunehmen, auch wenn es manchmal unerw\u00fcnscht oder sogar selbst herbeigef\u00fchrt sein mag (\u201eBello bettelt immer, wenn wir essen\u201c, \u201eMimi l\u00e4sst sich nicht gern streicheln\u201c). Sobald es allerdings um andere Menschen, vor allem Kinder geht, ma\u00dfen sich die meisten (Erwachsenen) an, das in ihren Augen erw\u00fcnschte Verhalten mit verschiedenen Mitteln herbeif\u00fchren zu wollen. Dabei ist es viel sinnvoller, Lebewesen in ihrer Individualit\u00e4t zu akzeptieren, zu respektieren und gemeinsam herauszufinden, wie sich der Alltag f\u00fcr alle Beteiligten angenehm gestalten l\u00e4sst.<\/p>\n<\/div><\/section><\/div>\n<div class='flex_column_table av-76hadzw-6da70b83d9319c3ab55346eee47dc249 sc-av_one_third av-equal-height-column-flextable'>\n<style type=\"text\/css\" data-created_by=\"avia_inline_auto\" id=\"style-css-av-76hadzw-6da70b83d9319c3ab55346eee47dc249\">\n.flex_column.av-76hadzw-6da70b83d9319c3ab55346eee47dc249{\nborder-width:1px;\nborder-color:#ebebeb;\nborder-style:solid;\nborder-radius:0px 0px 0px 0px;\npadding:10px 10px 10px 10px;\n}\n<\/style>\n<div  class='flex_column av-76hadzw-6da70b83d9319c3ab55346eee47dc249 av_one_third  avia-builder-el-26  el_after_av_one_full  el_before_av_one_third  first flex_column_table_cell av-equal-height-column av-align-top  column-top-margin'     ><p><section  class='av_textblock_section av-nmoe2k-460ab511313350537b20305e02d1844c '  ><div class='avia_textblock' ><p><img decoding=\"async\" class=\"alignnone wp-image-11847 \" src=\"https:\/\/blog.backwinkel.de\/wp-content\/uploads\/2023\/07\/54825_igelbaelle_set.jpeg\" alt=\"\" width=\"550\" height=\"550\" srcset=\"https:\/\/www.backwinkel.de\/blog\/wp-content\/uploads\/2023\/07\/54825_igelbaelle_set.jpeg 700w, https:\/\/www.backwinkel.de\/blog\/wp-content\/uploads\/2023\/07\/54825_igelbaelle_set-36x36.jpeg 36w, https:\/\/www.backwinkel.de\/blog\/wp-content\/uploads\/2023\/07\/54825_igelbaelle_set-180x180.jpeg 180w\" sizes=\"(max-width: 550px) 100vw, 550px\" \/><\/p>\n<p style=\"font-size: 20px; font-family: urw_grotesk_extra_narrowrg; text-align: left;\">Super-Sparset Igelb\u00e4lle<\/p>\n<p style=\"text-align: left;\"><div  class='avia-button-wrap av-66y8v3w-72e18aa79e8639067ee0ef1f564a4b25-wrap avia-button-center  avia-builder-el-28  avia-builder-el-no-sibling '><a href='https:\/\/www.backwinkel.de\/prod\/super-sparset-igelbaelle.html'  class='avia-button av-66y8v3w-72e18aa79e8639067ee0ef1f564a4b25 av-link-btn avia-icon_select-no avia-size-medium avia-position-center avia-color-theme-color'  target=\"_blank\"  rel=\"noopener noreferrer\"  aria-label=\"zum Produkt\"><span class='avia_iconbox_title' >zum Produkt<\/span><\/a><\/div><\/p>\n<\/div><\/section><br \/>\n\n<style type=\"text\/css\" data-created_by=\"avia_inline_auto\" id=\"style-css-av-5wzewt8-92e16421057a8d77420609fc0d757192\">\n#top .hr.hr-invisible.av-5wzewt8-92e16421057a8d77420609fc0d757192{\nheight:20px;\n}\n<\/style>\n<div  class='hr av-5wzewt8-92e16421057a8d77420609fc0d757192 hr-invisible  avia-builder-el-29  el_after_av_textblock  avia-builder-el-last '><span class='hr-inner '><span class=\"hr-inner-style\"><\/span><\/span><\/div><\/p><\/div>\n<div class='av-flex-placeholder'><\/div>\n<style type=\"text\/css\" data-created_by=\"avia_inline_auto\" id=\"style-css-av-5ffs54s-e30d591f3ecc600881a0aca069f5e502\">\n.flex_column.av-5ffs54s-e30d591f3ecc600881a0aca069f5e502{\nborder-width:1px;\nborder-color:#ebebeb;\nborder-style:solid;\nborder-radius:0px 0px 0px 0px;\npadding:10px 10px 10px 10px;\n}\n<\/style>\n<div  class='flex_column av-5ffs54s-e30d591f3ecc600881a0aca069f5e502 av_one_third  avia-builder-el-30  el_after_av_one_third  el_before_av_one_third  flex_column_table_cell av-equal-height-column av-align-top  column-top-margin'     ><p><section  class='av_textblock_section av-4t13xlo-54f0dc2272524b77f968d8d514c38b28 '  ><div class='avia_textblock' ><p><img decoding=\"async\" class=\"alignnone wp-image-11848 \" src=\"https:\/\/blog.backwinkel.de\/wp-content\/uploads\/2023\/07\/23290_regenbogen-motorikscheiben-ploppi-eduplay_01.jpeg\" alt=\"\" width=\"549\" height=\"549\" srcset=\"https:\/\/www.backwinkel.de\/blog\/wp-content\/uploads\/2023\/07\/23290_regenbogen-motorikscheiben-ploppi-eduplay_01.jpeg 700w, https:\/\/www.backwinkel.de\/blog\/wp-content\/uploads\/2023\/07\/23290_regenbogen-motorikscheiben-ploppi-eduplay_01-36x36.jpeg 36w, https:\/\/www.backwinkel.de\/blog\/wp-content\/uploads\/2023\/07\/23290_regenbogen-motorikscheiben-ploppi-eduplay_01-180x180.jpeg 180w\" sizes=\"(max-width: 549px) 100vw, 549px\" \/><\/p>\n<p style=\"font-size: 20px; font-family: urw_grotesk_extra_narrowrg; text-align: left;\">Motorikscheiben<\/p>\n<p style=\"text-align: left;\"><div  class='avia-button-wrap av-4fcbg70-f582e64be7eb4a839ed5dfb92329b958-wrap avia-button-center  avia-builder-el-32  avia-builder-el-no-sibling '><a href='https:\/\/www.backwinkel.de\/prod\/6-motorikscheiben.html'  class='avia-button av-4fcbg70-f582e64be7eb4a839ed5dfb92329b958 av-link-btn avia-icon_select-no avia-size-medium avia-position-center avia-color-theme-color'  target=\"_blank\"  rel=\"noopener noreferrer\"  aria-label=\"zum Produkt\"><span class='avia_iconbox_title' >zum Produkt<\/span><\/a><\/div><\/p>\n<\/div><\/section><br \/>\n\n<style type=\"text\/css\" data-created_by=\"avia_inline_auto\" id=\"style-css-av-43bs17g-48927aec0315f69a293a735b045a5fbb\">\n#top .hr.hr-invisible.av-43bs17g-48927aec0315f69a293a735b045a5fbb{\nheight:20px;\n}\n<\/style>\n<div  class='hr av-43bs17g-48927aec0315f69a293a735b045a5fbb hr-invisible  avia-builder-el-33  el_after_av_textblock  avia-builder-el-last '><span class='hr-inner '><span class=\"hr-inner-style\"><\/span><\/span><\/div><\/p><\/div>\n<div class='av-flex-placeholder'><\/div>\n<style type=\"text\/css\" data-created_by=\"avia_inline_auto\" id=\"style-css-av-3grv7jw-6d4f2f0d6c510073ad824791a5e8f971\">\n.flex_column.av-3grv7jw-6d4f2f0d6c510073ad824791a5e8f971{\nborder-width:1px;\nborder-color:#ebebeb;\nborder-style:solid;\nborder-radius:0px 0px 0px 0px;\npadding:10px 10px 10px 10px;\n}\n<\/style>\n<div  class='flex_column av-3grv7jw-6d4f2f0d6c510073ad824791a5e8f971 av_one_third  avia-builder-el-34  el_after_av_one_third  el_before_av_hr  flex_column_table_cell av-equal-height-column av-align-top  column-top-margin'     ><p><section  class='av_textblock_section av-36p1ni4-35ef68d5d372b7942808b6f2d82fcf88 '  ><div class='avia_textblock' ><p><img decoding=\"async\" class=\"alignnone wp-image-11849 \" src=\"https:\/\/blog.backwinkel.de\/wp-content\/uploads\/2023\/07\/53842_ricochet-wackel-hocker_image.jpeg\" alt=\"\" width=\"549\" height=\"549\" srcset=\"https:\/\/www.backwinkel.de\/blog\/wp-content\/uploads\/2023\/07\/53842_ricochet-wackel-hocker_image.jpeg 700w, https:\/\/www.backwinkel.de\/blog\/wp-content\/uploads\/2023\/07\/53842_ricochet-wackel-hocker_image-36x36.jpeg 36w, https:\/\/www.backwinkel.de\/blog\/wp-content\/uploads\/2023\/07\/53842_ricochet-wackel-hocker_image-180x180.jpeg 180w\" sizes=\"(max-width: 549px) 100vw, 549px\" \/><\/p>\n<p style=\"font-size: 20px; font-family: urw_grotesk_extra_narrowrg; text-align: left;\">Ricochet Wackel-Hocker<\/p>\n<p style=\"text-align: left;\"><div  class='avia-button-wrap av-8t5uvw-caa23789b9829b3ba072ec76714fbfcc-wrap avia-button-center  avia-builder-el-36  avia-builder-el-no-sibling '><a href='https:\/\/www.backwinkel.de\/prod\/ricochet-wackel-hocker-sitzhoehe-30-cm.html'  class='avia-button av-8t5uvw-caa23789b9829b3ba072ec76714fbfcc av-link-btn avia-icon_select-no avia-size-medium avia-position-center avia-color-theme-color'  target=\"_blank\"  rel=\"noopener noreferrer\"  aria-label=\"zum Produkt\"><span class='avia_iconbox_title' >zum Produkt<\/span><\/a><\/div><\/p>\n<\/div><\/section><br \/>\n\n<style type=\"text\/css\" data-created_by=\"avia_inline_auto\" id=\"style-css-av-26so0nw-1bacdfcc259cc0830e957529109312d4\">\n#top .hr.hr-invisible.av-26so0nw-1bacdfcc259cc0830e957529109312d4{\nheight:20px;\n}\n<\/style>\n<div  class='hr av-26so0nw-1bacdfcc259cc0830e957529109312d4 hr-invisible  avia-builder-el-37  el_after_av_textblock  avia-builder-el-last '><span class='hr-inner '><span class=\"hr-inner-style\"><\/span><\/span><\/div><\/p><\/div><\/div><!--close column table wrapper. Autoclose: 1 -->\n\n<style type=\"text\/css\" data-created_by=\"avia_inline_auto\" id=\"style-css-av-kz7pcc-998c523973ce04bd41c056e7ad17fd36\">\n#top .hr.av-kz7pcc-998c523973ce04bd41c056e7ad17fd36{\nmargin-top:10px;\nmargin-bottom:10px;\n}\n.hr.av-kz7pcc-998c523973ce04bd41c056e7ad17fd36 .hr-inner{\nwidth:500;\n}\n<\/style>\n<div  class='hr av-kz7pcc-998c523973ce04bd41c056e7ad17fd36 hr-custom  avia-builder-el-38  el_after_av_one_third  el_before_av_one_full  hr-left hr-icon-no'><span class='hr-inner inner-border-av-border-none'><span class=\"hr-inner-style\"><\/span><\/span><\/div>\n\n<style type=\"text\/css\" data-created_by=\"avia_inline_auto\" id=\"style-css-av-3tembw-a1c4b21fc3f6f2fd3d0d32482ae74cc6\">\n.flex_column.av-3tembw-a1c4b21fc3f6f2fd3d0d32482ae74cc6{\nborder-radius:0px 0px 0px 0px;\npadding:10px 10px 10px 10px;\nbackground-color:#f2f2f2;\n}\n<\/style>\n<div  class='flex_column av-3tembw-a1c4b21fc3f6f2fd3d0d32482ae74cc6 av_one_full  avia-builder-el-39  el_after_av_hr  el_before_av_one_full  first flex_column_div  '     ><section  class='av_textblock_section av-2hcanw-354275dfda09aacb13c8894d92e606ed '  ><div class='avia_textblock' ><p class=\"fussnoten-quellen\"><strong>Lesestoff:<\/strong><\/p>\n<p><span style=\"font-size: 14pt;\">Webseite zum Thema ADHS und ADS: \u00a0<\/span><br \/>\n<span style=\"font-size: 14pt;\"> <a href=\"http:\/\/adhs-ads.com\" target=\"_blank\" rel=\"noopener\">http:\/\/adhs-ads.com<\/a><br \/>\n<\/span><\/p>\n<p><span style=\"font-size: 14pt;\">ADHS Deutschland e. V. Selbsthilfe f\u00fcr Menschen mit ADHS:<br \/>\n<a href=\"https:\/\/www.adhs-deutschland.de\/Home.aspx\" target=\"_blank\" rel=\"noopener\">https:\/\/www.adhs-deutschland.de\/Home.aspx<\/a><br \/>\n<\/span><\/p>\n<p><span style=\"font-size: 14pt;\">Streif, Johannes: Eine kleine Geschichte der ADHS, In: neue AKZENTE, Nr.100, 1\/2015, S. 4 \u2013 13.<br \/>\n<a href=\"http:\/\/www.adhs-deutschland.de\/Portaldata\/1\/Resources\/pdf\/2_1_adhs___ads\/Eine_kleine_Geschichte_der_ADHS-Streif_2017.pdf\" target=\"_blank\" rel=\"noopener\">http:\/\/www.adhs-deutschland.de\/Portaldata\/1\/Resources\/pdf\/2_1_adhs___ads\/Eine_kleine_Geschichte_der_ADHS-Streif_2017.pdf<\/a><\/span><\/p>\n<p><span style=\"font-size: 14pt;\">Infoportal ADHS, F\u00fcr Kinder, F\u00fcr Jugendliche, F\u00fcr Erwachsene, F\u00fcr Eltern und Angeh\u00f6rige:<br \/>\n<a href=\"https:\/\/www.adhs.info\/fuer-eltern-und-angehoerige\/welche-behandlungsmoeglichkeiten-gibt-es\/\" target=\"_blank\" rel=\"noopener\">https:\/\/www.adhs.info\/fuer-eltern-und-angehoerige\/welche-behandlungsmoeglichkeiten-gibt-es\/<\/a><\/span><\/p>\n<p><span style=\"font-size: 14pt;\">DeMedBook Deutsches medizinisches Verzeichnis mit automatisch \u00fcbersetzten Artikeln aus anderen Sprachen. Artikel \u00fcber ADHS des unaufmerksamen Typs, 05.09.2018:<br \/>\n<a href=\"https:\/\/demedbook.com\/was-ist-ueber-unaufmerksamen-adhs-zu-wissen\/\" target=\"_blank\" rel=\"noopener\">https:\/\/demedbook.com\/was-ist-ueber-unaufmerksamen-adhs-zu-wissen\/<\/a><\/span><\/p>\n<p><span style=\"font-size: 14pt;\">Dr. N. Gumpert: Diagnose des ADS, 02.03.2022<br \/>\n<a href=\"https:\/\/www.dr-gumpert.de\/html\/ads_diagnose.html\" target=\"_blank\" rel=\"noopener\">https:\/\/www.dr-gumpert.de\/html\/ads_diagnose.html<\/a><\/span><\/p>\n<p><span style=\"font-size: 14pt;\">gesund &amp; vital Redaktion: ADHS: Das \u201eZappelphilipp-Syndrom\u201c, 24.02.2020:<br \/>\n<a href=\"https:\/\/www.gesund-vital.de\/kompakt\/adhs-das-zappelphilipp-syndrom\" target=\"_blank\" rel=\"noopener\">https:\/\/www.gesund-vital.de\/kompakt\/adhs-das-zappelphilipp-syndrom<\/a><\/span><\/p>\n<p><span style=\"font-size: 14pt;\">Zwei einf\u00fchlsame Dokumentationen \u00fcber den Lebensweg von Kindern mit ADHS, auch bei YouTube verf\u00fcgbar:<\/span><\/p>\n<p><span style=\"font-size: 14pt;\">ADHS \u2013 Hyperaktive Kinder (SRF, Teil 1; Erstausstrahlung 2011)<br \/>\nLeben mit ADHS \u2013 Ritalin oder doch andere Therapie? (SRF, Teil 2; Erstausstrahlung 2017)<\/span><\/p>\n<\/div><\/section><\/div>\n\n<style type=\"text\/css\" data-created_by=\"avia_inline_auto\" id=\"style-css-av-fqckto-d5350d06c16b17286c5e2ae288dcdba2\">\n.flex_column.av-fqckto-d5350d06c16b17286c5e2ae288dcdba2{\nborder-radius:0px 0px 0px 0px;\npadding:10px 10px 10px 10px;\n}\n<\/style>\n<div  class='flex_column av-fqckto-d5350d06c16b17286c5e2ae288dcdba2 av_one_full  avia-builder-el-41  el_after_av_one_full  el_before_av_one_full  first flex_column_div  column-top-margin'     ><section  class='av_textblock_section av-dh1mgc-1f1cdce34e8e6e00b3fada23e5365d1b '  ><div class='avia_textblock' ><p class=\"copyright\"><strong>\u00a9 Copyright \u2013 Urheberrechtshinweis<\/strong><br \/>\nAlle Inhalte auf www.backwinkel.de sowie www.backwinkel.de\/blog, insbesondere Texte, Fotografien und Grafiken, sind urheberrechtlich gesch\u00fctzt.<br \/>\nDas Urheberrecht liegt, soweit nicht ausdr\u00fccklich anders gekennzeichnet, bei der BACKWINKEL GmbH. Bitte fragen Sie uns, falls Sie die Inhalte dieses Internetangebotes verwenden m\u00f6chten.<br \/>\nWer gegen das Urheberrecht verst\u00f6\u00dft (z. B. Bilder oder Texte unerlaubt kopiert), macht sich gem. \u00a7\u00a7 106 ff UrhG strafbar, wird zudem kostenpflichtig abgemahnt und muss Schadensersatz leisten (\u00a7 97 UrhG).<\/p>\n<\/div><\/section><\/div>\n\n<style type=\"text\/css\" data-created_by=\"avia_inline_auto\" id=\"style-css-av-d5co4s-aedf4c432807ac740642c7127dd938f9\">\n.flex_column.av-d5co4s-aedf4c432807ac740642c7127dd938f9{\nborder-radius:0px 0px 0px 0px;\npadding:0px 0px 0px 0px;\n}\n<\/style>\n<div  class='flex_column av-d5co4s-aedf4c432807ac740642c7127dd938f9 av_one_full  avia-builder-el-43  el_after_av_one_full  el_before_av_one_full  first flex_column_div av-zero-column-padding  column-top-margin'     ><section  class='av_textblock_section av-a97ba4-7dd40c09d190f5324e4111b3d971dd4a '  ><div class='avia_textblock' ><div class=\"shariff shariff-align-left shariff-widget-align-left\"><ul class=\"shariff-buttons theme-color orientation-horizontal buttonsize-medium\"><li class=\"shariff-button whatsapp shariff-nocustomcolor\" style=\"background-color:#5cbe4a\"><a href=\"https:\/\/api.whatsapp.com\/send?text=https%3A%2F%2Fwww.backwinkel.de%2Fblog%2Fist-das-schon-adhs%2F%20Ist%20das%20schon%20AD%28H%29S%3F\" title=\"Bei Whatsapp teilen\" aria-label=\"Bei Whatsapp teilen\" role=\"button\" rel=\"noopener nofollow\" class=\"shariff-link\" style=\"; background-color:#34af23; color:#fff\" target=\"_blank\"><span class=\"shariff-icon\" style=\"\"><svg width=\"32px\" height=\"20px\" xmlns=\"http:\/\/www.w3.org\/2000\/svg\" viewBox=\"0 0 32 32\"><path fill=\"#34af23\" d=\"M17.6 17.4q0.2 0 1.7 0.8t1.6 0.9q0 0.1 0 0.3 0 0.6-0.3 1.4-0.3 0.7-1.3 1.2t-1.8 0.5q-1 0-3.4-1.1-1.7-0.8-3-2.1t-2.6-3.3q-1.3-1.9-1.3-3.5v-0.1q0.1-1.6 1.3-2.8 0.4-0.4 0.9-0.4 0.1 0 0.3 0t0.3 0q0.3 0 0.5 0.1t0.3 0.5q0.1 0.4 0.6 1.6t0.4 1.3q0 0.4-0.6 1t-0.6 0.8q0 0.1 0.1 0.3 0.6 1.3 1.8 2.4 1 0.9 2.7 1.8 0.2 0.1 0.4 0.1 0.3 0 1-0.9t0.9-0.9zM14 26.9q2.3 0 4.3-0.9t3.6-2.4 2.4-3.6 0.9-4.3-0.9-4.3-2.4-3.6-3.6-2.4-4.3-0.9-4.3 0.9-3.6 2.4-2.4 3.6-0.9 4.3q0 3.6 2.1 6.6l-1.4 4.2 4.3-1.4q2.8 1.9 6.2 1.9zM14 2.2q2.7 0 5.2 1.1t4.3 2.9 2.9 4.3 1.1 5.2-1.1 5.2-2.9 4.3-4.3 2.9-5.2 1.1q-3.5 0-6.5-1.7l-7.4 2.4 2.4-7.2q-1.9-3.2-1.9-6.9 0-2.7 1.1-5.2t2.9-4.3 4.3-2.9 5.2-1.1z\"\/><\/svg><\/span><span class=\"shariff-text\">teilen<\/span>&nbsp;<\/a><\/li><li class=\"shariff-button facebook shariff-nocustomcolor\" style=\"background-color:#4273c8\"><a href=\"https:\/\/www.facebook.com\/sharer\/sharer.php?u=https%3A%2F%2Fwww.backwinkel.de%2Fblog%2Fist-das-schon-adhs%2F\" title=\"Bei Facebook teilen\" aria-label=\"Bei Facebook teilen\" role=\"button\" rel=\"nofollow\" class=\"shariff-link\" style=\"; background-color:#3b5998; color:#fff\" target=\"_blank\"><span class=\"shariff-icon\" style=\"\"><svg width=\"32px\" height=\"20px\" xmlns=\"http:\/\/www.w3.org\/2000\/svg\" viewBox=\"0 0 18 32\"><path fill=\"#3b5998\" d=\"M17.1 0.2v4.7h-2.8q-1.5 0-2.1 0.6t-0.5 1.9v3.4h5.2l-0.7 5.3h-4.5v13.6h-5.5v-13.6h-4.5v-5.3h4.5v-3.9q0-3.3 1.9-5.2t5-1.8q2.6 0 4.1 0.2z\"\/><\/svg><\/span><span class=\"shariff-text\">teilen<\/span>&nbsp;<\/a><\/li><li class=\"shariff-button twitter shariff-nocustomcolor\" style=\"background-color:#595959\"><a href=\"https:\/\/twitter.com\/share?url=https%3A%2F%2Fwww.backwinkel.de%2Fblog%2Fist-das-schon-adhs%2F&text=Ist%20das%20schon%20AD%28H%29S%3F\" title=\"Bei X teilen\" aria-label=\"Bei X teilen\" role=\"button\" rel=\"noopener nofollow\" class=\"shariff-link\" style=\"; background-color:#000; color:#fff\" target=\"_blank\"><span class=\"shariff-icon\" style=\"\"><svg width=\"32px\" height=\"20px\" xmlns=\"http:\/\/www.w3.org\/2000\/svg\" viewBox=\"0 0 24 24\"><path fill=\"#000\" d=\"M14.258 10.152L23.176 0h-2.113l-7.747 8.813L7.133 0H0l9.352 13.328L0 23.973h2.113l8.176-9.309 6.531 9.309h7.133zm-2.895 3.293l-.949-1.328L2.875 1.56h3.246l6.086 8.523.945 1.328 7.91 11.078h-3.246zm0 0\"\/><\/svg><\/span><span class=\"shariff-text\">teilen<\/span>&nbsp;<\/a><\/li><li class=\"shariff-button pinterest shariff-nocustomcolor\" style=\"background-color:#e70f18\"><a href=\"https:\/\/www.pinterest.com\/pin\/create\/link\/?url=https%3A%2F%2Fwww.backwinkel.de%2Fblog%2Fist-das-schon-adhs%2F&media=https%3A%2F%2Fwww.backwinkel.de%2Fblog%2Fwp-content%2Fuploads%2F2023%2F07%2Fbackwinkel-blog-ADHS-heroimage.jpg&description=Ist%20das%20schon%20AD%28H%29S%3F\" title=\"Bei Pinterest pinnen\" aria-label=\"Bei Pinterest pinnen\" role=\"button\" rel=\"noopener nofollow\" class=\"shariff-link\" style=\"; background-color:#cb2027; color:#fff\" target=\"_blank\"><span class=\"shariff-icon\" style=\"\"><svg width=\"32px\" height=\"20px\" xmlns=\"http:\/\/www.w3.org\/2000\/svg\" viewBox=\"0 0 27 32\"><path fill=\"#cb2027\" d=\"M27.4 16q0 3.7-1.8 6.9t-5 5-6.9 1.9q-2 0-3.9-0.6 1.1-1.7 1.4-2.9 0.2-0.6 1-3.8 0.4 0.7 1.3 1.2t2 0.5q2.1 0 3.8-1.2t2.7-3.4 0.9-4.8q0-2-1.1-3.8t-3.1-2.9-4.5-1.2q-1.9 0-3.5 0.5t-2.8 1.4-2 2-1.2 2.3-0.4 2.4q0 1.9 0.7 3.3t2.1 2q0.5 0.2 0.7-0.4 0-0.1 0.1-0.5t0.2-0.5q0.1-0.4-0.2-0.8-0.9-1.1-0.9-2.7 0-2.7 1.9-4.6t4.9-2q2.7 0 4.2 1.5t1.5 3.8q0 3-1.2 5.2t-3.1 2.1q-1.1 0-1.7-0.8t-0.4-1.9q0.1-0.6 0.5-1.7t0.5-1.8 0.2-1.4q0-0.9-0.5-1.5t-1.4-0.6q-1.1 0-1.9 1t-0.8 2.6q0 1.3 0.4 2.2l-1.8 7.5q-0.3 1.2-0.2 3.2-3.7-1.6-6-5t-2.3-7.6q0-3.7 1.9-6.9t5-5 6.9-1.9 6.9 1.9 5 5 1.8 6.9z\"\/><\/svg><\/span><span class=\"shariff-text\">merken<\/span>&nbsp;<\/a><\/li><li class=\"shariff-button mailto shariff-nocustomcolor\" style=\"background-color:#a8a8a8\"><a href=\"mailto:?body=https%3A%2F%2Fwww.backwinkel.de%2Fblog%2Fist-das-schon-adhs%2F&subject=Ist%20das%20schon%20AD%28H%29S%3F\" title=\"Per E-Mail versenden\" aria-label=\"Per E-Mail versenden\" role=\"button\" rel=\"noopener nofollow\" class=\"shariff-link\" style=\"; background-color:#999; color:#fff\"><span class=\"shariff-icon\" style=\"\"><svg width=\"32px\" height=\"20px\" xmlns=\"http:\/\/www.w3.org\/2000\/svg\" viewBox=\"0 0 32 32\"><path fill=\"#999\" d=\"M32 12.7v14.2q0 1.2-0.8 2t-2 0.9h-26.3q-1.2 0-2-0.9t-0.8-2v-14.2q0.8 0.9 1.8 1.6 6.5 4.4 8.9 6.1 1 0.8 1.6 1.2t1.7 0.9 2 0.4h0.1q0.9 0 2-0.4t1.7-0.9 1.6-1.2q3-2.2 8.9-6.1 1-0.7 1.8-1.6zM32 7.4q0 1.4-0.9 2.7t-2.2 2.2q-6.7 4.7-8.4 5.8-0.2 0.1-0.7 0.5t-1 0.7-0.9 0.6-1.1 0.5-0.9 0.2h-0.1q-0.4 0-0.9-0.2t-1.1-0.5-0.9-0.6-1-0.7-0.7-0.5q-1.6-1.1-4.7-3.2t-3.6-2.6q-1.1-0.7-2.1-2t-1-2.5q0-1.4 0.7-2.3t2.1-0.9h26.3q1.2 0 2 0.8t0.9 2z\"\/><\/svg><\/span><span class=\"shariff-text\">E-Mail<\/span>&nbsp;<\/a><\/li><\/ul><\/div>\n<\/div><\/section><\/div>\n\n<style type=\"text\/css\" data-created_by=\"avia_inline_auto\" id=\"style-css-av-leyce6wr-aca459a5151fa423e49ebd2f0b0cba23\">\n.flex_column.av-leyce6wr-aca459a5151fa423e49ebd2f0b0cba23{\nborder-radius:0px 0px 0px 0px;\npadding:0px 0px 0px 0px;\nbackground-color:#f2f2f2;\n}\n<\/style>\n<div  class='flex_column av-leyce6wr-aca459a5151fa423e49ebd2f0b0cba23 av_one_full  avia-builder-el-45  el_after_av_one_full  el_before_av_one_full  first flex_column_div av-zero-column-padding  column-top-margin'     ><div  class='avia-builder-widget-area clearfix  avia-builder-el-46  avia-builder-el-no-sibling '><div id=\"text-29\" class=\"widget clearfix widget_text\"><h3 class=\"widgettitle\">Das BACKWINKEL-Blog-Team<\/h3>\t\t\t<div class=\"textwidget\"><p>Gibts auch ein Gesicht hinter dem BACKWINKEL-Blog? Nat\u00fcrlich. Sogar f\u00fcnf \ud83d\ude0a. Wir \u2013 Lukas, Marvin und Tatjana \u2013 bespielen unseren Blog im LACHEN LEBEN LERNEN-Firmensitz in Hattingen.<br \/>\nLukas kennt Onlinemarketing wie seine Westentasche, w\u00e4hrend Marvin unseren Beitr\u00e4gen den passenden gestalterischen Rahmen gibt und Tatjana mit dem gr\u00fcnen Korrekturstift alles pr\u00fcfend be\u00e4ugt, was unsere Freelancerautorinnen Elisa und Christine (und gern auch Gastautoren) aus der Ferne f\u00fcr den BACKWINKEL-Blog nach ordentlicher Recherche schreiben.<br \/>\nGemeinsam suchen wir st\u00e4ndig nach neuen, aufregenden Themen rund um das Thema Bildung im Kiga, der Schule und zu Hause. Und weil Sie da an der Quelle sitzen, freuen wir uns auf Ihre konstruktiven R\u00fcckmeldungen und Anregungen an blog[@]backwinkel.de<br \/>\nViel Spa\u00df beim LACHEN LESEN LERNEN!<\/p>\n<\/div>\n\t\t<\/div><\/div><\/div>\n\n<style type=\"text\/css\" data-created_by=\"avia_inline_auto\" id=\"style-css-av-21m96ev-10cefdecbd94bf771cc0a852db15e418\">\n.flex_column.av-21m96ev-10cefdecbd94bf771cc0a852db15e418{\nborder-radius:0px 0px 0px 0px;\npadding:0px 0px 0px 0px;\n}\n<\/style>\n<div  class='flex_column av-21m96ev-10cefdecbd94bf771cc0a852db15e418 av_one_full  avia-builder-el-47  el_after_av_one_full  avia-builder-el-last  first flex_column_div av-zero-column-padding  column-top-margin'     ><p>\n<style type=\"text\/css\" data-created_by=\"avia_inline_auto\" id=\"style-css-av-1l6t62f-7ea91fafe1c9fd8f01b5a5ee707950ce\">\n#top .hr.av-1l6t62f-7ea91fafe1c9fd8f01b5a5ee707950ce{\nmargin-top:10px;\nmargin-bottom:10px;\n}\n.hr.av-1l6t62f-7ea91fafe1c9fd8f01b5a5ee707950ce .hr-inner{\nwidth:500;\n}\n<\/style>\n<div  class='hr av-1l6t62f-7ea91fafe1c9fd8f01b5a5ee707950ce hr-custom  avia-builder-el-48  el_before_av_heading  avia-builder-el-first  hr-left hr-icon-no'><span class='hr-inner inner-border-av-border-thin'><span class=\"hr-inner-style\"><\/span><\/span><\/div><br \/>\n\n<style type=\"text\/css\" data-created_by=\"avia_inline_auto\" id=\"style-css-av-112w7mf-cf418d6f1ae2df284a50f174648cad51\">\n#top .av-special-heading.av-112w7mf-cf418d6f1ae2df284a50f174648cad51{\npadding-bottom:10px;\n}\nbody .av-special-heading.av-112w7mf-cf418d6f1ae2df284a50f174648cad51 .av-special-heading-tag .heading-char{\nfont-size:25px;\n}\n.av-special-heading.av-112w7mf-cf418d6f1ae2df284a50f174648cad51 .av-subheading{\nfont-size:15px;\n}\n<\/style>\n<div  class='av-special-heading av-112w7mf-cf418d6f1ae2df284a50f174648cad51 av-special-heading-h3 blockquote modern-quote  avia-builder-el-49  el_after_av_hr  el_before_av_blog '><h3 class='av-special-heading-tag '  >PASSENDE BEITR\u00c4GE<\/h3><div class=\"special-heading-border\"><div class=\"special-heading-inner-border\"><\/div><\/div><\/div><br \/>\n<div  data-slideshow-options=\"{&quot;animation&quot;:&quot;fade&quot;,&quot;autoplay&quot;:false,&quot;loop_autoplay&quot;:&quot;once&quot;,&quot;interval&quot;:5,&quot;loop_manual&quot;:&quot;manual-endless&quot;,&quot;autoplay_stopper&quot;:false,&quot;noNavigation&quot;:false,&quot;show_slide_delay&quot;:90}\" class='avia-content-slider avia-content-grid-active avia-content-slider1 avia-content-slider-odd  avia-builder-el-50  el_after_av_heading  avia-builder-el-last  av-slideshow-ui av-control-default   av-no-slider-navigation av-slideshow-manual av-loop-once av-loop-manual-endless ' ><div class=\"avia-content-slider-inner\"><div class=\"slide-entry-wrap\"><article class='slide-entry flex_column  post-entry post-entry-18716 slide-entry-overview slide-loop-1 slide-parity-odd  av_one_third first real-thumbnail posttype-post post-format-standard' ><a href='https:\/\/www.backwinkel.de\/blog\/rechnen-im-anfangsunterricht\/' data-rel='slide-1' class='slide-image' title='Rechnen im Anfangsunterricht'><img decoding=\"async\" fetchpriority=\"high\" width=\"1200\" height=\"628\" src=\"https:\/\/www.backwinkel.de\/blog\/wp-content\/uploads\/2026\/04\/04_Schule_Rechnen_anfangsunterricht.jpg\" class=\"wp-image-18748 avia-img-lazy-loading-not-18748 attachment-no scaling size-no scaling wp-post-image\" alt=\"\" \/><\/a><div class=\"slide-content\"><header class=\"entry-content-header\" aria-label=\"Slide: Rechnen im Anfangsunterricht\"><h3 class='slide-entry-title entry-title ' ><a href='https:\/\/www.backwinkel.de\/blog\/rechnen-im-anfangsunterricht\/' title='Rechnen im Anfangsunterricht'>Rechnen im Anfangsunterricht<\/a><\/h3><span class=\"blog-categories minor-meta\"><a href=\"https:\/\/www.backwinkel.de\/blog\/category\/schule-grundschule\/\" rel=\"tag\">Schule<\/a> <\/span><span class=\"av-vertical-delimiter\"><\/span><\/header><div class='slide-entry-excerpt entry-content' >Das Klassenzimmer als Lernlandschaft<\/div><\/div><footer class=\"entry-footer\"><div class=\"slide-meta\"><time class='slide-meta-time updated' >14. April 2026<\/time><\/div><\/footer><\/article><article class='slide-entry flex_column  post-entry post-entry-18177 slide-entry-overview slide-loop-2 slide-parity-even  av_one_third  real-thumbnail posttype-post post-format-standard' ><a href='https:\/\/www.backwinkel.de\/blog\/churermodell\/' data-rel='slide-1' class='slide-image' title='Churermodell'><img decoding=\"async\" fetchpriority=\"high\" width=\"1200\" height=\"628\" src=\"https:\/\/www.backwinkel.de\/blog\/wp-content\/uploads\/2026\/03\/03_Schule_Churermodell.jpg\" class=\"wp-image-18217 avia-img-lazy-loading-not-18217 attachment-no scaling size-no scaling wp-post-image\" alt=\"\" \/><\/a><div class=\"slide-content\"><header class=\"entry-content-header\" aria-label=\"Slide: Churermodell\"><h3 class='slide-entry-title entry-title ' ><a href='https:\/\/www.backwinkel.de\/blog\/churermodell\/' title='Churermodell'>Churermodell<\/a><\/h3><span class=\"blog-categories minor-meta\"><a href=\"https:\/\/www.backwinkel.de\/blog\/category\/schule-grundschule\/\" rel=\"tag\">Schule<\/a> <\/span><span class=\"av-vertical-delimiter\"><\/span><\/header><div class='slide-entry-excerpt entry-content' >Das Klassenzimmer als Lernlandschaft<\/div><\/div><footer class=\"entry-footer\"><div class=\"slide-meta\"><time class='slide-meta-time updated' >9. M\u00e4rz 2026<\/time><\/div><\/footer><\/article><article class='slide-entry flex_column  post-entry post-entry-18119 slide-entry-overview slide-loop-3 slide-parity-odd  post-entry-last  av_one_third  real-thumbnail posttype-post post-format-standard' ><a href='https:\/\/www.backwinkel.de\/blog\/digitalpakt-2-0\/' data-rel='slide-1' class='slide-image' title='Digitalpakt 2.0'><img decoding=\"async\" fetchpriority=\"high\" width=\"1200\" height=\"628\" src=\"https:\/\/www.backwinkel.de\/blog\/wp-content\/uploads\/2026\/01\/02_Schule_Digitalpakt.jpg\" class=\"wp-image-18138 avia-img-lazy-loading-not-18138 attachment-no scaling size-no scaling wp-post-image\" alt=\"\" \/><\/a><div class=\"slide-content\"><header class=\"entry-content-header\" aria-label=\"Slide: Digitalpakt 2.0\"><h3 class='slide-entry-title entry-title ' ><a href='https:\/\/www.backwinkel.de\/blog\/digitalpakt-2-0\/' title='Digitalpakt 2.0'>Digitalpakt 2.0<\/a><\/h3><span class=\"blog-categories minor-meta\"><a href=\"https:\/\/www.backwinkel.de\/blog\/category\/schule-grundschule\/\" rel=\"tag\">Schule<\/a> <\/span><span class=\"av-vertical-delimiter\"><\/span><\/header><div class='slide-entry-excerpt entry-content' >Geht es jetzt mit der Digitalisierung in Bildungseinrichtungen voran?<\/div><\/div><footer class=\"entry-footer\"><div class=\"slide-meta\"><time class='slide-meta-time updated' >10. Februar 2026<\/time><\/div><\/footer><\/article><\/div><\/div><\/div><\/p><\/div>\n","protected":false},"excerpt":{"rendered":"<p>Beide Syndrome erkennen und damit umgehen<\/p>\n","protected":false},"author":1,"featured_media":11851,"comment_status":"closed","ping_status":"closed","sticky":false,"template":"","format":"standard","meta":{"inline_featured_image":false,"footnotes":""},"categories":[5],"tags":[],"class_list":["post-11805","post","type-post","status-publish","format-standard","has-post-thumbnail","hentry","category-kindergarten-kita"],"yoast_head":"<!-- This site is optimized with the Yoast SEO plugin v27.4 - https:\/\/yoast.com\/product\/yoast-seo-wordpress\/ -->\n<title>Ist das schon AD(H)S? | BACKWINKEL Blog<\/title>\n<meta name=\"description\" content=\"ADHS steht f\u00fcr Aufmerksamkeits-Defizit-Hyperaktivit\u00e4ts-Syndrom, w\u00e4hrend bei ADS die Hyperaktivit\u00e4t fehlt. \u2713 Jetzt lesen\" \/>\n<meta name=\"robots\" content=\"index, follow, max-snippet:-1, max-image-preview:large, max-video-preview:-1\" \/>\n<link rel=\"canonical\" href=\"https:\/\/www.backwinkel.de\/blog\/ist-das-schon-adhs\/\" \/>\n<meta property=\"og:locale\" content=\"de_DE\" \/>\n<meta property=\"og:type\" content=\"article\" \/>\n<meta property=\"og:title\" content=\"Ist das schon AD(H)S? | BACKWINKEL Blog\" \/>\n<meta property=\"og:description\" content=\"ADHS steht f\u00fcr Aufmerksamkeits-Defizit-Hyperaktivit\u00e4ts-Syndrom, w\u00e4hrend bei ADS die Hyperaktivit\u00e4t fehlt. \u2713 Jetzt lesen\" \/>\n<meta property=\"og:url\" content=\"https:\/\/www.backwinkel.de\/blog\/ist-das-schon-adhs\/\" \/>\n<meta property=\"og:site_name\" content=\"BACKWINKEL Blog\" \/>\n<meta property=\"article:published_time\" content=\"2023-07-05T07:15:42+00:00\" \/>\n<meta property=\"article:modified_time\" content=\"2026-04-27T05:50:39+00:00\" \/>\n<meta property=\"og:image\" content=\"https:\/\/www.backwinkel.de\/blog\/wp-content\/uploads\/2023\/07\/backwinkel-blog-ADHS-heroimage.jpg\" \/>\n\t<meta property=\"og:image:width\" content=\"1200\" \/>\n\t<meta property=\"og:image:height\" content=\"628\" \/>\n\t<meta property=\"og:image:type\" content=\"image\/jpeg\" \/>\n<meta name=\"author\" content=\"admin_backwinkel\" \/>\n<meta name=\"twitter:card\" content=\"summary_large_image\" \/>\n<meta name=\"twitter:label1\" content=\"Verfasst von\" \/>\n\t<meta name=\"twitter:data1\" content=\"admin_backwinkel\" \/>\n\t<meta name=\"twitter:label2\" content=\"Gesch\u00e4tzte Lesezeit\" \/>\n\t<meta name=\"twitter:data2\" content=\"22\u00a0Minuten\" \/>\n<script type=\"application\/ld+json\" class=\"yoast-schema-graph\">{\"@context\":\"https:\\\/\\\/schema.org\",\"@graph\":[{\"@type\":\"Article\",\"@id\":\"https:\\\/\\\/www.backwinkel.de\\\/blog\\\/ist-das-schon-adhs\\\/#article\",\"isPartOf\":{\"@id\":\"https:\\\/\\\/www.backwinkel.de\\\/blog\\\/ist-das-schon-adhs\\\/\"},\"author\":{\"name\":\"admin_backwinkel\",\"@id\":\"https:\\\/\\\/www.backwinkel.de\\\/blog\\\/#\\\/schema\\\/person\\\/88b842297c0e471020a66f4476633cf2\"},\"headline\":\"Ist das schon AD(H)S?\",\"datePublished\":\"2023-07-05T07:15:42+00:00\",\"dateModified\":\"2026-04-27T05:50:39+00:00\",\"mainEntityOfPage\":{\"@id\":\"https:\\\/\\\/www.backwinkel.de\\\/blog\\\/ist-das-schon-adhs\\\/\"},\"wordCount\":7315,\"image\":{\"@id\":\"https:\\\/\\\/www.backwinkel.de\\\/blog\\\/ist-das-schon-adhs\\\/#primaryimage\"},\"thumbnailUrl\":\"https:\\\/\\\/www.backwinkel.de\\\/blog\\\/wp-content\\\/uploads\\\/2023\\\/07\\\/backwinkel-blog-ADHS-heroimage.jpg\",\"articleSection\":[\"Kindergarten\"],\"inLanguage\":\"de\"},{\"@type\":\"WebPage\",\"@id\":\"https:\\\/\\\/www.backwinkel.de\\\/blog\\\/ist-das-schon-adhs\\\/\",\"url\":\"https:\\\/\\\/www.backwinkel.de\\\/blog\\\/ist-das-schon-adhs\\\/\",\"name\":\"Ist das schon AD(H)S? | BACKWINKEL Blog\",\"isPartOf\":{\"@id\":\"https:\\\/\\\/www.backwinkel.de\\\/blog\\\/#website\"},\"primaryImageOfPage\":{\"@id\":\"https:\\\/\\\/www.backwinkel.de\\\/blog\\\/ist-das-schon-adhs\\\/#primaryimage\"},\"image\":{\"@id\":\"https:\\\/\\\/www.backwinkel.de\\\/blog\\\/ist-das-schon-adhs\\\/#primaryimage\"},\"thumbnailUrl\":\"https:\\\/\\\/www.backwinkel.de\\\/blog\\\/wp-content\\\/uploads\\\/2023\\\/07\\\/backwinkel-blog-ADHS-heroimage.jpg\",\"datePublished\":\"2023-07-05T07:15:42+00:00\",\"dateModified\":\"2026-04-27T05:50:39+00:00\",\"author\":{\"@id\":\"https:\\\/\\\/www.backwinkel.de\\\/blog\\\/#\\\/schema\\\/person\\\/88b842297c0e471020a66f4476633cf2\"},\"description\":\"ADHS steht f\u00fcr Aufmerksamkeits-Defizit-Hyperaktivit\u00e4ts-Syndrom, w\u00e4hrend bei ADS die Hyperaktivit\u00e4t fehlt. \u2713 Jetzt lesen\",\"breadcrumb\":{\"@id\":\"https:\\\/\\\/www.backwinkel.de\\\/blog\\\/ist-das-schon-adhs\\\/#breadcrumb\"},\"inLanguage\":\"de\",\"potentialAction\":[{\"@type\":\"ReadAction\",\"target\":[\"https:\\\/\\\/www.backwinkel.de\\\/blog\\\/ist-das-schon-adhs\\\/\"]}]},{\"@type\":\"ImageObject\",\"inLanguage\":\"de\",\"@id\":\"https:\\\/\\\/www.backwinkel.de\\\/blog\\\/ist-das-schon-adhs\\\/#primaryimage\",\"url\":\"https:\\\/\\\/www.backwinkel.de\\\/blog\\\/wp-content\\\/uploads\\\/2023\\\/07\\\/backwinkel-blog-ADHS-heroimage.jpg\",\"contentUrl\":\"https:\\\/\\\/www.backwinkel.de\\\/blog\\\/wp-content\\\/uploads\\\/2023\\\/07\\\/backwinkel-blog-ADHS-heroimage.jpg\",\"width\":1200,\"height\":628},{\"@type\":\"BreadcrumbList\",\"@id\":\"https:\\\/\\\/www.backwinkel.de\\\/blog\\\/ist-das-schon-adhs\\\/#breadcrumb\",\"itemListElement\":[{\"@type\":\"ListItem\",\"position\":1,\"name\":\"Startseite\",\"item\":\"https:\\\/\\\/blog.backwinkel.de\\\/aktuelles\\\/\"},{\"@type\":\"ListItem\",\"position\":2,\"name\":\"Ist das schon AD(H)S?\"}]},{\"@type\":\"WebSite\",\"@id\":\"https:\\\/\\\/www.backwinkel.de\\\/blog\\\/#website\",\"url\":\"https:\\\/\\\/www.backwinkel.de\\\/blog\\\/\",\"name\":\"BACKWINKEL Blog\",\"description\":\"f\u00fcr Lehrer, Erzieher und Eltern\",\"potentialAction\":[{\"@type\":\"SearchAction\",\"target\":{\"@type\":\"EntryPoint\",\"urlTemplate\":\"https:\\\/\\\/www.backwinkel.de\\\/blog\\\/?s={search_term_string}\"},\"query-input\":{\"@type\":\"PropertyValueSpecification\",\"valueRequired\":true,\"valueName\":\"search_term_string\"}}],\"inLanguage\":\"de\"},{\"@type\":\"Person\",\"@id\":\"https:\\\/\\\/www.backwinkel.de\\\/blog\\\/#\\\/schema\\\/person\\\/88b842297c0e471020a66f4476633cf2\",\"name\":\"admin_backwinkel\",\"url\":\"https:\\\/\\\/www.backwinkel.de\\\/blog\\\/author\\\/admin_backwinkel\\\/\"}]}<\/script>\n<!-- \/ Yoast SEO plugin. -->","yoast_head_json":{"title":"Ist das schon AD(H)S? | BACKWINKEL Blog","description":"ADHS steht f\u00fcr Aufmerksamkeits-Defizit-Hyperaktivit\u00e4ts-Syndrom, w\u00e4hrend bei ADS die Hyperaktivit\u00e4t fehlt. \u2713 Jetzt lesen","robots":{"index":"index","follow":"follow","max-snippet":"max-snippet:-1","max-image-preview":"max-image-preview:large","max-video-preview":"max-video-preview:-1"},"canonical":"https:\/\/www.backwinkel.de\/blog\/ist-das-schon-adhs\/","og_locale":"de_DE","og_type":"article","og_title":"Ist das schon AD(H)S? | BACKWINKEL Blog","og_description":"ADHS steht f\u00fcr Aufmerksamkeits-Defizit-Hyperaktivit\u00e4ts-Syndrom, w\u00e4hrend bei ADS die Hyperaktivit\u00e4t fehlt. \u2713 Jetzt lesen","og_url":"https:\/\/www.backwinkel.de\/blog\/ist-das-schon-adhs\/","og_site_name":"BACKWINKEL Blog","article_published_time":"2023-07-05T07:15:42+00:00","article_modified_time":"2026-04-27T05:50:39+00:00","og_image":[{"width":1200,"height":628,"url":"https:\/\/www.backwinkel.de\/blog\/wp-content\/uploads\/2023\/07\/backwinkel-blog-ADHS-heroimage.jpg","type":"image\/jpeg"}],"author":"admin_backwinkel","twitter_card":"summary_large_image","twitter_misc":{"Verfasst von":"admin_backwinkel","Gesch\u00e4tzte Lesezeit":"22\u00a0Minuten"},"schema":{"@context":"https:\/\/schema.org","@graph":[{"@type":"Article","@id":"https:\/\/www.backwinkel.de\/blog\/ist-das-schon-adhs\/#article","isPartOf":{"@id":"https:\/\/www.backwinkel.de\/blog\/ist-das-schon-adhs\/"},"author":{"name":"admin_backwinkel","@id":"https:\/\/www.backwinkel.de\/blog\/#\/schema\/person\/88b842297c0e471020a66f4476633cf2"},"headline":"Ist das schon AD(H)S?","datePublished":"2023-07-05T07:15:42+00:00","dateModified":"2026-04-27T05:50:39+00:00","mainEntityOfPage":{"@id":"https:\/\/www.backwinkel.de\/blog\/ist-das-schon-adhs\/"},"wordCount":7315,"image":{"@id":"https:\/\/www.backwinkel.de\/blog\/ist-das-schon-adhs\/#primaryimage"},"thumbnailUrl":"https:\/\/www.backwinkel.de\/blog\/wp-content\/uploads\/2023\/07\/backwinkel-blog-ADHS-heroimage.jpg","articleSection":["Kindergarten"],"inLanguage":"de"},{"@type":"WebPage","@id":"https:\/\/www.backwinkel.de\/blog\/ist-das-schon-adhs\/","url":"https:\/\/www.backwinkel.de\/blog\/ist-das-schon-adhs\/","name":"Ist das schon AD(H)S? | BACKWINKEL Blog","isPartOf":{"@id":"https:\/\/www.backwinkel.de\/blog\/#website"},"primaryImageOfPage":{"@id":"https:\/\/www.backwinkel.de\/blog\/ist-das-schon-adhs\/#primaryimage"},"image":{"@id":"https:\/\/www.backwinkel.de\/blog\/ist-das-schon-adhs\/#primaryimage"},"thumbnailUrl":"https:\/\/www.backwinkel.de\/blog\/wp-content\/uploads\/2023\/07\/backwinkel-blog-ADHS-heroimage.jpg","datePublished":"2023-07-05T07:15:42+00:00","dateModified":"2026-04-27T05:50:39+00:00","author":{"@id":"https:\/\/www.backwinkel.de\/blog\/#\/schema\/person\/88b842297c0e471020a66f4476633cf2"},"description":"ADHS steht f\u00fcr Aufmerksamkeits-Defizit-Hyperaktivit\u00e4ts-Syndrom, w\u00e4hrend bei ADS die Hyperaktivit\u00e4t fehlt. \u2713 Jetzt lesen","breadcrumb":{"@id":"https:\/\/www.backwinkel.de\/blog\/ist-das-schon-adhs\/#breadcrumb"},"inLanguage":"de","potentialAction":[{"@type":"ReadAction","target":["https:\/\/www.backwinkel.de\/blog\/ist-das-schon-adhs\/"]}]},{"@type":"ImageObject","inLanguage":"de","@id":"https:\/\/www.backwinkel.de\/blog\/ist-das-schon-adhs\/#primaryimage","url":"https:\/\/www.backwinkel.de\/blog\/wp-content\/uploads\/2023\/07\/backwinkel-blog-ADHS-heroimage.jpg","contentUrl":"https:\/\/www.backwinkel.de\/blog\/wp-content\/uploads\/2023\/07\/backwinkel-blog-ADHS-heroimage.jpg","width":1200,"height":628},{"@type":"BreadcrumbList","@id":"https:\/\/www.backwinkel.de\/blog\/ist-das-schon-adhs\/#breadcrumb","itemListElement":[{"@type":"ListItem","position":1,"name":"Startseite","item":"https:\/\/blog.backwinkel.de\/aktuelles\/"},{"@type":"ListItem","position":2,"name":"Ist das schon AD(H)S?"}]},{"@type":"WebSite","@id":"https:\/\/www.backwinkel.de\/blog\/#website","url":"https:\/\/www.backwinkel.de\/blog\/","name":"BACKWINKEL Blog","description":"f\u00fcr Lehrer, Erzieher und Eltern","potentialAction":[{"@type":"SearchAction","target":{"@type":"EntryPoint","urlTemplate":"https:\/\/www.backwinkel.de\/blog\/?s={search_term_string}"},"query-input":{"@type":"PropertyValueSpecification","valueRequired":true,"valueName":"search_term_string"}}],"inLanguage":"de"},{"@type":"Person","@id":"https:\/\/www.backwinkel.de\/blog\/#\/schema\/person\/88b842297c0e471020a66f4476633cf2","name":"admin_backwinkel","url":"https:\/\/www.backwinkel.de\/blog\/author\/admin_backwinkel\/"}]}},"_links":{"self":[{"href":"https:\/\/www.backwinkel.de\/blog\/wp-json\/wp\/v2\/posts\/11805","targetHints":{"allow":["GET"]}}],"collection":[{"href":"https:\/\/www.backwinkel.de\/blog\/wp-json\/wp\/v2\/posts"}],"about":[{"href":"https:\/\/www.backwinkel.de\/blog\/wp-json\/wp\/v2\/types\/post"}],"author":[{"embeddable":true,"href":"https:\/\/www.backwinkel.de\/blog\/wp-json\/wp\/v2\/users\/1"}],"replies":[{"embeddable":true,"href":"https:\/\/www.backwinkel.de\/blog\/wp-json\/wp\/v2\/comments?post=11805"}],"version-history":[{"count":3,"href":"https:\/\/www.backwinkel.de\/blog\/wp-json\/wp\/v2\/posts\/11805\/revisions"}],"predecessor-version":[{"id":18988,"href":"https:\/\/www.backwinkel.de\/blog\/wp-json\/wp\/v2\/posts\/11805\/revisions\/18988"}],"wp:featuredmedia":[{"embeddable":true,"href":"https:\/\/www.backwinkel.de\/blog\/wp-json\/wp\/v2\/media\/11851"}],"wp:attachment":[{"href":"https:\/\/www.backwinkel.de\/blog\/wp-json\/wp\/v2\/media?parent=11805"}],"wp:term":[{"taxonomy":"category","embeddable":true,"href":"https:\/\/www.backwinkel.de\/blog\/wp-json\/wp\/v2\/categories?post=11805"},{"taxonomy":"post_tag","embeddable":true,"href":"https:\/\/www.backwinkel.de\/blog\/wp-json\/wp\/v2\/tags?post=11805"}],"curies":[{"name":"wp","href":"https:\/\/api.w.org\/{rel}","templated":true}]}}