{"id":11757,"date":"2023-06-20T09:15:42","date_gmt":"2023-06-20T07:15:42","guid":{"rendered":"https:\/\/www.backwinkel.de\/blog\/?p=11757"},"modified":"2026-04-22T14:24:17","modified_gmt":"2026-04-22T12:24:17","slug":"cyber-mobbing","status":"publish","type":"post","link":"https:\/\/www.backwinkel.de\/blog\/cyber-mobbing\/","title":{"rendered":"Ausgrenzung, Dem\u00fctigungen und Schl\u00e4ge"},"content":{"rendered":"\n<style type=\"text\/css\" data-created_by=\"avia_inline_auto\" id=\"style-css-av-1o9i20c-585c90b249b7391778c0ca595b8a52c2\">\n.flex_column.av-1o9i20c-585c90b249b7391778c0ca595b8a52c2{\nborder-radius:0px 0px 0px 0px;\npadding:0px 0px 0px 0px;\n}\n<\/style>\n<div  class='flex_column av-1o9i20c-585c90b249b7391778c0ca595b8a52c2 av_one_full  avia-builder-el-0  el_before_av_three_fifth  avia-builder-el-first  first flex_column_div av-zero-column-padding  '     ><p>\n<style type=\"text\/css\" data-created_by=\"avia_inline_auto\" id=\"style-css-av-1mbf4e4-1609d55f243e97c311d4e4755c4441f8\">\n#top .hr.hr-invisible.av-1mbf4e4-1609d55f243e97c311d4e4755c4441f8{\nmargin-top:0px;\nheight:1px;\n}\n<\/style>\n<div  class='hr av-1mbf4e4-1609d55f243e97c311d4e4755c4441f8 hr-invisible  avia-builder-el-1  el_before_av_heading  avia-builder-el-first '><span class='hr-inner '><span class=\"hr-inner-style\"><\/span><\/span><\/div><br \/>\n\n<style type=\"text\/css\" data-created_by=\"avia_inline_auto\" id=\"style-css-av-l7efmkmv-f49dd70a96dbd0f597acf0c9e33d1200\">\n#top .av-special-heading.av-l7efmkmv-f49dd70a96dbd0f597acf0c9e33d1200{\npadding-bottom:10px;\n}\nbody .av-special-heading.av-l7efmkmv-f49dd70a96dbd0f597acf0c9e33d1200 .av-special-heading-tag .heading-char{\nfont-size:25px;\n}\n.av-special-heading.av-l7efmkmv-f49dd70a96dbd0f597acf0c9e33d1200 .av-subheading{\nfont-size:15px;\n}\n<\/style>\n<div  class='av-special-heading av-l7efmkmv-f49dd70a96dbd0f597acf0c9e33d1200 av-special-heading-h1 blockquote modern-quote  avia-builder-el-2  el_after_av_hr  el_before_av_post_metadata  av-linked-heading'><h1 class='av-special-heading-tag '  >Ausgrenzung, Dem\u00fctigungen und Schl\u00e4ge: (Cyber-)Mobbing besprechen, erkennen, verstehen und verhindern <\/h1><div class='av-subheading av-subheading_below'><p class=\"autorenname\">Elisa Morel<\/p>\n<\/div><div class=\"special-heading-border\"><div class=\"special-heading-inner-border\"><\/div><\/div><\/div><br \/>\n\n<style type=\"text\/css\" data-created_by=\"avia_inline_auto\" id=\"style-css-av-1gb2165-5984b6d7acd1efd58b370e13ed684d3b\">\n#top .av-post-metadata-container.av-1gb2165-5984b6d7acd1efd58b370e13ed684d3b{\nfont-size:12px;\n}\n#top .av-post-metadata-container.av-1gb2165-5984b6d7acd1efd58b370e13ed684d3b .av-post-metadata-container-inner{\nfont-size:12px;\n}\n<\/style>\n<div  class='av-post-metadata-container av-1gb2165-5984b6d7acd1efd58b370e13ed684d3b av-metadata-container-align-left  avia-builder-el-3  el_after_av_heading  el_before_av_textblock  av-metadata-container-1'><div class='av-post-metadata-container-inner'><span class=\"av-post-metadata-content av-post-metadata-meta-content\"><span class=\"av-post-metadata-content av-post-metadata-modified\"><span class=\"av-metadata-before av-metadata-before-modified\">Aktualisiert:<\/span><span class=\"av-post-metadata-modified-date\" >22. April 2026<\/span><\/span><span class=\"av-post-metadata-content av-post-metadata-separator\">\/<\/span><span class=\"av-post-metadata-content av-post-metadata-modified\"><span class=\"av-metadata-before av-metadata-before-modified\">Zuletzt aktualisiert:<\/span><span class=\"av-post-metadata-modified-date\" >22. April 2026<\/span><\/span><\/span><\/div><\/div><br \/>\n\n<style type=\"text\/css\" data-created_by=\"avia_inline_auto\" id=\"style-css-av-1l3ru18-35ff8c02bfbaf158e187220e3571c7be\">\n#top .av_textblock_section.av-1l3ru18-35ff8c02bfbaf158e187220e3571c7be .avia_textblock{\nfont-size:20px;\n}\n<\/style>\n<section  class='av_textblock_section av-1l3ru18-35ff8c02bfbaf158e187220e3571c7be '  ><div class='avia_textblock' ><p>Mobbing trifft nicht immer die anderen, denn daf\u00fcr ist es viel zu verbreitet. Wahrscheinlich haben Sie selbst schon Erfahrungen mit dem Thema gemacht \u2013 hoffentlich erst als erwachsener Mensch.<\/p>\n<\/div><\/section><br \/>\n\n<style type=\"text\/css\" data-created_by=\"avia_inline_auto\" id=\"style-css-av-1jqb53g-f785948c7be9f24032f4ef27d2440691\">\n.avia-image-container.av-1jqb53g-f785948c7be9f24032f4ef27d2440691 img.avia_image{\nbox-shadow:none;\n}\n.avia-image-container.av-1jqb53g-f785948c7be9f24032f4ef27d2440691 .av-image-caption-overlay-center{\ncolor:#ffffff;\n}\n<\/style>\n<div  class='avia-image-container av-1jqb53g-f785948c7be9f24032f4ef27d2440691 av-styling- avia-align-center  avia-builder-el-5  el_after_av_textblock  el_before_av_hr '  ><div class=\"avia-image-container-inner\"><div class=\"avia-image-overlay-wrap\"><img decoding=\"async\" fetchpriority=\"high\" class='wp-image-11790 avia-img-lazy-loading-not-11790 avia_image ' src=\"https:\/\/www.backwinkel.de\/blog\/wp-content\/uploads\/2023\/06\/backwinkel-blog-Cyber_mobbing-heroimage.jpg\" alt='' title='backwinkel-blog-Cyber_mobbing-heroimage'  height=\"628\" width=\"1200\"  \/><\/div><\/div><\/div><br \/>\n\n<style type=\"text\/css\" data-created_by=\"avia_inline_auto\" id=\"style-css-av-1ihdk2k-490466749631930779e0c398aab49f79\">\n#top .hr.hr-invisible.av-1ihdk2k-490466749631930779e0c398aab49f79{\nheight:5px;\n}\n<\/style>\n<div  class='hr av-1ihdk2k-490466749631930779e0c398aab49f79 hr-invisible  avia-builder-el-6  el_after_av_image  el_before_av_textblock '><span class='hr-inner '><span class=\"hr-inner-style\"><\/span><\/span><\/div><br \/>\n\n<style type=\"text\/css\" data-created_by=\"avia_inline_auto\" id=\"style-css-av-1fib6cs-3d25d3b933bbfa346d8df9005c3c214e\">\n#top .av_textblock_section.av-1fib6cs-3d25d3b933bbfa346d8df9005c3c214e .avia_textblock{\nfont-size:10px;\n}\n<\/style>\n<section  class='av_textblock_section av-1fib6cs-3d25d3b933bbfa346d8df9005c3c214e '  ><div class='avia_textblock' ><p class=\"bildnennung-beitrag\" style=\"text-align: left;\">\u00a9 ADOBE Stock<\/p>\n<\/div><\/section><br \/>\n\n<style type=\"text\/css\" data-created_by=\"avia_inline_auto\" id=\"style-css-av-1ec344s-876a649f5243c9280738f668f0aa8d8e\">\n#top .hr.hr-invisible.av-1ec344s-876a649f5243c9280738f668f0aa8d8e{\nheight:20px;\n}\n<\/style>\n<div  class='hr av-1ec344s-876a649f5243c9280738f668f0aa8d8e hr-invisible  avia-builder-el-8  el_after_av_textblock  el_before_av_textblock '><span class='hr-inner '><span class=\"hr-inner-style\"><\/span><\/span><\/div><br \/>\n\n<style type=\"text\/css\" data-created_by=\"avia_inline_auto\" id=\"style-css-av-1czjn6k-7dbedcbfbffba5ae585714638369d934\">\n#top .av_textblock_section.av-1czjn6k-7dbedcbfbffba5ae585714638369d934 .avia_textblock{\nfont-size:20px;\n}\n<\/style>\n<section  class='av_textblock_section av-1czjn6k-7dbedcbfbffba5ae585714638369d934 '  ><div class='avia_textblock' ><p>Wahrscheinlich sitzen in jeder Ihrer Klassen mehrere Sch\u00fclerinnen und Sch\u00fcler, die Mobbing bereits am eigenen Leib erfahren mussten oder auch selbst gemobbt haben.<\/p>\n<p>In diesem Beitrag erfahren Sie, welche Beweggr\u00fcnde T\u00e4ter haben k\u00f6nnen, was Mobbing mit Betroffenen anrichtet, und vor allem, wie Sie Mobbing bei Ihren Kindern erkennen, thematisieren und verhindern.<\/p>\n<\/div><\/section><\/p><\/div>\n<style type=\"text\/css\" data-created_by=\"avia_inline_auto\" id=\"style-css-av-1buht0s-f8ce17d1f3484a85efdf5f8e34e84ab3\">\n.flex_column.av-1buht0s-f8ce17d1f3484a85efdf5f8e34e84ab3{\nborder-radius:0px 0px 0px 0px;\npadding:20px 20px 20px 20px;\nbackground-color:#f2f2f2;\n}\n<\/style>\n<div  class='flex_column av-1buht0s-f8ce17d1f3484a85efdf5f8e34e84ab3 av_three_fifth  avia-builder-el-10  el_after_av_one_full  el_before_av_two_fifth  first flex_column_div  column-top-margin'     ><style type=\"text\/css\" data-created_by=\"avia_inline_auto\" id=\"style-css-av-18u84nw-c23769b7197ef8c52c74b2b6205379af\">\n#top .av_textblock_section.av-18u84nw-c23769b7197ef8c52c74b2b6205379af .avia_textblock{\nfont-size:14px;\n}\n<\/style>\n<section  class='av_textblock_section av-18u84nw-c23769b7197ef8c52c74b2b6205379af '  ><div class='avia_textblock' ><p><strong>Inhalt<\/strong><br \/>\n<strong><a href=\"#1\">1. was ist Mobbing?<\/a><\/strong><\/p>\n<p><strong><a href=\"#2\">2. Welche Formen von Mobbing gibt es?<\/a><\/strong><strong><br \/>\n<\/strong>2.1. Das klassische Mobbing<br \/>\n2.2. Cybermobbing<br \/>\n2.3. (Cyber-)Mobbing mit sexualisiertem Kontext<\/p>\n<p><strong><a href=\"#3\">3. Was motiviert T\u00e4ter zu Mobbing?<\/a><\/strong><\/p>\n<p><strong><a href=\"#4\">4. Wodurch wird man Opfer von Mobbing?<\/a><\/strong><\/p>\n<p><strong><a href=\"#5\">5. Auswirkungen von Mobbing auf Opfer<\/a><\/strong><\/p>\n<p><strong><a href=\"#6\">6. Wie wehre ich mich gegen (Cyber-)Mobbing?<\/a><br \/>\n<\/strong>6.1. Rechtliche Handhabe gegen Mobbing<br \/>\n6.2. 5 Tipps f\u00fcr Lehrkr\u00e4fte gegen Mobbing<br \/>\n6.3. 5 Tipps f\u00fcr Betroffene von Mobbing<strong><br \/>\n<\/strong><\/p>\n<\/div><\/section><\/div><\/p>\n\n<style type=\"text\/css\" data-created_by=\"avia_inline_auto\" id=\"style-css-av-179bqdo-cb7f1c2bcdaac94125f51a0fc4936596\">\n.flex_column.av-179bqdo-cb7f1c2bcdaac94125f51a0fc4936596{\nborder-radius:0px 0px 0px 0px;\npadding:0 0 0 0;\n}\n<\/style>\n<div  class='flex_column av-179bqdo-cb7f1c2bcdaac94125f51a0fc4936596 av_two_fifth  avia-builder-el-12  el_after_av_three_fifth  el_before_av_sidebar  flex_column_div av-zero-column-padding  column-top-margin'     ><\/div>\n<div  class='avia-builder-widget-area clearfix  avia-builder-el-13  el_after_av_two_fifth  el_before_av_one_full '><div id=\"text-34\" class=\"widget clearfix widget_text\">\t\t\t<div class=\"textwidget\"><p><a href=\"https:\/\/www.backwinkel.de\/nachhaltig-denken\/\" target=\"\\_blank\" rel=\"noopener\"><br \/>\n<img decoding=\"async\" class=\"werbung-desktop alignnone wp-image-4186 size-full\" src=\"https:\/\/www.backwinkel.de\/blog\/wp-content\/uploads\/2026\/04\/Backwinkel-blog-werbebanner-shop-schule_desktop.jpg\" alt=\"\" width=\"1251\" height=\"201\" \/><br \/>\n<\/a><br \/>\n<a href=\"https:\/\/www.backwinkel.de\/nachhaltig-denken\/\" target=\"\\_blank\" rel=\"noopener\"><br \/>\n<img decoding=\"async\" class=\"werbung-mobile alignnone wp-image-4187 size-full\" src=\"https:\/\/www.backwinkel.de\/blog\/wp-content\/uploads\/2026\/04\/Backwinkel-blog-werbebanner-shop-schule_mobile.jpg\" alt=\"\" width=\"550\" height=\"500\" \/><br \/>\n<\/a><\/p>\n<\/div>\n\t\t<\/div><\/div>\n\n<style type=\"text\/css\" data-created_by=\"avia_inline_auto\" id=\"style-css-av-4482e4-638c615ad0f31126baef29eeb1a51433\">\n.flex_column.av-4482e4-638c615ad0f31126baef29eeb1a51433{\nborder-radius:0px 0px 0px 0px;\npadding:0px 0px 0px 0px;\n}\n<\/style>\n<div  class='flex_column av-4482e4-638c615ad0f31126baef29eeb1a51433 av_one_full  avia-builder-el-14  el_after_av_sidebar  el_before_av_one_full  first flex_column_div av-zero-column-padding  '     ><section  class='av_textblock_section av-129m1fg-b72a93bde8aadaf020ee7e3d669f715c '  ><div class='avia_textblock' >\n<style type=\"text\/css\" data-created_by=\"avia_inline_auto\" id=\"style-css-av-vsv1ws-55b1f8105db867582b8b8f993762d668\">\n#top .hr.hr-invisible.av-vsv1ws-55b1f8105db867582b8b8f993762d668{\nheight:20px;\n}\n<\/style>\n<div  class='hr av-vsv1ws-55b1f8105db867582b8b8f993762d668 hr-invisible  avia-builder-el-16  avia-builder-el-no-sibling '><span class='hr-inner '><span class=\"hr-inner-style\"><\/span><\/span><\/div>\n<h2 id=\"1\" class=\"position\"><strong>Was ist Mobbing?<\/strong><\/h2>\n<p><strong>Mobbing<\/strong> leitet sich vom englischen Wort \u201emob\u201c ab, das als Verb \u201e<strong>angreifen, bedr\u00e4ngen<\/strong>\u201c und als Nomen \u201e<strong>P\u00f6bel, Meute<\/strong>\u201c bedeutet. Unter Mobbing versteht man jegliches Verhalten, das dazu dient, andere zu <strong>erniedrigen<\/strong>, zu <strong>verletzen<\/strong> oder <strong>auszugrenzen<\/strong>. Meistens werden Betroffene nicht nur von einer einzelnen Person, sondern von einer <strong>gr\u00f6\u00dferen Personengruppe<\/strong> gequ\u00e4lt, was den Sachverhalt und die Auswirkungen nat\u00fcrlich umso schlimmer machen.<\/p>\n<\/div><\/section><\/div>\n\n<style type=\"text\/css\" data-created_by=\"avia_inline_auto\" id=\"style-css-av-3040z42-c87654f88feeed654923a6bcff81e7bf\">\n.flex_column.av-3040z42-c87654f88feeed654923a6bcff81e7bf{\nborder-radius:0px 0px 0px 0px;\npadding:0px 0px 0px 0px;\n}\n<\/style>\n<div  class='flex_column av-3040z42-c87654f88feeed654923a6bcff81e7bf av_one_full  avia-builder-el-17  el_after_av_one_full  el_before_av_one_full  first flex_column_div av-zero-column-padding  column-top-margin'     ><section  class='av_textblock_section av-lgca43t6-b5bc654a308a1c30ede4dcbba32ee732 '  ><div class='avia_textblock' >\n<style type=\"text\/css\" data-created_by=\"avia_inline_auto\" id=\"style-css-av-2o1ittu-22151a3992507ae30d1d95aecf56efd9\">\n#top .hr.hr-invisible.av-2o1ittu-22151a3992507ae30d1d95aecf56efd9{\nheight:20px;\n}\n<\/style>\n<div  class='hr av-2o1ittu-22151a3992507ae30d1d95aecf56efd9 hr-invisible  avia-builder-el-19  avia-builder-el-no-sibling '><span class='hr-inner '><span class=\"hr-inner-style\"><\/span><\/span><\/div>\n<h2 id=\"2\" class=\"position\"><strong>Welche Formen von Mobbing gibt es? <\/strong><\/h2>\n<p>Egal wohin man schaut: <strong>Mobbing gibt es in fast jedem sozialen Gef\u00fcge<\/strong>. Man sieht es in TV-Formaten wie Dschungelcamp oder Germany\u2019s Next Top Model, am Arbeitsplatz, an Schulen, in Gef\u00e4ngnissen \u2013 schlicht \u00fcberall, wo unterschiedliche Menschen zusammenkommen und mehr oder weniger gezwungen sind, Zeit und Raum miteinander zu teilen.<\/p>\n<p>Am flapsigen Spruch \u201e<strong>Ist die Gruppe noch so klein, einer muss das Arschloch sein<\/strong>\u201c, den Ex-GNTM-Kandidatin Sarah Knappik einst im Dschungelcamp \u00e4u\u00dferte, ist leider etwas dran. Denn ein Feindbild verbindet und eint somit die Gruppe \u2013 evolution\u00e4r durchaus ein sinnvoller Mechanismus, der leider immer auf Kosten Einzelner geht.<\/p>\n<p>Wie genau die Ausgrenzung im Einzelnen vonstattengeht, kann sehr unterschiedlich sein: eine Kollegin teilt wichtige Informationen nicht mit dem Kollegen, eine Gruppe verf\u00e4llt in Schweigen, wenn eine bestimmte Person den Raum betritt, Ger\u00fcchte machen die Runde oder ein H\u00e4ftling schl\u00e4gt dem anderen bei der Essenausgabe das Tablett aus der Hand.<\/p>\n<p>Im Folgenden geht es um die Arten des Mobbings, die im (grund-)schulischen Kontext am h\u00e4ufigsten anzutreffen sind.<\/p>\n<p><strong>Das klassische Mobbing <\/strong><\/p>\n<p>\u201eKlassisch\u201c meint an dieser Stelle das analoge Schikanieren ohne Internet. Schon unsere Gro\u00dfeltern wissen dar\u00fcber Geschichten aus ihrer eigenen Kindheit und Jugend zu erz\u00e4hlen, vielleicht sogar noch immer mit einem h\u00e4mischen Kichern, wenn sie nicht selbst betroffen waren. Daher klingen solche Anekdoten oft harmlos \u2013 war ja nur <strong>Schikane<\/strong> oder <strong>H\u00e4nseln<\/strong>. Wer selbst Mobbing erlebt hat, sieht das immer anders.<\/p>\n<p>Mobbing gliedert sich in zwei bis drei Unterpunkte:<\/p>\n<ul>\n<li><strong>Verbal\/ psychisch<\/strong>: Spitznamen, Nach\u00e4ffen, Beleidigungen, Ironie und Sarkasmus, Ger\u00fcchte und L\u00fcgen, Einsch\u00fcchterungen, Ausgrenzen u.v.m.<\/li>\n<li><strong>K\u00f6rperlich<\/strong>: Bespucken, Treten, Schlagen, Schubsen, Bedrohen, Bestehlen, Zerst\u00f6ren von Eigentum etc.<\/li>\n<\/ul>\n<p>Selbst eine einzelne solche Erfahrung w\u00fcnscht man niemandem, doch meistens zieht sich Mobbing \u00fcber einen <strong>l\u00e4ngeren Zeitraum<\/strong>, wird von <strong>mehreren<\/strong> betrieben (und toleriert) und bedient sich verschiedener Methoden: Ist der Spitzname erst da, folgen schnell die Beleidigungen, das Ausgrenzen, unwahre Behauptungen und eventuell auch k\u00f6rperliche \u00dcbergriffe.<\/p>\n<p><strong>Cybermobbing <\/strong><\/p>\n<p>Bei Cybermobbing handelt es sich um einen \u00e4hnlichen Sachverhalt, nur dass das Mobbing z. B. via Messenger, Internet und in sozialen Medien stattfindet. Das verleiht den Dem\u00fctigungen eine neue Dimension:<\/p>\n<ol>\n<li>Das Internet ist anonym<\/li>\n<\/ol>\n<p>Viele sogenannte Hater f\u00fchlen sich im Internet aufgrund der <strong>vermeintlichen Anonymit\u00e4t<\/strong> und damit verbundenen Sicherheit mutiger. Folglich <strong>eskaliert die Gewalt<\/strong> schneller.<\/p>\n<ol start=\"2\">\n<li>Via Internet erreicht man ein gro\u00dfes Publikum<\/li>\n<\/ol>\n<p>So haben Betroffene auf Social-Media-Plattformen mit Pech gleich <strong>Hunderte<\/strong> oder mehr Leute gegen sich, die die Inhalte ihrerseits noch weiterverbreiten.<\/p>\n<ol start=\"3\">\n<li>Das Internet ist \u00fcberall<\/li>\n<\/ol>\n<p>W\u00e4hrend sich analoges Mobbing \u201enur\u201c auf Schule, Arbeitsplatz, auf jeden Fall auf ein konkretes Umfeld beschr\u00e4nkt, das man im Zweifel wechseln kann, <strong>helfen weder Schulschluss noch Schulwechsel gegen Cybermobbing<\/strong> \u2013 zumindest nicht in den schlimmeren F\u00e4llen.<\/p>\n<ol start=\"4\">\n<li>Das Internet vergisst nicht<\/li>\n<\/ol>\n<p>Was einmal <strong>online<\/strong> ist, <strong>bleibt<\/strong> dort \u2013 nicht nur, weil T\u00e4ter erst einmal zur Rechenschaft gezogen werden m\u00fcssen. Selbst, wenn einzelne Plattformen Inhalte l\u00f6schen, die gegen ihre Richtlinien versto\u00dfen, wei\u00df man nie, wer die Beitr\u00e4ge schon heruntergeladen oder weitergeleitet hat.<\/p>\n<ol start=\"5\">\n<li>Im Internet fakt es sich leichter<\/li>\n<\/ol>\n<p>Ein gehacktes Handy, ein bisschen <strong>Fotomontage<\/strong> oder eine aus dem <strong>Kontext<\/strong> gerissene Videoszene\/ Aussage: Schon ist die Diffamierung perfekt. Dass eigentlich alles ganz anders ist, interessiert niemanden.<\/p>\n<p>Filmtipp: Ben X, ein belgisch-niederl\u00e4ndischer Film von 2007, erz\u00e4hlt die Geschichte eines Autisten, der von seinen Klassenkameraden schikaniert wird, bis er keinen Ausweg mehr sieht. Es gibt viele Filme zum Thema Mobbing in der Schule, doch dieser ist nach meiner subjektiven Meinung weder plakativ noch unglaubw\u00fcrdig, sondern einfach super gemacht.<\/p>\n<p><strong>(Cyber-)Mobbing mit sexualisiertem Kontext <\/strong><\/p>\n<p>Sexualisierte Gewalt ist immer eine <strong>Machtdemonstration<\/strong> und dient dazu, den anderen zu erniedrigen oder zu zerst\u00f6ren. Auch hier sind die Auspr\u00e4gungen vielf\u00e4ltig. Unter anderem geh\u00f6ren folgende Varianten dazu:<\/p>\n<ul>\n<li>das Konfrontieren mit sexuellen Inhalten<\/li>\n<li>das Verbreiten intimer Fotos, ob echt oder gef\u00e4lscht<\/li>\n<li>sexualisierte Handgreiflichkeiten und \u00dcbergriffe<\/li>\n<li>vulg\u00e4re Beschimpfungen, Behauptungen oder Ger\u00fcchte<\/li>\n<li>Sextortion (dabei werden Menschen via Internet zu sexuellen Handlungen \u00fcberredet und anschlie\u00dfend damit erpresst)<\/li>\n<\/ul>\n<\/div><\/section><\/div>\n\n<style type=\"text\/css\" data-created_by=\"avia_inline_auto\" id=\"style-css-av-uj6q3x-d078c9b5c84d33958b648d68e6b63e55\">\n.flex_column.av-uj6q3x-d078c9b5c84d33958b648d68e6b63e55{\nborder-radius:0px 0px 0px 0px;\npadding:0px 0px 0px 0px;\n}\n<\/style>\n<div  class='flex_column av-uj6q3x-d078c9b5c84d33958b648d68e6b63e55 av_one_full  avia-builder-el-20  el_after_av_one_full  el_before_av_one_full  first flex_column_div av-zero-column-padding  column-top-margin'     ><section  class='av_textblock_section av-lj3zdl0n-1bb01dc1173f3a89725f6a85ef92cf7c '  ><div class='avia_textblock infoboxBlue' ><p><strong>Mobbing in der (Grund-)Schule \u2013 Zahlen, Daten Fakten <\/strong><\/p>\n<p>Leider gibt es wenige Zahlen zu Mobbing in Grundschulen. Die meisten Umfragen fokussieren sich bei diesem Thema auf Sch\u00fclerinnen und Sch\u00fcler weiterf\u00fchrender Schulen, wobei die Ergebnisse von Studie zu Studie schwanken.<\/p>\n<p>Trotzdem lassen sich nat\u00fcrlich einige Ergebnisse aus den unterschiedlichen Quellen ableiten:<\/p>\n<ul>\n<li>zwischen 15 und 25 % aller Sch\u00fclerinnen und Sch\u00fcler waren schon einmal als <strong>Opfer von Mobbing<\/strong> betroffen<\/li>\n<li>20 % sind Opfer von <strong>Cybermobbing<\/strong> geworden<\/li>\n<li>um die 15 % der Sch\u00fclerinnen und Sch\u00fcler haben schon einmal selbst jemanden gemobbt<\/li>\n<li>ca. 10 % der <strong>Elfj\u00e4hrigen<\/strong> werden mehrmals monatlich zum Opfer von Mobbing<\/li>\n<li><strong>beide Geschlechter<\/strong> sind ungef\u00e4hr gleich betroffen<\/li>\n<\/ul>\n<p>Wie immer m\u00f6gen die Dunkelziffern weit h\u00f6her liegen, denn viele Betroffene schweigen aus Angst oder Scham. Doch auch so sind die Zahlen alarmierend und verdeutlichen, dass Mobbing ein wichtiges Thema ist, das Aufmerksamkeit im Schulalltag verlangt.<\/p>\n<\/div><\/section><\/div>\n\n<style type=\"text\/css\" data-created_by=\"avia_inline_auto\" id=\"style-css-av-5xv36bx-2e7510d450b3d3818d2053039ff00368\">\n.flex_column.av-5xv36bx-2e7510d450b3d3818d2053039ff00368{\nborder-radius:0px 0px 0px 0px;\npadding:0px 0px 0px 0px;\n}\n<\/style>\n<div  class='flex_column av-5xv36bx-2e7510d450b3d3818d2053039ff00368 av_one_full  avia-builder-el-22  el_after_av_one_full  el_before_av_one_full  first flex_column_div av-zero-column-padding  column-top-margin'     ><section  class='av_textblock_section av-lj2mi4d1-9c13c57b8a5bf0a1dd263e2b2bd41920 '  ><div class='avia_textblock' >\n<style type=\"text\/css\" data-created_by=\"avia_inline_auto\" id=\"style-css-av-56b2q6l-70b1b12117349e4e926f6d2f87a25f20\">\n#top .hr.hr-invisible.av-56b2q6l-70b1b12117349e4e926f6d2f87a25f20{\nheight:20px;\n}\n<\/style>\n<div  class='hr av-56b2q6l-70b1b12117349e4e926f6d2f87a25f20 hr-invisible  avia-builder-el-24  avia-builder-el-no-sibling '><span class='hr-inner '><span class=\"hr-inner-style\"><\/span><\/span><\/div>\n<h2 id=\"3\" class=\"position\"><strong>Was motiviert T\u00e4ter zu Mobbing? <\/strong><\/h2>\n<p>Wer mobbt, hat Gr\u00fcnde, auch wenn er im Unrecht ist. Bringen Sie Ihren Kindern daher Strategien zum Probleml\u00f6sen nah und reden Sie gemeinsam \u00fcber St\u00e4rken und Schw\u00e4chen. Seien Sie, wie immer, wachsam \u2013 wie geht es den Kindern?<\/p>\n<p>Diese Gr\u00fcnde k\u00f6nnen als Motivation f\u00fcr T\u00e4ter infrage kommen:<\/p>\n<ul>\n<li><strong>Vorangegangene Gewalterfahrungen<\/strong><\/li>\n<\/ul>\n<p>Wer zu Hause gedem\u00fctigt, misshandelt, vernachl\u00e4ssigt, missbraucht wird, tr\u00e4gt vielleicht eine riesige Wut in sich. Wie toll muss es sein, mal andere leiden zu lassen, der\/ die St\u00e4rkere zu sein? Es mag also unter Umst\u00e4nden auch eine Form von <strong>Kompensation<\/strong> eigener Gewalterfahrungen dahinterstecken, wenn ein Kind sich entschlie\u00dft, ein anderes zu maltr\u00e4tieren.<\/p>\n<ul>\n<li><strong>Sadismus<\/strong><\/li>\n<\/ul>\n<p>Es gibt einfach Menschen, die sich am Leid anderer erg\u00f6tzen. Auch <strong>Gruppendynamik<\/strong> ist ein wichtiger Faktor. Doch ob Sadismus wirklich die Wurzel des Motivs oder nur eine Bl\u00fcte ist, sei dahingestellt. Psychologie ist komplex. Vielleicht hassen sich die Mobber unbewusst f\u00fcr ihr eigenes Verhalten oder w\u00fcnschen sich <strong>Strafe<\/strong>?<\/p>\n<ul>\n<li><strong>Rache<\/strong><\/li>\n<\/ul>\n<p>Einige Beispiele: Aylin und Melina waren immer unzertrennlich, doch dann kam dieser bl\u00f6de <strong>Streit<\/strong>. Aylin ist w\u00fctend und als Extrovertiertere von den beiden stellt sie Melina vor anderen blo\u00df, indem sie Geheimnisse ausplaudert.<\/p>\n<p>Yevgeny und Kevin kennen sich schon ewig und machen so gut wie alles zusammen. Mica ist aber neu, richtig cool und freundet sich mit Yevgeny an, weil beide ein seltenes Hobby teilen. Kevin ist verletzt, entt\u00e4uscht, f\u00fchlt sich alleine. Also setzt er peinliche Ger\u00fcchte \u00fcber Yevgeny in die Welt, in der Hoffnung, dass Mica sich von ihm <strong>abwendet<\/strong>.<\/p>\n<p>Wie auch immer \u2013 erst mit zunehmendem Alter f\u00fchlen sich Entt\u00e4uschungen und Streitereien nicht mehr an wie das Ende der Welt. Und die wenigsten Kinder und Jugendlichen haben bereits das richtige Handwerkszeug parat, um mit solchen Krisen umgehen zu k\u00f6nnen. So passieren oft Dinge im Affekt, die man eigentlich nicht will \u2013 denn eine Vers\u00f6hnung r\u00fcckt nach solchen Aktionen in weite Ferne.<\/p>\n<ul>\n<li><strong>Eigene Schw\u00e4chen<\/strong><\/li>\n<\/ul>\n<p>Manchmal ist es <strong>einfacher, auf andere einzuhacken<\/strong>, als selbst Opfer zu werden oder sich eigene Schw\u00e4chen einzugestehen. Das kann eine gute Tarnung sein oder ein aktiver Versuch, dazuzugeh\u00f6ren, obwohl man selbst bewusst gar nichts B\u00f6ses tun will.<\/p>\n<p>Auch <strong>Neid<\/strong> spielt manchmal eine Rolle: Warum hat der\/ die immer so tolle Noten, w\u00e4hrend ich Diktate einfach immer verhaue? Ha, aber daf\u00fcr habe ich nicht so eine riesige Nase! Das finden die anderen bestimmt auch lustig. Hey, Matschnase!<\/p>\n<p><strong>Anerkennung<\/strong> f\u00fcr Machtdemonstrationen steckt auch manchmal dahinter: Wenn jemand Angst vor mir hat, bin ich cool. Ich kann mal was, ich bin wer.<\/p>\n<p>Wer sich seiner selbst sicher ist, seine St\u00e4rken kennt und sich wohl in seiner Haut f\u00fchlt, hat weniger bis gar keine Gr\u00fcnde, andere unberechtigt anzufeinden. Ein guter Ansatzpunkt f\u00fcr Sie als Lehrkraft: F\u00f6rdern Sie die St\u00e4rken Ihrer SuS und besprechen Sie Regeln f\u00fcr ein <strong>respektvolles Miteinander<\/strong>.<\/p>\n<p>Videotipp: Leeroy will\u2019s wissen: Mobber trifft Mobbing-Opfer, mit Carsten Stahl, der heute als Coach gegen Mobbing Schulen besucht (Link am Ende des Beitrags).<\/p>\n<p>Man mag \u00fcber dieses Format denken, was man m\u00f6chte. Dieses Video ist jedoch aufschlussreich, weil es die Hintergr\u00fcnde von T\u00e4tern, Opfern sowie Schweigenden beleuchtet \u2013 und auch klarmacht, wie flie\u00dfend die \u00dcberg\u00e4nge sein k\u00f6nnen und dass man immer eine Entscheidung treffen kann. Dar\u00fcber hinaus gibt es viele weitere interessante Videos auf verschiedenen Plattformen.<\/p>\n<\/div><\/section><\/div>\n\n<style type=\"text\/css\" data-created_by=\"avia_inline_auto\" id=\"style-css-av-513cr59-3ff54ad202808515fac97816d06b3733\">\n.flex_column.av-513cr59-3ff54ad202808515fac97816d06b3733{\nborder-radius:0px 0px 0px 0px;\npadding:0px 0px 0px 0px;\n}\n<\/style>\n<div  class='flex_column av-513cr59-3ff54ad202808515fac97816d06b3733 av_one_full  avia-builder-el-25  el_after_av_one_full  el_before_av_one_full  first flex_column_div av-zero-column-padding  column-top-margin'     ><section  class='av_textblock_section av-lj2mj7gv-89064b1a07dd3ea023ceae110cf400f4 '  ><div class='avia_textblock' >\n<style type=\"text\/css\" data-created_by=\"avia_inline_auto\" id=\"style-css-av-4inr0a5-c985443e0b76356cfe2f032273d7717c\">\n#top .hr.hr-invisible.av-4inr0a5-c985443e0b76356cfe2f032273d7717c{\nheight:20px;\n}\n<\/style>\n<div  class='hr av-4inr0a5-c985443e0b76356cfe2f032273d7717c hr-invisible  avia-builder-el-27  avia-builder-el-no-sibling '><span class='hr-inner '><span class=\"hr-inner-style\"><\/span><\/span><\/div>\n<h2 id=\"4\" class=\"position\"><strong>Wodurch wird man Opfer von Mobbing? <\/strong><\/h2>\n<p>Es sagt sich so leicht, dass es jede und jeden treffen kann. Tats\u00e4chlich weisen Betroffene oft Merkmale aus, die sie f\u00fcr T\u00e4ter zu einer scheinbar <strong>leichten Zielscheibe<\/strong> machen. Dazu k\u00f6nnen folgende Punkte geh\u00f6ren:<\/p>\n<ul>\n<li><strong>Vorangegangene Gewalterfahrungen<\/strong><\/li>\n<\/ul>\n<p>Wer bereits Gewalt ausgesetzt war, z. B. durch Missbrauch, Pr\u00fcgel oder psychischen Missbrauch, ist meistens auch im sp\u00e4teren Leben f\u00fcr T\u00e4ter leicht zu identifizieren \u2013 vor allem, wenn er durch <strong>seine K\u00f6rpersprache Unterlegenheit und Angst signalisiert <\/strong>und generell nie die Chance hatte, sich zu behaupten oder Selbstwertgef\u00fchl zu entwickeln. Daran l\u00e4sst sich arbeiten \u2013 aber eher im Erwachsenen- statt im Grundschulalter.<\/p>\n<ul>\n<li><strong>Au\u00dfenseiter<\/strong><\/li>\n<\/ul>\n<p>Wenn ein Kind, aus welchen Gr\u00fcnden auch immer, in der Schule keine oder nur wenige Freunde hat oder gern f\u00fcr sich bleibt, ist es potenziell <strong>angreifbarer<\/strong> als jemand, der permanent von einer netten Gruppe Mitsch\u00fcler umringt ist oder sich gro\u00dfer Beliebtheit erfreut. Die meisten T\u00e4ter haben keine Lust auf <strong>Gegenwind<\/strong> und suchen sich gezielt vermeintlich Schw\u00e4chere.<\/p>\n<ul>\n<li><strong>Beliebige \u201eungew\u00f6hnliche\u201c Merkmale<\/strong><\/li>\n<\/ul>\n<p>Und das kann nun wirklich fast alles sein: die Wohnung in einem schlechter gestellten Viertel oder reiche Eltern, die Zahnspange oder Brille, ein un\u00fcbliches Hobby, eine kleine Macke, Krankheiten, der kulturelle oder religi\u00f6se Hintergrund, ein Sprachfehler oder eine Lernschw\u00e4che, ein abweichender Kleidungsstil, Frisur oder Haarfarbe u. v. m.<\/p>\n<p>Auch hier gilt: Je besser das Kind <strong>in den Klassenverband integriert<\/strong> ist, umso weniger eignet es sich f\u00fcr Mobbingattacken. Folglich gilt diesen Kindern durch Sie als Lehrkraft hoffentlich immer eine besondere Aufmerksamkeit.<\/p>\n<ul>\n<li><strong>Mangelndes Nachdenken oder Pech <\/strong><\/li>\n<\/ul>\n<p>Wen beispielsweise im Unterricht eine Magen-Darm-Attacke ereilt, der hat in der Regel f\u00fcr seine weitere Schulzeit \u201everschissen\u201c. Es gibt auch F\u00e4lle, in denen ein unbedachter Moment \u00fcber die Zukunft entscheidet: ein gepostetes, nicht privates Bild, eine unbedachte Antwort im Unterricht, eine bl\u00f6de Aktion w\u00e4hrend der Sportstunde.<\/p>\n<p>Wenn Sie Zeuge werden, schreiten Sie ein. Sprechen Sie gemeinsam dar\u00fcber, erz\u00e4hlen Sie, was Ihnen vielleicht schon Peinliches passiert ist, wie sie sich gef\u00fchlt haben, Sie damit umgegangen sind, was Sie sich gew\u00fcnscht h\u00e4tten. <strong>Ergreifen Sie Partei<\/strong>. Fragen Sie die Sp\u00f6tter, wie sie sich an der Stelle des anderen f\u00fchlen w\u00fcrden \u2013 und auch, warum sie reagieren, wie sie es tun. Es m\u00f6gen Scham, Unsicherheit, Schadenfreude, eigene Angst dahinterstecken.<\/p>\n<p>Reden Sie nat\u00fcrlich nur dann im Klassenverband dar\u00fcber, wenn es f\u00fcr den Betroffenen okay ist. Anderenfalls laufen Sie Gefahr, die Situation zu verschlimmern.<\/p>\n<\/div><\/section><\/div>\n\n<style type=\"text\/css\" data-created_by=\"avia_inline_auto\" id=\"style-css-av-e2sf71-11a4d52b17612d5bedc1c6c0c114e3e3\">\n.flex_column.av-e2sf71-11a4d52b17612d5bedc1c6c0c114e3e3{\nborder-radius:0px 0px 0px 0px;\npadding:0px 0px 0px 0px;\n}\n<\/style>\n<div  class='flex_column av-e2sf71-11a4d52b17612d5bedc1c6c0c114e3e3 av_one_full  avia-builder-el-28  el_after_av_one_full  el_before_av_one_full  first flex_column_div av-zero-column-padding  column-top-margin'     ><section  class='av_textblock_section av-lj2mkzya-7c6520bfd4edd379c6a4ee241ea29603 '  ><div class='avia_textblock' >\n<style type=\"text\/css\" data-created_by=\"avia_inline_auto\" id=\"style-css-av-3lhyr7x-6bb585c19bcd94696b7910ca8690f94c\">\n#top .hr.hr-invisible.av-3lhyr7x-6bb585c19bcd94696b7910ca8690f94c{\nheight:20px;\n}\n<\/style>\n<div  class='hr av-3lhyr7x-6bb585c19bcd94696b7910ca8690f94c hr-invisible  avia-builder-el-30  avia-builder-el-no-sibling '><span class='hr-inner '><span class=\"hr-inner-style\"><\/span><\/span><\/div>\n<h2 id=\"5\" class=\"position\"><strong>Auswirkungen von Mobbing auf Opfer<\/strong><\/h2>\n<p>Mobbing ist <strong>Psychoterror<\/strong> und somit furchtbar. Je nach Intensit\u00e4t des Mobbings nimmt auch die Schwere der Auswirkungen zu: Wer von zwei Klassenkameraden ein paar Wochen lang gemobbt wird, \u201everpackt\u201c das wahrscheinlich besser, als wenn sich der ganze Klassenverband oder die halbe Schule gegen ihn wendet, und das auch noch online.<\/p>\n<p>Je brutaler und vielf\u00e4ltiger die Methoden sind, umso schlimmer wird es selbstverst\u00e4ndlich: B\u00f6se Blicke und \u00e4tzende Spitznamen sind auch nicht toll, aber immer noch \u201ebesser\u201c, als mit dem Kopf ins Schulklo gedr\u00fcckt und dabei gefilmt zu werden.<\/p>\n<p>M\u00f6gliche Folgen von Mobbing k\u00f6nnen daher u. a. sein:<\/p>\n<ul>\n<li><strong>psychosomatische Beschwerden<\/strong> wie Kopf- oder Bauchschmerzen, \u00dcbelkeit, Schlafst\u00f6rungen oder weitere nicht n\u00e4her definierte k\u00f6rperliche Symptome.<\/li>\n<li><strong>vermeidendes Verhalten<\/strong> bis hin zum Schulschw\u00e4nzen oder der Weigerung, das Bett\/ Zimmer\/ den Klassenraum (w\u00e4hrend der Pausen) zu verlassen.<\/li>\n<li>Stress, Verzweiflung, Wut, Ohnmacht, Konzentrationsschw\u00e4che, Leistungsabfall, Reizbarkeit, negatives Selbstbild.<\/li>\n<li>psychische Erkrankungen wie Tics, S\u00fcchte, \u00c4ngste, Autoaggression, Essst\u00f6rungen, bis hin zu <strong>Depressionen <\/strong>sowie<strong> Suizid. <\/strong><\/li>\n<\/ul>\n<p>Es ist ganz klar: Mobbing ist <strong>kein<\/strong> Kavaliersdelikt und unter allen Umst\u00e4nden zu verhindern. Wer schweigt, verst\u00e4rkt die \u00dcberzeugung des Opfers, dass es selbst schuld sei, es verdient habe.<\/p>\n<\/div><\/section><\/div>\n\n<style type=\"text\/css\" data-created_by=\"avia_inline_auto\" id=\"style-css-av-36l21vx-485e03b7d052c09a2d805b6ca5e28775\">\n.flex_column.av-36l21vx-485e03b7d052c09a2d805b6ca5e28775{\nborder-radius:0px 0px 0px 0px;\npadding:0px 0px 0px 0px;\n}\n<\/style>\n<div  class='flex_column av-36l21vx-485e03b7d052c09a2d805b6ca5e28775 av_one_full  avia-builder-el-31  el_after_av_one_full  el_before_av_one_full  first flex_column_div av-zero-column-padding  column-top-margin'     ><section  class='av_textblock_section av-lj2mlikw-706510c5becf88a819988ee667e5bc7f '  ><div class='avia_textblock' >\n<style type=\"text\/css\" data-created_by=\"avia_inline_auto\" id=\"style-css-av-2m0pj59-5fcafc5a385a441bcfc6edbe72376e52\">\n#top .hr.hr-invisible.av-2m0pj59-5fcafc5a385a441bcfc6edbe72376e52{\nheight:20px;\n}\n<\/style>\n<div  class='hr av-2m0pj59-5fcafc5a385a441bcfc6edbe72376e52 hr-invisible  avia-builder-el-33  avia-builder-el-no-sibling '><span class='hr-inner '><span class=\"hr-inner-style\"><\/span><\/span><\/div>\n<h2 id=\"6\" class=\"position\"><strong>Wie wehre ich mich gegen (Cyber-)Mobbing?<\/strong><\/h2>\n<p>Das Perfide an allen Formen der Gewalt ist, dass Betroffenen das Wehren unm\u00f6glich scheint \u2013 denn das ist der \u201eSinn\u201c jeglicher \u00dcbergriffe. Gewalterfahrungen <strong>isolieren<\/strong>, machen <strong>hilflos<\/strong>, <strong>besch\u00e4men<\/strong>, zersetzen die Psyche.<\/p>\n<p>Die folgenden Ans\u00e4tze zeigen Ihnen, wie Sie effektiv gegen Mobbing vorgehen k\u00f6nnen, um Ihre SuS zu sch\u00fctzen. F\u00fcr zus\u00e4tzliche Tipps und Tricks lesen Sie auch unseren <a href=\"https:\/\/www.backwinkel.de\/blog\/sicherheit-und-sichtbarkeit-im-internet\/\" target=\"_blank\" rel=\"noopener\">Beitrag zum Thema Online-Sicherheit f\u00fcr Kinder<\/a>.<\/p>\n<p><strong>H3 Rechtliche Handhabe gegen Mobbing <\/strong><\/p>\n<p>Grunds\u00e4tzlich ist es nat\u00fcrlich schwierig, <strong>Kinder als T\u00e4ter<\/strong> zur Rechenschaft zu ziehen. Strafe ist jedoch auch nicht das Entscheidende \u2013 es soll ja nur aufh\u00f6ren.<\/p>\n<p>Je mehr und besser die <strong>Vorf\u00e4lle dokumentiert<\/strong> sind, je mehr <strong>Zeugen<\/strong> es gibt, umso mehr M\u00f6glichkeiten gibt es. Bei Cybermobbing ist es zwar oft schwierig, gegen Inhalte vorzugehen, doch immerhin sind die Taten besser dokumentiert als Beleidigungen und Pr\u00fcgel auf dem Schulhof.<\/p>\n<p><strong>Aufkl\u00e4rung und Abschreckung<\/strong> k\u00f6nnen Wunder wirken: K\u00f6nnen Sie z. B. einen Polizeibeamten f\u00fcr einen Vortrag in Ihrer Klasse gewinnen? Besucht Sie ein Coach, der sich (als ehemaliges Opfer oder T\u00e4ter) gegen Mobbing stark macht? Dann nutzen Sie die Chance, um Ihren SuS das Thema Mobbing verst\u00e4ndlicher zu machen.<\/p>\n<\/div><\/section><\/div>\n\n<style type=\"text\/css\" data-created_by=\"avia_inline_auto\" id=\"style-css-av-201ilcd-a03fe4a07b51ac233bfeb5294c004211\">\n.flex_column.av-201ilcd-a03fe4a07b51ac233bfeb5294c004211{\nborder-radius:0px 0px 0px 0px;\npadding:0px 0px 0px 0px;\n}\n<\/style>\n<div  class='flex_column av-201ilcd-a03fe4a07b51ac233bfeb5294c004211 av_one_full  avia-builder-el-34  el_after_av_one_full  el_before_av_one_full  first flex_column_div av-zero-column-padding  column-top-margin'     ><section  class='av_textblock_section av-lj2mm3zr-b9052d8adae0d227e4c93b9a1096faa6 '  ><div class='avia_textblock infoboxGreen' ><p><strong>Anlaufstellen bei Mobbing <\/strong><\/p>\n<p>Diese Informationen dienen eher Ihnen als Vermittlerinnen und Vermittler, denn wenn wir mal ehrlich sind: Welcher achtj\u00e4hrige Sch\u00fcler w\u00e4hlt eine Telefonnummer und vertraut sich einem Fremden an oder stiefelt gar auf eigene Faust zu einer Beratungsstelle? Daf\u00fcr muss man ja auch erst einmal wissen, dass einem Unrecht widerf\u00e4hrt \u2013 und sich dann noch trauen.<\/p>\n<p>Wahrscheinlich bek\u00e4men die Kinder dann auch u. a. Tipps, die uns bekannt sind: Rede mit einer Vertrauensperson, zum Beispiel.<\/p>\n<p>Hier also einige Kontaktdaten:<\/p>\n<ul>\n<li>die <strong>Nummer gegen Kummer<\/strong>: 116 111, Mo. bis Sa. von 14 bis 20 Uhr<\/li>\n<li><strong>Notinseln<\/strong>: Machen Sie Ihre SuS mit dem Symbol vertraut, damit sie in ihrem Umfeld Anlaufstellen im Falle akuter Bedrohung haben. Die Notinsel gibt es auch als App und auf Social Media \u2013 leider Angebote, die sich vor allem an Eltern richten, die dann hoffentlich ihre Kinder instruieren. Einige Links funktionieren leider nicht.<\/li>\n<li><strong>juuport<\/strong>: vor allem in Bezug auf Cybermobbing<\/li>\n<li><strong>Telefonseelsorge<\/strong>, rund um die Uhr erreichbar: 0800 111 0 111 oder 222<\/li>\n<li>der <strong>Wei\u00dfe Ring<\/strong>: 116 006 (von 7 bis 22 Uhr)<\/li>\n<\/ul>\n<\/div><\/section><\/div>\n\n<style type=\"text\/css\" data-created_by=\"avia_inline_auto\" id=\"style-css-av-1j1gzgt-9479fb9a3729728eb0761dbc53117169\">\n.flex_column.av-1j1gzgt-9479fb9a3729728eb0761dbc53117169{\nborder-radius:0px 0px 0px 0px;\npadding:0px 0px 0px 0px;\n}\n<\/style>\n<div  class='flex_column av-1j1gzgt-9479fb9a3729728eb0761dbc53117169 av_one_full  avia-builder-el-36  el_after_av_one_full  el_before_av_one_full  first flex_column_div av-zero-column-padding  column-top-margin'     ><section  class='av_textblock_section av-lj2mmtr0-b6fba3580ae02e471641785d02025899 '  ><div class='avia_textblock' ><p><strong>5 Tipps f\u00fcr Lehrkr\u00e4fte gegen Mobbing <\/strong><\/p>\n<p>Diese Tipps sind als Anregungen gedacht, wenn Sie mit Ihrer Klasse \u00fcber Mobbing sprechen, damit die Kinder im Ernstfall auf ein paar <strong>effektive Methoden<\/strong> zur\u00fcckgreifen k\u00f6nnen.<\/p>\n<p>Wenn Sie jedoch Zeuge einer verbalen oder k\u00f6rperlichen Attacke werden, schreiten Sie selbstredend direkt ein und reden mit <strong>(Schul-)Sozialarbeitern<\/strong> sowie Kollegen und wenden sich an Anlaufstellen. Bitte schauen Sie niemals weg. Wenn Sie selbst nicht wissen, <strong>was<\/strong> Sie tun k\u00f6nnen, ist das nicht schlimm, solange Sie <strong>etwas<\/strong> tun wollen. Holen Sie sich Hilfe, um den Kindern zu helfen.<\/p>\n<p><strong>Nichts ist furchtbarer, als wegzusehen. Nichts ist mutiger, als das Schweigen zu brechen. <\/strong><\/p>\n<ol>\n<li><strong> Reden Sie \u00fcber Mobbing <\/strong><\/li>\n<\/ol>\n<p>Thematisieren Sie Mobbing im Unterricht. So sensibilisieren Sie Ihre SuS und helfen ihnen, ihre Empathie zu st\u00e4rken. Daf\u00fcr eignen sich f\u00fcr den Einstieg Geschichten, B\u00fccher, Rollenspiele o. \u00c4. Richten Sie auch einen anonymen <strong>Sorgenbriefkasten<\/strong> ein. Vielleicht machen einige Ihrer SuS bereits Erfahrungen mit Mobbing und nehmen dieses Angebot gerne an.<\/p>\n<p>Nat\u00fcrlich k\u00f6nnen Sie sich auch jederzeit <strong>externe Profis<\/strong> dazu holen, die die Kinder aufkl\u00e4ren und mit ihnen in den Dialog kommen. Viele Profis haben fr\u00fcher selbst einschl\u00e4gige Erfahrungen mit Mobbing gemacht, sei es als T\u00e4ter oder Opfer, und sind deswegen besonders authentisch. Auch ein Elternabend oder eine Konferenz zum Thema Mobbing ist immer eine gute Idee.<\/p>\n<ol start=\"2\">\n<li><strong> F\u00f6rdern Sie die Selbstbehauptungskompetenzen Ihrer SuS <\/strong><\/li>\n<\/ol>\n<p>Nein zu sagen will gelernt sein, und man kann gar nicht fr\u00fch genug damit anfangen. Machen Sie Ihren SuS klar, dass sie Rechte haben, dass Mobbing z. T. sogar ein Strafbestand ist und sie sich wehren d\u00fcrfen. Auch hier eignen sich Rollenspiele, aber auch Gespr\u00e4che oder <strong>Selbstverteidigungskurse<\/strong>.<\/p>\n<p>Mehr zum Thema Selbstbehauptung lesen Sie in unserem Beitrag <a href=\"https:\/\/www.backwinkel.de\/blog\/selbstbehauptung\/\" target=\"_blank\" rel=\"noopener\">Grenzen ziehen und Selbstbehauptung lernen<\/a>.<\/p>\n<ol start=\"3\">\n<li><strong> Sagen Sie klar: Ich helfe! <\/strong><\/li>\n<\/ol>\n<p>Sie haben die Pflicht, Ihre Kinder vor Mobbing zu sch\u00fctzen und sollten zudem eine <strong>Vertrauensperson<\/strong> f\u00fcr Ihre Sch\u00fctzlinge sein. Beziehen Sie daher ganz klar Stellung: Mobbing wird nicht toleriert, Sie sind f\u00fcr jede und jeden da, der Hilfe braucht und k\u00fcmmern sich.<\/p>\n<p>Mobbing kann selbst Erwachsene in die totale Verzweiflung st\u00fcrzen. Kinder brauchen zwingend einen <strong>starken, erwachsenen Partner<\/strong> an ihrer Seite, auf den sie sich in einer solchen Krisensituation bedingungslos verlassen k\u00f6nnen \u2013 auch, weil Gleichaltrige oft Angst haben, Stellung zu beziehen, weil sie nicht selbst zur Zielscheibe werden wollen. Das hei\u00dft selbstverst\u00e4ndlich auch, dass Sie sofort einschreiten, wenn Sie Zeuge einer Mobbingattacke werden.<\/p>\n<ol start=\"4\">\n<li><strong> Machen Sie Ihre SuS zu Buddys <\/strong><\/li>\n<\/ol>\n<p>Klassensprecher, Streitschlichter, Paten: Es gibt viele Konzepte, die SuS dazu anleiten, Probleme unter- und miteinander zu l\u00f6sen und sich gegenseitig zu helfen. Dabei m\u00fcssen Sie nicht unbedingt auf <strong>bestehende Konzepte<\/strong> zur\u00fcckgreifen: <strong>Brainstormen<\/strong> Sie mit Ihren Kollegen, <strong>informieren<\/strong> Sie sich. Bestimmt finden Sie eine gute L\u00f6sung f\u00fcr Ihre Schule.<\/p>\n<ol start=\"5\">\n<li><strong> Seien Sie aufmerksam <\/strong><\/li>\n<\/ol>\n<p>Ist einer Ihrer Sch\u00fcler in letzter Zeit sehr in sich gekehrt und zieht sich auch in den Pausen zur\u00fcck? Beteiligt sich eine vorher fr\u00f6hliche und aktive Sch\u00fclerin pl\u00f6tzlich nicht mehr am Unterrichtsgeschehen? Ist einer Ihrer SuS unkonzentriert, verschlechtert sich, hat vermehrt Fehlzeiten?<\/p>\n<p>Was auch immer hinter derartigen <strong>Verhaltens\u00e4nderungen<\/strong> steckt: Es ist nichts Gutes. Nehmen Sie sich die Zeit f\u00fcr ein Gespr\u00e4ch unter vier Augen, vielleicht f\u00fcr einen kleinen Brief und forschen Sie nach, damit Sie helfen k\u00f6nnen. Und wie immer: H\u00f6ren Sie auf Ihren Bauch.<\/p>\n<\/div><\/section><\/div>\n\n<style type=\"text\/css\" data-created_by=\"avia_inline_auto\" id=\"style-css-av-1d55t59-071fd24e426863d856dc2eff2533187d\">\n.flex_column.av-1d55t59-071fd24e426863d856dc2eff2533187d{\nborder-radius:0px 0px 0px 0px;\npadding:0px 0px 0px 0px;\n}\n<\/style>\n<div  class='flex_column av-1d55t59-071fd24e426863d856dc2eff2533187d av_one_full  avia-builder-el-38  el_after_av_one_full  el_before_av_one_full  first flex_column_div av-zero-column-padding  column-top-margin'     ><section  class='av_textblock_section av-lj2mn9wa-9870f3571c9557322392c9ebe706ec61 '  ><div class='avia_textblock infoboxBlue' ><p><strong>Bonus-Tipp<\/strong>: Der <strong>No-Blame-Approach<\/strong> ist eine tolle Methode, um bestehendes Mobbing aufzul\u00f6sen und den Zusammenhalt zwischen den Kindern zu st\u00e4rken. Ein tolles Video dazu finden Sie am Ende des Beitrags.<\/p>\n<\/div><\/section><\/div>\n\n<style type=\"text\/css\" data-created_by=\"avia_inline_auto\" id=\"style-css-av-kgd625-b173cabacd75c07107454f28bd827299\">\n.flex_column.av-kgd625-b173cabacd75c07107454f28bd827299{\nborder-radius:0px 0px 0px 0px;\npadding:0px 0px 0px 0px;\n}\n<\/style>\n<div  class='flex_column av-kgd625-b173cabacd75c07107454f28bd827299 av_one_full  avia-builder-el-40  el_after_av_one_full  el_before_av_hr  first flex_column_div av-zero-column-padding  column-top-margin'     ><section  class='av_textblock_section av-lj2moaoq-ab0e1a5bd7a1c6df8c07ff68621ec3f4 '  ><div class='avia_textblock' ><p><strong>5 Tipps f\u00fcr Betroffene von Mobbing <\/strong><\/p>\n<p>Mobbing soll Schw\u00e4chere schw\u00e4chen. Die beste Waffe dagegen ist St\u00e4rke, die aber viele Kinder (noch) nicht haben. Mache Sie Ihren SuS trotzdem deutlich, dass sie Mobbing zu keinem Zeitpunkt und in keiner Form hinnehmen m\u00fcssen \u2013 z. B. anhand dieser f\u00fcnf Gedanken.<\/p>\n<ol>\n<li><strong> Rede dar\u00fcber und suche dir Hilfe <\/strong><\/li>\n<\/ol>\n<p>Wie immer gilt f\u00fcr Opfer \u2013 die T\u00e4ter m\u00fcssen sich sch\u00e4men und Angst haben, nicht die Betroffenen. Die T\u00e4ter sind im Unrecht und jede bzw. jeder hat das Recht, sich zu verteidigen, besch\u00fctzt zu werden, Gerechtigkeit zu erfahren. Nat\u00fcrlich erfordert das Mut. Aber was w\u00e4re die Alternative? Sensibilisieren Sie Ihre Kinder also auch daf\u00fcr. Es geht nicht um Strafen, auch nicht f\u00fcr die T\u00e4ter. <strong>Das Mobbing muss nur aufh\u00f6ren.<\/strong> Und daf\u00fcr muss es eben erstmal bekannt sein.<\/p>\n<p>Als erster Schritt eignet sich die beste Freundin, der beste Freund, ein Elternteil, vielleicht auch ein anonymes Hilfetelefon oder die M\u00f6glichkeit, Ihnen unauff\u00e4llig eine Nachricht zukommen zu lassen. Bieten Sie Ihren SuS so viele Alternativen wie m\u00f6glich. Umso h\u00f6her ist die Wahrscheinlichkeit, dass f\u00fcr alle die passende dabei ist.<\/p>\n<ol start=\"2\">\n<li><strong> Don\u2019t feed the troll! <\/strong><\/li>\n<\/ol>\n<p>Selbstbeherrschung ist alles: Wenn sich das Mobbing in h\u00e4mischen Kommentaren ersch\u00f6pft, ist keine Reaktion die beste. So liefern Betroffene den T\u00e4tern keinen neuen Input, aufgrund dessen sie sie erneut attackieren k\u00f6nnen.<\/p>\n<p>Nutzen Sie Rollenspiele oder Geschichten, in denen Ihre SuS sich ausprobieren k\u00f6nnen. Stellen Sie ihnen die Frage: Warum willst du denn unbedingt darauf antworten? Was erhoffst du dir, und wird diese Reaktion deines Gegen\u00fcbers dann auch eintreten? Oder freut sich der andere eher, wenn seine <strong>Provokation<\/strong> geklappt hat?<\/p>\n<ol start=\"3\">\n<li><strong> Schlagfertige Reaktionen entwaffnen <\/strong><\/li>\n<\/ol>\n<p>Zugegeben, daf\u00fcr braucht es \u00dcbung und Ego, aber genau dabei k\u00f6nnen Sie ja vielleicht helfen. Warum nicht mal lachen oder sich bedanken, wenn man einen bl\u00f6den Spruch kassiert? Denn damit rechnen Mobber nicht \u2013 und das wollen sie auch nicht bezwecken.<\/p>\n<p>\u00dcben Sie im Rollenspiel verschiedene Umgangsweisen mit b\u00f6sen Kommentaren und Beleidigungen. Eine <strong>Anti-Aggressions- oder Coolness-Trainer<\/strong> steht Ihnen daf\u00fcr gerne zur Seite. Starke Strategien zur Gewaltpr\u00e4vention lesen Sie auch in unserem Beitrag <a href=\"https:\/\/www.backwinkel.de\/blog\/5-strategien-zur-gewaltpraevention\/\">Keep calm and stay cool<\/a>.<\/p>\n<p>Auch bei t\u00e4tlichen \u00dcbergriffen kann eine ungew\u00f6hnliche Reaktion die T\u00e4ter stoppen und verschrecken oder auch <strong>Au\u00dfenstehende alarmieren<\/strong>: lautes Schreien, das Blasen in eine Trillerpfeife, sich auf den Boden fallen lassen und strampeln. Klar ist das extrem, klar erfordert es \u00dcberwindung \u2013 aber es ist besser, als zusammengeschlagen und beraubt zu werden.<\/p>\n<ol start=\"4\">\n<li><strong> Never walk alone! <\/strong><\/li>\n<\/ol>\n<p>In extremeren F\u00e4llen, wenn k\u00f6rperliche \u00dcbergriffe drohen, ist man alleine hilflos. Ein Nachbarskind oder Elternteil kann z. B. in diesem Fall die Kinder zur Schule begleiten, ein Pate aus einer anderen Klasse die Pausen mit dem Kind verbringen \u2013 oder Sie richten sogar einen <strong>Schutzraum<\/strong> innerhalb der Schule ein. (Regenpausen sto\u00dfen aus unterschiedlichen Gr\u00fcnden bei Kindern auf Begeisterung \u2013 drau\u00dfen allein zu sein, ist f\u00fcr manche Kinder ein Horror.) Vielleicht reicht es schon, die <strong>Pausenaufsicht<\/strong> zu sensibilisieren oder selbst auf dem Schulhof mit isolierten Kindern in Kontakt zu kommen, wenn Sie selbst gerade Aufsicht f\u00fchren.<\/p>\n<p>Nat\u00fcrlich setzen all diese Ideen voraus, dass die \u00dcbergriffe bekannt sind, weil das Kind sich im besten Fall jemandem anvertraut, vielleicht sogar das Mobbing dokumentiert. Ihre Beobachtungsgabe mag entscheidend sein. Ihre Hilfe ist es auf jeden Fall!<\/p>\n<ol start=\"5\">\n<li><strong> Es ist nicht deine Schuld! <\/strong><\/li>\n<\/ol>\n<p><strong>Niemand verdient Mobbing.<\/strong> Niemand hat etwas getan oder besitzt eine Eigenschaft, die ein solches Verhalten rechtfertigt. Auch, wenn die Verzweiflung gro\u00df, im Wortsinn unendlich sein mag: Es geht vor\u00fcber. Das hei\u00dft nicht, dass Betroffene Mobbing aushalten sollen oder m\u00fcssen. Wenn alle Stricke rei\u00dfen, ist auch eine so einschneidende Entscheidung wie ein <strong>Schul- oder gar Wohnortwechsel<\/strong> eine M\u00f6glichkeit. Es gibt keine unl\u00f6sbaren Probleme \u2013 zumindest nicht mit den richtigen Verb\u00fcndeten. Seien Sie einer davon. Immer.<\/p>\n<p>Zuallerletzt: Es muss sich von selbst verstehen, dass Sie Ihren SuS jederzeit mit Verst\u00e4ndnis, Empathie und Respekt begegnen. In der Praxis sieht es manchmal anders aus. Werden Sie also bitte nicht zu T\u00e4terinnen und T\u00e4tern, indem Sie Ihre Kleinen und Gro\u00dfen verspotten, blo\u00dfstellen, vorf\u00fchren.<\/p>\n<p>Ungefragtes Drannehmen bei sichtlichem Unwohlsein des Sch\u00fclers, das W\u00e4hlen in Mannschaften, das Sortieren von Tests nach Noten oder das \u00f6ffentliche Besprechen von Fehlern wie auch das Lachen \u00fcber Sch\u00fclerantworten oder das Benutzen von Spitznamen und vieles andere mehr sind auch Mobbing oder k\u00f6nnen es zumindest sein.<\/p>\n<p>Stellen Sie sich also immer die Frage: W\u00fcrde ich als Erwachsene oder Erwachsener mir das gefallen lassen, w\u00fcrde ich mich gut dabei f\u00fchlen? And if you doubt \u2013 don\u2019t.<\/p>\n<\/div><\/section><\/div>\n\n<style type=\"text\/css\" data-created_by=\"avia_inline_auto\" id=\"style-css-av-kz7pcc-998c523973ce04bd41c056e7ad17fd36\">\n#top .hr.av-kz7pcc-998c523973ce04bd41c056e7ad17fd36{\nmargin-top:10px;\nmargin-bottom:10px;\n}\n.hr.av-kz7pcc-998c523973ce04bd41c056e7ad17fd36 .hr-inner{\nwidth:500;\n}\n<\/style>\n<div  class='hr av-kz7pcc-998c523973ce04bd41c056e7ad17fd36 hr-custom  avia-builder-el-42  el_after_av_one_full  el_before_av_one_full  hr-left hr-icon-no'><span class='hr-inner inner-border-av-border-none'><span class=\"hr-inner-style\"><\/span><\/span><\/div>\n\n<style type=\"text\/css\" data-created_by=\"avia_inline_auto\" id=\"style-css-av-3tembw-a1c4b21fc3f6f2fd3d0d32482ae74cc6\">\n.flex_column.av-3tembw-a1c4b21fc3f6f2fd3d0d32482ae74cc6{\nborder-radius:0px 0px 0px 0px;\npadding:10px 10px 10px 10px;\nbackground-color:#f2f2f2;\n}\n<\/style>\n<div  class='flex_column av-3tembw-a1c4b21fc3f6f2fd3d0d32482ae74cc6 av_one_full  avia-builder-el-43  el_after_av_hr  el_before_av_one_full  first flex_column_div  '     ><section  class='av_textblock_section av-2hcanw-354275dfda09aacb13c8894d92e606ed '  ><div class='avia_textblock' ><p class=\"fussnoten-quellen\"><strong>Lesestoff:<\/strong><\/p>\n<p><span style=\"font-size: 14pt;\">eine Sammlung von Materialien und Projekten zum gegen Mobbing, 19.01.2004:<br \/>\n<a href=\"https:\/\/www.bildungsserver.de\/innovationsportal\/bildungplusartikel.html?artid=274\" target=\"_blank\" rel=\"noopener\">https:\/\/www.bildungsserver.de\/innovationsportal\/bildungplusartikel.html?artid=274<\/a><\/span><\/p>\n<p><span style=\"font-size: 14pt;\">Bohlken, Jan: Cybermobbing \u2013 Begriff, Ursachen, Folgen, Symptome, Ma\u00dfnahmen, Vorsorge, 9.1.2018 (viele rechtliche Informationen zum Thema Cybermobbing):<br \/>\n<a href=\"https:\/\/www.profiling-institut.de\/cybermobbing\/\" target=\"_blank\" rel=\"noopener\">https:\/\/www.profiling-institut.de\/cybermobbing\/<\/a><\/span><\/p>\n<p><span style=\"font-size: 14pt;\">Deutscher Bundestag: Mobbing an Schulen, Dokumentation, 2018 (Artikel mit zahlreichen Links zu Studien und Anlaufstellen zum Thema Mobbing in der Schule):<br \/>\n<a href=\"https:\/\/www.bundestag.de\/resource\/blob\/592494\/4ee825520cb3b29d7a6c0b6555f01657\/WD-9-056-18-pdf-data.pdf\" target=\"_blank\" rel=\"noopener\">https:\/\/www.bundestag.de\/resource\/blob\/592494\/4ee825520cb3b29d7a6c0b6555f01657\/WD-9-056-18-pdf-data.pdf<\/a><\/span><\/p>\n<p><span style=\"font-size: 14pt;\">Galileo: Kann man sich gegen Cybermobbing wehren? Das Experiment:<br \/>\nhttps:\/\/www.youtube.com\/watch?v=u2Hcis3lWIk<\/span><\/p>\n<p><span style=\"font-size: 14pt;\">Haarmann, Julia, K\u00fchmichel, Sabine, Sander, Wolfgang: Baustein 5: Was tun bei Mobbing? \u2013 Gegenma\u00dfnahmen, 30.06.2010:<br \/>\n<a href=\"https:\/\/www.bpb.de\/lernen\/angebote\/grafstat\/mobbing\/46532\/baustein-5-was-tun-bei-mobbing-gegenmassnahmen\/#node-content-title-0\" target=\"_blank\" rel=\"noopener\">https:\/\/www.bpb.de\/lernen\/angebote\/grafstat\/mobbing\/46532\/baustein-5-was-tun-bei-mobbing-gegenmassnahmen\/#node-content-title-0<\/a><\/span><\/p>\n<p><span style=\"font-size: 14pt;\">Leeroy will\u2019s wissen!: Mobber trifft Mobbing-Opfer:<br \/>\nhttps:\/\/www.youtube.com\/watch?v=8sj8Y15KuXc<\/span><\/p>\n<p><span style=\"font-size: 14pt;\">Arbeitsbl\u00e4tter samt L\u00f6sungsbogen zum Thema Mobbing als Inspiration:<br \/>\n<a href=\"https:\/\/mobbing-schluss-damit.de\/schule\/die-arbeitsboegen\" target=\"_blank\" rel=\"noopener\">https:\/\/mobbing-schluss-damit.de\/schule\/die-arbeitsboegen<\/a><\/span><\/p>\n<p><span style=\"font-size: 14pt;\">Quarks: Mobbing-Experiment: So schnell wird man zum Au\u00dfenseiter:<br \/>\nhttps:\/\/www.youtube.com\/watch?v=oG73p5RlKNw<\/span><\/p>\n<p><span style=\"font-size: 14pt;\">RKI: Mobbing und Cybermobbing bei Kindern und Jugendlichen in Deutschland \u2013 Querschnittsergebnisse der HBSC-Studi 2017\/18 und Trends, Journal of Health Monitoring, 2020:<br \/>\n<a href=\"https:\/\/www.rki.de\/DE\/Content\/Gesundheitsmonitoring\/Gesundheitsberichterstattung\/GBEDownloadsJ\/Focus\/JoHM_03_2020_HBSC_Mobbing.pdf?__blob=publicationFile\" target=\"_blank\" rel=\"noopener\">https:\/\/www.rki.de\/DE\/Content\/Gesundheitsmonitoring\/Gesundheitsberichterstattung\/GBEDownloadsJ\/Focus\/JoHM_03_2020_HBSC_Mobbing.pdf?__blob=publicationFile<\/a><\/span><\/p>\n<p><span style=\"font-size: 14pt;\">S., Dana: Mobbing in der Grundschule: So k\u00f6nnen Lehrer und Eltern handeln, 24.03.2023 (mit einem Video zur No-Blame-Methode):<br \/>\n<a href=\"https:\/\/www.kita.de\/wissen\/mobbing-grundschule\/\" target=\"_blank\" rel=\"noopener\">https:\/\/www.kita.de\/wissen\/mobbing-grundschule\/<\/a><\/span><\/p>\n<p><span style=\"font-size: 14pt;\">interessante Sammlung zum Thema Mobbing auch seitens der Lehrkr\u00e4fte:<br \/>\n<a href=\"https:\/\/www.schueler-gegen-mobbing.de\/mobbing-in-der-schule\/\" target=\"_blank\" rel=\"noopener\">https:\/\/www.schueler-gegen-mobbing.de\/mobbing-in-der-schule\/<\/a><\/span><\/p>\n<\/div><\/section><\/div>\n\n<style type=\"text\/css\" data-created_by=\"avia_inline_auto\" id=\"style-css-av-fqckto-d5350d06c16b17286c5e2ae288dcdba2\">\n.flex_column.av-fqckto-d5350d06c16b17286c5e2ae288dcdba2{\nborder-radius:0px 0px 0px 0px;\npadding:10px 10px 10px 10px;\n}\n<\/style>\n<div  class='flex_column av-fqckto-d5350d06c16b17286c5e2ae288dcdba2 av_one_full  avia-builder-el-45  el_after_av_one_full  el_before_av_one_full  first flex_column_div  column-top-margin'     ><section  class='av_textblock_section av-dh1mgc-1f1cdce34e8e6e00b3fada23e5365d1b '  ><div class='avia_textblock' ><p class=\"copyright\"><strong>\u00a9 Copyright \u2013 Urheberrechtshinweis<\/strong><br \/>\nAlle Inhalte auf www.backwinkel.de sowie www.backwinkel.de\/blog, insbesondere Texte, Fotografien und Grafiken, sind urheberrechtlich gesch\u00fctzt.<br \/>\nDas Urheberrecht liegt, soweit nicht ausdr\u00fccklich anders gekennzeichnet, bei der BACKWINKEL GmbH. Bitte fragen Sie uns, falls Sie die Inhalte dieses Internetangebotes verwenden m\u00f6chten.<br \/>\nWer gegen das Urheberrecht verst\u00f6\u00dft (z. B. Bilder oder Texte unerlaubt kopiert), macht sich gem. \u00a7\u00a7 106 ff UrhG strafbar, wird zudem kostenpflichtig abgemahnt und muss Schadensersatz leisten (\u00a7 97 UrhG).<\/p>\n<\/div><\/section><\/div>\n\n<style type=\"text\/css\" data-created_by=\"avia_inline_auto\" id=\"style-css-av-d5co4s-aedf4c432807ac740642c7127dd938f9\">\n.flex_column.av-d5co4s-aedf4c432807ac740642c7127dd938f9{\nborder-radius:0px 0px 0px 0px;\npadding:0px 0px 0px 0px;\n}\n<\/style>\n<div  class='flex_column av-d5co4s-aedf4c432807ac740642c7127dd938f9 av_one_full  avia-builder-el-47  el_after_av_one_full  el_before_av_one_full  first flex_column_div av-zero-column-padding  column-top-margin'     ><section  class='av_textblock_section av-a97ba4-7dd40c09d190f5324e4111b3d971dd4a '  ><div class='avia_textblock' ><div class=\"shariff shariff-align-left shariff-widget-align-left\"><ul class=\"shariff-buttons theme-color orientation-horizontal buttonsize-medium\"><li class=\"shariff-button whatsapp shariff-nocustomcolor\" style=\"background-color:#5cbe4a\"><a href=\"https:\/\/api.whatsapp.com\/send?text=https%3A%2F%2Fwww.backwinkel.de%2Fblog%2Fcyber-mobbing%2F%20Ausgrenzung%2C%20Dem%C3%BCtigungen%20und%20Schl%C3%A4ge\" title=\"Bei Whatsapp teilen\" aria-label=\"Bei Whatsapp teilen\" role=\"button\" rel=\"noopener nofollow\" class=\"shariff-link\" style=\"; background-color:#34af23; color:#fff\" target=\"_blank\"><span class=\"shariff-icon\" style=\"\"><svg width=\"32px\" height=\"20px\" xmlns=\"http:\/\/www.w3.org\/2000\/svg\" viewBox=\"0 0 32 32\"><path fill=\"#34af23\" d=\"M17.6 17.4q0.2 0 1.7 0.8t1.6 0.9q0 0.1 0 0.3 0 0.6-0.3 1.4-0.3 0.7-1.3 1.2t-1.8 0.5q-1 0-3.4-1.1-1.7-0.8-3-2.1t-2.6-3.3q-1.3-1.9-1.3-3.5v-0.1q0.1-1.6 1.3-2.8 0.4-0.4 0.9-0.4 0.1 0 0.3 0t0.3 0q0.3 0 0.5 0.1t0.3 0.5q0.1 0.4 0.6 1.6t0.4 1.3q0 0.4-0.6 1t-0.6 0.8q0 0.1 0.1 0.3 0.6 1.3 1.8 2.4 1 0.9 2.7 1.8 0.2 0.1 0.4 0.1 0.3 0 1-0.9t0.9-0.9zM14 26.9q2.3 0 4.3-0.9t3.6-2.4 2.4-3.6 0.9-4.3-0.9-4.3-2.4-3.6-3.6-2.4-4.3-0.9-4.3 0.9-3.6 2.4-2.4 3.6-0.9 4.3q0 3.6 2.1 6.6l-1.4 4.2 4.3-1.4q2.8 1.9 6.2 1.9zM14 2.2q2.7 0 5.2 1.1t4.3 2.9 2.9 4.3 1.1 5.2-1.1 5.2-2.9 4.3-4.3 2.9-5.2 1.1q-3.5 0-6.5-1.7l-7.4 2.4 2.4-7.2q-1.9-3.2-1.9-6.9 0-2.7 1.1-5.2t2.9-4.3 4.3-2.9 5.2-1.1z\"\/><\/svg><\/span><span class=\"shariff-text\">teilen<\/span>&nbsp;<\/a><\/li><li class=\"shariff-button facebook shariff-nocustomcolor\" style=\"background-color:#4273c8\"><a href=\"https:\/\/www.facebook.com\/sharer\/sharer.php?u=https%3A%2F%2Fwww.backwinkel.de%2Fblog%2Fcyber-mobbing%2F\" title=\"Bei Facebook teilen\" aria-label=\"Bei Facebook teilen\" role=\"button\" rel=\"nofollow\" class=\"shariff-link\" style=\"; background-color:#3b5998; color:#fff\" target=\"_blank\"><span class=\"shariff-icon\" style=\"\"><svg width=\"32px\" height=\"20px\" xmlns=\"http:\/\/www.w3.org\/2000\/svg\" viewBox=\"0 0 18 32\"><path fill=\"#3b5998\" d=\"M17.1 0.2v4.7h-2.8q-1.5 0-2.1 0.6t-0.5 1.9v3.4h5.2l-0.7 5.3h-4.5v13.6h-5.5v-13.6h-4.5v-5.3h4.5v-3.9q0-3.3 1.9-5.2t5-1.8q2.6 0 4.1 0.2z\"\/><\/svg><\/span><span class=\"shariff-text\">teilen<\/span>&nbsp;<\/a><\/li><li class=\"shariff-button twitter shariff-nocustomcolor\" style=\"background-color:#595959\"><a href=\"https:\/\/twitter.com\/share?url=https%3A%2F%2Fwww.backwinkel.de%2Fblog%2Fcyber-mobbing%2F&text=Ausgrenzung%2C%20Dem%C3%BCtigungen%20und%20Schl%C3%A4ge\" title=\"Bei X teilen\" aria-label=\"Bei X teilen\" role=\"button\" rel=\"noopener nofollow\" class=\"shariff-link\" style=\"; background-color:#000; color:#fff\" target=\"_blank\"><span class=\"shariff-icon\" style=\"\"><svg width=\"32px\" height=\"20px\" xmlns=\"http:\/\/www.w3.org\/2000\/svg\" viewBox=\"0 0 24 24\"><path fill=\"#000\" d=\"M14.258 10.152L23.176 0h-2.113l-7.747 8.813L7.133 0H0l9.352 13.328L0 23.973h2.113l8.176-9.309 6.531 9.309h7.133zm-2.895 3.293l-.949-1.328L2.875 1.56h3.246l6.086 8.523.945 1.328 7.91 11.078h-3.246zm0 0\"\/><\/svg><\/span><span class=\"shariff-text\">teilen<\/span>&nbsp;<\/a><\/li><li class=\"shariff-button pinterest shariff-nocustomcolor\" style=\"background-color:#e70f18\"><a href=\"https:\/\/www.pinterest.com\/pin\/create\/link\/?url=https%3A%2F%2Fwww.backwinkel.de%2Fblog%2Fcyber-mobbing%2F&media=https%3A%2F%2Fwww.backwinkel.de%2Fblog%2Fwp-content%2Fuploads%2F2023%2F06%2Fbackwinkel-blog-Cyber_mobbing-heroimage.jpg&description=Ausgrenzung%2C%20Dem%C3%BCtigungen%20und%20Schl%C3%A4ge\" title=\"Bei Pinterest pinnen\" aria-label=\"Bei Pinterest pinnen\" role=\"button\" rel=\"noopener nofollow\" class=\"shariff-link\" style=\"; background-color:#cb2027; color:#fff\" target=\"_blank\"><span class=\"shariff-icon\" style=\"\"><svg width=\"32px\" height=\"20px\" xmlns=\"http:\/\/www.w3.org\/2000\/svg\" viewBox=\"0 0 27 32\"><path fill=\"#cb2027\" d=\"M27.4 16q0 3.7-1.8 6.9t-5 5-6.9 1.9q-2 0-3.9-0.6 1.1-1.7 1.4-2.9 0.2-0.6 1-3.8 0.4 0.7 1.3 1.2t2 0.5q2.1 0 3.8-1.2t2.7-3.4 0.9-4.8q0-2-1.1-3.8t-3.1-2.9-4.5-1.2q-1.9 0-3.5 0.5t-2.8 1.4-2 2-1.2 2.3-0.4 2.4q0 1.9 0.7 3.3t2.1 2q0.5 0.2 0.7-0.4 0-0.1 0.1-0.5t0.2-0.5q0.1-0.4-0.2-0.8-0.9-1.1-0.9-2.7 0-2.7 1.9-4.6t4.9-2q2.7 0 4.2 1.5t1.5 3.8q0 3-1.2 5.2t-3.1 2.1q-1.1 0-1.7-0.8t-0.4-1.9q0.1-0.6 0.5-1.7t0.5-1.8 0.2-1.4q0-0.9-0.5-1.5t-1.4-0.6q-1.1 0-1.9 1t-0.8 2.6q0 1.3 0.4 2.2l-1.8 7.5q-0.3 1.2-0.2 3.2-3.7-1.6-6-5t-2.3-7.6q0-3.7 1.9-6.9t5-5 6.9-1.9 6.9 1.9 5 5 1.8 6.9z\"\/><\/svg><\/span><span class=\"shariff-text\">merken<\/span>&nbsp;<\/a><\/li><li class=\"shariff-button mailto shariff-nocustomcolor\" style=\"background-color:#a8a8a8\"><a href=\"mailto:?body=https%3A%2F%2Fwww.backwinkel.de%2Fblog%2Fcyber-mobbing%2F&subject=Ausgrenzung%2C%20Dem%C3%BCtigungen%20und%20Schl%C3%A4ge\" title=\"Per E-Mail versenden\" aria-label=\"Per E-Mail versenden\" role=\"button\" rel=\"noopener nofollow\" class=\"shariff-link\" style=\"; background-color:#999; color:#fff\"><span class=\"shariff-icon\" style=\"\"><svg width=\"32px\" height=\"20px\" xmlns=\"http:\/\/www.w3.org\/2000\/svg\" viewBox=\"0 0 32 32\"><path fill=\"#999\" d=\"M32 12.7v14.2q0 1.2-0.8 2t-2 0.9h-26.3q-1.2 0-2-0.9t-0.8-2v-14.2q0.8 0.9 1.8 1.6 6.5 4.4 8.9 6.1 1 0.8 1.6 1.2t1.7 0.9 2 0.4h0.1q0.9 0 2-0.4t1.7-0.9 1.6-1.2q3-2.2 8.9-6.1 1-0.7 1.8-1.6zM32 7.4q0 1.4-0.9 2.7t-2.2 2.2q-6.7 4.7-8.4 5.8-0.2 0.1-0.7 0.5t-1 0.7-0.9 0.6-1.1 0.5-0.9 0.2h-0.1q-0.4 0-0.9-0.2t-1.1-0.5-0.9-0.6-1-0.7-0.7-0.5q-1.6-1.1-4.7-3.2t-3.6-2.6q-1.1-0.7-2.1-2t-1-2.5q0-1.4 0.7-2.3t2.1-0.9h26.3q1.2 0 2 0.8t0.9 2z\"\/><\/svg><\/span><span class=\"shariff-text\">E-Mail<\/span>&nbsp;<\/a><\/li><\/ul><\/div>\n<\/div><\/section><\/div>\n\n<style type=\"text\/css\" data-created_by=\"avia_inline_auto\" id=\"style-css-av-leyce6wr-aca459a5151fa423e49ebd2f0b0cba23\">\n.flex_column.av-leyce6wr-aca459a5151fa423e49ebd2f0b0cba23{\nborder-radius:0px 0px 0px 0px;\npadding:0px 0px 0px 0px;\nbackground-color:#f2f2f2;\n}\n<\/style>\n<div  class='flex_column av-leyce6wr-aca459a5151fa423e49ebd2f0b0cba23 av_one_full  avia-builder-el-49  el_after_av_one_full  el_before_av_one_full  first flex_column_div av-zero-column-padding  column-top-margin'     ><div  class='avia-builder-widget-area clearfix  avia-builder-el-50  avia-builder-el-no-sibling '><div id=\"text-29\" class=\"widget clearfix widget_text\"><h3 class=\"widgettitle\">Das BACKWINKEL-Blog-Team<\/h3>\t\t\t<div class=\"textwidget\"><p>Gibts auch ein Gesicht hinter dem BACKWINKEL-Blog? Nat\u00fcrlich. Sogar f\u00fcnf \ud83d\ude0a. Wir \u2013 Lukas, Marvin und Tatjana \u2013 bespielen unseren Blog im LACHEN LEBEN LERNEN-Firmensitz in Hattingen.<br \/>\nLukas kennt Onlinemarketing wie seine Westentasche, w\u00e4hrend Marvin unseren Beitr\u00e4gen den passenden gestalterischen Rahmen gibt und Tatjana mit dem gr\u00fcnen Korrekturstift alles pr\u00fcfend be\u00e4ugt, was unsere Freelancerautorinnen Elisa und Christine (und gern auch Gastautoren) aus der Ferne f\u00fcr den BACKWINKEL-Blog nach ordentlicher Recherche schreiben.<br \/>\nGemeinsam suchen wir st\u00e4ndig nach neuen, aufregenden Themen rund um das Thema Bildung im Kiga, der Schule und zu Hause. Und weil Sie da an der Quelle sitzen, freuen wir uns auf Ihre konstruktiven R\u00fcckmeldungen und Anregungen an blog[@]backwinkel.de<br \/>\nViel Spa\u00df beim LACHEN LESEN LERNEN!<\/p>\n<\/div>\n\t\t<\/div><\/div><\/div>\n\n<style type=\"text\/css\" data-created_by=\"avia_inline_auto\" id=\"style-css-av-21m96ev-10cefdecbd94bf771cc0a852db15e418\">\n.flex_column.av-21m96ev-10cefdecbd94bf771cc0a852db15e418{\nborder-radius:0px 0px 0px 0px;\npadding:0px 0px 0px 0px;\n}\n<\/style>\n<div  class='flex_column av-21m96ev-10cefdecbd94bf771cc0a852db15e418 av_one_full  avia-builder-el-51  el_after_av_one_full  avia-builder-el-last  first flex_column_div av-zero-column-padding  column-top-margin'     ><p>\n<style type=\"text\/css\" data-created_by=\"avia_inline_auto\" id=\"style-css-av-1l6t62f-7ea91fafe1c9fd8f01b5a5ee707950ce\">\n#top .hr.av-1l6t62f-7ea91fafe1c9fd8f01b5a5ee707950ce{\nmargin-top:10px;\nmargin-bottom:10px;\n}\n.hr.av-1l6t62f-7ea91fafe1c9fd8f01b5a5ee707950ce .hr-inner{\nwidth:500;\n}\n<\/style>\n<div  class='hr av-1l6t62f-7ea91fafe1c9fd8f01b5a5ee707950ce hr-custom  avia-builder-el-52  el_before_av_heading  avia-builder-el-first  hr-left hr-icon-no'><span class='hr-inner inner-border-av-border-thin'><span class=\"hr-inner-style\"><\/span><\/span><\/div><br \/>\n\n<style type=\"text\/css\" data-created_by=\"avia_inline_auto\" id=\"style-css-av-112w7mf-cf418d6f1ae2df284a50f174648cad51\">\n#top .av-special-heading.av-112w7mf-cf418d6f1ae2df284a50f174648cad51{\npadding-bottom:10px;\n}\nbody .av-special-heading.av-112w7mf-cf418d6f1ae2df284a50f174648cad51 .av-special-heading-tag .heading-char{\nfont-size:25px;\n}\n.av-special-heading.av-112w7mf-cf418d6f1ae2df284a50f174648cad51 .av-subheading{\nfont-size:15px;\n}\n<\/style>\n<div  class='av-special-heading av-112w7mf-cf418d6f1ae2df284a50f174648cad51 av-special-heading-h3 blockquote modern-quote  avia-builder-el-53  el_after_av_hr  el_before_av_blog '><h3 class='av-special-heading-tag '  >PASSENDE BEITR\u00c4GE<\/h3><div class=\"special-heading-border\"><div class=\"special-heading-inner-border\"><\/div><\/div><\/div><br \/>\n<div  data-slideshow-options=\"{&quot;animation&quot;:&quot;fade&quot;,&quot;autoplay&quot;:false,&quot;loop_autoplay&quot;:&quot;once&quot;,&quot;interval&quot;:5,&quot;loop_manual&quot;:&quot;manual-endless&quot;,&quot;autoplay_stopper&quot;:false,&quot;noNavigation&quot;:false,&quot;show_slide_delay&quot;:90}\" class='avia-content-slider avia-content-grid-active avia-content-slider1 avia-content-slider-odd  avia-builder-el-54  el_after_av_heading  avia-builder-el-last  av-slideshow-ui av-control-default   av-no-slider-navigation av-slideshow-manual av-loop-once av-loop-manual-endless ' ><div class=\"avia-content-slider-inner\"><div class=\"slide-entry-wrap\"><article class='slide-entry flex_column  post-entry post-entry-18716 slide-entry-overview slide-loop-1 slide-parity-odd  av_one_third first real-thumbnail posttype-post post-format-standard' ><a href='https:\/\/www.backwinkel.de\/blog\/rechnen-im-anfangsunterricht\/' data-rel='slide-1' class='slide-image' title='Rechnen im Anfangsunterricht'><img decoding=\"async\" fetchpriority=\"high\" width=\"1200\" height=\"628\" src=\"https:\/\/www.backwinkel.de\/blog\/wp-content\/uploads\/2026\/04\/04_Schule_Rechnen_anfangsunterricht.jpg\" class=\"wp-image-18748 avia-img-lazy-loading-not-18748 attachment-no scaling size-no scaling wp-post-image\" alt=\"\" \/><\/a><div class=\"slide-content\"><header class=\"entry-content-header\" aria-label=\"Slide: Rechnen im Anfangsunterricht\"><h3 class='slide-entry-title entry-title ' ><a href='https:\/\/www.backwinkel.de\/blog\/rechnen-im-anfangsunterricht\/' title='Rechnen im Anfangsunterricht'>Rechnen im Anfangsunterricht<\/a><\/h3><span class=\"blog-categories minor-meta\"><a href=\"https:\/\/www.backwinkel.de\/blog\/category\/schule-grundschule\/\" rel=\"tag\">Schule<\/a> <\/span><span class=\"av-vertical-delimiter\"><\/span><\/header><div class='slide-entry-excerpt entry-content' >Das Klassenzimmer als Lernlandschaft<\/div><\/div><footer class=\"entry-footer\"><div class=\"slide-meta\"><time class='slide-meta-time updated' >14. April 2026<\/time><\/div><\/footer><\/article><article class='slide-entry flex_column  post-entry post-entry-18177 slide-entry-overview slide-loop-2 slide-parity-even  av_one_third  real-thumbnail posttype-post post-format-standard' ><a href='https:\/\/www.backwinkel.de\/blog\/churermodell\/' data-rel='slide-1' class='slide-image' title='Churermodell'><img decoding=\"async\" fetchpriority=\"high\" width=\"1200\" height=\"628\" src=\"https:\/\/www.backwinkel.de\/blog\/wp-content\/uploads\/2026\/03\/03_Schule_Churermodell.jpg\" class=\"wp-image-18217 avia-img-lazy-loading-not-18217 attachment-no scaling size-no scaling wp-post-image\" alt=\"\" \/><\/a><div class=\"slide-content\"><header class=\"entry-content-header\" aria-label=\"Slide: Churermodell\"><h3 class='slide-entry-title entry-title ' ><a href='https:\/\/www.backwinkel.de\/blog\/churermodell\/' title='Churermodell'>Churermodell<\/a><\/h3><span class=\"blog-categories minor-meta\"><a href=\"https:\/\/www.backwinkel.de\/blog\/category\/schule-grundschule\/\" rel=\"tag\">Schule<\/a> <\/span><span class=\"av-vertical-delimiter\"><\/span><\/header><div class='slide-entry-excerpt entry-content' >Das Klassenzimmer als Lernlandschaft<\/div><\/div><footer class=\"entry-footer\"><div class=\"slide-meta\"><time class='slide-meta-time updated' >9. M\u00e4rz 2026<\/time><\/div><\/footer><\/article><article class='slide-entry flex_column  post-entry post-entry-18119 slide-entry-overview slide-loop-3 slide-parity-odd  post-entry-last  av_one_third  real-thumbnail posttype-post post-format-standard' ><a href='https:\/\/www.backwinkel.de\/blog\/digitalpakt-2-0\/' data-rel='slide-1' class='slide-image' title='Digitalpakt 2.0'><img decoding=\"async\" fetchpriority=\"high\" width=\"1200\" height=\"628\" src=\"https:\/\/www.backwinkel.de\/blog\/wp-content\/uploads\/2026\/01\/02_Schule_Digitalpakt.jpg\" class=\"wp-image-18138 avia-img-lazy-loading-not-18138 attachment-no scaling size-no scaling wp-post-image\" alt=\"\" \/><\/a><div class=\"slide-content\"><header class=\"entry-content-header\" aria-label=\"Slide: Digitalpakt 2.0\"><h3 class='slide-entry-title entry-title ' ><a href='https:\/\/www.backwinkel.de\/blog\/digitalpakt-2-0\/' title='Digitalpakt 2.0'>Digitalpakt 2.0<\/a><\/h3><span class=\"blog-categories minor-meta\"><a href=\"https:\/\/www.backwinkel.de\/blog\/category\/schule-grundschule\/\" rel=\"tag\">Schule<\/a> <\/span><span class=\"av-vertical-delimiter\"><\/span><\/header><div class='slide-entry-excerpt entry-content' >Geht es jetzt mit der Digitalisierung in Bildungseinrichtungen voran?<\/div><\/div><footer class=\"entry-footer\"><div class=\"slide-meta\"><time class='slide-meta-time updated' >10. Februar 2026<\/time><\/div><\/footer><\/article><\/div><\/div><\/div><\/p><\/div>\n","protected":false},"excerpt":{"rendered":"<p>(Cyber-)Mobbing erkennen und verhindern<\/p>\n","protected":false},"author":1,"featured_media":11790,"comment_status":"closed","ping_status":"closed","sticky":false,"template":"","format":"standard","meta":{"inline_featured_image":false,"footnotes":""},"categories":[6],"tags":[],"class_list":["post-11757","post","type-post","status-publish","format-standard","has-post-thumbnail","hentry","category-schule-grundschule"],"yoast_head":"<!-- This site is optimized with the Yoast SEO plugin v27.4 - https:\/\/yoast.com\/product\/yoast-seo-wordpress\/ -->\n<title>Ausgrenzung, Dem\u00fctigungen und Schl\u00e4ge: (Cyber-)Mobbing besprechen, erkennen, verstehen und verhindern | BACKWINKEL Blog<\/title>\n<meta name=\"description\" content=\"Mobbing in der Grundschule besprechen, erkennen, verstehen und verhindern \u2013 so sprechen Sie das Thema an und sch\u00fctzen Ihre Kinder. \u2713 Jetzt lesen!\" \/>\n<meta name=\"robots\" content=\"index, follow, max-snippet:-1, max-image-preview:large, max-video-preview:-1\" \/>\n<link rel=\"canonical\" href=\"https:\/\/www.backwinkel.de\/blog\/cyber-mobbing\/\" \/>\n<meta property=\"og:locale\" content=\"de_DE\" \/>\n<meta property=\"og:type\" content=\"article\" \/>\n<meta property=\"og:title\" content=\"Ausgrenzung, Dem\u00fctigungen und Schl\u00e4ge: (Cyber-)Mobbing besprechen, erkennen, verstehen und verhindern | BACKWINKEL Blog\" \/>\n<meta property=\"og:description\" content=\"Mobbing in der Grundschule besprechen, erkennen, verstehen und verhindern \u2013 so sprechen Sie das Thema an und sch\u00fctzen Ihre Kinder. \u2713 Jetzt lesen!\" \/>\n<meta property=\"og:url\" content=\"https:\/\/www.backwinkel.de\/blog\/cyber-mobbing\/\" \/>\n<meta property=\"og:site_name\" content=\"BACKWINKEL Blog\" \/>\n<meta property=\"article:published_time\" content=\"2023-06-20T07:15:42+00:00\" \/>\n<meta property=\"article:modified_time\" content=\"2026-04-22T12:24:17+00:00\" \/>\n<meta property=\"og:image\" content=\"https:\/\/www.backwinkel.de\/blog\/wp-content\/uploads\/2023\/06\/backwinkel-blog-Cyber_mobbing-heroimage.jpg\" \/>\n\t<meta property=\"og:image:width\" content=\"1200\" \/>\n\t<meta property=\"og:image:height\" content=\"628\" \/>\n\t<meta property=\"og:image:type\" content=\"image\/jpeg\" \/>\n<meta name=\"author\" content=\"admin_backwinkel\" \/>\n<meta name=\"twitter:card\" content=\"summary_large_image\" \/>\n<meta name=\"twitter:label1\" content=\"Verfasst von\" \/>\n\t<meta name=\"twitter:data1\" content=\"admin_backwinkel\" \/>\n\t<meta name=\"twitter:label2\" content=\"Gesch\u00e4tzte Lesezeit\" \/>\n\t<meta name=\"twitter:data2\" content=\"25\u00a0Minuten\" \/>\n<script type=\"application\/ld+json\" class=\"yoast-schema-graph\">{\"@context\":\"https:\\\/\\\/schema.org\",\"@graph\":[{\"@type\":\"Article\",\"@id\":\"https:\\\/\\\/www.backwinkel.de\\\/blog\\\/cyber-mobbing\\\/#article\",\"isPartOf\":{\"@id\":\"https:\\\/\\\/www.backwinkel.de\\\/blog\\\/cyber-mobbing\\\/\"},\"author\":{\"name\":\"admin_backwinkel\",\"@id\":\"https:\\\/\\\/www.backwinkel.de\\\/blog\\\/#\\\/schema\\\/person\\\/88b842297c0e471020a66f4476633cf2\"},\"headline\":\"Ausgrenzung, Dem\u00fctigungen und Schl\u00e4ge\",\"datePublished\":\"2023-06-20T07:15:42+00:00\",\"dateModified\":\"2026-04-22T12:24:17+00:00\",\"mainEntityOfPage\":{\"@id\":\"https:\\\/\\\/www.backwinkel.de\\\/blog\\\/cyber-mobbing\\\/\"},\"wordCount\":8291,\"image\":{\"@id\":\"https:\\\/\\\/www.backwinkel.de\\\/blog\\\/cyber-mobbing\\\/#primaryimage\"},\"thumbnailUrl\":\"https:\\\/\\\/www.backwinkel.de\\\/blog\\\/wp-content\\\/uploads\\\/2023\\\/06\\\/backwinkel-blog-Cyber_mobbing-heroimage.jpg\",\"articleSection\":[\"Schule\"],\"inLanguage\":\"de\"},{\"@type\":\"WebPage\",\"@id\":\"https:\\\/\\\/www.backwinkel.de\\\/blog\\\/cyber-mobbing\\\/\",\"url\":\"https:\\\/\\\/www.backwinkel.de\\\/blog\\\/cyber-mobbing\\\/\",\"name\":\"Ausgrenzung, Dem\u00fctigungen und Schl\u00e4ge: (Cyber-)Mobbing besprechen, erkennen, verstehen und verhindern | BACKWINKEL Blog\",\"isPartOf\":{\"@id\":\"https:\\\/\\\/www.backwinkel.de\\\/blog\\\/#website\"},\"primaryImageOfPage\":{\"@id\":\"https:\\\/\\\/www.backwinkel.de\\\/blog\\\/cyber-mobbing\\\/#primaryimage\"},\"image\":{\"@id\":\"https:\\\/\\\/www.backwinkel.de\\\/blog\\\/cyber-mobbing\\\/#primaryimage\"},\"thumbnailUrl\":\"https:\\\/\\\/www.backwinkel.de\\\/blog\\\/wp-content\\\/uploads\\\/2023\\\/06\\\/backwinkel-blog-Cyber_mobbing-heroimage.jpg\",\"datePublished\":\"2023-06-20T07:15:42+00:00\",\"dateModified\":\"2026-04-22T12:24:17+00:00\",\"author\":{\"@id\":\"https:\\\/\\\/www.backwinkel.de\\\/blog\\\/#\\\/schema\\\/person\\\/88b842297c0e471020a66f4476633cf2\"},\"description\":\"Mobbing in der Grundschule besprechen, erkennen, verstehen und verhindern \u2013 so sprechen Sie das Thema an und sch\u00fctzen Ihre Kinder. \u2713 Jetzt lesen!\",\"breadcrumb\":{\"@id\":\"https:\\\/\\\/www.backwinkel.de\\\/blog\\\/cyber-mobbing\\\/#breadcrumb\"},\"inLanguage\":\"de\",\"potentialAction\":[{\"@type\":\"ReadAction\",\"target\":[\"https:\\\/\\\/www.backwinkel.de\\\/blog\\\/cyber-mobbing\\\/\"]}]},{\"@type\":\"ImageObject\",\"inLanguage\":\"de\",\"@id\":\"https:\\\/\\\/www.backwinkel.de\\\/blog\\\/cyber-mobbing\\\/#primaryimage\",\"url\":\"https:\\\/\\\/www.backwinkel.de\\\/blog\\\/wp-content\\\/uploads\\\/2023\\\/06\\\/backwinkel-blog-Cyber_mobbing-heroimage.jpg\",\"contentUrl\":\"https:\\\/\\\/www.backwinkel.de\\\/blog\\\/wp-content\\\/uploads\\\/2023\\\/06\\\/backwinkel-blog-Cyber_mobbing-heroimage.jpg\",\"width\":1200,\"height\":628},{\"@type\":\"BreadcrumbList\",\"@id\":\"https:\\\/\\\/www.backwinkel.de\\\/blog\\\/cyber-mobbing\\\/#breadcrumb\",\"itemListElement\":[{\"@type\":\"ListItem\",\"position\":1,\"name\":\"Startseite\",\"item\":\"https:\\\/\\\/blog.backwinkel.de\\\/aktuelles\\\/\"},{\"@type\":\"ListItem\",\"position\":2,\"name\":\"Ausgrenzung, Dem\u00fctigungen und Schl\u00e4ge\"}]},{\"@type\":\"WebSite\",\"@id\":\"https:\\\/\\\/www.backwinkel.de\\\/blog\\\/#website\",\"url\":\"https:\\\/\\\/www.backwinkel.de\\\/blog\\\/\",\"name\":\"BACKWINKEL Blog\",\"description\":\"f\u00fcr Lehrer, Erzieher und Eltern\",\"potentialAction\":[{\"@type\":\"SearchAction\",\"target\":{\"@type\":\"EntryPoint\",\"urlTemplate\":\"https:\\\/\\\/www.backwinkel.de\\\/blog\\\/?s={search_term_string}\"},\"query-input\":{\"@type\":\"PropertyValueSpecification\",\"valueRequired\":true,\"valueName\":\"search_term_string\"}}],\"inLanguage\":\"de\"},{\"@type\":\"Person\",\"@id\":\"https:\\\/\\\/www.backwinkel.de\\\/blog\\\/#\\\/schema\\\/person\\\/88b842297c0e471020a66f4476633cf2\",\"name\":\"admin_backwinkel\",\"url\":\"https:\\\/\\\/www.backwinkel.de\\\/blog\\\/author\\\/admin_backwinkel\\\/\"}]}<\/script>\n<!-- \/ Yoast SEO plugin. -->","yoast_head_json":{"title":"Ausgrenzung, Dem\u00fctigungen und Schl\u00e4ge: (Cyber-)Mobbing besprechen, erkennen, verstehen und verhindern | BACKWINKEL Blog","description":"Mobbing in der Grundschule besprechen, erkennen, verstehen und verhindern \u2013 so sprechen Sie das Thema an und sch\u00fctzen Ihre Kinder. \u2713 Jetzt lesen!","robots":{"index":"index","follow":"follow","max-snippet":"max-snippet:-1","max-image-preview":"max-image-preview:large","max-video-preview":"max-video-preview:-1"},"canonical":"https:\/\/www.backwinkel.de\/blog\/cyber-mobbing\/","og_locale":"de_DE","og_type":"article","og_title":"Ausgrenzung, Dem\u00fctigungen und Schl\u00e4ge: (Cyber-)Mobbing besprechen, erkennen, verstehen und verhindern | BACKWINKEL Blog","og_description":"Mobbing in der Grundschule besprechen, erkennen, verstehen und verhindern \u2013 so sprechen Sie das Thema an und sch\u00fctzen Ihre Kinder. \u2713 Jetzt lesen!","og_url":"https:\/\/www.backwinkel.de\/blog\/cyber-mobbing\/","og_site_name":"BACKWINKEL Blog","article_published_time":"2023-06-20T07:15:42+00:00","article_modified_time":"2026-04-22T12:24:17+00:00","og_image":[{"width":1200,"height":628,"url":"https:\/\/www.backwinkel.de\/blog\/wp-content\/uploads\/2023\/06\/backwinkel-blog-Cyber_mobbing-heroimage.jpg","type":"image\/jpeg"}],"author":"admin_backwinkel","twitter_card":"summary_large_image","twitter_misc":{"Verfasst von":"admin_backwinkel","Gesch\u00e4tzte Lesezeit":"25\u00a0Minuten"},"schema":{"@context":"https:\/\/schema.org","@graph":[{"@type":"Article","@id":"https:\/\/www.backwinkel.de\/blog\/cyber-mobbing\/#article","isPartOf":{"@id":"https:\/\/www.backwinkel.de\/blog\/cyber-mobbing\/"},"author":{"name":"admin_backwinkel","@id":"https:\/\/www.backwinkel.de\/blog\/#\/schema\/person\/88b842297c0e471020a66f4476633cf2"},"headline":"Ausgrenzung, Dem\u00fctigungen und Schl\u00e4ge","datePublished":"2023-06-20T07:15:42+00:00","dateModified":"2026-04-22T12:24:17+00:00","mainEntityOfPage":{"@id":"https:\/\/www.backwinkel.de\/blog\/cyber-mobbing\/"},"wordCount":8291,"image":{"@id":"https:\/\/www.backwinkel.de\/blog\/cyber-mobbing\/#primaryimage"},"thumbnailUrl":"https:\/\/www.backwinkel.de\/blog\/wp-content\/uploads\/2023\/06\/backwinkel-blog-Cyber_mobbing-heroimage.jpg","articleSection":["Schule"],"inLanguage":"de"},{"@type":"WebPage","@id":"https:\/\/www.backwinkel.de\/blog\/cyber-mobbing\/","url":"https:\/\/www.backwinkel.de\/blog\/cyber-mobbing\/","name":"Ausgrenzung, Dem\u00fctigungen und Schl\u00e4ge: (Cyber-)Mobbing besprechen, erkennen, verstehen und verhindern | BACKWINKEL Blog","isPartOf":{"@id":"https:\/\/www.backwinkel.de\/blog\/#website"},"primaryImageOfPage":{"@id":"https:\/\/www.backwinkel.de\/blog\/cyber-mobbing\/#primaryimage"},"image":{"@id":"https:\/\/www.backwinkel.de\/blog\/cyber-mobbing\/#primaryimage"},"thumbnailUrl":"https:\/\/www.backwinkel.de\/blog\/wp-content\/uploads\/2023\/06\/backwinkel-blog-Cyber_mobbing-heroimage.jpg","datePublished":"2023-06-20T07:15:42+00:00","dateModified":"2026-04-22T12:24:17+00:00","author":{"@id":"https:\/\/www.backwinkel.de\/blog\/#\/schema\/person\/88b842297c0e471020a66f4476633cf2"},"description":"Mobbing in der Grundschule besprechen, erkennen, verstehen und verhindern \u2013 so sprechen Sie das Thema an und sch\u00fctzen Ihre Kinder. \u2713 Jetzt lesen!","breadcrumb":{"@id":"https:\/\/www.backwinkel.de\/blog\/cyber-mobbing\/#breadcrumb"},"inLanguage":"de","potentialAction":[{"@type":"ReadAction","target":["https:\/\/www.backwinkel.de\/blog\/cyber-mobbing\/"]}]},{"@type":"ImageObject","inLanguage":"de","@id":"https:\/\/www.backwinkel.de\/blog\/cyber-mobbing\/#primaryimage","url":"https:\/\/www.backwinkel.de\/blog\/wp-content\/uploads\/2023\/06\/backwinkel-blog-Cyber_mobbing-heroimage.jpg","contentUrl":"https:\/\/www.backwinkel.de\/blog\/wp-content\/uploads\/2023\/06\/backwinkel-blog-Cyber_mobbing-heroimage.jpg","width":1200,"height":628},{"@type":"BreadcrumbList","@id":"https:\/\/www.backwinkel.de\/blog\/cyber-mobbing\/#breadcrumb","itemListElement":[{"@type":"ListItem","position":1,"name":"Startseite","item":"https:\/\/blog.backwinkel.de\/aktuelles\/"},{"@type":"ListItem","position":2,"name":"Ausgrenzung, Dem\u00fctigungen und Schl\u00e4ge"}]},{"@type":"WebSite","@id":"https:\/\/www.backwinkel.de\/blog\/#website","url":"https:\/\/www.backwinkel.de\/blog\/","name":"BACKWINKEL Blog","description":"f\u00fcr Lehrer, Erzieher und Eltern","potentialAction":[{"@type":"SearchAction","target":{"@type":"EntryPoint","urlTemplate":"https:\/\/www.backwinkel.de\/blog\/?s={search_term_string}"},"query-input":{"@type":"PropertyValueSpecification","valueRequired":true,"valueName":"search_term_string"}}],"inLanguage":"de"},{"@type":"Person","@id":"https:\/\/www.backwinkel.de\/blog\/#\/schema\/person\/88b842297c0e471020a66f4476633cf2","name":"admin_backwinkel","url":"https:\/\/www.backwinkel.de\/blog\/author\/admin_backwinkel\/"}]}},"_links":{"self":[{"href":"https:\/\/www.backwinkel.de\/blog\/wp-json\/wp\/v2\/posts\/11757","targetHints":{"allow":["GET"]}}],"collection":[{"href":"https:\/\/www.backwinkel.de\/blog\/wp-json\/wp\/v2\/posts"}],"about":[{"href":"https:\/\/www.backwinkel.de\/blog\/wp-json\/wp\/v2\/types\/post"}],"author":[{"embeddable":true,"href":"https:\/\/www.backwinkel.de\/blog\/wp-json\/wp\/v2\/users\/1"}],"replies":[{"embeddable":true,"href":"https:\/\/www.backwinkel.de\/blog\/wp-json\/wp\/v2\/comments?post=11757"}],"version-history":[{"count":2,"href":"https:\/\/www.backwinkel.de\/blog\/wp-json\/wp\/v2\/posts\/11757\/revisions"}],"predecessor-version":[{"id":18904,"href":"https:\/\/www.backwinkel.de\/blog\/wp-json\/wp\/v2\/posts\/11757\/revisions\/18904"}],"wp:featuredmedia":[{"embeddable":true,"href":"https:\/\/www.backwinkel.de\/blog\/wp-json\/wp\/v2\/media\/11790"}],"wp:attachment":[{"href":"https:\/\/www.backwinkel.de\/blog\/wp-json\/wp\/v2\/media?parent=11757"}],"wp:term":[{"taxonomy":"category","embeddable":true,"href":"https:\/\/www.backwinkel.de\/blog\/wp-json\/wp\/v2\/categories?post=11757"},{"taxonomy":"post_tag","embeddable":true,"href":"https:\/\/www.backwinkel.de\/blog\/wp-json\/wp\/v2\/tags?post=11757"}],"curies":[{"name":"wp","href":"https:\/\/api.w.org\/{rel}","templated":true}]}}