{"id":11677,"date":"2023-06-06T17:15:42","date_gmt":"2023-06-06T15:15:42","guid":{"rendered":"https:\/\/www.backwinkel.de\/blog\/?p=11677"},"modified":"2026-04-22T14:23:18","modified_gmt":"2026-04-22T12:23:18","slug":"opferfest","status":"publish","type":"post","link":"https:\/\/www.backwinkel.de\/blog\/opferfest\/","title":{"rendered":"Opferfest"},"content":{"rendered":"\n<style type=\"text\/css\" data-created_by=\"avia_inline_auto\" id=\"style-css-av-1o9i20c-585c90b249b7391778c0ca595b8a52c2\">\n.flex_column.av-1o9i20c-585c90b249b7391778c0ca595b8a52c2{\nborder-radius:0px 0px 0px 0px;\npadding:0px 0px 0px 0px;\n}\n<\/style>\n<div  class='flex_column av-1o9i20c-585c90b249b7391778c0ca595b8a52c2 av_one_full  avia-builder-el-0  el_before_av_three_fifth  avia-builder-el-first  first flex_column_div av-zero-column-padding  '     ><p>\n<style type=\"text\/css\" data-created_by=\"avia_inline_auto\" id=\"style-css-av-1mbf4e4-1609d55f243e97c311d4e4755c4441f8\">\n#top .hr.hr-invisible.av-1mbf4e4-1609d55f243e97c311d4e4755c4441f8{\nmargin-top:0px;\nheight:1px;\n}\n<\/style>\n<div  class='hr av-1mbf4e4-1609d55f243e97c311d4e4755c4441f8 hr-invisible  avia-builder-el-1  el_before_av_heading  avia-builder-el-first '><span class='hr-inner '><span class=\"hr-inner-style\"><\/span><\/span><\/div><br \/>\n\n<style type=\"text\/css\" data-created_by=\"avia_inline_auto\" id=\"style-css-av-l7efmkmv-caec726bed96fc5e5ce85c5a9c9ec6a4\">\n#top .av-special-heading.av-l7efmkmv-caec726bed96fc5e5ce85c5a9c9ec6a4{\npadding-bottom:10px;\n}\nbody .av-special-heading.av-l7efmkmv-caec726bed96fc5e5ce85c5a9c9ec6a4 .av-special-heading-tag .heading-char{\nfont-size:25px;\n}\n.av-special-heading.av-l7efmkmv-caec726bed96fc5e5ce85c5a9c9ec6a4 .av-subheading{\nfont-size:15px;\n}\n<\/style>\n<div  class='av-special-heading av-l7efmkmv-caec726bed96fc5e5ce85c5a9c9ec6a4 av-special-heading-h1 blockquote modern-quote  avia-builder-el-2  el_after_av_hr  el_before_av_post_metadata  av-linked-heading'><h1 class='av-special-heading-tag '  >Opferfest \u2013 Ursprung, Rituale und Bedeutung des h\u00f6chsten islamischen Feiertags <\/h1><div class='av-subheading av-subheading_below'><p class=\"autorenname\">Elisa Morel<\/p>\n<\/div><div class=\"special-heading-border\"><div class=\"special-heading-inner-border\"><\/div><\/div><\/div><br \/>\n\n<style type=\"text\/css\" data-created_by=\"avia_inline_auto\" id=\"style-css-av-1h489r1-8255365d82784192326d3c93945607b8\">\n#top .av-post-metadata-container.av-1h489r1-8255365d82784192326d3c93945607b8{\nfont-size:12px;\n}\n#top .av-post-metadata-container.av-1h489r1-8255365d82784192326d3c93945607b8 .av-post-metadata-container-inner{\nfont-size:12px;\n}\n<\/style>\n<div  class='av-post-metadata-container av-1h489r1-8255365d82784192326d3c93945607b8 av-metadata-container-align-left  avia-builder-el-3  el_after_av_heading  el_before_av_textblock  av-metadata-container-1'><div class='av-post-metadata-container-inner'><span class=\"av-post-metadata-content av-post-metadata-meta-content\"><span class=\"av-post-metadata-content av-post-metadata-modified\"><span class=\"av-metadata-before av-metadata-before-modified\">Aktualisiert:<\/span><span class=\"av-post-metadata-modified-date\" >22. April 2026<\/span><\/span><span class=\"av-post-metadata-content av-post-metadata-separator\">\/<\/span><span class=\"av-post-metadata-content av-post-metadata-modified\"><span class=\"av-metadata-before av-metadata-before-modified\">Zuletzt aktualisiert:<\/span><span class=\"av-post-metadata-modified-date\" >22. April 2026<\/span><\/span><\/span><\/div><\/div><br \/>\n\n<style type=\"text\/css\" data-created_by=\"avia_inline_auto\" id=\"style-css-av-1l3ru18-35ff8c02bfbaf158e187220e3571c7be\">\n#top .av_textblock_section.av-1l3ru18-35ff8c02bfbaf158e187220e3571c7be .avia_textblock{\nfont-size:20px;\n}\n<\/style>\n<section  class='av_textblock_section av-1l3ru18-35ff8c02bfbaf158e187220e3571c7be '  ><div class='avia_textblock' ><p>Das Opferfest ist das h\u00f6chste Fest im muslimischen Glauben. 2023 beginnt es am 28. Juni. Es beruht auf der Geschichte von Abraham und Isaak, die auch anderen Weltreligionen vertraut ist. Im Mittelpunkt stehen Hilfsbereitschaft, Freundschaft und Vers\u00f6hnung.<\/p>\n<\/div><\/section><br \/>\n\n<style type=\"text\/css\" data-created_by=\"avia_inline_auto\" id=\"style-css-av-1jqb53g-267961dddb90b0e76cfd009404957b81\">\n.avia-image-container.av-1jqb53g-267961dddb90b0e76cfd009404957b81 img.avia_image{\nbox-shadow:none;\n}\n.avia-image-container.av-1jqb53g-267961dddb90b0e76cfd009404957b81 .av-image-caption-overlay-center{\ncolor:#ffffff;\n}\n<\/style>\n<div  class='avia-image-container av-1jqb53g-267961dddb90b0e76cfd009404957b81 av-styling- avia-align-center  avia-builder-el-5  el_after_av_textblock  el_before_av_hr '  ><div class=\"avia-image-container-inner\"><div class=\"avia-image-overlay-wrap\"><img decoding=\"async\" fetchpriority=\"high\" class='wp-image-11701 avia-img-lazy-loading-not-11701 avia_image ' src=\"https:\/\/www.backwinkel.de\/blog\/wp-content\/uploads\/2023\/04\/backwinkel-blog-Opferfest-heroimage.jpg\" alt='' title='backwinkel-blog-Opferfest-heroimage'  height=\"628\" width=\"1200\"  \/><\/div><\/div><\/div><br \/>\n\n<style type=\"text\/css\" data-created_by=\"avia_inline_auto\" id=\"style-css-av-1ihdk2k-490466749631930779e0c398aab49f79\">\n#top .hr.hr-invisible.av-1ihdk2k-490466749631930779e0c398aab49f79{\nheight:5px;\n}\n<\/style>\n<div  class='hr av-1ihdk2k-490466749631930779e0c398aab49f79 hr-invisible  avia-builder-el-6  el_after_av_image  el_before_av_textblock '><span class='hr-inner '><span class=\"hr-inner-style\"><\/span><\/span><\/div><br \/>\n\n<style type=\"text\/css\" data-created_by=\"avia_inline_auto\" id=\"style-css-av-1fib6cs-3d25d3b933bbfa346d8df9005c3c214e\">\n#top .av_textblock_section.av-1fib6cs-3d25d3b933bbfa346d8df9005c3c214e .avia_textblock{\nfont-size:10px;\n}\n<\/style>\n<section  class='av_textblock_section av-1fib6cs-3d25d3b933bbfa346d8df9005c3c214e '  ><div class='avia_textblock' ><p class=\"bildnennung-beitrag\" style=\"text-align: left;\">\u00a9 ADOBE Stock<\/p>\n<\/div><\/section><br \/>\n\n<style type=\"text\/css\" data-created_by=\"avia_inline_auto\" id=\"style-css-av-1ec344s-876a649f5243c9280738f668f0aa8d8e\">\n#top .hr.hr-invisible.av-1ec344s-876a649f5243c9280738f668f0aa8d8e{\nheight:20px;\n}\n<\/style>\n<div  class='hr av-1ec344s-876a649f5243c9280738f668f0aa8d8e hr-invisible  avia-builder-el-8  el_after_av_textblock  el_before_av_textblock '><span class='hr-inner '><span class=\"hr-inner-style\"><\/span><\/span><\/div><br \/>\n\n<style type=\"text\/css\" data-created_by=\"avia_inline_auto\" id=\"style-css-av-1czjn6k-7dbedcbfbffba5ae585714638369d934\">\n#top .av_textblock_section.av-1czjn6k-7dbedcbfbffba5ae585714638369d934 .avia_textblock{\nfont-size:20px;\n}\n<\/style>\n<section  class='av_textblock_section av-1czjn6k-7dbedcbfbffba5ae585714638369d934 '  ><div class='avia_textblock' ><p>Man feiert im Kreise der Familie und mit Freunden, isst gemeinsam, beschenkt die Kinder und viele spenden f\u00fcr Bed\u00fcrftige. Die gro\u00dfe Pilgerfahrt nach Mekka ist nur w\u00e4hrend der vier Tage um den Beginn des Opferfestes herum m\u00f6glich \u2013 somit ist das h\u00f6chste Fest eng mit dem Haddsch verbunden.<\/p>\n<p>In diesem Beitrag erfahren Sie die Hintergr\u00fcnde zu diesem Fest, \u00fcber das viele Nicht-Muslime weniger wissen als \u00fcber das Zuckerfest. Bestimmt haben Sie in Ihrer Klasse auch ein paar kleine Expertinnen und Experten, die gern ihre pers\u00f6nlichen Erfahrungen teilen.<\/p>\n<\/div><\/section><\/p><\/div>\n<style type=\"text\/css\" data-created_by=\"avia_inline_auto\" id=\"style-css-av-1buht0s-f8ce17d1f3484a85efdf5f8e34e84ab3\">\n.flex_column.av-1buht0s-f8ce17d1f3484a85efdf5f8e34e84ab3{\nborder-radius:0px 0px 0px 0px;\npadding:20px 20px 20px 20px;\nbackground-color:#f2f2f2;\n}\n<\/style>\n<div  class='flex_column av-1buht0s-f8ce17d1f3484a85efdf5f8e34e84ab3 av_three_fifth  avia-builder-el-10  el_after_av_one_full  el_before_av_two_fifth  first flex_column_div  column-top-margin'     ><style type=\"text\/css\" data-created_by=\"avia_inline_auto\" id=\"style-css-av-18u84nw-c23769b7197ef8c52c74b2b6205379af\">\n#top .av_textblock_section.av-18u84nw-c23769b7197ef8c52c74b2b6205379af .avia_textblock{\nfont-size:14px;\n}\n<\/style>\n<section  class='av_textblock_section av-18u84nw-c23769b7197ef8c52c74b2b6205379af '  ><div class='avia_textblock' ><p><strong>Inhalt<\/strong><br \/>\n<strong><a href=\"#1\">1. Ursprung, Bedeutung und Br\u00e4uche des Opferfestes<\/a><br \/>\n<\/strong>1.1. Datum und Hintergrund<br \/>\n1.2. Br\u00e4uche<\/p>\n<p><strong><a href=\"#2\">2. Der Haddsch<\/a><\/strong><strong><br \/>\n<\/strong><\/p>\n<p><strong><a href=\"#3\">3. Das Opferfest in der (Grund-)Schule<\/a><br \/>\n<\/strong>3.1. Rechtliche Lage<br \/>\n3.2. Kreative Auseinandersetzung mit dem Opferfest<\/p>\n<\/div><\/section><\/div><\/p>\n\n<style type=\"text\/css\" data-created_by=\"avia_inline_auto\" id=\"style-css-av-179bqdo-cb7f1c2bcdaac94125f51a0fc4936596\">\n.flex_column.av-179bqdo-cb7f1c2bcdaac94125f51a0fc4936596{\nborder-radius:0px 0px 0px 0px;\npadding:0 0 0 0;\n}\n<\/style>\n<div  class='flex_column av-179bqdo-cb7f1c2bcdaac94125f51a0fc4936596 av_two_fifth  avia-builder-el-12  el_after_av_three_fifth  el_before_av_sidebar  flex_column_div av-zero-column-padding  column-top-margin'     ><\/div>\n<div  class='avia-builder-widget-area clearfix  avia-builder-el-13  el_after_av_two_fifth  el_before_av_one_full '><div id=\"text-34\" class=\"widget clearfix widget_text\">\t\t\t<div class=\"textwidget\"><p><a href=\"https:\/\/www.backwinkel.de\/nachhaltig-denken\/\" target=\"\\_blank\" rel=\"noopener\"><br \/>\n<img decoding=\"async\" class=\"werbung-desktop alignnone wp-image-4186 size-full\" src=\"https:\/\/www.backwinkel.de\/blog\/wp-content\/uploads\/2026\/04\/Backwinkel-blog-werbebanner-shop-schule_desktop.jpg\" alt=\"\" width=\"1251\" height=\"201\" \/><br \/>\n<\/a><br \/>\n<a href=\"https:\/\/www.backwinkel.de\/nachhaltig-denken\/\" target=\"\\_blank\" rel=\"noopener\"><br \/>\n<img decoding=\"async\" class=\"werbung-mobile alignnone wp-image-4187 size-full\" src=\"https:\/\/www.backwinkel.de\/blog\/wp-content\/uploads\/2026\/04\/Backwinkel-blog-werbebanner-shop-schule_mobile.jpg\" alt=\"\" width=\"550\" height=\"500\" \/><br \/>\n<\/a><\/p>\n<\/div>\n\t\t<\/div><\/div>\n\n<style type=\"text\/css\" data-created_by=\"avia_inline_auto\" id=\"style-css-av-4482e4-638c615ad0f31126baef29eeb1a51433\">\n.flex_column.av-4482e4-638c615ad0f31126baef29eeb1a51433{\nborder-radius:0px 0px 0px 0px;\npadding:0px 0px 0px 0px;\n}\n<\/style>\n<div  class='flex_column av-4482e4-638c615ad0f31126baef29eeb1a51433 av_one_full  avia-builder-el-14  el_after_av_sidebar  el_before_av_one_full  first flex_column_div av-zero-column-padding  '     ><section  class='av_textblock_section av-129m1fg-b72a93bde8aadaf020ee7e3d669f715c '  ><div class='avia_textblock' >\n<style type=\"text\/css\" data-created_by=\"avia_inline_auto\" id=\"style-css-av-vsv1ws-55b1f8105db867582b8b8f993762d668\">\n#top .hr.hr-invisible.av-vsv1ws-55b1f8105db867582b8b8f993762d668{\nheight:20px;\n}\n<\/style>\n<div  class='hr av-vsv1ws-55b1f8105db867582b8b8f993762d668 hr-invisible  avia-builder-el-16  avia-builder-el-no-sibling '><span class='hr-inner '><span class=\"hr-inner-style\"><\/span><\/span><\/div>\n<h2 id=\"1\" class=\"position\"><strong>Ursprung, Bedeutung und Br\u00e4uche des Opferfestes <\/strong><\/h2>\n<p>Alle Jahre wieder feiern Muslime weltweit und somit auch in Deutschland das Opferfest. Wie jedes Fest ist es ein Datum, auf das Kinder sich schon lange vorher freuen \u2013 es gibt leckeres Essen, Geschenke, die Familie kommt zusammen. Doch was genau wird eigentlich gefeiert, und wie?<\/p>\n<p><strong>Datum und Hintergrund <\/strong><\/p>\n<p>Das Opferfest (arabisch Eid ul-Adha, t\u00fcrkisch Kurban Bayrami) ist das <strong>h\u00f6chste islamische Fest<\/strong>. Es dauert vier Tage, beginnt am 10. Tag des 12. islamischen Monats Dh\u016b l-Hiddscha und verschiebt sich somit jedes Jahr um meistens 11 Tage r\u00fcckw\u00e4rts im Kalender.<\/p>\n<p>Das Fest thematisiert die <strong>Barmherzigkeit Gottes<\/strong>, denn Muslime gedenken <strong>Ibrahim<\/strong>, der bereit war, seinen Sohn Ismael Gott zu opfern. Gott verhinderte die Tat und Ibrahim opferte stattdessen einen Widder.<\/p>\n<p>Diese Geschichte findet sich auch in <strong>Thora und Bibel<\/strong> (Abraham und Isaak). <strong>Abraham bzw. Ibrahim<\/strong> gilt als <strong>Stammvater<\/strong> <strong>aller drei Weltreligionen<\/strong>.<\/p>\n<p><strong>Br\u00e4uche <\/strong><\/p>\n<p>Traditionell opfern Muslime zu diesem Fest ein Schaf oder eine Ziege. Ein Drittel des Fleisches beh\u00e4lt man selbst, ein Drittel wird an <strong>Bed\u00fcrftige<\/strong> abgegeben, ein weiteres Drittel an die Verwandtschaft, Freunde und Nachbarn.<\/p>\n<p>In Deutschland kaufen oft mehrere Familien zusammen ein Tier \u2013 oder sie verzichten darauf und spenden Geld an Bed\u00fcrftige. Au\u00dferdem gibt es im Internet die M\u00f6glichkeit, \u00e4rmeren Familien (auch in anderen L\u00e4ndern) ein Opfertier zu schenken. Viele Familien schicken auch ihren in muslimischen L\u00e4ndern lebenden Verwandten Geld f\u00fcr ein Tieropfer.<\/p>\n<p>W\u00e4hrend des Festes wird viel <strong>gebetet<\/strong>, ob zu Hause oder in der Moschee, und im Koran gelesen. Gemeinsame Mahlzeiten, Geschenke, aber auch Spenden und gemeinn\u00fctzige Dienste sind weitere Bestandteil des Festes.<\/p>\n<\/div><\/section><\/div>\n\n<style type=\"text\/css\" data-created_by=\"avia_inline_auto\" id=\"style-css-av-3040z42-c87654f88feeed654923a6bcff81e7bf\">\n.flex_column.av-3040z42-c87654f88feeed654923a6bcff81e7bf{\nborder-radius:0px 0px 0px 0px;\npadding:0px 0px 0px 0px;\n}\n<\/style>\n<div  class='flex_column av-3040z42-c87654f88feeed654923a6bcff81e7bf av_one_full  avia-builder-el-17  el_after_av_one_full  el_before_av_one_full  first flex_column_div av-zero-column-padding  column-top-margin'     ><section  class='av_textblock_section av-lgca43t6-b5bc654a308a1c30ede4dcbba32ee732 '  ><div class='avia_textblock' >\n<style type=\"text\/css\" data-created_by=\"avia_inline_auto\" id=\"style-css-av-2o1ittu-22151a3992507ae30d1d95aecf56efd9\">\n#top .hr.hr-invisible.av-2o1ittu-22151a3992507ae30d1d95aecf56efd9{\nheight:20px;\n}\n<\/style>\n<div  class='hr av-2o1ittu-22151a3992507ae30d1d95aecf56efd9 hr-invisible  avia-builder-el-19  avia-builder-el-no-sibling '><span class='hr-inner '><span class=\"hr-inner-style\"><\/span><\/span><\/div>\n<h2 id=\"2\" class=\"position\"><strong>Der Haddsch<\/strong><\/h2>\n<p>Die Pilgerfahrt nach Mekka ist ein <strong>H\u00f6hepunkt<\/strong> im Leben gl\u00e4ubiger Muslime und eine <strong>religi\u00f6se Pflicht<\/strong>, sofern man die M\u00f6glichkeit dazu hat. Knapp <strong>drei Millionen Muslime<\/strong> pilgern j\u00e4hrlich nach Mekka, davon ca. 20.000 aus Deutschland. Saudi-Arabien bestimmt, wie viele Pilger aus welchen L\u00e4ndern einreisen d\u00fcrfen.<\/p>\n<p>Man unterscheidet zwischen der kleinen Pilgerfahrt (\u02bfUmra), die zu jedem Zeitpunkt durchgef\u00fchrt werden kann, und der gro\u00dfen Pilgerfahrt (Haddsch), die nur zwischen dem 8. und 12. Tag des Monats Dh\u016b l-Hiddscha stattfinden kann \u2013 also zwei Tage vor bis zwei Tage nach Beginn des Opferfestes. Somit ist das Opferfest der H\u00f6hepunkt der gro\u00dfen Pilgerfahrt.<\/p>\n<p>W\u00e4hrend des Haddsch gelten folgende <strong>Regeln und Abl\u00e4ufe<\/strong>:<\/p>\n<ul>\n<li>Pilger d\u00fcrfen sich nicht rasieren, k\u00e4mmen, parf\u00fcmieren, weder Haare noch N\u00e4gel schneiden<\/li>\n<li>Jagd, Streit und sexuelle Handlungen sind verboten<\/li>\n<li>ein wei\u00dfes Pilgergewand und Sandalen sind vorgeschrieben \u2013 alle sind gleich<\/li>\n<li>die <strong>Kaaba<\/strong>, ein quaderf\u00f6rmiges Geb\u00e4ude in der Moschee in Mekka, wird sieben Mal umrundet, danach gebetet<\/li>\n<li>danach legt man im Laufschritt sieben Mal die 450 m lange Strecke zwischen den beiden H\u00fcgeln as-Saf\u0101 und al-Marwa zur\u00fcck, die sich auch auf dem Gel\u00e4nde der Moschee befinden. Das geschieht in Anlehnung an die Suche nach Wasser von Ibrahims Frau; anschlie\u00dfend trinkt man aus dem heiligen Brunnen<\/li>\n<li>am n\u00e4chsten Tag beten und meditieren die Pilger am <strong>Berg Arafat <\/strong><\/li>\n<li>am 10. Tag des Dh\u016b l-Hiddscha feiert man das <strong>Opferfest<\/strong> in Mina mit dem Schlachten eines Tieres und wirft anschlie\u00dfend sieben Steinchen auf die Steins\u00e4ulen, die als Symbol f\u00fcr den Teufel stehen<\/li>\n<li>am 12. Tag lassen sich die Pilger die Haare schneiden oder den Kopf scheren, kehren nach Mekka zur\u00fcck, baden und ziehen ihre Alltagskleidung an<\/li>\n<li>einige werfen danach weitere Steinchen, umrunden die Kaaba nochmals oder besichtigen weitere heilige St\u00e4tten wie <strong>Mohammeds Grab<\/strong> in Medina<\/li>\n<\/ul>\n<p>Pilgerinnen und Pilger, die den Haddsch absolviert haben, bekommen einen <strong>Ehrentitel<\/strong>: Hadscha f\u00fcr Frauen, Hadschi f\u00fcr M\u00e4nner. Durch die Wallfahrt sind alle Pilger <strong>rein von allen S\u00fcnden<\/strong>.<\/p>\n<\/div><\/section><\/div>\n\n<style type=\"text\/css\" data-created_by=\"avia_inline_auto\" id=\"style-css-av-28fb7aa-24e734733612ebdb61e01684b7188dfc\">\n.flex_column.av-28fb7aa-24e734733612ebdb61e01684b7188dfc{\nborder-radius:0px 0px 0px 0px;\npadding:0px 0px 0px 0px;\n}\n<\/style>\n<div  class='flex_column av-28fb7aa-24e734733612ebdb61e01684b7188dfc av_one_full  avia-builder-el-20  el_after_av_one_full  el_before_av_one_full  first flex_column_div av-zero-column-padding  column-top-margin'     ><section  class='av_textblock_section av-lgca4yvj-8b58d22233c164727f29e64155bc7acc '  ><div class='avia_textblock' >\n<style type=\"text\/css\" data-created_by=\"avia_inline_auto\" id=\"style-css-av-1s0gmjm-08f2030119244206e85f4f450f9212cc\">\n#top .hr.hr-invisible.av-1s0gmjm-08f2030119244206e85f4f450f9212cc{\nheight:20px;\n}\n<\/style>\n<div  class='hr av-1s0gmjm-08f2030119244206e85f4f450f9212cc hr-invisible  avia-builder-el-22  avia-builder-el-no-sibling '><span class='hr-inner '><span class=\"hr-inner-style\"><\/span><\/span><\/div>\n<h2 id=\"3\" class=\"position\"><strong>Das Opferfest in der (Grund-)Schule <\/strong><\/h2>\n<p>Obwohl das Opferfest das wichtigste islamische Fest ist, f\u00e4llt vielen andersgl\u00e4ubigen Menschen ausschlie\u00dflich bzw. zuerst das Zuckerfest ein. Daher werfen wir kurz einen Blick auf die rechtliche Regelung zu diesem Feiertag und machen ein paar Vorschl\u00e4ge, wie Sie Ihren SuS das Opferfest n\u00e4herbringen.<\/p>\n<p>Wenn Sie sich auch f\u00fcr weitere islamische Feiertage interessieren, lesen Sie gern unseren <a href=\"https:\/\/www.backwinkel.de\/blog\/eid-mubarak\/\" target=\"_blank\" rel=\"noopener\">Beitrag zum Zuckerfest<\/a>.<\/p>\n<p><strong>Rechtliche Lage <\/strong><\/p>\n<p>Kinder k\u00f6nnen sich in den meisten Bundesl\u00e4ndern f\u00fcr den ersten Tag des Opferfestes <strong>vom Unterricht befreien <\/strong>lassen. Au\u00dferdem sollen an diesem Tag <strong>keine Tests, Arbeiten oder Pr\u00fcfungen<\/strong> stattfinden, genau wie am ersten Tag des Zuckerfestes.<\/p>\n<p>In den drei Stadtstaaten sind islamische Feiertage den christlichen gleichgestellt. Lediglich in Th\u00fcringen und Mecklenburg-Vorpommern gibt es keine gesetzliche Regelung.<\/p>\n<p><strong>Kreative Auseinandersetzung mit dem Opferfest <\/strong><\/p>\n<p>Feiertage sind ein Highlight f\u00fcr Kinder. Wie oft haben Sie mit Ihren SuS bereits die Advents- oder Osterzeit zelebriert, gesungen, gebacken, gebastelt oder geschlemmt? Daher ist es eine gute Idee, gemeinsam mit Ihren Kindern auch das Opferfest zu thematisieren:<\/p>\n<ul>\n<li>M\u00f6chte ein Kind erz\u00e4hlen, wie es das Opferfest mit seiner Familie begeht? Kommt Besuch, gehen vielleicht Verwandte auf <strong>Pilgerfahrt<\/strong>? Was gibt es Leckeres zu essen? Wie w\u00fcnscht man sich auf T\u00fcrkisch und Arabisch ein gesegnetes Fest?<\/li>\n<li>Haben Sie Lust, gemeinsam ein paar <strong>beliebte Rezepte<\/strong> auszuprobieren oder ein <strong>Mitbring-Fr\u00fchst\u00fcck<\/strong> zu organisieren?<\/li>\n<li>Hat eines Ihrer Kinder ein besonders tolles <strong>Geschenk<\/strong> bekommen, das es den anderen pr\u00e4sentieren will?<\/li>\n<li>Findet sich ein Elternteil, vielleicht auch ein anderer <strong>Experte<\/strong>, der Sie in Ihrer Klasse besucht, ein wenig berichtet und Fragen beantwortet?<\/li>\n<\/ul>\n<p>\u2022 Machen Sie sich gemeinsam mit der <strong>Bibelgeschichte<\/strong> bzw. den Weltreligionen vertraut, z. B. mit einem Kamishibai oder Bilderbuch, Ausmalbildern oder einem L\u00fcckentext.<\/p>\n<\/div><\/section><\/div>\n\n<style type=\"text\/css\" data-created_by=\"avia_inline_auto\" id=\"style-css-av-18qo7b6-9516ccaaeb2d7de773a9680c0ab546fb\">\n.flex_column.av-18qo7b6-9516ccaaeb2d7de773a9680c0ab546fb{\nborder-radius:0px 0px 0px 0px;\npadding:0px 0px 0px 0px;\n}\n<\/style>\n<div  class='flex_column av-18qo7b6-9516ccaaeb2d7de773a9680c0ab546fb av_one_full  avia-builder-el-23  el_after_av_one_full  el_before_av_one_third  first flex_column_div av-zero-column-padding  column-top-margin'     ><section  class='av_textblock_section av-lgca6pol-272768ecedc06f5a19db53ee04bb32ca '  ><div class='avia_textblock infoboxGreen' ><p><strong>Kontroverse: Sch\u00e4chtung <\/strong><\/p>\n<p>Vorab: F\u00fcr Ihre Kinder steht das Fest im Vordergrund, und das ist auch gut so. Themen wie Schlachtung, Tierschutz, Zertifizierung oder religi\u00f6se Kontroversen erw\u00e4hnen wir hier der Vollst\u00e4ndigkeit halber.<\/p>\n<p>Sch\u00e4chten bezeichnet das <strong>rituelle Schlachten<\/strong> im Judentum und Islam. Dem Tier wird mit einem scharfen Messer der Hals durchtrennt. Da Blut in beiden Religionen als unrein gilt, blutet das Schlachttier vollst\u00e4ndig aus. Die Durchtrennung der Kehle soll au\u00dferdem einen schnellen Tod gew\u00e4hrleisten. Tierqu\u00e4lerei ist laut Koran verboten.<\/p>\n<p>Kontrovers diskutiert wird die Schlachtung ohne Bet\u00e4ubung. W\u00e4hrend diese Methode in Deutschland aufgrund des <strong>Tierschutzgesetzes<\/strong> verboten ist, erlauben viele andere europ\u00e4ische L\u00e4nder das unbet\u00e4ubte Schlachten. Doch Aufgrund der <strong>Religionsfreiheit<\/strong> gibt es in Deutschland die M\u00f6glichkeit, eine Ausnahmegenehmigung zu erhalten.<\/p>\n<p>Im Judentum ist nur Fleisch unbet\u00e4ubter Schlachttiere koscher, w\u00e4hrend sunnitische Muslime uneins sind, ob eine Bet\u00e4ubung durch Elektroschock zul\u00e4ssig ist. Aleviten verzichten auf eine Bet\u00e4ubung.<\/p>\n<p><strong>Hal\u0101l<\/strong>\u00a0(arabisch) bzw. <strong>helal<\/strong> (t\u00fcrkisch) bedeutet etwa \u201eerlaubt\u201c oder \u201erein\u201c. Die Lizenzierung ist allerdings problematisch, da Zertifizierungsstellen nicht zwingend theologisches Wissen vorweisen m\u00fcssen und auch nicht von einer h\u00f6heren Stelle \u00fcberwacht werden. Daher sind die Kriterien des hal\u0101l-Siegels oft undurchsichtig.<\/p>\n<p>Viele in Deutschland lebende Muslime umgehen dieses Problem, indem sie ihr Fleisch aus Nachbarl\u00e4ndern wie Belgien oder Frankreich beziehen, die bet\u00e4ubungsloses Schlachten erlauben.<\/p>\n<p>Tiersch\u00fctzer verurteilen das Schlachten unbet\u00e4ubter Tiere. Laut einer Anfrage von vice an den Deutschen Tierschutzbund wurden in Deutschland im Jahr 2015 zwei Antr\u00e4ge auf bet\u00e4ubungsloses Schlachten von gut 500 Schafen bewilligt; im Folgejahr waren es 455 Schafe. Bisher wurde nur ein einziger Antrag seit 2022 f\u00fcr das Sch\u00e4chten von 100 Schafen erteilt. Illegales Sch\u00e4chten, das auch immer wieder vorkommt, wird mit einer Geldstrafe von 25.000 Euro geahndet.<\/p>\n<p>Deutschland schlachtet j\u00e4hrlich 759 Millionen Tiere.<\/p>\n<\/div><\/section><\/div>\n<div class='flex_column_table av-ioxdto-ec14c1f0eafd4a04ca12607db6baeedc sc-av_one_third av-equal-height-column-flextable'>\n<style type=\"text\/css\" data-created_by=\"avia_inline_auto\" id=\"style-css-av-ioxdto-ec14c1f0eafd4a04ca12607db6baeedc\">\n.flex_column.av-ioxdto-ec14c1f0eafd4a04ca12607db6baeedc{\nborder-width:1px;\nborder-color:#ebebeb;\nborder-style:solid;\nborder-radius:0px 0px 0px 0px;\npadding:10px 10px 10px 10px;\n}\n<\/style>\n<div  class='flex_column av-ioxdto-ec14c1f0eafd4a04ca12607db6baeedc av_one_third  avia-builder-el-25  el_after_av_one_full  el_before_av_one_third  first flex_column_table_cell av-equal-height-column av-align-top  column-top-margin'     ><p><section  class='av_textblock_section av-l7elhcb4-05742cfa5c91e6d948714cf197d7f53f '  ><div class='avia_textblock' ><p><img decoding=\"async\" class=\"alignnone wp-image-11708 \" src=\"https:\/\/blog.backwinkel.de\/wp-content\/uploads\/2023\/04\/12430_das-schmeckt-mir_a.jpeg\" alt=\"\" width=\"379\" height=\"379\" srcset=\"https:\/\/www.backwinkel.de\/blog\/wp-content\/uploads\/2023\/04\/12430_das-schmeckt-mir_a.jpeg 700w, https:\/\/www.backwinkel.de\/blog\/wp-content\/uploads\/2023\/04\/12430_das-schmeckt-mir_a-36x36.jpeg 36w, https:\/\/www.backwinkel.de\/blog\/wp-content\/uploads\/2023\/04\/12430_das-schmeckt-mir_a-180x180.jpeg 180w\" sizes=\"(max-width: 379px) 100vw, 379px\" \/><\/p>\n<p style=\"font-size: 20px; font-family: urw_grotesk_extra_narrowrg; text-align: left;\">Lernspiel<\/p>\n<p style=\"text-align: left;\"><div  class='avia-button-wrap av-i5l83g-3f220d50d03ea27f50e53906c72a1adf-wrap avia-button-center  avia-builder-el-27  avia-builder-el-no-sibling '><a href='https:\/\/www.backwinkel.de\/prod\/das-schmeckt-mir.html'  class='avia-button av-i5l83g-3f220d50d03ea27f50e53906c72a1adf av-link-btn avia-icon_select-no avia-size-medium avia-position-center avia-color-theme-color'  target=\"_blank\"  rel=\"noopener noreferrer\"  aria-label=\"zum Produkt\"><span class='avia_iconbox_title' >zum Produkt<\/span><\/a><\/div><\/p>\n<\/div><\/section><br \/>\n\n<style type=\"text\/css\" data-created_by=\"avia_inline_auto\" id=\"style-css-av-g0g38s-ce499c13c018dbb7298d8bbbef42f017\">\n#top .hr.hr-invisible.av-g0g38s-ce499c13c018dbb7298d8bbbef42f017{\nheight:20px;\n}\n<\/style>\n<div  class='hr av-g0g38s-ce499c13c018dbb7298d8bbbef42f017 hr-invisible  avia-builder-el-28  el_after_av_textblock  avia-builder-el-last '><span class='hr-inner '><span class=\"hr-inner-style\"><\/span><\/span><\/div><\/p><\/div>\n<div class='av-flex-placeholder'><\/div>\n<style type=\"text\/css\" data-created_by=\"avia_inline_auto\" id=\"style-css-av-dpmha4-8db092c8d42380ff76fe837638b3593c\">\n.flex_column.av-dpmha4-8db092c8d42380ff76fe837638b3593c{\nborder-width:1px;\nborder-color:#ebebeb;\nborder-style:solid;\nborder-radius:0px 0px 0px 0px;\npadding:10px 10px 10px 10px;\n}\n<\/style>\n<div  class='flex_column av-dpmha4-8db092c8d42380ff76fe837638b3593c av_one_third  avia-builder-el-29  el_after_av_one_third  el_before_av_one_third  flex_column_table_cell av-equal-height-column av-align-top  column-top-margin'     ><p><section  class='av_textblock_section av-bu6a5o-adff641327cef1a6b0e5bcb473cf987b '  ><div class='avia_textblock' ><p><br class=\"avia-permanent-lb\" \/><br class=\"avia-permanent-lb\" \/><img decoding=\"async\" class=\"alignnone wp-image-11709 \" src=\"https:\/\/blog.backwinkel.de\/wp-content\/uploads\/2023\/04\/42779_was-uns-verbindet_a.jpeg\" alt=\"\" width=\"1137\" height=\"804\" \/><\/p>\n<p style=\"font-size: 20px; font-family: urw_grotesk_extra_narrowrg; text-align: left;\">Kamishibai Bildkarten<\/p>\n<p style=\"text-align: left;\"><div  class='avia-button-wrap av-b9ewak-6120e2d96e5ea6c59e64d4b342b92aac-wrap avia-button-center  avia-builder-el-31  avia-builder-el-no-sibling '><a href='https:\/\/www.backwinkel.de\/prod\/kamishibai-bildkarten-weltreligionen-was-uns-verbindet.html'  class='avia-button av-b9ewak-6120e2d96e5ea6c59e64d4b342b92aac av-link-btn avia-icon_select-no avia-size-medium avia-position-center avia-color-theme-color'  target=\"_blank\"  rel=\"noopener noreferrer\"  aria-label=\"zum Produkt\"><span class='avia_iconbox_title' >zum Produkt<\/span><\/a><\/div><\/p>\n<\/div><\/section><br \/>\n\n<style type=\"text\/css\" data-created_by=\"avia_inline_auto\" id=\"style-css-av-98zau4-97afd58dea2aa3cbc7341221ea243b4d\">\n#top .hr.hr-invisible.av-98zau4-97afd58dea2aa3cbc7341221ea243b4d{\nheight:20px;\n}\n<\/style>\n<div  class='hr av-98zau4-97afd58dea2aa3cbc7341221ea243b4d hr-invisible  avia-builder-el-32  el_after_av_textblock  avia-builder-el-last '><span class='hr-inner '><span class=\"hr-inner-style\"><\/span><\/span><\/div><\/p><\/div>\n<div class='av-flex-placeholder'><\/div>\n<style type=\"text\/css\" data-created_by=\"avia_inline_auto\" id=\"style-css-av-7gup9o-d4a0bff7234bad7305d3fdc0aa1fc721\">\n.flex_column.av-7gup9o-d4a0bff7234bad7305d3fdc0aa1fc721{\nborder-width:1px;\nborder-color:#ebebeb;\nborder-style:solid;\nborder-radius:0px 0px 0px 0px;\npadding:10px 10px 10px 10px;\n}\n<\/style>\n<div  class='flex_column av-7gup9o-d4a0bff7234bad7305d3fdc0aa1fc721 av_one_third  avia-builder-el-33  el_after_av_one_third  el_before_av_one_full  flex_column_table_cell av-equal-height-column av-align-top  column-top-margin'     ><p><section  class='av_textblock_section av-5xc8to-a8b217bf582573b4083a53d3a58684c5 '  ><div class='avia_textblock' ><p><img decoding=\"async\" class=\"alignnone wp-image-11710 \" src=\"https:\/\/blog.backwinkel.de\/wp-content\/uploads\/2023\/04\/35512_bild-impulse-weltreligionen_05.jpeg\" alt=\"\" width=\"377\" height=\"377\" srcset=\"https:\/\/www.backwinkel.de\/blog\/wp-content\/uploads\/2023\/04\/35512_bild-impulse-weltreligionen_05.jpeg 2048w, https:\/\/www.backwinkel.de\/blog\/wp-content\/uploads\/2023\/04\/35512_bild-impulse-weltreligionen_05-1536x1536.jpeg 1536w, https:\/\/www.backwinkel.de\/blog\/wp-content\/uploads\/2023\/04\/35512_bild-impulse-weltreligionen_05-36x36.jpeg 36w, https:\/\/www.backwinkel.de\/blog\/wp-content\/uploads\/2023\/04\/35512_bild-impulse-weltreligionen_05-180x180.jpeg 180w\" sizes=\"(max-width: 377px) 100vw, 377px\" \/><\/p>\n<p style=\"font-size: 20px; font-family: urw_grotesk_extra_narrowrg; text-align: left;\">Weltreligionen, 80 Bild-Impulse<\/p>\n<p style=\"text-align: left;\"><div  class='avia-button-wrap av-42izbg-02894659a2dbd161e182503bd1ce41cf-wrap avia-button-center  avia-builder-el-35  avia-builder-el-no-sibling '><a href='https:\/\/www.backwinkel.de\/prod\/weltreligionen-80-bild-impulse.html'  class='avia-button av-42izbg-02894659a2dbd161e182503bd1ce41cf av-link-btn avia-icon_select-no avia-size-medium avia-position-center avia-color-theme-color'  target=\"_blank\"  rel=\"noopener noreferrer\"  aria-label=\"zum Produkt\"><span class='avia_iconbox_title' >zum Produkt<\/span><\/a><\/div><\/p>\n<\/div><\/section><br \/>\n\n<style type=\"text\/css\" data-created_by=\"avia_inline_auto\" id=\"style-css-av-34kmos-bf82b2f0bad2874622f6b66562996b15\">\n#top .hr.hr-invisible.av-34kmos-bf82b2f0bad2874622f6b66562996b15{\nheight:20px;\n}\n<\/style>\n<div  class='hr av-34kmos-bf82b2f0bad2874622f6b66562996b15 hr-invisible  avia-builder-el-36  el_after_av_textblock  avia-builder-el-last '><span class='hr-inner '><span class=\"hr-inner-style\"><\/span><\/span><\/div><\/p><\/div><\/div><!--close column table wrapper. Autoclose: 1 -->\n\n<style type=\"text\/css\" data-created_by=\"avia_inline_auto\" id=\"style-css-av-13rtlq5-cbc439daeddac76b54cbd1be1b032d73\">\n.flex_column.av-13rtlq5-cbc439daeddac76b54cbd1be1b032d73{\nborder-radius:0px 0px 0px 0px;\npadding:0px 0px 0px 0px;\n}\n<\/style>\n<div  class='flex_column av-13rtlq5-cbc439daeddac76b54cbd1be1b032d73 av_one_full  avia-builder-el-37  el_after_av_one_third  el_before_av_hr  first flex_column_div av-zero-column-padding  column-top-margin'     ><section  class='av_textblock_section av-ozuspp-6902fe78deb6bce405971c4deccd26ea '  ><div class='avia_textblock' >\n<style type=\"text\/css\" data-created_by=\"avia_inline_auto\" id=\"style-css-av-u1za7n-ac6b737580ba84d3721dc8ec76b1881f\">\n#top .hr.hr-invisible.av-u1za7n-ac6b737580ba84d3721dc8ec76b1881f{\nheight:20px;\n}\n<\/style>\n<div  class='hr av-u1za7n-ac6b737580ba84d3721dc8ec76b1881f hr-invisible  avia-builder-el-39  avia-builder-el-no-sibling '><span class='hr-inner '><span class=\"hr-inner-style\"><\/span><\/span><\/div>\n<h3>Auch interessant:<\/h3>\n<p><a href=\"https:\/\/www.backwinkel.de\/blog\/weltreligionen\/\" target=\"_blank\" rel=\"noopener\">Weltreligion: Von Unterschieden und starken Gemeinsamkeiten<\/a><br \/>\n<a href=\"https:\/\/www.backwinkel.de\/blog\/tierschutz-in-der-schule\/\" target=\"_blank\" rel=\"noopener\">Tierschutz in der Schule:<\/a><br \/>\n<a href=\"https:\/\/www.backwinkel.de\/cat\/lehrmittel-religion-ethik\/\" target=\"_blank\" rel=\"noopener\">Religion &amp; Ethik<\/a><br \/>\n<a href=\"https:\/\/www.backwinkel.de\/cat\/lehrmittel-daz-deutsch-als-zweitsprache\/\" target=\"_blank\" rel=\"noopener\">DaZ \u2013 Deutsch als Zweitsprache<\/a><br \/>\n<a href=\"https:\/\/www.backwinkel.de\/cat\/lehrmittel-lesen-lernen\/\" target=\"_blank\" rel=\"noopener\">Lesen lernen<\/a><\/p>\n<\/div><\/section><\/div>\n\n<style type=\"text\/css\" data-created_by=\"avia_inline_auto\" id=\"style-css-av-kz7pcc-998c523973ce04bd41c056e7ad17fd36\">\n#top .hr.av-kz7pcc-998c523973ce04bd41c056e7ad17fd36{\nmargin-top:10px;\nmargin-bottom:10px;\n}\n.hr.av-kz7pcc-998c523973ce04bd41c056e7ad17fd36 .hr-inner{\nwidth:500;\n}\n<\/style>\n<div  class='hr av-kz7pcc-998c523973ce04bd41c056e7ad17fd36 hr-custom  avia-builder-el-40  el_after_av_one_full  el_before_av_one_full  hr-left hr-icon-no'><span class='hr-inner inner-border-av-border-none'><span class=\"hr-inner-style\"><\/span><\/span><\/div>\n\n<style type=\"text\/css\" data-created_by=\"avia_inline_auto\" id=\"style-css-av-3tembw-a1c4b21fc3f6f2fd3d0d32482ae74cc6\">\n.flex_column.av-3tembw-a1c4b21fc3f6f2fd3d0d32482ae74cc6{\nborder-radius:0px 0px 0px 0px;\npadding:10px 10px 10px 10px;\nbackground-color:#f2f2f2;\n}\n<\/style>\n<div  class='flex_column av-3tembw-a1c4b21fc3f6f2fd3d0d32482ae74cc6 av_one_full  avia-builder-el-41  el_after_av_hr  el_before_av_one_full  first flex_column_div  '     ><section  class='av_textblock_section av-2hcanw-354275dfda09aacb13c8894d92e606ed '  ><div class='avia_textblock' ><p class=\"fussnoten-quellen\"><strong>Lesestoff:<\/strong><\/p>\n<p><span style=\"font-size: 14pt;\">Artikel \u00fcber das Opferfest, 21.08.2018:<br \/>\n<a href=\"https:\/\/www.change-magazin.de\/de\/opferfest-islam-deutschland\/\" target=\"_blank\" rel=\"noopener\">https:\/\/www.change-magazin.de\/de\/opferfest-islam-deutschland\/<\/a><\/span><\/p>\n<p><span style=\"font-size: 14pt;\">Erb, Sebastian: Einmal Deutschland-Mekka, 19.11.2008:<br \/>\n<a href=\"https:\/\/www.dw.com\/de\/einmal-deutschland-mekka\/a-3805113\" target=\"_blank\" rel=\"noopener\">https:\/\/www.dw.com\/de\/einmal-deutschland-mekka\/a-3805113<\/a><\/span><\/p>\n<p><span style=\"font-size: 14pt;\">Eintrag zu \u201eHaddsch\u201c des Islamlexikons auf Focus online:<br \/>\n<a href=\"https:\/\/www.focus.de\/wissen\/mensch\/religion\/islam\/islamlexikon\/haddsch-die-wallfahrt-nach-mekka_id_1774979.html\" target=\"_blank\" rel=\"noopener\">https:\/\/www.focus.de\/wissen\/mensch\/religion\/islam\/islamlexikon\/haddsch-die-wallfahrt-nach-mekka_id_1774979.html<\/a><\/span><\/p>\n<p><span style=\"font-size: 14pt;\">Kann man \u201ehuman\u201c schlachten? Interview mit dem islamischen Theologen Bilal Erkin, 08.09.2016:<br \/>\n<a href=\"https:\/\/islamische-zeitung.de\/massentierhaltung-industrie-und-rechtssprechung-gestalten-die-suche-nach-halal-fleisch-schwierig\/\" target=\"_blank\" rel=\"noopener\">https:\/\/islamische-zeitung.de\/massentierhaltung-industrie-und-rechtssprechung-gestalten-die-suche-nach-halal-fleisch-schwierig\/<\/a><\/span><\/p>\n<p><span style=\"font-size: 14pt;\">Maibaum, Markus: Anzahl der geschlachteten Tiere in Deutschland &amp; Weltweit (sic) (2023), 15.02.2023:<br \/>\n<a href=\"https:\/\/veganivore.de\/anzahl-schlachtungen\/\" target=\"_blank\" rel=\"noopener\">https:\/\/veganivore.de\/anzahl-schlachtungen\/<\/a><\/span><\/p>\n<p><span style=\"font-size: 14pt;\">R\u00f6hlig, Marc: Hier nehmen dich Muslime auf ihre Pilgerfahrt mit (Artikel mit Hashtags zum Haddsch), 01.09.2017:<br \/>\n<a href=\"https:\/\/www.spiegel.de\/panorama\/hadsch-2017-darum-geht-es-beim-opferfest-in-mekka-a-00000000-0003-0001-0000-000001649901\" target=\"_blank\" rel=\"noopener\">https:\/\/www.spiegel.de\/panorama\/hadsch-2017-darum-geht-es-beim-opferfest-in-mekka-a-00000000-0003-0001-0000-000001649901<\/a><\/span><\/p>\n<p><span style=\"font-size: 14pt;\">Steiger, Daniel: Kurban Bayrami (sic) und Eid al Adha (sic) \u2013 Alle Infos zum muslimischen Feiertag, 21.04.2023:<br \/>\n<a href=\"https:\/\/www.swp.de\/panorama\/wann-ist-das-opferfest-2023-deutschland-islam-beginn-datum-bedeutung-wuensche-eid-al-adha-bayram-tuerkisch-arabisch-70342421.html\" target=\"_blank\" rel=\"noopener\">https:\/\/www.swp.de\/panorama\/wann-ist-das-opferfest-2023-deutschland-islam-beginn-datum-bedeutung-wuensche-eid-al-adha-bayram-tuerkisch-arabisch-70342421.html<\/a><\/span><\/p>\n<p><span style=\"font-size: 14pt;\">Artikel \u00fcber das Opferfest mit mehreren Audios und Videos, 07.07.2022:<br \/>\n<a href=\"https:\/\/www.swr.de\/swr1\/bw\/rmg-sonntagmorgen-220710-opferfest-100.html\" target=\"_blank\" rel=\"noopener\">https:\/\/www.swr.de\/swr1\/bw\/rmg-sonntagmorgen-220710-opferfest-100.html<\/a><\/span><\/p>\n<p><span style=\"font-size: 14pt;\">Online-L\u00fcckentext zum Opferfest:<br \/>\n<a href=\"https:\/\/unterricht.schule\/lueckentext-material\/religion\/opferfest\" target=\"_blank\" rel=\"noopener\">https:\/\/unterricht.schule\/lueckentext-material\/religion\/opferfest<\/a><\/span><\/p>\n<p><span style=\"font-size: 14pt;\">Verheyen, Edgar: Illegales Sch\u00e4chten dokumentiert, 24.01.2023:<br \/>\n<a href=\"https:\/\/www.tagesschau.de\/investigativ\/report-mainz\/illegales-schaechten-101.html\" target=\"_blank\" rel=\"noopener\">https:\/\/www.tagesschau.de\/investigativ\/report-mainz\/illegales-schaechten-101.html<\/a><\/span><\/p>\n<p><span style=\"font-size: 14pt;\">Artikel \u00fcber Vorurteile und Wahrheit zum Thema Opferfest, 01.09.2017:<br \/>\n<a href=\"https:\/\/www.vice.com\/de\/article\/j559mx\/wir-haben-die-vorurteile-zum-opferfest-einem-realitatscheck-unterzogen\" target=\"_blank\" rel=\"noopener\">https:\/\/www.vice.com\/de\/article\/j559mx\/wir-haben-die-vorurteile-zum-opferfest-einem-realitatscheck-unterzogen<\/a><\/span><\/p>\n<p><span style=\"font-size: 14pt;\"> https:\/\/de.wikipedia.org\/wiki\/Bindung_Isaaks#Die_Erz\u00e4hlung_in_der_Bibel<\/span><\/p>\n<p><span style=\"font-size: 14pt;\">https:\/\/de.wikipedia.org\/wiki\/Haddsch<\/span><\/p>\n<p><span style=\"font-size: 14pt;\">https:\/\/de.wikipedia.org\/wiki\/Islamisches_Opferfest<br \/>\n<\/span><span style=\"font-size: 11pt;\"><br \/>\n<\/span><\/p>\n<\/div><\/section><\/div>\n\n<style type=\"text\/css\" data-created_by=\"avia_inline_auto\" id=\"style-css-av-fqckto-d5350d06c16b17286c5e2ae288dcdba2\">\n.flex_column.av-fqckto-d5350d06c16b17286c5e2ae288dcdba2{\nborder-radius:0px 0px 0px 0px;\npadding:10px 10px 10px 10px;\n}\n<\/style>\n<div  class='flex_column av-fqckto-d5350d06c16b17286c5e2ae288dcdba2 av_one_full  avia-builder-el-43  el_after_av_one_full  el_before_av_one_full  first flex_column_div  column-top-margin'     ><section  class='av_textblock_section av-dh1mgc-1f1cdce34e8e6e00b3fada23e5365d1b '  ><div class='avia_textblock' ><p class=\"copyright\"><strong>\u00a9 Copyright \u2013 Urheberrechtshinweis<\/strong><br \/>\nAlle Inhalte auf www.backwinkel.de sowie www.backwinkel.de\/blog, insbesondere Texte, Fotografien und Grafiken, sind urheberrechtlich gesch\u00fctzt.<br \/>\nDas Urheberrecht liegt, soweit nicht ausdr\u00fccklich anders gekennzeichnet, bei der BACKWINKEL GmbH. Bitte fragen Sie uns, falls Sie die Inhalte dieses Internetangebotes verwenden m\u00f6chten.<br \/>\nWer gegen das Urheberrecht verst\u00f6\u00dft (z. B. Bilder oder Texte unerlaubt kopiert), macht sich gem. \u00a7\u00a7 106 ff UrhG strafbar, wird zudem kostenpflichtig abgemahnt und muss Schadensersatz leisten (\u00a7 97 UrhG).<\/p>\n<\/div><\/section><\/div>\n\n<style type=\"text\/css\" data-created_by=\"avia_inline_auto\" id=\"style-css-av-d5co4s-aedf4c432807ac740642c7127dd938f9\">\n.flex_column.av-d5co4s-aedf4c432807ac740642c7127dd938f9{\nborder-radius:0px 0px 0px 0px;\npadding:0px 0px 0px 0px;\n}\n<\/style>\n<div  class='flex_column av-d5co4s-aedf4c432807ac740642c7127dd938f9 av_one_full  avia-builder-el-45  el_after_av_one_full  el_before_av_one_full  first flex_column_div av-zero-column-padding  column-top-margin'     ><section  class='av_textblock_section av-a97ba4-7dd40c09d190f5324e4111b3d971dd4a '  ><div class='avia_textblock' ><div class=\"shariff shariff-align-left shariff-widget-align-left\"><ul class=\"shariff-buttons theme-color orientation-horizontal buttonsize-medium\"><li class=\"shariff-button whatsapp shariff-nocustomcolor\" style=\"background-color:#5cbe4a\"><a href=\"https:\/\/api.whatsapp.com\/send?text=https%3A%2F%2Fwww.backwinkel.de%2Fblog%2Fopferfest%2F%20Opferfest\" title=\"Bei Whatsapp teilen\" aria-label=\"Bei Whatsapp teilen\" role=\"button\" rel=\"noopener nofollow\" class=\"shariff-link\" style=\"; background-color:#34af23; color:#fff\" target=\"_blank\"><span class=\"shariff-icon\" style=\"\"><svg width=\"32px\" height=\"20px\" xmlns=\"http:\/\/www.w3.org\/2000\/svg\" viewBox=\"0 0 32 32\"><path fill=\"#34af23\" d=\"M17.6 17.4q0.2 0 1.7 0.8t1.6 0.9q0 0.1 0 0.3 0 0.6-0.3 1.4-0.3 0.7-1.3 1.2t-1.8 0.5q-1 0-3.4-1.1-1.7-0.8-3-2.1t-2.6-3.3q-1.3-1.9-1.3-3.5v-0.1q0.1-1.6 1.3-2.8 0.4-0.4 0.9-0.4 0.1 0 0.3 0t0.3 0q0.3 0 0.5 0.1t0.3 0.5q0.1 0.4 0.6 1.6t0.4 1.3q0 0.4-0.6 1t-0.6 0.8q0 0.1 0.1 0.3 0.6 1.3 1.8 2.4 1 0.9 2.7 1.8 0.2 0.1 0.4 0.1 0.3 0 1-0.9t0.9-0.9zM14 26.9q2.3 0 4.3-0.9t3.6-2.4 2.4-3.6 0.9-4.3-0.9-4.3-2.4-3.6-3.6-2.4-4.3-0.9-4.3 0.9-3.6 2.4-2.4 3.6-0.9 4.3q0 3.6 2.1 6.6l-1.4 4.2 4.3-1.4q2.8 1.9 6.2 1.9zM14 2.2q2.7 0 5.2 1.1t4.3 2.9 2.9 4.3 1.1 5.2-1.1 5.2-2.9 4.3-4.3 2.9-5.2 1.1q-3.5 0-6.5-1.7l-7.4 2.4 2.4-7.2q-1.9-3.2-1.9-6.9 0-2.7 1.1-5.2t2.9-4.3 4.3-2.9 5.2-1.1z\"\/><\/svg><\/span><span class=\"shariff-text\">teilen<\/span>&nbsp;<\/a><\/li><li class=\"shariff-button facebook shariff-nocustomcolor\" style=\"background-color:#4273c8\"><a href=\"https:\/\/www.facebook.com\/sharer\/sharer.php?u=https%3A%2F%2Fwww.backwinkel.de%2Fblog%2Fopferfest%2F\" title=\"Bei Facebook teilen\" aria-label=\"Bei Facebook teilen\" role=\"button\" rel=\"nofollow\" class=\"shariff-link\" style=\"; background-color:#3b5998; color:#fff\" target=\"_blank\"><span class=\"shariff-icon\" style=\"\"><svg width=\"32px\" height=\"20px\" xmlns=\"http:\/\/www.w3.org\/2000\/svg\" viewBox=\"0 0 18 32\"><path fill=\"#3b5998\" d=\"M17.1 0.2v4.7h-2.8q-1.5 0-2.1 0.6t-0.5 1.9v3.4h5.2l-0.7 5.3h-4.5v13.6h-5.5v-13.6h-4.5v-5.3h4.5v-3.9q0-3.3 1.9-5.2t5-1.8q2.6 0 4.1 0.2z\"\/><\/svg><\/span><span class=\"shariff-text\">teilen<\/span>&nbsp;<\/a><\/li><li class=\"shariff-button twitter shariff-nocustomcolor\" style=\"background-color:#595959\"><a href=\"https:\/\/twitter.com\/share?url=https%3A%2F%2Fwww.backwinkel.de%2Fblog%2Fopferfest%2F&text=Opferfest\" title=\"Bei X teilen\" aria-label=\"Bei X teilen\" role=\"button\" rel=\"noopener nofollow\" class=\"shariff-link\" style=\"; background-color:#000; color:#fff\" target=\"_blank\"><span class=\"shariff-icon\" style=\"\"><svg width=\"32px\" height=\"20px\" xmlns=\"http:\/\/www.w3.org\/2000\/svg\" viewBox=\"0 0 24 24\"><path fill=\"#000\" d=\"M14.258 10.152L23.176 0h-2.113l-7.747 8.813L7.133 0H0l9.352 13.328L0 23.973h2.113l8.176-9.309 6.531 9.309h7.133zm-2.895 3.293l-.949-1.328L2.875 1.56h3.246l6.086 8.523.945 1.328 7.91 11.078h-3.246zm0 0\"\/><\/svg><\/span><span class=\"shariff-text\">teilen<\/span>&nbsp;<\/a><\/li><li class=\"shariff-button pinterest shariff-nocustomcolor\" style=\"background-color:#e70f18\"><a href=\"https:\/\/www.pinterest.com\/pin\/create\/link\/?url=https%3A%2F%2Fwww.backwinkel.de%2Fblog%2Fopferfest%2F&media=https%3A%2F%2Fwww.backwinkel.de%2Fblog%2Fwp-content%2Fuploads%2F2023%2F04%2Fbackwinkel-blog-Opferfest-heroimage.jpg&description=Opferfest\" title=\"Bei Pinterest pinnen\" aria-label=\"Bei Pinterest pinnen\" role=\"button\" rel=\"noopener nofollow\" class=\"shariff-link\" style=\"; background-color:#cb2027; color:#fff\" target=\"_blank\"><span class=\"shariff-icon\" style=\"\"><svg width=\"32px\" height=\"20px\" xmlns=\"http:\/\/www.w3.org\/2000\/svg\" viewBox=\"0 0 27 32\"><path fill=\"#cb2027\" d=\"M27.4 16q0 3.7-1.8 6.9t-5 5-6.9 1.9q-2 0-3.9-0.6 1.1-1.7 1.4-2.9 0.2-0.6 1-3.8 0.4 0.7 1.3 1.2t2 0.5q2.1 0 3.8-1.2t2.7-3.4 0.9-4.8q0-2-1.1-3.8t-3.1-2.9-4.5-1.2q-1.9 0-3.5 0.5t-2.8 1.4-2 2-1.2 2.3-0.4 2.4q0 1.9 0.7 3.3t2.1 2q0.5 0.2 0.7-0.4 0-0.1 0.1-0.5t0.2-0.5q0.1-0.4-0.2-0.8-0.9-1.1-0.9-2.7 0-2.7 1.9-4.6t4.9-2q2.7 0 4.2 1.5t1.5 3.8q0 3-1.2 5.2t-3.1 2.1q-1.1 0-1.7-0.8t-0.4-1.9q0.1-0.6 0.5-1.7t0.5-1.8 0.2-1.4q0-0.9-0.5-1.5t-1.4-0.6q-1.1 0-1.9 1t-0.8 2.6q0 1.3 0.4 2.2l-1.8 7.5q-0.3 1.2-0.2 3.2-3.7-1.6-6-5t-2.3-7.6q0-3.7 1.9-6.9t5-5 6.9-1.9 6.9 1.9 5 5 1.8 6.9z\"\/><\/svg><\/span><span class=\"shariff-text\">merken<\/span>&nbsp;<\/a><\/li><li class=\"shariff-button mailto shariff-nocustomcolor\" style=\"background-color:#a8a8a8\"><a href=\"mailto:?body=https%3A%2F%2Fwww.backwinkel.de%2Fblog%2Fopferfest%2F&subject=Opferfest\" title=\"Per E-Mail versenden\" aria-label=\"Per E-Mail versenden\" role=\"button\" rel=\"noopener nofollow\" class=\"shariff-link\" style=\"; background-color:#999; color:#fff\"><span class=\"shariff-icon\" style=\"\"><svg width=\"32px\" height=\"20px\" xmlns=\"http:\/\/www.w3.org\/2000\/svg\" viewBox=\"0 0 32 32\"><path fill=\"#999\" d=\"M32 12.7v14.2q0 1.2-0.8 2t-2 0.9h-26.3q-1.2 0-2-0.9t-0.8-2v-14.2q0.8 0.9 1.8 1.6 6.5 4.4 8.9 6.1 1 0.8 1.6 1.2t1.7 0.9 2 0.4h0.1q0.9 0 2-0.4t1.7-0.9 1.6-1.2q3-2.2 8.9-6.1 1-0.7 1.8-1.6zM32 7.4q0 1.4-0.9 2.7t-2.2 2.2q-6.7 4.7-8.4 5.8-0.2 0.1-0.7 0.5t-1 0.7-0.9 0.6-1.1 0.5-0.9 0.2h-0.1q-0.4 0-0.9-0.2t-1.1-0.5-0.9-0.6-1-0.7-0.7-0.5q-1.6-1.1-4.7-3.2t-3.6-2.6q-1.1-0.7-2.1-2t-1-2.5q0-1.4 0.7-2.3t2.1-0.9h26.3q1.2 0 2 0.8t0.9 2z\"\/><\/svg><\/span><span class=\"shariff-text\">E-Mail<\/span>&nbsp;<\/a><\/li><\/ul><\/div>\n<\/div><\/section><\/div>\n\n<style type=\"text\/css\" data-created_by=\"avia_inline_auto\" id=\"style-css-av-leyce6wr-aca459a5151fa423e49ebd2f0b0cba23\">\n.flex_column.av-leyce6wr-aca459a5151fa423e49ebd2f0b0cba23{\nborder-radius:0px 0px 0px 0px;\npadding:0px 0px 0px 0px;\nbackground-color:#f2f2f2;\n}\n<\/style>\n<div  class='flex_column av-leyce6wr-aca459a5151fa423e49ebd2f0b0cba23 av_one_full  avia-builder-el-47  el_after_av_one_full  el_before_av_one_full  first flex_column_div av-zero-column-padding  column-top-margin'     ><div  class='avia-builder-widget-area clearfix  avia-builder-el-48  avia-builder-el-no-sibling '><div id=\"text-29\" class=\"widget clearfix widget_text\"><h3 class=\"widgettitle\">Das BACKWINKEL-Blog-Team<\/h3>\t\t\t<div class=\"textwidget\"><p>Gibts auch ein Gesicht hinter dem BACKWINKEL-Blog? Nat\u00fcrlich. Sogar f\u00fcnf \ud83d\ude0a. Wir \u2013 Lukas, Marvin und Tatjana \u2013 bespielen unseren Blog im LACHEN LEBEN LERNEN-Firmensitz in Hattingen.<br \/>\nLukas kennt Onlinemarketing wie seine Westentasche, w\u00e4hrend Marvin unseren Beitr\u00e4gen den passenden gestalterischen Rahmen gibt und Tatjana mit dem gr\u00fcnen Korrekturstift alles pr\u00fcfend be\u00e4ugt, was unsere Freelancerautorinnen Elisa und Christine (und gern auch Gastautoren) aus der Ferne f\u00fcr den BACKWINKEL-Blog nach ordentlicher Recherche schreiben.<br \/>\nGemeinsam suchen wir st\u00e4ndig nach neuen, aufregenden Themen rund um das Thema Bildung im Kiga, der Schule und zu Hause. Und weil Sie da an der Quelle sitzen, freuen wir uns auf Ihre konstruktiven R\u00fcckmeldungen und Anregungen an blog[@]backwinkel.de<br \/>\nViel Spa\u00df beim LACHEN LESEN LERNEN!<\/p>\n<\/div>\n\t\t<\/div><\/div><\/div>\n\n<style type=\"text\/css\" data-created_by=\"avia_inline_auto\" id=\"style-css-av-21m96ev-10cefdecbd94bf771cc0a852db15e418\">\n.flex_column.av-21m96ev-10cefdecbd94bf771cc0a852db15e418{\nborder-radius:0px 0px 0px 0px;\npadding:0px 0px 0px 0px;\n}\n<\/style>\n<div  class='flex_column av-21m96ev-10cefdecbd94bf771cc0a852db15e418 av_one_full  avia-builder-el-49  el_after_av_one_full  avia-builder-el-last  first flex_column_div av-zero-column-padding  column-top-margin'     ><p>\n<style type=\"text\/css\" data-created_by=\"avia_inline_auto\" id=\"style-css-av-1l6t62f-7ea91fafe1c9fd8f01b5a5ee707950ce\">\n#top .hr.av-1l6t62f-7ea91fafe1c9fd8f01b5a5ee707950ce{\nmargin-top:10px;\nmargin-bottom:10px;\n}\n.hr.av-1l6t62f-7ea91fafe1c9fd8f01b5a5ee707950ce .hr-inner{\nwidth:500;\n}\n<\/style>\n<div  class='hr av-1l6t62f-7ea91fafe1c9fd8f01b5a5ee707950ce hr-custom  avia-builder-el-50  el_before_av_heading  avia-builder-el-first  hr-left hr-icon-no'><span class='hr-inner inner-border-av-border-thin'><span class=\"hr-inner-style\"><\/span><\/span><\/div><br \/>\n\n<style type=\"text\/css\" data-created_by=\"avia_inline_auto\" id=\"style-css-av-112w7mf-cf418d6f1ae2df284a50f174648cad51\">\n#top .av-special-heading.av-112w7mf-cf418d6f1ae2df284a50f174648cad51{\npadding-bottom:10px;\n}\nbody .av-special-heading.av-112w7mf-cf418d6f1ae2df284a50f174648cad51 .av-special-heading-tag .heading-char{\nfont-size:25px;\n}\n.av-special-heading.av-112w7mf-cf418d6f1ae2df284a50f174648cad51 .av-subheading{\nfont-size:15px;\n}\n<\/style>\n<div  class='av-special-heading av-112w7mf-cf418d6f1ae2df284a50f174648cad51 av-special-heading-h3 blockquote modern-quote  avia-builder-el-51  el_after_av_hr  el_before_av_blog '><h3 class='av-special-heading-tag '  >PASSENDE BEITR\u00c4GE<\/h3><div class=\"special-heading-border\"><div class=\"special-heading-inner-border\"><\/div><\/div><\/div><br \/>\n<div  data-slideshow-options=\"{&quot;animation&quot;:&quot;fade&quot;,&quot;autoplay&quot;:false,&quot;loop_autoplay&quot;:&quot;once&quot;,&quot;interval&quot;:5,&quot;loop_manual&quot;:&quot;manual-endless&quot;,&quot;autoplay_stopper&quot;:false,&quot;noNavigation&quot;:false,&quot;show_slide_delay&quot;:90}\" class='avia-content-slider avia-content-grid-active avia-content-slider1 avia-content-slider-odd  avia-builder-el-52  el_after_av_heading  avia-builder-el-last  av-slideshow-ui av-control-default   av-no-slider-navigation av-slideshow-manual av-loop-once av-loop-manual-endless ' ><div class=\"avia-content-slider-inner\"><div class=\"slide-entry-wrap\"><article class='slide-entry flex_column  post-entry post-entry-18716 slide-entry-overview slide-loop-1 slide-parity-odd  av_one_third first real-thumbnail posttype-post post-format-standard' ><a href='https:\/\/www.backwinkel.de\/blog\/rechnen-im-anfangsunterricht\/' data-rel='slide-1' class='slide-image' title='Rechnen im Anfangsunterricht'><img decoding=\"async\" fetchpriority=\"high\" width=\"1200\" height=\"628\" src=\"https:\/\/www.backwinkel.de\/blog\/wp-content\/uploads\/2026\/04\/04_Schule_Rechnen_anfangsunterricht.jpg\" class=\"wp-image-18748 avia-img-lazy-loading-not-18748 attachment-no scaling size-no scaling wp-post-image\" alt=\"\" \/><\/a><div class=\"slide-content\"><header class=\"entry-content-header\" aria-label=\"Slide: Rechnen im Anfangsunterricht\"><h3 class='slide-entry-title entry-title ' ><a href='https:\/\/www.backwinkel.de\/blog\/rechnen-im-anfangsunterricht\/' title='Rechnen im Anfangsunterricht'>Rechnen im Anfangsunterricht<\/a><\/h3><span class=\"blog-categories minor-meta\"><a href=\"https:\/\/www.backwinkel.de\/blog\/category\/schule-grundschule\/\" rel=\"tag\">Schule<\/a> <\/span><span class=\"av-vertical-delimiter\"><\/span><\/header><div class='slide-entry-excerpt entry-content' >Das Klassenzimmer als Lernlandschaft<\/div><\/div><footer class=\"entry-footer\"><div class=\"slide-meta\"><time class='slide-meta-time updated' >14. April 2026<\/time><\/div><\/footer><\/article><article class='slide-entry flex_column  post-entry post-entry-18177 slide-entry-overview slide-loop-2 slide-parity-even  av_one_third  real-thumbnail posttype-post post-format-standard' ><a href='https:\/\/www.backwinkel.de\/blog\/churermodell\/' data-rel='slide-1' class='slide-image' title='Churermodell'><img decoding=\"async\" fetchpriority=\"high\" width=\"1200\" height=\"628\" src=\"https:\/\/www.backwinkel.de\/blog\/wp-content\/uploads\/2026\/03\/03_Schule_Churermodell.jpg\" class=\"wp-image-18217 avia-img-lazy-loading-not-18217 attachment-no scaling size-no scaling wp-post-image\" alt=\"\" \/><\/a><div class=\"slide-content\"><header class=\"entry-content-header\" aria-label=\"Slide: Churermodell\"><h3 class='slide-entry-title entry-title ' ><a href='https:\/\/www.backwinkel.de\/blog\/churermodell\/' title='Churermodell'>Churermodell<\/a><\/h3><span class=\"blog-categories minor-meta\"><a href=\"https:\/\/www.backwinkel.de\/blog\/category\/schule-grundschule\/\" rel=\"tag\">Schule<\/a> <\/span><span class=\"av-vertical-delimiter\"><\/span><\/header><div class='slide-entry-excerpt entry-content' >Das Klassenzimmer als Lernlandschaft<\/div><\/div><footer class=\"entry-footer\"><div class=\"slide-meta\"><time class='slide-meta-time updated' >9. M\u00e4rz 2026<\/time><\/div><\/footer><\/article><article class='slide-entry flex_column  post-entry post-entry-18119 slide-entry-overview slide-loop-3 slide-parity-odd  post-entry-last  av_one_third  real-thumbnail posttype-post post-format-standard' ><a href='https:\/\/www.backwinkel.de\/blog\/digitalpakt-2-0\/' data-rel='slide-1' class='slide-image' title='Digitalpakt 2.0'><img decoding=\"async\" fetchpriority=\"high\" width=\"1200\" height=\"628\" src=\"https:\/\/www.backwinkel.de\/blog\/wp-content\/uploads\/2026\/01\/02_Schule_Digitalpakt.jpg\" class=\"wp-image-18138 avia-img-lazy-loading-not-18138 attachment-no scaling size-no scaling wp-post-image\" alt=\"\" \/><\/a><div class=\"slide-content\"><header class=\"entry-content-header\" aria-label=\"Slide: Digitalpakt 2.0\"><h3 class='slide-entry-title entry-title ' ><a href='https:\/\/www.backwinkel.de\/blog\/digitalpakt-2-0\/' title='Digitalpakt 2.0'>Digitalpakt 2.0<\/a><\/h3><span class=\"blog-categories minor-meta\"><a href=\"https:\/\/www.backwinkel.de\/blog\/category\/schule-grundschule\/\" rel=\"tag\">Schule<\/a> <\/span><span class=\"av-vertical-delimiter\"><\/span><\/header><div class='slide-entry-excerpt entry-content' >Geht es jetzt mit der Digitalisierung in Bildungseinrichtungen voran?<\/div><\/div><footer class=\"entry-footer\"><div class=\"slide-meta\"><time class='slide-meta-time updated' >10. Februar 2026<\/time><\/div><\/footer><\/article><\/div><\/div><\/div><\/p><\/div>\n","protected":false},"excerpt":{"rendered":"<p>Ursprung, Rituale und Bedeutung<\/p>\n","protected":false},"author":1,"featured_media":11701,"comment_status":"closed","ping_status":"closed","sticky":false,"template":"","format":"standard","meta":{"inline_featured_image":false,"footnotes":""},"categories":[6],"tags":[],"class_list":["post-11677","post","type-post","status-publish","format-standard","has-post-thumbnail","hentry","category-schule-grundschule"],"yoast_head":"<!-- This site is optimized with the Yoast SEO plugin v27.4 - https:\/\/yoast.com\/product\/yoast-seo-wordpress\/ -->\n<title>Opferfest \u2013 Ursprung, Rituale und Bedeutung des h\u00f6chsten islamischen Feiertags | BACKWINKEL Blog<\/title>\n<meta name=\"description\" content=\"Das Opferfest ist das h\u00f6chste Fest im muslimischen Glauben. \u2713 Jetzt lesen!\" \/>\n<meta name=\"robots\" content=\"index, follow, max-snippet:-1, max-image-preview:large, max-video-preview:-1\" \/>\n<link rel=\"canonical\" href=\"https:\/\/www.backwinkel.de\/blog\/opferfest\/\" \/>\n<meta property=\"og:locale\" content=\"de_DE\" \/>\n<meta property=\"og:type\" content=\"article\" \/>\n<meta property=\"og:title\" content=\"Opferfest \u2013 Ursprung, Rituale und Bedeutung des h\u00f6chsten islamischen Feiertags | BACKWINKEL Blog\" \/>\n<meta property=\"og:description\" content=\"Das Opferfest ist das h\u00f6chste Fest im muslimischen Glauben. \u2713 Jetzt lesen!\" \/>\n<meta property=\"og:url\" content=\"https:\/\/www.backwinkel.de\/blog\/opferfest\/\" \/>\n<meta property=\"og:site_name\" content=\"BACKWINKEL Blog\" \/>\n<meta property=\"article:published_time\" content=\"2023-06-06T15:15:42+00:00\" \/>\n<meta property=\"article:modified_time\" content=\"2026-04-22T12:23:18+00:00\" \/>\n<meta property=\"og:image\" content=\"https:\/\/www.backwinkel.de\/blog\/wp-content\/uploads\/2023\/04\/backwinkel-blog-Opferfest-heroimage.jpg\" \/>\n\t<meta property=\"og:image:width\" content=\"1200\" \/>\n\t<meta property=\"og:image:height\" content=\"628\" \/>\n\t<meta property=\"og:image:type\" content=\"image\/jpeg\" \/>\n<meta name=\"author\" content=\"admin_backwinkel\" \/>\n<meta name=\"twitter:card\" content=\"summary_large_image\" \/>\n<meta name=\"twitter:label1\" content=\"Verfasst von\" \/>\n\t<meta name=\"twitter:data1\" content=\"admin_backwinkel\" \/>\n\t<meta name=\"twitter:label2\" content=\"Gesch\u00e4tzte Lesezeit\" \/>\n\t<meta name=\"twitter:data2\" content=\"12\u00a0Minuten\" \/>\n<script type=\"application\/ld+json\" class=\"yoast-schema-graph\">{\"@context\":\"https:\\\/\\\/schema.org\",\"@graph\":[{\"@type\":\"Article\",\"@id\":\"https:\\\/\\\/www.backwinkel.de\\\/blog\\\/opferfest\\\/#article\",\"isPartOf\":{\"@id\":\"https:\\\/\\\/www.backwinkel.de\\\/blog\\\/opferfest\\\/\"},\"author\":{\"name\":\"admin_backwinkel\",\"@id\":\"https:\\\/\\\/www.backwinkel.de\\\/blog\\\/#\\\/schema\\\/person\\\/88b842297c0e471020a66f4476633cf2\"},\"headline\":\"Opferfest\",\"datePublished\":\"2023-06-06T15:15:42+00:00\",\"dateModified\":\"2026-04-22T12:23:18+00:00\",\"mainEntityOfPage\":{\"@id\":\"https:\\\/\\\/www.backwinkel.de\\\/blog\\\/opferfest\\\/\"},\"wordCount\":5508,\"image\":{\"@id\":\"https:\\\/\\\/www.backwinkel.de\\\/blog\\\/opferfest\\\/#primaryimage\"},\"thumbnailUrl\":\"https:\\\/\\\/www.backwinkel.de\\\/blog\\\/wp-content\\\/uploads\\\/2023\\\/04\\\/backwinkel-blog-Opferfest-heroimage.jpg\",\"articleSection\":[\"Schule\"],\"inLanguage\":\"de\"},{\"@type\":\"WebPage\",\"@id\":\"https:\\\/\\\/www.backwinkel.de\\\/blog\\\/opferfest\\\/\",\"url\":\"https:\\\/\\\/www.backwinkel.de\\\/blog\\\/opferfest\\\/\",\"name\":\"Opferfest \u2013 Ursprung, Rituale und Bedeutung des h\u00f6chsten islamischen Feiertags | BACKWINKEL Blog\",\"isPartOf\":{\"@id\":\"https:\\\/\\\/www.backwinkel.de\\\/blog\\\/#website\"},\"primaryImageOfPage\":{\"@id\":\"https:\\\/\\\/www.backwinkel.de\\\/blog\\\/opferfest\\\/#primaryimage\"},\"image\":{\"@id\":\"https:\\\/\\\/www.backwinkel.de\\\/blog\\\/opferfest\\\/#primaryimage\"},\"thumbnailUrl\":\"https:\\\/\\\/www.backwinkel.de\\\/blog\\\/wp-content\\\/uploads\\\/2023\\\/04\\\/backwinkel-blog-Opferfest-heroimage.jpg\",\"datePublished\":\"2023-06-06T15:15:42+00:00\",\"dateModified\":\"2026-04-22T12:23:18+00:00\",\"author\":{\"@id\":\"https:\\\/\\\/www.backwinkel.de\\\/blog\\\/#\\\/schema\\\/person\\\/88b842297c0e471020a66f4476633cf2\"},\"description\":\"Das Opferfest ist das h\u00f6chste Fest im muslimischen Glauben. \u2713 Jetzt lesen!\",\"breadcrumb\":{\"@id\":\"https:\\\/\\\/www.backwinkel.de\\\/blog\\\/opferfest\\\/#breadcrumb\"},\"inLanguage\":\"de\",\"potentialAction\":[{\"@type\":\"ReadAction\",\"target\":[\"https:\\\/\\\/www.backwinkel.de\\\/blog\\\/opferfest\\\/\"]}]},{\"@type\":\"ImageObject\",\"inLanguage\":\"de\",\"@id\":\"https:\\\/\\\/www.backwinkel.de\\\/blog\\\/opferfest\\\/#primaryimage\",\"url\":\"https:\\\/\\\/www.backwinkel.de\\\/blog\\\/wp-content\\\/uploads\\\/2023\\\/04\\\/backwinkel-blog-Opferfest-heroimage.jpg\",\"contentUrl\":\"https:\\\/\\\/www.backwinkel.de\\\/blog\\\/wp-content\\\/uploads\\\/2023\\\/04\\\/backwinkel-blog-Opferfest-heroimage.jpg\",\"width\":1200,\"height\":628},{\"@type\":\"BreadcrumbList\",\"@id\":\"https:\\\/\\\/www.backwinkel.de\\\/blog\\\/opferfest\\\/#breadcrumb\",\"itemListElement\":[{\"@type\":\"ListItem\",\"position\":1,\"name\":\"Startseite\",\"item\":\"https:\\\/\\\/blog.backwinkel.de\\\/aktuelles\\\/\"},{\"@type\":\"ListItem\",\"position\":2,\"name\":\"Opferfest\"}]},{\"@type\":\"WebSite\",\"@id\":\"https:\\\/\\\/www.backwinkel.de\\\/blog\\\/#website\",\"url\":\"https:\\\/\\\/www.backwinkel.de\\\/blog\\\/\",\"name\":\"BACKWINKEL Blog\",\"description\":\"f\u00fcr Lehrer, Erzieher und Eltern\",\"potentialAction\":[{\"@type\":\"SearchAction\",\"target\":{\"@type\":\"EntryPoint\",\"urlTemplate\":\"https:\\\/\\\/www.backwinkel.de\\\/blog\\\/?s={search_term_string}\"},\"query-input\":{\"@type\":\"PropertyValueSpecification\",\"valueRequired\":true,\"valueName\":\"search_term_string\"}}],\"inLanguage\":\"de\"},{\"@type\":\"Person\",\"@id\":\"https:\\\/\\\/www.backwinkel.de\\\/blog\\\/#\\\/schema\\\/person\\\/88b842297c0e471020a66f4476633cf2\",\"name\":\"admin_backwinkel\",\"url\":\"https:\\\/\\\/www.backwinkel.de\\\/blog\\\/author\\\/admin_backwinkel\\\/\"}]}<\/script>\n<!-- \/ Yoast SEO plugin. -->","yoast_head_json":{"title":"Opferfest \u2013 Ursprung, Rituale und Bedeutung des h\u00f6chsten islamischen Feiertags | BACKWINKEL Blog","description":"Das Opferfest ist das h\u00f6chste Fest im muslimischen Glauben. \u2713 Jetzt lesen!","robots":{"index":"index","follow":"follow","max-snippet":"max-snippet:-1","max-image-preview":"max-image-preview:large","max-video-preview":"max-video-preview:-1"},"canonical":"https:\/\/www.backwinkel.de\/blog\/opferfest\/","og_locale":"de_DE","og_type":"article","og_title":"Opferfest \u2013 Ursprung, Rituale und Bedeutung des h\u00f6chsten islamischen Feiertags | BACKWINKEL Blog","og_description":"Das Opferfest ist das h\u00f6chste Fest im muslimischen Glauben. \u2713 Jetzt lesen!","og_url":"https:\/\/www.backwinkel.de\/blog\/opferfest\/","og_site_name":"BACKWINKEL Blog","article_published_time":"2023-06-06T15:15:42+00:00","article_modified_time":"2026-04-22T12:23:18+00:00","og_image":[{"width":1200,"height":628,"url":"https:\/\/www.backwinkel.de\/blog\/wp-content\/uploads\/2023\/04\/backwinkel-blog-Opferfest-heroimage.jpg","type":"image\/jpeg"}],"author":"admin_backwinkel","twitter_card":"summary_large_image","twitter_misc":{"Verfasst von":"admin_backwinkel","Gesch\u00e4tzte Lesezeit":"12\u00a0Minuten"},"schema":{"@context":"https:\/\/schema.org","@graph":[{"@type":"Article","@id":"https:\/\/www.backwinkel.de\/blog\/opferfest\/#article","isPartOf":{"@id":"https:\/\/www.backwinkel.de\/blog\/opferfest\/"},"author":{"name":"admin_backwinkel","@id":"https:\/\/www.backwinkel.de\/blog\/#\/schema\/person\/88b842297c0e471020a66f4476633cf2"},"headline":"Opferfest","datePublished":"2023-06-06T15:15:42+00:00","dateModified":"2026-04-22T12:23:18+00:00","mainEntityOfPage":{"@id":"https:\/\/www.backwinkel.de\/blog\/opferfest\/"},"wordCount":5508,"image":{"@id":"https:\/\/www.backwinkel.de\/blog\/opferfest\/#primaryimage"},"thumbnailUrl":"https:\/\/www.backwinkel.de\/blog\/wp-content\/uploads\/2023\/04\/backwinkel-blog-Opferfest-heroimage.jpg","articleSection":["Schule"],"inLanguage":"de"},{"@type":"WebPage","@id":"https:\/\/www.backwinkel.de\/blog\/opferfest\/","url":"https:\/\/www.backwinkel.de\/blog\/opferfest\/","name":"Opferfest \u2013 Ursprung, Rituale und Bedeutung des h\u00f6chsten islamischen Feiertags | BACKWINKEL Blog","isPartOf":{"@id":"https:\/\/www.backwinkel.de\/blog\/#website"},"primaryImageOfPage":{"@id":"https:\/\/www.backwinkel.de\/blog\/opferfest\/#primaryimage"},"image":{"@id":"https:\/\/www.backwinkel.de\/blog\/opferfest\/#primaryimage"},"thumbnailUrl":"https:\/\/www.backwinkel.de\/blog\/wp-content\/uploads\/2023\/04\/backwinkel-blog-Opferfest-heroimage.jpg","datePublished":"2023-06-06T15:15:42+00:00","dateModified":"2026-04-22T12:23:18+00:00","author":{"@id":"https:\/\/www.backwinkel.de\/blog\/#\/schema\/person\/88b842297c0e471020a66f4476633cf2"},"description":"Das Opferfest ist das h\u00f6chste Fest im muslimischen Glauben. \u2713 Jetzt lesen!","breadcrumb":{"@id":"https:\/\/www.backwinkel.de\/blog\/opferfest\/#breadcrumb"},"inLanguage":"de","potentialAction":[{"@type":"ReadAction","target":["https:\/\/www.backwinkel.de\/blog\/opferfest\/"]}]},{"@type":"ImageObject","inLanguage":"de","@id":"https:\/\/www.backwinkel.de\/blog\/opferfest\/#primaryimage","url":"https:\/\/www.backwinkel.de\/blog\/wp-content\/uploads\/2023\/04\/backwinkel-blog-Opferfest-heroimage.jpg","contentUrl":"https:\/\/www.backwinkel.de\/blog\/wp-content\/uploads\/2023\/04\/backwinkel-blog-Opferfest-heroimage.jpg","width":1200,"height":628},{"@type":"BreadcrumbList","@id":"https:\/\/www.backwinkel.de\/blog\/opferfest\/#breadcrumb","itemListElement":[{"@type":"ListItem","position":1,"name":"Startseite","item":"https:\/\/blog.backwinkel.de\/aktuelles\/"},{"@type":"ListItem","position":2,"name":"Opferfest"}]},{"@type":"WebSite","@id":"https:\/\/www.backwinkel.de\/blog\/#website","url":"https:\/\/www.backwinkel.de\/blog\/","name":"BACKWINKEL Blog","description":"f\u00fcr Lehrer, Erzieher und Eltern","potentialAction":[{"@type":"SearchAction","target":{"@type":"EntryPoint","urlTemplate":"https:\/\/www.backwinkel.de\/blog\/?s={search_term_string}"},"query-input":{"@type":"PropertyValueSpecification","valueRequired":true,"valueName":"search_term_string"}}],"inLanguage":"de"},{"@type":"Person","@id":"https:\/\/www.backwinkel.de\/blog\/#\/schema\/person\/88b842297c0e471020a66f4476633cf2","name":"admin_backwinkel","url":"https:\/\/www.backwinkel.de\/blog\/author\/admin_backwinkel\/"}]}},"_links":{"self":[{"href":"https:\/\/www.backwinkel.de\/blog\/wp-json\/wp\/v2\/posts\/11677","targetHints":{"allow":["GET"]}}],"collection":[{"href":"https:\/\/www.backwinkel.de\/blog\/wp-json\/wp\/v2\/posts"}],"about":[{"href":"https:\/\/www.backwinkel.de\/blog\/wp-json\/wp\/v2\/types\/post"}],"author":[{"embeddable":true,"href":"https:\/\/www.backwinkel.de\/blog\/wp-json\/wp\/v2\/users\/1"}],"replies":[{"embeddable":true,"href":"https:\/\/www.backwinkel.de\/blog\/wp-json\/wp\/v2\/comments?post=11677"}],"version-history":[{"count":2,"href":"https:\/\/www.backwinkel.de\/blog\/wp-json\/wp\/v2\/posts\/11677\/revisions"}],"predecessor-version":[{"id":18903,"href":"https:\/\/www.backwinkel.de\/blog\/wp-json\/wp\/v2\/posts\/11677\/revisions\/18903"}],"wp:featuredmedia":[{"embeddable":true,"href":"https:\/\/www.backwinkel.de\/blog\/wp-json\/wp\/v2\/media\/11701"}],"wp:attachment":[{"href":"https:\/\/www.backwinkel.de\/blog\/wp-json\/wp\/v2\/media?parent=11677"}],"wp:term":[{"taxonomy":"category","embeddable":true,"href":"https:\/\/www.backwinkel.de\/blog\/wp-json\/wp\/v2\/categories?post=11677"},{"taxonomy":"post_tag","embeddable":true,"href":"https:\/\/www.backwinkel.de\/blog\/wp-json\/wp\/v2\/tags?post=11677"}],"curies":[{"name":"wp","href":"https:\/\/api.w.org\/{rel}","templated":true}]}}