{"id":11580,"date":"2023-06-06T17:03:42","date_gmt":"2023-06-06T15:03:42","guid":{"rendered":"https:\/\/www.backwinkel.de\/blog\/?p=11580"},"modified":"2026-04-24T10:18:28","modified_gmt":"2026-04-24T08:18:28","slug":"ausfluege-kita","status":"publish","type":"post","link":"https:\/\/www.backwinkel.de\/blog\/ausfluege-kita\/","title":{"rendered":"Ausfl\u00fcge mit Kita-Kindern"},"content":{"rendered":"\n<style type=\"text\/css\" data-created_by=\"avia_inline_auto\" id=\"style-css-av-1o9i20c-585c90b249b7391778c0ca595b8a52c2\">\n.flex_column.av-1o9i20c-585c90b249b7391778c0ca595b8a52c2{\nborder-radius:0px 0px 0px 0px;\npadding:0px 0px 0px 0px;\n}\n<\/style>\n<div  class='flex_column av-1o9i20c-585c90b249b7391778c0ca595b8a52c2 av_one_full  avia-builder-el-0  el_before_av_three_fifth  avia-builder-el-first  first flex_column_div av-zero-column-padding  '     ><p>\n<style type=\"text\/css\" data-created_by=\"avia_inline_auto\" id=\"style-css-av-1mbf4e4-1609d55f243e97c311d4e4755c4441f8\">\n#top .hr.hr-invisible.av-1mbf4e4-1609d55f243e97c311d4e4755c4441f8{\nmargin-top:0px;\nheight:1px;\n}\n<\/style>\n<div  class='hr av-1mbf4e4-1609d55f243e97c311d4e4755c4441f8 hr-invisible  avia-builder-el-1  el_before_av_heading  avia-builder-el-first '><span class='hr-inner '><span class=\"hr-inner-style\"><\/span><\/span><\/div><br \/>\n\n<style type=\"text\/css\" data-created_by=\"avia_inline_auto\" id=\"style-css-av-l7efmkmv-69c7b868c51de4792b58a47cb155e820\">\n#top .av-special-heading.av-l7efmkmv-69c7b868c51de4792b58a47cb155e820{\npadding-bottom:10px;\n}\nbody .av-special-heading.av-l7efmkmv-69c7b868c51de4792b58a47cb155e820 .av-special-heading-tag .heading-char{\nfont-size:25px;\n}\n.av-special-heading.av-l7efmkmv-69c7b868c51de4792b58a47cb155e820 .av-subheading{\nfont-size:15px;\n}\n<\/style>\n<div  class='av-special-heading av-l7efmkmv-69c7b868c51de4792b58a47cb155e820 av-special-heading-h1 blockquote modern-quote  avia-builder-el-2  el_after_av_hr  el_before_av_post_metadata  av-linked-heading'><h1 class='av-special-heading-tag '  >Ausfl\u00fcge mit Kita-Kindern: So gestalten Sie Naturtage rechtssicher<\/h1><div class='av-subheading av-subheading_below'><p class=\"autorenname\">Christine Hagemann<\/p>\n<\/div><div class=\"special-heading-border\"><div class=\"special-heading-inner-border\"><\/div><\/div><\/div><br \/>\n\n<style type=\"text\/css\" data-created_by=\"avia_inline_auto\" id=\"style-css-av-1maisv0-080505d220900afccba852d513009563\">\n#top .av-post-metadata-container.av-1maisv0-080505d220900afccba852d513009563{\nfont-size:12px;\n}\n#top .av-post-metadata-container.av-1maisv0-080505d220900afccba852d513009563 .av-post-metadata-container-inner{\nfont-size:12px;\n}\n<\/style>\n<div  class='av-post-metadata-container av-1maisv0-080505d220900afccba852d513009563 av-metadata-container-align-left  avia-builder-el-3  el_after_av_heading  el_before_av_textblock  av-metadata-container-1'><div class='av-post-metadata-container-inner'><span class=\"av-post-metadata-content av-post-metadata-meta-content\"><span class=\"av-post-metadata-content av-post-metadata-modified\"><span class=\"av-metadata-before av-metadata-before-modified\">Aktualisiert:<\/span><span class=\"av-post-metadata-modified-date\" >24. April 2026<\/span><\/span><span class=\"av-post-metadata-content av-post-metadata-separator\">\/<\/span><span class=\"av-post-metadata-content av-post-metadata-modified\"><span class=\"av-metadata-before av-metadata-before-modified\">Zuletzt aktualisiert:<\/span><span class=\"av-post-metadata-modified-date\" >24. April 2026<\/span><\/span><\/span><\/div><\/div><br \/>\n\n<style type=\"text\/css\" data-created_by=\"avia_inline_auto\" id=\"style-css-av-1l3ru18-35ff8c02bfbaf158e187220e3571c7be\">\n#top .av_textblock_section.av-1l3ru18-35ff8c02bfbaf158e187220e3571c7be .avia_textblock{\nfont-size:20px;\n}\n<\/style>\n<section  class='av_textblock_section av-1l3ru18-35ff8c02bfbaf158e187220e3571c7be '  ><div class='avia_textblock' ><p>Die Sonne lacht, das warme Wetter lockt nach drau\u00dfen. Wer h\u00e4tte da nicht Lust auf einen Ausflug? Damit der gemeinsame Waldtag rechtssicher gelingt, kommt es auf die richtige Planung an.<\/p>\n<p>Im Sommer geht es raus in den Sandkasten. Und wenn es hei\u00df wird, gerne auch ins Planschbecken. Oder lieber auf den schattigen Spielplatz im Wald? F\u00fcr die Kinder ist so ein Ausflug eine herrliche Abwechslung. Doch in der Kita k\u00f6nnen Sie mit Ihren Sch\u00fctzlingen nicht einfach loslaufen. Denn Sie m\u00fcssen daf\u00fcr sorgen, dass die Unternehmung sicher durchgef\u00fchrt wird.<\/p>\n<\/div><\/section><br \/>\n\n<style type=\"text\/css\" data-created_by=\"avia_inline_auto\" id=\"style-css-av-1jqb53g-310e9e68c8480a46a7e6e4672bec5ce6\">\n.avia-image-container.av-1jqb53g-310e9e68c8480a46a7e6e4672bec5ce6 img.avia_image{\nbox-shadow:none;\n}\n.avia-image-container.av-1jqb53g-310e9e68c8480a46a7e6e4672bec5ce6 .av-image-caption-overlay-center{\ncolor:#ffffff;\n}\n<\/style>\n<div  class='avia-image-container av-1jqb53g-310e9e68c8480a46a7e6e4672bec5ce6 av-styling- avia-align-center  avia-builder-el-5  el_after_av_textblock  el_before_av_hr '  ><div class=\"avia-image-container-inner\"><div class=\"avia-image-overlay-wrap\"><img decoding=\"async\" fetchpriority=\"high\" class='wp-image-11627 avia-img-lazy-loading-not-11627 avia_image ' src=\"https:\/\/www.backwinkel.de\/blog\/wp-content\/uploads\/2023\/05\/backwinkel-blog-Ausfluege_mit_kita_kindern-heroimage.jpg\" alt='' title='backwinkel-blog-Ausfluege_mit_kita_kindern-heroimage'  height=\"628\" width=\"1200\"  \/><\/div><\/div><\/div><br \/>\n\n<style type=\"text\/css\" data-created_by=\"avia_inline_auto\" id=\"style-css-av-1ihdk2k-490466749631930779e0c398aab49f79\">\n#top .hr.hr-invisible.av-1ihdk2k-490466749631930779e0c398aab49f79{\nheight:5px;\n}\n<\/style>\n<div  class='hr av-1ihdk2k-490466749631930779e0c398aab49f79 hr-invisible  avia-builder-el-6  el_after_av_image  el_before_av_textblock '><span class='hr-inner '><span class=\"hr-inner-style\"><\/span><\/span><\/div><br \/>\n\n<style type=\"text\/css\" data-created_by=\"avia_inline_auto\" id=\"style-css-av-1fib6cs-3d25d3b933bbfa346d8df9005c3c214e\">\n#top .av_textblock_section.av-1fib6cs-3d25d3b933bbfa346d8df9005c3c214e .avia_textblock{\nfont-size:10px;\n}\n<\/style>\n<section  class='av_textblock_section av-1fib6cs-3d25d3b933bbfa346d8df9005c3c214e '  ><div class='avia_textblock' ><p class=\"bildnennung-beitrag\" style=\"text-align: left;\">\u00a9 ADOBE Stock<\/p>\n<\/div><\/section><br \/>\n\n<style type=\"text\/css\" data-created_by=\"avia_inline_auto\" id=\"style-css-av-1ec344s-876a649f5243c9280738f668f0aa8d8e\">\n#top .hr.hr-invisible.av-1ec344s-876a649f5243c9280738f668f0aa8d8e{\nheight:20px;\n}\n<\/style>\n<div  class='hr av-1ec344s-876a649f5243c9280738f668f0aa8d8e hr-invisible  avia-builder-el-8  el_after_av_textblock  el_before_av_textblock '><span class='hr-inner '><span class=\"hr-inner-style\"><\/span><\/span><\/div><br \/>\n\n<style type=\"text\/css\" data-created_by=\"avia_inline_auto\" id=\"style-css-av-1czjn6k-7dbedcbfbffba5ae585714638369d934\">\n#top .av_textblock_section.av-1czjn6k-7dbedcbfbffba5ae585714638369d934 .avia_textblock{\nfont-size:20px;\n}\n<\/style>\n<section  class='av_textblock_section av-1czjn6k-7dbedcbfbffba5ae585714638369d934 '  ><div class='avia_textblock' ><p>Ob Sie mit Ihren Kindern einen Spaziergang ins Gr\u00fcne oder einen ganzen Waldtag planen: Ausfl\u00fcge z\u00e4hlen zu den Highlights im Kindergarten. F\u00fcr Sie als p\u00e4dagogische Fachkraft gibt es allerdings einiges zu bedenken, bevor die Gruppe sich auf den Weg macht. Lesen Sie im Folgenden, wie Sie den <strong>Ausflug rechtssicher gestalten<\/strong>, damit er f\u00fcr alle ein tolles Erlebnis wird.<\/p>\n<\/div><\/section><\/p><\/div>\n<style type=\"text\/css\" data-created_by=\"avia_inline_auto\" id=\"style-css-av-1buht0s-f8ce17d1f3484a85efdf5f8e34e84ab3\">\n.flex_column.av-1buht0s-f8ce17d1f3484a85efdf5f8e34e84ab3{\nborder-radius:0px 0px 0px 0px;\npadding:20px 20px 20px 20px;\nbackground-color:#f2f2f2;\n}\n<\/style>\n<div  class='flex_column av-1buht0s-f8ce17d1f3484a85efdf5f8e34e84ab3 av_three_fifth  avia-builder-el-10  el_after_av_one_full  el_before_av_two_fifth  first flex_column_div  column-top-margin'     ><style type=\"text\/css\" data-created_by=\"avia_inline_auto\" id=\"style-css-av-18u84nw-c23769b7197ef8c52c74b2b6205379af\">\n#top .av_textblock_section.av-18u84nw-c23769b7197ef8c52c74b2b6205379af .avia_textblock{\nfont-size:14px;\n}\n<\/style>\n<section  class='av_textblock_section av-18u84nw-c23769b7197ef8c52c74b2b6205379af '  ><div class='avia_textblock' ><p><strong>Inhalt<\/strong><br \/>\n<strong><a href=\"#1\">1. Welche p\u00e4dagogischen Ziele haben Ausfl\u00fcge in der Kita?<\/a><br \/>\n<\/strong>1.1. Kita-Ausfl\u00fcge stellen besondere Anforderungen an die Aufsichtspflicht<br \/>\n1.2. Was hei\u00dft Organisationsverantwortung?<\/p>\n<p><strong><a href=\"#2\">2. Darauf sollten Sie bei der Planung eines Kita-Ausflugs achten<\/a><br \/>\n<\/strong>2.1. Weg &amp; Ziel des Ausflugs pr\u00fcfen<br \/>\n2.2. Begleitpersonen engagieren<br \/>\n2.3. F\u00e4higkeiten der Kinder einsch\u00e4tzen<br \/>\n2.4. Ausr\u00fcstung organisieren<br \/>\n2.5. Eltern beteiligen<\/p>\n<p><strong><a href=\"#3\">3. Was tun, wenn ein Unfall passiert? <\/a><br \/>\n<\/strong>3.1. Wer haftet im Schadensfall?<br \/>\n3.2. Welche Versicherung ist sinnvoll?<br \/>\n3.3. Was regelt die gesetzliche Unfallversicherung?<strong><br \/>\n<\/strong><\/p>\n<p><strong><a href=\"#4\">4. D\u00fcrfen wir beim Kita-Ausflug Fotos machen?<\/a><\/strong><\/p>\n<p><strong><a href=\"#5\">5. Fazit<\/a><\/strong><\/p>\n<\/div><\/section><\/div><\/p>\n\n<style type=\"text\/css\" data-created_by=\"avia_inline_auto\" id=\"style-css-av-179bqdo-cb7f1c2bcdaac94125f51a0fc4936596\">\n.flex_column.av-179bqdo-cb7f1c2bcdaac94125f51a0fc4936596{\nborder-radius:0px 0px 0px 0px;\npadding:0 0 0 0;\n}\n<\/style>\n<div  class='flex_column av-179bqdo-cb7f1c2bcdaac94125f51a0fc4936596 av_two_fifth  avia-builder-el-12  el_after_av_three_fifth  el_before_av_sidebar  flex_column_div av-zero-column-padding  column-top-margin'     ><\/div>\n<div  class='avia-builder-widget-area clearfix  avia-builder-el-13  el_after_av_two_fifth  el_before_av_one_full '><div id=\"text-33\" class=\"widget clearfix widget_text\">\t\t\t<div class=\"textwidget\"><p><a href=\"https:\/\/www.backwinkel.de\/nachhaltig-denken\/\" target=\"\\_blank\" rel=\"noopener\"><br \/>\n<img decoding=\"async\" class=\"werbung-desktop alignnone wp-image-4186 size-full\" src=\"https:\/\/www.backwinkel.de\/blog\/wp-content\/uploads\/2026\/04\/Backwinkel-blog-werbebanner-shop-kita-schule_desktop.jpg\" alt=\"\" width=\"1251\" height=\"201\" \/><br \/>\n<\/a><br \/>\n<a href=\"https:\/\/www.backwinkel.de\/nachhaltig-denken\/\" target=\"\\_blank\" rel=\"noopener\"><br \/>\n<img decoding=\"async\" class=\"werbung-mobile alignnone wp-image-4187 size-full\" src=\"https:\/\/www.backwinkel.de\/blog\/wp-content\/uploads\/2026\/04\/Backwinkel-blog-werbebanner-shop-kiga-schule_mobile.jpg\" alt=\"\" width=\"550\" height=\"500\" \/><br \/>\n<\/a><\/p>\n<\/div>\n\t\t<\/div><\/div>\n\n<style type=\"text\/css\" data-created_by=\"avia_inline_auto\" id=\"style-css-av-4482e4-638c615ad0f31126baef29eeb1a51433\">\n.flex_column.av-4482e4-638c615ad0f31126baef29eeb1a51433{\nborder-radius:0px 0px 0px 0px;\npadding:0px 0px 0px 0px;\n}\n<\/style>\n<div  class='flex_column av-4482e4-638c615ad0f31126baef29eeb1a51433 av_one_full  avia-builder-el-14  el_after_av_sidebar  el_before_av_one_full  first flex_column_div av-zero-column-padding  '     ><section  class='av_textblock_section av-129m1fg-b72a93bde8aadaf020ee7e3d669f715c '  ><div class='avia_textblock' >\n<style type=\"text\/css\" data-created_by=\"avia_inline_auto\" id=\"style-css-av-vsv1ws-55b1f8105db867582b8b8f993762d668\">\n#top .hr.hr-invisible.av-vsv1ws-55b1f8105db867582b8b8f993762d668{\nheight:20px;\n}\n<\/style>\n<div  class='hr av-vsv1ws-55b1f8105db867582b8b8f993762d668 hr-invisible  avia-builder-el-16  avia-builder-el-no-sibling '><span class='hr-inner '><span class=\"hr-inner-style\"><\/span><\/span><\/div>\n<h2 id=\"1\" class=\"position\"><strong>Welche p\u00e4dagogischen Ziele haben Ausfl\u00fcge in der Kita? <\/strong><\/h2>\n<p>Ein Tag im Wald, auf dem Bauernhof oder im Kletterpark \u2013 die meisten Kinder lieben Ausfl\u00fcge und auch die Eltern freuen sich \u00fcber solche Angebote. Sie bringen eine Abwechslung im t\u00e4glichen Ablauf des Kita-Alltags. Der zus\u00e4tzliche Aufwand ist absolut sinnvoll, denn <strong>Ausfl\u00fcge tragen dazu bei, den F\u00f6rderauftrag der Kita zu erf\u00fcllen<\/strong>.<\/p>\n<p>Die p\u00e4dagogische Zielsetzung ergibt sich aus den Grunds\u00e4tzen der F\u00f6rderung, wie sie in \u00a722 Sozialgesetzbuch VIII genannt sind. Demnach soll die Kita die soziale, emotionale, k\u00f6rperliche und geistige Entwicklung des Kindes f\u00f6rdern, damit es zu einer <strong>selbstbestimmten, eigenverantwortlichen und gemeinschaftsf\u00e4higen Pers\u00f6nlichkeit<\/strong> heranw\u00e4chst. Im Mittelpunkt stehen daher die Interessen, Bed\u00fcrfnisse und Rechte des Kindes.<\/p>\n<p><strong>Kita-Ausfl\u00fcge stellen besondere Anforderungen an die Aufsichtspflicht<\/strong><\/p>\n<p>P\u00e4dagogische Fachkr\u00e4fte sollten sich immer wieder bewusst machen, dass sich ihre Aufgaben letztlich von den eigentlichen Erziehungsberechtigten, den Eltern, ableiten. Die Kita muss die von den Eltern bestimmte <strong>Grundrichtung der Erziehung<\/strong> beachten. Hierbei gilt es, die jeweiligen sozialen und kulturellen Eigenarten der Familien zu ber\u00fccksichtigen.<\/p>\n<p>Durch den Kita-Vertrag haben die Eltern ihre <strong>Rechte und Pflichten der elterlichen Sorge<\/strong> auf die Fachkr\u00e4fte \u00fcbertragen. In dieser Zeit ist die Fachkraft zust\u00e4ndig f\u00fcr die Pflege und Erziehung des Kindes. Zum Sorgerecht geh\u00f6rt eben auch die Pflicht, das Kind zu beaufsichtigen. In dieser Hinsicht stellen Ausfl\u00fcge besondere Anforderungen an die p\u00e4dagogischen Fachkr\u00e4fte. Die betreuende Person erf\u00fcllt ihre Aufsichtspflicht, wenn sich ihr Verhalten<strong> am Kindeswohl orientiert<\/strong>.<\/p>\n<p><strong>\u00a0<\/strong><\/p>\n<p><strong>Was hei\u00dft Organisationsverantwortung?<\/strong><\/p>\n<p>W\u00e4hrend der Betreuungszeit in der Kita beaufsichtigen p\u00e4dagogische Fachkr\u00e4fte\u00a0 die Kinder.\u00a0 Die <strong>Verantwortung f\u00fcr die Sicherheitsorganisation<\/strong> tr\u00e4gt die Kita-Leitung. Sie stellt klare Regeln auf und sorgt f\u00fcr die Auswahl von qualifiziertem Personal. Diese sogenannte Organisationsverantwortung ist in \u00a721 Sozialgesetzbuch VII verankert. Ihr Sinn ist es, Sicherheit und Gesundheit zu gew\u00e4hrleisten.<\/p>\n<p>Im Kita-Alltag spielen die Aspekte <strong>Sicherheit und Gesundheitsschutz<\/strong> eine wichtige Rolle, nicht nur in den Innenr\u00e4umen und im Au\u00dfenbereich. Gerade bei Ausfl\u00fcgen ist besondere Aufmerksamkeit gefordert. Denn sobald Sie mit den Kindern das gesch\u00fctzte Kita-Gel\u00e4nde verlassen, k\u00f6nnen Gefahren auftauchen.\u00a0 Damit Sie darauf vorbereitet sind, ist eine gute Planung unerl\u00e4sslich.<\/p>\n<\/div><\/section><\/div>\n\n<style type=\"text\/css\" data-created_by=\"avia_inline_auto\" id=\"style-css-av-4ndo3tf-ea0365222e6257eb75a1ee088cbb7c7b\">\n.flex_column.av-4ndo3tf-ea0365222e6257eb75a1ee088cbb7c7b{\nborder-radius:0px 0px 0px 0px;\npadding:0px 0px 0px 0px;\n}\n<\/style>\n<div  class='flex_column av-4ndo3tf-ea0365222e6257eb75a1ee088cbb7c7b av_one_full  avia-builder-el-17  el_after_av_one_full  el_before_av_one_full  first flex_column_div av-zero-column-padding  column-top-margin'     ><section  class='av_textblock_section av-lgdmn4ul-d137d96759b3dcb6276fb52a310cc784 '  ><div class='avia_textblock' >\n<style type=\"text\/css\" data-created_by=\"avia_inline_auto\" id=\"style-css-av-4bi90mr-0549eb878845c890e8cccbc6a7ea864d\">\n#top .hr.hr-invisible.av-4bi90mr-0549eb878845c890e8cccbc6a7ea864d{\nheight:20px;\n}\n<\/style>\n<div  class='hr av-4bi90mr-0549eb878845c890e8cccbc6a7ea864d hr-invisible  avia-builder-el-19  avia-builder-el-no-sibling '><span class='hr-inner '><span class=\"hr-inner-style\"><\/span><\/span><\/div>\n<h2 id=\"2\" class=\"position\"><strong>Darauf sollten Sie bei der Planung eines Kita-Ausflugs achten<\/strong><\/h2>\n<p>Nehmen Sie sich Zeit, den anstehenden Tag sorgf\u00e4ltig vorzubereiten. Dazu geh\u00f6rt auch, dass Sie im Team <strong>m\u00f6gliche Problemfelder offen ansprechen<\/strong>. So l\u00e4sst sich vieles schon im Vorfeld kl\u00e4ren. An diesem Vorgespr\u00e4ch sollten alle Mitarbeiter teilnehmen, die den Ausflug begleiten. Damit Sie nichts \u00fcbersehen, notieren Sie Ihre Fragen zu den wichtigsten Punkten.<\/p>\n<p><strong>5 Punkte, die Sie bei der Planung des Ausflugs unbedingt ber\u00fccksichtigen sollten: \u00a0<\/strong><\/p>\n<p><strong>1. Weg &amp; Ziel des Ausflugs pr\u00fcfen<\/strong><\/p>\n<p>Wie weit liegt das Ausflugsziel entfernt? Ist es gut zu Fu\u00df zu erreichen? Bedenken Sie, dass schon der Weg schwierig werden kann, gerade bei einer gro\u00dfen Altersspanne innerhalb der Kindergruppe. Au\u00dferdem sind viele Kinder nicht gewohnt, l\u00e4ngere Strecken zu Fu\u00df zu gehen. Die L\u00e4nge einer Wanderung sollte sich immer nach den F\u00e4higkeiten aller Kinder richten.<\/p>\n<\/div><\/section><\/div>\n\n<style type=\"text\/css\" data-created_by=\"avia_inline_auto\" id=\"style-css-av-5wxoqs3-1dc70fc9904527c9cc415fe07124d6a9\">\n.flex_column.av-5wxoqs3-1dc70fc9904527c9cc415fe07124d6a9{\nborder-radius:0px 0px 0px 0px;\npadding:0px 0px 0px 0px;\n}\n<\/style>\n<div  class='flex_column av-5wxoqs3-1dc70fc9904527c9cc415fe07124d6a9 av_one_full  avia-builder-el-20  el_after_av_one_full  el_before_av_one_full  first flex_column_div av-zero-column-padding  column-top-margin'     ><section  class='av_textblock_section av-lgdmmhxg-57f85f9fbafbc1ffecdbcc3545d8ca8e '  ><div class='avia_textblock infoboxGreen' ><p><strong>Tipp:<\/strong> Kurz vor dem Ausflug sollten Sie das Ausflugsziel und den geplanten Weg noch einmal pers\u00f6nlich besichtigen. So vermeiden Sie frustrierenden \u00dcberraschungen, zum Beispiel weil ein Wanderweg wegen Windbruchs gesperrt oder der Spielplatz geschlossen ist.<\/p>\n<\/div><\/section><\/div>\n\n<style type=\"text\/css\" data-created_by=\"avia_inline_auto\" id=\"style-css-av-3qpzfjn-70b0af58a402379613f3eb28468559ee\">\n.flex_column.av-3qpzfjn-70b0af58a402379613f3eb28468559ee{\nborder-radius:0px 0px 0px 0px;\npadding:0px 0px 0px 0px;\n}\n<\/style>\n<div  class='flex_column av-3qpzfjn-70b0af58a402379613f3eb28468559ee av_one_full  avia-builder-el-22  el_after_av_one_full  el_before_av_one_full  first flex_column_div av-zero-column-padding  column-top-margin'     ><section  class='av_textblock_section av-lgdmo4o9-673f09a5811721e5135a1bf1821f249a '  ><div class='avia_textblock' >\n<style type=\"text\/css\" data-created_by=\"avia_inline_auto\" id=\"style-css-av-3nzbwlv-8ddfe04a5aaa5c9d00debf4997b16537\">\n#top .hr.hr-invisible.av-3nzbwlv-8ddfe04a5aaa5c9d00debf4997b16537{\nheight:20px;\n}\n<\/style>\n<div  class='hr av-3nzbwlv-8ddfe04a5aaa5c9d00debf4997b16537 hr-invisible  avia-builder-el-24  avia-builder-el-no-sibling '><span class='hr-inner '><span class=\"hr-inner-style\"><\/span><\/span><\/div>\n<ol start=\"2\">\n<li><strong> Begleitpersonen engagieren<\/strong><\/li>\n<\/ol>\n<p>In der Kita regelt ein bestimmter <strong>Betreuungsschl\u00fcssel<\/strong> die Anzahl an Fachkr\u00e4ften pro Kindergruppe. Dieser Personalschl\u00fcssel besagt, wie viele Kinder Sie als Erzieherin betreuen. Hierbei gilt jedoch zu bedenken, dass der statistische Wert sich auf den gesch\u00fctzten Raum der Kita bezieht. Sobald Sie das Kita-Gel\u00e4nde verlassen, m\u00fcssen Sie neu \u00fcberlegen: Wie viel Personal ist erforderlich, um die Kinder zu beaufsichtigen und ihre Sicherheit zu gew\u00e4hrleisten?<\/p>\n<p>Bei der Ermittlung des Personals sollten Sie folgende Aspekte beachten:<\/p>\n<ul>\n<li>Anzahl der Kinder<\/li>\n<li>Alter der Kinder sowie Altersspanne innerhalb der Gruppe<\/li>\n<li>Kinder mit speziellen Bed\u00fcrfnissen oder Auff\u00e4lligkeiten<\/li>\n<li>m\u00f6gliche Gefahren auf der Wegstrecke<\/li>\n<li>Aktivit\u00e4ten unterwegs und am Ausflugziel<\/li>\n<\/ul>\n<\/div><\/section><\/div>\n\n<style type=\"text\/css\" data-created_by=\"avia_inline_auto\" id=\"style-css-av-bkgyl8-898f6cba96ed55feeccd337b35b1ce85\">\n.flex_column.av-bkgyl8-898f6cba96ed55feeccd337b35b1ce85{\nborder-radius:0px 0px 0px 0px;\npadding:0px 0px 0px 0px;\n}\n<\/style>\n<div  class='flex_column av-bkgyl8-898f6cba96ed55feeccd337b35b1ce85 av_one_full  avia-builder-el-25  el_after_av_one_full  el_before_av_one_full  first flex_column_div av-zero-column-padding  column-top-margin'     ><section  class='av_textblock_section av-lilt6kgs-b13a9e0091cd44b2a7b315a02900d4d1 '  ><div class='avia_textblock infoboxGreen' ><p><strong>Tipp:<\/strong> Kl\u00e4ren Sie im Team, welche Aktivit\u00e4ten w\u00e4hrend des Ausflugs verboten sind, damit die Begleitpersonen den Kindern gegebenenfalls klare Grenzen vermitteln k\u00f6nnen. Beispielsweise ist das Klettern auf gestapelten Holzst\u00e4mmen ebenso verboten wie das Essen von Beeren am Wegrand, um die Sicherheit und Gesundheit der Kinder nicht zu gef\u00e4hrden.<\/p>\n<\/div><\/section><\/div>\n\n<style type=\"text\/css\" data-created_by=\"avia_inline_auto\" id=\"style-css-av-2m339fg-364a0546b31c537765590e2d56cd65aa\">\n.flex_column.av-2m339fg-364a0546b31c537765590e2d56cd65aa{\nborder-radius:0px 0px 0px 0px;\npadding:0px 0px 0px 0px;\n}\n<\/style>\n<div  class='flex_column av-2m339fg-364a0546b31c537765590e2d56cd65aa av_one_full  avia-builder-el-27  el_after_av_one_full  el_before_av_one_full  first flex_column_div av-zero-column-padding  column-top-margin'     ><section  class='av_textblock_section av-lilt8gek-9d25b0e1d13ce7ea9db6683deeb2f224 '  ><div class='avia_textblock' ><p><strong>3. F\u00e4higkeiten der Kinder einsch\u00e4tzen<\/strong><\/p>\n<p>Auch wenn die Begeisterung der Kinder anfangs riesig ist: Der Erfolg eines Ausflugs h\u00e4ngt auch davon ab, dass Sie die Belastungsf\u00e4higkeit und Ausdauer Ihrer Kleinen nicht \u00fcbersch\u00e4tzen. Jedes teilnehmende Kind muss den k\u00f6rperlichen Anforderungen gewachsen sein. Dabei sollte es aber durchaus neue Herausforderungen geben, damit niemand sich langweilt.<\/p>\n<\/div><\/section><\/div>\n\n<style type=\"text\/css\" data-created_by=\"avia_inline_auto\" id=\"style-css-av-1xis4m4-652ae6f5e2c50d68f658c094f86671f9\">\n.flex_column.av-1xis4m4-652ae6f5e2c50d68f658c094f86671f9{\nborder-radius:0px 0px 0px 0px;\npadding:0px 0px 0px 0px;\n}\n<\/style>\n<div  class='flex_column av-1xis4m4-652ae6f5e2c50d68f658c094f86671f9 av_one_full  avia-builder-el-29  el_after_av_one_full  el_before_av_one_full  first flex_column_div av-zero-column-padding  column-top-margin'     ><section  class='av_textblock_section av-lilt953j-fb9b979c2b5b689f04a82036683927e6 '  ><div class='avia_textblock infoboxGreen' ><p><strong>Tipp:<\/strong> Entscheiden Sie im Team, ob es vielleicht sinnvoller w\u00e4re, dass U3-Kinder oder Windeltr\u00e4ger in der Kita bleiben. Besprechen Sie auch Einzelf\u00e4lle im Team. Zum Beispiel kann ein Kind mit Verhaltensauff\u00e4lligkeiten von seinen Eltern oder einer Aufsichtsperson begleitet werden.<\/p>\n<\/div><\/section><\/div>\n\n<style type=\"text\/css\" data-created_by=\"avia_inline_auto\" id=\"style-css-av-1lvmyqk-e891ef156e9e93768182ad1f580650db\">\n.flex_column.av-1lvmyqk-e891ef156e9e93768182ad1f580650db{\nborder-radius:0px 0px 0px 0px;\npadding:0px 0px 0px 0px;\n}\n<\/style>\n<div  class='flex_column av-1lvmyqk-e891ef156e9e93768182ad1f580650db av_one_full  avia-builder-el-31  el_after_av_one_full  el_before_av_one_full  first flex_column_div av-zero-column-padding  column-top-margin'     ><section  class='av_textblock_section av-liltdlpi-f8a2bdc287d714a9df7fc1599df1264b '  ><div class='avia_textblock' ><p><strong>4. Ausr\u00fcstung organisieren<\/strong><\/p>\n<p>\u00dcberlegen Sie, was Sie alles f\u00fcr den Ausflug ben\u00f6tigen, und stellen Sie eine Liste der Gegenst\u00e4nde zusammen. Die Zusammensetzung der Ausr\u00fcstung ist variabel und orientiert sich in erster Linie an den teilnehmenden Kindern. Auf jeden Fall unerl\u00e4sslich bei jeder Tour ist ein Erste-Hilfe-Set.<\/p>\n<\/div><\/section><\/div>\n\n<style type=\"text\/css\" data-created_by=\"avia_inline_auto\" id=\"style-css-av-10wgr18-bcaeea125d2c87bca3846f274654cc65\">\n.flex_column.av-10wgr18-bcaeea125d2c87bca3846f274654cc65{\nborder-radius:0px 0px 0px 0px;\npadding:0px 0px 0px 0px;\n}\n<\/style>\n<div  class='flex_column av-10wgr18-bcaeea125d2c87bca3846f274654cc65 av_one_full  avia-builder-el-33  el_after_av_one_full  el_before_av_one_full  first flex_column_div av-zero-column-padding  column-top-margin'     ><section  class='av_textblock_section av-lilte61z-cae69188082266b408066703587e0213 '  ><div class='avia_textblock infoboxGreen' ><p><strong>Tipp:<\/strong> Vergessen Sie vor dem Ausflug nicht, Ihr Handy aufzuladen. Ein schnelles Telefonat\u00a0 kann im Notfall entscheidend sein. Deshalb sollten Sie schon vorher pr\u00fcfen, ob Sie unterwegs und am Zielort ein gutes Mobilfunknetz haben.<\/p>\n<\/div><\/section><\/div>\n\n<style type=\"text\/css\" data-created_by=\"avia_inline_auto\" id=\"style-css-av-u5dgqk-af234a9b85128b32fe6b3394d8913c2f\">\n.flex_column.av-u5dgqk-af234a9b85128b32fe6b3394d8913c2f{\nborder-radius:0px 0px 0px 0px;\npadding:0px 0px 0px 0px;\n}\n<\/style>\n<div  class='flex_column av-u5dgqk-af234a9b85128b32fe6b3394d8913c2f av_one_full  avia-builder-el-35  el_after_av_one_full  el_before_av_one_full  first flex_column_div av-zero-column-padding  column-top-margin'     ><section  class='av_textblock_section av-liltekwz-b7a69d266ffafbb9940b0d430980878e '  ><div class='avia_textblock' ><p><strong>5. Eltern beteiligen<\/strong><\/p>\n<p>Informieren Sie die Eltern rechtzeitig \u00fcber den Ausflug. \u00a0Dazu geh\u00f6rt auch eine Liste von Dingen, die jedes Kind an diesem Tag mitbringen sollte. <strong>Wichtig sind Hinweise zur Kleidung<\/strong>, wie etwa festes und bequemes Schuhwerk, regentaugliche Jacken oder Gummistiefel. Bei besonders betreuungsintensiven Ausfl\u00fcgen sollten Sie die Eltern um aktive Mithilfe bitten.<\/p>\n<p>Manche Kitas veranstalten <strong>einmal im Jahr einen gro\u00dfen Ausflug<\/strong>, zum Beispiel einen gemeinsamen Besuch im Tierpark, wobei sie die Eltern von vornherein einplanen. Dies l\u00e4sst sich aber nicht immer problemlos organisieren. Gerade berufst\u00e4tige Eltern k\u00f6nnen ihre Kinder in der Regel nicht so einfach begleiten. Meist m\u00fcssen einzelne Kinder dann stattdessen in eine andere Gruppe gehen.<\/p>\n<\/div><\/section><\/div>\n\n<style type=\"text\/css\" data-created_by=\"avia_inline_auto\" id=\"style-css-av-5r6z1x8-56c4bb61f44c2a54ecfb3aec9d8780bb\">\n.flex_column.av-5r6z1x8-56c4bb61f44c2a54ecfb3aec9d8780bb{\nborder-radius:0px 0px 0px 0px;\npadding:0px 0px 0px 0px;\n}\n<\/style>\n<div  class='flex_column av-5r6z1x8-56c4bb61f44c2a54ecfb3aec9d8780bb av_one_full  avia-builder-el-37  el_after_av_one_full  el_before_av_one_full  first flex_column_div av-zero-column-padding  column-top-margin'     ><section  class='av_textblock_section av-likac6rh-c89914b1c909d8b8aef88fa39d5406d5 '  ><div class='avia_textblock infoboxGreen' ><p><strong>Tipp:<\/strong> In Absprache mit den Eltern finden sich L\u00f6sungen, damit einzelne Kinder auch ohne Elternbegleitung mitmachen k\u00f6nnen. H\u00e4ufig sind andere M\u00fctter oder V\u00e4ter gerne bereit, die Aufsicht f\u00fcr mehrere Kinder zu \u00fcbernehmen. Diese Regelung sollten Sie vorher schriftlich festhalten.<\/p>\n<\/div><\/section><\/div>\n\n<style type=\"text\/css\" data-created_by=\"avia_inline_auto\" id=\"style-css-av-58tigu4-95629909cbbb600d1460f85a7385357f\">\n.flex_column.av-58tigu4-95629909cbbb600d1460f85a7385357f{\nborder-radius:0px 0px 0px 0px;\npadding:0px 0px 0px 0px;\n}\n<\/style>\n<div  class='flex_column av-58tigu4-95629909cbbb600d1460f85a7385357f av_one_full  avia-builder-el-39  el_after_av_one_full  el_before_av_one_full  first flex_column_div av-zero-column-padding  column-top-margin'     ><section  class='av_textblock_section av-likadwp3-091b55220755a03ad140da75f6987697 '  ><div class='avia_textblock' >\n<style type=\"text\/css\" data-created_by=\"avia_inline_auto\" id=\"style-css-av-5039vr0-fc931b1a710d3266d70408bab2ef42d8\">\n#top .hr.hr-invisible.av-5039vr0-fc931b1a710d3266d70408bab2ef42d8{\nheight:20px;\n}\n<\/style>\n<div  class='hr av-5039vr0-fc931b1a710d3266d70408bab2ef42d8 hr-invisible  avia-builder-el-41  avia-builder-el-no-sibling '><span class='hr-inner '><span class=\"hr-inner-style\"><\/span><\/span><\/div>\n<h2 id=\"3\" class=\"position\"><strong>Was tun, wenn beim Kita-Ausflug ein Unfall passiert<\/strong><\/h2>\n<p>Aufsichtspflicht hei\u00dft nicht, dass ein Kind pausenlos bewacht werden muss. <strong>Kinder brauchen Freir\u00e4ume<\/strong> f\u00fcr ihre pers\u00f6nliche Entwicklung, um sich selbstt\u00e4tig zu erleben und Selbstbewusstsein zu erfahren. Das bedeutet f\u00fcr eine angemessene Aufsichtsf\u00fchrung, dass \u00a0Sie neben der konkreten Situation auch die F\u00e4higkeiten des Kindes und sein Verst\u00e4ndnis f\u00fcr m\u00f6gliche Gefahrenlagen ber\u00fccksichtigen m\u00fcssen.<\/p>\n<p>F\u00fcr das richtige Ma\u00df der Aufsicht sind folgende\u00a0 Faktoren relevant:<\/p>\n<ul>\n<li>Alter und Entwicklungsstand des Kindes<\/li>\n<li>Gesundheitszustand des Kindes<\/li>\n<li>tats\u00e4chliche Gefahrensituation<\/li>\n<li>Zumutbarkeit f\u00fcr die Aufsichtsperson<\/li>\n<li>Vorhersehbarkeit des Schadensfalls<\/li>\n<li>Hinweise und Warnungen im Vorfeld<\/li>\n<\/ul>\n<p>Die <strong>Gesundheitsf\u00fcrsorge<\/strong> f\u00fcr das Kind geh\u00f6rt grunds\u00e4tzlich zum Sorgerechtsbereich der Eltern. Solange das Kind in der Obhut der Kita ist, sind die dortigen Fachkr\u00e4fte verpflichtet, diese Aufgabe zu \u00fcbernehmen. Im Einzelfall m\u00fcssen sie sich auch hier an den Vorgaben der Eltern orientieren.<\/p>\n<p>Bei einem Unfall k\u00f6nnen Erzieherinnen und Erzieher nur Erste Hilfe leisten, sie sind nicht f\u00fcr eine medizinische Behandlung zust\u00e4ndig. Ein Verbandskasten geh\u00f6rt selbstverst\u00e4ndlich zur Ausstattung. Doch manche Kinder reagieren schon auf normale Pflaster allergisch. Dann sind Mullt\u00fccher zur Wundversorgung besser geeignet. Besprechen Sie auch dieses Thema im Vorfeld mit den Eltern.<\/p>\n<p><strong>\u00a0<\/strong><\/p>\n<p><strong>Wer haftet im Schadensfall? <\/strong><\/p>\n<p>Wenn die Erziehungsperson ihre <strong>Aufsichtspflicht vernachl\u00e4ssigt<\/strong>, haftet sie f\u00fcr Sch\u00e4den, die m\u00f6glicherweise daraus entstehen. Diese Schadenersatzpflicht ist eine zivilrechtliche Angelegenheit nach \u00a7 832 BGB. Hierbei geht es um Geldzahlungen als Ersatz f\u00fcr besch\u00e4digte Gegenst\u00e4nde, um Arztkosten und Schmerzensgeld. Auch f\u00fcr immateriellen Sch\u00e4den kann finanzieller Ausgleich gefordert werden.<\/p>\n<\/div><\/section><\/div>\n\n<style type=\"text\/css\" data-created_by=\"avia_inline_auto\" id=\"style-css-av-4iah1cs-201fed6858261184762ad340eb377116\">\n.flex_column.av-4iah1cs-201fed6858261184762ad340eb377116{\nborder-radius:0px 0px 0px 0px;\npadding:0px 0px 0px 0px;\n}\n<\/style>\n<div  class='flex_column av-4iah1cs-201fed6858261184762ad340eb377116 av_one_full  avia-builder-el-42  el_after_av_one_full  el_before_av_one_full  first flex_column_div av-zero-column-padding  column-top-margin'     ><section  class='av_textblock_section av-likaeho9-7f4b16c3534af0cc523003ae1a7ad110 '  ><div class='avia_textblock infoboxRed' ><p><strong>Wichtig:<\/strong>\u00a0 Eine Ersatzpflicht tritt nicht ein, wenn die Aufsichtsplicht erf\u00fcllt wurde, wenn der Schaden sowieso entstanden w\u00e4re oder nicht zu verhindern war. In der Regel liegt die Beweispflicht bei den Aufsichtspflichtigen.<\/p>\n<\/div><\/section><\/div>\n\n<style type=\"text\/css\" data-created_by=\"avia_inline_auto\" id=\"style-css-av-1ejy70-c0257c5259ea2337b2241c3b817cde7f\">\n.flex_column.av-1ejy70-c0257c5259ea2337b2241c3b817cde7f{\nborder-radius:0px 0px 0px 0px;\npadding:0px 0px 0px 0px;\n}\n<\/style>\n<div  class='flex_column av-1ejy70-c0257c5259ea2337b2241c3b817cde7f av_one_full  avia-builder-el-44  el_after_av_one_full  el_before_av_one_full  first flex_column_div av-zero-column-padding  column-top-margin'     ><section  class='av_textblock_section av-likaf5bm-2d1e3bf0218a517975f6dcee50338c6e '  ><div class='avia_textblock' >\n<style type=\"text\/css\" data-created_by=\"avia_inline_auto\" id=\"style-css-av-d5e00s-d5405899bb9e11a9b796b8419bb7d0ef\">\n#top .hr.hr-invisible.av-d5e00s-d5405899bb9e11a9b796b8419bb7d0ef{\nheight:20px;\n}\n<\/style>\n<div  class='hr av-d5e00s-d5405899bb9e11a9b796b8419bb7d0ef hr-invisible  avia-builder-el-46  avia-builder-el-no-sibling '><span class='hr-inner '><span class=\"hr-inner-style\"><\/span><\/span><\/div>\n<p>Bei gr\u00f6\u00dferen Kita-Ausfl\u00fcgen sind meist Hilfspersonen beteiligt, seien es Eltern oder Praktikantinnen.\u00a0 Als p\u00e4dagogische Fachkraft sollten Sie <strong>bei der<\/strong> <strong>Auswahl der Begleitpersonen sehr sorgf\u00e4ltig vorgehen<\/strong>, denn im Wesentlichen haften Sie auch f\u00fcr deren Tun.\u00a0 Niemand sollte mit den \u00fcbertragenen Aufgaben \u00fcberfordert sein.<\/p>\n<p><strong>Welche Versicherung ist sinnvoll? <\/strong><\/p>\n<p>Um das Haftungsrisiko abzudecken, haben die Kita-Tr\u00e4ger \u00fcblicherweise eine betriebliche<strong> Haftpflichtversicherung<\/strong>. P\u00e4dagogische Fachkr\u00e4fte k\u00f6nnen eine Berufshaftpflichtversicherung abschlie\u00dfen oder ihre vorhandene Privathaftpflichtversicherung entsprechend ausweiten. Diese wird jedoch nur f\u00fcr Sach- und Personensch\u00e4den Dritter ben\u00f6tigt. F\u00fcr Unfallsch\u00e4den bei den betreuten Kindern wirkt die <strong>gesetzliche Unfallversicherung<\/strong> wie eine Haftpflichtversicherung.<\/p>\n<p>Kita-Kinder sind w\u00e4hrend der Betreuungszeit gesetzlich unfallversichert. Der Versicherungsschutz bezieht sich auf alle Einrichtungen, die eine Betriebserlaubnis nach \u00a7 45 SGB VIII haben, daf\u00fcr ist keine besondere Anmeldung erforderlich. <strong>Alle Kita-Besch\u00e4ftigten sind mitversichert<\/strong>, ebenfalls bei Ausfl\u00fcgen, egal ob Fachkr\u00e4fte oder andere Begleitpersonen.<\/p>\n<p><strong>Was regelt die gesetzliche Unfallversicherung? <\/strong><\/p>\n<p>Auch bei optimaler Vorbereitung lassen sich Unf\u00e4lle nie v\u00f6llig ausschlie\u00dfen. Kinder k\u00f6nnen sich beim Spielen selbst verletzen, ein anderes Kind oder eine Begleitperson kann ebenfalls verletzt werden. <strong>In diesen F\u00e4llen tritt die gesetzliche Unfallversicherung ein.<\/strong> Aufgrund ihrer Geltung ist eine pers\u00f6nliche Haftung der Person, die den Unfall versursacht hat, ausgeschlossen. Auch eine zus\u00e4tzliche Klage auf Schmerzensgeld ist unzul\u00e4ssig.<\/p>\n<p>Wenn es trotz sorgf\u00e4ltiger Aufsicht zu einem Unfall kommt, f\u00fchrt dies in der Regel nicht zu strafrechtlichen Konsequenzen. Auch aus rechtlicher Sicht ist eine l\u00fcckenlose \u00dcberwachung nicht gefordert. Mit Ausnahme davon, dass die Kinder sich in au\u00dfergew\u00f6hnlich gef\u00e4hrlichen Situationen bewegen, wie zum Beispiel im Stra\u00dfenverkehr oder im Schwimmbad.<\/p>\n<\/div><\/section><\/div>\n\n<style type=\"text\/css\" data-created_by=\"avia_inline_auto\" id=\"style-css-av-359win0-72a485b2a0be9f596b7d2b89aa981e33\">\n.flex_column.av-359win0-72a485b2a0be9f596b7d2b89aa981e33{\nborder-radius:0px 0px 0px 0px;\npadding:0px 0px 0px 0px;\n}\n<\/style>\n<div  class='flex_column av-359win0-72a485b2a0be9f596b7d2b89aa981e33 av_one_full  avia-builder-el-47  el_after_av_one_full  el_before_av_one_full  first flex_column_div av-zero-column-padding  column-top-margin'     ><section  class='av_textblock_section av-likahz5y-24304a0c727542c15bd531daed5dab1e '  ><div class='avia_textblock' ><h2 id=\"4\" class=\"position\"><strong>D\u00fcrfen wir beim Kita-Ausflug Fotos machen?<\/strong><\/h2>\n<p>Alle Beteiligten, Erzieherinnen, Eltern und nat\u00fcrlich auch die Kinder selbst d\u00fcrfen fotografieren. Viel entscheidender ist die Frage, wer diese Fotos sehen darf. Denn Bilder, auf denen die Person zu erkennen ist, unterliegen den rechtlichen Bestimmungen des Datenschutzes. Nicht nur die Weitergabe, sondern schon die Speicherung der Fotos auf dem Computer ist rechtlich problematisch.<\/p>\n<p>Grunds\u00e4tzlich d\u00fcrfen Fotos, Videos oder Audiodateien <strong>nur mit Einwilligung der abgebildeten Person<\/strong> verbreitet werden, zum Beispiel auf der Kita-Homepage oder in Sozialen Netzwerken. Juristisch gesehen ist bei Kindern unter 7 Jahren die Zustimmung der Sorgeberechtigten erforderlich. F\u00fcr die Kita ist daher auch hier die Absprache mit den Eltern unerl\u00e4sslich.<\/p>\n<\/div><\/section><\/div>\n\n<style type=\"text\/css\" data-created_by=\"avia_inline_auto\" id=\"style-css-av-271asxo-04778ed0d784149b02c92ea59035990e\">\n.flex_column.av-271asxo-04778ed0d784149b02c92ea59035990e{\nborder-radius:0px 0px 0px 0px;\npadding:0px 0px 0px 0px;\n}\n<\/style>\n<div  class='flex_column av-271asxo-04778ed0d784149b02c92ea59035990e av_one_full  avia-builder-el-49  el_after_av_one_full  el_before_av_one_full  first flex_column_div av-zero-column-padding  column-top-margin'     ><section  class='av_textblock_section av-likaihse-43ce3bf894b17ecfdab8129c367e1fc3 '  ><div class='avia_textblock infoboxGreen' >\n<style type=\"text\/css\" data-created_by=\"avia_inline_auto\" id=\"style-css-av-1tjldmk-26bdaeb7a67e5c35f09af466bfea2654\">\n#top .hr.hr-invisible.av-1tjldmk-26bdaeb7a67e5c35f09af466bfea2654{\nheight:20px;\n}\n<\/style>\n<div  class='hr av-1tjldmk-26bdaeb7a67e5c35f09af466bfea2654 hr-invisible  avia-builder-el-51  avia-builder-el-no-sibling '><span class='hr-inner '><span class=\"hr-inner-style\"><\/span><\/span><\/div>\n<p><strong>Tipp:<\/strong> Alle Kinder haben ein Recht auf Beteiligung. Das gilt besonders f\u00fcr die Wahrung ihrer Pers\u00f6nlichkeitsrechte. Wenn Sie Ihre Sch\u00fctzlinge fotografieren oder filmen, fragen Sie sie vorher um Erlaubnis und respektieren Sie die Antworten. Gesichtsaufnahmen lassen sich auch digital verfremden, z. B. durch ein lustiges Emoji vorm Gesicht, das macht Kindern viel Spa\u00df.<\/p>\n<\/div><\/section><\/div>\n\n<style type=\"text\/css\" data-created_by=\"avia_inline_auto\" id=\"style-css-av-11bpg4c-d8a05aa77dcd4f0f7753ec86b972a3a0\">\n.flex_column.av-11bpg4c-d8a05aa77dcd4f0f7753ec86b972a3a0{\nborder-radius:0px 0px 0px 0px;\npadding:0px 0px 0px 0px;\n}\n<\/style>\n<div  class='flex_column av-11bpg4c-d8a05aa77dcd4f0f7753ec86b972a3a0 av_one_full  avia-builder-el-52  el_after_av_one_full  el_before_av_one_third  first flex_column_div av-zero-column-padding  column-top-margin'     ><section  class='av_textblock_section av-likafuzw-e3b51c5e662bc19e0caea04b9e2e0c6f '  ><div class='avia_textblock' >\n<style type=\"text\/css\" data-created_by=\"avia_inline_auto\" id=\"style-css-av-nxt730-762d59549fe3fe994da316fe8aff00f6\">\n#top .hr.hr-invisible.av-nxt730-762d59549fe3fe994da316fe8aff00f6{\nheight:20px;\n}\n<\/style>\n<div  class='hr av-nxt730-762d59549fe3fe994da316fe8aff00f6 hr-invisible  avia-builder-el-54  avia-builder-el-no-sibling '><span class='hr-inner '><span class=\"hr-inner-style\"><\/span><\/span><\/div>\n<h2 id=\"5\" class=\"position\"><strong>Fazit<\/strong><\/h2>\n<p>Ausfl\u00fcge in die Natur stellen h\u00f6here Anforderungen an p\u00e4dagogische Fachkr\u00e4fte als der normale Kita-Alltag. Bei solchen Aktivit\u00e4ten dreht sich alles um die Sicherheit, da sind gute Planung und erh\u00f6hte Aufmerksamkeit gefragt. Falls Sie nicht sicher sind, welche Vorschriften genau einzuhalten sind, wenden Sie sich an die Sicherheitsbeauftragte oder den Sicherheitsbeauftragten Ihrer Einrichtung.<\/p>\n<p>F\u00fcr Kita-Kinder sind Ausfl\u00fcge eine wichtige Erfahrung. Achten Sie darauf, gen\u00fcgend zuverl\u00e4ssige Begleitpersonen mitzunehmen. Gelingt dies nicht, sollten Sie lieber ganz auf die Durchf\u00fchrung verzichten. <strong>Kinder haben ein Recht auf Partizipation<\/strong>, daher m\u00fcssen sie bei der Gestaltung des Ausflugs beteiligt werden, soweit es ihren M\u00f6glichkeiten entspricht.\u00a0 Auch dies ergibt sich unmittelbar aus dem F\u00f6rderungsauftrag der Kita. Wenn alle Akteure verantwortungsvoll handeln, wird der Kita-Ausflug sicher ein voller Erfolg.<\/p>\n<\/div><\/section><\/div>\n<div class='flex_column_table av-76hadzw-6da70b83d9319c3ab55346eee47dc249 sc-av_one_third av-equal-height-column-flextable'>\n<style type=\"text\/css\" data-created_by=\"avia_inline_auto\" id=\"style-css-av-76hadzw-6da70b83d9319c3ab55346eee47dc249\">\n.flex_column.av-76hadzw-6da70b83d9319c3ab55346eee47dc249{\nborder-width:1px;\nborder-color:#ebebeb;\nborder-style:solid;\nborder-radius:0px 0px 0px 0px;\npadding:10px 10px 10px 10px;\n}\n<\/style>\n<div  class='flex_column av-76hadzw-6da70b83d9319c3ab55346eee47dc249 av_one_third  avia-builder-el-55  el_after_av_one_full  el_before_av_one_third  first flex_column_table_cell av-equal-height-column av-align-top  column-top-margin'     ><p><section  class='av_textblock_section av-nmoe2k-460ab511313350537b20305e02d1844c '  ><div class='avia_textblock' ><p><img decoding=\"async\" class=\"alignnone wp-image-11732 \" src=\"https:\/\/blog.backwinkel.de\/wp-content\/uploads\/2023\/06\/41189-erste-hilfe-guertel-holthaus-medical-3-zoom.jpeg\" alt=\"\" width=\"586\" height=\"586\" srcset=\"https:\/\/www.backwinkel.de\/blog\/wp-content\/uploads\/2023\/06\/41189-erste-hilfe-guertel-holthaus-medical-3-zoom.jpeg 2048w, https:\/\/www.backwinkel.de\/blog\/wp-content\/uploads\/2023\/06\/41189-erste-hilfe-guertel-holthaus-medical-3-zoom-1536x1536.jpeg 1536w, https:\/\/www.backwinkel.de\/blog\/wp-content\/uploads\/2023\/06\/41189-erste-hilfe-guertel-holthaus-medical-3-zoom-36x36.jpeg 36w, https:\/\/www.backwinkel.de\/blog\/wp-content\/uploads\/2023\/06\/41189-erste-hilfe-guertel-holthaus-medical-3-zoom-180x180.jpeg 180w\" sizes=\"(max-width: 586px) 100vw, 586px\" \/><\/p>\n<p style=\"font-size: 20px; font-family: urw_grotesk_extra_narrowrg; text-align: left;\">Das Erste-Hilfe-G\u00fcrtel-Set<\/p>\n<p style=\"text-align: left;\"><div  class='avia-button-wrap av-66y8v3w-1edca43e6a37680d5ae084e116f0f69a-wrap avia-button-center  avia-builder-el-57  avia-builder-el-no-sibling '><a href='https:\/\/www.backwinkel.de\/prod\/das-erste-hilfe-guertel-set.html'  class='avia-button av-66y8v3w-1edca43e6a37680d5ae084e116f0f69a av-link-btn avia-icon_select-no avia-size-medium avia-position-center avia-color-theme-color'  target=\"_blank\"  rel=\"noopener noreferrer\"  aria-label=\"zum Produkt\"><span class='avia_iconbox_title' >zum Produkt<\/span><\/a><\/div><\/p>\n<\/div><\/section><br \/>\n\n<style type=\"text\/css\" data-created_by=\"avia_inline_auto\" id=\"style-css-av-5wzewt8-92e16421057a8d77420609fc0d757192\">\n#top .hr.hr-invisible.av-5wzewt8-92e16421057a8d77420609fc0d757192{\nheight:20px;\n}\n<\/style>\n<div  class='hr av-5wzewt8-92e16421057a8d77420609fc0d757192 hr-invisible  avia-builder-el-58  el_after_av_textblock  avia-builder-el-last '><span class='hr-inner '><span class=\"hr-inner-style\"><\/span><\/span><\/div><\/p><\/div>\n<div class='av-flex-placeholder'><\/div>\n<style type=\"text\/css\" data-created_by=\"avia_inline_auto\" id=\"style-css-av-5ffs54s-e30d591f3ecc600881a0aca069f5e502\">\n.flex_column.av-5ffs54s-e30d591f3ecc600881a0aca069f5e502{\nborder-width:1px;\nborder-color:#ebebeb;\nborder-style:solid;\nborder-radius:0px 0px 0px 0px;\npadding:10px 10px 10px 10px;\n}\n<\/style>\n<div  class='flex_column av-5ffs54s-e30d591f3ecc600881a0aca069f5e502 av_one_third  avia-builder-el-59  el_after_av_one_third  el_before_av_one_third  flex_column_table_cell av-equal-height-column av-align-top  column-top-margin'     ><p><section  class='av_textblock_section av-4t13xlo-54f0dc2272524b77f968d8d514c38b28 '  ><div class='avia_textblock' ><p><img decoding=\"async\" class=\"alignnone wp-image-11733 \" src=\"https:\/\/blog.backwinkel.de\/wp-content\/uploads\/2023\/06\/7736-erste-hilfe-tasche-kita-unterwegs_b.jpeg\" alt=\"\" width=\"550\" height=\"550\" srcset=\"https:\/\/www.backwinkel.de\/blog\/wp-content\/uploads\/2023\/06\/7736-erste-hilfe-tasche-kita-unterwegs_b.jpeg 700w, https:\/\/www.backwinkel.de\/blog\/wp-content\/uploads\/2023\/06\/7736-erste-hilfe-tasche-kita-unterwegs_b-36x36.jpeg 36w, https:\/\/www.backwinkel.de\/blog\/wp-content\/uploads\/2023\/06\/7736-erste-hilfe-tasche-kita-unterwegs_b-180x180.jpeg 180w\" sizes=\"(max-width: 550px) 100vw, 550px\" \/><\/p>\n<p style=\"font-size: 20px; font-family: urw_grotesk_extra_narrowrg; text-align: left;\">Erste-Hilfe-Tasche<\/p>\n<p style=\"text-align: left;\"><div  class='avia-button-wrap av-4fcbg70-9b8cfafa3cb8c29cabcd14005eb99524-wrap avia-button-center  avia-builder-el-61  avia-builder-el-no-sibling '><a href='https:\/\/www.backwinkel.de\/prod\/erste-hilfe-tasche.html'  class='avia-button av-4fcbg70-9b8cfafa3cb8c29cabcd14005eb99524 av-link-btn avia-icon_select-no avia-size-medium avia-position-center avia-color-theme-color'  target=\"_blank\"  rel=\"noopener noreferrer\"  aria-label=\"zum Produkt\"><span class='avia_iconbox_title' >zum Produkt<\/span><\/a><\/div><\/p>\n<\/div><\/section><br \/>\n\n<style type=\"text\/css\" data-created_by=\"avia_inline_auto\" id=\"style-css-av-43bs17g-48927aec0315f69a293a735b045a5fbb\">\n#top .hr.hr-invisible.av-43bs17g-48927aec0315f69a293a735b045a5fbb{\nheight:20px;\n}\n<\/style>\n<div  class='hr av-43bs17g-48927aec0315f69a293a735b045a5fbb hr-invisible  avia-builder-el-62  el_after_av_textblock  avia-builder-el-last '><span class='hr-inner '><span class=\"hr-inner-style\"><\/span><\/span><\/div><\/p><\/div>\n<div class='av-flex-placeholder'><\/div>\n<style type=\"text\/css\" data-created_by=\"avia_inline_auto\" id=\"style-css-av-3grv7jw-6d4f2f0d6c510073ad824791a5e8f971\">\n.flex_column.av-3grv7jw-6d4f2f0d6c510073ad824791a5e8f971{\nborder-width:1px;\nborder-color:#ebebeb;\nborder-style:solid;\nborder-radius:0px 0px 0px 0px;\npadding:10px 10px 10px 10px;\n}\n<\/style>\n<div  class='flex_column av-3grv7jw-6d4f2f0d6c510073ad824791a5e8f971 av_one_third  avia-builder-el-63  el_after_av_one_third  el_before_av_one_full  flex_column_table_cell av-equal-height-column av-align-top  column-top-margin'     ><p><section  class='av_textblock_section av-36p1ni4-35ef68d5d372b7942808b6f2d82fcf88 '  ><div class='avia_textblock' ><p><img decoding=\"async\" class=\"alignnone wp-image-11734 \" src=\"https:\/\/blog.backwinkel.de\/wp-content\/uploads\/2023\/06\/12370_kita-erste-hilfe-tasche_b.jpeg\" alt=\"\" width=\"603\" height=\"603\" srcset=\"https:\/\/www.backwinkel.de\/blog\/wp-content\/uploads\/2023\/06\/12370_kita-erste-hilfe-tasche_b.jpeg 700w, https:\/\/www.backwinkel.de\/blog\/wp-content\/uploads\/2023\/06\/12370_kita-erste-hilfe-tasche_b-36x36.jpeg 36w, https:\/\/www.backwinkel.de\/blog\/wp-content\/uploads\/2023\/06\/12370_kita-erste-hilfe-tasche_b-180x180.jpeg 180w\" sizes=\"(max-width: 603px) 100vw, 603px\" \/><\/p>\n<p style=\"font-size: 20px; font-family: urw_grotesk_extra_narrowrg; text-align: left;\">Erste-Hilfe-Tasche SCOUT<\/p>\n<p style=\"text-align: left;\"><div  class='avia-button-wrap av-8t5uvw-0fc6f51b9eb9a9c3061b783069e0c5eb-wrap avia-button-center  avia-builder-el-65  avia-builder-el-no-sibling '><a href='https:\/\/www.backwinkel.de\/prod\/erste-hilfe-tasche-scout.html'  class='avia-button av-8t5uvw-0fc6f51b9eb9a9c3061b783069e0c5eb av-link-btn avia-icon_select-no avia-size-medium avia-position-center avia-color-theme-color'  target=\"_blank\"  rel=\"noopener noreferrer\"  aria-label=\"zum Produkt\"><span class='avia_iconbox_title' >zum Produkt<\/span><\/a><\/div><\/p>\n<\/div><\/section><br \/>\n\n<style type=\"text\/css\" data-created_by=\"avia_inline_auto\" id=\"style-css-av-26so0nw-1bacdfcc259cc0830e957529109312d4\">\n#top .hr.hr-invisible.av-26so0nw-1bacdfcc259cc0830e957529109312d4{\nheight:20px;\n}\n<\/style>\n<div  class='hr av-26so0nw-1bacdfcc259cc0830e957529109312d4 hr-invisible  avia-builder-el-66  el_after_av_textblock  avia-builder-el-last '><span class='hr-inner '><span class=\"hr-inner-style\"><\/span><\/span><\/div><\/p><\/div><\/div><!--close column table wrapper. Autoclose: 1 -->\n\n<style type=\"text\/css\" data-created_by=\"avia_inline_auto\" id=\"style-css-av-1t64zcs-84a81bdcb6f2d4fbe94cd857ba012685\">\n.flex_column.av-1t64zcs-84a81bdcb6f2d4fbe94cd857ba012685{\nborder-radius:0px 0px 0px 0px;\npadding:0px 0px 0px 0px;\n}\n<\/style>\n<div  class='flex_column av-1t64zcs-84a81bdcb6f2d4fbe94cd857ba012685 av_one_full  avia-builder-el-67  el_after_av_one_third  el_before_av_hr  first flex_column_div av-zero-column-padding  column-top-margin'     ><section  class='av_textblock_section av-3icfi4-297e04ddb1bef897653c64252c6bb288 '  ><div class='avia_textblock' >\n<style type=\"text\/css\" data-created_by=\"avia_inline_auto\" id=\"style-css-av-u1za7n-ac6b737580ba84d3721dc8ec76b1881f\">\n#top .hr.hr-invisible.av-u1za7n-ac6b737580ba84d3721dc8ec76b1881f{\nheight:20px;\n}\n<\/style>\n<div  class='hr av-u1za7n-ac6b737580ba84d3721dc8ec76b1881f hr-invisible  avia-builder-el-69  avia-builder-el-no-sibling '><span class='hr-inner '><span class=\"hr-inner-style\"><\/span><\/span><\/div>\n<h3>Auch interessant:<\/h3>\n<p><a href=\"https:\/\/www.backwinkel.de\/blog\/partizipation-in-kindergarten-und-kita\/\" target=\"_blank\" rel=\"noopener\">Partizipation in Kindergarten und Kita: Methoden zur Umsetzung des Kinderrechts auf Beteiligung<\/a><br \/>\n<a href=\"https:\/\/www.backwinkel.de\/blog\/natur-als-entwicklungsraum\/\" target=\"_blank\" rel=\"noopener\">Natur als Entwicklungsraum. Wie kindliches Lernen auch funktioniert<\/a><br \/>\n<a href=\"https:\/\/www.backwinkel.de\/blog\/berufsbild-erzieherin\/\" target=\"_blank\" rel=\"noopener\">Das bisschen Erziehung!? Darum machen Erzieherinnen und Erzieher mehr als blo\u00df einen Job<\/a><br \/>\n<a href=\"https:\/\/www.backwinkel.de\/kindergarten-sicherheit\/\" target=\"_blank\" rel=\"noopener\">Sicherheit &amp; Erste Hilfe<\/a><br \/>\n<a href=\"https:\/\/www.backwinkel.de\/miradent-zahnrettungsbox-sos-zahnbox.html\" target=\"_blank\" rel=\"noopener\">miradent Zahnrettungsbox SOS Zahnbox<\/a><\/p>\n<\/div><\/section><\/div>\n\n<style type=\"text\/css\" data-created_by=\"avia_inline_auto\" id=\"style-css-av-kz7pcc-998c523973ce04bd41c056e7ad17fd36\">\n#top .hr.av-kz7pcc-998c523973ce04bd41c056e7ad17fd36{\nmargin-top:10px;\nmargin-bottom:10px;\n}\n.hr.av-kz7pcc-998c523973ce04bd41c056e7ad17fd36 .hr-inner{\nwidth:500;\n}\n<\/style>\n<div  class='hr av-kz7pcc-998c523973ce04bd41c056e7ad17fd36 hr-custom  avia-builder-el-70  el_after_av_one_full  el_before_av_one_full  hr-left hr-icon-no'><span class='hr-inner inner-border-av-border-none'><span class=\"hr-inner-style\"><\/span><\/span><\/div>\n\n<style type=\"text\/css\" data-created_by=\"avia_inline_auto\" id=\"style-css-av-3tembw-a1c4b21fc3f6f2fd3d0d32482ae74cc6\">\n.flex_column.av-3tembw-a1c4b21fc3f6f2fd3d0d32482ae74cc6{\nborder-radius:0px 0px 0px 0px;\npadding:10px 10px 10px 10px;\nbackground-color:#f2f2f2;\n}\n<\/style>\n<div  class='flex_column av-3tembw-a1c4b21fc3f6f2fd3d0d32482ae74cc6 av_one_full  avia-builder-el-71  el_after_av_hr  el_before_av_one_full  first flex_column_div  '     ><section  class='av_textblock_section av-2hcanw-354275dfda09aacb13c8894d92e606ed '  ><div class='avia_textblock' ><p class=\"fussnoten-quellen\"><strong>Lesestoff:<\/strong><\/p>\n<p><span style=\"font-size: 14pt;\">Hartmut Gerstein: Kleine Rechtskunde f\u00fcr p\u00e4dagogische Fachkr\u00e4fte. Berlin 2014.<\/span><\/p>\n<p><span style=\"font-size: 14pt;\">Simon Hundmeyer: Aufsichtspflicht in Kindertageseinrichtungen. Kronach 2011.<\/span><\/p>\n<p><span style=\"font-size: 14pt;\">Gabriele Kokott-Weidenfeld: Raus aus dem Alltag \u2013 wir machen einen Ausflug! In: KiTa NRW 3\/2020, S. 60-63.<\/span><\/p>\n<p><span style=\"font-size: 14pt;\">Siebtes Buch Sozialgesetzbuch, SGB VII \u2013 Gesetzliche Unfallversicherung\u00a0 <\/span><br \/>\n<span style=\"font-size: 14pt;\"><a href=\"https:\/\/www.gesetze-im-internet.de\/sgb_7\/\" target=\"_blank\" rel=\"noopener\">https:\/\/www.gesetze-im-internet.de\/sgb_7\/<\/a><br \/>\n<\/span><\/p>\n<p><span style=\"font-size: 12pt;\"><span style=\"font-size: 14pt;\">Achtes Buch Sozialgesetzbuch, SGB VIII \u2013 Kinder- und Jugendhilfe <\/span><br \/>\n<span style=\"font-size: 14pt;\"><a href=\"https:\/\/www.gesetze-im-internet.de\/sgb_8\/\" target=\"_blank\" rel=\"noopener\">https:\/\/www.gesetze-im-internet.de\/sgb_8\/<\/a><\/span><br \/>\n<\/span><span style=\"font-size: 12pt;\"><br \/>\n<\/span><\/p>\n<\/div><\/section><\/div>\n\n<style type=\"text\/css\" data-created_by=\"avia_inline_auto\" id=\"style-css-av-fqckto-d5350d06c16b17286c5e2ae288dcdba2\">\n.flex_column.av-fqckto-d5350d06c16b17286c5e2ae288dcdba2{\nborder-radius:0px 0px 0px 0px;\npadding:10px 10px 10px 10px;\n}\n<\/style>\n<div  class='flex_column av-fqckto-d5350d06c16b17286c5e2ae288dcdba2 av_one_full  avia-builder-el-73  el_after_av_one_full  el_before_av_one_full  first flex_column_div  column-top-margin'     ><section  class='av_textblock_section av-dh1mgc-1f1cdce34e8e6e00b3fada23e5365d1b '  ><div class='avia_textblock' ><p class=\"copyright\"><strong>\u00a9 Copyright \u2013 Urheberrechtshinweis<\/strong><br \/>\nAlle Inhalte auf www.backwinkel.de sowie www.backwinkel.de\/blog, insbesondere Texte, Fotografien und Grafiken, sind urheberrechtlich gesch\u00fctzt.<br \/>\nDas Urheberrecht liegt, soweit nicht ausdr\u00fccklich anders gekennzeichnet, bei der BACKWINKEL GmbH. Bitte fragen Sie uns, falls Sie die Inhalte dieses Internetangebotes verwenden m\u00f6chten.<br \/>\nWer gegen das Urheberrecht verst\u00f6\u00dft (z. B. Bilder oder Texte unerlaubt kopiert), macht sich gem. \u00a7\u00a7 106 ff UrhG strafbar, wird zudem kostenpflichtig abgemahnt und muss Schadensersatz leisten (\u00a7 97 UrhG).<\/p>\n<\/div><\/section><\/div>\n\n<style type=\"text\/css\" data-created_by=\"avia_inline_auto\" id=\"style-css-av-d5co4s-aedf4c432807ac740642c7127dd938f9\">\n.flex_column.av-d5co4s-aedf4c432807ac740642c7127dd938f9{\nborder-radius:0px 0px 0px 0px;\npadding:0px 0px 0px 0px;\n}\n<\/style>\n<div  class='flex_column av-d5co4s-aedf4c432807ac740642c7127dd938f9 av_one_full  avia-builder-el-75  el_after_av_one_full  el_before_av_one_full  first flex_column_div av-zero-column-padding  column-top-margin'     ><section  class='av_textblock_section av-a97ba4-7dd40c09d190f5324e4111b3d971dd4a '  ><div class='avia_textblock' ><div class=\"shariff shariff-align-left shariff-widget-align-left\"><ul class=\"shariff-buttons theme-color orientation-horizontal buttonsize-medium\"><li class=\"shariff-button whatsapp shariff-nocustomcolor\" style=\"background-color:#5cbe4a\"><a href=\"https:\/\/api.whatsapp.com\/send?text=https%3A%2F%2Fwww.backwinkel.de%2Fblog%2Fausfluege-kita%2F%20Ausfl%C3%BCge%20mit%20Kita-Kindern\" title=\"Bei Whatsapp teilen\" aria-label=\"Bei Whatsapp teilen\" role=\"button\" rel=\"noopener nofollow\" class=\"shariff-link\" style=\"; background-color:#34af23; color:#fff\" target=\"_blank\"><span class=\"shariff-icon\" style=\"\"><svg width=\"32px\" height=\"20px\" xmlns=\"http:\/\/www.w3.org\/2000\/svg\" viewBox=\"0 0 32 32\"><path fill=\"#34af23\" d=\"M17.6 17.4q0.2 0 1.7 0.8t1.6 0.9q0 0.1 0 0.3 0 0.6-0.3 1.4-0.3 0.7-1.3 1.2t-1.8 0.5q-1 0-3.4-1.1-1.7-0.8-3-2.1t-2.6-3.3q-1.3-1.9-1.3-3.5v-0.1q0.1-1.6 1.3-2.8 0.4-0.4 0.9-0.4 0.1 0 0.3 0t0.3 0q0.3 0 0.5 0.1t0.3 0.5q0.1 0.4 0.6 1.6t0.4 1.3q0 0.4-0.6 1t-0.6 0.8q0 0.1 0.1 0.3 0.6 1.3 1.8 2.4 1 0.9 2.7 1.8 0.2 0.1 0.4 0.1 0.3 0 1-0.9t0.9-0.9zM14 26.9q2.3 0 4.3-0.9t3.6-2.4 2.4-3.6 0.9-4.3-0.9-4.3-2.4-3.6-3.6-2.4-4.3-0.9-4.3 0.9-3.6 2.4-2.4 3.6-0.9 4.3q0 3.6 2.1 6.6l-1.4 4.2 4.3-1.4q2.8 1.9 6.2 1.9zM14 2.2q2.7 0 5.2 1.1t4.3 2.9 2.9 4.3 1.1 5.2-1.1 5.2-2.9 4.3-4.3 2.9-5.2 1.1q-3.5 0-6.5-1.7l-7.4 2.4 2.4-7.2q-1.9-3.2-1.9-6.9 0-2.7 1.1-5.2t2.9-4.3 4.3-2.9 5.2-1.1z\"\/><\/svg><\/span><span class=\"shariff-text\">teilen<\/span>&nbsp;<\/a><\/li><li class=\"shariff-button facebook shariff-nocustomcolor\" style=\"background-color:#4273c8\"><a href=\"https:\/\/www.facebook.com\/sharer\/sharer.php?u=https%3A%2F%2Fwww.backwinkel.de%2Fblog%2Fausfluege-kita%2F\" title=\"Bei Facebook teilen\" aria-label=\"Bei Facebook teilen\" role=\"button\" rel=\"nofollow\" class=\"shariff-link\" style=\"; background-color:#3b5998; color:#fff\" target=\"_blank\"><span class=\"shariff-icon\" style=\"\"><svg width=\"32px\" height=\"20px\" xmlns=\"http:\/\/www.w3.org\/2000\/svg\" viewBox=\"0 0 18 32\"><path fill=\"#3b5998\" d=\"M17.1 0.2v4.7h-2.8q-1.5 0-2.1 0.6t-0.5 1.9v3.4h5.2l-0.7 5.3h-4.5v13.6h-5.5v-13.6h-4.5v-5.3h4.5v-3.9q0-3.3 1.9-5.2t5-1.8q2.6 0 4.1 0.2z\"\/><\/svg><\/span><span class=\"shariff-text\">teilen<\/span>&nbsp;<\/a><\/li><li class=\"shariff-button twitter shariff-nocustomcolor\" style=\"background-color:#595959\"><a href=\"https:\/\/twitter.com\/share?url=https%3A%2F%2Fwww.backwinkel.de%2Fblog%2Fausfluege-kita%2F&text=Ausfl%C3%BCge%20mit%20Kita-Kindern\" title=\"Bei X teilen\" aria-label=\"Bei X teilen\" role=\"button\" rel=\"noopener nofollow\" class=\"shariff-link\" style=\"; background-color:#000; color:#fff\" target=\"_blank\"><span class=\"shariff-icon\" style=\"\"><svg width=\"32px\" height=\"20px\" xmlns=\"http:\/\/www.w3.org\/2000\/svg\" viewBox=\"0 0 24 24\"><path fill=\"#000\" d=\"M14.258 10.152L23.176 0h-2.113l-7.747 8.813L7.133 0H0l9.352 13.328L0 23.973h2.113l8.176-9.309 6.531 9.309h7.133zm-2.895 3.293l-.949-1.328L2.875 1.56h3.246l6.086 8.523.945 1.328 7.91 11.078h-3.246zm0 0\"\/><\/svg><\/span><span class=\"shariff-text\">teilen<\/span>&nbsp;<\/a><\/li><li class=\"shariff-button pinterest shariff-nocustomcolor\" style=\"background-color:#e70f18\"><a href=\"https:\/\/www.pinterest.com\/pin\/create\/link\/?url=https%3A%2F%2Fwww.backwinkel.de%2Fblog%2Fausfluege-kita%2F&media=https%3A%2F%2Fwww.backwinkel.de%2Fblog%2Fwp-content%2Fuploads%2F2023%2F05%2Fbackwinkel-blog-Ausfluege_mit_kita_kindern-heroimage.jpg&description=Ausfl%C3%BCge%20mit%20Kita-Kindern\" title=\"Bei Pinterest pinnen\" aria-label=\"Bei Pinterest pinnen\" role=\"button\" rel=\"noopener nofollow\" class=\"shariff-link\" style=\"; background-color:#cb2027; color:#fff\" target=\"_blank\"><span class=\"shariff-icon\" style=\"\"><svg width=\"32px\" height=\"20px\" xmlns=\"http:\/\/www.w3.org\/2000\/svg\" viewBox=\"0 0 27 32\"><path fill=\"#cb2027\" d=\"M27.4 16q0 3.7-1.8 6.9t-5 5-6.9 1.9q-2 0-3.9-0.6 1.1-1.7 1.4-2.9 0.2-0.6 1-3.8 0.4 0.7 1.3 1.2t2 0.5q2.1 0 3.8-1.2t2.7-3.4 0.9-4.8q0-2-1.1-3.8t-3.1-2.9-4.5-1.2q-1.9 0-3.5 0.5t-2.8 1.4-2 2-1.2 2.3-0.4 2.4q0 1.9 0.7 3.3t2.1 2q0.5 0.2 0.7-0.4 0-0.1 0.1-0.5t0.2-0.5q0.1-0.4-0.2-0.8-0.9-1.1-0.9-2.7 0-2.7 1.9-4.6t4.9-2q2.7 0 4.2 1.5t1.5 3.8q0 3-1.2 5.2t-3.1 2.1q-1.1 0-1.7-0.8t-0.4-1.9q0.1-0.6 0.5-1.7t0.5-1.8 0.2-1.4q0-0.9-0.5-1.5t-1.4-0.6q-1.1 0-1.9 1t-0.8 2.6q0 1.3 0.4 2.2l-1.8 7.5q-0.3 1.2-0.2 3.2-3.7-1.6-6-5t-2.3-7.6q0-3.7 1.9-6.9t5-5 6.9-1.9 6.9 1.9 5 5 1.8 6.9z\"\/><\/svg><\/span><span class=\"shariff-text\">merken<\/span>&nbsp;<\/a><\/li><li class=\"shariff-button mailto shariff-nocustomcolor\" style=\"background-color:#a8a8a8\"><a href=\"mailto:?body=https%3A%2F%2Fwww.backwinkel.de%2Fblog%2Fausfluege-kita%2F&subject=Ausfl%C3%BCge%20mit%20Kita-Kindern\" title=\"Per E-Mail versenden\" aria-label=\"Per E-Mail versenden\" role=\"button\" rel=\"noopener nofollow\" class=\"shariff-link\" style=\"; background-color:#999; color:#fff\"><span class=\"shariff-icon\" style=\"\"><svg width=\"32px\" height=\"20px\" xmlns=\"http:\/\/www.w3.org\/2000\/svg\" viewBox=\"0 0 32 32\"><path fill=\"#999\" d=\"M32 12.7v14.2q0 1.2-0.8 2t-2 0.9h-26.3q-1.2 0-2-0.9t-0.8-2v-14.2q0.8 0.9 1.8 1.6 6.5 4.4 8.9 6.1 1 0.8 1.6 1.2t1.7 0.9 2 0.4h0.1q0.9 0 2-0.4t1.7-0.9 1.6-1.2q3-2.2 8.9-6.1 1-0.7 1.8-1.6zM32 7.4q0 1.4-0.9 2.7t-2.2 2.2q-6.7 4.7-8.4 5.8-0.2 0.1-0.7 0.5t-1 0.7-0.9 0.6-1.1 0.5-0.9 0.2h-0.1q-0.4 0-0.9-0.2t-1.1-0.5-0.9-0.6-1-0.7-0.7-0.5q-1.6-1.1-4.7-3.2t-3.6-2.6q-1.1-0.7-2.1-2t-1-2.5q0-1.4 0.7-2.3t2.1-0.9h26.3q1.2 0 2 0.8t0.9 2z\"\/><\/svg><\/span><span class=\"shariff-text\">E-Mail<\/span>&nbsp;<\/a><\/li><\/ul><\/div>\n<\/div><\/section><\/div>\n\n<style type=\"text\/css\" data-created_by=\"avia_inline_auto\" id=\"style-css-av-leyce6wr-aca459a5151fa423e49ebd2f0b0cba23\">\n.flex_column.av-leyce6wr-aca459a5151fa423e49ebd2f0b0cba23{\nborder-radius:0px 0px 0px 0px;\npadding:0px 0px 0px 0px;\nbackground-color:#f2f2f2;\n}\n<\/style>\n<div  class='flex_column av-leyce6wr-aca459a5151fa423e49ebd2f0b0cba23 av_one_full  avia-builder-el-77  el_after_av_one_full  el_before_av_one_full  first flex_column_div av-zero-column-padding  column-top-margin'     ><div  class='avia-builder-widget-area clearfix  avia-builder-el-78  avia-builder-el-no-sibling '><div id=\"text-29\" class=\"widget clearfix widget_text\"><h3 class=\"widgettitle\">Das BACKWINKEL-Blog-Team<\/h3>\t\t\t<div class=\"textwidget\"><p>Gibts auch ein Gesicht hinter dem BACKWINKEL-Blog? Nat\u00fcrlich. Sogar f\u00fcnf \ud83d\ude0a. Wir \u2013 Lukas, Marvin und Tatjana \u2013 bespielen unseren Blog im LACHEN LEBEN LERNEN-Firmensitz in Hattingen.<br \/>\nLukas kennt Onlinemarketing wie seine Westentasche, w\u00e4hrend Marvin unseren Beitr\u00e4gen den passenden gestalterischen Rahmen gibt und Tatjana mit dem gr\u00fcnen Korrekturstift alles pr\u00fcfend be\u00e4ugt, was unsere Freelancerautorinnen Elisa und Christine (und gern auch Gastautoren) aus der Ferne f\u00fcr den BACKWINKEL-Blog nach ordentlicher Recherche schreiben.<br \/>\nGemeinsam suchen wir st\u00e4ndig nach neuen, aufregenden Themen rund um das Thema Bildung im Kiga, der Schule und zu Hause. Und weil Sie da an der Quelle sitzen, freuen wir uns auf Ihre konstruktiven R\u00fcckmeldungen und Anregungen an blog[@]backwinkel.de<br \/>\nViel Spa\u00df beim LACHEN LESEN LERNEN!<\/p>\n<\/div>\n\t\t<\/div><\/div><\/div>\n\n<style type=\"text\/css\" data-created_by=\"avia_inline_auto\" id=\"style-css-av-21m96ev-10cefdecbd94bf771cc0a852db15e418\">\n.flex_column.av-21m96ev-10cefdecbd94bf771cc0a852db15e418{\nborder-radius:0px 0px 0px 0px;\npadding:0px 0px 0px 0px;\n}\n<\/style>\n<div  class='flex_column av-21m96ev-10cefdecbd94bf771cc0a852db15e418 av_one_full  avia-builder-el-79  el_after_av_one_full  avia-builder-el-last  first flex_column_div av-zero-column-padding  column-top-margin'     ><p>\n<style type=\"text\/css\" data-created_by=\"avia_inline_auto\" id=\"style-css-av-1l6t62f-7ea91fafe1c9fd8f01b5a5ee707950ce\">\n#top .hr.av-1l6t62f-7ea91fafe1c9fd8f01b5a5ee707950ce{\nmargin-top:10px;\nmargin-bottom:10px;\n}\n.hr.av-1l6t62f-7ea91fafe1c9fd8f01b5a5ee707950ce .hr-inner{\nwidth:500;\n}\n<\/style>\n<div  class='hr av-1l6t62f-7ea91fafe1c9fd8f01b5a5ee707950ce hr-custom  avia-builder-el-80  el_before_av_heading  avia-builder-el-first  hr-left hr-icon-no'><span class='hr-inner inner-border-av-border-thin'><span class=\"hr-inner-style\"><\/span><\/span><\/div><br \/>\n\n<style type=\"text\/css\" data-created_by=\"avia_inline_auto\" id=\"style-css-av-112w7mf-cf418d6f1ae2df284a50f174648cad51\">\n#top .av-special-heading.av-112w7mf-cf418d6f1ae2df284a50f174648cad51{\npadding-bottom:10px;\n}\nbody .av-special-heading.av-112w7mf-cf418d6f1ae2df284a50f174648cad51 .av-special-heading-tag .heading-char{\nfont-size:25px;\n}\n.av-special-heading.av-112w7mf-cf418d6f1ae2df284a50f174648cad51 .av-subheading{\nfont-size:15px;\n}\n<\/style>\n<div  class='av-special-heading av-112w7mf-cf418d6f1ae2df284a50f174648cad51 av-special-heading-h3 blockquote modern-quote  avia-builder-el-81  el_after_av_hr  el_before_av_blog '><h3 class='av-special-heading-tag '  >PASSENDE BEITR\u00c4GE<\/h3><div class=\"special-heading-border\"><div class=\"special-heading-inner-border\"><\/div><\/div><\/div><br \/>\n<div  data-slideshow-options=\"{&quot;animation&quot;:&quot;fade&quot;,&quot;autoplay&quot;:false,&quot;loop_autoplay&quot;:&quot;once&quot;,&quot;interval&quot;:5,&quot;loop_manual&quot;:&quot;manual-endless&quot;,&quot;autoplay_stopper&quot;:false,&quot;noNavigation&quot;:false,&quot;show_slide_delay&quot;:90}\" class='avia-content-slider avia-content-grid-active avia-content-slider1 avia-content-slider-odd  avia-builder-el-82  el_after_av_heading  avia-builder-el-last  av-slideshow-ui av-control-default   av-no-slider-navigation av-slideshow-manual av-loop-once av-loop-manual-endless ' ><div class=\"avia-content-slider-inner\"><div class=\"slide-entry-wrap\"><article class='slide-entry flex_column  post-entry post-entry-18716 slide-entry-overview slide-loop-1 slide-parity-odd  av_one_third first real-thumbnail posttype-post post-format-standard' ><a href='https:\/\/www.backwinkel.de\/blog\/rechnen-im-anfangsunterricht\/' data-rel='slide-1' class='slide-image' title='Rechnen im Anfangsunterricht'><img decoding=\"async\" fetchpriority=\"high\" width=\"1200\" height=\"628\" src=\"https:\/\/www.backwinkel.de\/blog\/wp-content\/uploads\/2026\/04\/04_Schule_Rechnen_anfangsunterricht.jpg\" class=\"wp-image-18748 avia-img-lazy-loading-not-18748 attachment-no scaling size-no scaling wp-post-image\" alt=\"\" \/><\/a><div class=\"slide-content\"><header class=\"entry-content-header\" aria-label=\"Slide: Rechnen im Anfangsunterricht\"><h3 class='slide-entry-title entry-title ' ><a href='https:\/\/www.backwinkel.de\/blog\/rechnen-im-anfangsunterricht\/' title='Rechnen im Anfangsunterricht'>Rechnen im Anfangsunterricht<\/a><\/h3><span class=\"blog-categories minor-meta\"><a href=\"https:\/\/www.backwinkel.de\/blog\/category\/schule-grundschule\/\" rel=\"tag\">Schule<\/a> <\/span><span class=\"av-vertical-delimiter\"><\/span><\/header><div class='slide-entry-excerpt entry-content' >Das Klassenzimmer als Lernlandschaft<\/div><\/div><footer class=\"entry-footer\"><div class=\"slide-meta\"><time class='slide-meta-time updated' >14. April 2026<\/time><\/div><\/footer><\/article><article class='slide-entry flex_column  post-entry post-entry-18177 slide-entry-overview slide-loop-2 slide-parity-even  av_one_third  real-thumbnail posttype-post post-format-standard' ><a href='https:\/\/www.backwinkel.de\/blog\/churermodell\/' data-rel='slide-1' class='slide-image' title='Churermodell'><img decoding=\"async\" fetchpriority=\"high\" width=\"1200\" height=\"628\" src=\"https:\/\/www.backwinkel.de\/blog\/wp-content\/uploads\/2026\/03\/03_Schule_Churermodell.jpg\" class=\"wp-image-18217 avia-img-lazy-loading-not-18217 attachment-no scaling size-no scaling wp-post-image\" alt=\"\" \/><\/a><div class=\"slide-content\"><header class=\"entry-content-header\" aria-label=\"Slide: Churermodell\"><h3 class='slide-entry-title entry-title ' ><a href='https:\/\/www.backwinkel.de\/blog\/churermodell\/' title='Churermodell'>Churermodell<\/a><\/h3><span class=\"blog-categories minor-meta\"><a href=\"https:\/\/www.backwinkel.de\/blog\/category\/schule-grundschule\/\" rel=\"tag\">Schule<\/a> <\/span><span class=\"av-vertical-delimiter\"><\/span><\/header><div class='slide-entry-excerpt entry-content' >Das Klassenzimmer als Lernlandschaft<\/div><\/div><footer class=\"entry-footer\"><div class=\"slide-meta\"><time class='slide-meta-time updated' >9. M\u00e4rz 2026<\/time><\/div><\/footer><\/article><article class='slide-entry flex_column  post-entry post-entry-18119 slide-entry-overview slide-loop-3 slide-parity-odd  post-entry-last  av_one_third  real-thumbnail posttype-post post-format-standard' ><a href='https:\/\/www.backwinkel.de\/blog\/digitalpakt-2-0\/' data-rel='slide-1' class='slide-image' title='Digitalpakt 2.0'><img decoding=\"async\" fetchpriority=\"high\" width=\"1200\" height=\"628\" src=\"https:\/\/www.backwinkel.de\/blog\/wp-content\/uploads\/2026\/01\/02_Schule_Digitalpakt.jpg\" class=\"wp-image-18138 avia-img-lazy-loading-not-18138 attachment-no scaling size-no scaling wp-post-image\" alt=\"\" \/><\/a><div class=\"slide-content\"><header class=\"entry-content-header\" aria-label=\"Slide: Digitalpakt 2.0\"><h3 class='slide-entry-title entry-title ' ><a href='https:\/\/www.backwinkel.de\/blog\/digitalpakt-2-0\/' title='Digitalpakt 2.0'>Digitalpakt 2.0<\/a><\/h3><span class=\"blog-categories minor-meta\"><a href=\"https:\/\/www.backwinkel.de\/blog\/category\/schule-grundschule\/\" rel=\"tag\">Schule<\/a> <\/span><span class=\"av-vertical-delimiter\"><\/span><\/header><div class='slide-entry-excerpt entry-content' >Geht es jetzt mit der Digitalisierung in Bildungseinrichtungen voran?<\/div><\/div><footer class=\"entry-footer\"><div class=\"slide-meta\"><time class='slide-meta-time updated' >10. Februar 2026<\/time><\/div><\/footer><\/article><\/div><\/div><\/div><\/p><\/div>\n","protected":false},"excerpt":{"rendered":"<p>Naturtage rechtssicher gestalten<\/p>\n","protected":false},"author":1,"featured_media":11627,"comment_status":"closed","ping_status":"closed","sticky":false,"template":"","format":"standard","meta":{"inline_featured_image":false,"footnotes":""},"categories":[5],"tags":[],"class_list":["post-11580","post","type-post","status-publish","format-standard","has-post-thumbnail","hentry","category-kindergarten-kita"],"yoast_head":"<!-- This site is optimized with the Yoast SEO plugin v27.5 - https:\/\/yoast.com\/product\/yoast-seo-wordpress\/ -->\n<title>Ausfl\u00fcge mit Kita-Kindern: Rechtssicher unterwegs | BACKWINKEL Blog<\/title>\n<meta name=\"description\" content=\"Damit der gemeinsame Kita-Ausflug (auch rechtssicher) gelingt, kommt es auf die richtige Planung an. Wir haben das Wichtigste zusammengetragen. \u2713 Jetzt lesen!\" \/>\n<meta name=\"robots\" content=\"index, follow, max-snippet:-1, max-image-preview:large, max-video-preview:-1\" \/>\n<link rel=\"canonical\" href=\"https:\/\/www.backwinkel.de\/blog\/ausfluege-kita\/\" \/>\n<meta property=\"og:locale\" content=\"de_DE\" \/>\n<meta property=\"og:type\" content=\"article\" \/>\n<meta property=\"og:title\" content=\"Ausfl\u00fcge mit Kita-Kindern: Rechtssicher unterwegs | BACKWINKEL Blog\" \/>\n<meta property=\"og:description\" content=\"Damit der gemeinsame Kita-Ausflug (auch rechtssicher) gelingt, kommt es auf die richtige Planung an. Wir haben das Wichtigste zusammengetragen. \u2713 Jetzt lesen!\" \/>\n<meta property=\"og:url\" content=\"https:\/\/www.backwinkel.de\/blog\/ausfluege-kita\/\" \/>\n<meta property=\"og:site_name\" content=\"BACKWINKEL Blog\" \/>\n<meta property=\"article:published_time\" content=\"2023-06-06T15:03:42+00:00\" \/>\n<meta property=\"article:modified_time\" content=\"2026-04-24T08:18:28+00:00\" \/>\n<meta property=\"og:image\" content=\"https:\/\/www.backwinkel.de\/blog\/wp-content\/uploads\/2023\/05\/backwinkel-blog-Ausfluege_mit_kita_kindern-heroimage.jpg\" \/>\n\t<meta property=\"og:image:width\" content=\"1200\" \/>\n\t<meta property=\"og:image:height\" content=\"628\" \/>\n\t<meta property=\"og:image:type\" content=\"image\/jpeg\" \/>\n<meta name=\"author\" content=\"admin_backwinkel\" \/>\n<meta name=\"twitter:card\" content=\"summary_large_image\" \/>\n<meta name=\"twitter:label1\" content=\"Verfasst von\" \/>\n\t<meta name=\"twitter:data1\" content=\"admin_backwinkel\" \/>\n\t<meta name=\"twitter:label2\" content=\"Gesch\u00e4tzte Lesezeit\" \/>\n\t<meta name=\"twitter:data2\" content=\"15\u00a0Minuten\" \/>\n<script type=\"application\/ld+json\" class=\"yoast-schema-graph\">{\"@context\":\"https:\\\/\\\/schema.org\",\"@graph\":[{\"@type\":\"Article\",\"@id\":\"https:\\\/\\\/www.backwinkel.de\\\/blog\\\/ausfluege-kita\\\/#article\",\"isPartOf\":{\"@id\":\"https:\\\/\\\/www.backwinkel.de\\\/blog\\\/ausfluege-kita\\\/\"},\"author\":{\"name\":\"admin_backwinkel\",\"@id\":\"https:\\\/\\\/www.backwinkel.de\\\/blog\\\/#\\\/schema\\\/person\\\/88b842297c0e471020a66f4476633cf2\"},\"headline\":\"Ausfl\u00fcge mit Kita-Kindern\",\"datePublished\":\"2023-06-06T15:03:42+00:00\",\"dateModified\":\"2026-04-24T08:18:28+00:00\",\"mainEntityOfPage\":{\"@id\":\"https:\\\/\\\/www.backwinkel.de\\\/blog\\\/ausfluege-kita\\\/\"},\"wordCount\":8222,\"image\":{\"@id\":\"https:\\\/\\\/www.backwinkel.de\\\/blog\\\/ausfluege-kita\\\/#primaryimage\"},\"thumbnailUrl\":\"https:\\\/\\\/www.backwinkel.de\\\/blog\\\/wp-content\\\/uploads\\\/2023\\\/05\\\/backwinkel-blog-Ausfluege_mit_kita_kindern-heroimage.jpg\",\"articleSection\":[\"Kindergarten\"],\"inLanguage\":\"de\"},{\"@type\":\"WebPage\",\"@id\":\"https:\\\/\\\/www.backwinkel.de\\\/blog\\\/ausfluege-kita\\\/\",\"url\":\"https:\\\/\\\/www.backwinkel.de\\\/blog\\\/ausfluege-kita\\\/\",\"name\":\"Ausfl\u00fcge mit Kita-Kindern: Rechtssicher unterwegs | BACKWINKEL Blog\",\"isPartOf\":{\"@id\":\"https:\\\/\\\/www.backwinkel.de\\\/blog\\\/#website\"},\"primaryImageOfPage\":{\"@id\":\"https:\\\/\\\/www.backwinkel.de\\\/blog\\\/ausfluege-kita\\\/#primaryimage\"},\"image\":{\"@id\":\"https:\\\/\\\/www.backwinkel.de\\\/blog\\\/ausfluege-kita\\\/#primaryimage\"},\"thumbnailUrl\":\"https:\\\/\\\/www.backwinkel.de\\\/blog\\\/wp-content\\\/uploads\\\/2023\\\/05\\\/backwinkel-blog-Ausfluege_mit_kita_kindern-heroimage.jpg\",\"datePublished\":\"2023-06-06T15:03:42+00:00\",\"dateModified\":\"2026-04-24T08:18:28+00:00\",\"author\":{\"@id\":\"https:\\\/\\\/www.backwinkel.de\\\/blog\\\/#\\\/schema\\\/person\\\/88b842297c0e471020a66f4476633cf2\"},\"description\":\"Damit der gemeinsame Kita-Ausflug (auch rechtssicher) gelingt, kommt es auf die richtige Planung an. Wir haben das Wichtigste zusammengetragen. \u2713 Jetzt lesen!\",\"breadcrumb\":{\"@id\":\"https:\\\/\\\/www.backwinkel.de\\\/blog\\\/ausfluege-kita\\\/#breadcrumb\"},\"inLanguage\":\"de\",\"potentialAction\":[{\"@type\":\"ReadAction\",\"target\":[\"https:\\\/\\\/www.backwinkel.de\\\/blog\\\/ausfluege-kita\\\/\"]}]},{\"@type\":\"ImageObject\",\"inLanguage\":\"de\",\"@id\":\"https:\\\/\\\/www.backwinkel.de\\\/blog\\\/ausfluege-kita\\\/#primaryimage\",\"url\":\"https:\\\/\\\/www.backwinkel.de\\\/blog\\\/wp-content\\\/uploads\\\/2023\\\/05\\\/backwinkel-blog-Ausfluege_mit_kita_kindern-heroimage.jpg\",\"contentUrl\":\"https:\\\/\\\/www.backwinkel.de\\\/blog\\\/wp-content\\\/uploads\\\/2023\\\/05\\\/backwinkel-blog-Ausfluege_mit_kita_kindern-heroimage.jpg\",\"width\":1200,\"height\":628},{\"@type\":\"BreadcrumbList\",\"@id\":\"https:\\\/\\\/www.backwinkel.de\\\/blog\\\/ausfluege-kita\\\/#breadcrumb\",\"itemListElement\":[{\"@type\":\"ListItem\",\"position\":1,\"name\":\"Startseite\",\"item\":\"https:\\\/\\\/blog.backwinkel.de\\\/aktuelles\\\/\"},{\"@type\":\"ListItem\",\"position\":2,\"name\":\"Ausfl\u00fcge mit Kita-Kindern\"}]},{\"@type\":\"WebSite\",\"@id\":\"https:\\\/\\\/www.backwinkel.de\\\/blog\\\/#website\",\"url\":\"https:\\\/\\\/www.backwinkel.de\\\/blog\\\/\",\"name\":\"BACKWINKEL Blog\",\"description\":\"f\u00fcr Lehrer, Erzieher und Eltern\",\"potentialAction\":[{\"@type\":\"SearchAction\",\"target\":{\"@type\":\"EntryPoint\",\"urlTemplate\":\"https:\\\/\\\/www.backwinkel.de\\\/blog\\\/?s={search_term_string}\"},\"query-input\":{\"@type\":\"PropertyValueSpecification\",\"valueRequired\":true,\"valueName\":\"search_term_string\"}}],\"inLanguage\":\"de\"},{\"@type\":\"Person\",\"@id\":\"https:\\\/\\\/www.backwinkel.de\\\/blog\\\/#\\\/schema\\\/person\\\/88b842297c0e471020a66f4476633cf2\",\"name\":\"admin_backwinkel\",\"url\":\"https:\\\/\\\/www.backwinkel.de\\\/blog\\\/author\\\/admin_backwinkel\\\/\"}]}<\/script>\n<!-- \/ Yoast SEO plugin. -->","yoast_head_json":{"title":"Ausfl\u00fcge mit Kita-Kindern: Rechtssicher unterwegs | BACKWINKEL Blog","description":"Damit der gemeinsame Kita-Ausflug (auch rechtssicher) gelingt, kommt es auf die richtige Planung an. Wir haben das Wichtigste zusammengetragen. \u2713 Jetzt lesen!","robots":{"index":"index","follow":"follow","max-snippet":"max-snippet:-1","max-image-preview":"max-image-preview:large","max-video-preview":"max-video-preview:-1"},"canonical":"https:\/\/www.backwinkel.de\/blog\/ausfluege-kita\/","og_locale":"de_DE","og_type":"article","og_title":"Ausfl\u00fcge mit Kita-Kindern: Rechtssicher unterwegs | BACKWINKEL Blog","og_description":"Damit der gemeinsame Kita-Ausflug (auch rechtssicher) gelingt, kommt es auf die richtige Planung an. Wir haben das Wichtigste zusammengetragen. \u2713 Jetzt lesen!","og_url":"https:\/\/www.backwinkel.de\/blog\/ausfluege-kita\/","og_site_name":"BACKWINKEL Blog","article_published_time":"2023-06-06T15:03:42+00:00","article_modified_time":"2026-04-24T08:18:28+00:00","og_image":[{"width":1200,"height":628,"url":"https:\/\/www.backwinkel.de\/blog\/wp-content\/uploads\/2023\/05\/backwinkel-blog-Ausfluege_mit_kita_kindern-heroimage.jpg","type":"image\/jpeg"}],"author":"admin_backwinkel","twitter_card":"summary_large_image","twitter_misc":{"Verfasst von":"admin_backwinkel","Gesch\u00e4tzte Lesezeit":"15\u00a0Minuten"},"schema":{"@context":"https:\/\/schema.org","@graph":[{"@type":"Article","@id":"https:\/\/www.backwinkel.de\/blog\/ausfluege-kita\/#article","isPartOf":{"@id":"https:\/\/www.backwinkel.de\/blog\/ausfluege-kita\/"},"author":{"name":"admin_backwinkel","@id":"https:\/\/www.backwinkel.de\/blog\/#\/schema\/person\/88b842297c0e471020a66f4476633cf2"},"headline":"Ausfl\u00fcge mit Kita-Kindern","datePublished":"2023-06-06T15:03:42+00:00","dateModified":"2026-04-24T08:18:28+00:00","mainEntityOfPage":{"@id":"https:\/\/www.backwinkel.de\/blog\/ausfluege-kita\/"},"wordCount":8222,"image":{"@id":"https:\/\/www.backwinkel.de\/blog\/ausfluege-kita\/#primaryimage"},"thumbnailUrl":"https:\/\/www.backwinkel.de\/blog\/wp-content\/uploads\/2023\/05\/backwinkel-blog-Ausfluege_mit_kita_kindern-heroimage.jpg","articleSection":["Kindergarten"],"inLanguage":"de"},{"@type":"WebPage","@id":"https:\/\/www.backwinkel.de\/blog\/ausfluege-kita\/","url":"https:\/\/www.backwinkel.de\/blog\/ausfluege-kita\/","name":"Ausfl\u00fcge mit Kita-Kindern: Rechtssicher unterwegs | BACKWINKEL Blog","isPartOf":{"@id":"https:\/\/www.backwinkel.de\/blog\/#website"},"primaryImageOfPage":{"@id":"https:\/\/www.backwinkel.de\/blog\/ausfluege-kita\/#primaryimage"},"image":{"@id":"https:\/\/www.backwinkel.de\/blog\/ausfluege-kita\/#primaryimage"},"thumbnailUrl":"https:\/\/www.backwinkel.de\/blog\/wp-content\/uploads\/2023\/05\/backwinkel-blog-Ausfluege_mit_kita_kindern-heroimage.jpg","datePublished":"2023-06-06T15:03:42+00:00","dateModified":"2026-04-24T08:18:28+00:00","author":{"@id":"https:\/\/www.backwinkel.de\/blog\/#\/schema\/person\/88b842297c0e471020a66f4476633cf2"},"description":"Damit der gemeinsame Kita-Ausflug (auch rechtssicher) gelingt, kommt es auf die richtige Planung an. Wir haben das Wichtigste zusammengetragen. \u2713 Jetzt lesen!","breadcrumb":{"@id":"https:\/\/www.backwinkel.de\/blog\/ausfluege-kita\/#breadcrumb"},"inLanguage":"de","potentialAction":[{"@type":"ReadAction","target":["https:\/\/www.backwinkel.de\/blog\/ausfluege-kita\/"]}]},{"@type":"ImageObject","inLanguage":"de","@id":"https:\/\/www.backwinkel.de\/blog\/ausfluege-kita\/#primaryimage","url":"https:\/\/www.backwinkel.de\/blog\/wp-content\/uploads\/2023\/05\/backwinkel-blog-Ausfluege_mit_kita_kindern-heroimage.jpg","contentUrl":"https:\/\/www.backwinkel.de\/blog\/wp-content\/uploads\/2023\/05\/backwinkel-blog-Ausfluege_mit_kita_kindern-heroimage.jpg","width":1200,"height":628},{"@type":"BreadcrumbList","@id":"https:\/\/www.backwinkel.de\/blog\/ausfluege-kita\/#breadcrumb","itemListElement":[{"@type":"ListItem","position":1,"name":"Startseite","item":"https:\/\/blog.backwinkel.de\/aktuelles\/"},{"@type":"ListItem","position":2,"name":"Ausfl\u00fcge mit Kita-Kindern"}]},{"@type":"WebSite","@id":"https:\/\/www.backwinkel.de\/blog\/#website","url":"https:\/\/www.backwinkel.de\/blog\/","name":"BACKWINKEL Blog","description":"f\u00fcr Lehrer, Erzieher und Eltern","potentialAction":[{"@type":"SearchAction","target":{"@type":"EntryPoint","urlTemplate":"https:\/\/www.backwinkel.de\/blog\/?s={search_term_string}"},"query-input":{"@type":"PropertyValueSpecification","valueRequired":true,"valueName":"search_term_string"}}],"inLanguage":"de"},{"@type":"Person","@id":"https:\/\/www.backwinkel.de\/blog\/#\/schema\/person\/88b842297c0e471020a66f4476633cf2","name":"admin_backwinkel","url":"https:\/\/www.backwinkel.de\/blog\/author\/admin_backwinkel\/"}]}},"_links":{"self":[{"href":"https:\/\/www.backwinkel.de\/blog\/wp-json\/wp\/v2\/posts\/11580","targetHints":{"allow":["GET"]}}],"collection":[{"href":"https:\/\/www.backwinkel.de\/blog\/wp-json\/wp\/v2\/posts"}],"about":[{"href":"https:\/\/www.backwinkel.de\/blog\/wp-json\/wp\/v2\/types\/post"}],"author":[{"embeddable":true,"href":"https:\/\/www.backwinkel.de\/blog\/wp-json\/wp\/v2\/users\/1"}],"replies":[{"embeddable":true,"href":"https:\/\/www.backwinkel.de\/blog\/wp-json\/wp\/v2\/comments?post=11580"}],"version-history":[{"count":2,"href":"https:\/\/www.backwinkel.de\/blog\/wp-json\/wp\/v2\/posts\/11580\/revisions"}],"predecessor-version":[{"id":18902,"href":"https:\/\/www.backwinkel.de\/blog\/wp-json\/wp\/v2\/posts\/11580\/revisions\/18902"}],"wp:featuredmedia":[{"embeddable":true,"href":"https:\/\/www.backwinkel.de\/blog\/wp-json\/wp\/v2\/media\/11627"}],"wp:attachment":[{"href":"https:\/\/www.backwinkel.de\/blog\/wp-json\/wp\/v2\/media?parent=11580"}],"wp:term":[{"taxonomy":"category","embeddable":true,"href":"https:\/\/www.backwinkel.de\/blog\/wp-json\/wp\/v2\/categories?post=11580"},{"taxonomy":"post_tag","embeddable":true,"href":"https:\/\/www.backwinkel.de\/blog\/wp-json\/wp\/v2\/tags?post=11580"}],"curies":[{"name":"wp","href":"https:\/\/api.w.org\/{rel}","templated":true}]}}