{"id":11520,"date":"2023-05-22T09:14:42","date_gmt":"2023-05-22T07:14:42","guid":{"rendered":"https:\/\/www.backwinkel.de\/blog\/?p=11520"},"modified":"2026-04-24T10:18:01","modified_gmt":"2026-04-24T08:18:01","slug":"maerchen-kindergarten","status":"publish","type":"post","link":"https:\/\/www.backwinkel.de\/blog\/maerchen-kindergarten\/","title":{"rendered":"Blutr\u00fcnstig und trotzdem wohltuend!"},"content":{"rendered":"\n<style type=\"text\/css\" data-created_by=\"avia_inline_auto\" id=\"style-css-av-1o9i20c-585c90b249b7391778c0ca595b8a52c2\">\n.flex_column.av-1o9i20c-585c90b249b7391778c0ca595b8a52c2{\nborder-radius:0px 0px 0px 0px;\npadding:0px 0px 0px 0px;\n}\n<\/style>\n<div  class='flex_column av-1o9i20c-585c90b249b7391778c0ca595b8a52c2 av_one_full  avia-builder-el-0  el_before_av_three_fifth  avia-builder-el-first  first flex_column_div av-zero-column-padding  '     ><p>\n<style type=\"text\/css\" data-created_by=\"avia_inline_auto\" id=\"style-css-av-1mbf4e4-1609d55f243e97c311d4e4755c4441f8\">\n#top .hr.hr-invisible.av-1mbf4e4-1609d55f243e97c311d4e4755c4441f8{\nmargin-top:0px;\nheight:1px;\n}\n<\/style>\n<div  class='hr av-1mbf4e4-1609d55f243e97c311d4e4755c4441f8 hr-invisible  avia-builder-el-1  el_before_av_heading  avia-builder-el-first '><span class='hr-inner '><span class=\"hr-inner-style\"><\/span><\/span><\/div><br \/>\n\n<style type=\"text\/css\" data-created_by=\"avia_inline_auto\" id=\"style-css-av-l7efmkmv-ba3f7690c328ce3ae32679168017cf91\">\n#top .av-special-heading.av-l7efmkmv-ba3f7690c328ce3ae32679168017cf91{\npadding-bottom:10px;\n}\nbody .av-special-heading.av-l7efmkmv-ba3f7690c328ce3ae32679168017cf91 .av-special-heading-tag .heading-char{\nfont-size:25px;\n}\n.av-special-heading.av-l7efmkmv-ba3f7690c328ce3ae32679168017cf91 .av-subheading{\nfont-size:15px;\n}\n<\/style>\n<div  class='av-special-heading av-l7efmkmv-ba3f7690c328ce3ae32679168017cf91 av-special-heading-h1 blockquote modern-quote  avia-builder-el-2  el_after_av_hr  el_before_av_post_metadata  av-linked-heading'><h1 class='av-special-heading-tag '  >Blutr\u00fcnstig und trotzdem wohltuend: Darum sind M\u00e4rchen wichtig f\u00fcr Kinder (im Kindergarten)<\/h1><div class='av-subheading av-subheading_below'><p class=\"autorenname\">Elisa Morel<\/p>\n<\/div><div class=\"special-heading-border\"><div class=\"special-heading-inner-border\"><\/div><\/div><\/div><br \/>\n\n<style type=\"text\/css\" data-created_by=\"avia_inline_auto\" id=\"style-css-av-1htcrcw-f2b6ee4b0065408f16c119a7b2afd185\">\n#top .av-post-metadata-container.av-1htcrcw-f2b6ee4b0065408f16c119a7b2afd185{\nfont-size:12px;\n}\n#top .av-post-metadata-container.av-1htcrcw-f2b6ee4b0065408f16c119a7b2afd185 .av-post-metadata-container-inner{\nfont-size:12px;\n}\n<\/style>\n<div  class='av-post-metadata-container av-1htcrcw-f2b6ee4b0065408f16c119a7b2afd185 av-metadata-container-align-left  avia-builder-el-3  el_after_av_heading  el_before_av_textblock  av-metadata-container-1'><div class='av-post-metadata-container-inner'><span class=\"av-post-metadata-content av-post-metadata-meta-content\"><span class=\"av-post-metadata-content av-post-metadata-modified\"><span class=\"av-metadata-before av-metadata-before-modified\">Aktualisiert:<\/span><span class=\"av-post-metadata-modified-date\" >24. April 2026<\/span><\/span><span class=\"av-post-metadata-content av-post-metadata-separator\">\/<\/span><span class=\"av-post-metadata-content av-post-metadata-modified\"><span class=\"av-metadata-before av-metadata-before-modified\">Zuletzt aktualisiert:<\/span><span class=\"av-post-metadata-modified-date\" >24. April 2026<\/span><\/span><\/span><\/div><\/div><br \/>\n\n<style type=\"text\/css\" data-created_by=\"avia_inline_auto\" id=\"style-css-av-1l3ru18-35ff8c02bfbaf158e187220e3571c7be\">\n#top .av_textblock_section.av-1l3ru18-35ff8c02bfbaf158e187220e3571c7be .avia_textblock{\nfont-size:20px;\n}\n<\/style>\n<section  class='av_textblock_section av-1l3ru18-35ff8c02bfbaf158e187220e3571c7be '  ><div class='avia_textblock' ><p>M\u00e4rchen sind aus dem Kindergarten nicht wegzudenken. Mag sich die Welt in den letzten Jahrzehnten auch stark ver\u00e4ndert haben: Damals wie heute geh\u00f6rt das Vorlesen fantastischer alter Geschichten zur Kindheit der meisten Kinder.<\/p>\n<\/div><\/section><br \/>\n\n<style type=\"text\/css\" data-created_by=\"avia_inline_auto\" id=\"style-css-av-1jqb53g-4dcb3f39ca6b3ad32c34a8ab3bca4d1d\">\n.avia-image-container.av-1jqb53g-4dcb3f39ca6b3ad32c34a8ab3bca4d1d img.avia_image{\nbox-shadow:none;\n}\n.avia-image-container.av-1jqb53g-4dcb3f39ca6b3ad32c34a8ab3bca4d1d .av-image-caption-overlay-center{\ncolor:#ffffff;\n}\n<\/style>\n<div  class='avia-image-container av-1jqb53g-4dcb3f39ca6b3ad32c34a8ab3bca4d1d av-styling- avia-align-center  avia-builder-el-5  el_after_av_textblock  el_before_av_hr '  ><div class=\"avia-image-container-inner\"><div class=\"avia-image-overlay-wrap\"><img decoding=\"async\" fetchpriority=\"high\" class='wp-image-11560 avia-img-lazy-loading-not-11560 avia_image ' src=\"https:\/\/www.backwinkel.de\/blog\/wp-content\/uploads\/2023\/05\/backwinkel-blog-Darum_sind_maerchen_wichtig-heroimage.jpg\" alt='' title='backwinkel-blog-Darum_sind_maerchen_wichtig-heroimage'  height=\"628\" width=\"1200\"  \/><\/div><\/div><\/div><br \/>\n\n<style type=\"text\/css\" data-created_by=\"avia_inline_auto\" id=\"style-css-av-1ihdk2k-490466749631930779e0c398aab49f79\">\n#top .hr.hr-invisible.av-1ihdk2k-490466749631930779e0c398aab49f79{\nheight:5px;\n}\n<\/style>\n<div  class='hr av-1ihdk2k-490466749631930779e0c398aab49f79 hr-invisible  avia-builder-el-6  el_after_av_image  el_before_av_textblock '><span class='hr-inner '><span class=\"hr-inner-style\"><\/span><\/span><\/div><br \/>\n\n<style type=\"text\/css\" data-created_by=\"avia_inline_auto\" id=\"style-css-av-1fib6cs-3d25d3b933bbfa346d8df9005c3c214e\">\n#top .av_textblock_section.av-1fib6cs-3d25d3b933bbfa346d8df9005c3c214e .avia_textblock{\nfont-size:10px;\n}\n<\/style>\n<section  class='av_textblock_section av-1fib6cs-3d25d3b933bbfa346d8df9005c3c214e '  ><div class='avia_textblock' ><p class=\"bildnennung-beitrag\" style=\"text-align: left;\">\u00a9 DON BOSCO<\/p>\n<\/div><\/section><br \/>\n\n<style type=\"text\/css\" data-created_by=\"avia_inline_auto\" id=\"style-css-av-1ec344s-876a649f5243c9280738f668f0aa8d8e\">\n#top .hr.hr-invisible.av-1ec344s-876a649f5243c9280738f668f0aa8d8e{\nheight:20px;\n}\n<\/style>\n<div  class='hr av-1ec344s-876a649f5243c9280738f668f0aa8d8e hr-invisible  avia-builder-el-8  el_after_av_textblock  el_before_av_textblock '><span class='hr-inner '><span class=\"hr-inner-style\"><\/span><\/span><\/div><br \/>\n\n<style type=\"text\/css\" data-created_by=\"avia_inline_auto\" id=\"style-css-av-1czjn6k-7dbedcbfbffba5ae585714638369d934\">\n#top .av_textblock_section.av-1czjn6k-7dbedcbfbffba5ae585714638369d934 .avia_textblock{\nfont-size:20px;\n}\n<\/style>\n<section  class='av_textblock_section av-1czjn6k-7dbedcbfbffba5ae585714638369d934 '  ><div class='avia_textblock' ><p>Warum das Vorlesen von M\u00e4rchen so gut ist, inwiefern Ihre Kinder von diesen Geschichten profitieren und worauf es beim gemeinsamen Entdecken von M\u00e4rchen ankommt, erfahren Sie in diesem Beitrag.<\/p>\n<\/div><\/section><\/p><\/div>\n<style type=\"text\/css\" data-created_by=\"avia_inline_auto\" id=\"style-css-av-1buht0s-f8ce17d1f3484a85efdf5f8e34e84ab3\">\n.flex_column.av-1buht0s-f8ce17d1f3484a85efdf5f8e34e84ab3{\nborder-radius:0px 0px 0px 0px;\npadding:20px 20px 20px 20px;\nbackground-color:#f2f2f2;\n}\n<\/style>\n<div  class='flex_column av-1buht0s-f8ce17d1f3484a85efdf5f8e34e84ab3 av_three_fifth  avia-builder-el-10  el_after_av_one_full  el_before_av_two_fifth  first flex_column_div  column-top-margin'     ><style type=\"text\/css\" data-created_by=\"avia_inline_auto\" id=\"style-css-av-18u84nw-c23769b7197ef8c52c74b2b6205379af\">\n#top .av_textblock_section.av-18u84nw-c23769b7197ef8c52c74b2b6205379af .avia_textblock{\nfont-size:14px;\n}\n<\/style>\n<section  class='av_textblock_section av-18u84nw-c23769b7197ef8c52c74b2b6205379af '  ><div class='avia_textblock' ><p><strong>Inhalt<\/strong><br \/>\n<strong><a href=\"#1\">1. Was sind M\u00e4rchen?<\/a><\/strong><\/p>\n<p><strong><a href=\"#2\">2. Was Kinder von M\u00e4rchen lernen <\/a><br \/>\n<\/strong>2.1. 9 Gr\u00fcnde, warum M\u00e4rchen Kindern guttun<br \/>\n2.2. Was spricht gegen M\u00e4rchen?<br \/>\n2.2.1. Darstellung von Gewalt<br \/>\n2.2.2. Veraltete Rollenbilder<br \/>\n2.2.3. Kulturelle Relevanz f\u00fcr interkulturelle Kindergartengruppen<\/p>\n<p><strong><a href=\"#3\">3. M\u00e4rchen gemeinsam entdecken \u2013 aber richtig <\/a><br \/>\n<\/strong>3.1. Worauf es beim Vorlesen ankommt<br \/>\n3.2. \u00dcber M\u00e4rchen sprechen<br \/>\n3.3. Kreative Inspiration durch M\u00e4rchen<br \/>\n3.3.1.\u00a0Bekannte M\u00e4rchen anders erz\u00e4hlen<br \/>\n3.3.2. M\u00e4rchenmaler<br \/>\n3.3.3.\u00a0M\u00e4rchen als Theaterst\u00fcck <strong><br \/>\n<\/strong><\/p>\n<\/div><\/section><\/div><\/p>\n\n<style type=\"text\/css\" data-created_by=\"avia_inline_auto\" id=\"style-css-av-179bqdo-cb7f1c2bcdaac94125f51a0fc4936596\">\n.flex_column.av-179bqdo-cb7f1c2bcdaac94125f51a0fc4936596{\nborder-radius:0px 0px 0px 0px;\npadding:0 0 0 0;\n}\n<\/style>\n<div  class='flex_column av-179bqdo-cb7f1c2bcdaac94125f51a0fc4936596 av_two_fifth  avia-builder-el-12  el_after_av_three_fifth  el_before_av_sidebar  flex_column_div av-zero-column-padding  column-top-margin'     ><\/div>\n<div  class='avia-builder-widget-area clearfix  avia-builder-el-13  el_after_av_two_fifth  el_before_av_one_full '><div id=\"text-33\" class=\"widget clearfix widget_text\">\t\t\t<div class=\"textwidget\"><p><a href=\"https:\/\/www.backwinkel.de\/nachhaltig-denken\/\" target=\"\\_blank\" rel=\"noopener\"><br \/>\n<img decoding=\"async\" class=\"werbung-desktop alignnone wp-image-4186 size-full\" src=\"https:\/\/www.backwinkel.de\/blog\/wp-content\/uploads\/2026\/04\/Backwinkel-blog-werbebanner-shop-kita-schule_desktop.jpg\" alt=\"\" width=\"1251\" height=\"201\" \/><br \/>\n<\/a><br \/>\n<a href=\"https:\/\/www.backwinkel.de\/nachhaltig-denken\/\" target=\"\\_blank\" rel=\"noopener\"><br \/>\n<img decoding=\"async\" class=\"werbung-mobile alignnone wp-image-4187 size-full\" src=\"https:\/\/www.backwinkel.de\/blog\/wp-content\/uploads\/2026\/04\/Backwinkel-blog-werbebanner-shop-kiga-schule_mobile.jpg\" alt=\"\" width=\"550\" height=\"500\" \/><br \/>\n<\/a><\/p>\n<\/div>\n\t\t<\/div><\/div>\n\n<style type=\"text\/css\" data-created_by=\"avia_inline_auto\" id=\"style-css-av-4482e4-638c615ad0f31126baef29eeb1a51433\">\n.flex_column.av-4482e4-638c615ad0f31126baef29eeb1a51433{\nborder-radius:0px 0px 0px 0px;\npadding:0px 0px 0px 0px;\n}\n<\/style>\n<div  class='flex_column av-4482e4-638c615ad0f31126baef29eeb1a51433 av_one_full  avia-builder-el-14  el_after_av_sidebar  el_before_av_one_full  first flex_column_div av-zero-column-padding  '     ><section  class='av_textblock_section av-129m1fg-b72a93bde8aadaf020ee7e3d669f715c '  ><div class='avia_textblock' >\n<style type=\"text\/css\" data-created_by=\"avia_inline_auto\" id=\"style-css-av-vsv1ws-55b1f8105db867582b8b8f993762d668\">\n#top .hr.hr-invisible.av-vsv1ws-55b1f8105db867582b8b8f993762d668{\nheight:20px;\n}\n<\/style>\n<div  class='hr av-vsv1ws-55b1f8105db867582b8b8f993762d668 hr-invisible  avia-builder-el-16  avia-builder-el-no-sibling '><span class='hr-inner '><span class=\"hr-inner-style\"><\/span><\/span><\/div>\n<h2 id=\"1\" class=\"position\"><strong>Was sind M\u00e4rchen? <\/strong><\/h2>\n<p>Es war einmal \u2026 Daran erkennen schon die Kleinsten, dass sie nun eine wunderbare Geschichte h\u00f6ren werden. Die bekannteste deutsche M\u00e4rchensammlung ist die der <strong>Br\u00fcder Grimm<\/strong>. Andere L\u00e4nder verf\u00fcgen \u00fcber \u00e4hnliche Sammlungen mit z. T. auch \u00e4hnlichen M\u00e4rchen(-motiven).<\/p>\n<p>Laut Wikipedia verf\u00fcgt jeder Kulturkreis \u00fcber M\u00e4rchen. Sie wurden zwar vor allem <strong>m\u00fcndlich \u00fcberliefert<\/strong> bzw. leben durch die Erz\u00e4hlung, doch im Gegensatz zu Volksm\u00e4rchen sind die Autoren von M\u00e4rchen bekannt.<\/p>\n<p><strong>M\u00e4rchen weisen die folgenden Kennzeichen auf<\/strong>:<\/p>\n<ul>\n<li>frei erfunden<\/li>\n<li>Handlung ist nicht zeitlich oder \u00f6rtlich festgelegt<\/li>\n<li>enthalten fantastische Elemente<\/li>\n<li>meistens nur ein einziger Handlungsstrang<\/li>\n<li>enthalten oft Symbole, Zahlen und wiederkehrende Worte \/ Situationen<\/li>\n<li>letztlich bekommen die Guten eine Belohnung, die B\u00f6sen eine Strafe<\/li>\n<\/ul>\n<\/div><\/section><\/div>\n\n<style type=\"text\/css\" data-created_by=\"avia_inline_auto\" id=\"style-css-av-5wxoqs3-1dc70fc9904527c9cc415fe07124d6a9\">\n.flex_column.av-5wxoqs3-1dc70fc9904527c9cc415fe07124d6a9{\nborder-radius:0px 0px 0px 0px;\npadding:0px 0px 0px 0px;\n}\n<\/style>\n<div  class='flex_column av-5wxoqs3-1dc70fc9904527c9cc415fe07124d6a9 av_one_full  avia-builder-el-17  el_after_av_one_full  el_before_av_one_full  first flex_column_div av-zero-column-padding  column-top-margin'     ><section  class='av_textblock_section av-lgdmmhxg-57f85f9fbafbc1ffecdbcc3545d8ca8e '  ><div class='avia_textblock infoboxGreen' >\n<style type=\"text\/css\" data-created_by=\"avia_inline_auto\" id=\"style-css-av-5a02y7n-662f82d7a0bdb2f1b867b92ccd600103\">\n#top .hr.hr-invisible.av-5a02y7n-662f82d7a0bdb2f1b867b92ccd600103{\nheight:20px;\n}\n<\/style>\n<div  class='hr av-5a02y7n-662f82d7a0bdb2f1b867b92ccd600103 hr-invisible  avia-builder-el-19  avia-builder-el-no-sibling '><span class='hr-inner '><span class=\"hr-inner-style\"><\/span><\/span><\/div>\n<p><strong>Sagen und Fabeln in Abgrenzung zu M\u00e4rchen<\/strong><\/p>\n<p>In <strong>Fabeln<\/strong> spielen meist <strong>Tiere mit menschlichen Eigenschaften<\/strong> die Hauptrolle. Sie k\u00f6nnen sprechen, handeln z. T. auch wie Menschen, indem sie z. B. von einem Teller (fr)essen. Den verschiedenen Tieren werden in Fabeln <strong>bestimmte Charakteristika<\/strong> zugesprochen:<\/p>\n<ul>\n<li>schlauer Fuchs<\/li>\n<li>grausamer Wolf<\/li>\n<li>unschuldiges Lamm<\/li>\n<li>eitler Rabe<\/li>\n<li>treuer Hund<\/li>\n<\/ul>\n<p>Au\u00dferdem l\u00e4uft eine Fabel immer auf eine <strong>Moral<\/strong> am Ende hinaus, die meistens leicht zu verstehen ist. In der Regel sind Fabeln k\u00fcrzer als viele bekannte M\u00e4rchen. Aufgrund ihrer Einfachheit und K\u00fcrze sind auch Fabeln super f\u00fcr Kindergartenkinder geeignet.<\/p>\n<p><strong>Sagen<\/strong> und <strong>Legenden<\/strong> haben einen <strong>wahren Ursprung<\/strong>, auch wenn die Geschichte drum herum frei erfunden ist. So kursieren z. B. lokale Sagen \u00fcber markante Felsformationen, mit denen Riesen gespielt haben oder die ein Zauberer in seiner Wut mit einem Blitz gespalten hat. Legenden ranken sich oft um <strong>historische Ereignisse<\/strong>, doch der wahre Hergang ist verzerrt, stark \u00fcbertrieben oder anderweitig abgewandelt.<\/p>\n<\/div><\/section><\/div>\n\n<style type=\"text\/css\" data-created_by=\"avia_inline_auto\" id=\"style-css-av-4ndo3tf-ea0365222e6257eb75a1ee088cbb7c7b\">\n.flex_column.av-4ndo3tf-ea0365222e6257eb75a1ee088cbb7c7b{\nborder-radius:0px 0px 0px 0px;\npadding:0px 0px 0px 0px;\n}\n<\/style>\n<div  class='flex_column av-4ndo3tf-ea0365222e6257eb75a1ee088cbb7c7b av_one_full  avia-builder-el-20  el_after_av_one_full  el_before_av_one_full  first flex_column_div av-zero-column-padding  column-top-margin'     ><section  class='av_textblock_section av-lgdmn4ul-d137d96759b3dcb6276fb52a310cc784 '  ><div class='avia_textblock' >\n<style type=\"text\/css\" data-created_by=\"avia_inline_auto\" id=\"style-css-av-4bi90mr-0549eb878845c890e8cccbc6a7ea864d\">\n#top .hr.hr-invisible.av-4bi90mr-0549eb878845c890e8cccbc6a7ea864d{\nheight:20px;\n}\n<\/style>\n<div  class='hr av-4bi90mr-0549eb878845c890e8cccbc6a7ea864d hr-invisible  avia-builder-el-22  avia-builder-el-no-sibling '><span class='hr-inner '><span class=\"hr-inner-style\"><\/span><\/span><\/div>\n<h2 id=\"2\" class=\"position\"><strong>Was Kinder von M\u00e4rchen lernen <\/strong><\/h2>\n<p>Nicht umsonst lieben auch viele Erwachsene noch M\u00e4rchen in der einen oder anderen Form, z. B. als <strong>Fantasy-Roman<\/strong>. Doch f\u00fcr Kinder sind M\u00e4rchen nicht nur eine nette Unterhaltung, sondern auch wichtig f\u00fcr die kognitive Entwicklung. Davon abgesehen machen sie nat\u00fcrlich auch eine Menge Spa\u00df. Hier sind kurz zusammengefasst einige Gr\u00fcnde, aus denen Kinder am besten fr\u00fch die Bekanntschaft mit M\u00e4rchen machen.<\/p>\n<p><strong>9 Gr\u00fcnde, warum M\u00e4rchen Kindern guttun <\/strong><\/p>\n<ol>\n<li><strong> Stereotype und Gegens\u00e4tze helfen beim Verstehen <\/strong><\/li>\n<\/ol>\n<p>Die M\u00e4rchenwelt ist <strong>klar strukturiert<\/strong> und oft <strong>in Gegens\u00e4tze gegliedert<\/strong>: Arm und Reich, Gut und B\u00f6se, Stark und Schwach. So eindeutige Sachverhalte finden sich im wahren Leben nur selten. Kinder finden sich durch <strong>Stereotype<\/strong> schnell in der M\u00e4rchenwelt zurecht und begreifen die Handlung schon in jungen Jahren \u2013 auch wenn die Ereignisse wenig bis gar nichts mit ihrer pers\u00f6nlichen Lebensrealit\u00e4t zu tun haben.<\/p>\n<ol start=\"2\">\n<li><strong> Einfache Handlung <\/strong><\/li>\n<\/ol>\n<p>Die Handlung klassischer M\u00e4rchen verl\u00e4uft <strong>linear<\/strong>. Sachverhalte werden deutlich erkl\u00e4rt und bed\u00fcrfen <strong>keiner Interpretation<\/strong>. So hei\u00dft es z. B. am Anfang von <em>Br\u00fcderchen und Schwesterchen<\/em>: \u201eBr\u00fcderchen nahm sein Schwesterchen an der Hand und sprach: \u201aSeit die Mutter tot ist, haben wir keine gute Stunde mehr. Die Stiefmutter schl\u00e4gt uns alle Tage [\u2026]\u2018\u201c<\/p>\n<p>So wissen Lesende und Zuh\u00f6rende sofort, worum es geht. Subtilit\u00e4t findet man zwar zuhauf in M\u00e4rchen, doch Kinder nehmen sie selten wahr und sie ist auch nicht ausschlaggebend, um die Handlung zu verstehen.<\/p>\n<ol start=\"3\">\n<li><strong> Symbolik und Zahlen als wiederkehrende Muster <\/strong><\/li>\n<\/ol>\n<p>Der gierige Zwerg, die b\u00f6se Hexe, drei W\u00fcnsche oder sieben Gei\u00dflein \u2013 viele Motive kommen immer wieder in verschiedenen M\u00e4rchen vor. Das macht sie eing\u00e4ngig und erleichtert Kindern die <strong>Orientierung<\/strong> in der fantastischen Welt, da sie viele <strong>vertraute Symbole<\/strong> auch in neuen Erz\u00e4hlungen wiedererkennen.<\/p>\n<ol start=\"4\">\n<li><strong> M\u00e4rchen machen Mut <\/strong><\/li>\n<\/ol>\n<p><strong>Am Ende wird immer alles gut<\/strong> \u2013 die B\u00f6sewichte werden bestraft, w\u00e4hrend die Guten, die vorher leiden mussten, belohnt und somit f\u00fcr ihren Schmerz entsch\u00e4digt werden. Diese Struktur bietet Kindern Sicherheit. Sie identifizieren sich mit den leidgepr\u00fcften Helden, deren Schwierigkeiten sich am Ende in Luft aufl\u00f6sen. Daraus lernen Kinder z. B., dass es sich lohnt, mutig zu sein und eigene Probleme in Angriff zu nehmen. Oder auch, dass man Hindernisse besser zusammen mit Verb\u00fcndeten \u00fcberwinden kann. Das sind <strong>wichtige Erkenntnisse<\/strong> f\u00fcr das ganze Leben.<\/p>\n<ol start=\"5\">\n<li><strong> M\u00e4rchen sind ideal zum Vorlesen <\/strong><\/li>\n<\/ol>\n<p><strong>Vorlesen st\u00e4rkt die Bindung.<\/strong> M\u00e4rchen sind wie geschaffen daf\u00fcr, gemeinsam auf eine Zauberreise zu gehen. Sie sind angenehm gruselig, ohne Angst zu machen, und am Ende bleibt niemand traurig zur\u00fcck. Au\u00dferdem sind sie kurz genug f\u00fcr kleine Aufmerksamkeitsspannen und gerafft genug, um die Spannung zu erhalten.<\/p>\n<p>Dadurch kann man sie auch toll zwischendurch als kleines <strong>beruhigendes Ritual<\/strong> in den Alltag integrieren. <strong>Sprachf\u00f6rderung<\/strong> passiert dadurch ganz nebenbei.<\/p>\n<ol start=\"6\">\n<li><strong> M\u00e4rchen f\u00f6rdern Empathie und Probleml\u00f6sef\u00e4higkeit <\/strong><\/li>\n<\/ol>\n<p>Kaum ein M\u00e4rchen ohne Konflikt; langweilig wird es also nie. Die meisten M\u00e4rchen schildern keinen Alltag, sondern das Ende desselben durch ein bestimmtes Ereignis. Und dann geht das <strong>Abenteuer<\/strong> los. Die kleinen Zuh\u00f6renden <strong>fiebern mit<\/strong>, gr\u00fcbeln dar\u00fcber nach, wie sich der Held oder die Heldin wohl aus dieser verzwickten, jedoch leicht zu verstehenden Lage befreien kann, und erleben am Ende die Aufl\u00f6sung (eine Art Katharsis), wenn sich das Blatt endlich wendet und alle bekommen, was sie verdienen.<\/p>\n<ol start=\"7\">\n<li><strong> Fantastische Geschichten spiegeln das kindliche Denken <\/strong><\/li>\n<\/ol>\n<p>Haben wir damals nicht selbst an den Weihnachtsmann geglaubt? F\u00fcr Kinder sind <strong>Naturgesetze<\/strong> und <strong>Logik<\/strong> nicht unbedingt logisch und erst recht nicht interessant. Viel aufregender ist es, an <strong>Wunder<\/strong> zu glauben und sich bestimmte Ph\u00e4nomene mit <strong>Magie<\/strong> zu erkl\u00e4ren, solange man es noch nicht besser wissen kann. Genau dazu bieten M\u00e4rchen Gelegenheiten im \u00dcberfluss. Und selbst, wenn es vielleicht keine magischen Wesen gibt, \u2013 dass Tiere sprechen bzw. sich mitteilen k\u00f6nnen, wenn auch nicht in menschlichen Worten, best\u00e4tigt jeder Biologe. M\u00e4rchen sind also nicht jenseits aller Realit\u00e4t.<\/p>\n<ol start=\"8\">\n<li><strong> Kreatives Wachstum durch M\u00e4rchen <\/strong><\/li>\n<\/ol>\n<p>Drachen und Feen, sprechende Tiere, Prinzessinnen und Prinzen: <strong>M\u00e4rchen regen die Fantasie an<\/strong>. Mit Magie ist alles m\u00f6glich und eine Elfe k\u00f6nnen und d\u00fcrfen sich alle vorstellen, wie sie wollen \u2013 es wurde ja noch keine echte gesichtet. M\u00e4rchen laden nicht nur zum Malen und Nachspielen ein, sondern auch zum Neuerz\u00e4hlen und Erfinden. Und wenn da mal die Logik auf der Strecke bleibt, dann k\u00f6nnen verzauberte Hasen eben doch fliegen.<\/p>\n<ol start=\"9\">\n<li><strong> M\u00e4rchen als erste Literaturerfahrung <\/strong><\/li>\n<\/ol>\n<p>Je fr\u00fcher Kinder mit Literatur in Kontakt kommen, umso besser. Gleichzeitig geh\u00f6ren deutsche M\u00e4rchen zum <strong>Kulturgut<\/strong>. So lernen Kindern schon fr\u00fch, dass Lesen, B\u00fccher sowie das Geschichtenerfinden etwas Wundervolles sind und werden mit h\u00f6herer Wahrscheinlichkeit sp\u00e4ter selbst zu Leseratten.<\/p>\n<p><strong>Was spricht gegen M\u00e4rchen? <\/strong><\/p>\n<p>Wer Gr\u00fcnde gegen (deutsche) M\u00e4rchen f\u00fcr kleine Kinder finden will, landet vielleicht bei diesen drei Aspekten:<\/p>\n<ol>\n<li>Darstellung von Gewalt<\/li>\n<li>veraltete Rollenbilder<\/li>\n<li>kulturelle Relevanz f\u00fcr interkulturelle Kindergartengruppen<\/li>\n<\/ol>\n<p>Lassen Sie uns im Folgenden diese drei Punkte genauer anschauen.<\/p>\n<h4><strong>Darstellung von Gewalt <\/strong><\/h4>\n<p>Die meisten M\u00e4rchen sind <strong>blutr\u00fcnstig<\/strong> \u2013 keine Frage. Doch w\u00e4hrend man Kindern die Hexenverbrennungen der Vergangenheit oder Tierqu\u00e4lerei der Gegenwart unter keinen Umst\u00e4nden vermitteln sollte, erkennen auch kleine Kinder schnell, dass es sich bei M\u00e4rchen um <strong>reine Fiktion<\/strong> handelt: Im wahren Leben gibt es keine verzauberten Fr\u00f6sche, b\u00f6sen Hexen oder sprechenden W\u00f6lfe.<\/p>\n<p>Somit verorten Kinder auch jegliche Grausamkeit schnell im Land der Fantasie, zumal es ja immer nur die B\u00f6sen trifft, die ihre <strong>Strafe verdient<\/strong> haben. Gleichzeitig ist es harmloser, eine brutale Handlung in einem kurzen Satz vorgelesen zu bekommen, als eine Filmszene mit demselben Inhalt zu sehen. Dass Menschen zu noch viel schlimmeren Taten imstande sind als die b\u00f6seste M\u00e4rchenhexe, lernen die Kinder leider noch fr\u00fch genug.<\/p>\n<p><strong>Veraltete Rollenbilder <\/strong><\/p>\n<p>In jedem M\u00e4rchen finden sich <strong>Stereotype<\/strong>, die der heutigen Realit\u00e4t oft nicht entsprechen, so z. B:<\/p>\n<ul>\n<li>das arme M\u00e4dchen, das den ganzen Tag arbeiten muss und nicht zur Schule geht<\/li>\n<li>die grausame Stiefmutter, die ihre Stiefkinder immer hasst und t\u00f6ten will<\/li>\n<li>der mutige, edle Ritter, der die hilflose Prinzessin befreit<\/li>\n<li>der gefr\u00e4\u00dfige, b\u00f6se Wolf, der seine Opfer mit List in die Falle lockt<\/li>\n<\/ul>\n<p>Nun war es aber tats\u00e4chlich mal so, dass viele Kinder, vor allem M\u00e4dchen, arbeiten mussten, statt lernen zu d\u00fcrfen \u2013 wie es ja immer noch in vielen Teilen der Welt der Fall ist. <strong>Ritter<\/strong> waren in der Geschichte fast ausschlie\u00dflich m\u00e4nnlich, und manche Floskeln wie \u201eFrauen und Kinder zuerst\u201c erinnern auch heute noch an die vermeintliche Schutzbed\u00fcrftigkeit und Schw\u00e4che von weiblichen Personen. Moderne <strong>Patchwork-Familien<\/strong> sind nicht immer von Anfang an konfliktfrei, auch wenn hoffentlich niemand die Stiefkinder im Wald aussetzt. Auch ein Wolfsrudel war in einer weniger zivilisierten, raueren Welt eine gr\u00f6\u00dfere Gefahr als heute in unserem Umfeld.<\/p>\n<p>Andererseits gibt es in M\u00e4rchen oft genug <strong>weibliche Helden<\/strong>, die das B\u00f6se besiegen: Gretel rettet H\u00e4nsel und \u00fcberlistet die Hexe, doch auch die Hexe ist eine m\u00e4chtige Person \u2013 nicht nur in diesem M\u00e4rchen. \u00c4hnlich ist es um die Stiefm\u00fctter bestellt, gegen deren b\u00f6se Taten der Mann machtlos ist. \u00dcber v\u00f6llig fehlende <strong>Emanzipation<\/strong> kann man sich also zumindest nicht beklagen.<\/p>\n<h4><strong>Kulturelle Relevanz f\u00fcr interkulturelle Kindergartengruppen <\/strong><\/h4>\n<p>Deutsche M\u00e4rchen geh\u00f6ren zum <strong>deutschen Kulturgut<\/strong> und haben somit ihre Berechtigung im Kita- und auch Schulalltag. Au\u00dferdem lernen die Kinder so viele veraltete oder veraltende deutsche W\u00f6rter, mit denen sie in Mittel- und Oberstufe konfrontiert werden, denn <strong>Goethe<\/strong>, <strong>Schiller<\/strong> &amp; Co. lebten zu der Zeit, in der diese M\u00e4rchen entstanden, und benutzten folglich dieselben W\u00f6rter. Wer Erfahrung mit deutschen M\u00e4rchen hat, versteht somit auch die <strong>deutschen Klassiker<\/strong> leichter.<\/p>\n<p>Au\u00dferdem muss sich das Vorlesen von M\u00e4rchen ja nicht auf die Sammlung der Br\u00fcder Grimm beschr\u00e4nken. Es gibt so viele tolle M\u00e4rchen aus anderen Kulturkreisen, von denen die Kinder viel lernen und die sie noch einmal in anders neue und fremde Welten entf\u00fchren. In den Quellen am Ende des Beitrags finden Sie eine <strong>Auswahl internationaler M\u00e4rchen<\/strong>.<\/p>\n<p><strong>Tipp<\/strong>: Spannend ist auch der Vergleich zwischen <strong>l\u00e4nderspezifischen Variationen<\/strong> desselben Themas. \u201eDie Feen\u201c von <strong>Charles Perrault<\/strong> ist die franz\u00f6sische Entsprechung zu \u201eFrau Holle\u201c, \u201eDie Aschenkatze\u201c des italienischen Schriftstellers <strong>Giambattista Basile<\/strong> greift dasselbe Motiv wie \u201eAschenputtel\u201c auf.<\/p>\n<p><strong>Achtung<\/strong>: Stellen Sie vorher sicher, dass alle Versionen kindgerecht sind. Das <strong>franz\u00f6sische Rotk\u00e4ppchen<\/strong> wird beispielsweise nicht gerettet und die Erz\u00e4hlung thematisiert Kindesmissbrauch.<\/p>\n<\/div><\/section><\/div>\n\n<style type=\"text\/css\" data-created_by=\"avia_inline_auto\" id=\"style-css-av-3qpzfjn-70b0af58a402379613f3eb28468559ee\">\n.flex_column.av-3qpzfjn-70b0af58a402379613f3eb28468559ee{\nborder-radius:0px 0px 0px 0px;\npadding:0px 0px 0px 0px;\n}\n<\/style>\n<div  class='flex_column av-3qpzfjn-70b0af58a402379613f3eb28468559ee av_one_full  avia-builder-el-23  el_after_av_one_full  el_before_av_one_third  first flex_column_div av-zero-column-padding  column-top-margin'     ><section  class='av_textblock_section av-lgdmo4o9-673f09a5811721e5135a1bf1821f249a '  ><div class='avia_textblock' >\n<style type=\"text\/css\" data-created_by=\"avia_inline_auto\" id=\"style-css-av-3nzbwlv-8ddfe04a5aaa5c9d00debf4997b16537\">\n#top .hr.hr-invisible.av-3nzbwlv-8ddfe04a5aaa5c9d00debf4997b16537{\nheight:20px;\n}\n<\/style>\n<div  class='hr av-3nzbwlv-8ddfe04a5aaa5c9d00debf4997b16537 hr-invisible  avia-builder-el-25  avia-builder-el-no-sibling '><span class='hr-inner '><span class=\"hr-inner-style\"><\/span><\/span><\/div>\n<h2 id=\"3\" class=\"position\"><strong>M\u00e4rchen gemeinsam (im Kindergarten) entdecken \u2013 aber richtig <\/strong><\/h2>\n<p>M\u00e4rchen bieten eine F\u00fclle von <strong>Gespr\u00e4chsanl\u00e4ssen<\/strong>, <strong>Handlungsimpulsen<\/strong> und kreativen <strong>Inspirationen<\/strong>. Daher ist es wichtig, dass Sie sich die n\u00f6tige Zeit nehmen, um mit Ihren Kindern das jeweilige M\u00e4rchen in all seinen Facetten zu entdecken.<\/p>\n<p>Nat\u00fcrlich ist das Vorlesen an sich erstmal das gr\u00f6\u00dfte <strong>Highlight<\/strong> f\u00fcr die Kleinen. Es gibt jedoch viele weitere M\u00f6glichkeiten, sich kreativ mit M\u00e4rchen auseinanderzusetzen.<\/p>\n<p><strong>Worauf es beim Vorlesen ankommt <\/strong><\/p>\n<p>F\u00fcr Kinder ist es ein Genuss, tolle Geschichten vorgelesen zu bekommen. Dazu passt nat\u00fcrlich auch eine <strong>gem\u00fctliche Atmosph\u00e4re<\/strong>, z. B. in der <strong>Kuschel- oder Leseecke<\/strong> mit ein paar flauschigen Decken, mit einer gedimmten <strong>Beleuchtung<\/strong> oder verdunkelten Fenstern.<\/p>\n<p>Vorlesen ist eine Kunst. Wenn Sie sie beherrschen, garantieren Sie Ihren kleinen Zuh\u00f6rern noch mehr Spa\u00df w\u00e4hrend der M\u00e4rchenstunden. Mit diesen 5 Tipps gelingt es Ihnen:<\/p>\n<ol>\n<li>Sprechen Sie langsam und deutlich.<\/li>\n<li>Unterstreichen Sie die Handlung durch Mimik \/ Gestik und das Verstellen der Stimme.<\/li>\n<li>Variieren Sie Betonung und Lautst\u00e4rke.<\/li>\n<li>Suchen Sie zwischendurch Blickkontakt mit Ihren Zuh\u00f6rerinnen und Zuh\u00f6rern. So k\u00f6nnen Sie nicht nur deren Reaktionen beobachten, sondern wissen auch, ob alle voll dabei sind.<\/li>\n<li>Machen Sie an geeigneten Stellen <strong>kleine Pausen<\/strong>, um die <strong>Spannung<\/strong> zu erh\u00f6hen oder auf Ideen der Kinder zu warten, was nun wohl passiert. <strong>Wiederkehrende Reime<\/strong> und Spr\u00fcche kennen die Kinder vielleicht schon <strong>auswendig<\/strong> und sagen sie gern an den entsprechenden Stellen auf.<\/li>\n<\/ol>\n<p><strong>Tipp<\/strong>: <strong>Variieren<\/strong> Sie bestimmte Elemente der Erz\u00e4hlung \u2013 z. B., indem Sie den Figuren die Namen der Kinder geben oder die Handlung an einen den Kindern bekannten Ort verlegen. Das garantiert Ihnen nicht nur die <strong>Aufmerksamkeit<\/strong> der Kleinen, sondern regt sie auch an, das M\u00e4rchen ihrerseits umzugestalten.<\/p>\n<p>Weitere Informationen zum Thema Vorlesen und Erz\u00e4hlen finden Sie in unserem Beitrag zu <a href=\"https:\/\/www.backwinkel.de\/blog\/literacy\/\" target=\"_blank\" rel=\"noopener\">Literacy, Lese- und Schreibkompetenz<\/a>.<\/p>\n<p><strong>\u00dcber M\u00e4rchen sprechen <\/strong><\/p>\n<p>M\u00e4rchen sind eine fantastische Gelegenheit, um sich in die Figuren hineinzuf\u00fchlen. Als Einstieg reicht es oft schon, auf die <strong>Reaktionen der Kinder<\/strong> zu achten: Sind sie schadenfroh, wenn die b\u00f6se Stiefmutter stirbt, und erleichtert, wenn der Prinz das arme M\u00e4dchen rettet? Dann fragen Sie nach, was die Kinder f\u00fchlen und warum.<\/p>\n<p>Dar\u00fcber hinaus k\u00f6nnen Sie den Kindern Fragen stellen:<\/p>\n<ul>\n<li>Wie f\u00fchlen sich wohl die 7 Zwerge, als pl\u00f6tzlich Schneewittchen bei ihnen im Bett liegt und wie w\u00fcrden sich die Kinder an ihrer Stelle f\u00fchlen?<\/li>\n<li>Warum lebt die Hexe ganz alleine im Wald und wie geht es ihr damit?<\/li>\n<li>Was w\u00fcrden die Kinder an der Stelle der M\u00fcllerstochter in \u201eRumpelstilzchen\u201c tun, wenn sie vor eine unl\u00f6sbare Aufgabe gestellt werden w\u00fcrden?<\/li>\n<li>Was w\u00fcrden die Kinder tun, wenn sie Zauberkr\u00e4fte h\u00e4tten?<\/li>\n<\/ul>\n<p><strong>Kreative Inspiration durch M\u00e4rchen <\/strong><\/p>\n<p>M\u00e4rchen werfen das Kopfkino hat, und dadurch sprudeln eigene Ideen und Fragen hervor \u2013 was passiert warum, ginge es auch anders, wie sieht wohl ein Zauberer aus? Daher haben wir hier drei Ans\u00e4tze, um mit Ihren Kindern deren Lieblingsm\u00e4rchen zu vertiefen.<\/p>\n<h4><strong>Bekannte M\u00e4rchen anders erz\u00e4hlen <\/strong><\/h4>\n<p>Es mag vorkommen, dass Ihre Kinder mit der Handlung einzelner M\u00e4rchen nicht zufrieden oder nicht einverstanden sind. Dann dichten Sie sie einfach gemeinsam um. Sprechen Sie vorher dar\u00fcber, warum die Kinder einzelne Aspekte nicht gelungen finden.<\/p>\n<p>Das <strong>Kamishibai<\/strong> ist dabei eine wunderbare Unterst\u00fctzung \u2013 vor allem, wenn die Kinder am Ende ihre eigene Version des M\u00e4rchens erz\u00e4hlen m\u00f6chten.<\/p>\n<p>Eine weitere Variante ist, dass Sie den Kindern ein ihnen unbekanntes M\u00e4rchen <strong>vorlesen<\/strong> und an markanten Stellen, die eine Entscheidung verlangen, <strong>pausieren<\/strong>. Warten Sie auf <strong>Vorschl\u00e4ge<\/strong>, was die Kinder tun w\u00fcrden oder von den Protagonisten erwarten.<\/p>\n<h4><strong>M\u00e4rchenmaler <\/strong><\/h4>\n<p>Nat\u00fcrlich befeuern M\u00e4rchen <strong>Fantasie<\/strong> und <strong>Kreativit\u00e4t<\/strong>. Wenn Ihre Kinder Lust haben, bestimmte Szenen zu malen, entsteht so vielleicht eine <strong>Bildergeschichte<\/strong> zum M\u00e4rchen, oder ein eigenes M\u00e4rchenbuch mit Illustrationen. Im Internet gibt es dar\u00fcber hinaus viele <strong>Malvorlagen<\/strong> zu verschiedenen M\u00e4rchen.<\/p>\n<h4><strong>M\u00e4rchen als Theaterst\u00fcck <\/strong><\/h4>\n<p>Ob <strong>Kasperletheater<\/strong> oder <strong>Theaterauff\u00fchrung<\/strong> mit selbst gemachten <strong>Kost\u00fcmen<\/strong>: Vielleicht st\u00f6\u00dft ein M\u00e4rchen in seiner originalen oder von den Kindern abgewandelten Form ja auf besondere Begeisterung, sodass sie sich noch intensiver damit auseinandersetzen wollen.<\/p>\n<p><strong>Als Variationen sind diese Ideen m\u00f6glich<\/strong>:<\/p>\n<ul>\n<li><strong>Ohne Worte<\/strong><\/li>\n<\/ul>\n<p>Erkennt das Publikum, um welches M\u00e4rchen es sich handelt, wenn es rein <strong>pantomimisch<\/strong> dargestellt wird?<\/p>\n<ul>\n<li><strong>Zus\u00e4tzliche Figuren<\/strong><\/li>\n<\/ul>\n<p>Wer sagt, dass H\u00e4nsel und Gretel im Wald nicht zahlreiche Tiere, Zauberwesen oder andere Kinder treffen? Warum muss Rotk\u00e4ppchen allein zu seiner Oma durch den Wald spazieren? <strong>Kleine Rollen<\/strong> ohne (viel) Text k\u00f6nnen auch J\u00fcngere problemlos \u00fcbernehmen.<\/p>\n<ul>\n<li><strong>Verfremdung<\/strong><\/li>\n<\/ul>\n<p>Wie w\u00e4re es, wenn Dornr\u00f6schen gar nicht geweckt werden wollte oder ein M\u00e4dchen zur Abwechslung den K\u00f6nig rettet? Vielleicht ist die Hexe im Lebkuchenhaus ein <strong>Halloween-Fan<\/strong> und freut sich \u00fcber den Kinderbesuch?<\/p>\n<ul>\n<li><strong>Modernisierung<\/strong><\/li>\n<\/ul>\n<p>Welche Sorgen plagen das Schneewittchen von heute? Wo findet es Unterschlupf? Was kauft es vom H\u00e4ndler und wie verbringt es seinen Tag im Exil? Wie klingt ein f\u00fcr die Kinder allt\u00e4glicher <strong>Zauberspruch<\/strong>?<\/p>\n<p>Dar\u00fcber hinaus gibt es selbstverst\u00e4ndlich noch viele andere M\u00f6glichkeiten, traditionelle M\u00e4rchen aufzupeppen oder individuell zu gestalten. Probieren Sie sich einfach gemeinsam aus und lassen Sie sich vom Ergebnis \u00fcberraschen.<\/p>\n<\/div><\/section><\/div>\n<div class='flex_column_table av-ioxdto-ec14c1f0eafd4a04ca12607db6baeedc sc-av_one_third av-equal-height-column-flextable'>\n<style type=\"text\/css\" data-created_by=\"avia_inline_auto\" id=\"style-css-av-ioxdto-ec14c1f0eafd4a04ca12607db6baeedc\">\n.flex_column.av-ioxdto-ec14c1f0eafd4a04ca12607db6baeedc{\nborder-width:1px;\nborder-color:#ebebeb;\nborder-style:solid;\nborder-radius:0px 0px 0px 0px;\npadding:10px 10px 10px 10px;\n}\n<\/style>\n<div  class='flex_column av-ioxdto-ec14c1f0eafd4a04ca12607db6baeedc av_one_third  avia-builder-el-26  el_after_av_one_full  el_before_av_one_third  first flex_column_table_cell av-equal-height-column av-align-top  column-top-margin'     ><p><section  class='av_textblock_section av-l7elhcb4-05742cfa5c91e6d948714cf197d7f53f '  ><div class='avia_textblock' ><p><img decoding=\"async\" class=\"alignnone wp-image-11554 size-full\" src=\"https:\/\/blog.backwinkel.de\/wp-content\/uploads\/2023\/05\/43266_der-froschkoenig.jpeg\" alt=\"\" width=\"700\" height=\"700\" srcset=\"https:\/\/www.backwinkel.de\/blog\/wp-content\/uploads\/2023\/05\/43266_der-froschkoenig.jpeg 700w, https:\/\/www.backwinkel.de\/blog\/wp-content\/uploads\/2023\/05\/43266_der-froschkoenig-36x36.jpeg 36w, https:\/\/www.backwinkel.de\/blog\/wp-content\/uploads\/2023\/05\/43266_der-froschkoenig-180x180.jpeg 180w\" sizes=\"(max-width: 700px) 100vw, 700px\" \/><\/p>\n<p style=\"font-size: 20px; font-family: urw_grotesk_extra_narrowrg; text-align: left;\">Der Froschk\u00f6nig<\/p>\n<p style=\"text-align: left;\"><div  class='avia-button-wrap av-i5l83g-0f4d54b0f372d6fa49d43162df4465c6-wrap avia-button-center  avia-builder-el-28  avia-builder-el-no-sibling '><a href='https:\/\/www.backwinkel.de\/prod\/kamishibai-bildkarten-der-froschkoenig.html'  class='avia-button av-i5l83g-0f4d54b0f372d6fa49d43162df4465c6 av-link-btn avia-icon_select-no avia-size-medium avia-position-center avia-color-theme-color'  target=\"_blank\"  rel=\"noopener noreferrer\"  aria-label=\"zum Produkt\"><span class='avia_iconbox_title' >zum Produkt<\/span><\/a><\/div><\/p>\n<\/div><\/section><br \/>\n\n<style type=\"text\/css\" data-created_by=\"avia_inline_auto\" id=\"style-css-av-g0g38s-ce499c13c018dbb7298d8bbbef42f017\">\n#top .hr.hr-invisible.av-g0g38s-ce499c13c018dbb7298d8bbbef42f017{\nheight:20px;\n}\n<\/style>\n<div  class='hr av-g0g38s-ce499c13c018dbb7298d8bbbef42f017 hr-invisible  avia-builder-el-29  el_after_av_textblock  avia-builder-el-last '><span class='hr-inner '><span class=\"hr-inner-style\"><\/span><\/span><\/div><\/p><\/div>\n<div class='av-flex-placeholder'><\/div>\n<style type=\"text\/css\" data-created_by=\"avia_inline_auto\" id=\"style-css-av-dpmha4-8db092c8d42380ff76fe837638b3593c\">\n.flex_column.av-dpmha4-8db092c8d42380ff76fe837638b3593c{\nborder-width:1px;\nborder-color:#ebebeb;\nborder-style:solid;\nborder-radius:0px 0px 0px 0px;\npadding:10px 10px 10px 10px;\n}\n<\/style>\n<div  class='flex_column av-dpmha4-8db092c8d42380ff76fe837638b3593c av_one_third  avia-builder-el-30  el_after_av_one_third  el_before_av_one_third  flex_column_table_cell av-equal-height-column av-align-top  column-top-margin'     ><p><section  class='av_textblock_section av-bu6a5o-adff641327cef1a6b0e5bcb473cf987b '  ><div class='avia_textblock' ><p><img decoding=\"async\" class=\"alignnone wp-image-11555 size-full\" src=\"https:\/\/blog.backwinkel.de\/wp-content\/uploads\/2023\/05\/43263_erzaehltheater-kamishibai.jpeg\" alt=\"\" width=\"700\" height=\"700\" srcset=\"https:\/\/www.backwinkel.de\/blog\/wp-content\/uploads\/2023\/05\/43263_erzaehltheater-kamishibai.jpeg 700w, https:\/\/www.backwinkel.de\/blog\/wp-content\/uploads\/2023\/05\/43263_erzaehltheater-kamishibai-36x36.jpeg 36w, https:\/\/www.backwinkel.de\/blog\/wp-content\/uploads\/2023\/05\/43263_erzaehltheater-kamishibai-180x180.jpeg 180w\" sizes=\"(max-width: 700px) 100vw, 700px\" \/><\/p>\n<p style=\"font-size: 20px; font-family: urw_grotesk_extra_narrowrg; text-align: left;\">Kamishibai Erz\u00e4hltheater<\/p>\n<p style=\"text-align: left;\"><div  class='avia-button-wrap av-b9ewak-14c8702d321414bd78a60cc0eed25305-wrap avia-button-center  avia-builder-el-32  avia-builder-el-no-sibling '><a href='https:\/\/www.backwinkel.de\/kamishibai-erzaehltheater.html'  class='avia-button av-b9ewak-14c8702d321414bd78a60cc0eed25305 av-link-btn avia-icon_select-no avia-size-medium avia-position-center avia-color-theme-color'  target=\"_blank\"  rel=\"noopener noreferrer\"  aria-label=\"zum Produkt\"><span class='avia_iconbox_title' >zum Produkt<\/span><\/a><\/div><\/p>\n<\/div><\/section><br \/>\n\n<style type=\"text\/css\" data-created_by=\"avia_inline_auto\" id=\"style-css-av-98zau4-97afd58dea2aa3cbc7341221ea243b4d\">\n#top .hr.hr-invisible.av-98zau4-97afd58dea2aa3cbc7341221ea243b4d{\nheight:20px;\n}\n<\/style>\n<div  class='hr av-98zau4-97afd58dea2aa3cbc7341221ea243b4d hr-invisible  avia-builder-el-33  el_after_av_textblock  avia-builder-el-last '><span class='hr-inner '><span class=\"hr-inner-style\"><\/span><\/span><\/div><\/p><\/div>\n<div class='av-flex-placeholder'><\/div>\n<style type=\"text\/css\" data-created_by=\"avia_inline_auto\" id=\"style-css-av-7gup9o-d4a0bff7234bad7305d3fdc0aa1fc721\">\n.flex_column.av-7gup9o-d4a0bff7234bad7305d3fdc0aa1fc721{\nborder-width:1px;\nborder-color:#ebebeb;\nborder-style:solid;\nborder-radius:0px 0px 0px 0px;\npadding:10px 10px 10px 10px;\n}\n<\/style>\n<div  class='flex_column av-7gup9o-d4a0bff7234bad7305d3fdc0aa1fc721 av_one_third  avia-builder-el-34  el_after_av_one_third  el_before_av_hr  flex_column_table_cell av-equal-height-column av-align-top  column-top-margin'     ><p><section  class='av_textblock_section av-5xc8to-a8b217bf582573b4083a53d3a58684c5 '  ><div class='avia_textblock' ><p><img decoding=\"async\" class=\"alignnone wp-image-11556 \" src=\"https:\/\/blog.backwinkel.de\/wp-content\/uploads\/2023\/05\/24360_funzy-spielsofa-image-2_zoom.jpeg\" alt=\"\" width=\"545\" height=\"545\" srcset=\"https:\/\/www.backwinkel.de\/blog\/wp-content\/uploads\/2023\/05\/24360_funzy-spielsofa-image-2_zoom.jpeg 2048w, https:\/\/www.backwinkel.de\/blog\/wp-content\/uploads\/2023\/05\/24360_funzy-spielsofa-image-2_zoom-1536x1536.jpeg 1536w, https:\/\/www.backwinkel.de\/blog\/wp-content\/uploads\/2023\/05\/24360_funzy-spielsofa-image-2_zoom-36x36.jpeg 36w, https:\/\/www.backwinkel.de\/blog\/wp-content\/uploads\/2023\/05\/24360_funzy-spielsofa-image-2_zoom-180x180.jpeg 180w\" sizes=\"(max-width: 545px) 100vw, 545px\" \/><\/p>\n<p style=\"font-size: 20px; font-family: urw_grotesk_extra_narrowrg; text-align: left;\">Funzy Spielsofa<\/p>\n<p style=\"text-align: left;\"><div  class='avia-button-wrap av-42izbg-164273f5d4a5dd5ebcc0adc28656fd61-wrap avia-button-center  avia-builder-el-36  avia-builder-el-no-sibling '><a href='https:\/\/www.backwinkel.de\/prod\/funzy-spielsofa-velours.html'  class='avia-button av-42izbg-164273f5d4a5dd5ebcc0adc28656fd61 av-link-btn avia-icon_select-no avia-size-medium avia-position-center avia-color-theme-color'  target=\"_blank\"  rel=\"noopener noreferrer\"  aria-label=\"zum Produkt\"><span class='avia_iconbox_title' >zum Produkt<\/span><\/a><\/div><\/p>\n<\/div><\/section><br \/>\n\n<style type=\"text\/css\" data-created_by=\"avia_inline_auto\" id=\"style-css-av-34kmos-bf82b2f0bad2874622f6b66562996b15\">\n#top .hr.hr-invisible.av-34kmos-bf82b2f0bad2874622f6b66562996b15{\nheight:20px;\n}\n<\/style>\n<div  class='hr av-34kmos-bf82b2f0bad2874622f6b66562996b15 hr-invisible  avia-builder-el-37  el_after_av_textblock  avia-builder-el-last '><span class='hr-inner '><span class=\"hr-inner-style\"><\/span><\/span><\/div><\/p><\/div><\/div><!--close column table wrapper. Autoclose: 1 -->\n\n<style type=\"text\/css\" data-created_by=\"avia_inline_auto\" id=\"style-css-av-kz7pcc-998c523973ce04bd41c056e7ad17fd36\">\n#top .hr.av-kz7pcc-998c523973ce04bd41c056e7ad17fd36{\nmargin-top:10px;\nmargin-bottom:10px;\n}\n.hr.av-kz7pcc-998c523973ce04bd41c056e7ad17fd36 .hr-inner{\nwidth:500;\n}\n<\/style>\n<div  class='hr av-kz7pcc-998c523973ce04bd41c056e7ad17fd36 hr-custom  avia-builder-el-38  el_after_av_one_third  el_before_av_one_full  hr-left hr-icon-no'><span class='hr-inner inner-border-av-border-none'><span class=\"hr-inner-style\"><\/span><\/span><\/div>\n\n<style type=\"text\/css\" data-created_by=\"avia_inline_auto\" id=\"style-css-av-11hwcfn-b7ad7d733127b0233d87cbf51c74f17c\">\n.flex_column.av-11hwcfn-b7ad7d733127b0233d87cbf51c74f17c{\nborder-radius:0px 0px 0px 0px;\npadding:0px 0px 0px 0px;\n}\n<\/style>\n<div  class='flex_column av-11hwcfn-b7ad7d733127b0233d87cbf51c74f17c av_one_full  avia-builder-el-39  el_after_av_hr  el_before_av_one_full  first flex_column_div av-zero-column-padding  '     ><section  class='av_textblock_section av-lger418c-cf51458c7b0b3a5417a26049970e97f4 '  ><div class='avia_textblock' >\n<style type=\"text\/css\" data-created_by=\"avia_inline_auto\" id=\"style-css-av-u1za7n-ac6b737580ba84d3721dc8ec76b1881f\">\n#top .hr.hr-invisible.av-u1za7n-ac6b737580ba84d3721dc8ec76b1881f{\nheight:20px;\n}\n<\/style>\n<div  class='hr av-u1za7n-ac6b737580ba84d3721dc8ec76b1881f hr-invisible  avia-builder-el-41  avia-builder-el-no-sibling '><span class='hr-inner '><span class=\"hr-inner-style\"><\/span><\/span><\/div>\n<h3>Auch interessant:<\/h3>\n<p><a href=\"https:\/\/www.backwinkel.de\/blog\/kamishibai\/\" target=\"_blank\" rel=\"noopener\">Kamishibai: T\u00fcren auf f\u00fcrs freie Erz\u00e4hlen im Kindergarten und in der Grundschule\u00a0<\/a><br \/>\n<a href=\"https:\/\/www.backwinkel.de\/blog\/lesekompetenz\/\" target=\"_blank\" rel=\"noopener\">Lesekompetenz: So werden aus Leseanf\u00e4ngern clevere Lesef\u00fcchse<\/a><br \/>\n<a href=\"https:\/\/www.backwinkel.de\/blog\/tierschutz-in-der-schule\/\" target=\"_blank\" rel=\"noopener\">Tierschutz: So sensibilisieren Sie Kinder und vermitteln Wertsch\u00e4tzung f\u00fcr Mitgesch\u00f6pfe<\/a><br \/>\n<a href=\"https:\/\/www.backwinkel.de\/cat\/kamishibai-bildkarten-geschichten\/\" target=\"_blank\" rel=\"noopener\">Kamishibai Erz\u00e4hltheater<\/a><br \/>\n<a href=\"https:\/\/www.backwinkel.de\/cat\/kamishibai-maerchen-bildkarten\/\" target=\"_blank\" rel=\"noopener\">M\u00e4rchen<\/a><\/p>\n<\/div><\/section><\/div>\n\n<style type=\"text\/css\" data-created_by=\"avia_inline_auto\" id=\"style-css-av-3tembw-a1c4b21fc3f6f2fd3d0d32482ae74cc6\">\n.flex_column.av-3tembw-a1c4b21fc3f6f2fd3d0d32482ae74cc6{\nborder-radius:0px 0px 0px 0px;\npadding:10px 10px 10px 10px;\nbackground-color:#f2f2f2;\n}\n<\/style>\n<div  class='flex_column av-3tembw-a1c4b21fc3f6f2fd3d0d32482ae74cc6 av_one_full  avia-builder-el-42  el_after_av_one_full  el_before_av_one_full  first flex_column_div  column-top-margin'     ><section  class='av_textblock_section av-2hcanw-354275dfda09aacb13c8894d92e606ed '  ><div class='avia_textblock' ><p class=\"fussnoten-quellen\"><strong>Lesestoff:<\/strong><\/p>\n<p>Baumann-Lerch, Eva: M\u00e4rchen helfen Kindern, das Leben zu bew\u00e4ltigen, 22.05.2014:<br \/>\n<span style=\"font-size: 12pt;\"><a href=\"https:\/\/www.herder.de\/kizz\/kindermedien\/kindermaerchen\/maerchen-helfen-kindern-das-leben-zu-bewaeltigen-maerchenstunde\/\" target=\"_blank\" rel=\"noopener\">https:\/\/www.herder.de\/kizz\/kindermedien\/kindermaerchen\/maerchen-helfen-kindern-das-leben-zu-bewaeltigen-maerchenstunde\/<\/a><br \/>\n<\/span><br \/>\n<span style=\"font-size: 12pt;\">Warum Kinder M\u00e4rchen brauchen, 11.06.2018:<br \/>\n<a href=\"https:\/\/www.familie.de\/kleinkind\/warum-kinder-maerchen-brauchen\/\" target=\"_blank\" rel=\"noopener\">https:\/\/www.familie.de\/kleinkind\/warum-kinder-maerchen-brauchen\/<\/a><br \/>\n<\/span><br \/>\n<span style=\"font-size: 12pt;\">M\u00e4rchen der Br\u00fcder Grimm:<br \/>\n<a href=\"https:\/\/www.grimmstories.com\/de\/grimm_maerchen\/index\" target=\"_blank\" rel=\"noopener\">https:\/\/www.grimmstories.com\/de\/grimm_maerchen\/index<\/a><br \/>\n<\/span><br \/>\nLudwig, Marie-D\u00e9nise: Vorlesen: Die besten Tipps &amp; Tricks, 17.07.2019:<br \/>\n<span style=\"font-size: 12pt;\"><a href=\"https:\/\/praxistipps.focus.de\/vorlesen-die-besten-tipps-tricks_112460\" target=\"_blank\" rel=\"noopener\">https:\/\/praxistipps.focus.de\/vorlesen-die-besten-tipps-tricks_112460<\/a><br \/>\n<\/span><br \/>\n<span style=\"font-size: 12pt;\">informative Seite mit breitem Hintergrundwissen sowie internationalen M\u00e4rchen:<br \/>\n<a href=\"https:\/\/www.maerchenatlas.de\" target=\"_blank\" rel=\"noopener\">https:\/\/www.maerchenatlas.de<\/a><br \/>\n<\/span><br \/>\n<span style=\"font-size: 12pt;\">Artikel \u00fcber die Wichtigkeit von M\u00e4rchen f\u00fcr Kinder mit vielen vertiefenden Links:<br \/>\n<a href=\"https:\/\/pagewizz.com\/maerchen-kinder\/\" target=\"_blank\" rel=\"noopener\">https:\/\/pagewizz.com\/maerchen-kinder\/<\/a><\/span><\/p>\n<p><span style=\"font-size: 12pt;\">https:\/\/de.wikipedia.org\/wiki\/M\u00e4rchen<br \/>\n<\/span><\/p>\n<\/div><\/section><\/div>\n\n<style type=\"text\/css\" data-created_by=\"avia_inline_auto\" id=\"style-css-av-fqckto-d5350d06c16b17286c5e2ae288dcdba2\">\n.flex_column.av-fqckto-d5350d06c16b17286c5e2ae288dcdba2{\nborder-radius:0px 0px 0px 0px;\npadding:10px 10px 10px 10px;\n}\n<\/style>\n<div  class='flex_column av-fqckto-d5350d06c16b17286c5e2ae288dcdba2 av_one_full  avia-builder-el-44  el_after_av_one_full  el_before_av_one_full  first flex_column_div  column-top-margin'     ><section  class='av_textblock_section av-dh1mgc-1f1cdce34e8e6e00b3fada23e5365d1b '  ><div class='avia_textblock' ><p class=\"copyright\"><strong>\u00a9 Copyright \u2013 Urheberrechtshinweis<\/strong><br \/>\nAlle Inhalte auf www.backwinkel.de sowie www.backwinkel.de\/blog, insbesondere Texte, Fotografien und Grafiken, sind urheberrechtlich gesch\u00fctzt.<br \/>\nDas Urheberrecht liegt, soweit nicht ausdr\u00fccklich anders gekennzeichnet, bei der BACKWINKEL GmbH. Bitte fragen Sie uns, falls Sie die Inhalte dieses Internetangebotes verwenden m\u00f6chten.<br \/>\nWer gegen das Urheberrecht verst\u00f6\u00dft (z. B. Bilder oder Texte unerlaubt kopiert), macht sich gem. \u00a7\u00a7 106 ff UrhG strafbar, wird zudem kostenpflichtig abgemahnt und muss Schadensersatz leisten (\u00a7 97 UrhG).<\/p>\n<\/div><\/section><\/div>\n\n<style type=\"text\/css\" data-created_by=\"avia_inline_auto\" id=\"style-css-av-d5co4s-aedf4c432807ac740642c7127dd938f9\">\n.flex_column.av-d5co4s-aedf4c432807ac740642c7127dd938f9{\nborder-radius:0px 0px 0px 0px;\npadding:0px 0px 0px 0px;\n}\n<\/style>\n<div  class='flex_column av-d5co4s-aedf4c432807ac740642c7127dd938f9 av_one_full  avia-builder-el-46  el_after_av_one_full  el_before_av_one_full  first flex_column_div av-zero-column-padding  column-top-margin'     ><section  class='av_textblock_section av-a97ba4-7dd40c09d190f5324e4111b3d971dd4a '  ><div class='avia_textblock' ><div class=\"shariff shariff-align-left shariff-widget-align-left\"><ul class=\"shariff-buttons theme-color orientation-horizontal buttonsize-medium\"><li class=\"shariff-button whatsapp shariff-nocustomcolor\" style=\"background-color:#5cbe4a\"><a href=\"https:\/\/api.whatsapp.com\/send?text=https%3A%2F%2Fwww.backwinkel.de%2Fblog%2Fmaerchen-kindergarten%2F%20Blutr%C3%BCnstig%20und%20trotzdem%20wohltuend%21\" title=\"Bei Whatsapp teilen\" aria-label=\"Bei Whatsapp teilen\" role=\"button\" rel=\"noopener nofollow\" class=\"shariff-link\" style=\"; background-color:#34af23; color:#fff\" target=\"_blank\"><span class=\"shariff-icon\" style=\"\"><svg width=\"32px\" height=\"20px\" xmlns=\"http:\/\/www.w3.org\/2000\/svg\" viewBox=\"0 0 32 32\"><path fill=\"#34af23\" d=\"M17.6 17.4q0.2 0 1.7 0.8t1.6 0.9q0 0.1 0 0.3 0 0.6-0.3 1.4-0.3 0.7-1.3 1.2t-1.8 0.5q-1 0-3.4-1.1-1.7-0.8-3-2.1t-2.6-3.3q-1.3-1.9-1.3-3.5v-0.1q0.1-1.6 1.3-2.8 0.4-0.4 0.9-0.4 0.1 0 0.3 0t0.3 0q0.3 0 0.5 0.1t0.3 0.5q0.1 0.4 0.6 1.6t0.4 1.3q0 0.4-0.6 1t-0.6 0.8q0 0.1 0.1 0.3 0.6 1.3 1.8 2.4 1 0.9 2.7 1.8 0.2 0.1 0.4 0.1 0.3 0 1-0.9t0.9-0.9zM14 26.9q2.3 0 4.3-0.9t3.6-2.4 2.4-3.6 0.9-4.3-0.9-4.3-2.4-3.6-3.6-2.4-4.3-0.9-4.3 0.9-3.6 2.4-2.4 3.6-0.9 4.3q0 3.6 2.1 6.6l-1.4 4.2 4.3-1.4q2.8 1.9 6.2 1.9zM14 2.2q2.7 0 5.2 1.1t4.3 2.9 2.9 4.3 1.1 5.2-1.1 5.2-2.9 4.3-4.3 2.9-5.2 1.1q-3.5 0-6.5-1.7l-7.4 2.4 2.4-7.2q-1.9-3.2-1.9-6.9 0-2.7 1.1-5.2t2.9-4.3 4.3-2.9 5.2-1.1z\"\/><\/svg><\/span><span class=\"shariff-text\">teilen<\/span>&nbsp;<\/a><\/li><li class=\"shariff-button facebook shariff-nocustomcolor\" style=\"background-color:#4273c8\"><a href=\"https:\/\/www.facebook.com\/sharer\/sharer.php?u=https%3A%2F%2Fwww.backwinkel.de%2Fblog%2Fmaerchen-kindergarten%2F\" title=\"Bei Facebook teilen\" aria-label=\"Bei Facebook teilen\" role=\"button\" rel=\"nofollow\" class=\"shariff-link\" style=\"; background-color:#3b5998; color:#fff\" target=\"_blank\"><span class=\"shariff-icon\" style=\"\"><svg width=\"32px\" height=\"20px\" xmlns=\"http:\/\/www.w3.org\/2000\/svg\" viewBox=\"0 0 18 32\"><path fill=\"#3b5998\" d=\"M17.1 0.2v4.7h-2.8q-1.5 0-2.1 0.6t-0.5 1.9v3.4h5.2l-0.7 5.3h-4.5v13.6h-5.5v-13.6h-4.5v-5.3h4.5v-3.9q0-3.3 1.9-5.2t5-1.8q2.6 0 4.1 0.2z\"\/><\/svg><\/span><span class=\"shariff-text\">teilen<\/span>&nbsp;<\/a><\/li><li class=\"shariff-button twitter shariff-nocustomcolor\" style=\"background-color:#595959\"><a href=\"https:\/\/twitter.com\/share?url=https%3A%2F%2Fwww.backwinkel.de%2Fblog%2Fmaerchen-kindergarten%2F&text=Blutr%C3%BCnstig%20und%20trotzdem%20wohltuend%21\" title=\"Bei X teilen\" aria-label=\"Bei X teilen\" role=\"button\" rel=\"noopener nofollow\" class=\"shariff-link\" style=\"; background-color:#000; color:#fff\" target=\"_blank\"><span class=\"shariff-icon\" style=\"\"><svg width=\"32px\" height=\"20px\" xmlns=\"http:\/\/www.w3.org\/2000\/svg\" viewBox=\"0 0 24 24\"><path fill=\"#000\" d=\"M14.258 10.152L23.176 0h-2.113l-7.747 8.813L7.133 0H0l9.352 13.328L0 23.973h2.113l8.176-9.309 6.531 9.309h7.133zm-2.895 3.293l-.949-1.328L2.875 1.56h3.246l6.086 8.523.945 1.328 7.91 11.078h-3.246zm0 0\"\/><\/svg><\/span><span class=\"shariff-text\">teilen<\/span>&nbsp;<\/a><\/li><li class=\"shariff-button pinterest shariff-nocustomcolor\" style=\"background-color:#e70f18\"><a href=\"https:\/\/www.pinterest.com\/pin\/create\/link\/?url=https%3A%2F%2Fwww.backwinkel.de%2Fblog%2Fmaerchen-kindergarten%2F&media=https%3A%2F%2Fwww.backwinkel.de%2Fblog%2Fwp-content%2Fuploads%2F2023%2F05%2Fbackwinkel-blog-Darum_sind_maerchen_wichtig-heroimage.jpg&description=Blutr%C3%BCnstig%20und%20trotzdem%20wohltuend%21\" title=\"Bei Pinterest pinnen\" aria-label=\"Bei Pinterest pinnen\" role=\"button\" rel=\"noopener nofollow\" class=\"shariff-link\" style=\"; background-color:#cb2027; color:#fff\" target=\"_blank\"><span class=\"shariff-icon\" style=\"\"><svg width=\"32px\" height=\"20px\" xmlns=\"http:\/\/www.w3.org\/2000\/svg\" viewBox=\"0 0 27 32\"><path fill=\"#cb2027\" d=\"M27.4 16q0 3.7-1.8 6.9t-5 5-6.9 1.9q-2 0-3.9-0.6 1.1-1.7 1.4-2.9 0.2-0.6 1-3.8 0.4 0.7 1.3 1.2t2 0.5q2.1 0 3.8-1.2t2.7-3.4 0.9-4.8q0-2-1.1-3.8t-3.1-2.9-4.5-1.2q-1.9 0-3.5 0.5t-2.8 1.4-2 2-1.2 2.3-0.4 2.4q0 1.9 0.7 3.3t2.1 2q0.5 0.2 0.7-0.4 0-0.1 0.1-0.5t0.2-0.5q0.1-0.4-0.2-0.8-0.9-1.1-0.9-2.7 0-2.7 1.9-4.6t4.9-2q2.7 0 4.2 1.5t1.5 3.8q0 3-1.2 5.2t-3.1 2.1q-1.1 0-1.7-0.8t-0.4-1.9q0.1-0.6 0.5-1.7t0.5-1.8 0.2-1.4q0-0.9-0.5-1.5t-1.4-0.6q-1.1 0-1.9 1t-0.8 2.6q0 1.3 0.4 2.2l-1.8 7.5q-0.3 1.2-0.2 3.2-3.7-1.6-6-5t-2.3-7.6q0-3.7 1.9-6.9t5-5 6.9-1.9 6.9 1.9 5 5 1.8 6.9z\"\/><\/svg><\/span><span class=\"shariff-text\">merken<\/span>&nbsp;<\/a><\/li><li class=\"shariff-button mailto shariff-nocustomcolor\" style=\"background-color:#a8a8a8\"><a href=\"mailto:?body=https%3A%2F%2Fwww.backwinkel.de%2Fblog%2Fmaerchen-kindergarten%2F&subject=Blutr%C3%BCnstig%20und%20trotzdem%20wohltuend%21\" title=\"Per E-Mail versenden\" aria-label=\"Per E-Mail versenden\" role=\"button\" rel=\"noopener nofollow\" class=\"shariff-link\" style=\"; background-color:#999; color:#fff\"><span class=\"shariff-icon\" style=\"\"><svg width=\"32px\" height=\"20px\" xmlns=\"http:\/\/www.w3.org\/2000\/svg\" viewBox=\"0 0 32 32\"><path fill=\"#999\" d=\"M32 12.7v14.2q0 1.2-0.8 2t-2 0.9h-26.3q-1.2 0-2-0.9t-0.8-2v-14.2q0.8 0.9 1.8 1.6 6.5 4.4 8.9 6.1 1 0.8 1.6 1.2t1.7 0.9 2 0.4h0.1q0.9 0 2-0.4t1.7-0.9 1.6-1.2q3-2.2 8.9-6.1 1-0.7 1.8-1.6zM32 7.4q0 1.4-0.9 2.7t-2.2 2.2q-6.7 4.7-8.4 5.8-0.2 0.1-0.7 0.5t-1 0.7-0.9 0.6-1.1 0.5-0.9 0.2h-0.1q-0.4 0-0.9-0.2t-1.1-0.5-0.9-0.6-1-0.7-0.7-0.5q-1.6-1.1-4.7-3.2t-3.6-2.6q-1.1-0.7-2.1-2t-1-2.5q0-1.4 0.7-2.3t2.1-0.9h26.3q1.2 0 2 0.8t0.9 2z\"\/><\/svg><\/span><span class=\"shariff-text\">E-Mail<\/span>&nbsp;<\/a><\/li><\/ul><\/div>\n<\/div><\/section><\/div>\n\n<style type=\"text\/css\" data-created_by=\"avia_inline_auto\" id=\"style-css-av-leyce6wr-aca459a5151fa423e49ebd2f0b0cba23\">\n.flex_column.av-leyce6wr-aca459a5151fa423e49ebd2f0b0cba23{\nborder-radius:0px 0px 0px 0px;\npadding:0px 0px 0px 0px;\nbackground-color:#f2f2f2;\n}\n<\/style>\n<div  class='flex_column av-leyce6wr-aca459a5151fa423e49ebd2f0b0cba23 av_one_full  avia-builder-el-48  el_after_av_one_full  el_before_av_one_full  first flex_column_div av-zero-column-padding  column-top-margin'     ><div  class='avia-builder-widget-area clearfix  avia-builder-el-49  avia-builder-el-no-sibling '><div id=\"text-29\" class=\"widget clearfix widget_text\"><h3 class=\"widgettitle\">Das BACKWINKEL-Blog-Team<\/h3>\t\t\t<div class=\"textwidget\"><p>Gibts auch ein Gesicht hinter dem BACKWINKEL-Blog? Nat\u00fcrlich. Sogar f\u00fcnf \ud83d\ude0a. Wir \u2013 Lukas, Marvin und Tatjana \u2013 bespielen unseren Blog im LACHEN LEBEN LERNEN-Firmensitz in Hattingen.<br \/>\nLukas kennt Onlinemarketing wie seine Westentasche, w\u00e4hrend Marvin unseren Beitr\u00e4gen den passenden gestalterischen Rahmen gibt und Tatjana mit dem gr\u00fcnen Korrekturstift alles pr\u00fcfend be\u00e4ugt, was unsere Freelancerautorinnen Elisa und Christine (und gern auch Gastautoren) aus der Ferne f\u00fcr den BACKWINKEL-Blog nach ordentlicher Recherche schreiben.<br \/>\nGemeinsam suchen wir st\u00e4ndig nach neuen, aufregenden Themen rund um das Thema Bildung im Kiga, der Schule und zu Hause. Und weil Sie da an der Quelle sitzen, freuen wir uns auf Ihre konstruktiven R\u00fcckmeldungen und Anregungen an blog[@]backwinkel.de<br \/>\nViel Spa\u00df beim LACHEN LESEN LERNEN!<\/p>\n<\/div>\n\t\t<\/div><\/div><\/div>\n\n<style type=\"text\/css\" data-created_by=\"avia_inline_auto\" id=\"style-css-av-21m96ev-10cefdecbd94bf771cc0a852db15e418\">\n.flex_column.av-21m96ev-10cefdecbd94bf771cc0a852db15e418{\nborder-radius:0px 0px 0px 0px;\npadding:0px 0px 0px 0px;\n}\n<\/style>\n<div  class='flex_column av-21m96ev-10cefdecbd94bf771cc0a852db15e418 av_one_full  avia-builder-el-50  el_after_av_one_full  avia-builder-el-last  first flex_column_div av-zero-column-padding  column-top-margin'     ><p>\n<style type=\"text\/css\" data-created_by=\"avia_inline_auto\" id=\"style-css-av-1l6t62f-7ea91fafe1c9fd8f01b5a5ee707950ce\">\n#top .hr.av-1l6t62f-7ea91fafe1c9fd8f01b5a5ee707950ce{\nmargin-top:10px;\nmargin-bottom:10px;\n}\n.hr.av-1l6t62f-7ea91fafe1c9fd8f01b5a5ee707950ce .hr-inner{\nwidth:500;\n}\n<\/style>\n<div  class='hr av-1l6t62f-7ea91fafe1c9fd8f01b5a5ee707950ce hr-custom  avia-builder-el-51  el_before_av_heading  avia-builder-el-first  hr-left hr-icon-no'><span class='hr-inner inner-border-av-border-thin'><span class=\"hr-inner-style\"><\/span><\/span><\/div><br \/>\n\n<style type=\"text\/css\" data-created_by=\"avia_inline_auto\" id=\"style-css-av-112w7mf-cf418d6f1ae2df284a50f174648cad51\">\n#top .av-special-heading.av-112w7mf-cf418d6f1ae2df284a50f174648cad51{\npadding-bottom:10px;\n}\nbody .av-special-heading.av-112w7mf-cf418d6f1ae2df284a50f174648cad51 .av-special-heading-tag .heading-char{\nfont-size:25px;\n}\n.av-special-heading.av-112w7mf-cf418d6f1ae2df284a50f174648cad51 .av-subheading{\nfont-size:15px;\n}\n<\/style>\n<div  class='av-special-heading av-112w7mf-cf418d6f1ae2df284a50f174648cad51 av-special-heading-h3 blockquote modern-quote  avia-builder-el-52  el_after_av_hr  el_before_av_blog '><h3 class='av-special-heading-tag '  >PASSENDE BEITR\u00c4GE<\/h3><div class=\"special-heading-border\"><div class=\"special-heading-inner-border\"><\/div><\/div><\/div><br \/>\n<div  data-slideshow-options=\"{&quot;animation&quot;:&quot;fade&quot;,&quot;autoplay&quot;:false,&quot;loop_autoplay&quot;:&quot;once&quot;,&quot;interval&quot;:5,&quot;loop_manual&quot;:&quot;manual-endless&quot;,&quot;autoplay_stopper&quot;:false,&quot;noNavigation&quot;:false,&quot;show_slide_delay&quot;:90}\" class='avia-content-slider avia-content-grid-active avia-content-slider1 avia-content-slider-odd  avia-builder-el-53  el_after_av_heading  avia-builder-el-last  av-slideshow-ui av-control-default   av-no-slider-navigation av-slideshow-manual av-loop-once av-loop-manual-endless ' ><div class=\"avia-content-slider-inner\"><div class=\"slide-entry-wrap\"><article class='slide-entry flex_column  post-entry post-entry-18716 slide-entry-overview slide-loop-1 slide-parity-odd  av_one_third first real-thumbnail posttype-post post-format-standard' ><a href='https:\/\/www.backwinkel.de\/blog\/rechnen-im-anfangsunterricht\/' data-rel='slide-1' class='slide-image' title='Rechnen im Anfangsunterricht'><img decoding=\"async\" fetchpriority=\"high\" width=\"1200\" height=\"628\" src=\"https:\/\/www.backwinkel.de\/blog\/wp-content\/uploads\/2026\/04\/04_Schule_Rechnen_anfangsunterricht.jpg\" class=\"wp-image-18748 avia-img-lazy-loading-not-18748 attachment-no scaling size-no scaling wp-post-image\" alt=\"\" \/><\/a><div class=\"slide-content\"><header class=\"entry-content-header\" aria-label=\"Slide: Rechnen im Anfangsunterricht\"><h3 class='slide-entry-title entry-title ' ><a href='https:\/\/www.backwinkel.de\/blog\/rechnen-im-anfangsunterricht\/' title='Rechnen im Anfangsunterricht'>Rechnen im Anfangsunterricht<\/a><\/h3><span class=\"blog-categories minor-meta\"><a href=\"https:\/\/www.backwinkel.de\/blog\/category\/schule-grundschule\/\" rel=\"tag\">Schule<\/a> <\/span><span class=\"av-vertical-delimiter\"><\/span><\/header><div class='slide-entry-excerpt entry-content' >Das Klassenzimmer als Lernlandschaft<\/div><\/div><footer class=\"entry-footer\"><div class=\"slide-meta\"><time class='slide-meta-time updated' >14. April 2026<\/time><\/div><\/footer><\/article><article class='slide-entry flex_column  post-entry post-entry-18177 slide-entry-overview slide-loop-2 slide-parity-even  av_one_third  real-thumbnail posttype-post post-format-standard' ><a href='https:\/\/www.backwinkel.de\/blog\/churermodell\/' data-rel='slide-1' class='slide-image' title='Churermodell'><img decoding=\"async\" fetchpriority=\"high\" width=\"1200\" height=\"628\" src=\"https:\/\/www.backwinkel.de\/blog\/wp-content\/uploads\/2026\/03\/03_Schule_Churermodell.jpg\" class=\"wp-image-18217 avia-img-lazy-loading-not-18217 attachment-no scaling size-no scaling wp-post-image\" alt=\"\" \/><\/a><div class=\"slide-content\"><header class=\"entry-content-header\" aria-label=\"Slide: Churermodell\"><h3 class='slide-entry-title entry-title ' ><a href='https:\/\/www.backwinkel.de\/blog\/churermodell\/' title='Churermodell'>Churermodell<\/a><\/h3><span class=\"blog-categories minor-meta\"><a href=\"https:\/\/www.backwinkel.de\/blog\/category\/schule-grundschule\/\" rel=\"tag\">Schule<\/a> <\/span><span class=\"av-vertical-delimiter\"><\/span><\/header><div class='slide-entry-excerpt entry-content' >Das Klassenzimmer als Lernlandschaft<\/div><\/div><footer class=\"entry-footer\"><div class=\"slide-meta\"><time class='slide-meta-time updated' >9. M\u00e4rz 2026<\/time><\/div><\/footer><\/article><article class='slide-entry flex_column  post-entry post-entry-18119 slide-entry-overview slide-loop-3 slide-parity-odd  post-entry-last  av_one_third  real-thumbnail posttype-post post-format-standard' ><a href='https:\/\/www.backwinkel.de\/blog\/digitalpakt-2-0\/' data-rel='slide-1' class='slide-image' title='Digitalpakt 2.0'><img decoding=\"async\" fetchpriority=\"high\" width=\"1200\" height=\"628\" src=\"https:\/\/www.backwinkel.de\/blog\/wp-content\/uploads\/2026\/01\/02_Schule_Digitalpakt.jpg\" class=\"wp-image-18138 avia-img-lazy-loading-not-18138 attachment-no scaling size-no scaling wp-post-image\" alt=\"\" \/><\/a><div class=\"slide-content\"><header class=\"entry-content-header\" aria-label=\"Slide: Digitalpakt 2.0\"><h3 class='slide-entry-title entry-title ' ><a href='https:\/\/www.backwinkel.de\/blog\/digitalpakt-2-0\/' title='Digitalpakt 2.0'>Digitalpakt 2.0<\/a><\/h3><span class=\"blog-categories minor-meta\"><a href=\"https:\/\/www.backwinkel.de\/blog\/category\/schule-grundschule\/\" rel=\"tag\">Schule<\/a> <\/span><span class=\"av-vertical-delimiter\"><\/span><\/header><div class='slide-entry-excerpt entry-content' >Geht es jetzt mit der Digitalisierung in Bildungseinrichtungen voran?<\/div><\/div><footer class=\"entry-footer\"><div class=\"slide-meta\"><time class='slide-meta-time updated' >10. Februar 2026<\/time><\/div><\/footer><\/article><\/div><\/div><\/div><\/p><\/div>\n","protected":false},"excerpt":{"rendered":"<p>M\u00e4rchen sind aus dem Kindergarten nicht wegzudenken.<\/p>\n","protected":false},"author":1,"featured_media":11560,"comment_status":"closed","ping_status":"closed","sticky":false,"template":"","format":"standard","meta":{"inline_featured_image":false,"footnotes":""},"categories":[5],"tags":[],"class_list":["post-11520","post","type-post","status-publish","format-standard","has-post-thumbnail","hentry","category-kindergarten-kita"],"yoast_head":"<!-- This site is optimized with the Yoast SEO plugin v27.4 - https:\/\/yoast.com\/product\/yoast-seo-wordpress\/ -->\n<title>M\u00e4rchen im Kindergarten: Warum und wie | BACKWINKEL Blog<\/title>\n<meta name=\"description\" content=\"M\u00e4rchen sind im Kindergarten nicht wegzudenken: Was Kinder von ihnen lernen und wie man sie gemeinsam richtig entdeckt... \u2713 Jetzt lesen!\" \/>\n<meta name=\"robots\" content=\"index, follow, max-snippet:-1, max-image-preview:large, max-video-preview:-1\" \/>\n<link rel=\"canonical\" href=\"https:\/\/www.backwinkel.de\/blog\/maerchen-kindergarten\/\" \/>\n<meta property=\"og:locale\" content=\"de_DE\" \/>\n<meta property=\"og:type\" content=\"article\" \/>\n<meta property=\"og:title\" content=\"M\u00e4rchen im Kindergarten: Warum und wie | BACKWINKEL Blog\" \/>\n<meta property=\"og:description\" content=\"M\u00e4rchen sind im Kindergarten nicht wegzudenken: Was Kinder von ihnen lernen und wie man sie gemeinsam richtig entdeckt... \u2713 Jetzt lesen!\" \/>\n<meta property=\"og:url\" content=\"https:\/\/www.backwinkel.de\/blog\/maerchen-kindergarten\/\" \/>\n<meta property=\"og:site_name\" content=\"BACKWINKEL Blog\" \/>\n<meta property=\"article:published_time\" content=\"2023-05-22T07:14:42+00:00\" \/>\n<meta property=\"article:modified_time\" content=\"2026-04-24T08:18:01+00:00\" \/>\n<meta property=\"og:image\" content=\"https:\/\/www.backwinkel.de\/blog\/wp-content\/uploads\/2023\/05\/backwinkel-blog-Darum_sind_maerchen_wichtig-heroimage.jpg\" \/>\n\t<meta property=\"og:image:width\" content=\"1200\" \/>\n\t<meta property=\"og:image:height\" content=\"628\" \/>\n\t<meta property=\"og:image:type\" content=\"image\/jpeg\" \/>\n<meta name=\"author\" content=\"admin_backwinkel\" \/>\n<meta name=\"twitter:card\" content=\"summary_large_image\" \/>\n<meta name=\"twitter:label1\" content=\"Verfasst von\" \/>\n\t<meta name=\"twitter:data1\" content=\"admin_backwinkel\" \/>\n\t<meta name=\"twitter:label2\" content=\"Gesch\u00e4tzte Lesezeit\" \/>\n\t<meta name=\"twitter:data2\" content=\"18\u00a0Minuten\" \/>\n<script type=\"application\/ld+json\" class=\"yoast-schema-graph\">{\"@context\":\"https:\\\/\\\/schema.org\",\"@graph\":[{\"@type\":\"Article\",\"@id\":\"https:\\\/\\\/www.backwinkel.de\\\/blog\\\/maerchen-kindergarten\\\/#article\",\"isPartOf\":{\"@id\":\"https:\\\/\\\/www.backwinkel.de\\\/blog\\\/maerchen-kindergarten\\\/\"},\"author\":{\"name\":\"admin_backwinkel\",\"@id\":\"https:\\\/\\\/www.backwinkel.de\\\/blog\\\/#\\\/schema\\\/person\\\/88b842297c0e471020a66f4476633cf2\"},\"headline\":\"Blutr\u00fcnstig und trotzdem wohltuend!\",\"datePublished\":\"2023-05-22T07:14:42+00:00\",\"dateModified\":\"2026-04-24T08:18:01+00:00\",\"mainEntityOfPage\":{\"@id\":\"https:\\\/\\\/www.backwinkel.de\\\/blog\\\/maerchen-kindergarten\\\/\"},\"wordCount\":6841,\"image\":{\"@id\":\"https:\\\/\\\/www.backwinkel.de\\\/blog\\\/maerchen-kindergarten\\\/#primaryimage\"},\"thumbnailUrl\":\"https:\\\/\\\/www.backwinkel.de\\\/blog\\\/wp-content\\\/uploads\\\/2023\\\/05\\\/backwinkel-blog-Darum_sind_maerchen_wichtig-heroimage.jpg\",\"articleSection\":[\"Kindergarten\"],\"inLanguage\":\"de\"},{\"@type\":\"WebPage\",\"@id\":\"https:\\\/\\\/www.backwinkel.de\\\/blog\\\/maerchen-kindergarten\\\/\",\"url\":\"https:\\\/\\\/www.backwinkel.de\\\/blog\\\/maerchen-kindergarten\\\/\",\"name\":\"M\u00e4rchen im Kindergarten: Warum und wie | BACKWINKEL Blog\",\"isPartOf\":{\"@id\":\"https:\\\/\\\/www.backwinkel.de\\\/blog\\\/#website\"},\"primaryImageOfPage\":{\"@id\":\"https:\\\/\\\/www.backwinkel.de\\\/blog\\\/maerchen-kindergarten\\\/#primaryimage\"},\"image\":{\"@id\":\"https:\\\/\\\/www.backwinkel.de\\\/blog\\\/maerchen-kindergarten\\\/#primaryimage\"},\"thumbnailUrl\":\"https:\\\/\\\/www.backwinkel.de\\\/blog\\\/wp-content\\\/uploads\\\/2023\\\/05\\\/backwinkel-blog-Darum_sind_maerchen_wichtig-heroimage.jpg\",\"datePublished\":\"2023-05-22T07:14:42+00:00\",\"dateModified\":\"2026-04-24T08:18:01+00:00\",\"author\":{\"@id\":\"https:\\\/\\\/www.backwinkel.de\\\/blog\\\/#\\\/schema\\\/person\\\/88b842297c0e471020a66f4476633cf2\"},\"description\":\"M\u00e4rchen sind im Kindergarten nicht wegzudenken: Was Kinder von ihnen lernen und wie man sie gemeinsam richtig entdeckt... \u2713 Jetzt lesen!\",\"breadcrumb\":{\"@id\":\"https:\\\/\\\/www.backwinkel.de\\\/blog\\\/maerchen-kindergarten\\\/#breadcrumb\"},\"inLanguage\":\"de\",\"potentialAction\":[{\"@type\":\"ReadAction\",\"target\":[\"https:\\\/\\\/www.backwinkel.de\\\/blog\\\/maerchen-kindergarten\\\/\"]}]},{\"@type\":\"ImageObject\",\"inLanguage\":\"de\",\"@id\":\"https:\\\/\\\/www.backwinkel.de\\\/blog\\\/maerchen-kindergarten\\\/#primaryimage\",\"url\":\"https:\\\/\\\/www.backwinkel.de\\\/blog\\\/wp-content\\\/uploads\\\/2023\\\/05\\\/backwinkel-blog-Darum_sind_maerchen_wichtig-heroimage.jpg\",\"contentUrl\":\"https:\\\/\\\/www.backwinkel.de\\\/blog\\\/wp-content\\\/uploads\\\/2023\\\/05\\\/backwinkel-blog-Darum_sind_maerchen_wichtig-heroimage.jpg\",\"width\":1200,\"height\":628},{\"@type\":\"BreadcrumbList\",\"@id\":\"https:\\\/\\\/www.backwinkel.de\\\/blog\\\/maerchen-kindergarten\\\/#breadcrumb\",\"itemListElement\":[{\"@type\":\"ListItem\",\"position\":1,\"name\":\"Startseite\",\"item\":\"https:\\\/\\\/blog.backwinkel.de\\\/aktuelles\\\/\"},{\"@type\":\"ListItem\",\"position\":2,\"name\":\"Blutr\u00fcnstig und trotzdem wohltuend!\"}]},{\"@type\":\"WebSite\",\"@id\":\"https:\\\/\\\/www.backwinkel.de\\\/blog\\\/#website\",\"url\":\"https:\\\/\\\/www.backwinkel.de\\\/blog\\\/\",\"name\":\"BACKWINKEL Blog\",\"description\":\"f\u00fcr Lehrer, Erzieher und Eltern\",\"potentialAction\":[{\"@type\":\"SearchAction\",\"target\":{\"@type\":\"EntryPoint\",\"urlTemplate\":\"https:\\\/\\\/www.backwinkel.de\\\/blog\\\/?s={search_term_string}\"},\"query-input\":{\"@type\":\"PropertyValueSpecification\",\"valueRequired\":true,\"valueName\":\"search_term_string\"}}],\"inLanguage\":\"de\"},{\"@type\":\"Person\",\"@id\":\"https:\\\/\\\/www.backwinkel.de\\\/blog\\\/#\\\/schema\\\/person\\\/88b842297c0e471020a66f4476633cf2\",\"name\":\"admin_backwinkel\",\"url\":\"https:\\\/\\\/www.backwinkel.de\\\/blog\\\/author\\\/admin_backwinkel\\\/\"}]}<\/script>\n<!-- \/ Yoast SEO plugin. -->","yoast_head_json":{"title":"M\u00e4rchen im Kindergarten: Warum und wie | BACKWINKEL Blog","description":"M\u00e4rchen sind im Kindergarten nicht wegzudenken: Was Kinder von ihnen lernen und wie man sie gemeinsam richtig entdeckt... \u2713 Jetzt lesen!","robots":{"index":"index","follow":"follow","max-snippet":"max-snippet:-1","max-image-preview":"max-image-preview:large","max-video-preview":"max-video-preview:-1"},"canonical":"https:\/\/www.backwinkel.de\/blog\/maerchen-kindergarten\/","og_locale":"de_DE","og_type":"article","og_title":"M\u00e4rchen im Kindergarten: Warum und wie | BACKWINKEL Blog","og_description":"M\u00e4rchen sind im Kindergarten nicht wegzudenken: Was Kinder von ihnen lernen und wie man sie gemeinsam richtig entdeckt... \u2713 Jetzt lesen!","og_url":"https:\/\/www.backwinkel.de\/blog\/maerchen-kindergarten\/","og_site_name":"BACKWINKEL Blog","article_published_time":"2023-05-22T07:14:42+00:00","article_modified_time":"2026-04-24T08:18:01+00:00","og_image":[{"width":1200,"height":628,"url":"https:\/\/www.backwinkel.de\/blog\/wp-content\/uploads\/2023\/05\/backwinkel-blog-Darum_sind_maerchen_wichtig-heroimage.jpg","type":"image\/jpeg"}],"author":"admin_backwinkel","twitter_card":"summary_large_image","twitter_misc":{"Verfasst von":"admin_backwinkel","Gesch\u00e4tzte Lesezeit":"18\u00a0Minuten"},"schema":{"@context":"https:\/\/schema.org","@graph":[{"@type":"Article","@id":"https:\/\/www.backwinkel.de\/blog\/maerchen-kindergarten\/#article","isPartOf":{"@id":"https:\/\/www.backwinkel.de\/blog\/maerchen-kindergarten\/"},"author":{"name":"admin_backwinkel","@id":"https:\/\/www.backwinkel.de\/blog\/#\/schema\/person\/88b842297c0e471020a66f4476633cf2"},"headline":"Blutr\u00fcnstig und trotzdem wohltuend!","datePublished":"2023-05-22T07:14:42+00:00","dateModified":"2026-04-24T08:18:01+00:00","mainEntityOfPage":{"@id":"https:\/\/www.backwinkel.de\/blog\/maerchen-kindergarten\/"},"wordCount":6841,"image":{"@id":"https:\/\/www.backwinkel.de\/blog\/maerchen-kindergarten\/#primaryimage"},"thumbnailUrl":"https:\/\/www.backwinkel.de\/blog\/wp-content\/uploads\/2023\/05\/backwinkel-blog-Darum_sind_maerchen_wichtig-heroimage.jpg","articleSection":["Kindergarten"],"inLanguage":"de"},{"@type":"WebPage","@id":"https:\/\/www.backwinkel.de\/blog\/maerchen-kindergarten\/","url":"https:\/\/www.backwinkel.de\/blog\/maerchen-kindergarten\/","name":"M\u00e4rchen im Kindergarten: Warum und wie | BACKWINKEL Blog","isPartOf":{"@id":"https:\/\/www.backwinkel.de\/blog\/#website"},"primaryImageOfPage":{"@id":"https:\/\/www.backwinkel.de\/blog\/maerchen-kindergarten\/#primaryimage"},"image":{"@id":"https:\/\/www.backwinkel.de\/blog\/maerchen-kindergarten\/#primaryimage"},"thumbnailUrl":"https:\/\/www.backwinkel.de\/blog\/wp-content\/uploads\/2023\/05\/backwinkel-blog-Darum_sind_maerchen_wichtig-heroimage.jpg","datePublished":"2023-05-22T07:14:42+00:00","dateModified":"2026-04-24T08:18:01+00:00","author":{"@id":"https:\/\/www.backwinkel.de\/blog\/#\/schema\/person\/88b842297c0e471020a66f4476633cf2"},"description":"M\u00e4rchen sind im Kindergarten nicht wegzudenken: Was Kinder von ihnen lernen und wie man sie gemeinsam richtig entdeckt... \u2713 Jetzt lesen!","breadcrumb":{"@id":"https:\/\/www.backwinkel.de\/blog\/maerchen-kindergarten\/#breadcrumb"},"inLanguage":"de","potentialAction":[{"@type":"ReadAction","target":["https:\/\/www.backwinkel.de\/blog\/maerchen-kindergarten\/"]}]},{"@type":"ImageObject","inLanguage":"de","@id":"https:\/\/www.backwinkel.de\/blog\/maerchen-kindergarten\/#primaryimage","url":"https:\/\/www.backwinkel.de\/blog\/wp-content\/uploads\/2023\/05\/backwinkel-blog-Darum_sind_maerchen_wichtig-heroimage.jpg","contentUrl":"https:\/\/www.backwinkel.de\/blog\/wp-content\/uploads\/2023\/05\/backwinkel-blog-Darum_sind_maerchen_wichtig-heroimage.jpg","width":1200,"height":628},{"@type":"BreadcrumbList","@id":"https:\/\/www.backwinkel.de\/blog\/maerchen-kindergarten\/#breadcrumb","itemListElement":[{"@type":"ListItem","position":1,"name":"Startseite","item":"https:\/\/blog.backwinkel.de\/aktuelles\/"},{"@type":"ListItem","position":2,"name":"Blutr\u00fcnstig und trotzdem wohltuend!"}]},{"@type":"WebSite","@id":"https:\/\/www.backwinkel.de\/blog\/#website","url":"https:\/\/www.backwinkel.de\/blog\/","name":"BACKWINKEL Blog","description":"f\u00fcr Lehrer, Erzieher und Eltern","potentialAction":[{"@type":"SearchAction","target":{"@type":"EntryPoint","urlTemplate":"https:\/\/www.backwinkel.de\/blog\/?s={search_term_string}"},"query-input":{"@type":"PropertyValueSpecification","valueRequired":true,"valueName":"search_term_string"}}],"inLanguage":"de"},{"@type":"Person","@id":"https:\/\/www.backwinkel.de\/blog\/#\/schema\/person\/88b842297c0e471020a66f4476633cf2","name":"admin_backwinkel","url":"https:\/\/www.backwinkel.de\/blog\/author\/admin_backwinkel\/"}]}},"_links":{"self":[{"href":"https:\/\/www.backwinkel.de\/blog\/wp-json\/wp\/v2\/posts\/11520","targetHints":{"allow":["GET"]}}],"collection":[{"href":"https:\/\/www.backwinkel.de\/blog\/wp-json\/wp\/v2\/posts"}],"about":[{"href":"https:\/\/www.backwinkel.de\/blog\/wp-json\/wp\/v2\/types\/post"}],"author":[{"embeddable":true,"href":"https:\/\/www.backwinkel.de\/blog\/wp-json\/wp\/v2\/users\/1"}],"replies":[{"embeddable":true,"href":"https:\/\/www.backwinkel.de\/blog\/wp-json\/wp\/v2\/comments?post=11520"}],"version-history":[{"count":2,"href":"https:\/\/www.backwinkel.de\/blog\/wp-json\/wp\/v2\/posts\/11520\/revisions"}],"predecessor-version":[{"id":18901,"href":"https:\/\/www.backwinkel.de\/blog\/wp-json\/wp\/v2\/posts\/11520\/revisions\/18901"}],"wp:featuredmedia":[{"embeddable":true,"href":"https:\/\/www.backwinkel.de\/blog\/wp-json\/wp\/v2\/media\/11560"}],"wp:attachment":[{"href":"https:\/\/www.backwinkel.de\/blog\/wp-json\/wp\/v2\/media?parent=11520"}],"wp:term":[{"taxonomy":"category","embeddable":true,"href":"https:\/\/www.backwinkel.de\/blog\/wp-json\/wp\/v2\/categories?post=11520"},{"taxonomy":"post_tag","embeddable":true,"href":"https:\/\/www.backwinkel.de\/blog\/wp-json\/wp\/v2\/tags?post=11520"}],"curies":[{"name":"wp","href":"https:\/\/api.w.org\/{rel}","templated":true}]}}