{"id":10407,"date":"2023-02-06T09:20:42","date_gmt":"2023-02-06T08:20:42","guid":{"rendered":"https:\/\/www.backwinkel.de\/blog\/?p=10407"},"modified":"2026-04-24T09:48:35","modified_gmt":"2026-04-24T07:48:35","slug":"yoga-kita","status":"publish","type":"post","link":"https:\/\/www.backwinkel.de\/blog\/yoga-kita\/","title":{"rendered":"Katze, Kobra, Krieger"},"content":{"rendered":"\n<style type=\"text\/css\" data-created_by=\"avia_inline_auto\" id=\"style-css-av-1o9i20c-585c90b249b7391778c0ca595b8a52c2\">\n.flex_column.av-1o9i20c-585c90b249b7391778c0ca595b8a52c2{\nborder-radius:0px 0px 0px 0px;\npadding:0px 0px 0px 0px;\n}\n<\/style>\n<div  class='flex_column av-1o9i20c-585c90b249b7391778c0ca595b8a52c2 av_one_full  avia-builder-el-0  el_before_av_three_fifth  avia-builder-el-first  first flex_column_div av-zero-column-padding  '     ><p>\n<style type=\"text\/css\" data-created_by=\"avia_inline_auto\" id=\"style-css-av-1mbf4e4-1609d55f243e97c311d4e4755c4441f8\">\n#top .hr.hr-invisible.av-1mbf4e4-1609d55f243e97c311d4e4755c4441f8{\nmargin-top:0px;\nheight:1px;\n}\n<\/style>\n<div  class='hr av-1mbf4e4-1609d55f243e97c311d4e4755c4441f8 hr-invisible  avia-builder-el-1  el_before_av_heading  avia-builder-el-first '><span class='hr-inner '><span class=\"hr-inner-style\"><\/span><\/span><\/div><br \/>\n\n<style type=\"text\/css\" data-created_by=\"avia_inline_auto\" id=\"style-css-av-l7efmkmv-01d49aa55681f36828ecc94980d4295b\">\n#top .av-special-heading.av-l7efmkmv-01d49aa55681f36828ecc94980d4295b{\npadding-bottom:10px;\n}\nbody .av-special-heading.av-l7efmkmv-01d49aa55681f36828ecc94980d4295b .av-special-heading-tag .heading-char{\nfont-size:25px;\n}\n.av-special-heading.av-l7efmkmv-01d49aa55681f36828ecc94980d4295b .av-subheading{\nfont-size:15px;\n}\n<\/style>\n<div  class='av-special-heading av-l7efmkmv-01d49aa55681f36828ecc94980d4295b av-special-heading-h1 blockquote modern-quote  avia-builder-el-2  el_after_av_hr  el_before_av_post_metadata  av-linked-heading'><h1 class='av-special-heading-tag '  >Katze, Kobra, Krieger \u2013 Yoga in der Kita<\/h1><div class='av-subheading av-subheading_below'><p class=\"autorenname\">Elisa Morel<\/p>\n<\/div><div class=\"special-heading-border\"><div class=\"special-heading-inner-border\"><\/div><\/div><\/div><br \/>\n\n<style type=\"text\/css\" data-created_by=\"avia_inline_auto\" id=\"style-css-av-1gnsoh3-6733379087cb3e55ea0136af807affd7\">\n#top .av-post-metadata-container.av-1gnsoh3-6733379087cb3e55ea0136af807affd7{\nfont-size:12px;\n}\n#top .av-post-metadata-container.av-1gnsoh3-6733379087cb3e55ea0136af807affd7 .av-post-metadata-container-inner{\nfont-size:12px;\n}\n<\/style>\n<div  class='av-post-metadata-container av-1gnsoh3-6733379087cb3e55ea0136af807affd7 av-metadata-container-align-left  avia-builder-el-3  el_after_av_heading  el_before_av_textblock  av-metadata-container-1'><div class='av-post-metadata-container-inner'><span class=\"av-post-metadata-content av-post-metadata-meta-content\"><span class=\"av-post-metadata-content av-post-metadata-modified\"><span class=\"av-metadata-before av-metadata-before-modified\">Aktualisiert:<\/span><span class=\"av-post-metadata-modified-date\" >24. April 2026<\/span><\/span><span class=\"av-post-metadata-content av-post-metadata-separator\">\/<\/span><span class=\"av-post-metadata-content av-post-metadata-modified\"><span class=\"av-metadata-before av-metadata-before-modified\">Zuletzt aktualisiert:<\/span><span class=\"av-post-metadata-modified-date\" >24. April 2026<\/span><\/span><\/span><\/div><\/div><br \/>\n\n<style type=\"text\/css\" data-created_by=\"avia_inline_auto\" id=\"style-css-av-1l3ru18-0dadb53ecfebf4816fc34409ea8ceffb\">\n#top .av_textblock_section.av-1l3ru18-0dadb53ecfebf4816fc34409ea8ceffb .avia_textblock{\nfont-size:20px;\n}\n<\/style>\n<section  class='av_textblock_section av-1l3ru18-0dadb53ecfebf4816fc34409ea8ceffb '  ><div class='avia_textblock' ><p>Yoga erfreut sich seit Jahrhunderten gro\u00dfer Beliebtheit. In Deutschland praktizieren Millionen von Menschen Yoga, und es kommen immer wieder neue Spielarten wie Aerial Yoga (mit Vertikaltuch) oder Bikram Yoga (in einem aufgeheizten Raum) in Mode.<\/p>\n<\/div><\/section><br \/>\n\n<style type=\"text\/css\" data-created_by=\"avia_inline_auto\" id=\"style-css-av-1jqb53g-1f9e37e658c62a32d832adfbf9f64cb5\">\n.avia-image-container.av-1jqb53g-1f9e37e658c62a32d832adfbf9f64cb5 img.avia_image{\nbox-shadow:none;\n}\n.avia-image-container.av-1jqb53g-1f9e37e658c62a32d832adfbf9f64cb5 .av-image-caption-overlay-center{\ncolor:#ffffff;\n}\n<\/style>\n<div  class='avia-image-container av-1jqb53g-1f9e37e658c62a32d832adfbf9f64cb5 av-styling- avia-align-center  avia-builder-el-5  el_after_av_textblock  el_before_av_hr '  ><div class=\"avia-image-container-inner\"><div class=\"avia-image-overlay-wrap\"><img decoding=\"async\" fetchpriority=\"high\" class='wp-image-10433 avia-img-lazy-loading-not-10433 avia_image ' src=\"https:\/\/www.backwinkel.de\/blog\/wp-content\/uploads\/2023\/01\/backwinkel-blog-Kinderyoga-heroimage.jpg\" alt='' title='backwinkel-blog-Kinderyoga-heroimage'  height=\"628\" width=\"1200\"  \/><\/div><\/div><\/div><br \/>\n\n<style type=\"text\/css\" data-created_by=\"avia_inline_auto\" id=\"style-css-av-1ihdk2k-490466749631930779e0c398aab49f79\">\n#top .hr.hr-invisible.av-1ihdk2k-490466749631930779e0c398aab49f79{\nheight:5px;\n}\n<\/style>\n<div  class='hr av-1ihdk2k-490466749631930779e0c398aab49f79 hr-invisible  avia-builder-el-6  el_after_av_image  el_before_av_textblock '><span class='hr-inner '><span class=\"hr-inner-style\"><\/span><\/span><\/div><br \/>\n\n<style type=\"text\/css\" data-created_by=\"avia_inline_auto\" id=\"style-css-av-1fib6cs-87ec69bd78831b0f0ceb309ad33d05ac\">\n#top .av_textblock_section.av-1fib6cs-87ec69bd78831b0f0ceb309ad33d05ac .avia_textblock{\nfont-size:10px;\n}\n<\/style>\n<section  class='av_textblock_section av-1fib6cs-87ec69bd78831b0f0ceb309ad33d05ac '  ><div class='avia_textblock' ><p class=\"bildnennung-beitrag\" style=\"text-align: left;\">\u00a9 DON BOSCO<\/p>\n<\/div><\/section><br \/>\n\n<style type=\"text\/css\" data-created_by=\"avia_inline_auto\" id=\"style-css-av-1ec344s-876a649f5243c9280738f668f0aa8d8e\">\n#top .hr.hr-invisible.av-1ec344s-876a649f5243c9280738f668f0aa8d8e{\nheight:20px;\n}\n<\/style>\n<div  class='hr av-1ec344s-876a649f5243c9280738f668f0aa8d8e hr-invisible  avia-builder-el-8  el_after_av_textblock  el_before_av_textblock '><span class='hr-inner '><span class=\"hr-inner-style\"><\/span><\/span><\/div><br \/>\n\n<style type=\"text\/css\" data-created_by=\"avia_inline_auto\" id=\"style-css-av-1czjn6k-9311edaa0fceef39c54d9ae47a5cf5d1\">\n#top .av_textblock_section.av-1czjn6k-9311edaa0fceef39c54d9ae47a5cf5d1 .avia_textblock{\nfont-size:20px;\n}\n<\/style>\n<section  class='av_textblock_section av-1czjn6k-9311edaa0fceef39c54d9ae47a5cf5d1 '  ><div class='avia_textblock' ><p>Da Yoga sehr vielf\u00e4ltig ist und es Haltungen in allen Schwierigkeitsgraden gibt, ist auch f\u00fcr die Kleinsten schon das Richtige dabei \u2013 selbst f\u00fcr Babys. Wie es der indische Yoga-Lehrer T. Krishnamacharya auf den Punkt brachte: \u201eWer atmen kann, der kann auch Yoga machen.\u201c<\/p>\n<p>In diesem Beitrag erfahren Sie, wie Kinderyoga spielend gelingt, welche tollen M\u00f6glichkeiten es gibt und welche Vorteile Ihre kleinen Yogis genie\u00dfen werden.<\/p>\n<\/div><\/section><\/p><\/div>\n<style type=\"text\/css\" data-created_by=\"avia_inline_auto\" id=\"style-css-av-1buht0s-f8ce17d1f3484a85efdf5f8e34e84ab3\">\n.flex_column.av-1buht0s-f8ce17d1f3484a85efdf5f8e34e84ab3{\nborder-radius:0px 0px 0px 0px;\npadding:20px 20px 20px 20px;\nbackground-color:#f2f2f2;\n}\n<\/style>\n<div  class='flex_column av-1buht0s-f8ce17d1f3484a85efdf5f8e34e84ab3 av_three_fifth  avia-builder-el-10  el_after_av_one_full  el_before_av_two_fifth  first flex_column_div  column-top-margin'     ><style type=\"text\/css\" data-created_by=\"avia_inline_auto\" id=\"style-css-av-18u84nw-5f4c70c63f3050c99826abec1113b254\">\n#top .av_textblock_section.av-18u84nw-5f4c70c63f3050c99826abec1113b254 .avia_textblock{\nfont-size:14px;\n}\n<\/style>\n<section  class='av_textblock_section av-18u84nw-5f4c70c63f3050c99826abec1113b254 '  ><div class='avia_textblock' ><p><strong>Inhalt<\/strong><\/p>\n<p><strong><a href=\"#1\">1. Was unterscheidet Kinderyoga von Yoga f\u00fcr Erwachsene? <\/a><\/strong><\/p>\n<p><strong><a href=\"#2\">2. Wie profitieren Kinder von Yoga?<\/a><\/strong><\/p>\n<p><strong><a href=\"#3\">3. Kinderyoga in der Praxis <\/a><br \/>\n<\/strong>3.1. R\u00e4umlichkeiten<br \/>\n3.2. Atmosph\u00e4re<br \/>\n3.3. Yoga im Kindergartenalltag<br \/>\n3.3.1. Yoga-Positionen f\u00fcr Kinder<br \/>\n3.3.2. Yoga-Geschichten f\u00fcr die Kleinsten<\/p>\n<\/div><\/section><\/div><\/p>\n\n<style type=\"text\/css\" data-created_by=\"avia_inline_auto\" id=\"style-css-av-179bqdo-cb7f1c2bcdaac94125f51a0fc4936596\">\n.flex_column.av-179bqdo-cb7f1c2bcdaac94125f51a0fc4936596{\nborder-radius:0px 0px 0px 0px;\npadding:0 0 0 0;\n}\n<\/style>\n<div  class='flex_column av-179bqdo-cb7f1c2bcdaac94125f51a0fc4936596 av_two_fifth  avia-builder-el-12  el_after_av_three_fifth  el_before_av_sidebar  flex_column_div av-zero-column-padding  column-top-margin'     ><\/div>\n<div  class='avia-builder-widget-area clearfix  avia-builder-el-13  el_after_av_two_fifth  el_before_av_one_full '><div id=\"text-33\" class=\"widget clearfix widget_text\">\t\t\t<div class=\"textwidget\"><p><a href=\"https:\/\/www.backwinkel.de\/nachhaltig-denken\/\" target=\"\\_blank\" rel=\"noopener\"><br \/>\n<img decoding=\"async\" class=\"werbung-desktop alignnone wp-image-4186 size-full\" src=\"https:\/\/www.backwinkel.de\/blog\/wp-content\/uploads\/2026\/04\/Backwinkel-blog-werbebanner-shop-kita-schule_desktop.jpg\" alt=\"\" width=\"1251\" height=\"201\" \/><br \/>\n<\/a><br \/>\n<a href=\"https:\/\/www.backwinkel.de\/nachhaltig-denken\/\" target=\"\\_blank\" rel=\"noopener\"><br \/>\n<img decoding=\"async\" class=\"werbung-mobile alignnone wp-image-4187 size-full\" src=\"https:\/\/www.backwinkel.de\/blog\/wp-content\/uploads\/2026\/04\/Backwinkel-blog-werbebanner-shop-kiga-schule_mobile.jpg\" alt=\"\" width=\"550\" height=\"500\" \/><br \/>\n<\/a><\/p>\n<\/div>\n\t\t<\/div><\/div>\n\n<style type=\"text\/css\" data-created_by=\"avia_inline_auto\" id=\"style-css-av-4482e4-638c615ad0f31126baef29eeb1a51433\">\n.flex_column.av-4482e4-638c615ad0f31126baef29eeb1a51433{\nborder-radius:0px 0px 0px 0px;\npadding:0px 0px 0px 0px;\n}\n<\/style>\n<div  class='flex_column av-4482e4-638c615ad0f31126baef29eeb1a51433 av_one_full  avia-builder-el-14  el_after_av_sidebar  el_before_av_one_full  first flex_column_div av-zero-column-padding  '     ><section  class='av_textblock_section av-129m1fg-7ca154442e82a1fc9988f7b0695cafd6 '  ><div class='avia_textblock' >\n<style type=\"text\/css\" data-created_by=\"avia_inline_auto\" id=\"style-css-av-10xapos-d91bdd239a050d64924ed4ceb8df7e45\">\n#top .hr.hr-invisible.av-10xapos-d91bdd239a050d64924ed4ceb8df7e45{\nheight:20px;\n}\n<\/style>\n<div  class='hr av-10xapos-d91bdd239a050d64924ed4ceb8df7e45 hr-invisible  avia-builder-el-16  avia-builder-el-no-sibling '><span class='hr-inner '><span class=\"hr-inner-style\"><\/span><\/span><\/div>\n<h2 id=\"1\" class=\"position\"><strong>Was unterscheidet Kinderyoga von Yoga f\u00fcr Erwachsene? <\/strong><\/h2>\n<p>Wenn man mit Kindern Yoga macht, liegt der Fokus auf dem gemeinsamen Spa\u00df an der Bewegung, nicht auf der perfekten Ausf\u00fchrung der Positionen. Wenn f\u00fcr ein Kind eine Figur unangenehm oder nicht machbar ist, gibt es genug Alternativen.<\/p>\n<p>Einige Haltungen (im Yoga nennt man sie Asanas) fallen Kindern leichter als vielen Erwachsenen, weil sie z. B. gelenkiger sind. Andere Asanas sind nur etwas f\u00fcr Profis und daher nicht f\u00fcr Kinder geeignet. Die meisten Kinder nehmen gerne Positionen an, die ihnen guttun und verlassen eine Haltung intuitiv nach k\u00fcrzerer Zeit als Erwachsene, wozu Experten auch raten. Sie sp\u00fcren also oft selbst, was richtig f\u00fcr sie ist.<\/p>\n<p>Gleichzeitig entscheiden sich die meisten Erwachsenen aus anderen Gr\u00fcnden f\u00fcr Yoga als Kinder. Sie suchen vielleicht Entspannung, Schmerzlinderung, wollen Erkrankungen vorbeugen oder zu sich selbst finden. Kinder haben Spa\u00df an Bewegung, lernen gern Neues und m\u00f6gen kreative Sachen. Eine tolle kindgerechte Variante sind daher Yoga-Geschichten, in denen die einzelnen \u00dcbungen in eine Erz\u00e4hlung eingebettet sind, \u00e4hnlich wie bei musikalischen M\u00e4rchen.<\/p>\n<\/div><\/section><\/div>\n\n<style type=\"text\/css\" data-created_by=\"avia_inline_auto\" id=\"style-css-av-zu93u4-717b896d98785cea2a28014272c19f83\">\n.flex_column.av-zu93u4-717b896d98785cea2a28014272c19f83{\nborder-radius:0px 0px 0px 0px;\npadding:0px 0px 0px 0px;\n}\n<\/style>\n<div  class='flex_column av-zu93u4-717b896d98785cea2a28014272c19f83 av_one_full  avia-builder-el-17  el_after_av_one_full  el_before_av_one_full  first flex_column_div av-zero-column-padding  column-top-margin'     ><section  class='av_textblock_section av-y02ry4-01e04b991e85d5d12575f1da1b52bb93 '  ><div class='avia_textblock' >\n<style type=\"text\/css\" data-created_by=\"avia_inline_auto\" id=\"style-css-av-vsv1ws-55b1f8105db867582b8b8f993762d668\">\n#top .hr.hr-invisible.av-vsv1ws-55b1f8105db867582b8b8f993762d668{\nheight:20px;\n}\n<\/style>\n<div  class='hr av-vsv1ws-55b1f8105db867582b8b8f993762d668 hr-invisible  avia-builder-el-19  avia-builder-el-no-sibling '><span class='hr-inner '><span class=\"hr-inner-style\"><\/span><\/span><\/div>\n<h2 id=\"2\" class=\"position\"><strong>Wie profitieren Kinder von Yoga?<\/strong><\/h2>\n<p>Dass Yoga viele Vorteile bietet, ist bekannt. Praktizierende geben an, mehr mit sich im Einklang zu sein, und freuen sich \u00fcber mehr Beweglichkeit, Fitness und eine spirituelle Verbindung. Daher profitieren auch Kinder von Yoga-\u00dcbungen:<\/p>\n<ul>\n<li>Stressabbau und Ausgeglichenheit<\/li>\n<\/ul>\n<p>Yoga-\u00dcbungen geben den Kindern die Gelegenheit, zur Ruhe zu kommen, eine Pause vom Alltag zu machen und sich ganz auf das Jetzt zu konzentrieren. So tanken sie frische Energie und bekommen ein neues Werkzeug an die Hand, das ihnen ihn Stresssituationen helfen kann.<\/p>\n<ul>\n<li>Fitness<\/li>\n<\/ul>\n<p>Manche Asanas sind nach ein paar Minuten ganz sch\u00f6n anstrengend und trainieren verschiedenste Muskelgruppen. Daher werden die Kinder nicht nur beweglicher, sondern auch kr\u00e4ftiger.<\/p>\n<ul>\n<li>K\u00f6rpergef\u00fchl und K\u00f6rperwahrnehmung<\/li>\n<\/ul>\n<p>Durch die Konzentration auf den eigenen K\u00f6rper und Atem verbessert sich die K\u00f6rperwahrnehmung und oft auch die Haltung. Den Kindern wird ihr K\u00f6rper mit all seinen Bewegungsabl\u00e4ufen bewusster.<\/p>\n<ul>\n<li>Gleichgewicht und Koordination<\/li>\n<\/ul>\n<p>Durch die unterschiedlichen Bewegungen und die gelegentlich schnellen Wechsel von einer Asana in eine neue steigern die Kinder ihre Balance. Vor allem \u00dcbungen, die das \u00dcberkreuzen der K\u00f6rpermitte erfordern, schulen Koordination und Motorik.<\/p>\n<ul>\n<li>Achtsamkeit und Konzentration<\/li>\n<\/ul>\n<p>Dem eigenen Atem lauschen, die jeweilige Position erinnern und verbessern, am Ende der Stunde zur Ruhe kommen: Yoga hilft Kindern und Erwachsenen, sich auf sich selbst zu besinnen und entschleunigt.<\/p>\n<ul>\n<li>Gemeinschaftsgef\u00fchl und Vertrauen<\/li>\n<\/ul>\n<p>Eine Kinderyoga-Stunde basiert auf Interaktion und gemeinsamem Erleben. Vielleicht beobachten sich die Kinder gegenseitig, um ihre Haltung zu verbessern oder sich an die richtige Position zu erinnern. In jedem Fall bedeutet Yoga \u201eEinheit, Harmonie\u201c \u2013 im Einklang sein mit sich selbst, die Harmonie zwischen K\u00f6rper und Geist, die Verbindung mit der Umwelt und den Mitmenschen. Das wird f\u00fcr die Kinder beim gemeinschaftlichen \u00dcben konkret erfahrbar, wenn sie dieselben achtsamen Erfahrungen teilen oder sich gegenseitig ber\u00fchren oder massieren.<\/p>\n<\/div><\/section><\/div>\n\n<style type=\"text\/css\" data-created_by=\"avia_inline_auto\" id=\"style-css-av-1a4zbhj-b3297dcf70ad28cc0232b94d9e16a03a\">\n.flex_column.av-1a4zbhj-b3297dcf70ad28cc0232b94d9e16a03a{\nborder-radius:0px 0px 0px 0px;\npadding:0px 0px 0px 0px;\n}\n<\/style>\n<div  class='flex_column av-1a4zbhj-b3297dcf70ad28cc0232b94d9e16a03a av_one_full  avia-builder-el-20  el_after_av_one_full  el_before_av_one_third  first flex_column_div av-zero-column-padding  column-top-margin'     ><section  class='av_textblock_section av-ldo7o2bz-3fea0300bd457987399c30be8c5ce5e3 '  ><div class='avia_textblock' >\n<style type=\"text\/css\" data-created_by=\"avia_inline_auto\" id=\"style-css-av-2qpw4n-362a2400d42788b2dac119341458c4b7\">\n#top .hr.hr-invisible.av-2qpw4n-362a2400d42788b2dac119341458c4b7{\nheight:20px;\n}\n<\/style>\n<div  class='hr av-2qpw4n-362a2400d42788b2dac119341458c4b7 hr-invisible  avia-builder-el-22  avia-builder-el-no-sibling '><span class='hr-inner '><span class=\"hr-inner-style\"><\/span><\/span><\/div>\n<h2 id=\"3\" class=\"position\"><strong>Kinderyoga in der Praxis<\/strong><\/h2>\n<p>Es ist viel leichter, als Sie vielleicht denken, auch wenn Sie bis jetzt noch keine Erfahrung mit Yoga haben. Die meisten f\u00fcr Kinder geeigneten Asanas sind recht simpel und \u00e4hneln sogar manchmal bekannten Turn\u00fcbungen. Sie m\u00fcssen also nicht die Beweglichkeit eines Schlangenmenschen oder die Kompetenz eines Yoga-Meisters haben, um Ihren Kindern Yoga n\u00e4herzubringen. Auch Traumreisen, Entspannungstechniken und bewusstes Atmen sind Teil von Yoga und Ihnen somit wahrscheinlich schon vertraut.<\/p>\n<p>W\u00e4rmen Sie sich vor den \u00dcbungen behutsam auf, planen Sie die Yoga-Einheit nicht zu lang und beenden Sie sie mit einer Entspannungsphase. Wenn Sie ein wenig im Internet st\u00f6bern, bekommen Sie schnell einen guten \u00dcberblick \u00fcber das Thema.<\/p>\n<p>F\u00fcr den Einstieg k\u00f6nnen Sie sich einen Profi einladen, der den Kindern die Grundlagen vermittelt und auch Ihnen erkl\u00e4rt, worauf Sie bei der Durchf\u00fchrung der Positionen bei den Kindern achten sollten. Wichtig ist, dass die Kinder Spa\u00df haben, in Bewegung und gleichzeitig zur Ruhe kommen und unbemerkt von den vielen zus\u00e4tzlichen positiven Aspekten profitieren, die mit Yoga einhergehen.<\/p>\n<p><strong>R\u00e4umlichkeiten<\/strong><\/p>\n<p>Jedes Kind braucht genug Platz, um die Arme ungehindert zur Seite ausstrecken zu k\u00f6nnen und eine Yoga-Matte. Die Sport- oder Turnhalle eignet sich perfekt, doch prinzipiell kommt jeder Raum mit ausreichend Platz infrage. Entfernen oder verdecken Sie ggf. Gegenst\u00e4nde, die nicht gebraucht werden, damit die Kinder nicht abgelenkt sind und es gem\u00fctlicher wird.<\/p>\n<p>Nat\u00fcrlich k\u00f6nnen Sie bei gutem Wetter auch nach drau\u00dfen gehen, denn in Verbindung mit der Natur ist Yoga besonders toll. Da Yoga-Matten ziemlich d\u00fcnn sind, sollte der Untergrund ein wenig weicher sein: Wiese, Waldboden, Sand, Rindenmulch sind angenehmer als gepflasterter Boden.<\/p>\n<h2><strong>Atmosph\u00e4re<\/strong><\/h2>\n<p>Selbstverst\u00e4ndlich sollte eine angenehme Atmosph\u00e4re herrschen, damit die Kinder sich wohlf\u00fchlen und auch entspannen k\u00f6nnen. Wichtige Faktoren hierf\u00fcr sind:<\/p>\n<ul>\n<li>Tageslicht<\/li>\n<li>angenehme Temperatur \/ gutes Wetter<\/li>\n<li>keine ablenkende laute Ger\u00e4uschkulisse, evtl. sanfte Musik im Hintergrund<\/li>\n<li>in geschlossenen R\u00e4umen vielleicht R\u00e4ucherst\u00e4bchen oder eine Duftlampe<\/li>\n<li>eine ansprechende Raumausstattung (Deko wie Bilder, Pflanzen, Kissen usw.)<\/li>\n<\/ul>\n<p>Die Kinder sollen sich gerne in dem Raum aufhalten und auf die \u00dcbungen konzentrieren. In der Regel gelingt es mit wenigen kleinen Mitteln, eine inspirierende oder beruhigende Stimmung zu zaubern.<\/p>\n<p><strong>Yoga im Kindergartenalltag <\/strong><\/p>\n<p>\u00dcberlegen Sie vorher mit Ihren Kolleginnen und Kollegen, in welcher Form Sie Yoga in den Kita-Alltag integrieren wollen: Jeden Morgen eine Viertelstunde oder lieber nur einmal die Woche und daf\u00fcr ein wenig l\u00e4nger? Gibt es genug Platz, damit verschiedene Gruppen gemeinsam Yoga machen k\u00f6nnen, oder wollen Sie lieber jeden Monat neue Kleingruppen bilden, die zu unterschiedlichen Zeiten den Raum nutzen? Hat jemand von Ihnen schon Erfahrungen mit Yoga oder kennt jemanden?<\/p>\n<p><strong>Yoga-Positionen f\u00fcr Kinder <\/strong><\/p>\n<p>Viele Yoga-Haltungen haben bildliche Namen (herabschauender Hund, Gorilla, Kamel), die ansprechend f\u00fcr Kinder sind und sie motivieren, die Positionen selbst auszuprobieren. Durch die sprechenden Bezeichnungen bleiben die Positionen auch super im Kopf, sodass die Kinder sie schnell verinnerlichen.<\/p>\n<p>Stellen Sie Ihren Kleinen einfach ein paar Asanas vor \u2013 entweder, indem Sie sie direkt gemeinsam versuchen oder in Form von Bildkarten, Ausmalbildern o. \u00c4. Oder Sie w\u00e4hlen einen praktischen Ansatz: Ermuntern Sie die Kinder beim Turnen, nachzuahmen, wie sich eine Raupe, eine Schlange, eine Katze bewegt, und leiten Sie dann zu den jeweiligen Asanas \u00fcber.<\/p>\n<p><strong>Yoga-Geschichten f\u00fcr die Kleinsten <\/strong><\/p>\n<p>Auf YouTube gibt es zahlreiche Yoga-M\u00e4rchen oder Erz\u00e4hlungen, die die Kinder mitturnen k\u00f6nnen. Nat\u00fcrlich ist es sch\u00f6ner, wenn Sie die Kinder durch die Geschichte f\u00fchren, und Sie sollten auch selbst mitmachen. Schauen Sie sich ein paar Videos an, um sich mit den verschiedenen Asanas und ihren Einsatzm\u00f6glichkeiten in M\u00e4rchen vertraut zu machen \u2013 Sie werden merken, dass Sie sehr freie Hand haben.<\/p>\n<p>Auch eine eigene Yoga-Geschichte ist schnell gezaubert, entweder basierend auf einer bekannten Erz\u00e4hlung oder anhand einer gemeinsam ausgedachten Handlung. Orientieren Sie sich in beiden F\u00e4llen an bekannten Asanas (gerade die Tierwelt ist sehr ergiebig: Katze, Kobra, Fisch, Raupe, Schmetterling \u2026) oder interpretieren Sie Handlungen und Gegenst\u00e4nde ein wenig um, indem Sie die Sonne durch ein Element des Sonnengru\u00dfes darstellen, der z. B. nach den Sivananda-Tradition aus 12 aufeinanderfolgenden Haltungen besteht.<\/p>\n<p>Auch verschiedene Fortbewegungsarten wie Laufen, Kriechen oder Fahrradfahren lassen sich super durch Yoga-Positionen darstellen. Probieren Sie einfach zusammen aus, was den Kindern am meisten Spa\u00df macht. Vielleicht kommt dabei am Ende sogar eine Auff\u00fchrung der beliebtesten Erz\u00e4hlung heraus, die zuk\u00fcnftige kleine Yogis im Publikum begeistert.<\/p>\n<\/div><\/section><\/div>\n<div class='flex_column_table av-ioxdto-ec14c1f0eafd4a04ca12607db6baeedc sc-av_one_third av-equal-height-column-flextable'>\n<style type=\"text\/css\" data-created_by=\"avia_inline_auto\" id=\"style-css-av-ioxdto-ec14c1f0eafd4a04ca12607db6baeedc\">\n.flex_column.av-ioxdto-ec14c1f0eafd4a04ca12607db6baeedc{\nborder-width:1px;\nborder-color:#ebebeb;\nborder-style:solid;\nborder-radius:0px 0px 0px 0px;\npadding:10px 10px 10px 10px;\n}\n<\/style>\n<div  class='flex_column av-ioxdto-ec14c1f0eafd4a04ca12607db6baeedc av_one_third  avia-builder-el-23  el_after_av_one_full  el_before_av_one_third  first flex_column_table_cell av-equal-height-column av-align-top  column-top-margin'     ><p><section  class='av_textblock_section av-l7elhcb4-05742cfa5c91e6d948714cf197d7f53f '  ><div class='avia_textblock' ><p><img decoding=\"async\" class=\"alignnone wp-image-10429 size-full\" src=\"https:\/\/blog.backwinkel.de\/wp-content\/uploads\/2023\/01\/42414-flip-book-kinder-yoga-6-zoom.jpeg\" alt=\"\" width=\"2048\" height=\"2048\" srcset=\"https:\/\/www.backwinkel.de\/blog\/wp-content\/uploads\/2023\/01\/42414-flip-book-kinder-yoga-6-zoom.jpeg 2048w, https:\/\/www.backwinkel.de\/blog\/wp-content\/uploads\/2023\/01\/42414-flip-book-kinder-yoga-6-zoom-1536x1536.jpeg 1536w, https:\/\/www.backwinkel.de\/blog\/wp-content\/uploads\/2023\/01\/42414-flip-book-kinder-yoga-6-zoom-36x36.jpeg 36w, https:\/\/www.backwinkel.de\/blog\/wp-content\/uploads\/2023\/01\/42414-flip-book-kinder-yoga-6-zoom-180x180.jpeg 180w\" sizes=\"(max-width: 2048px) 100vw, 2048px\" \/><\/p>\n<p style=\"font-size: 20px; font-family: urw_grotesk_extra_narrowrg; text-align: left;\">Yogakiesel<\/p>\n<p style=\"text-align: left;\"><div  class='avia-button-wrap av-i5l83g-bebec017916d54dcb4c2f60e66a19489-wrap avia-button-center  avia-builder-el-25  avia-builder-el-no-sibling '><a href='https:\/\/www.backwinkel.de\/prod\/yogakiesel.html'  class='avia-button av-i5l83g-bebec017916d54dcb4c2f60e66a19489 av-link-btn avia-icon_select-no avia-size-medium avia-position-center avia-color-theme-color'  target=\"_blank\"  rel=\"noopener noreferrer\"  aria-label=\"zum Produkt\"><span class='avia_iconbox_title' >zum Produkt<\/span><\/a><\/div><\/p>\n<\/div><\/section><br \/>\n\n<style type=\"text\/css\" data-created_by=\"avia_inline_auto\" id=\"style-css-av-g0g38s-ce499c13c018dbb7298d8bbbef42f017\">\n#top .hr.hr-invisible.av-g0g38s-ce499c13c018dbb7298d8bbbef42f017{\nheight:20px;\n}\n<\/style>\n<div  class='hr av-g0g38s-ce499c13c018dbb7298d8bbbef42f017 hr-invisible  avia-builder-el-26  el_after_av_textblock  avia-builder-el-last '><span class='hr-inner '><span class=\"hr-inner-style\"><\/span><\/span><\/div><\/p><\/div>\n<div class='av-flex-placeholder'><\/div>\n<style type=\"text\/css\" data-created_by=\"avia_inline_auto\" id=\"style-css-av-dpmha4-8db092c8d42380ff76fe837638b3593c\">\n.flex_column.av-dpmha4-8db092c8d42380ff76fe837638b3593c{\nborder-width:1px;\nborder-color:#ebebeb;\nborder-style:solid;\nborder-radius:0px 0px 0px 0px;\npadding:10px 10px 10px 10px;\n}\n<\/style>\n<div  class='flex_column av-dpmha4-8db092c8d42380ff76fe837638b3593c av_one_third  avia-builder-el-27  el_after_av_one_third  el_before_av_one_third  flex_column_table_cell av-equal-height-column av-align-top  column-top-margin'     ><p><section  class='av_textblock_section av-bu6a5o-adff641327cef1a6b0e5bcb473cf987b '  ><div class='avia_textblock' ><p><img decoding=\"async\" class=\"alignnone wp-image-10430 size-full\" src=\"https:\/\/blog.backwinkel.de\/wp-content\/uploads\/2023\/01\/44115_yoga-klassenset-21.jpeg\" alt=\"\" width=\"700\" height=\"700\" srcset=\"https:\/\/www.backwinkel.de\/blog\/wp-content\/uploads\/2023\/01\/44115_yoga-klassenset-21.jpeg 700w, https:\/\/www.backwinkel.de\/blog\/wp-content\/uploads\/2023\/01\/44115_yoga-klassenset-21-36x36.jpeg 36w, https:\/\/www.backwinkel.de\/blog\/wp-content\/uploads\/2023\/01\/44115_yoga-klassenset-21-180x180.jpeg 180w\" sizes=\"(max-width: 700px) 100vw, 700px\" \/><\/p>\n<p style=\"font-size: 20px; font-family: urw_grotesk_extra_narrowrg; text-align: left;\">Yoga Gruppen-Set<\/p>\n<p style=\"text-align: left;\"><div  class='avia-button-wrap av-b9ewak-c24075914e12c5809de76e9db96320d9-wrap avia-button-center  avia-builder-el-29  avia-builder-el-no-sibling '><a href='https:\/\/www.backwinkel.de\/prod\/yoga-gruppen-set.html'  class='avia-button av-b9ewak-c24075914e12c5809de76e9db96320d9 av-link-btn avia-icon_select-no avia-size-medium avia-position-center avia-color-theme-color'  target=\"_blank\"  rel=\"noopener noreferrer\"  aria-label=\"zum Produkt\"><span class='avia_iconbox_title' >zum Produkt<\/span><\/a><\/div><\/p>\n<\/div><\/section><br \/>\n\n<style type=\"text\/css\" data-created_by=\"avia_inline_auto\" id=\"style-css-av-98zau4-97afd58dea2aa3cbc7341221ea243b4d\">\n#top .hr.hr-invisible.av-98zau4-97afd58dea2aa3cbc7341221ea243b4d{\nheight:20px;\n}\n<\/style>\n<div  class='hr av-98zau4-97afd58dea2aa3cbc7341221ea243b4d hr-invisible  avia-builder-el-30  el_after_av_textblock  avia-builder-el-last '><span class='hr-inner '><span class=\"hr-inner-style\"><\/span><\/span><\/div><\/p><\/div>\n<div class='av-flex-placeholder'><\/div>\n<style type=\"text\/css\" data-created_by=\"avia_inline_auto\" id=\"style-css-av-7gup9o-d4a0bff7234bad7305d3fdc0aa1fc721\">\n.flex_column.av-7gup9o-d4a0bff7234bad7305d3fdc0aa1fc721{\nborder-width:1px;\nborder-color:#ebebeb;\nborder-style:solid;\nborder-radius:0px 0px 0px 0px;\npadding:10px 10px 10px 10px;\n}\n<\/style>\n<div  class='flex_column av-7gup9o-d4a0bff7234bad7305d3fdc0aa1fc721 av_one_third  avia-builder-el-31  el_after_av_one_third  el_before_av_hr  flex_column_table_cell av-equal-height-column av-align-top  column-top-margin'     ><p><section  class='av_textblock_section av-5xc8to-a8b217bf582573b4083a53d3a58684c5 '  ><div class='avia_textblock' ><p><img decoding=\"async\" class=\"alignnone wp-image-10431 size-full\" src=\"https:\/\/blog.backwinkel.de\/wp-content\/uploads\/2023\/01\/19759-kinderyoga-bildkarten-fruehling-sommer_01-zoom.jpeg\" alt=\"\" width=\"2048\" height=\"2048\" srcset=\"https:\/\/www.backwinkel.de\/blog\/wp-content\/uploads\/2023\/01\/19759-kinderyoga-bildkarten-fruehling-sommer_01-zoom.jpeg 2048w, https:\/\/www.backwinkel.de\/blog\/wp-content\/uploads\/2023\/01\/19759-kinderyoga-bildkarten-fruehling-sommer_01-zoom-1536x1536.jpeg 1536w, https:\/\/www.backwinkel.de\/blog\/wp-content\/uploads\/2023\/01\/19759-kinderyoga-bildkarten-fruehling-sommer_01-zoom-36x36.jpeg 36w, https:\/\/www.backwinkel.de\/blog\/wp-content\/uploads\/2023\/01\/19759-kinderyoga-bildkarten-fruehling-sommer_01-zoom-180x180.jpeg 180w\" sizes=\"(max-width: 2048px) 100vw, 2048px\" \/><\/p>\n<p style=\"font-size: 20px; font-family: urw_grotesk_extra_narrowrg; text-align: left;\">Kinderyoga-Bildkarten<\/p>\n<p style=\"text-align: left;\"><div  class='avia-button-wrap av-42izbg-1cee00b7041ecf958693a59e52da0451-wrap avia-button-center  avia-builder-el-33  avia-builder-el-no-sibling '><a href='https:\/\/www.backwinkel.de\/prod\/kinderyoga-bildkarten-fuer-fruehling-und-sommer.html'  class='avia-button av-42izbg-1cee00b7041ecf958693a59e52da0451 av-link-btn avia-icon_select-no avia-size-medium avia-position-center avia-color-theme-color'  target=\"_blank\"  rel=\"noopener noreferrer\"  aria-label=\"zum Produkt\"><span class='avia_iconbox_title' >zum Produkt<\/span><\/a><\/div><\/p>\n<\/div><\/section><br \/>\n\n<style type=\"text\/css\" data-created_by=\"avia_inline_auto\" id=\"style-css-av-34kmos-bf82b2f0bad2874622f6b66562996b15\">\n#top .hr.hr-invisible.av-34kmos-bf82b2f0bad2874622f6b66562996b15{\nheight:20px;\n}\n<\/style>\n<div  class='hr av-34kmos-bf82b2f0bad2874622f6b66562996b15 hr-invisible  avia-builder-el-34  el_after_av_textblock  avia-builder-el-last '><span class='hr-inner '><span class=\"hr-inner-style\"><\/span><\/span><\/div><\/p><\/div><\/div><!--close column table wrapper. Autoclose: 1 -->\n\n<style type=\"text\/css\" data-created_by=\"avia_inline_auto\" id=\"style-css-av-kz7pcc-998c523973ce04bd41c056e7ad17fd36\">\n#top .hr.av-kz7pcc-998c523973ce04bd41c056e7ad17fd36{\nmargin-top:10px;\nmargin-bottom:10px;\n}\n.hr.av-kz7pcc-998c523973ce04bd41c056e7ad17fd36 .hr-inner{\nwidth:500;\n}\n<\/style>\n<div  class='hr av-kz7pcc-998c523973ce04bd41c056e7ad17fd36 hr-custom  avia-builder-el-35  el_after_av_one_third  el_before_av_one_full  hr-left hr-icon-no'><span class='hr-inner inner-border-av-border-none'><span class=\"hr-inner-style\"><\/span><\/span><\/div>\n\n<style type=\"text\/css\" data-created_by=\"avia_inline_auto\" id=\"style-css-av-3tembw-a1c4b21fc3f6f2fd3d0d32482ae74cc6\">\n.flex_column.av-3tembw-a1c4b21fc3f6f2fd3d0d32482ae74cc6{\nborder-radius:0px 0px 0px 0px;\npadding:10px 10px 10px 10px;\nbackground-color:#f2f2f2;\n}\n<\/style>\n<div  class='flex_column av-3tembw-a1c4b21fc3f6f2fd3d0d32482ae74cc6 av_one_full  avia-builder-el-36  el_after_av_hr  el_before_av_one_full  first flex_column_div  '     ><section  class='av_textblock_section av-2hcanw-9284a6a947444a08d4d205df348110b5 '  ><div class='avia_textblock' ><p class=\"fussnoten-quellen\"><strong>Lesen Sie mehr: <\/strong><\/p>\n<p class=\"fussnoten-quellen\"><span style=\"font-size: 14pt;\">Bannenberg, Thomas: Yoga f\u00fcr und mit Kindern, 18.06.2014:<\/span><br \/>\n<span style=\"font-size: 14pt;\"><a href=\"https:\/\/www.kinderzeit.de\/news-detail-praxis\/yoga-fuer-und-mit-kindern.html\" target=\"_blank\" rel=\"noopener\">https:\/\/www.kinderzeit.de\/news-detail-praxis\/yoga-fuer-und-mit-kindern.html<\/a><\/span><\/p>\n<p><span style=\"font-size: 14pt;\">Claudia R\u00fchle Sunlight Kids Yoga: Kinderyoga-Ausbildung Methodik und Didaktik sunlight-kids-yoga DVD (praktische Einblicke in eine Yoga-Stunde mit einer Kindergruppe sowie die Vorteile f\u00fcr die Kinder):<br \/>\n<\/span><span style=\"font-size: 14pt;\">https:\/\/www.youtube.com\/watch?v=RNFRbCVx3KU<\/span><\/p>\n<p><span style=\"font-size: 14pt;\">YouTube-Kanal von Doris macht Yoga mit 7 tollen Yoga-Geschichten f\u00fcr Kinder zum Mitmachen:<\/span><br \/>\n<span style=\"font-size: 14pt;\">https:\/\/www.youtube.com\/@dorismachtyoga2671<\/span><\/p>\n<p class=\"fussnoten-quellen\"><span style=\"font-size: 14pt;\">D\u00f6lker, Petra: Erste Schritte: Yoga im Kindergarten, 20.01.2021:<\/span><br \/>\n<span style=\"font-size: 14pt;\"><a href=\"https:\/\/www.kinderzeit.de\/news-detail-praxis\/erste-schritte-yoga-im-kindergarten.html\" target=\"_blank\" rel=\"noopener\">https:\/\/www.kinderzeit.de\/news-detail-praxis\/erste-schritte-yoga-im-kindergarten.html<\/a><\/span><\/p>\n<p><span style=\"font-size: 14pt;\">Kiana Yoga: Yoga f\u00fcr Kinder \/ Kinderyoga f\u00fcr Grundsch\u00fcler \/ Yoga, Achtsamkeit und Entspannung \u00dcbungen f\u00fcr Kids (Yoga-Geschichte f\u00fcr Kinder zum Nachmachen):<\/span><br \/>\n<span style=\"font-size: 14pt;\">https:\/\/www.youtube.com\/watch?v=D7HzVY3ZkEI<\/span><\/p>\n<p><span style=\"font-size: 14pt;\">Kiesele, Kathrin: Yoga mit Kindern \u2013 Bewegung und Stressabbau (Interview mit Grundschullehrerin und Yogalehrerin Petra Pro\u00dfowsky):<\/span><br \/>\n<span style=\"font-size: 14pt;\"><a href=\"https:\/\/www.herder.de\/kizz\/kindergesundheit\/yoga-fuer-kinder-bewegung-und-stressabbau\/\" target=\"_blank\" rel=\"noopener\">https:\/\/www.herder.de\/kizz\/kindergesundheit\/yoga-fuer-kinder-bewegung-und-stressabbau\/<\/a><\/span><\/p>\n<p><span style=\"font-size: 14pt;\">Sammlung verschiedener Artikel zum Thema Yoga mit Kinder [sic]:<br \/>\n<\/span><span style=\"font-size: 14pt;\"><a href=\"https:\/\/www.kita-turnen.de\/entspannung\/yoga-mit-kinder\/\" target=\"_blank\" rel=\"noopener\">https:\/\/www.kita-turnen.de\/entspannung\/yoga-mit-kinder\/<\/a><\/span><\/p>\n<p><span style=\"font-size: 14pt;\">MachBewegung Kids: Kinderyoga \u2013 \u00dcbungen zum Aufw\u00e4rmen:<br \/>\n<\/span><span style=\"font-size: 14pt;\">https:\/\/www.youtube.com\/watch?v=-zZ0ZWjIwlc<\/span><\/p>\n<p><span style=\"font-size: 14pt;\">R\u00fcbesamen, Kristin: Yoga in Deutschland: So ging es los, 24.02.2018:<\/span><br \/>\n<span style=\"font-size: 14pt;\"><a href=\"https:\/\/www.yogaeasy.de\/artikel\/yoga-in-deutschland-geschichte\" target=\"_blank\" rel=\"noopener\">https:\/\/www.yoga-stilvoll.de\/blog\/kinderyoga-uebungen\/<\/a><\/span><\/p>\n<p><span style=\"font-size: 14pt;\">Kinderyoga \u2013 So geht Yoga mit Kindern (ausf\u00fchrlicher Artikel mit verschiedenen \u00dcbungen und Techniken):<br \/>\n<\/span><span style=\"font-size: 14pt;\"><a href=\"https:\/\/www.yogamehome.org\/kinderyoga\" target=\"_blank\" rel=\"noopener\">https:\/\/www.yogamehome.org\/kinderyoga<\/a><\/span><\/p>\n<p><span style=\"font-size: 14pt;\">Yoga-\u00dcbungen f\u00fcr Kinder \u2013 Einfache \u00dcbungen f\u00fcr zuhause (\u00dcbungen mit detaillierten Erkl\u00e4rungen:<\/span><br \/>\n<span style=\"font-size: 14pt;\"><a href=\"https:\/\/www.yogamehome.org\/yoga-uebungen-kinder\" target=\"_blank\" rel=\"noopener\">https:\/\/www.yogamehome.org\/yoga-uebungen-kinder<\/a><\/span><\/p>\n<p><span style=\"font-size: 14pt;\">YouTube-Kanal von Yoga Studio Fox mit Yoga-Geschichten f\u00fcr Kinder zum Mitmachen zu Themen wie Vorurteile, Gef\u00fchle kennenlernen und mehr:<\/span><br \/>\n<span style=\"font-size: 14pt;\">https:\/\/www.youtube.com\/@FoxKidsYoga<\/span><\/p>\n<p><span style=\"font-size: 14pt;\">Kinderyoga \u00dcbungen (ausf\u00fchrlicher Artikel mit vielen weiterf\u00fchrenden Links zu Spielen, Yogalehrern und Seminaren):<\/span><br \/>\n<span style=\"font-size: 14pt;\"><a href=\"https:\/\/www.yoga-vidya.de\/kinderyoga\/kinderyoga-uebungen\/\" target=\"_blank\" rel=\"noopener\">https:\/\/www.yoga-vidya.de\/kinderyoga\/kinderyoga-uebungen\/<\/a><\/span><\/p>\n<\/div><\/section><\/div>\n\n<style type=\"text\/css\" data-created_by=\"avia_inline_auto\" id=\"style-css-av-fqckto-d5350d06c16b17286c5e2ae288dcdba2\">\n.flex_column.av-fqckto-d5350d06c16b17286c5e2ae288dcdba2{\nborder-radius:0px 0px 0px 0px;\npadding:10px 10px 10px 10px;\n}\n<\/style>\n<div  class='flex_column av-fqckto-d5350d06c16b17286c5e2ae288dcdba2 av_one_full  avia-builder-el-38  el_after_av_one_full  el_before_av_one_full  first flex_column_div  column-top-margin'     ><section  class='av_textblock_section av-dh1mgc-1f1cdce34e8e6e00b3fada23e5365d1b '  ><div class='avia_textblock' ><p class=\"copyright\"><strong>\u00a9 Copyright \u2013 Urheberrechtshinweis<\/strong><br \/>\nAlle Inhalte auf www.backwinkel.de sowie www.backwinkel.de\/blog, insbesondere Texte, Fotografien und Grafiken, sind urheberrechtlich gesch\u00fctzt.<br \/>\nDas Urheberrecht liegt, soweit nicht ausdr\u00fccklich anders gekennzeichnet, bei der BACKWINKEL GmbH. Bitte fragen Sie uns, falls Sie die Inhalte dieses Internetangebotes verwenden m\u00f6chten.<br \/>\nWer gegen das Urheberrecht verst\u00f6\u00dft (z. B. Bilder oder Texte unerlaubt kopiert), macht sich gem. \u00a7\u00a7 106 ff UrhG strafbar, wird zudem kostenpflichtig abgemahnt und muss Schadensersatz leisten (\u00a7 97 UrhG).<\/p>\n<\/div><\/section><\/div>\n\n<style type=\"text\/css\" data-created_by=\"avia_inline_auto\" id=\"style-css-av-267vyqv-33daf434bb65b7840a11578431f9cbeb\">\n.flex_column.av-267vyqv-33daf434bb65b7840a11578431f9cbeb{\nborder-radius:0px 0px 0px 0px;\npadding:0px 0px 0px 0px;\n}\n<\/style>\n<div  class='flex_column av-267vyqv-33daf434bb65b7840a11578431f9cbeb av_one_full  avia-builder-el-40  el_after_av_one_full  avia-builder-el-last  first flex_column_div av-zero-column-padding  column-top-margin'     ><p><section  class='av_textblock_section av-1rdrzyf-182ef5c1091fffc2ecc8c38efc66aeaf '  ><div class='avia_textblock' ><div class=\"shariff shariff-align-left shariff-widget-align-left\"><ul class=\"shariff-buttons theme-color orientation-horizontal buttonsize-medium\"><li class=\"shariff-button whatsapp shariff-nocustomcolor\" style=\"background-color:#5cbe4a\"><a href=\"https:\/\/api.whatsapp.com\/send?text=https%3A%2F%2Fwww.backwinkel.de%2Fblog%2Fyoga-kita%2F%20Katze%2C%20Kobra%2C%20Krieger\" title=\"Bei Whatsapp teilen\" aria-label=\"Bei Whatsapp teilen\" role=\"button\" rel=\"noopener nofollow\" class=\"shariff-link\" style=\"; background-color:#34af23; color:#fff\" target=\"_blank\"><span class=\"shariff-icon\" style=\"\"><svg width=\"32px\" height=\"20px\" xmlns=\"http:\/\/www.w3.org\/2000\/svg\" viewBox=\"0 0 32 32\"><path fill=\"#34af23\" d=\"M17.6 17.4q0.2 0 1.7 0.8t1.6 0.9q0 0.1 0 0.3 0 0.6-0.3 1.4-0.3 0.7-1.3 1.2t-1.8 0.5q-1 0-3.4-1.1-1.7-0.8-3-2.1t-2.6-3.3q-1.3-1.9-1.3-3.5v-0.1q0.1-1.6 1.3-2.8 0.4-0.4 0.9-0.4 0.1 0 0.3 0t0.3 0q0.3 0 0.5 0.1t0.3 0.5q0.1 0.4 0.6 1.6t0.4 1.3q0 0.4-0.6 1t-0.6 0.8q0 0.1 0.1 0.3 0.6 1.3 1.8 2.4 1 0.9 2.7 1.8 0.2 0.1 0.4 0.1 0.3 0 1-0.9t0.9-0.9zM14 26.9q2.3 0 4.3-0.9t3.6-2.4 2.4-3.6 0.9-4.3-0.9-4.3-2.4-3.6-3.6-2.4-4.3-0.9-4.3 0.9-3.6 2.4-2.4 3.6-0.9 4.3q0 3.6 2.1 6.6l-1.4 4.2 4.3-1.4q2.8 1.9 6.2 1.9zM14 2.2q2.7 0 5.2 1.1t4.3 2.9 2.9 4.3 1.1 5.2-1.1 5.2-2.9 4.3-4.3 2.9-5.2 1.1q-3.5 0-6.5-1.7l-7.4 2.4 2.4-7.2q-1.9-3.2-1.9-6.9 0-2.7 1.1-5.2t2.9-4.3 4.3-2.9 5.2-1.1z\"\/><\/svg><\/span><span class=\"shariff-text\">teilen<\/span>&nbsp;<\/a><\/li><li class=\"shariff-button facebook shariff-nocustomcolor\" style=\"background-color:#4273c8\"><a href=\"https:\/\/www.facebook.com\/sharer\/sharer.php?u=https%3A%2F%2Fwww.backwinkel.de%2Fblog%2Fyoga-kita%2F\" title=\"Bei Facebook teilen\" aria-label=\"Bei Facebook teilen\" role=\"button\" rel=\"nofollow\" class=\"shariff-link\" style=\"; background-color:#3b5998; color:#fff\" target=\"_blank\"><span class=\"shariff-icon\" style=\"\"><svg width=\"32px\" height=\"20px\" xmlns=\"http:\/\/www.w3.org\/2000\/svg\" viewBox=\"0 0 18 32\"><path fill=\"#3b5998\" d=\"M17.1 0.2v4.7h-2.8q-1.5 0-2.1 0.6t-0.5 1.9v3.4h5.2l-0.7 5.3h-4.5v13.6h-5.5v-13.6h-4.5v-5.3h4.5v-3.9q0-3.3 1.9-5.2t5-1.8q2.6 0 4.1 0.2z\"\/><\/svg><\/span><span class=\"shariff-text\">teilen<\/span>&nbsp;<\/a><\/li><li class=\"shariff-button twitter shariff-nocustomcolor\" style=\"background-color:#595959\"><a href=\"https:\/\/twitter.com\/share?url=https%3A%2F%2Fwww.backwinkel.de%2Fblog%2Fyoga-kita%2F&text=Katze%2C%20Kobra%2C%20Krieger\" title=\"Bei X teilen\" aria-label=\"Bei X teilen\" role=\"button\" rel=\"noopener nofollow\" class=\"shariff-link\" style=\"; background-color:#000; color:#fff\" target=\"_blank\"><span class=\"shariff-icon\" style=\"\"><svg width=\"32px\" height=\"20px\" xmlns=\"http:\/\/www.w3.org\/2000\/svg\" viewBox=\"0 0 24 24\"><path fill=\"#000\" d=\"M14.258 10.152L23.176 0h-2.113l-7.747 8.813L7.133 0H0l9.352 13.328L0 23.973h2.113l8.176-9.309 6.531 9.309h7.133zm-2.895 3.293l-.949-1.328L2.875 1.56h3.246l6.086 8.523.945 1.328 7.91 11.078h-3.246zm0 0\"\/><\/svg><\/span><span class=\"shariff-text\">teilen<\/span>&nbsp;<\/a><\/li><li class=\"shariff-button pinterest shariff-nocustomcolor\" style=\"background-color:#e70f18\"><a href=\"https:\/\/www.pinterest.com\/pin\/create\/link\/?url=https%3A%2F%2Fwww.backwinkel.de%2Fblog%2Fyoga-kita%2F&media=https%3A%2F%2Fwww.backwinkel.de%2Fblog%2Fwp-content%2Fuploads%2F2023%2F01%2Fbackwinkel-blog-Kinderyoga-heroimage.jpg&description=Katze%2C%20Kobra%2C%20Krieger\" title=\"Bei Pinterest pinnen\" aria-label=\"Bei Pinterest pinnen\" role=\"button\" rel=\"noopener nofollow\" class=\"shariff-link\" style=\"; background-color:#cb2027; color:#fff\" target=\"_blank\"><span class=\"shariff-icon\" style=\"\"><svg width=\"32px\" height=\"20px\" xmlns=\"http:\/\/www.w3.org\/2000\/svg\" viewBox=\"0 0 27 32\"><path fill=\"#cb2027\" d=\"M27.4 16q0 3.7-1.8 6.9t-5 5-6.9 1.9q-2 0-3.9-0.6 1.1-1.7 1.4-2.9 0.2-0.6 1-3.8 0.4 0.7 1.3 1.2t2 0.5q2.1 0 3.8-1.2t2.7-3.4 0.9-4.8q0-2-1.1-3.8t-3.1-2.9-4.5-1.2q-1.9 0-3.5 0.5t-2.8 1.4-2 2-1.2 2.3-0.4 2.4q0 1.9 0.7 3.3t2.1 2q0.5 0.2 0.7-0.4 0-0.1 0.1-0.5t0.2-0.5q0.1-0.4-0.2-0.8-0.9-1.1-0.9-2.7 0-2.7 1.9-4.6t4.9-2q2.7 0 4.2 1.5t1.5 3.8q0 3-1.2 5.2t-3.1 2.1q-1.1 0-1.7-0.8t-0.4-1.9q0.1-0.6 0.5-1.7t0.5-1.8 0.2-1.4q0-0.9-0.5-1.5t-1.4-0.6q-1.1 0-1.9 1t-0.8 2.6q0 1.3 0.4 2.2l-1.8 7.5q-0.3 1.2-0.2 3.2-3.7-1.6-6-5t-2.3-7.6q0-3.7 1.9-6.9t5-5 6.9-1.9 6.9 1.9 5 5 1.8 6.9z\"\/><\/svg><\/span><span class=\"shariff-text\">merken<\/span>&nbsp;<\/a><\/li><li class=\"shariff-button mailto shariff-nocustomcolor\" style=\"background-color:#a8a8a8\"><a href=\"mailto:?body=https%3A%2F%2Fwww.backwinkel.de%2Fblog%2Fyoga-kita%2F&subject=Katze%2C%20Kobra%2C%20Krieger\" title=\"Per E-Mail versenden\" aria-label=\"Per E-Mail versenden\" role=\"button\" rel=\"noopener nofollow\" class=\"shariff-link\" style=\"; background-color:#999; color:#fff\"><span class=\"shariff-icon\" style=\"\"><svg width=\"32px\" height=\"20px\" xmlns=\"http:\/\/www.w3.org\/2000\/svg\" viewBox=\"0 0 32 32\"><path fill=\"#999\" d=\"M32 12.7v14.2q0 1.2-0.8 2t-2 0.9h-26.3q-1.2 0-2-0.9t-0.8-2v-14.2q0.8 0.9 1.8 1.6 6.5 4.4 8.9 6.1 1 0.8 1.6 1.2t1.7 0.9 2 0.4h0.1q0.9 0 2-0.4t1.7-0.9 1.6-1.2q3-2.2 8.9-6.1 1-0.7 1.8-1.6zM32 7.4q0 1.4-0.9 2.7t-2.2 2.2q-6.7 4.7-8.4 5.8-0.2 0.1-0.7 0.5t-1 0.7-0.9 0.6-1.1 0.5-0.9 0.2h-0.1q-0.4 0-0.9-0.2t-1.1-0.5-0.9-0.6-1-0.7-0.7-0.5q-1.6-1.1-4.7-3.2t-3.6-2.6q-1.1-0.7-2.1-2t-1-2.5q0-1.4 0.7-2.3t2.1-0.9h26.3q1.2 0 2 0.8t0.9 2z\"\/><\/svg><\/span><span class=\"shariff-text\">E-Mail<\/span>&nbsp;<\/a><\/li><\/ul><\/div>\n<\/div><\/section><br \/>\n<div  class='tabcontainer av-ll3f7xxt-555736af32141668df8b234fe3305224 top_tab  avia-builder-el-42  el_after_av_textblock  el_before_av_hr '>\n<section class='av_tab_section av_tab_section av-ll3f7ujc-928715fcdc8ac9550a398305848d40ef' ><div id='tab-id-1-tab' class='tab active_tab' role='tab' aria-selected=\"true\" tabindex=\"0\" data-fake-id='#tab-id-1' aria-controls='tab-id-1-content' >Das BACKWINKEL-Blog-Team:<\/div><div id='tab-id-1-content' class='tab_content active_tab_content' role='tabpanel' aria-labelledby='tab-id-1-tab' aria-hidden=\"false\"><div class='tab_inner_content invers-color' ><p>Gibts auch ein Gesicht hinter dem BACKWINKEL-Blog? Nat\u00fcrlich. Sogar f\u00fcnf \ud83d\ude0a. Wir \u2013 Lukas, Marvin und Tatjana \u2013 bespielen unseren Blog im LACHEN LEBEN LERNEN-Firmensitz in Hattingen.<br \/>\nLukas kennt Onlinemarketing wie seine Westentasche, w\u00e4hrend Marvin unseren Beitr\u00e4gen den passenden gestalterischen Rahmen gibt und Tatjana mit dem gr\u00fcnen Korrekturstift alles pr\u00fcfend be\u00e4ugt, was unsere Freelancerautorinnen Elisa und Christine (und gern auch Gastautoren) aus der Ferne f\u00fcr den BACKWINKEL-Blog nach ordentlicher Recherche schreiben.<br \/>\nGemeinsam suchen wir st\u00e4ndig nach neuen, aufregenden Themen rund um das Thema Bildung im Kiga, der Schule und zu Hause. Und weil Sie da an der Quelle sitzen, freuen wir uns auf Ihre konstruktiven R\u00fcckmeldungen und Anregungen an blog[@]backwinkel.de<br \/>\nViel Spa\u00df beim LACHEN LESEN LERNEN!<\/p>\n<\/div><\/div><\/section>\n<\/div><br \/>\n\n<style type=\"text\/css\" data-created_by=\"avia_inline_auto\" id=\"style-css-av-1au5ydj-ae104deb67b010edae5139071b899a65\">\n#top .hr.av-1au5ydj-ae104deb67b010edae5139071b899a65{\nmargin-top:10px;\nmargin-bottom:10px;\n}\n.hr.av-1au5ydj-ae104deb67b010edae5139071b899a65 .hr-inner{\nwidth:500;\n}\n<\/style>\n<div  class='hr av-1au5ydj-ae104deb67b010edae5139071b899a65 hr-custom  avia-builder-el-43  el_after_av_tab_container  el_before_av_blog  hr-left hr-icon-no'><span class='hr-inner inner-border-av-border-thin'><span class=\"hr-inner-style\"><\/span><\/span><\/div><br \/>\n<div  data-slideshow-options=\"{&quot;animation&quot;:&quot;fade&quot;,&quot;autoplay&quot;:false,&quot;loop_autoplay&quot;:&quot;once&quot;,&quot;interval&quot;:5,&quot;loop_manual&quot;:&quot;manual-endless&quot;,&quot;autoplay_stopper&quot;:false,&quot;noNavigation&quot;:false,&quot;show_slide_delay&quot;:90}\" class='avia-content-slider avia-content-grid-active avia-content-slider1 avia-content-slider-odd  avia-builder-el-44  el_after_av_hr  avia-builder-el-last  av-slideshow-ui av-control-default   av-no-slider-navigation av-slideshow-manual av-loop-once av-loop-manual-endless ' ><div class=\"avia-content-slider-inner\"><div class=\"slide-entry-wrap\"><article class='slide-entry flex_column  post-entry post-entry-18633 slide-entry-overview slide-loop-1 slide-parity-odd  av_one_third first real-thumbnail posttype-post post-format-standard' ><a href='https:\/\/www.backwinkel.de\/blog\/plastik-recyceln\/' data-rel='slide-1' class='slide-image' title='Plastik recyceln'><img decoding=\"async\" fetchpriority=\"high\" width=\"1200\" height=\"628\" src=\"https:\/\/www.backwinkel.de\/blog\/wp-content\/uploads\/2026\/04\/04_Kiga_Plastik_nachhaltig_nutzen.jpg\" class=\"wp-image-18713 avia-img-lazy-loading-not-18713 attachment-no scaling size-no scaling wp-post-image\" alt=\"\" \/><\/a><div class=\"slide-content\"><header class=\"entry-content-header\" aria-label=\"Slide: Plastik recyceln\"><h3 class='slide-entry-title entry-title ' ><a href='https:\/\/www.backwinkel.de\/blog\/plastik-recyceln\/' title='Plastik recyceln'>Plastik recyceln<\/a><\/h3><span class=\"blog-categories minor-meta\"><a href=\"https:\/\/www.backwinkel.de\/blog\/category\/kindergarten-kita\/\" rel=\"tag\">Kindergarten<\/a> <\/span><span class=\"av-vertical-delimiter\"><\/span><\/header><div class='slide-entry-excerpt entry-content' >Biokunststoff f\u00fcr St\u00fchle, Materialboxen, Spielzeug und Rucks\u00e4cke<\/div><\/div><footer class=\"entry-footer\"><div class=\"slide-meta\"><time class='slide-meta-time updated' >14. April 2026<\/time><\/div><\/footer><\/article><article class='slide-entry flex_column  post-entry post-entry-18716 slide-entry-overview slide-loop-2 slide-parity-even  av_one_third  real-thumbnail posttype-post post-format-standard' ><a href='https:\/\/www.backwinkel.de\/blog\/rechnen-im-anfangsunterricht\/' data-rel='slide-1' class='slide-image' title='Rechnen im Anfangsunterricht'><img decoding=\"async\" fetchpriority=\"high\" width=\"1200\" height=\"628\" src=\"https:\/\/www.backwinkel.de\/blog\/wp-content\/uploads\/2026\/04\/04_Schule_Rechnen_anfangsunterricht.jpg\" class=\"wp-image-18748 avia-img-lazy-loading-not-18748 attachment-no scaling size-no scaling wp-post-image\" alt=\"\" \/><\/a><div class=\"slide-content\"><header class=\"entry-content-header\" aria-label=\"Slide: Rechnen im Anfangsunterricht\"><h3 class='slide-entry-title entry-title ' ><a href='https:\/\/www.backwinkel.de\/blog\/rechnen-im-anfangsunterricht\/' title='Rechnen im Anfangsunterricht'>Rechnen im Anfangsunterricht<\/a><\/h3><span class=\"blog-categories minor-meta\"><a href=\"https:\/\/www.backwinkel.de\/blog\/category\/schule-grundschule\/\" rel=\"tag\">Schule<\/a> <\/span><span class=\"av-vertical-delimiter\"><\/span><\/header><div class='slide-entry-excerpt entry-content' >Das Klassenzimmer als Lernlandschaft<\/div><\/div><footer class=\"entry-footer\"><div class=\"slide-meta\"><time class='slide-meta-time updated' >14. April 2026<\/time><\/div><\/footer><\/article><article class='slide-entry flex_column  post-entry post-entry-18372 slide-entry-overview slide-loop-3 slide-parity-odd  post-entry-last  av_one_third  real-thumbnail posttype-post post-format-standard' ><a href='https:\/\/www.backwinkel.de\/blog\/kranke-kinder-im-kindergarten\/' data-rel='slide-1' class='slide-image' title='Kranke Kinder im Kindergarten'><img decoding=\"async\" fetchpriority=\"high\" width=\"1200\" height=\"628\" src=\"https:\/\/www.backwinkel.de\/blog\/wp-content\/uploads\/2026\/03\/03_Kiga_Kranke_Kinder.jpg\" class=\"wp-image-18451 avia-img-lazy-loading-not-18451 attachment-no scaling size-no scaling wp-post-image\" alt=\"Thema: Kranke Kinder. Auf dem Bild ist ein krankes kleines M\u00e4dchen zu sehen. Eine Frau mit einem Fieberthermometer in der Hand sitzt neben ihr und hat die Hand auf der Stirn des M\u00e4dchens.\" \/><\/a><div class=\"slide-content\"><header class=\"entry-content-header\" aria-label=\"Slide: Kranke Kinder im Kindergarten\"><h3 class='slide-entry-title entry-title ' ><a href='https:\/\/www.backwinkel.de\/blog\/kranke-kinder-im-kindergarten\/' title='Kranke Kinder im Kindergarten'>Kranke Kinder im Kindergarten<\/a><\/h3><span class=\"blog-categories minor-meta\"><a href=\"https:\/\/www.backwinkel.de\/blog\/category\/kindergarten-kita\/\" rel=\"tag\">Kindergarten<\/a> <\/span><span class=\"av-vertical-delimiter\"><\/span><\/header><div class='slide-entry-excerpt entry-content' >Auswirkungen f\u00fcr Kinder, Eltern und Fachkr\u00e4fte<\/div><\/div><footer class=\"entry-footer\"><div class=\"slide-meta\"><time class='slide-meta-time updated' >9. M\u00e4rz 2026<\/time><\/div><\/footer><\/article><\/div><\/div><\/div><\/p><\/div>\n","protected":false},"excerpt":{"rendered":"<p>Yoga in der Kita<\/p>\n","protected":false},"author":1,"featured_media":10433,"comment_status":"closed","ping_status":"closed","sticky":false,"template":"","format":"standard","meta":{"inline_featured_image":false,"footnotes":""},"categories":[5],"tags":[],"class_list":["post-10407","post","type-post","status-publish","format-standard","has-post-thumbnail","hentry","category-kindergarten-kita"],"yoast_head":"<!-- This site is optimized with the Yoast SEO plugin v27.5 - https:\/\/yoast.com\/product\/yoast-seo-wordpress\/ -->\n<title>Katze, Kobra, Krieger \u2013 Yoga in der Kita | BACKWINKEL Blog<\/title>\n<meta name=\"robots\" content=\"index, follow, max-snippet:-1, max-image-preview:large, max-video-preview:-1\" \/>\n<link rel=\"canonical\" href=\"https:\/\/www.backwinkel.de\/blog\/yoga-kita\/\" \/>\n<meta property=\"og:locale\" content=\"de_DE\" \/>\n<meta property=\"og:type\" content=\"article\" \/>\n<meta property=\"og:title\" content=\"Katze, Kobra, Krieger \u2013 Yoga in der Kita | BACKWINKEL Blog\" \/>\n<meta property=\"og:description\" content=\"Yoga in der Kita\" \/>\n<meta property=\"og:url\" content=\"https:\/\/www.backwinkel.de\/blog\/yoga-kita\/\" \/>\n<meta property=\"og:site_name\" content=\"BACKWINKEL Blog\" \/>\n<meta property=\"article:published_time\" content=\"2023-02-06T08:20:42+00:00\" \/>\n<meta property=\"article:modified_time\" content=\"2026-04-24T07:48:35+00:00\" \/>\n<meta property=\"og:image\" content=\"https:\/\/www.backwinkel.de\/blog\/wp-content\/uploads\/2023\/01\/backwinkel-blog-Kinderyoga-heroimage.jpg\" \/>\n\t<meta property=\"og:image:width\" content=\"1200\" \/>\n\t<meta property=\"og:image:height\" content=\"628\" \/>\n\t<meta property=\"og:image:type\" content=\"image\/jpeg\" \/>\n<meta name=\"author\" content=\"admin_backwinkel\" \/>\n<meta name=\"twitter:card\" content=\"summary_large_image\" \/>\n<meta name=\"twitter:label1\" content=\"Verfasst von\" \/>\n\t<meta name=\"twitter:data1\" content=\"admin_backwinkel\" \/>\n\t<meta name=\"twitter:label2\" content=\"Gesch\u00e4tzte Lesezeit\" \/>\n\t<meta name=\"twitter:data2\" content=\"12\u00a0Minuten\" \/>\n<script type=\"application\/ld+json\" class=\"yoast-schema-graph\">{\"@context\":\"https:\\\/\\\/schema.org\",\"@graph\":[{\"@type\":\"Article\",\"@id\":\"https:\\\/\\\/www.backwinkel.de\\\/blog\\\/yoga-kita\\\/#article\",\"isPartOf\":{\"@id\":\"https:\\\/\\\/www.backwinkel.de\\\/blog\\\/yoga-kita\\\/\"},\"author\":{\"name\":\"admin_backwinkel\",\"@id\":\"https:\\\/\\\/www.backwinkel.de\\\/blog\\\/#\\\/schema\\\/person\\\/88b842297c0e471020a66f4476633cf2\"},\"headline\":\"Katze, Kobra, Krieger\",\"datePublished\":\"2023-02-06T08:20:42+00:00\",\"dateModified\":\"2026-04-24T07:48:35+00:00\",\"mainEntityOfPage\":{\"@id\":\"https:\\\/\\\/www.backwinkel.de\\\/blog\\\/yoga-kita\\\/\"},\"wordCount\":4602,\"image\":{\"@id\":\"https:\\\/\\\/www.backwinkel.de\\\/blog\\\/yoga-kita\\\/#primaryimage\"},\"thumbnailUrl\":\"https:\\\/\\\/www.backwinkel.de\\\/blog\\\/wp-content\\\/uploads\\\/2023\\\/01\\\/backwinkel-blog-Kinderyoga-heroimage.jpg\",\"articleSection\":[\"Kindergarten\"],\"inLanguage\":\"de\"},{\"@type\":\"WebPage\",\"@id\":\"https:\\\/\\\/www.backwinkel.de\\\/blog\\\/yoga-kita\\\/\",\"url\":\"https:\\\/\\\/www.backwinkel.de\\\/blog\\\/yoga-kita\\\/\",\"name\":\"Katze, Kobra, Krieger \u2013 Yoga in der Kita | BACKWINKEL Blog\",\"isPartOf\":{\"@id\":\"https:\\\/\\\/www.backwinkel.de\\\/blog\\\/#website\"},\"primaryImageOfPage\":{\"@id\":\"https:\\\/\\\/www.backwinkel.de\\\/blog\\\/yoga-kita\\\/#primaryimage\"},\"image\":{\"@id\":\"https:\\\/\\\/www.backwinkel.de\\\/blog\\\/yoga-kita\\\/#primaryimage\"},\"thumbnailUrl\":\"https:\\\/\\\/www.backwinkel.de\\\/blog\\\/wp-content\\\/uploads\\\/2023\\\/01\\\/backwinkel-blog-Kinderyoga-heroimage.jpg\",\"datePublished\":\"2023-02-06T08:20:42+00:00\",\"dateModified\":\"2026-04-24T07:48:35+00:00\",\"author\":{\"@id\":\"https:\\\/\\\/www.backwinkel.de\\\/blog\\\/#\\\/schema\\\/person\\\/88b842297c0e471020a66f4476633cf2\"},\"breadcrumb\":{\"@id\":\"https:\\\/\\\/www.backwinkel.de\\\/blog\\\/yoga-kita\\\/#breadcrumb\"},\"inLanguage\":\"de\",\"potentialAction\":[{\"@type\":\"ReadAction\",\"target\":[\"https:\\\/\\\/www.backwinkel.de\\\/blog\\\/yoga-kita\\\/\"]}]},{\"@type\":\"ImageObject\",\"inLanguage\":\"de\",\"@id\":\"https:\\\/\\\/www.backwinkel.de\\\/blog\\\/yoga-kita\\\/#primaryimage\",\"url\":\"https:\\\/\\\/www.backwinkel.de\\\/blog\\\/wp-content\\\/uploads\\\/2023\\\/01\\\/backwinkel-blog-Kinderyoga-heroimage.jpg\",\"contentUrl\":\"https:\\\/\\\/www.backwinkel.de\\\/blog\\\/wp-content\\\/uploads\\\/2023\\\/01\\\/backwinkel-blog-Kinderyoga-heroimage.jpg\",\"width\":1200,\"height\":628},{\"@type\":\"BreadcrumbList\",\"@id\":\"https:\\\/\\\/www.backwinkel.de\\\/blog\\\/yoga-kita\\\/#breadcrumb\",\"itemListElement\":[{\"@type\":\"ListItem\",\"position\":1,\"name\":\"Startseite\",\"item\":\"https:\\\/\\\/blog.backwinkel.de\\\/aktuelles\\\/\"},{\"@type\":\"ListItem\",\"position\":2,\"name\":\"Katze, Kobra, Krieger\"}]},{\"@type\":\"WebSite\",\"@id\":\"https:\\\/\\\/www.backwinkel.de\\\/blog\\\/#website\",\"url\":\"https:\\\/\\\/www.backwinkel.de\\\/blog\\\/\",\"name\":\"BACKWINKEL Blog\",\"description\":\"f\u00fcr Lehrer, Erzieher und Eltern\",\"potentialAction\":[{\"@type\":\"SearchAction\",\"target\":{\"@type\":\"EntryPoint\",\"urlTemplate\":\"https:\\\/\\\/www.backwinkel.de\\\/blog\\\/?s={search_term_string}\"},\"query-input\":{\"@type\":\"PropertyValueSpecification\",\"valueRequired\":true,\"valueName\":\"search_term_string\"}}],\"inLanguage\":\"de\"},{\"@type\":\"Person\",\"@id\":\"https:\\\/\\\/www.backwinkel.de\\\/blog\\\/#\\\/schema\\\/person\\\/88b842297c0e471020a66f4476633cf2\",\"name\":\"admin_backwinkel\",\"url\":\"https:\\\/\\\/www.backwinkel.de\\\/blog\\\/author\\\/admin_backwinkel\\\/\"}]}<\/script>\n<!-- \/ Yoast SEO plugin. -->","yoast_head_json":{"title":"Katze, Kobra, Krieger \u2013 Yoga in der Kita | BACKWINKEL Blog","robots":{"index":"index","follow":"follow","max-snippet":"max-snippet:-1","max-image-preview":"max-image-preview:large","max-video-preview":"max-video-preview:-1"},"canonical":"https:\/\/www.backwinkel.de\/blog\/yoga-kita\/","og_locale":"de_DE","og_type":"article","og_title":"Katze, Kobra, Krieger \u2013 Yoga in der Kita | BACKWINKEL Blog","og_description":"Yoga in der Kita","og_url":"https:\/\/www.backwinkel.de\/blog\/yoga-kita\/","og_site_name":"BACKWINKEL Blog","article_published_time":"2023-02-06T08:20:42+00:00","article_modified_time":"2026-04-24T07:48:35+00:00","og_image":[{"width":1200,"height":628,"url":"https:\/\/www.backwinkel.de\/blog\/wp-content\/uploads\/2023\/01\/backwinkel-blog-Kinderyoga-heroimage.jpg","type":"image\/jpeg"}],"author":"admin_backwinkel","twitter_card":"summary_large_image","twitter_misc":{"Verfasst von":"admin_backwinkel","Gesch\u00e4tzte Lesezeit":"12\u00a0Minuten"},"schema":{"@context":"https:\/\/schema.org","@graph":[{"@type":"Article","@id":"https:\/\/www.backwinkel.de\/blog\/yoga-kita\/#article","isPartOf":{"@id":"https:\/\/www.backwinkel.de\/blog\/yoga-kita\/"},"author":{"name":"admin_backwinkel","@id":"https:\/\/www.backwinkel.de\/blog\/#\/schema\/person\/88b842297c0e471020a66f4476633cf2"},"headline":"Katze, Kobra, Krieger","datePublished":"2023-02-06T08:20:42+00:00","dateModified":"2026-04-24T07:48:35+00:00","mainEntityOfPage":{"@id":"https:\/\/www.backwinkel.de\/blog\/yoga-kita\/"},"wordCount":4602,"image":{"@id":"https:\/\/www.backwinkel.de\/blog\/yoga-kita\/#primaryimage"},"thumbnailUrl":"https:\/\/www.backwinkel.de\/blog\/wp-content\/uploads\/2023\/01\/backwinkel-blog-Kinderyoga-heroimage.jpg","articleSection":["Kindergarten"],"inLanguage":"de"},{"@type":"WebPage","@id":"https:\/\/www.backwinkel.de\/blog\/yoga-kita\/","url":"https:\/\/www.backwinkel.de\/blog\/yoga-kita\/","name":"Katze, Kobra, Krieger \u2013 Yoga in der Kita | BACKWINKEL Blog","isPartOf":{"@id":"https:\/\/www.backwinkel.de\/blog\/#website"},"primaryImageOfPage":{"@id":"https:\/\/www.backwinkel.de\/blog\/yoga-kita\/#primaryimage"},"image":{"@id":"https:\/\/www.backwinkel.de\/blog\/yoga-kita\/#primaryimage"},"thumbnailUrl":"https:\/\/www.backwinkel.de\/blog\/wp-content\/uploads\/2023\/01\/backwinkel-blog-Kinderyoga-heroimage.jpg","datePublished":"2023-02-06T08:20:42+00:00","dateModified":"2026-04-24T07:48:35+00:00","author":{"@id":"https:\/\/www.backwinkel.de\/blog\/#\/schema\/person\/88b842297c0e471020a66f4476633cf2"},"breadcrumb":{"@id":"https:\/\/www.backwinkel.de\/blog\/yoga-kita\/#breadcrumb"},"inLanguage":"de","potentialAction":[{"@type":"ReadAction","target":["https:\/\/www.backwinkel.de\/blog\/yoga-kita\/"]}]},{"@type":"ImageObject","inLanguage":"de","@id":"https:\/\/www.backwinkel.de\/blog\/yoga-kita\/#primaryimage","url":"https:\/\/www.backwinkel.de\/blog\/wp-content\/uploads\/2023\/01\/backwinkel-blog-Kinderyoga-heroimage.jpg","contentUrl":"https:\/\/www.backwinkel.de\/blog\/wp-content\/uploads\/2023\/01\/backwinkel-blog-Kinderyoga-heroimage.jpg","width":1200,"height":628},{"@type":"BreadcrumbList","@id":"https:\/\/www.backwinkel.de\/blog\/yoga-kita\/#breadcrumb","itemListElement":[{"@type":"ListItem","position":1,"name":"Startseite","item":"https:\/\/blog.backwinkel.de\/aktuelles\/"},{"@type":"ListItem","position":2,"name":"Katze, Kobra, Krieger"}]},{"@type":"WebSite","@id":"https:\/\/www.backwinkel.de\/blog\/#website","url":"https:\/\/www.backwinkel.de\/blog\/","name":"BACKWINKEL Blog","description":"f\u00fcr Lehrer, Erzieher und Eltern","potentialAction":[{"@type":"SearchAction","target":{"@type":"EntryPoint","urlTemplate":"https:\/\/www.backwinkel.de\/blog\/?s={search_term_string}"},"query-input":{"@type":"PropertyValueSpecification","valueRequired":true,"valueName":"search_term_string"}}],"inLanguage":"de"},{"@type":"Person","@id":"https:\/\/www.backwinkel.de\/blog\/#\/schema\/person\/88b842297c0e471020a66f4476633cf2","name":"admin_backwinkel","url":"https:\/\/www.backwinkel.de\/blog\/author\/admin_backwinkel\/"}]}},"_links":{"self":[{"href":"https:\/\/www.backwinkel.de\/blog\/wp-json\/wp\/v2\/posts\/10407","targetHints":{"allow":["GET"]}}],"collection":[{"href":"https:\/\/www.backwinkel.de\/blog\/wp-json\/wp\/v2\/posts"}],"about":[{"href":"https:\/\/www.backwinkel.de\/blog\/wp-json\/wp\/v2\/types\/post"}],"author":[{"embeddable":true,"href":"https:\/\/www.backwinkel.de\/blog\/wp-json\/wp\/v2\/users\/1"}],"replies":[{"embeddable":true,"href":"https:\/\/www.backwinkel.de\/blog\/wp-json\/wp\/v2\/comments?post=10407"}],"version-history":[{"count":2,"href":"https:\/\/www.backwinkel.de\/blog\/wp-json\/wp\/v2\/posts\/10407\/revisions"}],"predecessor-version":[{"id":18981,"href":"https:\/\/www.backwinkel.de\/blog\/wp-json\/wp\/v2\/posts\/10407\/revisions\/18981"}],"wp:featuredmedia":[{"embeddable":true,"href":"https:\/\/www.backwinkel.de\/blog\/wp-json\/wp\/v2\/media\/10433"}],"wp:attachment":[{"href":"https:\/\/www.backwinkel.de\/blog\/wp-json\/wp\/v2\/media?parent=10407"}],"wp:term":[{"taxonomy":"category","embeddable":true,"href":"https:\/\/www.backwinkel.de\/blog\/wp-json\/wp\/v2\/categories?post=10407"},{"taxonomy":"post_tag","embeddable":true,"href":"https:\/\/www.backwinkel.de\/blog\/wp-json\/wp\/v2\/tags?post=10407"}],"curies":[{"name":"wp","href":"https:\/\/api.w.org\/{rel}","templated":true}]}}