{"id":1018,"date":"2018-11-05T09:03:03","date_gmt":"2018-11-05T08:03:03","guid":{"rendered":"https:\/\/blog.backwinkel.de\/?p=1018"},"modified":"2026-04-22T08:33:13","modified_gmt":"2026-04-22T06:33:13","slug":"orff-instrumente","status":"publish","type":"post","link":"https:\/\/www.backwinkel.de\/blog\/orff-instrumente\/","title":{"rendered":"Wie klingt es, wenn der Nebel fl\u00fcstert?"},"content":{"rendered":"\n<style type=\"text\/css\" data-created_by=\"avia_inline_auto\" id=\"style-css-av-8vdv8-f7e0dae999cc49bc529a70f67b346526\">\n.flex_column.av-8vdv8-f7e0dae999cc49bc529a70f67b346526{\nborder-radius:0px 0px 0px 0px;\npadding:0px 0px 0px 0px;\n}\n<\/style>\n<div  class='flex_column av-8vdv8-f7e0dae999cc49bc529a70f67b346526 av_one_full  avia-builder-el-0  el_before_av_one_full  avia-builder-el-first  first flex_column_div av-zero-column-padding  '     ><p>\n<style type=\"text\/css\" data-created_by=\"avia_inline_auto\" id=\"style-css-av-jl6mo8rj-605eccf9df0dce9c3ffb6a57636da99d\">\n#top .hr.hr-invisible.av-jl6mo8rj-605eccf9df0dce9c3ffb6a57636da99d{\nmargin-top:0px;\nheight:1px;\n}\n<\/style>\n<div  class='hr av-jl6mo8rj-605eccf9df0dce9c3ffb6a57636da99d hr-invisible  avia-builder-el-1  el_before_av_heading  avia-builder-el-first '><span class='hr-inner '><span class=\"hr-inner-style\"><\/span><\/span><\/div><br \/>\n\n<style type=\"text\/css\" data-created_by=\"avia_inline_auto\" id=\"style-css-av-a3ymy-3e462ab9d94594ebbe31a9f62a41f6b3\">\n#top .av-special-heading.av-a3ymy-3e462ab9d94594ebbe31a9f62a41f6b3{\npadding-bottom:10px;\n}\nbody .av-special-heading.av-a3ymy-3e462ab9d94594ebbe31a9f62a41f6b3 .av-special-heading-tag .heading-char{\nfont-size:25px;\n}\n.av-special-heading.av-a3ymy-3e462ab9d94594ebbe31a9f62a41f6b3 .av-subheading{\nfont-size:14px;\n}\n<\/style>\n<div  class='av-special-heading av-a3ymy-3e462ab9d94594ebbe31a9f62a41f6b3 av-special-heading-h1 blockquote modern-quote  avia-builder-el-2  el_after_av_hr  el_before_av_post_metadata '><h1 class='av-special-heading-tag '  >Wie klingt es, wenn der Nebel fl\u00fcstert? Orff-Instrumente und ihr Einsatz (nicht nur) zur musikalischen Fr\u00fcherziehung<\/h1><div class='av-subheading av-subheading_below'><p class=\"autorenname\">Christine Hagemann<\/p>\n<\/div><div class=\"special-heading-border\"><div class=\"special-heading-inner-border\"><\/div><\/div><\/div><br \/>\n\n<style type=\"text\/css\" data-created_by=\"avia_inline_auto\" id=\"style-css-av-5litmi-fd58aa89d891164790191212517faa02\">\n#top .av-post-metadata-container.av-5litmi-fd58aa89d891164790191212517faa02{\nfont-size:12px;\n}\n#top .av-post-metadata-container.av-5litmi-fd58aa89d891164790191212517faa02 .av-post-metadata-container-inner{\nfont-size:12px;\n}\n<\/style>\n<div  class='av-post-metadata-container av-5litmi-fd58aa89d891164790191212517faa02 av-metadata-container-align-left  avia-builder-el-3  el_after_av_heading  el_before_av_textblock  av-metadata-container-1'><div class='av-post-metadata-container-inner'><span class=\"av-post-metadata-content av-post-metadata-meta-content\"><span class=\"av-post-metadata-content av-post-metadata-modified\"><span class=\"av-metadata-before av-metadata-before-modified\">Aktualisiert:<\/span><span class=\"av-post-metadata-modified-date\" >22. April 2026<\/span><\/span><span class=\"av-post-metadata-content av-post-metadata-separator\">\/<\/span><span class=\"av-post-metadata-content av-post-metadata-modified\"><span class=\"av-metadata-before av-metadata-before-modified\">Zuletzt aktualisiert:<\/span><span class=\"av-post-metadata-modified-date\" >22. April 2026<\/span><\/span><\/span><\/div><\/div><br \/>\n\n<style type=\"text\/css\" data-created_by=\"avia_inline_auto\" id=\"style-css-av-jkuubohz-5e213d7eafafb70a6261f4be3fa65ce0\">\n#top .av_textblock_section.av-jkuubohz-5e213d7eafafb70a6261f4be3fa65ce0 .avia_textblock{\nfont-size:20px;\n}\n<\/style>\n<section  class='av_textblock_section av-jkuubohz-5e213d7eafafb70a6261f4be3fa65ce0 '  ><div class='avia_textblock' ><p class=\"einleitungstext-beitrag\">Was macht gl\u00fccklicher, feinf\u00fchliger und bereichert das Leben? Richtig, Musik. Dass Musik die kindliche Entwicklung f\u00f6rdert, ist l\u00e4ngst kein Geheimnis mehr. Besonders wichtig ist es dabei, selbst aktiv zu sein, zu singen, ein Musikinstrument zu spielen.<\/p>\n<\/div><\/section><br \/>\n\n<style type=\"text\/css\" data-created_by=\"avia_inline_auto\" id=\"style-css-av-jkuuo5h6-89531882524443674d4f81cf1e8fb17f\">\n.avia-image-container.av-jkuuo5h6-89531882524443674d4f81cf1e8fb17f img.avia_image{\nbox-shadow:none;\n}\n.avia-image-container.av-jkuuo5h6-89531882524443674d4f81cf1e8fb17f .av-image-caption-overlay-center{\ncolor:#ffffff;\n}\n<\/style>\n<div  class='avia-image-container av-jkuuo5h6-89531882524443674d4f81cf1e8fb17f av-styling- avia-align-  avia-builder-el-5  el_after_av_textblock  el_before_av_hr '  ><div class=\"avia-image-container-inner\"><div class=\"avia-image-overlay-wrap\"><img decoding=\"async\" fetchpriority=\"high\" class='wp-image-2387 avia-img-lazy-loading-not-2387 avia_image ' src=\"https:\/\/www.backwinkel.de\/blog\/wp-content\/uploads\/2018\/11\/backwinkel-blog-orff-instrumente-heroimage.jpg\" alt='BACKWINKEL-Blog: Orff-Instrumente' title='BACKWINKEL-Blog: Orff-Instrumente'  height=\"628\" width=\"1200\" srcset=\"https:\/\/www.backwinkel.de\/blog\/wp-content\/uploads\/2018\/11\/backwinkel-blog-orff-instrumente-heroimage.jpg 1200w, https:\/\/www.backwinkel.de\/blog\/wp-content\/uploads\/2018\/11\/backwinkel-blog-orff-instrumente-heroimage-300x157.jpg 300w, https:\/\/www.backwinkel.de\/blog\/wp-content\/uploads\/2018\/11\/backwinkel-blog-orff-instrumente-heroimage-768x402.jpg 768w, https:\/\/www.backwinkel.de\/blog\/wp-content\/uploads\/2018\/11\/backwinkel-blog-orff-instrumente-heroimage-1030x539.jpg 1030w, https:\/\/www.backwinkel.de\/blog\/wp-content\/uploads\/2018\/11\/backwinkel-blog-orff-instrumente-heroimage-705x369.jpg 705w, https:\/\/www.backwinkel.de\/blog\/wp-content\/uploads\/2018\/11\/backwinkel-blog-orff-instrumente-heroimage-450x236.jpg 450w\" sizes=\"(max-width: 1200px) 100vw, 1200px\" \/><\/div><\/div><\/div><br \/>\n\n<style type=\"text\/css\" data-created_by=\"avia_inline_auto\" id=\"style-css-av-jl6mo8rj-40-3b5847f77570e63e4ce28ff0651a9f24\">\n#top .hr.hr-invisible.av-jl6mo8rj-40-3b5847f77570e63e4ce28ff0651a9f24{\nheight:5px;\n}\n<\/style>\n<div  class='hr av-jl6mo8rj-40-3b5847f77570e63e4ce28ff0651a9f24 hr-invisible  avia-builder-el-6  el_after_av_image  el_before_av_textblock '><span class='hr-inner '><span class=\"hr-inner-style\"><\/span><\/span><\/div><br \/>\n\n<style type=\"text\/css\" data-created_by=\"avia_inline_auto\" id=\"style-css-av-jl7ql86y-f0dc4c9ae07539a705b23fa9162e65fa\">\n#top .av_textblock_section.av-jl7ql86y-f0dc4c9ae07539a705b23fa9162e65fa .avia_textblock{\nfont-size:10px;\n}\n<\/style>\n<section  class='av_textblock_section av-jl7ql86y-f0dc4c9ae07539a705b23fa9162e65fa '  ><div class='avia_textblock' ><p class=\"bildnennung-beitrag\" style=\"text-align: left;\">\u00a9\u00a0stebidus, Fotolia.com<\/p>\n<\/div><\/section><br \/>\n\n<style type=\"text\/css\" data-created_by=\"avia_inline_auto\" id=\"style-css-av-jl6mo8rj-38-6988f66f8a402ce85fd2eb14d4852de1\">\n#top .hr.hr-invisible.av-jl6mo8rj-38-6988f66f8a402ce85fd2eb14d4852de1{\nheight:20px;\n}\n<\/style>\n<div  class='hr av-jl6mo8rj-38-6988f66f8a402ce85fd2eb14d4852de1 hr-invisible  avia-builder-el-8  el_after_av_textblock  el_before_av_textblock '><span class='hr-inner '><span class=\"hr-inner-style\"><\/span><\/span><\/div><br \/>\n<section  class='av_textblock_section av-jkuubohz-39-c0383778f6f5fa1b396fa53d70a6a6b7 '  ><div class='avia_textblock' ><p>Gemeinsames Musizieren wirkt positiv auf die sensitiven, kreativen und sozialen F\u00e4higkeiten von Kindern. Deshalb ist die musikalische Fr\u00fcherziehung enorm wichtig. Kinder zwischen 3 und 6 Jahren sind in einer besonders sensitiven Phase, sie sind sch\u00f6pferischer, freier als im Schulalter. Das kreative Potenzial, das im Vorschulalter angelegt wird, bietet die beste Grundlage f\u00fcr das Gelingen kreativer Arbeitsformen auch im Schulalter.<\/p>\n<p>Musikalische Fr\u00fcherziehung und Orff-Instrumente \u2013 das geh\u00f6rt einfach zusammen. Um Ihren Kindern Freude an Musik zu vermitteln, m\u00fcssen Sie kein Musiker sein. Das Wichtigste ist, dass alle Spa\u00df am Musizieren haben. In unserem Ratgeber finden Sie didaktische Grundgedanken und praktische Tipps f\u00fcr Einsteiger. Eine \u00dcbersicht der Orff-Instrumente gibt Ihnen Anregungen f\u00fcr Ihre musikalische Reise in die Welt der Kl\u00e4nge.<\/p>\n<\/div><\/section><\/p><\/div>\n<style type=\"text\/css\" data-created_by=\"avia_inline_auto\" id=\"style-css-av-jlnt0i5o-f236c614a826fac7ad43fe988a87cef0\">\n.flex_column.av-jlnt0i5o-f236c614a826fac7ad43fe988a87cef0{\nborder-radius:0px 0px 0px 0px;\npadding:10px 10px 10px 10px;\nbackground-color:#e0f1b4;\n}\n<\/style>\n<div  class='flex_column av-jlnt0i5o-f236c614a826fac7ad43fe988a87cef0 av_one_full  avia-builder-el-10  el_after_av_one_full  el_before_av_three_fifth  first flex_column_div av-animated-generic fade-in  column-top-margin'     ><style type=\"text\/css\" data-created_by=\"avia_inline_auto\" id=\"style-css-av-jkuvcso3-bab9118728c0bad71bb6c1a208f562d1\">\n#top .av_textblock_section.av-jkuvcso3-bab9118728c0bad71bb6c1a208f562d1 .avia_textblock{\nfont-size:18px;\n}\n<\/style>\n<section  class='av_textblock_section av-jkuvcso3-bab9118728c0bad71bb6c1a208f562d1 '  ><div class='avia_textblock' ><p><strong>TIPP:<\/strong> Entdecken Sie die gro\u00dfe Auswahl an <a href=\"https:\/\/www.backwinkel.de\/cat\/orff-instrumente\/\">Orff-Instrumenten in unserem Onlineshop<\/a>.<\/p>\n<\/div><\/section><\/div><\/p>\n\n<style type=\"text\/css\" data-created_by=\"avia_inline_auto\" id=\"style-css-av-swqf9-62a8d7f0840f767c6bb2ba56c3e42b09\">\n.flex_column.av-swqf9-62a8d7f0840f767c6bb2ba56c3e42b09{\nborder-radius:0px 0px 0px 0px;\npadding:20px 20px 20px 20px;\nbackground-color:#f2f2f2;\n}\n<\/style>\n<div  class='flex_column av-swqf9-62a8d7f0840f767c6bb2ba56c3e42b09 av_three_fifth  avia-builder-el-12  el_after_av_one_full  el_before_av_two_fifth  first flex_column_div  column-top-margin'     ><style type=\"text\/css\" data-created_by=\"avia_inline_auto\" id=\"style-css-av-jkuua5r2-256fd4df39163ea2ca2a8639c5589834\">\n#top .av_textblock_section.av-jkuua5r2-256fd4df39163ea2ca2a8639c5589834 .avia_textblock{\nfont-size:14px;\n}\n<\/style>\n<section  class='av_textblock_section av-jkuua5r2-256fd4df39163ea2ca2a8639c5589834 '  ><div class='avia_textblock' ><p><strong>Inhalt<\/strong><\/p>\n<p><strong><a href=\"#1\">1. Was sind Orff-Instrumente?<\/a><\/strong><br \/>\n1.1 Was zum Orff-Instrumentarium z\u00e4hlt und was nicht<br \/>\n1.2 Warum Orff-Instrumente ideal f\u00fcr Kinder sind<\/p>\n<p><strong><a href=\"#2\">2. Wer war Carl Orff, und was war seine Idee?<\/a><\/strong><\/p>\n<p><strong><a href=\"#3\">3. \u00dcbersicht: 37 Orff-Instrumente, Liste mit Bildern<\/a><\/strong><\/p>\n<p><strong><a href=\"#4\">4. Wie verwende ich Orff-Instrumente zur musikalischen Fr\u00fcherziehung?<\/a><\/strong><br \/>\n4.1 Trommelzeit im Kindergarten<br \/>\n4.2 Die Trommel kribbelt im Bauch<br \/>\n4.3 T\u00f6ne sind Blumen, die in den Ohren der anderen aufbl\u00fchen<br \/>\n4.4 Ich kann die Sterne gl\u00e4nzen h\u00f6ren<\/p>\n<p><strong><a href=\"#5\">5. So nutzen Sie Orff-Instrumente im Anfangsunterricht<\/a><\/strong><\/p>\n<\/div><\/section><\/div>\n\n<style type=\"text\/css\" data-created_by=\"avia_inline_auto\" id=\"style-css-av-2532d-6e1ea05e25305745634c0a02c87dc827\">\n.flex_column.av-2532d-6e1ea05e25305745634c0a02c87dc827{\nborder-radius:0px 0px 0px 0px;\npadding:0 0 0 0;\n}\n<\/style>\n<div  class='flex_column av-2532d-6e1ea05e25305745634c0a02c87dc827 av_two_fifth  avia-builder-el-14  el_after_av_three_fifth  el_before_av_sidebar  flex_column_div av-zero-column-padding  column-top-margin'     ><\/div>\n<div  class='avia-builder-widget-area clearfix  avia-builder-el-15  el_after_av_two_fifth  el_before_av_one_full '><div id=\"text-35\" class=\"widget clearfix widget_text\">\t\t\t<div class=\"textwidget\"><\/div>\n\t\t<\/div><\/div>\n\n<style type=\"text\/css\" data-created_by=\"avia_inline_auto\" id=\"style-css-av-hh5al-9c53459d093ff912fcc98cf97e19d753\">\n.flex_column.av-hh5al-9c53459d093ff912fcc98cf97e19d753{\nborder-radius:0px 0px 0px 0px;\npadding:0px 0px 0px 0px;\n}\n<\/style>\n<div  class='flex_column av-hh5al-9c53459d093ff912fcc98cf97e19d753 av_one_full  avia-builder-el-16  el_after_av_sidebar  el_before_av_one_full  first flex_column_div av-zero-column-padding  '     ><section  class='av_textblock_section av-jkuul0eg-47aa45f9d704d9c8972e1ddf4c471077 '  ><div class='avia_textblock' >\n<style type=\"text\/css\" data-created_by=\"avia_inline_auto\" id=\"style-css-av-7c7r8-1ad3209b7b9ea9c60cc97e362d76ea5e\">\n#top .hr.hr-invisible.av-7c7r8-1ad3209b7b9ea9c60cc97e362d76ea5e{\nheight:20px;\n}\n<\/style>\n<div  class='hr av-7c7r8-1ad3209b7b9ea9c60cc97e362d76ea5e hr-invisible  avia-builder-el-18  avia-builder-el-no-sibling '><span class='hr-inner '><span class=\"hr-inner-style\"><\/span><\/span><\/div>\n<h2 id=\"1\" class=\"position\">Was sind Orff-Instrumente?<\/h2>\n<p>Das Orff-Instrumentarium geht auf den Musiker Carl Orff zur\u00fcck, der in den 1920er-Jahren eine Musikp\u00e4dagogik entwickelte, bei der Musik und Bewegung sich gegenseitig erg\u00e4nzen. Daf\u00fcr w\u00e4hlte er die geeigneten Klang- und Rhythmusinstrumente. Erfunden hat Orff diese Instrumente nicht, vielmehr entdeckte er sie wieder, in Anlehnung an die Kulturen der Welt.<\/p>\n<h3>Was zum Orff-Instrumentarium z\u00e4hlt und was nicht<\/h3>\n<p>Orff verdanken wir die uns heute bekannte Form der <strong>Schlagespiele<\/strong> \u2013 Xylophone, Metallophone und Glockenspiele \u2013 mit einem Holzkasten als Resonanzk\u00f6rper. Angeregt durch exotische und mittelalterliche Vorbilder, entwickelte Orff die Form zusammen mit einem Instrumentenbauer.<\/p>\n<p>Genaugenommen sind dies die eigentlichen Orffschen Instrumente. Aber auch das Kleine Schlagwerk und Fellinstrumente, die Orff f\u00fcr sein Schulwerk verwendete, gelten als Orff-Instrumente.<\/p>\n<p>Zum <strong>Kleinen Schlagwerk<\/strong> geh\u00f6ren kontrastreiche Rhythmusinstrumente aus Holz, Metall und anderen Materialien wie beispielsweise Handtrommeln, Triangeln, Cymbeln und Rasseln. Diese Instrumente sind quasi die Verl\u00e4ngerung von H\u00e4nden und F\u00fc\u00dfen, den k\u00f6rperlichen Instrumenten, mit denen Menschen klatschend und stampfend Kl\u00e4nge entstehen lassen.<\/p>\n<p><strong>Fellinstrumente<\/strong> bestehen aus Resonanzk\u00f6rpern oder Rahmen, \u00fcber die eine Membran aus Tierhaut oder Kunststoff gespannt ist. Hierzu z\u00e4hlen die verschiedenen Trommeln und <a href=\"https:\/\/www.backwinkel.de\/cat\/pauken\/\" target=\"_blank\" rel=\"noopener\">Pauken<\/a>. Man unterscheidet Instrumente ohne und mit regulierbaren Tonh\u00f6hen.<\/p>\n<p>Mit dem Begriff <strong>Erweiterte Orff-Instrumente<\/strong> werden Instrumente aus anderen Kulturkreisen bezeichnet, wie beispielsweise das <a href=\"https:\/\/www.backwinkel.de\/prod\/agogo.html\" target=\"_blank\" rel=\"noopener\">Agogo<\/a> aus S\u00fcdamerika oder die <a href=\"https:\/\/www.backwinkel.de\/cat\/djembe\/\" target=\"_blank\" rel=\"noopener\">Djemb\u00e9<\/a> aus Afrika, die eine sinnvolle Erg\u00e4nzung zum Orff-Instrumentarium bilden.<\/p>\n<p>Nicht wirklich zum Orff-Instrumentarium z\u00e4hlen Instrumente des <strong>Gro\u00dfen Schlagwerks<\/strong>, wie <a href=\"https:\/\/www.backwinkel.de\/cat\/lehrmittel-gong\/\" target=\"_blank\" rel=\"noopener\">Gong<\/a>, Tamtam oder <a href=\"https:\/\/www.backwinkel.de\/cat\/wah-wah-tubes\/\" target=\"_blank\" rel=\"noopener\">R\u00f6hrenglocken<\/a>, die aufgrund ihrer Gr\u00f6\u00dfe und Anschaffungskosten meist dem Orchester vorbehalten sind. Heute gibt es aber f\u00fcr Schulen und Kinderg\u00e4rten preiswerte und qualitativ gute Ausf\u00fchrungen, die den Kindern das \u201egro\u00dfe\u201c Klangerlebnis erm\u00f6glichen.<\/p>\n<h3>Warum Orff-Instrumente ideal f\u00fcr Kinder sind<\/h3>\n<p>Orff-Instrumente sind <strong>Elementare Instrumente<\/strong> mit einem gro\u00dfen Aufforderungscharakter. Die Kinder haben sofort Lust, loszuspielen und den Klang zu erproben. Die Instrumente sind leicht zu handhaben und wecken die Freude am Musizieren ohne langweilige \u00dcbungsphase.<\/p>\n<p>Der gro\u00dfe Vorteil von Orff-Instrumenten liegt in ihrer einfachen Spielweise. W\u00e4hrend man bei der Geige erst den \u201erichtigen\u201c Ton treffen muss, erklingt bei den Orff-Instrumenten gleich ein \u201efertiger\u201c Ton. Das bringt schnell ein ermutigendes Erfolgserlebnis.<\/p>\n<p>Das Spiel mit Orff-Instrumenten geh\u00f6rt zu einer fr\u00fchen Musikerziehung, an der alle Kinder gleicherma\u00dfen teilhaben k\u00f6nnen. Auch die Kinder, die im Elternhaus nicht musikalisch gef\u00f6rdert werden, haben die Chance, ihr Talent zu entdecken. Jedes Kind kann zeigen, was in ihm steckt. Orff-Instrumente eignen sich daher besonders, um Kinder in ihrem Selbstwert zu st\u00e4rken.<\/p>\n<\/div><\/section><\/div>\n\n<style type=\"text\/css\" data-created_by=\"avia_inline_auto\" id=\"style-css-av-hh5al-35-a49414f3ac573cd1498163fe8070052f\">\n.flex_column.av-hh5al-35-a49414f3ac573cd1498163fe8070052f{\nborder-radius:0px 0px 0px 0px;\npadding:0px 0px 0px 0px;\n}\n<\/style>\n<div  class='flex_column av-hh5al-35-a49414f3ac573cd1498163fe8070052f av_one_full  avia-builder-el-19  el_after_av_one_full  el_before_av_one_full  first flex_column_div av-zero-column-padding  column-top-margin'     ><section  class='av_textblock_section av-jkuul0eg-34-5d73c75fd10b54d82d8a77b13a21588b '  ><div class='avia_textblock' >\n<style type=\"text\/css\" data-created_by=\"avia_inline_auto\" id=\"style-css-av-7c7r8-33-c5972dc6852fa3ea5cc9195d1deb501c\">\n#top .hr.hr-invisible.av-7c7r8-33-c5972dc6852fa3ea5cc9195d1deb501c{\nheight:20px;\n}\n<\/style>\n<div  class='hr av-7c7r8-33-c5972dc6852fa3ea5cc9195d1deb501c hr-invisible  avia-builder-el-21  avia-builder-el-no-sibling '><span class='hr-inner '><span class=\"hr-inner-style\"><\/span><\/span><\/div>\n<h2 id=\"2\" class=\"position\">Wer war Carl Orff, und was war seine Idee?<\/h2>\n<p>Musikinteressierte kennen Carl Orff als Sch\u00f6pfer der B\u00fchnenkomposition \u201eCarmina Burana\u201c, uraufgef\u00fchrt im Jahr 1937 und bis heute weltber\u00fchmt. Als Orff am 29. M\u00e4rz 1982 im Alter von 86 Jahren in M\u00fcnchen stirbt, hinterl\u00e4sst er ein umfangreiches musikalisches B\u00fchnenwerk. Ebenso bedeutend ist seine musikp\u00e4dagogische Arbeit. Orffs\u00a0 \u201eSchulwerk f\u00fcr Kinder\u201c, ver\u00f6ffentlicht 1930 \u2013<strong>\u00a0<\/strong>1934, hat die moderne Sozial- und Heilp\u00e4dagogik inspiriert und die musikalische Fr\u00fcherziehung ma\u00dfgeblich gepr\u00e4gt.<\/p>\n<p>Geboren wird Carl Orff am 10. Juli 1895 in M\u00fcnchen. Bereits als 5-J\u00e4hriger erh\u00e4lt er Unterricht f\u00fcr Klavier, Orgel und Cello. Mit erst 16 Jahren schreibt er rund 50 Lieder zu Texten von Heine und H\u00f6lderlin, und im Jahr darauf komponiert er sein erstes Chorwerk. Nach dem Studium an der Akademie f\u00fcr Tonkunst in M\u00fcnchen wird Orff mit 20 Jahren Kapellmeister an den M\u00fcnchner Kammerspielen, sp\u00e4ter auch in Mannheim und Darmstadt.<\/p>\n<p>Orffs p\u00e4dagogischer Ansatz verfolgt die Idee, die Musikerziehung aus der Bewegung heraus neu zu definieren. Als er 1924 musikalischer Leiter der G\u00fcnther-Schule f\u00fcr Gymnastik und Tanz wird, bietet sich ihm und seiner Mitarbeiterin Gunild Keetman ein ideales Experimentierfeld. Orffs Grundgedanke ist: Musik f\u00e4ngt im Menschen an, in seinem Herzschlag, seinem Atem. Die Gewissheit, dass die Einheit von Musik und Bewegung beim Kind noch nat\u00fcrlich und unverstellt vorhanden ist, gibt ihm den Schl\u00fcssel f\u00fcr seine Arbeit.<\/p>\n<p>Mit seiner Elementaren Musik nimmt Orff die antike Idee der ganzheitlichen Einheit von Musik, Tanz und Sprache auf. Er ist \u00fcberzeugt, dass diese Einheit bei Kindern \u201eSeelenkr\u00e4fte\u201c weckt, die sonst nicht zur Entfaltung kommen.<sup><a href=\"#fussnote1\" name=\"fussnote1\">1<\/a><\/sup> Didaktisch ist Orffs Schulwerk von den pers\u00f6nlichkeitsbildenden Leits\u00e4tzen der Reformp\u00e4dagogik gepr\u00e4gt: Kinder lernen im selbstst\u00e4ndigen Tun und vitalen Erleben.<\/p>\n<\/div><\/section><\/div>\n\n<style type=\"text\/css\" data-created_by=\"avia_inline_auto\" id=\"style-css-av-hh5al-32-1f98505771129d4af9ce7a3eb76328b2\">\n.flex_column.av-hh5al-32-1f98505771129d4af9ce7a3eb76328b2{\nborder-radius:0px 0px 0px 0px;\npadding:0px 0px 0px 0px;\n}\n<\/style>\n<div  class='flex_column av-hh5al-32-1f98505771129d4af9ce7a3eb76328b2 av_one_full  avia-builder-el-22  el_after_av_one_full  el_before_av_one_third  first flex_column_div av-zero-column-padding  column-top-margin'     ><section  class='av_textblock_section av-jkuul0eg-31-b7841df6ef4fcc20e1fea1d90bb44aa0 '  ><div class='avia_textblock' >\n<style type=\"text\/css\" data-created_by=\"avia_inline_auto\" id=\"style-css-av-7c7r8-30-5ef8a6849912e321614b6bc3a541f028\">\n#top .hr.hr-invisible.av-7c7r8-30-5ef8a6849912e321614b6bc3a541f028{\nheight:20px;\n}\n<\/style>\n<div  class='hr av-7c7r8-30-5ef8a6849912e321614b6bc3a541f028 hr-invisible  avia-builder-el-24  avia-builder-el-no-sibling '><span class='hr-inner '><span class=\"hr-inner-style\"><\/span><\/span><\/div>\n<h2 id=\"3\" class=\"position\">\u00dcbersicht: 37 Orff-Instrumente, Liste mit Bildern<\/h2>\n<p>Die <strong>Stabspiele<\/strong> gelten als Kerninstrumentarium. Sie sind gleichzeitig f\u00fcr Rhythmus, Melodie und damit auch f\u00fcr Harmonie verantwortlich.<\/p>\n<\/div><\/section><\/div>\n\n<style type=\"text\/css\" data-created_by=\"avia_inline_auto\" id=\"style-css-av-hh5al-29-de7ee67d8d8562d2370974f07eba8752\">\n.flex_column.av-hh5al-29-de7ee67d8d8562d2370974f07eba8752{\nborder-radius:0px 0px 0px 0px;\npadding:0px 0px 0px 0px;\n}\n<\/style>\n<div  class='flex_column av-hh5al-29-de7ee67d8d8562d2370974f07eba8752 av_one_third  avia-builder-el-25  el_after_av_one_full  el_before_av_two_third  first flex_column_div av-zero-column-padding  column-top-margin'     ><style type=\"text\/css\" data-created_by=\"avia_inline_auto\" id=\"style-css-av-jmgce24c-d69a1089a06f02432f29ba0134d93529\">\n.avia-image-container.av-jmgce24c-d69a1089a06f02432f29ba0134d93529 img.avia_image{\nbox-shadow:none;\n}\n.avia-image-container.av-jmgce24c-d69a1089a06f02432f29ba0134d93529 .av-image-caption-overlay-center{\ncolor:#ffffff;\n}\n<\/style>\n<div  class='avia-image-container av-jmgce24c-d69a1089a06f02432f29ba0134d93529 av-styling- avia-align-center  avia-builder-el-26  avia-builder-el-no-sibling '  ><div class=\"avia-image-container-inner\"><div class=\"avia-image-overlay-wrap\"><img decoding=\"async\" fetchpriority=\"high\" class='wp-image-1726 avia-img-lazy-loading-not-1726 avia_image ' src=\"https:\/\/www.backwinkel.de\/blog\/wp-content\/uploads\/2018\/09\/backwinkel-blog-orff-instrumente-stabspiele.png\" alt='BACKWINKEL-Blog: Orff-Instrumente \u2013 Stabspiele' title='BACKWINKEL-Blog: Orff-Instrumente \u2013 Stabspiele'  height=\"300\" width=\"500\" srcset=\"https:\/\/www.backwinkel.de\/blog\/wp-content\/uploads\/2018\/09\/backwinkel-blog-orff-instrumente-stabspiele.png 500w, https:\/\/www.backwinkel.de\/blog\/wp-content\/uploads\/2018\/09\/backwinkel-blog-orff-instrumente-stabspiele-300x180.png 300w, https:\/\/www.backwinkel.de\/blog\/wp-content\/uploads\/2018\/09\/backwinkel-blog-orff-instrumente-stabspiele-450x270.png 450w\" sizes=\"(max-width: 500px) 100vw, 500px\" \/><\/div><\/div><\/div><\/div>\n\n<style type=\"text\/css\" data-created_by=\"avia_inline_auto\" id=\"style-css-av-hh5al-26-e600444f3c7180014a6ef83f73c67153\">\n.flex_column.av-hh5al-26-e600444f3c7180014a6ef83f73c67153{\nborder-radius:0px 0px 0px 0px;\npadding:0px 0px 0px 0px;\n}\n<\/style>\n<div  class='flex_column av-hh5al-26-e600444f3c7180014a6ef83f73c67153 av_two_third  avia-builder-el-27  el_after_av_one_third  el_before_av_one_full  flex_column_div av-zero-column-padding  column-top-margin'     ><section  class='av_textblock_section av-jkuul0eg-28-c83b704a7440d5cfd2de431315c17bd1 '  ><div class='avia_textblock' ><p><strong>Sopran-Xylophon, Alt \/ Tenor-Xylophon, Bass-Xylophon<\/strong><br \/>\n<span style=\"padding-left: 30px;\">\u2192 St\u00e4be aus Holz (oder Bambus) geben einen kurzen, hellen Klang.<\/span><\/p>\n<p><strong>Sopran-Metallophon, Alt \/ Tenor-Metallophon, Bass-Metallophon<\/strong><br \/>\n<span style=\"padding-left: 30px;\">\u2192 St\u00e4rkere Metallpl\u00e4ttchen geben einen volumin\u00f6sen Klang.<\/span><\/p>\n<p><strong>Sopran-Glockenspiel, Alt-Glockenspiel<\/strong><br \/>\n<span style=\"padding-left: 30px;\">\u2192 D\u00fcnne Metallpl\u00e4ttchen geben einen brillanten hohen Klang.<\/span><\/p>\n<\/div><\/section><\/div>\n\n<style type=\"text\/css\" data-created_by=\"avia_inline_auto\" id=\"style-css-av-hh5al-25-c3efcb7463cbe0d5e5e75cf1ca4321b1\">\n.flex_column.av-hh5al-25-c3efcb7463cbe0d5e5e75cf1ca4321b1{\nborder-radius:0px 0px 0px 0px;\npadding:0px 0px 0px 0px;\n}\n<\/style>\n<div  class='flex_column av-hh5al-25-c3efcb7463cbe0d5e5e75cf1ca4321b1 av_one_full  avia-builder-el-29  el_after_av_two_third  el_before_av_one_half  first flex_column_div av-zero-column-padding  column-top-margin'     ><section  class='av_textblock_section av-jkuul0eg-24-c627b5db912cb54154bf9e3165e14f21 '  ><div class='avia_textblock' ><p>Eine besondere Form der Stabspiele stellen die <strong>Klangbausteine<\/strong> dar. Es gibt sie in Xylophon- und Metallophon-Ausf\u00fchrung. Klangbausteine lassen sich einzeln spielen oder auch in vielf\u00e4ltigen Kombinationen zu \u201eeigenen Instrumenten\u201c zusammenstellen.<\/p>\n<p>Die Klangfarbe wird auch durch das Material der <strong>Schl\u00e4gel<\/strong> bestimmt. Mit einem Wollfilzkopf klingt der Ton z. B. weicher als mit einem Holzkopf- oder Gummikopfschl\u00e4gel.<\/p>\n<p>Die typischen <strong>Fellinstrumente<\/strong> im Orff-Instrumentarium sind Handtrommel, Schellentrommel und \u201eOrff-Pauken\u201c mit unten offenen Holzzylindern. Auch erg\u00e4nzende Orff-Instrumente geh\u00f6ren zum Instrumentarium.<\/p>\n<\/div><\/section><\/div>\n\n<style type=\"text\/css\" data-created_by=\"avia_inline_auto\" id=\"style-css-av-4bbdcu-00586b68f585677b4710a66ffc2dd263\">\n.flex_column.av-4bbdcu-00586b68f585677b4710a66ffc2dd263{\nborder-radius:0px 0px 0px 0px;\npadding:0px 0px 0px 0px;\n}\n<\/style>\n<div  class='flex_column av-4bbdcu-00586b68f585677b4710a66ffc2dd263 av_one_half  avia-builder-el-31  el_after_av_one_full  el_before_av_one_half  first flex_column_div av-zero-column-padding  column-top-margin'     ><div  class='av-catalogue-container av-jlqployz-12ea1b915912c77b417bd48875f32311  avia-builder-el-32  avia-builder-el-no-sibling '><ul class='av-catalogue-list'>\n<li><a href=\"https:\/\/www.backwinkel.de\/cat\/bongos\/\"  target=\"_blank\"  rel=\"noopener noreferrer\" class='av-catalogue-item av-wdhbqy-dd9b85db3570e15397d50547414b6fd8' ><img decoding=\"async\" width=\"150\" height=\"150\" loading=\"lazy\" src=\"https:\/\/www.backwinkel.de\/blog\/wp-content\/uploads\/2018\/09\/backwinkel-blog-orff-instrumente-bongos.png\" title='BACKWINKEL-Blog: Orff-Instrumente \u2013 Bongos' alt='' class='wp-image-1071 avia-img-lazy-loading-1071 av-catalogue-image' srcset=\"https:\/\/www.backwinkel.de\/blog\/wp-content\/uploads\/2018\/09\/backwinkel-blog-orff-instrumente-bongos.png 150w, https:\/\/www.backwinkel.de\/blog\/wp-content\/uploads\/2018\/09\/backwinkel-blog-orff-instrumente-bongos-36x36.png 36w, https:\/\/www.backwinkel.de\/blog\/wp-content\/uploads\/2018\/09\/backwinkel-blog-orff-instrumente-bongos-120x120.png 120w\" sizes=\"auto, (max-width: 150px) 100vw, 150px\" \/><div class=\"av-catalogue-item-inner\"><div class=\"av-catalogue-title-container\"><div class='av-catalogue-title'><\/p>\n<h3 class=\"av-catalogue-title-h3\">Bongos<\/h3>\n<p><\/div><div class='av-catalogue-price'><\/div><\/div><div class=\"av-catalogue-content\">\nDie kleinen einfelligen R\u00f6hrentrommeln werden paarweise (verschiedene Tonh\u00f6hen) verwendet.<br \/>\n<\/div><\/div><\/a><\/li>\n<li><a href=\"https:\/\/www.backwinkel.de\/cat\/congas\/\"  target=\"_blank\"  rel=\"noopener noreferrer\" class='av-catalogue-item av-b2wcq-f7987f28e7b5c49dc585566beabb4ecb' ><img decoding=\"async\" width=\"150\" height=\"150\" loading=\"lazy\" src=\"https:\/\/www.backwinkel.de\/blog\/wp-content\/uploads\/2018\/09\/backwinkel-blog-orff-instrumente-congas.png\" title='BACKWINKEL-Blog: Orff-Instrumente \u2013 Congas' alt='BACKWINKEL-Blog: Orff-Instrumente \u2013 Congas' class='wp-image-1075 avia-img-lazy-loading-1075 av-catalogue-image' srcset=\"https:\/\/www.backwinkel.de\/blog\/wp-content\/uploads\/2018\/09\/backwinkel-blog-orff-instrumente-congas.png 150w, https:\/\/www.backwinkel.de\/blog\/wp-content\/uploads\/2018\/09\/backwinkel-blog-orff-instrumente-congas-36x36.png 36w, https:\/\/www.backwinkel.de\/blog\/wp-content\/uploads\/2018\/09\/backwinkel-blog-orff-instrumente-congas-120x120.png 120w\" sizes=\"auto, (max-width: 150px) 100vw, 150px\" \/><div class=\"av-catalogue-item-inner\"><div class=\"av-catalogue-title-container\"><div class='av-catalogue-title'><\/p>\n<h3 class=\"av-catalogue-title-h3\">Conga<\/h3>\n<p><\/div><div class='av-catalogue-price'><\/div><\/div><div class=\"av-catalogue-content\">\nDie unten offene Fasstrommel mit Korpus aus Holz oder Fiberglas steht auf einem Standgestell.<br \/>\n<\/div><\/div><\/a><\/li>\n<li><a href=\"https:\/\/www.backwinkel.de\/cat\/djembe\/\"  target=\"_blank\"  rel=\"noopener noreferrer\" class='av-catalogue-item av-scmzp6-072c450287f6ecab01b63712eb799a71' ><img decoding=\"async\" width=\"150\" height=\"150\" loading=\"lazy\" src=\"https:\/\/www.backwinkel.de\/blog\/wp-content\/uploads\/2018\/09\/backwinkel-blog-orff-instrumente-djembe.png\" title='BACKWINKEL-Blog: Orff-Instrumente \u2013 Djembe' alt='BACKWINKEL-Blog: Orff-Instrumente \u2013 Djembe' class='wp-image-1078 avia-img-lazy-loading-1078 av-catalogue-image' srcset=\"https:\/\/www.backwinkel.de\/blog\/wp-content\/uploads\/2018\/09\/backwinkel-blog-orff-instrumente-djembe.png 150w, https:\/\/www.backwinkel.de\/blog\/wp-content\/uploads\/2018\/09\/backwinkel-blog-orff-instrumente-djembe-36x36.png 36w, https:\/\/www.backwinkel.de\/blog\/wp-content\/uploads\/2018\/09\/backwinkel-blog-orff-instrumente-djembe-120x120.png 120w\" sizes=\"auto, (max-width: 150px) 100vw, 150px\" \/><div class=\"av-catalogue-item-inner\"><div class=\"av-catalogue-title-container\"><div class='av-catalogue-title'><\/p>\n<h3 class=\"av-catalogue-title-h3\">Djemb\u00e9<\/h3>\n<p><\/div><div class='av-catalogue-price'><\/div><\/div><div class=\"av-catalogue-content\">\nDie Bechertrommel hat einen unten offenen Fu\u00df, der beim Spielen mit den Knien gehalten wird.<br \/>\n<\/div><\/div><\/a><\/li>\n<\/ul><\/div><\/div>\n\n<style type=\"text\/css\" data-created_by=\"avia_inline_auto\" id=\"style-css-av-4bbdcu-21-388ae4e91f214bbb076e5b0f2049319f\">\n.flex_column.av-4bbdcu-21-388ae4e91f214bbb076e5b0f2049319f{\nborder-radius:0px 0px 0px 0px;\npadding:0px 0px 0px 0px;\n}\n<\/style>\n<div  class='flex_column av-4bbdcu-21-388ae4e91f214bbb076e5b0f2049319f av_one_half  avia-builder-el-33  el_after_av_one_half  el_before_av_one_full  flex_column_div av-zero-column-padding  column-top-margin'     ><div  class='av-catalogue-container av-jlqployz-20-8a233e3a66ffa50c5bc07e1fca585748  avia-builder-el-34  avia-builder-el-no-sibling '><ul class='av-catalogue-list'>\n<li><a href=\"https:\/\/www.backwinkel.de\/cat\/pauken\/\"  target=\"_blank\"  rel=\"noopener noreferrer\" class='av-catalogue-item av-2pqr62-107501b27a803bef3cab1e00b92c9f41' ><img decoding=\"async\" width=\"150\" height=\"150\" loading=\"lazy\" src=\"https:\/\/www.backwinkel.de\/blog\/wp-content\/uploads\/2018\/09\/backwinkel-blog-orff-instrumente-pauke.png\" title='BACKWINKEL-Blog: Orff-Instrumente \u2013 Pauke' alt='BACKWINKEL-Blog: Orff-Instrumente \u2013 Pauke' class='wp-image-1088 avia-img-lazy-loading-1088 av-catalogue-image' srcset=\"https:\/\/www.backwinkel.de\/blog\/wp-content\/uploads\/2018\/09\/backwinkel-blog-orff-instrumente-pauke.png 150w, https:\/\/www.backwinkel.de\/blog\/wp-content\/uploads\/2018\/09\/backwinkel-blog-orff-instrumente-pauke-36x36.png 36w, https:\/\/www.backwinkel.de\/blog\/wp-content\/uploads\/2018\/09\/backwinkel-blog-orff-instrumente-pauke-120x120.png 120w\" sizes=\"auto, (max-width: 150px) 100vw, 150px\" \/><div class=\"av-catalogue-item-inner\"><div class=\"av-catalogue-title-container\"><div class='av-catalogue-title'><\/p>\n<h3 class=\"av-catalogue-title-h3\">Pauke<\/h3>\n<p><\/div><div class='av-catalogue-price'><\/div><\/div><div class=\"av-catalogue-content\">\nDie Kesseltrommel mit geschlossenem, halbrundem Korpus wird mit Schl\u00e4geln oder mit der Hand gespielt.<br \/>\n<\/div><\/div><\/a><\/li>\n<li><a href=\"https:\/\/www.backwinkel.de\/cat\/rahmentrommel\/\"  target=\"_blank\"  rel=\"noopener noreferrer\" class='av-catalogue-item av-2jsmu2-576d895a57933b24275fe4329c3755f9' ><img decoding=\"async\" width=\"150\" height=\"150\" loading=\"lazy\" src=\"https:\/\/www.backwinkel.de\/blog\/wp-content\/uploads\/2018\/09\/backwinkel-blog-orff-instrumente-rahmentrommlen.png\" title='BACKWINKEL-Blog: Orff-Instrumente \u2013 Rahmentrommeln' alt='BACKWINKEL-Blog: Orff-Instrumente \u2013 Rahmentrommeln' class='wp-image-1084 avia-img-lazy-loading-1084 av-catalogue-image' srcset=\"https:\/\/www.backwinkel.de\/blog\/wp-content\/uploads\/2018\/09\/backwinkel-blog-orff-instrumente-rahmentrommlen.png 150w, https:\/\/www.backwinkel.de\/blog\/wp-content\/uploads\/2018\/09\/backwinkel-blog-orff-instrumente-rahmentrommlen-36x36.png 36w, https:\/\/www.backwinkel.de\/blog\/wp-content\/uploads\/2018\/09\/backwinkel-blog-orff-instrumente-rahmentrommlen-120x120.png 120w\" sizes=\"auto, (max-width: 150px) 100vw, 150px\" \/><div class=\"av-catalogue-item-inner\"><div class=\"av-catalogue-title-container\"><div class='av-catalogue-title'><\/p>\n<h3 class=\"av-catalogue-title-h3\">Rahmentrommel<\/h3>\n<p><\/div><div class='av-catalogue-price'><\/div><\/div><div class=\"av-catalogue-content\">\nDie flache Handtrommel ist eines der beliebtesten Instrumente zur musikalischen Fr\u00fcherziehung. Sie wird mit einem Schl\u00e4gel gespielt.<br \/>\n<\/div><\/div><\/a><\/li>\n<li><a href=\"https:\/\/www.backwinkel.de\/cat\/schellentrommel\/\"  target=\"_blank\"  rel=\"noopener noreferrer\" class='av-catalogue-item av-oewjfe-5516ce26a1ab0c69454e858f02ed2633' ><img decoding=\"async\" width=\"150\" height=\"150\" loading=\"lazy\" src=\"https:\/\/www.backwinkel.de\/blog\/wp-content\/uploads\/2018\/09\/backwinkel-blog-orff-instrumente-schellentrommlen.png\" title='BACKWINKEL-Blog: Orff-Instrumente \u2013 Schellentrommeln' alt='BACKWINKEL-Blog: Orff-Instrumente \u2013 Schellentrommeln' class='wp-image-1086 avia-img-lazy-loading-1086 av-catalogue-image' srcset=\"https:\/\/www.backwinkel.de\/blog\/wp-content\/uploads\/2018\/09\/backwinkel-blog-orff-instrumente-schellentrommlen.png 150w, https:\/\/www.backwinkel.de\/blog\/wp-content\/uploads\/2018\/09\/backwinkel-blog-orff-instrumente-schellentrommlen-36x36.png 36w, https:\/\/www.backwinkel.de\/blog\/wp-content\/uploads\/2018\/09\/backwinkel-blog-orff-instrumente-schellentrommlen-120x120.png 120w\" sizes=\"auto, (max-width: 150px) 100vw, 150px\" \/><div class=\"av-catalogue-item-inner\"><div class=\"av-catalogue-title-container\"><div class='av-catalogue-title'><\/p>\n<h3 class=\"av-catalogue-title-h3\">Schellentrommel<\/h3>\n<p><\/div><div class='av-catalogue-price'><\/div><\/div><div class=\"av-catalogue-content\">\nIn den Rahmen der Handtrommel sind paarige Metallpl\u00e4ttchen (Cymbeln) eingebracht. Sie wird mit der Hand gespielt.<br \/>\n<\/div><\/div><\/a><\/li>\n<\/ul><\/div><\/div>\n\n<style type=\"text\/css\" data-created_by=\"avia_inline_auto\" id=\"style-css-av-hh5al-23-62ce8bd7479ac567703529b57db28a56\">\n.flex_column.av-hh5al-23-62ce8bd7479ac567703529b57db28a56{\nborder-radius:0px 0px 0px 0px;\npadding:0px 0px 0px 0px;\n}\n<\/style>\n<div  class='flex_column av-hh5al-23-62ce8bd7479ac567703529b57db28a56 av_one_full  avia-builder-el-35  el_after_av_one_half  el_before_av_one_half  first flex_column_div av-zero-column-padding  column-top-margin'     ><section  class='av_textblock_section av-jkuul0eg-22-cfc4aacec599391e731738c672e4acd7 '  ><div class='avia_textblock' >\n<style type=\"text\/css\" data-created_by=\"avia_inline_auto\" id=\"style-css-av-7c7r8-27-7fa87a9fcfc46a3f61304177217b26d8\">\n#top .hr.hr-invisible.av-7c7r8-27-7fa87a9fcfc46a3f61304177217b26d8{\nheight:20px;\n}\n<\/style>\n<div  class='hr av-7c7r8-27-7fa87a9fcfc46a3f61304177217b26d8 hr-invisible  avia-builder-el-37  avia-builder-el-no-sibling '><span class='hr-inner '><span class=\"hr-inner-style\"><\/span><\/span><\/div>\n<p><strong>Rhythmus- und Effektinstrumente<\/strong> sind im Orff-Instrumentarium unentbehrlich. In diesem Bereich hat sich das Spektrum stetig erweitert. Als \u201eGer\u00e4uschemacher\u201c eignet sich im Grunde alles, was rasselt oder klappert. Bei vielen dieser Instrumente k\u00f6nnen Schl\u00e4gel zum Einsatz kommen.<\/p>\n<\/div><\/section><\/div>\n\n<style type=\"text\/css\" data-created_by=\"avia_inline_auto\" id=\"style-css-av-4bbdcu-19-fdb585ecc055850e0bd724dc0eb604ee\">\n.flex_column.av-4bbdcu-19-fdb585ecc055850e0bd724dc0eb604ee{\nborder-radius:0px 0px 0px 0px;\npadding:0px 0px 0px 0px;\n}\n<\/style>\n<div  class='flex_column av-4bbdcu-19-fdb585ecc055850e0bd724dc0eb604ee av_one_half  avia-builder-el-38  el_after_av_one_full  el_before_av_one_half  first flex_column_div av-zero-column-padding  column-top-margin'     ><div  class='av-catalogue-container av-jlqployz-18-4731ba33d444ccbdca4eba7fb204a5d4  avia-builder-el-39  avia-builder-el-no-sibling '><ul class='av-catalogue-list'>\n<li><a href=\"https:\/\/www.backwinkel.de\/prod\/afuche-cabasa.html\"  target=\"_blank\"  rel=\"noopener noreferrer\" class='av-catalogue-item av-khm5uy-90c234985a83ccb10adea6147a0a523d' ><img decoding=\"async\" width=\"150\" height=\"150\" loading=\"lazy\" src=\"https:\/\/www.backwinkel.de\/blog\/wp-content\/uploads\/2018\/09\/backwinkel-blog-orff-instrumente-afuche-cabasa.png\" title='BACKWINKEL-Blog: Orff-Instrumente \u2013 Afuche Cabasa' alt='BACKWINKEL-Blog: Orff-Instrumente \u2013 Afuche Cabasa' class='wp-image-1151 avia-img-lazy-loading-1151 av-catalogue-image' srcset=\"https:\/\/www.backwinkel.de\/blog\/wp-content\/uploads\/2018\/09\/backwinkel-blog-orff-instrumente-afuche-cabasa.png 150w, https:\/\/www.backwinkel.de\/blog\/wp-content\/uploads\/2018\/09\/backwinkel-blog-orff-instrumente-afuche-cabasa-36x36.png 36w, https:\/\/www.backwinkel.de\/blog\/wp-content\/uploads\/2018\/09\/backwinkel-blog-orff-instrumente-afuche-cabasa-120x120.png 120w\" sizes=\"auto, (max-width: 150px) 100vw, 150px\" \/><div class=\"av-catalogue-item-inner\"><div class=\"av-catalogue-title-container\"><div class='av-catalogue-title'><\/p>\n<h3 class=\"av-catalogue-title-h3\">Afuche Cabasa<\/h3>\n<p><\/div><div class='av-catalogue-price'><\/div><\/div><div class=\"av-catalogue-content\">\nDie Gef\u00e4\u00dfrassel mit Haltegriff ist au\u00dfen mit einem Netz aus kleinen Perlen oder mit Metallkugelketten bespannt.<br \/>\n<\/div><\/div><\/a><\/li>\n<li><a href=\"https:\/\/www.backwinkel.de\/prod\/agogo.html\"  target=\"_blank\"  rel=\"noopener noreferrer\" class='av-catalogue-item av-j2f3ju-6319fc619be98a2a03ff55f447b53a54' ><img decoding=\"async\" width=\"150\" height=\"150\" loading=\"lazy\" src=\"https:\/\/www.backwinkel.de\/blog\/wp-content\/uploads\/2018\/09\/backwinkel-blog-orff-instrumente-agogo.png\" title='BACKWINKEL-Blog: Orff-Instrumente \u2013 Agogo' alt='BACKWINKEL-Blog: Orff-Instrumente \u2013 Agogo' class='wp-image-1150 avia-img-lazy-loading-1150 av-catalogue-image' srcset=\"https:\/\/www.backwinkel.de\/blog\/wp-content\/uploads\/2018\/09\/backwinkel-blog-orff-instrumente-agogo.png 150w, https:\/\/www.backwinkel.de\/blog\/wp-content\/uploads\/2018\/09\/backwinkel-blog-orff-instrumente-agogo-36x36.png 36w, https:\/\/www.backwinkel.de\/blog\/wp-content\/uploads\/2018\/09\/backwinkel-blog-orff-instrumente-agogo-120x120.png 120w\" sizes=\"auto, (max-width: 150px) 100vw, 150px\" \/><div class=\"av-catalogue-item-inner\"><div class=\"av-catalogue-title-container\"><div class='av-catalogue-title'><\/p>\n<h3 class=\"av-catalogue-title-h3\">Agogo<\/h3>\n<p><\/div><div class='av-catalogue-price'><\/div><\/div><div class=\"av-catalogue-content\">\nZwei l\u00e4ngliche Metall- oder Hartholzglocken, \u00fcber einen B\u00fcgel miteinander verbunden, werden mit einem Holzstab angeschlagen.<br \/>\n<\/div><\/div><\/a><\/li>\n<li><a href=\"https:\/\/www.backwinkel.de\/cat\/boomwhackers\/\"  target=\"_blank\"  rel=\"noopener noreferrer\" class='av-catalogue-item av-m32pga-35c1c0c048bea53534d05c84fe66cebc' ><img decoding=\"async\" width=\"150\" height=\"150\" loading=\"lazy\" src=\"https:\/\/www.backwinkel.de\/blog\/wp-content\/uploads\/2018\/09\/backwinkel-blog-orff-instrumente-boomwhackers.png\" title='BACKWINKEL-Blog: Orff-Instrumente \u2013 Boomwhackers' alt='BACKWINKEL-Blog: Orff-Instrumente \u2013 Boomwhackers' class='wp-image-1149 avia-img-lazy-loading-1149 av-catalogue-image' srcset=\"https:\/\/www.backwinkel.de\/blog\/wp-content\/uploads\/2018\/09\/backwinkel-blog-orff-instrumente-boomwhackers.png 150w, https:\/\/www.backwinkel.de\/blog\/wp-content\/uploads\/2018\/09\/backwinkel-blog-orff-instrumente-boomwhackers-36x36.png 36w, https:\/\/www.backwinkel.de\/blog\/wp-content\/uploads\/2018\/09\/backwinkel-blog-orff-instrumente-boomwhackers-120x120.png 120w\" sizes=\"auto, (max-width: 150px) 100vw, 150px\" \/><div class=\"av-catalogue-item-inner\"><div class=\"av-catalogue-title-container\"><div class='av-catalogue-title'><\/p>\n<h3 class=\"av-catalogue-title-h3\">BOOMWHACKERS<sup>\u00ae<\/sup><\/h3>\n<p><\/div><div class='av-catalogue-price'><\/div><\/div><div class=\"av-catalogue-content\">\nUnterschiedlich lange Kunststoffr\u00f6hren werden gegeneinander, auf den K\u00f6rper oder eine andere Oberfl\u00e4che geschlagen.<br \/>\n<\/div><\/div><\/a><\/li>\n<li><a href=\"https:\/\/www.backwinkel.de\/cat\/cajon\/\"  target=\"_blank\"  rel=\"noopener noreferrer\" class='av-catalogue-item av-k68khm-f4e005e7711b50870fafc67bdb43dc5e' ><img decoding=\"async\" width=\"150\" height=\"150\" loading=\"lazy\" src=\"https:\/\/www.backwinkel.de\/blog\/wp-content\/uploads\/2018\/09\/backwinkel-blog-orff-instrumente-cajon.png\" title='BACKWINKEL-Blog: Orff-Instrumente \u2013 Cajon' alt='BACKWINKEL-Blog: Orff-Instrumente \u2013 Cajon' class='wp-image-1148 avia-img-lazy-loading-1148 av-catalogue-image' srcset=\"https:\/\/www.backwinkel.de\/blog\/wp-content\/uploads\/2018\/09\/backwinkel-blog-orff-instrumente-cajon.png 150w, https:\/\/www.backwinkel.de\/blog\/wp-content\/uploads\/2018\/09\/backwinkel-blog-orff-instrumente-cajon-36x36.png 36w, https:\/\/www.backwinkel.de\/blog\/wp-content\/uploads\/2018\/09\/backwinkel-blog-orff-instrumente-cajon-120x120.png 120w\" sizes=\"auto, (max-width: 150px) 100vw, 150px\" \/><div class=\"av-catalogue-item-inner\"><div class=\"av-catalogue-title-container\"><div class='av-catalogue-title'><\/p>\n<h3 class=\"av-catalogue-title-h3\">Cajon<\/h3>\n<p><\/div><div class='av-catalogue-price'><\/div><\/div><div class=\"av-catalogue-content\">\nDer Spieler sitzt auf der Kistentrommel aus Holz. Beim Anschlagen mit den H\u00e4nden entstehen trommel\u00e4hnliche Kl\u00e4nge.<br \/>\n<\/div><\/div><\/a><\/li>\n<li><a href=\"https:\/\/www.backwinkel.de\/prod\/caxixi.html\"  target=\"_blank\"  rel=\"noopener noreferrer\" class='av-catalogue-item av-ejqm7u-5664792be8723881a0bce344cfcee8da' ><img decoding=\"async\" width=\"150\" height=\"150\" loading=\"lazy\" src=\"https:\/\/www.backwinkel.de\/blog\/wp-content\/uploads\/2018\/09\/backwinkel-blog-orff-instrumente-caxixi.png\" title='BACKWINKEL-Blog: Orff-Instrumente \u2013 Caxixi' alt='BACKWINKEL-Blog: Orff-Instrumente \u2013 Caxixi' class='wp-image-1147 avia-img-lazy-loading-1147 av-catalogue-image' srcset=\"https:\/\/www.backwinkel.de\/blog\/wp-content\/uploads\/2018\/09\/backwinkel-blog-orff-instrumente-caxixi.png 150w, https:\/\/www.backwinkel.de\/blog\/wp-content\/uploads\/2018\/09\/backwinkel-blog-orff-instrumente-caxixi-36x36.png 36w, https:\/\/www.backwinkel.de\/blog\/wp-content\/uploads\/2018\/09\/backwinkel-blog-orff-instrumente-caxixi-120x120.png 120w\" sizes=\"auto, (max-width: 150px) 100vw, 150px\" \/><div class=\"av-catalogue-item-inner\"><div class=\"av-catalogue-title-container\"><div class='av-catalogue-title'><\/p>\n<h3 class=\"av-catalogue-title-h3\">Caxixi \/ Rasselk\u00f6rbchen<\/h3>\n<p><\/div><div class='av-catalogue-price'><\/div><\/div><div class=\"av-catalogue-content\">\nDie geflochtene Rassel hat eine Bodenscheibe. Beim Sch\u00fctteln treffen die K\u00f6rner im Innern das weiche Geflecht oder den harten Boden.<br \/>\n<\/div><\/div><\/a><\/li>\n<li><a href=\"https:\/\/www.backwinkel.de\/cat\/claves-klangstaebe\/\"  target=\"_blank\"  rel=\"noopener noreferrer\" class='av-catalogue-item av-1vy822-771fcfae88434d6ca7b70ad33b41c46c' ><img decoding=\"async\" width=\"150\" height=\"150\" loading=\"lazy\" src=\"https:\/\/www.backwinkel.de\/blog\/wp-content\/uploads\/2018\/09\/backwinkel-blog-orff-instrumente-claves.png\" title='BACKWINKEL-Blog: Orff-Instrumente \u2013 Claves' alt='BACKWINKEL-Blog: Orff-Instrumente \u2013 Claves' class='wp-image-1146 avia-img-lazy-loading-1146 av-catalogue-image' srcset=\"https:\/\/www.backwinkel.de\/blog\/wp-content\/uploads\/2018\/09\/backwinkel-blog-orff-instrumente-claves.png 150w, https:\/\/www.backwinkel.de\/blog\/wp-content\/uploads\/2018\/09\/backwinkel-blog-orff-instrumente-claves-36x36.png 36w, https:\/\/www.backwinkel.de\/blog\/wp-content\/uploads\/2018\/09\/backwinkel-blog-orff-instrumente-claves-120x120.png 120w\" sizes=\"auto, (max-width: 150px) 100vw, 150px\" \/><div class=\"av-catalogue-item-inner\"><div class=\"av-catalogue-title-container\"><div class='av-catalogue-title'><\/p>\n<h3 class=\"av-catalogue-title-h3\">Claves \/ Klangst\u00e4be<\/h3>\n<p><\/div><div class='av-catalogue-price'><\/div><\/div><div class=\"av-catalogue-content\">\nKlangh\u00f6lzer, die einfachsten Instrumente, werden paarweise gespielt, ein Stab wird mit dem zweiten angeschlagen. Der Klang ist trocken und kurz.<br \/>\n<\/div><\/div><\/a><\/li>\n<li><a href=\"https:\/\/www.backwinkel.de\/prod\/cowbells.html\"  target=\"_blank\"  rel=\"noopener noreferrer\" class='av-catalogue-item av-bjfva2-ad373c3df1e7006d84cba2d7b5fe7026' ><img decoding=\"async\" width=\"150\" height=\"150\" loading=\"lazy\" src=\"https:\/\/www.backwinkel.de\/blog\/wp-content\/uploads\/2018\/09\/backwinkel-blog-orff-instrumente-cowbell.png\" title='BACKWINKEL-Blog: Orff-Instrumente \u2013 Cowbell' alt='BACKWINKEL-Blog: Orff-Instrumente \u2013 Cowbell' class='wp-image-1145 avia-img-lazy-loading-1145 av-catalogue-image' srcset=\"https:\/\/www.backwinkel.de\/blog\/wp-content\/uploads\/2018\/09\/backwinkel-blog-orff-instrumente-cowbell.png 150w, https:\/\/www.backwinkel.de\/blog\/wp-content\/uploads\/2018\/09\/backwinkel-blog-orff-instrumente-cowbell-36x36.png 36w, https:\/\/www.backwinkel.de\/blog\/wp-content\/uploads\/2018\/09\/backwinkel-blog-orff-instrumente-cowbell-120x120.png 120w\" sizes=\"auto, (max-width: 150px) 100vw, 150px\" \/><div class=\"av-catalogue-item-inner\"><div class=\"av-catalogue-title-container\"><div class='av-catalogue-title'><\/p>\n<h3 class=\"av-catalogue-title-h3\">Cow Bell<\/h3>\n<p><\/div><div class='av-catalogue-price'><\/div><\/div><div class=\"av-catalogue-content\">\nDie Metallglocke ohne Kl\u00f6ppel wird in der flachen Hand gehalten und mit einem dicken Holzstab angeschlagen.<br \/>\n<\/div><\/div><\/a><\/li>\n<li><a href=\"https:\/\/www.backwinkel.de\/prod\/cymbel-paare.html\"  target=\"_blank\"  rel=\"noopener noreferrer\" class='av-catalogue-item av-948q0q-d0fc7a7879d5982fdf5b5e20c023f411' ><img decoding=\"async\" width=\"150\" height=\"150\" loading=\"lazy\" src=\"https:\/\/www.backwinkel.de\/blog\/wp-content\/uploads\/2018\/09\/backwinkel-blog-orff-instrumente-cymbeln.png\" title='BACKWINKEL-Blog: Orff-Instrumente \u2013 Cymbeln' alt='BACKWINKEL-Blog: Orff-Instrumente \u2013 Cymbeln' class='wp-image-1144 avia-img-lazy-loading-1144 av-catalogue-image' srcset=\"https:\/\/www.backwinkel.de\/blog\/wp-content\/uploads\/2018\/09\/backwinkel-blog-orff-instrumente-cymbeln.png 150w, https:\/\/www.backwinkel.de\/blog\/wp-content\/uploads\/2018\/09\/backwinkel-blog-orff-instrumente-cymbeln-36x36.png 36w, https:\/\/www.backwinkel.de\/blog\/wp-content\/uploads\/2018\/09\/backwinkel-blog-orff-instrumente-cymbeln-120x120.png 120w\" sizes=\"auto, (max-width: 150px) 100vw, 150px\" \/><div class=\"av-catalogue-item-inner\"><div class=\"av-catalogue-title-container\"><div class='av-catalogue-title'><\/p>\n<h3 class=\"av-catalogue-title-h3\">Cymbeln \/ Becken<\/h3>\n<p><\/div><div class='av-catalogue-price'><\/div><\/div><div class=\"av-catalogue-content\">\nZwei gew\u00f6lbte Metallplatten mit Fingerschlaufen werden gegeneinander geschlagen. Ein einzelnes Becken wird mit Schl\u00e4gel gespielt.<br \/>\n<\/div><\/div><\/a><\/li>\n<li><a href=\"https:\/\/www.backwinkel.de\/prod\/drachenmaul.html\"  target=\"_blank\"  rel=\"noopener noreferrer\" class='av-catalogue-item av-80wm2y-cc2cb5fd12f8eb5f9a9952864894fa18' ><img decoding=\"async\" width=\"150\" height=\"150\" loading=\"lazy\" src=\"https:\/\/www.backwinkel.de\/blog\/wp-content\/uploads\/2018\/09\/backwinkel-blog-orff-instrumente-drachenmaul.png\" title='BACKWINKEL-Blog: Orff-Instrumente \u2013 Drachenmaul' alt='BACKWINKEL-Blog: Orff-Instrumente \u2013 Drachenmaul' class='wp-image-1143 avia-img-lazy-loading-1143 av-catalogue-image' srcset=\"https:\/\/www.backwinkel.de\/blog\/wp-content\/uploads\/2018\/09\/backwinkel-blog-orff-instrumente-drachenmaul.png 150w, https:\/\/www.backwinkel.de\/blog\/wp-content\/uploads\/2018\/09\/backwinkel-blog-orff-instrumente-drachenmaul-36x36.png 36w, https:\/\/www.backwinkel.de\/blog\/wp-content\/uploads\/2018\/09\/backwinkel-blog-orff-instrumente-drachenmaul-120x120.png 120w\" sizes=\"auto, (max-width: 150px) 100vw, 150px\" \/><div class=\"av-catalogue-item-inner\"><div class=\"av-catalogue-title-container\"><div class='av-catalogue-title'><\/p>\n<h3 class=\"av-catalogue-title-h3\">Drachenmaul<\/h3>\n<p><\/div><div class='av-catalogue-price'><\/div><\/div><div class=\"av-catalogue-content\">\nDer h\u00f6lzerne Resonanzk\u00f6rper mit breitem Schlitz wird am Stiel gehalten und mit einem Holzstab angeschlagen. Der Klang ist laut und hell.<br \/>\n<\/div><\/div><\/a><\/li>\n<li><a href=\"https:\/\/www.backwinkel.de\/cat\/egg-shaker\/\"  target=\"_blank\"  rel=\"noopener noreferrer\" class='av-catalogue-item av-hgtmhm-1a8642ce4f940a02b6f8c56ad04f4be7' ><img decoding=\"async\" width=\"150\" height=\"150\" loading=\"lazy\" src=\"https:\/\/www.backwinkel.de\/blog\/wp-content\/uploads\/2018\/09\/backwinkel-blog-orff-instrumente-egg-shaker.png\" title='BACKWINKEL-Blog: Orff-Instrumente \u2013 Egg-Shaker' alt='BACKWINKEL-Blog: Orff-Instrumente \u2013 Egg-Shaker' class='wp-image-1142 avia-img-lazy-loading-1142 av-catalogue-image' srcset=\"https:\/\/www.backwinkel.de\/blog\/wp-content\/uploads\/2018\/09\/backwinkel-blog-orff-instrumente-egg-shaker.png 150w, https:\/\/www.backwinkel.de\/blog\/wp-content\/uploads\/2018\/09\/backwinkel-blog-orff-instrumente-egg-shaker-36x36.png 36w, https:\/\/www.backwinkel.de\/blog\/wp-content\/uploads\/2018\/09\/backwinkel-blog-orff-instrumente-egg-shaker-120x120.png 120w\" sizes=\"auto, (max-width: 150px) 100vw, 150px\" \/><div class=\"av-catalogue-item-inner\"><div class=\"av-catalogue-title-container\"><div class='av-catalogue-title'><\/p>\n<h3 class=\"av-catalogue-title-h3\">Egg-Shaker \/ Rasselei<\/h3>\n<p><\/div><div class='av-catalogue-price'><\/div><\/div><div class=\"av-catalogue-content\">\nDie Rassel in Eiform besteht aus Holz oder Kunststoff und ist mit k\u00f6rnigem Material gef\u00fcllt. Der Shaker liegt sehr gut in der Hand.<br \/>\n<\/div><\/div><\/a><\/li>\n<li><a href=\"https:\/\/www.backwinkel.de\/cat\/glockenkranz\/\"  target=\"_blank\"  rel=\"noopener noreferrer\" class='av-catalogue-item av-f7jb9m-0b431c9ffdef5163ed72b99f14979aaf' ><img decoding=\"async\" width=\"150\" height=\"150\" loading=\"lazy\" src=\"https:\/\/www.backwinkel.de\/blog\/wp-content\/uploads\/2018\/09\/backwinkel-blog-orff-instrumente-glockenkranz.png\" title='BACKWINKEL-Blog: Orff-Instrumente \u2013 Schellenkranz' alt='BACKWINKEL-Blog: Orff-Instrumente \u2013 Schellenkranz' class='wp-image-1141 avia-img-lazy-loading-1141 av-catalogue-image' srcset=\"https:\/\/www.backwinkel.de\/blog\/wp-content\/uploads\/2018\/09\/backwinkel-blog-orff-instrumente-glockenkranz.png 150w, https:\/\/www.backwinkel.de\/blog\/wp-content\/uploads\/2018\/09\/backwinkel-blog-orff-instrumente-glockenkranz-36x36.png 36w, https:\/\/www.backwinkel.de\/blog\/wp-content\/uploads\/2018\/09\/backwinkel-blog-orff-instrumente-glockenkranz-120x120.png 120w\" sizes=\"auto, (max-width: 150px) 100vw, 150px\" \/><div class=\"av-catalogue-item-inner\"><div class=\"av-catalogue-title-container\"><div class='av-catalogue-title'><\/p>\n<h3 class=\"av-catalogue-title-h3\">Glockenkranz<\/h3>\n<p><\/div><div class='av-catalogue-price'><\/div><\/div><div class=\"av-catalogue-content\">\nUnterschiedlich gro\u00dfe Gl\u00f6ckchen mit verschiedenen Kl\u00f6ppeln erzeugen zusammen einen mehrstimmigen Klang.<br \/>\n<\/div><\/div><\/a><\/li>\n<li><a href=\"https:\/\/www.backwinkel.de\/cat\/lehrmittel-gong\/\"  target=\"_blank\"  rel=\"noopener noreferrer\" class='av-catalogue-item av-edb4vu-c68546c896a04ae1951e97893269629d' ><img decoding=\"async\" width=\"150\" height=\"150\" loading=\"lazy\" src=\"https:\/\/www.backwinkel.de\/blog\/wp-content\/uploads\/2018\/09\/backwinkel-blog-orff-instrumente-gong.png\" title='BACKWINKEL-Blog: Orff-Instrumente \u2013 Gong' alt='BACKWINKEL-Blog: Orff-Instrumente \u2013 Gong' class='wp-image-1140 avia-img-lazy-loading-1140 av-catalogue-image' srcset=\"https:\/\/www.backwinkel.de\/blog\/wp-content\/uploads\/2018\/09\/backwinkel-blog-orff-instrumente-gong.png 150w, https:\/\/www.backwinkel.de\/blog\/wp-content\/uploads\/2018\/09\/backwinkel-blog-orff-instrumente-gong-36x36.png 36w, https:\/\/www.backwinkel.de\/blog\/wp-content\/uploads\/2018\/09\/backwinkel-blog-orff-instrumente-gong-120x120.png 120w\" sizes=\"auto, (max-width: 150px) 100vw, 150px\" \/><div class=\"av-catalogue-item-inner\"><div class=\"av-catalogue-title-container\"><div class='av-catalogue-title'><\/p>\n<h3 class=\"av-catalogue-title-h3\">Gong<\/h3>\n<p><\/div><div class='av-catalogue-price'><\/div><\/div><div class=\"av-catalogue-content\">\nDie kreisrunde Metallplatte ist freischwebend aufgeh\u00e4ngt. Das mittige Anschlagen mit dem Schl\u00e4gel gibt einen sehr langen Nachhall.<br \/>\n<\/div><\/div><\/a><\/li>\n<\/ul><\/div><\/div>\n\n<style type=\"text\/css\" data-created_by=\"avia_inline_auto\" id=\"style-css-av-4bbdcu-14-8df45e5e4e5b0296ce9f333047e95245\">\n.flex_column.av-4bbdcu-14-8df45e5e4e5b0296ce9f333047e95245{\nborder-radius:0px 0px 0px 0px;\npadding:0px 0px 0px 0px;\n}\n<\/style>\n<div  class='flex_column av-4bbdcu-14-8df45e5e4e5b0296ce9f333047e95245 av_one_half  avia-builder-el-40  el_after_av_one_half  el_before_av_one_full  flex_column_div av-zero-column-padding  column-top-margin'     ><div  class='av-catalogue-container av-jlqployz-13-42d27e10362ed5d34769cee66e58c664  avia-builder-el-41  avia-builder-el-no-sibling '><ul class='av-catalogue-list'>\n<li><a href=\"https:\/\/www.backwinkel.de\/cat\/lehrmittel-guiro\/\"  target=\"_blank\"  rel=\"noopener noreferrer\" class='av-catalogue-item av-d5tf56-8f03269412362094ded4d60db908ef27' ><img decoding=\"async\" width=\"150\" height=\"150\" loading=\"lazy\" src=\"https:\/\/www.backwinkel.de\/blog\/wp-content\/uploads\/2018\/09\/backwinkel-blog-orff-instrumente-guiro.png\" title='BACKWINKEL-Blog: Orff-Instrumente \u2013 Guiro' alt='BACKWINKEL-Blog: Orff-Instrumente \u2013 Guiro' class='wp-image-1139 avia-img-lazy-loading-1139 av-catalogue-image' srcset=\"https:\/\/www.backwinkel.de\/blog\/wp-content\/uploads\/2018\/09\/backwinkel-blog-orff-instrumente-guiro.png 150w, https:\/\/www.backwinkel.de\/blog\/wp-content\/uploads\/2018\/09\/backwinkel-blog-orff-instrumente-guiro-36x36.png 36w, https:\/\/www.backwinkel.de\/blog\/wp-content\/uploads\/2018\/09\/backwinkel-blog-orff-instrumente-guiro-120x120.png 120w\" sizes=\"auto, (max-width: 150px) 100vw, 150px\" \/><div class=\"av-catalogue-item-inner\"><div class=\"av-catalogue-title-container\"><div class='av-catalogue-title'><\/p>\n<h3 class=\"av-catalogue-title-h3\">Guiro<\/h3>\n<p><\/div><div class='av-catalogue-price'><\/div><\/div><div class=\"av-catalogue-content\">\nDer l\u00e4ngliche Hohlk\u00f6rper hat eine geriffelte Oberfl\u00e4che. Streicht der Spieler mit einem Stab dar\u00fcber, entsteht ein schrapendes Ger\u00e4usch.<br \/>\n<\/div><\/div><\/a><\/li>\n<li><a href=\"https:\/\/www.backwinkel.de\/prod\/holzblocktrommel.html\"  target=\"_blank\"  rel=\"noopener noreferrer\" class='av-catalogue-item av-gwk122-6a30629603147ef995715f0124600cea' ><img decoding=\"async\" width=\"150\" height=\"150\" loading=\"lazy\" src=\"https:\/\/www.backwinkel.de\/blog\/wp-content\/uploads\/2018\/09\/backwinkel-blog-orff-instrumente-holzblocktrommel.png\" title='BACKWINKEL-Blog: Orff-Instrumente \u2013 Holzblocktrommel' alt='BACKWINKEL-Blog: Orff-Instrumente \u2013 Holzblocktrommel' class='wp-image-1138 avia-img-lazy-loading-1138 av-catalogue-image' srcset=\"https:\/\/www.backwinkel.de\/blog\/wp-content\/uploads\/2018\/09\/backwinkel-blog-orff-instrumente-holzblocktrommel.png 150w, https:\/\/www.backwinkel.de\/blog\/wp-content\/uploads\/2018\/09\/backwinkel-blog-orff-instrumente-holzblocktrommel-36x36.png 36w, https:\/\/www.backwinkel.de\/blog\/wp-content\/uploads\/2018\/09\/backwinkel-blog-orff-instrumente-holzblocktrommel-120x120.png 120w\" sizes=\"auto, (max-width: 150px) 100vw, 150px\" \/><div class=\"av-catalogue-item-inner\"><div class=\"av-catalogue-title-container\"><div class='av-catalogue-title'><\/p>\n<h3 class=\"av-catalogue-title-h3\">Holzblocktrommel<\/h3>\n<p><\/div><div class='av-catalogue-price'><\/div><\/div><div class=\"av-catalogue-content\">\nDer schlitzf\u00f6rmig ausgeh\u00f6hlte Hartholzblock in rechteckiger Form wird mit einem harten Schl\u00e4gel angeschlagen.<br \/>\n<\/div><\/div><\/a><\/li>\n<li><a href=\"https:\/\/www.backwinkel.de\/prod\/kastagnette-aus-hartholz.html\"  target=\"_blank\"  rel=\"noopener noreferrer\" class='av-catalogue-item av-fcake2-0870fb5af13d64cd8554a6dc7d9b622e' ><img decoding=\"async\" width=\"150\" height=\"150\" loading=\"lazy\" src=\"https:\/\/www.backwinkel.de\/blog\/wp-content\/uploads\/2018\/09\/backwinkel-blog-orff-instrumente-kastagnetten.png\" title='BACKWINKEL-Blog: Orff-Instrumente \u2013 Kastagnetten' alt='BACKWINKEL-Blog: Orff-Instrumente \u2013 Kastagnetten' class='wp-image-1137 avia-img-lazy-loading-1137 av-catalogue-image' srcset=\"https:\/\/www.backwinkel.de\/blog\/wp-content\/uploads\/2018\/09\/backwinkel-blog-orff-instrumente-kastagnetten.png 150w, https:\/\/www.backwinkel.de\/blog\/wp-content\/uploads\/2018\/09\/backwinkel-blog-orff-instrumente-kastagnetten-36x36.png 36w, https:\/\/www.backwinkel.de\/blog\/wp-content\/uploads\/2018\/09\/backwinkel-blog-orff-instrumente-kastagnetten-120x120.png 120w\" sizes=\"auto, (max-width: 150px) 100vw, 150px\" \/><div class=\"av-catalogue-item-inner\"><div class=\"av-catalogue-title-container\"><div class='av-catalogue-title'><\/p>\n<h3 class=\"av-catalogue-title-h3\">Kastagnetten<\/h3>\n<p><\/div><div class='av-catalogue-price'><\/div><\/div><div class=\"av-catalogue-content\">\nZwei muschelf\u00f6rmige Hohlk\u00f6rper aus Holz oder Kunststoff, mit einer Kordel verbunden, erzeugen beim Antippen einen klappernden Klang.<br \/>\n<\/div><\/div><\/a><\/li>\n<li><a href=\"https:\/\/www.backwinkel.de\/cat\/lehrmittel-maracas-rasseln\/\"  target=\"_blank\"  rel=\"noopener noreferrer\" class='av-catalogue-item av-b9wpvu-7687e3e2a0bbd80180dc623fc6dde956' ><img decoding=\"async\" width=\"150\" height=\"150\" loading=\"lazy\" src=\"https:\/\/www.backwinkel.de\/blog\/wp-content\/uploads\/2018\/09\/backwinkel-blog-orff-instrumente-maracas.png\" title='BACKWINKEL-Blog: Orff-Instrumente \u2013 Maracas' alt='BACKWINKEL-Blog: Orff-Instrumente \u2013 Maracas' class='wp-image-1136 avia-img-lazy-loading-1136 av-catalogue-image' srcset=\"https:\/\/www.backwinkel.de\/blog\/wp-content\/uploads\/2018\/09\/backwinkel-blog-orff-instrumente-maracas.png 150w, https:\/\/www.backwinkel.de\/blog\/wp-content\/uploads\/2018\/09\/backwinkel-blog-orff-instrumente-maracas-36x36.png 36w, https:\/\/www.backwinkel.de\/blog\/wp-content\/uploads\/2018\/09\/backwinkel-blog-orff-instrumente-maracas-120x120.png 120w\" sizes=\"auto, (max-width: 150px) 100vw, 150px\" \/><div class=\"av-catalogue-item-inner\"><div class=\"av-catalogue-title-container\"><div class='av-catalogue-title'><\/p>\n<h3 class=\"av-catalogue-title-h3\">Maracas \/ Rasseln<\/h3>\n<p><\/div><div class='av-catalogue-price'><\/div><\/div><div class=\"av-catalogue-content\">\nDer Hohlk\u00f6rper mit Griff ist mit K\u00f6rnern o. \u00c4. gef\u00fcllt, die durch Bewegungen der H\u00e4nde zum Rasseln gebracht werden.<br \/>\n<\/div><\/div><\/a><\/li>\n<li><a href=\"https:\/\/www.backwinkel.de\/prod\/regenmacher.html\"  target=\"_blank\"  rel=\"noopener noreferrer\" class='av-catalogue-item av-1v403e-e163eb3aa9fee7d687e2f3f5d88ab592' ><img decoding=\"async\" width=\"150\" height=\"150\" loading=\"lazy\" src=\"https:\/\/www.backwinkel.de\/blog\/wp-content\/uploads\/2018\/09\/backwinkel-blog-orff-instrumente-regenstab.png\" title='BACKWINKEL-Blog: Orff-Instrumente \u2013 Regenstab' alt='BACKWINKEL-Blog: Orff-Instrumente \u2013 Regenstab' class='wp-image-1135 avia-img-lazy-loading-1135 av-catalogue-image' srcset=\"https:\/\/www.backwinkel.de\/blog\/wp-content\/uploads\/2018\/09\/backwinkel-blog-orff-instrumente-regenstab.png 150w, https:\/\/www.backwinkel.de\/blog\/wp-content\/uploads\/2018\/09\/backwinkel-blog-orff-instrumente-regenstab-36x36.png 36w, https:\/\/www.backwinkel.de\/blog\/wp-content\/uploads\/2018\/09\/backwinkel-blog-orff-instrumente-regenstab-120x120.png 120w\" sizes=\"auto, (max-width: 150px) 100vw, 150px\" \/><div class=\"av-catalogue-item-inner\"><div class=\"av-catalogue-title-container\"><div class='av-catalogue-title'><\/p>\n<h3 class=\"av-catalogue-title-h3\">Regenstab<\/h3>\n<p><\/div><div class='av-catalogue-price'><\/div><\/div><div class=\"av-catalogue-content\">\nEin mit K\u00fcgelchen gef\u00fclltes Bambusrohr, in das kleine H\u00f6lzchen getrieben sind, erzeugt beim Wenden ein rieselndes Ger\u00e4usch.<br \/>\n<\/div><\/div><\/a><\/li>\n<li><a href=\"https:\/\/www.backwinkel.de\/cat\/lehrmittel-roehrentrommel\/\"  target=\"_blank\"  rel=\"noopener noreferrer\" class='av-catalogue-item av-992z62-e36310a4de5056cfca1ff9938d39199c' ><img decoding=\"async\" width=\"150\" height=\"150\" loading=\"lazy\" src=\"https:\/\/www.backwinkel.de\/blog\/wp-content\/uploads\/2018\/09\/backwinkel-blog-orff-instrumente-rohrentrommel.png\" title='BACKWINKEL-Blog: Orff-Instrumente \u2013 R\u00f6hrentrommel' alt='BACKWINKEL-Blog: Orff-Instrumente \u2013 R\u00f6hrentrommel' class='wp-image-1134 avia-img-lazy-loading-1134 av-catalogue-image' srcset=\"https:\/\/www.backwinkel.de\/blog\/wp-content\/uploads\/2018\/09\/backwinkel-blog-orff-instrumente-rohrentrommel.png 150w, https:\/\/www.backwinkel.de\/blog\/wp-content\/uploads\/2018\/09\/backwinkel-blog-orff-instrumente-rohrentrommel-36x36.png 36w, https:\/\/www.backwinkel.de\/blog\/wp-content\/uploads\/2018\/09\/backwinkel-blog-orff-instrumente-rohrentrommel-120x120.png 120w\" sizes=\"auto, (max-width: 150px) 100vw, 150px\" \/><div class=\"av-catalogue-item-inner\"><div class=\"av-catalogue-title-container\"><div class='av-catalogue-title'><\/p>\n<h3 class=\"av-catalogue-title-h3\">R\u00f6hrentrommel<\/h3>\n<p><\/div><div class='av-catalogue-price'><\/div><\/div><div class=\"av-catalogue-content\">\nZwei eingekerbte Holzzylinder (unterschiedliche Tonh\u00f6he)mit Mittelgriff werden mit einem Holzkopfschl\u00e4gel angeschlagen.<br \/>\n<\/div><\/div><\/a><\/li>\n<li><a href=\"https:\/\/www.backwinkel.de\/prod\/schellenarmband.html\"  target=\"_blank\"  rel=\"noopener noreferrer\" class='av-catalogue-item av-9udv6y-4e85a65645a1106ad858bd07b0038c9a' ><img decoding=\"async\" width=\"150\" height=\"150\" loading=\"lazy\" src=\"https:\/\/www.backwinkel.de\/blog\/wp-content\/uploads\/2018\/09\/backwinkel-blog-orff-instrumente-schellen.png\" title='BACKWINKEL-Blog: Orff-Instrumente \u2013 Schellen' alt='BACKWINKEL-Blog: Orff-Instrumente \u2013 Schellen' class='wp-image-1133 avia-img-lazy-loading-1133 av-catalogue-image' srcset=\"https:\/\/www.backwinkel.de\/blog\/wp-content\/uploads\/2018\/09\/backwinkel-blog-orff-instrumente-schellen.png 150w, https:\/\/www.backwinkel.de\/blog\/wp-content\/uploads\/2018\/09\/backwinkel-blog-orff-instrumente-schellen-36x36.png 36w, https:\/\/www.backwinkel.de\/blog\/wp-content\/uploads\/2018\/09\/backwinkel-blog-orff-instrumente-schellen-120x120.png 120w\" sizes=\"auto, (max-width: 150px) 100vw, 150px\" \/><div class=\"av-catalogue-item-inner\"><div class=\"av-catalogue-title-container\"><div class='av-catalogue-title'><\/p>\n<h3 class=\"av-catalogue-title-h3\">Schellen<\/h3>\n<p><\/div><div class='av-catalogue-price'><\/div><\/div><div class=\"av-catalogue-content\">\nDie kleinen metallischen Hohlk\u00f6rper mit eingeschlossenen Kugeln werden mit B\u00e4ndern an Hand- oder Fu\u00dfgelenken getragen.<br \/>\n<\/div><\/div><\/a><\/li>\n<li><a href=\"https:\/\/www.backwinkel.de\/cat\/lehrmittel-schellenkranz\/\"  target=\"_blank\"  rel=\"noopener noreferrer\" class='av-catalogue-item av-7lqx0q-15ddb9537559f35efaaa61319d20ec58' ><img decoding=\"async\" width=\"150\" height=\"150\" loading=\"lazy\" src=\"https:\/\/www.backwinkel.de\/blog\/wp-content\/uploads\/2018\/09\/backwinkel-blog-orff-instrumente-schellenkranz.png\" title='BACKWINKEL-Blog: Orff-Instrumente \u2013 Schellenkranz' alt='BACKWINKEL-Blog: Orff-Instrumente \u2013 Schellenkranz' class='wp-image-1132 avia-img-lazy-loading-1132 av-catalogue-image' srcset=\"https:\/\/www.backwinkel.de\/blog\/wp-content\/uploads\/2018\/09\/backwinkel-blog-orff-instrumente-schellenkranz.png 150w, https:\/\/www.backwinkel.de\/blog\/wp-content\/uploads\/2018\/09\/backwinkel-blog-orff-instrumente-schellenkranz-36x36.png 36w, https:\/\/www.backwinkel.de\/blog\/wp-content\/uploads\/2018\/09\/backwinkel-blog-orff-instrumente-schellenkranz-120x120.png 120w\" sizes=\"auto, (max-width: 150px) 100vw, 150px\" \/><div class=\"av-catalogue-item-inner\"><div class=\"av-catalogue-title-container\"><div class='av-catalogue-title'><\/p>\n<h3 class=\"av-catalogue-title-h3\">Schellenkranz<\/h3>\n<p><\/div><div class='av-catalogue-price'><\/div><\/div><div class=\"av-catalogue-content\">\nMehrere Metallschellen mit eingeschlossenen Kugeln sind an einem gebogenen Band mit Handgriff befestigt.<br \/>\n<\/div><\/div><\/a><\/li>\n<li><a href=\"https:\/\/www.backwinkel.de\/cat\/schellenring\/\"  target=\"_blank\"  rel=\"noopener noreferrer\" class='av-catalogue-item av-5kso9m-004bd87aa7a1b649395302f905e68daa' ><img decoding=\"async\" width=\"150\" height=\"150\" loading=\"lazy\" src=\"https:\/\/www.backwinkel.de\/blog\/wp-content\/uploads\/2018\/09\/backwinkel-blog-orff-instrumente-schellenring.png\" title='BACKWINKEL-Blog: Orff-Instrumente \u2013 Schellenring' alt='BACKWINKEL-Blog: Orff-Instrumente \u2013 Schellenring' class='wp-image-1131 avia-img-lazy-loading-1131 av-catalogue-image' srcset=\"https:\/\/www.backwinkel.de\/blog\/wp-content\/uploads\/2018\/09\/backwinkel-blog-orff-instrumente-schellenring.png 150w, https:\/\/www.backwinkel.de\/blog\/wp-content\/uploads\/2018\/09\/backwinkel-blog-orff-instrumente-schellenring-36x36.png 36w, https:\/\/www.backwinkel.de\/blog\/wp-content\/uploads\/2018\/09\/backwinkel-blog-orff-instrumente-schellenring-120x120.png 120w\" sizes=\"auto, (max-width: 150px) 100vw, 150px\" \/><div class=\"av-catalogue-item-inner\"><div class=\"av-catalogue-title-container\"><div class='av-catalogue-title'><\/p>\n<h3 class=\"av-catalogue-title-h3\">Schellenring<\/h3>\n<p><\/div><div class='av-catalogue-price'><\/div><\/div><div class=\"av-catalogue-content\">\nIn einem offenen Reif aus Holz oder Kunststoff sind paarweise gew\u00f6lbte Metallpl\u00e4ttchen (Cymbeln) angeordnet.<br \/>\n<\/div><\/div><\/a><\/li>\n<li><a href=\"https:\/\/www.backwinkel.de\/cat\/triangel\/\"  target=\"_blank\"  rel=\"noopener noreferrer\" class='av-catalogue-item av-3sjknu-306b23b5cedab66d0bb0b0d3a22f74b5' ><img decoding=\"async\" width=\"150\" height=\"150\" loading=\"lazy\" src=\"https:\/\/www.backwinkel.de\/blog\/wp-content\/uploads\/2018\/09\/backwinkel-blog-orff-instrumente-triangel.png\" title='BACKWINKEL-Blog: Orff-Instrumente \u2013 Triangel' alt='BACKWINKEL-Blog: Orff-Instrumente \u2013 Triangel' class='wp-image-1130 avia-img-lazy-loading-1130 av-catalogue-image' srcset=\"https:\/\/www.backwinkel.de\/blog\/wp-content\/uploads\/2018\/09\/backwinkel-blog-orff-instrumente-triangel.png 150w, https:\/\/www.backwinkel.de\/blog\/wp-content\/uploads\/2018\/09\/backwinkel-blog-orff-instrumente-triangel-36x36.png 36w, https:\/\/www.backwinkel.de\/blog\/wp-content\/uploads\/2018\/09\/backwinkel-blog-orff-instrumente-triangel-120x120.png 120w\" sizes=\"auto, (max-width: 150px) 100vw, 150px\" \/><div class=\"av-catalogue-item-inner\"><div class=\"av-catalogue-title-container\"><div class='av-catalogue-title'><\/p>\n<h3 class=\"av-catalogue-title-h3\">Triangel<\/h3>\n<p><\/div><div class='av-catalogue-price'><\/div><\/div><div class=\"av-catalogue-content\">\nEin zu einem offenen Dreieck gebogener Metallstab, an einer Schnur gehalten, wird mit einem kleinen Metallstab angeschlagen.<br \/>\n<\/div><\/div><\/a><\/li>\n<li><a href=\"https:\/\/www.backwinkel.de\/cat\/wah-wah-tubes\/\"  target=\"_blank\"  rel=\"noopener noreferrer\" class='av-catalogue-item av-88g2y-63c01434df4e3821a0a14b676b2752d2' ><img decoding=\"async\" width=\"150\" height=\"150\" loading=\"lazy\" src=\"https:\/\/www.backwinkel.de\/blog\/wp-content\/uploads\/2018\/09\/backwinkel-blog-orff-instrumente-wah-wah-tubes.png\" title='BACKWINKEL-Blog: Orff-Instrumente \u2013 Wah-Wah-Tubes' alt='BACKWINKEL-Blog: Orff-Instrumente \u2013 Wah-Wah-Tubes' class='wp-image-1129 avia-img-lazy-loading-1129 av-catalogue-image' srcset=\"https:\/\/www.backwinkel.de\/blog\/wp-content\/uploads\/2018\/09\/backwinkel-blog-orff-instrumente-wah-wah-tubes.png 150w, https:\/\/www.backwinkel.de\/blog\/wp-content\/uploads\/2018\/09\/backwinkel-blog-orff-instrumente-wah-wah-tubes-36x36.png 36w, https:\/\/www.backwinkel.de\/blog\/wp-content\/uploads\/2018\/09\/backwinkel-blog-orff-instrumente-wah-wah-tubes-120x120.png 120w\" sizes=\"auto, (max-width: 150px) 100vw, 150px\" \/><div class=\"av-catalogue-item-inner\"><div class=\"av-catalogue-title-container\"><div class='av-catalogue-title'><\/p>\n<h3 class=\"av-catalogue-title-h3\">Wah-Wah-Tubes<\/h3>\n<p><\/div><div class='av-catalogue-price'><\/div><\/div><div class=\"av-catalogue-content\">\nMetallr\u00f6hren mit Schallloch, das beim Schl\u00e4gel-Anschlag mit einer Hand variiert wird, um so ein \u201eWah-Wah\u201c Ger\u00e4usch zu erzeugen.<br \/>\n<\/div><\/div><\/a><\/li>\n<\/ul><\/div><\/div>\n\n<style type=\"text\/css\" data-created_by=\"avia_inline_auto\" id=\"style-css-av-hh5al-17-ea51103b770e526b92ecd626a7f37254\">\n.flex_column.av-hh5al-17-ea51103b770e526b92ecd626a7f37254{\nborder-radius:0px 0px 0px 0px;\npadding:0px 0px 0px 0px;\n}\n<\/style>\n<div  class='flex_column av-hh5al-17-ea51103b770e526b92ecd626a7f37254 av_one_full  avia-builder-el-42  el_after_av_one_half  el_before_av_one_full  first flex_column_div av-zero-column-padding  column-top-margin'     ><section  class='av_textblock_section av-jkuul0eg-16-71f5293a050d80b78605f2b2b765c8c4 '  ><div class='avia_textblock' >\n<style type=\"text\/css\" data-created_by=\"avia_inline_auto\" id=\"style-css-av-7c7r8-15-7db28fb72cbc5e3c2026b370be3ebfba\">\n#top .hr.hr-invisible.av-7c7r8-15-7db28fb72cbc5e3c2026b370be3ebfba{\nheight:20px;\n}\n<\/style>\n<div  class='hr av-7c7r8-15-7db28fb72cbc5e3c2026b370be3ebfba hr-invisible  avia-builder-el-44  avia-builder-el-no-sibling '><span class='hr-inner '><span class=\"hr-inner-style\"><\/span><\/span><\/div>\n<h2 id=\"4\" class=\"position\">Wie verwende ich Orff-Instrumente zur musikalischen Fr\u00fcherziehung?<\/h2>\n<p>Im Mittelpunkt des Orff-Schulwerks steht der kreative Umgang mit der Musik in Verbindung mit Bewegung. Tanzen, Singen und Spielen schlie\u00dfen sich zu einer Einheit. Beim Elementaren Musizieren geht es nicht um das Abspielen der Modelle, sondern um Selbermachen. Orff vertrat den Grundsatz, der Unterricht sollte in seinem ganzen Umfang von der Improvisation ausgehen.<\/p>\n<h3>Trommelzeit im Kindergarten<\/h3>\n<p>Vorschulkinder lieben einfache, \u00fcberschaubare und leicht spielbare Instrumente. Und sie bevorzugen \u201etreffsichere\u201c Instrumente. Klangst\u00e4be, Rahmen- und Schellentrommel geh\u00f6ren sicher dazu. Bieten Sie m\u00f6glichst vielf\u00e4ltige Klangerfahrungen an. Orff-Instrumente werden an ihrem Klang nach dem Anspielen unterschieden. <em>Klinger<\/em> geben einen langen Ton von sich, wie die Triangel. Instrumente mit <em>Punktklang<\/em> geben einem kurzen Ton, wie zum Beispiel die <a href=\"https:\/\/www.backwinkel.de\/cat\/claves-klangstaebe\/\" target=\"_blank\" rel=\"noopener\">Klangh\u00f6lzer<\/a>. <em>Bewegungsklang<\/em> erzeugen Instrumente, in denen sich etwas bewegt, wie die kleinen K\u00fcgelchen in den <a href=\"https:\/\/www.backwinkel.de\/cat\/lehrmittel-maracas-rasseln\/\" target=\"_blank\" rel=\"noopener\">Rasseln<\/a>.<\/p>\n<p>Bei der Liedbegleitung entspricht der Tonumfang von Alt-\/ Tenor-Xylophon und -Metallophon der kindlichen Stimmlage am besten. Auch Klangbausteine lassen sich gut einsetzen, da das Kind sich bei Tanz- und Bewegungsfolgen selbst begleiten kann. Oder Sie \u201everteilen\u201c damit ein Musikst\u00fcck in der Gruppe an mehrere Spieler.<\/p>\n<h3>Die Trommel kribbelt im Bauch<\/h3>\n<p>Das Elementare Musizieren im Kindergarten kann ohne Bewegung, ohne klingende und rhythmisierte Sprache nicht wirksam werden. Hierbei wird der Zusammenhang von Musik, Sprache und Bewegung lebendig. Das bedeutet jedoch nicht, dass musikalisches, singendes und bewegtes Tun st\u00e4ndig gleichzeitig stattfindet. An erster Stelle steht das Entdecken dieses Zusammenhangs, etwa wenn die Kinder die unsichtbaren Schwingungen des Instruments sp\u00fcren. Oder wenn sie merken, dass der Nachklang der Handtrommel durch die Schwingung der gro\u00dfen Trommel verl\u00e4ngert wird.<\/p>\n<h3>T\u00f6ne sind Blumen, die in den Ohren der anderen aufbl\u00fchen<\/h3>\n<p>Beim Gruppenmusizieren kommt es vor allem darauf an, sich gegenseitig etwas mitzuteilen. Dazu braucht es aber auch die Bereitschaft zum Zuh\u00f6ren. Spielt jemand nur f\u00fcr sich selbst, werden die anderen bald nicht mehr hinh\u00f6ren. Das Gleiche passiert, wenn ein Spieler versucht, niemand anderen \u201ezu Wort kommen\u201c zu lassen und das Spiel der anderen lautstark \u00fcbert\u00f6nt.<\/p>\n<p>F\u00fcr Orff beginnt die Musik mit dem In-sich-Horchen, dem Bereitsein f\u00fcr die Musik, dem H\u00f6ren auf den eigenen Herzschlag. Alles Bewegen, Sprechen und Singen folgt diesem Rhythmus. Dies erlernen die Kinder, wenn sie auf ihren Atem horchen und das rhythmische Gef\u00fchl in verschiedenen Spielsituationen zum Ausdruck bringen. Weitere M\u00f6glichkeiten zur Wahrnehmung des eigenen K\u00f6rpers bestehen darin, dass die Kinder langsame und schnelle Tanzbewegungen mit Rhythmusinstrumenten begleiten oder Gedichte und Verse vertonen.<\/p>\n<h3><strong>Ich kann die Sterne gl\u00e4nzen h\u00f6ren <\/strong><\/h3>\n<p>Kinder haben eine bildhafte Anschauung der Welt, befl\u00fcgelt von viel Fantasie. Regen Sie die Kinder an, ihre Sinneswahrnehmungen h\u00f6rbar zu machen. Lassen auch Sie sich dabei von der bildhaften Vorstellungswelt der Kinder inspirieren. So schaffen Sie anschauliche Spielsituationen. Die Kinder k\u00f6nnen entweder Geh\u00f6rtes nachahmen oder Gesehenes klanghaft ausdr\u00fccken.<\/p>\n<p><strong>Beispiele<\/strong>:<\/p>\n<p>W\u00e4hle ein Instrument und spiele uns vor, wie der Nebel fl\u00fcstert \/ der Regen rauscht \/ der Wind heult \/ die Katze schnurrt.<\/p>\n<p>W\u00e4hle ein Instrument und spiele uns vor, wie die Sterne gl\u00e4nzen \/ der Elefant badet \/ die Maus blinzelt.<\/p>\n<p>Kennst du ein Instrument, das Tanzmusik f\u00fcr Elfen \/ Teddyb\u00e4ren \/ Gartenzwerge spielen kann?<\/p>\n<p>Die Kinder experimentieren mit Kl\u00e4ngen und mehreren Orff-Instrumenten. Stimmungen und Erlebnisse lassen sich wunderbar mit Musik wiedergeben. Orff-Instrumente bieten unz\u00e4hlige M\u00f6glichkeiten, Geschichten und Bilder zu vertonen, Lieder zu begleiten und neue zu erfinden.<\/p>\n<\/div><\/section><\/div>\n\n<style type=\"text\/css\" data-created_by=\"avia_inline_auto\" id=\"style-css-av-hh5al-12-a1bf4bcd187f4a58d377294e15306b2a\">\n.flex_column.av-hh5al-12-a1bf4bcd187f4a58d377294e15306b2a{\nborder-radius:0px 0px 0px 0px;\npadding:0px 0px 0px 0px;\n}\n<\/style>\n<div  class='flex_column av-hh5al-12-a1bf4bcd187f4a58d377294e15306b2a av_one_full  avia-builder-el-45  el_after_av_one_full  el_before_av_one_full  first flex_column_div av-zero-column-padding  column-top-margin'     ><section  class='av_textblock_section av-jkuul0eg-11-3c57c31cb5316cff255de2d196702413 '  ><div class='avia_textblock' >\n<style type=\"text\/css\" data-created_by=\"avia_inline_auto\" id=\"style-css-av-7c7r8-10-afc5bb837a887c59d7da48cd514444a1\">\n#top .hr.hr-invisible.av-7c7r8-10-afc5bb837a887c59d7da48cd514444a1{\nheight:20px;\n}\n<\/style>\n<div  class='hr av-7c7r8-10-afc5bb837a887c59d7da48cd514444a1 hr-invisible  avia-builder-el-47  avia-builder-el-no-sibling '><span class='hr-inner '><span class=\"hr-inner-style\"><\/span><\/span><\/div>\n<h2 id=\"5\" class=\"position\">So nutzen Sie Orff-Instrumente im Anfangsunterricht<\/h2>\n<p>Beim gemeinsamen Musizieren lernen Kinder, einander zuzuh\u00f6ren und aufeinander einzugehen. Das Erlebnis, wie <strong>Zusammenspiel<\/strong> gelingt, ist f\u00fcr Kinder eine wertvolle Erfahrung, die sich nachhaltig auf ihre Sozialkompetenz auswirkt. Auch die weniger kognitiv begabten Sch\u00fcler bl\u00fchen beim Musizieren oft richtig auf. Das Kind kann zeigen, was es kann, und alle haben es gesehen.<\/p>\n<p>Musik ist ein emotionales Medium, Musik geht unter die Haut. Und Musik ist ansteckend. Sie hebt die Stimmung und fordert zum Mitmachen auf. Carl Orffs ganzheitliche Idee spiegelt sich in der modernen P\u00e4dagogik, die Lernen als Einheit von Denken, F\u00fchlen und Handeln versteht. Daher bietet es sich an, dass Sie die Orff-Instrumente auch in F\u00e4chern wie z. B. Deutsch oder sogar Mathe nutzen.<\/p>\n<p>Orff-Instrumente sind ideal, um Bewegtes Lernen zu unterst\u00fctzen. Denn Rhythmus hilft beim Schreiben-, Z\u00e4hlen- und Rechnenlernen. Auch f\u00fcr die <a href=\"https:\/\/blog.backwinkel.de\/sprachfoerderung-und-sprachbildung-in-krippe-kindergarten-kita-und-schule\/\" target=\"_blank\" rel=\"noopener\">Sprachf\u00f6rderung<\/a> spielen Orff-Instrumente eine wichtige Rolle. Mit rhythmischen Kl\u00e4ngen vertiefen Sie das Verst\u00e4ndnis f\u00fcr Silben, W\u00f6rter und Satzmelodie. Eine echte Bereicherung ist die eigenh\u00e4ndige Musikbegleitung mit Orff-Instrumenten f\u00fcr Ihr <a href=\"https:\/\/blog.backwinkel.de\/kamishibai\/\" target=\"_blank\" rel=\"noopener\">Kamishibai<\/a> Erz\u00e4hltheater. Und nicht zu vergessen, Musik macht einfach Freude. Schnappen Sie sich Ihre Kinder und legen Sie gleich los.<\/p>\n<\/div><\/section><\/div>\n\n<style type=\"text\/css\" data-created_by=\"avia_inline_auto\" id=\"style-css-av-2v5uhn-020e4117f71e46fc62c685221cd472f4\">\n.flex_column.av-2v5uhn-020e4117f71e46fc62c685221cd472f4{\nborder-radius:0px 0px 0px 0px;\npadding:0px 0px 0px 0px;\n}\n<\/style>\n<div  class='flex_column av-2v5uhn-020e4117f71e46fc62c685221cd472f4 av_one_full  avia-builder-el-48  el_after_av_one_full  el_before_av_one_third  first flex_column_div av-zero-column-padding  column-top-margin'     ><section  class='av_textblock_section av-jxcz48fa-e7ea4121fd10eaf4138072747e05618a '  ><div class='avia_textblock' >\n<style type=\"text\/css\" data-created_by=\"avia_inline_auto\" id=\"style-css-av-7c7r8-9-4a91baf0c72e14a18ff0ec76a938d17e\">\n#top .hr.hr-invisible.av-7c7r8-9-4a91baf0c72e14a18ff0ec76a938d17e{\nheight:20px;\n}\n<\/style>\n<div  class='hr av-7c7r8-9-4a91baf0c72e14a18ff0ec76a938d17e hr-invisible  avia-builder-el-50  avia-builder-el-no-sibling '><span class='hr-inner '><span class=\"hr-inner-style\"><\/span><\/span><\/div>\n<h2>Empfehlungen:<\/h2>\n<\/div><\/section><\/div>\n\n<style type=\"text\/css\" data-created_by=\"avia_inline_auto\" id=\"style-css-av-1u8i1w-260776e2dfc7f8b0b1953d397f0ab037\">\n.flex_column.av-1u8i1w-260776e2dfc7f8b0b1953d397f0ab037{\nborder-radius:0px 0px 0px 0px;\npadding:0px 0px 0px 0px;\n}\n<\/style>\n<div  class='flex_column av-1u8i1w-260776e2dfc7f8b0b1953d397f0ab037 av_one_third  avia-builder-el-51  el_after_av_one_full  el_before_av_one_third  first flex_column_div av-zero-column-padding  column-top-margin'     ><style type=\"text\/css\" data-created_by=\"avia_inline_auto\" id=\"style-css-av-jkuua5r2-36-b3ac14003bae888d9182471a951e8814\">\n#top .av_textblock_section.av-jkuua5r2-36-b3ac14003bae888d9182471a951e8814 .avia_textblock{\nfont-size:14px;\n}\n<\/style>\n<section  class='av_textblock_section av-jkuua5r2-36-b3ac14003bae888d9182471a951e8814 '  ><div class='avia_textblock' ><p><strong>Top-Kategorien:<\/strong><br \/>\n<strong><a href=\"https:\/\/www.backwinkel.de\/cat\/lehrmittel-musik\/\" target=\"_blank\" rel=\"noopener\">Musikinstrumente (Schule)<\/a><\/strong><br \/>\n<strong><a href=\"https:\/\/www.backwinkel.de\/cat\/musikraum-ausstattung\/\" target=\"_blank\" rel=\"noopener\">Musikraum (M\u00f6bel &amp; Ausstattung)<\/a><\/strong><br \/>\n<strong><a href=\"https:\/\/www.backwinkel.de\/cat\/musikschraenke\/\" target=\"_blank\" rel=\"noopener\">Musikschrank<\/a><\/strong><\/p>\n<\/div><\/section><\/div>\n\n<style type=\"text\/css\" data-created_by=\"avia_inline_auto\" id=\"style-css-av-1u8i1w-8-dee5d6429c1eb5debee392a04e004f7d\">\n.flex_column.av-1u8i1w-8-dee5d6429c1eb5debee392a04e004f7d{\nborder-radius:0px 0px 0px 0px;\npadding:0px 0px 0px 0px;\n}\n<\/style>\n<div  class='flex_column av-1u8i1w-8-dee5d6429c1eb5debee392a04e004f7d av_one_third  avia-builder-el-53  el_after_av_one_third  el_before_av_one_third  flex_column_div av-zero-column-padding  column-top-margin'     ><style type=\"text\/css\" data-created_by=\"avia_inline_auto\" id=\"style-css-av-jkuua5r2-7-b8a61a72f13d8ddc542d4e285dbaa26d\">\n#top .av_textblock_section.av-jkuua5r2-7-b8a61a72f13d8ddc542d4e285dbaa26d .avia_textblock{\nfont-size:14px;\n}\n<\/style>\n<section  class='av_textblock_section av-jkuua5r2-7-b8a61a72f13d8ddc542d4e285dbaa26d '  ><div class='avia_textblock' ><p><strong>Besonders beliebt:<\/strong><br \/>\n<strong><a href=\"https:\/\/www.backwinkel.de\/cat\/orff-instrumente\/\" target=\"_blank\" rel=\"noopener\">Orff-Instrumente (kaufen)<\/a><\/strong><br \/>\n<strong><a href=\"https:\/\/www.backwinkel.de\/cat\/boomwhackers\/\" target=\"_blank\" rel=\"noopener\">Boomwhackers<\/a><\/strong><br \/>\n<strong><a href=\"https:\/\/www.backwinkel.de\/cat\/verstaerkerboxen\/\" target=\"_blank\" rel=\"noopener\">Verst\u00e4rkerbox<\/a><\/strong><\/p>\n<\/div><\/section><\/div>\n\n<style type=\"text\/css\" data-created_by=\"avia_inline_auto\" id=\"style-css-av-1u8i1w-6-76910126e01ff4c9359d3b0b5d6c6afc\">\n.flex_column.av-1u8i1w-6-76910126e01ff4c9359d3b0b5d6c6afc{\nborder-radius:0px 0px 0px 0px;\npadding:0px 0px 0px 0px;\n}\n<\/style>\n<div  class='flex_column av-1u8i1w-6-76910126e01ff4c9359d3b0b5d6c6afc av_one_third  avia-builder-el-55  el_after_av_one_third  el_before_av_one_full  flex_column_div av-zero-column-padding  column-top-margin'     ><style type=\"text\/css\" data-created_by=\"avia_inline_auto\" id=\"style-css-av-jkuua5r2-5-05ee302c7fb8063debd8637934e6d34f\">\n#top .av_textblock_section.av-jkuua5r2-5-05ee302c7fb8063debd8637934e6d34f .avia_textblock{\nfont-size:14px;\n}\n<\/style>\n<section  class='av_textblock_section av-jkuua5r2-5-05ee302c7fb8063debd8637934e6d34f '  ><div class='avia_textblock' ><p><strong>H\u00e4ufig nachgefragt:<\/strong><br \/>\n<strong><a href=\"https:\/\/www.backwinkel.de\/cat\/tafelkreide-schulkreide\/\" target=\"_blank\" rel=\"noopener\">Tafelkreide<\/a><\/strong><br \/>\n<strong><a href=\"https:\/\/www.backwinkel.de\/cat\/schultafeln\/\" target=\"_blank\" rel=\"noopener\">Schultafel<\/a><\/strong><br \/>\n<strong><a href=\"https:\/\/www.backwinkel.de\/cat\/pylonentafeln\/\" target=\"_blank\" rel=\"noopener\">Pylonentafel<\/a><\/strong><\/p>\n<\/div><\/section><\/div>\n\n<style type=\"text\/css\" data-created_by=\"avia_inline_auto\" id=\"style-css-av-jley1l06-be8863a15e87d33f314fbd4b76b14014\">\n.flex_column.av-jley1l06-be8863a15e87d33f314fbd4b76b14014{\nborder-radius:0px 0px 0px 0px;\npadding:10px 10px 10px 10px;\nbackground-color:#f2f2f2;\n}\n<\/style>\n<div  class='flex_column av-jley1l06-be8863a15e87d33f314fbd4b76b14014 av_one_full  avia-builder-el-57  el_after_av_one_third  el_before_av_one_full  first flex_column_div  column-top-margin'     ><section  class='av_textblock_section av-jkuvcso3-37-101d22a92229a91829be1c839ae6f3d9 '  ><div class='avia_textblock' ><p class=\"fussnoten-quellen\"><strong>Fu\u00dfnoten: <\/strong><\/p>\n<p class=\"fussnoten-quellen\"><strong><sup id=\"fussnote1\">1<\/sup><\/strong>Mehr zu Orffs Musikp\u00e4dagogik: Godela Orff: Mein Vater Carl Orff und ich. Leipzig (Henschel) 2008.<\/p>\n<\/div><\/section><\/div>\n\n<style type=\"text\/css\" data-created_by=\"avia_inline_auto\" id=\"style-css-av-jley1l06-4-3bdda39f6017a8f365c8f0bbf7c33052\">\n.flex_column.av-jley1l06-4-3bdda39f6017a8f365c8f0bbf7c33052{\nborder-radius:0px 0px 0px 0px;\npadding:10px 10px 10px 10px;\nbackground-color:#f2f2f2;\n}\n<\/style>\n<div  class='flex_column av-jley1l06-4-3bdda39f6017a8f365c8f0bbf7c33052 av_one_full  avia-builder-el-59  el_after_av_one_full  el_before_av_one_full  first flex_column_div  column-top-margin'     ><section  class='av_textblock_section av-jkuvcso3-3-9e97658ca8ece3566a078063e1dcc9f9 '  ><div class='avia_textblock' ><p class=\"fussnoten-quellen\"><strong>B\u00fccher mit n\u00fctzlichen Infos &amp; Tipps:<\/strong><\/p>\n<p class=\"fussnoten-quellen\">Micaela Gr\u00fcner: Orff-Instrumente und wie man sie spielt. Ein Handbuch f\u00fcr junge, alte, kleine und gro\u00dfe H\u00e4nde. Ausgabe mit CD. Mainz (Schott) 2011.<\/p>\n<p class=\"fussnoten-quellen\">Dagmar Kuhlmann: Musik zum Anfassen. Ein Einstieg in die Musikerziehung mit vielen Sinnen. Heidelberg (Auer) 2002.<\/p>\n<p class=\"fussnoten-quellen\">Vroni Priesner, Doris Hamann: Unterricht gestalten. Wege zu phantasievollen Konzepten f\u00fcr die Musikalische Fr\u00fcherziehung. Hersbruck (Klimperbein) 2003.<\/p>\n<\/div><\/section><\/div>\n\n<style type=\"text\/css\" data-created_by=\"avia_inline_auto\" id=\"style-css-av-3wc3sa-0d8e08371bdf1037f574e66f81ada222\">\n.flex_column.av-3wc3sa-0d8e08371bdf1037f574e66f81ada222{\nborder-radius:0px 0px 0px 0px;\npadding:10px 10px 10px 10px;\n}\n<\/style>\n<div  class='flex_column av-3wc3sa-0d8e08371bdf1037f574e66f81ada222 av_one_full  avia-builder-el-61  el_after_av_one_full  el_before_av_one_full  first flex_column_div  column-top-margin'     ><section  class='av_textblock_section av-24r83e-421a3ee604e75dfc559cec810d29fc3a '  ><div class='avia_textblock' ><p class=\"copyright\"><strong>\u00a9 Copyright \u2013 Urheberrechtshinweis<\/strong><br \/>\nAlle Inhalte auf www.backwinkel.de sowie www.backwinkel.de\/blog, insbesondere Texte, Fotografien und Grafiken, sind urheberrechtlich gesch\u00fctzt.<br \/>\nDas Urheberrecht liegt, soweit nicht ausdr\u00fccklich anders gekennzeichnet, bei der BACKWINKEL GmbH. Bitte fragen Sie uns, falls Sie die Inhalte dieses Internetangebotes verwenden m\u00f6chten.<br \/>\nWer gegen das Urheberrecht verst\u00f6\u00dft (z. B. Bilder oder Texte unerlaubt kopiert), macht sich gem. \u00a7\u00a7 106 ff UrhG strafbar, wird zudem kostenpflichtig abgemahnt und muss Schadensersatz leisten (\u00a7 97 UrhG).<\/p>\n<\/div><\/section><\/div>\n\n<style type=\"text\/css\" data-created_by=\"avia_inline_auto\" id=\"style-css-av-f09hz-cceb083dcca2f5bb90e11f9d12492973\">\n.flex_column.av-f09hz-cceb083dcca2f5bb90e11f9d12492973{\nborder-radius:0px 0px 0px 0px;\npadding:0px 0px 0px 0px;\n}\n<\/style>\n<div  class='flex_column av-f09hz-cceb083dcca2f5bb90e11f9d12492973 av_one_full  avia-builder-el-63  el_after_av_one_full  avia-builder-el-last  first flex_column_div av-zero-column-padding  column-top-margin'     ><p><section  class='av_textblock_section av-jkuvcso3-2-1483f50a0d3e475dbd92087e3828a2ca '  ><div class='avia_textblock' ><div class=\"shariff shariff-align-left shariff-widget-align-left\"><ul class=\"shariff-buttons theme-color orientation-horizontal buttonsize-medium\"><li class=\"shariff-button whatsapp shariff-nocustomcolor\" style=\"background-color:#5cbe4a\"><a href=\"https:\/\/api.whatsapp.com\/send?text=https%3A%2F%2Fwww.backwinkel.de%2Fblog%2Forff-instrumente%2F%20Wie%20klingt%20es%2C%20wenn%20der%20Nebel%20fl%C3%BCstert%3F\" title=\"Bei Whatsapp teilen\" aria-label=\"Bei Whatsapp teilen\" role=\"button\" rel=\"noopener nofollow\" class=\"shariff-link\" style=\"; background-color:#34af23; color:#fff\" target=\"_blank\"><span class=\"shariff-icon\" style=\"\"><svg width=\"32px\" height=\"20px\" xmlns=\"http:\/\/www.w3.org\/2000\/svg\" viewBox=\"0 0 32 32\"><path fill=\"#34af23\" d=\"M17.6 17.4q0.2 0 1.7 0.8t1.6 0.9q0 0.1 0 0.3 0 0.6-0.3 1.4-0.3 0.7-1.3 1.2t-1.8 0.5q-1 0-3.4-1.1-1.7-0.8-3-2.1t-2.6-3.3q-1.3-1.9-1.3-3.5v-0.1q0.1-1.6 1.3-2.8 0.4-0.4 0.9-0.4 0.1 0 0.3 0t0.3 0q0.3 0 0.5 0.1t0.3 0.5q0.1 0.4 0.6 1.6t0.4 1.3q0 0.4-0.6 1t-0.6 0.8q0 0.1 0.1 0.3 0.6 1.3 1.8 2.4 1 0.9 2.7 1.8 0.2 0.1 0.4 0.1 0.3 0 1-0.9t0.9-0.9zM14 26.9q2.3 0 4.3-0.9t3.6-2.4 2.4-3.6 0.9-4.3-0.9-4.3-2.4-3.6-3.6-2.4-4.3-0.9-4.3 0.9-3.6 2.4-2.4 3.6-0.9 4.3q0 3.6 2.1 6.6l-1.4 4.2 4.3-1.4q2.8 1.9 6.2 1.9zM14 2.2q2.7 0 5.2 1.1t4.3 2.9 2.9 4.3 1.1 5.2-1.1 5.2-2.9 4.3-4.3 2.9-5.2 1.1q-3.5 0-6.5-1.7l-7.4 2.4 2.4-7.2q-1.9-3.2-1.9-6.9 0-2.7 1.1-5.2t2.9-4.3 4.3-2.9 5.2-1.1z\"\/><\/svg><\/span><span class=\"shariff-text\">teilen<\/span>&nbsp;<\/a><\/li><li class=\"shariff-button facebook shariff-nocustomcolor\" style=\"background-color:#4273c8\"><a href=\"https:\/\/www.facebook.com\/sharer\/sharer.php?u=https%3A%2F%2Fwww.backwinkel.de%2Fblog%2Forff-instrumente%2F\" title=\"Bei Facebook teilen\" aria-label=\"Bei Facebook teilen\" role=\"button\" rel=\"nofollow\" class=\"shariff-link\" style=\"; background-color:#3b5998; color:#fff\" target=\"_blank\"><span class=\"shariff-icon\" style=\"\"><svg width=\"32px\" height=\"20px\" xmlns=\"http:\/\/www.w3.org\/2000\/svg\" viewBox=\"0 0 18 32\"><path fill=\"#3b5998\" d=\"M17.1 0.2v4.7h-2.8q-1.5 0-2.1 0.6t-0.5 1.9v3.4h5.2l-0.7 5.3h-4.5v13.6h-5.5v-13.6h-4.5v-5.3h4.5v-3.9q0-3.3 1.9-5.2t5-1.8q2.6 0 4.1 0.2z\"\/><\/svg><\/span><span class=\"shariff-text\">teilen<\/span>&nbsp;<\/a><\/li><li class=\"shariff-button twitter shariff-nocustomcolor\" style=\"background-color:#595959\"><a href=\"https:\/\/twitter.com\/share?url=https%3A%2F%2Fwww.backwinkel.de%2Fblog%2Forff-instrumente%2F&text=Wie%20klingt%20es%2C%20wenn%20der%20Nebel%20fl%C3%BCstert%3F\" title=\"Bei X teilen\" aria-label=\"Bei X teilen\" role=\"button\" rel=\"noopener nofollow\" class=\"shariff-link\" style=\"; background-color:#000; color:#fff\" target=\"_blank\"><span class=\"shariff-icon\" style=\"\"><svg width=\"32px\" height=\"20px\" xmlns=\"http:\/\/www.w3.org\/2000\/svg\" viewBox=\"0 0 24 24\"><path fill=\"#000\" d=\"M14.258 10.152L23.176 0h-2.113l-7.747 8.813L7.133 0H0l9.352 13.328L0 23.973h2.113l8.176-9.309 6.531 9.309h7.133zm-2.895 3.293l-.949-1.328L2.875 1.56h3.246l6.086 8.523.945 1.328 7.91 11.078h-3.246zm0 0\"\/><\/svg><\/span><span class=\"shariff-text\">teilen<\/span>&nbsp;<\/a><\/li><li class=\"shariff-button pinterest shariff-nocustomcolor\" style=\"background-color:#e70f18\"><a href=\"https:\/\/www.pinterest.com\/pin\/create\/link\/?url=https%3A%2F%2Fwww.backwinkel.de%2Fblog%2Forff-instrumente%2F&media=https%3A%2F%2Fwww.backwinkel.de%2Fblog%2Fwp-content%2Fuploads%2F2018%2F09%2Fbackwinkel-blog-orff-instrumente-heroimage.jpg&description=Wie%20klingt%20es%2C%20wenn%20der%20Nebel%20fl%C3%BCstert%3F\" title=\"Bei Pinterest pinnen\" aria-label=\"Bei Pinterest pinnen\" role=\"button\" rel=\"noopener nofollow\" class=\"shariff-link\" style=\"; background-color:#cb2027; color:#fff\" target=\"_blank\"><span class=\"shariff-icon\" style=\"\"><svg width=\"32px\" height=\"20px\" xmlns=\"http:\/\/www.w3.org\/2000\/svg\" viewBox=\"0 0 27 32\"><path fill=\"#cb2027\" d=\"M27.4 16q0 3.7-1.8 6.9t-5 5-6.9 1.9q-2 0-3.9-0.6 1.1-1.7 1.4-2.9 0.2-0.6 1-3.8 0.4 0.7 1.3 1.2t2 0.5q2.1 0 3.8-1.2t2.7-3.4 0.9-4.8q0-2-1.1-3.8t-3.1-2.9-4.5-1.2q-1.9 0-3.5 0.5t-2.8 1.4-2 2-1.2 2.3-0.4 2.4q0 1.9 0.7 3.3t2.1 2q0.5 0.2 0.7-0.4 0-0.1 0.1-0.5t0.2-0.5q0.1-0.4-0.2-0.8-0.9-1.1-0.9-2.7 0-2.7 1.9-4.6t4.9-2q2.7 0 4.2 1.5t1.5 3.8q0 3-1.2 5.2t-3.1 2.1q-1.1 0-1.7-0.8t-0.4-1.9q0.1-0.6 0.5-1.7t0.5-1.8 0.2-1.4q0-0.9-0.5-1.5t-1.4-0.6q-1.1 0-1.9 1t-0.8 2.6q0 1.3 0.4 2.2l-1.8 7.5q-0.3 1.2-0.2 3.2-3.7-1.6-6-5t-2.3-7.6q0-3.7 1.9-6.9t5-5 6.9-1.9 6.9 1.9 5 5 1.8 6.9z\"\/><\/svg><\/span><span class=\"shariff-text\">merken<\/span>&nbsp;<\/a><\/li><li class=\"shariff-button mailto shariff-nocustomcolor\" style=\"background-color:#a8a8a8\"><a href=\"mailto:?body=https%3A%2F%2Fwww.backwinkel.de%2Fblog%2Forff-instrumente%2F&subject=Wie%20klingt%20es%2C%20wenn%20der%20Nebel%20fl%C3%BCstert%3F\" title=\"Per E-Mail versenden\" aria-label=\"Per E-Mail versenden\" role=\"button\" rel=\"noopener nofollow\" class=\"shariff-link\" style=\"; background-color:#999; color:#fff\"><span class=\"shariff-icon\" style=\"\"><svg width=\"32px\" height=\"20px\" xmlns=\"http:\/\/www.w3.org\/2000\/svg\" viewBox=\"0 0 32 32\"><path fill=\"#999\" d=\"M32 12.7v14.2q0 1.2-0.8 2t-2 0.9h-26.3q-1.2 0-2-0.9t-0.8-2v-14.2q0.8 0.9 1.8 1.6 6.5 4.4 8.9 6.1 1 0.8 1.6 1.2t1.7 0.9 2 0.4h0.1q0.9 0 2-0.4t1.7-0.9 1.6-1.2q3-2.2 8.9-6.1 1-0.7 1.8-1.6zM32 7.4q0 1.4-0.9 2.7t-2.2 2.2q-6.7 4.7-8.4 5.8-0.2 0.1-0.7 0.5t-1 0.7-0.9 0.6-1.1 0.5-0.9 0.2h-0.1q-0.4 0-0.9-0.2t-1.1-0.5-0.9-0.6-1-0.7-0.7-0.5q-1.6-1.1-4.7-3.2t-3.6-2.6q-1.1-0.7-2.1-2t-1-2.5q0-1.4 0.7-2.3t2.1-0.9h26.3q1.2 0 2 0.8t0.9 2z\"\/><\/svg><\/span><span class=\"shariff-text\">E-Mail<\/span>&nbsp;<\/a><\/li><\/ul><\/div>\n<\/div><\/section><br \/>\n<div  class='tabcontainer av-jlq8shhr-b676e11701d9718d755b04dc68ac4c10 top_tab  avia-builder-el-65  el_after_av_textblock  el_before_av_hr '>\n<section class='av_tab_section av_tab_section av-3o2tmi-2476a1db42e32e437942086dcdf2ad15' ><div id='tab-id-1-tab' class='tab active_tab' role='tab' aria-selected=\"true\" tabindex=\"0\" data-fake-id='#tab-id-1' aria-controls='tab-id-1-content' >Das BACKWINKEL-Blog-Team:<\/div><div id='tab-id-1-content' class='tab_content active_tab_content' role='tabpanel' aria-labelledby='tab-id-1-tab' aria-hidden=\"false\"><div class='tab_inner_content invers-color' ><p><img decoding=\"async\" class=\"wp-image-1768 alignleft\" title=\"BACKWINKEL-Blog \u2013 Das Team\" src=\"https:\/\/blog.backwinkel.de\/wp-content\/uploads\/2018\/10\/backwinkel-blog-autorenbox-intern_preview-300x198.jpg\" alt=\"\" width=\"300\" height=\"198\" \/>Gibts auch ein Gesicht hinter dem BACKWINKEL-Blog? Ja. Vier ?. Drei davon sogar mit Foto.<\/p>\n<p><span style=\"font-style: inherit !important; font-weight: inherit !important;\">Wir \u2013 Lukas, Tatjana, Stefan und Christine \u2013 bespielen unseren Blog unter dem Motto LACHEN LESEN LERNEN. <\/span><\/p>\n<p><span style=\"font-style: inherit !important; font-weight: inherit !important;\">Lukas kennt sich online so gut aus wie in seiner Westentasche und findet immer spannende Themen, w\u00e4hrend Stefan unseren Beitr\u00e4gen den passenden gestalterischen Rahmen gibt und Tatjana mit dem gr\u00fcnen Korrekturstift alles pr\u00fcfend be\u00e4ugt, was unsere Autorin Christine (und gern auch Gastautoren) f\u00fcr den BACKWINKEL-Blog nach ordentlicher Recherche schreibt.<\/span><\/p>\n<p>Gemeinsam suchen wir st\u00e4ndig nach neuen, aufregenden Themen rund um das Thema Bildung im Kiga, der Schule und zu Hause. Und weil Sie da an der Quelle sitzen, freuen wir uns auf Ihre konstruktiven R\u00fcckmeldungen und Anregungen an <a href=\"mailto:blog@backwinkel.de\">blog@backwinkel.de<\/a><\/p>\n<p>Viel Spa\u00df beim LACHEN LESEN LERNEN!<\/p>\n<\/div><\/div><\/section>\n<\/div><br \/>\n\n<style type=\"text\/css\" data-created_by=\"avia_inline_auto\" id=\"style-css-av-jkuvdh82-b6ea5d9aca5d02d0d62bf300de93e492\">\n#top .hr.av-jkuvdh82-b6ea5d9aca5d02d0d62bf300de93e492{\nmargin-top:10px;\nmargin-bottom:10px;\n}\n.hr.av-jkuvdh82-b6ea5d9aca5d02d0d62bf300de93e492 .hr-inner{\nwidth:500;\n}\n<\/style>\n<div  class='hr av-jkuvdh82-b6ea5d9aca5d02d0d62bf300de93e492 hr-custom  avia-builder-el-66  el_after_av_tab_container  el_before_av_heading  hr-left hr-icon-no'><span class='hr-inner inner-border-av-border-thin'><span class=\"hr-inner-style\"><\/span><\/span><\/div><br \/>\n\n<style type=\"text\/css\" data-created_by=\"avia_inline_auto\" id=\"style-css-av-27gbgq-8f325c057de0aab1547e476ca9899d1b\">\n#top .av-special-heading.av-27gbgq-8f325c057de0aab1547e476ca9899d1b{\npadding-bottom:10px;\n}\nbody .av-special-heading.av-27gbgq-8f325c057de0aab1547e476ca9899d1b .av-special-heading-tag .heading-char{\nfont-size:25px;\n}\n.av-special-heading.av-27gbgq-8f325c057de0aab1547e476ca9899d1b .av-subheading{\nfont-size:15px;\n}\n<\/style>\n<div  class='av-special-heading av-27gbgq-8f325c057de0aab1547e476ca9899d1b av-special-heading-h3 blockquote modern-quote  avia-builder-el-67  el_after_av_hr  el_before_av_blog '><h3 class='av-special-heading-tag '  >PASSENDE BEITR\u00c4GE<\/h3><div class=\"special-heading-border\"><div class=\"special-heading-inner-border\"><\/div><\/div><\/div><br \/>\n<div  data-slideshow-options=\"{&quot;animation&quot;:&quot;fade&quot;,&quot;autoplay&quot;:false,&quot;loop_autoplay&quot;:&quot;once&quot;,&quot;interval&quot;:5,&quot;loop_manual&quot;:&quot;manual-endless&quot;,&quot;autoplay_stopper&quot;:false,&quot;noNavigation&quot;:false,&quot;show_slide_delay&quot;:90}\" class='avia-content-slider avia-content-grid-active avia-content-slider1 avia-content-slider-odd  avia-builder-el-68  el_after_av_heading  el_before_av_hr  av-slideshow-ui av-control-default   av-no-slider-navigation av-slideshow-manual av-loop-once av-loop-manual-endless ' ><div class=\"avia-content-slider-inner\"><div class=\"slide-entry-wrap\"><article class='slide-entry flex_column  post-entry post-entry-18633 slide-entry-overview slide-loop-1 slide-parity-odd  av_one_third first real-thumbnail posttype-post post-format-standard' ><a href='https:\/\/www.backwinkel.de\/blog\/plastik-recyceln\/' data-rel='slide-1' class='slide-image' title='Plastik recyceln'><img decoding=\"async\" fetchpriority=\"high\" width=\"1200\" height=\"628\" src=\"https:\/\/www.backwinkel.de\/blog\/wp-content\/uploads\/2026\/04\/04_Kiga_Plastik_nachhaltig_nutzen.jpg\" class=\"wp-image-18713 avia-img-lazy-loading-not-18713 attachment-no scaling size-no scaling wp-post-image\" alt=\"\" \/><\/a><div class=\"slide-content\"><header class=\"entry-content-header\" aria-label=\"Slide: Plastik recyceln\"><h3 class='slide-entry-title entry-title ' ><a href='https:\/\/www.backwinkel.de\/blog\/plastik-recyceln\/' title='Plastik recyceln'>Plastik recyceln<\/a><\/h3><span class=\"blog-categories minor-meta\"><a href=\"https:\/\/www.backwinkel.de\/blog\/category\/kindergarten-kita\/\" rel=\"tag\">Kindergarten<\/a> <\/span><span class=\"av-vertical-delimiter\"><\/span><\/header><div class='slide-entry-excerpt entry-content' >Biokunststoff f\u00fcr St\u00fchle, Materialboxen, Spielzeug und Rucks\u00e4cke<\/div><\/div><footer class=\"entry-footer\"><div class=\"slide-meta\"><time class='slide-meta-time updated' >14. April 2026<\/time><\/div><\/footer><\/article><article class='slide-entry flex_column  post-entry post-entry-18716 slide-entry-overview slide-loop-2 slide-parity-even  av_one_third  real-thumbnail posttype-post post-format-standard' ><a href='https:\/\/www.backwinkel.de\/blog\/rechnen-im-anfangsunterricht\/' data-rel='slide-1' class='slide-image' title='Rechnen im Anfangsunterricht'><img decoding=\"async\" fetchpriority=\"high\" width=\"1200\" height=\"628\" src=\"https:\/\/www.backwinkel.de\/blog\/wp-content\/uploads\/2026\/04\/04_Schule_Rechnen_anfangsunterricht.jpg\" class=\"wp-image-18748 avia-img-lazy-loading-not-18748 attachment-no scaling size-no scaling wp-post-image\" alt=\"\" \/><\/a><div class=\"slide-content\"><header class=\"entry-content-header\" aria-label=\"Slide: Rechnen im Anfangsunterricht\"><h3 class='slide-entry-title entry-title ' ><a href='https:\/\/www.backwinkel.de\/blog\/rechnen-im-anfangsunterricht\/' title='Rechnen im Anfangsunterricht'>Rechnen im Anfangsunterricht<\/a><\/h3><span class=\"blog-categories minor-meta\"><a href=\"https:\/\/www.backwinkel.de\/blog\/category\/schule-grundschule\/\" rel=\"tag\">Schule<\/a> <\/span><span class=\"av-vertical-delimiter\"><\/span><\/header><div class='slide-entry-excerpt entry-content' >Das Klassenzimmer als Lernlandschaft<\/div><\/div><footer class=\"entry-footer\"><div class=\"slide-meta\"><time class='slide-meta-time updated' >14. April 2026<\/time><\/div><\/footer><\/article><article class='slide-entry flex_column  post-entry post-entry-18372 slide-entry-overview slide-loop-3 slide-parity-odd  post-entry-last  av_one_third  real-thumbnail posttype-post post-format-standard' ><a href='https:\/\/www.backwinkel.de\/blog\/kranke-kinder-im-kindergarten\/' data-rel='slide-1' class='slide-image' title='Kranke Kinder im Kindergarten'><img decoding=\"async\" fetchpriority=\"high\" width=\"1200\" height=\"628\" src=\"https:\/\/www.backwinkel.de\/blog\/wp-content\/uploads\/2026\/03\/03_Kiga_Kranke_Kinder.jpg\" class=\"wp-image-18451 avia-img-lazy-loading-not-18451 attachment-no scaling size-no scaling wp-post-image\" alt=\"Thema: Kranke Kinder. Auf dem Bild ist ein krankes kleines M\u00e4dchen zu sehen. Eine Frau mit einem Fieberthermometer in der Hand sitzt neben ihr und hat die Hand auf der Stirn des M\u00e4dchens.\" \/><\/a><div class=\"slide-content\"><header class=\"entry-content-header\" aria-label=\"Slide: Kranke Kinder im Kindergarten\"><h3 class='slide-entry-title entry-title ' ><a href='https:\/\/www.backwinkel.de\/blog\/kranke-kinder-im-kindergarten\/' title='Kranke Kinder im Kindergarten'>Kranke Kinder im Kindergarten<\/a><\/h3><span class=\"blog-categories minor-meta\"><a href=\"https:\/\/www.backwinkel.de\/blog\/category\/kindergarten-kita\/\" rel=\"tag\">Kindergarten<\/a> <\/span><span class=\"av-vertical-delimiter\"><\/span><\/header><div class='slide-entry-excerpt entry-content' >Auswirkungen f\u00fcr Kinder, Eltern und Fachkr\u00e4fte<\/div><\/div><footer class=\"entry-footer\"><div class=\"slide-meta\"><time class='slide-meta-time updated' >9. M\u00e4rz 2026<\/time><\/div><\/footer><\/article><\/div><\/div><\/div><br \/>\n\n<style type=\"text\/css\" data-created_by=\"avia_inline_auto\" id=\"style-css-av-jkuvdh82-1-2af216c61a14dcba4402ea095ced6dc4\">\n#top .hr.hr-invisible.av-jkuvdh82-1-2af216c61a14dcba4402ea095ced6dc4{\nheight:20px;\n}\n<\/style>\n<div  class='hr av-jkuvdh82-1-2af216c61a14dcba4402ea095ced6dc4 hr-invisible  avia-builder-el-69  el_after_av_blog  avia-builder-el-last '><span class='hr-inner '><span class=\"hr-inner-style\"><\/span><\/span><\/div><\/p><\/div>\n","protected":false},"excerpt":{"rendered":"<p>Orff-Instrumente und ihr Einsatz (nicht nur) zur musikalischen Fr\u00fcherziehung<\/p>\n","protected":false},"author":3,"featured_media":1217,"comment_status":"closed","ping_status":"closed","sticky":false,"template":"","format":"standard","meta":{"inline_featured_image":false,"footnotes":""},"categories":[5],"tags":[],"class_list":["post-1018","post","type-post","status-publish","format-standard","has-post-thumbnail","hentry","category-kindergarten-kita"],"yoast_head":"<!-- This site is optimized with the Yoast SEO plugin v27.4 - https:\/\/yoast.com\/product\/yoast-seo-wordpress\/ -->\n<title>Orff-Instrumente: Alles Wissenswerte inkl. Liste mit Bildern | BACKWINKEL-Blog<\/title>\n<meta name=\"description\" content=\"Was sind Orff-Instrumente und wie verwende ich sie zur musikalischen Fr\u00fcherziehung? Lesen Sie jetzt alles Wissenswerte \u00fcber das Orff-Instrumentarium \u2713\" \/>\n<meta name=\"robots\" content=\"index, follow, max-snippet:-1, max-image-preview:large, max-video-preview:-1\" \/>\n<link rel=\"canonical\" href=\"https:\/\/www.backwinkel.de\/blog\/orff-instrumente\/\" \/>\n<meta property=\"og:locale\" content=\"de_DE\" \/>\n<meta property=\"og:type\" content=\"article\" \/>\n<meta property=\"og:title\" content=\"Wie klingt es, wenn der Nebel fl\u00fcstert? Orff-Instrumente in der musikalischen Fr\u00fcherziehung | BACKWINKEL-Blog\" \/>\n<meta property=\"og:description\" content=\"Was sind Orff-Instrumente und wie verwende ich sie zur musikalischen Fr\u00fcherziehung? Lesen Sie jetzt alles Wissenswerte \u00fcber das Orff-Instrumentarium \u2713\" \/>\n<meta property=\"og:url\" content=\"https:\/\/www.backwinkel.de\/blog\/orff-instrumente\/\" \/>\n<meta property=\"og:site_name\" content=\"BACKWINKEL Blog\" \/>\n<meta property=\"article:published_time\" content=\"2018-11-05T08:03:03+00:00\" \/>\n<meta property=\"article:modified_time\" content=\"2026-04-22T06:33:13+00:00\" \/>\n<meta property=\"og:image\" content=\"https:\/\/www.backwinkel.de\/blog\/wp-content\/uploads\/2018\/09\/backwinkel-blog-orff-instrumente-heroimage.jpg\" \/>\n\t<meta property=\"og:image:width\" content=\"1200\" \/>\n\t<meta property=\"og:image:height\" content=\"628\" \/>\n\t<meta property=\"og:image:type\" content=\"image\/jpeg\" \/>\n<meta name=\"author\" content=\"BACKWINKEL\" \/>\n<meta name=\"twitter:card\" content=\"summary_large_image\" \/>\n<meta name=\"twitter:label1\" content=\"Verfasst von\" \/>\n\t<meta name=\"twitter:data1\" content=\"BACKWINKEL\" \/>\n\t<meta name=\"twitter:label2\" content=\"Gesch\u00e4tzte Lesezeit\" \/>\n\t<meta name=\"twitter:data2\" content=\"22\u00a0Minuten\" \/>\n<script type=\"application\/ld+json\" class=\"yoast-schema-graph\">{\"@context\":\"https:\\\/\\\/schema.org\",\"@graph\":[{\"@type\":\"Article\",\"@id\":\"https:\\\/\\\/www.backwinkel.de\\\/blog\\\/orff-instrumente\\\/#article\",\"isPartOf\":{\"@id\":\"https:\\\/\\\/www.backwinkel.de\\\/blog\\\/orff-instrumente\\\/\"},\"author\":{\"name\":\"BACKWINKEL\",\"@id\":\"https:\\\/\\\/www.backwinkel.de\\\/blog\\\/#\\\/schema\\\/person\\\/3d64575316540d25f7866264a4b7cd24\"},\"headline\":\"Wie klingt es, wenn der Nebel fl\u00fcstert?\",\"datePublished\":\"2018-11-05T08:03:03+00:00\",\"dateModified\":\"2026-04-22T06:33:13+00:00\",\"mainEntityOfPage\":{\"@id\":\"https:\\\/\\\/www.backwinkel.de\\\/blog\\\/orff-instrumente\\\/\"},\"wordCount\":7601,\"image\":{\"@id\":\"https:\\\/\\\/www.backwinkel.de\\\/blog\\\/orff-instrumente\\\/#primaryimage\"},\"thumbnailUrl\":\"https:\\\/\\\/www.backwinkel.de\\\/blog\\\/wp-content\\\/uploads\\\/2018\\\/09\\\/backwinkel-blog-orff-instrumente-heroimage.jpg\",\"articleSection\":[\"Kindergarten\"],\"inLanguage\":\"de\"},{\"@type\":\"WebPage\",\"@id\":\"https:\\\/\\\/www.backwinkel.de\\\/blog\\\/orff-instrumente\\\/\",\"url\":\"https:\\\/\\\/www.backwinkel.de\\\/blog\\\/orff-instrumente\\\/\",\"name\":\"Orff-Instrumente: Alles Wissenswerte inkl. Liste mit Bildern | BACKWINKEL-Blog\",\"isPartOf\":{\"@id\":\"https:\\\/\\\/www.backwinkel.de\\\/blog\\\/#website\"},\"primaryImageOfPage\":{\"@id\":\"https:\\\/\\\/www.backwinkel.de\\\/blog\\\/orff-instrumente\\\/#primaryimage\"},\"image\":{\"@id\":\"https:\\\/\\\/www.backwinkel.de\\\/blog\\\/orff-instrumente\\\/#primaryimage\"},\"thumbnailUrl\":\"https:\\\/\\\/www.backwinkel.de\\\/blog\\\/wp-content\\\/uploads\\\/2018\\\/09\\\/backwinkel-blog-orff-instrumente-heroimage.jpg\",\"datePublished\":\"2018-11-05T08:03:03+00:00\",\"dateModified\":\"2026-04-22T06:33:13+00:00\",\"author\":{\"@id\":\"https:\\\/\\\/www.backwinkel.de\\\/blog\\\/#\\\/schema\\\/person\\\/3d64575316540d25f7866264a4b7cd24\"},\"description\":\"Was sind Orff-Instrumente und wie verwende ich sie zur musikalischen Fr\u00fcherziehung? Lesen Sie jetzt alles Wissenswerte \u00fcber das Orff-Instrumentarium \u2713\",\"breadcrumb\":{\"@id\":\"https:\\\/\\\/www.backwinkel.de\\\/blog\\\/orff-instrumente\\\/#breadcrumb\"},\"inLanguage\":\"de\",\"potentialAction\":[{\"@type\":\"ReadAction\",\"target\":[\"https:\\\/\\\/www.backwinkel.de\\\/blog\\\/orff-instrumente\\\/\"]}]},{\"@type\":\"ImageObject\",\"inLanguage\":\"de\",\"@id\":\"https:\\\/\\\/www.backwinkel.de\\\/blog\\\/orff-instrumente\\\/#primaryimage\",\"url\":\"https:\\\/\\\/www.backwinkel.de\\\/blog\\\/wp-content\\\/uploads\\\/2018\\\/09\\\/backwinkel-blog-orff-instrumente-heroimage.jpg\",\"contentUrl\":\"https:\\\/\\\/www.backwinkel.de\\\/blog\\\/wp-content\\\/uploads\\\/2018\\\/09\\\/backwinkel-blog-orff-instrumente-heroimage.jpg\",\"width\":1200,\"height\":628,\"caption\":\"Blogartikel \u2013 Orff-Instrumente\"},{\"@type\":\"BreadcrumbList\",\"@id\":\"https:\\\/\\\/www.backwinkel.de\\\/blog\\\/orff-instrumente\\\/#breadcrumb\",\"itemListElement\":[{\"@type\":\"ListItem\",\"position\":1,\"name\":\"Startseite\",\"item\":\"https:\\\/\\\/blog.backwinkel.de\\\/aktuelles\\\/\"},{\"@type\":\"ListItem\",\"position\":2,\"name\":\"Wie klingt es, wenn der Nebel fl\u00fcstert?\"}]},{\"@type\":\"WebSite\",\"@id\":\"https:\\\/\\\/www.backwinkel.de\\\/blog\\\/#website\",\"url\":\"https:\\\/\\\/www.backwinkel.de\\\/blog\\\/\",\"name\":\"BACKWINKEL Blog\",\"description\":\"f\u00fcr Lehrer, Erzieher und Eltern\",\"potentialAction\":[{\"@type\":\"SearchAction\",\"target\":{\"@type\":\"EntryPoint\",\"urlTemplate\":\"https:\\\/\\\/www.backwinkel.de\\\/blog\\\/?s={search_term_string}\"},\"query-input\":{\"@type\":\"PropertyValueSpecification\",\"valueRequired\":true,\"valueName\":\"search_term_string\"}}],\"inLanguage\":\"de\"},{\"@type\":\"Person\",\"@id\":\"https:\\\/\\\/www.backwinkel.de\\\/blog\\\/#\\\/schema\\\/person\\\/3d64575316540d25f7866264a4b7cd24\",\"name\":\"BACKWINKEL\",\"sameAs\":[\"http:\\\/\\\/www.backwinkel.de\"],\"url\":\"https:\\\/\\\/www.backwinkel.de\\\/blog\\\/author\\\/backwinkel\\\/\"}]}<\/script>\n<!-- \/ Yoast SEO plugin. -->","yoast_head_json":{"title":"Orff-Instrumente: Alles Wissenswerte inkl. Liste mit Bildern | BACKWINKEL-Blog","description":"Was sind Orff-Instrumente und wie verwende ich sie zur musikalischen Fr\u00fcherziehung? Lesen Sie jetzt alles Wissenswerte \u00fcber das Orff-Instrumentarium \u2713","robots":{"index":"index","follow":"follow","max-snippet":"max-snippet:-1","max-image-preview":"max-image-preview:large","max-video-preview":"max-video-preview:-1"},"canonical":"https:\/\/www.backwinkel.de\/blog\/orff-instrumente\/","og_locale":"de_DE","og_type":"article","og_title":"Wie klingt es, wenn der Nebel fl\u00fcstert? Orff-Instrumente in der musikalischen Fr\u00fcherziehung | BACKWINKEL-Blog","og_description":"Was sind Orff-Instrumente und wie verwende ich sie zur musikalischen Fr\u00fcherziehung? Lesen Sie jetzt alles Wissenswerte \u00fcber das Orff-Instrumentarium \u2713","og_url":"https:\/\/www.backwinkel.de\/blog\/orff-instrumente\/","og_site_name":"BACKWINKEL Blog","article_published_time":"2018-11-05T08:03:03+00:00","article_modified_time":"2026-04-22T06:33:13+00:00","og_image":[{"width":1200,"height":628,"url":"https:\/\/www.backwinkel.de\/blog\/wp-content\/uploads\/2018\/09\/backwinkel-blog-orff-instrumente-heroimage.jpg","type":"image\/jpeg"}],"author":"BACKWINKEL","twitter_card":"summary_large_image","twitter_misc":{"Verfasst von":"BACKWINKEL","Gesch\u00e4tzte Lesezeit":"22\u00a0Minuten"},"schema":{"@context":"https:\/\/schema.org","@graph":[{"@type":"Article","@id":"https:\/\/www.backwinkel.de\/blog\/orff-instrumente\/#article","isPartOf":{"@id":"https:\/\/www.backwinkel.de\/blog\/orff-instrumente\/"},"author":{"name":"BACKWINKEL","@id":"https:\/\/www.backwinkel.de\/blog\/#\/schema\/person\/3d64575316540d25f7866264a4b7cd24"},"headline":"Wie klingt es, wenn der Nebel fl\u00fcstert?","datePublished":"2018-11-05T08:03:03+00:00","dateModified":"2026-04-22T06:33:13+00:00","mainEntityOfPage":{"@id":"https:\/\/www.backwinkel.de\/blog\/orff-instrumente\/"},"wordCount":7601,"image":{"@id":"https:\/\/www.backwinkel.de\/blog\/orff-instrumente\/#primaryimage"},"thumbnailUrl":"https:\/\/www.backwinkel.de\/blog\/wp-content\/uploads\/2018\/09\/backwinkel-blog-orff-instrumente-heroimage.jpg","articleSection":["Kindergarten"],"inLanguage":"de"},{"@type":"WebPage","@id":"https:\/\/www.backwinkel.de\/blog\/orff-instrumente\/","url":"https:\/\/www.backwinkel.de\/blog\/orff-instrumente\/","name":"Orff-Instrumente: Alles Wissenswerte inkl. Liste mit Bildern | BACKWINKEL-Blog","isPartOf":{"@id":"https:\/\/www.backwinkel.de\/blog\/#website"},"primaryImageOfPage":{"@id":"https:\/\/www.backwinkel.de\/blog\/orff-instrumente\/#primaryimage"},"image":{"@id":"https:\/\/www.backwinkel.de\/blog\/orff-instrumente\/#primaryimage"},"thumbnailUrl":"https:\/\/www.backwinkel.de\/blog\/wp-content\/uploads\/2018\/09\/backwinkel-blog-orff-instrumente-heroimage.jpg","datePublished":"2018-11-05T08:03:03+00:00","dateModified":"2026-04-22T06:33:13+00:00","author":{"@id":"https:\/\/www.backwinkel.de\/blog\/#\/schema\/person\/3d64575316540d25f7866264a4b7cd24"},"description":"Was sind Orff-Instrumente und wie verwende ich sie zur musikalischen Fr\u00fcherziehung? Lesen Sie jetzt alles Wissenswerte \u00fcber das Orff-Instrumentarium \u2713","breadcrumb":{"@id":"https:\/\/www.backwinkel.de\/blog\/orff-instrumente\/#breadcrumb"},"inLanguage":"de","potentialAction":[{"@type":"ReadAction","target":["https:\/\/www.backwinkel.de\/blog\/orff-instrumente\/"]}]},{"@type":"ImageObject","inLanguage":"de","@id":"https:\/\/www.backwinkel.de\/blog\/orff-instrumente\/#primaryimage","url":"https:\/\/www.backwinkel.de\/blog\/wp-content\/uploads\/2018\/09\/backwinkel-blog-orff-instrumente-heroimage.jpg","contentUrl":"https:\/\/www.backwinkel.de\/blog\/wp-content\/uploads\/2018\/09\/backwinkel-blog-orff-instrumente-heroimage.jpg","width":1200,"height":628,"caption":"Blogartikel \u2013 Orff-Instrumente"},{"@type":"BreadcrumbList","@id":"https:\/\/www.backwinkel.de\/blog\/orff-instrumente\/#breadcrumb","itemListElement":[{"@type":"ListItem","position":1,"name":"Startseite","item":"https:\/\/blog.backwinkel.de\/aktuelles\/"},{"@type":"ListItem","position":2,"name":"Wie klingt es, wenn der Nebel fl\u00fcstert?"}]},{"@type":"WebSite","@id":"https:\/\/www.backwinkel.de\/blog\/#website","url":"https:\/\/www.backwinkel.de\/blog\/","name":"BACKWINKEL Blog","description":"f\u00fcr Lehrer, Erzieher und Eltern","potentialAction":[{"@type":"SearchAction","target":{"@type":"EntryPoint","urlTemplate":"https:\/\/www.backwinkel.de\/blog\/?s={search_term_string}"},"query-input":{"@type":"PropertyValueSpecification","valueRequired":true,"valueName":"search_term_string"}}],"inLanguage":"de"},{"@type":"Person","@id":"https:\/\/www.backwinkel.de\/blog\/#\/schema\/person\/3d64575316540d25f7866264a4b7cd24","name":"BACKWINKEL","sameAs":["http:\/\/www.backwinkel.de"],"url":"https:\/\/www.backwinkel.de\/blog\/author\/backwinkel\/"}]}},"_links":{"self":[{"href":"https:\/\/www.backwinkel.de\/blog\/wp-json\/wp\/v2\/posts\/1018","targetHints":{"allow":["GET"]}}],"collection":[{"href":"https:\/\/www.backwinkel.de\/blog\/wp-json\/wp\/v2\/posts"}],"about":[{"href":"https:\/\/www.backwinkel.de\/blog\/wp-json\/wp\/v2\/types\/post"}],"author":[{"embeddable":true,"href":"https:\/\/www.backwinkel.de\/blog\/wp-json\/wp\/v2\/users\/3"}],"replies":[{"embeddable":true,"href":"https:\/\/www.backwinkel.de\/blog\/wp-json\/wp\/v2\/comments?post=1018"}],"version-history":[{"count":4,"href":"https:\/\/www.backwinkel.de\/blog\/wp-json\/wp\/v2\/posts\/1018\/revisions"}],"predecessor-version":[{"id":18829,"href":"https:\/\/www.backwinkel.de\/blog\/wp-json\/wp\/v2\/posts\/1018\/revisions\/18829"}],"wp:featuredmedia":[{"embeddable":true,"href":"https:\/\/www.backwinkel.de\/blog\/wp-json\/wp\/v2\/media\/1217"}],"wp:attachment":[{"href":"https:\/\/www.backwinkel.de\/blog\/wp-json\/wp\/v2\/media?parent=1018"}],"wp:term":[{"taxonomy":"category","embeddable":true,"href":"https:\/\/www.backwinkel.de\/blog\/wp-json\/wp\/v2\/categories?post=1018"},{"taxonomy":"post_tag","embeddable":true,"href":"https:\/\/www.backwinkel.de\/blog\/wp-json\/wp\/v2\/tags?post=1018"}],"curies":[{"name":"wp","href":"https:\/\/api.w.org\/{rel}","templated":true}]}}