{"id":10087,"date":"2022-12-12T09:20:42","date_gmt":"2022-12-12T08:20:42","guid":{"rendered":"https:\/\/www.backwinkel.de\/blog\/?p=10087"},"modified":"2026-04-24T09:45:13","modified_gmt":"2026-04-24T07:45:13","slug":"dyskalkulie","status":"publish","type":"post","link":"https:\/\/www.backwinkel.de\/blog\/dyskalkulie\/","title":{"rendered":"Dyskalkulie verstehen"},"content":{"rendered":"\n<style type=\"text\/css\" data-created_by=\"avia_inline_auto\" id=\"style-css-av-1o9i20c-585c90b249b7391778c0ca595b8a52c2\">\n.flex_column.av-1o9i20c-585c90b249b7391778c0ca595b8a52c2{\nborder-radius:0px 0px 0px 0px;\npadding:0px 0px 0px 0px;\n}\n<\/style>\n<div  class='flex_column av-1o9i20c-585c90b249b7391778c0ca595b8a52c2 av_one_full  avia-builder-el-0  el_before_av_three_fifth  avia-builder-el-first  first flex_column_div av-zero-column-padding  '     ><p>\n<style type=\"text\/css\" data-created_by=\"avia_inline_auto\" id=\"style-css-av-1mbf4e4-1609d55f243e97c311d4e4755c4441f8\">\n#top .hr.hr-invisible.av-1mbf4e4-1609d55f243e97c311d4e4755c4441f8{\nmargin-top:0px;\nheight:1px;\n}\n<\/style>\n<div  class='hr av-1mbf4e4-1609d55f243e97c311d4e4755c4441f8 hr-invisible  avia-builder-el-1  el_before_av_heading  avia-builder-el-first '><span class='hr-inner '><span class=\"hr-inner-style\"><\/span><\/span><\/div><br \/>\n\n<style type=\"text\/css\" data-created_by=\"avia_inline_auto\" id=\"style-css-av-l7efmkmv-5d29c02734f2a5f51f8d3fc52d29d484\">\n#top .av-special-heading.av-l7efmkmv-5d29c02734f2a5f51f8d3fc52d29d484{\npadding-bottom:10px;\n}\nbody .av-special-heading.av-l7efmkmv-5d29c02734f2a5f51f8d3fc52d29d484 .av-special-heading-tag .heading-char{\nfont-size:25px;\n}\n.av-special-heading.av-l7efmkmv-5d29c02734f2a5f51f8d3fc52d29d484 .av-subheading{\nfont-size:15px;\n}\n<\/style>\n<div  class='av-special-heading av-l7efmkmv-5d29c02734f2a5f51f8d3fc52d29d484 av-special-heading-h1 blockquote modern-quote  avia-builder-el-2  el_after_av_hr  el_before_av_post_metadata  av-linked-heading'><h1 class='av-special-heading-tag '  >Dyskalkulie verstehen, erkennen und vorbeugen<\/h1><div class='av-subheading av-subheading_below'><p class=\"autorenname\">Elisa Morel<\/p>\n<\/div><div class=\"special-heading-border\"><div class=\"special-heading-inner-border\"><\/div><\/div><\/div><br \/>\n\n<style type=\"text\/css\" data-created_by=\"avia_inline_auto\" id=\"style-css-av-1ne43fr-283ca6639906566882978e33b36a7c94\">\n#top .av-post-metadata-container.av-1ne43fr-283ca6639906566882978e33b36a7c94{\nfont-size:12px;\n}\n#top .av-post-metadata-container.av-1ne43fr-283ca6639906566882978e33b36a7c94 .av-post-metadata-container-inner{\nfont-size:12px;\n}\n<\/style>\n<div  class='av-post-metadata-container av-1ne43fr-283ca6639906566882978e33b36a7c94 av-metadata-container-align-left  avia-builder-el-3  el_after_av_heading  el_before_av_textblock  av-metadata-container-1'><div class='av-post-metadata-container-inner'><span class=\"av-post-metadata-content av-post-metadata-meta-content\"><span class=\"av-post-metadata-content av-post-metadata-modified\"><span class=\"av-metadata-before av-metadata-before-modified\">Aktualisiert:<\/span><span class=\"av-post-metadata-modified-date\" >24. April 2026<\/span><\/span><span class=\"av-post-metadata-content av-post-metadata-separator\">\/<\/span><span class=\"av-post-metadata-content av-post-metadata-modified\"><span class=\"av-metadata-before av-metadata-before-modified\">Zuletzt aktualisiert:<\/span><span class=\"av-post-metadata-modified-date\" >24. April 2026<\/span><\/span><\/span><\/div><\/div><br \/>\n\n<style type=\"text\/css\" data-created_by=\"avia_inline_auto\" id=\"style-css-av-1l3ru18-0dadb53ecfebf4816fc34409ea8ceffb\">\n#top .av_textblock_section.av-1l3ru18-0dadb53ecfebf4816fc34409ea8ceffb .avia_textblock{\nfont-size:20px;\n}\n<\/style>\n<section  class='av_textblock_section av-1l3ru18-0dadb53ecfebf4816fc34409ea8ceffb '  ><div class='avia_textblock' ><p>Etwa 5 \u2013 7 % der Menschen haben eine Rechenschw\u00e4che und somit Probleme, ein Zahlenverst\u00e4ndnis zu entwickeln und die Grundrechenarten zu erlernen. Das ist f\u00fcr die meisten Betroffenen im besten Fall frustrierend, zumal Dyskalkulie nicht immer (an)erkannt wird und die Kinder oft auch wenig Unterst\u00fctzung erfahren.<\/p>\n<\/div><\/section><br \/>\n\n<style type=\"text\/css\" data-created_by=\"avia_inline_auto\" id=\"style-css-av-1jqb53g-4e46126971c62288fd6967ef072ae5e9\">\n.avia-image-container.av-1jqb53g-4e46126971c62288fd6967ef072ae5e9 img.avia_image{\nbox-shadow:none;\n}\n.avia-image-container.av-1jqb53g-4e46126971c62288fd6967ef072ae5e9 .av-image-caption-overlay-center{\ncolor:#ffffff;\n}\n<\/style>\n<div  class='avia-image-container av-1jqb53g-4e46126971c62288fd6967ef072ae5e9 av-styling- avia-align-center  avia-builder-el-5  el_after_av_textblock  el_before_av_hr '  ><div class=\"avia-image-container-inner\"><div class=\"avia-image-overlay-wrap\"><img decoding=\"async\" fetchpriority=\"high\" class='wp-image-10102 avia-img-lazy-loading-not-10102 avia_image ' src=\"https:\/\/www.backwinkel.de\/blog\/wp-content\/uploads\/2022\/12\/backwinkel-blog-dyskalkulie-kiga-anteasern.jpg\" alt='' title='backwinkel-blog-dyskalkulie-kiga-anteasern'  height=\"628\" width=\"1200\"  \/><\/div><\/div><\/div><br \/>\n\n<style type=\"text\/css\" data-created_by=\"avia_inline_auto\" id=\"style-css-av-1ihdk2k-490466749631930779e0c398aab49f79\">\n#top .hr.hr-invisible.av-1ihdk2k-490466749631930779e0c398aab49f79{\nheight:5px;\n}\n<\/style>\n<div  class='hr av-1ihdk2k-490466749631930779e0c398aab49f79 hr-invisible  avia-builder-el-6  el_after_av_image  el_before_av_textblock '><span class='hr-inner '><span class=\"hr-inner-style\"><\/span><\/span><\/div><br \/>\n\n<style type=\"text\/css\" data-created_by=\"avia_inline_auto\" id=\"style-css-av-1fib6cs-87ec69bd78831b0f0ceb309ad33d05ac\">\n#top .av_textblock_section.av-1fib6cs-87ec69bd78831b0f0ceb309ad33d05ac .avia_textblock{\nfont-size:10px;\n}\n<\/style>\n<section  class='av_textblock_section av-1fib6cs-87ec69bd78831b0f0ceb309ad33d05ac '  ><div class='avia_textblock' ><p class=\"bildnennung-beitrag\" style=\"text-align: left;\">\u00a9 thingamajiggs<\/p>\n<\/div><\/section><br \/>\n\n<style type=\"text\/css\" data-created_by=\"avia_inline_auto\" id=\"style-css-av-1ec344s-876a649f5243c9280738f668f0aa8d8e\">\n#top .hr.hr-invisible.av-1ec344s-876a649f5243c9280738f668f0aa8d8e{\nheight:20px;\n}\n<\/style>\n<div  class='hr av-1ec344s-876a649f5243c9280738f668f0aa8d8e hr-invisible  avia-builder-el-8  el_after_av_textblock  el_before_av_textblock '><span class='hr-inner '><span class=\"hr-inner-style\"><\/span><\/span><\/div><br \/>\n\n<style type=\"text\/css\" data-created_by=\"avia_inline_auto\" id=\"style-css-av-1czjn6k-9311edaa0fceef39c54d9ae47a5cf5d1\">\n#top .av_textblock_section.av-1czjn6k-9311edaa0fceef39c54d9ae47a5cf5d1 .avia_textblock{\nfont-size:20px;\n}\n<\/style>\n<section  class='av_textblock_section av-1czjn6k-9311edaa0fceef39c54d9ae47a5cf5d1 '  ><div class='avia_textblock' ><p>In diesem Beitrag erfahren Sie, woran Sie Dyskalkulie erkennen, wie Sie spielerisch Rechenschwierigkeiten vorbeugen und wie Kinder mit dieser Rechenschw\u00e4che die Welt wahrnehmen.<\/p>\n<\/div><\/section><\/p><\/div>\n<style type=\"text\/css\" data-created_by=\"avia_inline_auto\" id=\"style-css-av-1buht0s-f8ce17d1f3484a85efdf5f8e34e84ab3\">\n.flex_column.av-1buht0s-f8ce17d1f3484a85efdf5f8e34e84ab3{\nborder-radius:0px 0px 0px 0px;\npadding:20px 20px 20px 20px;\nbackground-color:#f2f2f2;\n}\n<\/style>\n<div  class='flex_column av-1buht0s-f8ce17d1f3484a85efdf5f8e34e84ab3 av_three_fifth  avia-builder-el-10  el_after_av_one_full  el_before_av_two_fifth  first flex_column_div  column-top-margin'     ><style type=\"text\/css\" data-created_by=\"avia_inline_auto\" id=\"style-css-av-18u84nw-5f4c70c63f3050c99826abec1113b254\">\n#top .av_textblock_section.av-18u84nw-5f4c70c63f3050c99826abec1113b254 .avia_textblock{\nfont-size:14px;\n}\n<\/style>\n<section  class='av_textblock_section av-18u84nw-5f4c70c63f3050c99826abec1113b254 '  ><div class='avia_textblock' ><p><strong>Inhalt<\/strong><\/p>\n<p><strong><a href=\"#1\">1. Was bedeutet Dyskalkulie?<\/a><br \/>\n<\/strong>1.1. Merkmale von Dyskalkulie<br \/>\n1.2. Beispiele f\u00fcr Rechenschwierigkeiten bei Dyskalkulie<br \/>\n1.3. Dyskalkulie im Alltag<\/p>\n<p><strong><a href=\"#2\">2. Was tun bei Verdacht auf Dyskalkulie?<\/a><br \/>\n<\/strong>2.1. Hilfreiche \u00dcbungen bei Rechenschw\u00e4che<br \/>\n2.2. Praktische Hilfsmittel bei Dyskalkulie<\/p>\n<\/div><\/section><\/div><\/p>\n\n<style type=\"text\/css\" data-created_by=\"avia_inline_auto\" id=\"style-css-av-179bqdo-cb7f1c2bcdaac94125f51a0fc4936596\">\n.flex_column.av-179bqdo-cb7f1c2bcdaac94125f51a0fc4936596{\nborder-radius:0px 0px 0px 0px;\npadding:0 0 0 0;\n}\n<\/style>\n<div  class='flex_column av-179bqdo-cb7f1c2bcdaac94125f51a0fc4936596 av_two_fifth  avia-builder-el-12  el_after_av_three_fifth  el_before_av_sidebar  flex_column_div av-zero-column-padding  column-top-margin'     ><\/div>\n<div  class='avia-builder-widget-area clearfix  avia-builder-el-13  el_after_av_two_fifth  el_before_av_one_full '><div id=\"text-35\" class=\"widget clearfix widget_text\">\t\t\t<div class=\"textwidget\"><\/div>\n\t\t<\/div><\/div>\n\n<style type=\"text\/css\" data-created_by=\"avia_inline_auto\" id=\"style-css-av-4482e4-638c615ad0f31126baef29eeb1a51433\">\n.flex_column.av-4482e4-638c615ad0f31126baef29eeb1a51433{\nborder-radius:0px 0px 0px 0px;\npadding:0px 0px 0px 0px;\n}\n<\/style>\n<div  class='flex_column av-4482e4-638c615ad0f31126baef29eeb1a51433 av_one_full  avia-builder-el-14  el_after_av_sidebar  el_before_av_one_full  first flex_column_div av-zero-column-padding  '     ><section  class='av_textblock_section av-129m1fg-b72a93bde8aadaf020ee7e3d669f715c '  ><div class='avia_textblock' >\n<style type=\"text\/css\" data-created_by=\"avia_inline_auto\" id=\"style-css-av-10xapos-d91bdd239a050d64924ed4ceb8df7e45\">\n#top .hr.hr-invisible.av-10xapos-d91bdd239a050d64924ed4ceb8df7e45{\nheight:20px;\n}\n<\/style>\n<div  class='hr av-10xapos-d91bdd239a050d64924ed4ceb8df7e45 hr-invisible  avia-builder-el-16  avia-builder-el-no-sibling '><span class='hr-inner '><span class=\"hr-inner-style\"><\/span><\/span><\/div>\n<h2 id=\"1\" class=\"position\"><strong>Was bedeutet Dyskalkulie? <\/strong><\/h2>\n<p>In der Schule ist Mathe Pflichtfach und Rechnen k\u00f6nnen muss man. Aber was, wenn man nicht kann? Niemand w\u00fcrde von einem Kind im Rollstuhl verlangen, dass es laufen k\u00f6nnen muss, nur weil die meisten das eben tun. Wie immer sind kognitive oder psychische Auff\u00e4lligkeiten erstaunlich unsichtbar f\u00fcr das Gegen\u00fcber, auch wenn sie sich deutlich \u00e4u\u00dfern. Oft beschlie\u00dft man lieber, der- oder diejenige sei vielleicht dumm, faul, m\u00fcsse sich nur mehr anstrengen und wer wei\u00df was noch alles. Doch auch Geduld haben bringt nichts \u2013 Dyskalkulie muss erkannt und therapiert werden, damit die Schwierigkeiten weniger werden. Der Vollst\u00e4ndigkeit halber sei erw\u00e4hnt: Nein, Dyskalkulie sagt nichts \u00fcber die Intelligenz aus.<\/p>\n<p>Neurobiologisch kann bei Dyskalkulierern eine verminderte Gehirnaktivit\u00e4t in den Arealen festgestellt werden, die f\u00fcr das Rechnen ben\u00f6tigt werden. Die Zahlenverarbeitung ist bei ihnen beeintr\u00e4chtigt und f\u00fchrt zu gro\u00dfen Defiziten in allen Bereichen, die irgendwie mit Zahlen zu tun haben: Uhrzeiten, Distanzen, Zehner\u00fcberschreitung, Zahlenverh\u00e4ltnisse usw.<\/p>\n<p>Durch gezielte Therapie ver\u00e4ndern sich die f\u00fcr Rechenoperationen relevanten Hirnbereiche: Es tritt eine Besserung ein. Aber daf\u00fcr muss die Rechenschw\u00e4che zuerst einmal erkannt werden. Je sp\u00e4ter das geschieht, umso langwieriger ist die Therapie. Und umso mehr leiden Betroffene, bis sie endlich wissen, was mit ihnen \u201enicht stimmt\u201c.<\/p>\n<h3><strong>Merkmale von Dyskalkulie <\/strong><\/h3>\n<p>Generell gilt bei Dyskalkulie dasselbe wie bei Legasthenie: Je fr\u00fcher diese Disposition erkannt und das Kind gef\u00f6rdert wird, umso bessere Chancen hat es, seine Schwierigkeiten langfristig zu \u00fcberwinden. Daher hilft ein aufmerksamer Blick, um eventuelle Auff\u00e4lligkeiten zu erkennen, z. B. die folgenden schon im Kindergarten:<\/p>\n<ul>\n<li>Anstatt zu rechnen oder Zahlenmuster (wie auf einem W\u00fcrfel) auf einen Blick zu erfassen, z\u00e4hlen Kinder. Dazu benutzen sie oft Hilfsmittel, z. B. die Finger. Wiederkehrende Aufgaben werden immer wieder neu abgez\u00e4hlt, da die Kinder sich schlecht merken k\u00f6nnen, dass 3 plus 2 gleich 5 ist.<\/li>\n<li>Wenn Sie ein Kind auffordern, allen Kindern an seinem Gruppentisch Prickelnadeln zu bringen, kann es gut sein, dass das Kind f\u00fcr jede Nadel einzeln l\u00e4uft und dabei z\u00e4hlt, statt zu erfassen, dass an seinem Tisch drei Kinder sitzen.<\/li>\n<\/ul>\n<ul>\n<li>\u201eMehr lernen\u201c f\u00fchrt nicht zu besseren Ergebnissen \u2013 genau wie bei Legasthenikern, die Rechtschreibregeln nicht von einem Wort auf ein anderes \u00fcbertragen k\u00f6nnen. Es wird immer wieder von vorne gez\u00e4hlt, auch wenn z. B. mehrmals hintereinander (wie bei Domino) dasselbe Zahlenmuster auftaucht.<\/li>\n<li>Zeit ist f\u00fcr viele Betroffene abstrakt; sie haben Probleme, die Uhrzeit zu lesen und k\u00f6nnen oft auch Zeiten schlecht einsch\u00e4tzen \u2013 wie lange dauern f\u00fcnf Minuten, wann ist es 3 Uhr (und was hat eine 15 damit zu tun)?<\/li>\n<li>Zahlenverh\u00e4ltnisse werden nicht, schlecht oder langsam erfasst. F\u00fcr Menschen mit Dyskalkulie ist es nicht logisch, dass 8 Meter l\u00e4nger sind als 2,10 m, aber k\u00fcrzer als ein Kilometer. Kinder k\u00f6nnen z. B. nicht einsch\u00e4tzen, ob ein Pferd gr\u00f6\u00dfer ist als ein Hund. Und sie finden es auch nicht logisch, dass ein Kilo Blei genauso schwer ist wie ein Kilo Federn. Relationen wie \u201eh\u00f6her als\u201c, \u201eschwerer als\u201c, \u201eteurer als\u201c stellen Betroffene oft vor eine unl\u00f6sbare Aufgabe, sobald es um Zahlen und nicht etwas Konkretes, Sichtbares geht.<\/li>\n<li>(R\u00e4umliche) Wahrnehmung und Orientierung sind oft beeintr\u00e4chtigt. Das kann sich im Vertauschen von rechts und links oder Pr\u00e4positionen wie \u201evor\u201c und \u201ehinter\u201c \u00e4u\u00dfern oder auch in der spiegelverkehrten Darstellung eines simplen Motivs.<\/li>\n<li>Betroffene haben h\u00e4ufig Schwierigkeiten mit Konzentration und Aufmerksamkeit.<\/li>\n<li>Dyskalkulierer m\u00f6gen Zahlen oft einfach nicht \u2013 und gehen ihnen aus dem Weg, sobald sie k\u00f6nnen: durch Vermeidung, Verweigerung oder z. T. kreative Strategien. Wenn ihnen z. B. gesagt wird, sie sollen auf das Abz\u00e4hlen mit den Fingern verzichten, helfen sich manche damit, dass sie sich eben zwei H\u00e4nde vorstellen und vor ihrem inneren Auge weiterhin abz\u00e4hlen. Damit tun sie intuitiv das Richtige: Sie nutzen anschauliche Hilfsmittel, um das Abstrakte zu begreifen. Genauso wird es auch in der Therapie gemacht.<\/li>\n<\/ul>\n<p>Sp\u00e4testens in der Grundschule tritt Dyskalkulie dann offener zutage: Die Kinder haben gro\u00dfe Schwierigkeiten, die Grundrechenarten zu erlernen, weil ihr Zahlenverst\u00e4ndnis nicht mitspielt. Kopfrechnen ist ein Ding der Unm\u00f6glichkeit. Betroffene \u201ehassen\u201c Mathe relativ schnell, weil ihre Vermeidungsstrategien oder sonstigen Taktiken ihnen nicht mehr weiterhelfen (oder gar verboten werden!) und sie von der Vielzahl unterschiedlicher Herausforderungen in dem Fach \u00fcberfordert sind.<\/p>\n<p>Begegnen ihnen Eltern, Lehrer, Mitsch\u00fcler dann auch noch mit Ungeduld, Unverst\u00e4ndnis oder Vorurteilen, verschlimmert sich bei den Kindern die Situation: Sie zweifeln umso mehr an sich selbst, entwickeln kein Selbstbewusstsein, zeigen Stresssymptome oder entwickeln psychische Krankheiten \u2013 bis hin zum Suizid.<\/p>\n<h3><strong>Beispiele f\u00fcr Rechenschwierigkeiten bei Dyskalkulie <\/strong><\/h3>\n<p>Im Deutschen sprechen wir Zahlen andersherum, als wir sie schreiben: \u201eZweiunddrei\u00dfig\u201c hat die Drei vorne und die Zwei hinten, was f\u00fcr Menschen mit Dyskalkulie nicht zu begreifen ist. (Schlimmer geht\u2019s immer: Im Franz\u00f6sischen bedeutet 90 w\u00f6rtlich \u201evier-zwanzig-zehn\u201c.)<\/p>\n<p>So kommt es oft zu Zahlendrehern \u2013 oder zu der Angewohnheit, bei zweistelligen Zahlen zuerst die hintere, zuerst geh\u00f6rte Ziffer und dann die vordere zu schreiben. Sp\u00e4testens bei dreistelligen Zahlen funktioniert das aber nicht mehr, geschweige denn bei Hunderttausendern. Und Zahlen richtig schreiben zu k\u00f6nnen, ist ja auch noch lange kein Rechnen.<\/p>\n<p>Nicht vorhandene Mustererkennung in Rechenp\u00e4ckchen, Zahlenreihen oder geometrischen Anordnungen sind genauso verbreitet wie Probleme mit Gr\u00f6\u00dfenverh\u00e4ltnissen, Sch\u00e4tzaufgaben, Mengenangaben und Uhrzeiten. Und auch, wenn im Kindergarten noch nicht gerechnet wird, gibt es auch dort W\u00fcrfelspiele, geometrische Formen oder Geschichten, in denen Zahlen und Gr\u00f6\u00dfen eine Rolle spielen \u2013 die sich manchen Kindern aber einfach nicht erschlie\u00dft. W\u00e4hrend die einen vielleicht schon im Kindergarten die Uhr lesen k\u00f6nnen, bleibt es f\u00fcr andere ein R\u00e4tsel, dass sich zehn Minuten angeblich anders anf\u00fchlen sollen als drei Stunden (vom subjektiven Zeitempfinden in besonders sch\u00f6nen oder schlimmen Situationen mal abgesehen).<\/p>\n<p>In der Grundschule zeigen sich die Schwierigkeiten sehr viel st\u00e4rker: Der \u00dcbergang zum n\u00e4chsten Zehner, Addition von Zehnern, Hunderten, Tausendern usw., st\u00e4rker noch Subtraktion und Punktrechnung bereiten den Kindern oft riesige Probleme, die sie einfach nicht bew\u00e4ltigen k\u00f6nnen. Auch das Umrechnen in unterschiedliche Einheiten stellt sie vor eine unl\u00f6sbare Aufgabe, weil sie sich die Verh\u00e4ltnisse nicht vorstellen k\u00f6nnen.<\/p>\n<p>Wird Dyskalkulie nicht erkannt und behandelt, stellt sich keine Besserung ein. Junge Erwachsene, die nicht bereits im Kinderalter diagnostiziert werden, fangen als Teenager in der Therapie beim Stoff von Klasse 1 an, um das grundlegende Verst\u00e4ndnis zu entwickeln, das sie bisher nie erwerben konnten.<\/p>\n<h3><strong>Dyskalkulie im Alltag <\/strong><\/h3>\n<p>Viele Kinder, die Dyskalkulie haben, fallen auch im Alltag durch eine ver\u00e4nderte Wahrnehmung auf: Orientierungsschwierigkeiten, Probleme mit der Uhrzeit, mit (Wechsel-)Geld und jeglicher Form von Zahlen. Mit den Jahren entwickeln Betroffene oft Strategien, um sich trotzdem zurechtzufinden. Viele Situationen vermeiden sie einfach, sofern es m\u00f6glich ist.<\/p>\n<p>Es ist hilfreich, einen Tag lang den eigenen Blick zu sch\u00e4rfen: Wie oft pro Tag begegnen Ihnen Zahlen? Unsere Welt ist voll von Telefon- und Hausnummern, Postleitzahlen, Uhrzeiten, Preisen, Gleisnummern und Buslinien, Tachos und Tempolimits, Daten und Entfernungen, Etagennummern, Raumnummern, Statistiken und Prozentangaben. F\u00fcr Menschen mit nicht therapierter Dyskalkulie ist das alles gleich unverst\u00e4ndlich. Wie unsicher und \u00fcberfordert w\u00fcrden wir uns f\u00fchlen, wenn wir so durch unsere Tage gehen m\u00fcssten?<\/p>\n<p>Und wie viele Dinge, die f\u00fcr uns selbstverst\u00e4ndlich sind oder uns Spa\u00df machen, w\u00e4ren pl\u00f6tzlich viel schwieriger? Urlaub buchen und Verreisen, Autofahren, Einkaufen, nach Rezept kochen, viele Karten-, Brett- und W\u00fcrfelspiele w\u00e4ren anstrengend, frustrierend, einfach nicht mehr erstrebenswert und im schlimmsten Fall nicht machbar.<\/p>\n<\/div><\/section><\/div>\n\n<style type=\"text\/css\" data-created_by=\"avia_inline_auto\" id=\"style-css-av-zu93u4-717b896d98785cea2a28014272c19f83\">\n.flex_column.av-zu93u4-717b896d98785cea2a28014272c19f83{\nborder-radius:0px 0px 0px 0px;\npadding:0px 0px 0px 0px;\n}\n<\/style>\n<div  class='flex_column av-zu93u4-717b896d98785cea2a28014272c19f83 av_one_full  avia-builder-el-17  el_after_av_one_full  el_before_av_one_third  first flex_column_div av-zero-column-padding  column-top-margin'     ><section  class='av_textblock_section av-y02ry4-8b2662807f0c720068f5837467082056 '  ><div class='avia_textblock' >\n<style type=\"text\/css\" data-created_by=\"avia_inline_auto\" id=\"style-css-av-vsv1ws-55b1f8105db867582b8b8f993762d668\">\n#top .hr.hr-invisible.av-vsv1ws-55b1f8105db867582b8b8f993762d668{\nheight:20px;\n}\n<\/style>\n<div  class='hr av-vsv1ws-55b1f8105db867582b8b8f993762d668 hr-invisible  avia-builder-el-19  avia-builder-el-no-sibling '><span class='hr-inner '><span class=\"hr-inner-style\"><\/span><\/span><\/div>\n<h2 id=\"2\" class=\"position\"><strong>Was tun bei Verdacht auf Dyskalkulie? <\/strong><\/h2>\n<p>Wenn P\u00e4dagogen den Verdacht haben, ein Kind k\u00f6nne Dyskalkulie haben, ist zuerst ein Gespr\u00e4ch mit den Eltern ratsam. So erfahren Sie auch, wie das Kind sich zu Hause verh\u00e4lt \u2013 und k\u00f6nnen den Eltern klarmachen, dass eine fr\u00fche Diagnose Betroffenen viel Leid erspart.<\/p>\n<p>Die Diagnose selbst stellen Psychotherapeuten f\u00fcr Kinder und Jugendliche anhand mehrerer Gespr\u00e4che und Tests. Eventuell werden die Kinder auch noch in anderen Bereichen getestet, um z. B. Legasthenie oder Aufmerksamkeitsst\u00f6rungen festzustellen bzw. auszuschlie\u00dfen. Auch hier gilt: Eine Auff\u00e4lligkeit verschwindet nicht, wenn man sie ignoriert. Je fr\u00fcher die Eltern wissen, welche Ursachen den Problemen ihrer Kinder zugrunde liegen, umso eher und effektiver lassen sich Ma\u00dfnahmen ergreifen, um den Kindern zu helfen. Im Idealfall profitieren die Kinder zus\u00e4tzlich zu einer Therapie und dem Verst\u00e4ndnis ihres Umfeldes von Nachteilsausgleich und Notenschutz, die je nach Bundesland variieren.<\/p>\n<h3><strong>Hilfreiche \u00dcbungen bei Rechenschw\u00e4che <\/strong><\/h3>\n<p>Immer eine gute Idee ist Bewegung in Kombination mit handfesten Materialien: Bewegungsspiele aller Art, Bauwerke aus Lego, Perlenf\u00e4deln oder das (Nach-)Legen von bestimmten Figuren macht auch J\u00fcngeren Freude und f\u00f6rdert ihre Wahrnehmung f\u00fcr Gr\u00f6\u00dfenverh\u00e4ltnisse, r\u00e4umliche sowie zeitliche Darstellung und Zahlen. Und wenn man mal genauer dar\u00fcber nachdenkt, geht es in vielen Aktivit\u00e4ten und Spielen f\u00fcr Kleinkinder bereits in irgendeiner Form um Mathematik.<\/p>\n<p>Der Spa\u00df steht dabei nat\u00fcrlich im Vordergrund: Auf keinen Fall d\u00fcrfen sich Kinder \u00fcberfordert f\u00fchlen, was umso frustrierender ist, wenn alle anderen mit Freude und Leichtigkeit bei der Sache sind. Wenn ein Kind partout nicht mit all den schwarzen Punkten des Domino-Spiels fertig wird, findet es bestimmt ein anderes tolles Spiel.<\/p>\n<p>Beobachten Sie das (Spiel-)Verhalten Ihrer Kleinen, sobald es um Zahlen geht. Auch wenn Vierj\u00e4hrige noch nicht rechnen k\u00f6nnen (m\u00fcssen), haben die meisten bereits ein f\u00fcr sie selbstverst\u00e4ndliches Grundverst\u00e4ndnis von Mengen und Zeitr\u00e4umen, w\u00e4hrend andere versuchen, jeder Zahl aus dem Weg zu gehen.<\/p>\n<p>Bei Bewegungsspielen sind der Fantasie tats\u00e4chlich keine Grenzen gesetzt. Ob Sie mit Ihren Kindern einen Zeit- oder Zahlenstrahl bauen und abh\u00fcpfen, Abz\u00e4hlreime mit Ballw\u00fcrfen verbinden oder beim H\u00fcpfen im Schwungseil r\u00fcckw\u00e4rts z\u00e4hlen \u2013 der Lerneffekt ist genauso gegeben wie ein Beitrag zur k\u00f6rperlichen Fitness und Koordinationsf\u00e4higkeit.<\/p>\n<h3><strong>Praktische Hilfsmittel bei Dyskalkulie <\/strong><\/h3>\n<p>Prinzipiell hilft alles, was den Kindern Spa\u00df macht, sich anfassen und verschieben\/legen l\u00e4sst und die Mustererkennung des Hirns unterst\u00fctzt: Muggelsteine, Murmeln, Eicheln, bunte Kn\u00f6pfe, kleine Figuren sind super geeignet, um sich in verschiedenen Mustern anordnen zu lassen, aber auch W\u00fcrfel(spiele) sind eine tolle M\u00f6glichkeit, um Zahlenmengen zu erfassen, zu erg\u00e4nzen, zu zerlegen oder bereits kleinere Aufgaben im Zahlenraum bis 10 zu l\u00f6sen.<\/p>\n<p>Eine absolute Empfehlung ist die Videoreihe auf YouTube von Harald Schmidt, einem Dyskalkulietherapeuten aus G\u00f6ttingen. In 24 Folgen erkl\u00e4rt er anschaulich Ursachen und Symptome, probiert die Spiele gemeinsam mit Kindern aus und hat vor allem viele wunderbare praktische \u00dcbungen und Tipps parat.<\/p>\n<p>Der fr\u00fchere Mathematiklehrer hat einen eigenen Verlag gegr\u00fcndet und eigene (gro\u00dfartige!) Materialien entwickelt, um Kinder mit Dyskalkulie und alle Menschen in deren Umfeld zu unterst\u00fctzen. Auch, wenn sich die meisten seiner Ans\u00e4tze eher an Schulkinder richten, nehmen Sie viele interessante Anregungen mit \u2013 versprochen. (Sollten Sie sich fragen, was in Folge 1 quietscht \u2013 der Therapiehund spielt bei der Aufnahme im selben Raum.)<\/p>\n<p>Hilfreiche Produkte zum anschaulichen Lernen von Zahlen und Mengen finden Sie nat\u00fcrlich in unserem klimaneutralen <a href=\"https:\/\/www.backwinkel.de\/cat\/mathematik-sonstige\/\" target=\"_blank\" rel=\"noopener\">Onlineshop<\/a>.<\/p>\n<\/div><\/section><\/div>\n<div class='flex_column_table av-ioxdto-ec14c1f0eafd4a04ca12607db6baeedc sc-av_one_third av-equal-height-column-flextable'>\n<style type=\"text\/css\" data-created_by=\"avia_inline_auto\" id=\"style-css-av-ioxdto-ec14c1f0eafd4a04ca12607db6baeedc\">\n.flex_column.av-ioxdto-ec14c1f0eafd4a04ca12607db6baeedc{\nborder-width:1px;\nborder-color:#ebebeb;\nborder-style:solid;\nborder-radius:0px 0px 0px 0px;\npadding:10px 10px 10px 10px;\n}\n<\/style>\n<div  class='flex_column av-ioxdto-ec14c1f0eafd4a04ca12607db6baeedc av_one_third  avia-builder-el-20  el_after_av_one_full  el_before_av_one_third  first flex_column_table_cell av-equal-height-column av-align-top  column-top-margin'     ><p><section  class='av_textblock_section av-l7elhcb4-05742cfa5c91e6d948714cf197d7f53f '  ><div class='avia_textblock' ><p><img decoding=\"async\" class=\"alignnone wp-image-10097 size-full\" src=\"https:\/\/blog.backwinkel.de\/wp-content\/uploads\/2022\/12\/9010517_kalendertafel-2.jpeg\" alt=\"\" width=\"700\" height=\"700\" srcset=\"https:\/\/www.backwinkel.de\/blog\/wp-content\/uploads\/2022\/12\/9010517_kalendertafel-2.jpeg 700w, https:\/\/www.backwinkel.de\/blog\/wp-content\/uploads\/2022\/12\/9010517_kalendertafel-2-36x36.jpeg 36w, https:\/\/www.backwinkel.de\/blog\/wp-content\/uploads\/2022\/12\/9010517_kalendertafel-2-180x180.jpeg 180w\" sizes=\"(max-width: 700px) 100vw, 700px\" \/><\/p>\n<p style=\"font-size: 20px; font-family: urw_grotesk_extra_narrowrg; text-align: left;\">Kalendertafel mit Uhr<\/p>\n<p style=\"text-align: left;\"><div  class='avia-button-wrap av-i5l83g-9beec72d8ea5ef99274cba432e1ea77e-wrap avia-button-center  avia-builder-el-22  avia-builder-el-no-sibling '><a href='https:\/\/www.backwinkel.de\/prod\/universalkalender-oxid.html'  class='avia-button av-i5l83g-9beec72d8ea5ef99274cba432e1ea77e av-link-btn avia-icon_select-no avia-size-medium avia-position-center avia-color-theme-color'  target=\"_blank\"  rel=\"noopener noreferrer\"  aria-label=\"zum Produkt\"><span class='avia_iconbox_title' >zum Produkt<\/span><\/a><\/div><\/p>\n<\/div><\/section><br \/>\n\n<style type=\"text\/css\" data-created_by=\"avia_inline_auto\" id=\"style-css-av-g0g38s-ce499c13c018dbb7298d8bbbef42f017\">\n#top .hr.hr-invisible.av-g0g38s-ce499c13c018dbb7298d8bbbef42f017{\nheight:20px;\n}\n<\/style>\n<div  class='hr av-g0g38s-ce499c13c018dbb7298d8bbbef42f017 hr-invisible  avia-builder-el-23  el_after_av_textblock  avia-builder-el-last '><span class='hr-inner '><span class=\"hr-inner-style\"><\/span><\/span><\/div><\/p><\/div>\n<div class='av-flex-placeholder'><\/div>\n<style type=\"text\/css\" data-created_by=\"avia_inline_auto\" id=\"style-css-av-dpmha4-8db092c8d42380ff76fe837638b3593c\">\n.flex_column.av-dpmha4-8db092c8d42380ff76fe837638b3593c{\nborder-width:1px;\nborder-color:#ebebeb;\nborder-style:solid;\nborder-radius:0px 0px 0px 0px;\npadding:10px 10px 10px 10px;\n}\n<\/style>\n<div  class='flex_column av-dpmha4-8db092c8d42380ff76fe837638b3593c av_one_third  avia-builder-el-24  el_after_av_one_third  el_before_av_one_third  flex_column_table_cell av-equal-height-column av-align-top  column-top-margin'     ><p><section  class='av_textblock_section av-bu6a5o-adff641327cef1a6b0e5bcb473cf987b '  ><div class='avia_textblock' ><p><img decoding=\"async\" class=\"alignnone wp-image-10098 size-full\" src=\"https:\/\/blog.backwinkel.de\/wp-content\/uploads\/2022\/12\/40318_baeren-sortieren-inhalt-image.jpeg\" alt=\"\" width=\"700\" height=\"700\" srcset=\"https:\/\/www.backwinkel.de\/blog\/wp-content\/uploads\/2022\/12\/40318_baeren-sortieren-inhalt-image.jpeg 700w, https:\/\/www.backwinkel.de\/blog\/wp-content\/uploads\/2022\/12\/40318_baeren-sortieren-inhalt-image-36x36.jpeg 36w, https:\/\/www.backwinkel.de\/blog\/wp-content\/uploads\/2022\/12\/40318_baeren-sortieren-inhalt-image-180x180.jpeg 180w\" sizes=\"(max-width: 700px) 100vw, 700px\" \/><\/p>\n<p style=\"font-size: 20px; font-family: urw_grotesk_extra_narrowrg; text-align: left;\">B\u00e4ren sortieren<\/p>\n<p style=\"text-align: left;\"><div  class='avia-button-wrap av-b9ewak-9bf67486665c13a0406acf595d0af59a-wrap avia-button-center  avia-builder-el-26  avia-builder-el-no-sibling '><a href='https:\/\/www.backwinkel.de\/prod\/baeren-sortieren.html'  class='avia-button av-b9ewak-9bf67486665c13a0406acf595d0af59a av-link-btn avia-icon_select-no avia-size-medium avia-position-center avia-color-theme-color'  target=\"_blank\"  rel=\"noopener noreferrer\"  aria-label=\"zum Produkt\"><span class='avia_iconbox_title' >zum Produkt<\/span><\/a><\/div><\/p>\n<\/div><\/section><br \/>\n\n<style type=\"text\/css\" data-created_by=\"avia_inline_auto\" id=\"style-css-av-98zau4-97afd58dea2aa3cbc7341221ea243b4d\">\n#top .hr.hr-invisible.av-98zau4-97afd58dea2aa3cbc7341221ea243b4d{\nheight:20px;\n}\n<\/style>\n<div  class='hr av-98zau4-97afd58dea2aa3cbc7341221ea243b4d hr-invisible  avia-builder-el-27  el_after_av_textblock  avia-builder-el-last '><span class='hr-inner '><span class=\"hr-inner-style\"><\/span><\/span><\/div><\/p><\/div>\n<div class='av-flex-placeholder'><\/div>\n<style type=\"text\/css\" data-created_by=\"avia_inline_auto\" id=\"style-css-av-7gup9o-d4a0bff7234bad7305d3fdc0aa1fc721\">\n.flex_column.av-7gup9o-d4a0bff7234bad7305d3fdc0aa1fc721{\nborder-width:1px;\nborder-color:#ebebeb;\nborder-style:solid;\nborder-radius:0px 0px 0px 0px;\npadding:10px 10px 10px 10px;\n}\n<\/style>\n<div  class='flex_column av-7gup9o-d4a0bff7234bad7305d3fdc0aa1fc721 av_one_third  avia-builder-el-28  el_after_av_one_third  el_before_av_hr  flex_column_table_cell av-equal-height-column av-align-top  column-top-margin'     ><p><section  class='av_textblock_section av-5xc8to-a8b217bf582573b4083a53d3a58684c5 '  ><div class='avia_textblock' ><p><img decoding=\"async\" class=\"alignnone wp-image-10099 size-full\" src=\"https:\/\/blog.backwinkel.de\/wp-content\/uploads\/2022\/12\/40838_spindelkasten-heutink_01.jpeg\" alt=\"\" width=\"700\" height=\"700\" srcset=\"https:\/\/www.backwinkel.de\/blog\/wp-content\/uploads\/2022\/12\/40838_spindelkasten-heutink_01.jpeg 700w, https:\/\/www.backwinkel.de\/blog\/wp-content\/uploads\/2022\/12\/40838_spindelkasten-heutink_01-36x36.jpeg 36w, https:\/\/www.backwinkel.de\/blog\/wp-content\/uploads\/2022\/12\/40838_spindelkasten-heutink_01-180x180.jpeg 180w\" sizes=\"(max-width: 700px) 100vw, 700px\" \/><\/p>\n<p style=\"font-size: 20px; font-family: urw_grotesk_extra_narrowrg; text-align: left;\">Nienhuis Montessori Spindelkasten<\/p>\n<p style=\"text-align: left;\"><div  class='avia-button-wrap av-42izbg-fc72590650f5b9a7d8758b2b7106f7fb-wrap avia-button-center  avia-builder-el-30  avia-builder-el-no-sibling '><a href='https:\/\/www.backwinkel.de\/prod\/nienhuis-spindelkasten.html'  class='avia-button av-42izbg-fc72590650f5b9a7d8758b2b7106f7fb av-link-btn avia-icon_select-no avia-size-medium avia-position-center avia-color-theme-color'  target=\"_blank\"  rel=\"noopener noreferrer\"  aria-label=\"zum Produkt\"><span class='avia_iconbox_title' >zum Produkt<\/span><\/a><\/div><\/p>\n<\/div><\/section><br \/>\n\n<style type=\"text\/css\" data-created_by=\"avia_inline_auto\" id=\"style-css-av-34kmos-bf82b2f0bad2874622f6b66562996b15\">\n#top .hr.hr-invisible.av-34kmos-bf82b2f0bad2874622f6b66562996b15{\nheight:20px;\n}\n<\/style>\n<div  class='hr av-34kmos-bf82b2f0bad2874622f6b66562996b15 hr-invisible  avia-builder-el-31  el_after_av_textblock  avia-builder-el-last '><span class='hr-inner '><span class=\"hr-inner-style\"><\/span><\/span><\/div><\/p><\/div><\/div><!--close column table wrapper. Autoclose: 1 -->\n\n<style type=\"text\/css\" data-created_by=\"avia_inline_auto\" id=\"style-css-av-kz7pcc-998c523973ce04bd41c056e7ad17fd36\">\n#top .hr.av-kz7pcc-998c523973ce04bd41c056e7ad17fd36{\nmargin-top:10px;\nmargin-bottom:10px;\n}\n.hr.av-kz7pcc-998c523973ce04bd41c056e7ad17fd36 .hr-inner{\nwidth:500;\n}\n<\/style>\n<div  class='hr av-kz7pcc-998c523973ce04bd41c056e7ad17fd36 hr-custom  avia-builder-el-32  el_after_av_one_third  el_before_av_one_full  hr-left hr-icon-no'><span class='hr-inner inner-border-av-border-none'><span class=\"hr-inner-style\"><\/span><\/span><\/div>\n\n<style type=\"text\/css\" data-created_by=\"avia_inline_auto\" id=\"style-css-av-3tembw-a1c4b21fc3f6f2fd3d0d32482ae74cc6\">\n.flex_column.av-3tembw-a1c4b21fc3f6f2fd3d0d32482ae74cc6{\nborder-radius:0px 0px 0px 0px;\npadding:10px 10px 10px 10px;\nbackground-color:#f2f2f2;\n}\n<\/style>\n<div  class='flex_column av-3tembw-a1c4b21fc3f6f2fd3d0d32482ae74cc6 av_one_full  avia-builder-el-33  el_after_av_hr  el_before_av_one_full  first flex_column_div  '     ><section  class='av_textblock_section av-2hcanw-9284a6a947444a08d4d205df348110b5 '  ><div class='avia_textblock' ><p class=\"fussnoten-quellen\"><strong>Lesen Sie mehr: <\/strong><\/p>\n<p class=\"fussnoten-quellen\"><span style=\"font-size: 12pt;\">arte: Dyskalkulie: Ursachen der Rechenschw\u00e4che:<\/span><br \/>\n<span style=\"font-size: 12pt;\"> https:\/\/www.youtube.com\/watch?v=nyoDaefIYvw<\/span><\/p>\n<p class=\"fussnoten-quellen\"><span style=\"font-size: 12pt;\">Jokisch, Sabine: 40 erprobte Dyskalkulie \u00dcbungen f\u00fcr zuhause, 09.06.2022:<\/span><br \/>\n<span style=\"font-size: 12pt;\"> https:\/\/www.sabinejokischlernstraat.com\/dyskalkulie-uebungen\/<\/span><\/p>\n<p class=\"fussnoten-quellen\"><span style=\"font-size: 12pt;\">Jokisch, Sabine: Dyskalkulie Symptome verstehen mit vielen Beispielen, 12.09.2022:<\/span><br \/>\n<span style=\"font-size: 12pt;\"> <a href=\"https:\/\/www.sabinejokischlernstraat.com\/dyskalkulie-symptome\/\" target=\"_blank\" rel=\"noopener\">https:\/\/www.sabinejokischlernstraat.com\/dyskalkulie-symptome\/<\/a><\/span><\/p>\n<p class=\"fussnoten-quellen\"><span style=\"font-size: 12pt;\">Mankarios, Alexandra: Dyskalkulie: Was Lehrkr\u00e4fte und Eltern tun k\u00f6nnen, 07.05.2021:<\/span><br \/>\n<span style=\"font-size: 12pt;\"> <a href=\"https:\/\/deutsches-schulportal.de\/unterricht\/rechenschwaeche-neue-leitlinie-fuer-umgang-mit-dyskalkulie\/\">https:\/\/deutsches-schulportal.de\/unterricht\/rechenschwaeche-neue-leitlinie-fuer-umgang-mit-dyskalkulie\/<\/a><\/span><\/p>\n<p><span style=\"font-size: 12pt;\">Spiele zur Behandlung und Vorbeugung von Dyskalkulie:<\/span><br \/>\n<span style=\"font-size: 12pt;\"> <a href=\"http:\/\/www.matheschwaeche.de\/konzept\/spiele-therapie-bei-dyskalkulie.html\">http:\/\/www.matheschwaeche.de\/konzept\/spiele-therapie-bei-dyskalkulie.html<\/a><\/span><\/p>\n<p><span style=\"font-size: 12pt;\">Schmidt, Harald: Einstieg in die Dyskalkulie (Teil 1 einer informativen Videoreihe \u00fcber Dyskalkulietherapie):<\/span><br \/>\n<span style=\"font-size: 12pt;\"> https:\/\/www.youtube.com\/watch?v=ANY4IptOaJQ.<\/span><\/p>\n<p><span style=\"font-size: 12pt;\">TRU DOKU: Unter Druck: Wie Christina (25) mit ihrer Dyskalkulie umgeht:<\/span><br \/>\n<span style=\"font-size: 12pt;\"> https:\/\/www.youtube.com\/watch?v=qvm-HXkN60Q.<\/span><\/p>\n<\/div><\/section><\/div>\n\n<style type=\"text\/css\" data-created_by=\"avia_inline_auto\" id=\"style-css-av-fqckto-d5350d06c16b17286c5e2ae288dcdba2\">\n.flex_column.av-fqckto-d5350d06c16b17286c5e2ae288dcdba2{\nborder-radius:0px 0px 0px 0px;\npadding:10px 10px 10px 10px;\n}\n<\/style>\n<div  class='flex_column av-fqckto-d5350d06c16b17286c5e2ae288dcdba2 av_one_full  avia-builder-el-35  el_after_av_one_full  el_before_av_one_full  first flex_column_div  column-top-margin'     ><section  class='av_textblock_section av-dh1mgc-1f1cdce34e8e6e00b3fada23e5365d1b '  ><div class='avia_textblock' ><p class=\"copyright\"><strong>\u00a9 Copyright \u2013 Urheberrechtshinweis<\/strong><br \/>\nAlle Inhalte auf www.backwinkel.de sowie www.backwinkel.de\/blog, insbesondere Texte, Fotografien und Grafiken, sind urheberrechtlich gesch\u00fctzt.<br \/>\nDas Urheberrecht liegt, soweit nicht ausdr\u00fccklich anders gekennzeichnet, bei der BACKWINKEL GmbH. Bitte fragen Sie uns, falls Sie die Inhalte dieses Internetangebotes verwenden m\u00f6chten.<br \/>\nWer gegen das Urheberrecht verst\u00f6\u00dft (z. B. Bilder oder Texte unerlaubt kopiert), macht sich gem. \u00a7\u00a7 106 ff UrhG strafbar, wird zudem kostenpflichtig abgemahnt und muss Schadensersatz leisten (\u00a7 97 UrhG).<\/p>\n<\/div><\/section><\/div>\n\n<style type=\"text\/css\" data-created_by=\"avia_inline_auto\" id=\"style-css-av-d5co4s-aedf4c432807ac740642c7127dd938f9\">\n.flex_column.av-d5co4s-aedf4c432807ac740642c7127dd938f9{\nborder-radius:0px 0px 0px 0px;\npadding:0px 0px 0px 0px;\n}\n<\/style>\n<div  class='flex_column av-d5co4s-aedf4c432807ac740642c7127dd938f9 av_one_full  avia-builder-el-37  el_after_av_one_full  avia-builder-el-last  first flex_column_div av-zero-column-padding  column-top-margin'     ><p><section  class='av_textblock_section av-a97ba4-7dd40c09d190f5324e4111b3d971dd4a '  ><div class='avia_textblock' ><div class=\"shariff shariff-align-left shariff-widget-align-left\"><ul class=\"shariff-buttons theme-color orientation-horizontal buttonsize-medium\"><li class=\"shariff-button whatsapp shariff-nocustomcolor\" style=\"background-color:#5cbe4a\"><a href=\"https:\/\/api.whatsapp.com\/send?text=https%3A%2F%2Fwww.backwinkel.de%2Fblog%2Fdyskalkulie%2F%20Dyskalkulie%20verstehen\" title=\"Bei Whatsapp teilen\" aria-label=\"Bei Whatsapp teilen\" role=\"button\" rel=\"noopener nofollow\" class=\"shariff-link\" style=\"; background-color:#34af23; color:#fff\" target=\"_blank\"><span class=\"shariff-icon\" style=\"\"><svg width=\"32px\" height=\"20px\" xmlns=\"http:\/\/www.w3.org\/2000\/svg\" viewBox=\"0 0 32 32\"><path fill=\"#34af23\" d=\"M17.6 17.4q0.2 0 1.7 0.8t1.6 0.9q0 0.1 0 0.3 0 0.6-0.3 1.4-0.3 0.7-1.3 1.2t-1.8 0.5q-1 0-3.4-1.1-1.7-0.8-3-2.1t-2.6-3.3q-1.3-1.9-1.3-3.5v-0.1q0.1-1.6 1.3-2.8 0.4-0.4 0.9-0.4 0.1 0 0.3 0t0.3 0q0.3 0 0.5 0.1t0.3 0.5q0.1 0.4 0.6 1.6t0.4 1.3q0 0.4-0.6 1t-0.6 0.8q0 0.1 0.1 0.3 0.6 1.3 1.8 2.4 1 0.9 2.7 1.8 0.2 0.1 0.4 0.1 0.3 0 1-0.9t0.9-0.9zM14 26.9q2.3 0 4.3-0.9t3.6-2.4 2.4-3.6 0.9-4.3-0.9-4.3-2.4-3.6-3.6-2.4-4.3-0.9-4.3 0.9-3.6 2.4-2.4 3.6-0.9 4.3q0 3.6 2.1 6.6l-1.4 4.2 4.3-1.4q2.8 1.9 6.2 1.9zM14 2.2q2.7 0 5.2 1.1t4.3 2.9 2.9 4.3 1.1 5.2-1.1 5.2-2.9 4.3-4.3 2.9-5.2 1.1q-3.5 0-6.5-1.7l-7.4 2.4 2.4-7.2q-1.9-3.2-1.9-6.9 0-2.7 1.1-5.2t2.9-4.3 4.3-2.9 5.2-1.1z\"\/><\/svg><\/span><span class=\"shariff-text\">teilen<\/span>&nbsp;<\/a><\/li><li class=\"shariff-button facebook shariff-nocustomcolor\" style=\"background-color:#4273c8\"><a href=\"https:\/\/www.facebook.com\/sharer\/sharer.php?u=https%3A%2F%2Fwww.backwinkel.de%2Fblog%2Fdyskalkulie%2F\" title=\"Bei Facebook teilen\" aria-label=\"Bei Facebook teilen\" role=\"button\" rel=\"nofollow\" class=\"shariff-link\" style=\"; background-color:#3b5998; color:#fff\" target=\"_blank\"><span class=\"shariff-icon\" style=\"\"><svg width=\"32px\" height=\"20px\" xmlns=\"http:\/\/www.w3.org\/2000\/svg\" viewBox=\"0 0 18 32\"><path fill=\"#3b5998\" d=\"M17.1 0.2v4.7h-2.8q-1.5 0-2.1 0.6t-0.5 1.9v3.4h5.2l-0.7 5.3h-4.5v13.6h-5.5v-13.6h-4.5v-5.3h4.5v-3.9q0-3.3 1.9-5.2t5-1.8q2.6 0 4.1 0.2z\"\/><\/svg><\/span><span class=\"shariff-text\">teilen<\/span>&nbsp;<\/a><\/li><li class=\"shariff-button twitter shariff-nocustomcolor\" style=\"background-color:#595959\"><a href=\"https:\/\/twitter.com\/share?url=https%3A%2F%2Fwww.backwinkel.de%2Fblog%2Fdyskalkulie%2F&text=Dyskalkulie%20verstehen\" title=\"Bei X teilen\" aria-label=\"Bei X teilen\" role=\"button\" rel=\"noopener nofollow\" class=\"shariff-link\" style=\"; background-color:#000; color:#fff\" target=\"_blank\"><span class=\"shariff-icon\" style=\"\"><svg width=\"32px\" height=\"20px\" xmlns=\"http:\/\/www.w3.org\/2000\/svg\" viewBox=\"0 0 24 24\"><path fill=\"#000\" d=\"M14.258 10.152L23.176 0h-2.113l-7.747 8.813L7.133 0H0l9.352 13.328L0 23.973h2.113l8.176-9.309 6.531 9.309h7.133zm-2.895 3.293l-.949-1.328L2.875 1.56h3.246l6.086 8.523.945 1.328 7.91 11.078h-3.246zm0 0\"\/><\/svg><\/span><span class=\"shariff-text\">teilen<\/span>&nbsp;<\/a><\/li><li class=\"shariff-button pinterest shariff-nocustomcolor\" style=\"background-color:#e70f18\"><a href=\"https:\/\/www.pinterest.com\/pin\/create\/link\/?url=https%3A%2F%2Fwww.backwinkel.de%2Fblog%2Fdyskalkulie%2F&media=https%3A%2F%2Fwww.backwinkel.de%2Fblog%2Fwp-content%2Fuploads%2F2022%2F12%2Fbackwinkel-blog-dyskalkulie-kiga-anteasern.jpg&description=Dyskalkulie%20verstehen\" title=\"Bei Pinterest pinnen\" aria-label=\"Bei Pinterest pinnen\" role=\"button\" rel=\"noopener nofollow\" class=\"shariff-link\" style=\"; background-color:#cb2027; color:#fff\" target=\"_blank\"><span class=\"shariff-icon\" style=\"\"><svg width=\"32px\" height=\"20px\" xmlns=\"http:\/\/www.w3.org\/2000\/svg\" viewBox=\"0 0 27 32\"><path fill=\"#cb2027\" d=\"M27.4 16q0 3.7-1.8 6.9t-5 5-6.9 1.9q-2 0-3.9-0.6 1.1-1.7 1.4-2.9 0.2-0.6 1-3.8 0.4 0.7 1.3 1.2t2 0.5q2.1 0 3.8-1.2t2.7-3.4 0.9-4.8q0-2-1.1-3.8t-3.1-2.9-4.5-1.2q-1.9 0-3.5 0.5t-2.8 1.4-2 2-1.2 2.3-0.4 2.4q0 1.9 0.7 3.3t2.1 2q0.5 0.2 0.7-0.4 0-0.1 0.1-0.5t0.2-0.5q0.1-0.4-0.2-0.8-0.9-1.1-0.9-2.7 0-2.7 1.9-4.6t4.9-2q2.7 0 4.2 1.5t1.5 3.8q0 3-1.2 5.2t-3.1 2.1q-1.1 0-1.7-0.8t-0.4-1.9q0.1-0.6 0.5-1.7t0.5-1.8 0.2-1.4q0-0.9-0.5-1.5t-1.4-0.6q-1.1 0-1.9 1t-0.8 2.6q0 1.3 0.4 2.2l-1.8 7.5q-0.3 1.2-0.2 3.2-3.7-1.6-6-5t-2.3-7.6q0-3.7 1.9-6.9t5-5 6.9-1.9 6.9 1.9 5 5 1.8 6.9z\"\/><\/svg><\/span><span class=\"shariff-text\">merken<\/span>&nbsp;<\/a><\/li><li class=\"shariff-button mailto shariff-nocustomcolor\" style=\"background-color:#a8a8a8\"><a href=\"mailto:?body=https%3A%2F%2Fwww.backwinkel.de%2Fblog%2Fdyskalkulie%2F&subject=Dyskalkulie%20verstehen\" title=\"Per E-Mail versenden\" aria-label=\"Per E-Mail versenden\" role=\"button\" rel=\"noopener nofollow\" class=\"shariff-link\" style=\"; background-color:#999; color:#fff\"><span class=\"shariff-icon\" style=\"\"><svg width=\"32px\" height=\"20px\" xmlns=\"http:\/\/www.w3.org\/2000\/svg\" viewBox=\"0 0 32 32\"><path fill=\"#999\" d=\"M32 12.7v14.2q0 1.2-0.8 2t-2 0.9h-26.3q-1.2 0-2-0.9t-0.8-2v-14.2q0.8 0.9 1.8 1.6 6.5 4.4 8.9 6.1 1 0.8 1.6 1.2t1.7 0.9 2 0.4h0.1q0.9 0 2-0.4t1.7-0.9 1.6-1.2q3-2.2 8.9-6.1 1-0.7 1.8-1.6zM32 7.4q0 1.4-0.9 2.7t-2.2 2.2q-6.7 4.7-8.4 5.8-0.2 0.1-0.7 0.5t-1 0.7-0.9 0.6-1.1 0.5-0.9 0.2h-0.1q-0.4 0-0.9-0.2t-1.1-0.5-0.9-0.6-1-0.7-0.7-0.5q-1.6-1.1-4.7-3.2t-3.6-2.6q-1.1-0.7-2.1-2t-1-2.5q0-1.4 0.7-2.3t2.1-0.9h26.3q1.2 0 2 0.8t0.9 2z\"\/><\/svg><\/span><span class=\"shariff-text\">E-Mail<\/span>&nbsp;<\/a><\/li><\/ul><\/div>\n<\/div><\/section><br \/>\n<div  class='tabcontainer av-9vqhks-aee12462ff39d18f163410326a141848 top_tab  avia-builder-el-39  el_after_av_textblock  el_before_av_hr '>\n<section class='av_tab_section av_tab_section av-6vr3l8-1513fbe8822d773f6adf723059e1a6a6' ><div id='tab-id-1-tab' class='tab active_tab' role='tab' aria-selected=\"true\" tabindex=\"0\" data-fake-id='#tab-id-1' aria-controls='tab-id-1-content' >Das BACKWINKEL-Blog-Team:<\/div><div id='tab-id-1-content' class='tab_content active_tab_content' role='tabpanel' aria-labelledby='tab-id-1-tab' aria-hidden=\"false\"><div class='tab_inner_content invers-color' ><p><img decoding=\"async\" class=\"wp-image-1768 alignleft\" title=\"BACKWINKEL-Blog \u2013 Das Team\" src=\"https:\/\/blog.backwinkel.de\/wp-content\/uploads\/2018\/10\/backwinkel-blog-autorenbox-intern_preview-300x198.jpg\" alt=\"\" width=\"300\" height=\"198\" \/>Gibts auch ein Gesicht hinter dem BACKWINKEL-Blog? Ja. Vier ?. Drei davon sogar mit Foto.<\/p>\n<p><span style=\"font-style: inherit !important; font-weight: inherit !important;\">Wir \u2013 Lukas, Tatjana, Stefan und Christine \u2013 bespielen unseren Blog unter dem Motto LACHEN LESEN LERNEN. <\/span><\/p>\n<p><span style=\"font-style: inherit !important; font-weight: inherit !important;\">Lukas kennt sich online so gut aus wie in seiner Westentasche und findet immer spannende Themen, w\u00e4hrend Stefan unseren Beitr\u00e4gen den passenden gestalterischen Rahmen gibt und Tatjana mit dem gr\u00fcnen Korrekturstift alles pr\u00fcfend be\u00e4ugt, was unsere Autorin Christine (und gern auch Gastautoren) f\u00fcr den BACKWINKEL-Blog nach ordentlicher Recherche schreibt.<\/span><\/p>\n<p>Gemeinsam suchen wir st\u00e4ndig nach neuen, aufregenden Themen rund um das Thema Bildung im Kiga, der Schule und zu Hause. Und weil Sie da an der Quelle sitzen, freuen wir uns auf Ihre konstruktiven R\u00fcckmeldungen und Anregungen an <a href=\"mailto:blog@backwinkel.de\">blog@backwinkel.de<\/a><\/p>\n<p>Viel Spa\u00df beim LACHEN LESEN LERNEN!<\/p>\n<\/div><\/div><\/section>\n<\/div><br \/>\n\n<style type=\"text\/css\" data-created_by=\"avia_inline_auto\" id=\"style-css-av-6l430c-1876d6a834ca2a31f0c175e82c3f51bc\">\n#top .hr.av-6l430c-1876d6a834ca2a31f0c175e82c3f51bc{\nmargin-top:10px;\nmargin-bottom:10px;\n}\n.hr.av-6l430c-1876d6a834ca2a31f0c175e82c3f51bc .hr-inner{\nwidth:500;\n}\n<\/style>\n<div  class='hr av-6l430c-1876d6a834ca2a31f0c175e82c3f51bc hr-custom  avia-builder-el-40  el_after_av_tab_container  el_before_av_heading  hr-left hr-icon-no'><span class='hr-inner inner-border-av-border-thin'><span class=\"hr-inner-style\"><\/span><\/span><\/div><br \/>\n\n<style type=\"text\/css\" data-created_by=\"avia_inline_auto\" id=\"style-css-av-4cmpgc-647d9f571f2cc5e0d23830294490f205\">\n#top .av-special-heading.av-4cmpgc-647d9f571f2cc5e0d23830294490f205{\npadding-bottom:10px;\n}\nbody .av-special-heading.av-4cmpgc-647d9f571f2cc5e0d23830294490f205 .av-special-heading-tag .heading-char{\nfont-size:25px;\n}\n.av-special-heading.av-4cmpgc-647d9f571f2cc5e0d23830294490f205 .av-subheading{\nfont-size:15px;\n}\n<\/style>\n<div  class='av-special-heading av-4cmpgc-647d9f571f2cc5e0d23830294490f205 av-special-heading-h3 blockquote modern-quote  avia-builder-el-41  el_after_av_hr  el_before_av_blog '><h3 class='av-special-heading-tag '  >PASSENDE BEITR\u00c4GE<\/h3><div class=\"special-heading-border\"><div class=\"special-heading-inner-border\"><\/div><\/div><\/div><br \/>\n<div  data-slideshow-options=\"{&quot;animation&quot;:&quot;fade&quot;,&quot;autoplay&quot;:false,&quot;loop_autoplay&quot;:&quot;once&quot;,&quot;interval&quot;:5,&quot;loop_manual&quot;:&quot;manual-endless&quot;,&quot;autoplay_stopper&quot;:false,&quot;noNavigation&quot;:false,&quot;show_slide_delay&quot;:90}\" class='avia-content-slider avia-content-grid-active avia-content-slider1 avia-content-slider-odd  avia-builder-el-42  el_after_av_heading  avia-builder-el-last  av-slideshow-ui av-control-default   av-no-slider-navigation av-slideshow-manual av-loop-once av-loop-manual-endless ' ><div class=\"avia-content-slider-inner\"><div class=\"slide-entry-wrap\"><article class='slide-entry flex_column  post-entry post-entry-18633 slide-entry-overview slide-loop-1 slide-parity-odd  av_one_third first real-thumbnail posttype-post post-format-standard' ><a href='https:\/\/www.backwinkel.de\/blog\/plastik-recyceln\/' data-rel='slide-1' class='slide-image' title='Plastik recyceln'><img decoding=\"async\" fetchpriority=\"high\" width=\"1200\" height=\"628\" src=\"https:\/\/www.backwinkel.de\/blog\/wp-content\/uploads\/2026\/04\/04_Kiga_Plastik_nachhaltig_nutzen.jpg\" class=\"wp-image-18713 avia-img-lazy-loading-not-18713 attachment-no scaling size-no scaling wp-post-image\" alt=\"\" \/><\/a><div class=\"slide-content\"><header class=\"entry-content-header\" aria-label=\"Slide: Plastik recyceln\"><h3 class='slide-entry-title entry-title ' ><a href='https:\/\/www.backwinkel.de\/blog\/plastik-recyceln\/' title='Plastik recyceln'>Plastik recyceln<\/a><\/h3><span class=\"blog-categories minor-meta\"><a href=\"https:\/\/www.backwinkel.de\/blog\/category\/kindergarten-kita\/\" rel=\"tag\">Kindergarten<\/a> <\/span><span class=\"av-vertical-delimiter\"><\/span><\/header><div class='slide-entry-excerpt entry-content' >Biokunststoff f\u00fcr St\u00fchle, Materialboxen, Spielzeug und Rucks\u00e4cke<\/div><\/div><footer class=\"entry-footer\"><div class=\"slide-meta\"><time class='slide-meta-time updated' >14. April 2026<\/time><\/div><\/footer><\/article><article class='slide-entry flex_column  post-entry post-entry-18716 slide-entry-overview slide-loop-2 slide-parity-even  av_one_third  real-thumbnail posttype-post post-format-standard' ><a href='https:\/\/www.backwinkel.de\/blog\/rechnen-im-anfangsunterricht\/' data-rel='slide-1' class='slide-image' title='Rechnen im Anfangsunterricht'><img decoding=\"async\" fetchpriority=\"high\" width=\"1200\" height=\"628\" src=\"https:\/\/www.backwinkel.de\/blog\/wp-content\/uploads\/2026\/04\/04_Schule_Rechnen_anfangsunterricht.jpg\" class=\"wp-image-18748 avia-img-lazy-loading-not-18748 attachment-no scaling size-no scaling wp-post-image\" alt=\"\" \/><\/a><div class=\"slide-content\"><header class=\"entry-content-header\" aria-label=\"Slide: Rechnen im Anfangsunterricht\"><h3 class='slide-entry-title entry-title ' ><a href='https:\/\/www.backwinkel.de\/blog\/rechnen-im-anfangsunterricht\/' title='Rechnen im Anfangsunterricht'>Rechnen im Anfangsunterricht<\/a><\/h3><span class=\"blog-categories minor-meta\"><a href=\"https:\/\/www.backwinkel.de\/blog\/category\/schule-grundschule\/\" rel=\"tag\">Schule<\/a> <\/span><span class=\"av-vertical-delimiter\"><\/span><\/header><div class='slide-entry-excerpt entry-content' >Das Klassenzimmer als Lernlandschaft<\/div><\/div><footer class=\"entry-footer\"><div class=\"slide-meta\"><time class='slide-meta-time updated' >14. April 2026<\/time><\/div><\/footer><\/article><article class='slide-entry flex_column  post-entry post-entry-18372 slide-entry-overview slide-loop-3 slide-parity-odd  post-entry-last  av_one_third  real-thumbnail posttype-post post-format-standard' ><a href='https:\/\/www.backwinkel.de\/blog\/kranke-kinder-im-kindergarten\/' data-rel='slide-1' class='slide-image' title='Kranke Kinder im Kindergarten'><img decoding=\"async\" fetchpriority=\"high\" width=\"1200\" height=\"628\" src=\"https:\/\/www.backwinkel.de\/blog\/wp-content\/uploads\/2026\/03\/03_Kiga_Kranke_Kinder.jpg\" class=\"wp-image-18451 avia-img-lazy-loading-not-18451 attachment-no scaling size-no scaling wp-post-image\" alt=\"Thema: Kranke Kinder. Auf dem Bild ist ein krankes kleines M\u00e4dchen zu sehen. Eine Frau mit einem Fieberthermometer in der Hand sitzt neben ihr und hat die Hand auf der Stirn des M\u00e4dchens.\" \/><\/a><div class=\"slide-content\"><header class=\"entry-content-header\" aria-label=\"Slide: Kranke Kinder im Kindergarten\"><h3 class='slide-entry-title entry-title ' ><a href='https:\/\/www.backwinkel.de\/blog\/kranke-kinder-im-kindergarten\/' title='Kranke Kinder im Kindergarten'>Kranke Kinder im Kindergarten<\/a><\/h3><span class=\"blog-categories minor-meta\"><a href=\"https:\/\/www.backwinkel.de\/blog\/category\/kindergarten-kita\/\" rel=\"tag\">Kindergarten<\/a> <\/span><span class=\"av-vertical-delimiter\"><\/span><\/header><div class='slide-entry-excerpt entry-content' >Auswirkungen f\u00fcr Kinder, Eltern und Fachkr\u00e4fte<\/div><\/div><footer class=\"entry-footer\"><div class=\"slide-meta\"><time class='slide-meta-time updated' >9. M\u00e4rz 2026<\/time><\/div><\/footer><\/article><\/div><\/div><\/div><\/p><\/div>\n","protected":false},"excerpt":{"rendered":"<p>Erkennen und vorbeugen<\/p>\n","protected":false},"author":1,"featured_media":10102,"comment_status":"closed","ping_status":"closed","sticky":false,"template":"","format":"standard","meta":{"inline_featured_image":false,"footnotes":""},"categories":[5,6],"tags":[],"class_list":["post-10087","post","type-post","status-publish","format-standard","has-post-thumbnail","hentry","category-kindergarten-kita","category-schule-grundschule"],"yoast_head":"<!-- This site is optimized with the Yoast SEO plugin v27.4 - https:\/\/yoast.com\/product\/yoast-seo-wordpress\/ -->\n<title>Dyskalkulie verstehen - BACKWINKEL Blog<\/title>\n<meta name=\"robots\" content=\"index, follow, max-snippet:-1, max-image-preview:large, max-video-preview:-1\" \/>\n<link rel=\"canonical\" href=\"https:\/\/www.backwinkel.de\/blog\/dyskalkulie\/\" \/>\n<meta property=\"og:locale\" content=\"de_DE\" \/>\n<meta property=\"og:type\" content=\"article\" \/>\n<meta property=\"og:title\" content=\"Dyskalkulie verstehen - BACKWINKEL Blog\" \/>\n<meta property=\"og:description\" content=\"Erkennen und vorbeugen\" \/>\n<meta property=\"og:url\" content=\"https:\/\/www.backwinkel.de\/blog\/dyskalkulie\/\" \/>\n<meta property=\"og:site_name\" content=\"BACKWINKEL Blog\" \/>\n<meta property=\"article:published_time\" content=\"2022-12-12T08:20:42+00:00\" \/>\n<meta property=\"article:modified_time\" content=\"2026-04-24T07:45:13+00:00\" \/>\n<meta property=\"og:image\" content=\"https:\/\/www.backwinkel.de\/blog\/wp-content\/uploads\/2022\/12\/backwinkel-blog-dyskalkulie-kiga-anteasern.jpg\" \/>\n\t<meta property=\"og:image:width\" content=\"1200\" \/>\n\t<meta property=\"og:image:height\" content=\"628\" \/>\n\t<meta property=\"og:image:type\" content=\"image\/jpeg\" \/>\n<meta name=\"author\" content=\"admin_backwinkel\" \/>\n<meta name=\"twitter:card\" content=\"summary_large_image\" \/>\n<meta name=\"twitter:label1\" content=\"Verfasst von\" \/>\n\t<meta name=\"twitter:data1\" content=\"admin_backwinkel\" \/>\n\t<meta name=\"twitter:label2\" content=\"Gesch\u00e4tzte Lesezeit\" \/>\n\t<meta name=\"twitter:data2\" content=\"14\u00a0Minuten\" \/>\n<script type=\"application\/ld+json\" class=\"yoast-schema-graph\">{\"@context\":\"https:\\\/\\\/schema.org\",\"@graph\":[{\"@type\":\"Article\",\"@id\":\"https:\\\/\\\/www.backwinkel.de\\\/blog\\\/dyskalkulie\\\/#article\",\"isPartOf\":{\"@id\":\"https:\\\/\\\/www.backwinkel.de\\\/blog\\\/dyskalkulie\\\/\"},\"author\":{\"name\":\"admin_backwinkel\",\"@id\":\"https:\\\/\\\/www.backwinkel.de\\\/blog\\\/#\\\/schema\\\/person\\\/88b842297c0e471020a66f4476633cf2\"},\"headline\":\"Dyskalkulie verstehen\",\"datePublished\":\"2022-12-12T08:20:42+00:00\",\"dateModified\":\"2026-04-24T07:45:13+00:00\",\"mainEntityOfPage\":{\"@id\":\"https:\\\/\\\/www.backwinkel.de\\\/blog\\\/dyskalkulie\\\/\"},\"wordCount\":5017,\"image\":{\"@id\":\"https:\\\/\\\/www.backwinkel.de\\\/blog\\\/dyskalkulie\\\/#primaryimage\"},\"thumbnailUrl\":\"https:\\\/\\\/www.backwinkel.de\\\/blog\\\/wp-content\\\/uploads\\\/2022\\\/12\\\/backwinkel-blog-dyskalkulie-kiga-anteasern.jpg\",\"articleSection\":[\"Kindergarten\",\"Schule\"],\"inLanguage\":\"de\"},{\"@type\":\"WebPage\",\"@id\":\"https:\\\/\\\/www.backwinkel.de\\\/blog\\\/dyskalkulie\\\/\",\"url\":\"https:\\\/\\\/www.backwinkel.de\\\/blog\\\/dyskalkulie\\\/\",\"name\":\"Dyskalkulie verstehen - BACKWINKEL Blog\",\"isPartOf\":{\"@id\":\"https:\\\/\\\/www.backwinkel.de\\\/blog\\\/#website\"},\"primaryImageOfPage\":{\"@id\":\"https:\\\/\\\/www.backwinkel.de\\\/blog\\\/dyskalkulie\\\/#primaryimage\"},\"image\":{\"@id\":\"https:\\\/\\\/www.backwinkel.de\\\/blog\\\/dyskalkulie\\\/#primaryimage\"},\"thumbnailUrl\":\"https:\\\/\\\/www.backwinkel.de\\\/blog\\\/wp-content\\\/uploads\\\/2022\\\/12\\\/backwinkel-blog-dyskalkulie-kiga-anteasern.jpg\",\"datePublished\":\"2022-12-12T08:20:42+00:00\",\"dateModified\":\"2026-04-24T07:45:13+00:00\",\"author\":{\"@id\":\"https:\\\/\\\/www.backwinkel.de\\\/blog\\\/#\\\/schema\\\/person\\\/88b842297c0e471020a66f4476633cf2\"},\"breadcrumb\":{\"@id\":\"https:\\\/\\\/www.backwinkel.de\\\/blog\\\/dyskalkulie\\\/#breadcrumb\"},\"inLanguage\":\"de\",\"potentialAction\":[{\"@type\":\"ReadAction\",\"target\":[\"https:\\\/\\\/www.backwinkel.de\\\/blog\\\/dyskalkulie\\\/\"]}]},{\"@type\":\"ImageObject\",\"inLanguage\":\"de\",\"@id\":\"https:\\\/\\\/www.backwinkel.de\\\/blog\\\/dyskalkulie\\\/#primaryimage\",\"url\":\"https:\\\/\\\/www.backwinkel.de\\\/blog\\\/wp-content\\\/uploads\\\/2022\\\/12\\\/backwinkel-blog-dyskalkulie-kiga-anteasern.jpg\",\"contentUrl\":\"https:\\\/\\\/www.backwinkel.de\\\/blog\\\/wp-content\\\/uploads\\\/2022\\\/12\\\/backwinkel-blog-dyskalkulie-kiga-anteasern.jpg\",\"width\":1200,\"height\":628},{\"@type\":\"BreadcrumbList\",\"@id\":\"https:\\\/\\\/www.backwinkel.de\\\/blog\\\/dyskalkulie\\\/#breadcrumb\",\"itemListElement\":[{\"@type\":\"ListItem\",\"position\":1,\"name\":\"Startseite\",\"item\":\"https:\\\/\\\/blog.backwinkel.de\\\/aktuelles\\\/\"},{\"@type\":\"ListItem\",\"position\":2,\"name\":\"Dyskalkulie verstehen\"}]},{\"@type\":\"WebSite\",\"@id\":\"https:\\\/\\\/www.backwinkel.de\\\/blog\\\/#website\",\"url\":\"https:\\\/\\\/www.backwinkel.de\\\/blog\\\/\",\"name\":\"BACKWINKEL Blog\",\"description\":\"f\u00fcr Lehrer, Erzieher und Eltern\",\"potentialAction\":[{\"@type\":\"SearchAction\",\"target\":{\"@type\":\"EntryPoint\",\"urlTemplate\":\"https:\\\/\\\/www.backwinkel.de\\\/blog\\\/?s={search_term_string}\"},\"query-input\":{\"@type\":\"PropertyValueSpecification\",\"valueRequired\":true,\"valueName\":\"search_term_string\"}}],\"inLanguage\":\"de\"},{\"@type\":\"Person\",\"@id\":\"https:\\\/\\\/www.backwinkel.de\\\/blog\\\/#\\\/schema\\\/person\\\/88b842297c0e471020a66f4476633cf2\",\"name\":\"admin_backwinkel\",\"url\":\"https:\\\/\\\/www.backwinkel.de\\\/blog\\\/author\\\/admin_backwinkel\\\/\"}]}<\/script>\n<!-- \/ Yoast SEO plugin. -->","yoast_head_json":{"title":"Dyskalkulie verstehen - BACKWINKEL Blog","robots":{"index":"index","follow":"follow","max-snippet":"max-snippet:-1","max-image-preview":"max-image-preview:large","max-video-preview":"max-video-preview:-1"},"canonical":"https:\/\/www.backwinkel.de\/blog\/dyskalkulie\/","og_locale":"de_DE","og_type":"article","og_title":"Dyskalkulie verstehen - BACKWINKEL Blog","og_description":"Erkennen und vorbeugen","og_url":"https:\/\/www.backwinkel.de\/blog\/dyskalkulie\/","og_site_name":"BACKWINKEL Blog","article_published_time":"2022-12-12T08:20:42+00:00","article_modified_time":"2026-04-24T07:45:13+00:00","og_image":[{"width":1200,"height":628,"url":"https:\/\/www.backwinkel.de\/blog\/wp-content\/uploads\/2022\/12\/backwinkel-blog-dyskalkulie-kiga-anteasern.jpg","type":"image\/jpeg"}],"author":"admin_backwinkel","twitter_card":"summary_large_image","twitter_misc":{"Verfasst von":"admin_backwinkel","Gesch\u00e4tzte Lesezeit":"14\u00a0Minuten"},"schema":{"@context":"https:\/\/schema.org","@graph":[{"@type":"Article","@id":"https:\/\/www.backwinkel.de\/blog\/dyskalkulie\/#article","isPartOf":{"@id":"https:\/\/www.backwinkel.de\/blog\/dyskalkulie\/"},"author":{"name":"admin_backwinkel","@id":"https:\/\/www.backwinkel.de\/blog\/#\/schema\/person\/88b842297c0e471020a66f4476633cf2"},"headline":"Dyskalkulie verstehen","datePublished":"2022-12-12T08:20:42+00:00","dateModified":"2026-04-24T07:45:13+00:00","mainEntityOfPage":{"@id":"https:\/\/www.backwinkel.de\/blog\/dyskalkulie\/"},"wordCount":5017,"image":{"@id":"https:\/\/www.backwinkel.de\/blog\/dyskalkulie\/#primaryimage"},"thumbnailUrl":"https:\/\/www.backwinkel.de\/blog\/wp-content\/uploads\/2022\/12\/backwinkel-blog-dyskalkulie-kiga-anteasern.jpg","articleSection":["Kindergarten","Schule"],"inLanguage":"de"},{"@type":"WebPage","@id":"https:\/\/www.backwinkel.de\/blog\/dyskalkulie\/","url":"https:\/\/www.backwinkel.de\/blog\/dyskalkulie\/","name":"Dyskalkulie verstehen - BACKWINKEL Blog","isPartOf":{"@id":"https:\/\/www.backwinkel.de\/blog\/#website"},"primaryImageOfPage":{"@id":"https:\/\/www.backwinkel.de\/blog\/dyskalkulie\/#primaryimage"},"image":{"@id":"https:\/\/www.backwinkel.de\/blog\/dyskalkulie\/#primaryimage"},"thumbnailUrl":"https:\/\/www.backwinkel.de\/blog\/wp-content\/uploads\/2022\/12\/backwinkel-blog-dyskalkulie-kiga-anteasern.jpg","datePublished":"2022-12-12T08:20:42+00:00","dateModified":"2026-04-24T07:45:13+00:00","author":{"@id":"https:\/\/www.backwinkel.de\/blog\/#\/schema\/person\/88b842297c0e471020a66f4476633cf2"},"breadcrumb":{"@id":"https:\/\/www.backwinkel.de\/blog\/dyskalkulie\/#breadcrumb"},"inLanguage":"de","potentialAction":[{"@type":"ReadAction","target":["https:\/\/www.backwinkel.de\/blog\/dyskalkulie\/"]}]},{"@type":"ImageObject","inLanguage":"de","@id":"https:\/\/www.backwinkel.de\/blog\/dyskalkulie\/#primaryimage","url":"https:\/\/www.backwinkel.de\/blog\/wp-content\/uploads\/2022\/12\/backwinkel-blog-dyskalkulie-kiga-anteasern.jpg","contentUrl":"https:\/\/www.backwinkel.de\/blog\/wp-content\/uploads\/2022\/12\/backwinkel-blog-dyskalkulie-kiga-anteasern.jpg","width":1200,"height":628},{"@type":"BreadcrumbList","@id":"https:\/\/www.backwinkel.de\/blog\/dyskalkulie\/#breadcrumb","itemListElement":[{"@type":"ListItem","position":1,"name":"Startseite","item":"https:\/\/blog.backwinkel.de\/aktuelles\/"},{"@type":"ListItem","position":2,"name":"Dyskalkulie verstehen"}]},{"@type":"WebSite","@id":"https:\/\/www.backwinkel.de\/blog\/#website","url":"https:\/\/www.backwinkel.de\/blog\/","name":"BACKWINKEL Blog","description":"f\u00fcr Lehrer, Erzieher und Eltern","potentialAction":[{"@type":"SearchAction","target":{"@type":"EntryPoint","urlTemplate":"https:\/\/www.backwinkel.de\/blog\/?s={search_term_string}"},"query-input":{"@type":"PropertyValueSpecification","valueRequired":true,"valueName":"search_term_string"}}],"inLanguage":"de"},{"@type":"Person","@id":"https:\/\/www.backwinkel.de\/blog\/#\/schema\/person\/88b842297c0e471020a66f4476633cf2","name":"admin_backwinkel","url":"https:\/\/www.backwinkel.de\/blog\/author\/admin_backwinkel\/"}]}},"_links":{"self":[{"href":"https:\/\/www.backwinkel.de\/blog\/wp-json\/wp\/v2\/posts\/10087","targetHints":{"allow":["GET"]}}],"collection":[{"href":"https:\/\/www.backwinkel.de\/blog\/wp-json\/wp\/v2\/posts"}],"about":[{"href":"https:\/\/www.backwinkel.de\/blog\/wp-json\/wp\/v2\/types\/post"}],"author":[{"embeddable":true,"href":"https:\/\/www.backwinkel.de\/blog\/wp-json\/wp\/v2\/users\/1"}],"replies":[{"embeddable":true,"href":"https:\/\/www.backwinkel.de\/blog\/wp-json\/wp\/v2\/comments?post=10087"}],"version-history":[{"count":2,"href":"https:\/\/www.backwinkel.de\/blog\/wp-json\/wp\/v2\/posts\/10087\/revisions"}],"predecessor-version":[{"id":18978,"href":"https:\/\/www.backwinkel.de\/blog\/wp-json\/wp\/v2\/posts\/10087\/revisions\/18978"}],"wp:featuredmedia":[{"embeddable":true,"href":"https:\/\/www.backwinkel.de\/blog\/wp-json\/wp\/v2\/media\/10102"}],"wp:attachment":[{"href":"https:\/\/www.backwinkel.de\/blog\/wp-json\/wp\/v2\/media?parent=10087"}],"wp:term":[{"taxonomy":"category","embeddable":true,"href":"https:\/\/www.backwinkel.de\/blog\/wp-json\/wp\/v2\/categories?post=10087"},{"taxonomy":"post_tag","embeddable":true,"href":"https:\/\/www.backwinkel.de\/blog\/wp-json\/wp\/v2\/tags?post=10087"}],"curies":[{"name":"wp","href":"https:\/\/api.w.org\/{rel}","templated":true}]}}